{"id":38047,"date":"2017-08-12T13:33:55","date_gmt":"2017-08-12T16:33:55","guid":{"rendered":"http:\/\/anoticiaonline.com.br\/site\/?p=38047"},"modified":"2017-08-11T02:37:17","modified_gmt":"2017-08-11T05:37:17","slug":"obras-no-trevo-da-santa-rita-chegam-ao-fim","status":"publish","type":"post","link":"https:\/\/anoticiaonline.com.br\/site\/obras-no-trevo-da-santa-rita-chegam-ao-fim\/","title":{"rendered":"Obras no trevo da Santa Rita chegam ao fim"},"content":{"rendered":"<figure id=\"attachment_38048\" aria-describedby=\"caption-attachment-38048\" style=\"width: 290px\" class=\"wp-caption alignleft\"><a href=\"https:\/\/anoticiaonline.com.br\/site\/wp-content\/uploads\/2017\/08\/Obras-no-trevo-da-Santa-Rita-chegam-ao-fim.jpg\"><img fetchpriority=\"high\" decoding=\"async\" class=\"size-medium wp-image-38048\" src=\"https:\/\/anoticiaonline.com.br\/site\/wp-content\/uploads\/2017\/08\/Obras-no-trevo-da-Santa-Rita-chegam-ao-fim-300x200.jpg\" alt=\"\" width=\"300\" height=\"200\" srcset=\"https:\/\/anoticiaonline.com.br\/site\/wp-content\/uploads\/2017\/08\/Obras-no-trevo-da-Santa-Rita-chegam-ao-fim-300x200.jpg 300w, https:\/\/anoticiaonline.com.br\/site\/wp-content\/uploads\/2017\/08\/Obras-no-trevo-da-Santa-Rita-chegam-ao-fim-290x192.jpg 290w, https:\/\/anoticiaonline.com.br\/site\/wp-content\/uploads\/2017\/08\/Obras-no-trevo-da-Santa-Rita-chegam-ao-fim.jpg 640w\" sizes=\"(max-width: 300px) 100vw, 300px\" \/><\/a><figcaption id=\"caption-attachment-38048\" class=\"wp-caption-text\">Cr\u00e9ditos: ASCOM DEMSUR<\/figcaption><\/figure>\n<p>Depois de quase dois meses em obras, a interven\u00e7\u00e3o no trevo que liga as Ruas Santa Rita e Jos\u00e9 Augusto de Abreu, no Safira, chega ao fim.<\/p>\n<p>O objetivo da interven\u00e7\u00e3o foi acabar com o mau cheiro que incomodava moradores e comerciantes h\u00e1 muitos anos e, durante todo esse tempo, nada foi feito. Nos pr\u00f3ximos dias, o tr\u00e2nsito j\u00e1 ser\u00e1 liberado, por\u00e9m, antes disso, ser\u00e1 colocada uma camada de asfalto no local.<\/p>\n<p>No primeiro momento, t\u00e9cnicos do Departamento de \u00c1guas e Esgotos (DAE), montaram uma estrutura de madeira para garantir a seguran\u00e7a dos servidores e facilitar o andamento das obras. Em seguida, uma empresa terceirizada rompeu a laje da galeria para que os t\u00e9cnicos do Demsur tivessem acesso ao local. Depois foram instaladas tubula\u00e7\u00f5es para que os gases parassem de sair pelas bocas de lobo.<\/p>\n<p>As obras come\u00e7aram em junho, mas, anteriormente, no dia 10 de maio, o diretor de \u00c1guas e Esgotos, Gustavo Goretti, j\u00e1 havia descido \u00e0 galeria, com o suporte do Corpo de Bombeiros, para medir a quantidade de gases produzidos.\u00a0 \u201cNossa expectativa \u00e9 que os moradores e comerciantes desta regi\u00e3o n\u00e3o sofram mais com o mau cheiro\u201d, concluiu o diretor geral do Demsur, Geraldo J\u00fanior.<\/p>\n","protected":false},"excerpt":{"rendered":"<p>Depois de quase dois meses em obras, a interven\u00e7\u00e3o no trevo que liga as Ruas Santa Rita e Jos\u00e9 Augusto de Abreu, no Safira, chega ao fim. O objetivo da interven\u00e7\u00e3o foi acabar com o mau cheiro que incomodava moradores e comerciantes h\u00e1 muitos anos e, durante todo esse tempo, nada foi feito. Nos pr\u00f3ximos &#8230; <a title=\"Obras no trevo da Santa Rita chegam ao fim\" class=\"read-more\" href=\"https:\/\/anoticiaonline.com.br\/site\/obras-no-trevo-da-santa-rita-chegam-ao-fim\/\" aria-label=\"Read more about Obras no trevo da Santa Rita chegam ao fim\">Ler mais<\/a><\/p>\n","protected":false},"author":2,"featured_media":38049,"comment_status":"open","ping_status":"open","sticky":false,"template":"","format":"standard","meta":{"_acf_changed":false,"_monsterinsights_skip_tracking":false,"footnotes":""},"categories":[30],"tags":[74,164,246,893,3],"class_list":["post-38047","post","type-post","status-publish","format-standard","has-post-thumbnail","hentry","category-muriae","tag-muriae","tag-obras","tag-prefeitura","tag-santa-rita","tag-slide"],"acf":[],"aioseo_notices":[],"aioseo_head":"\n\t\t<!-- All in One SEO 5.0.0.1 - aioseo.com -->\n\t<meta name=\"description\" content=\"Depois de quase dois meses em obras, a interven\u00e7\u00e3o no trevo que liga as Ruas Santa Rita e Jos\u00e9 Augusto de Abreu, no Safira, chega ao fim. O objetivo da interven\u00e7\u00e3o foi acabar com o mau cheiro que incomodava moradores e comerciantes h\u00e1 muitos anos e, durante todo esse tempo, nada foi feito. Nos pr\u00f3ximos\" \/>\n\t<meta name=\"robots\" content=\"max-image-preview:large\" \/>\n\t<meta name=\"author\" content=\"Juliana Laviola\"\/>\n\t<link rel=\"canonical\" href=\"https:\/\/anoticiaonline.com.br\/site\/obras-no-trevo-da-santa-rita-chegam-ao-fim\/\" \/>\n\t<meta name=\"generator\" content=\"All in One SEO (AIOSEO) 5.0.0.1\" \/>\n\t\t<meta property=\"og:locale\" content=\"pt_BR\" \/>\n\t\t<meta property=\"og:site_name\" content=\"A Not\u00edcia Online - Noticias de Muria\u00e9 e regi\u00e3o\" \/>\n\t\t<meta property=\"og:type\" content=\"article\" \/>\n\t\t<meta property=\"og:title\" content=\"Obras no trevo da Santa Rita chegam ao fim - A Not\u00edcia Online\" \/>\n\t\t<meta property=\"og:description\" content=\"Depois de quase dois meses em obras, a interven\u00e7\u00e3o no trevo que liga as Ruas Santa Rita e Jos\u00e9 Augusto de Abreu, no Safira, chega ao fim. O objetivo da interven\u00e7\u00e3o foi acabar com o mau cheiro que incomodava moradores e comerciantes h\u00e1 muitos anos e, durante todo esse tempo, nada foi feito. Nos pr\u00f3ximos\" \/>\n\t\t<meta property=\"og:url\" content=\"https:\/\/anoticiaonline.com.br\/site\/obras-no-trevo-da-santa-rita-chegam-ao-fim\/\" \/>\n\t\t<meta property=\"og:image\" content=\"https:\/\/scontent-gig4-1.xx.fbcdn.net\/v\/t39.30808-1\/270437624_4564083193639691_6907940295614233970_n.jpg?stp=dst-jpg_s200x200_tt6&#038;_nc_cat=111&#038;ccb=1-7&#038;_nc_sid=f907e8&#038;_nc_ohc=SM1wRlP3lJwQ7kNvwEPuBYA&#038;_nc_oc=AdnqrjDN_BNjSSHWO-GbkIWH6fkGMLw4bqvL_NH6e2wMveX7G-rP2dAqsDSq1mJMOaY&#038;_nc_zt=24&#038;_nc_ht=scontent-gig4-1.xx&#038;_nc_gid=AoBFJeGrT1hVaew_6rchkQ&#038;oh=00_AfX7QmFGhQhG2jAllVgXCiM1ZrWgvtp80-Bfppyexh1QEg&#038;oe=689E923C\" \/>\n\t\t<meta property=\"og:image:secure_url\" content=\"https:\/\/scontent-gig4-1.xx.fbcdn.net\/v\/t39.30808-1\/270437624_4564083193639691_6907940295614233970_n.jpg?stp=dst-jpg_s200x200_tt6&#038;_nc_cat=111&#038;ccb=1-7&#038;_nc_sid=f907e8&#038;_nc_ohc=SM1wRlP3lJwQ7kNvwEPuBYA&#038;_nc_oc=AdnqrjDN_BNjSSHWO-GbkIWH6fkGMLw4bqvL_NH6e2wMveX7G-rP2dAqsDSq1mJMOaY&#038;_nc_zt=24&#038;_nc_ht=scontent-gig4-1.xx&#038;_nc_gid=AoBFJeGrT1hVaew_6rchkQ&#038;oh=00_AfX7QmFGhQhG2jAllVgXCiM1ZrWgvtp80-Bfppyexh1QEg&#038;oe=689E923C\" \/>\n\t\t<meta property=\"article:published_time\" content=\"2017-08-12T16:33:55+00:00\" \/>\n\t\t<meta property=\"article:modified_time\" content=\"2017-08-11T05:37:17+00:00\" \/>\n\t\t<meta name=\"twitter:card\" content=\"summary_large_image\" \/>\n\t\t<meta name=\"twitter:title\" content=\"Obras no trevo da Santa Rita chegam ao fim - A Not\u00edcia Online\" \/>\n\t\t<meta name=\"twitter:description\" content=\"Depois de quase dois meses em obras, a interven\u00e7\u00e3o no trevo que liga as Ruas Santa Rita e Jos\u00e9 Augusto de Abreu, no Safira, chega ao fim. O objetivo da interven\u00e7\u00e3o foi acabar com o mau cheiro que incomodava moradores e comerciantes h\u00e1 muitos anos e, durante todo esse tempo, nada foi feito. Nos pr\u00f3ximos\" \/>\n\t\t<meta name=\"twitter:image\" content=\"https:\/\/scontent-gig4-1.xx.fbcdn.net\/v\/t39.30808-1\/270437624_4564083193639691_6907940295614233970_n.jpg?stp=dst-jpg_s200x200_tt6&amp;_nc_cat=111&amp;ccb=1-7&amp;_nc_sid=f907e8&amp;_nc_ohc=SM1wRlP3lJwQ7kNvwEPuBYA&amp;_nc_oc=AdnqrjDN_BNjSSHWO-GbkIWH6fkGMLw4bqvL_NH6e2wMveX7G-rP2dAqsDSq1mJMOaY&amp;_nc_zt=24&amp;_nc_ht=scontent-gig4-1.xx&amp;_nc_gid=AoBFJeGrT1hVaew_6rchkQ&amp;oh=00_AfX7QmFGhQhG2jAllVgXCiM1ZrWgvtp80-Bfppyexh1QEg&amp;oe=689E923C\" \/>\n\t\t<script type=\"application\/ld+json\" class=\"aioseo-schema\">\n\t\t\t{\"@context\":\"https:\\\/\\\/schema.org\",\"@graph\":[{\"@type\":\"BlogPosting\",\"@id\":\"https:\\\/\\\/anoticiaonline.com.br\\\/site\\\/obras-no-trevo-da-santa-rita-chegam-ao-fim\\\/#blogposting\",\"name\":\"Obras no trevo da Santa Rita chegam ao fim - A Not\\u00edcia Online\",\"headline\":\"Obras no trevo da Santa Rita chegam ao fim\",\"author\":{\"@id\":\"https:\\\/\\\/anoticiaonline.com.br\\\/site\\\/author\\\/juliana\\\/#author\"},\"publisher\":{\"@id\":\"https:\\\/\\\/anoticiaonline.com.br\\\/site\\\/#organization\"},\"image\":{\"@type\":\"ImageObject\",\"url\":\"https:\\\/\\\/anoticiaonline.com.br\\\/site\\\/wp-content\\\/uploads\\\/2017\\\/08\\\/Obras-no-trevo-da-Santa-Rita-chegam-ao-fim-1.jpg\",\"width\":640,\"height\":427},\"datePublished\":\"2017-08-12T13:33:55-03:00\",\"dateModified\":\"2017-08-11T02:37:17-03:00\",\"inLanguage\":\"pt-BR\",\"mainEntityOfPage\":{\"@id\":\"https:\\\/\\\/anoticiaonline.com.br\\\/site\\\/obras-no-trevo-da-santa-rita-chegam-ao-fim\\\/#webpage\"},\"isPartOf\":{\"@id\":\"https:\\\/\\\/anoticiaonline.com.br\\\/site\\\/obras-no-trevo-da-santa-rita-chegam-ao-fim\\\/#webpage\"},\"articleSection\":\"Blog, Muria\\u00e9, obras, prefeitura, santa rita, slide\"},{\"@type\":\"BreadcrumbList\",\"@id\":\"https:\\\/\\\/anoticiaonline.com.br\\\/site\\\/obras-no-trevo-da-santa-rita-chegam-ao-fim\\\/#breadcrumblist\",\"itemListElement\":[{\"@type\":\"ListItem\",\"@id\":\"https:\\\/\\\/anoticiaonline.com.br\\\/site#listItem\",\"position\":1,\"name\":\"Home\",\"item\":\"https:\\\/\\\/anoticiaonline.com.br\\\/site\",\"nextItem\":{\"@type\":\"ListItem\",\"@id\":\"https:\\\/\\\/anoticiaonline.com.br\\\/site\\\/categoria\\\/muriae\\\/#listItem\",\"name\":\"Blog\"}},{\"@type\":\"ListItem\",\"@id\":\"https:\\\/\\\/anoticiaonline.com.br\\\/site\\\/categoria\\\/muriae\\\/#listItem\",\"position\":2,\"name\":\"Blog\",\"item\":\"https:\\\/\\\/anoticiaonline.com.br\\\/site\\\/categoria\\\/muriae\\\/\",\"nextItem\":{\"@type\":\"ListItem\",\"@id\":\"https:\\\/\\\/anoticiaonline.com.br\\\/site\\\/obras-no-trevo-da-santa-rita-chegam-ao-fim\\\/#listItem\",\"name\":\"Obras no trevo da Santa Rita chegam ao fim\"},\"previousItem\":{\"@type\":\"ListItem\",\"@id\":\"https:\\\/\\\/anoticiaonline.com.br\\\/site#listItem\",\"name\":\"Home\"}},{\"@type\":\"ListItem\",\"@id\":\"https:\\\/\\\/anoticiaonline.com.br\\\/site\\\/obras-no-trevo-da-santa-rita-chegam-ao-fim\\\/#listItem\",\"position\":3,\"name\":\"Obras no trevo da Santa Rita chegam ao fim\",\"previousItem\":{\"@type\":\"ListItem\",\"@id\":\"https:\\\/\\\/anoticiaonline.com.br\\\/site\\\/categoria\\\/muriae\\\/#listItem\",\"name\":\"Blog\"}}]},{\"@type\":\"Organization\",\"@id\":\"https:\\\/\\\/anoticiaonline.com.br\\\/site\\\/#organization\",\"name\":\"A Not\\u00edcia Online\",\"description\":\"Noticias de Muria\\u00e9 e regi\\u00e3o\",\"url\":\"https:\\\/\\\/anoticiaonline.com.br\\\/site\\\/\",\"logo\":{\"@type\":\"ImageObject\",\"url\":\"https:\\\/\\\/scontent-gig4-1.xx.fbcdn.net\\\/v\\\/t39.30808-1\\\/270437624_4564083193639691_6907940295614233970_n.jpg?stp=dst-jpg_s200x200_tt6&_nc_cat=111&ccb=1-7&_nc_sid=f907e8&_nc_ohc=SM1wRlP3lJwQ7kNvwEPuBYA&_nc_oc=AdnqrjDN_BNjSSHWO-GbkIWH6fkGMLw4bqvL_NH6e2wMveX7G-rP2dAqsDSq1mJMOaY&_nc_zt=24&_nc_ht=scontent-gig4-1.xx&_nc_gid=AoBFJeGrT1hVaew_6rchkQ&oh=00_AfX7QmFGhQhG2jAllVgXCiM1ZrWgvtp80-Bfppyexh1QEg&oe=689E923C\",\"@id\":\"https:\\\/\\\/anoticiaonline.com.br\\\/site\\\/obras-no-trevo-da-santa-rita-chegam-ao-fim\\\/#organizationLogo\"},\"image\":{\"@id\":\"https:\\\/\\\/anoticiaonline.com.br\\\/site\\\/obras-no-trevo-da-santa-rita-chegam-ao-fim\\\/#organizationLogo\"}},{\"@type\":\"Person\",\"@id\":\"https:\\\/\\\/anoticiaonline.com.br\\\/site\\\/author\\\/juliana\\\/#author\",\"url\":\"https:\\\/\\\/anoticiaonline.com.br\\\/site\\\/author\\\/juliana\\\/\",\"name\":\"Juliana Laviola\",\"image\":{\"@type\":\"ImageObject\",\"@id\":\"https:\\\/\\\/anoticiaonline.com.br\\\/site\\\/obras-no-trevo-da-santa-rita-chegam-ao-fim\\\/#authorImage\",\"url\":\"https:\\\/\\\/secure.gravatar.com\\\/avatar\\\/b8d45f5c699b100dfaf0e543582f38f38bf94cb7ae3a5e9abf8d891a34773335?s=96&d=mm&r=g\",\"width\":96,\"height\":96,\"caption\":\"Juliana Laviola\"}},{\"@type\":\"WebPage\",\"@id\":\"https:\\\/\\\/anoticiaonline.com.br\\\/site\\\/obras-no-trevo-da-santa-rita-chegam-ao-fim\\\/#webpage\",\"url\":\"https:\\\/\\\/anoticiaonline.com.br\\\/site\\\/obras-no-trevo-da-santa-rita-chegam-ao-fim\\\/\",\"name\":\"Obras no trevo da Santa Rita chegam ao fim - A Not\\u00edcia Online\",\"description\":\"Depois de quase dois meses em obras, a interven\\u00e7\\u00e3o no trevo que liga as Ruas Santa Rita e Jos\\u00e9 Augusto de Abreu, no Safira, chega ao fim. O objetivo da interven\\u00e7\\u00e3o foi acabar com o mau cheiro que incomodava moradores e comerciantes h\\u00e1 muitos anos e, durante todo esse tempo, nada foi feito. Nos pr\\u00f3ximos\",\"inLanguage\":\"pt-BR\",\"isPartOf\":{\"@id\":\"https:\\\/\\\/anoticiaonline.com.br\\\/site\\\/#website\"},\"breadcrumb\":{\"@id\":\"https:\\\/\\\/anoticiaonline.com.br\\\/site\\\/obras-no-trevo-da-santa-rita-chegam-ao-fim\\\/#breadcrumblist\"},\"author\":{\"@id\":\"https:\\\/\\\/anoticiaonline.com.br\\\/site\\\/author\\\/juliana\\\/#author\"},\"creator\":{\"@id\":\"https:\\\/\\\/anoticiaonline.com.br\\\/site\\\/author\\\/juliana\\\/#author\"},\"image\":{\"@type\":\"ImageObject\",\"url\":\"https:\\\/\\\/anoticiaonline.com.br\\\/site\\\/wp-content\\\/uploads\\\/2017\\\/08\\\/Obras-no-trevo-da-Santa-Rita-chegam-ao-fim-1.jpg\",\"@id\":\"https:\\\/\\\/anoticiaonline.com.br\\\/site\\\/obras-no-trevo-da-santa-rita-chegam-ao-fim\\\/#mainImage\",\"width\":640,\"height\":427},\"primaryImageOfPage\":{\"@id\":\"https:\\\/\\\/anoticiaonline.com.br\\\/site\\\/obras-no-trevo-da-santa-rita-chegam-ao-fim\\\/#mainImage\"},\"datePublished\":\"2017-08-12T13:33:55-03:00\",\"dateModified\":\"2017-08-11T02:37:17-03:00\"},{\"@type\":\"WebSite\",\"@id\":\"https:\\\/\\\/anoticiaonline.com.br\\\/site\\\/#website\",\"url\":\"https:\\\/\\\/anoticiaonline.com.br\\\/site\\\/\",\"name\":\"A Not\\u00edcia Online\",\"description\":\"Noticias de Muria\\u00e9 e regi\\u00e3o\",\"inLanguage\":\"pt-BR\",\"publisher\":{\"@id\":\"https:\\\/\\\/anoticiaonline.com.br\\\/site\\\/#organization\"}}]}\n\t\t<\/script>\n\t\t<!-- All in One SEO -->\n\n","aioseo_head_json":{"title":"Obras no trevo da Santa Rita chegam ao fim - A Not\u00edcia Online","description":"Depois de quase dois meses em obras, a interven\u00e7\u00e3o no trevo que liga as Ruas Santa Rita e Jos\u00e9 Augusto de Abreu, no Safira, chega ao fim. O objetivo da interven\u00e7\u00e3o foi acabar com o mau cheiro que incomodava moradores e comerciantes h\u00e1 muitos anos e, durante todo esse tempo, nada foi feito. Nos pr\u00f3ximos","canonical_url":"https:\/\/anoticiaonline.com.br\/site\/obras-no-trevo-da-santa-rita-chegam-ao-fim\/","robots":"max-image-preview:large","keywords":"","webmasterTools":{"miscellaneous":""},"schema":{"@context":"https:\/\/schema.org","@graph":[{"@type":"BlogPosting","@id":"https:\/\/anoticiaonline.com.br\/site\/obras-no-trevo-da-santa-rita-chegam-ao-fim\/#blogposting","name":"Obras no trevo da Santa Rita chegam ao fim - A Not\u00edcia Online","headline":"Obras no trevo da Santa Rita chegam ao fim","author":{"@id":"https:\/\/anoticiaonline.com.br\/site\/author\/juliana\/#author"},"publisher":{"@id":"https:\/\/anoticiaonline.com.br\/site\/#organization"},"image":{"@type":"ImageObject","url":"https:\/\/anoticiaonline.com.br\/site\/wp-content\/uploads\/2017\/08\/Obras-no-trevo-da-Santa-Rita-chegam-ao-fim-1.jpg","width":640,"height":427},"datePublished":"2017-08-12T13:33:55-03:00","dateModified":"2017-08-11T02:37:17-03:00","inLanguage":"pt-BR","mainEntityOfPage":{"@id":"https:\/\/anoticiaonline.com.br\/site\/obras-no-trevo-da-santa-rita-chegam-ao-fim\/#webpage"},"isPartOf":{"@id":"https:\/\/anoticiaonline.com.br\/site\/obras-no-trevo-da-santa-rita-chegam-ao-fim\/#webpage"},"articleSection":"Blog, Muria\u00e9, obras, prefeitura, santa rita, slide"},{"@type":"BreadcrumbList","@id":"https:\/\/anoticiaonline.com.br\/site\/obras-no-trevo-da-santa-rita-chegam-ao-fim\/#breadcrumblist","itemListElement":[{"@type":"ListItem","@id":"https:\/\/anoticiaonline.com.br\/site#listItem","position":1,"name":"Home","item":"https:\/\/anoticiaonline.com.br\/site","nextItem":{"@type":"ListItem","@id":"https:\/\/anoticiaonline.com.br\/site\/categoria\/muriae\/#listItem","name":"Blog"}},{"@type":"ListItem","@id":"https:\/\/anoticiaonline.com.br\/site\/categoria\/muriae\/#listItem","position":2,"name":"Blog","item":"https:\/\/anoticiaonline.com.br\/site\/categoria\/muriae\/","nextItem":{"@type":"ListItem","@id":"https:\/\/anoticiaonline.com.br\/site\/obras-no-trevo-da-santa-rita-chegam-ao-fim\/#listItem","name":"Obras no trevo da Santa Rita chegam ao fim"},"previousItem":{"@type":"ListItem","@id":"https:\/\/anoticiaonline.com.br\/site#listItem","name":"Home"}},{"@type":"ListItem","@id":"https:\/\/anoticiaonline.com.br\/site\/obras-no-trevo-da-santa-rita-chegam-ao-fim\/#listItem","position":3,"name":"Obras no trevo da Santa Rita chegam ao fim","previousItem":{"@type":"ListItem","@id":"https:\/\/anoticiaonline.com.br\/site\/categoria\/muriae\/#listItem","name":"Blog"}}]},{"@type":"Organization","@id":"https:\/\/anoticiaonline.com.br\/site\/#organization","name":"A Not\u00edcia Online","description":"Noticias de Muria\u00e9 e regi\u00e3o","url":"https:\/\/anoticiaonline.com.br\/site\/","logo":{"@type":"ImageObject","url":"https:\/\/scontent-gig4-1.xx.fbcdn.net\/v\/t39.30808-1\/270437624_4564083193639691_6907940295614233970_n.jpg?stp=dst-jpg_s200x200_tt6&_nc_cat=111&ccb=1-7&_nc_sid=f907e8&_nc_ohc=SM1wRlP3lJwQ7kNvwEPuBYA&_nc_oc=AdnqrjDN_BNjSSHWO-GbkIWH6fkGMLw4bqvL_NH6e2wMveX7G-rP2dAqsDSq1mJMOaY&_nc_zt=24&_nc_ht=scontent-gig4-1.xx&_nc_gid=AoBFJeGrT1hVaew_6rchkQ&oh=00_AfX7QmFGhQhG2jAllVgXCiM1ZrWgvtp80-Bfppyexh1QEg&oe=689E923C","@id":"https:\/\/anoticiaonline.com.br\/site\/obras-no-trevo-da-santa-rita-chegam-ao-fim\/#organizationLogo"},"image":{"@id":"https:\/\/anoticiaonline.com.br\/site\/obras-no-trevo-da-santa-rita-chegam-ao-fim\/#organizationLogo"}},{"@type":"Person","@id":"https:\/\/anoticiaonline.com.br\/site\/author\/juliana\/#author","url":"https:\/\/anoticiaonline.com.br\/site\/author\/juliana\/","name":"Juliana Laviola","image":{"@type":"ImageObject","@id":"https:\/\/anoticiaonline.com.br\/site\/obras-no-trevo-da-santa-rita-chegam-ao-fim\/#authorImage","url":"https:\/\/secure.gravatar.com\/avatar\/b8d45f5c699b100dfaf0e543582f38f38bf94cb7ae3a5e9abf8d891a34773335?s=96&d=mm&r=g","width":96,"height":96,"caption":"Juliana Laviola"}},{"@type":"WebPage","@id":"https:\/\/anoticiaonline.com.br\/site\/obras-no-trevo-da-santa-rita-chegam-ao-fim\/#webpage","url":"https:\/\/anoticiaonline.com.br\/site\/obras-no-trevo-da-santa-rita-chegam-ao-fim\/","name":"Obras no trevo da Santa Rita chegam ao fim - A Not\u00edcia Online","description":"Depois de quase dois meses em obras, a interven\u00e7\u00e3o no trevo que liga as Ruas Santa Rita e Jos\u00e9 Augusto de Abreu, no Safira, chega ao fim. O objetivo da interven\u00e7\u00e3o foi acabar com o mau cheiro que incomodava moradores e comerciantes h\u00e1 muitos anos e, durante todo esse tempo, nada foi feito. Nos pr\u00f3ximos","inLanguage":"pt-BR","isPartOf":{"@id":"https:\/\/anoticiaonline.com.br\/site\/#website"},"breadcrumb":{"@id":"https:\/\/anoticiaonline.com.br\/site\/obras-no-trevo-da-santa-rita-chegam-ao-fim\/#breadcrumblist"},"author":{"@id":"https:\/\/anoticiaonline.com.br\/site\/author\/juliana\/#author"},"creator":{"@id":"https:\/\/anoticiaonline.com.br\/site\/author\/juliana\/#author"},"image":{"@type":"ImageObject","url":"https:\/\/anoticiaonline.com.br\/site\/wp-content\/uploads\/2017\/08\/Obras-no-trevo-da-Santa-Rita-chegam-ao-fim-1.jpg","@id":"https:\/\/anoticiaonline.com.br\/site\/obras-no-trevo-da-santa-rita-chegam-ao-fim\/#mainImage","width":640,"height":427},"primaryImageOfPage":{"@id":"https:\/\/anoticiaonline.com.br\/site\/obras-no-trevo-da-santa-rita-chegam-ao-fim\/#mainImage"},"datePublished":"2017-08-12T13:33:55-03:00","dateModified":"2017-08-11T02:37:17-03:00"},{"@type":"WebSite","@id":"https:\/\/anoticiaonline.com.br\/site\/#website","url":"https:\/\/anoticiaonline.com.br\/site\/","name":"A Not\u00edcia Online","description":"Noticias de Muria\u00e9 e regi\u00e3o","inLanguage":"pt-BR","publisher":{"@id":"https:\/\/anoticiaonline.com.br\/site\/#organization"}}]},"og:locale":"pt_BR","og:site_name":"A Not\u00edcia Online - Noticias de Muria\u00e9 e regi\u00e3o","og:type":"article","og:title":"Obras no trevo da Santa Rita chegam ao fim - A Not\u00edcia Online","og:description":"Depois de quase dois meses em obras, a interven\u00e7\u00e3o no trevo que liga as Ruas Santa Rita e Jos\u00e9 Augusto de Abreu, no Safira, chega ao fim. O objetivo da interven\u00e7\u00e3o foi acabar com o mau cheiro que incomodava moradores e comerciantes h\u00e1 muitos anos e, durante todo esse tempo, nada foi feito. Nos pr\u00f3ximos","og:url":"https:\/\/anoticiaonline.com.br\/site\/obras-no-trevo-da-santa-rita-chegam-ao-fim\/","og:image":"https:\/\/scontent-gig4-1.xx.fbcdn.net\/v\/t39.30808-1\/270437624_4564083193639691_6907940295614233970_n.jpg?stp=dst-jpg_s200x200_tt6&#038;_nc_cat=111&#038;ccb=1-7&#038;_nc_sid=f907e8&#038;_nc_ohc=SM1wRlP3lJwQ7kNvwEPuBYA&#038;_nc_oc=AdnqrjDN_BNjSSHWO-GbkIWH6fkGMLw4bqvL_NH6e2wMveX7G-rP2dAqsDSq1mJMOaY&#038;_nc_zt=24&#038;_nc_ht=scontent-gig4-1.xx&#038;_nc_gid=AoBFJeGrT1hVaew_6rchkQ&#038;oh=00_AfX7QmFGhQhG2jAllVgXCiM1ZrWgvtp80-Bfppyexh1QEg&#038;oe=689E923C","og:image:secure_url":"https:\/\/scontent-gig4-1.xx.fbcdn.net\/v\/t39.30808-1\/270437624_4564083193639691_6907940295614233970_n.jpg?stp=dst-jpg_s200x200_tt6&#038;_nc_cat=111&#038;ccb=1-7&#038;_nc_sid=f907e8&#038;_nc_ohc=SM1wRlP3lJwQ7kNvwEPuBYA&#038;_nc_oc=AdnqrjDN_BNjSSHWO-GbkIWH6fkGMLw4bqvL_NH6e2wMveX7G-rP2dAqsDSq1mJMOaY&#038;_nc_zt=24&#038;_nc_ht=scontent-gig4-1.xx&#038;_nc_gid=AoBFJeGrT1hVaew_6rchkQ&#038;oh=00_AfX7QmFGhQhG2jAllVgXCiM1ZrWgvtp80-Bfppyexh1QEg&#038;oe=689E923C","article:published_time":"2017-08-12T16:33:55+00:00","article:modified_time":"2017-08-11T05:37:17+00:00","twitter:card":"summary_large_image","twitter:title":"Obras no trevo da Santa Rita chegam ao fim - A Not\u00edcia Online","twitter:description":"Depois de quase dois meses em obras, a interven\u00e7\u00e3o no trevo que liga as Ruas Santa Rita e Jos\u00e9 Augusto de Abreu, no Safira, chega ao fim. O objetivo da interven\u00e7\u00e3o foi acabar com o mau cheiro que incomodava moradores e comerciantes h\u00e1 muitos anos e, durante todo esse tempo, nada foi feito. Nos pr\u00f3ximos","twitter:image":"https:\/\/scontent-gig4-1.xx.fbcdn.net\/v\/t39.30808-1\/270437624_4564083193639691_6907940295614233970_n.jpg?stp=dst-jpg_s200x200_tt6&_nc_cat=111&ccb=1-7&_nc_sid=f907e8&_nc_ohc=SM1wRlP3lJwQ7kNvwEPuBYA&_nc_oc=AdnqrjDN_BNjSSHWO-GbkIWH6fkGMLw4bqvL_NH6e2wMveX7G-rP2dAqsDSq1mJMOaY&_nc_zt=24&_nc_ht=scontent-gig4-1.xx&_nc_gid=AoBFJeGrT1hVaew_6rchkQ&oh=00_AfX7QmFGhQhG2jAllVgXCiM1ZrWgvtp80-Bfppyexh1QEg&oe=689E923C"},"aioseo_meta_data":{"post_id":"38047","title":null,"description":null,"keywords":null,"keyphrases":null,"primary_term":null,"canonical_url":null,"og_title":null,"og_description":null,"og_object_type":"default","og_image_type":"default","og_image_url":null,"og_image_width":null,"og_image_height":null,"og_image_custom_url":null,"og_image_custom_fields":null,"og_video":null,"og_custom_url":null,"og_article_section":null,"og_article_tags":null,"twitter_use_og":false,"twitter_card":"default","twitter_image_type":"default","twitter_image_url":null,"twitter_image_custom_url":null,"twitter_image_custom_fields":null,"twitter_title":null,"twitter_description":null,"schema":{"blockGraphs":[],"customGraphs":[],"default":{"data":{"Article":[],"Course":[],"Dataset":[],"FAQPage":[],"Movie":[],"Person":[],"Product":[],"ProductReview":[],"Car":[],"Recipe":[],"Service":[],"SoftwareApplication":[],"WebPage":[]},"graphName":"","isEnabled":true},"graphs":[]},"schema_type":"default","schema_type_options":null,"pillar_content":false,"robots_default":true,"robots_noindex":false,"robots_noarchive":false,"robots_nosnippet":false,"robots_nofollow":false,"robots_noimageindex":false,"robots_noodp":false,"robots_notranslate":false,"robots_max_snippet":null,"robots_max_videopreview":null,"robots_max_imagepreview":"large","priority":null,"frequency":null,"local_seo":null,"breadcrumb_settings":null,"limit_modified_date":false,"ai":null,"created":"2025-08-16 19:12:43","updated":"2025-08-16 19:12:43","focus_keyword":null,"additional_keywords":null,"truseo_locale":null,"seo_analyzer_scan_date":null},"aioseo_breadcrumb":"<div class=\"aioseo-breadcrumbs\"><span class=\"aioseo-breadcrumb\">\n\t\t\t<a href=\"https:\/\/anoticiaonline.com.br\/site\" title=\"Home\">Home<\/a>\n\t\t<\/span><span class=\"aioseo-breadcrumb-separator\">&raquo;<\/span><span class=\"aioseo-breadcrumb\">\n\t\t\t<a href=\"https:\/\/anoticiaonline.com.br\/site\/categoria\/muriae\/\" title=\"Blog\">Blog<\/a>\n\t\t<\/span><span class=\"aioseo-breadcrumb-separator\">&raquo;<\/span><span class=\"aioseo-breadcrumb\">\n\t\t\tObras no trevo da Santa Rita chegam ao fim\n\t\t<\/span><\/div>","aioseo_breadcrumb_json":[{"label":"Home","link":"https:\/\/anoticiaonline.com.br\/site"},{"label":"Blog","link":"https:\/\/anoticiaonline.com.br\/site\/categoria\/muriae\/"},{"label":"Obras no trevo da Santa Rita chegam ao fim","link":"https:\/\/anoticiaonline.com.br\/site\/obras-no-trevo-da-santa-rita-chegam-ao-fim\/"}],"views":146,"_links":{"self":[{"href":"https:\/\/anoticiaonline.com.br\/site\/wp-json\/wp\/v2\/posts\/38047","targetHints":{"allow":["GET"]}}],"collection":[{"href":"https:\/\/anoticiaonline.com.br\/site\/wp-json\/wp\/v2\/posts"}],"about":[{"href":"https:\/\/anoticiaonline.com.br\/site\/wp-json\/wp\/v2\/types\/post"}],"author":[{"embeddable":true,"href":"https:\/\/anoticiaonline.com.br\/site\/wp-json\/wp\/v2\/users\/2"}],"replies":[{"embeddable":true,"href":"https:\/\/anoticiaonline.com.br\/site\/wp-json\/wp\/v2\/comments?post=38047"}],"version-history":[{"count":0,"href":"https:\/\/anoticiaonline.com.br\/site\/wp-json\/wp\/v2\/posts\/38047\/revisions"}],"wp:featuredmedia":[{"embeddable":true,"href":"https:\/\/anoticiaonline.com.br\/site\/wp-json\/wp\/v2\/media\/38049"}],"wp:attachment":[{"href":"https:\/\/anoticiaonline.com.br\/site\/wp-json\/wp\/v2\/media?parent=38047"}],"wp:term":[{"taxonomy":"category","embeddable":true,"href":"https:\/\/anoticiaonline.com.br\/site\/wp-json\/wp\/v2\/categories?post=38047"},{"taxonomy":"post_tag","embeddable":true,"href":"https:\/\/anoticiaonline.com.br\/site\/wp-json\/wp\/v2\/tags?post=38047"}],"curies":[{"name":"wp","href":"https:\/\/api.w.org\/{rel}","templated":true}]}}