{"id":38004,"date":"2017-08-11T15:14:54","date_gmt":"2017-08-11T18:14:54","guid":{"rendered":"http:\/\/anoticiaonline.com.br\/site\/?p=38004"},"modified":"2017-08-11T01:27:35","modified_gmt":"2017-08-11T04:27:35","slug":"defesa-civil-de-muriae-firma-parceria-com-o-corpo-de-bombeiros","status":"publish","type":"post","link":"https:\/\/anoticiaonline.com.br\/site\/defesa-civil-de-muriae-firma-parceria-com-o-corpo-de-bombeiros\/","title":{"rendered":"Defesa Civil de Muria\u00e9 firma parceria com o Corpo de Bombeiros"},"content":{"rendered":"<figure id=\"attachment_38026\" aria-describedby=\"caption-attachment-38026\" style=\"width: 290px\" class=\"wp-caption alignleft\"><a href=\"https:\/\/anoticiaonline.com.br\/site\/wp-content\/uploads\/2017\/08\/Defesa-Civil-de-Muria\u00e9-firma-parceria-com-o-Corpo-de-Bombeiros.jpg\"><img fetchpriority=\"high\" decoding=\"async\" class=\"size-medium wp-image-38026\" src=\"https:\/\/anoticiaonline.com.br\/site\/wp-content\/uploads\/2017\/08\/Defesa-Civil-de-Muria\u00e9-firma-parceria-com-o-Corpo-de-Bombeiros-300x225.jpg\" alt=\"\" width=\"300\" height=\"225\" srcset=\"https:\/\/anoticiaonline.com.br\/site\/wp-content\/uploads\/2017\/08\/Defesa-Civil-de-Muria\u00e9-firma-parceria-com-o-Corpo-de-Bombeiros-300x225.jpg 300w, https:\/\/anoticiaonline.com.br\/site\/wp-content\/uploads\/2017\/08\/Defesa-Civil-de-Muria\u00e9-firma-parceria-com-o-Corpo-de-Bombeiros.jpg 640w\" sizes=\"(max-width: 300px) 100vw, 300px\" \/><\/a><figcaption id=\"caption-attachment-38026\" class=\"wp-caption-text\">Tenente Dornelas, comandante do 2\u00ba Pelot\u00e3o do Corpo de Bombeiros de Muria\u00e9<\/figcaption><\/figure>\n<p class=\"m3915928840258578056gmail-msonospacing\" style=\"text-align: justify; background: white;\"><span style=\"color: #222222; background: white;\">Muria\u00e9 \u00e9 a primeira cidade do Estado a compartilhar a estrutura f\u00edsica da Coordenadoria Municipal de Prote\u00e7\u00e3o e Defesa Civil (COMPDEC) com uma institui\u00e7\u00e3o estadual de prote\u00e7\u00e3o e defesa civil. A parceria com o Corpo de Bombeiros faz parte de um projeto de planejamento e prepara\u00e7\u00e3o para desastres. Lan\u00e7ada na manh\u00e3 da \u00faltima quinta-feira (10), nas depend\u00eancias do 2\u00ba Pelot\u00e3o, no bairro G\u00e1vea<\/span><span style=\"color: #222222;\">. Funcionando desde o final de maio deste ano no 2\u00ba Pelot\u00e3o, a equipe da COMPDEC \u00e9 composta por quatro servidores e um militar, representante do Corpo de Bombeiros. <\/span><\/p>\n<p class=\"m3915928840258578056gmail-msonospacing\" style=\"text-align: justify; background: white;\"><span style=\"color: #222222;\">O comandante da 2\u00aa Companhia de Bombeiros Militar, \u00e0 qual o Pelot\u00e3o \u00e9 subordinado, capit\u00e3o Patrick, falou sobre a integra\u00e7\u00e3o entre a corpora\u00e7\u00e3o e a Defesa Civil. \u201cO intuito dessa uni\u00e3o \u00e9 que possamos desenvolver trabalhos preventivos, fazer a gest\u00e3o do risco de forma conjunta e trabalhar todas as fases de prote\u00e7\u00e3o e defesa civil\u201d, salientou.<\/span><\/p>\n<p class=\"m3915928840258578056gmail-msonospacing\" style=\"text-align: justify; background: white;\"><span style=\"color: #222222;\">O comandante do 2\u00ba Pelot\u00e3o do Corpo de Bombeiros de Muria\u00e9, tenente Dornelas disse que essa parceria \u00e9 um ganho para a Muria\u00e9 e regi\u00e3o. \u201cOs desastres que aqui acontecem repercutem no norte do Estado do Rio de Janeiro. O que beneficiar\u00e1 a sociedade e poder\u00e1 trocar informa\u00e7\u00f5es com o Corpo de Bombeiros do Estado vizinho\u201d, disse.<\/span><\/p>\n<p class=\"m-1362712015421378916gmail-msonospacing\" style=\"text-align: justify; background: white;\"><span style=\"color: #222222;\">O planejamento e a prepara\u00e7\u00e3o para desastres s\u00e3o capazes de reduzir o risco, o tempo de atendimento, o n\u00famero de pessoas atingidas e os gastos com as a\u00e7\u00f5es de resposta e recupera\u00e7\u00e3o. A rotina da COMPDEC vai desde a realiza\u00e7\u00e3o de vistorias e acompanhamento dos casos em que os riscos s\u00e3o mais altos, at\u00e9 as orienta\u00e7\u00f5es para as comunidades residentes nas \u00e1reas mais perigosas.<\/span><\/p>\n<p class=\"m-1362712015421378916gmail-msonospacing\" style=\"text-align: justify; background: white;\"><span style=\"color: #222222;\">O munic\u00edpio \u00e9 recorrente em desastres naturais e deve estar preparado para atuar caso eles aconte\u00e7am. A parceria com o Corpo de Bombeiros aumenta a capacidade e a qualidade do planejamento e melhora a capacita\u00e7\u00e3o dos servidores na prepara\u00e7\u00e3o para desastres. <\/span><\/p>\n","protected":false},"excerpt":{"rendered":"<p>Muria\u00e9 \u00e9 a primeira cidade do Estado a compartilhar a estrutura f\u00edsica da Coordenadoria Municipal de Prote\u00e7\u00e3o e Defesa Civil (COMPDEC) com uma institui\u00e7\u00e3o estadual de prote\u00e7\u00e3o e defesa civil. A parceria com o Corpo de Bombeiros faz parte de um projeto de planejamento e prepara\u00e7\u00e3o para desastres. Lan\u00e7ada na manh\u00e3 da \u00faltima quinta-feira (10), &#8230; <a title=\"Defesa Civil de Muria\u00e9 firma parceria com o Corpo de Bombeiros\" class=\"read-more\" href=\"https:\/\/anoticiaonline.com.br\/site\/defesa-civil-de-muriae-firma-parceria-com-o-corpo-de-bombeiros\/\" aria-label=\"Read more about Defesa Civil de Muria\u00e9 firma parceria com o Corpo de Bombeiros\">Ler mais<\/a><\/p>\n","protected":false},"author":2,"featured_media":38027,"comment_status":"open","ping_status":"open","sticky":false,"template":"","format":"standard","meta":{"_acf_changed":false,"_monsterinsights_skip_tracking":false,"footnotes":""},"categories":[30],"tags":[446,882,74,883,884,3],"class_list":["post-38004","post","type-post","status-publish","format-standard","has-post-thumbnail","hentry","category-muriae","tag-corpo-de-bombeiros","tag-defesa-civil","tag-muriae","tag-parceria-desastres","tag-salvamento","tag-slide"],"acf":[],"aioseo_notices":[],"aioseo_head":"\n\t\t<!-- All in One SEO 5.0.0.1 - aioseo.com -->\n\t<meta name=\"description\" content=\"Muria\u00e9 \u00e9 a primeira cidade do Estado a compartilhar a estrutura f\u00edsica da Coordenadoria Municipal de Prote\u00e7\u00e3o e Defesa Civil (COMPDEC) com uma institui\u00e7\u00e3o estadual de prote\u00e7\u00e3o e defesa civil. A parceria com o Corpo de Bombeiros faz parte de um projeto de planejamento e prepara\u00e7\u00e3o para desastres. Lan\u00e7ada na manh\u00e3 da \u00faltima quinta-feira (10),\" \/>\n\t<meta name=\"robots\" content=\"max-image-preview:large\" \/>\n\t<meta name=\"author\" content=\"Juliana Laviola\"\/>\n\t<link rel=\"canonical\" href=\"https:\/\/anoticiaonline.com.br\/site\/defesa-civil-de-muriae-firma-parceria-com-o-corpo-de-bombeiros\/\" \/>\n\t<meta name=\"generator\" content=\"All in One SEO (AIOSEO) 5.0.0.1\" \/>\n\t\t<meta property=\"og:locale\" content=\"pt_BR\" \/>\n\t\t<meta property=\"og:site_name\" content=\"A Not\u00edcia Online - Noticias de Muria\u00e9 e regi\u00e3o\" \/>\n\t\t<meta property=\"og:type\" content=\"article\" \/>\n\t\t<meta property=\"og:title\" content=\"Defesa Civil de Muria\u00e9 firma parceria com o Corpo de Bombeiros - A Not\u00edcia Online\" \/>\n\t\t<meta property=\"og:description\" content=\"Muria\u00e9 \u00e9 a primeira cidade do Estado a compartilhar a estrutura f\u00edsica da Coordenadoria Municipal de Prote\u00e7\u00e3o e Defesa Civil (COMPDEC) com uma institui\u00e7\u00e3o estadual de prote\u00e7\u00e3o e defesa civil. A parceria com o Corpo de Bombeiros faz parte de um projeto de planejamento e prepara\u00e7\u00e3o para desastres. Lan\u00e7ada na manh\u00e3 da \u00faltima quinta-feira (10),\" \/>\n\t\t<meta property=\"og:url\" content=\"https:\/\/anoticiaonline.com.br\/site\/defesa-civil-de-muriae-firma-parceria-com-o-corpo-de-bombeiros\/\" \/>\n\t\t<meta property=\"og:image\" content=\"https:\/\/scontent-gig4-1.xx.fbcdn.net\/v\/t39.30808-1\/270437624_4564083193639691_6907940295614233970_n.jpg?stp=dst-jpg_s200x200_tt6&#038;_nc_cat=111&#038;ccb=1-7&#038;_nc_sid=f907e8&#038;_nc_ohc=SM1wRlP3lJwQ7kNvwEPuBYA&#038;_nc_oc=AdnqrjDN_BNjSSHWO-GbkIWH6fkGMLw4bqvL_NH6e2wMveX7G-rP2dAqsDSq1mJMOaY&#038;_nc_zt=24&#038;_nc_ht=scontent-gig4-1.xx&#038;_nc_gid=AoBFJeGrT1hVaew_6rchkQ&#038;oh=00_AfX7QmFGhQhG2jAllVgXCiM1ZrWgvtp80-Bfppyexh1QEg&#038;oe=689E923C\" \/>\n\t\t<meta property=\"og:image:secure_url\" content=\"https:\/\/scontent-gig4-1.xx.fbcdn.net\/v\/t39.30808-1\/270437624_4564083193639691_6907940295614233970_n.jpg?stp=dst-jpg_s200x200_tt6&#038;_nc_cat=111&#038;ccb=1-7&#038;_nc_sid=f907e8&#038;_nc_ohc=SM1wRlP3lJwQ7kNvwEPuBYA&#038;_nc_oc=AdnqrjDN_BNjSSHWO-GbkIWH6fkGMLw4bqvL_NH6e2wMveX7G-rP2dAqsDSq1mJMOaY&#038;_nc_zt=24&#038;_nc_ht=scontent-gig4-1.xx&#038;_nc_gid=AoBFJeGrT1hVaew_6rchkQ&#038;oh=00_AfX7QmFGhQhG2jAllVgXCiM1ZrWgvtp80-Bfppyexh1QEg&#038;oe=689E923C\" \/>\n\t\t<meta property=\"article:published_time\" content=\"2017-08-11T18:14:54+00:00\" \/>\n\t\t<meta property=\"article:modified_time\" content=\"2017-08-11T04:27:35+00:00\" \/>\n\t\t<meta name=\"twitter:card\" content=\"summary_large_image\" \/>\n\t\t<meta name=\"twitter:title\" content=\"Defesa Civil de Muria\u00e9 firma parceria com o Corpo de Bombeiros - A Not\u00edcia Online\" \/>\n\t\t<meta name=\"twitter:description\" content=\"Muria\u00e9 \u00e9 a primeira cidade do Estado a compartilhar a estrutura f\u00edsica da Coordenadoria Municipal de Prote\u00e7\u00e3o e Defesa Civil (COMPDEC) com uma institui\u00e7\u00e3o estadual de prote\u00e7\u00e3o e defesa civil. A parceria com o Corpo de Bombeiros faz parte de um projeto de planejamento e prepara\u00e7\u00e3o para desastres. Lan\u00e7ada na manh\u00e3 da \u00faltima quinta-feira (10),\" \/>\n\t\t<meta name=\"twitter:image\" content=\"https:\/\/scontent-gig4-1.xx.fbcdn.net\/v\/t39.30808-1\/270437624_4564083193639691_6907940295614233970_n.jpg?stp=dst-jpg_s200x200_tt6&amp;_nc_cat=111&amp;ccb=1-7&amp;_nc_sid=f907e8&amp;_nc_ohc=SM1wRlP3lJwQ7kNvwEPuBYA&amp;_nc_oc=AdnqrjDN_BNjSSHWO-GbkIWH6fkGMLw4bqvL_NH6e2wMveX7G-rP2dAqsDSq1mJMOaY&amp;_nc_zt=24&amp;_nc_ht=scontent-gig4-1.xx&amp;_nc_gid=AoBFJeGrT1hVaew_6rchkQ&amp;oh=00_AfX7QmFGhQhG2jAllVgXCiM1ZrWgvtp80-Bfppyexh1QEg&amp;oe=689E923C\" \/>\n\t\t<script type=\"application\/ld+json\" class=\"aioseo-schema\">\n\t\t\t{\"@context\":\"https:\\\/\\\/schema.org\",\"@graph\":[{\"@type\":\"BlogPosting\",\"@id\":\"https:\\\/\\\/anoticiaonline.com.br\\\/site\\\/defesa-civil-de-muriae-firma-parceria-com-o-corpo-de-bombeiros\\\/#blogposting\",\"name\":\"Defesa Civil de Muria\\u00e9 firma parceria com o Corpo de Bombeiros - A Not\\u00edcia Online\",\"headline\":\"Defesa Civil de Muria\\u00e9 firma parceria com o Corpo de Bombeiros\",\"author\":{\"@id\":\"https:\\\/\\\/anoticiaonline.com.br\\\/site\\\/author\\\/juliana\\\/#author\"},\"publisher\":{\"@id\":\"https:\\\/\\\/anoticiaonline.com.br\\\/site\\\/#organization\"},\"image\":{\"@type\":\"ImageObject\",\"url\":\"https:\\\/\\\/anoticiaonline.com.br\\\/site\\\/wp-content\\\/uploads\\\/2017\\\/08\\\/Defesa-Civil-de-Muria\\u00e9-firma-parceria-com-o-Corpo-de-Bombeiros-1.jpg\",\"width\":640,\"height\":480},\"datePublished\":\"2017-08-11T15:14:54-03:00\",\"dateModified\":\"2017-08-11T01:27:35-03:00\",\"inLanguage\":\"pt-BR\",\"mainEntityOfPage\":{\"@id\":\"https:\\\/\\\/anoticiaonline.com.br\\\/site\\\/defesa-civil-de-muriae-firma-parceria-com-o-corpo-de-bombeiros\\\/#webpage\"},\"isPartOf\":{\"@id\":\"https:\\\/\\\/anoticiaonline.com.br\\\/site\\\/defesa-civil-de-muriae-firma-parceria-com-o-corpo-de-bombeiros\\\/#webpage\"},\"articleSection\":\"Blog, corpo de bombeiros, defesa civil, Muria\\u00e9, parceria desastres, salvamento, slide\"},{\"@type\":\"BreadcrumbList\",\"@id\":\"https:\\\/\\\/anoticiaonline.com.br\\\/site\\\/defesa-civil-de-muriae-firma-parceria-com-o-corpo-de-bombeiros\\\/#breadcrumblist\",\"itemListElement\":[{\"@type\":\"ListItem\",\"@id\":\"https:\\\/\\\/anoticiaonline.com.br\\\/site#listItem\",\"position\":1,\"name\":\"Home\",\"item\":\"https:\\\/\\\/anoticiaonline.com.br\\\/site\",\"nextItem\":{\"@type\":\"ListItem\",\"@id\":\"https:\\\/\\\/anoticiaonline.com.br\\\/site\\\/categoria\\\/muriae\\\/#listItem\",\"name\":\"Blog\"}},{\"@type\":\"ListItem\",\"@id\":\"https:\\\/\\\/anoticiaonline.com.br\\\/site\\\/categoria\\\/muriae\\\/#listItem\",\"position\":2,\"name\":\"Blog\",\"item\":\"https:\\\/\\\/anoticiaonline.com.br\\\/site\\\/categoria\\\/muriae\\\/\",\"nextItem\":{\"@type\":\"ListItem\",\"@id\":\"https:\\\/\\\/anoticiaonline.com.br\\\/site\\\/defesa-civil-de-muriae-firma-parceria-com-o-corpo-de-bombeiros\\\/#listItem\",\"name\":\"Defesa Civil de Muria\\u00e9 firma parceria com o Corpo de Bombeiros\"},\"previousItem\":{\"@type\":\"ListItem\",\"@id\":\"https:\\\/\\\/anoticiaonline.com.br\\\/site#listItem\",\"name\":\"Home\"}},{\"@type\":\"ListItem\",\"@id\":\"https:\\\/\\\/anoticiaonline.com.br\\\/site\\\/defesa-civil-de-muriae-firma-parceria-com-o-corpo-de-bombeiros\\\/#listItem\",\"position\":3,\"name\":\"Defesa Civil de Muria\\u00e9 firma parceria com o Corpo de Bombeiros\",\"previousItem\":{\"@type\":\"ListItem\",\"@id\":\"https:\\\/\\\/anoticiaonline.com.br\\\/site\\\/categoria\\\/muriae\\\/#listItem\",\"name\":\"Blog\"}}]},{\"@type\":\"Organization\",\"@id\":\"https:\\\/\\\/anoticiaonline.com.br\\\/site\\\/#organization\",\"name\":\"A Not\\u00edcia Online\",\"description\":\"Noticias de Muria\\u00e9 e regi\\u00e3o\",\"url\":\"https:\\\/\\\/anoticiaonline.com.br\\\/site\\\/\",\"logo\":{\"@type\":\"ImageObject\",\"url\":\"https:\\\/\\\/scontent-gig4-1.xx.fbcdn.net\\\/v\\\/t39.30808-1\\\/270437624_4564083193639691_6907940295614233970_n.jpg?stp=dst-jpg_s200x200_tt6&_nc_cat=111&ccb=1-7&_nc_sid=f907e8&_nc_ohc=SM1wRlP3lJwQ7kNvwEPuBYA&_nc_oc=AdnqrjDN_BNjSSHWO-GbkIWH6fkGMLw4bqvL_NH6e2wMveX7G-rP2dAqsDSq1mJMOaY&_nc_zt=24&_nc_ht=scontent-gig4-1.xx&_nc_gid=AoBFJeGrT1hVaew_6rchkQ&oh=00_AfX7QmFGhQhG2jAllVgXCiM1ZrWgvtp80-Bfppyexh1QEg&oe=689E923C\",\"@id\":\"https:\\\/\\\/anoticiaonline.com.br\\\/site\\\/defesa-civil-de-muriae-firma-parceria-com-o-corpo-de-bombeiros\\\/#organizationLogo\"},\"image\":{\"@id\":\"https:\\\/\\\/anoticiaonline.com.br\\\/site\\\/defesa-civil-de-muriae-firma-parceria-com-o-corpo-de-bombeiros\\\/#organizationLogo\"}},{\"@type\":\"Person\",\"@id\":\"https:\\\/\\\/anoticiaonline.com.br\\\/site\\\/author\\\/juliana\\\/#author\",\"url\":\"https:\\\/\\\/anoticiaonline.com.br\\\/site\\\/author\\\/juliana\\\/\",\"name\":\"Juliana Laviola\",\"image\":{\"@type\":\"ImageObject\",\"@id\":\"https:\\\/\\\/anoticiaonline.com.br\\\/site\\\/defesa-civil-de-muriae-firma-parceria-com-o-corpo-de-bombeiros\\\/#authorImage\",\"url\":\"https:\\\/\\\/secure.gravatar.com\\\/avatar\\\/b8d45f5c699b100dfaf0e543582f38f38bf94cb7ae3a5e9abf8d891a34773335?s=96&d=mm&r=g\",\"width\":96,\"height\":96,\"caption\":\"Juliana Laviola\"}},{\"@type\":\"WebPage\",\"@id\":\"https:\\\/\\\/anoticiaonline.com.br\\\/site\\\/defesa-civil-de-muriae-firma-parceria-com-o-corpo-de-bombeiros\\\/#webpage\",\"url\":\"https:\\\/\\\/anoticiaonline.com.br\\\/site\\\/defesa-civil-de-muriae-firma-parceria-com-o-corpo-de-bombeiros\\\/\",\"name\":\"Defesa Civil de Muria\\u00e9 firma parceria com o Corpo de Bombeiros - A Not\\u00edcia Online\",\"description\":\"Muria\\u00e9 \\u00e9 a primeira cidade do Estado a compartilhar a estrutura f\\u00edsica da Coordenadoria Municipal de Prote\\u00e7\\u00e3o e Defesa Civil (COMPDEC) com uma institui\\u00e7\\u00e3o estadual de prote\\u00e7\\u00e3o e defesa civil. A parceria com o Corpo de Bombeiros faz parte de um projeto de planejamento e prepara\\u00e7\\u00e3o para desastres. Lan\\u00e7ada na manh\\u00e3 da \\u00faltima quinta-feira (10),\",\"inLanguage\":\"pt-BR\",\"isPartOf\":{\"@id\":\"https:\\\/\\\/anoticiaonline.com.br\\\/site\\\/#website\"},\"breadcrumb\":{\"@id\":\"https:\\\/\\\/anoticiaonline.com.br\\\/site\\\/defesa-civil-de-muriae-firma-parceria-com-o-corpo-de-bombeiros\\\/#breadcrumblist\"},\"author\":{\"@id\":\"https:\\\/\\\/anoticiaonline.com.br\\\/site\\\/author\\\/juliana\\\/#author\"},\"creator\":{\"@id\":\"https:\\\/\\\/anoticiaonline.com.br\\\/site\\\/author\\\/juliana\\\/#author\"},\"image\":{\"@type\":\"ImageObject\",\"url\":\"https:\\\/\\\/anoticiaonline.com.br\\\/site\\\/wp-content\\\/uploads\\\/2017\\\/08\\\/Defesa-Civil-de-Muria\\u00e9-firma-parceria-com-o-Corpo-de-Bombeiros-1.jpg\",\"@id\":\"https:\\\/\\\/anoticiaonline.com.br\\\/site\\\/defesa-civil-de-muriae-firma-parceria-com-o-corpo-de-bombeiros\\\/#mainImage\",\"width\":640,\"height\":480},\"primaryImageOfPage\":{\"@id\":\"https:\\\/\\\/anoticiaonline.com.br\\\/site\\\/defesa-civil-de-muriae-firma-parceria-com-o-corpo-de-bombeiros\\\/#mainImage\"},\"datePublished\":\"2017-08-11T15:14:54-03:00\",\"dateModified\":\"2017-08-11T01:27:35-03:00\"},{\"@type\":\"WebSite\",\"@id\":\"https:\\\/\\\/anoticiaonline.com.br\\\/site\\\/#website\",\"url\":\"https:\\\/\\\/anoticiaonline.com.br\\\/site\\\/\",\"name\":\"A Not\\u00edcia Online\",\"description\":\"Noticias de Muria\\u00e9 e regi\\u00e3o\",\"inLanguage\":\"pt-BR\",\"publisher\":{\"@id\":\"https:\\\/\\\/anoticiaonline.com.br\\\/site\\\/#organization\"}}]}\n\t\t<\/script>\n\t\t<!-- All in One SEO -->\n\n","aioseo_head_json":{"title":"Defesa Civil de Muria\u00e9 firma parceria com o Corpo de Bombeiros - A Not\u00edcia Online","description":"Muria\u00e9 \u00e9 a primeira cidade do Estado a compartilhar a estrutura f\u00edsica da Coordenadoria Municipal de Prote\u00e7\u00e3o e Defesa Civil (COMPDEC) com uma institui\u00e7\u00e3o estadual de prote\u00e7\u00e3o e defesa civil. A parceria com o Corpo de Bombeiros faz parte de um projeto de planejamento e prepara\u00e7\u00e3o para desastres. Lan\u00e7ada na manh\u00e3 da \u00faltima quinta-feira (10),","canonical_url":"https:\/\/anoticiaonline.com.br\/site\/defesa-civil-de-muriae-firma-parceria-com-o-corpo-de-bombeiros\/","robots":"max-image-preview:large","keywords":"","webmasterTools":{"miscellaneous":""},"schema":{"@context":"https:\/\/schema.org","@graph":[{"@type":"BlogPosting","@id":"https:\/\/anoticiaonline.com.br\/site\/defesa-civil-de-muriae-firma-parceria-com-o-corpo-de-bombeiros\/#blogposting","name":"Defesa Civil de Muria\u00e9 firma parceria com o Corpo de Bombeiros - A Not\u00edcia Online","headline":"Defesa Civil de Muria\u00e9 firma parceria com o Corpo de Bombeiros","author":{"@id":"https:\/\/anoticiaonline.com.br\/site\/author\/juliana\/#author"},"publisher":{"@id":"https:\/\/anoticiaonline.com.br\/site\/#organization"},"image":{"@type":"ImageObject","url":"https:\/\/anoticiaonline.com.br\/site\/wp-content\/uploads\/2017\/08\/Defesa-Civil-de-Muria\u00e9-firma-parceria-com-o-Corpo-de-Bombeiros-1.jpg","width":640,"height":480},"datePublished":"2017-08-11T15:14:54-03:00","dateModified":"2017-08-11T01:27:35-03:00","inLanguage":"pt-BR","mainEntityOfPage":{"@id":"https:\/\/anoticiaonline.com.br\/site\/defesa-civil-de-muriae-firma-parceria-com-o-corpo-de-bombeiros\/#webpage"},"isPartOf":{"@id":"https:\/\/anoticiaonline.com.br\/site\/defesa-civil-de-muriae-firma-parceria-com-o-corpo-de-bombeiros\/#webpage"},"articleSection":"Blog, corpo de bombeiros, defesa civil, Muria\u00e9, parceria desastres, salvamento, slide"},{"@type":"BreadcrumbList","@id":"https:\/\/anoticiaonline.com.br\/site\/defesa-civil-de-muriae-firma-parceria-com-o-corpo-de-bombeiros\/#breadcrumblist","itemListElement":[{"@type":"ListItem","@id":"https:\/\/anoticiaonline.com.br\/site#listItem","position":1,"name":"Home","item":"https:\/\/anoticiaonline.com.br\/site","nextItem":{"@type":"ListItem","@id":"https:\/\/anoticiaonline.com.br\/site\/categoria\/muriae\/#listItem","name":"Blog"}},{"@type":"ListItem","@id":"https:\/\/anoticiaonline.com.br\/site\/categoria\/muriae\/#listItem","position":2,"name":"Blog","item":"https:\/\/anoticiaonline.com.br\/site\/categoria\/muriae\/","nextItem":{"@type":"ListItem","@id":"https:\/\/anoticiaonline.com.br\/site\/defesa-civil-de-muriae-firma-parceria-com-o-corpo-de-bombeiros\/#listItem","name":"Defesa Civil de Muria\u00e9 firma parceria com o Corpo de Bombeiros"},"previousItem":{"@type":"ListItem","@id":"https:\/\/anoticiaonline.com.br\/site#listItem","name":"Home"}},{"@type":"ListItem","@id":"https:\/\/anoticiaonline.com.br\/site\/defesa-civil-de-muriae-firma-parceria-com-o-corpo-de-bombeiros\/#listItem","position":3,"name":"Defesa Civil de Muria\u00e9 firma parceria com o Corpo de Bombeiros","previousItem":{"@type":"ListItem","@id":"https:\/\/anoticiaonline.com.br\/site\/categoria\/muriae\/#listItem","name":"Blog"}}]},{"@type":"Organization","@id":"https:\/\/anoticiaonline.com.br\/site\/#organization","name":"A Not\u00edcia Online","description":"Noticias de Muria\u00e9 e regi\u00e3o","url":"https:\/\/anoticiaonline.com.br\/site\/","logo":{"@type":"ImageObject","url":"https:\/\/scontent-gig4-1.xx.fbcdn.net\/v\/t39.30808-1\/270437624_4564083193639691_6907940295614233970_n.jpg?stp=dst-jpg_s200x200_tt6&_nc_cat=111&ccb=1-7&_nc_sid=f907e8&_nc_ohc=SM1wRlP3lJwQ7kNvwEPuBYA&_nc_oc=AdnqrjDN_BNjSSHWO-GbkIWH6fkGMLw4bqvL_NH6e2wMveX7G-rP2dAqsDSq1mJMOaY&_nc_zt=24&_nc_ht=scontent-gig4-1.xx&_nc_gid=AoBFJeGrT1hVaew_6rchkQ&oh=00_AfX7QmFGhQhG2jAllVgXCiM1ZrWgvtp80-Bfppyexh1QEg&oe=689E923C","@id":"https:\/\/anoticiaonline.com.br\/site\/defesa-civil-de-muriae-firma-parceria-com-o-corpo-de-bombeiros\/#organizationLogo"},"image":{"@id":"https:\/\/anoticiaonline.com.br\/site\/defesa-civil-de-muriae-firma-parceria-com-o-corpo-de-bombeiros\/#organizationLogo"}},{"@type":"Person","@id":"https:\/\/anoticiaonline.com.br\/site\/author\/juliana\/#author","url":"https:\/\/anoticiaonline.com.br\/site\/author\/juliana\/","name":"Juliana Laviola","image":{"@type":"ImageObject","@id":"https:\/\/anoticiaonline.com.br\/site\/defesa-civil-de-muriae-firma-parceria-com-o-corpo-de-bombeiros\/#authorImage","url":"https:\/\/secure.gravatar.com\/avatar\/b8d45f5c699b100dfaf0e543582f38f38bf94cb7ae3a5e9abf8d891a34773335?s=96&d=mm&r=g","width":96,"height":96,"caption":"Juliana Laviola"}},{"@type":"WebPage","@id":"https:\/\/anoticiaonline.com.br\/site\/defesa-civil-de-muriae-firma-parceria-com-o-corpo-de-bombeiros\/#webpage","url":"https:\/\/anoticiaonline.com.br\/site\/defesa-civil-de-muriae-firma-parceria-com-o-corpo-de-bombeiros\/","name":"Defesa Civil de Muria\u00e9 firma parceria com o Corpo de Bombeiros - A Not\u00edcia Online","description":"Muria\u00e9 \u00e9 a primeira cidade do Estado a compartilhar a estrutura f\u00edsica da Coordenadoria Municipal de Prote\u00e7\u00e3o e Defesa Civil (COMPDEC) com uma institui\u00e7\u00e3o estadual de prote\u00e7\u00e3o e defesa civil. A parceria com o Corpo de Bombeiros faz parte de um projeto de planejamento e prepara\u00e7\u00e3o para desastres. Lan\u00e7ada na manh\u00e3 da \u00faltima quinta-feira (10),","inLanguage":"pt-BR","isPartOf":{"@id":"https:\/\/anoticiaonline.com.br\/site\/#website"},"breadcrumb":{"@id":"https:\/\/anoticiaonline.com.br\/site\/defesa-civil-de-muriae-firma-parceria-com-o-corpo-de-bombeiros\/#breadcrumblist"},"author":{"@id":"https:\/\/anoticiaonline.com.br\/site\/author\/juliana\/#author"},"creator":{"@id":"https:\/\/anoticiaonline.com.br\/site\/author\/juliana\/#author"},"image":{"@type":"ImageObject","url":"https:\/\/anoticiaonline.com.br\/site\/wp-content\/uploads\/2017\/08\/Defesa-Civil-de-Muria\u00e9-firma-parceria-com-o-Corpo-de-Bombeiros-1.jpg","@id":"https:\/\/anoticiaonline.com.br\/site\/defesa-civil-de-muriae-firma-parceria-com-o-corpo-de-bombeiros\/#mainImage","width":640,"height":480},"primaryImageOfPage":{"@id":"https:\/\/anoticiaonline.com.br\/site\/defesa-civil-de-muriae-firma-parceria-com-o-corpo-de-bombeiros\/#mainImage"},"datePublished":"2017-08-11T15:14:54-03:00","dateModified":"2017-08-11T01:27:35-03:00"},{"@type":"WebSite","@id":"https:\/\/anoticiaonline.com.br\/site\/#website","url":"https:\/\/anoticiaonline.com.br\/site\/","name":"A Not\u00edcia Online","description":"Noticias de Muria\u00e9 e regi\u00e3o","inLanguage":"pt-BR","publisher":{"@id":"https:\/\/anoticiaonline.com.br\/site\/#organization"}}]},"og:locale":"pt_BR","og:site_name":"A Not\u00edcia Online - Noticias de Muria\u00e9 e regi\u00e3o","og:type":"article","og:title":"Defesa Civil de Muria\u00e9 firma parceria com o Corpo de Bombeiros - A Not\u00edcia Online","og:description":"Muria\u00e9 \u00e9 a primeira cidade do Estado a compartilhar a estrutura f\u00edsica da Coordenadoria Municipal de Prote\u00e7\u00e3o e Defesa Civil (COMPDEC) com uma institui\u00e7\u00e3o estadual de prote\u00e7\u00e3o e defesa civil. A parceria com o Corpo de Bombeiros faz parte de um projeto de planejamento e prepara\u00e7\u00e3o para desastres. Lan\u00e7ada na manh\u00e3 da \u00faltima quinta-feira (10),","og:url":"https:\/\/anoticiaonline.com.br\/site\/defesa-civil-de-muriae-firma-parceria-com-o-corpo-de-bombeiros\/","og:image":"https:\/\/scontent-gig4-1.xx.fbcdn.net\/v\/t39.30808-1\/270437624_4564083193639691_6907940295614233970_n.jpg?stp=dst-jpg_s200x200_tt6&#038;_nc_cat=111&#038;ccb=1-7&#038;_nc_sid=f907e8&#038;_nc_ohc=SM1wRlP3lJwQ7kNvwEPuBYA&#038;_nc_oc=AdnqrjDN_BNjSSHWO-GbkIWH6fkGMLw4bqvL_NH6e2wMveX7G-rP2dAqsDSq1mJMOaY&#038;_nc_zt=24&#038;_nc_ht=scontent-gig4-1.xx&#038;_nc_gid=AoBFJeGrT1hVaew_6rchkQ&#038;oh=00_AfX7QmFGhQhG2jAllVgXCiM1ZrWgvtp80-Bfppyexh1QEg&#038;oe=689E923C","og:image:secure_url":"https:\/\/scontent-gig4-1.xx.fbcdn.net\/v\/t39.30808-1\/270437624_4564083193639691_6907940295614233970_n.jpg?stp=dst-jpg_s200x200_tt6&#038;_nc_cat=111&#038;ccb=1-7&#038;_nc_sid=f907e8&#038;_nc_ohc=SM1wRlP3lJwQ7kNvwEPuBYA&#038;_nc_oc=AdnqrjDN_BNjSSHWO-GbkIWH6fkGMLw4bqvL_NH6e2wMveX7G-rP2dAqsDSq1mJMOaY&#038;_nc_zt=24&#038;_nc_ht=scontent-gig4-1.xx&#038;_nc_gid=AoBFJeGrT1hVaew_6rchkQ&#038;oh=00_AfX7QmFGhQhG2jAllVgXCiM1ZrWgvtp80-Bfppyexh1QEg&#038;oe=689E923C","article:published_time":"2017-08-11T18:14:54+00:00","article:modified_time":"2017-08-11T04:27:35+00:00","twitter:card":"summary_large_image","twitter:title":"Defesa Civil de Muria\u00e9 firma parceria com o Corpo de Bombeiros - A Not\u00edcia Online","twitter:description":"Muria\u00e9 \u00e9 a primeira cidade do Estado a compartilhar a estrutura f\u00edsica da Coordenadoria Municipal de Prote\u00e7\u00e3o e Defesa Civil (COMPDEC) com uma institui\u00e7\u00e3o estadual de prote\u00e7\u00e3o e defesa civil. A parceria com o Corpo de Bombeiros faz parte de um projeto de planejamento e prepara\u00e7\u00e3o para desastres. Lan\u00e7ada na manh\u00e3 da \u00faltima quinta-feira (10),","twitter:image":"https:\/\/scontent-gig4-1.xx.fbcdn.net\/v\/t39.30808-1\/270437624_4564083193639691_6907940295614233970_n.jpg?stp=dst-jpg_s200x200_tt6&_nc_cat=111&ccb=1-7&_nc_sid=f907e8&_nc_ohc=SM1wRlP3lJwQ7kNvwEPuBYA&_nc_oc=AdnqrjDN_BNjSSHWO-GbkIWH6fkGMLw4bqvL_NH6e2wMveX7G-rP2dAqsDSq1mJMOaY&_nc_zt=24&_nc_ht=scontent-gig4-1.xx&_nc_gid=AoBFJeGrT1hVaew_6rchkQ&oh=00_AfX7QmFGhQhG2jAllVgXCiM1ZrWgvtp80-Bfppyexh1QEg&oe=689E923C"},"aioseo_meta_data":{"post_id":"38004","title":null,"description":null,"keywords":null,"keyphrases":null,"primary_term":null,"canonical_url":null,"og_title":null,"og_description":null,"og_object_type":"default","og_image_type":"default","og_image_url":null,"og_image_width":null,"og_image_height":null,"og_image_custom_url":null,"og_image_custom_fields":null,"og_video":null,"og_custom_url":null,"og_article_section":null,"og_article_tags":null,"twitter_use_og":false,"twitter_card":"default","twitter_image_type":"default","twitter_image_url":null,"twitter_image_custom_url":null,"twitter_image_custom_fields":null,"twitter_title":null,"twitter_description":null,"schema":{"blockGraphs":[],"customGraphs":[],"default":{"data":{"Article":[],"Course":[],"Dataset":[],"FAQPage":[],"Movie":[],"Person":[],"Product":[],"ProductReview":[],"Car":[],"Recipe":[],"Service":[],"SoftwareApplication":[],"WebPage":[]},"graphName":"","isEnabled":true},"graphs":[]},"schema_type":"default","schema_type_options":null,"pillar_content":false,"robots_default":true,"robots_noindex":false,"robots_noarchive":false,"robots_nosnippet":false,"robots_nofollow":false,"robots_noimageindex":false,"robots_noodp":false,"robots_notranslate":false,"robots_max_snippet":null,"robots_max_videopreview":null,"robots_max_imagepreview":"large","priority":null,"frequency":null,"local_seo":null,"breadcrumb_settings":null,"limit_modified_date":false,"ai":null,"created":"2025-08-16 19:12:43","updated":"2025-08-16 19:12:43","focus_keyword":null,"additional_keywords":null,"truseo_locale":null,"seo_analyzer_scan_date":null},"aioseo_breadcrumb":"<div class=\"aioseo-breadcrumbs\"><span class=\"aioseo-breadcrumb\">\n\t\t\t<a href=\"https:\/\/anoticiaonline.com.br\/site\" title=\"Home\">Home<\/a>\n\t\t<\/span><span class=\"aioseo-breadcrumb-separator\">&raquo;<\/span><span class=\"aioseo-breadcrumb\">\n\t\t\t<a href=\"https:\/\/anoticiaonline.com.br\/site\/categoria\/muriae\/\" title=\"Blog\">Blog<\/a>\n\t\t<\/span><span class=\"aioseo-breadcrumb-separator\">&raquo;<\/span><span class=\"aioseo-breadcrumb\">\n\t\t\tDefesa Civil de Muria\u00e9 firma parceria com o Corpo de Bombeiros\n\t\t<\/span><\/div>","aioseo_breadcrumb_json":[{"label":"Home","link":"https:\/\/anoticiaonline.com.br\/site"},{"label":"Blog","link":"https:\/\/anoticiaonline.com.br\/site\/categoria\/muriae\/"},{"label":"Defesa Civil de Muria\u00e9 firma parceria com o Corpo de Bombeiros","link":"https:\/\/anoticiaonline.com.br\/site\/defesa-civil-de-muriae-firma-parceria-com-o-corpo-de-bombeiros\/"}],"views":121,"_links":{"self":[{"href":"https:\/\/anoticiaonline.com.br\/site\/wp-json\/wp\/v2\/posts\/38004","targetHints":{"allow":["GET"]}}],"collection":[{"href":"https:\/\/anoticiaonline.com.br\/site\/wp-json\/wp\/v2\/posts"}],"about":[{"href":"https:\/\/anoticiaonline.com.br\/site\/wp-json\/wp\/v2\/types\/post"}],"author":[{"embeddable":true,"href":"https:\/\/anoticiaonline.com.br\/site\/wp-json\/wp\/v2\/users\/2"}],"replies":[{"embeddable":true,"href":"https:\/\/anoticiaonline.com.br\/site\/wp-json\/wp\/v2\/comments?post=38004"}],"version-history":[{"count":0,"href":"https:\/\/anoticiaonline.com.br\/site\/wp-json\/wp\/v2\/posts\/38004\/revisions"}],"wp:featuredmedia":[{"embeddable":true,"href":"https:\/\/anoticiaonline.com.br\/site\/wp-json\/wp\/v2\/media\/38027"}],"wp:attachment":[{"href":"https:\/\/anoticiaonline.com.br\/site\/wp-json\/wp\/v2\/media?parent=38004"}],"wp:term":[{"taxonomy":"category","embeddable":true,"href":"https:\/\/anoticiaonline.com.br\/site\/wp-json\/wp\/v2\/categories?post=38004"},{"taxonomy":"post_tag","embeddable":true,"href":"https:\/\/anoticiaonline.com.br\/site\/wp-json\/wp\/v2\/tags?post=38004"}],"curies":[{"name":"wp","href":"https:\/\/api.w.org\/{rel}","templated":true}]}}