{"id":37567,"date":"2017-08-09T16:52:35","date_gmt":"2017-08-09T19:52:35","guid":{"rendered":"http:\/\/anoticiaonline.com.br\/site\/?p=37567"},"modified":"2017-08-09T20:11:53","modified_gmt":"2017-08-09T23:11:53","slug":"adeus-ao-empreendedor-jose-ramos-de-almeida","status":"publish","type":"post","link":"https:\/\/anoticiaonline.com.br\/site\/adeus-ao-empreendedor-jose-ramos-de-almeida\/","title":{"rendered":"Adeus ao empreendedor Jos\u00e9 Ramos de Almeida"},"content":{"rendered":"<p>Faleceu na segunda-feira (7), aos 88 anos, Jos\u00e9 Ramos de Almeida, que estava internado h\u00e1 20 dias, na Casa de Sa\u00fade Santa L\u00facia com pneumonia.<\/p>\n<p>Jos\u00e9 Ramos atuou em diversos segmentos. Foi produtor rural, comerciante, propriet\u00e1rio do Bar Estrela por 17 anos e respons\u00e1vel pela constru\u00e7\u00e3o de diversos im\u00f3veis na cidade.<\/p>\n<p>Atuou ainda como vice-presidente do Nacional Atl\u00e9tico Clube (NAC), s\u00f3cio-fundador do Colina Country Club e do Muria\u00e9 T\u00eanis Clube.<\/p>\n<p>Jos\u00e9 Ramos deixa a esposa, Maria da Gl\u00f3ria, os filhos, Antonio Eug\u00eanio e Rosane, e cinco netos.<\/p>\n","protected":false},"excerpt":{"rendered":"<p>Faleceu na segunda-feira (7), aos 88 anos, Jos\u00e9 Ramos de Almeida, que estava internado h\u00e1 20 dias, na Casa de Sa\u00fade Santa L\u00facia com pneumonia. Jos\u00e9 Ramos atuou em diversos segmentos. Foi produtor rural, comerciante, propriet\u00e1rio do Bar Estrela por 17 anos e respons\u00e1vel pela constru\u00e7\u00e3o de diversos im\u00f3veis na cidade. Atuou ainda como vice-presidente &#8230; <a title=\"Adeus ao empreendedor Jos\u00e9 Ramos de Almeida\" class=\"read-more\" href=\"https:\/\/anoticiaonline.com.br\/site\/adeus-ao-empreendedor-jose-ramos-de-almeida\/\" aria-label=\"Read more about Adeus ao empreendedor Jos\u00e9 Ramos de Almeida\">Ler mais<\/a><\/p>\n","protected":false},"author":2,"featured_media":0,"comment_status":"open","ping_status":"open","sticky":false,"template":"","format":"standard","meta":{"_acf_changed":false,"_monsterinsights_skip_tracking":false,"footnotes":""},"categories":[30],"tags":[836,74],"class_list":["post-37567","post","type-post","status-publish","format-standard","hentry","category-muriae","tag-falecimento","tag-muriae"],"acf":[],"aioseo_notices":[],"aioseo_head":"\n\t\t<!-- All in One SEO 5.0.0.1 - aioseo.com -->\n\t<meta name=\"description\" content=\"Faleceu na segunda-feira (7), aos 88 anos, Jos\u00e9 Ramos de Almeida, que estava internado h\u00e1 20 dias, na Casa de Sa\u00fade Santa L\u00facia com pneumonia. Jos\u00e9 Ramos atuou em diversos segmentos. Foi produtor rural, comerciante, propriet\u00e1rio do Bar Estrela por 17 anos e respons\u00e1vel pela constru\u00e7\u00e3o de diversos im\u00f3veis na cidade. Atuou ainda como vice-presidente\" \/>\n\t<meta name=\"robots\" content=\"max-image-preview:large\" \/>\n\t<meta name=\"author\" content=\"Juliana Laviola\"\/>\n\t<link rel=\"canonical\" href=\"https:\/\/anoticiaonline.com.br\/site\/adeus-ao-empreendedor-jose-ramos-de-almeida\/\" \/>\n\t<meta name=\"generator\" content=\"All in One SEO (AIOSEO) 5.0.0.1\" \/>\n\t\t<meta property=\"og:locale\" content=\"pt_BR\" \/>\n\t\t<meta property=\"og:site_name\" content=\"A Not\u00edcia Online - Noticias de Muria\u00e9 e regi\u00e3o\" \/>\n\t\t<meta property=\"og:type\" content=\"article\" \/>\n\t\t<meta property=\"og:title\" content=\"Adeus ao empreendedor Jos\u00e9 Ramos de Almeida - A Not\u00edcia Online\" \/>\n\t\t<meta property=\"og:description\" content=\"Faleceu na segunda-feira (7), aos 88 anos, Jos\u00e9 Ramos de Almeida, que estava internado h\u00e1 20 dias, na Casa de Sa\u00fade Santa L\u00facia com pneumonia. Jos\u00e9 Ramos atuou em diversos segmentos. Foi produtor rural, comerciante, propriet\u00e1rio do Bar Estrela por 17 anos e respons\u00e1vel pela constru\u00e7\u00e3o de diversos im\u00f3veis na cidade. Atuou ainda como vice-presidente\" \/>\n\t\t<meta property=\"og:url\" content=\"https:\/\/anoticiaonline.com.br\/site\/adeus-ao-empreendedor-jose-ramos-de-almeida\/\" \/>\n\t\t<meta property=\"og:image\" content=\"https:\/\/scontent-gig4-1.xx.fbcdn.net\/v\/t39.30808-1\/270437624_4564083193639691_6907940295614233970_n.jpg?stp=dst-jpg_s200x200_tt6&#038;_nc_cat=111&#038;ccb=1-7&#038;_nc_sid=f907e8&#038;_nc_ohc=SM1wRlP3lJwQ7kNvwEPuBYA&#038;_nc_oc=AdnqrjDN_BNjSSHWO-GbkIWH6fkGMLw4bqvL_NH6e2wMveX7G-rP2dAqsDSq1mJMOaY&#038;_nc_zt=24&#038;_nc_ht=scontent-gig4-1.xx&#038;_nc_gid=AoBFJeGrT1hVaew_6rchkQ&#038;oh=00_AfX7QmFGhQhG2jAllVgXCiM1ZrWgvtp80-Bfppyexh1QEg&#038;oe=689E923C\" \/>\n\t\t<meta property=\"og:image:secure_url\" content=\"https:\/\/scontent-gig4-1.xx.fbcdn.net\/v\/t39.30808-1\/270437624_4564083193639691_6907940295614233970_n.jpg?stp=dst-jpg_s200x200_tt6&#038;_nc_cat=111&#038;ccb=1-7&#038;_nc_sid=f907e8&#038;_nc_ohc=SM1wRlP3lJwQ7kNvwEPuBYA&#038;_nc_oc=AdnqrjDN_BNjSSHWO-GbkIWH6fkGMLw4bqvL_NH6e2wMveX7G-rP2dAqsDSq1mJMOaY&#038;_nc_zt=24&#038;_nc_ht=scontent-gig4-1.xx&#038;_nc_gid=AoBFJeGrT1hVaew_6rchkQ&#038;oh=00_AfX7QmFGhQhG2jAllVgXCiM1ZrWgvtp80-Bfppyexh1QEg&#038;oe=689E923C\" \/>\n\t\t<meta property=\"article:published_time\" content=\"2017-08-09T19:52:35+00:00\" \/>\n\t\t<meta property=\"article:modified_time\" content=\"2017-08-09T23:11:53+00:00\" \/>\n\t\t<meta name=\"twitter:card\" content=\"summary_large_image\" \/>\n\t\t<meta name=\"twitter:title\" content=\"Adeus ao empreendedor Jos\u00e9 Ramos de Almeida - A Not\u00edcia Online\" \/>\n\t\t<meta name=\"twitter:description\" content=\"Faleceu na segunda-feira (7), aos 88 anos, Jos\u00e9 Ramos de Almeida, que estava internado h\u00e1 20 dias, na Casa de Sa\u00fade Santa L\u00facia com pneumonia. Jos\u00e9 Ramos atuou em diversos segmentos. Foi produtor rural, comerciante, propriet\u00e1rio do Bar Estrela por 17 anos e respons\u00e1vel pela constru\u00e7\u00e3o de diversos im\u00f3veis na cidade. Atuou ainda como vice-presidente\" \/>\n\t\t<meta name=\"twitter:image\" content=\"https:\/\/scontent-gig4-1.xx.fbcdn.net\/v\/t39.30808-1\/270437624_4564083193639691_6907940295614233970_n.jpg?stp=dst-jpg_s200x200_tt6&amp;_nc_cat=111&amp;ccb=1-7&amp;_nc_sid=f907e8&amp;_nc_ohc=SM1wRlP3lJwQ7kNvwEPuBYA&amp;_nc_oc=AdnqrjDN_BNjSSHWO-GbkIWH6fkGMLw4bqvL_NH6e2wMveX7G-rP2dAqsDSq1mJMOaY&amp;_nc_zt=24&amp;_nc_ht=scontent-gig4-1.xx&amp;_nc_gid=AoBFJeGrT1hVaew_6rchkQ&amp;oh=00_AfX7QmFGhQhG2jAllVgXCiM1ZrWgvtp80-Bfppyexh1QEg&amp;oe=689E923C\" \/>\n\t\t<script type=\"application\/ld+json\" class=\"aioseo-schema\">\n\t\t\t{\"@context\":\"https:\\\/\\\/schema.org\",\"@graph\":[{\"@type\":\"BlogPosting\",\"@id\":\"https:\\\/\\\/anoticiaonline.com.br\\\/site\\\/adeus-ao-empreendedor-jose-ramos-de-almeida\\\/#blogposting\",\"name\":\"Adeus ao empreendedor Jos\\u00e9 Ramos de Almeida - A Not\\u00edcia Online\",\"headline\":\"Adeus ao empreendedor Jos\\u00e9 Ramos de Almeida\",\"author\":{\"@id\":\"https:\\\/\\\/anoticiaonline.com.br\\\/site\\\/author\\\/juliana\\\/#author\"},\"publisher\":{\"@id\":\"https:\\\/\\\/anoticiaonline.com.br\\\/site\\\/#organization\"},\"image\":{\"@type\":\"ImageObject\",\"url\":\"https:\\\/\\\/scontent-gig4-1.xx.fbcdn.net\\\/v\\\/t39.30808-1\\\/270437624_4564083193639691_6907940295614233970_n.jpg?stp=dst-jpg_s200x200_tt6&_nc_cat=111&ccb=1-7&_nc_sid=f907e8&_nc_ohc=SM1wRlP3lJwQ7kNvwEPuBYA&_nc_oc=AdnqrjDN_BNjSSHWO-GbkIWH6fkGMLw4bqvL_NH6e2wMveX7G-rP2dAqsDSq1mJMOaY&_nc_zt=24&_nc_ht=scontent-gig4-1.xx&_nc_gid=AoBFJeGrT1hVaew_6rchkQ&oh=00_AfX7QmFGhQhG2jAllVgXCiM1ZrWgvtp80-Bfppyexh1QEg&oe=689E923C\",\"@id\":\"https:\\\/\\\/anoticiaonline.com.br\\\/site\\\/#articleImage\"},\"datePublished\":\"2017-08-09T16:52:35-03:00\",\"dateModified\":\"2017-08-09T20:11:53-03:00\",\"inLanguage\":\"pt-BR\",\"mainEntityOfPage\":{\"@id\":\"https:\\\/\\\/anoticiaonline.com.br\\\/site\\\/adeus-ao-empreendedor-jose-ramos-de-almeida\\\/#webpage\"},\"isPartOf\":{\"@id\":\"https:\\\/\\\/anoticiaonline.com.br\\\/site\\\/adeus-ao-empreendedor-jose-ramos-de-almeida\\\/#webpage\"},\"articleSection\":\"Blog, Falecimento, Muria\\u00e9\"},{\"@type\":\"BreadcrumbList\",\"@id\":\"https:\\\/\\\/anoticiaonline.com.br\\\/site\\\/adeus-ao-empreendedor-jose-ramos-de-almeida\\\/#breadcrumblist\",\"itemListElement\":[{\"@type\":\"ListItem\",\"@id\":\"https:\\\/\\\/anoticiaonline.com.br\\\/site#listItem\",\"position\":1,\"name\":\"Home\",\"item\":\"https:\\\/\\\/anoticiaonline.com.br\\\/site\",\"nextItem\":{\"@type\":\"ListItem\",\"@id\":\"https:\\\/\\\/anoticiaonline.com.br\\\/site\\\/categoria\\\/muriae\\\/#listItem\",\"name\":\"Blog\"}},{\"@type\":\"ListItem\",\"@id\":\"https:\\\/\\\/anoticiaonline.com.br\\\/site\\\/categoria\\\/muriae\\\/#listItem\",\"position\":2,\"name\":\"Blog\",\"item\":\"https:\\\/\\\/anoticiaonline.com.br\\\/site\\\/categoria\\\/muriae\\\/\",\"nextItem\":{\"@type\":\"ListItem\",\"@id\":\"https:\\\/\\\/anoticiaonline.com.br\\\/site\\\/adeus-ao-empreendedor-jose-ramos-de-almeida\\\/#listItem\",\"name\":\"Adeus ao empreendedor Jos\\u00e9 Ramos de Almeida\"},\"previousItem\":{\"@type\":\"ListItem\",\"@id\":\"https:\\\/\\\/anoticiaonline.com.br\\\/site#listItem\",\"name\":\"Home\"}},{\"@type\":\"ListItem\",\"@id\":\"https:\\\/\\\/anoticiaonline.com.br\\\/site\\\/adeus-ao-empreendedor-jose-ramos-de-almeida\\\/#listItem\",\"position\":3,\"name\":\"Adeus ao empreendedor Jos\\u00e9 Ramos de Almeida\",\"previousItem\":{\"@type\":\"ListItem\",\"@id\":\"https:\\\/\\\/anoticiaonline.com.br\\\/site\\\/categoria\\\/muriae\\\/#listItem\",\"name\":\"Blog\"}}]},{\"@type\":\"Organization\",\"@id\":\"https:\\\/\\\/anoticiaonline.com.br\\\/site\\\/#organization\",\"name\":\"A Not\\u00edcia Online\",\"description\":\"Noticias de Muria\\u00e9 e regi\\u00e3o\",\"url\":\"https:\\\/\\\/anoticiaonline.com.br\\\/site\\\/\",\"logo\":{\"@type\":\"ImageObject\",\"url\":\"https:\\\/\\\/scontent-gig4-1.xx.fbcdn.net\\\/v\\\/t39.30808-1\\\/270437624_4564083193639691_6907940295614233970_n.jpg?stp=dst-jpg_s200x200_tt6&_nc_cat=111&ccb=1-7&_nc_sid=f907e8&_nc_ohc=SM1wRlP3lJwQ7kNvwEPuBYA&_nc_oc=AdnqrjDN_BNjSSHWO-GbkIWH6fkGMLw4bqvL_NH6e2wMveX7G-rP2dAqsDSq1mJMOaY&_nc_zt=24&_nc_ht=scontent-gig4-1.xx&_nc_gid=AoBFJeGrT1hVaew_6rchkQ&oh=00_AfX7QmFGhQhG2jAllVgXCiM1ZrWgvtp80-Bfppyexh1QEg&oe=689E923C\",\"@id\":\"https:\\\/\\\/anoticiaonline.com.br\\\/site\\\/adeus-ao-empreendedor-jose-ramos-de-almeida\\\/#organizationLogo\"},\"image\":{\"@id\":\"https:\\\/\\\/anoticiaonline.com.br\\\/site\\\/adeus-ao-empreendedor-jose-ramos-de-almeida\\\/#organizationLogo\"}},{\"@type\":\"Person\",\"@id\":\"https:\\\/\\\/anoticiaonline.com.br\\\/site\\\/author\\\/juliana\\\/#author\",\"url\":\"https:\\\/\\\/anoticiaonline.com.br\\\/site\\\/author\\\/juliana\\\/\",\"name\":\"Juliana Laviola\",\"image\":{\"@type\":\"ImageObject\",\"@id\":\"https:\\\/\\\/anoticiaonline.com.br\\\/site\\\/adeus-ao-empreendedor-jose-ramos-de-almeida\\\/#authorImage\",\"url\":\"https:\\\/\\\/secure.gravatar.com\\\/avatar\\\/b8d45f5c699b100dfaf0e543582f38f38bf94cb7ae3a5e9abf8d891a34773335?s=96&d=mm&r=g\",\"width\":96,\"height\":96,\"caption\":\"Juliana Laviola\"}},{\"@type\":\"WebPage\",\"@id\":\"https:\\\/\\\/anoticiaonline.com.br\\\/site\\\/adeus-ao-empreendedor-jose-ramos-de-almeida\\\/#webpage\",\"url\":\"https:\\\/\\\/anoticiaonline.com.br\\\/site\\\/adeus-ao-empreendedor-jose-ramos-de-almeida\\\/\",\"name\":\"Adeus ao empreendedor Jos\\u00e9 Ramos de Almeida - A Not\\u00edcia Online\",\"description\":\"Faleceu na segunda-feira (7), aos 88 anos, Jos\\u00e9 Ramos de Almeida, que estava internado h\\u00e1 20 dias, na Casa de Sa\\u00fade Santa L\\u00facia com pneumonia. Jos\\u00e9 Ramos atuou em diversos segmentos. Foi produtor rural, comerciante, propriet\\u00e1rio do Bar Estrela por 17 anos e respons\\u00e1vel pela constru\\u00e7\\u00e3o de diversos im\\u00f3veis na cidade. Atuou ainda como vice-presidente\",\"inLanguage\":\"pt-BR\",\"isPartOf\":{\"@id\":\"https:\\\/\\\/anoticiaonline.com.br\\\/site\\\/#website\"},\"breadcrumb\":{\"@id\":\"https:\\\/\\\/anoticiaonline.com.br\\\/site\\\/adeus-ao-empreendedor-jose-ramos-de-almeida\\\/#breadcrumblist\"},\"author\":{\"@id\":\"https:\\\/\\\/anoticiaonline.com.br\\\/site\\\/author\\\/juliana\\\/#author\"},\"creator\":{\"@id\":\"https:\\\/\\\/anoticiaonline.com.br\\\/site\\\/author\\\/juliana\\\/#author\"},\"datePublished\":\"2017-08-09T16:52:35-03:00\",\"dateModified\":\"2017-08-09T20:11:53-03:00\"},{\"@type\":\"WebSite\",\"@id\":\"https:\\\/\\\/anoticiaonline.com.br\\\/site\\\/#website\",\"url\":\"https:\\\/\\\/anoticiaonline.com.br\\\/site\\\/\",\"name\":\"A Not\\u00edcia Online\",\"description\":\"Noticias de Muria\\u00e9 e regi\\u00e3o\",\"inLanguage\":\"pt-BR\",\"publisher\":{\"@id\":\"https:\\\/\\\/anoticiaonline.com.br\\\/site\\\/#organization\"}}]}\n\t\t<\/script>\n\t\t<!-- All in One SEO -->\n\n","aioseo_head_json":{"title":"Adeus ao empreendedor Jos\u00e9 Ramos de Almeida - A Not\u00edcia Online","description":"Faleceu na segunda-feira (7), aos 88 anos, Jos\u00e9 Ramos de Almeida, que estava internado h\u00e1 20 dias, na Casa de Sa\u00fade Santa L\u00facia com pneumonia. Jos\u00e9 Ramos atuou em diversos segmentos. Foi produtor rural, comerciante, propriet\u00e1rio do Bar Estrela por 17 anos e respons\u00e1vel pela constru\u00e7\u00e3o de diversos im\u00f3veis na cidade. Atuou ainda como vice-presidente","canonical_url":"https:\/\/anoticiaonline.com.br\/site\/adeus-ao-empreendedor-jose-ramos-de-almeida\/","robots":"max-image-preview:large","keywords":"","webmasterTools":{"miscellaneous":""},"schema":{"@context":"https:\/\/schema.org","@graph":[{"@type":"BlogPosting","@id":"https:\/\/anoticiaonline.com.br\/site\/adeus-ao-empreendedor-jose-ramos-de-almeida\/#blogposting","name":"Adeus ao empreendedor Jos\u00e9 Ramos de Almeida - A Not\u00edcia Online","headline":"Adeus ao empreendedor Jos\u00e9 Ramos de Almeida","author":{"@id":"https:\/\/anoticiaonline.com.br\/site\/author\/juliana\/#author"},"publisher":{"@id":"https:\/\/anoticiaonline.com.br\/site\/#organization"},"image":{"@type":"ImageObject","url":"https:\/\/scontent-gig4-1.xx.fbcdn.net\/v\/t39.30808-1\/270437624_4564083193639691_6907940295614233970_n.jpg?stp=dst-jpg_s200x200_tt6&_nc_cat=111&ccb=1-7&_nc_sid=f907e8&_nc_ohc=SM1wRlP3lJwQ7kNvwEPuBYA&_nc_oc=AdnqrjDN_BNjSSHWO-GbkIWH6fkGMLw4bqvL_NH6e2wMveX7G-rP2dAqsDSq1mJMOaY&_nc_zt=24&_nc_ht=scontent-gig4-1.xx&_nc_gid=AoBFJeGrT1hVaew_6rchkQ&oh=00_AfX7QmFGhQhG2jAllVgXCiM1ZrWgvtp80-Bfppyexh1QEg&oe=689E923C","@id":"https:\/\/anoticiaonline.com.br\/site\/#articleImage"},"datePublished":"2017-08-09T16:52:35-03:00","dateModified":"2017-08-09T20:11:53-03:00","inLanguage":"pt-BR","mainEntityOfPage":{"@id":"https:\/\/anoticiaonline.com.br\/site\/adeus-ao-empreendedor-jose-ramos-de-almeida\/#webpage"},"isPartOf":{"@id":"https:\/\/anoticiaonline.com.br\/site\/adeus-ao-empreendedor-jose-ramos-de-almeida\/#webpage"},"articleSection":"Blog, Falecimento, Muria\u00e9"},{"@type":"BreadcrumbList","@id":"https:\/\/anoticiaonline.com.br\/site\/adeus-ao-empreendedor-jose-ramos-de-almeida\/#breadcrumblist","itemListElement":[{"@type":"ListItem","@id":"https:\/\/anoticiaonline.com.br\/site#listItem","position":1,"name":"Home","item":"https:\/\/anoticiaonline.com.br\/site","nextItem":{"@type":"ListItem","@id":"https:\/\/anoticiaonline.com.br\/site\/categoria\/muriae\/#listItem","name":"Blog"}},{"@type":"ListItem","@id":"https:\/\/anoticiaonline.com.br\/site\/categoria\/muriae\/#listItem","position":2,"name":"Blog","item":"https:\/\/anoticiaonline.com.br\/site\/categoria\/muriae\/","nextItem":{"@type":"ListItem","@id":"https:\/\/anoticiaonline.com.br\/site\/adeus-ao-empreendedor-jose-ramos-de-almeida\/#listItem","name":"Adeus ao empreendedor Jos\u00e9 Ramos de Almeida"},"previousItem":{"@type":"ListItem","@id":"https:\/\/anoticiaonline.com.br\/site#listItem","name":"Home"}},{"@type":"ListItem","@id":"https:\/\/anoticiaonline.com.br\/site\/adeus-ao-empreendedor-jose-ramos-de-almeida\/#listItem","position":3,"name":"Adeus ao empreendedor Jos\u00e9 Ramos de Almeida","previousItem":{"@type":"ListItem","@id":"https:\/\/anoticiaonline.com.br\/site\/categoria\/muriae\/#listItem","name":"Blog"}}]},{"@type":"Organization","@id":"https:\/\/anoticiaonline.com.br\/site\/#organization","name":"A Not\u00edcia Online","description":"Noticias de Muria\u00e9 e regi\u00e3o","url":"https:\/\/anoticiaonline.com.br\/site\/","logo":{"@type":"ImageObject","url":"https:\/\/scontent-gig4-1.xx.fbcdn.net\/v\/t39.30808-1\/270437624_4564083193639691_6907940295614233970_n.jpg?stp=dst-jpg_s200x200_tt6&_nc_cat=111&ccb=1-7&_nc_sid=f907e8&_nc_ohc=SM1wRlP3lJwQ7kNvwEPuBYA&_nc_oc=AdnqrjDN_BNjSSHWO-GbkIWH6fkGMLw4bqvL_NH6e2wMveX7G-rP2dAqsDSq1mJMOaY&_nc_zt=24&_nc_ht=scontent-gig4-1.xx&_nc_gid=AoBFJeGrT1hVaew_6rchkQ&oh=00_AfX7QmFGhQhG2jAllVgXCiM1ZrWgvtp80-Bfppyexh1QEg&oe=689E923C","@id":"https:\/\/anoticiaonline.com.br\/site\/adeus-ao-empreendedor-jose-ramos-de-almeida\/#organizationLogo"},"image":{"@id":"https:\/\/anoticiaonline.com.br\/site\/adeus-ao-empreendedor-jose-ramos-de-almeida\/#organizationLogo"}},{"@type":"Person","@id":"https:\/\/anoticiaonline.com.br\/site\/author\/juliana\/#author","url":"https:\/\/anoticiaonline.com.br\/site\/author\/juliana\/","name":"Juliana Laviola","image":{"@type":"ImageObject","@id":"https:\/\/anoticiaonline.com.br\/site\/adeus-ao-empreendedor-jose-ramos-de-almeida\/#authorImage","url":"https:\/\/secure.gravatar.com\/avatar\/b8d45f5c699b100dfaf0e543582f38f38bf94cb7ae3a5e9abf8d891a34773335?s=96&d=mm&r=g","width":96,"height":96,"caption":"Juliana Laviola"}},{"@type":"WebPage","@id":"https:\/\/anoticiaonline.com.br\/site\/adeus-ao-empreendedor-jose-ramos-de-almeida\/#webpage","url":"https:\/\/anoticiaonline.com.br\/site\/adeus-ao-empreendedor-jose-ramos-de-almeida\/","name":"Adeus ao empreendedor Jos\u00e9 Ramos de Almeida - A Not\u00edcia Online","description":"Faleceu na segunda-feira (7), aos 88 anos, Jos\u00e9 Ramos de Almeida, que estava internado h\u00e1 20 dias, na Casa de Sa\u00fade Santa L\u00facia com pneumonia. Jos\u00e9 Ramos atuou em diversos segmentos. Foi produtor rural, comerciante, propriet\u00e1rio do Bar Estrela por 17 anos e respons\u00e1vel pela constru\u00e7\u00e3o de diversos im\u00f3veis na cidade. Atuou ainda como vice-presidente","inLanguage":"pt-BR","isPartOf":{"@id":"https:\/\/anoticiaonline.com.br\/site\/#website"},"breadcrumb":{"@id":"https:\/\/anoticiaonline.com.br\/site\/adeus-ao-empreendedor-jose-ramos-de-almeida\/#breadcrumblist"},"author":{"@id":"https:\/\/anoticiaonline.com.br\/site\/author\/juliana\/#author"},"creator":{"@id":"https:\/\/anoticiaonline.com.br\/site\/author\/juliana\/#author"},"datePublished":"2017-08-09T16:52:35-03:00","dateModified":"2017-08-09T20:11:53-03:00"},{"@type":"WebSite","@id":"https:\/\/anoticiaonline.com.br\/site\/#website","url":"https:\/\/anoticiaonline.com.br\/site\/","name":"A Not\u00edcia Online","description":"Noticias de Muria\u00e9 e regi\u00e3o","inLanguage":"pt-BR","publisher":{"@id":"https:\/\/anoticiaonline.com.br\/site\/#organization"}}]},"og:locale":"pt_BR","og:site_name":"A Not\u00edcia Online - Noticias de Muria\u00e9 e regi\u00e3o","og:type":"article","og:title":"Adeus ao empreendedor Jos\u00e9 Ramos de Almeida - A Not\u00edcia Online","og:description":"Faleceu na segunda-feira (7), aos 88 anos, Jos\u00e9 Ramos de Almeida, que estava internado h\u00e1 20 dias, na Casa de Sa\u00fade Santa L\u00facia com pneumonia. Jos\u00e9 Ramos atuou em diversos segmentos. Foi produtor rural, comerciante, propriet\u00e1rio do Bar Estrela por 17 anos e respons\u00e1vel pela constru\u00e7\u00e3o de diversos im\u00f3veis na cidade. Atuou ainda como vice-presidente","og:url":"https:\/\/anoticiaonline.com.br\/site\/adeus-ao-empreendedor-jose-ramos-de-almeida\/","og:image":"https:\/\/scontent-gig4-1.xx.fbcdn.net\/v\/t39.30808-1\/270437624_4564083193639691_6907940295614233970_n.jpg?stp=dst-jpg_s200x200_tt6&#038;_nc_cat=111&#038;ccb=1-7&#038;_nc_sid=f907e8&#038;_nc_ohc=SM1wRlP3lJwQ7kNvwEPuBYA&#038;_nc_oc=AdnqrjDN_BNjSSHWO-GbkIWH6fkGMLw4bqvL_NH6e2wMveX7G-rP2dAqsDSq1mJMOaY&#038;_nc_zt=24&#038;_nc_ht=scontent-gig4-1.xx&#038;_nc_gid=AoBFJeGrT1hVaew_6rchkQ&#038;oh=00_AfX7QmFGhQhG2jAllVgXCiM1ZrWgvtp80-Bfppyexh1QEg&#038;oe=689E923C","og:image:secure_url":"https:\/\/scontent-gig4-1.xx.fbcdn.net\/v\/t39.30808-1\/270437624_4564083193639691_6907940295614233970_n.jpg?stp=dst-jpg_s200x200_tt6&#038;_nc_cat=111&#038;ccb=1-7&#038;_nc_sid=f907e8&#038;_nc_ohc=SM1wRlP3lJwQ7kNvwEPuBYA&#038;_nc_oc=AdnqrjDN_BNjSSHWO-GbkIWH6fkGMLw4bqvL_NH6e2wMveX7G-rP2dAqsDSq1mJMOaY&#038;_nc_zt=24&#038;_nc_ht=scontent-gig4-1.xx&#038;_nc_gid=AoBFJeGrT1hVaew_6rchkQ&#038;oh=00_AfX7QmFGhQhG2jAllVgXCiM1ZrWgvtp80-Bfppyexh1QEg&#038;oe=689E923C","article:published_time":"2017-08-09T19:52:35+00:00","article:modified_time":"2017-08-09T23:11:53+00:00","twitter:card":"summary_large_image","twitter:title":"Adeus ao empreendedor Jos\u00e9 Ramos de Almeida - A Not\u00edcia Online","twitter:description":"Faleceu na segunda-feira (7), aos 88 anos, Jos\u00e9 Ramos de Almeida, que estava internado h\u00e1 20 dias, na Casa de Sa\u00fade Santa L\u00facia com pneumonia. Jos\u00e9 Ramos atuou em diversos segmentos. Foi produtor rural, comerciante, propriet\u00e1rio do Bar Estrela por 17 anos e respons\u00e1vel pela constru\u00e7\u00e3o de diversos im\u00f3veis na cidade. Atuou ainda como vice-presidente","twitter:image":"https:\/\/scontent-gig4-1.xx.fbcdn.net\/v\/t39.30808-1\/270437624_4564083193639691_6907940295614233970_n.jpg?stp=dst-jpg_s200x200_tt6&_nc_cat=111&ccb=1-7&_nc_sid=f907e8&_nc_ohc=SM1wRlP3lJwQ7kNvwEPuBYA&_nc_oc=AdnqrjDN_BNjSSHWO-GbkIWH6fkGMLw4bqvL_NH6e2wMveX7G-rP2dAqsDSq1mJMOaY&_nc_zt=24&_nc_ht=scontent-gig4-1.xx&_nc_gid=AoBFJeGrT1hVaew_6rchkQ&oh=00_AfX7QmFGhQhG2jAllVgXCiM1ZrWgvtp80-Bfppyexh1QEg&oe=689E923C"},"aioseo_meta_data":{"post_id":"37567","title":null,"description":null,"keywords":null,"keyphrases":null,"primary_term":null,"canonical_url":null,"og_title":null,"og_description":null,"og_object_type":"default","og_image_type":"default","og_image_url":null,"og_image_width":null,"og_image_height":null,"og_image_custom_url":null,"og_image_custom_fields":null,"og_video":null,"og_custom_url":null,"og_article_section":null,"og_article_tags":null,"twitter_use_og":false,"twitter_card":"default","twitter_image_type":"default","twitter_image_url":null,"twitter_image_custom_url":null,"twitter_image_custom_fields":null,"twitter_title":null,"twitter_description":null,"schema":{"blockGraphs":[],"customGraphs":[],"default":{"data":{"Article":[],"Course":[],"Dataset":[],"FAQPage":[],"Movie":[],"Person":[],"Product":[],"ProductReview":[],"Car":[],"Recipe":[],"Service":[],"SoftwareApplication":[],"WebPage":[]},"graphName":"","isEnabled":true},"graphs":[]},"schema_type":"default","schema_type_options":null,"pillar_content":false,"robots_default":true,"robots_noindex":false,"robots_noarchive":false,"robots_nosnippet":false,"robots_nofollow":false,"robots_noimageindex":false,"robots_noodp":false,"robots_notranslate":false,"robots_max_snippet":null,"robots_max_videopreview":null,"robots_max_imagepreview":"large","priority":null,"frequency":null,"local_seo":null,"breadcrumb_settings":null,"limit_modified_date":false,"ai":null,"created":"2025-08-16 19:10:05","updated":"2025-08-16 19:10:05","focus_keyword":null,"additional_keywords":null,"truseo_locale":null,"seo_analyzer_scan_date":null},"aioseo_breadcrumb":"<div class=\"aioseo-breadcrumbs\"><span class=\"aioseo-breadcrumb\">\n\t\t\t<a href=\"https:\/\/anoticiaonline.com.br\/site\" title=\"Home\">Home<\/a>\n\t\t<\/span><span class=\"aioseo-breadcrumb-separator\">&raquo;<\/span><span class=\"aioseo-breadcrumb\">\n\t\t\t<a href=\"https:\/\/anoticiaonline.com.br\/site\/categoria\/muriae\/\" title=\"Blog\">Blog<\/a>\n\t\t<\/span><span class=\"aioseo-breadcrumb-separator\">&raquo;<\/span><span class=\"aioseo-breadcrumb\">\n\t\t\tAdeus ao empreendedor Jos\u00e9 Ramos de Almeida\n\t\t<\/span><\/div>","aioseo_breadcrumb_json":[{"label":"Home","link":"https:\/\/anoticiaonline.com.br\/site"},{"label":"Blog","link":"https:\/\/anoticiaonline.com.br\/site\/categoria\/muriae\/"},{"label":"Adeus ao empreendedor Jos\u00e9 Ramos de Almeida","link":"https:\/\/anoticiaonline.com.br\/site\/adeus-ao-empreendedor-jose-ramos-de-almeida\/"}],"views":143,"_links":{"self":[{"href":"https:\/\/anoticiaonline.com.br\/site\/wp-json\/wp\/v2\/posts\/37567","targetHints":{"allow":["GET"]}}],"collection":[{"href":"https:\/\/anoticiaonline.com.br\/site\/wp-json\/wp\/v2\/posts"}],"about":[{"href":"https:\/\/anoticiaonline.com.br\/site\/wp-json\/wp\/v2\/types\/post"}],"author":[{"embeddable":true,"href":"https:\/\/anoticiaonline.com.br\/site\/wp-json\/wp\/v2\/users\/2"}],"replies":[{"embeddable":true,"href":"https:\/\/anoticiaonline.com.br\/site\/wp-json\/wp\/v2\/comments?post=37567"}],"version-history":[{"count":0,"href":"https:\/\/anoticiaonline.com.br\/site\/wp-json\/wp\/v2\/posts\/37567\/revisions"}],"wp:attachment":[{"href":"https:\/\/anoticiaonline.com.br\/site\/wp-json\/wp\/v2\/media?parent=37567"}],"wp:term":[{"taxonomy":"category","embeddable":true,"href":"https:\/\/anoticiaonline.com.br\/site\/wp-json\/wp\/v2\/categories?post=37567"},{"taxonomy":"post_tag","embeddable":true,"href":"https:\/\/anoticiaonline.com.br\/site\/wp-json\/wp\/v2\/tags?post=37567"}],"curies":[{"name":"wp","href":"https:\/\/api.w.org\/{rel}","templated":true}]}}