{"id":37529,"date":"2017-08-04T12:42:57","date_gmt":"2017-08-04T15:42:57","guid":{"rendered":"http:\/\/anoticiaonline.com.br\/site\/?p=37529"},"modified":"2017-08-04T12:42:57","modified_gmt":"2017-08-04T15:42:57","slug":"cine-veredas-prepara-programacao-volta-as-aulas","status":"publish","type":"post","link":"https:\/\/anoticiaonline.com.br\/site\/cine-veredas-prepara-programacao-volta-as-aulas\/","title":{"rendered":"Cine Veredas prepara programa\u00e7\u00e3o \u201cVolta \u00e0s Aulas\u201d"},"content":{"rendered":"<p><a href=\"https:\/\/anoticiaonline.com.br\/site\/wp-content\/uploads\/2017\/08\/8701a690-e495-4fbd-afb5-08f103e4f14b.jpg\"><img fetchpriority=\"high\" decoding=\"async\" class=\"size-medium wp-image-37530 alignleft\" src=\"https:\/\/anoticiaonline.com.br\/site\/wp-content\/uploads\/2017\/08\/8701a690-e495-4fbd-afb5-08f103e4f14b-300x210.jpg\" alt=\"\" width=\"300\" height=\"210\" srcset=\"https:\/\/anoticiaonline.com.br\/site\/wp-content\/uploads\/2017\/08\/8701a690-e495-4fbd-afb5-08f103e4f14b-300x210.jpg 300w, https:\/\/anoticiaonline.com.br\/site\/wp-content\/uploads\/2017\/08\/8701a690-e495-4fbd-afb5-08f103e4f14b.jpg 640w\" sizes=\"(max-width: 300px) 100vw, 300px\" \/><\/a>O Cine Veredas preparou uma programa\u00e7\u00e3o especial de volta \u00e0s aulas exibindo tr\u00eas filmes at\u00e9 o dia 9 de agosto \u2013 Meu Malvado Favorito 3, Carros 3 e Transformers 5. As vendas antecipadas de ingressos s\u00e3o realizadas na Veredas Kids. Aproveite a promo\u00e7\u00e3o do combo de uma pipoca grande e dois refrigerantes por apenas R$20. Mais informa\u00e7\u00f5es podem ser obtidas pelos telefones 98819-9312 e 98865-6528.<\/p>\n<p><strong>SINOPSE DE \u201cTRANSFORMERS 5\u201d<\/strong> <strong>\u2013<\/strong> Os humanos est\u00e3o em guerra com os Transformers, que precisam se esconder na medida do poss\u00edvel. Cade Yeager (Mark Wahlberg) \u00e9 um de seus protetores, liderando um n\u00facleo de resist\u00eancia situado em um ferro-velho. \u00c9 l\u00e1 que conhece Izabella (Isabela Moner), uma garota de 15 anos que luta para proteger um pequeno rob\u00f4 defeituoso. Paralelamente, Optimus Prime viaja pelo universo rumo a Cybertron, seu planeta-natal, de forma a entender o porqu\u00ea dele ter sido destru\u00eddo. S\u00f3 que, na Terra, Megatron se prepara para um novo retorno, mais uma vez disposto a tornar os Decepticons os novos soberanos do planeta.<\/p>\n","protected":false},"excerpt":{"rendered":"<p>O Cine Veredas preparou uma programa\u00e7\u00e3o especial de volta \u00e0s aulas exibindo tr\u00eas filmes at\u00e9 o dia 9 de agosto \u2013 Meu Malvado Favorito 3, Carros 3 e Transformers 5. As vendas antecipadas de ingressos s\u00e3o realizadas na Veredas Kids. Aproveite a promo\u00e7\u00e3o do combo de uma pipoca grande e dois refrigerantes por apenas R$20. &#8230; <a title=\"Cine Veredas prepara programa\u00e7\u00e3o \u201cVolta \u00e0s Aulas\u201d\" class=\"read-more\" href=\"https:\/\/anoticiaonline.com.br\/site\/cine-veredas-prepara-programacao-volta-as-aulas\/\" aria-label=\"Read more about Cine Veredas prepara programa\u00e7\u00e3o \u201cVolta \u00e0s Aulas\u201d\">Ler mais<\/a><\/p>\n","protected":false},"author":2,"featured_media":0,"comment_status":"open","ping_status":"open","sticky":false,"template":"","format":"standard","meta":{"_acf_changed":false,"_monsterinsights_skip_tracking":false,"footnotes":""},"categories":[30,37],"tags":[161,74],"class_list":["post-37529","post","type-post","status-publish","format-standard","hentry","category-muriae","category-filmes","tag-cinema","tag-muriae"],"acf":[],"aioseo_notices":[],"aioseo_head":"\n\t\t<!-- All in One SEO 5.0.0.1 - aioseo.com -->\n\t<meta name=\"description\" content=\"O Cine Veredas preparou uma programa\u00e7\u00e3o especial de volta \u00e0s aulas exibindo tr\u00eas filmes at\u00e9 o dia 9 de agosto \u2013 Meu Malvado Favorito 3, Carros 3 e Transformers 5. As vendas antecipadas de ingressos s\u00e3o realizadas na Veredas Kids. Aproveite a promo\u00e7\u00e3o do combo de uma pipoca grande e dois refrigerantes por apenas R$20.\" \/>\n\t<meta name=\"robots\" content=\"max-image-preview:large\" \/>\n\t<meta name=\"author\" content=\"Juliana Laviola\"\/>\n\t<link rel=\"canonical\" href=\"https:\/\/anoticiaonline.com.br\/site\/cine-veredas-prepara-programacao-volta-as-aulas\/\" \/>\n\t<meta name=\"generator\" content=\"All in One SEO (AIOSEO) 5.0.0.1\" \/>\n\t\t<meta property=\"og:locale\" content=\"pt_BR\" \/>\n\t\t<meta property=\"og:site_name\" content=\"A Not\u00edcia Online - Noticias de Muria\u00e9 e regi\u00e3o\" \/>\n\t\t<meta property=\"og:type\" content=\"article\" \/>\n\t\t<meta property=\"og:title\" content=\"Cine Veredas prepara programa\u00e7\u00e3o \u201cVolta \u00e0s Aulas\u201d - A Not\u00edcia Online\" \/>\n\t\t<meta property=\"og:description\" content=\"O Cine Veredas preparou uma programa\u00e7\u00e3o especial de volta \u00e0s aulas exibindo tr\u00eas filmes at\u00e9 o dia 9 de agosto \u2013 Meu Malvado Favorito 3, Carros 3 e Transformers 5. As vendas antecipadas de ingressos s\u00e3o realizadas na Veredas Kids. Aproveite a promo\u00e7\u00e3o do combo de uma pipoca grande e dois refrigerantes por apenas R$20.\" \/>\n\t\t<meta property=\"og:url\" content=\"https:\/\/anoticiaonline.com.br\/site\/cine-veredas-prepara-programacao-volta-as-aulas\/\" \/>\n\t\t<meta property=\"og:image\" content=\"https:\/\/scontent-gig4-1.xx.fbcdn.net\/v\/t39.30808-1\/270437624_4564083193639691_6907940295614233970_n.jpg?stp=dst-jpg_s200x200_tt6&#038;_nc_cat=111&#038;ccb=1-7&#038;_nc_sid=f907e8&#038;_nc_ohc=SM1wRlP3lJwQ7kNvwEPuBYA&#038;_nc_oc=AdnqrjDN_BNjSSHWO-GbkIWH6fkGMLw4bqvL_NH6e2wMveX7G-rP2dAqsDSq1mJMOaY&#038;_nc_zt=24&#038;_nc_ht=scontent-gig4-1.xx&#038;_nc_gid=AoBFJeGrT1hVaew_6rchkQ&#038;oh=00_AfX7QmFGhQhG2jAllVgXCiM1ZrWgvtp80-Bfppyexh1QEg&#038;oe=689E923C\" \/>\n\t\t<meta property=\"og:image:secure_url\" content=\"https:\/\/scontent-gig4-1.xx.fbcdn.net\/v\/t39.30808-1\/270437624_4564083193639691_6907940295614233970_n.jpg?stp=dst-jpg_s200x200_tt6&#038;_nc_cat=111&#038;ccb=1-7&#038;_nc_sid=f907e8&#038;_nc_ohc=SM1wRlP3lJwQ7kNvwEPuBYA&#038;_nc_oc=AdnqrjDN_BNjSSHWO-GbkIWH6fkGMLw4bqvL_NH6e2wMveX7G-rP2dAqsDSq1mJMOaY&#038;_nc_zt=24&#038;_nc_ht=scontent-gig4-1.xx&#038;_nc_gid=AoBFJeGrT1hVaew_6rchkQ&#038;oh=00_AfX7QmFGhQhG2jAllVgXCiM1ZrWgvtp80-Bfppyexh1QEg&#038;oe=689E923C\" \/>\n\t\t<meta property=\"article:published_time\" content=\"2017-08-04T15:42:57+00:00\" \/>\n\t\t<meta property=\"article:modified_time\" content=\"2017-08-04T15:42:57+00:00\" \/>\n\t\t<meta name=\"twitter:card\" content=\"summary_large_image\" \/>\n\t\t<meta name=\"twitter:title\" content=\"Cine Veredas prepara programa\u00e7\u00e3o \u201cVolta \u00e0s Aulas\u201d - A Not\u00edcia Online\" \/>\n\t\t<meta name=\"twitter:description\" content=\"O Cine Veredas preparou uma programa\u00e7\u00e3o especial de volta \u00e0s aulas exibindo tr\u00eas filmes at\u00e9 o dia 9 de agosto \u2013 Meu Malvado Favorito 3, Carros 3 e Transformers 5. As vendas antecipadas de ingressos s\u00e3o realizadas na Veredas Kids. Aproveite a promo\u00e7\u00e3o do combo de uma pipoca grande e dois refrigerantes por apenas R$20.\" \/>\n\t\t<meta name=\"twitter:image\" content=\"https:\/\/scontent-gig4-1.xx.fbcdn.net\/v\/t39.30808-1\/270437624_4564083193639691_6907940295614233970_n.jpg?stp=dst-jpg_s200x200_tt6&amp;_nc_cat=111&amp;ccb=1-7&amp;_nc_sid=f907e8&amp;_nc_ohc=SM1wRlP3lJwQ7kNvwEPuBYA&amp;_nc_oc=AdnqrjDN_BNjSSHWO-GbkIWH6fkGMLw4bqvL_NH6e2wMveX7G-rP2dAqsDSq1mJMOaY&amp;_nc_zt=24&amp;_nc_ht=scontent-gig4-1.xx&amp;_nc_gid=AoBFJeGrT1hVaew_6rchkQ&amp;oh=00_AfX7QmFGhQhG2jAllVgXCiM1ZrWgvtp80-Bfppyexh1QEg&amp;oe=689E923C\" \/>\n\t\t<script type=\"application\/ld+json\" class=\"aioseo-schema\">\n\t\t\t{\"@context\":\"https:\\\/\\\/schema.org\",\"@graph\":[{\"@type\":\"BlogPosting\",\"@id\":\"https:\\\/\\\/anoticiaonline.com.br\\\/site\\\/cine-veredas-prepara-programacao-volta-as-aulas\\\/#blogposting\",\"name\":\"Cine Veredas prepara programa\\u00e7\\u00e3o \\u201cVolta \\u00e0s Aulas\\u201d - A Not\\u00edcia Online\",\"headline\":\"Cine Veredas prepara programa\\u00e7\\u00e3o \\u201cVolta \\u00e0s Aulas\\u201d\",\"author\":{\"@id\":\"https:\\\/\\\/anoticiaonline.com.br\\\/site\\\/author\\\/juliana\\\/#author\"},\"publisher\":{\"@id\":\"https:\\\/\\\/anoticiaonline.com.br\\\/site\\\/#organization\"},\"image\":{\"@type\":\"ImageObject\",\"url\":\"http:\\\/\\\/anoticiaonline.com.br\\\/site\\\/wp-content\\\/uploads\\\/2017\\\/08\\\/8701a690-e495-4fbd-afb5-08f103e4f14b-300x210.jpg\",\"@id\":\"https:\\\/\\\/anoticiaonline.com.br\\\/site\\\/cine-veredas-prepara-programacao-volta-as-aulas\\\/#articleImage\"},\"datePublished\":\"2017-08-04T12:42:57-03:00\",\"dateModified\":\"2017-08-04T12:42:57-03:00\",\"inLanguage\":\"pt-BR\",\"mainEntityOfPage\":{\"@id\":\"https:\\\/\\\/anoticiaonline.com.br\\\/site\\\/cine-veredas-prepara-programacao-volta-as-aulas\\\/#webpage\"},\"isPartOf\":{\"@id\":\"https:\\\/\\\/anoticiaonline.com.br\\\/site\\\/cine-veredas-prepara-programacao-volta-as-aulas\\\/#webpage\"},\"articleSection\":\"Blog, Filmes, cinema, Muria\\u00e9\"},{\"@type\":\"BreadcrumbList\",\"@id\":\"https:\\\/\\\/anoticiaonline.com.br\\\/site\\\/cine-veredas-prepara-programacao-volta-as-aulas\\\/#breadcrumblist\",\"itemListElement\":[{\"@type\":\"ListItem\",\"@id\":\"https:\\\/\\\/anoticiaonline.com.br\\\/site#listItem\",\"position\":1,\"name\":\"Home\",\"item\":\"https:\\\/\\\/anoticiaonline.com.br\\\/site\",\"nextItem\":{\"@type\":\"ListItem\",\"@id\":\"https:\\\/\\\/anoticiaonline.com.br\\\/site\\\/categoria\\\/colunistas\\\/#listItem\",\"name\":\"Colunistas\"}},{\"@type\":\"ListItem\",\"@id\":\"https:\\\/\\\/anoticiaonline.com.br\\\/site\\\/categoria\\\/colunistas\\\/#listItem\",\"position\":2,\"name\":\"Colunistas\",\"item\":\"https:\\\/\\\/anoticiaonline.com.br\\\/site\\\/categoria\\\/colunistas\\\/\",\"nextItem\":{\"@type\":\"ListItem\",\"@id\":\"https:\\\/\\\/anoticiaonline.com.br\\\/site\\\/categoria\\\/colunistas\\\/filmes\\\/#listItem\",\"name\":\"Filmes\"},\"previousItem\":{\"@type\":\"ListItem\",\"@id\":\"https:\\\/\\\/anoticiaonline.com.br\\\/site#listItem\",\"name\":\"Home\"}},{\"@type\":\"ListItem\",\"@id\":\"https:\\\/\\\/anoticiaonline.com.br\\\/site\\\/categoria\\\/colunistas\\\/filmes\\\/#listItem\",\"position\":3,\"name\":\"Filmes\",\"item\":\"https:\\\/\\\/anoticiaonline.com.br\\\/site\\\/categoria\\\/colunistas\\\/filmes\\\/\",\"nextItem\":{\"@type\":\"ListItem\",\"@id\":\"https:\\\/\\\/anoticiaonline.com.br\\\/site\\\/cine-veredas-prepara-programacao-volta-as-aulas\\\/#listItem\",\"name\":\"Cine Veredas prepara programa\\u00e7\\u00e3o \\u201cVolta \\u00e0s Aulas\\u201d\"},\"previousItem\":{\"@type\":\"ListItem\",\"@id\":\"https:\\\/\\\/anoticiaonline.com.br\\\/site\\\/categoria\\\/colunistas\\\/#listItem\",\"name\":\"Colunistas\"}},{\"@type\":\"ListItem\",\"@id\":\"https:\\\/\\\/anoticiaonline.com.br\\\/site\\\/cine-veredas-prepara-programacao-volta-as-aulas\\\/#listItem\",\"position\":4,\"name\":\"Cine Veredas prepara programa\\u00e7\\u00e3o \\u201cVolta \\u00e0s Aulas\\u201d\",\"previousItem\":{\"@type\":\"ListItem\",\"@id\":\"https:\\\/\\\/anoticiaonline.com.br\\\/site\\\/categoria\\\/colunistas\\\/filmes\\\/#listItem\",\"name\":\"Filmes\"}}]},{\"@type\":\"Organization\",\"@id\":\"https:\\\/\\\/anoticiaonline.com.br\\\/site\\\/#organization\",\"name\":\"A Not\\u00edcia Online\",\"description\":\"Noticias de Muria\\u00e9 e regi\\u00e3o\",\"url\":\"https:\\\/\\\/anoticiaonline.com.br\\\/site\\\/\",\"logo\":{\"@type\":\"ImageObject\",\"url\":\"https:\\\/\\\/scontent-gig4-1.xx.fbcdn.net\\\/v\\\/t39.30808-1\\\/270437624_4564083193639691_6907940295614233970_n.jpg?stp=dst-jpg_s200x200_tt6&_nc_cat=111&ccb=1-7&_nc_sid=f907e8&_nc_ohc=SM1wRlP3lJwQ7kNvwEPuBYA&_nc_oc=AdnqrjDN_BNjSSHWO-GbkIWH6fkGMLw4bqvL_NH6e2wMveX7G-rP2dAqsDSq1mJMOaY&_nc_zt=24&_nc_ht=scontent-gig4-1.xx&_nc_gid=AoBFJeGrT1hVaew_6rchkQ&oh=00_AfX7QmFGhQhG2jAllVgXCiM1ZrWgvtp80-Bfppyexh1QEg&oe=689E923C\",\"@id\":\"https:\\\/\\\/anoticiaonline.com.br\\\/site\\\/cine-veredas-prepara-programacao-volta-as-aulas\\\/#organizationLogo\"},\"image\":{\"@id\":\"https:\\\/\\\/anoticiaonline.com.br\\\/site\\\/cine-veredas-prepara-programacao-volta-as-aulas\\\/#organizationLogo\"}},{\"@type\":\"Person\",\"@id\":\"https:\\\/\\\/anoticiaonline.com.br\\\/site\\\/author\\\/juliana\\\/#author\",\"url\":\"https:\\\/\\\/anoticiaonline.com.br\\\/site\\\/author\\\/juliana\\\/\",\"name\":\"Juliana Laviola\",\"image\":{\"@type\":\"ImageObject\",\"@id\":\"https:\\\/\\\/anoticiaonline.com.br\\\/site\\\/cine-veredas-prepara-programacao-volta-as-aulas\\\/#authorImage\",\"url\":\"https:\\\/\\\/secure.gravatar.com\\\/avatar\\\/b8d45f5c699b100dfaf0e543582f38f38bf94cb7ae3a5e9abf8d891a34773335?s=96&d=mm&r=g\",\"width\":96,\"height\":96,\"caption\":\"Juliana Laviola\"}},{\"@type\":\"WebPage\",\"@id\":\"https:\\\/\\\/anoticiaonline.com.br\\\/site\\\/cine-veredas-prepara-programacao-volta-as-aulas\\\/#webpage\",\"url\":\"https:\\\/\\\/anoticiaonline.com.br\\\/site\\\/cine-veredas-prepara-programacao-volta-as-aulas\\\/\",\"name\":\"Cine Veredas prepara programa\\u00e7\\u00e3o \\u201cVolta \\u00e0s Aulas\\u201d - A Not\\u00edcia Online\",\"description\":\"O Cine Veredas preparou uma programa\\u00e7\\u00e3o especial de volta \\u00e0s aulas exibindo tr\\u00eas filmes at\\u00e9 o dia 9 de agosto \\u2013 Meu Malvado Favorito 3, Carros 3 e Transformers 5. As vendas antecipadas de ingressos s\\u00e3o realizadas na Veredas Kids. Aproveite a promo\\u00e7\\u00e3o do combo de uma pipoca grande e dois refrigerantes por apenas R$20.\",\"inLanguage\":\"pt-BR\",\"isPartOf\":{\"@id\":\"https:\\\/\\\/anoticiaonline.com.br\\\/site\\\/#website\"},\"breadcrumb\":{\"@id\":\"https:\\\/\\\/anoticiaonline.com.br\\\/site\\\/cine-veredas-prepara-programacao-volta-as-aulas\\\/#breadcrumblist\"},\"author\":{\"@id\":\"https:\\\/\\\/anoticiaonline.com.br\\\/site\\\/author\\\/juliana\\\/#author\"},\"creator\":{\"@id\":\"https:\\\/\\\/anoticiaonline.com.br\\\/site\\\/author\\\/juliana\\\/#author\"},\"datePublished\":\"2017-08-04T12:42:57-03:00\",\"dateModified\":\"2017-08-04T12:42:57-03:00\"},{\"@type\":\"WebSite\",\"@id\":\"https:\\\/\\\/anoticiaonline.com.br\\\/site\\\/#website\",\"url\":\"https:\\\/\\\/anoticiaonline.com.br\\\/site\\\/\",\"name\":\"A Not\\u00edcia Online\",\"description\":\"Noticias de Muria\\u00e9 e regi\\u00e3o\",\"inLanguage\":\"pt-BR\",\"publisher\":{\"@id\":\"https:\\\/\\\/anoticiaonline.com.br\\\/site\\\/#organization\"}}]}\n\t\t<\/script>\n\t\t<!-- All in One SEO -->\n\n","aioseo_head_json":{"title":"Cine Veredas prepara programa\u00e7\u00e3o \u201cVolta \u00e0s Aulas\u201d - A Not\u00edcia Online","description":"O Cine Veredas preparou uma programa\u00e7\u00e3o especial de volta \u00e0s aulas exibindo tr\u00eas filmes at\u00e9 o dia 9 de agosto \u2013 Meu Malvado Favorito 3, Carros 3 e Transformers 5. As vendas antecipadas de ingressos s\u00e3o realizadas na Veredas Kids. Aproveite a promo\u00e7\u00e3o do combo de uma pipoca grande e dois refrigerantes por apenas R$20.","canonical_url":"https:\/\/anoticiaonline.com.br\/site\/cine-veredas-prepara-programacao-volta-as-aulas\/","robots":"max-image-preview:large","keywords":"","webmasterTools":{"miscellaneous":""},"schema":{"@context":"https:\/\/schema.org","@graph":[{"@type":"BlogPosting","@id":"https:\/\/anoticiaonline.com.br\/site\/cine-veredas-prepara-programacao-volta-as-aulas\/#blogposting","name":"Cine Veredas prepara programa\u00e7\u00e3o \u201cVolta \u00e0s Aulas\u201d - A Not\u00edcia Online","headline":"Cine Veredas prepara programa\u00e7\u00e3o \u201cVolta \u00e0s Aulas\u201d","author":{"@id":"https:\/\/anoticiaonline.com.br\/site\/author\/juliana\/#author"},"publisher":{"@id":"https:\/\/anoticiaonline.com.br\/site\/#organization"},"image":{"@type":"ImageObject","url":"http:\/\/anoticiaonline.com.br\/site\/wp-content\/uploads\/2017\/08\/8701a690-e495-4fbd-afb5-08f103e4f14b-300x210.jpg","@id":"https:\/\/anoticiaonline.com.br\/site\/cine-veredas-prepara-programacao-volta-as-aulas\/#articleImage"},"datePublished":"2017-08-04T12:42:57-03:00","dateModified":"2017-08-04T12:42:57-03:00","inLanguage":"pt-BR","mainEntityOfPage":{"@id":"https:\/\/anoticiaonline.com.br\/site\/cine-veredas-prepara-programacao-volta-as-aulas\/#webpage"},"isPartOf":{"@id":"https:\/\/anoticiaonline.com.br\/site\/cine-veredas-prepara-programacao-volta-as-aulas\/#webpage"},"articleSection":"Blog, Filmes, cinema, Muria\u00e9"},{"@type":"BreadcrumbList","@id":"https:\/\/anoticiaonline.com.br\/site\/cine-veredas-prepara-programacao-volta-as-aulas\/#breadcrumblist","itemListElement":[{"@type":"ListItem","@id":"https:\/\/anoticiaonline.com.br\/site#listItem","position":1,"name":"Home","item":"https:\/\/anoticiaonline.com.br\/site","nextItem":{"@type":"ListItem","@id":"https:\/\/anoticiaonline.com.br\/site\/categoria\/colunistas\/#listItem","name":"Colunistas"}},{"@type":"ListItem","@id":"https:\/\/anoticiaonline.com.br\/site\/categoria\/colunistas\/#listItem","position":2,"name":"Colunistas","item":"https:\/\/anoticiaonline.com.br\/site\/categoria\/colunistas\/","nextItem":{"@type":"ListItem","@id":"https:\/\/anoticiaonline.com.br\/site\/categoria\/colunistas\/filmes\/#listItem","name":"Filmes"},"previousItem":{"@type":"ListItem","@id":"https:\/\/anoticiaonline.com.br\/site#listItem","name":"Home"}},{"@type":"ListItem","@id":"https:\/\/anoticiaonline.com.br\/site\/categoria\/colunistas\/filmes\/#listItem","position":3,"name":"Filmes","item":"https:\/\/anoticiaonline.com.br\/site\/categoria\/colunistas\/filmes\/","nextItem":{"@type":"ListItem","@id":"https:\/\/anoticiaonline.com.br\/site\/cine-veredas-prepara-programacao-volta-as-aulas\/#listItem","name":"Cine Veredas prepara programa\u00e7\u00e3o \u201cVolta \u00e0s Aulas\u201d"},"previousItem":{"@type":"ListItem","@id":"https:\/\/anoticiaonline.com.br\/site\/categoria\/colunistas\/#listItem","name":"Colunistas"}},{"@type":"ListItem","@id":"https:\/\/anoticiaonline.com.br\/site\/cine-veredas-prepara-programacao-volta-as-aulas\/#listItem","position":4,"name":"Cine Veredas prepara programa\u00e7\u00e3o \u201cVolta \u00e0s Aulas\u201d","previousItem":{"@type":"ListItem","@id":"https:\/\/anoticiaonline.com.br\/site\/categoria\/colunistas\/filmes\/#listItem","name":"Filmes"}}]},{"@type":"Organization","@id":"https:\/\/anoticiaonline.com.br\/site\/#organization","name":"A Not\u00edcia Online","description":"Noticias de Muria\u00e9 e regi\u00e3o","url":"https:\/\/anoticiaonline.com.br\/site\/","logo":{"@type":"ImageObject","url":"https:\/\/scontent-gig4-1.xx.fbcdn.net\/v\/t39.30808-1\/270437624_4564083193639691_6907940295614233970_n.jpg?stp=dst-jpg_s200x200_tt6&_nc_cat=111&ccb=1-7&_nc_sid=f907e8&_nc_ohc=SM1wRlP3lJwQ7kNvwEPuBYA&_nc_oc=AdnqrjDN_BNjSSHWO-GbkIWH6fkGMLw4bqvL_NH6e2wMveX7G-rP2dAqsDSq1mJMOaY&_nc_zt=24&_nc_ht=scontent-gig4-1.xx&_nc_gid=AoBFJeGrT1hVaew_6rchkQ&oh=00_AfX7QmFGhQhG2jAllVgXCiM1ZrWgvtp80-Bfppyexh1QEg&oe=689E923C","@id":"https:\/\/anoticiaonline.com.br\/site\/cine-veredas-prepara-programacao-volta-as-aulas\/#organizationLogo"},"image":{"@id":"https:\/\/anoticiaonline.com.br\/site\/cine-veredas-prepara-programacao-volta-as-aulas\/#organizationLogo"}},{"@type":"Person","@id":"https:\/\/anoticiaonline.com.br\/site\/author\/juliana\/#author","url":"https:\/\/anoticiaonline.com.br\/site\/author\/juliana\/","name":"Juliana Laviola","image":{"@type":"ImageObject","@id":"https:\/\/anoticiaonline.com.br\/site\/cine-veredas-prepara-programacao-volta-as-aulas\/#authorImage","url":"https:\/\/secure.gravatar.com\/avatar\/b8d45f5c699b100dfaf0e543582f38f38bf94cb7ae3a5e9abf8d891a34773335?s=96&d=mm&r=g","width":96,"height":96,"caption":"Juliana Laviola"}},{"@type":"WebPage","@id":"https:\/\/anoticiaonline.com.br\/site\/cine-veredas-prepara-programacao-volta-as-aulas\/#webpage","url":"https:\/\/anoticiaonline.com.br\/site\/cine-veredas-prepara-programacao-volta-as-aulas\/","name":"Cine Veredas prepara programa\u00e7\u00e3o \u201cVolta \u00e0s Aulas\u201d - A Not\u00edcia Online","description":"O Cine Veredas preparou uma programa\u00e7\u00e3o especial de volta \u00e0s aulas exibindo tr\u00eas filmes at\u00e9 o dia 9 de agosto \u2013 Meu Malvado Favorito 3, Carros 3 e Transformers 5. As vendas antecipadas de ingressos s\u00e3o realizadas na Veredas Kids. Aproveite a promo\u00e7\u00e3o do combo de uma pipoca grande e dois refrigerantes por apenas R$20.","inLanguage":"pt-BR","isPartOf":{"@id":"https:\/\/anoticiaonline.com.br\/site\/#website"},"breadcrumb":{"@id":"https:\/\/anoticiaonline.com.br\/site\/cine-veredas-prepara-programacao-volta-as-aulas\/#breadcrumblist"},"author":{"@id":"https:\/\/anoticiaonline.com.br\/site\/author\/juliana\/#author"},"creator":{"@id":"https:\/\/anoticiaonline.com.br\/site\/author\/juliana\/#author"},"datePublished":"2017-08-04T12:42:57-03:00","dateModified":"2017-08-04T12:42:57-03:00"},{"@type":"WebSite","@id":"https:\/\/anoticiaonline.com.br\/site\/#website","url":"https:\/\/anoticiaonline.com.br\/site\/","name":"A Not\u00edcia Online","description":"Noticias de Muria\u00e9 e regi\u00e3o","inLanguage":"pt-BR","publisher":{"@id":"https:\/\/anoticiaonline.com.br\/site\/#organization"}}]},"og:locale":"pt_BR","og:site_name":"A Not\u00edcia Online - Noticias de Muria\u00e9 e regi\u00e3o","og:type":"article","og:title":"Cine Veredas prepara programa\u00e7\u00e3o \u201cVolta \u00e0s Aulas\u201d - A Not\u00edcia Online","og:description":"O Cine Veredas preparou uma programa\u00e7\u00e3o especial de volta \u00e0s aulas exibindo tr\u00eas filmes at\u00e9 o dia 9 de agosto \u2013 Meu Malvado Favorito 3, Carros 3 e Transformers 5. As vendas antecipadas de ingressos s\u00e3o realizadas na Veredas Kids. Aproveite a promo\u00e7\u00e3o do combo de uma pipoca grande e dois refrigerantes por apenas R$20.","og:url":"https:\/\/anoticiaonline.com.br\/site\/cine-veredas-prepara-programacao-volta-as-aulas\/","og:image":"https:\/\/scontent-gig4-1.xx.fbcdn.net\/v\/t39.30808-1\/270437624_4564083193639691_6907940295614233970_n.jpg?stp=dst-jpg_s200x200_tt6&#038;_nc_cat=111&#038;ccb=1-7&#038;_nc_sid=f907e8&#038;_nc_ohc=SM1wRlP3lJwQ7kNvwEPuBYA&#038;_nc_oc=AdnqrjDN_BNjSSHWO-GbkIWH6fkGMLw4bqvL_NH6e2wMveX7G-rP2dAqsDSq1mJMOaY&#038;_nc_zt=24&#038;_nc_ht=scontent-gig4-1.xx&#038;_nc_gid=AoBFJeGrT1hVaew_6rchkQ&#038;oh=00_AfX7QmFGhQhG2jAllVgXCiM1ZrWgvtp80-Bfppyexh1QEg&#038;oe=689E923C","og:image:secure_url":"https:\/\/scontent-gig4-1.xx.fbcdn.net\/v\/t39.30808-1\/270437624_4564083193639691_6907940295614233970_n.jpg?stp=dst-jpg_s200x200_tt6&#038;_nc_cat=111&#038;ccb=1-7&#038;_nc_sid=f907e8&#038;_nc_ohc=SM1wRlP3lJwQ7kNvwEPuBYA&#038;_nc_oc=AdnqrjDN_BNjSSHWO-GbkIWH6fkGMLw4bqvL_NH6e2wMveX7G-rP2dAqsDSq1mJMOaY&#038;_nc_zt=24&#038;_nc_ht=scontent-gig4-1.xx&#038;_nc_gid=AoBFJeGrT1hVaew_6rchkQ&#038;oh=00_AfX7QmFGhQhG2jAllVgXCiM1ZrWgvtp80-Bfppyexh1QEg&#038;oe=689E923C","article:published_time":"2017-08-04T15:42:57+00:00","article:modified_time":"2017-08-04T15:42:57+00:00","twitter:card":"summary_large_image","twitter:title":"Cine Veredas prepara programa\u00e7\u00e3o \u201cVolta \u00e0s Aulas\u201d - A Not\u00edcia Online","twitter:description":"O Cine Veredas preparou uma programa\u00e7\u00e3o especial de volta \u00e0s aulas exibindo tr\u00eas filmes at\u00e9 o dia 9 de agosto \u2013 Meu Malvado Favorito 3, Carros 3 e Transformers 5. As vendas antecipadas de ingressos s\u00e3o realizadas na Veredas Kids. Aproveite a promo\u00e7\u00e3o do combo de uma pipoca grande e dois refrigerantes por apenas R$20.","twitter:image":"https:\/\/scontent-gig4-1.xx.fbcdn.net\/v\/t39.30808-1\/270437624_4564083193639691_6907940295614233970_n.jpg?stp=dst-jpg_s200x200_tt6&_nc_cat=111&ccb=1-7&_nc_sid=f907e8&_nc_ohc=SM1wRlP3lJwQ7kNvwEPuBYA&_nc_oc=AdnqrjDN_BNjSSHWO-GbkIWH6fkGMLw4bqvL_NH6e2wMveX7G-rP2dAqsDSq1mJMOaY&_nc_zt=24&_nc_ht=scontent-gig4-1.xx&_nc_gid=AoBFJeGrT1hVaew_6rchkQ&oh=00_AfX7QmFGhQhG2jAllVgXCiM1ZrWgvtp80-Bfppyexh1QEg&oe=689E923C"},"aioseo_meta_data":{"post_id":"37529","title":null,"description":null,"keywords":null,"keyphrases":null,"primary_term":null,"canonical_url":null,"og_title":null,"og_description":null,"og_object_type":"default","og_image_type":"default","og_image_url":null,"og_image_width":null,"og_image_height":null,"og_image_custom_url":null,"og_image_custom_fields":null,"og_video":null,"og_custom_url":null,"og_article_section":null,"og_article_tags":null,"twitter_use_og":false,"twitter_card":"default","twitter_image_type":"default","twitter_image_url":null,"twitter_image_custom_url":null,"twitter_image_custom_fields":null,"twitter_title":null,"twitter_description":null,"schema":{"blockGraphs":[],"customGraphs":[],"default":{"data":{"Article":[],"Course":[],"Dataset":[],"FAQPage":[],"Movie":[],"Person":[],"Product":[],"ProductReview":[],"Car":[],"Recipe":[],"Service":[],"SoftwareApplication":[],"WebPage":[]},"graphName":"","isEnabled":true},"graphs":[]},"schema_type":"default","schema_type_options":null,"pillar_content":false,"robots_default":true,"robots_noindex":false,"robots_noarchive":false,"robots_nosnippet":false,"robots_nofollow":false,"robots_noimageindex":false,"robots_noodp":false,"robots_notranslate":false,"robots_max_snippet":null,"robots_max_videopreview":null,"robots_max_imagepreview":"large","priority":null,"frequency":null,"local_seo":null,"breadcrumb_settings":null,"limit_modified_date":false,"ai":null,"created":"2025-08-16 19:07:21","updated":"2025-08-16 19:07:21","focus_keyword":null,"additional_keywords":null,"truseo_locale":null,"seo_analyzer_scan_date":null},"aioseo_breadcrumb":"<div class=\"aioseo-breadcrumbs\"><span class=\"aioseo-breadcrumb\">\n\t\t\t<a href=\"https:\/\/anoticiaonline.com.br\/site\" title=\"Home\">Home<\/a>\n\t\t<\/span><span class=\"aioseo-breadcrumb-separator\">&raquo;<\/span><span class=\"aioseo-breadcrumb\">\n\t\t\t<a href=\"https:\/\/anoticiaonline.com.br\/site\/categoria\/colunistas\/\" title=\"Colunistas\">Colunistas<\/a>\n\t\t<\/span><span class=\"aioseo-breadcrumb-separator\">&raquo;<\/span><span class=\"aioseo-breadcrumb\">\n\t\t\t<a href=\"https:\/\/anoticiaonline.com.br\/site\/categoria\/colunistas\/filmes\/\" title=\"Filmes\">Filmes<\/a>\n\t\t<\/span><span class=\"aioseo-breadcrumb-separator\">&raquo;<\/span><span class=\"aioseo-breadcrumb\">\n\t\t\tCine Veredas prepara programa\u00e7\u00e3o \u201cVolta \u00e0s Aulas\u201d\n\t\t<\/span><\/div>","aioseo_breadcrumb_json":[{"label":"Home","link":"https:\/\/anoticiaonline.com.br\/site"},{"label":"Colunistas","link":"https:\/\/anoticiaonline.com.br\/site\/categoria\/colunistas\/"},{"label":"Filmes","link":"https:\/\/anoticiaonline.com.br\/site\/categoria\/colunistas\/filmes\/"},{"label":"Cine Veredas prepara programa\u00e7\u00e3o \u201cVolta \u00e0s Aulas\u201d","link":"https:\/\/anoticiaonline.com.br\/site\/cine-veredas-prepara-programacao-volta-as-aulas\/"}],"views":134,"_links":{"self":[{"href":"https:\/\/anoticiaonline.com.br\/site\/wp-json\/wp\/v2\/posts\/37529","targetHints":{"allow":["GET"]}}],"collection":[{"href":"https:\/\/anoticiaonline.com.br\/site\/wp-json\/wp\/v2\/posts"}],"about":[{"href":"https:\/\/anoticiaonline.com.br\/site\/wp-json\/wp\/v2\/types\/post"}],"author":[{"embeddable":true,"href":"https:\/\/anoticiaonline.com.br\/site\/wp-json\/wp\/v2\/users\/2"}],"replies":[{"embeddable":true,"href":"https:\/\/anoticiaonline.com.br\/site\/wp-json\/wp\/v2\/comments?post=37529"}],"version-history":[{"count":0,"href":"https:\/\/anoticiaonline.com.br\/site\/wp-json\/wp\/v2\/posts\/37529\/revisions"}],"wp:attachment":[{"href":"https:\/\/anoticiaonline.com.br\/site\/wp-json\/wp\/v2\/media?parent=37529"}],"wp:term":[{"taxonomy":"category","embeddable":true,"href":"https:\/\/anoticiaonline.com.br\/site\/wp-json\/wp\/v2\/categories?post=37529"},{"taxonomy":"post_tag","embeddable":true,"href":"https:\/\/anoticiaonline.com.br\/site\/wp-json\/wp\/v2\/tags?post=37529"}],"curies":[{"name":"wp","href":"https:\/\/api.w.org\/{rel}","templated":true}]}}