{"id":37477,"date":"2017-08-04T12:33:48","date_gmt":"2017-08-04T15:33:48","guid":{"rendered":"http:\/\/anoticiaonline.com.br\/site\/?p=37477"},"modified":"2017-08-04T12:33:48","modified_gmt":"2017-08-04T15:33:48","slug":"festas-julhinas-animam-cras-de-muriae","status":"publish","type":"post","link":"https:\/\/anoticiaonline.com.br\/site\/festas-julhinas-animam-cras-de-muriae\/","title":{"rendered":"Festas julhinas animam CRAS de Muria\u00e9"},"content":{"rendered":"<p class=\"m3055687651046155549gmail-msonospacing\" style=\"text-align: justify; background: white;\"><span style=\"color: #222222;\"><a href=\"https:\/\/anoticiaonline.com.br\/site\/wp-content\/uploads\/2017\/08\/Festas-julhinas-animam-CRAS-de-Muria\u00e9.jpg\"><img fetchpriority=\"high\" decoding=\"async\" class=\"size-medium wp-image-37478 alignleft\" src=\"https:\/\/anoticiaonline.com.br\/site\/wp-content\/uploads\/2017\/08\/Festas-julhinas-animam-CRAS-de-Muria\u00e9-300x222.jpg\" alt=\"\" width=\"300\" height=\"222\" srcset=\"https:\/\/anoticiaonline.com.br\/site\/wp-content\/uploads\/2017\/08\/Festas-julhinas-animam-CRAS-de-Muria\u00e9-300x222.jpg 300w, https:\/\/anoticiaonline.com.br\/site\/wp-content\/uploads\/2017\/08\/Festas-julhinas-animam-CRAS-de-Muria\u00e9.jpg 600w\" sizes=\"(max-width: 300px) 100vw, 300px\" \/><\/a>Alegria e divers\u00e3o marcaram os \u201carrai\u00e1s\u201d dos Centros de Refer\u00eancia de Assist\u00eancia Social (CRAS) de Muria\u00e9. A programa\u00e7\u00e3o diversificada,<span class=\"apple-converted-space\">\u00a0<\/span>entre os dias 21 e 27 deste m\u00eas,<span class=\"apple-converted-space\">\u00a0<\/span>teve como objetivo resgatar a tradi\u00e7\u00e3o cultural das festas julhinas, proporcionar momentos de lazer e promover o fortalecimento de v\u00ednculos com os usu\u00e1rios do servi\u00e7o.<\/span><\/p>\n<p class=\"m3055687651046155549gmail-msonospacing\" style=\"text-align: justify; background: white;\"><span style=\"color: #222222;\">A programa\u00e7\u00e3o contou com apresenta\u00e7\u00e3o de quadrilha e brincadeiras. Tamb\u00e9m foram servidas comidas e bebidas t\u00edpicas. Nos CRAS Santa Terezinha, Aeroporto e Vermelho houve a participa\u00e7\u00e3o do Sesc, com a quadrilha dos idosos se apresentando em cada um desses dispositivos.<span class=\"apple-converted-space\">\u00a0<\/span>\u201cA festa est\u00e1 muito animada. Sempre que o CRAS promove algum evento, eu e minha fam\u00edlia fazemos quest\u00e3o de participar, pois \u00e9 tudo muito bem organizado\u201d, conta Cristiana Baia, que utiliza os servi\u00e7os do CRAS Vermelho.<\/span><\/p>\n","protected":false},"excerpt":{"rendered":"<p>Alegria e divers\u00e3o marcaram os \u201carrai\u00e1s\u201d dos Centros de Refer\u00eancia de Assist\u00eancia Social (CRAS) de Muria\u00e9. A programa\u00e7\u00e3o diversificada,\u00a0entre os dias 21 e 27 deste m\u00eas,\u00a0teve como objetivo resgatar a tradi\u00e7\u00e3o cultural das festas julhinas, proporcionar momentos de lazer e promover o fortalecimento de v\u00ednculos com os usu\u00e1rios do servi\u00e7o. A programa\u00e7\u00e3o contou com apresenta\u00e7\u00e3o &#8230; <a title=\"Festas julhinas animam CRAS de Muria\u00e9\" class=\"read-more\" href=\"https:\/\/anoticiaonline.com.br\/site\/festas-julhinas-animam-cras-de-muriae\/\" aria-label=\"Read more about Festas julhinas animam CRAS de Muria\u00e9\">Ler mais<\/a><\/p>\n","protected":false},"author":2,"featured_media":37478,"comment_status":"open","ping_status":"open","sticky":false,"template":"","format":"standard","meta":{"_acf_changed":false,"_monsterinsights_skip_tracking":false,"footnotes":""},"categories":[30],"tags":[825,74,3],"class_list":["post-37477","post","type-post","status-publish","format-standard","has-post-thumbnail","hentry","category-muriae","tag-cras","tag-muriae","tag-slide"],"acf":[],"aioseo_notices":[],"aioseo_head":"\n\t\t<!-- All in One SEO 5.0.0.1 - aioseo.com -->\n\t<meta name=\"description\" content=\"Alegria e divers\u00e3o marcaram os \u201carrai\u00e1s\u201d dos Centros de Refer\u00eancia de Assist\u00eancia Social (CRAS) de Muria\u00e9. A programa\u00e7\u00e3o diversificada, entre os dias 21 e 27 deste m\u00eas, teve como objetivo resgatar a tradi\u00e7\u00e3o cultural das festas julhinas, proporcionar momentos de lazer e promover o fortalecimento de v\u00ednculos com os usu\u00e1rios do servi\u00e7o. A programa\u00e7\u00e3o contou com apresenta\u00e7\u00e3o\" \/>\n\t<meta name=\"robots\" content=\"max-image-preview:large\" \/>\n\t<meta name=\"author\" content=\"Juliana Laviola\"\/>\n\t<link rel=\"canonical\" href=\"https:\/\/anoticiaonline.com.br\/site\/festas-julhinas-animam-cras-de-muriae\/\" \/>\n\t<meta name=\"generator\" content=\"All in One SEO (AIOSEO) 5.0.0.1\" \/>\n\t\t<meta property=\"og:locale\" content=\"pt_BR\" \/>\n\t\t<meta property=\"og:site_name\" content=\"A Not\u00edcia Online - Noticias de Muria\u00e9 e regi\u00e3o\" \/>\n\t\t<meta property=\"og:type\" content=\"article\" \/>\n\t\t<meta property=\"og:title\" content=\"Festas julhinas animam CRAS de Muria\u00e9 - A Not\u00edcia Online\" \/>\n\t\t<meta property=\"og:description\" content=\"Alegria e divers\u00e3o marcaram os \u201carrai\u00e1s\u201d dos Centros de Refer\u00eancia de Assist\u00eancia Social (CRAS) de Muria\u00e9. A programa\u00e7\u00e3o diversificada, entre os dias 21 e 27 deste m\u00eas, teve como objetivo resgatar a tradi\u00e7\u00e3o cultural das festas julhinas, proporcionar momentos de lazer e promover o fortalecimento de v\u00ednculos com os usu\u00e1rios do servi\u00e7o. A programa\u00e7\u00e3o contou com apresenta\u00e7\u00e3o\" \/>\n\t\t<meta property=\"og:url\" content=\"https:\/\/anoticiaonline.com.br\/site\/festas-julhinas-animam-cras-de-muriae\/\" \/>\n\t\t<meta property=\"og:image\" content=\"https:\/\/scontent-gig4-1.xx.fbcdn.net\/v\/t39.30808-1\/270437624_4564083193639691_6907940295614233970_n.jpg?stp=dst-jpg_s200x200_tt6&#038;_nc_cat=111&#038;ccb=1-7&#038;_nc_sid=f907e8&#038;_nc_ohc=SM1wRlP3lJwQ7kNvwEPuBYA&#038;_nc_oc=AdnqrjDN_BNjSSHWO-GbkIWH6fkGMLw4bqvL_NH6e2wMveX7G-rP2dAqsDSq1mJMOaY&#038;_nc_zt=24&#038;_nc_ht=scontent-gig4-1.xx&#038;_nc_gid=AoBFJeGrT1hVaew_6rchkQ&#038;oh=00_AfX7QmFGhQhG2jAllVgXCiM1ZrWgvtp80-Bfppyexh1QEg&#038;oe=689E923C\" \/>\n\t\t<meta property=\"og:image:secure_url\" content=\"https:\/\/scontent-gig4-1.xx.fbcdn.net\/v\/t39.30808-1\/270437624_4564083193639691_6907940295614233970_n.jpg?stp=dst-jpg_s200x200_tt6&#038;_nc_cat=111&#038;ccb=1-7&#038;_nc_sid=f907e8&#038;_nc_ohc=SM1wRlP3lJwQ7kNvwEPuBYA&#038;_nc_oc=AdnqrjDN_BNjSSHWO-GbkIWH6fkGMLw4bqvL_NH6e2wMveX7G-rP2dAqsDSq1mJMOaY&#038;_nc_zt=24&#038;_nc_ht=scontent-gig4-1.xx&#038;_nc_gid=AoBFJeGrT1hVaew_6rchkQ&#038;oh=00_AfX7QmFGhQhG2jAllVgXCiM1ZrWgvtp80-Bfppyexh1QEg&#038;oe=689E923C\" \/>\n\t\t<meta property=\"article:published_time\" content=\"2017-08-04T15:33:48+00:00\" \/>\n\t\t<meta property=\"article:modified_time\" content=\"2017-08-04T15:33:48+00:00\" \/>\n\t\t<meta name=\"twitter:card\" content=\"summary_large_image\" \/>\n\t\t<meta name=\"twitter:title\" content=\"Festas julhinas animam CRAS de Muria\u00e9 - A Not\u00edcia Online\" \/>\n\t\t<meta name=\"twitter:description\" content=\"Alegria e divers\u00e3o marcaram os \u201carrai\u00e1s\u201d dos Centros de Refer\u00eancia de Assist\u00eancia Social (CRAS) de Muria\u00e9. A programa\u00e7\u00e3o diversificada, entre os dias 21 e 27 deste m\u00eas, teve como objetivo resgatar a tradi\u00e7\u00e3o cultural das festas julhinas, proporcionar momentos de lazer e promover o fortalecimento de v\u00ednculos com os usu\u00e1rios do servi\u00e7o. A programa\u00e7\u00e3o contou com apresenta\u00e7\u00e3o\" \/>\n\t\t<meta name=\"twitter:image\" content=\"https:\/\/scontent-gig4-1.xx.fbcdn.net\/v\/t39.30808-1\/270437624_4564083193639691_6907940295614233970_n.jpg?stp=dst-jpg_s200x200_tt6&amp;_nc_cat=111&amp;ccb=1-7&amp;_nc_sid=f907e8&amp;_nc_ohc=SM1wRlP3lJwQ7kNvwEPuBYA&amp;_nc_oc=AdnqrjDN_BNjSSHWO-GbkIWH6fkGMLw4bqvL_NH6e2wMveX7G-rP2dAqsDSq1mJMOaY&amp;_nc_zt=24&amp;_nc_ht=scontent-gig4-1.xx&amp;_nc_gid=AoBFJeGrT1hVaew_6rchkQ&amp;oh=00_AfX7QmFGhQhG2jAllVgXCiM1ZrWgvtp80-Bfppyexh1QEg&amp;oe=689E923C\" \/>\n\t\t<script type=\"application\/ld+json\" class=\"aioseo-schema\">\n\t\t\t{\"@context\":\"https:\\\/\\\/schema.org\",\"@graph\":[{\"@type\":\"BlogPosting\",\"@id\":\"https:\\\/\\\/anoticiaonline.com.br\\\/site\\\/festas-julhinas-animam-cras-de-muriae\\\/#blogposting\",\"name\":\"Festas julhinas animam CRAS de Muria\\u00e9 - A Not\\u00edcia Online\",\"headline\":\"Festas julhinas animam CRAS de Muria\\u00e9\",\"author\":{\"@id\":\"https:\\\/\\\/anoticiaonline.com.br\\\/site\\\/author\\\/juliana\\\/#author\"},\"publisher\":{\"@id\":\"https:\\\/\\\/anoticiaonline.com.br\\\/site\\\/#organization\"},\"image\":{\"@type\":\"ImageObject\",\"url\":\"https:\\\/\\\/anoticiaonline.com.br\\\/site\\\/wp-content\\\/uploads\\\/2017\\\/08\\\/Festas-julhinas-animam-CRAS-de-Muria\\u00e9.jpg\",\"width\":600,\"height\":444},\"datePublished\":\"2017-08-04T12:33:48-03:00\",\"dateModified\":\"2017-08-04T12:33:48-03:00\",\"inLanguage\":\"pt-BR\",\"mainEntityOfPage\":{\"@id\":\"https:\\\/\\\/anoticiaonline.com.br\\\/site\\\/festas-julhinas-animam-cras-de-muriae\\\/#webpage\"},\"isPartOf\":{\"@id\":\"https:\\\/\\\/anoticiaonline.com.br\\\/site\\\/festas-julhinas-animam-cras-de-muriae\\\/#webpage\"},\"articleSection\":\"Blog, CRAS, Muria\\u00e9, slide\"},{\"@type\":\"BreadcrumbList\",\"@id\":\"https:\\\/\\\/anoticiaonline.com.br\\\/site\\\/festas-julhinas-animam-cras-de-muriae\\\/#breadcrumblist\",\"itemListElement\":[{\"@type\":\"ListItem\",\"@id\":\"https:\\\/\\\/anoticiaonline.com.br\\\/site#listItem\",\"position\":1,\"name\":\"Home\",\"item\":\"https:\\\/\\\/anoticiaonline.com.br\\\/site\",\"nextItem\":{\"@type\":\"ListItem\",\"@id\":\"https:\\\/\\\/anoticiaonline.com.br\\\/site\\\/categoria\\\/muriae\\\/#listItem\",\"name\":\"Blog\"}},{\"@type\":\"ListItem\",\"@id\":\"https:\\\/\\\/anoticiaonline.com.br\\\/site\\\/categoria\\\/muriae\\\/#listItem\",\"position\":2,\"name\":\"Blog\",\"item\":\"https:\\\/\\\/anoticiaonline.com.br\\\/site\\\/categoria\\\/muriae\\\/\",\"nextItem\":{\"@type\":\"ListItem\",\"@id\":\"https:\\\/\\\/anoticiaonline.com.br\\\/site\\\/festas-julhinas-animam-cras-de-muriae\\\/#listItem\",\"name\":\"Festas julhinas animam CRAS de Muria\\u00e9\"},\"previousItem\":{\"@type\":\"ListItem\",\"@id\":\"https:\\\/\\\/anoticiaonline.com.br\\\/site#listItem\",\"name\":\"Home\"}},{\"@type\":\"ListItem\",\"@id\":\"https:\\\/\\\/anoticiaonline.com.br\\\/site\\\/festas-julhinas-animam-cras-de-muriae\\\/#listItem\",\"position\":3,\"name\":\"Festas julhinas animam CRAS de Muria\\u00e9\",\"previousItem\":{\"@type\":\"ListItem\",\"@id\":\"https:\\\/\\\/anoticiaonline.com.br\\\/site\\\/categoria\\\/muriae\\\/#listItem\",\"name\":\"Blog\"}}]},{\"@type\":\"Organization\",\"@id\":\"https:\\\/\\\/anoticiaonline.com.br\\\/site\\\/#organization\",\"name\":\"A Not\\u00edcia Online\",\"description\":\"Noticias de Muria\\u00e9 e regi\\u00e3o\",\"url\":\"https:\\\/\\\/anoticiaonline.com.br\\\/site\\\/\",\"logo\":{\"@type\":\"ImageObject\",\"url\":\"https:\\\/\\\/scontent-gig4-1.xx.fbcdn.net\\\/v\\\/t39.30808-1\\\/270437624_4564083193639691_6907940295614233970_n.jpg?stp=dst-jpg_s200x200_tt6&_nc_cat=111&ccb=1-7&_nc_sid=f907e8&_nc_ohc=SM1wRlP3lJwQ7kNvwEPuBYA&_nc_oc=AdnqrjDN_BNjSSHWO-GbkIWH6fkGMLw4bqvL_NH6e2wMveX7G-rP2dAqsDSq1mJMOaY&_nc_zt=24&_nc_ht=scontent-gig4-1.xx&_nc_gid=AoBFJeGrT1hVaew_6rchkQ&oh=00_AfX7QmFGhQhG2jAllVgXCiM1ZrWgvtp80-Bfppyexh1QEg&oe=689E923C\",\"@id\":\"https:\\\/\\\/anoticiaonline.com.br\\\/site\\\/festas-julhinas-animam-cras-de-muriae\\\/#organizationLogo\"},\"image\":{\"@id\":\"https:\\\/\\\/anoticiaonline.com.br\\\/site\\\/festas-julhinas-animam-cras-de-muriae\\\/#organizationLogo\"}},{\"@type\":\"Person\",\"@id\":\"https:\\\/\\\/anoticiaonline.com.br\\\/site\\\/author\\\/juliana\\\/#author\",\"url\":\"https:\\\/\\\/anoticiaonline.com.br\\\/site\\\/author\\\/juliana\\\/\",\"name\":\"Juliana Laviola\",\"image\":{\"@type\":\"ImageObject\",\"@id\":\"https:\\\/\\\/anoticiaonline.com.br\\\/site\\\/festas-julhinas-animam-cras-de-muriae\\\/#authorImage\",\"url\":\"https:\\\/\\\/secure.gravatar.com\\\/avatar\\\/b8d45f5c699b100dfaf0e543582f38f38bf94cb7ae3a5e9abf8d891a34773335?s=96&d=mm&r=g\",\"width\":96,\"height\":96,\"caption\":\"Juliana Laviola\"}},{\"@type\":\"WebPage\",\"@id\":\"https:\\\/\\\/anoticiaonline.com.br\\\/site\\\/festas-julhinas-animam-cras-de-muriae\\\/#webpage\",\"url\":\"https:\\\/\\\/anoticiaonline.com.br\\\/site\\\/festas-julhinas-animam-cras-de-muriae\\\/\",\"name\":\"Festas julhinas animam CRAS de Muria\\u00e9 - A Not\\u00edcia Online\",\"description\":\"Alegria e divers\\u00e3o marcaram os \\u201carrai\\u00e1s\\u201d dos Centros de Refer\\u00eancia de Assist\\u00eancia Social (CRAS) de Muria\\u00e9. A programa\\u00e7\\u00e3o diversificada, entre os dias 21 e 27 deste m\\u00eas, teve como objetivo resgatar a tradi\\u00e7\\u00e3o cultural das festas julhinas, proporcionar momentos de lazer e promover o fortalecimento de v\\u00ednculos com os usu\\u00e1rios do servi\\u00e7o. A programa\\u00e7\\u00e3o contou com apresenta\\u00e7\\u00e3o\",\"inLanguage\":\"pt-BR\",\"isPartOf\":{\"@id\":\"https:\\\/\\\/anoticiaonline.com.br\\\/site\\\/#website\"},\"breadcrumb\":{\"@id\":\"https:\\\/\\\/anoticiaonline.com.br\\\/site\\\/festas-julhinas-animam-cras-de-muriae\\\/#breadcrumblist\"},\"author\":{\"@id\":\"https:\\\/\\\/anoticiaonline.com.br\\\/site\\\/author\\\/juliana\\\/#author\"},\"creator\":{\"@id\":\"https:\\\/\\\/anoticiaonline.com.br\\\/site\\\/author\\\/juliana\\\/#author\"},\"image\":{\"@type\":\"ImageObject\",\"url\":\"https:\\\/\\\/anoticiaonline.com.br\\\/site\\\/wp-content\\\/uploads\\\/2017\\\/08\\\/Festas-julhinas-animam-CRAS-de-Muria\\u00e9.jpg\",\"@id\":\"https:\\\/\\\/anoticiaonline.com.br\\\/site\\\/festas-julhinas-animam-cras-de-muriae\\\/#mainImage\",\"width\":600,\"height\":444},\"primaryImageOfPage\":{\"@id\":\"https:\\\/\\\/anoticiaonline.com.br\\\/site\\\/festas-julhinas-animam-cras-de-muriae\\\/#mainImage\"},\"datePublished\":\"2017-08-04T12:33:48-03:00\",\"dateModified\":\"2017-08-04T12:33:48-03:00\"},{\"@type\":\"WebSite\",\"@id\":\"https:\\\/\\\/anoticiaonline.com.br\\\/site\\\/#website\",\"url\":\"https:\\\/\\\/anoticiaonline.com.br\\\/site\\\/\",\"name\":\"A Not\\u00edcia Online\",\"description\":\"Noticias de Muria\\u00e9 e regi\\u00e3o\",\"inLanguage\":\"pt-BR\",\"publisher\":{\"@id\":\"https:\\\/\\\/anoticiaonline.com.br\\\/site\\\/#organization\"}}]}\n\t\t<\/script>\n\t\t<!-- All in One SEO -->\n\n","aioseo_head_json":{"title":"Festas julhinas animam CRAS de Muria\u00e9 - A Not\u00edcia Online","description":"Alegria e divers\u00e3o marcaram os \u201carrai\u00e1s\u201d dos Centros de Refer\u00eancia de Assist\u00eancia Social (CRAS) de Muria\u00e9. A programa\u00e7\u00e3o diversificada, entre os dias 21 e 27 deste m\u00eas, teve como objetivo resgatar a tradi\u00e7\u00e3o cultural das festas julhinas, proporcionar momentos de lazer e promover o fortalecimento de v\u00ednculos com os usu\u00e1rios do servi\u00e7o. A programa\u00e7\u00e3o contou com apresenta\u00e7\u00e3o","canonical_url":"https:\/\/anoticiaonline.com.br\/site\/festas-julhinas-animam-cras-de-muriae\/","robots":"max-image-preview:large","keywords":"","webmasterTools":{"miscellaneous":""},"schema":{"@context":"https:\/\/schema.org","@graph":[{"@type":"BlogPosting","@id":"https:\/\/anoticiaonline.com.br\/site\/festas-julhinas-animam-cras-de-muriae\/#blogposting","name":"Festas julhinas animam CRAS de Muria\u00e9 - A Not\u00edcia Online","headline":"Festas julhinas animam CRAS de Muria\u00e9","author":{"@id":"https:\/\/anoticiaonline.com.br\/site\/author\/juliana\/#author"},"publisher":{"@id":"https:\/\/anoticiaonline.com.br\/site\/#organization"},"image":{"@type":"ImageObject","url":"https:\/\/anoticiaonline.com.br\/site\/wp-content\/uploads\/2017\/08\/Festas-julhinas-animam-CRAS-de-Muria\u00e9.jpg","width":600,"height":444},"datePublished":"2017-08-04T12:33:48-03:00","dateModified":"2017-08-04T12:33:48-03:00","inLanguage":"pt-BR","mainEntityOfPage":{"@id":"https:\/\/anoticiaonline.com.br\/site\/festas-julhinas-animam-cras-de-muriae\/#webpage"},"isPartOf":{"@id":"https:\/\/anoticiaonline.com.br\/site\/festas-julhinas-animam-cras-de-muriae\/#webpage"},"articleSection":"Blog, CRAS, Muria\u00e9, slide"},{"@type":"BreadcrumbList","@id":"https:\/\/anoticiaonline.com.br\/site\/festas-julhinas-animam-cras-de-muriae\/#breadcrumblist","itemListElement":[{"@type":"ListItem","@id":"https:\/\/anoticiaonline.com.br\/site#listItem","position":1,"name":"Home","item":"https:\/\/anoticiaonline.com.br\/site","nextItem":{"@type":"ListItem","@id":"https:\/\/anoticiaonline.com.br\/site\/categoria\/muriae\/#listItem","name":"Blog"}},{"@type":"ListItem","@id":"https:\/\/anoticiaonline.com.br\/site\/categoria\/muriae\/#listItem","position":2,"name":"Blog","item":"https:\/\/anoticiaonline.com.br\/site\/categoria\/muriae\/","nextItem":{"@type":"ListItem","@id":"https:\/\/anoticiaonline.com.br\/site\/festas-julhinas-animam-cras-de-muriae\/#listItem","name":"Festas julhinas animam CRAS de Muria\u00e9"},"previousItem":{"@type":"ListItem","@id":"https:\/\/anoticiaonline.com.br\/site#listItem","name":"Home"}},{"@type":"ListItem","@id":"https:\/\/anoticiaonline.com.br\/site\/festas-julhinas-animam-cras-de-muriae\/#listItem","position":3,"name":"Festas julhinas animam CRAS de Muria\u00e9","previousItem":{"@type":"ListItem","@id":"https:\/\/anoticiaonline.com.br\/site\/categoria\/muriae\/#listItem","name":"Blog"}}]},{"@type":"Organization","@id":"https:\/\/anoticiaonline.com.br\/site\/#organization","name":"A Not\u00edcia Online","description":"Noticias de Muria\u00e9 e regi\u00e3o","url":"https:\/\/anoticiaonline.com.br\/site\/","logo":{"@type":"ImageObject","url":"https:\/\/scontent-gig4-1.xx.fbcdn.net\/v\/t39.30808-1\/270437624_4564083193639691_6907940295614233970_n.jpg?stp=dst-jpg_s200x200_tt6&_nc_cat=111&ccb=1-7&_nc_sid=f907e8&_nc_ohc=SM1wRlP3lJwQ7kNvwEPuBYA&_nc_oc=AdnqrjDN_BNjSSHWO-GbkIWH6fkGMLw4bqvL_NH6e2wMveX7G-rP2dAqsDSq1mJMOaY&_nc_zt=24&_nc_ht=scontent-gig4-1.xx&_nc_gid=AoBFJeGrT1hVaew_6rchkQ&oh=00_AfX7QmFGhQhG2jAllVgXCiM1ZrWgvtp80-Bfppyexh1QEg&oe=689E923C","@id":"https:\/\/anoticiaonline.com.br\/site\/festas-julhinas-animam-cras-de-muriae\/#organizationLogo"},"image":{"@id":"https:\/\/anoticiaonline.com.br\/site\/festas-julhinas-animam-cras-de-muriae\/#organizationLogo"}},{"@type":"Person","@id":"https:\/\/anoticiaonline.com.br\/site\/author\/juliana\/#author","url":"https:\/\/anoticiaonline.com.br\/site\/author\/juliana\/","name":"Juliana Laviola","image":{"@type":"ImageObject","@id":"https:\/\/anoticiaonline.com.br\/site\/festas-julhinas-animam-cras-de-muriae\/#authorImage","url":"https:\/\/secure.gravatar.com\/avatar\/b8d45f5c699b100dfaf0e543582f38f38bf94cb7ae3a5e9abf8d891a34773335?s=96&d=mm&r=g","width":96,"height":96,"caption":"Juliana Laviola"}},{"@type":"WebPage","@id":"https:\/\/anoticiaonline.com.br\/site\/festas-julhinas-animam-cras-de-muriae\/#webpage","url":"https:\/\/anoticiaonline.com.br\/site\/festas-julhinas-animam-cras-de-muriae\/","name":"Festas julhinas animam CRAS de Muria\u00e9 - A Not\u00edcia Online","description":"Alegria e divers\u00e3o marcaram os \u201carrai\u00e1s\u201d dos Centros de Refer\u00eancia de Assist\u00eancia Social (CRAS) de Muria\u00e9. A programa\u00e7\u00e3o diversificada, entre os dias 21 e 27 deste m\u00eas, teve como objetivo resgatar a tradi\u00e7\u00e3o cultural das festas julhinas, proporcionar momentos de lazer e promover o fortalecimento de v\u00ednculos com os usu\u00e1rios do servi\u00e7o. A programa\u00e7\u00e3o contou com apresenta\u00e7\u00e3o","inLanguage":"pt-BR","isPartOf":{"@id":"https:\/\/anoticiaonline.com.br\/site\/#website"},"breadcrumb":{"@id":"https:\/\/anoticiaonline.com.br\/site\/festas-julhinas-animam-cras-de-muriae\/#breadcrumblist"},"author":{"@id":"https:\/\/anoticiaonline.com.br\/site\/author\/juliana\/#author"},"creator":{"@id":"https:\/\/anoticiaonline.com.br\/site\/author\/juliana\/#author"},"image":{"@type":"ImageObject","url":"https:\/\/anoticiaonline.com.br\/site\/wp-content\/uploads\/2017\/08\/Festas-julhinas-animam-CRAS-de-Muria\u00e9.jpg","@id":"https:\/\/anoticiaonline.com.br\/site\/festas-julhinas-animam-cras-de-muriae\/#mainImage","width":600,"height":444},"primaryImageOfPage":{"@id":"https:\/\/anoticiaonline.com.br\/site\/festas-julhinas-animam-cras-de-muriae\/#mainImage"},"datePublished":"2017-08-04T12:33:48-03:00","dateModified":"2017-08-04T12:33:48-03:00"},{"@type":"WebSite","@id":"https:\/\/anoticiaonline.com.br\/site\/#website","url":"https:\/\/anoticiaonline.com.br\/site\/","name":"A Not\u00edcia Online","description":"Noticias de Muria\u00e9 e regi\u00e3o","inLanguage":"pt-BR","publisher":{"@id":"https:\/\/anoticiaonline.com.br\/site\/#organization"}}]},"og:locale":"pt_BR","og:site_name":"A Not\u00edcia Online - Noticias de Muria\u00e9 e regi\u00e3o","og:type":"article","og:title":"Festas julhinas animam CRAS de Muria\u00e9 - A Not\u00edcia Online","og:description":"Alegria e divers\u00e3o marcaram os \u201carrai\u00e1s\u201d dos Centros de Refer\u00eancia de Assist\u00eancia Social (CRAS) de Muria\u00e9. A programa\u00e7\u00e3o diversificada, entre os dias 21 e 27 deste m\u00eas, teve como objetivo resgatar a tradi\u00e7\u00e3o cultural das festas julhinas, proporcionar momentos de lazer e promover o fortalecimento de v\u00ednculos com os usu\u00e1rios do servi\u00e7o. A programa\u00e7\u00e3o contou com apresenta\u00e7\u00e3o","og:url":"https:\/\/anoticiaonline.com.br\/site\/festas-julhinas-animam-cras-de-muriae\/","og:image":"https:\/\/scontent-gig4-1.xx.fbcdn.net\/v\/t39.30808-1\/270437624_4564083193639691_6907940295614233970_n.jpg?stp=dst-jpg_s200x200_tt6&#038;_nc_cat=111&#038;ccb=1-7&#038;_nc_sid=f907e8&#038;_nc_ohc=SM1wRlP3lJwQ7kNvwEPuBYA&#038;_nc_oc=AdnqrjDN_BNjSSHWO-GbkIWH6fkGMLw4bqvL_NH6e2wMveX7G-rP2dAqsDSq1mJMOaY&#038;_nc_zt=24&#038;_nc_ht=scontent-gig4-1.xx&#038;_nc_gid=AoBFJeGrT1hVaew_6rchkQ&#038;oh=00_AfX7QmFGhQhG2jAllVgXCiM1ZrWgvtp80-Bfppyexh1QEg&#038;oe=689E923C","og:image:secure_url":"https:\/\/scontent-gig4-1.xx.fbcdn.net\/v\/t39.30808-1\/270437624_4564083193639691_6907940295614233970_n.jpg?stp=dst-jpg_s200x200_tt6&#038;_nc_cat=111&#038;ccb=1-7&#038;_nc_sid=f907e8&#038;_nc_ohc=SM1wRlP3lJwQ7kNvwEPuBYA&#038;_nc_oc=AdnqrjDN_BNjSSHWO-GbkIWH6fkGMLw4bqvL_NH6e2wMveX7G-rP2dAqsDSq1mJMOaY&#038;_nc_zt=24&#038;_nc_ht=scontent-gig4-1.xx&#038;_nc_gid=AoBFJeGrT1hVaew_6rchkQ&#038;oh=00_AfX7QmFGhQhG2jAllVgXCiM1ZrWgvtp80-Bfppyexh1QEg&#038;oe=689E923C","article:published_time":"2017-08-04T15:33:48+00:00","article:modified_time":"2017-08-04T15:33:48+00:00","twitter:card":"summary_large_image","twitter:title":"Festas julhinas animam CRAS de Muria\u00e9 - A Not\u00edcia Online","twitter:description":"Alegria e divers\u00e3o marcaram os \u201carrai\u00e1s\u201d dos Centros de Refer\u00eancia de Assist\u00eancia Social (CRAS) de Muria\u00e9. A programa\u00e7\u00e3o diversificada, entre os dias 21 e 27 deste m\u00eas, teve como objetivo resgatar a tradi\u00e7\u00e3o cultural das festas julhinas, proporcionar momentos de lazer e promover o fortalecimento de v\u00ednculos com os usu\u00e1rios do servi\u00e7o. A programa\u00e7\u00e3o contou com apresenta\u00e7\u00e3o","twitter:image":"https:\/\/scontent-gig4-1.xx.fbcdn.net\/v\/t39.30808-1\/270437624_4564083193639691_6907940295614233970_n.jpg?stp=dst-jpg_s200x200_tt6&_nc_cat=111&ccb=1-7&_nc_sid=f907e8&_nc_ohc=SM1wRlP3lJwQ7kNvwEPuBYA&_nc_oc=AdnqrjDN_BNjSSHWO-GbkIWH6fkGMLw4bqvL_NH6e2wMveX7G-rP2dAqsDSq1mJMOaY&_nc_zt=24&_nc_ht=scontent-gig4-1.xx&_nc_gid=AoBFJeGrT1hVaew_6rchkQ&oh=00_AfX7QmFGhQhG2jAllVgXCiM1ZrWgvtp80-Bfppyexh1QEg&oe=689E923C"},"aioseo_meta_data":{"post_id":"37477","title":null,"description":null,"keywords":null,"keyphrases":null,"primary_term":null,"canonical_url":null,"og_title":null,"og_description":null,"og_object_type":"default","og_image_type":"default","og_image_url":null,"og_image_width":null,"og_image_height":null,"og_image_custom_url":null,"og_image_custom_fields":null,"og_video":null,"og_custom_url":null,"og_article_section":null,"og_article_tags":null,"twitter_use_og":false,"twitter_card":"default","twitter_image_type":"default","twitter_image_url":null,"twitter_image_custom_url":null,"twitter_image_custom_fields":null,"twitter_title":null,"twitter_description":null,"schema":{"blockGraphs":[],"customGraphs":[],"default":{"data":{"Article":[],"Course":[],"Dataset":[],"FAQPage":[],"Movie":[],"Person":[],"Product":[],"ProductReview":[],"Car":[],"Recipe":[],"Service":[],"SoftwareApplication":[],"WebPage":[]},"graphName":"","isEnabled":true},"graphs":[]},"schema_type":"default","schema_type_options":null,"pillar_content":false,"robots_default":true,"robots_noindex":false,"robots_noarchive":false,"robots_nosnippet":false,"robots_nofollow":false,"robots_noimageindex":false,"robots_noodp":false,"robots_notranslate":false,"robots_max_snippet":null,"robots_max_videopreview":null,"robots_max_imagepreview":"large","priority":null,"frequency":null,"local_seo":null,"breadcrumb_settings":null,"limit_modified_date":false,"ai":null,"created":"2025-08-16 19:07:21","updated":"2025-08-16 19:07:21","focus_keyword":null,"additional_keywords":null,"truseo_locale":null,"seo_analyzer_scan_date":null},"aioseo_breadcrumb":"<div class=\"aioseo-breadcrumbs\"><span class=\"aioseo-breadcrumb\">\n\t\t\t<a href=\"https:\/\/anoticiaonline.com.br\/site\" title=\"Home\">Home<\/a>\n\t\t<\/span><span class=\"aioseo-breadcrumb-separator\">&raquo;<\/span><span class=\"aioseo-breadcrumb\">\n\t\t\t<a href=\"https:\/\/anoticiaonline.com.br\/site\/categoria\/muriae\/\" title=\"Blog\">Blog<\/a>\n\t\t<\/span><span class=\"aioseo-breadcrumb-separator\">&raquo;<\/span><span class=\"aioseo-breadcrumb\">\n\t\t\tFestas julhinas animam CRAS de Muria\u00e9\n\t\t<\/span><\/div>","aioseo_breadcrumb_json":[{"label":"Home","link":"https:\/\/anoticiaonline.com.br\/site"},{"label":"Blog","link":"https:\/\/anoticiaonline.com.br\/site\/categoria\/muriae\/"},{"label":"Festas julhinas animam CRAS de Muria\u00e9","link":"https:\/\/anoticiaonline.com.br\/site\/festas-julhinas-animam-cras-de-muriae\/"}],"views":138,"_links":{"self":[{"href":"https:\/\/anoticiaonline.com.br\/site\/wp-json\/wp\/v2\/posts\/37477","targetHints":{"allow":["GET"]}}],"collection":[{"href":"https:\/\/anoticiaonline.com.br\/site\/wp-json\/wp\/v2\/posts"}],"about":[{"href":"https:\/\/anoticiaonline.com.br\/site\/wp-json\/wp\/v2\/types\/post"}],"author":[{"embeddable":true,"href":"https:\/\/anoticiaonline.com.br\/site\/wp-json\/wp\/v2\/users\/2"}],"replies":[{"embeddable":true,"href":"https:\/\/anoticiaonline.com.br\/site\/wp-json\/wp\/v2\/comments?post=37477"}],"version-history":[{"count":0,"href":"https:\/\/anoticiaonline.com.br\/site\/wp-json\/wp\/v2\/posts\/37477\/revisions"}],"wp:featuredmedia":[{"embeddable":true,"href":"https:\/\/anoticiaonline.com.br\/site\/wp-json\/wp\/v2\/media\/37478"}],"wp:attachment":[{"href":"https:\/\/anoticiaonline.com.br\/site\/wp-json\/wp\/v2\/media?parent=37477"}],"wp:term":[{"taxonomy":"category","embeddable":true,"href":"https:\/\/anoticiaonline.com.br\/site\/wp-json\/wp\/v2\/categories?post=37477"},{"taxonomy":"post_tag","embeddable":true,"href":"https:\/\/anoticiaonline.com.br\/site\/wp-json\/wp\/v2\/tags?post=37477"}],"curies":[{"name":"wp","href":"https:\/\/api.w.org\/{rel}","templated":true}]}}