{"id":37427,"date":"2017-08-04T13:52:51","date_gmt":"2017-08-04T16:52:51","guid":{"rendered":"http:\/\/anoticiaonline.com.br\/site\/?p=37427"},"modified":"2017-08-04T11:57:52","modified_gmt":"2017-08-04T14:57:52","slug":"festival-de-gastronomia-de-pirapanema-tem-sua-programacao-divulgada","status":"publish","type":"post","link":"https:\/\/anoticiaonline.com.br\/site\/festival-de-gastronomia-de-pirapanema-tem-sua-programacao-divulgada\/","title":{"rendered":"Festival de Gastronomia de Pirapanema tem sua programa\u00e7\u00e3o divulgada"},"content":{"rendered":"<p><a href=\"https:\/\/anoticiaonline.com.br\/site\/wp-content\/uploads\/2017\/08\/20525973_1430896643661855_5709998261413483047_n.jpg\"><img fetchpriority=\"high\" decoding=\"async\" class=\"size-medium wp-image-37428 alignleft\" src=\"https:\/\/anoticiaonline.com.br\/site\/wp-content\/uploads\/2017\/08\/20525973_1430896643661855_5709998261413483047_n-300x300.jpg\" alt=\"\" width=\"300\" height=\"300\" srcset=\"https:\/\/anoticiaonline.com.br\/site\/wp-content\/uploads\/2017\/08\/20525973_1430896643661855_5709998261413483047_n-300x300.jpg 300w, https:\/\/anoticiaonline.com.br\/site\/wp-content\/uploads\/2017\/08\/20525973_1430896643661855_5709998261413483047_n-150x150.jpg 150w, https:\/\/anoticiaonline.com.br\/site\/wp-content\/uploads\/2017\/08\/20525973_1430896643661855_5709998261413483047_n-144x144.jpg 144w, https:\/\/anoticiaonline.com.br\/site\/wp-content\/uploads\/2017\/08\/20525973_1430896643661855_5709998261413483047_n.jpg 640w\" sizes=\"(max-width: 300px) 100vw, 300px\" \/><\/a>Dia 10 de agosto tem in\u00edcio a 7\u00aa Edi\u00e7\u00e3o do Festival de Gastronomia, Jazz e Blues e Open de Parapente no distrito de Pirapanema. O evento tem o apoio do governo estadual, atrav\u00e9s da Companhia de Desenvolvimento de Econ\u00f4mico de Minas Gerais (CODEMIG), da prefeitura municipal de Muria\u00e9, por meio da Fundarte e secretaria de Educa\u00e7\u00e3o, Esporte e Lazer.<\/p>\n<p>A abertura oficial ser\u00e1 na quinta-feira (10), \u00e0s 20h, no Espa\u00e7o Gourmet. O Festival conta com apresenta\u00e7\u00e3o de diversos shows musicais, exibi\u00e7\u00e3o de filmes, \u00e1reas recreativas, oficinas de gastronomia, workshops, feiras de artesanato e voos de parapente.<\/p>\n<p>Programa\u00e7\u00e3o:<br \/>\nDia 10 de agosto (quinta-feira)<br \/>\n19 h: Abertura dos Restaurantes.<br \/>\n20 h: Cerim\u00f4nia Oficial de Abertura.<br \/>\n20h30: Oficina de Gastronomia.<br \/>\n21 h: Festim de Gastronomia.<br \/>\n22 h: Show Stephan Kurmann Quinteto (Sui\u00e7a)<\/p>\n<p>Dia 11 de agosto (sexta-feira)<br \/>\n18 h: Feira de Artesanato.<br \/>\n19 h: In\u00edcio do Funcionamento dos Restaurantes.<br \/>\nOficina Saudali-Cozinha Mineira Contempor\u00e2nea<br \/>\n20 h: Show Dixie Jazz nas Ruas<br \/>\n21 h: Oficina Saudali-Cozinha Mineira Contempor\u00e2nea<br \/>\n22 h: Show Big Joe Manfra convida Pedro Quental<\/p>\n<p>Dia 12 de agosto (s\u00e1bado)<br \/>\n08 h: Abertura do Open de Parapente.<br \/>\n10 h: In\u00edcio dos voos.<br \/>\n11 h: Feira de Artesanato.<br \/>\n12 h: In\u00edcio do Funcionamento dos Restaurantes.<br \/>\nAtividades Recreativas SESC na Pra\u00e7a.<br \/>\n14 h: Oficina de Gastronomia Fit: Viva Leve Gourmet.<br \/>\n15 h: Encerramento dos voos.<br \/>\nEnsaio Aberto.<br \/>\n16 h: Oficina de Glow Cake.<br \/>\n17 h: Oficina de Percuss\u00e3o com Anderson Joia.<br \/>\n18 h: Workshop de Cerveja Artesanal &#8211; Renato Sigiliano (Beerlis\u00e1rio).<br \/>\n19 h: Cinema no Quintal: Lan\u00e7amento do Curta \u2018A luta\u2019 de Bruno Bennec.<br \/>\n20 h: Show Bruna Morena e banda.<br \/>\nCinema no Quintal: \u2018A tua presen\u00e7a\u2019 de Euler Luz<br \/>\n20h30: Cinema no Quintal: \u2018Olhos de av\u00f4\u2019 (Infantil) de Marco Andrade.<br \/>\n21 h: Festim de Gastronomia.<br \/>\nCinema no Quintal: \u2018Como era gostoso meu pr\u00edncipe\u2019 de Fernanda de Paula.<br \/>\n22 h: Show Aki Kumar e banda (\u00cdndia e EUA).<\/p>\n<p>Dia 13 de agosto (domingo)<br \/>\n10 h: In\u00edcio dos voos.<br \/>\nOficina de Gastronomia Infantil.<br \/>\nAtividades Recreativas SESC na Pra\u00e7a.<br \/>\n11 h: Feira de Artesanato.<\/p>\n<p style=\"line-height: 14.5pt; background: white; margin: 4.5pt 0cm 4.5pt 0cm;\"><span style=\"color: #1d2129;\">Cr\u00e9ditos: Fundarte<\/span><\/p>\n","protected":false},"excerpt":{"rendered":"<p>Dia 10 de agosto tem in\u00edcio a 7\u00aa Edi\u00e7\u00e3o do Festival de Gastronomia, Jazz e Blues e Open de Parapente no distrito de Pirapanema. O evento tem o apoio do governo estadual, atrav\u00e9s da Companhia de Desenvolvimento de Econ\u00f4mico de Minas Gerais (CODEMIG), da prefeitura municipal de Muria\u00e9, por meio da Fundarte e secretaria de &#8230; <a title=\"Festival de Gastronomia de Pirapanema tem sua programa\u00e7\u00e3o divulgada\" class=\"read-more\" href=\"https:\/\/anoticiaonline.com.br\/site\/festival-de-gastronomia-de-pirapanema-tem-sua-programacao-divulgada\/\" aria-label=\"Read more about Festival de Gastronomia de Pirapanema tem sua programa\u00e7\u00e3o divulgada\">Ler mais<\/a><\/p>\n","protected":false},"author":2,"featured_media":37428,"comment_status":"open","ping_status":"open","sticky":false,"template":"","format":"standard","meta":{"_acf_changed":false,"_monsterinsights_skip_tracking":false,"footnotes":""},"categories":[30],"tags":[3],"class_list":["post-37427","post","type-post","status-publish","format-standard","has-post-thumbnail","hentry","category-muriae","tag-slide"],"acf":[],"aioseo_notices":[],"aioseo_head":"\n\t\t<!-- All in One SEO 5.0.0.1 - aioseo.com -->\n\t<meta name=\"description\" content=\"Dia 10 de agosto tem in\u00edcio a 7\u00aa Edi\u00e7\u00e3o do Festival de Gastronomia, Jazz e Blues e Open de Parapente no distrito de Pirapanema. O evento tem o apoio do governo estadual, atrav\u00e9s da Companhia de Desenvolvimento de Econ\u00f4mico de Minas Gerais (CODEMIG), da prefeitura municipal de Muria\u00e9, por meio da Fundarte e secretaria de\" \/>\n\t<meta name=\"robots\" content=\"max-image-preview:large\" \/>\n\t<meta name=\"author\" content=\"Juliana Laviola\"\/>\n\t<link rel=\"canonical\" href=\"https:\/\/anoticiaonline.com.br\/site\/festival-de-gastronomia-de-pirapanema-tem-sua-programacao-divulgada\/\" \/>\n\t<meta name=\"generator\" content=\"All in One SEO (AIOSEO) 5.0.0.1\" \/>\n\t\t<meta property=\"og:locale\" content=\"pt_BR\" \/>\n\t\t<meta property=\"og:site_name\" content=\"A Not\u00edcia Online - Noticias de Muria\u00e9 e regi\u00e3o\" \/>\n\t\t<meta property=\"og:type\" content=\"article\" \/>\n\t\t<meta property=\"og:title\" content=\"Festival de Gastronomia de Pirapanema tem sua programa\u00e7\u00e3o divulgada - A Not\u00edcia Online\" \/>\n\t\t<meta property=\"og:description\" content=\"Dia 10 de agosto tem in\u00edcio a 7\u00aa Edi\u00e7\u00e3o do Festival de Gastronomia, Jazz e Blues e Open de Parapente no distrito de Pirapanema. O evento tem o apoio do governo estadual, atrav\u00e9s da Companhia de Desenvolvimento de Econ\u00f4mico de Minas Gerais (CODEMIG), da prefeitura municipal de Muria\u00e9, por meio da Fundarte e secretaria de\" \/>\n\t\t<meta property=\"og:url\" content=\"https:\/\/anoticiaonline.com.br\/site\/festival-de-gastronomia-de-pirapanema-tem-sua-programacao-divulgada\/\" \/>\n\t\t<meta property=\"og:image\" content=\"https:\/\/scontent-gig4-1.xx.fbcdn.net\/v\/t39.30808-1\/270437624_4564083193639691_6907940295614233970_n.jpg?stp=dst-jpg_s200x200_tt6&#038;_nc_cat=111&#038;ccb=1-7&#038;_nc_sid=f907e8&#038;_nc_ohc=SM1wRlP3lJwQ7kNvwEPuBYA&#038;_nc_oc=AdnqrjDN_BNjSSHWO-GbkIWH6fkGMLw4bqvL_NH6e2wMveX7G-rP2dAqsDSq1mJMOaY&#038;_nc_zt=24&#038;_nc_ht=scontent-gig4-1.xx&#038;_nc_gid=AoBFJeGrT1hVaew_6rchkQ&#038;oh=00_AfX7QmFGhQhG2jAllVgXCiM1ZrWgvtp80-Bfppyexh1QEg&#038;oe=689E923C\" \/>\n\t\t<meta property=\"og:image:secure_url\" content=\"https:\/\/scontent-gig4-1.xx.fbcdn.net\/v\/t39.30808-1\/270437624_4564083193639691_6907940295614233970_n.jpg?stp=dst-jpg_s200x200_tt6&#038;_nc_cat=111&#038;ccb=1-7&#038;_nc_sid=f907e8&#038;_nc_ohc=SM1wRlP3lJwQ7kNvwEPuBYA&#038;_nc_oc=AdnqrjDN_BNjSSHWO-GbkIWH6fkGMLw4bqvL_NH6e2wMveX7G-rP2dAqsDSq1mJMOaY&#038;_nc_zt=24&#038;_nc_ht=scontent-gig4-1.xx&#038;_nc_gid=AoBFJeGrT1hVaew_6rchkQ&#038;oh=00_AfX7QmFGhQhG2jAllVgXCiM1ZrWgvtp80-Bfppyexh1QEg&#038;oe=689E923C\" \/>\n\t\t<meta property=\"article:published_time\" content=\"2017-08-04T16:52:51+00:00\" \/>\n\t\t<meta property=\"article:modified_time\" content=\"2017-08-04T14:57:52+00:00\" \/>\n\t\t<meta name=\"twitter:card\" content=\"summary_large_image\" \/>\n\t\t<meta name=\"twitter:title\" content=\"Festival de Gastronomia de Pirapanema tem sua programa\u00e7\u00e3o divulgada - A Not\u00edcia Online\" \/>\n\t\t<meta name=\"twitter:description\" content=\"Dia 10 de agosto tem in\u00edcio a 7\u00aa Edi\u00e7\u00e3o do Festival de Gastronomia, Jazz e Blues e Open de Parapente no distrito de Pirapanema. O evento tem o apoio do governo estadual, atrav\u00e9s da Companhia de Desenvolvimento de Econ\u00f4mico de Minas Gerais (CODEMIG), da prefeitura municipal de Muria\u00e9, por meio da Fundarte e secretaria de\" \/>\n\t\t<meta name=\"twitter:image\" content=\"https:\/\/scontent-gig4-1.xx.fbcdn.net\/v\/t39.30808-1\/270437624_4564083193639691_6907940295614233970_n.jpg?stp=dst-jpg_s200x200_tt6&amp;_nc_cat=111&amp;ccb=1-7&amp;_nc_sid=f907e8&amp;_nc_ohc=SM1wRlP3lJwQ7kNvwEPuBYA&amp;_nc_oc=AdnqrjDN_BNjSSHWO-GbkIWH6fkGMLw4bqvL_NH6e2wMveX7G-rP2dAqsDSq1mJMOaY&amp;_nc_zt=24&amp;_nc_ht=scontent-gig4-1.xx&amp;_nc_gid=AoBFJeGrT1hVaew_6rchkQ&amp;oh=00_AfX7QmFGhQhG2jAllVgXCiM1ZrWgvtp80-Bfppyexh1QEg&amp;oe=689E923C\" \/>\n\t\t<script type=\"application\/ld+json\" class=\"aioseo-schema\">\n\t\t\t{\"@context\":\"https:\\\/\\\/schema.org\",\"@graph\":[{\"@type\":\"BlogPosting\",\"@id\":\"https:\\\/\\\/anoticiaonline.com.br\\\/site\\\/festival-de-gastronomia-de-pirapanema-tem-sua-programacao-divulgada\\\/#blogposting\",\"name\":\"Festival de Gastronomia de Pirapanema tem sua programa\\u00e7\\u00e3o divulgada - A Not\\u00edcia Online\",\"headline\":\"Festival de Gastronomia de Pirapanema tem sua programa\\u00e7\\u00e3o divulgada\",\"author\":{\"@id\":\"https:\\\/\\\/anoticiaonline.com.br\\\/site\\\/author\\\/juliana\\\/#author\"},\"publisher\":{\"@id\":\"https:\\\/\\\/anoticiaonline.com.br\\\/site\\\/#organization\"},\"image\":{\"@type\":\"ImageObject\",\"url\":\"https:\\\/\\\/anoticiaonline.com.br\\\/site\\\/wp-content\\\/uploads\\\/2017\\\/08\\\/20525973_1430896643661855_5709998261413483047_n.jpg\",\"width\":640,\"height\":640},\"datePublished\":\"2017-08-04T13:52:51-03:00\",\"dateModified\":\"2017-08-04T11:57:52-03:00\",\"inLanguage\":\"pt-BR\",\"mainEntityOfPage\":{\"@id\":\"https:\\\/\\\/anoticiaonline.com.br\\\/site\\\/festival-de-gastronomia-de-pirapanema-tem-sua-programacao-divulgada\\\/#webpage\"},\"isPartOf\":{\"@id\":\"https:\\\/\\\/anoticiaonline.com.br\\\/site\\\/festival-de-gastronomia-de-pirapanema-tem-sua-programacao-divulgada\\\/#webpage\"},\"articleSection\":\"Blog, slide\"},{\"@type\":\"BreadcrumbList\",\"@id\":\"https:\\\/\\\/anoticiaonline.com.br\\\/site\\\/festival-de-gastronomia-de-pirapanema-tem-sua-programacao-divulgada\\\/#breadcrumblist\",\"itemListElement\":[{\"@type\":\"ListItem\",\"@id\":\"https:\\\/\\\/anoticiaonline.com.br\\\/site#listItem\",\"position\":1,\"name\":\"Home\",\"item\":\"https:\\\/\\\/anoticiaonline.com.br\\\/site\",\"nextItem\":{\"@type\":\"ListItem\",\"@id\":\"https:\\\/\\\/anoticiaonline.com.br\\\/site\\\/categoria\\\/muriae\\\/#listItem\",\"name\":\"Blog\"}},{\"@type\":\"ListItem\",\"@id\":\"https:\\\/\\\/anoticiaonline.com.br\\\/site\\\/categoria\\\/muriae\\\/#listItem\",\"position\":2,\"name\":\"Blog\",\"item\":\"https:\\\/\\\/anoticiaonline.com.br\\\/site\\\/categoria\\\/muriae\\\/\",\"nextItem\":{\"@type\":\"ListItem\",\"@id\":\"https:\\\/\\\/anoticiaonline.com.br\\\/site\\\/festival-de-gastronomia-de-pirapanema-tem-sua-programacao-divulgada\\\/#listItem\",\"name\":\"Festival de Gastronomia de Pirapanema tem sua programa\\u00e7\\u00e3o divulgada\"},\"previousItem\":{\"@type\":\"ListItem\",\"@id\":\"https:\\\/\\\/anoticiaonline.com.br\\\/site#listItem\",\"name\":\"Home\"}},{\"@type\":\"ListItem\",\"@id\":\"https:\\\/\\\/anoticiaonline.com.br\\\/site\\\/festival-de-gastronomia-de-pirapanema-tem-sua-programacao-divulgada\\\/#listItem\",\"position\":3,\"name\":\"Festival de Gastronomia de Pirapanema tem sua programa\\u00e7\\u00e3o divulgada\",\"previousItem\":{\"@type\":\"ListItem\",\"@id\":\"https:\\\/\\\/anoticiaonline.com.br\\\/site\\\/categoria\\\/muriae\\\/#listItem\",\"name\":\"Blog\"}}]},{\"@type\":\"Organization\",\"@id\":\"https:\\\/\\\/anoticiaonline.com.br\\\/site\\\/#organization\",\"name\":\"A Not\\u00edcia Online\",\"description\":\"Noticias de Muria\\u00e9 e regi\\u00e3o\",\"url\":\"https:\\\/\\\/anoticiaonline.com.br\\\/site\\\/\",\"logo\":{\"@type\":\"ImageObject\",\"url\":\"https:\\\/\\\/scontent-gig4-1.xx.fbcdn.net\\\/v\\\/t39.30808-1\\\/270437624_4564083193639691_6907940295614233970_n.jpg?stp=dst-jpg_s200x200_tt6&_nc_cat=111&ccb=1-7&_nc_sid=f907e8&_nc_ohc=SM1wRlP3lJwQ7kNvwEPuBYA&_nc_oc=AdnqrjDN_BNjSSHWO-GbkIWH6fkGMLw4bqvL_NH6e2wMveX7G-rP2dAqsDSq1mJMOaY&_nc_zt=24&_nc_ht=scontent-gig4-1.xx&_nc_gid=AoBFJeGrT1hVaew_6rchkQ&oh=00_AfX7QmFGhQhG2jAllVgXCiM1ZrWgvtp80-Bfppyexh1QEg&oe=689E923C\",\"@id\":\"https:\\\/\\\/anoticiaonline.com.br\\\/site\\\/festival-de-gastronomia-de-pirapanema-tem-sua-programacao-divulgada\\\/#organizationLogo\"},\"image\":{\"@id\":\"https:\\\/\\\/anoticiaonline.com.br\\\/site\\\/festival-de-gastronomia-de-pirapanema-tem-sua-programacao-divulgada\\\/#organizationLogo\"}},{\"@type\":\"Person\",\"@id\":\"https:\\\/\\\/anoticiaonline.com.br\\\/site\\\/author\\\/juliana\\\/#author\",\"url\":\"https:\\\/\\\/anoticiaonline.com.br\\\/site\\\/author\\\/juliana\\\/\",\"name\":\"Juliana Laviola\",\"image\":{\"@type\":\"ImageObject\",\"@id\":\"https:\\\/\\\/anoticiaonline.com.br\\\/site\\\/festival-de-gastronomia-de-pirapanema-tem-sua-programacao-divulgada\\\/#authorImage\",\"url\":\"https:\\\/\\\/secure.gravatar.com\\\/avatar\\\/b8d45f5c699b100dfaf0e543582f38f38bf94cb7ae3a5e9abf8d891a34773335?s=96&d=mm&r=g\",\"width\":96,\"height\":96,\"caption\":\"Juliana Laviola\"}},{\"@type\":\"WebPage\",\"@id\":\"https:\\\/\\\/anoticiaonline.com.br\\\/site\\\/festival-de-gastronomia-de-pirapanema-tem-sua-programacao-divulgada\\\/#webpage\",\"url\":\"https:\\\/\\\/anoticiaonline.com.br\\\/site\\\/festival-de-gastronomia-de-pirapanema-tem-sua-programacao-divulgada\\\/\",\"name\":\"Festival de Gastronomia de Pirapanema tem sua programa\\u00e7\\u00e3o divulgada - A Not\\u00edcia Online\",\"description\":\"Dia 10 de agosto tem in\\u00edcio a 7\\u00aa Edi\\u00e7\\u00e3o do Festival de Gastronomia, Jazz e Blues e Open de Parapente no distrito de Pirapanema. O evento tem o apoio do governo estadual, atrav\\u00e9s da Companhia de Desenvolvimento de Econ\\u00f4mico de Minas Gerais (CODEMIG), da prefeitura municipal de Muria\\u00e9, por meio da Fundarte e secretaria de\",\"inLanguage\":\"pt-BR\",\"isPartOf\":{\"@id\":\"https:\\\/\\\/anoticiaonline.com.br\\\/site\\\/#website\"},\"breadcrumb\":{\"@id\":\"https:\\\/\\\/anoticiaonline.com.br\\\/site\\\/festival-de-gastronomia-de-pirapanema-tem-sua-programacao-divulgada\\\/#breadcrumblist\"},\"author\":{\"@id\":\"https:\\\/\\\/anoticiaonline.com.br\\\/site\\\/author\\\/juliana\\\/#author\"},\"creator\":{\"@id\":\"https:\\\/\\\/anoticiaonline.com.br\\\/site\\\/author\\\/juliana\\\/#author\"},\"image\":{\"@type\":\"ImageObject\",\"url\":\"https:\\\/\\\/anoticiaonline.com.br\\\/site\\\/wp-content\\\/uploads\\\/2017\\\/08\\\/20525973_1430896643661855_5709998261413483047_n.jpg\",\"@id\":\"https:\\\/\\\/anoticiaonline.com.br\\\/site\\\/festival-de-gastronomia-de-pirapanema-tem-sua-programacao-divulgada\\\/#mainImage\",\"width\":640,\"height\":640},\"primaryImageOfPage\":{\"@id\":\"https:\\\/\\\/anoticiaonline.com.br\\\/site\\\/festival-de-gastronomia-de-pirapanema-tem-sua-programacao-divulgada\\\/#mainImage\"},\"datePublished\":\"2017-08-04T13:52:51-03:00\",\"dateModified\":\"2017-08-04T11:57:52-03:00\"},{\"@type\":\"WebSite\",\"@id\":\"https:\\\/\\\/anoticiaonline.com.br\\\/site\\\/#website\",\"url\":\"https:\\\/\\\/anoticiaonline.com.br\\\/site\\\/\",\"name\":\"A Not\\u00edcia Online\",\"description\":\"Noticias de Muria\\u00e9 e regi\\u00e3o\",\"inLanguage\":\"pt-BR\",\"publisher\":{\"@id\":\"https:\\\/\\\/anoticiaonline.com.br\\\/site\\\/#organization\"}}]}\n\t\t<\/script>\n\t\t<!-- All in One SEO -->\n\n","aioseo_head_json":{"title":"Festival de Gastronomia de Pirapanema tem sua programa\u00e7\u00e3o divulgada - A Not\u00edcia Online","description":"Dia 10 de agosto tem in\u00edcio a 7\u00aa Edi\u00e7\u00e3o do Festival de Gastronomia, Jazz e Blues e Open de Parapente no distrito de Pirapanema. O evento tem o apoio do governo estadual, atrav\u00e9s da Companhia de Desenvolvimento de Econ\u00f4mico de Minas Gerais (CODEMIG), da prefeitura municipal de Muria\u00e9, por meio da Fundarte e secretaria de","canonical_url":"https:\/\/anoticiaonline.com.br\/site\/festival-de-gastronomia-de-pirapanema-tem-sua-programacao-divulgada\/","robots":"max-image-preview:large","keywords":"","webmasterTools":{"miscellaneous":""},"schema":{"@context":"https:\/\/schema.org","@graph":[{"@type":"BlogPosting","@id":"https:\/\/anoticiaonline.com.br\/site\/festival-de-gastronomia-de-pirapanema-tem-sua-programacao-divulgada\/#blogposting","name":"Festival de Gastronomia de Pirapanema tem sua programa\u00e7\u00e3o divulgada - A Not\u00edcia Online","headline":"Festival de Gastronomia de Pirapanema tem sua programa\u00e7\u00e3o divulgada","author":{"@id":"https:\/\/anoticiaonline.com.br\/site\/author\/juliana\/#author"},"publisher":{"@id":"https:\/\/anoticiaonline.com.br\/site\/#organization"},"image":{"@type":"ImageObject","url":"https:\/\/anoticiaonline.com.br\/site\/wp-content\/uploads\/2017\/08\/20525973_1430896643661855_5709998261413483047_n.jpg","width":640,"height":640},"datePublished":"2017-08-04T13:52:51-03:00","dateModified":"2017-08-04T11:57:52-03:00","inLanguage":"pt-BR","mainEntityOfPage":{"@id":"https:\/\/anoticiaonline.com.br\/site\/festival-de-gastronomia-de-pirapanema-tem-sua-programacao-divulgada\/#webpage"},"isPartOf":{"@id":"https:\/\/anoticiaonline.com.br\/site\/festival-de-gastronomia-de-pirapanema-tem-sua-programacao-divulgada\/#webpage"},"articleSection":"Blog, slide"},{"@type":"BreadcrumbList","@id":"https:\/\/anoticiaonline.com.br\/site\/festival-de-gastronomia-de-pirapanema-tem-sua-programacao-divulgada\/#breadcrumblist","itemListElement":[{"@type":"ListItem","@id":"https:\/\/anoticiaonline.com.br\/site#listItem","position":1,"name":"Home","item":"https:\/\/anoticiaonline.com.br\/site","nextItem":{"@type":"ListItem","@id":"https:\/\/anoticiaonline.com.br\/site\/categoria\/muriae\/#listItem","name":"Blog"}},{"@type":"ListItem","@id":"https:\/\/anoticiaonline.com.br\/site\/categoria\/muriae\/#listItem","position":2,"name":"Blog","item":"https:\/\/anoticiaonline.com.br\/site\/categoria\/muriae\/","nextItem":{"@type":"ListItem","@id":"https:\/\/anoticiaonline.com.br\/site\/festival-de-gastronomia-de-pirapanema-tem-sua-programacao-divulgada\/#listItem","name":"Festival de Gastronomia de Pirapanema tem sua programa\u00e7\u00e3o divulgada"},"previousItem":{"@type":"ListItem","@id":"https:\/\/anoticiaonline.com.br\/site#listItem","name":"Home"}},{"@type":"ListItem","@id":"https:\/\/anoticiaonline.com.br\/site\/festival-de-gastronomia-de-pirapanema-tem-sua-programacao-divulgada\/#listItem","position":3,"name":"Festival de Gastronomia de Pirapanema tem sua programa\u00e7\u00e3o divulgada","previousItem":{"@type":"ListItem","@id":"https:\/\/anoticiaonline.com.br\/site\/categoria\/muriae\/#listItem","name":"Blog"}}]},{"@type":"Organization","@id":"https:\/\/anoticiaonline.com.br\/site\/#organization","name":"A Not\u00edcia Online","description":"Noticias de Muria\u00e9 e regi\u00e3o","url":"https:\/\/anoticiaonline.com.br\/site\/","logo":{"@type":"ImageObject","url":"https:\/\/scontent-gig4-1.xx.fbcdn.net\/v\/t39.30808-1\/270437624_4564083193639691_6907940295614233970_n.jpg?stp=dst-jpg_s200x200_tt6&_nc_cat=111&ccb=1-7&_nc_sid=f907e8&_nc_ohc=SM1wRlP3lJwQ7kNvwEPuBYA&_nc_oc=AdnqrjDN_BNjSSHWO-GbkIWH6fkGMLw4bqvL_NH6e2wMveX7G-rP2dAqsDSq1mJMOaY&_nc_zt=24&_nc_ht=scontent-gig4-1.xx&_nc_gid=AoBFJeGrT1hVaew_6rchkQ&oh=00_AfX7QmFGhQhG2jAllVgXCiM1ZrWgvtp80-Bfppyexh1QEg&oe=689E923C","@id":"https:\/\/anoticiaonline.com.br\/site\/festival-de-gastronomia-de-pirapanema-tem-sua-programacao-divulgada\/#organizationLogo"},"image":{"@id":"https:\/\/anoticiaonline.com.br\/site\/festival-de-gastronomia-de-pirapanema-tem-sua-programacao-divulgada\/#organizationLogo"}},{"@type":"Person","@id":"https:\/\/anoticiaonline.com.br\/site\/author\/juliana\/#author","url":"https:\/\/anoticiaonline.com.br\/site\/author\/juliana\/","name":"Juliana Laviola","image":{"@type":"ImageObject","@id":"https:\/\/anoticiaonline.com.br\/site\/festival-de-gastronomia-de-pirapanema-tem-sua-programacao-divulgada\/#authorImage","url":"https:\/\/secure.gravatar.com\/avatar\/b8d45f5c699b100dfaf0e543582f38f38bf94cb7ae3a5e9abf8d891a34773335?s=96&d=mm&r=g","width":96,"height":96,"caption":"Juliana Laviola"}},{"@type":"WebPage","@id":"https:\/\/anoticiaonline.com.br\/site\/festival-de-gastronomia-de-pirapanema-tem-sua-programacao-divulgada\/#webpage","url":"https:\/\/anoticiaonline.com.br\/site\/festival-de-gastronomia-de-pirapanema-tem-sua-programacao-divulgada\/","name":"Festival de Gastronomia de Pirapanema tem sua programa\u00e7\u00e3o divulgada - A Not\u00edcia Online","description":"Dia 10 de agosto tem in\u00edcio a 7\u00aa Edi\u00e7\u00e3o do Festival de Gastronomia, Jazz e Blues e Open de Parapente no distrito de Pirapanema. O evento tem o apoio do governo estadual, atrav\u00e9s da Companhia de Desenvolvimento de Econ\u00f4mico de Minas Gerais (CODEMIG), da prefeitura municipal de Muria\u00e9, por meio da Fundarte e secretaria de","inLanguage":"pt-BR","isPartOf":{"@id":"https:\/\/anoticiaonline.com.br\/site\/#website"},"breadcrumb":{"@id":"https:\/\/anoticiaonline.com.br\/site\/festival-de-gastronomia-de-pirapanema-tem-sua-programacao-divulgada\/#breadcrumblist"},"author":{"@id":"https:\/\/anoticiaonline.com.br\/site\/author\/juliana\/#author"},"creator":{"@id":"https:\/\/anoticiaonline.com.br\/site\/author\/juliana\/#author"},"image":{"@type":"ImageObject","url":"https:\/\/anoticiaonline.com.br\/site\/wp-content\/uploads\/2017\/08\/20525973_1430896643661855_5709998261413483047_n.jpg","@id":"https:\/\/anoticiaonline.com.br\/site\/festival-de-gastronomia-de-pirapanema-tem-sua-programacao-divulgada\/#mainImage","width":640,"height":640},"primaryImageOfPage":{"@id":"https:\/\/anoticiaonline.com.br\/site\/festival-de-gastronomia-de-pirapanema-tem-sua-programacao-divulgada\/#mainImage"},"datePublished":"2017-08-04T13:52:51-03:00","dateModified":"2017-08-04T11:57:52-03:00"},{"@type":"WebSite","@id":"https:\/\/anoticiaonline.com.br\/site\/#website","url":"https:\/\/anoticiaonline.com.br\/site\/","name":"A Not\u00edcia Online","description":"Noticias de Muria\u00e9 e regi\u00e3o","inLanguage":"pt-BR","publisher":{"@id":"https:\/\/anoticiaonline.com.br\/site\/#organization"}}]},"og:locale":"pt_BR","og:site_name":"A Not\u00edcia Online - Noticias de Muria\u00e9 e regi\u00e3o","og:type":"article","og:title":"Festival de Gastronomia de Pirapanema tem sua programa\u00e7\u00e3o divulgada - A Not\u00edcia Online","og:description":"Dia 10 de agosto tem in\u00edcio a 7\u00aa Edi\u00e7\u00e3o do Festival de Gastronomia, Jazz e Blues e Open de Parapente no distrito de Pirapanema. O evento tem o apoio do governo estadual, atrav\u00e9s da Companhia de Desenvolvimento de Econ\u00f4mico de Minas Gerais (CODEMIG), da prefeitura municipal de Muria\u00e9, por meio da Fundarte e secretaria de","og:url":"https:\/\/anoticiaonline.com.br\/site\/festival-de-gastronomia-de-pirapanema-tem-sua-programacao-divulgada\/","og:image":"https:\/\/scontent-gig4-1.xx.fbcdn.net\/v\/t39.30808-1\/270437624_4564083193639691_6907940295614233970_n.jpg?stp=dst-jpg_s200x200_tt6&#038;_nc_cat=111&#038;ccb=1-7&#038;_nc_sid=f907e8&#038;_nc_ohc=SM1wRlP3lJwQ7kNvwEPuBYA&#038;_nc_oc=AdnqrjDN_BNjSSHWO-GbkIWH6fkGMLw4bqvL_NH6e2wMveX7G-rP2dAqsDSq1mJMOaY&#038;_nc_zt=24&#038;_nc_ht=scontent-gig4-1.xx&#038;_nc_gid=AoBFJeGrT1hVaew_6rchkQ&#038;oh=00_AfX7QmFGhQhG2jAllVgXCiM1ZrWgvtp80-Bfppyexh1QEg&#038;oe=689E923C","og:image:secure_url":"https:\/\/scontent-gig4-1.xx.fbcdn.net\/v\/t39.30808-1\/270437624_4564083193639691_6907940295614233970_n.jpg?stp=dst-jpg_s200x200_tt6&#038;_nc_cat=111&#038;ccb=1-7&#038;_nc_sid=f907e8&#038;_nc_ohc=SM1wRlP3lJwQ7kNvwEPuBYA&#038;_nc_oc=AdnqrjDN_BNjSSHWO-GbkIWH6fkGMLw4bqvL_NH6e2wMveX7G-rP2dAqsDSq1mJMOaY&#038;_nc_zt=24&#038;_nc_ht=scontent-gig4-1.xx&#038;_nc_gid=AoBFJeGrT1hVaew_6rchkQ&#038;oh=00_AfX7QmFGhQhG2jAllVgXCiM1ZrWgvtp80-Bfppyexh1QEg&#038;oe=689E923C","article:published_time":"2017-08-04T16:52:51+00:00","article:modified_time":"2017-08-04T14:57:52+00:00","twitter:card":"summary_large_image","twitter:title":"Festival de Gastronomia de Pirapanema tem sua programa\u00e7\u00e3o divulgada - A Not\u00edcia Online","twitter:description":"Dia 10 de agosto tem in\u00edcio a 7\u00aa Edi\u00e7\u00e3o do Festival de Gastronomia, Jazz e Blues e Open de Parapente no distrito de Pirapanema. O evento tem o apoio do governo estadual, atrav\u00e9s da Companhia de Desenvolvimento de Econ\u00f4mico de Minas Gerais (CODEMIG), da prefeitura municipal de Muria\u00e9, por meio da Fundarte e secretaria de","twitter:image":"https:\/\/scontent-gig4-1.xx.fbcdn.net\/v\/t39.30808-1\/270437624_4564083193639691_6907940295614233970_n.jpg?stp=dst-jpg_s200x200_tt6&_nc_cat=111&ccb=1-7&_nc_sid=f907e8&_nc_ohc=SM1wRlP3lJwQ7kNvwEPuBYA&_nc_oc=AdnqrjDN_BNjSSHWO-GbkIWH6fkGMLw4bqvL_NH6e2wMveX7G-rP2dAqsDSq1mJMOaY&_nc_zt=24&_nc_ht=scontent-gig4-1.xx&_nc_gid=AoBFJeGrT1hVaew_6rchkQ&oh=00_AfX7QmFGhQhG2jAllVgXCiM1ZrWgvtp80-Bfppyexh1QEg&oe=689E923C"},"aioseo_meta_data":{"post_id":"37427","title":null,"description":null,"keywords":null,"keyphrases":null,"primary_term":null,"canonical_url":null,"og_title":null,"og_description":null,"og_object_type":"default","og_image_type":"default","og_image_url":null,"og_image_width":null,"og_image_height":null,"og_image_custom_url":null,"og_image_custom_fields":null,"og_video":null,"og_custom_url":null,"og_article_section":null,"og_article_tags":null,"twitter_use_og":false,"twitter_card":"default","twitter_image_type":"default","twitter_image_url":null,"twitter_image_custom_url":null,"twitter_image_custom_fields":null,"twitter_title":null,"twitter_description":null,"schema":{"blockGraphs":[],"customGraphs":[],"default":{"data":{"Article":[],"Course":[],"Dataset":[],"FAQPage":[],"Movie":[],"Person":[],"Product":[],"ProductReview":[],"Car":[],"Recipe":[],"Service":[],"SoftwareApplication":[],"WebPage":[]},"graphName":"","isEnabled":true},"graphs":[]},"schema_type":"default","schema_type_options":null,"pillar_content":false,"robots_default":true,"robots_noindex":false,"robots_noarchive":false,"robots_nosnippet":false,"robots_nofollow":false,"robots_noimageindex":false,"robots_noodp":false,"robots_notranslate":false,"robots_max_snippet":null,"robots_max_videopreview":null,"robots_max_imagepreview":"large","priority":null,"frequency":null,"local_seo":null,"breadcrumb_settings":null,"limit_modified_date":false,"ai":null,"created":"2025-08-16 19:05:20","updated":"2025-08-16 19:05:20","focus_keyword":null,"additional_keywords":null,"truseo_locale":null,"seo_analyzer_scan_date":null},"aioseo_breadcrumb":"<div class=\"aioseo-breadcrumbs\"><span class=\"aioseo-breadcrumb\">\n\t\t\t<a href=\"https:\/\/anoticiaonline.com.br\/site\" title=\"Home\">Home<\/a>\n\t\t<\/span><span class=\"aioseo-breadcrumb-separator\">&raquo;<\/span><span class=\"aioseo-breadcrumb\">\n\t\t\t<a href=\"https:\/\/anoticiaonline.com.br\/site\/categoria\/muriae\/\" title=\"Blog\">Blog<\/a>\n\t\t<\/span><span class=\"aioseo-breadcrumb-separator\">&raquo;<\/span><span class=\"aioseo-breadcrumb\">\n\t\t\tFestival de Gastronomia de Pirapanema tem sua programa\u00e7\u00e3o divulgada\n\t\t<\/span><\/div>","aioseo_breadcrumb_json":[{"label":"Home","link":"https:\/\/anoticiaonline.com.br\/site"},{"label":"Blog","link":"https:\/\/anoticiaonline.com.br\/site\/categoria\/muriae\/"},{"label":"Festival de Gastronomia de Pirapanema tem sua programa\u00e7\u00e3o divulgada","link":"https:\/\/anoticiaonline.com.br\/site\/festival-de-gastronomia-de-pirapanema-tem-sua-programacao-divulgada\/"}],"views":118,"_links":{"self":[{"href":"https:\/\/anoticiaonline.com.br\/site\/wp-json\/wp\/v2\/posts\/37427","targetHints":{"allow":["GET"]}}],"collection":[{"href":"https:\/\/anoticiaonline.com.br\/site\/wp-json\/wp\/v2\/posts"}],"about":[{"href":"https:\/\/anoticiaonline.com.br\/site\/wp-json\/wp\/v2\/types\/post"}],"author":[{"embeddable":true,"href":"https:\/\/anoticiaonline.com.br\/site\/wp-json\/wp\/v2\/users\/2"}],"replies":[{"embeddable":true,"href":"https:\/\/anoticiaonline.com.br\/site\/wp-json\/wp\/v2\/comments?post=37427"}],"version-history":[{"count":0,"href":"https:\/\/anoticiaonline.com.br\/site\/wp-json\/wp\/v2\/posts\/37427\/revisions"}],"wp:featuredmedia":[{"embeddable":true,"href":"https:\/\/anoticiaonline.com.br\/site\/wp-json\/wp\/v2\/media\/37428"}],"wp:attachment":[{"href":"https:\/\/anoticiaonline.com.br\/site\/wp-json\/wp\/v2\/media?parent=37427"}],"wp:term":[{"taxonomy":"category","embeddable":true,"href":"https:\/\/anoticiaonline.com.br\/site\/wp-json\/wp\/v2\/categories?post=37427"},{"taxonomy":"post_tag","embeddable":true,"href":"https:\/\/anoticiaonline.com.br\/site\/wp-json\/wp\/v2\/tags?post=37427"}],"curies":[{"name":"wp","href":"https:\/\/api.w.org\/{rel}","templated":true}]}}