{"id":37315,"date":"2017-08-05T14:00:18","date_gmt":"2017-08-05T17:00:18","guid":{"rendered":"http:\/\/anoticiaonline.com.br\/site\/?p=37315"},"modified":"2017-08-03T23:28:01","modified_gmt":"2017-08-04T02:28:01","slug":"sol-neve-reinaugura-sua-loja-em-muriae","status":"publish","type":"post","link":"https:\/\/anoticiaonline.com.br\/site\/sol-neve-reinaugura-sua-loja-em-muriae\/","title":{"rendered":"Sol &#038; Neve reinaugura sua loja em Muria\u00e9"},"content":{"rendered":"<p><a href=\"https:\/\/anoticiaonline.com.br\/site\/wp-content\/uploads\/2017\/08\/DSC_0214.jpg\"><br \/>\n<img fetchpriority=\"high\" decoding=\"async\" class=\"alignleft size-medium wp-image-37316\" src=\"https:\/\/anoticiaonline.com.br\/site\/wp-content\/uploads\/2017\/08\/DSC_0214-300x199.jpg\" alt=\"\" width=\"300\" height=\"199\" srcset=\"https:\/\/anoticiaonline.com.br\/site\/wp-content\/uploads\/2017\/08\/DSC_0214-300x199.jpg 300w, https:\/\/anoticiaonline.com.br\/site\/wp-content\/uploads\/2017\/08\/DSC_0214-290x192.jpg 290w, https:\/\/anoticiaonline.com.br\/site\/wp-content\/uploads\/2017\/08\/DSC_0214.jpg 640w\" sizes=\"(max-width: 300px) 100vw, 300px\" \/><\/a> <a href=\"https:\/\/anoticiaonline.com.br\/site\/wp-content\/uploads\/2017\/08\/DSC_0234.jpg\"><img decoding=\"async\" class=\"alignleft size-medium wp-image-37317\" src=\"https:\/\/anoticiaonline.com.br\/site\/wp-content\/uploads\/2017\/08\/DSC_0234-300x199.jpg\" alt=\"\" width=\"300\" height=\"199\" srcset=\"https:\/\/anoticiaonline.com.br\/site\/wp-content\/uploads\/2017\/08\/DSC_0234-300x199.jpg 300w, https:\/\/anoticiaonline.com.br\/site\/wp-content\/uploads\/2017\/08\/DSC_0234-290x192.jpg 290w, https:\/\/anoticiaonline.com.br\/site\/wp-content\/uploads\/2017\/08\/DSC_0234.jpg 640w\" sizes=\"(max-width: 300px) 100vw, 300px\" \/><\/a> <a href=\"https:\/\/anoticiaonline.com.br\/site\/wp-content\/uploads\/2017\/08\/DSC_0292.jpg\"><img decoding=\"async\" class=\"alignleft size-medium wp-image-37318\" src=\"https:\/\/anoticiaonline.com.br\/site\/wp-content\/uploads\/2017\/08\/DSC_0292-300x199.jpg\" alt=\"\" width=\"300\" height=\"199\" srcset=\"https:\/\/anoticiaonline.com.br\/site\/wp-content\/uploads\/2017\/08\/DSC_0292-300x199.jpg 300w, https:\/\/anoticiaonline.com.br\/site\/wp-content\/uploads\/2017\/08\/DSC_0292-290x192.jpg 290w, https:\/\/anoticiaonline.com.br\/site\/wp-content\/uploads\/2017\/08\/DSC_0292.jpg 640w\" sizes=\"(max-width: 300px) 100vw, 300px\" \/><\/a> <a href=\"https:\/\/anoticiaonline.com.br\/site\/wp-content\/uploads\/2017\/08\/DSC_0311.jpg\"><img loading=\"lazy\" decoding=\"async\" class=\"alignleft size-medium wp-image-37319\" src=\"https:\/\/anoticiaonline.com.br\/site\/wp-content\/uploads\/2017\/08\/DSC_0311-300x199.jpg\" alt=\"\" width=\"300\" height=\"199\" srcset=\"https:\/\/anoticiaonline.com.br\/site\/wp-content\/uploads\/2017\/08\/DSC_0311-300x199.jpg 300w, https:\/\/anoticiaonline.com.br\/site\/wp-content\/uploads\/2017\/08\/DSC_0311-290x192.jpg 290w, https:\/\/anoticiaonline.com.br\/site\/wp-content\/uploads\/2017\/08\/DSC_0311.jpg 640w\" sizes=\"(max-width: 300px) 100vw, 300px\" \/><\/a>Foi em clima de muita felicidade, em meio \u00e0 m\u00fasica e bal\u00f5es decorativos, que a sorveteria Sol &amp; Neve reinaugurou seu novo espa\u00e7o na Avenida Constantino Pinto, na sexta-feira (28).<\/p>\n<p>O ambiente ganhou cara nova com local mais amplo, moderno e confort\u00e1vel para os clientes, em especial para as crian\u00e7as. Agora, a loja possui uma \u00e1rea de recrea\u00e7\u00e3o com piscina de bolinhas, obst\u00e1culos, cama el\u00e1stica e uma mesa de airsoft. Divers\u00e3o garantida para todas as idades.<\/p>\n<p>O propriet\u00e1rio, J\u00f4 Intrebartoli, contou que a sorveteria dobrou seu tamanho. \u201cPossivelmente, num futuro pr\u00f3ximo, pretendo criar um segundo ambiente para festas infantis. O p\u00fablico merece o melhor e, por isso, precisamos sempre inovar. Espero que toda a fam\u00edlia muriaeense prestigie a nova Sol &amp; Neve e que todos possam vir conhecer nossas novidades e as del\u00edcias de inverno que continuam no card\u00e1pio. Aproveito para agradecer a todos amigos que vieram na nossa reabertura, o apoio de nossos colaboradores, a toda equipe da franquia\u201d.<\/p>\n<p>A sorveteria Sol &amp; Neve funciona todos os dias da semana de 10h \u00e0s 23h30 e oferece aos amantes do sorvete mais de trinta sabores, al\u00e9m de paletas, a\u00e7a\u00ed, picol\u00e9s, guloseimas como as del\u00edcias 2017: Gran Gateau Cookies, Sopa de Chocolates e muito mais.<\/p>\n<p><img decoding=\"async\" class=\"ngg_displayed_gallery mceItem\" src=\"https:\/\/anoticiaonline.com.br\/site\/nextgen-attach_to_post\/preview\/id--37371\" \/><\/p>\n","protected":false},"excerpt":{"rendered":"<p>Foi em clima de muita felicidade, em meio \u00e0 m\u00fasica e bal\u00f5es decorativos, que a sorveteria Sol &amp; Neve reinaugurou seu novo espa\u00e7o na Avenida Constantino Pinto, na sexta-feira (28). O ambiente ganhou cara nova com local mais amplo, moderno e confort\u00e1vel para os clientes, em especial para as crian\u00e7as. Agora, a loja possui uma &#8230; <a title=\"Sol &#038; Neve reinaugura sua loja em Muria\u00e9\" class=\"read-more\" href=\"https:\/\/anoticiaonline.com.br\/site\/sol-neve-reinaugura-sua-loja-em-muriae\/\" aria-label=\"Read more about Sol &#038; Neve reinaugura sua loja em Muria\u00e9\">Ler mais<\/a><\/p>\n","protected":false},"author":2,"featured_media":37318,"comment_status":"open","ping_status":"open","sticky":false,"template":"","format":"standard","meta":{"_acf_changed":false,"_monsterinsights_skip_tracking":false,"footnotes":""},"categories":[30,24],"tags":[809,805,808,466,806,461,800,20,804,807,3,802,801,803],"class_list":["post-37315","post","type-post","status-publish","format-standard","has-post-thumbnail","hentry","category-muriae","category-eventos","tag-air-soft","tag-avenida-constantino-pinto","tag-brinquedo","tag-franquia","tag-gelado","tag-gostoso","tag-gran-gateau-cookies","tag-inauguracao","tag-jo-intrebartoli","tag-legal","tag-slide","tag-sol-neve","tag-sopa-de-chocolates","tag-sorveteria-muriae"],"acf":[],"aioseo_notices":[],"aioseo_head":"\n\t\t<!-- All in One SEO 5.0.0.1 - aioseo.com -->\n\t<meta name=\"description\" content=\"Foi em clima de muita felicidade, em meio \u00e0 m\u00fasica e bal\u00f5es decorativos, que a sorveteria Sol &amp; Neve reinaugurou seu novo espa\u00e7o na Avenida Constantino Pinto, na sexta-feira (28). O ambiente ganhou cara nova com local mais amplo, moderno e confort\u00e1vel para os clientes, em especial para as crian\u00e7as. Agora, a loja possui uma\" \/>\n\t<meta name=\"robots\" content=\"max-image-preview:large\" \/>\n\t<meta name=\"author\" content=\"Juliana Laviola\"\/>\n\t<link rel=\"canonical\" href=\"https:\/\/anoticiaonline.com.br\/site\/sol-neve-reinaugura-sua-loja-em-muriae\/\" \/>\n\t<meta name=\"generator\" content=\"All in One SEO (AIOSEO) 5.0.0.1\" \/>\n\t\t<meta property=\"og:locale\" content=\"pt_BR\" \/>\n\t\t<meta property=\"og:site_name\" content=\"A Not\u00edcia Online - Noticias de Muria\u00e9 e regi\u00e3o\" \/>\n\t\t<meta property=\"og:type\" content=\"article\" \/>\n\t\t<meta property=\"og:title\" content=\"Sol &amp; Neve reinaugura sua loja em Muria\u00e9 - A Not\u00edcia Online\" \/>\n\t\t<meta property=\"og:description\" content=\"Foi em clima de muita felicidade, em meio \u00e0 m\u00fasica e bal\u00f5es decorativos, que a sorveteria Sol &amp; Neve reinaugurou seu novo espa\u00e7o na Avenida Constantino Pinto, na sexta-feira (28). O ambiente ganhou cara nova com local mais amplo, moderno e confort\u00e1vel para os clientes, em especial para as crian\u00e7as. Agora, a loja possui uma\" \/>\n\t\t<meta property=\"og:url\" content=\"https:\/\/anoticiaonline.com.br\/site\/sol-neve-reinaugura-sua-loja-em-muriae\/\" \/>\n\t\t<meta property=\"og:image\" content=\"https:\/\/scontent-gig4-1.xx.fbcdn.net\/v\/t39.30808-1\/270437624_4564083193639691_6907940295614233970_n.jpg?stp=dst-jpg_s200x200_tt6&#038;_nc_cat=111&#038;ccb=1-7&#038;_nc_sid=f907e8&#038;_nc_ohc=SM1wRlP3lJwQ7kNvwEPuBYA&#038;_nc_oc=AdnqrjDN_BNjSSHWO-GbkIWH6fkGMLw4bqvL_NH6e2wMveX7G-rP2dAqsDSq1mJMOaY&#038;_nc_zt=24&#038;_nc_ht=scontent-gig4-1.xx&#038;_nc_gid=AoBFJeGrT1hVaew_6rchkQ&#038;oh=00_AfX7QmFGhQhG2jAllVgXCiM1ZrWgvtp80-Bfppyexh1QEg&#038;oe=689E923C\" \/>\n\t\t<meta property=\"og:image:secure_url\" content=\"https:\/\/scontent-gig4-1.xx.fbcdn.net\/v\/t39.30808-1\/270437624_4564083193639691_6907940295614233970_n.jpg?stp=dst-jpg_s200x200_tt6&#038;_nc_cat=111&#038;ccb=1-7&#038;_nc_sid=f907e8&#038;_nc_ohc=SM1wRlP3lJwQ7kNvwEPuBYA&#038;_nc_oc=AdnqrjDN_BNjSSHWO-GbkIWH6fkGMLw4bqvL_NH6e2wMveX7G-rP2dAqsDSq1mJMOaY&#038;_nc_zt=24&#038;_nc_ht=scontent-gig4-1.xx&#038;_nc_gid=AoBFJeGrT1hVaew_6rchkQ&#038;oh=00_AfX7QmFGhQhG2jAllVgXCiM1ZrWgvtp80-Bfppyexh1QEg&#038;oe=689E923C\" \/>\n\t\t<meta property=\"article:published_time\" content=\"2017-08-05T17:00:18+00:00\" \/>\n\t\t<meta property=\"article:modified_time\" content=\"2017-08-04T02:28:01+00:00\" \/>\n\t\t<meta name=\"twitter:card\" content=\"summary_large_image\" \/>\n\t\t<meta name=\"twitter:title\" content=\"Sol &amp; Neve reinaugura sua loja em Muria\u00e9 - A Not\u00edcia Online\" \/>\n\t\t<meta name=\"twitter:description\" content=\"Foi em clima de muita felicidade, em meio \u00e0 m\u00fasica e bal\u00f5es decorativos, que a sorveteria Sol &amp; Neve reinaugurou seu novo espa\u00e7o na Avenida Constantino Pinto, na sexta-feira (28). O ambiente ganhou cara nova com local mais amplo, moderno e confort\u00e1vel para os clientes, em especial para as crian\u00e7as. Agora, a loja possui uma\" \/>\n\t\t<meta name=\"twitter:image\" content=\"https:\/\/scontent-gig4-1.xx.fbcdn.net\/v\/t39.30808-1\/270437624_4564083193639691_6907940295614233970_n.jpg?stp=dst-jpg_s200x200_tt6&amp;_nc_cat=111&amp;ccb=1-7&amp;_nc_sid=f907e8&amp;_nc_ohc=SM1wRlP3lJwQ7kNvwEPuBYA&amp;_nc_oc=AdnqrjDN_BNjSSHWO-GbkIWH6fkGMLw4bqvL_NH6e2wMveX7G-rP2dAqsDSq1mJMOaY&amp;_nc_zt=24&amp;_nc_ht=scontent-gig4-1.xx&amp;_nc_gid=AoBFJeGrT1hVaew_6rchkQ&amp;oh=00_AfX7QmFGhQhG2jAllVgXCiM1ZrWgvtp80-Bfppyexh1QEg&amp;oe=689E923C\" \/>\n\t\t<script type=\"application\/ld+json\" class=\"aioseo-schema\">\n\t\t\t{\"@context\":\"https:\\\/\\\/schema.org\",\"@graph\":[{\"@type\":\"BlogPosting\",\"@id\":\"https:\\\/\\\/anoticiaonline.com.br\\\/site\\\/sol-neve-reinaugura-sua-loja-em-muriae\\\/#blogposting\",\"name\":\"Sol & Neve reinaugura sua loja em Muria\\u00e9 - A Not\\u00edcia Online\",\"headline\":\"Sol &#038; Neve reinaugura sua loja em Muria\\u00e9\",\"author\":{\"@id\":\"https:\\\/\\\/anoticiaonline.com.br\\\/site\\\/author\\\/juliana\\\/#author\"},\"publisher\":{\"@id\":\"https:\\\/\\\/anoticiaonline.com.br\\\/site\\\/#organization\"},\"image\":{\"@type\":\"ImageObject\",\"url\":\"https:\\\/\\\/anoticiaonline.com.br\\\/site\\\/wp-content\\\/uploads\\\/2017\\\/08\\\/DSC_0292.jpg\",\"width\":640,\"height\":424},\"datePublished\":\"2017-08-05T14:00:18-03:00\",\"dateModified\":\"2017-08-03T23:28:01-03:00\",\"inLanguage\":\"pt-BR\",\"mainEntityOfPage\":{\"@id\":\"https:\\\/\\\/anoticiaonline.com.br\\\/site\\\/sol-neve-reinaugura-sua-loja-em-muriae\\\/#webpage\"},\"isPartOf\":{\"@id\":\"https:\\\/\\\/anoticiaonline.com.br\\\/site\\\/sol-neve-reinaugura-sua-loja-em-muriae\\\/#webpage\"},\"articleSection\":\"Blog, Eventos, air soft, Avenida Constantino Pinto, brinquedo, franquia, gelado, gostoso, Gran Gateau Cookies, inauguracao, J\\u00f4 Intrebartoli, legal, slide, Sol &amp; Neve, Sopa de Chocolates, sorveteria Muria\\u00e9\"},{\"@type\":\"BreadcrumbList\",\"@id\":\"https:\\\/\\\/anoticiaonline.com.br\\\/site\\\/sol-neve-reinaugura-sua-loja-em-muriae\\\/#breadcrumblist\",\"itemListElement\":[{\"@type\":\"ListItem\",\"@id\":\"https:\\\/\\\/anoticiaonline.com.br\\\/site#listItem\",\"position\":1,\"name\":\"Home\",\"item\":\"https:\\\/\\\/anoticiaonline.com.br\\\/site\",\"nextItem\":{\"@type\":\"ListItem\",\"@id\":\"https:\\\/\\\/anoticiaonline.com.br\\\/site\\\/categoria\\\/eventos\\\/#listItem\",\"name\":\"Eventos\"}},{\"@type\":\"ListItem\",\"@id\":\"https:\\\/\\\/anoticiaonline.com.br\\\/site\\\/categoria\\\/eventos\\\/#listItem\",\"position\":2,\"name\":\"Eventos\",\"item\":\"https:\\\/\\\/anoticiaonline.com.br\\\/site\\\/categoria\\\/eventos\\\/\",\"nextItem\":{\"@type\":\"ListItem\",\"@id\":\"https:\\\/\\\/anoticiaonline.com.br\\\/site\\\/sol-neve-reinaugura-sua-loja-em-muriae\\\/#listItem\",\"name\":\"Sol &#038; Neve reinaugura sua loja em Muria\\u00e9\"},\"previousItem\":{\"@type\":\"ListItem\",\"@id\":\"https:\\\/\\\/anoticiaonline.com.br\\\/site#listItem\",\"name\":\"Home\"}},{\"@type\":\"ListItem\",\"@id\":\"https:\\\/\\\/anoticiaonline.com.br\\\/site\\\/sol-neve-reinaugura-sua-loja-em-muriae\\\/#listItem\",\"position\":3,\"name\":\"Sol &#038; Neve reinaugura sua loja em Muria\\u00e9\",\"previousItem\":{\"@type\":\"ListItem\",\"@id\":\"https:\\\/\\\/anoticiaonline.com.br\\\/site\\\/categoria\\\/eventos\\\/#listItem\",\"name\":\"Eventos\"}}]},{\"@type\":\"Organization\",\"@id\":\"https:\\\/\\\/anoticiaonline.com.br\\\/site\\\/#organization\",\"name\":\"A Not\\u00edcia Online\",\"description\":\"Noticias de Muria\\u00e9 e regi\\u00e3o\",\"url\":\"https:\\\/\\\/anoticiaonline.com.br\\\/site\\\/\",\"logo\":{\"@type\":\"ImageObject\",\"url\":\"https:\\\/\\\/scontent-gig4-1.xx.fbcdn.net\\\/v\\\/t39.30808-1\\\/270437624_4564083193639691_6907940295614233970_n.jpg?stp=dst-jpg_s200x200_tt6&_nc_cat=111&ccb=1-7&_nc_sid=f907e8&_nc_ohc=SM1wRlP3lJwQ7kNvwEPuBYA&_nc_oc=AdnqrjDN_BNjSSHWO-GbkIWH6fkGMLw4bqvL_NH6e2wMveX7G-rP2dAqsDSq1mJMOaY&_nc_zt=24&_nc_ht=scontent-gig4-1.xx&_nc_gid=AoBFJeGrT1hVaew_6rchkQ&oh=00_AfX7QmFGhQhG2jAllVgXCiM1ZrWgvtp80-Bfppyexh1QEg&oe=689E923C\",\"@id\":\"https:\\\/\\\/anoticiaonline.com.br\\\/site\\\/sol-neve-reinaugura-sua-loja-em-muriae\\\/#organizationLogo\"},\"image\":{\"@id\":\"https:\\\/\\\/anoticiaonline.com.br\\\/site\\\/sol-neve-reinaugura-sua-loja-em-muriae\\\/#organizationLogo\"}},{\"@type\":\"Person\",\"@id\":\"https:\\\/\\\/anoticiaonline.com.br\\\/site\\\/author\\\/juliana\\\/#author\",\"url\":\"https:\\\/\\\/anoticiaonline.com.br\\\/site\\\/author\\\/juliana\\\/\",\"name\":\"Juliana Laviola\",\"image\":{\"@type\":\"ImageObject\",\"@id\":\"https:\\\/\\\/anoticiaonline.com.br\\\/site\\\/sol-neve-reinaugura-sua-loja-em-muriae\\\/#authorImage\",\"url\":\"https:\\\/\\\/secure.gravatar.com\\\/avatar\\\/b8d45f5c699b100dfaf0e543582f38f38bf94cb7ae3a5e9abf8d891a34773335?s=96&d=mm&r=g\",\"width\":96,\"height\":96,\"caption\":\"Juliana Laviola\"}},{\"@type\":\"WebPage\",\"@id\":\"https:\\\/\\\/anoticiaonline.com.br\\\/site\\\/sol-neve-reinaugura-sua-loja-em-muriae\\\/#webpage\",\"url\":\"https:\\\/\\\/anoticiaonline.com.br\\\/site\\\/sol-neve-reinaugura-sua-loja-em-muriae\\\/\",\"name\":\"Sol & Neve reinaugura sua loja em Muria\\u00e9 - A Not\\u00edcia Online\",\"description\":\"Foi em clima de muita felicidade, em meio \\u00e0 m\\u00fasica e bal\\u00f5es decorativos, que a sorveteria Sol & Neve reinaugurou seu novo espa\\u00e7o na Avenida Constantino Pinto, na sexta-feira (28). O ambiente ganhou cara nova com local mais amplo, moderno e confort\\u00e1vel para os clientes, em especial para as crian\\u00e7as. Agora, a loja possui uma\",\"inLanguage\":\"pt-BR\",\"isPartOf\":{\"@id\":\"https:\\\/\\\/anoticiaonline.com.br\\\/site\\\/#website\"},\"breadcrumb\":{\"@id\":\"https:\\\/\\\/anoticiaonline.com.br\\\/site\\\/sol-neve-reinaugura-sua-loja-em-muriae\\\/#breadcrumblist\"},\"author\":{\"@id\":\"https:\\\/\\\/anoticiaonline.com.br\\\/site\\\/author\\\/juliana\\\/#author\"},\"creator\":{\"@id\":\"https:\\\/\\\/anoticiaonline.com.br\\\/site\\\/author\\\/juliana\\\/#author\"},\"image\":{\"@type\":\"ImageObject\",\"url\":\"https:\\\/\\\/anoticiaonline.com.br\\\/site\\\/wp-content\\\/uploads\\\/2017\\\/08\\\/DSC_0292.jpg\",\"@id\":\"https:\\\/\\\/anoticiaonline.com.br\\\/site\\\/sol-neve-reinaugura-sua-loja-em-muriae\\\/#mainImage\",\"width\":640,\"height\":424},\"primaryImageOfPage\":{\"@id\":\"https:\\\/\\\/anoticiaonline.com.br\\\/site\\\/sol-neve-reinaugura-sua-loja-em-muriae\\\/#mainImage\"},\"datePublished\":\"2017-08-05T14:00:18-03:00\",\"dateModified\":\"2017-08-03T23:28:01-03:00\"},{\"@type\":\"WebSite\",\"@id\":\"https:\\\/\\\/anoticiaonline.com.br\\\/site\\\/#website\",\"url\":\"https:\\\/\\\/anoticiaonline.com.br\\\/site\\\/\",\"name\":\"A Not\\u00edcia Online\",\"description\":\"Noticias de Muria\\u00e9 e regi\\u00e3o\",\"inLanguage\":\"pt-BR\",\"publisher\":{\"@id\":\"https:\\\/\\\/anoticiaonline.com.br\\\/site\\\/#organization\"}}]}\n\t\t<\/script>\n\t\t<!-- All in One SEO -->\n\n","aioseo_head_json":{"title":"Sol & Neve reinaugura sua loja em Muria\u00e9 - A Not\u00edcia Online","description":"Foi em clima de muita felicidade, em meio \u00e0 m\u00fasica e bal\u00f5es decorativos, que a sorveteria Sol & Neve reinaugurou seu novo espa\u00e7o na Avenida Constantino Pinto, na sexta-feira (28). O ambiente ganhou cara nova com local mais amplo, moderno e confort\u00e1vel para os clientes, em especial para as crian\u00e7as. Agora, a loja possui uma","canonical_url":"https:\/\/anoticiaonline.com.br\/site\/sol-neve-reinaugura-sua-loja-em-muriae\/","robots":"max-image-preview:large","keywords":"","webmasterTools":{"miscellaneous":""},"schema":{"@context":"https:\/\/schema.org","@graph":[{"@type":"BlogPosting","@id":"https:\/\/anoticiaonline.com.br\/site\/sol-neve-reinaugura-sua-loja-em-muriae\/#blogposting","name":"Sol & Neve reinaugura sua loja em Muria\u00e9 - A Not\u00edcia Online","headline":"Sol &#038; Neve reinaugura sua loja em Muria\u00e9","author":{"@id":"https:\/\/anoticiaonline.com.br\/site\/author\/juliana\/#author"},"publisher":{"@id":"https:\/\/anoticiaonline.com.br\/site\/#organization"},"image":{"@type":"ImageObject","url":"https:\/\/anoticiaonline.com.br\/site\/wp-content\/uploads\/2017\/08\/DSC_0292.jpg","width":640,"height":424},"datePublished":"2017-08-05T14:00:18-03:00","dateModified":"2017-08-03T23:28:01-03:00","inLanguage":"pt-BR","mainEntityOfPage":{"@id":"https:\/\/anoticiaonline.com.br\/site\/sol-neve-reinaugura-sua-loja-em-muriae\/#webpage"},"isPartOf":{"@id":"https:\/\/anoticiaonline.com.br\/site\/sol-neve-reinaugura-sua-loja-em-muriae\/#webpage"},"articleSection":"Blog, Eventos, air soft, Avenida Constantino Pinto, brinquedo, franquia, gelado, gostoso, Gran Gateau Cookies, inauguracao, J\u00f4 Intrebartoli, legal, slide, Sol &amp; Neve, Sopa de Chocolates, sorveteria Muria\u00e9"},{"@type":"BreadcrumbList","@id":"https:\/\/anoticiaonline.com.br\/site\/sol-neve-reinaugura-sua-loja-em-muriae\/#breadcrumblist","itemListElement":[{"@type":"ListItem","@id":"https:\/\/anoticiaonline.com.br\/site#listItem","position":1,"name":"Home","item":"https:\/\/anoticiaonline.com.br\/site","nextItem":{"@type":"ListItem","@id":"https:\/\/anoticiaonline.com.br\/site\/categoria\/eventos\/#listItem","name":"Eventos"}},{"@type":"ListItem","@id":"https:\/\/anoticiaonline.com.br\/site\/categoria\/eventos\/#listItem","position":2,"name":"Eventos","item":"https:\/\/anoticiaonline.com.br\/site\/categoria\/eventos\/","nextItem":{"@type":"ListItem","@id":"https:\/\/anoticiaonline.com.br\/site\/sol-neve-reinaugura-sua-loja-em-muriae\/#listItem","name":"Sol &#038; Neve reinaugura sua loja em Muria\u00e9"},"previousItem":{"@type":"ListItem","@id":"https:\/\/anoticiaonline.com.br\/site#listItem","name":"Home"}},{"@type":"ListItem","@id":"https:\/\/anoticiaonline.com.br\/site\/sol-neve-reinaugura-sua-loja-em-muriae\/#listItem","position":3,"name":"Sol &#038; Neve reinaugura sua loja em Muria\u00e9","previousItem":{"@type":"ListItem","@id":"https:\/\/anoticiaonline.com.br\/site\/categoria\/eventos\/#listItem","name":"Eventos"}}]},{"@type":"Organization","@id":"https:\/\/anoticiaonline.com.br\/site\/#organization","name":"A Not\u00edcia Online","description":"Noticias de Muria\u00e9 e regi\u00e3o","url":"https:\/\/anoticiaonline.com.br\/site\/","logo":{"@type":"ImageObject","url":"https:\/\/scontent-gig4-1.xx.fbcdn.net\/v\/t39.30808-1\/270437624_4564083193639691_6907940295614233970_n.jpg?stp=dst-jpg_s200x200_tt6&_nc_cat=111&ccb=1-7&_nc_sid=f907e8&_nc_ohc=SM1wRlP3lJwQ7kNvwEPuBYA&_nc_oc=AdnqrjDN_BNjSSHWO-GbkIWH6fkGMLw4bqvL_NH6e2wMveX7G-rP2dAqsDSq1mJMOaY&_nc_zt=24&_nc_ht=scontent-gig4-1.xx&_nc_gid=AoBFJeGrT1hVaew_6rchkQ&oh=00_AfX7QmFGhQhG2jAllVgXCiM1ZrWgvtp80-Bfppyexh1QEg&oe=689E923C","@id":"https:\/\/anoticiaonline.com.br\/site\/sol-neve-reinaugura-sua-loja-em-muriae\/#organizationLogo"},"image":{"@id":"https:\/\/anoticiaonline.com.br\/site\/sol-neve-reinaugura-sua-loja-em-muriae\/#organizationLogo"}},{"@type":"Person","@id":"https:\/\/anoticiaonline.com.br\/site\/author\/juliana\/#author","url":"https:\/\/anoticiaonline.com.br\/site\/author\/juliana\/","name":"Juliana Laviola","image":{"@type":"ImageObject","@id":"https:\/\/anoticiaonline.com.br\/site\/sol-neve-reinaugura-sua-loja-em-muriae\/#authorImage","url":"https:\/\/secure.gravatar.com\/avatar\/b8d45f5c699b100dfaf0e543582f38f38bf94cb7ae3a5e9abf8d891a34773335?s=96&d=mm&r=g","width":96,"height":96,"caption":"Juliana Laviola"}},{"@type":"WebPage","@id":"https:\/\/anoticiaonline.com.br\/site\/sol-neve-reinaugura-sua-loja-em-muriae\/#webpage","url":"https:\/\/anoticiaonline.com.br\/site\/sol-neve-reinaugura-sua-loja-em-muriae\/","name":"Sol & Neve reinaugura sua loja em Muria\u00e9 - A Not\u00edcia Online","description":"Foi em clima de muita felicidade, em meio \u00e0 m\u00fasica e bal\u00f5es decorativos, que a sorveteria Sol & Neve reinaugurou seu novo espa\u00e7o na Avenida Constantino Pinto, na sexta-feira (28). O ambiente ganhou cara nova com local mais amplo, moderno e confort\u00e1vel para os clientes, em especial para as crian\u00e7as. Agora, a loja possui uma","inLanguage":"pt-BR","isPartOf":{"@id":"https:\/\/anoticiaonline.com.br\/site\/#website"},"breadcrumb":{"@id":"https:\/\/anoticiaonline.com.br\/site\/sol-neve-reinaugura-sua-loja-em-muriae\/#breadcrumblist"},"author":{"@id":"https:\/\/anoticiaonline.com.br\/site\/author\/juliana\/#author"},"creator":{"@id":"https:\/\/anoticiaonline.com.br\/site\/author\/juliana\/#author"},"image":{"@type":"ImageObject","url":"https:\/\/anoticiaonline.com.br\/site\/wp-content\/uploads\/2017\/08\/DSC_0292.jpg","@id":"https:\/\/anoticiaonline.com.br\/site\/sol-neve-reinaugura-sua-loja-em-muriae\/#mainImage","width":640,"height":424},"primaryImageOfPage":{"@id":"https:\/\/anoticiaonline.com.br\/site\/sol-neve-reinaugura-sua-loja-em-muriae\/#mainImage"},"datePublished":"2017-08-05T14:00:18-03:00","dateModified":"2017-08-03T23:28:01-03:00"},{"@type":"WebSite","@id":"https:\/\/anoticiaonline.com.br\/site\/#website","url":"https:\/\/anoticiaonline.com.br\/site\/","name":"A Not\u00edcia Online","description":"Noticias de Muria\u00e9 e regi\u00e3o","inLanguage":"pt-BR","publisher":{"@id":"https:\/\/anoticiaonline.com.br\/site\/#organization"}}]},"og:locale":"pt_BR","og:site_name":"A Not\u00edcia Online - Noticias de Muria\u00e9 e regi\u00e3o","og:type":"article","og:title":"Sol &amp; Neve reinaugura sua loja em Muria\u00e9 - A Not\u00edcia Online","og:description":"Foi em clima de muita felicidade, em meio \u00e0 m\u00fasica e bal\u00f5es decorativos, que a sorveteria Sol &amp; Neve reinaugurou seu novo espa\u00e7o na Avenida Constantino Pinto, na sexta-feira (28). O ambiente ganhou cara nova com local mais amplo, moderno e confort\u00e1vel para os clientes, em especial para as crian\u00e7as. Agora, a loja possui uma","og:url":"https:\/\/anoticiaonline.com.br\/site\/sol-neve-reinaugura-sua-loja-em-muriae\/","og:image":"https:\/\/scontent-gig4-1.xx.fbcdn.net\/v\/t39.30808-1\/270437624_4564083193639691_6907940295614233970_n.jpg?stp=dst-jpg_s200x200_tt6&#038;_nc_cat=111&#038;ccb=1-7&#038;_nc_sid=f907e8&#038;_nc_ohc=SM1wRlP3lJwQ7kNvwEPuBYA&#038;_nc_oc=AdnqrjDN_BNjSSHWO-GbkIWH6fkGMLw4bqvL_NH6e2wMveX7G-rP2dAqsDSq1mJMOaY&#038;_nc_zt=24&#038;_nc_ht=scontent-gig4-1.xx&#038;_nc_gid=AoBFJeGrT1hVaew_6rchkQ&#038;oh=00_AfX7QmFGhQhG2jAllVgXCiM1ZrWgvtp80-Bfppyexh1QEg&#038;oe=689E923C","og:image:secure_url":"https:\/\/scontent-gig4-1.xx.fbcdn.net\/v\/t39.30808-1\/270437624_4564083193639691_6907940295614233970_n.jpg?stp=dst-jpg_s200x200_tt6&#038;_nc_cat=111&#038;ccb=1-7&#038;_nc_sid=f907e8&#038;_nc_ohc=SM1wRlP3lJwQ7kNvwEPuBYA&#038;_nc_oc=AdnqrjDN_BNjSSHWO-GbkIWH6fkGMLw4bqvL_NH6e2wMveX7G-rP2dAqsDSq1mJMOaY&#038;_nc_zt=24&#038;_nc_ht=scontent-gig4-1.xx&#038;_nc_gid=AoBFJeGrT1hVaew_6rchkQ&#038;oh=00_AfX7QmFGhQhG2jAllVgXCiM1ZrWgvtp80-Bfppyexh1QEg&#038;oe=689E923C","article:published_time":"2017-08-05T17:00:18+00:00","article:modified_time":"2017-08-04T02:28:01+00:00","twitter:card":"summary_large_image","twitter:title":"Sol &amp; Neve reinaugura sua loja em Muria\u00e9 - A Not\u00edcia Online","twitter:description":"Foi em clima de muita felicidade, em meio \u00e0 m\u00fasica e bal\u00f5es decorativos, que a sorveteria Sol &amp; Neve reinaugurou seu novo espa\u00e7o na Avenida Constantino Pinto, na sexta-feira (28). O ambiente ganhou cara nova com local mais amplo, moderno e confort\u00e1vel para os clientes, em especial para as crian\u00e7as. Agora, a loja possui uma","twitter:image":"https:\/\/scontent-gig4-1.xx.fbcdn.net\/v\/t39.30808-1\/270437624_4564083193639691_6907940295614233970_n.jpg?stp=dst-jpg_s200x200_tt6&_nc_cat=111&ccb=1-7&_nc_sid=f907e8&_nc_ohc=SM1wRlP3lJwQ7kNvwEPuBYA&_nc_oc=AdnqrjDN_BNjSSHWO-GbkIWH6fkGMLw4bqvL_NH6e2wMveX7G-rP2dAqsDSq1mJMOaY&_nc_zt=24&_nc_ht=scontent-gig4-1.xx&_nc_gid=AoBFJeGrT1hVaew_6rchkQ&oh=00_AfX7QmFGhQhG2jAllVgXCiM1ZrWgvtp80-Bfppyexh1QEg&oe=689E923C"},"aioseo_meta_data":{"post_id":"37315","title":null,"description":null,"keywords":null,"keyphrases":null,"primary_term":null,"canonical_url":null,"og_title":null,"og_description":null,"og_object_type":"default","og_image_type":"default","og_image_url":null,"og_image_width":null,"og_image_height":null,"og_image_custom_url":null,"og_image_custom_fields":null,"og_video":null,"og_custom_url":null,"og_article_section":null,"og_article_tags":null,"twitter_use_og":false,"twitter_card":"default","twitter_image_type":"default","twitter_image_url":null,"twitter_image_custom_url":null,"twitter_image_custom_fields":null,"twitter_title":null,"twitter_description":null,"schema":{"blockGraphs":[],"customGraphs":[],"default":{"data":{"Article":[],"Course":[],"Dataset":[],"FAQPage":[],"Movie":[],"Person":[],"Product":[],"ProductReview":[],"Car":[],"Recipe":[],"Service":[],"SoftwareApplication":[],"WebPage":[]},"graphName":"","isEnabled":true},"graphs":[]},"schema_type":"default","schema_type_options":null,"pillar_content":false,"robots_default":true,"robots_noindex":false,"robots_noarchive":false,"robots_nosnippet":false,"robots_nofollow":false,"robots_noimageindex":false,"robots_noodp":false,"robots_notranslate":false,"robots_max_snippet":null,"robots_max_videopreview":null,"robots_max_imagepreview":"large","priority":null,"frequency":null,"local_seo":null,"breadcrumb_settings":null,"limit_modified_date":false,"ai":null,"created":"2025-08-16 19:05:20","updated":"2025-08-16 19:05:20","focus_keyword":null,"additional_keywords":null,"truseo_locale":null,"seo_analyzer_scan_date":null},"aioseo_breadcrumb":"<div class=\"aioseo-breadcrumbs\"><span class=\"aioseo-breadcrumb\">\n\t\t\t<a href=\"https:\/\/anoticiaonline.com.br\/site\" title=\"Home\">Home<\/a>\n\t\t<\/span><span class=\"aioseo-breadcrumb-separator\">&raquo;<\/span><span class=\"aioseo-breadcrumb\">\n\t\t\t<a href=\"https:\/\/anoticiaonline.com.br\/site\/categoria\/eventos\/\" title=\"Eventos\">Eventos<\/a>\n\t\t<\/span><span class=\"aioseo-breadcrumb-separator\">&raquo;<\/span><span class=\"aioseo-breadcrumb\">\n\t\t\tSol &amp; Neve reinaugura sua loja em Muria\u00e9\n\t\t<\/span><\/div>","aioseo_breadcrumb_json":[{"label":"Home","link":"https:\/\/anoticiaonline.com.br\/site"},{"label":"Eventos","link":"https:\/\/anoticiaonline.com.br\/site\/categoria\/eventos\/"},{"label":"Sol &#038; Neve reinaugura sua loja em Muria\u00e9","link":"https:\/\/anoticiaonline.com.br\/site\/sol-neve-reinaugura-sua-loja-em-muriae\/"}],"views":211,"_links":{"self":[{"href":"https:\/\/anoticiaonline.com.br\/site\/wp-json\/wp\/v2\/posts\/37315","targetHints":{"allow":["GET"]}}],"collection":[{"href":"https:\/\/anoticiaonline.com.br\/site\/wp-json\/wp\/v2\/posts"}],"about":[{"href":"https:\/\/anoticiaonline.com.br\/site\/wp-json\/wp\/v2\/types\/post"}],"author":[{"embeddable":true,"href":"https:\/\/anoticiaonline.com.br\/site\/wp-json\/wp\/v2\/users\/2"}],"replies":[{"embeddable":true,"href":"https:\/\/anoticiaonline.com.br\/site\/wp-json\/wp\/v2\/comments?post=37315"}],"version-history":[{"count":0,"href":"https:\/\/anoticiaonline.com.br\/site\/wp-json\/wp\/v2\/posts\/37315\/revisions"}],"wp:featuredmedia":[{"embeddable":true,"href":"https:\/\/anoticiaonline.com.br\/site\/wp-json\/wp\/v2\/media\/37318"}],"wp:attachment":[{"href":"https:\/\/anoticiaonline.com.br\/site\/wp-json\/wp\/v2\/media?parent=37315"}],"wp:term":[{"taxonomy":"category","embeddable":true,"href":"https:\/\/anoticiaonline.com.br\/site\/wp-json\/wp\/v2\/categories?post=37315"},{"taxonomy":"post_tag","embeddable":true,"href":"https:\/\/anoticiaonline.com.br\/site\/wp-json\/wp\/v2\/tags?post=37315"}],"curies":[{"name":"wp","href":"https:\/\/api.w.org\/{rel}","templated":true}]}}