{"id":37275,"date":"2017-08-06T10:00:43","date_gmt":"2017-08-06T13:00:43","guid":{"rendered":"http:\/\/anoticiaonline.com.br\/site\/?p=37275"},"modified":"2017-08-03T22:58:48","modified_gmt":"2017-08-04T01:58:48","slug":"vii-semana-municipal-de-cultura-atrai-milhares-de-pessoas-a-vieiras","status":"publish","type":"post","link":"https:\/\/anoticiaonline.com.br\/site\/vii-semana-municipal-de-cultura-atrai-milhares-de-pessoas-a-vieiras\/","title":{"rendered":"VII Semana Municipal de Cultura atrai milhares de pessoas a Vieiras"},"content":{"rendered":"<p><a href=\"https:\/\/anoticiaonline.com.br\/site\/wp-content\/uploads\/2017\/08\/20170729015105.jpg\"><img fetchpriority=\"high\" decoding=\"async\" class=\"alignleft size-medium wp-image-37276\" src=\"https:\/\/anoticiaonline.com.br\/site\/wp-content\/uploads\/2017\/08\/20170729015105-300x225.jpg\" alt=\"\" width=\"300\" height=\"225\" srcset=\"https:\/\/anoticiaonline.com.br\/site\/wp-content\/uploads\/2017\/08\/20170729015105-300x225.jpg 300w, https:\/\/anoticiaonline.com.br\/site\/wp-content\/uploads\/2017\/08\/20170729015105.jpg 640w\" sizes=\"(max-width: 300px) 100vw, 300px\" \/><\/a> <a href=\"https:\/\/anoticiaonline.com.br\/site\/wp-content\/uploads\/2017\/08\/20170729015132.jpg\"><img decoding=\"async\" class=\"alignleft size-medium wp-image-37277\" src=\"https:\/\/anoticiaonline.com.br\/site\/wp-content\/uploads\/2017\/08\/20170729015132-300x225.jpg\" alt=\"\" width=\"300\" height=\"225\" srcset=\"https:\/\/anoticiaonline.com.br\/site\/wp-content\/uploads\/2017\/08\/20170729015132-300x225.jpg 300w, https:\/\/anoticiaonline.com.br\/site\/wp-content\/uploads\/2017\/08\/20170729015132.jpg 640w\" sizes=\"(max-width: 300px) 100vw, 300px\" \/><\/a> <a href=\"https:\/\/anoticiaonline.com.br\/site\/wp-content\/uploads\/2017\/08\/20170729015205.jpg\"><img decoding=\"async\" class=\"alignleft size-medium wp-image-37278\" src=\"https:\/\/anoticiaonline.com.br\/site\/wp-content\/uploads\/2017\/08\/20170729015205-300x225.jpg\" alt=\"\" width=\"300\" height=\"225\" srcset=\"https:\/\/anoticiaonline.com.br\/site\/wp-content\/uploads\/2017\/08\/20170729015205-300x225.jpg 300w, https:\/\/anoticiaonline.com.br\/site\/wp-content\/uploads\/2017\/08\/20170729015205.jpg 640w\" sizes=\"(max-width: 300px) 100vw, 300px\" \/><\/a> <a href=\"https:\/\/anoticiaonline.com.br\/site\/wp-content\/uploads\/2017\/08\/20170730011902.jpg\"><img loading=\"lazy\" decoding=\"async\" class=\"alignleft size-medium wp-image-37279\" src=\"https:\/\/anoticiaonline.com.br\/site\/wp-content\/uploads\/2017\/08\/20170730011902-300x225.jpg\" alt=\"\" width=\"300\" height=\"225\" srcset=\"https:\/\/anoticiaonline.com.br\/site\/wp-content\/uploads\/2017\/08\/20170730011902-300x225.jpg 300w, https:\/\/anoticiaonline.com.br\/site\/wp-content\/uploads\/2017\/08\/20170730011902.jpg 640w\" sizes=\"(max-width: 300px) 100vw, 300px\" \/><\/a>A pequena cidade de Vieiras reuniu milhares de pessoas para a 7\u00aa edi\u00e7\u00e3o da Semana Municipal de Cultura. O evento, que teve entrada franca, aconteceu entre os dias 23 a 29 de julho, na Pra\u00e7a Dom Delfim, e contou com apresenta\u00e7\u00f5es art\u00edsticas, musicais e desfiles. Durante os dias de comemora\u00e7\u00e3o, o prefeito Adriano dos Santos e seu vice Duda marcaram presen\u00e7a juntamente com o ex-prefeito Waldinei Chicareli de Andrade e autoridades.<\/p>\n<p>Antes da abertura, a tarde de domingo (23) foi marcada por um desfile de carros de boi com v\u00e1rios carreiros e candeeiros da regi\u00e3o, que seguiram as imagens de Nossa Senhora e Jesus Cristo preservando a mem\u00f3ria do povo local. Logo ap\u00f3s, a festa foi oficialmente aberta e a banda Amigos da Viola subiu ao palco cantando m\u00fasicas de raiz, em seguida, foi a vez do cantor Robson Andrade.<\/p>\n<p>J\u00e1 na segunda-feira (24), as apresenta\u00e7\u00f5es de alunos das Oficinas de Viol\u00e3o do CRAS e artistas locais, Eivaldo &amp; Matheus, Patr\u00edcia Rodrigues e Lorena &amp; Ariane, abrilhantaram a noite. Na ter\u00e7a-feira (25) a Semana Cultural contou com apresenta\u00e7\u00f5es de dan\u00e7a e do Grupo de Folia de Vieiras e Regi\u00e3o. \u00c0 noite, a banda Forr\u00f3 Mais animou o p\u00fablico.<\/p>\n<p>Priorizando a diversidade em sua programa\u00e7\u00e3o, a quarta-feira (26) foi marcada por louvores evang\u00e9licos, prega\u00e7\u00f5es do reverendo Wilson Reis e show gospel de Wellinson e Iv\u00e2nia. Na quinta-feira (27) a festa teve continuidade com o Encontro de Amigos Sanfoneiros e Violeiros, com o Encontr\u00e3o da Melhor Idade de Vieiras e Regi\u00e3o, finalizou com shows de artistas locais e apresenta\u00e7\u00e3o do cantor Ramires.<\/p>\n<p>A sexta-feira (28) contou com apresenta\u00e7\u00f5es do Grupo Folcl\u00f3rico Santa Terezinha e shows Althair &amp; Alexandre e Matheus Luccato. Para encerrar a grande festa, no s\u00e1bado (29) foi o dia de receber, na cidade, o ilustre padre Ant\u00f4nio Maria e os artistas de sucesso nacional, Cristiano Banni &amp; Daniel, que animaram, ainda mais a \u00faltima noite.<\/p>\n<p>*Fotos: www.portalmiradouro.com.br<\/p>\n<p><img decoding=\"async\" class=\"ngg_displayed_gallery mceItem\" src=\"https:\/\/anoticiaonline.com.br\/site\/nextgen-attach_to_post\/preview\/id--37312\" \/><\/p>\n","protected":false},"excerpt":{"rendered":"<p>A pequena cidade de Vieiras reuniu milhares de pessoas para a 7\u00aa edi\u00e7\u00e3o da Semana Municipal de Cultura. O evento, que teve entrada franca, aconteceu entre os dias 23 a 29 de julho, na Pra\u00e7a Dom Delfim, e contou com apresenta\u00e7\u00f5es art\u00edsticas, musicais e desfiles. Durante os dias de comemora\u00e7\u00e3o, o prefeito Adriano dos Santos &#8230; <a title=\"VII Semana Municipal de Cultura atrai milhares de pessoas a Vieiras\" class=\"read-more\" href=\"https:\/\/anoticiaonline.com.br\/site\/vii-semana-municipal-de-cultura-atrai-milhares-de-pessoas-a-vieiras\/\" aria-label=\"Read more about VII Semana Municipal de Cultura atrai milhares de pessoas a Vieiras\">Ler mais<\/a><\/p>\n","protected":false},"author":2,"featured_media":37279,"comment_status":"open","ping_status":"open","sticky":false,"template":"","format":"standard","meta":{"_acf_changed":false,"_monsterinsights_skip_tracking":false,"footnotes":""},"categories":[6],"tags":[792,799,794,798,797,795,796,793,3,790,791],"class_list":["post-37275","post","type-post","status-publish","format-standard","has-post-thumbnail","hentry","category-regiao","tag-7a-edicao-da-semana-municipal-de-cultura","tag-adre-antonio-maria","tag-adriano-dos-santos","tag-althair-alexandre","tag-cristiano-banni-daniel","tag-duda","tag-emana-cultural","tag-praca-dom-delfim","tag-slide","tag-vieiras","tag-waldinei-chicareli-de-andrade"],"acf":[],"aioseo_notices":[],"aioseo_head":"\n\t\t<!-- All in One SEO 5.0.0.1 - aioseo.com -->\n\t<meta name=\"description\" content=\"A pequena cidade de Vieiras reuniu milhares de pessoas para a 7\u00aa edi\u00e7\u00e3o da Semana Municipal de Cultura. O evento, que teve entrada franca, aconteceu entre os dias 23 a 29 de julho, na Pra\u00e7a Dom Delfim, e contou com apresenta\u00e7\u00f5es art\u00edsticas, musicais e desfiles. Durante os dias de comemora\u00e7\u00e3o, o prefeito Adriano dos Santos\" \/>\n\t<meta name=\"robots\" content=\"max-image-preview:large\" \/>\n\t<meta name=\"author\" content=\"Juliana Laviola\"\/>\n\t<link rel=\"canonical\" href=\"https:\/\/anoticiaonline.com.br\/site\/vii-semana-municipal-de-cultura-atrai-milhares-de-pessoas-a-vieiras\/\" \/>\n\t<meta name=\"generator\" content=\"All in One SEO (AIOSEO) 5.0.0.1\" \/>\n\t\t<meta property=\"og:locale\" content=\"pt_BR\" \/>\n\t\t<meta property=\"og:site_name\" content=\"A Not\u00edcia Online - Noticias de Muria\u00e9 e regi\u00e3o\" \/>\n\t\t<meta property=\"og:type\" content=\"article\" \/>\n\t\t<meta property=\"og:title\" content=\"VII Semana Municipal de Cultura atrai milhares de pessoas a Vieiras - A Not\u00edcia Online\" \/>\n\t\t<meta property=\"og:description\" content=\"A pequena cidade de Vieiras reuniu milhares de pessoas para a 7\u00aa edi\u00e7\u00e3o da Semana Municipal de Cultura. O evento, que teve entrada franca, aconteceu entre os dias 23 a 29 de julho, na Pra\u00e7a Dom Delfim, e contou com apresenta\u00e7\u00f5es art\u00edsticas, musicais e desfiles. Durante os dias de comemora\u00e7\u00e3o, o prefeito Adriano dos Santos\" \/>\n\t\t<meta property=\"og:url\" content=\"https:\/\/anoticiaonline.com.br\/site\/vii-semana-municipal-de-cultura-atrai-milhares-de-pessoas-a-vieiras\/\" \/>\n\t\t<meta property=\"og:image\" content=\"https:\/\/scontent-gig4-1.xx.fbcdn.net\/v\/t39.30808-1\/270437624_4564083193639691_6907940295614233970_n.jpg?stp=dst-jpg_s200x200_tt6&#038;_nc_cat=111&#038;ccb=1-7&#038;_nc_sid=f907e8&#038;_nc_ohc=SM1wRlP3lJwQ7kNvwEPuBYA&#038;_nc_oc=AdnqrjDN_BNjSSHWO-GbkIWH6fkGMLw4bqvL_NH6e2wMveX7G-rP2dAqsDSq1mJMOaY&#038;_nc_zt=24&#038;_nc_ht=scontent-gig4-1.xx&#038;_nc_gid=AoBFJeGrT1hVaew_6rchkQ&#038;oh=00_AfX7QmFGhQhG2jAllVgXCiM1ZrWgvtp80-Bfppyexh1QEg&#038;oe=689E923C\" \/>\n\t\t<meta property=\"og:image:secure_url\" content=\"https:\/\/scontent-gig4-1.xx.fbcdn.net\/v\/t39.30808-1\/270437624_4564083193639691_6907940295614233970_n.jpg?stp=dst-jpg_s200x200_tt6&#038;_nc_cat=111&#038;ccb=1-7&#038;_nc_sid=f907e8&#038;_nc_ohc=SM1wRlP3lJwQ7kNvwEPuBYA&#038;_nc_oc=AdnqrjDN_BNjSSHWO-GbkIWH6fkGMLw4bqvL_NH6e2wMveX7G-rP2dAqsDSq1mJMOaY&#038;_nc_zt=24&#038;_nc_ht=scontent-gig4-1.xx&#038;_nc_gid=AoBFJeGrT1hVaew_6rchkQ&#038;oh=00_AfX7QmFGhQhG2jAllVgXCiM1ZrWgvtp80-Bfppyexh1QEg&#038;oe=689E923C\" \/>\n\t\t<meta property=\"article:published_time\" content=\"2017-08-06T13:00:43+00:00\" \/>\n\t\t<meta property=\"article:modified_time\" content=\"2017-08-04T01:58:48+00:00\" \/>\n\t\t<meta name=\"twitter:card\" content=\"summary_large_image\" \/>\n\t\t<meta name=\"twitter:title\" content=\"VII Semana Municipal de Cultura atrai milhares de pessoas a Vieiras - A Not\u00edcia Online\" \/>\n\t\t<meta name=\"twitter:description\" content=\"A pequena cidade de Vieiras reuniu milhares de pessoas para a 7\u00aa edi\u00e7\u00e3o da Semana Municipal de Cultura. O evento, que teve entrada franca, aconteceu entre os dias 23 a 29 de julho, na Pra\u00e7a Dom Delfim, e contou com apresenta\u00e7\u00f5es art\u00edsticas, musicais e desfiles. Durante os dias de comemora\u00e7\u00e3o, o prefeito Adriano dos Santos\" \/>\n\t\t<meta name=\"twitter:image\" content=\"https:\/\/scontent-gig4-1.xx.fbcdn.net\/v\/t39.30808-1\/270437624_4564083193639691_6907940295614233970_n.jpg?stp=dst-jpg_s200x200_tt6&amp;_nc_cat=111&amp;ccb=1-7&amp;_nc_sid=f907e8&amp;_nc_ohc=SM1wRlP3lJwQ7kNvwEPuBYA&amp;_nc_oc=AdnqrjDN_BNjSSHWO-GbkIWH6fkGMLw4bqvL_NH6e2wMveX7G-rP2dAqsDSq1mJMOaY&amp;_nc_zt=24&amp;_nc_ht=scontent-gig4-1.xx&amp;_nc_gid=AoBFJeGrT1hVaew_6rchkQ&amp;oh=00_AfX7QmFGhQhG2jAllVgXCiM1ZrWgvtp80-Bfppyexh1QEg&amp;oe=689E923C\" \/>\n\t\t<script type=\"application\/ld+json\" class=\"aioseo-schema\">\n\t\t\t{\"@context\":\"https:\\\/\\\/schema.org\",\"@graph\":[{\"@type\":\"BlogPosting\",\"@id\":\"https:\\\/\\\/anoticiaonline.com.br\\\/site\\\/vii-semana-municipal-de-cultura-atrai-milhares-de-pessoas-a-vieiras\\\/#blogposting\",\"name\":\"VII Semana Municipal de Cultura atrai milhares de pessoas a Vieiras - A Not\\u00edcia Online\",\"headline\":\"VII Semana Municipal de Cultura atrai milhares de pessoas a Vieiras\",\"author\":{\"@id\":\"https:\\\/\\\/anoticiaonline.com.br\\\/site\\\/author\\\/juliana\\\/#author\"},\"publisher\":{\"@id\":\"https:\\\/\\\/anoticiaonline.com.br\\\/site\\\/#organization\"},\"image\":{\"@type\":\"ImageObject\",\"url\":\"https:\\\/\\\/anoticiaonline.com.br\\\/site\\\/wp-content\\\/uploads\\\/2017\\\/08\\\/20170730011902.jpg\",\"width\":640,\"height\":481},\"datePublished\":\"2017-08-06T10:00:43-03:00\",\"dateModified\":\"2017-08-03T22:58:48-03:00\",\"inLanguage\":\"pt-BR\",\"mainEntityOfPage\":{\"@id\":\"https:\\\/\\\/anoticiaonline.com.br\\\/site\\\/vii-semana-municipal-de-cultura-atrai-milhares-de-pessoas-a-vieiras\\\/#webpage\"},\"isPartOf\":{\"@id\":\"https:\\\/\\\/anoticiaonline.com.br\\\/site\\\/vii-semana-municipal-de-cultura-atrai-milhares-de-pessoas-a-vieiras\\\/#webpage\"},\"articleSection\":\"Regi\\u00e3o, 7\\u00aa edi\\u00e7\\u00e3o da Semana Municipal de Cultura, adre Ant\\u00f4nio Maria, Adriano dos Santos, Althair &amp; Alexandre, Cristiano Banni &amp; Daniel, Duda, emana Cultural, Pra\\u00e7a Dom Delfim, slide, Vieiras, Waldinei Chicareli de Andrade\"},{\"@type\":\"BreadcrumbList\",\"@id\":\"https:\\\/\\\/anoticiaonline.com.br\\\/site\\\/vii-semana-municipal-de-cultura-atrai-milhares-de-pessoas-a-vieiras\\\/#breadcrumblist\",\"itemListElement\":[{\"@type\":\"ListItem\",\"@id\":\"https:\\\/\\\/anoticiaonline.com.br\\\/site#listItem\",\"position\":1,\"name\":\"Home\",\"item\":\"https:\\\/\\\/anoticiaonline.com.br\\\/site\",\"nextItem\":{\"@type\":\"ListItem\",\"@id\":\"https:\\\/\\\/anoticiaonline.com.br\\\/site\\\/categoria\\\/regiao\\\/#listItem\",\"name\":\"Regi\\u00e3o\"}},{\"@type\":\"ListItem\",\"@id\":\"https:\\\/\\\/anoticiaonline.com.br\\\/site\\\/categoria\\\/regiao\\\/#listItem\",\"position\":2,\"name\":\"Regi\\u00e3o\",\"item\":\"https:\\\/\\\/anoticiaonline.com.br\\\/site\\\/categoria\\\/regiao\\\/\",\"nextItem\":{\"@type\":\"ListItem\",\"@id\":\"https:\\\/\\\/anoticiaonline.com.br\\\/site\\\/vii-semana-municipal-de-cultura-atrai-milhares-de-pessoas-a-vieiras\\\/#listItem\",\"name\":\"VII Semana Municipal de Cultura atrai milhares de pessoas a Vieiras\"},\"previousItem\":{\"@type\":\"ListItem\",\"@id\":\"https:\\\/\\\/anoticiaonline.com.br\\\/site#listItem\",\"name\":\"Home\"}},{\"@type\":\"ListItem\",\"@id\":\"https:\\\/\\\/anoticiaonline.com.br\\\/site\\\/vii-semana-municipal-de-cultura-atrai-milhares-de-pessoas-a-vieiras\\\/#listItem\",\"position\":3,\"name\":\"VII Semana Municipal de Cultura atrai milhares de pessoas a Vieiras\",\"previousItem\":{\"@type\":\"ListItem\",\"@id\":\"https:\\\/\\\/anoticiaonline.com.br\\\/site\\\/categoria\\\/regiao\\\/#listItem\",\"name\":\"Regi\\u00e3o\"}}]},{\"@type\":\"Organization\",\"@id\":\"https:\\\/\\\/anoticiaonline.com.br\\\/site\\\/#organization\",\"name\":\"A Not\\u00edcia Online\",\"description\":\"Noticias de Muria\\u00e9 e regi\\u00e3o\",\"url\":\"https:\\\/\\\/anoticiaonline.com.br\\\/site\\\/\",\"logo\":{\"@type\":\"ImageObject\",\"url\":\"https:\\\/\\\/scontent-gig4-1.xx.fbcdn.net\\\/v\\\/t39.30808-1\\\/270437624_4564083193639691_6907940295614233970_n.jpg?stp=dst-jpg_s200x200_tt6&_nc_cat=111&ccb=1-7&_nc_sid=f907e8&_nc_ohc=SM1wRlP3lJwQ7kNvwEPuBYA&_nc_oc=AdnqrjDN_BNjSSHWO-GbkIWH6fkGMLw4bqvL_NH6e2wMveX7G-rP2dAqsDSq1mJMOaY&_nc_zt=24&_nc_ht=scontent-gig4-1.xx&_nc_gid=AoBFJeGrT1hVaew_6rchkQ&oh=00_AfX7QmFGhQhG2jAllVgXCiM1ZrWgvtp80-Bfppyexh1QEg&oe=689E923C\",\"@id\":\"https:\\\/\\\/anoticiaonline.com.br\\\/site\\\/vii-semana-municipal-de-cultura-atrai-milhares-de-pessoas-a-vieiras\\\/#organizationLogo\"},\"image\":{\"@id\":\"https:\\\/\\\/anoticiaonline.com.br\\\/site\\\/vii-semana-municipal-de-cultura-atrai-milhares-de-pessoas-a-vieiras\\\/#organizationLogo\"}},{\"@type\":\"Person\",\"@id\":\"https:\\\/\\\/anoticiaonline.com.br\\\/site\\\/author\\\/juliana\\\/#author\",\"url\":\"https:\\\/\\\/anoticiaonline.com.br\\\/site\\\/author\\\/juliana\\\/\",\"name\":\"Juliana Laviola\",\"image\":{\"@type\":\"ImageObject\",\"@id\":\"https:\\\/\\\/anoticiaonline.com.br\\\/site\\\/vii-semana-municipal-de-cultura-atrai-milhares-de-pessoas-a-vieiras\\\/#authorImage\",\"url\":\"https:\\\/\\\/secure.gravatar.com\\\/avatar\\\/b8d45f5c699b100dfaf0e543582f38f38bf94cb7ae3a5e9abf8d891a34773335?s=96&d=mm&r=g\",\"width\":96,\"height\":96,\"caption\":\"Juliana Laviola\"}},{\"@type\":\"WebPage\",\"@id\":\"https:\\\/\\\/anoticiaonline.com.br\\\/site\\\/vii-semana-municipal-de-cultura-atrai-milhares-de-pessoas-a-vieiras\\\/#webpage\",\"url\":\"https:\\\/\\\/anoticiaonline.com.br\\\/site\\\/vii-semana-municipal-de-cultura-atrai-milhares-de-pessoas-a-vieiras\\\/\",\"name\":\"VII Semana Municipal de Cultura atrai milhares de pessoas a Vieiras - A Not\\u00edcia Online\",\"description\":\"A pequena cidade de Vieiras reuniu milhares de pessoas para a 7\\u00aa edi\\u00e7\\u00e3o da Semana Municipal de Cultura. O evento, que teve entrada franca, aconteceu entre os dias 23 a 29 de julho, na Pra\\u00e7a Dom Delfim, e contou com apresenta\\u00e7\\u00f5es art\\u00edsticas, musicais e desfiles. Durante os dias de comemora\\u00e7\\u00e3o, o prefeito Adriano dos Santos\",\"inLanguage\":\"pt-BR\",\"isPartOf\":{\"@id\":\"https:\\\/\\\/anoticiaonline.com.br\\\/site\\\/#website\"},\"breadcrumb\":{\"@id\":\"https:\\\/\\\/anoticiaonline.com.br\\\/site\\\/vii-semana-municipal-de-cultura-atrai-milhares-de-pessoas-a-vieiras\\\/#breadcrumblist\"},\"author\":{\"@id\":\"https:\\\/\\\/anoticiaonline.com.br\\\/site\\\/author\\\/juliana\\\/#author\"},\"creator\":{\"@id\":\"https:\\\/\\\/anoticiaonline.com.br\\\/site\\\/author\\\/juliana\\\/#author\"},\"image\":{\"@type\":\"ImageObject\",\"url\":\"https:\\\/\\\/anoticiaonline.com.br\\\/site\\\/wp-content\\\/uploads\\\/2017\\\/08\\\/20170730011902.jpg\",\"@id\":\"https:\\\/\\\/anoticiaonline.com.br\\\/site\\\/vii-semana-municipal-de-cultura-atrai-milhares-de-pessoas-a-vieiras\\\/#mainImage\",\"width\":640,\"height\":481},\"primaryImageOfPage\":{\"@id\":\"https:\\\/\\\/anoticiaonline.com.br\\\/site\\\/vii-semana-municipal-de-cultura-atrai-milhares-de-pessoas-a-vieiras\\\/#mainImage\"},\"datePublished\":\"2017-08-06T10:00:43-03:00\",\"dateModified\":\"2017-08-03T22:58:48-03:00\"},{\"@type\":\"WebSite\",\"@id\":\"https:\\\/\\\/anoticiaonline.com.br\\\/site\\\/#website\",\"url\":\"https:\\\/\\\/anoticiaonline.com.br\\\/site\\\/\",\"name\":\"A Not\\u00edcia Online\",\"description\":\"Noticias de Muria\\u00e9 e regi\\u00e3o\",\"inLanguage\":\"pt-BR\",\"publisher\":{\"@id\":\"https:\\\/\\\/anoticiaonline.com.br\\\/site\\\/#organization\"}}]}\n\t\t<\/script>\n\t\t<!-- All in One SEO -->\n\n","aioseo_head_json":{"title":"VII Semana Municipal de Cultura atrai milhares de pessoas a Vieiras - A Not\u00edcia Online","description":"A pequena cidade de Vieiras reuniu milhares de pessoas para a 7\u00aa edi\u00e7\u00e3o da Semana Municipal de Cultura. O evento, que teve entrada franca, aconteceu entre os dias 23 a 29 de julho, na Pra\u00e7a Dom Delfim, e contou com apresenta\u00e7\u00f5es art\u00edsticas, musicais e desfiles. Durante os dias de comemora\u00e7\u00e3o, o prefeito Adriano dos Santos","canonical_url":"https:\/\/anoticiaonline.com.br\/site\/vii-semana-municipal-de-cultura-atrai-milhares-de-pessoas-a-vieiras\/","robots":"max-image-preview:large","keywords":"","webmasterTools":{"miscellaneous":""},"schema":{"@context":"https:\/\/schema.org","@graph":[{"@type":"BlogPosting","@id":"https:\/\/anoticiaonline.com.br\/site\/vii-semana-municipal-de-cultura-atrai-milhares-de-pessoas-a-vieiras\/#blogposting","name":"VII Semana Municipal de Cultura atrai milhares de pessoas a Vieiras - A Not\u00edcia Online","headline":"VII Semana Municipal de Cultura atrai milhares de pessoas a Vieiras","author":{"@id":"https:\/\/anoticiaonline.com.br\/site\/author\/juliana\/#author"},"publisher":{"@id":"https:\/\/anoticiaonline.com.br\/site\/#organization"},"image":{"@type":"ImageObject","url":"https:\/\/anoticiaonline.com.br\/site\/wp-content\/uploads\/2017\/08\/20170730011902.jpg","width":640,"height":481},"datePublished":"2017-08-06T10:00:43-03:00","dateModified":"2017-08-03T22:58:48-03:00","inLanguage":"pt-BR","mainEntityOfPage":{"@id":"https:\/\/anoticiaonline.com.br\/site\/vii-semana-municipal-de-cultura-atrai-milhares-de-pessoas-a-vieiras\/#webpage"},"isPartOf":{"@id":"https:\/\/anoticiaonline.com.br\/site\/vii-semana-municipal-de-cultura-atrai-milhares-de-pessoas-a-vieiras\/#webpage"},"articleSection":"Regi\u00e3o, 7\u00aa edi\u00e7\u00e3o da Semana Municipal de Cultura, adre Ant\u00f4nio Maria, Adriano dos Santos, Althair &amp; Alexandre, Cristiano Banni &amp; Daniel, Duda, emana Cultural, Pra\u00e7a Dom Delfim, slide, Vieiras, Waldinei Chicareli de Andrade"},{"@type":"BreadcrumbList","@id":"https:\/\/anoticiaonline.com.br\/site\/vii-semana-municipal-de-cultura-atrai-milhares-de-pessoas-a-vieiras\/#breadcrumblist","itemListElement":[{"@type":"ListItem","@id":"https:\/\/anoticiaonline.com.br\/site#listItem","position":1,"name":"Home","item":"https:\/\/anoticiaonline.com.br\/site","nextItem":{"@type":"ListItem","@id":"https:\/\/anoticiaonline.com.br\/site\/categoria\/regiao\/#listItem","name":"Regi\u00e3o"}},{"@type":"ListItem","@id":"https:\/\/anoticiaonline.com.br\/site\/categoria\/regiao\/#listItem","position":2,"name":"Regi\u00e3o","item":"https:\/\/anoticiaonline.com.br\/site\/categoria\/regiao\/","nextItem":{"@type":"ListItem","@id":"https:\/\/anoticiaonline.com.br\/site\/vii-semana-municipal-de-cultura-atrai-milhares-de-pessoas-a-vieiras\/#listItem","name":"VII Semana Municipal de Cultura atrai milhares de pessoas a Vieiras"},"previousItem":{"@type":"ListItem","@id":"https:\/\/anoticiaonline.com.br\/site#listItem","name":"Home"}},{"@type":"ListItem","@id":"https:\/\/anoticiaonline.com.br\/site\/vii-semana-municipal-de-cultura-atrai-milhares-de-pessoas-a-vieiras\/#listItem","position":3,"name":"VII Semana Municipal de Cultura atrai milhares de pessoas a Vieiras","previousItem":{"@type":"ListItem","@id":"https:\/\/anoticiaonline.com.br\/site\/categoria\/regiao\/#listItem","name":"Regi\u00e3o"}}]},{"@type":"Organization","@id":"https:\/\/anoticiaonline.com.br\/site\/#organization","name":"A Not\u00edcia Online","description":"Noticias de Muria\u00e9 e regi\u00e3o","url":"https:\/\/anoticiaonline.com.br\/site\/","logo":{"@type":"ImageObject","url":"https:\/\/scontent-gig4-1.xx.fbcdn.net\/v\/t39.30808-1\/270437624_4564083193639691_6907940295614233970_n.jpg?stp=dst-jpg_s200x200_tt6&_nc_cat=111&ccb=1-7&_nc_sid=f907e8&_nc_ohc=SM1wRlP3lJwQ7kNvwEPuBYA&_nc_oc=AdnqrjDN_BNjSSHWO-GbkIWH6fkGMLw4bqvL_NH6e2wMveX7G-rP2dAqsDSq1mJMOaY&_nc_zt=24&_nc_ht=scontent-gig4-1.xx&_nc_gid=AoBFJeGrT1hVaew_6rchkQ&oh=00_AfX7QmFGhQhG2jAllVgXCiM1ZrWgvtp80-Bfppyexh1QEg&oe=689E923C","@id":"https:\/\/anoticiaonline.com.br\/site\/vii-semana-municipal-de-cultura-atrai-milhares-de-pessoas-a-vieiras\/#organizationLogo"},"image":{"@id":"https:\/\/anoticiaonline.com.br\/site\/vii-semana-municipal-de-cultura-atrai-milhares-de-pessoas-a-vieiras\/#organizationLogo"}},{"@type":"Person","@id":"https:\/\/anoticiaonline.com.br\/site\/author\/juliana\/#author","url":"https:\/\/anoticiaonline.com.br\/site\/author\/juliana\/","name":"Juliana Laviola","image":{"@type":"ImageObject","@id":"https:\/\/anoticiaonline.com.br\/site\/vii-semana-municipal-de-cultura-atrai-milhares-de-pessoas-a-vieiras\/#authorImage","url":"https:\/\/secure.gravatar.com\/avatar\/b8d45f5c699b100dfaf0e543582f38f38bf94cb7ae3a5e9abf8d891a34773335?s=96&d=mm&r=g","width":96,"height":96,"caption":"Juliana Laviola"}},{"@type":"WebPage","@id":"https:\/\/anoticiaonline.com.br\/site\/vii-semana-municipal-de-cultura-atrai-milhares-de-pessoas-a-vieiras\/#webpage","url":"https:\/\/anoticiaonline.com.br\/site\/vii-semana-municipal-de-cultura-atrai-milhares-de-pessoas-a-vieiras\/","name":"VII Semana Municipal de Cultura atrai milhares de pessoas a Vieiras - A Not\u00edcia Online","description":"A pequena cidade de Vieiras reuniu milhares de pessoas para a 7\u00aa edi\u00e7\u00e3o da Semana Municipal de Cultura. O evento, que teve entrada franca, aconteceu entre os dias 23 a 29 de julho, na Pra\u00e7a Dom Delfim, e contou com apresenta\u00e7\u00f5es art\u00edsticas, musicais e desfiles. Durante os dias de comemora\u00e7\u00e3o, o prefeito Adriano dos Santos","inLanguage":"pt-BR","isPartOf":{"@id":"https:\/\/anoticiaonline.com.br\/site\/#website"},"breadcrumb":{"@id":"https:\/\/anoticiaonline.com.br\/site\/vii-semana-municipal-de-cultura-atrai-milhares-de-pessoas-a-vieiras\/#breadcrumblist"},"author":{"@id":"https:\/\/anoticiaonline.com.br\/site\/author\/juliana\/#author"},"creator":{"@id":"https:\/\/anoticiaonline.com.br\/site\/author\/juliana\/#author"},"image":{"@type":"ImageObject","url":"https:\/\/anoticiaonline.com.br\/site\/wp-content\/uploads\/2017\/08\/20170730011902.jpg","@id":"https:\/\/anoticiaonline.com.br\/site\/vii-semana-municipal-de-cultura-atrai-milhares-de-pessoas-a-vieiras\/#mainImage","width":640,"height":481},"primaryImageOfPage":{"@id":"https:\/\/anoticiaonline.com.br\/site\/vii-semana-municipal-de-cultura-atrai-milhares-de-pessoas-a-vieiras\/#mainImage"},"datePublished":"2017-08-06T10:00:43-03:00","dateModified":"2017-08-03T22:58:48-03:00"},{"@type":"WebSite","@id":"https:\/\/anoticiaonline.com.br\/site\/#website","url":"https:\/\/anoticiaonline.com.br\/site\/","name":"A Not\u00edcia Online","description":"Noticias de Muria\u00e9 e regi\u00e3o","inLanguage":"pt-BR","publisher":{"@id":"https:\/\/anoticiaonline.com.br\/site\/#organization"}}]},"og:locale":"pt_BR","og:site_name":"A Not\u00edcia Online - Noticias de Muria\u00e9 e regi\u00e3o","og:type":"article","og:title":"VII Semana Municipal de Cultura atrai milhares de pessoas a Vieiras - A Not\u00edcia Online","og:description":"A pequena cidade de Vieiras reuniu milhares de pessoas para a 7\u00aa edi\u00e7\u00e3o da Semana Municipal de Cultura. O evento, que teve entrada franca, aconteceu entre os dias 23 a 29 de julho, na Pra\u00e7a Dom Delfim, e contou com apresenta\u00e7\u00f5es art\u00edsticas, musicais e desfiles. Durante os dias de comemora\u00e7\u00e3o, o prefeito Adriano dos Santos","og:url":"https:\/\/anoticiaonline.com.br\/site\/vii-semana-municipal-de-cultura-atrai-milhares-de-pessoas-a-vieiras\/","og:image":"https:\/\/scontent-gig4-1.xx.fbcdn.net\/v\/t39.30808-1\/270437624_4564083193639691_6907940295614233970_n.jpg?stp=dst-jpg_s200x200_tt6&#038;_nc_cat=111&#038;ccb=1-7&#038;_nc_sid=f907e8&#038;_nc_ohc=SM1wRlP3lJwQ7kNvwEPuBYA&#038;_nc_oc=AdnqrjDN_BNjSSHWO-GbkIWH6fkGMLw4bqvL_NH6e2wMveX7G-rP2dAqsDSq1mJMOaY&#038;_nc_zt=24&#038;_nc_ht=scontent-gig4-1.xx&#038;_nc_gid=AoBFJeGrT1hVaew_6rchkQ&#038;oh=00_AfX7QmFGhQhG2jAllVgXCiM1ZrWgvtp80-Bfppyexh1QEg&#038;oe=689E923C","og:image:secure_url":"https:\/\/scontent-gig4-1.xx.fbcdn.net\/v\/t39.30808-1\/270437624_4564083193639691_6907940295614233970_n.jpg?stp=dst-jpg_s200x200_tt6&#038;_nc_cat=111&#038;ccb=1-7&#038;_nc_sid=f907e8&#038;_nc_ohc=SM1wRlP3lJwQ7kNvwEPuBYA&#038;_nc_oc=AdnqrjDN_BNjSSHWO-GbkIWH6fkGMLw4bqvL_NH6e2wMveX7G-rP2dAqsDSq1mJMOaY&#038;_nc_zt=24&#038;_nc_ht=scontent-gig4-1.xx&#038;_nc_gid=AoBFJeGrT1hVaew_6rchkQ&#038;oh=00_AfX7QmFGhQhG2jAllVgXCiM1ZrWgvtp80-Bfppyexh1QEg&#038;oe=689E923C","article:published_time":"2017-08-06T13:00:43+00:00","article:modified_time":"2017-08-04T01:58:48+00:00","twitter:card":"summary_large_image","twitter:title":"VII Semana Municipal de Cultura atrai milhares de pessoas a Vieiras - A Not\u00edcia Online","twitter:description":"A pequena cidade de Vieiras reuniu milhares de pessoas para a 7\u00aa edi\u00e7\u00e3o da Semana Municipal de Cultura. O evento, que teve entrada franca, aconteceu entre os dias 23 a 29 de julho, na Pra\u00e7a Dom Delfim, e contou com apresenta\u00e7\u00f5es art\u00edsticas, musicais e desfiles. Durante os dias de comemora\u00e7\u00e3o, o prefeito Adriano dos Santos","twitter:image":"https:\/\/scontent-gig4-1.xx.fbcdn.net\/v\/t39.30808-1\/270437624_4564083193639691_6907940295614233970_n.jpg?stp=dst-jpg_s200x200_tt6&_nc_cat=111&ccb=1-7&_nc_sid=f907e8&_nc_ohc=SM1wRlP3lJwQ7kNvwEPuBYA&_nc_oc=AdnqrjDN_BNjSSHWO-GbkIWH6fkGMLw4bqvL_NH6e2wMveX7G-rP2dAqsDSq1mJMOaY&_nc_zt=24&_nc_ht=scontent-gig4-1.xx&_nc_gid=AoBFJeGrT1hVaew_6rchkQ&oh=00_AfX7QmFGhQhG2jAllVgXCiM1ZrWgvtp80-Bfppyexh1QEg&oe=689E923C"},"aioseo_meta_data":{"post_id":"37275","title":null,"description":null,"keywords":null,"keyphrases":null,"primary_term":null,"canonical_url":null,"og_title":null,"og_description":null,"og_object_type":"default","og_image_type":"default","og_image_url":null,"og_image_width":null,"og_image_height":null,"og_image_custom_url":null,"og_image_custom_fields":null,"og_video":null,"og_custom_url":null,"og_article_section":null,"og_article_tags":null,"twitter_use_og":false,"twitter_card":"default","twitter_image_type":"default","twitter_image_url":null,"twitter_image_custom_url":null,"twitter_image_custom_fields":null,"twitter_title":null,"twitter_description":null,"schema":{"blockGraphs":[],"customGraphs":[],"default":{"data":{"Article":[],"Course":[],"Dataset":[],"FAQPage":[],"Movie":[],"Person":[],"Product":[],"ProductReview":[],"Car":[],"Recipe":[],"Service":[],"SoftwareApplication":[],"WebPage":[]},"graphName":"","isEnabled":true},"graphs":[]},"schema_type":"default","schema_type_options":null,"pillar_content":false,"robots_default":true,"robots_noindex":false,"robots_noarchive":false,"robots_nosnippet":false,"robots_nofollow":false,"robots_noimageindex":false,"robots_noodp":false,"robots_notranslate":false,"robots_max_snippet":null,"robots_max_videopreview":null,"robots_max_imagepreview":"large","priority":null,"frequency":null,"local_seo":null,"breadcrumb_settings":null,"limit_modified_date":false,"ai":null,"created":"2025-08-16 19:03:32","updated":"2025-08-16 19:03:32","focus_keyword":null,"additional_keywords":null,"truseo_locale":null,"seo_analyzer_scan_date":null},"aioseo_breadcrumb":"<div class=\"aioseo-breadcrumbs\"><span class=\"aioseo-breadcrumb\">\n\t\t\t<a href=\"https:\/\/anoticiaonline.com.br\/site\" title=\"Home\">Home<\/a>\n\t\t<\/span><span class=\"aioseo-breadcrumb-separator\">&raquo;<\/span><span class=\"aioseo-breadcrumb\">\n\t\t\t<a href=\"https:\/\/anoticiaonline.com.br\/site\/categoria\/regiao\/\" title=\"Regi\u00e3o\">Regi\u00e3o<\/a>\n\t\t<\/span><span class=\"aioseo-breadcrumb-separator\">&raquo;<\/span><span class=\"aioseo-breadcrumb\">\n\t\t\tVII Semana Municipal de Cultura atrai milhares de pessoas a Vieiras\n\t\t<\/span><\/div>","aioseo_breadcrumb_json":[{"label":"Home","link":"https:\/\/anoticiaonline.com.br\/site"},{"label":"Regi\u00e3o","link":"https:\/\/anoticiaonline.com.br\/site\/categoria\/regiao\/"},{"label":"VII Semana Municipal de Cultura atrai milhares de pessoas a Vieiras","link":"https:\/\/anoticiaonline.com.br\/site\/vii-semana-municipal-de-cultura-atrai-milhares-de-pessoas-a-vieiras\/"}],"views":182,"_links":{"self":[{"href":"https:\/\/anoticiaonline.com.br\/site\/wp-json\/wp\/v2\/posts\/37275","targetHints":{"allow":["GET"]}}],"collection":[{"href":"https:\/\/anoticiaonline.com.br\/site\/wp-json\/wp\/v2\/posts"}],"about":[{"href":"https:\/\/anoticiaonline.com.br\/site\/wp-json\/wp\/v2\/types\/post"}],"author":[{"embeddable":true,"href":"https:\/\/anoticiaonline.com.br\/site\/wp-json\/wp\/v2\/users\/2"}],"replies":[{"embeddable":true,"href":"https:\/\/anoticiaonline.com.br\/site\/wp-json\/wp\/v2\/comments?post=37275"}],"version-history":[{"count":0,"href":"https:\/\/anoticiaonline.com.br\/site\/wp-json\/wp\/v2\/posts\/37275\/revisions"}],"wp:featuredmedia":[{"embeddable":true,"href":"https:\/\/anoticiaonline.com.br\/site\/wp-json\/wp\/v2\/media\/37279"}],"wp:attachment":[{"href":"https:\/\/anoticiaonline.com.br\/site\/wp-json\/wp\/v2\/media?parent=37275"}],"wp:term":[{"taxonomy":"category","embeddable":true,"href":"https:\/\/anoticiaonline.com.br\/site\/wp-json\/wp\/v2\/categories?post=37275"},{"taxonomy":"post_tag","embeddable":true,"href":"https:\/\/anoticiaonline.com.br\/site\/wp-json\/wp\/v2\/tags?post=37275"}],"curies":[{"name":"wp","href":"https:\/\/api.w.org\/{rel}","templated":true}]}}