{"id":37203,"date":"2017-08-06T14:30:34","date_gmt":"2017-08-06T17:30:34","guid":{"rendered":"http:\/\/anoticiaonline.com.br\/site\/?p=37203"},"modified":"2017-08-03T22:44:36","modified_gmt":"2017-08-04T01:44:36","slug":"loja-maconica-ad-glorian-promove-noite-de-caldos-no-mtc","status":"publish","type":"post","link":"https:\/\/anoticiaonline.com.br\/site\/loja-maconica-ad-glorian-promove-noite-de-caldos-no-mtc\/","title":{"rendered":"Loja Ma\u00e7\u00f4nica Ad Glorian promove noite de caldos no MTC"},"content":{"rendered":"<p><a href=\"https:\/\/anoticiaonline.com.br\/site\/wp-content\/uploads\/2017\/08\/DSC_0041.jpg\"><img fetchpriority=\"high\" decoding=\"async\" class=\"alignleft size-medium wp-image-37208\" src=\"https:\/\/anoticiaonline.com.br\/site\/wp-content\/uploads\/2017\/08\/DSC_0041-300x200.jpg\" alt=\"\" width=\"300\" height=\"200\" srcset=\"https:\/\/anoticiaonline.com.br\/site\/wp-content\/uploads\/2017\/08\/DSC_0041-300x200.jpg 300w, https:\/\/anoticiaonline.com.br\/site\/wp-content\/uploads\/2017\/08\/DSC_0041-290x192.jpg 290w, https:\/\/anoticiaonline.com.br\/site\/wp-content\/uploads\/2017\/08\/DSC_0041.jpg 640w\" sizes=\"(max-width: 300px) 100vw, 300px\" \/><\/a><img decoding=\"async\" class=\"alignleft size-medium wp-image-37207\" src=\"https:\/\/anoticiaonline.com.br\/site\/wp-content\/uploads\/2017\/08\/DSC_0034-300x200.jpg\" alt=\"\" width=\"300\" height=\"200\" srcset=\"https:\/\/anoticiaonline.com.br\/site\/wp-content\/uploads\/2017\/08\/DSC_0034-300x200.jpg 300w, https:\/\/anoticiaonline.com.br\/site\/wp-content\/uploads\/2017\/08\/DSC_0034-290x192.jpg 290w, https:\/\/anoticiaonline.com.br\/site\/wp-content\/uploads\/2017\/08\/DSC_0034.jpg 640w\" sizes=\"(max-width: 300px) 100vw, 300px\" \/><a href=\"https:\/\/anoticiaonline.com.br\/site\/wp-content\/uploads\/2017\/08\/DSC_0014.jpg\"><img decoding=\"async\" class=\"alignleft size-medium wp-image-37205\" src=\"https:\/\/anoticiaonline.com.br\/site\/wp-content\/uploads\/2017\/08\/DSC_0014-300x200.jpg\" alt=\"\" width=\"300\" height=\"200\" srcset=\"https:\/\/anoticiaonline.com.br\/site\/wp-content\/uploads\/2017\/08\/DSC_0014-300x200.jpg 300w, https:\/\/anoticiaonline.com.br\/site\/wp-content\/uploads\/2017\/08\/DSC_0014-290x192.jpg 290w, https:\/\/anoticiaonline.com.br\/site\/wp-content\/uploads\/2017\/08\/DSC_0014.jpg 640w\" sizes=\"(max-width: 300px) 100vw, 300px\" \/><\/a> Integrantes da ma\u00e7onaria e da sociedade muriaeense reuniram-se na noite de\u00a0sexta-feira (28), no Muria\u00e9 T\u00eanis Clube, para noite beneficente promovida pela Loja Ma\u00e7\u00f4nica Ad Gloriam Et Sapientiam. Na ocasi\u00e3o, dezenas de convidados se divertiram ao som F\u00e1bio Horany se deliciaram com caldos diversos.<\/p>\n<p>O objetivo principal da realiza\u00e7\u00e3o deste evento foi arrecadar fundos para ajudar obras sociais e reabrir a f\u00e1brica de fraldas descart\u00e1veis mantida pela loja. O 1\u00ba vigilante, Adriano Oliveira, disse que a m\u00e1quina que produz as fraldas descart\u00e1veis est\u00e1 parada h\u00e1 seis meses e necessita de manuten\u00e7\u00e3o.<\/p>\n<p>\u201cPrecisamos voltar a produzir as fraldas para doar para fam\u00edlias que necessitam do produto. Por isso, a ajuda de todos \u00e9 bem vinda para garantir o funcionamento cont\u00ednuo da f\u00e1brica e seguir com nosso prop\u00f3sito maior: ajudar o pr\u00f3ximo\u201d, contou Adriano.<\/p>\n<p>Adriano agradeceu a colabora\u00e7\u00e3o de todos que participaram da noite de caldos beneficente, seus colaboradores, integrantes de outras lojas ma\u00e7\u00f4nicas de Muria\u00e9 e \u00e0 imprensa local.<\/p>\n<p><img decoding=\"async\" class=\"ngg_displayed_gallery mceItem\" src=\"https:\/\/anoticiaonline.com.br\/site\/nextgen-attach_to_post\/preview\/id--37273\" \/><\/p>\n<p>&nbsp;<\/p>\n<p>&nbsp;<\/p>\n","protected":false},"excerpt":{"rendered":"<p>Integrantes da ma\u00e7onaria e da sociedade muriaeense reuniram-se na noite de\u00a0sexta-feira (28), no Muria\u00e9 T\u00eanis Clube, para noite beneficente promovida pela Loja Ma\u00e7\u00f4nica Ad Gloriam Et Sapientiam. Na ocasi\u00e3o, dezenas de convidados se divertiram ao som F\u00e1bio Horany se deliciaram com caldos diversos. O objetivo principal da realiza\u00e7\u00e3o deste evento foi arrecadar fundos para ajudar &#8230; <a title=\"Loja Ma\u00e7\u00f4nica Ad Glorian promove noite de caldos no MTC\" class=\"read-more\" href=\"https:\/\/anoticiaonline.com.br\/site\/loja-maconica-ad-glorian-promove-noite-de-caldos-no-mtc\/\" aria-label=\"Read more about Loja Ma\u00e7\u00f4nica Ad Glorian promove noite de caldos no MTC\">Ler mais<\/a><\/p>\n","protected":false},"author":2,"featured_media":37208,"comment_status":"open","ping_status":"open","sticky":false,"template":"","format":"standard","meta":{"_acf_changed":false,"_monsterinsights_skip_tracking":false,"footnotes":""},"categories":[30,1],"tags":[789,788,588,783,786,785,782,787,74,784,3],"class_list":["post-37203","post","type-post","status-publish","format-standard","has-post-thumbnail","hentry","category-muriae","category-gerais","tag-1o-vigilante","tag-beneficente","tag-doacao","tag-fabio-horany","tag-fralda","tag-fraldas","tag-loja-maconica-ad-gloriam-et-sapientiam","tag-maconaria","tag-muriae","tag-muriae-tenis-clube","tag-slide"],"acf":[],"aioseo_notices":[],"aioseo_head":"\n\t\t<!-- All in One SEO 5.0.0.1 - aioseo.com -->\n\t<meta name=\"description\" content=\"Integrantes da ma\u00e7onaria e da sociedade muriaeense reuniram-se na noite de sexta-feira (28), no Muria\u00e9 T\u00eanis Clube, para noite beneficente promovida pela Loja Ma\u00e7\u00f4nica Ad Gloriam Et Sapientiam. Na ocasi\u00e3o, dezenas de convidados se divertiram ao som F\u00e1bio Horany se deliciaram com caldos diversos. O objetivo principal da realiza\u00e7\u00e3o deste evento foi arrecadar fundos para ajudar\" \/>\n\t<meta name=\"robots\" content=\"max-image-preview:large\" \/>\n\t<meta name=\"author\" content=\"Juliana Laviola\"\/>\n\t<link rel=\"canonical\" href=\"https:\/\/anoticiaonline.com.br\/site\/loja-maconica-ad-glorian-promove-noite-de-caldos-no-mtc\/\" \/>\n\t<meta name=\"generator\" content=\"All in One SEO (AIOSEO) 5.0.0.1\" \/>\n\t\t<meta property=\"og:locale\" content=\"pt_BR\" \/>\n\t\t<meta property=\"og:site_name\" content=\"A Not\u00edcia Online - Noticias de Muria\u00e9 e regi\u00e3o\" \/>\n\t\t<meta property=\"og:type\" content=\"article\" \/>\n\t\t<meta property=\"og:title\" content=\"Loja Ma\u00e7\u00f4nica Ad Glorian promove noite de caldos no MTC - A Not\u00edcia Online\" \/>\n\t\t<meta property=\"og:description\" content=\"Integrantes da ma\u00e7onaria e da sociedade muriaeense reuniram-se na noite de sexta-feira (28), no Muria\u00e9 T\u00eanis Clube, para noite beneficente promovida pela Loja Ma\u00e7\u00f4nica Ad Gloriam Et Sapientiam. Na ocasi\u00e3o, dezenas de convidados se divertiram ao som F\u00e1bio Horany se deliciaram com caldos diversos. O objetivo principal da realiza\u00e7\u00e3o deste evento foi arrecadar fundos para ajudar\" \/>\n\t\t<meta property=\"og:url\" content=\"https:\/\/anoticiaonline.com.br\/site\/loja-maconica-ad-glorian-promove-noite-de-caldos-no-mtc\/\" \/>\n\t\t<meta property=\"og:image\" content=\"https:\/\/scontent-gig4-1.xx.fbcdn.net\/v\/t39.30808-1\/270437624_4564083193639691_6907940295614233970_n.jpg?stp=dst-jpg_s200x200_tt6&#038;_nc_cat=111&#038;ccb=1-7&#038;_nc_sid=f907e8&#038;_nc_ohc=SM1wRlP3lJwQ7kNvwEPuBYA&#038;_nc_oc=AdnqrjDN_BNjSSHWO-GbkIWH6fkGMLw4bqvL_NH6e2wMveX7G-rP2dAqsDSq1mJMOaY&#038;_nc_zt=24&#038;_nc_ht=scontent-gig4-1.xx&#038;_nc_gid=AoBFJeGrT1hVaew_6rchkQ&#038;oh=00_AfX7QmFGhQhG2jAllVgXCiM1ZrWgvtp80-Bfppyexh1QEg&#038;oe=689E923C\" \/>\n\t\t<meta property=\"og:image:secure_url\" content=\"https:\/\/scontent-gig4-1.xx.fbcdn.net\/v\/t39.30808-1\/270437624_4564083193639691_6907940295614233970_n.jpg?stp=dst-jpg_s200x200_tt6&#038;_nc_cat=111&#038;ccb=1-7&#038;_nc_sid=f907e8&#038;_nc_ohc=SM1wRlP3lJwQ7kNvwEPuBYA&#038;_nc_oc=AdnqrjDN_BNjSSHWO-GbkIWH6fkGMLw4bqvL_NH6e2wMveX7G-rP2dAqsDSq1mJMOaY&#038;_nc_zt=24&#038;_nc_ht=scontent-gig4-1.xx&#038;_nc_gid=AoBFJeGrT1hVaew_6rchkQ&#038;oh=00_AfX7QmFGhQhG2jAllVgXCiM1ZrWgvtp80-Bfppyexh1QEg&#038;oe=689E923C\" \/>\n\t\t<meta property=\"article:published_time\" content=\"2017-08-06T17:30:34+00:00\" \/>\n\t\t<meta property=\"article:modified_time\" content=\"2017-08-04T01:44:36+00:00\" \/>\n\t\t<meta name=\"twitter:card\" content=\"summary_large_image\" \/>\n\t\t<meta name=\"twitter:title\" content=\"Loja Ma\u00e7\u00f4nica Ad Glorian promove noite de caldos no MTC - A Not\u00edcia Online\" \/>\n\t\t<meta name=\"twitter:description\" content=\"Integrantes da ma\u00e7onaria e da sociedade muriaeense reuniram-se na noite de sexta-feira (28), no Muria\u00e9 T\u00eanis Clube, para noite beneficente promovida pela Loja Ma\u00e7\u00f4nica Ad Gloriam Et Sapientiam. Na ocasi\u00e3o, dezenas de convidados se divertiram ao som F\u00e1bio Horany se deliciaram com caldos diversos. O objetivo principal da realiza\u00e7\u00e3o deste evento foi arrecadar fundos para ajudar\" \/>\n\t\t<meta name=\"twitter:image\" content=\"https:\/\/scontent-gig4-1.xx.fbcdn.net\/v\/t39.30808-1\/270437624_4564083193639691_6907940295614233970_n.jpg?stp=dst-jpg_s200x200_tt6&amp;_nc_cat=111&amp;ccb=1-7&amp;_nc_sid=f907e8&amp;_nc_ohc=SM1wRlP3lJwQ7kNvwEPuBYA&amp;_nc_oc=AdnqrjDN_BNjSSHWO-GbkIWH6fkGMLw4bqvL_NH6e2wMveX7G-rP2dAqsDSq1mJMOaY&amp;_nc_zt=24&amp;_nc_ht=scontent-gig4-1.xx&amp;_nc_gid=AoBFJeGrT1hVaew_6rchkQ&amp;oh=00_AfX7QmFGhQhG2jAllVgXCiM1ZrWgvtp80-Bfppyexh1QEg&amp;oe=689E923C\" \/>\n\t\t<script type=\"application\/ld+json\" class=\"aioseo-schema\">\n\t\t\t{\"@context\":\"https:\\\/\\\/schema.org\",\"@graph\":[{\"@type\":\"BlogPosting\",\"@id\":\"https:\\\/\\\/anoticiaonline.com.br\\\/site\\\/loja-maconica-ad-glorian-promove-noite-de-caldos-no-mtc\\\/#blogposting\",\"name\":\"Loja Ma\\u00e7\\u00f4nica Ad Glorian promove noite de caldos no MTC - A Not\\u00edcia Online\",\"headline\":\"Loja Ma\\u00e7\\u00f4nica Ad Glorian promove noite de caldos no MTC\",\"author\":{\"@id\":\"https:\\\/\\\/anoticiaonline.com.br\\\/site\\\/author\\\/juliana\\\/#author\"},\"publisher\":{\"@id\":\"https:\\\/\\\/anoticiaonline.com.br\\\/site\\\/#organization\"},\"image\":{\"@type\":\"ImageObject\",\"url\":\"https:\\\/\\\/anoticiaonline.com.br\\\/site\\\/wp-content\\\/uploads\\\/2017\\\/08\\\/DSC_0041.jpg\",\"width\":640,\"height\":427},\"datePublished\":\"2017-08-06T14:30:34-03:00\",\"dateModified\":\"2017-08-03T22:44:36-03:00\",\"inLanguage\":\"pt-BR\",\"mainEntityOfPage\":{\"@id\":\"https:\\\/\\\/anoticiaonline.com.br\\\/site\\\/loja-maconica-ad-glorian-promove-noite-de-caldos-no-mtc\\\/#webpage\"},\"isPartOf\":{\"@id\":\"https:\\\/\\\/anoticiaonline.com.br\\\/site\\\/loja-maconica-ad-glorian-promove-noite-de-caldos-no-mtc\\\/#webpage\"},\"articleSection\":\"Blog, Gerais, 1\\u00ba vigilante, beneficente, doa\\u00e7\\u00e3o, F\\u00e1bio Horany, fralda, fraldas, Loja Ma\\u00e7\\u00f4nica Ad Gloriam Et Sapientiam, Ma\\u00e7onaria, Muria\\u00e9, Muria\\u00e9 T\\u00eanis Clube, slide\"},{\"@type\":\"BreadcrumbList\",\"@id\":\"https:\\\/\\\/anoticiaonline.com.br\\\/site\\\/loja-maconica-ad-glorian-promove-noite-de-caldos-no-mtc\\\/#breadcrumblist\",\"itemListElement\":[{\"@type\":\"ListItem\",\"@id\":\"https:\\\/\\\/anoticiaonline.com.br\\\/site#listItem\",\"position\":1,\"name\":\"Home\",\"item\":\"https:\\\/\\\/anoticiaonline.com.br\\\/site\",\"nextItem\":{\"@type\":\"ListItem\",\"@id\":\"https:\\\/\\\/anoticiaonline.com.br\\\/site\\\/categoria\\\/gerais\\\/#listItem\",\"name\":\"Gerais\"}},{\"@type\":\"ListItem\",\"@id\":\"https:\\\/\\\/anoticiaonline.com.br\\\/site\\\/categoria\\\/gerais\\\/#listItem\",\"position\":2,\"name\":\"Gerais\",\"item\":\"https:\\\/\\\/anoticiaonline.com.br\\\/site\\\/categoria\\\/gerais\\\/\",\"nextItem\":{\"@type\":\"ListItem\",\"@id\":\"https:\\\/\\\/anoticiaonline.com.br\\\/site\\\/loja-maconica-ad-glorian-promove-noite-de-caldos-no-mtc\\\/#listItem\",\"name\":\"Loja Ma\\u00e7\\u00f4nica Ad Glorian promove noite de caldos no MTC\"},\"previousItem\":{\"@type\":\"ListItem\",\"@id\":\"https:\\\/\\\/anoticiaonline.com.br\\\/site#listItem\",\"name\":\"Home\"}},{\"@type\":\"ListItem\",\"@id\":\"https:\\\/\\\/anoticiaonline.com.br\\\/site\\\/loja-maconica-ad-glorian-promove-noite-de-caldos-no-mtc\\\/#listItem\",\"position\":3,\"name\":\"Loja Ma\\u00e7\\u00f4nica Ad Glorian promove noite de caldos no MTC\",\"previousItem\":{\"@type\":\"ListItem\",\"@id\":\"https:\\\/\\\/anoticiaonline.com.br\\\/site\\\/categoria\\\/gerais\\\/#listItem\",\"name\":\"Gerais\"}}]},{\"@type\":\"Organization\",\"@id\":\"https:\\\/\\\/anoticiaonline.com.br\\\/site\\\/#organization\",\"name\":\"A Not\\u00edcia Online\",\"description\":\"Noticias de Muria\\u00e9 e regi\\u00e3o\",\"url\":\"https:\\\/\\\/anoticiaonline.com.br\\\/site\\\/\",\"logo\":{\"@type\":\"ImageObject\",\"url\":\"https:\\\/\\\/scontent-gig4-1.xx.fbcdn.net\\\/v\\\/t39.30808-1\\\/270437624_4564083193639691_6907940295614233970_n.jpg?stp=dst-jpg_s200x200_tt6&_nc_cat=111&ccb=1-7&_nc_sid=f907e8&_nc_ohc=SM1wRlP3lJwQ7kNvwEPuBYA&_nc_oc=AdnqrjDN_BNjSSHWO-GbkIWH6fkGMLw4bqvL_NH6e2wMveX7G-rP2dAqsDSq1mJMOaY&_nc_zt=24&_nc_ht=scontent-gig4-1.xx&_nc_gid=AoBFJeGrT1hVaew_6rchkQ&oh=00_AfX7QmFGhQhG2jAllVgXCiM1ZrWgvtp80-Bfppyexh1QEg&oe=689E923C\",\"@id\":\"https:\\\/\\\/anoticiaonline.com.br\\\/site\\\/loja-maconica-ad-glorian-promove-noite-de-caldos-no-mtc\\\/#organizationLogo\"},\"image\":{\"@id\":\"https:\\\/\\\/anoticiaonline.com.br\\\/site\\\/loja-maconica-ad-glorian-promove-noite-de-caldos-no-mtc\\\/#organizationLogo\"}},{\"@type\":\"Person\",\"@id\":\"https:\\\/\\\/anoticiaonline.com.br\\\/site\\\/author\\\/juliana\\\/#author\",\"url\":\"https:\\\/\\\/anoticiaonline.com.br\\\/site\\\/author\\\/juliana\\\/\",\"name\":\"Juliana Laviola\",\"image\":{\"@type\":\"ImageObject\",\"@id\":\"https:\\\/\\\/anoticiaonline.com.br\\\/site\\\/loja-maconica-ad-glorian-promove-noite-de-caldos-no-mtc\\\/#authorImage\",\"url\":\"https:\\\/\\\/secure.gravatar.com\\\/avatar\\\/b8d45f5c699b100dfaf0e543582f38f38bf94cb7ae3a5e9abf8d891a34773335?s=96&d=mm&r=g\",\"width\":96,\"height\":96,\"caption\":\"Juliana Laviola\"}},{\"@type\":\"WebPage\",\"@id\":\"https:\\\/\\\/anoticiaonline.com.br\\\/site\\\/loja-maconica-ad-glorian-promove-noite-de-caldos-no-mtc\\\/#webpage\",\"url\":\"https:\\\/\\\/anoticiaonline.com.br\\\/site\\\/loja-maconica-ad-glorian-promove-noite-de-caldos-no-mtc\\\/\",\"name\":\"Loja Ma\\u00e7\\u00f4nica Ad Glorian promove noite de caldos no MTC - A Not\\u00edcia Online\",\"description\":\"Integrantes da ma\\u00e7onaria e da sociedade muriaeense reuniram-se na noite de sexta-feira (28), no Muria\\u00e9 T\\u00eanis Clube, para noite beneficente promovida pela Loja Ma\\u00e7\\u00f4nica Ad Gloriam Et Sapientiam. Na ocasi\\u00e3o, dezenas de convidados se divertiram ao som F\\u00e1bio Horany se deliciaram com caldos diversos. O objetivo principal da realiza\\u00e7\\u00e3o deste evento foi arrecadar fundos para ajudar\",\"inLanguage\":\"pt-BR\",\"isPartOf\":{\"@id\":\"https:\\\/\\\/anoticiaonline.com.br\\\/site\\\/#website\"},\"breadcrumb\":{\"@id\":\"https:\\\/\\\/anoticiaonline.com.br\\\/site\\\/loja-maconica-ad-glorian-promove-noite-de-caldos-no-mtc\\\/#breadcrumblist\"},\"author\":{\"@id\":\"https:\\\/\\\/anoticiaonline.com.br\\\/site\\\/author\\\/juliana\\\/#author\"},\"creator\":{\"@id\":\"https:\\\/\\\/anoticiaonline.com.br\\\/site\\\/author\\\/juliana\\\/#author\"},\"image\":{\"@type\":\"ImageObject\",\"url\":\"https:\\\/\\\/anoticiaonline.com.br\\\/site\\\/wp-content\\\/uploads\\\/2017\\\/08\\\/DSC_0041.jpg\",\"@id\":\"https:\\\/\\\/anoticiaonline.com.br\\\/site\\\/loja-maconica-ad-glorian-promove-noite-de-caldos-no-mtc\\\/#mainImage\",\"width\":640,\"height\":427},\"primaryImageOfPage\":{\"@id\":\"https:\\\/\\\/anoticiaonline.com.br\\\/site\\\/loja-maconica-ad-glorian-promove-noite-de-caldos-no-mtc\\\/#mainImage\"},\"datePublished\":\"2017-08-06T14:30:34-03:00\",\"dateModified\":\"2017-08-03T22:44:36-03:00\"},{\"@type\":\"WebSite\",\"@id\":\"https:\\\/\\\/anoticiaonline.com.br\\\/site\\\/#website\",\"url\":\"https:\\\/\\\/anoticiaonline.com.br\\\/site\\\/\",\"name\":\"A Not\\u00edcia Online\",\"description\":\"Noticias de Muria\\u00e9 e regi\\u00e3o\",\"inLanguage\":\"pt-BR\",\"publisher\":{\"@id\":\"https:\\\/\\\/anoticiaonline.com.br\\\/site\\\/#organization\"}}]}\n\t\t<\/script>\n\t\t<!-- All in One SEO -->\n\n","aioseo_head_json":{"title":"Loja Ma\u00e7\u00f4nica Ad Glorian promove noite de caldos no MTC - A Not\u00edcia Online","description":"Integrantes da ma\u00e7onaria e da sociedade muriaeense reuniram-se na noite de sexta-feira (28), no Muria\u00e9 T\u00eanis Clube, para noite beneficente promovida pela Loja Ma\u00e7\u00f4nica Ad Gloriam Et Sapientiam. Na ocasi\u00e3o, dezenas de convidados se divertiram ao som F\u00e1bio Horany se deliciaram com caldos diversos. O objetivo principal da realiza\u00e7\u00e3o deste evento foi arrecadar fundos para ajudar","canonical_url":"https:\/\/anoticiaonline.com.br\/site\/loja-maconica-ad-glorian-promove-noite-de-caldos-no-mtc\/","robots":"max-image-preview:large","keywords":"","webmasterTools":{"miscellaneous":""},"schema":{"@context":"https:\/\/schema.org","@graph":[{"@type":"BlogPosting","@id":"https:\/\/anoticiaonline.com.br\/site\/loja-maconica-ad-glorian-promove-noite-de-caldos-no-mtc\/#blogposting","name":"Loja Ma\u00e7\u00f4nica Ad Glorian promove noite de caldos no MTC - A Not\u00edcia Online","headline":"Loja Ma\u00e7\u00f4nica Ad Glorian promove noite de caldos no MTC","author":{"@id":"https:\/\/anoticiaonline.com.br\/site\/author\/juliana\/#author"},"publisher":{"@id":"https:\/\/anoticiaonline.com.br\/site\/#organization"},"image":{"@type":"ImageObject","url":"https:\/\/anoticiaonline.com.br\/site\/wp-content\/uploads\/2017\/08\/DSC_0041.jpg","width":640,"height":427},"datePublished":"2017-08-06T14:30:34-03:00","dateModified":"2017-08-03T22:44:36-03:00","inLanguage":"pt-BR","mainEntityOfPage":{"@id":"https:\/\/anoticiaonline.com.br\/site\/loja-maconica-ad-glorian-promove-noite-de-caldos-no-mtc\/#webpage"},"isPartOf":{"@id":"https:\/\/anoticiaonline.com.br\/site\/loja-maconica-ad-glorian-promove-noite-de-caldos-no-mtc\/#webpage"},"articleSection":"Blog, Gerais, 1\u00ba vigilante, beneficente, doa\u00e7\u00e3o, F\u00e1bio Horany, fralda, fraldas, Loja Ma\u00e7\u00f4nica Ad Gloriam Et Sapientiam, Ma\u00e7onaria, Muria\u00e9, Muria\u00e9 T\u00eanis Clube, slide"},{"@type":"BreadcrumbList","@id":"https:\/\/anoticiaonline.com.br\/site\/loja-maconica-ad-glorian-promove-noite-de-caldos-no-mtc\/#breadcrumblist","itemListElement":[{"@type":"ListItem","@id":"https:\/\/anoticiaonline.com.br\/site#listItem","position":1,"name":"Home","item":"https:\/\/anoticiaonline.com.br\/site","nextItem":{"@type":"ListItem","@id":"https:\/\/anoticiaonline.com.br\/site\/categoria\/gerais\/#listItem","name":"Gerais"}},{"@type":"ListItem","@id":"https:\/\/anoticiaonline.com.br\/site\/categoria\/gerais\/#listItem","position":2,"name":"Gerais","item":"https:\/\/anoticiaonline.com.br\/site\/categoria\/gerais\/","nextItem":{"@type":"ListItem","@id":"https:\/\/anoticiaonline.com.br\/site\/loja-maconica-ad-glorian-promove-noite-de-caldos-no-mtc\/#listItem","name":"Loja Ma\u00e7\u00f4nica Ad Glorian promove noite de caldos no MTC"},"previousItem":{"@type":"ListItem","@id":"https:\/\/anoticiaonline.com.br\/site#listItem","name":"Home"}},{"@type":"ListItem","@id":"https:\/\/anoticiaonline.com.br\/site\/loja-maconica-ad-glorian-promove-noite-de-caldos-no-mtc\/#listItem","position":3,"name":"Loja Ma\u00e7\u00f4nica Ad Glorian promove noite de caldos no MTC","previousItem":{"@type":"ListItem","@id":"https:\/\/anoticiaonline.com.br\/site\/categoria\/gerais\/#listItem","name":"Gerais"}}]},{"@type":"Organization","@id":"https:\/\/anoticiaonline.com.br\/site\/#organization","name":"A Not\u00edcia Online","description":"Noticias de Muria\u00e9 e regi\u00e3o","url":"https:\/\/anoticiaonline.com.br\/site\/","logo":{"@type":"ImageObject","url":"https:\/\/scontent-gig4-1.xx.fbcdn.net\/v\/t39.30808-1\/270437624_4564083193639691_6907940295614233970_n.jpg?stp=dst-jpg_s200x200_tt6&_nc_cat=111&ccb=1-7&_nc_sid=f907e8&_nc_ohc=SM1wRlP3lJwQ7kNvwEPuBYA&_nc_oc=AdnqrjDN_BNjSSHWO-GbkIWH6fkGMLw4bqvL_NH6e2wMveX7G-rP2dAqsDSq1mJMOaY&_nc_zt=24&_nc_ht=scontent-gig4-1.xx&_nc_gid=AoBFJeGrT1hVaew_6rchkQ&oh=00_AfX7QmFGhQhG2jAllVgXCiM1ZrWgvtp80-Bfppyexh1QEg&oe=689E923C","@id":"https:\/\/anoticiaonline.com.br\/site\/loja-maconica-ad-glorian-promove-noite-de-caldos-no-mtc\/#organizationLogo"},"image":{"@id":"https:\/\/anoticiaonline.com.br\/site\/loja-maconica-ad-glorian-promove-noite-de-caldos-no-mtc\/#organizationLogo"}},{"@type":"Person","@id":"https:\/\/anoticiaonline.com.br\/site\/author\/juliana\/#author","url":"https:\/\/anoticiaonline.com.br\/site\/author\/juliana\/","name":"Juliana Laviola","image":{"@type":"ImageObject","@id":"https:\/\/anoticiaonline.com.br\/site\/loja-maconica-ad-glorian-promove-noite-de-caldos-no-mtc\/#authorImage","url":"https:\/\/secure.gravatar.com\/avatar\/b8d45f5c699b100dfaf0e543582f38f38bf94cb7ae3a5e9abf8d891a34773335?s=96&d=mm&r=g","width":96,"height":96,"caption":"Juliana Laviola"}},{"@type":"WebPage","@id":"https:\/\/anoticiaonline.com.br\/site\/loja-maconica-ad-glorian-promove-noite-de-caldos-no-mtc\/#webpage","url":"https:\/\/anoticiaonline.com.br\/site\/loja-maconica-ad-glorian-promove-noite-de-caldos-no-mtc\/","name":"Loja Ma\u00e7\u00f4nica Ad Glorian promove noite de caldos no MTC - A Not\u00edcia Online","description":"Integrantes da ma\u00e7onaria e da sociedade muriaeense reuniram-se na noite de sexta-feira (28), no Muria\u00e9 T\u00eanis Clube, para noite beneficente promovida pela Loja Ma\u00e7\u00f4nica Ad Gloriam Et Sapientiam. Na ocasi\u00e3o, dezenas de convidados se divertiram ao som F\u00e1bio Horany se deliciaram com caldos diversos. O objetivo principal da realiza\u00e7\u00e3o deste evento foi arrecadar fundos para ajudar","inLanguage":"pt-BR","isPartOf":{"@id":"https:\/\/anoticiaonline.com.br\/site\/#website"},"breadcrumb":{"@id":"https:\/\/anoticiaonline.com.br\/site\/loja-maconica-ad-glorian-promove-noite-de-caldos-no-mtc\/#breadcrumblist"},"author":{"@id":"https:\/\/anoticiaonline.com.br\/site\/author\/juliana\/#author"},"creator":{"@id":"https:\/\/anoticiaonline.com.br\/site\/author\/juliana\/#author"},"image":{"@type":"ImageObject","url":"https:\/\/anoticiaonline.com.br\/site\/wp-content\/uploads\/2017\/08\/DSC_0041.jpg","@id":"https:\/\/anoticiaonline.com.br\/site\/loja-maconica-ad-glorian-promove-noite-de-caldos-no-mtc\/#mainImage","width":640,"height":427},"primaryImageOfPage":{"@id":"https:\/\/anoticiaonline.com.br\/site\/loja-maconica-ad-glorian-promove-noite-de-caldos-no-mtc\/#mainImage"},"datePublished":"2017-08-06T14:30:34-03:00","dateModified":"2017-08-03T22:44:36-03:00"},{"@type":"WebSite","@id":"https:\/\/anoticiaonline.com.br\/site\/#website","url":"https:\/\/anoticiaonline.com.br\/site\/","name":"A Not\u00edcia Online","description":"Noticias de Muria\u00e9 e regi\u00e3o","inLanguage":"pt-BR","publisher":{"@id":"https:\/\/anoticiaonline.com.br\/site\/#organization"}}]},"og:locale":"pt_BR","og:site_name":"A Not\u00edcia Online - Noticias de Muria\u00e9 e regi\u00e3o","og:type":"article","og:title":"Loja Ma\u00e7\u00f4nica Ad Glorian promove noite de caldos no MTC - A Not\u00edcia Online","og:description":"Integrantes da ma\u00e7onaria e da sociedade muriaeense reuniram-se na noite de sexta-feira (28), no Muria\u00e9 T\u00eanis Clube, para noite beneficente promovida pela Loja Ma\u00e7\u00f4nica Ad Gloriam Et Sapientiam. Na ocasi\u00e3o, dezenas de convidados se divertiram ao som F\u00e1bio Horany se deliciaram com caldos diversos. O objetivo principal da realiza\u00e7\u00e3o deste evento foi arrecadar fundos para ajudar","og:url":"https:\/\/anoticiaonline.com.br\/site\/loja-maconica-ad-glorian-promove-noite-de-caldos-no-mtc\/","og:image":"https:\/\/scontent-gig4-1.xx.fbcdn.net\/v\/t39.30808-1\/270437624_4564083193639691_6907940295614233970_n.jpg?stp=dst-jpg_s200x200_tt6&#038;_nc_cat=111&#038;ccb=1-7&#038;_nc_sid=f907e8&#038;_nc_ohc=SM1wRlP3lJwQ7kNvwEPuBYA&#038;_nc_oc=AdnqrjDN_BNjSSHWO-GbkIWH6fkGMLw4bqvL_NH6e2wMveX7G-rP2dAqsDSq1mJMOaY&#038;_nc_zt=24&#038;_nc_ht=scontent-gig4-1.xx&#038;_nc_gid=AoBFJeGrT1hVaew_6rchkQ&#038;oh=00_AfX7QmFGhQhG2jAllVgXCiM1ZrWgvtp80-Bfppyexh1QEg&#038;oe=689E923C","og:image:secure_url":"https:\/\/scontent-gig4-1.xx.fbcdn.net\/v\/t39.30808-1\/270437624_4564083193639691_6907940295614233970_n.jpg?stp=dst-jpg_s200x200_tt6&#038;_nc_cat=111&#038;ccb=1-7&#038;_nc_sid=f907e8&#038;_nc_ohc=SM1wRlP3lJwQ7kNvwEPuBYA&#038;_nc_oc=AdnqrjDN_BNjSSHWO-GbkIWH6fkGMLw4bqvL_NH6e2wMveX7G-rP2dAqsDSq1mJMOaY&#038;_nc_zt=24&#038;_nc_ht=scontent-gig4-1.xx&#038;_nc_gid=AoBFJeGrT1hVaew_6rchkQ&#038;oh=00_AfX7QmFGhQhG2jAllVgXCiM1ZrWgvtp80-Bfppyexh1QEg&#038;oe=689E923C","article:published_time":"2017-08-06T17:30:34+00:00","article:modified_time":"2017-08-04T01:44:36+00:00","twitter:card":"summary_large_image","twitter:title":"Loja Ma\u00e7\u00f4nica Ad Glorian promove noite de caldos no MTC - A Not\u00edcia Online","twitter:description":"Integrantes da ma\u00e7onaria e da sociedade muriaeense reuniram-se na noite de sexta-feira (28), no Muria\u00e9 T\u00eanis Clube, para noite beneficente promovida pela Loja Ma\u00e7\u00f4nica Ad Gloriam Et Sapientiam. Na ocasi\u00e3o, dezenas de convidados se divertiram ao som F\u00e1bio Horany se deliciaram com caldos diversos. O objetivo principal da realiza\u00e7\u00e3o deste evento foi arrecadar fundos para ajudar","twitter:image":"https:\/\/scontent-gig4-1.xx.fbcdn.net\/v\/t39.30808-1\/270437624_4564083193639691_6907940295614233970_n.jpg?stp=dst-jpg_s200x200_tt6&_nc_cat=111&ccb=1-7&_nc_sid=f907e8&_nc_ohc=SM1wRlP3lJwQ7kNvwEPuBYA&_nc_oc=AdnqrjDN_BNjSSHWO-GbkIWH6fkGMLw4bqvL_NH6e2wMveX7G-rP2dAqsDSq1mJMOaY&_nc_zt=24&_nc_ht=scontent-gig4-1.xx&_nc_gid=AoBFJeGrT1hVaew_6rchkQ&oh=00_AfX7QmFGhQhG2jAllVgXCiM1ZrWgvtp80-Bfppyexh1QEg&oe=689E923C"},"aioseo_meta_data":{"post_id":"37203","title":null,"description":null,"keywords":null,"keyphrases":null,"primary_term":null,"canonical_url":null,"og_title":null,"og_description":null,"og_object_type":"default","og_image_type":"default","og_image_url":null,"og_image_width":null,"og_image_height":null,"og_image_custom_url":null,"og_image_custom_fields":null,"og_video":null,"og_custom_url":null,"og_article_section":null,"og_article_tags":null,"twitter_use_og":false,"twitter_card":"default","twitter_image_type":"default","twitter_image_url":null,"twitter_image_custom_url":null,"twitter_image_custom_fields":null,"twitter_title":null,"twitter_description":null,"schema":{"blockGraphs":[],"customGraphs":[],"default":{"data":{"Article":[],"Course":[],"Dataset":[],"FAQPage":[],"Movie":[],"Person":[],"Product":[],"ProductReview":[],"Car":[],"Recipe":[],"Service":[],"SoftwareApplication":[],"WebPage":[]},"graphName":"","isEnabled":true},"graphs":[]},"schema_type":"default","schema_type_options":null,"pillar_content":false,"robots_default":true,"robots_noindex":false,"robots_noarchive":false,"robots_nosnippet":false,"robots_nofollow":false,"robots_noimageindex":false,"robots_noodp":false,"robots_notranslate":false,"robots_max_snippet":null,"robots_max_videopreview":null,"robots_max_imagepreview":"large","priority":null,"frequency":null,"local_seo":null,"breadcrumb_settings":null,"limit_modified_date":false,"ai":null,"created":"2025-08-16 19:03:32","updated":"2025-08-16 19:03:32","focus_keyword":null,"additional_keywords":null,"truseo_locale":null,"seo_analyzer_scan_date":null},"aioseo_breadcrumb":"<div class=\"aioseo-breadcrumbs\"><span class=\"aioseo-breadcrumb\">\n\t\t\t<a href=\"https:\/\/anoticiaonline.com.br\/site\" title=\"Home\">Home<\/a>\n\t\t<\/span><span class=\"aioseo-breadcrumb-separator\">&raquo;<\/span><span class=\"aioseo-breadcrumb\">\n\t\t\t<a href=\"https:\/\/anoticiaonline.com.br\/site\/categoria\/gerais\/\" title=\"Gerais\">Gerais<\/a>\n\t\t<\/span><span class=\"aioseo-breadcrumb-separator\">&raquo;<\/span><span class=\"aioseo-breadcrumb\">\n\t\t\tLoja Ma\u00e7\u00f4nica Ad Glorian promove noite de caldos no MTC\n\t\t<\/span><\/div>","aioseo_breadcrumb_json":[{"label":"Home","link":"https:\/\/anoticiaonline.com.br\/site"},{"label":"Gerais","link":"https:\/\/anoticiaonline.com.br\/site\/categoria\/gerais\/"},{"label":"Loja Ma\u00e7\u00f4nica Ad Glorian promove noite de caldos no MTC","link":"https:\/\/anoticiaonline.com.br\/site\/loja-maconica-ad-glorian-promove-noite-de-caldos-no-mtc\/"}],"views":136,"_links":{"self":[{"href":"https:\/\/anoticiaonline.com.br\/site\/wp-json\/wp\/v2\/posts\/37203","targetHints":{"allow":["GET"]}}],"collection":[{"href":"https:\/\/anoticiaonline.com.br\/site\/wp-json\/wp\/v2\/posts"}],"about":[{"href":"https:\/\/anoticiaonline.com.br\/site\/wp-json\/wp\/v2\/types\/post"}],"author":[{"embeddable":true,"href":"https:\/\/anoticiaonline.com.br\/site\/wp-json\/wp\/v2\/users\/2"}],"replies":[{"embeddable":true,"href":"https:\/\/anoticiaonline.com.br\/site\/wp-json\/wp\/v2\/comments?post=37203"}],"version-history":[{"count":0,"href":"https:\/\/anoticiaonline.com.br\/site\/wp-json\/wp\/v2\/posts\/37203\/revisions"}],"wp:featuredmedia":[{"embeddable":true,"href":"https:\/\/anoticiaonline.com.br\/site\/wp-json\/wp\/v2\/media\/37208"}],"wp:attachment":[{"href":"https:\/\/anoticiaonline.com.br\/site\/wp-json\/wp\/v2\/media?parent=37203"}],"wp:term":[{"taxonomy":"category","embeddable":true,"href":"https:\/\/anoticiaonline.com.br\/site\/wp-json\/wp\/v2\/categories?post=37203"},{"taxonomy":"post_tag","embeddable":true,"href":"https:\/\/anoticiaonline.com.br\/site\/wp-json\/wp\/v2\/tags?post=37203"}],"curies":[{"name":"wp","href":"https:\/\/api.w.org\/{rel}","templated":true}]}}