{"id":37128,"date":"2017-08-05T17:00:55","date_gmt":"2017-08-05T20:00:55","guid":{"rendered":"http:\/\/anoticiaonline.com.br\/site\/?p=37128"},"modified":"2017-08-03T22:02:54","modified_gmt":"2017-08-04T01:02:54","slug":"quadrangular-central-e-inaugurada-no-centro","status":"publish","type":"post","link":"https:\/\/anoticiaonline.com.br\/site\/quadrangular-central-e-inaugurada-no-centro\/","title":{"rendered":"Quadrangular Central \u00e9 inaugurada no Centro"},"content":{"rendered":"<p><a href=\"https:\/\/anoticiaonline.com.br\/site\/wp-content\/uploads\/2017\/08\/DSC_0561.jpg\"><img fetchpriority=\"high\" decoding=\"async\" class=\"alignleft size-medium wp-image-37171\" src=\"https:\/\/anoticiaonline.com.br\/site\/wp-content\/uploads\/2017\/08\/DSC_0561-300x200.jpg\" alt=\"\" width=\"300\" height=\"200\" srcset=\"https:\/\/anoticiaonline.com.br\/site\/wp-content\/uploads\/2017\/08\/DSC_0561-300x200.jpg 300w, https:\/\/anoticiaonline.com.br\/site\/wp-content\/uploads\/2017\/08\/DSC_0561-290x192.jpg 290w, https:\/\/anoticiaonline.com.br\/site\/wp-content\/uploads\/2017\/08\/DSC_0561.jpg 640w\" sizes=\"(max-width: 300px) 100vw, 300px\" \/><\/a><a href=\"https:\/\/anoticiaonline.com.br\/site\/wp-content\/uploads\/2017\/08\/DSC_0279.jpg\"><img decoding=\"async\" class=\"alignleft size-medium wp-image-37169\" src=\"https:\/\/anoticiaonline.com.br\/site\/wp-content\/uploads\/2017\/08\/DSC_0279-300x200.jpg\" alt=\"\" width=\"300\" height=\"200\" srcset=\"https:\/\/anoticiaonline.com.br\/site\/wp-content\/uploads\/2017\/08\/DSC_0279-300x200.jpg 300w, https:\/\/anoticiaonline.com.br\/site\/wp-content\/uploads\/2017\/08\/DSC_0279-290x192.jpg 290w, https:\/\/anoticiaonline.com.br\/site\/wp-content\/uploads\/2017\/08\/DSC_0279.jpg 640w\" sizes=\"(max-width: 300px) 100vw, 300px\" \/><\/a> <a href=\"https:\/\/anoticiaonline.com.br\/site\/wp-content\/uploads\/2017\/08\/DSC_0574.jpg\"><img decoding=\"async\" class=\"alignleft size-medium wp-image-37172\" src=\"https:\/\/anoticiaonline.com.br\/site\/wp-content\/uploads\/2017\/08\/DSC_0574-300x200.jpg\" alt=\"\" width=\"300\" height=\"200\" srcset=\"https:\/\/anoticiaonline.com.br\/site\/wp-content\/uploads\/2017\/08\/DSC_0574-300x200.jpg 300w, https:\/\/anoticiaonline.com.br\/site\/wp-content\/uploads\/2017\/08\/DSC_0574-290x192.jpg 290w, https:\/\/anoticiaonline.com.br\/site\/wp-content\/uploads\/2017\/08\/DSC_0574.jpg 640w\" sizes=\"(max-width: 300px) 100vw, 300px\" \/><\/a>\u201cIde por todo o mundo e pregai o Evangelho para toda a criatura\u201d, foram com estes dizeres b\u00edblicos que o pastor Wallace Robert de Oliveira inaugurou a nova unidade da Igreja do Evangelho Quadrangular, no Centro, na noite de s\u00e1bado (29). A abertura do templo reuniu centenas de fi\u00e9is em um culto comemorativo de boas-vindas, e contou com a presen\u00e7a do Reverendo Wilson Reis.<\/p>\n<p>De acordo com o pastor, diversas pessoas procuravam por uma Igreja do Evangelho Quadrangular na regi\u00e3o, um dos motivos pelos quais levaram \u00e0 inaugura\u00e7\u00e3o da unidade no bairro que aproximou, ainda mais, os fi\u00e9is da parte central da cidade.<\/p>\n<p>O pastor Wallace acredita que a procura pela Igreja do Evangelho Quadrangular tem aumentado gra\u00e7as ao trabalho do Reverendo Wilson Reis. \u201cVimos neste local uma necessidade de um local de ora\u00e7\u00e3o e foi poss\u00edvel perceber a alegria dos moradores quando eles souberam que haveria uma Igreja Quadrangular no bairro. Tenho certeza que este \u00e9 o resultado da impressionante obra do reverendo Wilson, que faz hist\u00f3ria em nossa regi\u00e3o. Agora, seguimos o nosso desafio de evangelizar, com f\u00e9 de que Deus ir\u00e1 nos acompanhar neste novo trabalho\u201d, contou.<\/p>\n<p>Ap\u00f3s a consagra\u00e7\u00e3o e ben\u00e7\u00e3o inaugural, o pastor Wallace aproveitou o momento para convidar toda a comunidade para participar dos cultos oferecidos. \u201cVenham louvar e glorificar a Deus conosco! Nossos momentos de ora\u00e7\u00e3o acontecem todas as ter\u00e7as, \u00e0s 15h e \u00e0s 19h30, as quintas, tamb\u00e9m \u00e0s 15h e \u00e0s 19h30 e, aos domingos, \u00e0s 19h30, num total de cinco reuni\u00f5es durante a semana\u201d, contou.<\/p>\n<p><img decoding=\"async\" class=\"ngg_displayed_gallery mceItem\" src=\"https:\/\/anoticiaonline.com.br\/site\/nextgen-attach_to_post\/preview\/id--37168\" \/><\/p>\n<p>&nbsp;<\/p>\n","protected":false},"excerpt":{"rendered":"<p>\u201cIde por todo o mundo e pregai o Evangelho para toda a criatura\u201d, foram com estes dizeres b\u00edblicos que o pastor Wallace Robert de Oliveira inaugurou a nova unidade da Igreja do Evangelho Quadrangular, no Centro, na noite de s\u00e1bado (29). A abertura do templo reuniu centenas de fi\u00e9is em um culto comemorativo de boas-vindas, &#8230; <a title=\"Quadrangular Central \u00e9 inaugurada no Centro\" class=\"read-more\" href=\"https:\/\/anoticiaonline.com.br\/site\/quadrangular-central-e-inaugurada-no-centro\/\" aria-label=\"Read more about Quadrangular Central \u00e9 inaugurada no Centro\">Ler mais<\/a><\/p>\n","protected":false},"author":2,"featured_media":37171,"comment_status":"open","ping_status":"open","sticky":false,"template":"","format":"standard","meta":{"_acf_changed":false,"_monsterinsights_skip_tracking":false,"footnotes":""},"categories":[30],"tags":[768,582,769,765,728,20,74,688,767,3,766],"class_list":["post-37128","post","type-post","status-publish","format-standard","has-post-thumbnail","hentry","category-muriae","tag-bencao-inaugural","tag-centro","tag-culto","tag-evangelho-quadrangular","tag-igreja-do-evangelho-quadrangular","tag-inauguracao","tag-muriae","tag-reverendo-wilson-reis","tag-rosario","tag-slide","tag-wallace-robert-de-oliveira"],"acf":[],"aioseo_notices":[],"aioseo_head":"\n\t\t<!-- All in One SEO 5.0.0.1 - aioseo.com -->\n\t<meta name=\"description\" content=\"\u201cIde por todo o mundo e pregai o Evangelho para toda a criatura\u201d, foram com estes dizeres b\u00edblicos que o pastor Wallace Robert de Oliveira inaugurou a nova unidade da Igreja do Evangelho Quadrangular, no Centro, na noite de s\u00e1bado (29). A abertura do templo reuniu centenas de fi\u00e9is em um culto comemorativo de boas-vindas,\" \/>\n\t<meta name=\"robots\" content=\"max-image-preview:large\" \/>\n\t<meta name=\"author\" content=\"Juliana Laviola\"\/>\n\t<link rel=\"canonical\" href=\"https:\/\/anoticiaonline.com.br\/site\/quadrangular-central-e-inaugurada-no-centro\/\" \/>\n\t<meta name=\"generator\" content=\"All in One SEO (AIOSEO) 5.0.0.1\" \/>\n\t\t<meta property=\"og:locale\" content=\"pt_BR\" \/>\n\t\t<meta property=\"og:site_name\" content=\"A Not\u00edcia Online - Noticias de Muria\u00e9 e regi\u00e3o\" \/>\n\t\t<meta property=\"og:type\" content=\"article\" \/>\n\t\t<meta property=\"og:title\" content=\"Quadrangular Central \u00e9 inaugurada no Centro - A Not\u00edcia Online\" \/>\n\t\t<meta property=\"og:description\" content=\"\u201cIde por todo o mundo e pregai o Evangelho para toda a criatura\u201d, foram com estes dizeres b\u00edblicos que o pastor Wallace Robert de Oliveira inaugurou a nova unidade da Igreja do Evangelho Quadrangular, no Centro, na noite de s\u00e1bado (29). A abertura do templo reuniu centenas de fi\u00e9is em um culto comemorativo de boas-vindas,\" \/>\n\t\t<meta property=\"og:url\" content=\"https:\/\/anoticiaonline.com.br\/site\/quadrangular-central-e-inaugurada-no-centro\/\" \/>\n\t\t<meta property=\"og:image\" content=\"https:\/\/scontent-gig4-1.xx.fbcdn.net\/v\/t39.30808-1\/270437624_4564083193639691_6907940295614233970_n.jpg?stp=dst-jpg_s200x200_tt6&#038;_nc_cat=111&#038;ccb=1-7&#038;_nc_sid=f907e8&#038;_nc_ohc=SM1wRlP3lJwQ7kNvwEPuBYA&#038;_nc_oc=AdnqrjDN_BNjSSHWO-GbkIWH6fkGMLw4bqvL_NH6e2wMveX7G-rP2dAqsDSq1mJMOaY&#038;_nc_zt=24&#038;_nc_ht=scontent-gig4-1.xx&#038;_nc_gid=AoBFJeGrT1hVaew_6rchkQ&#038;oh=00_AfX7QmFGhQhG2jAllVgXCiM1ZrWgvtp80-Bfppyexh1QEg&#038;oe=689E923C\" \/>\n\t\t<meta property=\"og:image:secure_url\" content=\"https:\/\/scontent-gig4-1.xx.fbcdn.net\/v\/t39.30808-1\/270437624_4564083193639691_6907940295614233970_n.jpg?stp=dst-jpg_s200x200_tt6&#038;_nc_cat=111&#038;ccb=1-7&#038;_nc_sid=f907e8&#038;_nc_ohc=SM1wRlP3lJwQ7kNvwEPuBYA&#038;_nc_oc=AdnqrjDN_BNjSSHWO-GbkIWH6fkGMLw4bqvL_NH6e2wMveX7G-rP2dAqsDSq1mJMOaY&#038;_nc_zt=24&#038;_nc_ht=scontent-gig4-1.xx&#038;_nc_gid=AoBFJeGrT1hVaew_6rchkQ&#038;oh=00_AfX7QmFGhQhG2jAllVgXCiM1ZrWgvtp80-Bfppyexh1QEg&#038;oe=689E923C\" \/>\n\t\t<meta property=\"article:published_time\" content=\"2017-08-05T20:00:55+00:00\" \/>\n\t\t<meta property=\"article:modified_time\" content=\"2017-08-04T01:02:54+00:00\" \/>\n\t\t<meta name=\"twitter:card\" content=\"summary_large_image\" \/>\n\t\t<meta name=\"twitter:title\" content=\"Quadrangular Central \u00e9 inaugurada no Centro - A Not\u00edcia Online\" \/>\n\t\t<meta name=\"twitter:description\" content=\"\u201cIde por todo o mundo e pregai o Evangelho para toda a criatura\u201d, foram com estes dizeres b\u00edblicos que o pastor Wallace Robert de Oliveira inaugurou a nova unidade da Igreja do Evangelho Quadrangular, no Centro, na noite de s\u00e1bado (29). A abertura do templo reuniu centenas de fi\u00e9is em um culto comemorativo de boas-vindas,\" \/>\n\t\t<meta name=\"twitter:image\" content=\"https:\/\/scontent-gig4-1.xx.fbcdn.net\/v\/t39.30808-1\/270437624_4564083193639691_6907940295614233970_n.jpg?stp=dst-jpg_s200x200_tt6&amp;_nc_cat=111&amp;ccb=1-7&amp;_nc_sid=f907e8&amp;_nc_ohc=SM1wRlP3lJwQ7kNvwEPuBYA&amp;_nc_oc=AdnqrjDN_BNjSSHWO-GbkIWH6fkGMLw4bqvL_NH6e2wMveX7G-rP2dAqsDSq1mJMOaY&amp;_nc_zt=24&amp;_nc_ht=scontent-gig4-1.xx&amp;_nc_gid=AoBFJeGrT1hVaew_6rchkQ&amp;oh=00_AfX7QmFGhQhG2jAllVgXCiM1ZrWgvtp80-Bfppyexh1QEg&amp;oe=689E923C\" \/>\n\t\t<script type=\"application\/ld+json\" class=\"aioseo-schema\">\n\t\t\t{\"@context\":\"https:\\\/\\\/schema.org\",\"@graph\":[{\"@type\":\"BlogPosting\",\"@id\":\"https:\\\/\\\/anoticiaonline.com.br\\\/site\\\/quadrangular-central-e-inaugurada-no-centro\\\/#blogposting\",\"name\":\"Quadrangular Central \\u00e9 inaugurada no Centro - A Not\\u00edcia Online\",\"headline\":\"Quadrangular Central \\u00e9 inaugurada no Centro\",\"author\":{\"@id\":\"https:\\\/\\\/anoticiaonline.com.br\\\/site\\\/author\\\/juliana\\\/#author\"},\"publisher\":{\"@id\":\"https:\\\/\\\/anoticiaonline.com.br\\\/site\\\/#organization\"},\"image\":{\"@type\":\"ImageObject\",\"url\":\"https:\\\/\\\/anoticiaonline.com.br\\\/site\\\/wp-content\\\/uploads\\\/2017\\\/08\\\/DSC_0561.jpg\",\"width\":640,\"height\":426},\"datePublished\":\"2017-08-05T17:00:55-03:00\",\"dateModified\":\"2017-08-03T22:02:54-03:00\",\"inLanguage\":\"pt-BR\",\"mainEntityOfPage\":{\"@id\":\"https:\\\/\\\/anoticiaonline.com.br\\\/site\\\/quadrangular-central-e-inaugurada-no-centro\\\/#webpage\"},\"isPartOf\":{\"@id\":\"https:\\\/\\\/anoticiaonline.com.br\\\/site\\\/quadrangular-central-e-inaugurada-no-centro\\\/#webpage\"},\"articleSection\":\"Blog, ben\\u00e7\\u00e3o inaugural, Centro, culto, Evangelho Quadrangular, Igreja do Evangelho Quadrangular, inauguracao, Muria\\u00e9, Reverendo Wilson Reis, Ros\\u00e1rio, slide, Wallace Robert de Oliveira\"},{\"@type\":\"BreadcrumbList\",\"@id\":\"https:\\\/\\\/anoticiaonline.com.br\\\/site\\\/quadrangular-central-e-inaugurada-no-centro\\\/#breadcrumblist\",\"itemListElement\":[{\"@type\":\"ListItem\",\"@id\":\"https:\\\/\\\/anoticiaonline.com.br\\\/site#listItem\",\"position\":1,\"name\":\"Home\",\"item\":\"https:\\\/\\\/anoticiaonline.com.br\\\/site\",\"nextItem\":{\"@type\":\"ListItem\",\"@id\":\"https:\\\/\\\/anoticiaonline.com.br\\\/site\\\/categoria\\\/muriae\\\/#listItem\",\"name\":\"Blog\"}},{\"@type\":\"ListItem\",\"@id\":\"https:\\\/\\\/anoticiaonline.com.br\\\/site\\\/categoria\\\/muriae\\\/#listItem\",\"position\":2,\"name\":\"Blog\",\"item\":\"https:\\\/\\\/anoticiaonline.com.br\\\/site\\\/categoria\\\/muriae\\\/\",\"nextItem\":{\"@type\":\"ListItem\",\"@id\":\"https:\\\/\\\/anoticiaonline.com.br\\\/site\\\/quadrangular-central-e-inaugurada-no-centro\\\/#listItem\",\"name\":\"Quadrangular Central \\u00e9 inaugurada no Centro\"},\"previousItem\":{\"@type\":\"ListItem\",\"@id\":\"https:\\\/\\\/anoticiaonline.com.br\\\/site#listItem\",\"name\":\"Home\"}},{\"@type\":\"ListItem\",\"@id\":\"https:\\\/\\\/anoticiaonline.com.br\\\/site\\\/quadrangular-central-e-inaugurada-no-centro\\\/#listItem\",\"position\":3,\"name\":\"Quadrangular Central \\u00e9 inaugurada no Centro\",\"previousItem\":{\"@type\":\"ListItem\",\"@id\":\"https:\\\/\\\/anoticiaonline.com.br\\\/site\\\/categoria\\\/muriae\\\/#listItem\",\"name\":\"Blog\"}}]},{\"@type\":\"Organization\",\"@id\":\"https:\\\/\\\/anoticiaonline.com.br\\\/site\\\/#organization\",\"name\":\"A Not\\u00edcia Online\",\"description\":\"Noticias de Muria\\u00e9 e regi\\u00e3o\",\"url\":\"https:\\\/\\\/anoticiaonline.com.br\\\/site\\\/\",\"logo\":{\"@type\":\"ImageObject\",\"url\":\"https:\\\/\\\/scontent-gig4-1.xx.fbcdn.net\\\/v\\\/t39.30808-1\\\/270437624_4564083193639691_6907940295614233970_n.jpg?stp=dst-jpg_s200x200_tt6&_nc_cat=111&ccb=1-7&_nc_sid=f907e8&_nc_ohc=SM1wRlP3lJwQ7kNvwEPuBYA&_nc_oc=AdnqrjDN_BNjSSHWO-GbkIWH6fkGMLw4bqvL_NH6e2wMveX7G-rP2dAqsDSq1mJMOaY&_nc_zt=24&_nc_ht=scontent-gig4-1.xx&_nc_gid=AoBFJeGrT1hVaew_6rchkQ&oh=00_AfX7QmFGhQhG2jAllVgXCiM1ZrWgvtp80-Bfppyexh1QEg&oe=689E923C\",\"@id\":\"https:\\\/\\\/anoticiaonline.com.br\\\/site\\\/quadrangular-central-e-inaugurada-no-centro\\\/#organizationLogo\"},\"image\":{\"@id\":\"https:\\\/\\\/anoticiaonline.com.br\\\/site\\\/quadrangular-central-e-inaugurada-no-centro\\\/#organizationLogo\"}},{\"@type\":\"Person\",\"@id\":\"https:\\\/\\\/anoticiaonline.com.br\\\/site\\\/author\\\/juliana\\\/#author\",\"url\":\"https:\\\/\\\/anoticiaonline.com.br\\\/site\\\/author\\\/juliana\\\/\",\"name\":\"Juliana Laviola\",\"image\":{\"@type\":\"ImageObject\",\"@id\":\"https:\\\/\\\/anoticiaonline.com.br\\\/site\\\/quadrangular-central-e-inaugurada-no-centro\\\/#authorImage\",\"url\":\"https:\\\/\\\/secure.gravatar.com\\\/avatar\\\/b8d45f5c699b100dfaf0e543582f38f38bf94cb7ae3a5e9abf8d891a34773335?s=96&d=mm&r=g\",\"width\":96,\"height\":96,\"caption\":\"Juliana Laviola\"}},{\"@type\":\"WebPage\",\"@id\":\"https:\\\/\\\/anoticiaonline.com.br\\\/site\\\/quadrangular-central-e-inaugurada-no-centro\\\/#webpage\",\"url\":\"https:\\\/\\\/anoticiaonline.com.br\\\/site\\\/quadrangular-central-e-inaugurada-no-centro\\\/\",\"name\":\"Quadrangular Central \\u00e9 inaugurada no Centro - A Not\\u00edcia Online\",\"description\":\"\\u201cIde por todo o mundo e pregai o Evangelho para toda a criatura\\u201d, foram com estes dizeres b\\u00edblicos que o pastor Wallace Robert de Oliveira inaugurou a nova unidade da Igreja do Evangelho Quadrangular, no Centro, na noite de s\\u00e1bado (29). A abertura do templo reuniu centenas de fi\\u00e9is em um culto comemorativo de boas-vindas,\",\"inLanguage\":\"pt-BR\",\"isPartOf\":{\"@id\":\"https:\\\/\\\/anoticiaonline.com.br\\\/site\\\/#website\"},\"breadcrumb\":{\"@id\":\"https:\\\/\\\/anoticiaonline.com.br\\\/site\\\/quadrangular-central-e-inaugurada-no-centro\\\/#breadcrumblist\"},\"author\":{\"@id\":\"https:\\\/\\\/anoticiaonline.com.br\\\/site\\\/author\\\/juliana\\\/#author\"},\"creator\":{\"@id\":\"https:\\\/\\\/anoticiaonline.com.br\\\/site\\\/author\\\/juliana\\\/#author\"},\"image\":{\"@type\":\"ImageObject\",\"url\":\"https:\\\/\\\/anoticiaonline.com.br\\\/site\\\/wp-content\\\/uploads\\\/2017\\\/08\\\/DSC_0561.jpg\",\"@id\":\"https:\\\/\\\/anoticiaonline.com.br\\\/site\\\/quadrangular-central-e-inaugurada-no-centro\\\/#mainImage\",\"width\":640,\"height\":426},\"primaryImageOfPage\":{\"@id\":\"https:\\\/\\\/anoticiaonline.com.br\\\/site\\\/quadrangular-central-e-inaugurada-no-centro\\\/#mainImage\"},\"datePublished\":\"2017-08-05T17:00:55-03:00\",\"dateModified\":\"2017-08-03T22:02:54-03:00\"},{\"@type\":\"WebSite\",\"@id\":\"https:\\\/\\\/anoticiaonline.com.br\\\/site\\\/#website\",\"url\":\"https:\\\/\\\/anoticiaonline.com.br\\\/site\\\/\",\"name\":\"A Not\\u00edcia Online\",\"description\":\"Noticias de Muria\\u00e9 e regi\\u00e3o\",\"inLanguage\":\"pt-BR\",\"publisher\":{\"@id\":\"https:\\\/\\\/anoticiaonline.com.br\\\/site\\\/#organization\"}}]}\n\t\t<\/script>\n\t\t<!-- All in One SEO -->\n\n","aioseo_head_json":{"title":"Quadrangular Central \u00e9 inaugurada no Centro - A Not\u00edcia Online","description":"\u201cIde por todo o mundo e pregai o Evangelho para toda a criatura\u201d, foram com estes dizeres b\u00edblicos que o pastor Wallace Robert de Oliveira inaugurou a nova unidade da Igreja do Evangelho Quadrangular, no Centro, na noite de s\u00e1bado (29). A abertura do templo reuniu centenas de fi\u00e9is em um culto comemorativo de boas-vindas,","canonical_url":"https:\/\/anoticiaonline.com.br\/site\/quadrangular-central-e-inaugurada-no-centro\/","robots":"max-image-preview:large","keywords":"","webmasterTools":{"miscellaneous":""},"schema":{"@context":"https:\/\/schema.org","@graph":[{"@type":"BlogPosting","@id":"https:\/\/anoticiaonline.com.br\/site\/quadrangular-central-e-inaugurada-no-centro\/#blogposting","name":"Quadrangular Central \u00e9 inaugurada no Centro - A Not\u00edcia Online","headline":"Quadrangular Central \u00e9 inaugurada no Centro","author":{"@id":"https:\/\/anoticiaonline.com.br\/site\/author\/juliana\/#author"},"publisher":{"@id":"https:\/\/anoticiaonline.com.br\/site\/#organization"},"image":{"@type":"ImageObject","url":"https:\/\/anoticiaonline.com.br\/site\/wp-content\/uploads\/2017\/08\/DSC_0561.jpg","width":640,"height":426},"datePublished":"2017-08-05T17:00:55-03:00","dateModified":"2017-08-03T22:02:54-03:00","inLanguage":"pt-BR","mainEntityOfPage":{"@id":"https:\/\/anoticiaonline.com.br\/site\/quadrangular-central-e-inaugurada-no-centro\/#webpage"},"isPartOf":{"@id":"https:\/\/anoticiaonline.com.br\/site\/quadrangular-central-e-inaugurada-no-centro\/#webpage"},"articleSection":"Blog, ben\u00e7\u00e3o inaugural, Centro, culto, Evangelho Quadrangular, Igreja do Evangelho Quadrangular, inauguracao, Muria\u00e9, Reverendo Wilson Reis, Ros\u00e1rio, slide, Wallace Robert de Oliveira"},{"@type":"BreadcrumbList","@id":"https:\/\/anoticiaonline.com.br\/site\/quadrangular-central-e-inaugurada-no-centro\/#breadcrumblist","itemListElement":[{"@type":"ListItem","@id":"https:\/\/anoticiaonline.com.br\/site#listItem","position":1,"name":"Home","item":"https:\/\/anoticiaonline.com.br\/site","nextItem":{"@type":"ListItem","@id":"https:\/\/anoticiaonline.com.br\/site\/categoria\/muriae\/#listItem","name":"Blog"}},{"@type":"ListItem","@id":"https:\/\/anoticiaonline.com.br\/site\/categoria\/muriae\/#listItem","position":2,"name":"Blog","item":"https:\/\/anoticiaonline.com.br\/site\/categoria\/muriae\/","nextItem":{"@type":"ListItem","@id":"https:\/\/anoticiaonline.com.br\/site\/quadrangular-central-e-inaugurada-no-centro\/#listItem","name":"Quadrangular Central \u00e9 inaugurada no Centro"},"previousItem":{"@type":"ListItem","@id":"https:\/\/anoticiaonline.com.br\/site#listItem","name":"Home"}},{"@type":"ListItem","@id":"https:\/\/anoticiaonline.com.br\/site\/quadrangular-central-e-inaugurada-no-centro\/#listItem","position":3,"name":"Quadrangular Central \u00e9 inaugurada no Centro","previousItem":{"@type":"ListItem","@id":"https:\/\/anoticiaonline.com.br\/site\/categoria\/muriae\/#listItem","name":"Blog"}}]},{"@type":"Organization","@id":"https:\/\/anoticiaonline.com.br\/site\/#organization","name":"A Not\u00edcia Online","description":"Noticias de Muria\u00e9 e regi\u00e3o","url":"https:\/\/anoticiaonline.com.br\/site\/","logo":{"@type":"ImageObject","url":"https:\/\/scontent-gig4-1.xx.fbcdn.net\/v\/t39.30808-1\/270437624_4564083193639691_6907940295614233970_n.jpg?stp=dst-jpg_s200x200_tt6&_nc_cat=111&ccb=1-7&_nc_sid=f907e8&_nc_ohc=SM1wRlP3lJwQ7kNvwEPuBYA&_nc_oc=AdnqrjDN_BNjSSHWO-GbkIWH6fkGMLw4bqvL_NH6e2wMveX7G-rP2dAqsDSq1mJMOaY&_nc_zt=24&_nc_ht=scontent-gig4-1.xx&_nc_gid=AoBFJeGrT1hVaew_6rchkQ&oh=00_AfX7QmFGhQhG2jAllVgXCiM1ZrWgvtp80-Bfppyexh1QEg&oe=689E923C","@id":"https:\/\/anoticiaonline.com.br\/site\/quadrangular-central-e-inaugurada-no-centro\/#organizationLogo"},"image":{"@id":"https:\/\/anoticiaonline.com.br\/site\/quadrangular-central-e-inaugurada-no-centro\/#organizationLogo"}},{"@type":"Person","@id":"https:\/\/anoticiaonline.com.br\/site\/author\/juliana\/#author","url":"https:\/\/anoticiaonline.com.br\/site\/author\/juliana\/","name":"Juliana Laviola","image":{"@type":"ImageObject","@id":"https:\/\/anoticiaonline.com.br\/site\/quadrangular-central-e-inaugurada-no-centro\/#authorImage","url":"https:\/\/secure.gravatar.com\/avatar\/b8d45f5c699b100dfaf0e543582f38f38bf94cb7ae3a5e9abf8d891a34773335?s=96&d=mm&r=g","width":96,"height":96,"caption":"Juliana Laviola"}},{"@type":"WebPage","@id":"https:\/\/anoticiaonline.com.br\/site\/quadrangular-central-e-inaugurada-no-centro\/#webpage","url":"https:\/\/anoticiaonline.com.br\/site\/quadrangular-central-e-inaugurada-no-centro\/","name":"Quadrangular Central \u00e9 inaugurada no Centro - A Not\u00edcia Online","description":"\u201cIde por todo o mundo e pregai o Evangelho para toda a criatura\u201d, foram com estes dizeres b\u00edblicos que o pastor Wallace Robert de Oliveira inaugurou a nova unidade da Igreja do Evangelho Quadrangular, no Centro, na noite de s\u00e1bado (29). A abertura do templo reuniu centenas de fi\u00e9is em um culto comemorativo de boas-vindas,","inLanguage":"pt-BR","isPartOf":{"@id":"https:\/\/anoticiaonline.com.br\/site\/#website"},"breadcrumb":{"@id":"https:\/\/anoticiaonline.com.br\/site\/quadrangular-central-e-inaugurada-no-centro\/#breadcrumblist"},"author":{"@id":"https:\/\/anoticiaonline.com.br\/site\/author\/juliana\/#author"},"creator":{"@id":"https:\/\/anoticiaonline.com.br\/site\/author\/juliana\/#author"},"image":{"@type":"ImageObject","url":"https:\/\/anoticiaonline.com.br\/site\/wp-content\/uploads\/2017\/08\/DSC_0561.jpg","@id":"https:\/\/anoticiaonline.com.br\/site\/quadrangular-central-e-inaugurada-no-centro\/#mainImage","width":640,"height":426},"primaryImageOfPage":{"@id":"https:\/\/anoticiaonline.com.br\/site\/quadrangular-central-e-inaugurada-no-centro\/#mainImage"},"datePublished":"2017-08-05T17:00:55-03:00","dateModified":"2017-08-03T22:02:54-03:00"},{"@type":"WebSite","@id":"https:\/\/anoticiaonline.com.br\/site\/#website","url":"https:\/\/anoticiaonline.com.br\/site\/","name":"A Not\u00edcia Online","description":"Noticias de Muria\u00e9 e regi\u00e3o","inLanguage":"pt-BR","publisher":{"@id":"https:\/\/anoticiaonline.com.br\/site\/#organization"}}]},"og:locale":"pt_BR","og:site_name":"A Not\u00edcia Online - Noticias de Muria\u00e9 e regi\u00e3o","og:type":"article","og:title":"Quadrangular Central \u00e9 inaugurada no Centro - A Not\u00edcia Online","og:description":"\u201cIde por todo o mundo e pregai o Evangelho para toda a criatura\u201d, foram com estes dizeres b\u00edblicos que o pastor Wallace Robert de Oliveira inaugurou a nova unidade da Igreja do Evangelho Quadrangular, no Centro, na noite de s\u00e1bado (29). A abertura do templo reuniu centenas de fi\u00e9is em um culto comemorativo de boas-vindas,","og:url":"https:\/\/anoticiaonline.com.br\/site\/quadrangular-central-e-inaugurada-no-centro\/","og:image":"https:\/\/scontent-gig4-1.xx.fbcdn.net\/v\/t39.30808-1\/270437624_4564083193639691_6907940295614233970_n.jpg?stp=dst-jpg_s200x200_tt6&#038;_nc_cat=111&#038;ccb=1-7&#038;_nc_sid=f907e8&#038;_nc_ohc=SM1wRlP3lJwQ7kNvwEPuBYA&#038;_nc_oc=AdnqrjDN_BNjSSHWO-GbkIWH6fkGMLw4bqvL_NH6e2wMveX7G-rP2dAqsDSq1mJMOaY&#038;_nc_zt=24&#038;_nc_ht=scontent-gig4-1.xx&#038;_nc_gid=AoBFJeGrT1hVaew_6rchkQ&#038;oh=00_AfX7QmFGhQhG2jAllVgXCiM1ZrWgvtp80-Bfppyexh1QEg&#038;oe=689E923C","og:image:secure_url":"https:\/\/scontent-gig4-1.xx.fbcdn.net\/v\/t39.30808-1\/270437624_4564083193639691_6907940295614233970_n.jpg?stp=dst-jpg_s200x200_tt6&#038;_nc_cat=111&#038;ccb=1-7&#038;_nc_sid=f907e8&#038;_nc_ohc=SM1wRlP3lJwQ7kNvwEPuBYA&#038;_nc_oc=AdnqrjDN_BNjSSHWO-GbkIWH6fkGMLw4bqvL_NH6e2wMveX7G-rP2dAqsDSq1mJMOaY&#038;_nc_zt=24&#038;_nc_ht=scontent-gig4-1.xx&#038;_nc_gid=AoBFJeGrT1hVaew_6rchkQ&#038;oh=00_AfX7QmFGhQhG2jAllVgXCiM1ZrWgvtp80-Bfppyexh1QEg&#038;oe=689E923C","article:published_time":"2017-08-05T20:00:55+00:00","article:modified_time":"2017-08-04T01:02:54+00:00","twitter:card":"summary_large_image","twitter:title":"Quadrangular Central \u00e9 inaugurada no Centro - A Not\u00edcia Online","twitter:description":"\u201cIde por todo o mundo e pregai o Evangelho para toda a criatura\u201d, foram com estes dizeres b\u00edblicos que o pastor Wallace Robert de Oliveira inaugurou a nova unidade da Igreja do Evangelho Quadrangular, no Centro, na noite de s\u00e1bado (29). A abertura do templo reuniu centenas de fi\u00e9is em um culto comemorativo de boas-vindas,","twitter:image":"https:\/\/scontent-gig4-1.xx.fbcdn.net\/v\/t39.30808-1\/270437624_4564083193639691_6907940295614233970_n.jpg?stp=dst-jpg_s200x200_tt6&_nc_cat=111&ccb=1-7&_nc_sid=f907e8&_nc_ohc=SM1wRlP3lJwQ7kNvwEPuBYA&_nc_oc=AdnqrjDN_BNjSSHWO-GbkIWH6fkGMLw4bqvL_NH6e2wMveX7G-rP2dAqsDSq1mJMOaY&_nc_zt=24&_nc_ht=scontent-gig4-1.xx&_nc_gid=AoBFJeGrT1hVaew_6rchkQ&oh=00_AfX7QmFGhQhG2jAllVgXCiM1ZrWgvtp80-Bfppyexh1QEg&oe=689E923C"},"aioseo_meta_data":{"post_id":"37128","title":null,"description":null,"keywords":null,"keyphrases":null,"primary_term":null,"canonical_url":null,"og_title":null,"og_description":null,"og_object_type":"default","og_image_type":"default","og_image_url":null,"og_image_width":null,"og_image_height":null,"og_image_custom_url":null,"og_image_custom_fields":null,"og_video":null,"og_custom_url":null,"og_article_section":null,"og_article_tags":null,"twitter_use_og":false,"twitter_card":"default","twitter_image_type":"default","twitter_image_url":null,"twitter_image_custom_url":null,"twitter_image_custom_fields":null,"twitter_title":null,"twitter_description":null,"schema":{"blockGraphs":[],"customGraphs":[],"default":{"data":{"Article":[],"Course":[],"Dataset":[],"FAQPage":[],"Movie":[],"Person":[],"Product":[],"ProductReview":[],"Car":[],"Recipe":[],"Service":[],"SoftwareApplication":[],"WebPage":[]},"graphName":"","isEnabled":true},"graphs":[]},"schema_type":"default","schema_type_options":null,"pillar_content":false,"robots_default":true,"robots_noindex":false,"robots_noarchive":false,"robots_nosnippet":false,"robots_nofollow":false,"robots_noimageindex":false,"robots_noodp":false,"robots_notranslate":false,"robots_max_snippet":null,"robots_max_videopreview":null,"robots_max_imagepreview":"large","priority":null,"frequency":null,"local_seo":null,"breadcrumb_settings":null,"limit_modified_date":false,"ai":null,"created":"2025-08-16 19:03:32","updated":"2025-08-16 19:03:32","focus_keyword":null,"additional_keywords":null,"truseo_locale":null,"seo_analyzer_scan_date":null},"aioseo_breadcrumb":"<div class=\"aioseo-breadcrumbs\"><span class=\"aioseo-breadcrumb\">\n\t\t\t<a href=\"https:\/\/anoticiaonline.com.br\/site\" title=\"Home\">Home<\/a>\n\t\t<\/span><span class=\"aioseo-breadcrumb-separator\">&raquo;<\/span><span class=\"aioseo-breadcrumb\">\n\t\t\t<a href=\"https:\/\/anoticiaonline.com.br\/site\/categoria\/muriae\/\" title=\"Blog\">Blog<\/a>\n\t\t<\/span><span class=\"aioseo-breadcrumb-separator\">&raquo;<\/span><span class=\"aioseo-breadcrumb\">\n\t\t\tQuadrangular Central \u00e9 inaugurada no Centro\n\t\t<\/span><\/div>","aioseo_breadcrumb_json":[{"label":"Home","link":"https:\/\/anoticiaonline.com.br\/site"},{"label":"Blog","link":"https:\/\/anoticiaonline.com.br\/site\/categoria\/muriae\/"},{"label":"Quadrangular Central \u00e9 inaugurada no Centro","link":"https:\/\/anoticiaonline.com.br\/site\/quadrangular-central-e-inaugurada-no-centro\/"}],"views":155,"_links":{"self":[{"href":"https:\/\/anoticiaonline.com.br\/site\/wp-json\/wp\/v2\/posts\/37128","targetHints":{"allow":["GET"]}}],"collection":[{"href":"https:\/\/anoticiaonline.com.br\/site\/wp-json\/wp\/v2\/posts"}],"about":[{"href":"https:\/\/anoticiaonline.com.br\/site\/wp-json\/wp\/v2\/types\/post"}],"author":[{"embeddable":true,"href":"https:\/\/anoticiaonline.com.br\/site\/wp-json\/wp\/v2\/users\/2"}],"replies":[{"embeddable":true,"href":"https:\/\/anoticiaonline.com.br\/site\/wp-json\/wp\/v2\/comments?post=37128"}],"version-history":[{"count":0,"href":"https:\/\/anoticiaonline.com.br\/site\/wp-json\/wp\/v2\/posts\/37128\/revisions"}],"wp:featuredmedia":[{"embeddable":true,"href":"https:\/\/anoticiaonline.com.br\/site\/wp-json\/wp\/v2\/media\/37171"}],"wp:attachment":[{"href":"https:\/\/anoticiaonline.com.br\/site\/wp-json\/wp\/v2\/media?parent=37128"}],"wp:term":[{"taxonomy":"category","embeddable":true,"href":"https:\/\/anoticiaonline.com.br\/site\/wp-json\/wp\/v2\/categories?post=37128"},{"taxonomy":"post_tag","embeddable":true,"href":"https:\/\/anoticiaonline.com.br\/site\/wp-json\/wp\/v2\/tags?post=37128"}],"curies":[{"name":"wp","href":"https:\/\/api.w.org\/{rel}","templated":true}]}}