{"id":3708,"date":"2015-09-11T11:50:23","date_gmt":"2015-09-11T14:50:23","guid":{"rendered":"http:\/\/anoticiaonline.com.br\/site\/?p=3708"},"modified":"2015-09-11T11:50:23","modified_gmt":"2015-09-11T14:50:23","slug":"nicodemos-cardoso-silva","status":"publish","type":"post","link":"https:\/\/anoticiaonline.com.br\/site\/nicodemos-cardoso-silva\/","title":{"rendered":"NICODEMOS CARDOSO SILVA"},"content":{"rendered":"<p style=\"text-align: center;\"><strong>Nascido em 11 de setembro de 1942<\/strong><br \/>\n<strong>Falecido em 15 de outubro de 1991<\/strong><\/p>\n<p><a href=\"https:\/\/anoticiaonline.com.br\/site\/wp-content\/uploads\/2015\/09\/nicodemos-cardoso-silva.jpg\"><img fetchpriority=\"high\" decoding=\"async\" class=\" size-medium wp-image-3710 alignleft\" src=\"https:\/\/anoticiaonline.com.br\/site\/wp-content\/uploads\/2015\/09\/nicodemos-cardoso-silva-236x300.jpg\" alt=\"nicodemos cardoso silva\" width=\"236\" height=\"300\" \/><\/a>Natural de Gua\u00e7u\u00ed &#8211; Esp\u00edrito Santo &#8211; Nicodemos Cardoso Silva era filho de Bernardino Cardoso da Silva e de On\u00edlia Cec\u00edlia de Oliveira. Foi casado com Marlene Braga Silva, de cuja uni\u00e3o, nasceram os filhos: Sandra Regina Braga Silva, Andr\u00e9 Luiz Cardoso Silva e Wilber Braga Silva.<\/p>\n<p>Era um l\u00edder nato. Foi Presidente e Secret\u00e1rio da Associa\u00e7\u00e3o dos Moradores do Bairro Jo\u00e3o XXIII e inspirador de v\u00e1rios movimentos a favor daquela comunidade, inclusive a campanha para a constru\u00e7\u00e3o da Capela. Como cat\u00f3lico, foi ativo Ministro da Palavra e da Eucaristia.<\/p>\n<p>Embora tenha falecido com apenas quarenta e nove anos, viveu intensamente, deixando sua passagem bem marcada na terra. Como excelente chefe de fam\u00edlia, cidad\u00e3o de grande virtude e benem\u00e9rito do Bairro Jo\u00e3o XXIII, nada mais justo do que gravar seu nome na placa de uma rua daquele bairro que ele tanto amou e dignificou, como sinal de reconhecimento de seus moradores e do Poder P\u00fablico. E isso foi feito em 1992, pela lei n\u00ba1629, por iniciativa do Vereador Fernando de Paula Siqueira.<\/p>\n","protected":false},"excerpt":{"rendered":"<p>Nascido em 11 de setembro de 1942 Falecido em 15 de outubro de 1991 Natural de Gua\u00e7u\u00ed &#8211; Esp\u00edrito Santo &#8211; Nicodemos Cardoso Silva era filho de Bernardino Cardoso da Silva e de On\u00edlia Cec\u00edlia de Oliveira. Foi casado com Marlene Braga Silva, de cuja uni\u00e3o, nasceram os filhos: Sandra Regina Braga Silva, Andr\u00e9 Luiz &#8230; <a title=\"NICODEMOS CARDOSO SILVA\" class=\"read-more\" href=\"https:\/\/anoticiaonline.com.br\/site\/nicodemos-cardoso-silva\/\" aria-label=\"Read more about NICODEMOS CARDOSO SILVA\">Ler mais<\/a><\/p>\n","protected":false},"author":2,"featured_media":0,"comment_status":"open","ping_status":"open","sticky":false,"template":"","format":"standard","meta":{"_acf_changed":false,"_monsterinsights_skip_tracking":false,"footnotes":""},"categories":[35],"tags":[],"class_list":["post-3708","post","type-post","status-publish","format-standard","hentry","category-nomes-da-nossa-terra-joao-carlos-vargas-e-flavia-alves-junqueira-memorial-municipal-de-muriae"],"acf":[],"aioseo_notices":[],"aioseo_head":"\n\t\t<!-- All in One SEO 5.0.0.1 - aioseo.com -->\n\t<meta name=\"description\" content=\"Nascido em 11 de setembro de 1942 Falecido em 15 de outubro de 1991 Natural de Gua\u00e7u\u00ed - Esp\u00edrito Santo - Nicodemos Cardoso Silva era filho de Bernardino Cardoso da Silva e de On\u00edlia Cec\u00edlia de Oliveira. Foi casado com Marlene Braga Silva, de cuja uni\u00e3o, nasceram os filhos: Sandra Regina Braga Silva, Andr\u00e9 Luiz\" \/>\n\t<meta name=\"robots\" content=\"max-image-preview:large\" \/>\n\t<meta name=\"author\" content=\"Juliana Laviola\"\/>\n\t<link rel=\"canonical\" href=\"https:\/\/anoticiaonline.com.br\/site\/nicodemos-cardoso-silva\/\" \/>\n\t<meta name=\"generator\" content=\"All in One SEO (AIOSEO) 5.0.0.1\" \/>\n\t\t<meta property=\"og:locale\" content=\"pt_BR\" \/>\n\t\t<meta property=\"og:site_name\" content=\"A Not\u00edcia Online - Noticias de Muria\u00e9 e regi\u00e3o\" \/>\n\t\t<meta property=\"og:type\" content=\"article\" \/>\n\t\t<meta property=\"og:title\" content=\"NICODEMOS CARDOSO SILVA - A Not\u00edcia Online\" \/>\n\t\t<meta property=\"og:description\" content=\"Nascido em 11 de setembro de 1942 Falecido em 15 de outubro de 1991 Natural de Gua\u00e7u\u00ed - Esp\u00edrito Santo - Nicodemos Cardoso Silva era filho de Bernardino Cardoso da Silva e de On\u00edlia Cec\u00edlia de Oliveira. Foi casado com Marlene Braga Silva, de cuja uni\u00e3o, nasceram os filhos: Sandra Regina Braga Silva, Andr\u00e9 Luiz\" \/>\n\t\t<meta property=\"og:url\" content=\"https:\/\/anoticiaonline.com.br\/site\/nicodemos-cardoso-silva\/\" \/>\n\t\t<meta property=\"og:image\" content=\"https:\/\/scontent-gig4-1.xx.fbcdn.net\/v\/t39.30808-1\/270437624_4564083193639691_6907940295614233970_n.jpg?stp=dst-jpg_s200x200_tt6&#038;_nc_cat=111&#038;ccb=1-7&#038;_nc_sid=f907e8&#038;_nc_ohc=SM1wRlP3lJwQ7kNvwEPuBYA&#038;_nc_oc=AdnqrjDN_BNjSSHWO-GbkIWH6fkGMLw4bqvL_NH6e2wMveX7G-rP2dAqsDSq1mJMOaY&#038;_nc_zt=24&#038;_nc_ht=scontent-gig4-1.xx&#038;_nc_gid=AoBFJeGrT1hVaew_6rchkQ&#038;oh=00_AfX7QmFGhQhG2jAllVgXCiM1ZrWgvtp80-Bfppyexh1QEg&#038;oe=689E923C\" \/>\n\t\t<meta property=\"og:image:secure_url\" content=\"https:\/\/scontent-gig4-1.xx.fbcdn.net\/v\/t39.30808-1\/270437624_4564083193639691_6907940295614233970_n.jpg?stp=dst-jpg_s200x200_tt6&#038;_nc_cat=111&#038;ccb=1-7&#038;_nc_sid=f907e8&#038;_nc_ohc=SM1wRlP3lJwQ7kNvwEPuBYA&#038;_nc_oc=AdnqrjDN_BNjSSHWO-GbkIWH6fkGMLw4bqvL_NH6e2wMveX7G-rP2dAqsDSq1mJMOaY&#038;_nc_zt=24&#038;_nc_ht=scontent-gig4-1.xx&#038;_nc_gid=AoBFJeGrT1hVaew_6rchkQ&#038;oh=00_AfX7QmFGhQhG2jAllVgXCiM1ZrWgvtp80-Bfppyexh1QEg&#038;oe=689E923C\" \/>\n\t\t<meta property=\"article:published_time\" content=\"2015-09-11T14:50:23+00:00\" \/>\n\t\t<meta property=\"article:modified_time\" content=\"2015-09-11T14:50:23+00:00\" \/>\n\t\t<meta name=\"twitter:card\" content=\"summary_large_image\" \/>\n\t\t<meta name=\"twitter:title\" content=\"NICODEMOS CARDOSO SILVA - A Not\u00edcia Online\" \/>\n\t\t<meta name=\"twitter:description\" content=\"Nascido em 11 de setembro de 1942 Falecido em 15 de outubro de 1991 Natural de Gua\u00e7u\u00ed - Esp\u00edrito Santo - Nicodemos Cardoso Silva era filho de Bernardino Cardoso da Silva e de On\u00edlia Cec\u00edlia de Oliveira. Foi casado com Marlene Braga Silva, de cuja uni\u00e3o, nasceram os filhos: Sandra Regina Braga Silva, Andr\u00e9 Luiz\" \/>\n\t\t<meta name=\"twitter:image\" content=\"https:\/\/scontent-gig4-1.xx.fbcdn.net\/v\/t39.30808-1\/270437624_4564083193639691_6907940295614233970_n.jpg?stp=dst-jpg_s200x200_tt6&amp;_nc_cat=111&amp;ccb=1-7&amp;_nc_sid=f907e8&amp;_nc_ohc=SM1wRlP3lJwQ7kNvwEPuBYA&amp;_nc_oc=AdnqrjDN_BNjSSHWO-GbkIWH6fkGMLw4bqvL_NH6e2wMveX7G-rP2dAqsDSq1mJMOaY&amp;_nc_zt=24&amp;_nc_ht=scontent-gig4-1.xx&amp;_nc_gid=AoBFJeGrT1hVaew_6rchkQ&amp;oh=00_AfX7QmFGhQhG2jAllVgXCiM1ZrWgvtp80-Bfppyexh1QEg&amp;oe=689E923C\" \/>\n\t\t<script type=\"application\/ld+json\" class=\"aioseo-schema\">\n\t\t\t{\"@context\":\"https:\\\/\\\/schema.org\",\"@graph\":[{\"@type\":\"BlogPosting\",\"@id\":\"https:\\\/\\\/anoticiaonline.com.br\\\/site\\\/nicodemos-cardoso-silva\\\/#blogposting\",\"name\":\"NICODEMOS CARDOSO SILVA - A Not\\u00edcia Online\",\"headline\":\"NICODEMOS CARDOSO SILVA\",\"author\":{\"@id\":\"https:\\\/\\\/anoticiaonline.com.br\\\/site\\\/author\\\/juliana\\\/#author\"},\"publisher\":{\"@id\":\"https:\\\/\\\/anoticiaonline.com.br\\\/site\\\/#organization\"},\"image\":{\"@type\":\"ImageObject\",\"url\":\"http:\\\/\\\/anoticiaonline.com.br\\\/site\\\/wp-content\\\/uploads\\\/2015\\\/09\\\/nicodemos-cardoso-silva-236x300.jpg\",\"@id\":\"https:\\\/\\\/anoticiaonline.com.br\\\/site\\\/nicodemos-cardoso-silva\\\/#articleImage\"},\"datePublished\":\"2015-09-11T11:50:23-03:00\",\"dateModified\":\"2015-09-11T11:50:23-03:00\",\"inLanguage\":\"pt-BR\",\"mainEntityOfPage\":{\"@id\":\"https:\\\/\\\/anoticiaonline.com.br\\\/site\\\/nicodemos-cardoso-silva\\\/#webpage\"},\"isPartOf\":{\"@id\":\"https:\\\/\\\/anoticiaonline.com.br\\\/site\\\/nicodemos-cardoso-silva\\\/#webpage\"},\"articleSection\":\"Nomes da Nossa Terra - Jo\\u00e3o Carlos Vargas e Fl\\u00e1via Alves Junqueira - Memorial Municipal de Muria\\u00e9\"},{\"@type\":\"BreadcrumbList\",\"@id\":\"https:\\\/\\\/anoticiaonline.com.br\\\/site\\\/nicodemos-cardoso-silva\\\/#breadcrumblist\",\"itemListElement\":[{\"@type\":\"ListItem\",\"@id\":\"https:\\\/\\\/anoticiaonline.com.br\\\/site#listItem\",\"position\":1,\"name\":\"Home\",\"item\":\"https:\\\/\\\/anoticiaonline.com.br\\\/site\",\"nextItem\":{\"@type\":\"ListItem\",\"@id\":\"https:\\\/\\\/anoticiaonline.com.br\\\/site\\\/categoria\\\/colunistas\\\/#listItem\",\"name\":\"Colunistas\"}},{\"@type\":\"ListItem\",\"@id\":\"https:\\\/\\\/anoticiaonline.com.br\\\/site\\\/categoria\\\/colunistas\\\/#listItem\",\"position\":2,\"name\":\"Colunistas\",\"item\":\"https:\\\/\\\/anoticiaonline.com.br\\\/site\\\/categoria\\\/colunistas\\\/\",\"nextItem\":{\"@type\":\"ListItem\",\"@id\":\"https:\\\/\\\/anoticiaonline.com.br\\\/site\\\/categoria\\\/colunistas\\\/nomes-da-nossa-terra-joao-carlos-vargas-e-flavia-alves-junqueira-memorial-municipal-de-muriae\\\/#listItem\",\"name\":\"Nomes da Nossa Terra - Jo\\u00e3o Carlos Vargas e Fl\\u00e1via Alves Junqueira - Memorial Municipal de Muria\\u00e9\"},\"previousItem\":{\"@type\":\"ListItem\",\"@id\":\"https:\\\/\\\/anoticiaonline.com.br\\\/site#listItem\",\"name\":\"Home\"}},{\"@type\":\"ListItem\",\"@id\":\"https:\\\/\\\/anoticiaonline.com.br\\\/site\\\/categoria\\\/colunistas\\\/nomes-da-nossa-terra-joao-carlos-vargas-e-flavia-alves-junqueira-memorial-municipal-de-muriae\\\/#listItem\",\"position\":3,\"name\":\"Nomes da Nossa Terra - Jo\\u00e3o Carlos Vargas e Fl\\u00e1via Alves Junqueira - Memorial Municipal de Muria\\u00e9\",\"item\":\"https:\\\/\\\/anoticiaonline.com.br\\\/site\\\/categoria\\\/colunistas\\\/nomes-da-nossa-terra-joao-carlos-vargas-e-flavia-alves-junqueira-memorial-municipal-de-muriae\\\/\",\"nextItem\":{\"@type\":\"ListItem\",\"@id\":\"https:\\\/\\\/anoticiaonline.com.br\\\/site\\\/nicodemos-cardoso-silva\\\/#listItem\",\"name\":\"NICODEMOS CARDOSO SILVA\"},\"previousItem\":{\"@type\":\"ListItem\",\"@id\":\"https:\\\/\\\/anoticiaonline.com.br\\\/site\\\/categoria\\\/colunistas\\\/#listItem\",\"name\":\"Colunistas\"}},{\"@type\":\"ListItem\",\"@id\":\"https:\\\/\\\/anoticiaonline.com.br\\\/site\\\/nicodemos-cardoso-silva\\\/#listItem\",\"position\":4,\"name\":\"NICODEMOS CARDOSO SILVA\",\"previousItem\":{\"@type\":\"ListItem\",\"@id\":\"https:\\\/\\\/anoticiaonline.com.br\\\/site\\\/categoria\\\/colunistas\\\/nomes-da-nossa-terra-joao-carlos-vargas-e-flavia-alves-junqueira-memorial-municipal-de-muriae\\\/#listItem\",\"name\":\"Nomes da Nossa Terra - Jo\\u00e3o Carlos Vargas e Fl\\u00e1via Alves Junqueira - Memorial Municipal de Muria\\u00e9\"}}]},{\"@type\":\"Organization\",\"@id\":\"https:\\\/\\\/anoticiaonline.com.br\\\/site\\\/#organization\",\"name\":\"A Not\\u00edcia Online\",\"description\":\"Noticias de Muria\\u00e9 e regi\\u00e3o\",\"url\":\"https:\\\/\\\/anoticiaonline.com.br\\\/site\\\/\",\"logo\":{\"@type\":\"ImageObject\",\"url\":\"https:\\\/\\\/scontent-gig4-1.xx.fbcdn.net\\\/v\\\/t39.30808-1\\\/270437624_4564083193639691_6907940295614233970_n.jpg?stp=dst-jpg_s200x200_tt6&_nc_cat=111&ccb=1-7&_nc_sid=f907e8&_nc_ohc=SM1wRlP3lJwQ7kNvwEPuBYA&_nc_oc=AdnqrjDN_BNjSSHWO-GbkIWH6fkGMLw4bqvL_NH6e2wMveX7G-rP2dAqsDSq1mJMOaY&_nc_zt=24&_nc_ht=scontent-gig4-1.xx&_nc_gid=AoBFJeGrT1hVaew_6rchkQ&oh=00_AfX7QmFGhQhG2jAllVgXCiM1ZrWgvtp80-Bfppyexh1QEg&oe=689E923C\",\"@id\":\"https:\\\/\\\/anoticiaonline.com.br\\\/site\\\/nicodemos-cardoso-silva\\\/#organizationLogo\"},\"image\":{\"@id\":\"https:\\\/\\\/anoticiaonline.com.br\\\/site\\\/nicodemos-cardoso-silva\\\/#organizationLogo\"}},{\"@type\":\"Person\",\"@id\":\"https:\\\/\\\/anoticiaonline.com.br\\\/site\\\/author\\\/juliana\\\/#author\",\"url\":\"https:\\\/\\\/anoticiaonline.com.br\\\/site\\\/author\\\/juliana\\\/\",\"name\":\"Juliana Laviola\",\"image\":{\"@type\":\"ImageObject\",\"@id\":\"https:\\\/\\\/anoticiaonline.com.br\\\/site\\\/nicodemos-cardoso-silva\\\/#authorImage\",\"url\":\"https:\\\/\\\/secure.gravatar.com\\\/avatar\\\/b8d45f5c699b100dfaf0e543582f38f38bf94cb7ae3a5e9abf8d891a34773335?s=96&d=mm&r=g\",\"width\":96,\"height\":96,\"caption\":\"Juliana Laviola\"}},{\"@type\":\"WebPage\",\"@id\":\"https:\\\/\\\/anoticiaonline.com.br\\\/site\\\/nicodemos-cardoso-silva\\\/#webpage\",\"url\":\"https:\\\/\\\/anoticiaonline.com.br\\\/site\\\/nicodemos-cardoso-silva\\\/\",\"name\":\"NICODEMOS CARDOSO SILVA - A Not\\u00edcia Online\",\"description\":\"Nascido em 11 de setembro de 1942 Falecido em 15 de outubro de 1991 Natural de Gua\\u00e7u\\u00ed - Esp\\u00edrito Santo - Nicodemos Cardoso Silva era filho de Bernardino Cardoso da Silva e de On\\u00edlia Cec\\u00edlia de Oliveira. Foi casado com Marlene Braga Silva, de cuja uni\\u00e3o, nasceram os filhos: Sandra Regina Braga Silva, Andr\\u00e9 Luiz\",\"inLanguage\":\"pt-BR\",\"isPartOf\":{\"@id\":\"https:\\\/\\\/anoticiaonline.com.br\\\/site\\\/#website\"},\"breadcrumb\":{\"@id\":\"https:\\\/\\\/anoticiaonline.com.br\\\/site\\\/nicodemos-cardoso-silva\\\/#breadcrumblist\"},\"author\":{\"@id\":\"https:\\\/\\\/anoticiaonline.com.br\\\/site\\\/author\\\/juliana\\\/#author\"},\"creator\":{\"@id\":\"https:\\\/\\\/anoticiaonline.com.br\\\/site\\\/author\\\/juliana\\\/#author\"},\"datePublished\":\"2015-09-11T11:50:23-03:00\",\"dateModified\":\"2015-09-11T11:50:23-03:00\"},{\"@type\":\"WebSite\",\"@id\":\"https:\\\/\\\/anoticiaonline.com.br\\\/site\\\/#website\",\"url\":\"https:\\\/\\\/anoticiaonline.com.br\\\/site\\\/\",\"name\":\"A Not\\u00edcia Online\",\"description\":\"Noticias de Muria\\u00e9 e regi\\u00e3o\",\"inLanguage\":\"pt-BR\",\"publisher\":{\"@id\":\"https:\\\/\\\/anoticiaonline.com.br\\\/site\\\/#organization\"}}]}\n\t\t<\/script>\n\t\t<!-- All in One SEO -->\n\n","aioseo_head_json":{"title":"NICODEMOS CARDOSO SILVA - A Not\u00edcia Online","description":"Nascido em 11 de setembro de 1942 Falecido em 15 de outubro de 1991 Natural de Gua\u00e7u\u00ed - Esp\u00edrito Santo - Nicodemos Cardoso Silva era filho de Bernardino Cardoso da Silva e de On\u00edlia Cec\u00edlia de Oliveira. Foi casado com Marlene Braga Silva, de cuja uni\u00e3o, nasceram os filhos: Sandra Regina Braga Silva, Andr\u00e9 Luiz","canonical_url":"https:\/\/anoticiaonline.com.br\/site\/nicodemos-cardoso-silva\/","robots":"max-image-preview:large","keywords":"","webmasterTools":{"miscellaneous":""},"schema":{"@context":"https:\/\/schema.org","@graph":[{"@type":"BlogPosting","@id":"https:\/\/anoticiaonline.com.br\/site\/nicodemos-cardoso-silva\/#blogposting","name":"NICODEMOS CARDOSO SILVA - A Not\u00edcia Online","headline":"NICODEMOS CARDOSO SILVA","author":{"@id":"https:\/\/anoticiaonline.com.br\/site\/author\/juliana\/#author"},"publisher":{"@id":"https:\/\/anoticiaonline.com.br\/site\/#organization"},"image":{"@type":"ImageObject","url":"http:\/\/anoticiaonline.com.br\/site\/wp-content\/uploads\/2015\/09\/nicodemos-cardoso-silva-236x300.jpg","@id":"https:\/\/anoticiaonline.com.br\/site\/nicodemos-cardoso-silva\/#articleImage"},"datePublished":"2015-09-11T11:50:23-03:00","dateModified":"2015-09-11T11:50:23-03:00","inLanguage":"pt-BR","mainEntityOfPage":{"@id":"https:\/\/anoticiaonline.com.br\/site\/nicodemos-cardoso-silva\/#webpage"},"isPartOf":{"@id":"https:\/\/anoticiaonline.com.br\/site\/nicodemos-cardoso-silva\/#webpage"},"articleSection":"Nomes da Nossa Terra - Jo\u00e3o Carlos Vargas e Fl\u00e1via Alves Junqueira - Memorial Municipal de Muria\u00e9"},{"@type":"BreadcrumbList","@id":"https:\/\/anoticiaonline.com.br\/site\/nicodemos-cardoso-silva\/#breadcrumblist","itemListElement":[{"@type":"ListItem","@id":"https:\/\/anoticiaonline.com.br\/site#listItem","position":1,"name":"Home","item":"https:\/\/anoticiaonline.com.br\/site","nextItem":{"@type":"ListItem","@id":"https:\/\/anoticiaonline.com.br\/site\/categoria\/colunistas\/#listItem","name":"Colunistas"}},{"@type":"ListItem","@id":"https:\/\/anoticiaonline.com.br\/site\/categoria\/colunistas\/#listItem","position":2,"name":"Colunistas","item":"https:\/\/anoticiaonline.com.br\/site\/categoria\/colunistas\/","nextItem":{"@type":"ListItem","@id":"https:\/\/anoticiaonline.com.br\/site\/categoria\/colunistas\/nomes-da-nossa-terra-joao-carlos-vargas-e-flavia-alves-junqueira-memorial-municipal-de-muriae\/#listItem","name":"Nomes da Nossa Terra - Jo\u00e3o Carlos Vargas e Fl\u00e1via Alves Junqueira - Memorial Municipal de Muria\u00e9"},"previousItem":{"@type":"ListItem","@id":"https:\/\/anoticiaonline.com.br\/site#listItem","name":"Home"}},{"@type":"ListItem","@id":"https:\/\/anoticiaonline.com.br\/site\/categoria\/colunistas\/nomes-da-nossa-terra-joao-carlos-vargas-e-flavia-alves-junqueira-memorial-municipal-de-muriae\/#listItem","position":3,"name":"Nomes da Nossa Terra - Jo\u00e3o Carlos Vargas e Fl\u00e1via Alves Junqueira - Memorial Municipal de Muria\u00e9","item":"https:\/\/anoticiaonline.com.br\/site\/categoria\/colunistas\/nomes-da-nossa-terra-joao-carlos-vargas-e-flavia-alves-junqueira-memorial-municipal-de-muriae\/","nextItem":{"@type":"ListItem","@id":"https:\/\/anoticiaonline.com.br\/site\/nicodemos-cardoso-silva\/#listItem","name":"NICODEMOS CARDOSO SILVA"},"previousItem":{"@type":"ListItem","@id":"https:\/\/anoticiaonline.com.br\/site\/categoria\/colunistas\/#listItem","name":"Colunistas"}},{"@type":"ListItem","@id":"https:\/\/anoticiaonline.com.br\/site\/nicodemos-cardoso-silva\/#listItem","position":4,"name":"NICODEMOS CARDOSO SILVA","previousItem":{"@type":"ListItem","@id":"https:\/\/anoticiaonline.com.br\/site\/categoria\/colunistas\/nomes-da-nossa-terra-joao-carlos-vargas-e-flavia-alves-junqueira-memorial-municipal-de-muriae\/#listItem","name":"Nomes da Nossa Terra - Jo\u00e3o Carlos Vargas e Fl\u00e1via Alves Junqueira - Memorial Municipal de Muria\u00e9"}}]},{"@type":"Organization","@id":"https:\/\/anoticiaonline.com.br\/site\/#organization","name":"A Not\u00edcia Online","description":"Noticias de Muria\u00e9 e regi\u00e3o","url":"https:\/\/anoticiaonline.com.br\/site\/","logo":{"@type":"ImageObject","url":"https:\/\/scontent-gig4-1.xx.fbcdn.net\/v\/t39.30808-1\/270437624_4564083193639691_6907940295614233970_n.jpg?stp=dst-jpg_s200x200_tt6&_nc_cat=111&ccb=1-7&_nc_sid=f907e8&_nc_ohc=SM1wRlP3lJwQ7kNvwEPuBYA&_nc_oc=AdnqrjDN_BNjSSHWO-GbkIWH6fkGMLw4bqvL_NH6e2wMveX7G-rP2dAqsDSq1mJMOaY&_nc_zt=24&_nc_ht=scontent-gig4-1.xx&_nc_gid=AoBFJeGrT1hVaew_6rchkQ&oh=00_AfX7QmFGhQhG2jAllVgXCiM1ZrWgvtp80-Bfppyexh1QEg&oe=689E923C","@id":"https:\/\/anoticiaonline.com.br\/site\/nicodemos-cardoso-silva\/#organizationLogo"},"image":{"@id":"https:\/\/anoticiaonline.com.br\/site\/nicodemos-cardoso-silva\/#organizationLogo"}},{"@type":"Person","@id":"https:\/\/anoticiaonline.com.br\/site\/author\/juliana\/#author","url":"https:\/\/anoticiaonline.com.br\/site\/author\/juliana\/","name":"Juliana Laviola","image":{"@type":"ImageObject","@id":"https:\/\/anoticiaonline.com.br\/site\/nicodemos-cardoso-silva\/#authorImage","url":"https:\/\/secure.gravatar.com\/avatar\/b8d45f5c699b100dfaf0e543582f38f38bf94cb7ae3a5e9abf8d891a34773335?s=96&d=mm&r=g","width":96,"height":96,"caption":"Juliana Laviola"}},{"@type":"WebPage","@id":"https:\/\/anoticiaonline.com.br\/site\/nicodemos-cardoso-silva\/#webpage","url":"https:\/\/anoticiaonline.com.br\/site\/nicodemos-cardoso-silva\/","name":"NICODEMOS CARDOSO SILVA - A Not\u00edcia Online","description":"Nascido em 11 de setembro de 1942 Falecido em 15 de outubro de 1991 Natural de Gua\u00e7u\u00ed - Esp\u00edrito Santo - Nicodemos Cardoso Silva era filho de Bernardino Cardoso da Silva e de On\u00edlia Cec\u00edlia de Oliveira. Foi casado com Marlene Braga Silva, de cuja uni\u00e3o, nasceram os filhos: Sandra Regina Braga Silva, Andr\u00e9 Luiz","inLanguage":"pt-BR","isPartOf":{"@id":"https:\/\/anoticiaonline.com.br\/site\/#website"},"breadcrumb":{"@id":"https:\/\/anoticiaonline.com.br\/site\/nicodemos-cardoso-silva\/#breadcrumblist"},"author":{"@id":"https:\/\/anoticiaonline.com.br\/site\/author\/juliana\/#author"},"creator":{"@id":"https:\/\/anoticiaonline.com.br\/site\/author\/juliana\/#author"},"datePublished":"2015-09-11T11:50:23-03:00","dateModified":"2015-09-11T11:50:23-03:00"},{"@type":"WebSite","@id":"https:\/\/anoticiaonline.com.br\/site\/#website","url":"https:\/\/anoticiaonline.com.br\/site\/","name":"A Not\u00edcia Online","description":"Noticias de Muria\u00e9 e regi\u00e3o","inLanguage":"pt-BR","publisher":{"@id":"https:\/\/anoticiaonline.com.br\/site\/#organization"}}]},"og:locale":"pt_BR","og:site_name":"A Not\u00edcia Online - Noticias de Muria\u00e9 e regi\u00e3o","og:type":"article","og:title":"NICODEMOS CARDOSO SILVA - A Not\u00edcia Online","og:description":"Nascido em 11 de setembro de 1942 Falecido em 15 de outubro de 1991 Natural de Gua\u00e7u\u00ed - Esp\u00edrito Santo - Nicodemos Cardoso Silva era filho de Bernardino Cardoso da Silva e de On\u00edlia Cec\u00edlia de Oliveira. Foi casado com Marlene Braga Silva, de cuja uni\u00e3o, nasceram os filhos: Sandra Regina Braga Silva, Andr\u00e9 Luiz","og:url":"https:\/\/anoticiaonline.com.br\/site\/nicodemos-cardoso-silva\/","og:image":"https:\/\/scontent-gig4-1.xx.fbcdn.net\/v\/t39.30808-1\/270437624_4564083193639691_6907940295614233970_n.jpg?stp=dst-jpg_s200x200_tt6&#038;_nc_cat=111&#038;ccb=1-7&#038;_nc_sid=f907e8&#038;_nc_ohc=SM1wRlP3lJwQ7kNvwEPuBYA&#038;_nc_oc=AdnqrjDN_BNjSSHWO-GbkIWH6fkGMLw4bqvL_NH6e2wMveX7G-rP2dAqsDSq1mJMOaY&#038;_nc_zt=24&#038;_nc_ht=scontent-gig4-1.xx&#038;_nc_gid=AoBFJeGrT1hVaew_6rchkQ&#038;oh=00_AfX7QmFGhQhG2jAllVgXCiM1ZrWgvtp80-Bfppyexh1QEg&#038;oe=689E923C","og:image:secure_url":"https:\/\/scontent-gig4-1.xx.fbcdn.net\/v\/t39.30808-1\/270437624_4564083193639691_6907940295614233970_n.jpg?stp=dst-jpg_s200x200_tt6&#038;_nc_cat=111&#038;ccb=1-7&#038;_nc_sid=f907e8&#038;_nc_ohc=SM1wRlP3lJwQ7kNvwEPuBYA&#038;_nc_oc=AdnqrjDN_BNjSSHWO-GbkIWH6fkGMLw4bqvL_NH6e2wMveX7G-rP2dAqsDSq1mJMOaY&#038;_nc_zt=24&#038;_nc_ht=scontent-gig4-1.xx&#038;_nc_gid=AoBFJeGrT1hVaew_6rchkQ&#038;oh=00_AfX7QmFGhQhG2jAllVgXCiM1ZrWgvtp80-Bfppyexh1QEg&#038;oe=689E923C","article:published_time":"2015-09-11T14:50:23+00:00","article:modified_time":"2015-09-11T14:50:23+00:00","twitter:card":"summary_large_image","twitter:title":"NICODEMOS CARDOSO SILVA - A Not\u00edcia Online","twitter:description":"Nascido em 11 de setembro de 1942 Falecido em 15 de outubro de 1991 Natural de Gua\u00e7u\u00ed - Esp\u00edrito Santo - Nicodemos Cardoso Silva era filho de Bernardino Cardoso da Silva e de On\u00edlia Cec\u00edlia de Oliveira. Foi casado com Marlene Braga Silva, de cuja uni\u00e3o, nasceram os filhos: Sandra Regina Braga Silva, Andr\u00e9 Luiz","twitter:image":"https:\/\/scontent-gig4-1.xx.fbcdn.net\/v\/t39.30808-1\/270437624_4564083193639691_6907940295614233970_n.jpg?stp=dst-jpg_s200x200_tt6&_nc_cat=111&ccb=1-7&_nc_sid=f907e8&_nc_ohc=SM1wRlP3lJwQ7kNvwEPuBYA&_nc_oc=AdnqrjDN_BNjSSHWO-GbkIWH6fkGMLw4bqvL_NH6e2wMveX7G-rP2dAqsDSq1mJMOaY&_nc_zt=24&_nc_ht=scontent-gig4-1.xx&_nc_gid=AoBFJeGrT1hVaew_6rchkQ&oh=00_AfX7QmFGhQhG2jAllVgXCiM1ZrWgvtp80-Bfppyexh1QEg&oe=689E923C"},"aioseo_meta_data":{"post_id":"3708","title":null,"description":null,"keywords":null,"keyphrases":null,"primary_term":null,"canonical_url":null,"og_title":null,"og_description":null,"og_object_type":"default","og_image_type":"default","og_image_url":null,"og_image_width":null,"og_image_height":null,"og_image_custom_url":null,"og_image_custom_fields":null,"og_video":null,"og_custom_url":null,"og_article_section":null,"og_article_tags":null,"twitter_use_og":false,"twitter_card":"default","twitter_image_type":"default","twitter_image_url":null,"twitter_image_custom_url":null,"twitter_image_custom_fields":null,"twitter_title":null,"twitter_description":null,"schema":{"blockGraphs":[],"customGraphs":[],"default":{"data":{"Article":[],"Course":[],"Dataset":[],"FAQPage":[],"Movie":[],"Person":[],"Product":[],"ProductReview":[],"Car":[],"Recipe":[],"Service":[],"SoftwareApplication":[],"WebPage":[]},"graphName":"","isEnabled":true},"graphs":[]},"schema_type":"default","schema_type_options":null,"pillar_content":false,"robots_default":true,"robots_noindex":false,"robots_noarchive":false,"robots_nosnippet":false,"robots_nofollow":false,"robots_noimageindex":false,"robots_noodp":false,"robots_notranslate":false,"robots_max_snippet":null,"robots_max_videopreview":null,"robots_max_imagepreview":"large","priority":null,"frequency":null,"local_seo":null,"breadcrumb_settings":null,"limit_modified_date":false,"ai":null,"created":"2025-08-16 12:47:45","updated":"2025-08-16 12:47:45","focus_keyword":null,"additional_keywords":null,"truseo_locale":null,"seo_analyzer_scan_date":null},"aioseo_breadcrumb":"<div class=\"aioseo-breadcrumbs\"><span class=\"aioseo-breadcrumb\">\n\t\t\t<a href=\"https:\/\/anoticiaonline.com.br\/site\" title=\"Home\">Home<\/a>\n\t\t<\/span><span class=\"aioseo-breadcrumb-separator\">&raquo;<\/span><span class=\"aioseo-breadcrumb\">\n\t\t\t<a href=\"https:\/\/anoticiaonline.com.br\/site\/categoria\/colunistas\/\" title=\"Colunistas\">Colunistas<\/a>\n\t\t<\/span><span class=\"aioseo-breadcrumb-separator\">&raquo;<\/span><span class=\"aioseo-breadcrumb\">\n\t\t\t<a href=\"https:\/\/anoticiaonline.com.br\/site\/categoria\/colunistas\/nomes-da-nossa-terra-joao-carlos-vargas-e-flavia-alves-junqueira-memorial-municipal-de-muriae\/\" title=\"Nomes da Nossa Terra - Jo\u00e3o Carlos Vargas e Fl\u00e1via Alves Junqueira - Memorial Municipal de Muria\u00e9\">Nomes da Nossa Terra - Jo\u00e3o Carlos Vargas e Fl\u00e1via Alves Junqueira - Memorial Municipal de Muria\u00e9<\/a>\n\t\t<\/span><span class=\"aioseo-breadcrumb-separator\">&raquo;<\/span><span class=\"aioseo-breadcrumb\">\n\t\t\tNICODEMOS CARDOSO SILVA\n\t\t<\/span><\/div>","aioseo_breadcrumb_json":[{"label":"Home","link":"https:\/\/anoticiaonline.com.br\/site"},{"label":"Colunistas","link":"https:\/\/anoticiaonline.com.br\/site\/categoria\/colunistas\/"},{"label":"Nomes da Nossa Terra - Jo\u00e3o Carlos Vargas e Fl\u00e1via Alves Junqueira - Memorial Municipal de Muria\u00e9","link":"https:\/\/anoticiaonline.com.br\/site\/categoria\/colunistas\/nomes-da-nossa-terra-joao-carlos-vargas-e-flavia-alves-junqueira-memorial-municipal-de-muriae\/"},{"label":"NICODEMOS CARDOSO SILVA","link":"https:\/\/anoticiaonline.com.br\/site\/nicodemos-cardoso-silva\/"}],"views":143,"_links":{"self":[{"href":"https:\/\/anoticiaonline.com.br\/site\/wp-json\/wp\/v2\/posts\/3708","targetHints":{"allow":["GET"]}}],"collection":[{"href":"https:\/\/anoticiaonline.com.br\/site\/wp-json\/wp\/v2\/posts"}],"about":[{"href":"https:\/\/anoticiaonline.com.br\/site\/wp-json\/wp\/v2\/types\/post"}],"author":[{"embeddable":true,"href":"https:\/\/anoticiaonline.com.br\/site\/wp-json\/wp\/v2\/users\/2"}],"replies":[{"embeddable":true,"href":"https:\/\/anoticiaonline.com.br\/site\/wp-json\/wp\/v2\/comments?post=3708"}],"version-history":[{"count":0,"href":"https:\/\/anoticiaonline.com.br\/site\/wp-json\/wp\/v2\/posts\/3708\/revisions"}],"wp:attachment":[{"href":"https:\/\/anoticiaonline.com.br\/site\/wp-json\/wp\/v2\/media?parent=3708"}],"wp:term":[{"taxonomy":"category","embeddable":true,"href":"https:\/\/anoticiaonline.com.br\/site\/wp-json\/wp\/v2\/categories?post=3708"},{"taxonomy":"post_tag","embeddable":true,"href":"https:\/\/anoticiaonline.com.br\/site\/wp-json\/wp\/v2\/tags?post=3708"}],"curies":[{"name":"wp","href":"https:\/\/api.w.org\/{rel}","templated":true}]}}