{"id":36689,"date":"2017-08-03T20:58:58","date_gmt":"2017-08-03T23:58:58","guid":{"rendered":"http:\/\/anoticiaonline.com.br\/site\/?p=36689"},"modified":"2017-08-03T21:11:44","modified_gmt":"2017-08-04T00:11:44","slug":"carreata-de-sao-cristovao-atrai-milhares-de-motoristas-de-muriae","status":"publish","type":"post","link":"https:\/\/anoticiaonline.com.br\/site\/carreata-de-sao-cristovao-atrai-milhares-de-motoristas-de-muriae\/","title":{"rendered":"Carreata de S\u00e3o Crist\u00f3v\u00e3o atrai milhares de motoristas de Muria\u00e9"},"content":{"rendered":"<p><img fetchpriority=\"high\" decoding=\"async\" class=\"alignleft size-medium wp-image-36691\" src=\"https:\/\/anoticiaonline.com.br\/site\/wp-content\/uploads\/2017\/08\/DSC_0335-300x200.jpg\" alt=\"\" width=\"300\" height=\"200\" srcset=\"https:\/\/anoticiaonline.com.br\/site\/wp-content\/uploads\/2017\/08\/DSC_0335-300x200.jpg 300w, https:\/\/anoticiaonline.com.br\/site\/wp-content\/uploads\/2017\/08\/DSC_0335-290x192.jpg 290w, https:\/\/anoticiaonline.com.br\/site\/wp-content\/uploads\/2017\/08\/DSC_0335.jpg 640w\" sizes=\"(max-width: 300px) 100vw, 300px\" \/><a href=\"https:\/\/anoticiaonline.com.br\/site\/wp-content\/uploads\/2017\/08\/DSC_0142.jpg\"><img decoding=\"async\" class=\"alignleft size-medium wp-image-36690\" src=\"https:\/\/anoticiaonline.com.br\/site\/wp-content\/uploads\/2017\/08\/DSC_0142-300x200.jpg\" alt=\"\" width=\"300\" height=\"200\" srcset=\"https:\/\/anoticiaonline.com.br\/site\/wp-content\/uploads\/2017\/08\/DSC_0142-300x200.jpg 300w, https:\/\/anoticiaonline.com.br\/site\/wp-content\/uploads\/2017\/08\/DSC_0142-290x192.jpg 290w, https:\/\/anoticiaonline.com.br\/site\/wp-content\/uploads\/2017\/08\/DSC_0142.jpg 640w\" sizes=\"(max-width: 300px) 100vw, 300px\" \/><\/a> <a href=\"https:\/\/anoticiaonline.com.br\/site\/wp-content\/uploads\/2017\/08\/DSC_0377.jpg\"><img decoding=\"async\" class=\"alignleft size-medium wp-image-36692\" src=\"https:\/\/anoticiaonline.com.br\/site\/wp-content\/uploads\/2017\/08\/DSC_0377-300x200.jpg\" alt=\"\" width=\"300\" height=\"200\" srcset=\"https:\/\/anoticiaonline.com.br\/site\/wp-content\/uploads\/2017\/08\/DSC_0377-300x200.jpg 300w, https:\/\/anoticiaonline.com.br\/site\/wp-content\/uploads\/2017\/08\/DSC_0377-290x192.jpg 290w, https:\/\/anoticiaonline.com.br\/site\/wp-content\/uploads\/2017\/08\/DSC_0377.jpg 640w\" sizes=\"(max-width: 300px) 100vw, 300px\" \/><\/a>Milhares de fi\u00e9is participaram da Festa de S\u00e3o Crist\u00f3v\u00e3o, promovida pela Par\u00f3quia Nossa Senhora Aparecida, localizada no Porto. Considerado padroeiro dos motoristas, viajantes e peregrinos, o santo, martirizado no s\u00e9culo III, tem seu dia comemorado em 25 de julho. Esse ano a empresa escolhida para ser a patrona da festa foi a JoanJoias, do empres\u00e1rio Joanc\u00e9lio Pe\u00e7anha.<\/p>\n<p>Os festejos tiveram in\u00edcio no dia 27, com missas e vendas de comidas e bebidas, e se encerraram no dia 30, com a tradicional carreata onde foram aben\u00e7oados centenas de ve\u00edculos e de seus condutores. O valor arrecadado durante os dias de festa foram destinados \u00e1 reforma do Sal\u00e3o Paroquial Pe. \u00canio.<\/p>\n<p>O p\u00e1roco da Igreja, Carlos Henrique Mariosa, que realizou grande parte das missas em homenagem ao santo disse que esta \u00e9 uma prova de religiosidade dos fi\u00e9is. \u201cParticipar das missas e demonstrar sua devo\u00e7\u00e3o a S\u00e3o Crist\u00f3v\u00e3o \u00e9 uma forma de relembrar sua bonita hist\u00f3ria, de amor e carinho. Esta carreata me recorda os tempos da inf\u00e2ncia em que eu contava quantos carros estavam em prociss\u00e3o. O povo participa com amor e \u00e9 sempre muito bonito de se ver\u201d, contou.<\/p>\n<p>Carlos Henrique disse que, a cada ano, a Igreja procura inovar a Festa de S\u00e3o Crist\u00f3v\u00e3o com eventos diversos. \u201cEste ano tivemos a feijoada, mas eu gostaria de repeti-la em 2018\u201d, contou.<\/p>\n<p>O padre aproveitou o momento para alertar os motoristas e motociclistas de Muria\u00e9 para ter mais cautela nas ruas e estradas. \u201cNossa cidade n\u00e3o \u00e9 a mesma de 30 anos atr\u00e1s. N\u00e3o podemos permitir que a correria e o estresse do dia a dia influenciem nossas atitudes no tr\u00e2nsito\u201d, disse.<\/p>\n<p>Este ano, o escolhido para ser o patrono da Festa de S\u00e3o Crist\u00f3v\u00e3o 2017 foi a joalheria JoanJoias, de Joanc\u00e9lio Pe\u00e7anha. O empres\u00e1rio, que esteve presente na carreata, falou sobre a honra de patrocinar o evento. \u201cFoi um privil\u00e9gio ser escolhido para ser o patrono dessa tradicional festa promovida pela Par\u00f3quia Nossa Senhora Aparecida. Agrade\u00e7o aos que me escolheram e aqueles que me apoiaram. Minha fam\u00edlia e meus colaboradores est\u00e3o felizes e realizados por este presente que nos foi dado\u201d, contou.<\/p>\n<p>Joanc\u00e9lio disse que percorreu pela cidade com o \u201cLivro de Ouro\u201d da Par\u00f3quia obtendo doa\u00e7\u00f5es feitas por colegas empres\u00e1rios. \u201cTivemos \u00f3timas doa\u00e7\u00f5es. Nenhuma porta foi fechada. Todos contribu\u00edram de maneira satisfat\u00f3ria\u201d.<\/p>\n<p>O empres\u00e1rio recebeu das m\u00e3os do padre Carlos Henrique, uma imagem do santo homenageado vinda de Jerusal\u00e9m. \u201cVou guardar com todo o carinho. Gostaria de agradecer ao padre, ao Monteiro, ao C\u00e9sar, a toda equipe da Igreja e da imprensa. Em nome da Joan J\u00f3ias deixo aqui meu abra\u00e7o de gratid\u00e3o\u201d, finalizou.<\/p>\n<p>&nbsp;<\/p>\n<p><img decoding=\"async\" class=\"ngg_displayed_gallery mceItem\" src=\"https:\/\/anoticiaonline.com.br\/site\/nextgen-attach_to_post\/preview\/id--36891\" \/><\/p>\n<p>&nbsp;<\/p>\n<p>&nbsp;<\/p>\n","protected":false},"excerpt":{"rendered":"<p>Milhares de fi\u00e9is participaram da Festa de S\u00e3o Crist\u00f3v\u00e3o, promovida pela Par\u00f3quia Nossa Senhora Aparecida, localizada no Porto. Considerado padroeiro dos motoristas, viajantes e peregrinos, o santo, martirizado no s\u00e9culo III, tem seu dia comemorado em 25 de julho. Esse ano a empresa escolhida para ser a patrona da festa foi a JoanJoias, do empres\u00e1rio &#8230; <a title=\"Carreata de S\u00e3o Crist\u00f3v\u00e3o atrai milhares de motoristas de Muria\u00e9\" class=\"read-more\" href=\"https:\/\/anoticiaonline.com.br\/site\/carreata-de-sao-cristovao-atrai-milhares-de-motoristas-de-muriae\/\" aria-label=\"Read more about Carreata de S\u00e3o Crist\u00f3v\u00e3o atrai milhares de motoristas de Muria\u00e9\">Ler mais<\/a><\/p>\n","protected":false},"author":2,"featured_media":36692,"comment_status":"open","ping_status":"open","sticky":false,"template":"","format":"standard","meta":{"_acf_changed":false,"_monsterinsights_skip_tracking":false,"footnotes":""},"categories":[24],"tags":[700,748,743,153,745,744,136,130,746,747,3],"class_list":["post-36689","post","type-post","status-publish","format-standard","has-post-thumbnail","hentry","category-eventos","tag-carreata","tag-carros","tag-festa-de-sao-cristovao","tag-homenagem","tag-joancelio-pecanha","tag-joanjoias","tag-motos","tag-padre","tag-paroquia-nossa-senhora-aparecida","tag-salao-paroquial-pe-enio","tag-slide"],"acf":[],"aioseo_notices":[],"aioseo_head":"\n\t\t<!-- All in One SEO 5.0.0.1 - aioseo.com -->\n\t<meta name=\"description\" content=\"Milhares de fi\u00e9is participaram da Festa de S\u00e3o Crist\u00f3v\u00e3o, promovida pela Par\u00f3quia Nossa Senhora Aparecida, localizada no Porto. Considerado padroeiro dos motoristas, viajantes e peregrinos, o santo, martirizado no s\u00e9culo III, tem seu dia comemorado em 25 de julho. Esse ano a empresa escolhida para ser a patrona da festa foi a JoanJoias, do empres\u00e1rio\" \/>\n\t<meta name=\"robots\" content=\"max-image-preview:large\" \/>\n\t<meta name=\"author\" content=\"Juliana Laviola\"\/>\n\t<link rel=\"canonical\" href=\"https:\/\/anoticiaonline.com.br\/site\/carreata-de-sao-cristovao-atrai-milhares-de-motoristas-de-muriae\/\" \/>\n\t<meta name=\"generator\" content=\"All in One SEO (AIOSEO) 5.0.0.1\" \/>\n\t\t<meta property=\"og:locale\" content=\"pt_BR\" \/>\n\t\t<meta property=\"og:site_name\" content=\"A Not\u00edcia Online - Noticias de Muria\u00e9 e regi\u00e3o\" \/>\n\t\t<meta property=\"og:type\" content=\"article\" \/>\n\t\t<meta property=\"og:title\" content=\"Carreata de S\u00e3o Crist\u00f3v\u00e3o atrai milhares de motoristas de Muria\u00e9 - A Not\u00edcia Online\" \/>\n\t\t<meta property=\"og:description\" content=\"Milhares de fi\u00e9is participaram da Festa de S\u00e3o Crist\u00f3v\u00e3o, promovida pela Par\u00f3quia Nossa Senhora Aparecida, localizada no Porto. Considerado padroeiro dos motoristas, viajantes e peregrinos, o santo, martirizado no s\u00e9culo III, tem seu dia comemorado em 25 de julho. Esse ano a empresa escolhida para ser a patrona da festa foi a JoanJoias, do empres\u00e1rio\" \/>\n\t\t<meta property=\"og:url\" content=\"https:\/\/anoticiaonline.com.br\/site\/carreata-de-sao-cristovao-atrai-milhares-de-motoristas-de-muriae\/\" \/>\n\t\t<meta property=\"og:image\" content=\"https:\/\/scontent-gig4-1.xx.fbcdn.net\/v\/t39.30808-1\/270437624_4564083193639691_6907940295614233970_n.jpg?stp=dst-jpg_s200x200_tt6&#038;_nc_cat=111&#038;ccb=1-7&#038;_nc_sid=f907e8&#038;_nc_ohc=SM1wRlP3lJwQ7kNvwEPuBYA&#038;_nc_oc=AdnqrjDN_BNjSSHWO-GbkIWH6fkGMLw4bqvL_NH6e2wMveX7G-rP2dAqsDSq1mJMOaY&#038;_nc_zt=24&#038;_nc_ht=scontent-gig4-1.xx&#038;_nc_gid=AoBFJeGrT1hVaew_6rchkQ&#038;oh=00_AfX7QmFGhQhG2jAllVgXCiM1ZrWgvtp80-Bfppyexh1QEg&#038;oe=689E923C\" \/>\n\t\t<meta property=\"og:image:secure_url\" content=\"https:\/\/scontent-gig4-1.xx.fbcdn.net\/v\/t39.30808-1\/270437624_4564083193639691_6907940295614233970_n.jpg?stp=dst-jpg_s200x200_tt6&#038;_nc_cat=111&#038;ccb=1-7&#038;_nc_sid=f907e8&#038;_nc_ohc=SM1wRlP3lJwQ7kNvwEPuBYA&#038;_nc_oc=AdnqrjDN_BNjSSHWO-GbkIWH6fkGMLw4bqvL_NH6e2wMveX7G-rP2dAqsDSq1mJMOaY&#038;_nc_zt=24&#038;_nc_ht=scontent-gig4-1.xx&#038;_nc_gid=AoBFJeGrT1hVaew_6rchkQ&#038;oh=00_AfX7QmFGhQhG2jAllVgXCiM1ZrWgvtp80-Bfppyexh1QEg&#038;oe=689E923C\" \/>\n\t\t<meta property=\"article:published_time\" content=\"2017-08-03T23:58:58+00:00\" \/>\n\t\t<meta property=\"article:modified_time\" content=\"2017-08-04T00:11:44+00:00\" \/>\n\t\t<meta name=\"twitter:card\" content=\"summary_large_image\" \/>\n\t\t<meta name=\"twitter:title\" content=\"Carreata de S\u00e3o Crist\u00f3v\u00e3o atrai milhares de motoristas de Muria\u00e9 - A Not\u00edcia Online\" \/>\n\t\t<meta name=\"twitter:description\" content=\"Milhares de fi\u00e9is participaram da Festa de S\u00e3o Crist\u00f3v\u00e3o, promovida pela Par\u00f3quia Nossa Senhora Aparecida, localizada no Porto. Considerado padroeiro dos motoristas, viajantes e peregrinos, o santo, martirizado no s\u00e9culo III, tem seu dia comemorado em 25 de julho. Esse ano a empresa escolhida para ser a patrona da festa foi a JoanJoias, do empres\u00e1rio\" \/>\n\t\t<meta name=\"twitter:image\" content=\"https:\/\/scontent-gig4-1.xx.fbcdn.net\/v\/t39.30808-1\/270437624_4564083193639691_6907940295614233970_n.jpg?stp=dst-jpg_s200x200_tt6&amp;_nc_cat=111&amp;ccb=1-7&amp;_nc_sid=f907e8&amp;_nc_ohc=SM1wRlP3lJwQ7kNvwEPuBYA&amp;_nc_oc=AdnqrjDN_BNjSSHWO-GbkIWH6fkGMLw4bqvL_NH6e2wMveX7G-rP2dAqsDSq1mJMOaY&amp;_nc_zt=24&amp;_nc_ht=scontent-gig4-1.xx&amp;_nc_gid=AoBFJeGrT1hVaew_6rchkQ&amp;oh=00_AfX7QmFGhQhG2jAllVgXCiM1ZrWgvtp80-Bfppyexh1QEg&amp;oe=689E923C\" \/>\n\t\t<script type=\"application\/ld+json\" class=\"aioseo-schema\">\n\t\t\t{\"@context\":\"https:\\\/\\\/schema.org\",\"@graph\":[{\"@type\":\"BlogPosting\",\"@id\":\"https:\\\/\\\/anoticiaonline.com.br\\\/site\\\/carreata-de-sao-cristovao-atrai-milhares-de-motoristas-de-muriae\\\/#blogposting\",\"name\":\"Carreata de S\\u00e3o Crist\\u00f3v\\u00e3o atrai milhares de motoristas de Muria\\u00e9 - A Not\\u00edcia Online\",\"headline\":\"Carreata de S\\u00e3o Crist\\u00f3v\\u00e3o atrai milhares de motoristas de Muria\\u00e9\",\"author\":{\"@id\":\"https:\\\/\\\/anoticiaonline.com.br\\\/site\\\/author\\\/juliana\\\/#author\"},\"publisher\":{\"@id\":\"https:\\\/\\\/anoticiaonline.com.br\\\/site\\\/#organization\"},\"image\":{\"@type\":\"ImageObject\",\"url\":\"https:\\\/\\\/anoticiaonline.com.br\\\/site\\\/wp-content\\\/uploads\\\/2017\\\/08\\\/DSC_0377.jpg\",\"width\":640,\"height\":427},\"datePublished\":\"2017-08-03T20:58:58-03:00\",\"dateModified\":\"2017-08-03T21:11:44-03:00\",\"inLanguage\":\"pt-BR\",\"mainEntityOfPage\":{\"@id\":\"https:\\\/\\\/anoticiaonline.com.br\\\/site\\\/carreata-de-sao-cristovao-atrai-milhares-de-motoristas-de-muriae\\\/#webpage\"},\"isPartOf\":{\"@id\":\"https:\\\/\\\/anoticiaonline.com.br\\\/site\\\/carreata-de-sao-cristovao-atrai-milhares-de-motoristas-de-muriae\\\/#webpage\"},\"articleSection\":\"Eventos, carreata, carros, Festa de S\\u00e3o Crist\\u00f3v\\u00e3o, homenagem, Joanc\\u00e9lio Pe\\u00e7anha, JoanJoias, motos, Padre, Par\\u00f3quia Nossa Senhora Aparecida, Sal\\u00e3o Paroquial Pe. \\u00canio, slide\"},{\"@type\":\"BreadcrumbList\",\"@id\":\"https:\\\/\\\/anoticiaonline.com.br\\\/site\\\/carreata-de-sao-cristovao-atrai-milhares-de-motoristas-de-muriae\\\/#breadcrumblist\",\"itemListElement\":[{\"@type\":\"ListItem\",\"@id\":\"https:\\\/\\\/anoticiaonline.com.br\\\/site#listItem\",\"position\":1,\"name\":\"Home\",\"item\":\"https:\\\/\\\/anoticiaonline.com.br\\\/site\",\"nextItem\":{\"@type\":\"ListItem\",\"@id\":\"https:\\\/\\\/anoticiaonline.com.br\\\/site\\\/categoria\\\/eventos\\\/#listItem\",\"name\":\"Eventos\"}},{\"@type\":\"ListItem\",\"@id\":\"https:\\\/\\\/anoticiaonline.com.br\\\/site\\\/categoria\\\/eventos\\\/#listItem\",\"position\":2,\"name\":\"Eventos\",\"item\":\"https:\\\/\\\/anoticiaonline.com.br\\\/site\\\/categoria\\\/eventos\\\/\",\"nextItem\":{\"@type\":\"ListItem\",\"@id\":\"https:\\\/\\\/anoticiaonline.com.br\\\/site\\\/carreata-de-sao-cristovao-atrai-milhares-de-motoristas-de-muriae\\\/#listItem\",\"name\":\"Carreata de S\\u00e3o Crist\\u00f3v\\u00e3o atrai milhares de motoristas de Muria\\u00e9\"},\"previousItem\":{\"@type\":\"ListItem\",\"@id\":\"https:\\\/\\\/anoticiaonline.com.br\\\/site#listItem\",\"name\":\"Home\"}},{\"@type\":\"ListItem\",\"@id\":\"https:\\\/\\\/anoticiaonline.com.br\\\/site\\\/carreata-de-sao-cristovao-atrai-milhares-de-motoristas-de-muriae\\\/#listItem\",\"position\":3,\"name\":\"Carreata de S\\u00e3o Crist\\u00f3v\\u00e3o atrai milhares de motoristas de Muria\\u00e9\",\"previousItem\":{\"@type\":\"ListItem\",\"@id\":\"https:\\\/\\\/anoticiaonline.com.br\\\/site\\\/categoria\\\/eventos\\\/#listItem\",\"name\":\"Eventos\"}}]},{\"@type\":\"Organization\",\"@id\":\"https:\\\/\\\/anoticiaonline.com.br\\\/site\\\/#organization\",\"name\":\"A Not\\u00edcia Online\",\"description\":\"Noticias de Muria\\u00e9 e regi\\u00e3o\",\"url\":\"https:\\\/\\\/anoticiaonline.com.br\\\/site\\\/\",\"logo\":{\"@type\":\"ImageObject\",\"url\":\"https:\\\/\\\/scontent-gig4-1.xx.fbcdn.net\\\/v\\\/t39.30808-1\\\/270437624_4564083193639691_6907940295614233970_n.jpg?stp=dst-jpg_s200x200_tt6&_nc_cat=111&ccb=1-7&_nc_sid=f907e8&_nc_ohc=SM1wRlP3lJwQ7kNvwEPuBYA&_nc_oc=AdnqrjDN_BNjSSHWO-GbkIWH6fkGMLw4bqvL_NH6e2wMveX7G-rP2dAqsDSq1mJMOaY&_nc_zt=24&_nc_ht=scontent-gig4-1.xx&_nc_gid=AoBFJeGrT1hVaew_6rchkQ&oh=00_AfX7QmFGhQhG2jAllVgXCiM1ZrWgvtp80-Bfppyexh1QEg&oe=689E923C\",\"@id\":\"https:\\\/\\\/anoticiaonline.com.br\\\/site\\\/carreata-de-sao-cristovao-atrai-milhares-de-motoristas-de-muriae\\\/#organizationLogo\"},\"image\":{\"@id\":\"https:\\\/\\\/anoticiaonline.com.br\\\/site\\\/carreata-de-sao-cristovao-atrai-milhares-de-motoristas-de-muriae\\\/#organizationLogo\"}},{\"@type\":\"Person\",\"@id\":\"https:\\\/\\\/anoticiaonline.com.br\\\/site\\\/author\\\/juliana\\\/#author\",\"url\":\"https:\\\/\\\/anoticiaonline.com.br\\\/site\\\/author\\\/juliana\\\/\",\"name\":\"Juliana Laviola\",\"image\":{\"@type\":\"ImageObject\",\"@id\":\"https:\\\/\\\/anoticiaonline.com.br\\\/site\\\/carreata-de-sao-cristovao-atrai-milhares-de-motoristas-de-muriae\\\/#authorImage\",\"url\":\"https:\\\/\\\/secure.gravatar.com\\\/avatar\\\/b8d45f5c699b100dfaf0e543582f38f38bf94cb7ae3a5e9abf8d891a34773335?s=96&d=mm&r=g\",\"width\":96,\"height\":96,\"caption\":\"Juliana Laviola\"}},{\"@type\":\"WebPage\",\"@id\":\"https:\\\/\\\/anoticiaonline.com.br\\\/site\\\/carreata-de-sao-cristovao-atrai-milhares-de-motoristas-de-muriae\\\/#webpage\",\"url\":\"https:\\\/\\\/anoticiaonline.com.br\\\/site\\\/carreata-de-sao-cristovao-atrai-milhares-de-motoristas-de-muriae\\\/\",\"name\":\"Carreata de S\\u00e3o Crist\\u00f3v\\u00e3o atrai milhares de motoristas de Muria\\u00e9 - A Not\\u00edcia Online\",\"description\":\"Milhares de fi\\u00e9is participaram da Festa de S\\u00e3o Crist\\u00f3v\\u00e3o, promovida pela Par\\u00f3quia Nossa Senhora Aparecida, localizada no Porto. Considerado padroeiro dos motoristas, viajantes e peregrinos, o santo, martirizado no s\\u00e9culo III, tem seu dia comemorado em 25 de julho. Esse ano a empresa escolhida para ser a patrona da festa foi a JoanJoias, do empres\\u00e1rio\",\"inLanguage\":\"pt-BR\",\"isPartOf\":{\"@id\":\"https:\\\/\\\/anoticiaonline.com.br\\\/site\\\/#website\"},\"breadcrumb\":{\"@id\":\"https:\\\/\\\/anoticiaonline.com.br\\\/site\\\/carreata-de-sao-cristovao-atrai-milhares-de-motoristas-de-muriae\\\/#breadcrumblist\"},\"author\":{\"@id\":\"https:\\\/\\\/anoticiaonline.com.br\\\/site\\\/author\\\/juliana\\\/#author\"},\"creator\":{\"@id\":\"https:\\\/\\\/anoticiaonline.com.br\\\/site\\\/author\\\/juliana\\\/#author\"},\"image\":{\"@type\":\"ImageObject\",\"url\":\"https:\\\/\\\/anoticiaonline.com.br\\\/site\\\/wp-content\\\/uploads\\\/2017\\\/08\\\/DSC_0377.jpg\",\"@id\":\"https:\\\/\\\/anoticiaonline.com.br\\\/site\\\/carreata-de-sao-cristovao-atrai-milhares-de-motoristas-de-muriae\\\/#mainImage\",\"width\":640,\"height\":427},\"primaryImageOfPage\":{\"@id\":\"https:\\\/\\\/anoticiaonline.com.br\\\/site\\\/carreata-de-sao-cristovao-atrai-milhares-de-motoristas-de-muriae\\\/#mainImage\"},\"datePublished\":\"2017-08-03T20:58:58-03:00\",\"dateModified\":\"2017-08-03T21:11:44-03:00\"},{\"@type\":\"WebSite\",\"@id\":\"https:\\\/\\\/anoticiaonline.com.br\\\/site\\\/#website\",\"url\":\"https:\\\/\\\/anoticiaonline.com.br\\\/site\\\/\",\"name\":\"A Not\\u00edcia Online\",\"description\":\"Noticias de Muria\\u00e9 e regi\\u00e3o\",\"inLanguage\":\"pt-BR\",\"publisher\":{\"@id\":\"https:\\\/\\\/anoticiaonline.com.br\\\/site\\\/#organization\"}}]}\n\t\t<\/script>\n\t\t<!-- All in One SEO -->\n\n","aioseo_head_json":{"title":"Carreata de S\u00e3o Crist\u00f3v\u00e3o atrai milhares de motoristas de Muria\u00e9 - A Not\u00edcia Online","description":"Milhares de fi\u00e9is participaram da Festa de S\u00e3o Crist\u00f3v\u00e3o, promovida pela Par\u00f3quia Nossa Senhora Aparecida, localizada no Porto. Considerado padroeiro dos motoristas, viajantes e peregrinos, o santo, martirizado no s\u00e9culo III, tem seu dia comemorado em 25 de julho. Esse ano a empresa escolhida para ser a patrona da festa foi a JoanJoias, do empres\u00e1rio","canonical_url":"https:\/\/anoticiaonline.com.br\/site\/carreata-de-sao-cristovao-atrai-milhares-de-motoristas-de-muriae\/","robots":"max-image-preview:large","keywords":"","webmasterTools":{"miscellaneous":""},"schema":{"@context":"https:\/\/schema.org","@graph":[{"@type":"BlogPosting","@id":"https:\/\/anoticiaonline.com.br\/site\/carreata-de-sao-cristovao-atrai-milhares-de-motoristas-de-muriae\/#blogposting","name":"Carreata de S\u00e3o Crist\u00f3v\u00e3o atrai milhares de motoristas de Muria\u00e9 - A Not\u00edcia Online","headline":"Carreata de S\u00e3o Crist\u00f3v\u00e3o atrai milhares de motoristas de Muria\u00e9","author":{"@id":"https:\/\/anoticiaonline.com.br\/site\/author\/juliana\/#author"},"publisher":{"@id":"https:\/\/anoticiaonline.com.br\/site\/#organization"},"image":{"@type":"ImageObject","url":"https:\/\/anoticiaonline.com.br\/site\/wp-content\/uploads\/2017\/08\/DSC_0377.jpg","width":640,"height":427},"datePublished":"2017-08-03T20:58:58-03:00","dateModified":"2017-08-03T21:11:44-03:00","inLanguage":"pt-BR","mainEntityOfPage":{"@id":"https:\/\/anoticiaonline.com.br\/site\/carreata-de-sao-cristovao-atrai-milhares-de-motoristas-de-muriae\/#webpage"},"isPartOf":{"@id":"https:\/\/anoticiaonline.com.br\/site\/carreata-de-sao-cristovao-atrai-milhares-de-motoristas-de-muriae\/#webpage"},"articleSection":"Eventos, carreata, carros, Festa de S\u00e3o Crist\u00f3v\u00e3o, homenagem, Joanc\u00e9lio Pe\u00e7anha, JoanJoias, motos, Padre, Par\u00f3quia Nossa Senhora Aparecida, Sal\u00e3o Paroquial Pe. \u00canio, slide"},{"@type":"BreadcrumbList","@id":"https:\/\/anoticiaonline.com.br\/site\/carreata-de-sao-cristovao-atrai-milhares-de-motoristas-de-muriae\/#breadcrumblist","itemListElement":[{"@type":"ListItem","@id":"https:\/\/anoticiaonline.com.br\/site#listItem","position":1,"name":"Home","item":"https:\/\/anoticiaonline.com.br\/site","nextItem":{"@type":"ListItem","@id":"https:\/\/anoticiaonline.com.br\/site\/categoria\/eventos\/#listItem","name":"Eventos"}},{"@type":"ListItem","@id":"https:\/\/anoticiaonline.com.br\/site\/categoria\/eventos\/#listItem","position":2,"name":"Eventos","item":"https:\/\/anoticiaonline.com.br\/site\/categoria\/eventos\/","nextItem":{"@type":"ListItem","@id":"https:\/\/anoticiaonline.com.br\/site\/carreata-de-sao-cristovao-atrai-milhares-de-motoristas-de-muriae\/#listItem","name":"Carreata de S\u00e3o Crist\u00f3v\u00e3o atrai milhares de motoristas de Muria\u00e9"},"previousItem":{"@type":"ListItem","@id":"https:\/\/anoticiaonline.com.br\/site#listItem","name":"Home"}},{"@type":"ListItem","@id":"https:\/\/anoticiaonline.com.br\/site\/carreata-de-sao-cristovao-atrai-milhares-de-motoristas-de-muriae\/#listItem","position":3,"name":"Carreata de S\u00e3o Crist\u00f3v\u00e3o atrai milhares de motoristas de Muria\u00e9","previousItem":{"@type":"ListItem","@id":"https:\/\/anoticiaonline.com.br\/site\/categoria\/eventos\/#listItem","name":"Eventos"}}]},{"@type":"Organization","@id":"https:\/\/anoticiaonline.com.br\/site\/#organization","name":"A Not\u00edcia Online","description":"Noticias de Muria\u00e9 e regi\u00e3o","url":"https:\/\/anoticiaonline.com.br\/site\/","logo":{"@type":"ImageObject","url":"https:\/\/scontent-gig4-1.xx.fbcdn.net\/v\/t39.30808-1\/270437624_4564083193639691_6907940295614233970_n.jpg?stp=dst-jpg_s200x200_tt6&_nc_cat=111&ccb=1-7&_nc_sid=f907e8&_nc_ohc=SM1wRlP3lJwQ7kNvwEPuBYA&_nc_oc=AdnqrjDN_BNjSSHWO-GbkIWH6fkGMLw4bqvL_NH6e2wMveX7G-rP2dAqsDSq1mJMOaY&_nc_zt=24&_nc_ht=scontent-gig4-1.xx&_nc_gid=AoBFJeGrT1hVaew_6rchkQ&oh=00_AfX7QmFGhQhG2jAllVgXCiM1ZrWgvtp80-Bfppyexh1QEg&oe=689E923C","@id":"https:\/\/anoticiaonline.com.br\/site\/carreata-de-sao-cristovao-atrai-milhares-de-motoristas-de-muriae\/#organizationLogo"},"image":{"@id":"https:\/\/anoticiaonline.com.br\/site\/carreata-de-sao-cristovao-atrai-milhares-de-motoristas-de-muriae\/#organizationLogo"}},{"@type":"Person","@id":"https:\/\/anoticiaonline.com.br\/site\/author\/juliana\/#author","url":"https:\/\/anoticiaonline.com.br\/site\/author\/juliana\/","name":"Juliana Laviola","image":{"@type":"ImageObject","@id":"https:\/\/anoticiaonline.com.br\/site\/carreata-de-sao-cristovao-atrai-milhares-de-motoristas-de-muriae\/#authorImage","url":"https:\/\/secure.gravatar.com\/avatar\/b8d45f5c699b100dfaf0e543582f38f38bf94cb7ae3a5e9abf8d891a34773335?s=96&d=mm&r=g","width":96,"height":96,"caption":"Juliana Laviola"}},{"@type":"WebPage","@id":"https:\/\/anoticiaonline.com.br\/site\/carreata-de-sao-cristovao-atrai-milhares-de-motoristas-de-muriae\/#webpage","url":"https:\/\/anoticiaonline.com.br\/site\/carreata-de-sao-cristovao-atrai-milhares-de-motoristas-de-muriae\/","name":"Carreata de S\u00e3o Crist\u00f3v\u00e3o atrai milhares de motoristas de Muria\u00e9 - A Not\u00edcia Online","description":"Milhares de fi\u00e9is participaram da Festa de S\u00e3o Crist\u00f3v\u00e3o, promovida pela Par\u00f3quia Nossa Senhora Aparecida, localizada no Porto. Considerado padroeiro dos motoristas, viajantes e peregrinos, o santo, martirizado no s\u00e9culo III, tem seu dia comemorado em 25 de julho. Esse ano a empresa escolhida para ser a patrona da festa foi a JoanJoias, do empres\u00e1rio","inLanguage":"pt-BR","isPartOf":{"@id":"https:\/\/anoticiaonline.com.br\/site\/#website"},"breadcrumb":{"@id":"https:\/\/anoticiaonline.com.br\/site\/carreata-de-sao-cristovao-atrai-milhares-de-motoristas-de-muriae\/#breadcrumblist"},"author":{"@id":"https:\/\/anoticiaonline.com.br\/site\/author\/juliana\/#author"},"creator":{"@id":"https:\/\/anoticiaonline.com.br\/site\/author\/juliana\/#author"},"image":{"@type":"ImageObject","url":"https:\/\/anoticiaonline.com.br\/site\/wp-content\/uploads\/2017\/08\/DSC_0377.jpg","@id":"https:\/\/anoticiaonline.com.br\/site\/carreata-de-sao-cristovao-atrai-milhares-de-motoristas-de-muriae\/#mainImage","width":640,"height":427},"primaryImageOfPage":{"@id":"https:\/\/anoticiaonline.com.br\/site\/carreata-de-sao-cristovao-atrai-milhares-de-motoristas-de-muriae\/#mainImage"},"datePublished":"2017-08-03T20:58:58-03:00","dateModified":"2017-08-03T21:11:44-03:00"},{"@type":"WebSite","@id":"https:\/\/anoticiaonline.com.br\/site\/#website","url":"https:\/\/anoticiaonline.com.br\/site\/","name":"A Not\u00edcia Online","description":"Noticias de Muria\u00e9 e regi\u00e3o","inLanguage":"pt-BR","publisher":{"@id":"https:\/\/anoticiaonline.com.br\/site\/#organization"}}]},"og:locale":"pt_BR","og:site_name":"A Not\u00edcia Online - Noticias de Muria\u00e9 e regi\u00e3o","og:type":"article","og:title":"Carreata de S\u00e3o Crist\u00f3v\u00e3o atrai milhares de motoristas de Muria\u00e9 - A Not\u00edcia Online","og:description":"Milhares de fi\u00e9is participaram da Festa de S\u00e3o Crist\u00f3v\u00e3o, promovida pela Par\u00f3quia Nossa Senhora Aparecida, localizada no Porto. Considerado padroeiro dos motoristas, viajantes e peregrinos, o santo, martirizado no s\u00e9culo III, tem seu dia comemorado em 25 de julho. Esse ano a empresa escolhida para ser a patrona da festa foi a JoanJoias, do empres\u00e1rio","og:url":"https:\/\/anoticiaonline.com.br\/site\/carreata-de-sao-cristovao-atrai-milhares-de-motoristas-de-muriae\/","og:image":"https:\/\/scontent-gig4-1.xx.fbcdn.net\/v\/t39.30808-1\/270437624_4564083193639691_6907940295614233970_n.jpg?stp=dst-jpg_s200x200_tt6&#038;_nc_cat=111&#038;ccb=1-7&#038;_nc_sid=f907e8&#038;_nc_ohc=SM1wRlP3lJwQ7kNvwEPuBYA&#038;_nc_oc=AdnqrjDN_BNjSSHWO-GbkIWH6fkGMLw4bqvL_NH6e2wMveX7G-rP2dAqsDSq1mJMOaY&#038;_nc_zt=24&#038;_nc_ht=scontent-gig4-1.xx&#038;_nc_gid=AoBFJeGrT1hVaew_6rchkQ&#038;oh=00_AfX7QmFGhQhG2jAllVgXCiM1ZrWgvtp80-Bfppyexh1QEg&#038;oe=689E923C","og:image:secure_url":"https:\/\/scontent-gig4-1.xx.fbcdn.net\/v\/t39.30808-1\/270437624_4564083193639691_6907940295614233970_n.jpg?stp=dst-jpg_s200x200_tt6&#038;_nc_cat=111&#038;ccb=1-7&#038;_nc_sid=f907e8&#038;_nc_ohc=SM1wRlP3lJwQ7kNvwEPuBYA&#038;_nc_oc=AdnqrjDN_BNjSSHWO-GbkIWH6fkGMLw4bqvL_NH6e2wMveX7G-rP2dAqsDSq1mJMOaY&#038;_nc_zt=24&#038;_nc_ht=scontent-gig4-1.xx&#038;_nc_gid=AoBFJeGrT1hVaew_6rchkQ&#038;oh=00_AfX7QmFGhQhG2jAllVgXCiM1ZrWgvtp80-Bfppyexh1QEg&#038;oe=689E923C","article:published_time":"2017-08-03T23:58:58+00:00","article:modified_time":"2017-08-04T00:11:44+00:00","twitter:card":"summary_large_image","twitter:title":"Carreata de S\u00e3o Crist\u00f3v\u00e3o atrai milhares de motoristas de Muria\u00e9 - A Not\u00edcia Online","twitter:description":"Milhares de fi\u00e9is participaram da Festa de S\u00e3o Crist\u00f3v\u00e3o, promovida pela Par\u00f3quia Nossa Senhora Aparecida, localizada no Porto. Considerado padroeiro dos motoristas, viajantes e peregrinos, o santo, martirizado no s\u00e9culo III, tem seu dia comemorado em 25 de julho. Esse ano a empresa escolhida para ser a patrona da festa foi a JoanJoias, do empres\u00e1rio","twitter:image":"https:\/\/scontent-gig4-1.xx.fbcdn.net\/v\/t39.30808-1\/270437624_4564083193639691_6907940295614233970_n.jpg?stp=dst-jpg_s200x200_tt6&_nc_cat=111&ccb=1-7&_nc_sid=f907e8&_nc_ohc=SM1wRlP3lJwQ7kNvwEPuBYA&_nc_oc=AdnqrjDN_BNjSSHWO-GbkIWH6fkGMLw4bqvL_NH6e2wMveX7G-rP2dAqsDSq1mJMOaY&_nc_zt=24&_nc_ht=scontent-gig4-1.xx&_nc_gid=AoBFJeGrT1hVaew_6rchkQ&oh=00_AfX7QmFGhQhG2jAllVgXCiM1ZrWgvtp80-Bfppyexh1QEg&oe=689E923C"},"aioseo_meta_data":{"post_id":"36689","title":null,"description":null,"keywords":null,"keyphrases":null,"primary_term":null,"canonical_url":null,"og_title":null,"og_description":null,"og_object_type":"default","og_image_type":"default","og_image_url":null,"og_image_width":null,"og_image_height":null,"og_image_custom_url":null,"og_image_custom_fields":null,"og_video":null,"og_custom_url":null,"og_article_section":null,"og_article_tags":null,"twitter_use_og":false,"twitter_card":"default","twitter_image_type":"default","twitter_image_url":null,"twitter_image_custom_url":null,"twitter_image_custom_fields":null,"twitter_title":null,"twitter_description":null,"schema":{"blockGraphs":[],"customGraphs":[],"default":{"data":{"Article":[],"Course":[],"Dataset":[],"FAQPage":[],"Movie":[],"Person":[],"Product":[],"ProductReview":[],"Car":[],"Recipe":[],"Service":[],"SoftwareApplication":[],"WebPage":[]},"graphName":"","isEnabled":true},"graphs":[]},"schema_type":"default","schema_type_options":null,"pillar_content":false,"robots_default":true,"robots_noindex":false,"robots_noarchive":false,"robots_nosnippet":false,"robots_nofollow":false,"robots_noimageindex":false,"robots_noodp":false,"robots_notranslate":false,"robots_max_snippet":null,"robots_max_videopreview":null,"robots_max_imagepreview":"large","priority":null,"frequency":null,"local_seo":null,"breadcrumb_settings":null,"limit_modified_date":false,"ai":null,"created":"2025-08-16 19:03:32","updated":"2025-08-16 19:03:32","focus_keyword":null,"additional_keywords":null,"truseo_locale":null,"seo_analyzer_scan_date":null},"aioseo_breadcrumb":"<div class=\"aioseo-breadcrumbs\"><span class=\"aioseo-breadcrumb\">\n\t\t\t<a href=\"https:\/\/anoticiaonline.com.br\/site\" title=\"Home\">Home<\/a>\n\t\t<\/span><span class=\"aioseo-breadcrumb-separator\">&raquo;<\/span><span class=\"aioseo-breadcrumb\">\n\t\t\t<a href=\"https:\/\/anoticiaonline.com.br\/site\/categoria\/eventos\/\" title=\"Eventos\">Eventos<\/a>\n\t\t<\/span><span class=\"aioseo-breadcrumb-separator\">&raquo;<\/span><span class=\"aioseo-breadcrumb\">\n\t\t\tCarreata de S\u00e3o Crist\u00f3v\u00e3o atrai milhares de motoristas de Muria\u00e9\n\t\t<\/span><\/div>","aioseo_breadcrumb_json":[{"label":"Home","link":"https:\/\/anoticiaonline.com.br\/site"},{"label":"Eventos","link":"https:\/\/anoticiaonline.com.br\/site\/categoria\/eventos\/"},{"label":"Carreata de S\u00e3o Crist\u00f3v\u00e3o atrai milhares de motoristas de Muria\u00e9","link":"https:\/\/anoticiaonline.com.br\/site\/carreata-de-sao-cristovao-atrai-milhares-de-motoristas-de-muriae\/"}],"views":154,"_links":{"self":[{"href":"https:\/\/anoticiaonline.com.br\/site\/wp-json\/wp\/v2\/posts\/36689","targetHints":{"allow":["GET"]}}],"collection":[{"href":"https:\/\/anoticiaonline.com.br\/site\/wp-json\/wp\/v2\/posts"}],"about":[{"href":"https:\/\/anoticiaonline.com.br\/site\/wp-json\/wp\/v2\/types\/post"}],"author":[{"embeddable":true,"href":"https:\/\/anoticiaonline.com.br\/site\/wp-json\/wp\/v2\/users\/2"}],"replies":[{"embeddable":true,"href":"https:\/\/anoticiaonline.com.br\/site\/wp-json\/wp\/v2\/comments?post=36689"}],"version-history":[{"count":0,"href":"https:\/\/anoticiaonline.com.br\/site\/wp-json\/wp\/v2\/posts\/36689\/revisions"}],"wp:featuredmedia":[{"embeddable":true,"href":"https:\/\/anoticiaonline.com.br\/site\/wp-json\/wp\/v2\/media\/36692"}],"wp:attachment":[{"href":"https:\/\/anoticiaonline.com.br\/site\/wp-json\/wp\/v2\/media?parent=36689"}],"wp:term":[{"taxonomy":"category","embeddable":true,"href":"https:\/\/anoticiaonline.com.br\/site\/wp-json\/wp\/v2\/categories?post=36689"},{"taxonomy":"post_tag","embeddable":true,"href":"https:\/\/anoticiaonline.com.br\/site\/wp-json\/wp\/v2\/tags?post=36689"}],"curies":[{"name":"wp","href":"https:\/\/api.w.org\/{rel}","templated":true}]}}