{"id":36657,"date":"2017-07-29T14:58:47","date_gmt":"2017-07-29T17:58:47","guid":{"rendered":"http:\/\/anoticiaonline.com.br\/site\/?p=36657"},"modified":"2017-07-29T14:58:47","modified_gmt":"2017-07-29T17:58:47","slug":"acidente-deixa-cinco-feridos-na-br-116-neste-sabado","status":"publish","type":"post","link":"https:\/\/anoticiaonline.com.br\/site\/acidente-deixa-cinco-feridos-na-br-116-neste-sabado\/","title":{"rendered":"Acidente deixa cinco feridos na BR-116 neste s\u00e1bado"},"content":{"rendered":"<p>O acidente aconteceu na tarde deste s\u00e1bado, por volta das 13h50, onde o motorista do Ve\u00edculo Corsa Classic, placa de Juiz de Fora -MG, transitava pela BR-116, pr\u00f3ximo a Ford, quando o motorista teria perdido o controle da dire\u00e7\u00e3o na pista j\u00e1 molhada, pois chove fino nesta regi\u00e3o, e bateu contra um poste de energia \u00e0s margens da rodovia. As cinco pessoas que estavam no carro, incluindo duas crian\u00e7as sofreram aparentemente ferimentos leves e foram socorridas pelo Corpo de Bombeiros e SAMU e levadas para o Hospital S\u00e3o Paulo. A PRF esteve no local para as devidas provid\u00eancias.<\/p>\n<p><a href=\"https:\/\/anoticiaonline.com.br\/site\/wp-content\/uploads\/2017\/07\/043ef33e-2806-4d39-ac89-cef7fe2ee5cd-1-Copy.jpg\"><img fetchpriority=\"high\" decoding=\"async\" class=\"alignnone size-medium wp-image-36660\" src=\"https:\/\/anoticiaonline.com.br\/site\/wp-content\/uploads\/2017\/07\/043ef33e-2806-4d39-ac89-cef7fe2ee5cd-1-Copy-300x225.jpg\" alt=\"\" width=\"300\" height=\"225\" srcset=\"https:\/\/anoticiaonline.com.br\/site\/wp-content\/uploads\/2017\/07\/043ef33e-2806-4d39-ac89-cef7fe2ee5cd-1-Copy-300x225.jpg 300w, https:\/\/anoticiaonline.com.br\/site\/wp-content\/uploads\/2017\/07\/043ef33e-2806-4d39-ac89-cef7fe2ee5cd-1-Copy.jpg 640w\" sizes=\"(max-width: 300px) 100vw, 300px\" \/><\/a><a href=\"https:\/\/anoticiaonline.com.br\/site\/wp-content\/uploads\/2017\/07\/6c5dff3b-65ae-4a86-ac2b-2c0a1682ec02-Copy.jpg\"><img decoding=\"async\" class=\"alignnone size-medium wp-image-36659\" src=\"https:\/\/anoticiaonline.com.br\/site\/wp-content\/uploads\/2017\/07\/6c5dff3b-65ae-4a86-ac2b-2c0a1682ec02-Copy-300x225.jpg\" alt=\"\" width=\"300\" height=\"225\" srcset=\"https:\/\/anoticiaonline.com.br\/site\/wp-content\/uploads\/2017\/07\/6c5dff3b-65ae-4a86-ac2b-2c0a1682ec02-Copy-300x225.jpg 300w, https:\/\/anoticiaonline.com.br\/site\/wp-content\/uploads\/2017\/07\/6c5dff3b-65ae-4a86-ac2b-2c0a1682ec02-Copy.jpg 640w\" sizes=\"(max-width: 300px) 100vw, 300px\" \/><\/a><a href=\"https:\/\/anoticiaonline.com.br\/site\/wp-content\/uploads\/2017\/07\/3e7ae4d0-6c66-4e4c-b154-2c2148a0a2b9-Copy.jpg\"><img decoding=\"async\" class=\"alignnone size-medium wp-image-36658\" src=\"https:\/\/anoticiaonline.com.br\/site\/wp-content\/uploads\/2017\/07\/3e7ae4d0-6c66-4e4c-b154-2c2148a0a2b9-Copy-300x225.jpg\" alt=\"\" width=\"300\" height=\"225\" srcset=\"https:\/\/anoticiaonline.com.br\/site\/wp-content\/uploads\/2017\/07\/3e7ae4d0-6c66-4e4c-b154-2c2148a0a2b9-Copy-300x225.jpg 300w, https:\/\/anoticiaonline.com.br\/site\/wp-content\/uploads\/2017\/07\/3e7ae4d0-6c66-4e4c-b154-2c2148a0a2b9-Copy.jpg 640w\" sizes=\"(max-width: 300px) 100vw, 300px\" \/><\/a><\/p>\n","protected":false},"excerpt":{"rendered":"<p>O acidente aconteceu na tarde deste s\u00e1bado, por volta das 13h50, onde o motorista do Ve\u00edculo Corsa Classic, placa de Juiz de Fora -MG, transitava pela BR-116, pr\u00f3ximo a Ford, quando o motorista teria perdido o controle da dire\u00e7\u00e3o na pista j\u00e1 molhada, pois chove fino nesta regi\u00e3o, e bateu contra um poste de energia &#8230; <a title=\"Acidente deixa cinco feridos na BR-116 neste s\u00e1bado\" class=\"read-more\" href=\"https:\/\/anoticiaonline.com.br\/site\/acidente-deixa-cinco-feridos-na-br-116-neste-sabado\/\" aria-label=\"Read more about Acidente deixa cinco feridos na BR-116 neste s\u00e1bado\">Ler mais<\/a><\/p>\n","protected":false},"author":2,"featured_media":36660,"comment_status":"open","ping_status":"open","sticky":false,"template":"","format":"standard","meta":{"_acf_changed":false,"_monsterinsights_skip_tracking":false,"footnotes":""},"categories":[1],"tags":[739,740,3],"class_list":["post-36657","post","type-post","status-publish","format-standard","has-post-thumbnail","hentry","category-gerais","tag-cinco-feridos","tag-sabado","tag-slide"],"acf":[],"aioseo_notices":[],"aioseo_head":"\n\t\t<!-- All in One SEO 5.0.0.1 - aioseo.com -->\n\t<meta name=\"description\" content=\"O acidente aconteceu na tarde deste s\u00e1bado, por volta das 13h50, onde o motorista do Ve\u00edculo Corsa Classic, placa de Juiz de Fora -MG, transitava pela BR-116, pr\u00f3ximo a Ford, quando o motorista teria perdido o controle da dire\u00e7\u00e3o na pista j\u00e1 molhada, pois chove fino nesta regi\u00e3o, e bateu contra um poste de energia\" \/>\n\t<meta name=\"robots\" content=\"max-image-preview:large\" \/>\n\t<meta name=\"author\" content=\"Juliana Laviola\"\/>\n\t<link rel=\"canonical\" href=\"https:\/\/anoticiaonline.com.br\/site\/acidente-deixa-cinco-feridos-na-br-116-neste-sabado\/\" \/>\n\t<meta name=\"generator\" content=\"All in One SEO (AIOSEO) 5.0.0.1\" \/>\n\t\t<meta property=\"og:locale\" content=\"pt_BR\" \/>\n\t\t<meta property=\"og:site_name\" content=\"A Not\u00edcia Online - Noticias de Muria\u00e9 e regi\u00e3o\" \/>\n\t\t<meta property=\"og:type\" content=\"article\" \/>\n\t\t<meta property=\"og:title\" content=\"Acidente deixa cinco feridos na BR-116 neste s\u00e1bado - A Not\u00edcia Online\" \/>\n\t\t<meta property=\"og:description\" content=\"O acidente aconteceu na tarde deste s\u00e1bado, por volta das 13h50, onde o motorista do Ve\u00edculo Corsa Classic, placa de Juiz de Fora -MG, transitava pela BR-116, pr\u00f3ximo a Ford, quando o motorista teria perdido o controle da dire\u00e7\u00e3o na pista j\u00e1 molhada, pois chove fino nesta regi\u00e3o, e bateu contra um poste de energia\" \/>\n\t\t<meta property=\"og:url\" content=\"https:\/\/anoticiaonline.com.br\/site\/acidente-deixa-cinco-feridos-na-br-116-neste-sabado\/\" \/>\n\t\t<meta property=\"og:image\" content=\"https:\/\/scontent-gig4-1.xx.fbcdn.net\/v\/t39.30808-1\/270437624_4564083193639691_6907940295614233970_n.jpg?stp=dst-jpg_s200x200_tt6&#038;_nc_cat=111&#038;ccb=1-7&#038;_nc_sid=f907e8&#038;_nc_ohc=SM1wRlP3lJwQ7kNvwEPuBYA&#038;_nc_oc=AdnqrjDN_BNjSSHWO-GbkIWH6fkGMLw4bqvL_NH6e2wMveX7G-rP2dAqsDSq1mJMOaY&#038;_nc_zt=24&#038;_nc_ht=scontent-gig4-1.xx&#038;_nc_gid=AoBFJeGrT1hVaew_6rchkQ&#038;oh=00_AfX7QmFGhQhG2jAllVgXCiM1ZrWgvtp80-Bfppyexh1QEg&#038;oe=689E923C\" \/>\n\t\t<meta property=\"og:image:secure_url\" content=\"https:\/\/scontent-gig4-1.xx.fbcdn.net\/v\/t39.30808-1\/270437624_4564083193639691_6907940295614233970_n.jpg?stp=dst-jpg_s200x200_tt6&#038;_nc_cat=111&#038;ccb=1-7&#038;_nc_sid=f907e8&#038;_nc_ohc=SM1wRlP3lJwQ7kNvwEPuBYA&#038;_nc_oc=AdnqrjDN_BNjSSHWO-GbkIWH6fkGMLw4bqvL_NH6e2wMveX7G-rP2dAqsDSq1mJMOaY&#038;_nc_zt=24&#038;_nc_ht=scontent-gig4-1.xx&#038;_nc_gid=AoBFJeGrT1hVaew_6rchkQ&#038;oh=00_AfX7QmFGhQhG2jAllVgXCiM1ZrWgvtp80-Bfppyexh1QEg&#038;oe=689E923C\" \/>\n\t\t<meta property=\"article:published_time\" content=\"2017-07-29T17:58:47+00:00\" \/>\n\t\t<meta property=\"article:modified_time\" content=\"2017-07-29T17:58:47+00:00\" \/>\n\t\t<meta name=\"twitter:card\" content=\"summary_large_image\" \/>\n\t\t<meta name=\"twitter:title\" content=\"Acidente deixa cinco feridos na BR-116 neste s\u00e1bado - A Not\u00edcia Online\" \/>\n\t\t<meta name=\"twitter:description\" content=\"O acidente aconteceu na tarde deste s\u00e1bado, por volta das 13h50, onde o motorista do Ve\u00edculo Corsa Classic, placa de Juiz de Fora -MG, transitava pela BR-116, pr\u00f3ximo a Ford, quando o motorista teria perdido o controle da dire\u00e7\u00e3o na pista j\u00e1 molhada, pois chove fino nesta regi\u00e3o, e bateu contra um poste de energia\" \/>\n\t\t<meta name=\"twitter:image\" content=\"https:\/\/scontent-gig4-1.xx.fbcdn.net\/v\/t39.30808-1\/270437624_4564083193639691_6907940295614233970_n.jpg?stp=dst-jpg_s200x200_tt6&amp;_nc_cat=111&amp;ccb=1-7&amp;_nc_sid=f907e8&amp;_nc_ohc=SM1wRlP3lJwQ7kNvwEPuBYA&amp;_nc_oc=AdnqrjDN_BNjSSHWO-GbkIWH6fkGMLw4bqvL_NH6e2wMveX7G-rP2dAqsDSq1mJMOaY&amp;_nc_zt=24&amp;_nc_ht=scontent-gig4-1.xx&amp;_nc_gid=AoBFJeGrT1hVaew_6rchkQ&amp;oh=00_AfX7QmFGhQhG2jAllVgXCiM1ZrWgvtp80-Bfppyexh1QEg&amp;oe=689E923C\" \/>\n\t\t<script type=\"application\/ld+json\" class=\"aioseo-schema\">\n\t\t\t{\"@context\":\"https:\\\/\\\/schema.org\",\"@graph\":[{\"@type\":\"BlogPosting\",\"@id\":\"https:\\\/\\\/anoticiaonline.com.br\\\/site\\\/acidente-deixa-cinco-feridos-na-br-116-neste-sabado\\\/#blogposting\",\"name\":\"Acidente deixa cinco feridos na BR-116 neste s\\u00e1bado - A Not\\u00edcia Online\",\"headline\":\"Acidente deixa cinco feridos na BR-116 neste s\\u00e1bado\",\"author\":{\"@id\":\"https:\\\/\\\/anoticiaonline.com.br\\\/site\\\/author\\\/juliana\\\/#author\"},\"publisher\":{\"@id\":\"https:\\\/\\\/anoticiaonline.com.br\\\/site\\\/#organization\"},\"image\":{\"@type\":\"ImageObject\",\"url\":\"https:\\\/\\\/anoticiaonline.com.br\\\/site\\\/wp-content\\\/uploads\\\/2017\\\/07\\\/043ef33e-2806-4d39-ac89-cef7fe2ee5cd-1-Copy.jpg\",\"width\":640,\"height\":480},\"datePublished\":\"2017-07-29T14:58:47-03:00\",\"dateModified\":\"2017-07-29T14:58:47-03:00\",\"inLanguage\":\"pt-BR\",\"mainEntityOfPage\":{\"@id\":\"https:\\\/\\\/anoticiaonline.com.br\\\/site\\\/acidente-deixa-cinco-feridos-na-br-116-neste-sabado\\\/#webpage\"},\"isPartOf\":{\"@id\":\"https:\\\/\\\/anoticiaonline.com.br\\\/site\\\/acidente-deixa-cinco-feridos-na-br-116-neste-sabado\\\/#webpage\"},\"articleSection\":\"Gerais, cinco feridos, s\\u00e1bado, slide\"},{\"@type\":\"BreadcrumbList\",\"@id\":\"https:\\\/\\\/anoticiaonline.com.br\\\/site\\\/acidente-deixa-cinco-feridos-na-br-116-neste-sabado\\\/#breadcrumblist\",\"itemListElement\":[{\"@type\":\"ListItem\",\"@id\":\"https:\\\/\\\/anoticiaonline.com.br\\\/site#listItem\",\"position\":1,\"name\":\"Home\",\"item\":\"https:\\\/\\\/anoticiaonline.com.br\\\/site\",\"nextItem\":{\"@type\":\"ListItem\",\"@id\":\"https:\\\/\\\/anoticiaonline.com.br\\\/site\\\/categoria\\\/gerais\\\/#listItem\",\"name\":\"Gerais\"}},{\"@type\":\"ListItem\",\"@id\":\"https:\\\/\\\/anoticiaonline.com.br\\\/site\\\/categoria\\\/gerais\\\/#listItem\",\"position\":2,\"name\":\"Gerais\",\"item\":\"https:\\\/\\\/anoticiaonline.com.br\\\/site\\\/categoria\\\/gerais\\\/\",\"nextItem\":{\"@type\":\"ListItem\",\"@id\":\"https:\\\/\\\/anoticiaonline.com.br\\\/site\\\/acidente-deixa-cinco-feridos-na-br-116-neste-sabado\\\/#listItem\",\"name\":\"Acidente deixa cinco feridos na BR-116 neste s\\u00e1bado\"},\"previousItem\":{\"@type\":\"ListItem\",\"@id\":\"https:\\\/\\\/anoticiaonline.com.br\\\/site#listItem\",\"name\":\"Home\"}},{\"@type\":\"ListItem\",\"@id\":\"https:\\\/\\\/anoticiaonline.com.br\\\/site\\\/acidente-deixa-cinco-feridos-na-br-116-neste-sabado\\\/#listItem\",\"position\":3,\"name\":\"Acidente deixa cinco feridos na BR-116 neste s\\u00e1bado\",\"previousItem\":{\"@type\":\"ListItem\",\"@id\":\"https:\\\/\\\/anoticiaonline.com.br\\\/site\\\/categoria\\\/gerais\\\/#listItem\",\"name\":\"Gerais\"}}]},{\"@type\":\"Organization\",\"@id\":\"https:\\\/\\\/anoticiaonline.com.br\\\/site\\\/#organization\",\"name\":\"A Not\\u00edcia Online\",\"description\":\"Noticias de Muria\\u00e9 e regi\\u00e3o\",\"url\":\"https:\\\/\\\/anoticiaonline.com.br\\\/site\\\/\",\"logo\":{\"@type\":\"ImageObject\",\"url\":\"https:\\\/\\\/scontent-gig4-1.xx.fbcdn.net\\\/v\\\/t39.30808-1\\\/270437624_4564083193639691_6907940295614233970_n.jpg?stp=dst-jpg_s200x200_tt6&_nc_cat=111&ccb=1-7&_nc_sid=f907e8&_nc_ohc=SM1wRlP3lJwQ7kNvwEPuBYA&_nc_oc=AdnqrjDN_BNjSSHWO-GbkIWH6fkGMLw4bqvL_NH6e2wMveX7G-rP2dAqsDSq1mJMOaY&_nc_zt=24&_nc_ht=scontent-gig4-1.xx&_nc_gid=AoBFJeGrT1hVaew_6rchkQ&oh=00_AfX7QmFGhQhG2jAllVgXCiM1ZrWgvtp80-Bfppyexh1QEg&oe=689E923C\",\"@id\":\"https:\\\/\\\/anoticiaonline.com.br\\\/site\\\/acidente-deixa-cinco-feridos-na-br-116-neste-sabado\\\/#organizationLogo\"},\"image\":{\"@id\":\"https:\\\/\\\/anoticiaonline.com.br\\\/site\\\/acidente-deixa-cinco-feridos-na-br-116-neste-sabado\\\/#organizationLogo\"}},{\"@type\":\"Person\",\"@id\":\"https:\\\/\\\/anoticiaonline.com.br\\\/site\\\/author\\\/juliana\\\/#author\",\"url\":\"https:\\\/\\\/anoticiaonline.com.br\\\/site\\\/author\\\/juliana\\\/\",\"name\":\"Juliana Laviola\",\"image\":{\"@type\":\"ImageObject\",\"@id\":\"https:\\\/\\\/anoticiaonline.com.br\\\/site\\\/acidente-deixa-cinco-feridos-na-br-116-neste-sabado\\\/#authorImage\",\"url\":\"https:\\\/\\\/secure.gravatar.com\\\/avatar\\\/b8d45f5c699b100dfaf0e543582f38f38bf94cb7ae3a5e9abf8d891a34773335?s=96&d=mm&r=g\",\"width\":96,\"height\":96,\"caption\":\"Juliana Laviola\"}},{\"@type\":\"WebPage\",\"@id\":\"https:\\\/\\\/anoticiaonline.com.br\\\/site\\\/acidente-deixa-cinco-feridos-na-br-116-neste-sabado\\\/#webpage\",\"url\":\"https:\\\/\\\/anoticiaonline.com.br\\\/site\\\/acidente-deixa-cinco-feridos-na-br-116-neste-sabado\\\/\",\"name\":\"Acidente deixa cinco feridos na BR-116 neste s\\u00e1bado - A Not\\u00edcia Online\",\"description\":\"O acidente aconteceu na tarde deste s\\u00e1bado, por volta das 13h50, onde o motorista do Ve\\u00edculo Corsa Classic, placa de Juiz de Fora -MG, transitava pela BR-116, pr\\u00f3ximo a Ford, quando o motorista teria perdido o controle da dire\\u00e7\\u00e3o na pista j\\u00e1 molhada, pois chove fino nesta regi\\u00e3o, e bateu contra um poste de energia\",\"inLanguage\":\"pt-BR\",\"isPartOf\":{\"@id\":\"https:\\\/\\\/anoticiaonline.com.br\\\/site\\\/#website\"},\"breadcrumb\":{\"@id\":\"https:\\\/\\\/anoticiaonline.com.br\\\/site\\\/acidente-deixa-cinco-feridos-na-br-116-neste-sabado\\\/#breadcrumblist\"},\"author\":{\"@id\":\"https:\\\/\\\/anoticiaonline.com.br\\\/site\\\/author\\\/juliana\\\/#author\"},\"creator\":{\"@id\":\"https:\\\/\\\/anoticiaonline.com.br\\\/site\\\/author\\\/juliana\\\/#author\"},\"image\":{\"@type\":\"ImageObject\",\"url\":\"https:\\\/\\\/anoticiaonline.com.br\\\/site\\\/wp-content\\\/uploads\\\/2017\\\/07\\\/043ef33e-2806-4d39-ac89-cef7fe2ee5cd-1-Copy.jpg\",\"@id\":\"https:\\\/\\\/anoticiaonline.com.br\\\/site\\\/acidente-deixa-cinco-feridos-na-br-116-neste-sabado\\\/#mainImage\",\"width\":640,\"height\":480},\"primaryImageOfPage\":{\"@id\":\"https:\\\/\\\/anoticiaonline.com.br\\\/site\\\/acidente-deixa-cinco-feridos-na-br-116-neste-sabado\\\/#mainImage\"},\"datePublished\":\"2017-07-29T14:58:47-03:00\",\"dateModified\":\"2017-07-29T14:58:47-03:00\"},{\"@type\":\"WebSite\",\"@id\":\"https:\\\/\\\/anoticiaonline.com.br\\\/site\\\/#website\",\"url\":\"https:\\\/\\\/anoticiaonline.com.br\\\/site\\\/\",\"name\":\"A Not\\u00edcia Online\",\"description\":\"Noticias de Muria\\u00e9 e regi\\u00e3o\",\"inLanguage\":\"pt-BR\",\"publisher\":{\"@id\":\"https:\\\/\\\/anoticiaonline.com.br\\\/site\\\/#organization\"}}]}\n\t\t<\/script>\n\t\t<!-- All in One SEO -->\n\n","aioseo_head_json":{"title":"Acidente deixa cinco feridos na BR-116 neste s\u00e1bado - A Not\u00edcia Online","description":"O acidente aconteceu na tarde deste s\u00e1bado, por volta das 13h50, onde o motorista do Ve\u00edculo Corsa Classic, placa de Juiz de Fora -MG, transitava pela BR-116, pr\u00f3ximo a Ford, quando o motorista teria perdido o controle da dire\u00e7\u00e3o na pista j\u00e1 molhada, pois chove fino nesta regi\u00e3o, e bateu contra um poste de energia","canonical_url":"https:\/\/anoticiaonline.com.br\/site\/acidente-deixa-cinco-feridos-na-br-116-neste-sabado\/","robots":"max-image-preview:large","keywords":"","webmasterTools":{"miscellaneous":""},"schema":{"@context":"https:\/\/schema.org","@graph":[{"@type":"BlogPosting","@id":"https:\/\/anoticiaonline.com.br\/site\/acidente-deixa-cinco-feridos-na-br-116-neste-sabado\/#blogposting","name":"Acidente deixa cinco feridos na BR-116 neste s\u00e1bado - A Not\u00edcia Online","headline":"Acidente deixa cinco feridos na BR-116 neste s\u00e1bado","author":{"@id":"https:\/\/anoticiaonline.com.br\/site\/author\/juliana\/#author"},"publisher":{"@id":"https:\/\/anoticiaonline.com.br\/site\/#organization"},"image":{"@type":"ImageObject","url":"https:\/\/anoticiaonline.com.br\/site\/wp-content\/uploads\/2017\/07\/043ef33e-2806-4d39-ac89-cef7fe2ee5cd-1-Copy.jpg","width":640,"height":480},"datePublished":"2017-07-29T14:58:47-03:00","dateModified":"2017-07-29T14:58:47-03:00","inLanguage":"pt-BR","mainEntityOfPage":{"@id":"https:\/\/anoticiaonline.com.br\/site\/acidente-deixa-cinco-feridos-na-br-116-neste-sabado\/#webpage"},"isPartOf":{"@id":"https:\/\/anoticiaonline.com.br\/site\/acidente-deixa-cinco-feridos-na-br-116-neste-sabado\/#webpage"},"articleSection":"Gerais, cinco feridos, s\u00e1bado, slide"},{"@type":"BreadcrumbList","@id":"https:\/\/anoticiaonline.com.br\/site\/acidente-deixa-cinco-feridos-na-br-116-neste-sabado\/#breadcrumblist","itemListElement":[{"@type":"ListItem","@id":"https:\/\/anoticiaonline.com.br\/site#listItem","position":1,"name":"Home","item":"https:\/\/anoticiaonline.com.br\/site","nextItem":{"@type":"ListItem","@id":"https:\/\/anoticiaonline.com.br\/site\/categoria\/gerais\/#listItem","name":"Gerais"}},{"@type":"ListItem","@id":"https:\/\/anoticiaonline.com.br\/site\/categoria\/gerais\/#listItem","position":2,"name":"Gerais","item":"https:\/\/anoticiaonline.com.br\/site\/categoria\/gerais\/","nextItem":{"@type":"ListItem","@id":"https:\/\/anoticiaonline.com.br\/site\/acidente-deixa-cinco-feridos-na-br-116-neste-sabado\/#listItem","name":"Acidente deixa cinco feridos na BR-116 neste s\u00e1bado"},"previousItem":{"@type":"ListItem","@id":"https:\/\/anoticiaonline.com.br\/site#listItem","name":"Home"}},{"@type":"ListItem","@id":"https:\/\/anoticiaonline.com.br\/site\/acidente-deixa-cinco-feridos-na-br-116-neste-sabado\/#listItem","position":3,"name":"Acidente deixa cinco feridos na BR-116 neste s\u00e1bado","previousItem":{"@type":"ListItem","@id":"https:\/\/anoticiaonline.com.br\/site\/categoria\/gerais\/#listItem","name":"Gerais"}}]},{"@type":"Organization","@id":"https:\/\/anoticiaonline.com.br\/site\/#organization","name":"A Not\u00edcia Online","description":"Noticias de Muria\u00e9 e regi\u00e3o","url":"https:\/\/anoticiaonline.com.br\/site\/","logo":{"@type":"ImageObject","url":"https:\/\/scontent-gig4-1.xx.fbcdn.net\/v\/t39.30808-1\/270437624_4564083193639691_6907940295614233970_n.jpg?stp=dst-jpg_s200x200_tt6&_nc_cat=111&ccb=1-7&_nc_sid=f907e8&_nc_ohc=SM1wRlP3lJwQ7kNvwEPuBYA&_nc_oc=AdnqrjDN_BNjSSHWO-GbkIWH6fkGMLw4bqvL_NH6e2wMveX7G-rP2dAqsDSq1mJMOaY&_nc_zt=24&_nc_ht=scontent-gig4-1.xx&_nc_gid=AoBFJeGrT1hVaew_6rchkQ&oh=00_AfX7QmFGhQhG2jAllVgXCiM1ZrWgvtp80-Bfppyexh1QEg&oe=689E923C","@id":"https:\/\/anoticiaonline.com.br\/site\/acidente-deixa-cinco-feridos-na-br-116-neste-sabado\/#organizationLogo"},"image":{"@id":"https:\/\/anoticiaonline.com.br\/site\/acidente-deixa-cinco-feridos-na-br-116-neste-sabado\/#organizationLogo"}},{"@type":"Person","@id":"https:\/\/anoticiaonline.com.br\/site\/author\/juliana\/#author","url":"https:\/\/anoticiaonline.com.br\/site\/author\/juliana\/","name":"Juliana Laviola","image":{"@type":"ImageObject","@id":"https:\/\/anoticiaonline.com.br\/site\/acidente-deixa-cinco-feridos-na-br-116-neste-sabado\/#authorImage","url":"https:\/\/secure.gravatar.com\/avatar\/b8d45f5c699b100dfaf0e543582f38f38bf94cb7ae3a5e9abf8d891a34773335?s=96&d=mm&r=g","width":96,"height":96,"caption":"Juliana Laviola"}},{"@type":"WebPage","@id":"https:\/\/anoticiaonline.com.br\/site\/acidente-deixa-cinco-feridos-na-br-116-neste-sabado\/#webpage","url":"https:\/\/anoticiaonline.com.br\/site\/acidente-deixa-cinco-feridos-na-br-116-neste-sabado\/","name":"Acidente deixa cinco feridos na BR-116 neste s\u00e1bado - A Not\u00edcia Online","description":"O acidente aconteceu na tarde deste s\u00e1bado, por volta das 13h50, onde o motorista do Ve\u00edculo Corsa Classic, placa de Juiz de Fora -MG, transitava pela BR-116, pr\u00f3ximo a Ford, quando o motorista teria perdido o controle da dire\u00e7\u00e3o na pista j\u00e1 molhada, pois chove fino nesta regi\u00e3o, e bateu contra um poste de energia","inLanguage":"pt-BR","isPartOf":{"@id":"https:\/\/anoticiaonline.com.br\/site\/#website"},"breadcrumb":{"@id":"https:\/\/anoticiaonline.com.br\/site\/acidente-deixa-cinco-feridos-na-br-116-neste-sabado\/#breadcrumblist"},"author":{"@id":"https:\/\/anoticiaonline.com.br\/site\/author\/juliana\/#author"},"creator":{"@id":"https:\/\/anoticiaonline.com.br\/site\/author\/juliana\/#author"},"image":{"@type":"ImageObject","url":"https:\/\/anoticiaonline.com.br\/site\/wp-content\/uploads\/2017\/07\/043ef33e-2806-4d39-ac89-cef7fe2ee5cd-1-Copy.jpg","@id":"https:\/\/anoticiaonline.com.br\/site\/acidente-deixa-cinco-feridos-na-br-116-neste-sabado\/#mainImage","width":640,"height":480},"primaryImageOfPage":{"@id":"https:\/\/anoticiaonline.com.br\/site\/acidente-deixa-cinco-feridos-na-br-116-neste-sabado\/#mainImage"},"datePublished":"2017-07-29T14:58:47-03:00","dateModified":"2017-07-29T14:58:47-03:00"},{"@type":"WebSite","@id":"https:\/\/anoticiaonline.com.br\/site\/#website","url":"https:\/\/anoticiaonline.com.br\/site\/","name":"A Not\u00edcia Online","description":"Noticias de Muria\u00e9 e regi\u00e3o","inLanguage":"pt-BR","publisher":{"@id":"https:\/\/anoticiaonline.com.br\/site\/#organization"}}]},"og:locale":"pt_BR","og:site_name":"A Not\u00edcia Online - Noticias de Muria\u00e9 e regi\u00e3o","og:type":"article","og:title":"Acidente deixa cinco feridos na BR-116 neste s\u00e1bado - A Not\u00edcia Online","og:description":"O acidente aconteceu na tarde deste s\u00e1bado, por volta das 13h50, onde o motorista do Ve\u00edculo Corsa Classic, placa de Juiz de Fora -MG, transitava pela BR-116, pr\u00f3ximo a Ford, quando o motorista teria perdido o controle da dire\u00e7\u00e3o na pista j\u00e1 molhada, pois chove fino nesta regi\u00e3o, e bateu contra um poste de energia","og:url":"https:\/\/anoticiaonline.com.br\/site\/acidente-deixa-cinco-feridos-na-br-116-neste-sabado\/","og:image":"https:\/\/scontent-gig4-1.xx.fbcdn.net\/v\/t39.30808-1\/270437624_4564083193639691_6907940295614233970_n.jpg?stp=dst-jpg_s200x200_tt6&#038;_nc_cat=111&#038;ccb=1-7&#038;_nc_sid=f907e8&#038;_nc_ohc=SM1wRlP3lJwQ7kNvwEPuBYA&#038;_nc_oc=AdnqrjDN_BNjSSHWO-GbkIWH6fkGMLw4bqvL_NH6e2wMveX7G-rP2dAqsDSq1mJMOaY&#038;_nc_zt=24&#038;_nc_ht=scontent-gig4-1.xx&#038;_nc_gid=AoBFJeGrT1hVaew_6rchkQ&#038;oh=00_AfX7QmFGhQhG2jAllVgXCiM1ZrWgvtp80-Bfppyexh1QEg&#038;oe=689E923C","og:image:secure_url":"https:\/\/scontent-gig4-1.xx.fbcdn.net\/v\/t39.30808-1\/270437624_4564083193639691_6907940295614233970_n.jpg?stp=dst-jpg_s200x200_tt6&#038;_nc_cat=111&#038;ccb=1-7&#038;_nc_sid=f907e8&#038;_nc_ohc=SM1wRlP3lJwQ7kNvwEPuBYA&#038;_nc_oc=AdnqrjDN_BNjSSHWO-GbkIWH6fkGMLw4bqvL_NH6e2wMveX7G-rP2dAqsDSq1mJMOaY&#038;_nc_zt=24&#038;_nc_ht=scontent-gig4-1.xx&#038;_nc_gid=AoBFJeGrT1hVaew_6rchkQ&#038;oh=00_AfX7QmFGhQhG2jAllVgXCiM1ZrWgvtp80-Bfppyexh1QEg&#038;oe=689E923C","article:published_time":"2017-07-29T17:58:47+00:00","article:modified_time":"2017-07-29T17:58:47+00:00","twitter:card":"summary_large_image","twitter:title":"Acidente deixa cinco feridos na BR-116 neste s\u00e1bado - A Not\u00edcia Online","twitter:description":"O acidente aconteceu na tarde deste s\u00e1bado, por volta das 13h50, onde o motorista do Ve\u00edculo Corsa Classic, placa de Juiz de Fora -MG, transitava pela BR-116, pr\u00f3ximo a Ford, quando o motorista teria perdido o controle da dire\u00e7\u00e3o na pista j\u00e1 molhada, pois chove fino nesta regi\u00e3o, e bateu contra um poste de energia","twitter:image":"https:\/\/scontent-gig4-1.xx.fbcdn.net\/v\/t39.30808-1\/270437624_4564083193639691_6907940295614233970_n.jpg?stp=dst-jpg_s200x200_tt6&_nc_cat=111&ccb=1-7&_nc_sid=f907e8&_nc_ohc=SM1wRlP3lJwQ7kNvwEPuBYA&_nc_oc=AdnqrjDN_BNjSSHWO-GbkIWH6fkGMLw4bqvL_NH6e2wMveX7G-rP2dAqsDSq1mJMOaY&_nc_zt=24&_nc_ht=scontent-gig4-1.xx&_nc_gid=AoBFJeGrT1hVaew_6rchkQ&oh=00_AfX7QmFGhQhG2jAllVgXCiM1ZrWgvtp80-Bfppyexh1QEg&oe=689E923C"},"aioseo_meta_data":{"post_id":"36657","title":null,"description":null,"keywords":null,"keyphrases":null,"primary_term":null,"canonical_url":null,"og_title":null,"og_description":null,"og_object_type":"default","og_image_type":"default","og_image_url":null,"og_image_width":null,"og_image_height":null,"og_image_custom_url":null,"og_image_custom_fields":null,"og_video":null,"og_custom_url":null,"og_article_section":null,"og_article_tags":null,"twitter_use_og":false,"twitter_card":"default","twitter_image_type":"default","twitter_image_url":null,"twitter_image_custom_url":null,"twitter_image_custom_fields":null,"twitter_title":null,"twitter_description":null,"schema":{"blockGraphs":[],"customGraphs":[],"default":{"data":{"Article":[],"Course":[],"Dataset":[],"FAQPage":[],"Movie":[],"Person":[],"Product":[],"ProductReview":[],"Car":[],"Recipe":[],"Service":[],"SoftwareApplication":[],"WebPage":[]},"graphName":"","isEnabled":true},"graphs":[]},"schema_type":"default","schema_type_options":null,"pillar_content":false,"robots_default":true,"robots_noindex":false,"robots_noarchive":false,"robots_nosnippet":false,"robots_nofollow":false,"robots_noimageindex":false,"robots_noodp":false,"robots_notranslate":false,"robots_max_snippet":null,"robots_max_videopreview":null,"robots_max_imagepreview":"large","priority":null,"frequency":null,"local_seo":null,"breadcrumb_settings":null,"limit_modified_date":false,"ai":null,"created":"2025-08-16 19:00:45","updated":"2025-08-16 19:00:45","focus_keyword":null,"additional_keywords":null,"truseo_locale":null,"seo_analyzer_scan_date":null},"aioseo_breadcrumb":"<div class=\"aioseo-breadcrumbs\"><span class=\"aioseo-breadcrumb\">\n\t\t\t<a href=\"https:\/\/anoticiaonline.com.br\/site\" title=\"Home\">Home<\/a>\n\t\t<\/span><span class=\"aioseo-breadcrumb-separator\">&raquo;<\/span><span class=\"aioseo-breadcrumb\">\n\t\t\t<a href=\"https:\/\/anoticiaonline.com.br\/site\/categoria\/gerais\/\" title=\"Gerais\">Gerais<\/a>\n\t\t<\/span><span class=\"aioseo-breadcrumb-separator\">&raquo;<\/span><span class=\"aioseo-breadcrumb\">\n\t\t\tAcidente deixa cinco feridos na BR-116 neste s\u00e1bado\n\t\t<\/span><\/div>","aioseo_breadcrumb_json":[{"label":"Home","link":"https:\/\/anoticiaonline.com.br\/site"},{"label":"Gerais","link":"https:\/\/anoticiaonline.com.br\/site\/categoria\/gerais\/"},{"label":"Acidente deixa cinco feridos na BR-116 neste s\u00e1bado","link":"https:\/\/anoticiaonline.com.br\/site\/acidente-deixa-cinco-feridos-na-br-116-neste-sabado\/"}],"views":149,"_links":{"self":[{"href":"https:\/\/anoticiaonline.com.br\/site\/wp-json\/wp\/v2\/posts\/36657","targetHints":{"allow":["GET"]}}],"collection":[{"href":"https:\/\/anoticiaonline.com.br\/site\/wp-json\/wp\/v2\/posts"}],"about":[{"href":"https:\/\/anoticiaonline.com.br\/site\/wp-json\/wp\/v2\/types\/post"}],"author":[{"embeddable":true,"href":"https:\/\/anoticiaonline.com.br\/site\/wp-json\/wp\/v2\/users\/2"}],"replies":[{"embeddable":true,"href":"https:\/\/anoticiaonline.com.br\/site\/wp-json\/wp\/v2\/comments?post=36657"}],"version-history":[{"count":0,"href":"https:\/\/anoticiaonline.com.br\/site\/wp-json\/wp\/v2\/posts\/36657\/revisions"}],"wp:featuredmedia":[{"embeddable":true,"href":"https:\/\/anoticiaonline.com.br\/site\/wp-json\/wp\/v2\/media\/36660"}],"wp:attachment":[{"href":"https:\/\/anoticiaonline.com.br\/site\/wp-json\/wp\/v2\/media?parent=36657"}],"wp:term":[{"taxonomy":"category","embeddable":true,"href":"https:\/\/anoticiaonline.com.br\/site\/wp-json\/wp\/v2\/categories?post=36657"},{"taxonomy":"post_tag","embeddable":true,"href":"https:\/\/anoticiaonline.com.br\/site\/wp-json\/wp\/v2\/tags?post=36657"}],"curies":[{"name":"wp","href":"https:\/\/api.w.org\/{rel}","templated":true}]}}