{"id":36645,"date":"2017-07-28T11:21:16","date_gmt":"2017-07-28T14:21:16","guid":{"rendered":"http:\/\/anoticiaonline.com.br\/site\/?p=36645"},"modified":"2017-07-28T11:21:16","modified_gmt":"2017-07-28T14:21:16","slug":"tiroteio-assusta-moradores-do-primavera","status":"publish","type":"post","link":"https:\/\/anoticiaonline.com.br\/site\/tiroteio-assusta-moradores-do-primavera\/","title":{"rendered":"Tiroteio assusta moradores do Primavera"},"content":{"rendered":"<p><a href=\"https:\/\/anoticiaonline.com.br\/site\/wp-content\/uploads\/2017\/07\/Tiros-assustam-moradores-do-bairro-Primavera-uma-pessoa-fica-ferida.jpg\"><img fetchpriority=\"high\" decoding=\"async\" class=\"size-medium wp-image-36646 alignleft\" src=\"https:\/\/anoticiaonline.com.br\/site\/wp-content\/uploads\/2017\/07\/Tiros-assustam-moradores-do-bairro-Primavera-uma-pessoa-fica-ferida-300x225.jpg\" alt=\"\" width=\"300\" height=\"225\" srcset=\"https:\/\/anoticiaonline.com.br\/site\/wp-content\/uploads\/2017\/07\/Tiros-assustam-moradores-do-bairro-Primavera-uma-pessoa-fica-ferida-300x225.jpg 300w, https:\/\/anoticiaonline.com.br\/site\/wp-content\/uploads\/2017\/07\/Tiros-assustam-moradores-do-bairro-Primavera-uma-pessoa-fica-ferida.jpg 620w\" sizes=\"(max-width: 300px) 100vw, 300px\" \/><\/a>A semana come\u00e7ou agitada no bairro Primavera. Na tarde de segunda-feira (24), a Pol\u00edcia Militar foi acionada por volta das 15h20min com informa\u00e7\u00f5es de que um tiroteio estava acontecendo na Alameda Pau Brasil e um homem havia ficado ferido.<\/p>\n<p>No local, foi encontrado um ve\u00edculo P\u00e1lio com dezenas de perfura\u00e7\u00f5es feitas pelos tiros, sem v\u00edtimas em seu interior. De acordo com populares, os tiros partiram de um ve\u00edculo cor prata. A per\u00edcia compareceu ao local e recolheu diversas c\u00e1psulas de pistolas 38 e 9mm.<\/p>\n<p>Cr\u00e9dito: www.silvanalves.com.br<\/p>\n","protected":false},"excerpt":{"rendered":"<p>A semana come\u00e7ou agitada no bairro Primavera. Na tarde de segunda-feira (24), a Pol\u00edcia Militar foi acionada por volta das 15h20min com informa\u00e7\u00f5es de que um tiroteio estava acontecendo na Alameda Pau Brasil e um homem havia ficado ferido. No local, foi encontrado um ve\u00edculo P\u00e1lio com dezenas de perfura\u00e7\u00f5es feitas pelos tiros, sem v\u00edtimas &#8230; <a title=\"Tiroteio assusta moradores do Primavera\" class=\"read-more\" href=\"https:\/\/anoticiaonline.com.br\/site\/tiroteio-assusta-moradores-do-primavera\/\" aria-label=\"Read more about Tiroteio assusta moradores do Primavera\">Ler mais<\/a><\/p>\n","protected":false},"author":2,"featured_media":36646,"comment_status":"open","ping_status":"open","sticky":false,"template":"","format":"standard","meta":{"_acf_changed":false,"_monsterinsights_skip_tracking":false,"footnotes":""},"categories":[30],"tags":[74,3,416],"class_list":["post-36645","post","type-post","status-publish","format-standard","has-post-thumbnail","hentry","category-muriae","tag-muriae","tag-slide","tag-violencia"],"acf":[],"aioseo_notices":[],"aioseo_head":"\n\t\t<!-- All in One SEO 5.0.0.1 - aioseo.com -->\n\t<meta name=\"description\" content=\"A semana come\u00e7ou agitada no bairro Primavera. Na tarde de segunda-feira (24), a Pol\u00edcia Militar foi acionada por volta das 15h20min com informa\u00e7\u00f5es de que um tiroteio estava acontecendo na Alameda Pau Brasil e um homem havia ficado ferido. No local, foi encontrado um ve\u00edculo P\u00e1lio com dezenas de perfura\u00e7\u00f5es feitas pelos tiros, sem v\u00edtimas\" \/>\n\t<meta name=\"robots\" content=\"max-image-preview:large\" \/>\n\t<meta name=\"author\" content=\"Juliana Laviola\"\/>\n\t<link rel=\"canonical\" href=\"https:\/\/anoticiaonline.com.br\/site\/tiroteio-assusta-moradores-do-primavera\/\" \/>\n\t<meta name=\"generator\" content=\"All in One SEO (AIOSEO) 5.0.0.1\" \/>\n\t\t<meta property=\"og:locale\" content=\"pt_BR\" \/>\n\t\t<meta property=\"og:site_name\" content=\"A Not\u00edcia Online - Noticias de Muria\u00e9 e regi\u00e3o\" \/>\n\t\t<meta property=\"og:type\" content=\"article\" \/>\n\t\t<meta property=\"og:title\" content=\"Tiroteio assusta moradores do Primavera - A Not\u00edcia Online\" \/>\n\t\t<meta property=\"og:description\" content=\"A semana come\u00e7ou agitada no bairro Primavera. Na tarde de segunda-feira (24), a Pol\u00edcia Militar foi acionada por volta das 15h20min com informa\u00e7\u00f5es de que um tiroteio estava acontecendo na Alameda Pau Brasil e um homem havia ficado ferido. No local, foi encontrado um ve\u00edculo P\u00e1lio com dezenas de perfura\u00e7\u00f5es feitas pelos tiros, sem v\u00edtimas\" \/>\n\t\t<meta property=\"og:url\" content=\"https:\/\/anoticiaonline.com.br\/site\/tiroteio-assusta-moradores-do-primavera\/\" \/>\n\t\t<meta property=\"og:image\" content=\"https:\/\/scontent-gig4-1.xx.fbcdn.net\/v\/t39.30808-1\/270437624_4564083193639691_6907940295614233970_n.jpg?stp=dst-jpg_s200x200_tt6&#038;_nc_cat=111&#038;ccb=1-7&#038;_nc_sid=f907e8&#038;_nc_ohc=SM1wRlP3lJwQ7kNvwEPuBYA&#038;_nc_oc=AdnqrjDN_BNjSSHWO-GbkIWH6fkGMLw4bqvL_NH6e2wMveX7G-rP2dAqsDSq1mJMOaY&#038;_nc_zt=24&#038;_nc_ht=scontent-gig4-1.xx&#038;_nc_gid=AoBFJeGrT1hVaew_6rchkQ&#038;oh=00_AfX7QmFGhQhG2jAllVgXCiM1ZrWgvtp80-Bfppyexh1QEg&#038;oe=689E923C\" \/>\n\t\t<meta property=\"og:image:secure_url\" content=\"https:\/\/scontent-gig4-1.xx.fbcdn.net\/v\/t39.30808-1\/270437624_4564083193639691_6907940295614233970_n.jpg?stp=dst-jpg_s200x200_tt6&#038;_nc_cat=111&#038;ccb=1-7&#038;_nc_sid=f907e8&#038;_nc_ohc=SM1wRlP3lJwQ7kNvwEPuBYA&#038;_nc_oc=AdnqrjDN_BNjSSHWO-GbkIWH6fkGMLw4bqvL_NH6e2wMveX7G-rP2dAqsDSq1mJMOaY&#038;_nc_zt=24&#038;_nc_ht=scontent-gig4-1.xx&#038;_nc_gid=AoBFJeGrT1hVaew_6rchkQ&#038;oh=00_AfX7QmFGhQhG2jAllVgXCiM1ZrWgvtp80-Bfppyexh1QEg&#038;oe=689E923C\" \/>\n\t\t<meta property=\"article:published_time\" content=\"2017-07-28T14:21:16+00:00\" \/>\n\t\t<meta property=\"article:modified_time\" content=\"2017-07-28T14:21:16+00:00\" \/>\n\t\t<meta name=\"twitter:card\" content=\"summary_large_image\" \/>\n\t\t<meta name=\"twitter:title\" content=\"Tiroteio assusta moradores do Primavera - A Not\u00edcia Online\" \/>\n\t\t<meta name=\"twitter:description\" content=\"A semana come\u00e7ou agitada no bairro Primavera. Na tarde de segunda-feira (24), a Pol\u00edcia Militar foi acionada por volta das 15h20min com informa\u00e7\u00f5es de que um tiroteio estava acontecendo na Alameda Pau Brasil e um homem havia ficado ferido. No local, foi encontrado um ve\u00edculo P\u00e1lio com dezenas de perfura\u00e7\u00f5es feitas pelos tiros, sem v\u00edtimas\" \/>\n\t\t<meta name=\"twitter:image\" content=\"https:\/\/scontent-gig4-1.xx.fbcdn.net\/v\/t39.30808-1\/270437624_4564083193639691_6907940295614233970_n.jpg?stp=dst-jpg_s200x200_tt6&amp;_nc_cat=111&amp;ccb=1-7&amp;_nc_sid=f907e8&amp;_nc_ohc=SM1wRlP3lJwQ7kNvwEPuBYA&amp;_nc_oc=AdnqrjDN_BNjSSHWO-GbkIWH6fkGMLw4bqvL_NH6e2wMveX7G-rP2dAqsDSq1mJMOaY&amp;_nc_zt=24&amp;_nc_ht=scontent-gig4-1.xx&amp;_nc_gid=AoBFJeGrT1hVaew_6rchkQ&amp;oh=00_AfX7QmFGhQhG2jAllVgXCiM1ZrWgvtp80-Bfppyexh1QEg&amp;oe=689E923C\" \/>\n\t\t<script type=\"application\/ld+json\" class=\"aioseo-schema\">\n\t\t\t{\"@context\":\"https:\\\/\\\/schema.org\",\"@graph\":[{\"@type\":\"BlogPosting\",\"@id\":\"https:\\\/\\\/anoticiaonline.com.br\\\/site\\\/tiroteio-assusta-moradores-do-primavera\\\/#blogposting\",\"name\":\"Tiroteio assusta moradores do Primavera - A Not\\u00edcia Online\",\"headline\":\"Tiroteio assusta moradores do Primavera\",\"author\":{\"@id\":\"https:\\\/\\\/anoticiaonline.com.br\\\/site\\\/author\\\/juliana\\\/#author\"},\"publisher\":{\"@id\":\"https:\\\/\\\/anoticiaonline.com.br\\\/site\\\/#organization\"},\"image\":{\"@type\":\"ImageObject\",\"url\":\"https:\\\/\\\/anoticiaonline.com.br\\\/site\\\/wp-content\\\/uploads\\\/2017\\\/07\\\/Tiros-assustam-moradores-do-bairro-Primavera-uma-pessoa-fica-ferida.jpg\",\"width\":620,\"height\":465},\"datePublished\":\"2017-07-28T11:21:16-03:00\",\"dateModified\":\"2017-07-28T11:21:16-03:00\",\"inLanguage\":\"pt-BR\",\"mainEntityOfPage\":{\"@id\":\"https:\\\/\\\/anoticiaonline.com.br\\\/site\\\/tiroteio-assusta-moradores-do-primavera\\\/#webpage\"},\"isPartOf\":{\"@id\":\"https:\\\/\\\/anoticiaonline.com.br\\\/site\\\/tiroteio-assusta-moradores-do-primavera\\\/#webpage\"},\"articleSection\":\"Blog, Muria\\u00e9, slide, viol\\u00eancia\"},{\"@type\":\"BreadcrumbList\",\"@id\":\"https:\\\/\\\/anoticiaonline.com.br\\\/site\\\/tiroteio-assusta-moradores-do-primavera\\\/#breadcrumblist\",\"itemListElement\":[{\"@type\":\"ListItem\",\"@id\":\"https:\\\/\\\/anoticiaonline.com.br\\\/site#listItem\",\"position\":1,\"name\":\"Home\",\"item\":\"https:\\\/\\\/anoticiaonline.com.br\\\/site\",\"nextItem\":{\"@type\":\"ListItem\",\"@id\":\"https:\\\/\\\/anoticiaonline.com.br\\\/site\\\/categoria\\\/muriae\\\/#listItem\",\"name\":\"Blog\"}},{\"@type\":\"ListItem\",\"@id\":\"https:\\\/\\\/anoticiaonline.com.br\\\/site\\\/categoria\\\/muriae\\\/#listItem\",\"position\":2,\"name\":\"Blog\",\"item\":\"https:\\\/\\\/anoticiaonline.com.br\\\/site\\\/categoria\\\/muriae\\\/\",\"nextItem\":{\"@type\":\"ListItem\",\"@id\":\"https:\\\/\\\/anoticiaonline.com.br\\\/site\\\/tiroteio-assusta-moradores-do-primavera\\\/#listItem\",\"name\":\"Tiroteio assusta moradores do Primavera\"},\"previousItem\":{\"@type\":\"ListItem\",\"@id\":\"https:\\\/\\\/anoticiaonline.com.br\\\/site#listItem\",\"name\":\"Home\"}},{\"@type\":\"ListItem\",\"@id\":\"https:\\\/\\\/anoticiaonline.com.br\\\/site\\\/tiroteio-assusta-moradores-do-primavera\\\/#listItem\",\"position\":3,\"name\":\"Tiroteio assusta moradores do Primavera\",\"previousItem\":{\"@type\":\"ListItem\",\"@id\":\"https:\\\/\\\/anoticiaonline.com.br\\\/site\\\/categoria\\\/muriae\\\/#listItem\",\"name\":\"Blog\"}}]},{\"@type\":\"Organization\",\"@id\":\"https:\\\/\\\/anoticiaonline.com.br\\\/site\\\/#organization\",\"name\":\"A Not\\u00edcia Online\",\"description\":\"Noticias de Muria\\u00e9 e regi\\u00e3o\",\"url\":\"https:\\\/\\\/anoticiaonline.com.br\\\/site\\\/\",\"logo\":{\"@type\":\"ImageObject\",\"url\":\"https:\\\/\\\/scontent-gig4-1.xx.fbcdn.net\\\/v\\\/t39.30808-1\\\/270437624_4564083193639691_6907940295614233970_n.jpg?stp=dst-jpg_s200x200_tt6&_nc_cat=111&ccb=1-7&_nc_sid=f907e8&_nc_ohc=SM1wRlP3lJwQ7kNvwEPuBYA&_nc_oc=AdnqrjDN_BNjSSHWO-GbkIWH6fkGMLw4bqvL_NH6e2wMveX7G-rP2dAqsDSq1mJMOaY&_nc_zt=24&_nc_ht=scontent-gig4-1.xx&_nc_gid=AoBFJeGrT1hVaew_6rchkQ&oh=00_AfX7QmFGhQhG2jAllVgXCiM1ZrWgvtp80-Bfppyexh1QEg&oe=689E923C\",\"@id\":\"https:\\\/\\\/anoticiaonline.com.br\\\/site\\\/tiroteio-assusta-moradores-do-primavera\\\/#organizationLogo\"},\"image\":{\"@id\":\"https:\\\/\\\/anoticiaonline.com.br\\\/site\\\/tiroteio-assusta-moradores-do-primavera\\\/#organizationLogo\"}},{\"@type\":\"Person\",\"@id\":\"https:\\\/\\\/anoticiaonline.com.br\\\/site\\\/author\\\/juliana\\\/#author\",\"url\":\"https:\\\/\\\/anoticiaonline.com.br\\\/site\\\/author\\\/juliana\\\/\",\"name\":\"Juliana Laviola\",\"image\":{\"@type\":\"ImageObject\",\"@id\":\"https:\\\/\\\/anoticiaonline.com.br\\\/site\\\/tiroteio-assusta-moradores-do-primavera\\\/#authorImage\",\"url\":\"https:\\\/\\\/secure.gravatar.com\\\/avatar\\\/b8d45f5c699b100dfaf0e543582f38f38bf94cb7ae3a5e9abf8d891a34773335?s=96&d=mm&r=g\",\"width\":96,\"height\":96,\"caption\":\"Juliana Laviola\"}},{\"@type\":\"WebPage\",\"@id\":\"https:\\\/\\\/anoticiaonline.com.br\\\/site\\\/tiroteio-assusta-moradores-do-primavera\\\/#webpage\",\"url\":\"https:\\\/\\\/anoticiaonline.com.br\\\/site\\\/tiroteio-assusta-moradores-do-primavera\\\/\",\"name\":\"Tiroteio assusta moradores do Primavera - A Not\\u00edcia Online\",\"description\":\"A semana come\\u00e7ou agitada no bairro Primavera. Na tarde de segunda-feira (24), a Pol\\u00edcia Militar foi acionada por volta das 15h20min com informa\\u00e7\\u00f5es de que um tiroteio estava acontecendo na Alameda Pau Brasil e um homem havia ficado ferido. No local, foi encontrado um ve\\u00edculo P\\u00e1lio com dezenas de perfura\\u00e7\\u00f5es feitas pelos tiros, sem v\\u00edtimas\",\"inLanguage\":\"pt-BR\",\"isPartOf\":{\"@id\":\"https:\\\/\\\/anoticiaonline.com.br\\\/site\\\/#website\"},\"breadcrumb\":{\"@id\":\"https:\\\/\\\/anoticiaonline.com.br\\\/site\\\/tiroteio-assusta-moradores-do-primavera\\\/#breadcrumblist\"},\"author\":{\"@id\":\"https:\\\/\\\/anoticiaonline.com.br\\\/site\\\/author\\\/juliana\\\/#author\"},\"creator\":{\"@id\":\"https:\\\/\\\/anoticiaonline.com.br\\\/site\\\/author\\\/juliana\\\/#author\"},\"image\":{\"@type\":\"ImageObject\",\"url\":\"https:\\\/\\\/anoticiaonline.com.br\\\/site\\\/wp-content\\\/uploads\\\/2017\\\/07\\\/Tiros-assustam-moradores-do-bairro-Primavera-uma-pessoa-fica-ferida.jpg\",\"@id\":\"https:\\\/\\\/anoticiaonline.com.br\\\/site\\\/tiroteio-assusta-moradores-do-primavera\\\/#mainImage\",\"width\":620,\"height\":465},\"primaryImageOfPage\":{\"@id\":\"https:\\\/\\\/anoticiaonline.com.br\\\/site\\\/tiroteio-assusta-moradores-do-primavera\\\/#mainImage\"},\"datePublished\":\"2017-07-28T11:21:16-03:00\",\"dateModified\":\"2017-07-28T11:21:16-03:00\"},{\"@type\":\"WebSite\",\"@id\":\"https:\\\/\\\/anoticiaonline.com.br\\\/site\\\/#website\",\"url\":\"https:\\\/\\\/anoticiaonline.com.br\\\/site\\\/\",\"name\":\"A Not\\u00edcia Online\",\"description\":\"Noticias de Muria\\u00e9 e regi\\u00e3o\",\"inLanguage\":\"pt-BR\",\"publisher\":{\"@id\":\"https:\\\/\\\/anoticiaonline.com.br\\\/site\\\/#organization\"}}]}\n\t\t<\/script>\n\t\t<!-- All in One SEO -->\n\n","aioseo_head_json":{"title":"Tiroteio assusta moradores do Primavera - A Not\u00edcia Online","description":"A semana come\u00e7ou agitada no bairro Primavera. Na tarde de segunda-feira (24), a Pol\u00edcia Militar foi acionada por volta das 15h20min com informa\u00e7\u00f5es de que um tiroteio estava acontecendo na Alameda Pau Brasil e um homem havia ficado ferido. No local, foi encontrado um ve\u00edculo P\u00e1lio com dezenas de perfura\u00e7\u00f5es feitas pelos tiros, sem v\u00edtimas","canonical_url":"https:\/\/anoticiaonline.com.br\/site\/tiroteio-assusta-moradores-do-primavera\/","robots":"max-image-preview:large","keywords":"","webmasterTools":{"miscellaneous":""},"schema":{"@context":"https:\/\/schema.org","@graph":[{"@type":"BlogPosting","@id":"https:\/\/anoticiaonline.com.br\/site\/tiroteio-assusta-moradores-do-primavera\/#blogposting","name":"Tiroteio assusta moradores do Primavera - A Not\u00edcia Online","headline":"Tiroteio assusta moradores do Primavera","author":{"@id":"https:\/\/anoticiaonline.com.br\/site\/author\/juliana\/#author"},"publisher":{"@id":"https:\/\/anoticiaonline.com.br\/site\/#organization"},"image":{"@type":"ImageObject","url":"https:\/\/anoticiaonline.com.br\/site\/wp-content\/uploads\/2017\/07\/Tiros-assustam-moradores-do-bairro-Primavera-uma-pessoa-fica-ferida.jpg","width":620,"height":465},"datePublished":"2017-07-28T11:21:16-03:00","dateModified":"2017-07-28T11:21:16-03:00","inLanguage":"pt-BR","mainEntityOfPage":{"@id":"https:\/\/anoticiaonline.com.br\/site\/tiroteio-assusta-moradores-do-primavera\/#webpage"},"isPartOf":{"@id":"https:\/\/anoticiaonline.com.br\/site\/tiroteio-assusta-moradores-do-primavera\/#webpage"},"articleSection":"Blog, Muria\u00e9, slide, viol\u00eancia"},{"@type":"BreadcrumbList","@id":"https:\/\/anoticiaonline.com.br\/site\/tiroteio-assusta-moradores-do-primavera\/#breadcrumblist","itemListElement":[{"@type":"ListItem","@id":"https:\/\/anoticiaonline.com.br\/site#listItem","position":1,"name":"Home","item":"https:\/\/anoticiaonline.com.br\/site","nextItem":{"@type":"ListItem","@id":"https:\/\/anoticiaonline.com.br\/site\/categoria\/muriae\/#listItem","name":"Blog"}},{"@type":"ListItem","@id":"https:\/\/anoticiaonline.com.br\/site\/categoria\/muriae\/#listItem","position":2,"name":"Blog","item":"https:\/\/anoticiaonline.com.br\/site\/categoria\/muriae\/","nextItem":{"@type":"ListItem","@id":"https:\/\/anoticiaonline.com.br\/site\/tiroteio-assusta-moradores-do-primavera\/#listItem","name":"Tiroteio assusta moradores do Primavera"},"previousItem":{"@type":"ListItem","@id":"https:\/\/anoticiaonline.com.br\/site#listItem","name":"Home"}},{"@type":"ListItem","@id":"https:\/\/anoticiaonline.com.br\/site\/tiroteio-assusta-moradores-do-primavera\/#listItem","position":3,"name":"Tiroteio assusta moradores do Primavera","previousItem":{"@type":"ListItem","@id":"https:\/\/anoticiaonline.com.br\/site\/categoria\/muriae\/#listItem","name":"Blog"}}]},{"@type":"Organization","@id":"https:\/\/anoticiaonline.com.br\/site\/#organization","name":"A Not\u00edcia Online","description":"Noticias de Muria\u00e9 e regi\u00e3o","url":"https:\/\/anoticiaonline.com.br\/site\/","logo":{"@type":"ImageObject","url":"https:\/\/scontent-gig4-1.xx.fbcdn.net\/v\/t39.30808-1\/270437624_4564083193639691_6907940295614233970_n.jpg?stp=dst-jpg_s200x200_tt6&_nc_cat=111&ccb=1-7&_nc_sid=f907e8&_nc_ohc=SM1wRlP3lJwQ7kNvwEPuBYA&_nc_oc=AdnqrjDN_BNjSSHWO-GbkIWH6fkGMLw4bqvL_NH6e2wMveX7G-rP2dAqsDSq1mJMOaY&_nc_zt=24&_nc_ht=scontent-gig4-1.xx&_nc_gid=AoBFJeGrT1hVaew_6rchkQ&oh=00_AfX7QmFGhQhG2jAllVgXCiM1ZrWgvtp80-Bfppyexh1QEg&oe=689E923C","@id":"https:\/\/anoticiaonline.com.br\/site\/tiroteio-assusta-moradores-do-primavera\/#organizationLogo"},"image":{"@id":"https:\/\/anoticiaonline.com.br\/site\/tiroteio-assusta-moradores-do-primavera\/#organizationLogo"}},{"@type":"Person","@id":"https:\/\/anoticiaonline.com.br\/site\/author\/juliana\/#author","url":"https:\/\/anoticiaonline.com.br\/site\/author\/juliana\/","name":"Juliana Laviola","image":{"@type":"ImageObject","@id":"https:\/\/anoticiaonline.com.br\/site\/tiroteio-assusta-moradores-do-primavera\/#authorImage","url":"https:\/\/secure.gravatar.com\/avatar\/b8d45f5c699b100dfaf0e543582f38f38bf94cb7ae3a5e9abf8d891a34773335?s=96&d=mm&r=g","width":96,"height":96,"caption":"Juliana Laviola"}},{"@type":"WebPage","@id":"https:\/\/anoticiaonline.com.br\/site\/tiroteio-assusta-moradores-do-primavera\/#webpage","url":"https:\/\/anoticiaonline.com.br\/site\/tiroteio-assusta-moradores-do-primavera\/","name":"Tiroteio assusta moradores do Primavera - A Not\u00edcia Online","description":"A semana come\u00e7ou agitada no bairro Primavera. Na tarde de segunda-feira (24), a Pol\u00edcia Militar foi acionada por volta das 15h20min com informa\u00e7\u00f5es de que um tiroteio estava acontecendo na Alameda Pau Brasil e um homem havia ficado ferido. No local, foi encontrado um ve\u00edculo P\u00e1lio com dezenas de perfura\u00e7\u00f5es feitas pelos tiros, sem v\u00edtimas","inLanguage":"pt-BR","isPartOf":{"@id":"https:\/\/anoticiaonline.com.br\/site\/#website"},"breadcrumb":{"@id":"https:\/\/anoticiaonline.com.br\/site\/tiroteio-assusta-moradores-do-primavera\/#breadcrumblist"},"author":{"@id":"https:\/\/anoticiaonline.com.br\/site\/author\/juliana\/#author"},"creator":{"@id":"https:\/\/anoticiaonline.com.br\/site\/author\/juliana\/#author"},"image":{"@type":"ImageObject","url":"https:\/\/anoticiaonline.com.br\/site\/wp-content\/uploads\/2017\/07\/Tiros-assustam-moradores-do-bairro-Primavera-uma-pessoa-fica-ferida.jpg","@id":"https:\/\/anoticiaonline.com.br\/site\/tiroteio-assusta-moradores-do-primavera\/#mainImage","width":620,"height":465},"primaryImageOfPage":{"@id":"https:\/\/anoticiaonline.com.br\/site\/tiroteio-assusta-moradores-do-primavera\/#mainImage"},"datePublished":"2017-07-28T11:21:16-03:00","dateModified":"2017-07-28T11:21:16-03:00"},{"@type":"WebSite","@id":"https:\/\/anoticiaonline.com.br\/site\/#website","url":"https:\/\/anoticiaonline.com.br\/site\/","name":"A Not\u00edcia Online","description":"Noticias de Muria\u00e9 e regi\u00e3o","inLanguage":"pt-BR","publisher":{"@id":"https:\/\/anoticiaonline.com.br\/site\/#organization"}}]},"og:locale":"pt_BR","og:site_name":"A Not\u00edcia Online - Noticias de Muria\u00e9 e regi\u00e3o","og:type":"article","og:title":"Tiroteio assusta moradores do Primavera - A Not\u00edcia Online","og:description":"A semana come\u00e7ou agitada no bairro Primavera. Na tarde de segunda-feira (24), a Pol\u00edcia Militar foi acionada por volta das 15h20min com informa\u00e7\u00f5es de que um tiroteio estava acontecendo na Alameda Pau Brasil e um homem havia ficado ferido. No local, foi encontrado um ve\u00edculo P\u00e1lio com dezenas de perfura\u00e7\u00f5es feitas pelos tiros, sem v\u00edtimas","og:url":"https:\/\/anoticiaonline.com.br\/site\/tiroteio-assusta-moradores-do-primavera\/","og:image":"https:\/\/scontent-gig4-1.xx.fbcdn.net\/v\/t39.30808-1\/270437624_4564083193639691_6907940295614233970_n.jpg?stp=dst-jpg_s200x200_tt6&#038;_nc_cat=111&#038;ccb=1-7&#038;_nc_sid=f907e8&#038;_nc_ohc=SM1wRlP3lJwQ7kNvwEPuBYA&#038;_nc_oc=AdnqrjDN_BNjSSHWO-GbkIWH6fkGMLw4bqvL_NH6e2wMveX7G-rP2dAqsDSq1mJMOaY&#038;_nc_zt=24&#038;_nc_ht=scontent-gig4-1.xx&#038;_nc_gid=AoBFJeGrT1hVaew_6rchkQ&#038;oh=00_AfX7QmFGhQhG2jAllVgXCiM1ZrWgvtp80-Bfppyexh1QEg&#038;oe=689E923C","og:image:secure_url":"https:\/\/scontent-gig4-1.xx.fbcdn.net\/v\/t39.30808-1\/270437624_4564083193639691_6907940295614233970_n.jpg?stp=dst-jpg_s200x200_tt6&#038;_nc_cat=111&#038;ccb=1-7&#038;_nc_sid=f907e8&#038;_nc_ohc=SM1wRlP3lJwQ7kNvwEPuBYA&#038;_nc_oc=AdnqrjDN_BNjSSHWO-GbkIWH6fkGMLw4bqvL_NH6e2wMveX7G-rP2dAqsDSq1mJMOaY&#038;_nc_zt=24&#038;_nc_ht=scontent-gig4-1.xx&#038;_nc_gid=AoBFJeGrT1hVaew_6rchkQ&#038;oh=00_AfX7QmFGhQhG2jAllVgXCiM1ZrWgvtp80-Bfppyexh1QEg&#038;oe=689E923C","article:published_time":"2017-07-28T14:21:16+00:00","article:modified_time":"2017-07-28T14:21:16+00:00","twitter:card":"summary_large_image","twitter:title":"Tiroteio assusta moradores do Primavera - A Not\u00edcia Online","twitter:description":"A semana come\u00e7ou agitada no bairro Primavera. Na tarde de segunda-feira (24), a Pol\u00edcia Militar foi acionada por volta das 15h20min com informa\u00e7\u00f5es de que um tiroteio estava acontecendo na Alameda Pau Brasil e um homem havia ficado ferido. No local, foi encontrado um ve\u00edculo P\u00e1lio com dezenas de perfura\u00e7\u00f5es feitas pelos tiros, sem v\u00edtimas","twitter:image":"https:\/\/scontent-gig4-1.xx.fbcdn.net\/v\/t39.30808-1\/270437624_4564083193639691_6907940295614233970_n.jpg?stp=dst-jpg_s200x200_tt6&_nc_cat=111&ccb=1-7&_nc_sid=f907e8&_nc_ohc=SM1wRlP3lJwQ7kNvwEPuBYA&_nc_oc=AdnqrjDN_BNjSSHWO-GbkIWH6fkGMLw4bqvL_NH6e2wMveX7G-rP2dAqsDSq1mJMOaY&_nc_zt=24&_nc_ht=scontent-gig4-1.xx&_nc_gid=AoBFJeGrT1hVaew_6rchkQ&oh=00_AfX7QmFGhQhG2jAllVgXCiM1ZrWgvtp80-Bfppyexh1QEg&oe=689E923C"},"aioseo_meta_data":{"post_id":"36645","title":null,"description":null,"keywords":null,"keyphrases":null,"primary_term":null,"canonical_url":null,"og_title":null,"og_description":null,"og_object_type":"default","og_image_type":"default","og_image_url":null,"og_image_width":null,"og_image_height":null,"og_image_custom_url":null,"og_image_custom_fields":null,"og_video":null,"og_custom_url":null,"og_article_section":null,"og_article_tags":null,"twitter_use_og":false,"twitter_card":"default","twitter_image_type":"default","twitter_image_url":null,"twitter_image_custom_url":null,"twitter_image_custom_fields":null,"twitter_title":null,"twitter_description":null,"schema":{"blockGraphs":[],"customGraphs":[],"default":{"data":{"Article":[],"Course":[],"Dataset":[],"FAQPage":[],"Movie":[],"Person":[],"Product":[],"ProductReview":[],"Car":[],"Recipe":[],"Service":[],"SoftwareApplication":[],"WebPage":[]},"graphName":"","isEnabled":true},"graphs":[]},"schema_type":"default","schema_type_options":null,"pillar_content":false,"robots_default":true,"robots_noindex":false,"robots_noarchive":false,"robots_nosnippet":false,"robots_nofollow":false,"robots_noimageindex":false,"robots_noodp":false,"robots_notranslate":false,"robots_max_snippet":null,"robots_max_videopreview":null,"robots_max_imagepreview":"large","priority":null,"frequency":null,"local_seo":null,"breadcrumb_settings":null,"limit_modified_date":false,"ai":null,"created":"2025-08-16 19:00:45","updated":"2025-08-16 19:00:45","focus_keyword":null,"additional_keywords":null,"truseo_locale":null,"seo_analyzer_scan_date":null},"aioseo_breadcrumb":"<div class=\"aioseo-breadcrumbs\"><span class=\"aioseo-breadcrumb\">\n\t\t\t<a href=\"https:\/\/anoticiaonline.com.br\/site\" title=\"Home\">Home<\/a>\n\t\t<\/span><span class=\"aioseo-breadcrumb-separator\">&raquo;<\/span><span class=\"aioseo-breadcrumb\">\n\t\t\t<a href=\"https:\/\/anoticiaonline.com.br\/site\/categoria\/muriae\/\" title=\"Blog\">Blog<\/a>\n\t\t<\/span><span class=\"aioseo-breadcrumb-separator\">&raquo;<\/span><span class=\"aioseo-breadcrumb\">\n\t\t\tTiroteio assusta moradores do Primavera\n\t\t<\/span><\/div>","aioseo_breadcrumb_json":[{"label":"Home","link":"https:\/\/anoticiaonline.com.br\/site"},{"label":"Blog","link":"https:\/\/anoticiaonline.com.br\/site\/categoria\/muriae\/"},{"label":"Tiroteio assusta moradores do Primavera","link":"https:\/\/anoticiaonline.com.br\/site\/tiroteio-assusta-moradores-do-primavera\/"}],"views":132,"_links":{"self":[{"href":"https:\/\/anoticiaonline.com.br\/site\/wp-json\/wp\/v2\/posts\/36645","targetHints":{"allow":["GET"]}}],"collection":[{"href":"https:\/\/anoticiaonline.com.br\/site\/wp-json\/wp\/v2\/posts"}],"about":[{"href":"https:\/\/anoticiaonline.com.br\/site\/wp-json\/wp\/v2\/types\/post"}],"author":[{"embeddable":true,"href":"https:\/\/anoticiaonline.com.br\/site\/wp-json\/wp\/v2\/users\/2"}],"replies":[{"embeddable":true,"href":"https:\/\/anoticiaonline.com.br\/site\/wp-json\/wp\/v2\/comments?post=36645"}],"version-history":[{"count":0,"href":"https:\/\/anoticiaonline.com.br\/site\/wp-json\/wp\/v2\/posts\/36645\/revisions"}],"wp:featuredmedia":[{"embeddable":true,"href":"https:\/\/anoticiaonline.com.br\/site\/wp-json\/wp\/v2\/media\/36646"}],"wp:attachment":[{"href":"https:\/\/anoticiaonline.com.br\/site\/wp-json\/wp\/v2\/media?parent=36645"}],"wp:term":[{"taxonomy":"category","embeddable":true,"href":"https:\/\/anoticiaonline.com.br\/site\/wp-json\/wp\/v2\/categories?post=36645"},{"taxonomy":"post_tag","embeddable":true,"href":"https:\/\/anoticiaonline.com.br\/site\/wp-json\/wp\/v2\/tags?post=36645"}],"curies":[{"name":"wp","href":"https:\/\/api.w.org\/{rel}","templated":true}]}}