{"id":36625,"date":"2017-07-28T10:19:51","date_gmt":"2017-07-28T13:19:51","guid":{"rendered":"http:\/\/anoticiaonline.com.br\/site\/?p=36625"},"modified":"2017-07-28T10:19:51","modified_gmt":"2017-07-28T13:19:51","slug":"campanha-de-vacinacao-antirrabica-tem-inicio-em-agosto","status":"publish","type":"post","link":"https:\/\/anoticiaonline.com.br\/site\/campanha-de-vacinacao-antirrabica-tem-inicio-em-agosto\/","title":{"rendered":"Campanha de vacina\u00e7\u00e3o antirr\u00e1bica tem in\u00edcio em agosto"},"content":{"rendered":"<p class=\"m-6147219203822155538gmail-msonospacing\" style=\"text-align: justify; background: white;\"><span style=\"color: #222222;\"><a href=\"https:\/\/anoticiaonline.com.br\/site\/wp-content\/uploads\/2017\/07\/Campanha-de-vacina\u00e7\u00e3o-antirr\u00e1bica-acontecer\u00e1-em-agosto.jpg\"><img fetchpriority=\"high\" decoding=\"async\" class=\"size-medium wp-image-36626 alignleft\" src=\"https:\/\/anoticiaonline.com.br\/site\/wp-content\/uploads\/2017\/07\/Campanha-de-vacina\u00e7\u00e3o-antirr\u00e1bica-acontecer\u00e1-em-agosto-300x225.jpg\" alt=\"\" width=\"300\" height=\"225\" srcset=\"https:\/\/anoticiaonline.com.br\/site\/wp-content\/uploads\/2017\/07\/Campanha-de-vacina\u00e7\u00e3o-antirr\u00e1bica-acontecer\u00e1-em-agosto-300x225.jpg 300w, https:\/\/anoticiaonline.com.br\/site\/wp-content\/uploads\/2017\/07\/Campanha-de-vacina\u00e7\u00e3o-antirr\u00e1bica-acontecer\u00e1-em-agosto.jpg 640w\" sizes=\"(max-width: 300px) 100vw, 300px\" \/><\/a>Todos os anos, c\u00e3es e gatos devem ser vacinados contra a raiva a partir dos tr\u00eas meses de idade. Muria\u00e9 n\u00e3o foge \u00e0 regra e j\u00e1 preparou o calend\u00e1rio de vacina\u00e7\u00e3o antirr\u00e1bica, que ser\u00e1 realizada em agosto. Este ano, a meta da prefeitura \u00e9 imunizar aproximadamente 18 mil c\u00e3es e gatos, para garantir a sa\u00fade dos animais e de seus donos.<\/span><\/p>\n<p class=\"m-6147219203822155538gmail-msonospacing\" style=\"text-align: justify; background: white;\"><span style=\"color: #222222;\">A vacina\u00e7\u00e3o come\u00e7a pela \u00e1rea urbana no dia 26. J\u00e1 na \u00e1rea rural, a campanha ter\u00e1 in\u00edcio no dia 28 do pr\u00f3ximo m\u00eas e prosseguir\u00e1 at\u00e9 o dia 1\u00ba de setembro. A orienta\u00e7\u00e3o aos tutores de animais \u00e9 para que os c\u00e3es sejam levados presos em guias e os gatos sejam transportados em gaiolas ou caixas especiais para evitar acidentes. Caso os caninos ou felinos estejam doentes ou em tratamento de sa\u00fade, devem esperar a recupera\u00e7\u00e3o para receber a vacina &#8211; isso vale tamb\u00e9m para as f\u00eameas que estejam prenhas.<\/span><\/p>\n<p class=\"m-6147219203822155538gmail-msonospacing\" style=\"text-align: justify; background: white;\"><span style=\"color: #222222;\">A raiva \u00e9 uma zoonose que pode matar se n\u00e3o for prevenida e cuidada. \u201cA vacina antirr\u00e1bica \u00e9 a \u00fanica forma de preven\u00e7\u00e3o contra a raiva. Prevenir ainda \u00e9 o melhor rem\u00e9dio. Embora nos dias de hoje seja uma doen\u00e7a controlada, ela ainda \u00e9 uma grande preocupa\u00e7\u00e3o. Por isso, \u00e9 preciso que propriet\u00e1rios de c\u00e3es e gatos levem seu animal para se vacinar, para que continuem saud\u00e1veis e fiquem livres desta doen\u00e7a\u201d, recomendou o prefeito Grego.<\/span><\/p>\n<p class=\"m-6147219203822155538gmail-msonospacing\" style=\"text-align: justify; background: white;\"><span style=\"color: #222222;\">Ap\u00f3s o t\u00e9rmino da campanha, os propriet\u00e1rios de c\u00e3es e gatos podem procurar as doses na Secretaria Municipal de Sa\u00fade, no setor da Vigil\u00e2ncia Ambiental, que est\u00e1 localizado na Rua Vereador Jos\u00e9 Messias, 65, 2\u00ba andar (sala 19), bairro Santo Ant\u00f4nio. O telefone para contato \u00e9 o 3729-1301.<\/span><\/p>\n","protected":false},"excerpt":{"rendered":"<p>Todos os anos, c\u00e3es e gatos devem ser vacinados contra a raiva a partir dos tr\u00eas meses de idade. Muria\u00e9 n\u00e3o foge \u00e0 regra e j\u00e1 preparou o calend\u00e1rio de vacina\u00e7\u00e3o antirr\u00e1bica, que ser\u00e1 realizada em agosto. Este ano, a meta da prefeitura \u00e9 imunizar aproximadamente 18 mil c\u00e3es e gatos, para garantir a sa\u00fade &#8230; <a title=\"Campanha de vacina\u00e7\u00e3o antirr\u00e1bica tem in\u00edcio em agosto\" class=\"read-more\" href=\"https:\/\/anoticiaonline.com.br\/site\/campanha-de-vacinacao-antirrabica-tem-inicio-em-agosto\/\" aria-label=\"Read more about Campanha de vacina\u00e7\u00e3o antirr\u00e1bica tem in\u00edcio em agosto\">Ler mais<\/a><\/p>\n","protected":false},"author":2,"featured_media":36626,"comment_status":"open","ping_status":"open","sticky":false,"template":"","format":"standard","meta":{"_acf_changed":false,"_monsterinsights_skip_tracking":false,"footnotes":""},"categories":[30],"tags":[74,3,50],"class_list":["post-36625","post","type-post","status-publish","format-standard","has-post-thumbnail","hentry","category-muriae","tag-muriae","tag-slide","tag-vacinacao"],"acf":[],"aioseo_notices":[],"aioseo_head":"\n\t\t<!-- All in One SEO 5.0.0.1 - aioseo.com -->\n\t<meta name=\"description\" content=\"Todos os anos, c\u00e3es e gatos devem ser vacinados contra a raiva a partir dos tr\u00eas meses de idade. Muria\u00e9 n\u00e3o foge \u00e0 regra e j\u00e1 preparou o calend\u00e1rio de vacina\u00e7\u00e3o antirr\u00e1bica, que ser\u00e1 realizada em agosto. Este ano, a meta da prefeitura \u00e9 imunizar aproximadamente 18 mil c\u00e3es e gatos, para garantir a sa\u00fade\" \/>\n\t<meta name=\"robots\" content=\"max-image-preview:large\" \/>\n\t<meta name=\"author\" content=\"Juliana Laviola\"\/>\n\t<link rel=\"canonical\" href=\"https:\/\/anoticiaonline.com.br\/site\/campanha-de-vacinacao-antirrabica-tem-inicio-em-agosto\/\" \/>\n\t<meta name=\"generator\" content=\"All in One SEO (AIOSEO) 5.0.0.1\" \/>\n\t\t<meta property=\"og:locale\" content=\"pt_BR\" \/>\n\t\t<meta property=\"og:site_name\" content=\"A Not\u00edcia Online - Noticias de Muria\u00e9 e regi\u00e3o\" \/>\n\t\t<meta property=\"og:type\" content=\"article\" \/>\n\t\t<meta property=\"og:title\" content=\"Campanha de vacina\u00e7\u00e3o antirr\u00e1bica tem in\u00edcio em agosto - A Not\u00edcia Online\" \/>\n\t\t<meta property=\"og:description\" content=\"Todos os anos, c\u00e3es e gatos devem ser vacinados contra a raiva a partir dos tr\u00eas meses de idade. Muria\u00e9 n\u00e3o foge \u00e0 regra e j\u00e1 preparou o calend\u00e1rio de vacina\u00e7\u00e3o antirr\u00e1bica, que ser\u00e1 realizada em agosto. Este ano, a meta da prefeitura \u00e9 imunizar aproximadamente 18 mil c\u00e3es e gatos, para garantir a sa\u00fade\" \/>\n\t\t<meta property=\"og:url\" content=\"https:\/\/anoticiaonline.com.br\/site\/campanha-de-vacinacao-antirrabica-tem-inicio-em-agosto\/\" \/>\n\t\t<meta property=\"og:image\" content=\"https:\/\/scontent-gig4-1.xx.fbcdn.net\/v\/t39.30808-1\/270437624_4564083193639691_6907940295614233970_n.jpg?stp=dst-jpg_s200x200_tt6&#038;_nc_cat=111&#038;ccb=1-7&#038;_nc_sid=f907e8&#038;_nc_ohc=SM1wRlP3lJwQ7kNvwEPuBYA&#038;_nc_oc=AdnqrjDN_BNjSSHWO-GbkIWH6fkGMLw4bqvL_NH6e2wMveX7G-rP2dAqsDSq1mJMOaY&#038;_nc_zt=24&#038;_nc_ht=scontent-gig4-1.xx&#038;_nc_gid=AoBFJeGrT1hVaew_6rchkQ&#038;oh=00_AfX7QmFGhQhG2jAllVgXCiM1ZrWgvtp80-Bfppyexh1QEg&#038;oe=689E923C\" \/>\n\t\t<meta property=\"og:image:secure_url\" content=\"https:\/\/scontent-gig4-1.xx.fbcdn.net\/v\/t39.30808-1\/270437624_4564083193639691_6907940295614233970_n.jpg?stp=dst-jpg_s200x200_tt6&#038;_nc_cat=111&#038;ccb=1-7&#038;_nc_sid=f907e8&#038;_nc_ohc=SM1wRlP3lJwQ7kNvwEPuBYA&#038;_nc_oc=AdnqrjDN_BNjSSHWO-GbkIWH6fkGMLw4bqvL_NH6e2wMveX7G-rP2dAqsDSq1mJMOaY&#038;_nc_zt=24&#038;_nc_ht=scontent-gig4-1.xx&#038;_nc_gid=AoBFJeGrT1hVaew_6rchkQ&#038;oh=00_AfX7QmFGhQhG2jAllVgXCiM1ZrWgvtp80-Bfppyexh1QEg&#038;oe=689E923C\" \/>\n\t\t<meta property=\"article:published_time\" content=\"2017-07-28T13:19:51+00:00\" \/>\n\t\t<meta property=\"article:modified_time\" content=\"2017-07-28T13:19:51+00:00\" \/>\n\t\t<meta name=\"twitter:card\" content=\"summary_large_image\" \/>\n\t\t<meta name=\"twitter:title\" content=\"Campanha de vacina\u00e7\u00e3o antirr\u00e1bica tem in\u00edcio em agosto - A Not\u00edcia Online\" \/>\n\t\t<meta name=\"twitter:description\" content=\"Todos os anos, c\u00e3es e gatos devem ser vacinados contra a raiva a partir dos tr\u00eas meses de idade. Muria\u00e9 n\u00e3o foge \u00e0 regra e j\u00e1 preparou o calend\u00e1rio de vacina\u00e7\u00e3o antirr\u00e1bica, que ser\u00e1 realizada em agosto. Este ano, a meta da prefeitura \u00e9 imunizar aproximadamente 18 mil c\u00e3es e gatos, para garantir a sa\u00fade\" \/>\n\t\t<meta name=\"twitter:image\" content=\"https:\/\/scontent-gig4-1.xx.fbcdn.net\/v\/t39.30808-1\/270437624_4564083193639691_6907940295614233970_n.jpg?stp=dst-jpg_s200x200_tt6&amp;_nc_cat=111&amp;ccb=1-7&amp;_nc_sid=f907e8&amp;_nc_ohc=SM1wRlP3lJwQ7kNvwEPuBYA&amp;_nc_oc=AdnqrjDN_BNjSSHWO-GbkIWH6fkGMLw4bqvL_NH6e2wMveX7G-rP2dAqsDSq1mJMOaY&amp;_nc_zt=24&amp;_nc_ht=scontent-gig4-1.xx&amp;_nc_gid=AoBFJeGrT1hVaew_6rchkQ&amp;oh=00_AfX7QmFGhQhG2jAllVgXCiM1ZrWgvtp80-Bfppyexh1QEg&amp;oe=689E923C\" \/>\n\t\t<script type=\"application\/ld+json\" class=\"aioseo-schema\">\n\t\t\t{\"@context\":\"https:\\\/\\\/schema.org\",\"@graph\":[{\"@type\":\"BlogPosting\",\"@id\":\"https:\\\/\\\/anoticiaonline.com.br\\\/site\\\/campanha-de-vacinacao-antirrabica-tem-inicio-em-agosto\\\/#blogposting\",\"name\":\"Campanha de vacina\\u00e7\\u00e3o antirr\\u00e1bica tem in\\u00edcio em agosto - A Not\\u00edcia Online\",\"headline\":\"Campanha de vacina\\u00e7\\u00e3o antirr\\u00e1bica tem in\\u00edcio em agosto\",\"author\":{\"@id\":\"https:\\\/\\\/anoticiaonline.com.br\\\/site\\\/author\\\/juliana\\\/#author\"},\"publisher\":{\"@id\":\"https:\\\/\\\/anoticiaonline.com.br\\\/site\\\/#organization\"},\"image\":{\"@type\":\"ImageObject\",\"url\":\"https:\\\/\\\/anoticiaonline.com.br\\\/site\\\/wp-content\\\/uploads\\\/2017\\\/07\\\/Campanha-de-vacina\\u00e7\\u00e3o-antirr\\u00e1bica-acontecer\\u00e1-em-agosto.jpg\",\"width\":640,\"height\":480},\"datePublished\":\"2017-07-28T10:19:51-03:00\",\"dateModified\":\"2017-07-28T10:19:51-03:00\",\"inLanguage\":\"pt-BR\",\"mainEntityOfPage\":{\"@id\":\"https:\\\/\\\/anoticiaonline.com.br\\\/site\\\/campanha-de-vacinacao-antirrabica-tem-inicio-em-agosto\\\/#webpage\"},\"isPartOf\":{\"@id\":\"https:\\\/\\\/anoticiaonline.com.br\\\/site\\\/campanha-de-vacinacao-antirrabica-tem-inicio-em-agosto\\\/#webpage\"},\"articleSection\":\"Blog, Muria\\u00e9, slide, vacina\\u00e7\\u00e3o\"},{\"@type\":\"BreadcrumbList\",\"@id\":\"https:\\\/\\\/anoticiaonline.com.br\\\/site\\\/campanha-de-vacinacao-antirrabica-tem-inicio-em-agosto\\\/#breadcrumblist\",\"itemListElement\":[{\"@type\":\"ListItem\",\"@id\":\"https:\\\/\\\/anoticiaonline.com.br\\\/site#listItem\",\"position\":1,\"name\":\"Home\",\"item\":\"https:\\\/\\\/anoticiaonline.com.br\\\/site\",\"nextItem\":{\"@type\":\"ListItem\",\"@id\":\"https:\\\/\\\/anoticiaonline.com.br\\\/site\\\/categoria\\\/muriae\\\/#listItem\",\"name\":\"Blog\"}},{\"@type\":\"ListItem\",\"@id\":\"https:\\\/\\\/anoticiaonline.com.br\\\/site\\\/categoria\\\/muriae\\\/#listItem\",\"position\":2,\"name\":\"Blog\",\"item\":\"https:\\\/\\\/anoticiaonline.com.br\\\/site\\\/categoria\\\/muriae\\\/\",\"nextItem\":{\"@type\":\"ListItem\",\"@id\":\"https:\\\/\\\/anoticiaonline.com.br\\\/site\\\/campanha-de-vacinacao-antirrabica-tem-inicio-em-agosto\\\/#listItem\",\"name\":\"Campanha de vacina\\u00e7\\u00e3o antirr\\u00e1bica tem in\\u00edcio em agosto\"},\"previousItem\":{\"@type\":\"ListItem\",\"@id\":\"https:\\\/\\\/anoticiaonline.com.br\\\/site#listItem\",\"name\":\"Home\"}},{\"@type\":\"ListItem\",\"@id\":\"https:\\\/\\\/anoticiaonline.com.br\\\/site\\\/campanha-de-vacinacao-antirrabica-tem-inicio-em-agosto\\\/#listItem\",\"position\":3,\"name\":\"Campanha de vacina\\u00e7\\u00e3o antirr\\u00e1bica tem in\\u00edcio em agosto\",\"previousItem\":{\"@type\":\"ListItem\",\"@id\":\"https:\\\/\\\/anoticiaonline.com.br\\\/site\\\/categoria\\\/muriae\\\/#listItem\",\"name\":\"Blog\"}}]},{\"@type\":\"Organization\",\"@id\":\"https:\\\/\\\/anoticiaonline.com.br\\\/site\\\/#organization\",\"name\":\"A Not\\u00edcia Online\",\"description\":\"Noticias de Muria\\u00e9 e regi\\u00e3o\",\"url\":\"https:\\\/\\\/anoticiaonline.com.br\\\/site\\\/\",\"logo\":{\"@type\":\"ImageObject\",\"url\":\"https:\\\/\\\/scontent-gig4-1.xx.fbcdn.net\\\/v\\\/t39.30808-1\\\/270437624_4564083193639691_6907940295614233970_n.jpg?stp=dst-jpg_s200x200_tt6&_nc_cat=111&ccb=1-7&_nc_sid=f907e8&_nc_ohc=SM1wRlP3lJwQ7kNvwEPuBYA&_nc_oc=AdnqrjDN_BNjSSHWO-GbkIWH6fkGMLw4bqvL_NH6e2wMveX7G-rP2dAqsDSq1mJMOaY&_nc_zt=24&_nc_ht=scontent-gig4-1.xx&_nc_gid=AoBFJeGrT1hVaew_6rchkQ&oh=00_AfX7QmFGhQhG2jAllVgXCiM1ZrWgvtp80-Bfppyexh1QEg&oe=689E923C\",\"@id\":\"https:\\\/\\\/anoticiaonline.com.br\\\/site\\\/campanha-de-vacinacao-antirrabica-tem-inicio-em-agosto\\\/#organizationLogo\"},\"image\":{\"@id\":\"https:\\\/\\\/anoticiaonline.com.br\\\/site\\\/campanha-de-vacinacao-antirrabica-tem-inicio-em-agosto\\\/#organizationLogo\"}},{\"@type\":\"Person\",\"@id\":\"https:\\\/\\\/anoticiaonline.com.br\\\/site\\\/author\\\/juliana\\\/#author\",\"url\":\"https:\\\/\\\/anoticiaonline.com.br\\\/site\\\/author\\\/juliana\\\/\",\"name\":\"Juliana Laviola\",\"image\":{\"@type\":\"ImageObject\",\"@id\":\"https:\\\/\\\/anoticiaonline.com.br\\\/site\\\/campanha-de-vacinacao-antirrabica-tem-inicio-em-agosto\\\/#authorImage\",\"url\":\"https:\\\/\\\/secure.gravatar.com\\\/avatar\\\/b8d45f5c699b100dfaf0e543582f38f38bf94cb7ae3a5e9abf8d891a34773335?s=96&d=mm&r=g\",\"width\":96,\"height\":96,\"caption\":\"Juliana Laviola\"}},{\"@type\":\"WebPage\",\"@id\":\"https:\\\/\\\/anoticiaonline.com.br\\\/site\\\/campanha-de-vacinacao-antirrabica-tem-inicio-em-agosto\\\/#webpage\",\"url\":\"https:\\\/\\\/anoticiaonline.com.br\\\/site\\\/campanha-de-vacinacao-antirrabica-tem-inicio-em-agosto\\\/\",\"name\":\"Campanha de vacina\\u00e7\\u00e3o antirr\\u00e1bica tem in\\u00edcio em agosto - A Not\\u00edcia Online\",\"description\":\"Todos os anos, c\\u00e3es e gatos devem ser vacinados contra a raiva a partir dos tr\\u00eas meses de idade. Muria\\u00e9 n\\u00e3o foge \\u00e0 regra e j\\u00e1 preparou o calend\\u00e1rio de vacina\\u00e7\\u00e3o antirr\\u00e1bica, que ser\\u00e1 realizada em agosto. Este ano, a meta da prefeitura \\u00e9 imunizar aproximadamente 18 mil c\\u00e3es e gatos, para garantir a sa\\u00fade\",\"inLanguage\":\"pt-BR\",\"isPartOf\":{\"@id\":\"https:\\\/\\\/anoticiaonline.com.br\\\/site\\\/#website\"},\"breadcrumb\":{\"@id\":\"https:\\\/\\\/anoticiaonline.com.br\\\/site\\\/campanha-de-vacinacao-antirrabica-tem-inicio-em-agosto\\\/#breadcrumblist\"},\"author\":{\"@id\":\"https:\\\/\\\/anoticiaonline.com.br\\\/site\\\/author\\\/juliana\\\/#author\"},\"creator\":{\"@id\":\"https:\\\/\\\/anoticiaonline.com.br\\\/site\\\/author\\\/juliana\\\/#author\"},\"image\":{\"@type\":\"ImageObject\",\"url\":\"https:\\\/\\\/anoticiaonline.com.br\\\/site\\\/wp-content\\\/uploads\\\/2017\\\/07\\\/Campanha-de-vacina\\u00e7\\u00e3o-antirr\\u00e1bica-acontecer\\u00e1-em-agosto.jpg\",\"@id\":\"https:\\\/\\\/anoticiaonline.com.br\\\/site\\\/campanha-de-vacinacao-antirrabica-tem-inicio-em-agosto\\\/#mainImage\",\"width\":640,\"height\":480},\"primaryImageOfPage\":{\"@id\":\"https:\\\/\\\/anoticiaonline.com.br\\\/site\\\/campanha-de-vacinacao-antirrabica-tem-inicio-em-agosto\\\/#mainImage\"},\"datePublished\":\"2017-07-28T10:19:51-03:00\",\"dateModified\":\"2017-07-28T10:19:51-03:00\"},{\"@type\":\"WebSite\",\"@id\":\"https:\\\/\\\/anoticiaonline.com.br\\\/site\\\/#website\",\"url\":\"https:\\\/\\\/anoticiaonline.com.br\\\/site\\\/\",\"name\":\"A Not\\u00edcia Online\",\"description\":\"Noticias de Muria\\u00e9 e regi\\u00e3o\",\"inLanguage\":\"pt-BR\",\"publisher\":{\"@id\":\"https:\\\/\\\/anoticiaonline.com.br\\\/site\\\/#organization\"}}]}\n\t\t<\/script>\n\t\t<!-- All in One SEO -->\n\n","aioseo_head_json":{"title":"Campanha de vacina\u00e7\u00e3o antirr\u00e1bica tem in\u00edcio em agosto - A Not\u00edcia Online","description":"Todos os anos, c\u00e3es e gatos devem ser vacinados contra a raiva a partir dos tr\u00eas meses de idade. Muria\u00e9 n\u00e3o foge \u00e0 regra e j\u00e1 preparou o calend\u00e1rio de vacina\u00e7\u00e3o antirr\u00e1bica, que ser\u00e1 realizada em agosto. Este ano, a meta da prefeitura \u00e9 imunizar aproximadamente 18 mil c\u00e3es e gatos, para garantir a sa\u00fade","canonical_url":"https:\/\/anoticiaonline.com.br\/site\/campanha-de-vacinacao-antirrabica-tem-inicio-em-agosto\/","robots":"max-image-preview:large","keywords":"","webmasterTools":{"miscellaneous":""},"schema":{"@context":"https:\/\/schema.org","@graph":[{"@type":"BlogPosting","@id":"https:\/\/anoticiaonline.com.br\/site\/campanha-de-vacinacao-antirrabica-tem-inicio-em-agosto\/#blogposting","name":"Campanha de vacina\u00e7\u00e3o antirr\u00e1bica tem in\u00edcio em agosto - A Not\u00edcia Online","headline":"Campanha de vacina\u00e7\u00e3o antirr\u00e1bica tem in\u00edcio em agosto","author":{"@id":"https:\/\/anoticiaonline.com.br\/site\/author\/juliana\/#author"},"publisher":{"@id":"https:\/\/anoticiaonline.com.br\/site\/#organization"},"image":{"@type":"ImageObject","url":"https:\/\/anoticiaonline.com.br\/site\/wp-content\/uploads\/2017\/07\/Campanha-de-vacina\u00e7\u00e3o-antirr\u00e1bica-acontecer\u00e1-em-agosto.jpg","width":640,"height":480},"datePublished":"2017-07-28T10:19:51-03:00","dateModified":"2017-07-28T10:19:51-03:00","inLanguage":"pt-BR","mainEntityOfPage":{"@id":"https:\/\/anoticiaonline.com.br\/site\/campanha-de-vacinacao-antirrabica-tem-inicio-em-agosto\/#webpage"},"isPartOf":{"@id":"https:\/\/anoticiaonline.com.br\/site\/campanha-de-vacinacao-antirrabica-tem-inicio-em-agosto\/#webpage"},"articleSection":"Blog, Muria\u00e9, slide, vacina\u00e7\u00e3o"},{"@type":"BreadcrumbList","@id":"https:\/\/anoticiaonline.com.br\/site\/campanha-de-vacinacao-antirrabica-tem-inicio-em-agosto\/#breadcrumblist","itemListElement":[{"@type":"ListItem","@id":"https:\/\/anoticiaonline.com.br\/site#listItem","position":1,"name":"Home","item":"https:\/\/anoticiaonline.com.br\/site","nextItem":{"@type":"ListItem","@id":"https:\/\/anoticiaonline.com.br\/site\/categoria\/muriae\/#listItem","name":"Blog"}},{"@type":"ListItem","@id":"https:\/\/anoticiaonline.com.br\/site\/categoria\/muriae\/#listItem","position":2,"name":"Blog","item":"https:\/\/anoticiaonline.com.br\/site\/categoria\/muriae\/","nextItem":{"@type":"ListItem","@id":"https:\/\/anoticiaonline.com.br\/site\/campanha-de-vacinacao-antirrabica-tem-inicio-em-agosto\/#listItem","name":"Campanha de vacina\u00e7\u00e3o antirr\u00e1bica tem in\u00edcio em agosto"},"previousItem":{"@type":"ListItem","@id":"https:\/\/anoticiaonline.com.br\/site#listItem","name":"Home"}},{"@type":"ListItem","@id":"https:\/\/anoticiaonline.com.br\/site\/campanha-de-vacinacao-antirrabica-tem-inicio-em-agosto\/#listItem","position":3,"name":"Campanha de vacina\u00e7\u00e3o antirr\u00e1bica tem in\u00edcio em agosto","previousItem":{"@type":"ListItem","@id":"https:\/\/anoticiaonline.com.br\/site\/categoria\/muriae\/#listItem","name":"Blog"}}]},{"@type":"Organization","@id":"https:\/\/anoticiaonline.com.br\/site\/#organization","name":"A Not\u00edcia Online","description":"Noticias de Muria\u00e9 e regi\u00e3o","url":"https:\/\/anoticiaonline.com.br\/site\/","logo":{"@type":"ImageObject","url":"https:\/\/scontent-gig4-1.xx.fbcdn.net\/v\/t39.30808-1\/270437624_4564083193639691_6907940295614233970_n.jpg?stp=dst-jpg_s200x200_tt6&_nc_cat=111&ccb=1-7&_nc_sid=f907e8&_nc_ohc=SM1wRlP3lJwQ7kNvwEPuBYA&_nc_oc=AdnqrjDN_BNjSSHWO-GbkIWH6fkGMLw4bqvL_NH6e2wMveX7G-rP2dAqsDSq1mJMOaY&_nc_zt=24&_nc_ht=scontent-gig4-1.xx&_nc_gid=AoBFJeGrT1hVaew_6rchkQ&oh=00_AfX7QmFGhQhG2jAllVgXCiM1ZrWgvtp80-Bfppyexh1QEg&oe=689E923C","@id":"https:\/\/anoticiaonline.com.br\/site\/campanha-de-vacinacao-antirrabica-tem-inicio-em-agosto\/#organizationLogo"},"image":{"@id":"https:\/\/anoticiaonline.com.br\/site\/campanha-de-vacinacao-antirrabica-tem-inicio-em-agosto\/#organizationLogo"}},{"@type":"Person","@id":"https:\/\/anoticiaonline.com.br\/site\/author\/juliana\/#author","url":"https:\/\/anoticiaonline.com.br\/site\/author\/juliana\/","name":"Juliana Laviola","image":{"@type":"ImageObject","@id":"https:\/\/anoticiaonline.com.br\/site\/campanha-de-vacinacao-antirrabica-tem-inicio-em-agosto\/#authorImage","url":"https:\/\/secure.gravatar.com\/avatar\/b8d45f5c699b100dfaf0e543582f38f38bf94cb7ae3a5e9abf8d891a34773335?s=96&d=mm&r=g","width":96,"height":96,"caption":"Juliana Laviola"}},{"@type":"WebPage","@id":"https:\/\/anoticiaonline.com.br\/site\/campanha-de-vacinacao-antirrabica-tem-inicio-em-agosto\/#webpage","url":"https:\/\/anoticiaonline.com.br\/site\/campanha-de-vacinacao-antirrabica-tem-inicio-em-agosto\/","name":"Campanha de vacina\u00e7\u00e3o antirr\u00e1bica tem in\u00edcio em agosto - A Not\u00edcia Online","description":"Todos os anos, c\u00e3es e gatos devem ser vacinados contra a raiva a partir dos tr\u00eas meses de idade. Muria\u00e9 n\u00e3o foge \u00e0 regra e j\u00e1 preparou o calend\u00e1rio de vacina\u00e7\u00e3o antirr\u00e1bica, que ser\u00e1 realizada em agosto. Este ano, a meta da prefeitura \u00e9 imunizar aproximadamente 18 mil c\u00e3es e gatos, para garantir a sa\u00fade","inLanguage":"pt-BR","isPartOf":{"@id":"https:\/\/anoticiaonline.com.br\/site\/#website"},"breadcrumb":{"@id":"https:\/\/anoticiaonline.com.br\/site\/campanha-de-vacinacao-antirrabica-tem-inicio-em-agosto\/#breadcrumblist"},"author":{"@id":"https:\/\/anoticiaonline.com.br\/site\/author\/juliana\/#author"},"creator":{"@id":"https:\/\/anoticiaonline.com.br\/site\/author\/juliana\/#author"},"image":{"@type":"ImageObject","url":"https:\/\/anoticiaonline.com.br\/site\/wp-content\/uploads\/2017\/07\/Campanha-de-vacina\u00e7\u00e3o-antirr\u00e1bica-acontecer\u00e1-em-agosto.jpg","@id":"https:\/\/anoticiaonline.com.br\/site\/campanha-de-vacinacao-antirrabica-tem-inicio-em-agosto\/#mainImage","width":640,"height":480},"primaryImageOfPage":{"@id":"https:\/\/anoticiaonline.com.br\/site\/campanha-de-vacinacao-antirrabica-tem-inicio-em-agosto\/#mainImage"},"datePublished":"2017-07-28T10:19:51-03:00","dateModified":"2017-07-28T10:19:51-03:00"},{"@type":"WebSite","@id":"https:\/\/anoticiaonline.com.br\/site\/#website","url":"https:\/\/anoticiaonline.com.br\/site\/","name":"A Not\u00edcia Online","description":"Noticias de Muria\u00e9 e regi\u00e3o","inLanguage":"pt-BR","publisher":{"@id":"https:\/\/anoticiaonline.com.br\/site\/#organization"}}]},"og:locale":"pt_BR","og:site_name":"A Not\u00edcia Online - Noticias de Muria\u00e9 e regi\u00e3o","og:type":"article","og:title":"Campanha de vacina\u00e7\u00e3o antirr\u00e1bica tem in\u00edcio em agosto - A Not\u00edcia Online","og:description":"Todos os anos, c\u00e3es e gatos devem ser vacinados contra a raiva a partir dos tr\u00eas meses de idade. Muria\u00e9 n\u00e3o foge \u00e0 regra e j\u00e1 preparou o calend\u00e1rio de vacina\u00e7\u00e3o antirr\u00e1bica, que ser\u00e1 realizada em agosto. Este ano, a meta da prefeitura \u00e9 imunizar aproximadamente 18 mil c\u00e3es e gatos, para garantir a sa\u00fade","og:url":"https:\/\/anoticiaonline.com.br\/site\/campanha-de-vacinacao-antirrabica-tem-inicio-em-agosto\/","og:image":"https:\/\/scontent-gig4-1.xx.fbcdn.net\/v\/t39.30808-1\/270437624_4564083193639691_6907940295614233970_n.jpg?stp=dst-jpg_s200x200_tt6&#038;_nc_cat=111&#038;ccb=1-7&#038;_nc_sid=f907e8&#038;_nc_ohc=SM1wRlP3lJwQ7kNvwEPuBYA&#038;_nc_oc=AdnqrjDN_BNjSSHWO-GbkIWH6fkGMLw4bqvL_NH6e2wMveX7G-rP2dAqsDSq1mJMOaY&#038;_nc_zt=24&#038;_nc_ht=scontent-gig4-1.xx&#038;_nc_gid=AoBFJeGrT1hVaew_6rchkQ&#038;oh=00_AfX7QmFGhQhG2jAllVgXCiM1ZrWgvtp80-Bfppyexh1QEg&#038;oe=689E923C","og:image:secure_url":"https:\/\/scontent-gig4-1.xx.fbcdn.net\/v\/t39.30808-1\/270437624_4564083193639691_6907940295614233970_n.jpg?stp=dst-jpg_s200x200_tt6&#038;_nc_cat=111&#038;ccb=1-7&#038;_nc_sid=f907e8&#038;_nc_ohc=SM1wRlP3lJwQ7kNvwEPuBYA&#038;_nc_oc=AdnqrjDN_BNjSSHWO-GbkIWH6fkGMLw4bqvL_NH6e2wMveX7G-rP2dAqsDSq1mJMOaY&#038;_nc_zt=24&#038;_nc_ht=scontent-gig4-1.xx&#038;_nc_gid=AoBFJeGrT1hVaew_6rchkQ&#038;oh=00_AfX7QmFGhQhG2jAllVgXCiM1ZrWgvtp80-Bfppyexh1QEg&#038;oe=689E923C","article:published_time":"2017-07-28T13:19:51+00:00","article:modified_time":"2017-07-28T13:19:51+00:00","twitter:card":"summary_large_image","twitter:title":"Campanha de vacina\u00e7\u00e3o antirr\u00e1bica tem in\u00edcio em agosto - A Not\u00edcia Online","twitter:description":"Todos os anos, c\u00e3es e gatos devem ser vacinados contra a raiva a partir dos tr\u00eas meses de idade. Muria\u00e9 n\u00e3o foge \u00e0 regra e j\u00e1 preparou o calend\u00e1rio de vacina\u00e7\u00e3o antirr\u00e1bica, que ser\u00e1 realizada em agosto. Este ano, a meta da prefeitura \u00e9 imunizar aproximadamente 18 mil c\u00e3es e gatos, para garantir a sa\u00fade","twitter:image":"https:\/\/scontent-gig4-1.xx.fbcdn.net\/v\/t39.30808-1\/270437624_4564083193639691_6907940295614233970_n.jpg?stp=dst-jpg_s200x200_tt6&_nc_cat=111&ccb=1-7&_nc_sid=f907e8&_nc_ohc=SM1wRlP3lJwQ7kNvwEPuBYA&_nc_oc=AdnqrjDN_BNjSSHWO-GbkIWH6fkGMLw4bqvL_NH6e2wMveX7G-rP2dAqsDSq1mJMOaY&_nc_zt=24&_nc_ht=scontent-gig4-1.xx&_nc_gid=AoBFJeGrT1hVaew_6rchkQ&oh=00_AfX7QmFGhQhG2jAllVgXCiM1ZrWgvtp80-Bfppyexh1QEg&oe=689E923C"},"aioseo_meta_data":{"post_id":"36625","title":null,"description":null,"keywords":null,"keyphrases":null,"primary_term":null,"canonical_url":null,"og_title":null,"og_description":null,"og_object_type":"default","og_image_type":"default","og_image_url":null,"og_image_width":null,"og_image_height":null,"og_image_custom_url":null,"og_image_custom_fields":null,"og_video":null,"og_custom_url":null,"og_article_section":null,"og_article_tags":null,"twitter_use_og":false,"twitter_card":"default","twitter_image_type":"default","twitter_image_url":null,"twitter_image_custom_url":null,"twitter_image_custom_fields":null,"twitter_title":null,"twitter_description":null,"schema":{"blockGraphs":[],"customGraphs":[],"default":{"data":{"Article":[],"Course":[],"Dataset":[],"FAQPage":[],"Movie":[],"Person":[],"Product":[],"ProductReview":[],"Car":[],"Recipe":[],"Service":[],"SoftwareApplication":[],"WebPage":[]},"graphName":"","isEnabled":true},"graphs":[]},"schema_type":"default","schema_type_options":null,"pillar_content":false,"robots_default":true,"robots_noindex":false,"robots_noarchive":false,"robots_nosnippet":false,"robots_nofollow":false,"robots_noimageindex":false,"robots_noodp":false,"robots_notranslate":false,"robots_max_snippet":null,"robots_max_videopreview":null,"robots_max_imagepreview":"large","priority":null,"frequency":null,"local_seo":null,"breadcrumb_settings":null,"limit_modified_date":false,"ai":null,"created":"2025-08-16 19:00:45","updated":"2025-08-16 19:00:45","focus_keyword":null,"additional_keywords":null,"truseo_locale":null,"seo_analyzer_scan_date":null},"aioseo_breadcrumb":"<div class=\"aioseo-breadcrumbs\"><span class=\"aioseo-breadcrumb\">\n\t\t\t<a href=\"https:\/\/anoticiaonline.com.br\/site\" title=\"Home\">Home<\/a>\n\t\t<\/span><span class=\"aioseo-breadcrumb-separator\">&raquo;<\/span><span class=\"aioseo-breadcrumb\">\n\t\t\t<a href=\"https:\/\/anoticiaonline.com.br\/site\/categoria\/muriae\/\" title=\"Blog\">Blog<\/a>\n\t\t<\/span><span class=\"aioseo-breadcrumb-separator\">&raquo;<\/span><span class=\"aioseo-breadcrumb\">\n\t\t\tCampanha de vacina\u00e7\u00e3o antirr\u00e1bica tem in\u00edcio em agosto\n\t\t<\/span><\/div>","aioseo_breadcrumb_json":[{"label":"Home","link":"https:\/\/anoticiaonline.com.br\/site"},{"label":"Blog","link":"https:\/\/anoticiaonline.com.br\/site\/categoria\/muriae\/"},{"label":"Campanha de vacina\u00e7\u00e3o antirr\u00e1bica tem in\u00edcio em agosto","link":"https:\/\/anoticiaonline.com.br\/site\/campanha-de-vacinacao-antirrabica-tem-inicio-em-agosto\/"}],"views":139,"_links":{"self":[{"href":"https:\/\/anoticiaonline.com.br\/site\/wp-json\/wp\/v2\/posts\/36625","targetHints":{"allow":["GET"]}}],"collection":[{"href":"https:\/\/anoticiaonline.com.br\/site\/wp-json\/wp\/v2\/posts"}],"about":[{"href":"https:\/\/anoticiaonline.com.br\/site\/wp-json\/wp\/v2\/types\/post"}],"author":[{"embeddable":true,"href":"https:\/\/anoticiaonline.com.br\/site\/wp-json\/wp\/v2\/users\/2"}],"replies":[{"embeddable":true,"href":"https:\/\/anoticiaonline.com.br\/site\/wp-json\/wp\/v2\/comments?post=36625"}],"version-history":[{"count":0,"href":"https:\/\/anoticiaonline.com.br\/site\/wp-json\/wp\/v2\/posts\/36625\/revisions"}],"wp:featuredmedia":[{"embeddable":true,"href":"https:\/\/anoticiaonline.com.br\/site\/wp-json\/wp\/v2\/media\/36626"}],"wp:attachment":[{"href":"https:\/\/anoticiaonline.com.br\/site\/wp-json\/wp\/v2\/media?parent=36625"}],"wp:term":[{"taxonomy":"category","embeddable":true,"href":"https:\/\/anoticiaonline.com.br\/site\/wp-json\/wp\/v2\/categories?post=36625"},{"taxonomy":"post_tag","embeddable":true,"href":"https:\/\/anoticiaonline.com.br\/site\/wp-json\/wp\/v2\/tags?post=36625"}],"curies":[{"name":"wp","href":"https:\/\/api.w.org\/{rel}","templated":true}]}}