{"id":36497,"date":"2017-07-28T09:06:09","date_gmt":"2017-07-28T12:06:09","guid":{"rendered":"http:\/\/anoticiaonline.com.br\/site\/?p=36497"},"modified":"2017-07-27T21:08:38","modified_gmt":"2017-07-28T00:08:38","slug":"abono-salarial-comeca-a-ser-pago-aos-trabalhadores","status":"publish","type":"post","link":"https:\/\/anoticiaonline.com.br\/site\/abono-salarial-comeca-a-ser-pago-aos-trabalhadores\/","title":{"rendered":"Abono salarial come\u00e7a a ser pago aos trabalhadores"},"content":{"rendered":"<p><a href=\"https:\/\/anoticiaonline.com.br\/site\/wp-content\/uploads\/2017\/07\/Abono-salarial-come\u00e7a-a-ser-pago-aos-trabalhadores.jpg\"><img fetchpriority=\"high\" decoding=\"async\" class=\"size-medium wp-image-36498 alignleft\" src=\"https:\/\/anoticiaonline.com.br\/site\/wp-content\/uploads\/2017\/07\/Abono-salarial-come\u00e7a-a-ser-pago-aos-trabalhadores-300x203.jpg\" alt=\"\" width=\"300\" height=\"203\" srcset=\"https:\/\/anoticiaonline.com.br\/site\/wp-content\/uploads\/2017\/07\/Abono-salarial-come\u00e7a-a-ser-pago-aos-trabalhadores-300x203.jpg 300w, https:\/\/anoticiaonline.com.br\/site\/wp-content\/uploads\/2017\/07\/Abono-salarial-come\u00e7a-a-ser-pago-aos-trabalhadores.jpg 640w\" sizes=\"(max-width: 300px) 100vw, 300px\" \/><\/a>Come\u00e7ou, na quinta-feira (27), o pagamento do abono salarial calend\u00e1rio 2017\/2018 (ano-base 2016) para os trabalhadores nascidos neste m\u00eas de julho. O recurso ficar\u00e1 dispon\u00edvel at\u00e9 29 de junho de 2018. O abono \u00e9 um direito do trabalhador inscrito no Programa de Integra\u00e7\u00e3o Social (PIS) ou no Programa de Forma\u00e7\u00e3o do Patrim\u00f4nio do Servidor P\u00fablico (Pasep), h\u00e1 pelo menos cinco anos.<\/p>\n<p>O benefici\u00e1rio deve ter trabalhado formalmente por pelo menos 30 dias em 2016, com remunera\u00e7\u00e3o mensal m\u00e9dia de at\u00e9 dois sal\u00e1rios m\u00ednimos e com seus dados informados corretamente pelo empregador na Rela\u00e7\u00e3o Anual de Informa\u00e7\u00f5es Sociais (Rais), ano-base 2016.<\/p>\n<p>Os pagamentos s\u00e3o ordenados de acordo com o m\u00eas de nascimento do trabalhador, e os valores do benef\u00edcio variam de R$ 79 a R$ 937, dependendo do tempo de trabalho durante o ano passado.<\/p>\n<p>Os cidad\u00e3os poder\u00e3o consultar a partir de 24 de julho o direito e o valor do benef\u00edcio no Aplicativo Caixa Trabalhador, na p\u00e1gina\u00a0<a href=\"http:\/\/www.caixa.gov.br\/beneficios-trabalhador\/pis\/Paginas\/default.aspx\">www.caixa.gov.br\/PIS<\/a>\u00a0ou pelo Atendimento Caixa ao Cidad\u00e3o: 0800 726 0207.<\/p>\n<p>Para sacar, o trabalhador que possui o Cart\u00e3o Cidad\u00e3o e senha cadastrada pode ir a uma casa lot\u00e9rica, a um ponto de atendimento Caixa Aqui ou aos terminais de autoatendimento da Caixa. Caso n\u00e3o tenha o Cart\u00e3o Cidad\u00e3o, o valor pode ser retirado em qualquer ag\u00eancia da Caixa, apresentando o documento de identifica\u00e7\u00e3o.\u00a0No caso do trabalhador que tem v\u00ednculo com empresa p\u00fablica, o pagamento por inscri\u00e7\u00e3o Pasep \u00e9 feito pelo Banco do Brasil.<\/p>\n<p>Portal Brasil \/ Reprodu\u00e7\u00e3o<\/p>\n","protected":false},"excerpt":{"rendered":"<p>Come\u00e7ou, na quinta-feira (27), o pagamento do abono salarial calend\u00e1rio 2017\/2018 (ano-base 2016) para os trabalhadores nascidos neste m\u00eas de julho. O recurso ficar\u00e1 dispon\u00edvel at\u00e9 29 de junho de 2018. O abono \u00e9 um direito do trabalhador inscrito no Programa de Integra\u00e7\u00e3o Social (PIS) ou no Programa de Forma\u00e7\u00e3o do Patrim\u00f4nio do Servidor P\u00fablico &#8230; <a title=\"Abono salarial come\u00e7a a ser pago aos trabalhadores\" class=\"read-more\" href=\"https:\/\/anoticiaonline.com.br\/site\/abono-salarial-comeca-a-ser-pago-aos-trabalhadores\/\" aria-label=\"Read more about Abono salarial come\u00e7a a ser pago aos trabalhadores\">Ler mais<\/a><\/p>\n","protected":false},"author":2,"featured_media":36498,"comment_status":"open","ping_status":"open","sticky":false,"template":"","format":"standard","meta":{"_acf_changed":false,"_monsterinsights_skip_tracking":false,"footnotes":""},"categories":[1],"tags":[719,3],"class_list":["post-36497","post","type-post","status-publish","format-standard","has-post-thumbnail","hentry","category-gerais","tag-abono-salarial","tag-slide"],"acf":[],"aioseo_notices":[],"aioseo_head":"\n\t\t<!-- All in One SEO 5.0.0.1 - aioseo.com -->\n\t<meta name=\"description\" content=\"Come\u00e7ou, na quinta-feira (27), o pagamento do abono salarial calend\u00e1rio 2017\/2018 (ano-base 2016) para os trabalhadores nascidos neste m\u00eas de julho. O recurso ficar\u00e1 dispon\u00edvel at\u00e9 29 de junho de 2018. O abono \u00e9 um direito do trabalhador inscrito no Programa de Integra\u00e7\u00e3o Social (PIS) ou no Programa de Forma\u00e7\u00e3o do Patrim\u00f4nio do Servidor P\u00fablico\" \/>\n\t<meta name=\"robots\" content=\"max-image-preview:large\" \/>\n\t<meta name=\"author\" content=\"Juliana Laviola\"\/>\n\t<link rel=\"canonical\" href=\"https:\/\/anoticiaonline.com.br\/site\/abono-salarial-comeca-a-ser-pago-aos-trabalhadores\/\" \/>\n\t<meta name=\"generator\" content=\"All in One SEO (AIOSEO) 5.0.0.1\" \/>\n\t\t<meta property=\"og:locale\" content=\"pt_BR\" \/>\n\t\t<meta property=\"og:site_name\" content=\"A Not\u00edcia Online - Noticias de Muria\u00e9 e regi\u00e3o\" \/>\n\t\t<meta property=\"og:type\" content=\"article\" \/>\n\t\t<meta property=\"og:title\" content=\"Abono salarial come\u00e7a a ser pago aos trabalhadores - A Not\u00edcia Online\" \/>\n\t\t<meta property=\"og:description\" content=\"Come\u00e7ou, na quinta-feira (27), o pagamento do abono salarial calend\u00e1rio 2017\/2018 (ano-base 2016) para os trabalhadores nascidos neste m\u00eas de julho. O recurso ficar\u00e1 dispon\u00edvel at\u00e9 29 de junho de 2018. O abono \u00e9 um direito do trabalhador inscrito no Programa de Integra\u00e7\u00e3o Social (PIS) ou no Programa de Forma\u00e7\u00e3o do Patrim\u00f4nio do Servidor P\u00fablico\" \/>\n\t\t<meta property=\"og:url\" content=\"https:\/\/anoticiaonline.com.br\/site\/abono-salarial-comeca-a-ser-pago-aos-trabalhadores\/\" \/>\n\t\t<meta property=\"og:image\" content=\"https:\/\/scontent-gig4-1.xx.fbcdn.net\/v\/t39.30808-1\/270437624_4564083193639691_6907940295614233970_n.jpg?stp=dst-jpg_s200x200_tt6&#038;_nc_cat=111&#038;ccb=1-7&#038;_nc_sid=f907e8&#038;_nc_ohc=SM1wRlP3lJwQ7kNvwEPuBYA&#038;_nc_oc=AdnqrjDN_BNjSSHWO-GbkIWH6fkGMLw4bqvL_NH6e2wMveX7G-rP2dAqsDSq1mJMOaY&#038;_nc_zt=24&#038;_nc_ht=scontent-gig4-1.xx&#038;_nc_gid=AoBFJeGrT1hVaew_6rchkQ&#038;oh=00_AfX7QmFGhQhG2jAllVgXCiM1ZrWgvtp80-Bfppyexh1QEg&#038;oe=689E923C\" \/>\n\t\t<meta property=\"og:image:secure_url\" content=\"https:\/\/scontent-gig4-1.xx.fbcdn.net\/v\/t39.30808-1\/270437624_4564083193639691_6907940295614233970_n.jpg?stp=dst-jpg_s200x200_tt6&#038;_nc_cat=111&#038;ccb=1-7&#038;_nc_sid=f907e8&#038;_nc_ohc=SM1wRlP3lJwQ7kNvwEPuBYA&#038;_nc_oc=AdnqrjDN_BNjSSHWO-GbkIWH6fkGMLw4bqvL_NH6e2wMveX7G-rP2dAqsDSq1mJMOaY&#038;_nc_zt=24&#038;_nc_ht=scontent-gig4-1.xx&#038;_nc_gid=AoBFJeGrT1hVaew_6rchkQ&#038;oh=00_AfX7QmFGhQhG2jAllVgXCiM1ZrWgvtp80-Bfppyexh1QEg&#038;oe=689E923C\" \/>\n\t\t<meta property=\"article:published_time\" content=\"2017-07-28T12:06:09+00:00\" \/>\n\t\t<meta property=\"article:modified_time\" content=\"2017-07-28T00:08:38+00:00\" \/>\n\t\t<meta name=\"twitter:card\" content=\"summary_large_image\" \/>\n\t\t<meta name=\"twitter:title\" content=\"Abono salarial come\u00e7a a ser pago aos trabalhadores - A Not\u00edcia Online\" \/>\n\t\t<meta name=\"twitter:description\" content=\"Come\u00e7ou, na quinta-feira (27), o pagamento do abono salarial calend\u00e1rio 2017\/2018 (ano-base 2016) para os trabalhadores nascidos neste m\u00eas de julho. O recurso ficar\u00e1 dispon\u00edvel at\u00e9 29 de junho de 2018. O abono \u00e9 um direito do trabalhador inscrito no Programa de Integra\u00e7\u00e3o Social (PIS) ou no Programa de Forma\u00e7\u00e3o do Patrim\u00f4nio do Servidor P\u00fablico\" \/>\n\t\t<meta name=\"twitter:image\" content=\"https:\/\/scontent-gig4-1.xx.fbcdn.net\/v\/t39.30808-1\/270437624_4564083193639691_6907940295614233970_n.jpg?stp=dst-jpg_s200x200_tt6&amp;_nc_cat=111&amp;ccb=1-7&amp;_nc_sid=f907e8&amp;_nc_ohc=SM1wRlP3lJwQ7kNvwEPuBYA&amp;_nc_oc=AdnqrjDN_BNjSSHWO-GbkIWH6fkGMLw4bqvL_NH6e2wMveX7G-rP2dAqsDSq1mJMOaY&amp;_nc_zt=24&amp;_nc_ht=scontent-gig4-1.xx&amp;_nc_gid=AoBFJeGrT1hVaew_6rchkQ&amp;oh=00_AfX7QmFGhQhG2jAllVgXCiM1ZrWgvtp80-Bfppyexh1QEg&amp;oe=689E923C\" \/>\n\t\t<script type=\"application\/ld+json\" class=\"aioseo-schema\">\n\t\t\t{\"@context\":\"https:\\\/\\\/schema.org\",\"@graph\":[{\"@type\":\"BlogPosting\",\"@id\":\"https:\\\/\\\/anoticiaonline.com.br\\\/site\\\/abono-salarial-comeca-a-ser-pago-aos-trabalhadores\\\/#blogposting\",\"name\":\"Abono salarial come\\u00e7a a ser pago aos trabalhadores - A Not\\u00edcia Online\",\"headline\":\"Abono salarial come\\u00e7a a ser pago aos trabalhadores\",\"author\":{\"@id\":\"https:\\\/\\\/anoticiaonline.com.br\\\/site\\\/author\\\/juliana\\\/#author\"},\"publisher\":{\"@id\":\"https:\\\/\\\/anoticiaonline.com.br\\\/site\\\/#organization\"},\"image\":{\"@type\":\"ImageObject\",\"url\":\"https:\\\/\\\/anoticiaonline.com.br\\\/site\\\/wp-content\\\/uploads\\\/2017\\\/07\\\/Abono-salarial-come\\u00e7a-a-ser-pago-aos-trabalhadores.jpg\",\"width\":640,\"height\":433},\"datePublished\":\"2017-07-28T09:06:09-03:00\",\"dateModified\":\"2017-07-27T21:08:38-03:00\",\"inLanguage\":\"pt-BR\",\"mainEntityOfPage\":{\"@id\":\"https:\\\/\\\/anoticiaonline.com.br\\\/site\\\/abono-salarial-comeca-a-ser-pago-aos-trabalhadores\\\/#webpage\"},\"isPartOf\":{\"@id\":\"https:\\\/\\\/anoticiaonline.com.br\\\/site\\\/abono-salarial-comeca-a-ser-pago-aos-trabalhadores\\\/#webpage\"},\"articleSection\":\"Gerais, abono salarial, slide\"},{\"@type\":\"BreadcrumbList\",\"@id\":\"https:\\\/\\\/anoticiaonline.com.br\\\/site\\\/abono-salarial-comeca-a-ser-pago-aos-trabalhadores\\\/#breadcrumblist\",\"itemListElement\":[{\"@type\":\"ListItem\",\"@id\":\"https:\\\/\\\/anoticiaonline.com.br\\\/site#listItem\",\"position\":1,\"name\":\"Home\",\"item\":\"https:\\\/\\\/anoticiaonline.com.br\\\/site\",\"nextItem\":{\"@type\":\"ListItem\",\"@id\":\"https:\\\/\\\/anoticiaonline.com.br\\\/site\\\/categoria\\\/gerais\\\/#listItem\",\"name\":\"Gerais\"}},{\"@type\":\"ListItem\",\"@id\":\"https:\\\/\\\/anoticiaonline.com.br\\\/site\\\/categoria\\\/gerais\\\/#listItem\",\"position\":2,\"name\":\"Gerais\",\"item\":\"https:\\\/\\\/anoticiaonline.com.br\\\/site\\\/categoria\\\/gerais\\\/\",\"nextItem\":{\"@type\":\"ListItem\",\"@id\":\"https:\\\/\\\/anoticiaonline.com.br\\\/site\\\/abono-salarial-comeca-a-ser-pago-aos-trabalhadores\\\/#listItem\",\"name\":\"Abono salarial come\\u00e7a a ser pago aos trabalhadores\"},\"previousItem\":{\"@type\":\"ListItem\",\"@id\":\"https:\\\/\\\/anoticiaonline.com.br\\\/site#listItem\",\"name\":\"Home\"}},{\"@type\":\"ListItem\",\"@id\":\"https:\\\/\\\/anoticiaonline.com.br\\\/site\\\/abono-salarial-comeca-a-ser-pago-aos-trabalhadores\\\/#listItem\",\"position\":3,\"name\":\"Abono salarial come\\u00e7a a ser pago aos trabalhadores\",\"previousItem\":{\"@type\":\"ListItem\",\"@id\":\"https:\\\/\\\/anoticiaonline.com.br\\\/site\\\/categoria\\\/gerais\\\/#listItem\",\"name\":\"Gerais\"}}]},{\"@type\":\"Organization\",\"@id\":\"https:\\\/\\\/anoticiaonline.com.br\\\/site\\\/#organization\",\"name\":\"A Not\\u00edcia Online\",\"description\":\"Noticias de Muria\\u00e9 e regi\\u00e3o\",\"url\":\"https:\\\/\\\/anoticiaonline.com.br\\\/site\\\/\",\"logo\":{\"@type\":\"ImageObject\",\"url\":\"https:\\\/\\\/scontent-gig4-1.xx.fbcdn.net\\\/v\\\/t39.30808-1\\\/270437624_4564083193639691_6907940295614233970_n.jpg?stp=dst-jpg_s200x200_tt6&_nc_cat=111&ccb=1-7&_nc_sid=f907e8&_nc_ohc=SM1wRlP3lJwQ7kNvwEPuBYA&_nc_oc=AdnqrjDN_BNjSSHWO-GbkIWH6fkGMLw4bqvL_NH6e2wMveX7G-rP2dAqsDSq1mJMOaY&_nc_zt=24&_nc_ht=scontent-gig4-1.xx&_nc_gid=AoBFJeGrT1hVaew_6rchkQ&oh=00_AfX7QmFGhQhG2jAllVgXCiM1ZrWgvtp80-Bfppyexh1QEg&oe=689E923C\",\"@id\":\"https:\\\/\\\/anoticiaonline.com.br\\\/site\\\/abono-salarial-comeca-a-ser-pago-aos-trabalhadores\\\/#organizationLogo\"},\"image\":{\"@id\":\"https:\\\/\\\/anoticiaonline.com.br\\\/site\\\/abono-salarial-comeca-a-ser-pago-aos-trabalhadores\\\/#organizationLogo\"}},{\"@type\":\"Person\",\"@id\":\"https:\\\/\\\/anoticiaonline.com.br\\\/site\\\/author\\\/juliana\\\/#author\",\"url\":\"https:\\\/\\\/anoticiaonline.com.br\\\/site\\\/author\\\/juliana\\\/\",\"name\":\"Juliana Laviola\",\"image\":{\"@type\":\"ImageObject\",\"@id\":\"https:\\\/\\\/anoticiaonline.com.br\\\/site\\\/abono-salarial-comeca-a-ser-pago-aos-trabalhadores\\\/#authorImage\",\"url\":\"https:\\\/\\\/secure.gravatar.com\\\/avatar\\\/b8d45f5c699b100dfaf0e543582f38f38bf94cb7ae3a5e9abf8d891a34773335?s=96&d=mm&r=g\",\"width\":96,\"height\":96,\"caption\":\"Juliana Laviola\"}},{\"@type\":\"WebPage\",\"@id\":\"https:\\\/\\\/anoticiaonline.com.br\\\/site\\\/abono-salarial-comeca-a-ser-pago-aos-trabalhadores\\\/#webpage\",\"url\":\"https:\\\/\\\/anoticiaonline.com.br\\\/site\\\/abono-salarial-comeca-a-ser-pago-aos-trabalhadores\\\/\",\"name\":\"Abono salarial come\\u00e7a a ser pago aos trabalhadores - A Not\\u00edcia Online\",\"description\":\"Come\\u00e7ou, na quinta-feira (27), o pagamento do abono salarial calend\\u00e1rio 2017\\\/2018 (ano-base 2016) para os trabalhadores nascidos neste m\\u00eas de julho. O recurso ficar\\u00e1 dispon\\u00edvel at\\u00e9 29 de junho de 2018. O abono \\u00e9 um direito do trabalhador inscrito no Programa de Integra\\u00e7\\u00e3o Social (PIS) ou no Programa de Forma\\u00e7\\u00e3o do Patrim\\u00f4nio do Servidor P\\u00fablico\",\"inLanguage\":\"pt-BR\",\"isPartOf\":{\"@id\":\"https:\\\/\\\/anoticiaonline.com.br\\\/site\\\/#website\"},\"breadcrumb\":{\"@id\":\"https:\\\/\\\/anoticiaonline.com.br\\\/site\\\/abono-salarial-comeca-a-ser-pago-aos-trabalhadores\\\/#breadcrumblist\"},\"author\":{\"@id\":\"https:\\\/\\\/anoticiaonline.com.br\\\/site\\\/author\\\/juliana\\\/#author\"},\"creator\":{\"@id\":\"https:\\\/\\\/anoticiaonline.com.br\\\/site\\\/author\\\/juliana\\\/#author\"},\"image\":{\"@type\":\"ImageObject\",\"url\":\"https:\\\/\\\/anoticiaonline.com.br\\\/site\\\/wp-content\\\/uploads\\\/2017\\\/07\\\/Abono-salarial-come\\u00e7a-a-ser-pago-aos-trabalhadores.jpg\",\"@id\":\"https:\\\/\\\/anoticiaonline.com.br\\\/site\\\/abono-salarial-comeca-a-ser-pago-aos-trabalhadores\\\/#mainImage\",\"width\":640,\"height\":433},\"primaryImageOfPage\":{\"@id\":\"https:\\\/\\\/anoticiaonline.com.br\\\/site\\\/abono-salarial-comeca-a-ser-pago-aos-trabalhadores\\\/#mainImage\"},\"datePublished\":\"2017-07-28T09:06:09-03:00\",\"dateModified\":\"2017-07-27T21:08:38-03:00\"},{\"@type\":\"WebSite\",\"@id\":\"https:\\\/\\\/anoticiaonline.com.br\\\/site\\\/#website\",\"url\":\"https:\\\/\\\/anoticiaonline.com.br\\\/site\\\/\",\"name\":\"A Not\\u00edcia Online\",\"description\":\"Noticias de Muria\\u00e9 e regi\\u00e3o\",\"inLanguage\":\"pt-BR\",\"publisher\":{\"@id\":\"https:\\\/\\\/anoticiaonline.com.br\\\/site\\\/#organization\"}}]}\n\t\t<\/script>\n\t\t<!-- All in One SEO -->\n\n","aioseo_head_json":{"title":"Abono salarial come\u00e7a a ser pago aos trabalhadores - A Not\u00edcia Online","description":"Come\u00e7ou, na quinta-feira (27), o pagamento do abono salarial calend\u00e1rio 2017\/2018 (ano-base 2016) para os trabalhadores nascidos neste m\u00eas de julho. O recurso ficar\u00e1 dispon\u00edvel at\u00e9 29 de junho de 2018. O abono \u00e9 um direito do trabalhador inscrito no Programa de Integra\u00e7\u00e3o Social (PIS) ou no Programa de Forma\u00e7\u00e3o do Patrim\u00f4nio do Servidor P\u00fablico","canonical_url":"https:\/\/anoticiaonline.com.br\/site\/abono-salarial-comeca-a-ser-pago-aos-trabalhadores\/","robots":"max-image-preview:large","keywords":"","webmasterTools":{"miscellaneous":""},"schema":{"@context":"https:\/\/schema.org","@graph":[{"@type":"BlogPosting","@id":"https:\/\/anoticiaonline.com.br\/site\/abono-salarial-comeca-a-ser-pago-aos-trabalhadores\/#blogposting","name":"Abono salarial come\u00e7a a ser pago aos trabalhadores - A Not\u00edcia Online","headline":"Abono salarial come\u00e7a a ser pago aos trabalhadores","author":{"@id":"https:\/\/anoticiaonline.com.br\/site\/author\/juliana\/#author"},"publisher":{"@id":"https:\/\/anoticiaonline.com.br\/site\/#organization"},"image":{"@type":"ImageObject","url":"https:\/\/anoticiaonline.com.br\/site\/wp-content\/uploads\/2017\/07\/Abono-salarial-come\u00e7a-a-ser-pago-aos-trabalhadores.jpg","width":640,"height":433},"datePublished":"2017-07-28T09:06:09-03:00","dateModified":"2017-07-27T21:08:38-03:00","inLanguage":"pt-BR","mainEntityOfPage":{"@id":"https:\/\/anoticiaonline.com.br\/site\/abono-salarial-comeca-a-ser-pago-aos-trabalhadores\/#webpage"},"isPartOf":{"@id":"https:\/\/anoticiaonline.com.br\/site\/abono-salarial-comeca-a-ser-pago-aos-trabalhadores\/#webpage"},"articleSection":"Gerais, abono salarial, slide"},{"@type":"BreadcrumbList","@id":"https:\/\/anoticiaonline.com.br\/site\/abono-salarial-comeca-a-ser-pago-aos-trabalhadores\/#breadcrumblist","itemListElement":[{"@type":"ListItem","@id":"https:\/\/anoticiaonline.com.br\/site#listItem","position":1,"name":"Home","item":"https:\/\/anoticiaonline.com.br\/site","nextItem":{"@type":"ListItem","@id":"https:\/\/anoticiaonline.com.br\/site\/categoria\/gerais\/#listItem","name":"Gerais"}},{"@type":"ListItem","@id":"https:\/\/anoticiaonline.com.br\/site\/categoria\/gerais\/#listItem","position":2,"name":"Gerais","item":"https:\/\/anoticiaonline.com.br\/site\/categoria\/gerais\/","nextItem":{"@type":"ListItem","@id":"https:\/\/anoticiaonline.com.br\/site\/abono-salarial-comeca-a-ser-pago-aos-trabalhadores\/#listItem","name":"Abono salarial come\u00e7a a ser pago aos trabalhadores"},"previousItem":{"@type":"ListItem","@id":"https:\/\/anoticiaonline.com.br\/site#listItem","name":"Home"}},{"@type":"ListItem","@id":"https:\/\/anoticiaonline.com.br\/site\/abono-salarial-comeca-a-ser-pago-aos-trabalhadores\/#listItem","position":3,"name":"Abono salarial come\u00e7a a ser pago aos trabalhadores","previousItem":{"@type":"ListItem","@id":"https:\/\/anoticiaonline.com.br\/site\/categoria\/gerais\/#listItem","name":"Gerais"}}]},{"@type":"Organization","@id":"https:\/\/anoticiaonline.com.br\/site\/#organization","name":"A Not\u00edcia Online","description":"Noticias de Muria\u00e9 e regi\u00e3o","url":"https:\/\/anoticiaonline.com.br\/site\/","logo":{"@type":"ImageObject","url":"https:\/\/scontent-gig4-1.xx.fbcdn.net\/v\/t39.30808-1\/270437624_4564083193639691_6907940295614233970_n.jpg?stp=dst-jpg_s200x200_tt6&_nc_cat=111&ccb=1-7&_nc_sid=f907e8&_nc_ohc=SM1wRlP3lJwQ7kNvwEPuBYA&_nc_oc=AdnqrjDN_BNjSSHWO-GbkIWH6fkGMLw4bqvL_NH6e2wMveX7G-rP2dAqsDSq1mJMOaY&_nc_zt=24&_nc_ht=scontent-gig4-1.xx&_nc_gid=AoBFJeGrT1hVaew_6rchkQ&oh=00_AfX7QmFGhQhG2jAllVgXCiM1ZrWgvtp80-Bfppyexh1QEg&oe=689E923C","@id":"https:\/\/anoticiaonline.com.br\/site\/abono-salarial-comeca-a-ser-pago-aos-trabalhadores\/#organizationLogo"},"image":{"@id":"https:\/\/anoticiaonline.com.br\/site\/abono-salarial-comeca-a-ser-pago-aos-trabalhadores\/#organizationLogo"}},{"@type":"Person","@id":"https:\/\/anoticiaonline.com.br\/site\/author\/juliana\/#author","url":"https:\/\/anoticiaonline.com.br\/site\/author\/juliana\/","name":"Juliana Laviola","image":{"@type":"ImageObject","@id":"https:\/\/anoticiaonline.com.br\/site\/abono-salarial-comeca-a-ser-pago-aos-trabalhadores\/#authorImage","url":"https:\/\/secure.gravatar.com\/avatar\/b8d45f5c699b100dfaf0e543582f38f38bf94cb7ae3a5e9abf8d891a34773335?s=96&d=mm&r=g","width":96,"height":96,"caption":"Juliana Laviola"}},{"@type":"WebPage","@id":"https:\/\/anoticiaonline.com.br\/site\/abono-salarial-comeca-a-ser-pago-aos-trabalhadores\/#webpage","url":"https:\/\/anoticiaonline.com.br\/site\/abono-salarial-comeca-a-ser-pago-aos-trabalhadores\/","name":"Abono salarial come\u00e7a a ser pago aos trabalhadores - A Not\u00edcia Online","description":"Come\u00e7ou, na quinta-feira (27), o pagamento do abono salarial calend\u00e1rio 2017\/2018 (ano-base 2016) para os trabalhadores nascidos neste m\u00eas de julho. O recurso ficar\u00e1 dispon\u00edvel at\u00e9 29 de junho de 2018. O abono \u00e9 um direito do trabalhador inscrito no Programa de Integra\u00e7\u00e3o Social (PIS) ou no Programa de Forma\u00e7\u00e3o do Patrim\u00f4nio do Servidor P\u00fablico","inLanguage":"pt-BR","isPartOf":{"@id":"https:\/\/anoticiaonline.com.br\/site\/#website"},"breadcrumb":{"@id":"https:\/\/anoticiaonline.com.br\/site\/abono-salarial-comeca-a-ser-pago-aos-trabalhadores\/#breadcrumblist"},"author":{"@id":"https:\/\/anoticiaonline.com.br\/site\/author\/juliana\/#author"},"creator":{"@id":"https:\/\/anoticiaonline.com.br\/site\/author\/juliana\/#author"},"image":{"@type":"ImageObject","url":"https:\/\/anoticiaonline.com.br\/site\/wp-content\/uploads\/2017\/07\/Abono-salarial-come\u00e7a-a-ser-pago-aos-trabalhadores.jpg","@id":"https:\/\/anoticiaonline.com.br\/site\/abono-salarial-comeca-a-ser-pago-aos-trabalhadores\/#mainImage","width":640,"height":433},"primaryImageOfPage":{"@id":"https:\/\/anoticiaonline.com.br\/site\/abono-salarial-comeca-a-ser-pago-aos-trabalhadores\/#mainImage"},"datePublished":"2017-07-28T09:06:09-03:00","dateModified":"2017-07-27T21:08:38-03:00"},{"@type":"WebSite","@id":"https:\/\/anoticiaonline.com.br\/site\/#website","url":"https:\/\/anoticiaonline.com.br\/site\/","name":"A Not\u00edcia Online","description":"Noticias de Muria\u00e9 e regi\u00e3o","inLanguage":"pt-BR","publisher":{"@id":"https:\/\/anoticiaonline.com.br\/site\/#organization"}}]},"og:locale":"pt_BR","og:site_name":"A Not\u00edcia Online - Noticias de Muria\u00e9 e regi\u00e3o","og:type":"article","og:title":"Abono salarial come\u00e7a a ser pago aos trabalhadores - A Not\u00edcia Online","og:description":"Come\u00e7ou, na quinta-feira (27), o pagamento do abono salarial calend\u00e1rio 2017\/2018 (ano-base 2016) para os trabalhadores nascidos neste m\u00eas de julho. O recurso ficar\u00e1 dispon\u00edvel at\u00e9 29 de junho de 2018. O abono \u00e9 um direito do trabalhador inscrito no Programa de Integra\u00e7\u00e3o Social (PIS) ou no Programa de Forma\u00e7\u00e3o do Patrim\u00f4nio do Servidor P\u00fablico","og:url":"https:\/\/anoticiaonline.com.br\/site\/abono-salarial-comeca-a-ser-pago-aos-trabalhadores\/","og:image":"https:\/\/scontent-gig4-1.xx.fbcdn.net\/v\/t39.30808-1\/270437624_4564083193639691_6907940295614233970_n.jpg?stp=dst-jpg_s200x200_tt6&#038;_nc_cat=111&#038;ccb=1-7&#038;_nc_sid=f907e8&#038;_nc_ohc=SM1wRlP3lJwQ7kNvwEPuBYA&#038;_nc_oc=AdnqrjDN_BNjSSHWO-GbkIWH6fkGMLw4bqvL_NH6e2wMveX7G-rP2dAqsDSq1mJMOaY&#038;_nc_zt=24&#038;_nc_ht=scontent-gig4-1.xx&#038;_nc_gid=AoBFJeGrT1hVaew_6rchkQ&#038;oh=00_AfX7QmFGhQhG2jAllVgXCiM1ZrWgvtp80-Bfppyexh1QEg&#038;oe=689E923C","og:image:secure_url":"https:\/\/scontent-gig4-1.xx.fbcdn.net\/v\/t39.30808-1\/270437624_4564083193639691_6907940295614233970_n.jpg?stp=dst-jpg_s200x200_tt6&#038;_nc_cat=111&#038;ccb=1-7&#038;_nc_sid=f907e8&#038;_nc_ohc=SM1wRlP3lJwQ7kNvwEPuBYA&#038;_nc_oc=AdnqrjDN_BNjSSHWO-GbkIWH6fkGMLw4bqvL_NH6e2wMveX7G-rP2dAqsDSq1mJMOaY&#038;_nc_zt=24&#038;_nc_ht=scontent-gig4-1.xx&#038;_nc_gid=AoBFJeGrT1hVaew_6rchkQ&#038;oh=00_AfX7QmFGhQhG2jAllVgXCiM1ZrWgvtp80-Bfppyexh1QEg&#038;oe=689E923C","article:published_time":"2017-07-28T12:06:09+00:00","article:modified_time":"2017-07-28T00:08:38+00:00","twitter:card":"summary_large_image","twitter:title":"Abono salarial come\u00e7a a ser pago aos trabalhadores - A Not\u00edcia Online","twitter:description":"Come\u00e7ou, na quinta-feira (27), o pagamento do abono salarial calend\u00e1rio 2017\/2018 (ano-base 2016) para os trabalhadores nascidos neste m\u00eas de julho. O recurso ficar\u00e1 dispon\u00edvel at\u00e9 29 de junho de 2018. O abono \u00e9 um direito do trabalhador inscrito no Programa de Integra\u00e7\u00e3o Social (PIS) ou no Programa de Forma\u00e7\u00e3o do Patrim\u00f4nio do Servidor P\u00fablico","twitter:image":"https:\/\/scontent-gig4-1.xx.fbcdn.net\/v\/t39.30808-1\/270437624_4564083193639691_6907940295614233970_n.jpg?stp=dst-jpg_s200x200_tt6&_nc_cat=111&ccb=1-7&_nc_sid=f907e8&_nc_ohc=SM1wRlP3lJwQ7kNvwEPuBYA&_nc_oc=AdnqrjDN_BNjSSHWO-GbkIWH6fkGMLw4bqvL_NH6e2wMveX7G-rP2dAqsDSq1mJMOaY&_nc_zt=24&_nc_ht=scontent-gig4-1.xx&_nc_gid=AoBFJeGrT1hVaew_6rchkQ&oh=00_AfX7QmFGhQhG2jAllVgXCiM1ZrWgvtp80-Bfppyexh1QEg&oe=689E923C"},"aioseo_meta_data":{"post_id":"36497","title":null,"description":null,"keywords":null,"keyphrases":null,"primary_term":null,"canonical_url":null,"og_title":null,"og_description":null,"og_object_type":"default","og_image_type":"default","og_image_url":null,"og_image_width":null,"og_image_height":null,"og_image_custom_url":null,"og_image_custom_fields":null,"og_video":null,"og_custom_url":null,"og_article_section":null,"og_article_tags":null,"twitter_use_og":false,"twitter_card":"default","twitter_image_type":"default","twitter_image_url":null,"twitter_image_custom_url":null,"twitter_image_custom_fields":null,"twitter_title":null,"twitter_description":null,"schema":{"blockGraphs":[],"customGraphs":[],"default":{"data":{"Article":[],"Course":[],"Dataset":[],"FAQPage":[],"Movie":[],"Person":[],"Product":[],"ProductReview":[],"Car":[],"Recipe":[],"Service":[],"SoftwareApplication":[],"WebPage":[]},"graphName":"","isEnabled":true},"graphs":[]},"schema_type":"default","schema_type_options":null,"pillar_content":false,"robots_default":true,"robots_noindex":false,"robots_noarchive":false,"robots_nosnippet":false,"robots_nofollow":false,"robots_noimageindex":false,"robots_noodp":false,"robots_notranslate":false,"robots_max_snippet":null,"robots_max_videopreview":null,"robots_max_imagepreview":"large","priority":null,"frequency":null,"local_seo":null,"breadcrumb_settings":null,"limit_modified_date":false,"ai":null,"created":"2025-08-16 18:59:07","updated":"2025-08-16 18:59:07","focus_keyword":null,"additional_keywords":null,"truseo_locale":null,"seo_analyzer_scan_date":null},"aioseo_breadcrumb":"<div class=\"aioseo-breadcrumbs\"><span class=\"aioseo-breadcrumb\">\n\t\t\t<a href=\"https:\/\/anoticiaonline.com.br\/site\" title=\"Home\">Home<\/a>\n\t\t<\/span><span class=\"aioseo-breadcrumb-separator\">&raquo;<\/span><span class=\"aioseo-breadcrumb\">\n\t\t\t<a href=\"https:\/\/anoticiaonline.com.br\/site\/categoria\/gerais\/\" title=\"Gerais\">Gerais<\/a>\n\t\t<\/span><span class=\"aioseo-breadcrumb-separator\">&raquo;<\/span><span class=\"aioseo-breadcrumb\">\n\t\t\tAbono salarial come\u00e7a a ser pago aos trabalhadores\n\t\t<\/span><\/div>","aioseo_breadcrumb_json":[{"label":"Home","link":"https:\/\/anoticiaonline.com.br\/site"},{"label":"Gerais","link":"https:\/\/anoticiaonline.com.br\/site\/categoria\/gerais\/"},{"label":"Abono salarial come\u00e7a a ser pago aos trabalhadores","link":"https:\/\/anoticiaonline.com.br\/site\/abono-salarial-comeca-a-ser-pago-aos-trabalhadores\/"}],"views":157,"_links":{"self":[{"href":"https:\/\/anoticiaonline.com.br\/site\/wp-json\/wp\/v2\/posts\/36497","targetHints":{"allow":["GET"]}}],"collection":[{"href":"https:\/\/anoticiaonline.com.br\/site\/wp-json\/wp\/v2\/posts"}],"about":[{"href":"https:\/\/anoticiaonline.com.br\/site\/wp-json\/wp\/v2\/types\/post"}],"author":[{"embeddable":true,"href":"https:\/\/anoticiaonline.com.br\/site\/wp-json\/wp\/v2\/users\/2"}],"replies":[{"embeddable":true,"href":"https:\/\/anoticiaonline.com.br\/site\/wp-json\/wp\/v2\/comments?post=36497"}],"version-history":[{"count":0,"href":"https:\/\/anoticiaonline.com.br\/site\/wp-json\/wp\/v2\/posts\/36497\/revisions"}],"wp:featuredmedia":[{"embeddable":true,"href":"https:\/\/anoticiaonline.com.br\/site\/wp-json\/wp\/v2\/media\/36498"}],"wp:attachment":[{"href":"https:\/\/anoticiaonline.com.br\/site\/wp-json\/wp\/v2\/media?parent=36497"}],"wp:term":[{"taxonomy":"category","embeddable":true,"href":"https:\/\/anoticiaonline.com.br\/site\/wp-json\/wp\/v2\/categories?post=36497"},{"taxonomy":"post_tag","embeddable":true,"href":"https:\/\/anoticiaonline.com.br\/site\/wp-json\/wp\/v2\/tags?post=36497"}],"curies":[{"name":"wp","href":"https:\/\/api.w.org\/{rel}","templated":true}]}}