{"id":36496,"date":"2017-07-29T12:00:39","date_gmt":"2017-07-29T15:00:39","guid":{"rendered":"http:\/\/anoticiaonline.com.br\/site\/?p=36496"},"modified":"2017-07-27T22:07:52","modified_gmt":"2017-07-28T01:07:52","slug":"cdl-muriae-promove-1o-seminario-de-inteligencia-competitiva-em-vendas","status":"publish","type":"post","link":"https:\/\/anoticiaonline.com.br\/site\/cdl-muriae-promove-1o-seminario-de-inteligencia-competitiva-em-vendas\/","title":{"rendered":"CDL Muria\u00e9 promove 1\u00ba Semin\u00e1rio de Intelig\u00eancia Competitiva em Vendas"},"content":{"rendered":"<p><a href=\"https:\/\/anoticiaonline.com.br\/site\/wp-content\/uploads\/2017\/07\/DSC_0605.jpg\"><img fetchpriority=\"high\" decoding=\"async\" class=\"alignleft size-medium wp-image-36504\" src=\"https:\/\/anoticiaonline.com.br\/site\/wp-content\/uploads\/2017\/07\/DSC_0605-300x200.jpg\" alt=\"\" width=\"300\" height=\"200\" srcset=\"https:\/\/anoticiaonline.com.br\/site\/wp-content\/uploads\/2017\/07\/DSC_0605-300x200.jpg 300w, https:\/\/anoticiaonline.com.br\/site\/wp-content\/uploads\/2017\/07\/DSC_0605-290x192.jpg 290w, https:\/\/anoticiaonline.com.br\/site\/wp-content\/uploads\/2017\/07\/DSC_0605.jpg 640w\" sizes=\"(max-width: 300px) 100vw, 300px\" \/><\/a> <a href=\"https:\/\/anoticiaonline.com.br\/site\/wp-content\/uploads\/2017\/07\/DSC_0702.jpg\"><img decoding=\"async\" class=\"alignleft size-medium wp-image-36505\" src=\"https:\/\/anoticiaonline.com.br\/site\/wp-content\/uploads\/2017\/07\/DSC_0702-300x200.jpg\" alt=\"\" width=\"300\" height=\"200\" srcset=\"https:\/\/anoticiaonline.com.br\/site\/wp-content\/uploads\/2017\/07\/DSC_0702-300x200.jpg 300w, https:\/\/anoticiaonline.com.br\/site\/wp-content\/uploads\/2017\/07\/DSC_0702-290x192.jpg 290w, https:\/\/anoticiaonline.com.br\/site\/wp-content\/uploads\/2017\/07\/DSC_0702.jpg 640w\" sizes=\"(max-width: 300px) 100vw, 300px\" \/><\/a> <a href=\"https:\/\/anoticiaonline.com.br\/site\/wp-content\/uploads\/2017\/07\/DSC_0704.jpg\"><img decoding=\"async\" class=\"alignleft size-medium wp-image-36506\" src=\"https:\/\/anoticiaonline.com.br\/site\/wp-content\/uploads\/2017\/07\/DSC_0704-300x200.jpg\" alt=\"\" width=\"300\" height=\"200\" srcset=\"https:\/\/anoticiaonline.com.br\/site\/wp-content\/uploads\/2017\/07\/DSC_0704-300x200.jpg 300w, https:\/\/anoticiaonline.com.br\/site\/wp-content\/uploads\/2017\/07\/DSC_0704-290x192.jpg 290w, https:\/\/anoticiaonline.com.br\/site\/wp-content\/uploads\/2017\/07\/DSC_0704.jpg 640w\" sizes=\"(max-width: 300px) 100vw, 300px\" \/><\/a> <a href=\"https:\/\/anoticiaonline.com.br\/site\/wp-content\/uploads\/2017\/07\/DSC_0735.jpg\"><img loading=\"lazy\" decoding=\"async\" class=\"alignleft size-medium wp-image-36507\" src=\"https:\/\/anoticiaonline.com.br\/site\/wp-content\/uploads\/2017\/07\/DSC_0735-300x200.jpg\" alt=\"\" width=\"300\" height=\"200\" srcset=\"https:\/\/anoticiaonline.com.br\/site\/wp-content\/uploads\/2017\/07\/DSC_0735-300x200.jpg 300w, https:\/\/anoticiaonline.com.br\/site\/wp-content\/uploads\/2017\/07\/DSC_0735-290x192.jpg 290w, https:\/\/anoticiaonline.com.br\/site\/wp-content\/uploads\/2017\/07\/DSC_0735.jpg 640w\" sizes=\"(max-width: 300px) 100vw, 300px\" \/><\/a>Em parceria com o Sebrae, foram realizadas, no audit\u00f3rio do Col\u00e9gio Santa Marcelina, duas palestras promovidas pela C\u00e2mara de Dirigentes Lojistas (CDL) de Muria\u00e9 voltadas para os seus associados e demais interessados da cidade e regi\u00e3o. O 1\u00ba Semin\u00e1rio de Intelig\u00eancia Competitiva em Vendas, que aconteceu na noite de quarta-feira (26), abordou os seguintes temas: \u201cInternet e Suas Oportunidades de Neg\u00f3cios\u201d e \u201cO Segredo do Sucesso\u201d, ambas com o objetivo de ajudar empreendedores, empres\u00e1rios e comerciantes a impulsionar suas vendas no mercado.<\/p>\n<p>A primeira palestra foi ministrada por Daniel de Miranda Carvalho. Em seguida, foi a vez do palestrante George Rubadel falar sobre \u201cO Segredo do Sucesso nas Vendas\u201d, que molda o perfil do novo vendedor para quer este sempre inove em suas atividades no com\u00e9rcio.<\/p>\n<p>Vitor Santos Oliveira, secret\u00e1rio executivo da CDL Muria\u00e9, disse que a institui\u00e7\u00e3o est\u00e1 sempre pronta para apoiar o com\u00e9rcio, promover atividades inovadoras. \u201cNosso diferencial, al\u00e9m de prestar o servi\u00e7o de an\u00e1lise de cr\u00e9dito, est\u00e1 na promo\u00e7\u00e3o de cursos, treinamentos e palestras. Queremos que nossos os empres\u00e1rios n\u00e3o sejam apenas associados, mas que participem, efetivamente, de nossos eventos. Neste momento, temos tamb\u00e9m um novo projeto o \u2018Caf\u00e9 com Prosa\u2019, para que todos possam assim conhecer mais detalhadamente o nosso trabalho\u201d, contou.<\/p>\n<p>Vitor aproveitou a oportunidade para agradecer a presen\u00e7a do p\u00fablico, que superou as expectativas, e, tamb\u00e9m o apoio da imprensa local.<\/p>\n<p>Entre os empres\u00e1rios presentes, estava Paulo Henrique Lima, diretor geral do Bazar Polmel, que, recentemente, lan\u00e7ou o e-commerce de sua empresa: O POLMEL.COM realiza grandes vendas de eletrodom\u00e9sticos e eletr\u00f4nicos. Ap\u00f3s acompanhar as palestras, Paulo Henrique aproveitou o momento para trocar experi\u00eancias e dicas com os palestrantes Daniel e George sobre o novo segmento.<\/p>\n<p>\u201cParabenizo a CDL e o Sebrae por trazer grandes nomes do mundo corporativo para falar sobre seus conhecimentos e suas fant\u00e1sticas experi\u00eancias\u201d, disse o empres\u00e1rio Paulo Henrique.<\/p>\n<p><strong>Os palestrantes <\/strong>&#8211; O primeiro palestrante da noite, Daniel de Miranda Carvalho, graduado em Administra\u00e7\u00e3o e Marketing, sempre trabalhou em pequenas empresas e, hoje em dia, atua como consultor do Sebrae na \u00e1rea de Gest\u00e3o Estrat\u00e9gica, abordando temas voltados para micro neg\u00f3cios.<\/p>\n<p>Daniel disse que o tema \u201cInternet e Suas Oportunidades de Neg\u00f3cios\u201d teve como finalidade sensibilizar empres\u00e1rios e colaboradores quanto \u00e0 import\u00e2ncia da rede mundial de computadores. \u201cMuitas vezes, o empreendedor quer montar uma loja online ou perfis em redes sociais e n\u00e3o sabe qual a ferramenta mais indicada para sua empresa. \u00c9 importante entender as necessidades dos clientes e como lidar com ele\u201d, disse.<\/p>\n<p>O segundo palestrante, George Rubadel, que abordou \u201cO Segredo do Sucesso nas Vendas\u201d, tamb\u00e9m \u00e9 m\u00e1gico e utiliza suas habilidades para contar hist\u00f3rias de empres\u00e1rios de sucesso como: Walt Disney, Bill Gates e tamb\u00e9m sobre sua pr\u00f3pria jornada, que o levou de faxineiro a diretor financeiro de uma multinacional.<\/p>\n<p>\u201cAp\u00f3s me firmar em uma carreira est\u00e1vel como executivo, tive a coragem de largar tudo e virar um artista e, atualmente, conto minha hist\u00f3ria para inspirar outras pessoas sobre como conseguir fazer o que realmente gostam\u201d, contou. George tamb\u00e9m aproveitou para agradecer \u00e0 CDL Muria\u00e9, ao Sebrae e sua fam\u00edlia pelo apoio e oportunidade.<\/p>\n<p><img decoding=\"async\" class=\"ngg_displayed_gallery mceItem\" src=\"https:\/\/anoticiaonline.com.br\/site\/nextgen-attach_to_post\/preview\/id--36585\" \/><\/p>\n<p>&nbsp;<\/p>\n","protected":false},"excerpt":{"rendered":"<p>Em parceria com o Sebrae, foram realizadas, no audit\u00f3rio do Col\u00e9gio Santa Marcelina, duas palestras promovidas pela C\u00e2mara de Dirigentes Lojistas (CDL) de Muria\u00e9 voltadas para os seus associados e demais interessados da cidade e regi\u00e3o. O 1\u00ba Semin\u00e1rio de Intelig\u00eancia Competitiva em Vendas, que aconteceu na noite de quarta-feira (26), abordou os seguintes temas: &#8230; <a title=\"CDL Muria\u00e9 promove 1\u00ba Semin\u00e1rio de Intelig\u00eancia Competitiva em Vendas\" class=\"read-more\" href=\"https:\/\/anoticiaonline.com.br\/site\/cdl-muriae-promove-1o-seminario-de-inteligencia-competitiva-em-vendas\/\" aria-label=\"Read more about CDL Muria\u00e9 promove 1\u00ba Semin\u00e1rio de Intelig\u00eancia Competitiva em Vendas\">Ler mais<\/a><\/p>\n","protected":false},"author":2,"featured_media":36505,"comment_status":"open","ping_status":"open","sticky":false,"template":"","format":"standard","meta":{"_acf_changed":false,"_monsterinsights_skip_tracking":false,"footnotes":""},"categories":[1],"tags":[121,723,724,725,721,722,720,611,358,3],"class_list":["post-36496","post","type-post","status-publish","format-standard","has-post-thumbnail","hentry","category-gerais","tag-cdl","tag-cdl-muriae","tag-daniel-de-miranda-carvalho","tag-george-rubadel","tag-internet-e-suas-oportunidades-de-negocios","tag-o-segredo-do-sucesso","tag-paulo-henrique-lima","tag-polmel-com","tag-sebrae","tag-slide"],"acf":[],"aioseo_notices":[],"aioseo_head":"\n\t\t<!-- All in One SEO 5.0.0.1 - aioseo.com -->\n\t<meta name=\"description\" content=\"Em parceria com o Sebrae, foram realizadas, no audit\u00f3rio do Col\u00e9gio Santa Marcelina, duas palestras promovidas pela C\u00e2mara de Dirigentes Lojistas (CDL) de Muria\u00e9 voltadas para os seus associados e demais interessados da cidade e regi\u00e3o. O 1\u00ba Semin\u00e1rio de Intelig\u00eancia Competitiva em Vendas, que aconteceu na noite de quarta-feira (26), abordou os seguintes temas:\" \/>\n\t<meta name=\"robots\" content=\"max-image-preview:large\" \/>\n\t<meta name=\"author\" content=\"Juliana Laviola\"\/>\n\t<link rel=\"canonical\" href=\"https:\/\/anoticiaonline.com.br\/site\/cdl-muriae-promove-1o-seminario-de-inteligencia-competitiva-em-vendas\/\" \/>\n\t<meta name=\"generator\" content=\"All in One SEO (AIOSEO) 5.0.0.1\" \/>\n\t\t<meta property=\"og:locale\" content=\"pt_BR\" \/>\n\t\t<meta property=\"og:site_name\" content=\"A Not\u00edcia Online - Noticias de Muria\u00e9 e regi\u00e3o\" \/>\n\t\t<meta property=\"og:type\" content=\"article\" \/>\n\t\t<meta property=\"og:title\" content=\"CDL Muria\u00e9 promove 1\u00ba Semin\u00e1rio de Intelig\u00eancia Competitiva em Vendas - A Not\u00edcia Online\" \/>\n\t\t<meta property=\"og:description\" content=\"Em parceria com o Sebrae, foram realizadas, no audit\u00f3rio do Col\u00e9gio Santa Marcelina, duas palestras promovidas pela C\u00e2mara de Dirigentes Lojistas (CDL) de Muria\u00e9 voltadas para os seus associados e demais interessados da cidade e regi\u00e3o. O 1\u00ba Semin\u00e1rio de Intelig\u00eancia Competitiva em Vendas, que aconteceu na noite de quarta-feira (26), abordou os seguintes temas:\" \/>\n\t\t<meta property=\"og:url\" content=\"https:\/\/anoticiaonline.com.br\/site\/cdl-muriae-promove-1o-seminario-de-inteligencia-competitiva-em-vendas\/\" \/>\n\t\t<meta property=\"og:image\" content=\"https:\/\/scontent-gig4-1.xx.fbcdn.net\/v\/t39.30808-1\/270437624_4564083193639691_6907940295614233970_n.jpg?stp=dst-jpg_s200x200_tt6&#038;_nc_cat=111&#038;ccb=1-7&#038;_nc_sid=f907e8&#038;_nc_ohc=SM1wRlP3lJwQ7kNvwEPuBYA&#038;_nc_oc=AdnqrjDN_BNjSSHWO-GbkIWH6fkGMLw4bqvL_NH6e2wMveX7G-rP2dAqsDSq1mJMOaY&#038;_nc_zt=24&#038;_nc_ht=scontent-gig4-1.xx&#038;_nc_gid=AoBFJeGrT1hVaew_6rchkQ&#038;oh=00_AfX7QmFGhQhG2jAllVgXCiM1ZrWgvtp80-Bfppyexh1QEg&#038;oe=689E923C\" \/>\n\t\t<meta property=\"og:image:secure_url\" content=\"https:\/\/scontent-gig4-1.xx.fbcdn.net\/v\/t39.30808-1\/270437624_4564083193639691_6907940295614233970_n.jpg?stp=dst-jpg_s200x200_tt6&#038;_nc_cat=111&#038;ccb=1-7&#038;_nc_sid=f907e8&#038;_nc_ohc=SM1wRlP3lJwQ7kNvwEPuBYA&#038;_nc_oc=AdnqrjDN_BNjSSHWO-GbkIWH6fkGMLw4bqvL_NH6e2wMveX7G-rP2dAqsDSq1mJMOaY&#038;_nc_zt=24&#038;_nc_ht=scontent-gig4-1.xx&#038;_nc_gid=AoBFJeGrT1hVaew_6rchkQ&#038;oh=00_AfX7QmFGhQhG2jAllVgXCiM1ZrWgvtp80-Bfppyexh1QEg&#038;oe=689E923C\" \/>\n\t\t<meta property=\"article:published_time\" content=\"2017-07-29T15:00:39+00:00\" \/>\n\t\t<meta property=\"article:modified_time\" content=\"2017-07-28T01:07:52+00:00\" \/>\n\t\t<meta name=\"twitter:card\" content=\"summary_large_image\" \/>\n\t\t<meta name=\"twitter:title\" content=\"CDL Muria\u00e9 promove 1\u00ba Semin\u00e1rio de Intelig\u00eancia Competitiva em Vendas - A Not\u00edcia Online\" \/>\n\t\t<meta name=\"twitter:description\" content=\"Em parceria com o Sebrae, foram realizadas, no audit\u00f3rio do Col\u00e9gio Santa Marcelina, duas palestras promovidas pela C\u00e2mara de Dirigentes Lojistas (CDL) de Muria\u00e9 voltadas para os seus associados e demais interessados da cidade e regi\u00e3o. O 1\u00ba Semin\u00e1rio de Intelig\u00eancia Competitiva em Vendas, que aconteceu na noite de quarta-feira (26), abordou os seguintes temas:\" \/>\n\t\t<meta name=\"twitter:image\" content=\"https:\/\/scontent-gig4-1.xx.fbcdn.net\/v\/t39.30808-1\/270437624_4564083193639691_6907940295614233970_n.jpg?stp=dst-jpg_s200x200_tt6&amp;_nc_cat=111&amp;ccb=1-7&amp;_nc_sid=f907e8&amp;_nc_ohc=SM1wRlP3lJwQ7kNvwEPuBYA&amp;_nc_oc=AdnqrjDN_BNjSSHWO-GbkIWH6fkGMLw4bqvL_NH6e2wMveX7G-rP2dAqsDSq1mJMOaY&amp;_nc_zt=24&amp;_nc_ht=scontent-gig4-1.xx&amp;_nc_gid=AoBFJeGrT1hVaew_6rchkQ&amp;oh=00_AfX7QmFGhQhG2jAllVgXCiM1ZrWgvtp80-Bfppyexh1QEg&amp;oe=689E923C\" \/>\n\t\t<script type=\"application\/ld+json\" class=\"aioseo-schema\">\n\t\t\t{\"@context\":\"https:\\\/\\\/schema.org\",\"@graph\":[{\"@type\":\"BlogPosting\",\"@id\":\"https:\\\/\\\/anoticiaonline.com.br\\\/site\\\/cdl-muriae-promove-1o-seminario-de-inteligencia-competitiva-em-vendas\\\/#blogposting\",\"name\":\"CDL Muria\\u00e9 promove 1\\u00ba Semin\\u00e1rio de Intelig\\u00eancia Competitiva em Vendas - A Not\\u00edcia Online\",\"headline\":\"CDL Muria\\u00e9 promove 1\\u00ba Semin\\u00e1rio de Intelig\\u00eancia Competitiva em Vendas\",\"author\":{\"@id\":\"https:\\\/\\\/anoticiaonline.com.br\\\/site\\\/author\\\/juliana\\\/#author\"},\"publisher\":{\"@id\":\"https:\\\/\\\/anoticiaonline.com.br\\\/site\\\/#organization\"},\"image\":{\"@type\":\"ImageObject\",\"url\":\"https:\\\/\\\/anoticiaonline.com.br\\\/site\\\/wp-content\\\/uploads\\\/2017\\\/07\\\/DSC_0702.jpg\",\"width\":640,\"height\":427},\"datePublished\":\"2017-07-29T12:00:39-03:00\",\"dateModified\":\"2017-07-27T22:07:52-03:00\",\"inLanguage\":\"pt-BR\",\"mainEntityOfPage\":{\"@id\":\"https:\\\/\\\/anoticiaonline.com.br\\\/site\\\/cdl-muriae-promove-1o-seminario-de-inteligencia-competitiva-em-vendas\\\/#webpage\"},\"isPartOf\":{\"@id\":\"https:\\\/\\\/anoticiaonline.com.br\\\/site\\\/cdl-muriae-promove-1o-seminario-de-inteligencia-competitiva-em-vendas\\\/#webpage\"},\"articleSection\":\"Gerais, cdl, CDL Muria\\u00e9, Daniel de Miranda Carvalho, George Rubadel, Internet e Suas Oportunidades de Neg\\u00f3cios, O Segredo do Sucesso, Paulo Henrique Lima, Polmel.com, sebrae, slide\"},{\"@type\":\"BreadcrumbList\",\"@id\":\"https:\\\/\\\/anoticiaonline.com.br\\\/site\\\/cdl-muriae-promove-1o-seminario-de-inteligencia-competitiva-em-vendas\\\/#breadcrumblist\",\"itemListElement\":[{\"@type\":\"ListItem\",\"@id\":\"https:\\\/\\\/anoticiaonline.com.br\\\/site#listItem\",\"position\":1,\"name\":\"Home\",\"item\":\"https:\\\/\\\/anoticiaonline.com.br\\\/site\",\"nextItem\":{\"@type\":\"ListItem\",\"@id\":\"https:\\\/\\\/anoticiaonline.com.br\\\/site\\\/categoria\\\/gerais\\\/#listItem\",\"name\":\"Gerais\"}},{\"@type\":\"ListItem\",\"@id\":\"https:\\\/\\\/anoticiaonline.com.br\\\/site\\\/categoria\\\/gerais\\\/#listItem\",\"position\":2,\"name\":\"Gerais\",\"item\":\"https:\\\/\\\/anoticiaonline.com.br\\\/site\\\/categoria\\\/gerais\\\/\",\"nextItem\":{\"@type\":\"ListItem\",\"@id\":\"https:\\\/\\\/anoticiaonline.com.br\\\/site\\\/cdl-muriae-promove-1o-seminario-de-inteligencia-competitiva-em-vendas\\\/#listItem\",\"name\":\"CDL Muria\\u00e9 promove 1\\u00ba Semin\\u00e1rio de Intelig\\u00eancia Competitiva em Vendas\"},\"previousItem\":{\"@type\":\"ListItem\",\"@id\":\"https:\\\/\\\/anoticiaonline.com.br\\\/site#listItem\",\"name\":\"Home\"}},{\"@type\":\"ListItem\",\"@id\":\"https:\\\/\\\/anoticiaonline.com.br\\\/site\\\/cdl-muriae-promove-1o-seminario-de-inteligencia-competitiva-em-vendas\\\/#listItem\",\"position\":3,\"name\":\"CDL Muria\\u00e9 promove 1\\u00ba Semin\\u00e1rio de Intelig\\u00eancia Competitiva em Vendas\",\"previousItem\":{\"@type\":\"ListItem\",\"@id\":\"https:\\\/\\\/anoticiaonline.com.br\\\/site\\\/categoria\\\/gerais\\\/#listItem\",\"name\":\"Gerais\"}}]},{\"@type\":\"Organization\",\"@id\":\"https:\\\/\\\/anoticiaonline.com.br\\\/site\\\/#organization\",\"name\":\"A Not\\u00edcia Online\",\"description\":\"Noticias de Muria\\u00e9 e regi\\u00e3o\",\"url\":\"https:\\\/\\\/anoticiaonline.com.br\\\/site\\\/\",\"logo\":{\"@type\":\"ImageObject\",\"url\":\"https:\\\/\\\/scontent-gig4-1.xx.fbcdn.net\\\/v\\\/t39.30808-1\\\/270437624_4564083193639691_6907940295614233970_n.jpg?stp=dst-jpg_s200x200_tt6&_nc_cat=111&ccb=1-7&_nc_sid=f907e8&_nc_ohc=SM1wRlP3lJwQ7kNvwEPuBYA&_nc_oc=AdnqrjDN_BNjSSHWO-GbkIWH6fkGMLw4bqvL_NH6e2wMveX7G-rP2dAqsDSq1mJMOaY&_nc_zt=24&_nc_ht=scontent-gig4-1.xx&_nc_gid=AoBFJeGrT1hVaew_6rchkQ&oh=00_AfX7QmFGhQhG2jAllVgXCiM1ZrWgvtp80-Bfppyexh1QEg&oe=689E923C\",\"@id\":\"https:\\\/\\\/anoticiaonline.com.br\\\/site\\\/cdl-muriae-promove-1o-seminario-de-inteligencia-competitiva-em-vendas\\\/#organizationLogo\"},\"image\":{\"@id\":\"https:\\\/\\\/anoticiaonline.com.br\\\/site\\\/cdl-muriae-promove-1o-seminario-de-inteligencia-competitiva-em-vendas\\\/#organizationLogo\"}},{\"@type\":\"Person\",\"@id\":\"https:\\\/\\\/anoticiaonline.com.br\\\/site\\\/author\\\/juliana\\\/#author\",\"url\":\"https:\\\/\\\/anoticiaonline.com.br\\\/site\\\/author\\\/juliana\\\/\",\"name\":\"Juliana Laviola\",\"image\":{\"@type\":\"ImageObject\",\"@id\":\"https:\\\/\\\/anoticiaonline.com.br\\\/site\\\/cdl-muriae-promove-1o-seminario-de-inteligencia-competitiva-em-vendas\\\/#authorImage\",\"url\":\"https:\\\/\\\/secure.gravatar.com\\\/avatar\\\/b8d45f5c699b100dfaf0e543582f38f38bf94cb7ae3a5e9abf8d891a34773335?s=96&d=mm&r=g\",\"width\":96,\"height\":96,\"caption\":\"Juliana Laviola\"}},{\"@type\":\"WebPage\",\"@id\":\"https:\\\/\\\/anoticiaonline.com.br\\\/site\\\/cdl-muriae-promove-1o-seminario-de-inteligencia-competitiva-em-vendas\\\/#webpage\",\"url\":\"https:\\\/\\\/anoticiaonline.com.br\\\/site\\\/cdl-muriae-promove-1o-seminario-de-inteligencia-competitiva-em-vendas\\\/\",\"name\":\"CDL Muria\\u00e9 promove 1\\u00ba Semin\\u00e1rio de Intelig\\u00eancia Competitiva em Vendas - A Not\\u00edcia Online\",\"description\":\"Em parceria com o Sebrae, foram realizadas, no audit\\u00f3rio do Col\\u00e9gio Santa Marcelina, duas palestras promovidas pela C\\u00e2mara de Dirigentes Lojistas (CDL) de Muria\\u00e9 voltadas para os seus associados e demais interessados da cidade e regi\\u00e3o. O 1\\u00ba Semin\\u00e1rio de Intelig\\u00eancia Competitiva em Vendas, que aconteceu na noite de quarta-feira (26), abordou os seguintes temas:\",\"inLanguage\":\"pt-BR\",\"isPartOf\":{\"@id\":\"https:\\\/\\\/anoticiaonline.com.br\\\/site\\\/#website\"},\"breadcrumb\":{\"@id\":\"https:\\\/\\\/anoticiaonline.com.br\\\/site\\\/cdl-muriae-promove-1o-seminario-de-inteligencia-competitiva-em-vendas\\\/#breadcrumblist\"},\"author\":{\"@id\":\"https:\\\/\\\/anoticiaonline.com.br\\\/site\\\/author\\\/juliana\\\/#author\"},\"creator\":{\"@id\":\"https:\\\/\\\/anoticiaonline.com.br\\\/site\\\/author\\\/juliana\\\/#author\"},\"image\":{\"@type\":\"ImageObject\",\"url\":\"https:\\\/\\\/anoticiaonline.com.br\\\/site\\\/wp-content\\\/uploads\\\/2017\\\/07\\\/DSC_0702.jpg\",\"@id\":\"https:\\\/\\\/anoticiaonline.com.br\\\/site\\\/cdl-muriae-promove-1o-seminario-de-inteligencia-competitiva-em-vendas\\\/#mainImage\",\"width\":640,\"height\":427},\"primaryImageOfPage\":{\"@id\":\"https:\\\/\\\/anoticiaonline.com.br\\\/site\\\/cdl-muriae-promove-1o-seminario-de-inteligencia-competitiva-em-vendas\\\/#mainImage\"},\"datePublished\":\"2017-07-29T12:00:39-03:00\",\"dateModified\":\"2017-07-27T22:07:52-03:00\"},{\"@type\":\"WebSite\",\"@id\":\"https:\\\/\\\/anoticiaonline.com.br\\\/site\\\/#website\",\"url\":\"https:\\\/\\\/anoticiaonline.com.br\\\/site\\\/\",\"name\":\"A Not\\u00edcia Online\",\"description\":\"Noticias de Muria\\u00e9 e regi\\u00e3o\",\"inLanguage\":\"pt-BR\",\"publisher\":{\"@id\":\"https:\\\/\\\/anoticiaonline.com.br\\\/site\\\/#organization\"}}]}\n\t\t<\/script>\n\t\t<!-- All in One SEO -->\n\n","aioseo_head_json":{"title":"CDL Muria\u00e9 promove 1\u00ba Semin\u00e1rio de Intelig\u00eancia Competitiva em Vendas - A Not\u00edcia Online","description":"Em parceria com o Sebrae, foram realizadas, no audit\u00f3rio do Col\u00e9gio Santa Marcelina, duas palestras promovidas pela C\u00e2mara de Dirigentes Lojistas (CDL) de Muria\u00e9 voltadas para os seus associados e demais interessados da cidade e regi\u00e3o. O 1\u00ba Semin\u00e1rio de Intelig\u00eancia Competitiva em Vendas, que aconteceu na noite de quarta-feira (26), abordou os seguintes temas:","canonical_url":"https:\/\/anoticiaonline.com.br\/site\/cdl-muriae-promove-1o-seminario-de-inteligencia-competitiva-em-vendas\/","robots":"max-image-preview:large","keywords":"","webmasterTools":{"miscellaneous":""},"schema":{"@context":"https:\/\/schema.org","@graph":[{"@type":"BlogPosting","@id":"https:\/\/anoticiaonline.com.br\/site\/cdl-muriae-promove-1o-seminario-de-inteligencia-competitiva-em-vendas\/#blogposting","name":"CDL Muria\u00e9 promove 1\u00ba Semin\u00e1rio de Intelig\u00eancia Competitiva em Vendas - A Not\u00edcia Online","headline":"CDL Muria\u00e9 promove 1\u00ba Semin\u00e1rio de Intelig\u00eancia Competitiva em Vendas","author":{"@id":"https:\/\/anoticiaonline.com.br\/site\/author\/juliana\/#author"},"publisher":{"@id":"https:\/\/anoticiaonline.com.br\/site\/#organization"},"image":{"@type":"ImageObject","url":"https:\/\/anoticiaonline.com.br\/site\/wp-content\/uploads\/2017\/07\/DSC_0702.jpg","width":640,"height":427},"datePublished":"2017-07-29T12:00:39-03:00","dateModified":"2017-07-27T22:07:52-03:00","inLanguage":"pt-BR","mainEntityOfPage":{"@id":"https:\/\/anoticiaonline.com.br\/site\/cdl-muriae-promove-1o-seminario-de-inteligencia-competitiva-em-vendas\/#webpage"},"isPartOf":{"@id":"https:\/\/anoticiaonline.com.br\/site\/cdl-muriae-promove-1o-seminario-de-inteligencia-competitiva-em-vendas\/#webpage"},"articleSection":"Gerais, cdl, CDL Muria\u00e9, Daniel de Miranda Carvalho, George Rubadel, Internet e Suas Oportunidades de Neg\u00f3cios, O Segredo do Sucesso, Paulo Henrique Lima, Polmel.com, sebrae, slide"},{"@type":"BreadcrumbList","@id":"https:\/\/anoticiaonline.com.br\/site\/cdl-muriae-promove-1o-seminario-de-inteligencia-competitiva-em-vendas\/#breadcrumblist","itemListElement":[{"@type":"ListItem","@id":"https:\/\/anoticiaonline.com.br\/site#listItem","position":1,"name":"Home","item":"https:\/\/anoticiaonline.com.br\/site","nextItem":{"@type":"ListItem","@id":"https:\/\/anoticiaonline.com.br\/site\/categoria\/gerais\/#listItem","name":"Gerais"}},{"@type":"ListItem","@id":"https:\/\/anoticiaonline.com.br\/site\/categoria\/gerais\/#listItem","position":2,"name":"Gerais","item":"https:\/\/anoticiaonline.com.br\/site\/categoria\/gerais\/","nextItem":{"@type":"ListItem","@id":"https:\/\/anoticiaonline.com.br\/site\/cdl-muriae-promove-1o-seminario-de-inteligencia-competitiva-em-vendas\/#listItem","name":"CDL Muria\u00e9 promove 1\u00ba Semin\u00e1rio de Intelig\u00eancia Competitiva em Vendas"},"previousItem":{"@type":"ListItem","@id":"https:\/\/anoticiaonline.com.br\/site#listItem","name":"Home"}},{"@type":"ListItem","@id":"https:\/\/anoticiaonline.com.br\/site\/cdl-muriae-promove-1o-seminario-de-inteligencia-competitiva-em-vendas\/#listItem","position":3,"name":"CDL Muria\u00e9 promove 1\u00ba Semin\u00e1rio de Intelig\u00eancia Competitiva em Vendas","previousItem":{"@type":"ListItem","@id":"https:\/\/anoticiaonline.com.br\/site\/categoria\/gerais\/#listItem","name":"Gerais"}}]},{"@type":"Organization","@id":"https:\/\/anoticiaonline.com.br\/site\/#organization","name":"A Not\u00edcia Online","description":"Noticias de Muria\u00e9 e regi\u00e3o","url":"https:\/\/anoticiaonline.com.br\/site\/","logo":{"@type":"ImageObject","url":"https:\/\/scontent-gig4-1.xx.fbcdn.net\/v\/t39.30808-1\/270437624_4564083193639691_6907940295614233970_n.jpg?stp=dst-jpg_s200x200_tt6&_nc_cat=111&ccb=1-7&_nc_sid=f907e8&_nc_ohc=SM1wRlP3lJwQ7kNvwEPuBYA&_nc_oc=AdnqrjDN_BNjSSHWO-GbkIWH6fkGMLw4bqvL_NH6e2wMveX7G-rP2dAqsDSq1mJMOaY&_nc_zt=24&_nc_ht=scontent-gig4-1.xx&_nc_gid=AoBFJeGrT1hVaew_6rchkQ&oh=00_AfX7QmFGhQhG2jAllVgXCiM1ZrWgvtp80-Bfppyexh1QEg&oe=689E923C","@id":"https:\/\/anoticiaonline.com.br\/site\/cdl-muriae-promove-1o-seminario-de-inteligencia-competitiva-em-vendas\/#organizationLogo"},"image":{"@id":"https:\/\/anoticiaonline.com.br\/site\/cdl-muriae-promove-1o-seminario-de-inteligencia-competitiva-em-vendas\/#organizationLogo"}},{"@type":"Person","@id":"https:\/\/anoticiaonline.com.br\/site\/author\/juliana\/#author","url":"https:\/\/anoticiaonline.com.br\/site\/author\/juliana\/","name":"Juliana Laviola","image":{"@type":"ImageObject","@id":"https:\/\/anoticiaonline.com.br\/site\/cdl-muriae-promove-1o-seminario-de-inteligencia-competitiva-em-vendas\/#authorImage","url":"https:\/\/secure.gravatar.com\/avatar\/b8d45f5c699b100dfaf0e543582f38f38bf94cb7ae3a5e9abf8d891a34773335?s=96&d=mm&r=g","width":96,"height":96,"caption":"Juliana Laviola"}},{"@type":"WebPage","@id":"https:\/\/anoticiaonline.com.br\/site\/cdl-muriae-promove-1o-seminario-de-inteligencia-competitiva-em-vendas\/#webpage","url":"https:\/\/anoticiaonline.com.br\/site\/cdl-muriae-promove-1o-seminario-de-inteligencia-competitiva-em-vendas\/","name":"CDL Muria\u00e9 promove 1\u00ba Semin\u00e1rio de Intelig\u00eancia Competitiva em Vendas - A Not\u00edcia Online","description":"Em parceria com o Sebrae, foram realizadas, no audit\u00f3rio do Col\u00e9gio Santa Marcelina, duas palestras promovidas pela C\u00e2mara de Dirigentes Lojistas (CDL) de Muria\u00e9 voltadas para os seus associados e demais interessados da cidade e regi\u00e3o. O 1\u00ba Semin\u00e1rio de Intelig\u00eancia Competitiva em Vendas, que aconteceu na noite de quarta-feira (26), abordou os seguintes temas:","inLanguage":"pt-BR","isPartOf":{"@id":"https:\/\/anoticiaonline.com.br\/site\/#website"},"breadcrumb":{"@id":"https:\/\/anoticiaonline.com.br\/site\/cdl-muriae-promove-1o-seminario-de-inteligencia-competitiva-em-vendas\/#breadcrumblist"},"author":{"@id":"https:\/\/anoticiaonline.com.br\/site\/author\/juliana\/#author"},"creator":{"@id":"https:\/\/anoticiaonline.com.br\/site\/author\/juliana\/#author"},"image":{"@type":"ImageObject","url":"https:\/\/anoticiaonline.com.br\/site\/wp-content\/uploads\/2017\/07\/DSC_0702.jpg","@id":"https:\/\/anoticiaonline.com.br\/site\/cdl-muriae-promove-1o-seminario-de-inteligencia-competitiva-em-vendas\/#mainImage","width":640,"height":427},"primaryImageOfPage":{"@id":"https:\/\/anoticiaonline.com.br\/site\/cdl-muriae-promove-1o-seminario-de-inteligencia-competitiva-em-vendas\/#mainImage"},"datePublished":"2017-07-29T12:00:39-03:00","dateModified":"2017-07-27T22:07:52-03:00"},{"@type":"WebSite","@id":"https:\/\/anoticiaonline.com.br\/site\/#website","url":"https:\/\/anoticiaonline.com.br\/site\/","name":"A Not\u00edcia Online","description":"Noticias de Muria\u00e9 e regi\u00e3o","inLanguage":"pt-BR","publisher":{"@id":"https:\/\/anoticiaonline.com.br\/site\/#organization"}}]},"og:locale":"pt_BR","og:site_name":"A Not\u00edcia Online - Noticias de Muria\u00e9 e regi\u00e3o","og:type":"article","og:title":"CDL Muria\u00e9 promove 1\u00ba Semin\u00e1rio de Intelig\u00eancia Competitiva em Vendas - A Not\u00edcia Online","og:description":"Em parceria com o Sebrae, foram realizadas, no audit\u00f3rio do Col\u00e9gio Santa Marcelina, duas palestras promovidas pela C\u00e2mara de Dirigentes Lojistas (CDL) de Muria\u00e9 voltadas para os seus associados e demais interessados da cidade e regi\u00e3o. O 1\u00ba Semin\u00e1rio de Intelig\u00eancia Competitiva em Vendas, que aconteceu na noite de quarta-feira (26), abordou os seguintes temas:","og:url":"https:\/\/anoticiaonline.com.br\/site\/cdl-muriae-promove-1o-seminario-de-inteligencia-competitiva-em-vendas\/","og:image":"https:\/\/scontent-gig4-1.xx.fbcdn.net\/v\/t39.30808-1\/270437624_4564083193639691_6907940295614233970_n.jpg?stp=dst-jpg_s200x200_tt6&#038;_nc_cat=111&#038;ccb=1-7&#038;_nc_sid=f907e8&#038;_nc_ohc=SM1wRlP3lJwQ7kNvwEPuBYA&#038;_nc_oc=AdnqrjDN_BNjSSHWO-GbkIWH6fkGMLw4bqvL_NH6e2wMveX7G-rP2dAqsDSq1mJMOaY&#038;_nc_zt=24&#038;_nc_ht=scontent-gig4-1.xx&#038;_nc_gid=AoBFJeGrT1hVaew_6rchkQ&#038;oh=00_AfX7QmFGhQhG2jAllVgXCiM1ZrWgvtp80-Bfppyexh1QEg&#038;oe=689E923C","og:image:secure_url":"https:\/\/scontent-gig4-1.xx.fbcdn.net\/v\/t39.30808-1\/270437624_4564083193639691_6907940295614233970_n.jpg?stp=dst-jpg_s200x200_tt6&#038;_nc_cat=111&#038;ccb=1-7&#038;_nc_sid=f907e8&#038;_nc_ohc=SM1wRlP3lJwQ7kNvwEPuBYA&#038;_nc_oc=AdnqrjDN_BNjSSHWO-GbkIWH6fkGMLw4bqvL_NH6e2wMveX7G-rP2dAqsDSq1mJMOaY&#038;_nc_zt=24&#038;_nc_ht=scontent-gig4-1.xx&#038;_nc_gid=AoBFJeGrT1hVaew_6rchkQ&#038;oh=00_AfX7QmFGhQhG2jAllVgXCiM1ZrWgvtp80-Bfppyexh1QEg&#038;oe=689E923C","article:published_time":"2017-07-29T15:00:39+00:00","article:modified_time":"2017-07-28T01:07:52+00:00","twitter:card":"summary_large_image","twitter:title":"CDL Muria\u00e9 promove 1\u00ba Semin\u00e1rio de Intelig\u00eancia Competitiva em Vendas - A Not\u00edcia Online","twitter:description":"Em parceria com o Sebrae, foram realizadas, no audit\u00f3rio do Col\u00e9gio Santa Marcelina, duas palestras promovidas pela C\u00e2mara de Dirigentes Lojistas (CDL) de Muria\u00e9 voltadas para os seus associados e demais interessados da cidade e regi\u00e3o. O 1\u00ba Semin\u00e1rio de Intelig\u00eancia Competitiva em Vendas, que aconteceu na noite de quarta-feira (26), abordou os seguintes temas:","twitter:image":"https:\/\/scontent-gig4-1.xx.fbcdn.net\/v\/t39.30808-1\/270437624_4564083193639691_6907940295614233970_n.jpg?stp=dst-jpg_s200x200_tt6&_nc_cat=111&ccb=1-7&_nc_sid=f907e8&_nc_ohc=SM1wRlP3lJwQ7kNvwEPuBYA&_nc_oc=AdnqrjDN_BNjSSHWO-GbkIWH6fkGMLw4bqvL_NH6e2wMveX7G-rP2dAqsDSq1mJMOaY&_nc_zt=24&_nc_ht=scontent-gig4-1.xx&_nc_gid=AoBFJeGrT1hVaew_6rchkQ&oh=00_AfX7QmFGhQhG2jAllVgXCiM1ZrWgvtp80-Bfppyexh1QEg&oe=689E923C"},"aioseo_meta_data":{"post_id":"36496","title":null,"description":null,"keywords":null,"keyphrases":null,"primary_term":null,"canonical_url":null,"og_title":null,"og_description":null,"og_object_type":"default","og_image_type":"default","og_image_url":null,"og_image_width":null,"og_image_height":null,"og_image_custom_url":null,"og_image_custom_fields":null,"og_video":null,"og_custom_url":null,"og_article_section":null,"og_article_tags":null,"twitter_use_og":false,"twitter_card":"default","twitter_image_type":"default","twitter_image_url":null,"twitter_image_custom_url":null,"twitter_image_custom_fields":null,"twitter_title":null,"twitter_description":null,"schema":{"blockGraphs":[],"customGraphs":[],"default":{"data":{"Article":[],"Course":[],"Dataset":[],"FAQPage":[],"Movie":[],"Person":[],"Product":[],"ProductReview":[],"Car":[],"Recipe":[],"Service":[],"SoftwareApplication":[],"WebPage":[]},"graphName":"","isEnabled":true},"graphs":[]},"schema_type":"default","schema_type_options":null,"pillar_content":false,"robots_default":true,"robots_noindex":false,"robots_noarchive":false,"robots_nosnippet":false,"robots_nofollow":false,"robots_noimageindex":false,"robots_noodp":false,"robots_notranslate":false,"robots_max_snippet":null,"robots_max_videopreview":null,"robots_max_imagepreview":"large","priority":null,"frequency":null,"local_seo":null,"breadcrumb_settings":null,"limit_modified_date":false,"ai":null,"created":"2025-08-16 18:59:07","updated":"2025-08-16 18:59:07","focus_keyword":null,"additional_keywords":null,"truseo_locale":null,"seo_analyzer_scan_date":null},"aioseo_breadcrumb":"<div class=\"aioseo-breadcrumbs\"><span class=\"aioseo-breadcrumb\">\n\t\t\t<a href=\"https:\/\/anoticiaonline.com.br\/site\" title=\"Home\">Home<\/a>\n\t\t<\/span><span class=\"aioseo-breadcrumb-separator\">&raquo;<\/span><span class=\"aioseo-breadcrumb\">\n\t\t\t<a href=\"https:\/\/anoticiaonline.com.br\/site\/categoria\/gerais\/\" title=\"Gerais\">Gerais<\/a>\n\t\t<\/span><span class=\"aioseo-breadcrumb-separator\">&raquo;<\/span><span class=\"aioseo-breadcrumb\">\n\t\t\tCDL Muria\u00e9 promove 1\u00ba Semin\u00e1rio de Intelig\u00eancia Competitiva em Vendas\n\t\t<\/span><\/div>","aioseo_breadcrumb_json":[{"label":"Home","link":"https:\/\/anoticiaonline.com.br\/site"},{"label":"Gerais","link":"https:\/\/anoticiaonline.com.br\/site\/categoria\/gerais\/"},{"label":"CDL Muria\u00e9 promove 1\u00ba Semin\u00e1rio de Intelig\u00eancia Competitiva em Vendas","link":"https:\/\/anoticiaonline.com.br\/site\/cdl-muriae-promove-1o-seminario-de-inteligencia-competitiva-em-vendas\/"}],"views":121,"_links":{"self":[{"href":"https:\/\/anoticiaonline.com.br\/site\/wp-json\/wp\/v2\/posts\/36496","targetHints":{"allow":["GET"]}}],"collection":[{"href":"https:\/\/anoticiaonline.com.br\/site\/wp-json\/wp\/v2\/posts"}],"about":[{"href":"https:\/\/anoticiaonline.com.br\/site\/wp-json\/wp\/v2\/types\/post"}],"author":[{"embeddable":true,"href":"https:\/\/anoticiaonline.com.br\/site\/wp-json\/wp\/v2\/users\/2"}],"replies":[{"embeddable":true,"href":"https:\/\/anoticiaonline.com.br\/site\/wp-json\/wp\/v2\/comments?post=36496"}],"version-history":[{"count":0,"href":"https:\/\/anoticiaonline.com.br\/site\/wp-json\/wp\/v2\/posts\/36496\/revisions"}],"wp:featuredmedia":[{"embeddable":true,"href":"https:\/\/anoticiaonline.com.br\/site\/wp-json\/wp\/v2\/media\/36505"}],"wp:attachment":[{"href":"https:\/\/anoticiaonline.com.br\/site\/wp-json\/wp\/v2\/media?parent=36496"}],"wp:term":[{"taxonomy":"category","embeddable":true,"href":"https:\/\/anoticiaonline.com.br\/site\/wp-json\/wp\/v2\/categories?post=36496"},{"taxonomy":"post_tag","embeddable":true,"href":"https:\/\/anoticiaonline.com.br\/site\/wp-json\/wp\/v2\/tags?post=36496"}],"curies":[{"name":"wp","href":"https:\/\/api.w.org\/{rel}","templated":true}]}}