{"id":36307,"date":"2017-07-26T17:01:04","date_gmt":"2017-07-26T20:01:04","guid":{"rendered":"http:\/\/anoticiaonline.com.br\/site\/?p=36307"},"modified":"2017-07-26T17:01:04","modified_gmt":"2017-07-26T20:01:04","slug":"abordagem-social-retira-moradores-de-rua-da-praca-joao-pinheiro","status":"publish","type":"post","link":"https:\/\/anoticiaonline.com.br\/site\/abordagem-social-retira-moradores-de-rua-da-praca-joao-pinheiro\/","title":{"rendered":"Abordagem social retira moradores de rua da Pra\u00e7a Jo\u00e3o Pinheiro"},"content":{"rendered":"<p><a href=\"https:\/\/anoticiaonline.com.br\/site\/wp-content\/uploads\/2017\/07\/Abordagem-social-retira-moradores-de-rua-da-Pra\u00e7a-Jo\u00e3o-Pinheiro.jpg\"><img fetchpriority=\"high\" decoding=\"async\" class=\"size-medium wp-image-36308 alignleft\" src=\"https:\/\/anoticiaonline.com.br\/site\/wp-content\/uploads\/2017\/07\/Abordagem-social-retira-moradores-de-rua-da-Pra\u00e7a-Jo\u00e3o-Pinheiro-300x225.jpg\" alt=\"\" width=\"300\" height=\"225\" srcset=\"https:\/\/anoticiaonline.com.br\/site\/wp-content\/uploads\/2017\/07\/Abordagem-social-retira-moradores-de-rua-da-Pra\u00e7a-Jo\u00e3o-Pinheiro-300x225.jpg 300w, https:\/\/anoticiaonline.com.br\/site\/wp-content\/uploads\/2017\/07\/Abordagem-social-retira-moradores-de-rua-da-Pra\u00e7a-Jo\u00e3o-Pinheiro.jpg 640w\" sizes=\"(max-width: 300px) 100vw, 300px\" \/><\/a> <a href=\"https:\/\/anoticiaonline.com.br\/site\/wp-content\/uploads\/2017\/07\/Abordagem-social-retira-moradores-de-rua-da-Pra\u00e7a-Jo\u00e3o-Pinheiro-2.jpg\"><img decoding=\"async\" class=\"size-medium wp-image-36309 alignleft\" src=\"https:\/\/anoticiaonline.com.br\/site\/wp-content\/uploads\/2017\/07\/Abordagem-social-retira-moradores-de-rua-da-Pra\u00e7a-Jo\u00e3o-Pinheiro-2-300x225.jpg\" alt=\"\" width=\"300\" height=\"225\" srcset=\"https:\/\/anoticiaonline.com.br\/site\/wp-content\/uploads\/2017\/07\/Abordagem-social-retira-moradores-de-rua-da-Pra\u00e7a-Jo\u00e3o-Pinheiro-2-300x225.jpg 300w, https:\/\/anoticiaonline.com.br\/site\/wp-content\/uploads\/2017\/07\/Abordagem-social-retira-moradores-de-rua-da-Pra\u00e7a-Jo\u00e3o-Pinheiro-2.jpg 640w\" sizes=\"(max-width: 300px) 100vw, 300px\" \/><\/a> <a href=\"https:\/\/anoticiaonline.com.br\/site\/wp-content\/uploads\/2017\/07\/Abordagem-social-retira-moradores-de-rua-da-Pra\u00e7a-Jo\u00e3o-Pinheiro-3.jpg\"><img decoding=\"async\" class=\"size-medium wp-image-36310 alignleft\" src=\"https:\/\/anoticiaonline.com.br\/site\/wp-content\/uploads\/2017\/07\/Abordagem-social-retira-moradores-de-rua-da-Pra\u00e7a-Jo\u00e3o-Pinheiro-3-300x225.jpg\" alt=\"\" width=\"300\" height=\"225\" srcset=\"https:\/\/anoticiaonline.com.br\/site\/wp-content\/uploads\/2017\/07\/Abordagem-social-retira-moradores-de-rua-da-Pra\u00e7a-Jo\u00e3o-Pinheiro-3-300x225.jpg 300w, https:\/\/anoticiaonline.com.br\/site\/wp-content\/uploads\/2017\/07\/Abordagem-social-retira-moradores-de-rua-da-Pra\u00e7a-Jo\u00e3o-Pinheiro-3.jpg 640w\" sizes=\"(max-width: 300px) 100vw, 300px\" \/><\/a> <a href=\"https:\/\/anoticiaonline.com.br\/site\/wp-content\/uploads\/2017\/07\/Abordagem-social-retira-moradores-de-rua-da-Pra\u00e7a-Jo\u00e3o-Pinheiro-4.jpg\"><img loading=\"lazy\" decoding=\"async\" class=\"size-medium wp-image-36311 alignleft\" src=\"https:\/\/anoticiaonline.com.br\/site\/wp-content\/uploads\/2017\/07\/Abordagem-social-retira-moradores-de-rua-da-Pra\u00e7a-Jo\u00e3o-Pinheiro-4-300x225.jpg\" alt=\"\" width=\"300\" height=\"225\" srcset=\"https:\/\/anoticiaonline.com.br\/site\/wp-content\/uploads\/2017\/07\/Abordagem-social-retira-moradores-de-rua-da-Pra\u00e7a-Jo\u00e3o-Pinheiro-4-300x225.jpg 300w, https:\/\/anoticiaonline.com.br\/site\/wp-content\/uploads\/2017\/07\/Abordagem-social-retira-moradores-de-rua-da-Pra\u00e7a-Jo\u00e3o-Pinheiro-4.jpg 640w\" sizes=\"(max-width: 300px) 100vw, 300px\" \/><\/a> <a href=\"https:\/\/anoticiaonline.com.br\/site\/wp-content\/uploads\/2017\/07\/Abordagem-social-retira-moradores-de-rua-da-Pra\u00e7a-Jo\u00e3o-Pinheiro-5.jpg\"><img loading=\"lazy\" decoding=\"async\" class=\"size-medium wp-image-36312 alignleft\" src=\"https:\/\/anoticiaonline.com.br\/site\/wp-content\/uploads\/2017\/07\/Abordagem-social-retira-moradores-de-rua-da-Pra\u00e7a-Jo\u00e3o-Pinheiro-5-300x225.jpg\" alt=\"\" width=\"300\" height=\"225\" srcset=\"https:\/\/anoticiaonline.com.br\/site\/wp-content\/uploads\/2017\/07\/Abordagem-social-retira-moradores-de-rua-da-Pra\u00e7a-Jo\u00e3o-Pinheiro-5-300x225.jpg 300w, https:\/\/anoticiaonline.com.br\/site\/wp-content\/uploads\/2017\/07\/Abordagem-social-retira-moradores-de-rua-da-Pra\u00e7a-Jo\u00e3o-Pinheiro-5.jpg 640w\" sizes=\"(max-width: 300px) 100vw, 300px\" \/><\/a> <a href=\"https:\/\/anoticiaonline.com.br\/site\/wp-content\/uploads\/2017\/07\/Abordagem-social-retira-moradores-de-rua-da-Pra\u00e7a-Jo\u00e3o-Pinheiro-6.jpg\"><img loading=\"lazy\" decoding=\"async\" class=\"size-medium wp-image-36313 alignleft\" src=\"https:\/\/anoticiaonline.com.br\/site\/wp-content\/uploads\/2017\/07\/Abordagem-social-retira-moradores-de-rua-da-Pra\u00e7a-Jo\u00e3o-Pinheiro-6-300x225.jpg\" alt=\"\" width=\"300\" height=\"225\" srcset=\"https:\/\/anoticiaonline.com.br\/site\/wp-content\/uploads\/2017\/07\/Abordagem-social-retira-moradores-de-rua-da-Pra\u00e7a-Jo\u00e3o-Pinheiro-6-300x225.jpg 300w, https:\/\/anoticiaonline.com.br\/site\/wp-content\/uploads\/2017\/07\/Abordagem-social-retira-moradores-de-rua-da-Pra\u00e7a-Jo\u00e3o-Pinheiro-6.jpg 640w\" sizes=\"(max-width: 300px) 100vw, 300px\" \/><\/a> <a href=\"https:\/\/anoticiaonline.com.br\/site\/wp-content\/uploads\/2017\/07\/Abordagem-social-retira-moradores-de-rua-da-Pra\u00e7a-Jo\u00e3o-Pinheiro-7.jpg\"><img loading=\"lazy\" decoding=\"async\" class=\"size-medium wp-image-36314 alignleft\" src=\"https:\/\/anoticiaonline.com.br\/site\/wp-content\/uploads\/2017\/07\/Abordagem-social-retira-moradores-de-rua-da-Pra\u00e7a-Jo\u00e3o-Pinheiro-7-300x225.jpg\" alt=\"\" width=\"300\" height=\"225\" srcset=\"https:\/\/anoticiaonline.com.br\/site\/wp-content\/uploads\/2017\/07\/Abordagem-social-retira-moradores-de-rua-da-Pra\u00e7a-Jo\u00e3o-Pinheiro-7-300x225.jpg 300w, https:\/\/anoticiaonline.com.br\/site\/wp-content\/uploads\/2017\/07\/Abordagem-social-retira-moradores-de-rua-da-Pra\u00e7a-Jo\u00e3o-Pinheiro-7.jpg 640w\" sizes=\"(max-width: 300px) 100vw, 300px\" \/><\/a> <a href=\"https:\/\/anoticiaonline.com.br\/site\/wp-content\/uploads\/2017\/07\/Abordagem-social-retira-moradores-de-rua-da-Pra\u00e7a-Jo\u00e3o-Pinheiro-8.jpg\"><img loading=\"lazy\" decoding=\"async\" class=\"size-medium wp-image-36315 alignleft\" src=\"https:\/\/anoticiaonline.com.br\/site\/wp-content\/uploads\/2017\/07\/Abordagem-social-retira-moradores-de-rua-da-Pra\u00e7a-Jo\u00e3o-Pinheiro-8-300x225.jpg\" alt=\"\" width=\"300\" height=\"225\" srcset=\"https:\/\/anoticiaonline.com.br\/site\/wp-content\/uploads\/2017\/07\/Abordagem-social-retira-moradores-de-rua-da-Pra\u00e7a-Jo\u00e3o-Pinheiro-8-300x225.jpg 300w, https:\/\/anoticiaonline.com.br\/site\/wp-content\/uploads\/2017\/07\/Abordagem-social-retira-moradores-de-rua-da-Pra\u00e7a-Jo\u00e3o-Pinheiro-8.jpg 640w\" sizes=\"(max-width: 300px) 100vw, 300px\" \/><\/a> <a href=\"https:\/\/anoticiaonline.com.br\/site\/wp-content\/uploads\/2017\/07\/Abordagem-social-retira-moradores-de-rua-da-Pra\u00e7a-Jo\u00e3o-Pinheiro-9.jpg\"><img loading=\"lazy\" decoding=\"async\" class=\"size-medium wp-image-36316 alignleft\" src=\"https:\/\/anoticiaonline.com.br\/site\/wp-content\/uploads\/2017\/07\/Abordagem-social-retira-moradores-de-rua-da-Pra\u00e7a-Jo\u00e3o-Pinheiro-9-300x225.jpg\" alt=\"\" width=\"300\" height=\"225\" srcset=\"https:\/\/anoticiaonline.com.br\/site\/wp-content\/uploads\/2017\/07\/Abordagem-social-retira-moradores-de-rua-da-Pra\u00e7a-Jo\u00e3o-Pinheiro-9-300x225.jpg 300w, https:\/\/anoticiaonline.com.br\/site\/wp-content\/uploads\/2017\/07\/Abordagem-social-retira-moradores-de-rua-da-Pra\u00e7a-Jo\u00e3o-Pinheiro-9.jpg 640w\" sizes=\"(max-width: 300px) 100vw, 300px\" \/><\/a>Apesar de ser uma cidade de m\u00e9dio porte, no interior do estado, Muria\u00e9 possui, em comum aos grandes centros urbanos, a aglomera\u00e7\u00e3o de moradores de rua. Muitos deles estavam, h\u00e1 alguns dias, instalados no coreto da Pra\u00e7a Jo\u00e3o Pinheiro e foram abordados por representantes da Secretaria Municipal de Desenvolvimento Social, na manh\u00e3 de quarta-feira (26). Na ocasi\u00e3o, o prefeito Grego, a secret\u00e1ria de Desenvolvimento Social, Giselle Braga, e assistentes sociais conversaram com os moradores para que eles desocupassem o local e aceitassem ajuda especializada. A maioria dos abordados s\u00e3o usu\u00e1rios de drogas. A opera\u00e7\u00e3o teve apoio da pol\u00edcia militar e do Demsur, que fez a limpeza do coreto ap\u00f3s a retirada das pessoas.<\/p>\n<p>Cerca de seis moradores de rua estavam dormindo no coreto da Pra\u00e7a Jo\u00e3o Pinheiro quando assistentes sociais e psic\u00f3logos fizeram a abordagem. No local havia sujeira, roupas, cobertores e at\u00e9 uma carro\u00e7a. Grande parte dos moradores estava sob o efeito de drogas e alguns se exaltaram. No in\u00edcio, eles se recusaram a sair, mas ap\u00f3s conversa com o prefeito e sua equipe, se retiraram de forma pac\u00edfica. A maioria foi encaminhada para institui\u00e7\u00f5es de apoio da cidade como a Casa Acolhedora e o Centro POP. Alguns moradores precisaram de cuidados m\u00e9dicos e foram levados para o Hospital S\u00e3o Paulo.<\/p>\n<p>Giselle Braga, secret\u00e1ria de Desenvolvimento Social disse que a abordagem foi educativa. \u201cInicialmente, as pessoas em situa\u00e7\u00e3o de rua foram abordadas por uma equipe treinada do Centro POP e Centro de Aten\u00e7\u00e3o Psicossocial \u2013 \u00c1lcool e Drogas (CAPS AD), e ser\u00e3o, posteriormente, encaminhadas institui\u00e7\u00f5es especializadas em receber pessoas necessitadas. Nessas institui\u00e7\u00f5es, como a Casa Acolhedora e o Centro POP, as pessoas recebem alimenta\u00e7\u00e3o, acompanhamento psicol\u00f3gico e oficinas variadas para que elas possam recuperar v\u00ednculos e, posteriormente, voltar para suas fam\u00edlias com dignidade\u201d, contou.<\/p>\n<p>Ap\u00f3s a retirada das pessoas, Giselle disse que o coreto, por ser um patrim\u00f4nio p\u00fablico, receberia uma limpeza feita pelo Demsur e o ambiente seria monitorado por um vigia, a partir de ent\u00e3o, para que demais cidad\u00e3os possam utilizar o espa\u00e7o de forma segura.<\/p>\n<p>Em conversa com o jornal A Not\u00edcia, o prefeito Grego disse que essa a\u00e7\u00e3o \u00e9 um trabalho em conjunto com a Secretaria de Desenvolvimento Social e com o apoio da Pol\u00edcia Militar. \u201cDevemos lembrar que essa abordagem social n\u00e3o \u00e9 apenas uma reestabelecer a ordem e a retomada de um patrim\u00f4nio p\u00fablico, mas oferecer condi\u00e7\u00f5es adequadas para as pessoas que est\u00e3o em situa\u00e7\u00e3o de rua, com muito carinho e cuidado\u201d. O prefeito ainda fez um apelo \u00e0 popula\u00e7\u00e3o de Muria\u00e9 para que n\u00e3o ofere\u00e7am \u201cquentinhas\u201d e esmolas. \u201cEssa atitude estimula a perman\u00eancia dessas pessoas nas ruas\u201d, contou.<\/p>\n<p>O capit\u00e3o Sandro Josefino, da Pol\u00edcia Militar, estava na Pra\u00e7a Jo\u00e3o Pinheiro e tamb\u00e9m falou sobre a a\u00e7\u00e3o ocorrida. \u201cAlgumas dessas pessoas possuem resid\u00eancias em Muria\u00e9, mas, infelizmente, elas preferem ficar nas ruas, por isso, mesmo que contr\u00e1ria a opini\u00f5es de muitos, essa abordagem foi necess\u00e1ria para manter a ordem. No local os moradores brigavam, depredavam patrim\u00f4nios e praticavam delitos\u201d, finalizou.<\/p>\n","protected":false},"excerpt":{"rendered":"<p>Apesar de ser uma cidade de m\u00e9dio porte, no interior do estado, Muria\u00e9 possui, em comum aos grandes centros urbanos, a aglomera\u00e7\u00e3o de moradores de rua. Muitos deles estavam, h\u00e1 alguns dias, instalados no coreto da Pra\u00e7a Jo\u00e3o Pinheiro e foram abordados por representantes da Secretaria Municipal de Desenvolvimento Social, na manh\u00e3 de quarta-feira (26). &#8230; <a title=\"Abordagem social retira moradores de rua da Pra\u00e7a Jo\u00e3o Pinheiro\" class=\"read-more\" href=\"https:\/\/anoticiaonline.com.br\/site\/abordagem-social-retira-moradores-de-rua-da-praca-joao-pinheiro\/\" aria-label=\"Read more about Abordagem social retira moradores de rua da Pra\u00e7a Jo\u00e3o Pinheiro\">Ler mais<\/a><\/p>\n","protected":false},"author":2,"featured_media":36311,"comment_status":"open","ping_status":"open","sticky":false,"template":"","format":"standard","meta":{"_acf_changed":false,"_monsterinsights_skip_tracking":false,"footnotes":""},"categories":[30],"tags":[705,706,533,3],"class_list":["post-36307","post","type-post","status-publish","format-standard","has-post-thumbnail","hentry","category-muriae","tag-abordagem-social","tag-moradores-de-rua","tag-praca-joao-pinheiro","tag-slide"],"acf":[],"aioseo_notices":[],"aioseo_head":"\n\t\t<!-- All in One SEO 5.0.0.1 - aioseo.com -->\n\t<meta name=\"description\" content=\"Apesar de ser uma cidade de m\u00e9dio porte, no interior do estado, Muria\u00e9 possui, em comum aos grandes centros urbanos, a aglomera\u00e7\u00e3o de moradores de rua. Muitos deles estavam, h\u00e1 alguns dias, instalados no coreto da Pra\u00e7a Jo\u00e3o Pinheiro e foram abordados por representantes da Secretaria Municipal de Desenvolvimento Social, na manh\u00e3 de quarta-feira (26).\" \/>\n\t<meta name=\"robots\" content=\"max-image-preview:large\" \/>\n\t<meta name=\"author\" content=\"Juliana Laviola\"\/>\n\t<link rel=\"canonical\" href=\"https:\/\/anoticiaonline.com.br\/site\/abordagem-social-retira-moradores-de-rua-da-praca-joao-pinheiro\/\" \/>\n\t<meta name=\"generator\" content=\"All in One SEO (AIOSEO) 5.0.0.1\" \/>\n\t\t<meta property=\"og:locale\" content=\"pt_BR\" \/>\n\t\t<meta property=\"og:site_name\" content=\"A Not\u00edcia Online - Noticias de Muria\u00e9 e regi\u00e3o\" \/>\n\t\t<meta property=\"og:type\" content=\"article\" \/>\n\t\t<meta property=\"og:title\" content=\"Abordagem social retira moradores de rua da Pra\u00e7a Jo\u00e3o Pinheiro - A Not\u00edcia Online\" \/>\n\t\t<meta property=\"og:description\" content=\"Apesar de ser uma cidade de m\u00e9dio porte, no interior do estado, Muria\u00e9 possui, em comum aos grandes centros urbanos, a aglomera\u00e7\u00e3o de moradores de rua. Muitos deles estavam, h\u00e1 alguns dias, instalados no coreto da Pra\u00e7a Jo\u00e3o Pinheiro e foram abordados por representantes da Secretaria Municipal de Desenvolvimento Social, na manh\u00e3 de quarta-feira (26).\" \/>\n\t\t<meta property=\"og:url\" content=\"https:\/\/anoticiaonline.com.br\/site\/abordagem-social-retira-moradores-de-rua-da-praca-joao-pinheiro\/\" \/>\n\t\t<meta property=\"og:image\" content=\"https:\/\/scontent-gig4-1.xx.fbcdn.net\/v\/t39.30808-1\/270437624_4564083193639691_6907940295614233970_n.jpg?stp=dst-jpg_s200x200_tt6&#038;_nc_cat=111&#038;ccb=1-7&#038;_nc_sid=f907e8&#038;_nc_ohc=SM1wRlP3lJwQ7kNvwEPuBYA&#038;_nc_oc=AdnqrjDN_BNjSSHWO-GbkIWH6fkGMLw4bqvL_NH6e2wMveX7G-rP2dAqsDSq1mJMOaY&#038;_nc_zt=24&#038;_nc_ht=scontent-gig4-1.xx&#038;_nc_gid=AoBFJeGrT1hVaew_6rchkQ&#038;oh=00_AfX7QmFGhQhG2jAllVgXCiM1ZrWgvtp80-Bfppyexh1QEg&#038;oe=689E923C\" \/>\n\t\t<meta property=\"og:image:secure_url\" content=\"https:\/\/scontent-gig4-1.xx.fbcdn.net\/v\/t39.30808-1\/270437624_4564083193639691_6907940295614233970_n.jpg?stp=dst-jpg_s200x200_tt6&#038;_nc_cat=111&#038;ccb=1-7&#038;_nc_sid=f907e8&#038;_nc_ohc=SM1wRlP3lJwQ7kNvwEPuBYA&#038;_nc_oc=AdnqrjDN_BNjSSHWO-GbkIWH6fkGMLw4bqvL_NH6e2wMveX7G-rP2dAqsDSq1mJMOaY&#038;_nc_zt=24&#038;_nc_ht=scontent-gig4-1.xx&#038;_nc_gid=AoBFJeGrT1hVaew_6rchkQ&#038;oh=00_AfX7QmFGhQhG2jAllVgXCiM1ZrWgvtp80-Bfppyexh1QEg&#038;oe=689E923C\" \/>\n\t\t<meta property=\"article:published_time\" content=\"2017-07-26T20:01:04+00:00\" \/>\n\t\t<meta property=\"article:modified_time\" content=\"2017-07-26T20:01:04+00:00\" \/>\n\t\t<meta name=\"twitter:card\" content=\"summary_large_image\" \/>\n\t\t<meta name=\"twitter:title\" content=\"Abordagem social retira moradores de rua da Pra\u00e7a Jo\u00e3o Pinheiro - A Not\u00edcia Online\" \/>\n\t\t<meta name=\"twitter:description\" content=\"Apesar de ser uma cidade de m\u00e9dio porte, no interior do estado, Muria\u00e9 possui, em comum aos grandes centros urbanos, a aglomera\u00e7\u00e3o de moradores de rua. Muitos deles estavam, h\u00e1 alguns dias, instalados no coreto da Pra\u00e7a Jo\u00e3o Pinheiro e foram abordados por representantes da Secretaria Municipal de Desenvolvimento Social, na manh\u00e3 de quarta-feira (26).\" \/>\n\t\t<meta name=\"twitter:image\" content=\"https:\/\/scontent-gig4-1.xx.fbcdn.net\/v\/t39.30808-1\/270437624_4564083193639691_6907940295614233970_n.jpg?stp=dst-jpg_s200x200_tt6&amp;_nc_cat=111&amp;ccb=1-7&amp;_nc_sid=f907e8&amp;_nc_ohc=SM1wRlP3lJwQ7kNvwEPuBYA&amp;_nc_oc=AdnqrjDN_BNjSSHWO-GbkIWH6fkGMLw4bqvL_NH6e2wMveX7G-rP2dAqsDSq1mJMOaY&amp;_nc_zt=24&amp;_nc_ht=scontent-gig4-1.xx&amp;_nc_gid=AoBFJeGrT1hVaew_6rchkQ&amp;oh=00_AfX7QmFGhQhG2jAllVgXCiM1ZrWgvtp80-Bfppyexh1QEg&amp;oe=689E923C\" \/>\n\t\t<script type=\"application\/ld+json\" class=\"aioseo-schema\">\n\t\t\t{\"@context\":\"https:\\\/\\\/schema.org\",\"@graph\":[{\"@type\":\"BlogPosting\",\"@id\":\"https:\\\/\\\/anoticiaonline.com.br\\\/site\\\/abordagem-social-retira-moradores-de-rua-da-praca-joao-pinheiro\\\/#blogposting\",\"name\":\"Abordagem social retira moradores de rua da Pra\\u00e7a Jo\\u00e3o Pinheiro - A Not\\u00edcia Online\",\"headline\":\"Abordagem social retira moradores de rua da Pra\\u00e7a Jo\\u00e3o Pinheiro\",\"author\":{\"@id\":\"https:\\\/\\\/anoticiaonline.com.br\\\/site\\\/author\\\/juliana\\\/#author\"},\"publisher\":{\"@id\":\"https:\\\/\\\/anoticiaonline.com.br\\\/site\\\/#organization\"},\"image\":{\"@type\":\"ImageObject\",\"url\":\"https:\\\/\\\/anoticiaonline.com.br\\\/site\\\/wp-content\\\/uploads\\\/2017\\\/07\\\/Abordagem-social-retira-moradores-de-rua-da-Pra\\u00e7a-Jo\\u00e3o-Pinheiro-4.jpg\",\"width\":640,\"height\":480},\"datePublished\":\"2017-07-26T17:01:04-03:00\",\"dateModified\":\"2017-07-26T17:01:04-03:00\",\"inLanguage\":\"pt-BR\",\"mainEntityOfPage\":{\"@id\":\"https:\\\/\\\/anoticiaonline.com.br\\\/site\\\/abordagem-social-retira-moradores-de-rua-da-praca-joao-pinheiro\\\/#webpage\"},\"isPartOf\":{\"@id\":\"https:\\\/\\\/anoticiaonline.com.br\\\/site\\\/abordagem-social-retira-moradores-de-rua-da-praca-joao-pinheiro\\\/#webpage\"},\"articleSection\":\"Blog, abordagem social, moradores de rua, Pra\\u00e7a Jo\\u00e3o Pinheiro, slide\"},{\"@type\":\"BreadcrumbList\",\"@id\":\"https:\\\/\\\/anoticiaonline.com.br\\\/site\\\/abordagem-social-retira-moradores-de-rua-da-praca-joao-pinheiro\\\/#breadcrumblist\",\"itemListElement\":[{\"@type\":\"ListItem\",\"@id\":\"https:\\\/\\\/anoticiaonline.com.br\\\/site#listItem\",\"position\":1,\"name\":\"Home\",\"item\":\"https:\\\/\\\/anoticiaonline.com.br\\\/site\",\"nextItem\":{\"@type\":\"ListItem\",\"@id\":\"https:\\\/\\\/anoticiaonline.com.br\\\/site\\\/categoria\\\/muriae\\\/#listItem\",\"name\":\"Blog\"}},{\"@type\":\"ListItem\",\"@id\":\"https:\\\/\\\/anoticiaonline.com.br\\\/site\\\/categoria\\\/muriae\\\/#listItem\",\"position\":2,\"name\":\"Blog\",\"item\":\"https:\\\/\\\/anoticiaonline.com.br\\\/site\\\/categoria\\\/muriae\\\/\",\"nextItem\":{\"@type\":\"ListItem\",\"@id\":\"https:\\\/\\\/anoticiaonline.com.br\\\/site\\\/abordagem-social-retira-moradores-de-rua-da-praca-joao-pinheiro\\\/#listItem\",\"name\":\"Abordagem social retira moradores de rua da Pra\\u00e7a Jo\\u00e3o Pinheiro\"},\"previousItem\":{\"@type\":\"ListItem\",\"@id\":\"https:\\\/\\\/anoticiaonline.com.br\\\/site#listItem\",\"name\":\"Home\"}},{\"@type\":\"ListItem\",\"@id\":\"https:\\\/\\\/anoticiaonline.com.br\\\/site\\\/abordagem-social-retira-moradores-de-rua-da-praca-joao-pinheiro\\\/#listItem\",\"position\":3,\"name\":\"Abordagem social retira moradores de rua da Pra\\u00e7a Jo\\u00e3o Pinheiro\",\"previousItem\":{\"@type\":\"ListItem\",\"@id\":\"https:\\\/\\\/anoticiaonline.com.br\\\/site\\\/categoria\\\/muriae\\\/#listItem\",\"name\":\"Blog\"}}]},{\"@type\":\"Organization\",\"@id\":\"https:\\\/\\\/anoticiaonline.com.br\\\/site\\\/#organization\",\"name\":\"A Not\\u00edcia Online\",\"description\":\"Noticias de Muria\\u00e9 e regi\\u00e3o\",\"url\":\"https:\\\/\\\/anoticiaonline.com.br\\\/site\\\/\",\"logo\":{\"@type\":\"ImageObject\",\"url\":\"https:\\\/\\\/scontent-gig4-1.xx.fbcdn.net\\\/v\\\/t39.30808-1\\\/270437624_4564083193639691_6907940295614233970_n.jpg?stp=dst-jpg_s200x200_tt6&_nc_cat=111&ccb=1-7&_nc_sid=f907e8&_nc_ohc=SM1wRlP3lJwQ7kNvwEPuBYA&_nc_oc=AdnqrjDN_BNjSSHWO-GbkIWH6fkGMLw4bqvL_NH6e2wMveX7G-rP2dAqsDSq1mJMOaY&_nc_zt=24&_nc_ht=scontent-gig4-1.xx&_nc_gid=AoBFJeGrT1hVaew_6rchkQ&oh=00_AfX7QmFGhQhG2jAllVgXCiM1ZrWgvtp80-Bfppyexh1QEg&oe=689E923C\",\"@id\":\"https:\\\/\\\/anoticiaonline.com.br\\\/site\\\/abordagem-social-retira-moradores-de-rua-da-praca-joao-pinheiro\\\/#organizationLogo\"},\"image\":{\"@id\":\"https:\\\/\\\/anoticiaonline.com.br\\\/site\\\/abordagem-social-retira-moradores-de-rua-da-praca-joao-pinheiro\\\/#organizationLogo\"}},{\"@type\":\"Person\",\"@id\":\"https:\\\/\\\/anoticiaonline.com.br\\\/site\\\/author\\\/juliana\\\/#author\",\"url\":\"https:\\\/\\\/anoticiaonline.com.br\\\/site\\\/author\\\/juliana\\\/\",\"name\":\"Juliana Laviola\",\"image\":{\"@type\":\"ImageObject\",\"@id\":\"https:\\\/\\\/anoticiaonline.com.br\\\/site\\\/abordagem-social-retira-moradores-de-rua-da-praca-joao-pinheiro\\\/#authorImage\",\"url\":\"https:\\\/\\\/secure.gravatar.com\\\/avatar\\\/b8d45f5c699b100dfaf0e543582f38f38bf94cb7ae3a5e9abf8d891a34773335?s=96&d=mm&r=g\",\"width\":96,\"height\":96,\"caption\":\"Juliana Laviola\"}},{\"@type\":\"WebPage\",\"@id\":\"https:\\\/\\\/anoticiaonline.com.br\\\/site\\\/abordagem-social-retira-moradores-de-rua-da-praca-joao-pinheiro\\\/#webpage\",\"url\":\"https:\\\/\\\/anoticiaonline.com.br\\\/site\\\/abordagem-social-retira-moradores-de-rua-da-praca-joao-pinheiro\\\/\",\"name\":\"Abordagem social retira moradores de rua da Pra\\u00e7a Jo\\u00e3o Pinheiro - A Not\\u00edcia Online\",\"description\":\"Apesar de ser uma cidade de m\\u00e9dio porte, no interior do estado, Muria\\u00e9 possui, em comum aos grandes centros urbanos, a aglomera\\u00e7\\u00e3o de moradores de rua. Muitos deles estavam, h\\u00e1 alguns dias, instalados no coreto da Pra\\u00e7a Jo\\u00e3o Pinheiro e foram abordados por representantes da Secretaria Municipal de Desenvolvimento Social, na manh\\u00e3 de quarta-feira (26).\",\"inLanguage\":\"pt-BR\",\"isPartOf\":{\"@id\":\"https:\\\/\\\/anoticiaonline.com.br\\\/site\\\/#website\"},\"breadcrumb\":{\"@id\":\"https:\\\/\\\/anoticiaonline.com.br\\\/site\\\/abordagem-social-retira-moradores-de-rua-da-praca-joao-pinheiro\\\/#breadcrumblist\"},\"author\":{\"@id\":\"https:\\\/\\\/anoticiaonline.com.br\\\/site\\\/author\\\/juliana\\\/#author\"},\"creator\":{\"@id\":\"https:\\\/\\\/anoticiaonline.com.br\\\/site\\\/author\\\/juliana\\\/#author\"},\"image\":{\"@type\":\"ImageObject\",\"url\":\"https:\\\/\\\/anoticiaonline.com.br\\\/site\\\/wp-content\\\/uploads\\\/2017\\\/07\\\/Abordagem-social-retira-moradores-de-rua-da-Pra\\u00e7a-Jo\\u00e3o-Pinheiro-4.jpg\",\"@id\":\"https:\\\/\\\/anoticiaonline.com.br\\\/site\\\/abordagem-social-retira-moradores-de-rua-da-praca-joao-pinheiro\\\/#mainImage\",\"width\":640,\"height\":480},\"primaryImageOfPage\":{\"@id\":\"https:\\\/\\\/anoticiaonline.com.br\\\/site\\\/abordagem-social-retira-moradores-de-rua-da-praca-joao-pinheiro\\\/#mainImage\"},\"datePublished\":\"2017-07-26T17:01:04-03:00\",\"dateModified\":\"2017-07-26T17:01:04-03:00\"},{\"@type\":\"WebSite\",\"@id\":\"https:\\\/\\\/anoticiaonline.com.br\\\/site\\\/#website\",\"url\":\"https:\\\/\\\/anoticiaonline.com.br\\\/site\\\/\",\"name\":\"A Not\\u00edcia Online\",\"description\":\"Noticias de Muria\\u00e9 e regi\\u00e3o\",\"inLanguage\":\"pt-BR\",\"publisher\":{\"@id\":\"https:\\\/\\\/anoticiaonline.com.br\\\/site\\\/#organization\"}}]}\n\t\t<\/script>\n\t\t<!-- All in One SEO -->\n\n","aioseo_head_json":{"title":"Abordagem social retira moradores de rua da Pra\u00e7a Jo\u00e3o Pinheiro - A Not\u00edcia Online","description":"Apesar de ser uma cidade de m\u00e9dio porte, no interior do estado, Muria\u00e9 possui, em comum aos grandes centros urbanos, a aglomera\u00e7\u00e3o de moradores de rua. Muitos deles estavam, h\u00e1 alguns dias, instalados no coreto da Pra\u00e7a Jo\u00e3o Pinheiro e foram abordados por representantes da Secretaria Municipal de Desenvolvimento Social, na manh\u00e3 de quarta-feira (26).","canonical_url":"https:\/\/anoticiaonline.com.br\/site\/abordagem-social-retira-moradores-de-rua-da-praca-joao-pinheiro\/","robots":"max-image-preview:large","keywords":"","webmasterTools":{"miscellaneous":""},"schema":{"@context":"https:\/\/schema.org","@graph":[{"@type":"BlogPosting","@id":"https:\/\/anoticiaonline.com.br\/site\/abordagem-social-retira-moradores-de-rua-da-praca-joao-pinheiro\/#blogposting","name":"Abordagem social retira moradores de rua da Pra\u00e7a Jo\u00e3o Pinheiro - A Not\u00edcia Online","headline":"Abordagem social retira moradores de rua da Pra\u00e7a Jo\u00e3o Pinheiro","author":{"@id":"https:\/\/anoticiaonline.com.br\/site\/author\/juliana\/#author"},"publisher":{"@id":"https:\/\/anoticiaonline.com.br\/site\/#organization"},"image":{"@type":"ImageObject","url":"https:\/\/anoticiaonline.com.br\/site\/wp-content\/uploads\/2017\/07\/Abordagem-social-retira-moradores-de-rua-da-Pra\u00e7a-Jo\u00e3o-Pinheiro-4.jpg","width":640,"height":480},"datePublished":"2017-07-26T17:01:04-03:00","dateModified":"2017-07-26T17:01:04-03:00","inLanguage":"pt-BR","mainEntityOfPage":{"@id":"https:\/\/anoticiaonline.com.br\/site\/abordagem-social-retira-moradores-de-rua-da-praca-joao-pinheiro\/#webpage"},"isPartOf":{"@id":"https:\/\/anoticiaonline.com.br\/site\/abordagem-social-retira-moradores-de-rua-da-praca-joao-pinheiro\/#webpage"},"articleSection":"Blog, abordagem social, moradores de rua, Pra\u00e7a Jo\u00e3o Pinheiro, slide"},{"@type":"BreadcrumbList","@id":"https:\/\/anoticiaonline.com.br\/site\/abordagem-social-retira-moradores-de-rua-da-praca-joao-pinheiro\/#breadcrumblist","itemListElement":[{"@type":"ListItem","@id":"https:\/\/anoticiaonline.com.br\/site#listItem","position":1,"name":"Home","item":"https:\/\/anoticiaonline.com.br\/site","nextItem":{"@type":"ListItem","@id":"https:\/\/anoticiaonline.com.br\/site\/categoria\/muriae\/#listItem","name":"Blog"}},{"@type":"ListItem","@id":"https:\/\/anoticiaonline.com.br\/site\/categoria\/muriae\/#listItem","position":2,"name":"Blog","item":"https:\/\/anoticiaonline.com.br\/site\/categoria\/muriae\/","nextItem":{"@type":"ListItem","@id":"https:\/\/anoticiaonline.com.br\/site\/abordagem-social-retira-moradores-de-rua-da-praca-joao-pinheiro\/#listItem","name":"Abordagem social retira moradores de rua da Pra\u00e7a Jo\u00e3o Pinheiro"},"previousItem":{"@type":"ListItem","@id":"https:\/\/anoticiaonline.com.br\/site#listItem","name":"Home"}},{"@type":"ListItem","@id":"https:\/\/anoticiaonline.com.br\/site\/abordagem-social-retira-moradores-de-rua-da-praca-joao-pinheiro\/#listItem","position":3,"name":"Abordagem social retira moradores de rua da Pra\u00e7a Jo\u00e3o Pinheiro","previousItem":{"@type":"ListItem","@id":"https:\/\/anoticiaonline.com.br\/site\/categoria\/muriae\/#listItem","name":"Blog"}}]},{"@type":"Organization","@id":"https:\/\/anoticiaonline.com.br\/site\/#organization","name":"A Not\u00edcia Online","description":"Noticias de Muria\u00e9 e regi\u00e3o","url":"https:\/\/anoticiaonline.com.br\/site\/","logo":{"@type":"ImageObject","url":"https:\/\/scontent-gig4-1.xx.fbcdn.net\/v\/t39.30808-1\/270437624_4564083193639691_6907940295614233970_n.jpg?stp=dst-jpg_s200x200_tt6&_nc_cat=111&ccb=1-7&_nc_sid=f907e8&_nc_ohc=SM1wRlP3lJwQ7kNvwEPuBYA&_nc_oc=AdnqrjDN_BNjSSHWO-GbkIWH6fkGMLw4bqvL_NH6e2wMveX7G-rP2dAqsDSq1mJMOaY&_nc_zt=24&_nc_ht=scontent-gig4-1.xx&_nc_gid=AoBFJeGrT1hVaew_6rchkQ&oh=00_AfX7QmFGhQhG2jAllVgXCiM1ZrWgvtp80-Bfppyexh1QEg&oe=689E923C","@id":"https:\/\/anoticiaonline.com.br\/site\/abordagem-social-retira-moradores-de-rua-da-praca-joao-pinheiro\/#organizationLogo"},"image":{"@id":"https:\/\/anoticiaonline.com.br\/site\/abordagem-social-retira-moradores-de-rua-da-praca-joao-pinheiro\/#organizationLogo"}},{"@type":"Person","@id":"https:\/\/anoticiaonline.com.br\/site\/author\/juliana\/#author","url":"https:\/\/anoticiaonline.com.br\/site\/author\/juliana\/","name":"Juliana Laviola","image":{"@type":"ImageObject","@id":"https:\/\/anoticiaonline.com.br\/site\/abordagem-social-retira-moradores-de-rua-da-praca-joao-pinheiro\/#authorImage","url":"https:\/\/secure.gravatar.com\/avatar\/b8d45f5c699b100dfaf0e543582f38f38bf94cb7ae3a5e9abf8d891a34773335?s=96&d=mm&r=g","width":96,"height":96,"caption":"Juliana Laviola"}},{"@type":"WebPage","@id":"https:\/\/anoticiaonline.com.br\/site\/abordagem-social-retira-moradores-de-rua-da-praca-joao-pinheiro\/#webpage","url":"https:\/\/anoticiaonline.com.br\/site\/abordagem-social-retira-moradores-de-rua-da-praca-joao-pinheiro\/","name":"Abordagem social retira moradores de rua da Pra\u00e7a Jo\u00e3o Pinheiro - A Not\u00edcia Online","description":"Apesar de ser uma cidade de m\u00e9dio porte, no interior do estado, Muria\u00e9 possui, em comum aos grandes centros urbanos, a aglomera\u00e7\u00e3o de moradores de rua. Muitos deles estavam, h\u00e1 alguns dias, instalados no coreto da Pra\u00e7a Jo\u00e3o Pinheiro e foram abordados por representantes da Secretaria Municipal de Desenvolvimento Social, na manh\u00e3 de quarta-feira (26).","inLanguage":"pt-BR","isPartOf":{"@id":"https:\/\/anoticiaonline.com.br\/site\/#website"},"breadcrumb":{"@id":"https:\/\/anoticiaonline.com.br\/site\/abordagem-social-retira-moradores-de-rua-da-praca-joao-pinheiro\/#breadcrumblist"},"author":{"@id":"https:\/\/anoticiaonline.com.br\/site\/author\/juliana\/#author"},"creator":{"@id":"https:\/\/anoticiaonline.com.br\/site\/author\/juliana\/#author"},"image":{"@type":"ImageObject","url":"https:\/\/anoticiaonline.com.br\/site\/wp-content\/uploads\/2017\/07\/Abordagem-social-retira-moradores-de-rua-da-Pra\u00e7a-Jo\u00e3o-Pinheiro-4.jpg","@id":"https:\/\/anoticiaonline.com.br\/site\/abordagem-social-retira-moradores-de-rua-da-praca-joao-pinheiro\/#mainImage","width":640,"height":480},"primaryImageOfPage":{"@id":"https:\/\/anoticiaonline.com.br\/site\/abordagem-social-retira-moradores-de-rua-da-praca-joao-pinheiro\/#mainImage"},"datePublished":"2017-07-26T17:01:04-03:00","dateModified":"2017-07-26T17:01:04-03:00"},{"@type":"WebSite","@id":"https:\/\/anoticiaonline.com.br\/site\/#website","url":"https:\/\/anoticiaonline.com.br\/site\/","name":"A Not\u00edcia Online","description":"Noticias de Muria\u00e9 e regi\u00e3o","inLanguage":"pt-BR","publisher":{"@id":"https:\/\/anoticiaonline.com.br\/site\/#organization"}}]},"og:locale":"pt_BR","og:site_name":"A Not\u00edcia Online - Noticias de Muria\u00e9 e regi\u00e3o","og:type":"article","og:title":"Abordagem social retira moradores de rua da Pra\u00e7a Jo\u00e3o Pinheiro - A Not\u00edcia Online","og:description":"Apesar de ser uma cidade de m\u00e9dio porte, no interior do estado, Muria\u00e9 possui, em comum aos grandes centros urbanos, a aglomera\u00e7\u00e3o de moradores de rua. Muitos deles estavam, h\u00e1 alguns dias, instalados no coreto da Pra\u00e7a Jo\u00e3o Pinheiro e foram abordados por representantes da Secretaria Municipal de Desenvolvimento Social, na manh\u00e3 de quarta-feira (26).","og:url":"https:\/\/anoticiaonline.com.br\/site\/abordagem-social-retira-moradores-de-rua-da-praca-joao-pinheiro\/","og:image":"https:\/\/scontent-gig4-1.xx.fbcdn.net\/v\/t39.30808-1\/270437624_4564083193639691_6907940295614233970_n.jpg?stp=dst-jpg_s200x200_tt6&#038;_nc_cat=111&#038;ccb=1-7&#038;_nc_sid=f907e8&#038;_nc_ohc=SM1wRlP3lJwQ7kNvwEPuBYA&#038;_nc_oc=AdnqrjDN_BNjSSHWO-GbkIWH6fkGMLw4bqvL_NH6e2wMveX7G-rP2dAqsDSq1mJMOaY&#038;_nc_zt=24&#038;_nc_ht=scontent-gig4-1.xx&#038;_nc_gid=AoBFJeGrT1hVaew_6rchkQ&#038;oh=00_AfX7QmFGhQhG2jAllVgXCiM1ZrWgvtp80-Bfppyexh1QEg&#038;oe=689E923C","og:image:secure_url":"https:\/\/scontent-gig4-1.xx.fbcdn.net\/v\/t39.30808-1\/270437624_4564083193639691_6907940295614233970_n.jpg?stp=dst-jpg_s200x200_tt6&#038;_nc_cat=111&#038;ccb=1-7&#038;_nc_sid=f907e8&#038;_nc_ohc=SM1wRlP3lJwQ7kNvwEPuBYA&#038;_nc_oc=AdnqrjDN_BNjSSHWO-GbkIWH6fkGMLw4bqvL_NH6e2wMveX7G-rP2dAqsDSq1mJMOaY&#038;_nc_zt=24&#038;_nc_ht=scontent-gig4-1.xx&#038;_nc_gid=AoBFJeGrT1hVaew_6rchkQ&#038;oh=00_AfX7QmFGhQhG2jAllVgXCiM1ZrWgvtp80-Bfppyexh1QEg&#038;oe=689E923C","article:published_time":"2017-07-26T20:01:04+00:00","article:modified_time":"2017-07-26T20:01:04+00:00","twitter:card":"summary_large_image","twitter:title":"Abordagem social retira moradores de rua da Pra\u00e7a Jo\u00e3o Pinheiro - A Not\u00edcia Online","twitter:description":"Apesar de ser uma cidade de m\u00e9dio porte, no interior do estado, Muria\u00e9 possui, em comum aos grandes centros urbanos, a aglomera\u00e7\u00e3o de moradores de rua. Muitos deles estavam, h\u00e1 alguns dias, instalados no coreto da Pra\u00e7a Jo\u00e3o Pinheiro e foram abordados por representantes da Secretaria Municipal de Desenvolvimento Social, na manh\u00e3 de quarta-feira (26).","twitter:image":"https:\/\/scontent-gig4-1.xx.fbcdn.net\/v\/t39.30808-1\/270437624_4564083193639691_6907940295614233970_n.jpg?stp=dst-jpg_s200x200_tt6&_nc_cat=111&ccb=1-7&_nc_sid=f907e8&_nc_ohc=SM1wRlP3lJwQ7kNvwEPuBYA&_nc_oc=AdnqrjDN_BNjSSHWO-GbkIWH6fkGMLw4bqvL_NH6e2wMveX7G-rP2dAqsDSq1mJMOaY&_nc_zt=24&_nc_ht=scontent-gig4-1.xx&_nc_gid=AoBFJeGrT1hVaew_6rchkQ&oh=00_AfX7QmFGhQhG2jAllVgXCiM1ZrWgvtp80-Bfppyexh1QEg&oe=689E923C"},"aioseo_meta_data":{"post_id":"36307","title":null,"description":null,"keywords":null,"keyphrases":null,"primary_term":null,"canonical_url":null,"og_title":null,"og_description":null,"og_object_type":"default","og_image_type":"default","og_image_url":null,"og_image_width":null,"og_image_height":null,"og_image_custom_url":null,"og_image_custom_fields":null,"og_video":null,"og_custom_url":null,"og_article_section":null,"og_article_tags":null,"twitter_use_og":false,"twitter_card":"default","twitter_image_type":"default","twitter_image_url":null,"twitter_image_custom_url":null,"twitter_image_custom_fields":null,"twitter_title":null,"twitter_description":null,"schema":{"blockGraphs":[],"customGraphs":[],"default":{"data":{"Article":[],"Course":[],"Dataset":[],"FAQPage":[],"Movie":[],"Person":[],"Product":[],"ProductReview":[],"Car":[],"Recipe":[],"Service":[],"SoftwareApplication":[],"WebPage":[]},"graphName":"","isEnabled":true},"graphs":[]},"schema_type":"default","schema_type_options":null,"pillar_content":false,"robots_default":true,"robots_noindex":false,"robots_noarchive":false,"robots_nosnippet":false,"robots_nofollow":false,"robots_noimageindex":false,"robots_noodp":false,"robots_notranslate":false,"robots_max_snippet":null,"robots_max_videopreview":null,"robots_max_imagepreview":"large","priority":null,"frequency":null,"local_seo":null,"breadcrumb_settings":null,"limit_modified_date":false,"ai":null,"created":"2025-08-16 18:58:11","updated":"2025-08-16 18:58:11","focus_keyword":null,"additional_keywords":null,"truseo_locale":null,"seo_analyzer_scan_date":null},"aioseo_breadcrumb":"<div class=\"aioseo-breadcrumbs\"><span class=\"aioseo-breadcrumb\">\n\t\t\t<a href=\"https:\/\/anoticiaonline.com.br\/site\" title=\"Home\">Home<\/a>\n\t\t<\/span><span class=\"aioseo-breadcrumb-separator\">&raquo;<\/span><span class=\"aioseo-breadcrumb\">\n\t\t\t<a href=\"https:\/\/anoticiaonline.com.br\/site\/categoria\/muriae\/\" title=\"Blog\">Blog<\/a>\n\t\t<\/span><span class=\"aioseo-breadcrumb-separator\">&raquo;<\/span><span class=\"aioseo-breadcrumb\">\n\t\t\tAbordagem social retira moradores de rua da Pra\u00e7a Jo\u00e3o Pinheiro\n\t\t<\/span><\/div>","aioseo_breadcrumb_json":[{"label":"Home","link":"https:\/\/anoticiaonline.com.br\/site"},{"label":"Blog","link":"https:\/\/anoticiaonline.com.br\/site\/categoria\/muriae\/"},{"label":"Abordagem social retira moradores de rua da Pra\u00e7a Jo\u00e3o Pinheiro","link":"https:\/\/anoticiaonline.com.br\/site\/abordagem-social-retira-moradores-de-rua-da-praca-joao-pinheiro\/"}],"views":150,"_links":{"self":[{"href":"https:\/\/anoticiaonline.com.br\/site\/wp-json\/wp\/v2\/posts\/36307","targetHints":{"allow":["GET"]}}],"collection":[{"href":"https:\/\/anoticiaonline.com.br\/site\/wp-json\/wp\/v2\/posts"}],"about":[{"href":"https:\/\/anoticiaonline.com.br\/site\/wp-json\/wp\/v2\/types\/post"}],"author":[{"embeddable":true,"href":"https:\/\/anoticiaonline.com.br\/site\/wp-json\/wp\/v2\/users\/2"}],"replies":[{"embeddable":true,"href":"https:\/\/anoticiaonline.com.br\/site\/wp-json\/wp\/v2\/comments?post=36307"}],"version-history":[{"count":0,"href":"https:\/\/anoticiaonline.com.br\/site\/wp-json\/wp\/v2\/posts\/36307\/revisions"}],"wp:featuredmedia":[{"embeddable":true,"href":"https:\/\/anoticiaonline.com.br\/site\/wp-json\/wp\/v2\/media\/36311"}],"wp:attachment":[{"href":"https:\/\/anoticiaonline.com.br\/site\/wp-json\/wp\/v2\/media?parent=36307"}],"wp:term":[{"taxonomy":"category","embeddable":true,"href":"https:\/\/anoticiaonline.com.br\/site\/wp-json\/wp\/v2\/categories?post=36307"},{"taxonomy":"post_tag","embeddable":true,"href":"https:\/\/anoticiaonline.com.br\/site\/wp-json\/wp\/v2\/tags?post=36307"}],"curies":[{"name":"wp","href":"https:\/\/api.w.org\/{rel}","templated":true}]}}