{"id":36180,"date":"2017-07-21T11:05:05","date_gmt":"2017-07-21T14:05:05","guid":{"rendered":"http:\/\/anoticiaonline.com.br\/site\/?p=36180"},"modified":"2017-07-21T11:05:05","modified_gmt":"2017-07-21T14:05:05","slug":"paroquia-de-nossa-senhora-aparecida-convida-para-festa-do-dia-de-sao-cristovao","status":"publish","type":"post","link":"https:\/\/anoticiaonline.com.br\/site\/paroquia-de-nossa-senhora-aparecida-convida-para-festa-do-dia-de-sao-cristovao\/","title":{"rendered":"Par\u00f3quia de Nossa Senhora Aparecida convida para festa do Dia de S\u00e3o Crist\u00f3v\u00e3o"},"content":{"rendered":"<p><a href=\"https:\/\/anoticiaonline.com.br\/site\/wp-content\/uploads\/2017\/07\/carreata-s\u00e3o-crist\u00f3v\u00e3o.jpg\"><img fetchpriority=\"high\" decoding=\"async\" class=\"size-medium wp-image-36183 alignleft\" src=\"https:\/\/anoticiaonline.com.br\/site\/wp-content\/uploads\/2017\/07\/carreata-s\u00e3o-crist\u00f3v\u00e3o-300x201.jpg\" alt=\"\" width=\"300\" height=\"201\" srcset=\"https:\/\/anoticiaonline.com.br\/site\/wp-content\/uploads\/2017\/07\/carreata-s\u00e3o-crist\u00f3v\u00e3o-300x201.jpg 300w, https:\/\/anoticiaonline.com.br\/site\/wp-content\/uploads\/2017\/07\/carreata-s\u00e3o-crist\u00f3v\u00e3o.jpg 640w\" sizes=\"(max-width: 300px) 100vw, 300px\" \/><\/a><\/p>\n<p>Na pr\u00f3xima ter\u00e7a-feira (25), \u00e9 celebrado o Dia de S\u00e3o Crist\u00f3v\u00e3o e a Par\u00f3quia Nossa Senhora Aparecida, localizada no bairro Porto, prepara, mais uma vez, sua tradicional homenagem ao santo padroeiro dos motoristas, viajantes e peregrinos. O santo ser\u00e1 homenageado nos dias 27 a 30 de julho, com tributos, festa e carreata.<\/p>\n<p>Na quinta-feira (27), haver\u00e1 uma missa com o padre Jo\u00e3o Pedro de Melo, \u00e0s 19h e logo ap\u00f3s haver\u00e1 quermesse com vendas de comidas e bebidas. As comunidades respons\u00e1veis ser\u00e3o as de Santa Terezinha, Santa Rita e Frei Galv\u00e3o.<\/p>\n<p>Na sexta-feira (28), a missa das 19h ter\u00e1 como celebrante o padre Elcione Leite de Paula, depois haver\u00e1 quermesse com vendas de comidas e bebidas. As comunidades designadas ser\u00e3o S\u00e3o Pedro, S\u00e3o Judas, S\u00e3o Sebasti\u00e3o e S\u00e3o Jo\u00e3o Batista.<\/p>\n<p>No s\u00e1bado (29), o padre Carlos Henrique Mariosa ser\u00e1 o celebrante da missa, que acontece tamb\u00e9m \u00e0s 19h. Logo ap\u00f3s, haver\u00e1 quermesse com vendas de comidas e bebidas, sob o comando das comunidades S\u00e3o Jos\u00e9, Nossa Senhora de F\u00e1tima, Santa Clara e S\u00e3o Bento. Para finalizar a programa\u00e7\u00e3o, uma missa ser\u00e1 celebrada \u00e0s 7h da manh\u00e3 de domingo (30), tamb\u00e9m pelo padre Carlos Henrique Mariosa, \u00e0s 9h haver\u00e1 a missa dos caminhoneiros, motoristas e motociclistas, \u00e0s 10h uma carreata seguir\u00e1 pelas ruas da cidade e, logo em seguida, ocorrer\u00e3o as b\u00ean\u00e7\u00e3os das chaves e dos ve\u00edculos. A partir das 11h ser\u00e1 servido um almo\u00e7o no valor de R$12 reais, e ter\u00e1 supervis\u00e3o das pastorais e outros movimentos da igreja. Para finalizar, a \u00faltima missa ser\u00e1 celebrada \u00e0s 19h.<\/p>\n<p>De acordo com a Par\u00f3quia, assim como nos \u00faltimos anos, milhares de fi\u00e9is s\u00e3o esperados para as celebra\u00e7\u00f5es e toda a renda ser\u00e1 revertida para a reforma do Sal\u00e3o Paroquial Pe. \u00canio.<\/p>\n<p>O\u00a0<strong>Dia de S\u00e3o Crist\u00f3v\u00e3o<\/strong>\u00a0\u00e9 comemorado anualmente em\u00a0<strong>25 de julho<\/strong>, de acordo com a tradi\u00e7\u00e3o da Igreja Cat\u00f3lica. Esta \u00e9 uma data religiosa que homenageia a figura de um dos santos mais populares do mundo.<\/p>\n<p>&nbsp;<\/p>\n","protected":false},"excerpt":{"rendered":"<p>Na pr\u00f3xima ter\u00e7a-feira (25), \u00e9 celebrado o Dia de S\u00e3o Crist\u00f3v\u00e3o e a Par\u00f3quia Nossa Senhora Aparecida, localizada no bairro Porto, prepara, mais uma vez, sua tradicional homenagem ao santo padroeiro dos motoristas, viajantes e peregrinos. O santo ser\u00e1 homenageado nos dias 27 a 30 de julho, com tributos, festa e carreata. Na quinta-feira (27), &#8230; <a title=\"Par\u00f3quia de Nossa Senhora Aparecida convida para festa do Dia de S\u00e3o Crist\u00f3v\u00e3o\" class=\"read-more\" href=\"https:\/\/anoticiaonline.com.br\/site\/paroquia-de-nossa-senhora-aparecida-convida-para-festa-do-dia-de-sao-cristovao\/\" aria-label=\"Read more about Par\u00f3quia de Nossa Senhora Aparecida convida para festa do Dia de S\u00e3o Crist\u00f3v\u00e3o\">Ler mais<\/a><\/p>\n","protected":false},"author":2,"featured_media":36183,"comment_status":"open","ping_status":"open","sticky":false,"template":"","format":"standard","meta":{"_acf_changed":false,"_monsterinsights_skip_tracking":false,"footnotes":""},"categories":[30],"tags":[700,651,3],"class_list":["post-36180","post","type-post","status-publish","format-standard","has-post-thumbnail","hentry","category-muriae","tag-carreata","tag-sao-cristovao","tag-slide"],"acf":[],"aioseo_notices":[],"aioseo_head":"\n\t\t<!-- All in One SEO 5.0.0.1 - aioseo.com -->\n\t<meta name=\"description\" content=\"Na pr\u00f3xima ter\u00e7a-feira (25), \u00e9 celebrado o Dia de S\u00e3o Crist\u00f3v\u00e3o e a Par\u00f3quia Nossa Senhora Aparecida, localizada no bairro Porto, prepara, mais uma vez, sua tradicional homenagem ao santo padroeiro dos motoristas, viajantes e peregrinos. O santo ser\u00e1 homenageado nos dias 27 a 30 de julho, com tributos, festa e carreata. Na quinta-feira (27),\" \/>\n\t<meta name=\"robots\" content=\"max-image-preview:large\" \/>\n\t<meta name=\"author\" content=\"Juliana Laviola\"\/>\n\t<link rel=\"canonical\" href=\"https:\/\/anoticiaonline.com.br\/site\/paroquia-de-nossa-senhora-aparecida-convida-para-festa-do-dia-de-sao-cristovao\/\" \/>\n\t<meta name=\"generator\" content=\"All in One SEO (AIOSEO) 5.0.0.1\" \/>\n\t\t<meta property=\"og:locale\" content=\"pt_BR\" \/>\n\t\t<meta property=\"og:site_name\" content=\"A Not\u00edcia Online - Noticias de Muria\u00e9 e regi\u00e3o\" \/>\n\t\t<meta property=\"og:type\" content=\"article\" \/>\n\t\t<meta property=\"og:title\" content=\"Par\u00f3quia de Nossa Senhora Aparecida convida para festa do Dia de S\u00e3o Crist\u00f3v\u00e3o - A Not\u00edcia Online\" \/>\n\t\t<meta property=\"og:description\" content=\"Na pr\u00f3xima ter\u00e7a-feira (25), \u00e9 celebrado o Dia de S\u00e3o Crist\u00f3v\u00e3o e a Par\u00f3quia Nossa Senhora Aparecida, localizada no bairro Porto, prepara, mais uma vez, sua tradicional homenagem ao santo padroeiro dos motoristas, viajantes e peregrinos. O santo ser\u00e1 homenageado nos dias 27 a 30 de julho, com tributos, festa e carreata. Na quinta-feira (27),\" \/>\n\t\t<meta property=\"og:url\" content=\"https:\/\/anoticiaonline.com.br\/site\/paroquia-de-nossa-senhora-aparecida-convida-para-festa-do-dia-de-sao-cristovao\/\" \/>\n\t\t<meta property=\"og:image\" content=\"https:\/\/scontent-gig4-1.xx.fbcdn.net\/v\/t39.30808-1\/270437624_4564083193639691_6907940295614233970_n.jpg?stp=dst-jpg_s200x200_tt6&#038;_nc_cat=111&#038;ccb=1-7&#038;_nc_sid=f907e8&#038;_nc_ohc=SM1wRlP3lJwQ7kNvwEPuBYA&#038;_nc_oc=AdnqrjDN_BNjSSHWO-GbkIWH6fkGMLw4bqvL_NH6e2wMveX7G-rP2dAqsDSq1mJMOaY&#038;_nc_zt=24&#038;_nc_ht=scontent-gig4-1.xx&#038;_nc_gid=AoBFJeGrT1hVaew_6rchkQ&#038;oh=00_AfX7QmFGhQhG2jAllVgXCiM1ZrWgvtp80-Bfppyexh1QEg&#038;oe=689E923C\" \/>\n\t\t<meta property=\"og:image:secure_url\" content=\"https:\/\/scontent-gig4-1.xx.fbcdn.net\/v\/t39.30808-1\/270437624_4564083193639691_6907940295614233970_n.jpg?stp=dst-jpg_s200x200_tt6&#038;_nc_cat=111&#038;ccb=1-7&#038;_nc_sid=f907e8&#038;_nc_ohc=SM1wRlP3lJwQ7kNvwEPuBYA&#038;_nc_oc=AdnqrjDN_BNjSSHWO-GbkIWH6fkGMLw4bqvL_NH6e2wMveX7G-rP2dAqsDSq1mJMOaY&#038;_nc_zt=24&#038;_nc_ht=scontent-gig4-1.xx&#038;_nc_gid=AoBFJeGrT1hVaew_6rchkQ&#038;oh=00_AfX7QmFGhQhG2jAllVgXCiM1ZrWgvtp80-Bfppyexh1QEg&#038;oe=689E923C\" \/>\n\t\t<meta property=\"article:published_time\" content=\"2017-07-21T14:05:05+00:00\" \/>\n\t\t<meta property=\"article:modified_time\" content=\"2017-07-21T14:05:05+00:00\" \/>\n\t\t<meta name=\"twitter:card\" content=\"summary_large_image\" \/>\n\t\t<meta name=\"twitter:title\" content=\"Par\u00f3quia de Nossa Senhora Aparecida convida para festa do Dia de S\u00e3o Crist\u00f3v\u00e3o - A Not\u00edcia Online\" \/>\n\t\t<meta name=\"twitter:description\" content=\"Na pr\u00f3xima ter\u00e7a-feira (25), \u00e9 celebrado o Dia de S\u00e3o Crist\u00f3v\u00e3o e a Par\u00f3quia Nossa Senhora Aparecida, localizada no bairro Porto, prepara, mais uma vez, sua tradicional homenagem ao santo padroeiro dos motoristas, viajantes e peregrinos. O santo ser\u00e1 homenageado nos dias 27 a 30 de julho, com tributos, festa e carreata. Na quinta-feira (27),\" \/>\n\t\t<meta name=\"twitter:image\" content=\"https:\/\/scontent-gig4-1.xx.fbcdn.net\/v\/t39.30808-1\/270437624_4564083193639691_6907940295614233970_n.jpg?stp=dst-jpg_s200x200_tt6&amp;_nc_cat=111&amp;ccb=1-7&amp;_nc_sid=f907e8&amp;_nc_ohc=SM1wRlP3lJwQ7kNvwEPuBYA&amp;_nc_oc=AdnqrjDN_BNjSSHWO-GbkIWH6fkGMLw4bqvL_NH6e2wMveX7G-rP2dAqsDSq1mJMOaY&amp;_nc_zt=24&amp;_nc_ht=scontent-gig4-1.xx&amp;_nc_gid=AoBFJeGrT1hVaew_6rchkQ&amp;oh=00_AfX7QmFGhQhG2jAllVgXCiM1ZrWgvtp80-Bfppyexh1QEg&amp;oe=689E923C\" \/>\n\t\t<script type=\"application\/ld+json\" class=\"aioseo-schema\">\n\t\t\t{\"@context\":\"https:\\\/\\\/schema.org\",\"@graph\":[{\"@type\":\"BlogPosting\",\"@id\":\"https:\\\/\\\/anoticiaonline.com.br\\\/site\\\/paroquia-de-nossa-senhora-aparecida-convida-para-festa-do-dia-de-sao-cristovao\\\/#blogposting\",\"name\":\"Par\\u00f3quia de Nossa Senhora Aparecida convida para festa do Dia de S\\u00e3o Crist\\u00f3v\\u00e3o - A Not\\u00edcia Online\",\"headline\":\"Par\\u00f3quia de Nossa Senhora Aparecida convida para festa do Dia de S\\u00e3o Crist\\u00f3v\\u00e3o\",\"author\":{\"@id\":\"https:\\\/\\\/anoticiaonline.com.br\\\/site\\\/author\\\/juliana\\\/#author\"},\"publisher\":{\"@id\":\"https:\\\/\\\/anoticiaonline.com.br\\\/site\\\/#organization\"},\"image\":{\"@type\":\"ImageObject\",\"url\":\"https:\\\/\\\/anoticiaonline.com.br\\\/site\\\/wp-content\\\/uploads\\\/2017\\\/07\\\/carreata-s\\u00e3o-crist\\u00f3v\\u00e3o.jpg\",\"width\":640,\"height\":428},\"datePublished\":\"2017-07-21T11:05:05-03:00\",\"dateModified\":\"2017-07-21T11:05:05-03:00\",\"inLanguage\":\"pt-BR\",\"mainEntityOfPage\":{\"@id\":\"https:\\\/\\\/anoticiaonline.com.br\\\/site\\\/paroquia-de-nossa-senhora-aparecida-convida-para-festa-do-dia-de-sao-cristovao\\\/#webpage\"},\"isPartOf\":{\"@id\":\"https:\\\/\\\/anoticiaonline.com.br\\\/site\\\/paroquia-de-nossa-senhora-aparecida-convida-para-festa-do-dia-de-sao-cristovao\\\/#webpage\"},\"articleSection\":\"Blog, carreata, s\\u00e3o crist\\u00f3v\\u00e3o, slide\"},{\"@type\":\"BreadcrumbList\",\"@id\":\"https:\\\/\\\/anoticiaonline.com.br\\\/site\\\/paroquia-de-nossa-senhora-aparecida-convida-para-festa-do-dia-de-sao-cristovao\\\/#breadcrumblist\",\"itemListElement\":[{\"@type\":\"ListItem\",\"@id\":\"https:\\\/\\\/anoticiaonline.com.br\\\/site#listItem\",\"position\":1,\"name\":\"Home\",\"item\":\"https:\\\/\\\/anoticiaonline.com.br\\\/site\",\"nextItem\":{\"@type\":\"ListItem\",\"@id\":\"https:\\\/\\\/anoticiaonline.com.br\\\/site\\\/categoria\\\/muriae\\\/#listItem\",\"name\":\"Blog\"}},{\"@type\":\"ListItem\",\"@id\":\"https:\\\/\\\/anoticiaonline.com.br\\\/site\\\/categoria\\\/muriae\\\/#listItem\",\"position\":2,\"name\":\"Blog\",\"item\":\"https:\\\/\\\/anoticiaonline.com.br\\\/site\\\/categoria\\\/muriae\\\/\",\"nextItem\":{\"@type\":\"ListItem\",\"@id\":\"https:\\\/\\\/anoticiaonline.com.br\\\/site\\\/paroquia-de-nossa-senhora-aparecida-convida-para-festa-do-dia-de-sao-cristovao\\\/#listItem\",\"name\":\"Par\\u00f3quia de Nossa Senhora Aparecida convida para festa do Dia de S\\u00e3o Crist\\u00f3v\\u00e3o\"},\"previousItem\":{\"@type\":\"ListItem\",\"@id\":\"https:\\\/\\\/anoticiaonline.com.br\\\/site#listItem\",\"name\":\"Home\"}},{\"@type\":\"ListItem\",\"@id\":\"https:\\\/\\\/anoticiaonline.com.br\\\/site\\\/paroquia-de-nossa-senhora-aparecida-convida-para-festa-do-dia-de-sao-cristovao\\\/#listItem\",\"position\":3,\"name\":\"Par\\u00f3quia de Nossa Senhora Aparecida convida para festa do Dia de S\\u00e3o Crist\\u00f3v\\u00e3o\",\"previousItem\":{\"@type\":\"ListItem\",\"@id\":\"https:\\\/\\\/anoticiaonline.com.br\\\/site\\\/categoria\\\/muriae\\\/#listItem\",\"name\":\"Blog\"}}]},{\"@type\":\"Organization\",\"@id\":\"https:\\\/\\\/anoticiaonline.com.br\\\/site\\\/#organization\",\"name\":\"A Not\\u00edcia Online\",\"description\":\"Noticias de Muria\\u00e9 e regi\\u00e3o\",\"url\":\"https:\\\/\\\/anoticiaonline.com.br\\\/site\\\/\",\"logo\":{\"@type\":\"ImageObject\",\"url\":\"https:\\\/\\\/scontent-gig4-1.xx.fbcdn.net\\\/v\\\/t39.30808-1\\\/270437624_4564083193639691_6907940295614233970_n.jpg?stp=dst-jpg_s200x200_tt6&_nc_cat=111&ccb=1-7&_nc_sid=f907e8&_nc_ohc=SM1wRlP3lJwQ7kNvwEPuBYA&_nc_oc=AdnqrjDN_BNjSSHWO-GbkIWH6fkGMLw4bqvL_NH6e2wMveX7G-rP2dAqsDSq1mJMOaY&_nc_zt=24&_nc_ht=scontent-gig4-1.xx&_nc_gid=AoBFJeGrT1hVaew_6rchkQ&oh=00_AfX7QmFGhQhG2jAllVgXCiM1ZrWgvtp80-Bfppyexh1QEg&oe=689E923C\",\"@id\":\"https:\\\/\\\/anoticiaonline.com.br\\\/site\\\/paroquia-de-nossa-senhora-aparecida-convida-para-festa-do-dia-de-sao-cristovao\\\/#organizationLogo\"},\"image\":{\"@id\":\"https:\\\/\\\/anoticiaonline.com.br\\\/site\\\/paroquia-de-nossa-senhora-aparecida-convida-para-festa-do-dia-de-sao-cristovao\\\/#organizationLogo\"}},{\"@type\":\"Person\",\"@id\":\"https:\\\/\\\/anoticiaonline.com.br\\\/site\\\/author\\\/juliana\\\/#author\",\"url\":\"https:\\\/\\\/anoticiaonline.com.br\\\/site\\\/author\\\/juliana\\\/\",\"name\":\"Juliana Laviola\",\"image\":{\"@type\":\"ImageObject\",\"@id\":\"https:\\\/\\\/anoticiaonline.com.br\\\/site\\\/paroquia-de-nossa-senhora-aparecida-convida-para-festa-do-dia-de-sao-cristovao\\\/#authorImage\",\"url\":\"https:\\\/\\\/secure.gravatar.com\\\/avatar\\\/b8d45f5c699b100dfaf0e543582f38f38bf94cb7ae3a5e9abf8d891a34773335?s=96&d=mm&r=g\",\"width\":96,\"height\":96,\"caption\":\"Juliana Laviola\"}},{\"@type\":\"WebPage\",\"@id\":\"https:\\\/\\\/anoticiaonline.com.br\\\/site\\\/paroquia-de-nossa-senhora-aparecida-convida-para-festa-do-dia-de-sao-cristovao\\\/#webpage\",\"url\":\"https:\\\/\\\/anoticiaonline.com.br\\\/site\\\/paroquia-de-nossa-senhora-aparecida-convida-para-festa-do-dia-de-sao-cristovao\\\/\",\"name\":\"Par\\u00f3quia de Nossa Senhora Aparecida convida para festa do Dia de S\\u00e3o Crist\\u00f3v\\u00e3o - A Not\\u00edcia Online\",\"description\":\"Na pr\\u00f3xima ter\\u00e7a-feira (25), \\u00e9 celebrado o Dia de S\\u00e3o Crist\\u00f3v\\u00e3o e a Par\\u00f3quia Nossa Senhora Aparecida, localizada no bairro Porto, prepara, mais uma vez, sua tradicional homenagem ao santo padroeiro dos motoristas, viajantes e peregrinos. O santo ser\\u00e1 homenageado nos dias 27 a 30 de julho, com tributos, festa e carreata. Na quinta-feira (27),\",\"inLanguage\":\"pt-BR\",\"isPartOf\":{\"@id\":\"https:\\\/\\\/anoticiaonline.com.br\\\/site\\\/#website\"},\"breadcrumb\":{\"@id\":\"https:\\\/\\\/anoticiaonline.com.br\\\/site\\\/paroquia-de-nossa-senhora-aparecida-convida-para-festa-do-dia-de-sao-cristovao\\\/#breadcrumblist\"},\"author\":{\"@id\":\"https:\\\/\\\/anoticiaonline.com.br\\\/site\\\/author\\\/juliana\\\/#author\"},\"creator\":{\"@id\":\"https:\\\/\\\/anoticiaonline.com.br\\\/site\\\/author\\\/juliana\\\/#author\"},\"image\":{\"@type\":\"ImageObject\",\"url\":\"https:\\\/\\\/anoticiaonline.com.br\\\/site\\\/wp-content\\\/uploads\\\/2017\\\/07\\\/carreata-s\\u00e3o-crist\\u00f3v\\u00e3o.jpg\",\"@id\":\"https:\\\/\\\/anoticiaonline.com.br\\\/site\\\/paroquia-de-nossa-senhora-aparecida-convida-para-festa-do-dia-de-sao-cristovao\\\/#mainImage\",\"width\":640,\"height\":428},\"primaryImageOfPage\":{\"@id\":\"https:\\\/\\\/anoticiaonline.com.br\\\/site\\\/paroquia-de-nossa-senhora-aparecida-convida-para-festa-do-dia-de-sao-cristovao\\\/#mainImage\"},\"datePublished\":\"2017-07-21T11:05:05-03:00\",\"dateModified\":\"2017-07-21T11:05:05-03:00\"},{\"@type\":\"WebSite\",\"@id\":\"https:\\\/\\\/anoticiaonline.com.br\\\/site\\\/#website\",\"url\":\"https:\\\/\\\/anoticiaonline.com.br\\\/site\\\/\",\"name\":\"A Not\\u00edcia Online\",\"description\":\"Noticias de Muria\\u00e9 e regi\\u00e3o\",\"inLanguage\":\"pt-BR\",\"publisher\":{\"@id\":\"https:\\\/\\\/anoticiaonline.com.br\\\/site\\\/#organization\"}}]}\n\t\t<\/script>\n\t\t<!-- All in One SEO -->\n\n","aioseo_head_json":{"title":"Par\u00f3quia de Nossa Senhora Aparecida convida para festa do Dia de S\u00e3o Crist\u00f3v\u00e3o - A Not\u00edcia Online","description":"Na pr\u00f3xima ter\u00e7a-feira (25), \u00e9 celebrado o Dia de S\u00e3o Crist\u00f3v\u00e3o e a Par\u00f3quia Nossa Senhora Aparecida, localizada no bairro Porto, prepara, mais uma vez, sua tradicional homenagem ao santo padroeiro dos motoristas, viajantes e peregrinos. O santo ser\u00e1 homenageado nos dias 27 a 30 de julho, com tributos, festa e carreata. Na quinta-feira (27),","canonical_url":"https:\/\/anoticiaonline.com.br\/site\/paroquia-de-nossa-senhora-aparecida-convida-para-festa-do-dia-de-sao-cristovao\/","robots":"max-image-preview:large","keywords":"","webmasterTools":{"miscellaneous":""},"schema":{"@context":"https:\/\/schema.org","@graph":[{"@type":"BlogPosting","@id":"https:\/\/anoticiaonline.com.br\/site\/paroquia-de-nossa-senhora-aparecida-convida-para-festa-do-dia-de-sao-cristovao\/#blogposting","name":"Par\u00f3quia de Nossa Senhora Aparecida convida para festa do Dia de S\u00e3o Crist\u00f3v\u00e3o - A Not\u00edcia Online","headline":"Par\u00f3quia de Nossa Senhora Aparecida convida para festa do Dia de S\u00e3o Crist\u00f3v\u00e3o","author":{"@id":"https:\/\/anoticiaonline.com.br\/site\/author\/juliana\/#author"},"publisher":{"@id":"https:\/\/anoticiaonline.com.br\/site\/#organization"},"image":{"@type":"ImageObject","url":"https:\/\/anoticiaonline.com.br\/site\/wp-content\/uploads\/2017\/07\/carreata-s\u00e3o-crist\u00f3v\u00e3o.jpg","width":640,"height":428},"datePublished":"2017-07-21T11:05:05-03:00","dateModified":"2017-07-21T11:05:05-03:00","inLanguage":"pt-BR","mainEntityOfPage":{"@id":"https:\/\/anoticiaonline.com.br\/site\/paroquia-de-nossa-senhora-aparecida-convida-para-festa-do-dia-de-sao-cristovao\/#webpage"},"isPartOf":{"@id":"https:\/\/anoticiaonline.com.br\/site\/paroquia-de-nossa-senhora-aparecida-convida-para-festa-do-dia-de-sao-cristovao\/#webpage"},"articleSection":"Blog, carreata, s\u00e3o crist\u00f3v\u00e3o, slide"},{"@type":"BreadcrumbList","@id":"https:\/\/anoticiaonline.com.br\/site\/paroquia-de-nossa-senhora-aparecida-convida-para-festa-do-dia-de-sao-cristovao\/#breadcrumblist","itemListElement":[{"@type":"ListItem","@id":"https:\/\/anoticiaonline.com.br\/site#listItem","position":1,"name":"Home","item":"https:\/\/anoticiaonline.com.br\/site","nextItem":{"@type":"ListItem","@id":"https:\/\/anoticiaonline.com.br\/site\/categoria\/muriae\/#listItem","name":"Blog"}},{"@type":"ListItem","@id":"https:\/\/anoticiaonline.com.br\/site\/categoria\/muriae\/#listItem","position":2,"name":"Blog","item":"https:\/\/anoticiaonline.com.br\/site\/categoria\/muriae\/","nextItem":{"@type":"ListItem","@id":"https:\/\/anoticiaonline.com.br\/site\/paroquia-de-nossa-senhora-aparecida-convida-para-festa-do-dia-de-sao-cristovao\/#listItem","name":"Par\u00f3quia de Nossa Senhora Aparecida convida para festa do Dia de S\u00e3o Crist\u00f3v\u00e3o"},"previousItem":{"@type":"ListItem","@id":"https:\/\/anoticiaonline.com.br\/site#listItem","name":"Home"}},{"@type":"ListItem","@id":"https:\/\/anoticiaonline.com.br\/site\/paroquia-de-nossa-senhora-aparecida-convida-para-festa-do-dia-de-sao-cristovao\/#listItem","position":3,"name":"Par\u00f3quia de Nossa Senhora Aparecida convida para festa do Dia de S\u00e3o Crist\u00f3v\u00e3o","previousItem":{"@type":"ListItem","@id":"https:\/\/anoticiaonline.com.br\/site\/categoria\/muriae\/#listItem","name":"Blog"}}]},{"@type":"Organization","@id":"https:\/\/anoticiaonline.com.br\/site\/#organization","name":"A Not\u00edcia Online","description":"Noticias de Muria\u00e9 e regi\u00e3o","url":"https:\/\/anoticiaonline.com.br\/site\/","logo":{"@type":"ImageObject","url":"https:\/\/scontent-gig4-1.xx.fbcdn.net\/v\/t39.30808-1\/270437624_4564083193639691_6907940295614233970_n.jpg?stp=dst-jpg_s200x200_tt6&_nc_cat=111&ccb=1-7&_nc_sid=f907e8&_nc_ohc=SM1wRlP3lJwQ7kNvwEPuBYA&_nc_oc=AdnqrjDN_BNjSSHWO-GbkIWH6fkGMLw4bqvL_NH6e2wMveX7G-rP2dAqsDSq1mJMOaY&_nc_zt=24&_nc_ht=scontent-gig4-1.xx&_nc_gid=AoBFJeGrT1hVaew_6rchkQ&oh=00_AfX7QmFGhQhG2jAllVgXCiM1ZrWgvtp80-Bfppyexh1QEg&oe=689E923C","@id":"https:\/\/anoticiaonline.com.br\/site\/paroquia-de-nossa-senhora-aparecida-convida-para-festa-do-dia-de-sao-cristovao\/#organizationLogo"},"image":{"@id":"https:\/\/anoticiaonline.com.br\/site\/paroquia-de-nossa-senhora-aparecida-convida-para-festa-do-dia-de-sao-cristovao\/#organizationLogo"}},{"@type":"Person","@id":"https:\/\/anoticiaonline.com.br\/site\/author\/juliana\/#author","url":"https:\/\/anoticiaonline.com.br\/site\/author\/juliana\/","name":"Juliana Laviola","image":{"@type":"ImageObject","@id":"https:\/\/anoticiaonline.com.br\/site\/paroquia-de-nossa-senhora-aparecida-convida-para-festa-do-dia-de-sao-cristovao\/#authorImage","url":"https:\/\/secure.gravatar.com\/avatar\/b8d45f5c699b100dfaf0e543582f38f38bf94cb7ae3a5e9abf8d891a34773335?s=96&d=mm&r=g","width":96,"height":96,"caption":"Juliana Laviola"}},{"@type":"WebPage","@id":"https:\/\/anoticiaonline.com.br\/site\/paroquia-de-nossa-senhora-aparecida-convida-para-festa-do-dia-de-sao-cristovao\/#webpage","url":"https:\/\/anoticiaonline.com.br\/site\/paroquia-de-nossa-senhora-aparecida-convida-para-festa-do-dia-de-sao-cristovao\/","name":"Par\u00f3quia de Nossa Senhora Aparecida convida para festa do Dia de S\u00e3o Crist\u00f3v\u00e3o - A Not\u00edcia Online","description":"Na pr\u00f3xima ter\u00e7a-feira (25), \u00e9 celebrado o Dia de S\u00e3o Crist\u00f3v\u00e3o e a Par\u00f3quia Nossa Senhora Aparecida, localizada no bairro Porto, prepara, mais uma vez, sua tradicional homenagem ao santo padroeiro dos motoristas, viajantes e peregrinos. O santo ser\u00e1 homenageado nos dias 27 a 30 de julho, com tributos, festa e carreata. Na quinta-feira (27),","inLanguage":"pt-BR","isPartOf":{"@id":"https:\/\/anoticiaonline.com.br\/site\/#website"},"breadcrumb":{"@id":"https:\/\/anoticiaonline.com.br\/site\/paroquia-de-nossa-senhora-aparecida-convida-para-festa-do-dia-de-sao-cristovao\/#breadcrumblist"},"author":{"@id":"https:\/\/anoticiaonline.com.br\/site\/author\/juliana\/#author"},"creator":{"@id":"https:\/\/anoticiaonline.com.br\/site\/author\/juliana\/#author"},"image":{"@type":"ImageObject","url":"https:\/\/anoticiaonline.com.br\/site\/wp-content\/uploads\/2017\/07\/carreata-s\u00e3o-crist\u00f3v\u00e3o.jpg","@id":"https:\/\/anoticiaonline.com.br\/site\/paroquia-de-nossa-senhora-aparecida-convida-para-festa-do-dia-de-sao-cristovao\/#mainImage","width":640,"height":428},"primaryImageOfPage":{"@id":"https:\/\/anoticiaonline.com.br\/site\/paroquia-de-nossa-senhora-aparecida-convida-para-festa-do-dia-de-sao-cristovao\/#mainImage"},"datePublished":"2017-07-21T11:05:05-03:00","dateModified":"2017-07-21T11:05:05-03:00"},{"@type":"WebSite","@id":"https:\/\/anoticiaonline.com.br\/site\/#website","url":"https:\/\/anoticiaonline.com.br\/site\/","name":"A Not\u00edcia Online","description":"Noticias de Muria\u00e9 e regi\u00e3o","inLanguage":"pt-BR","publisher":{"@id":"https:\/\/anoticiaonline.com.br\/site\/#organization"}}]},"og:locale":"pt_BR","og:site_name":"A Not\u00edcia Online - Noticias de Muria\u00e9 e regi\u00e3o","og:type":"article","og:title":"Par\u00f3quia de Nossa Senhora Aparecida convida para festa do Dia de S\u00e3o Crist\u00f3v\u00e3o - A Not\u00edcia Online","og:description":"Na pr\u00f3xima ter\u00e7a-feira (25), \u00e9 celebrado o Dia de S\u00e3o Crist\u00f3v\u00e3o e a Par\u00f3quia Nossa Senhora Aparecida, localizada no bairro Porto, prepara, mais uma vez, sua tradicional homenagem ao santo padroeiro dos motoristas, viajantes e peregrinos. O santo ser\u00e1 homenageado nos dias 27 a 30 de julho, com tributos, festa e carreata. Na quinta-feira (27),","og:url":"https:\/\/anoticiaonline.com.br\/site\/paroquia-de-nossa-senhora-aparecida-convida-para-festa-do-dia-de-sao-cristovao\/","og:image":"https:\/\/scontent-gig4-1.xx.fbcdn.net\/v\/t39.30808-1\/270437624_4564083193639691_6907940295614233970_n.jpg?stp=dst-jpg_s200x200_tt6&#038;_nc_cat=111&#038;ccb=1-7&#038;_nc_sid=f907e8&#038;_nc_ohc=SM1wRlP3lJwQ7kNvwEPuBYA&#038;_nc_oc=AdnqrjDN_BNjSSHWO-GbkIWH6fkGMLw4bqvL_NH6e2wMveX7G-rP2dAqsDSq1mJMOaY&#038;_nc_zt=24&#038;_nc_ht=scontent-gig4-1.xx&#038;_nc_gid=AoBFJeGrT1hVaew_6rchkQ&#038;oh=00_AfX7QmFGhQhG2jAllVgXCiM1ZrWgvtp80-Bfppyexh1QEg&#038;oe=689E923C","og:image:secure_url":"https:\/\/scontent-gig4-1.xx.fbcdn.net\/v\/t39.30808-1\/270437624_4564083193639691_6907940295614233970_n.jpg?stp=dst-jpg_s200x200_tt6&#038;_nc_cat=111&#038;ccb=1-7&#038;_nc_sid=f907e8&#038;_nc_ohc=SM1wRlP3lJwQ7kNvwEPuBYA&#038;_nc_oc=AdnqrjDN_BNjSSHWO-GbkIWH6fkGMLw4bqvL_NH6e2wMveX7G-rP2dAqsDSq1mJMOaY&#038;_nc_zt=24&#038;_nc_ht=scontent-gig4-1.xx&#038;_nc_gid=AoBFJeGrT1hVaew_6rchkQ&#038;oh=00_AfX7QmFGhQhG2jAllVgXCiM1ZrWgvtp80-Bfppyexh1QEg&#038;oe=689E923C","article:published_time":"2017-07-21T14:05:05+00:00","article:modified_time":"2017-07-21T14:05:05+00:00","twitter:card":"summary_large_image","twitter:title":"Par\u00f3quia de Nossa Senhora Aparecida convida para festa do Dia de S\u00e3o Crist\u00f3v\u00e3o - A Not\u00edcia Online","twitter:description":"Na pr\u00f3xima ter\u00e7a-feira (25), \u00e9 celebrado o Dia de S\u00e3o Crist\u00f3v\u00e3o e a Par\u00f3quia Nossa Senhora Aparecida, localizada no bairro Porto, prepara, mais uma vez, sua tradicional homenagem ao santo padroeiro dos motoristas, viajantes e peregrinos. O santo ser\u00e1 homenageado nos dias 27 a 30 de julho, com tributos, festa e carreata. Na quinta-feira (27),","twitter:image":"https:\/\/scontent-gig4-1.xx.fbcdn.net\/v\/t39.30808-1\/270437624_4564083193639691_6907940295614233970_n.jpg?stp=dst-jpg_s200x200_tt6&_nc_cat=111&ccb=1-7&_nc_sid=f907e8&_nc_ohc=SM1wRlP3lJwQ7kNvwEPuBYA&_nc_oc=AdnqrjDN_BNjSSHWO-GbkIWH6fkGMLw4bqvL_NH6e2wMveX7G-rP2dAqsDSq1mJMOaY&_nc_zt=24&_nc_ht=scontent-gig4-1.xx&_nc_gid=AoBFJeGrT1hVaew_6rchkQ&oh=00_AfX7QmFGhQhG2jAllVgXCiM1ZrWgvtp80-Bfppyexh1QEg&oe=689E923C"},"aioseo_meta_data":{"post_id":"36180","title":null,"description":null,"keywords":null,"keyphrases":null,"primary_term":null,"canonical_url":null,"og_title":null,"og_description":null,"og_object_type":"default","og_image_type":"default","og_image_url":null,"og_image_width":null,"og_image_height":null,"og_image_custom_url":null,"og_image_custom_fields":null,"og_video":null,"og_custom_url":null,"og_article_section":null,"og_article_tags":null,"twitter_use_og":false,"twitter_card":"default","twitter_image_type":"default","twitter_image_url":null,"twitter_image_custom_url":null,"twitter_image_custom_fields":null,"twitter_title":null,"twitter_description":null,"schema":{"blockGraphs":[],"customGraphs":[],"default":{"data":{"Article":[],"Course":[],"Dataset":[],"FAQPage":[],"Movie":[],"Person":[],"Product":[],"ProductReview":[],"Car":[],"Recipe":[],"Service":[],"SoftwareApplication":[],"WebPage":[]},"graphName":"","isEnabled":true},"graphs":[]},"schema_type":"default","schema_type_options":null,"pillar_content":false,"robots_default":true,"robots_noindex":false,"robots_noarchive":false,"robots_nosnippet":false,"robots_nofollow":false,"robots_noimageindex":false,"robots_noodp":false,"robots_notranslate":false,"robots_max_snippet":null,"robots_max_videopreview":null,"robots_max_imagepreview":"large","priority":null,"frequency":null,"local_seo":null,"breadcrumb_settings":null,"limit_modified_date":false,"ai":null,"created":"2025-08-16 18:58:11","updated":"2025-08-16 18:58:11","focus_keyword":null,"additional_keywords":null,"truseo_locale":null,"seo_analyzer_scan_date":null},"aioseo_breadcrumb":"<div class=\"aioseo-breadcrumbs\"><span class=\"aioseo-breadcrumb\">\n\t\t\t<a href=\"https:\/\/anoticiaonline.com.br\/site\" title=\"Home\">Home<\/a>\n\t\t<\/span><span class=\"aioseo-breadcrumb-separator\">&raquo;<\/span><span class=\"aioseo-breadcrumb\">\n\t\t\t<a href=\"https:\/\/anoticiaonline.com.br\/site\/categoria\/muriae\/\" title=\"Blog\">Blog<\/a>\n\t\t<\/span><span class=\"aioseo-breadcrumb-separator\">&raquo;<\/span><span class=\"aioseo-breadcrumb\">\n\t\t\tPar\u00f3quia de Nossa Senhora Aparecida convida para festa do Dia de S\u00e3o Crist\u00f3v\u00e3o\n\t\t<\/span><\/div>","aioseo_breadcrumb_json":[{"label":"Home","link":"https:\/\/anoticiaonline.com.br\/site"},{"label":"Blog","link":"https:\/\/anoticiaonline.com.br\/site\/categoria\/muriae\/"},{"label":"Par\u00f3quia de Nossa Senhora Aparecida convida para festa do Dia de S\u00e3o Crist\u00f3v\u00e3o","link":"https:\/\/anoticiaonline.com.br\/site\/paroquia-de-nossa-senhora-aparecida-convida-para-festa-do-dia-de-sao-cristovao\/"}],"views":152,"_links":{"self":[{"href":"https:\/\/anoticiaonline.com.br\/site\/wp-json\/wp\/v2\/posts\/36180","targetHints":{"allow":["GET"]}}],"collection":[{"href":"https:\/\/anoticiaonline.com.br\/site\/wp-json\/wp\/v2\/posts"}],"about":[{"href":"https:\/\/anoticiaonline.com.br\/site\/wp-json\/wp\/v2\/types\/post"}],"author":[{"embeddable":true,"href":"https:\/\/anoticiaonline.com.br\/site\/wp-json\/wp\/v2\/users\/2"}],"replies":[{"embeddable":true,"href":"https:\/\/anoticiaonline.com.br\/site\/wp-json\/wp\/v2\/comments?post=36180"}],"version-history":[{"count":0,"href":"https:\/\/anoticiaonline.com.br\/site\/wp-json\/wp\/v2\/posts\/36180\/revisions"}],"wp:featuredmedia":[{"embeddable":true,"href":"https:\/\/anoticiaonline.com.br\/site\/wp-json\/wp\/v2\/media\/36183"}],"wp:attachment":[{"href":"https:\/\/anoticiaonline.com.br\/site\/wp-json\/wp\/v2\/media?parent=36180"}],"wp:term":[{"taxonomy":"category","embeddable":true,"href":"https:\/\/anoticiaonline.com.br\/site\/wp-json\/wp\/v2\/categories?post=36180"},{"taxonomy":"post_tag","embeddable":true,"href":"https:\/\/anoticiaonline.com.br\/site\/wp-json\/wp\/v2\/tags?post=36180"}],"curies":[{"name":"wp","href":"https:\/\/api.w.org\/{rel}","templated":true}]}}