{"id":35885,"date":"2017-07-21T15:14:40","date_gmt":"2017-07-21T18:14:40","guid":{"rendered":"http:\/\/anoticiaonline.com.br\/site\/?p=35885"},"modified":"2017-07-24T17:13:44","modified_gmt":"2017-07-24T20:13:44","slug":"recanto-tricolor-realiza-sua-tradicional-festa-julhina","status":"publish","type":"post","link":"https:\/\/anoticiaonline.com.br\/site\/recanto-tricolor-realiza-sua-tradicional-festa-julhina\/","title":{"rendered":"Recanto Tricolor realiza sua tradicional Festa Julhina"},"content":{"rendered":"<p><a href=\"https:\/\/anoticiaonline.com.br\/site\/wp-content\/uploads\/2017\/07\/DSC_0318.jpg\"><img fetchpriority=\"high\" decoding=\"async\" class=\"alignleft size-medium wp-image-35886\" src=\"https:\/\/anoticiaonline.com.br\/site\/wp-content\/uploads\/2017\/07\/DSC_0318-300x200.jpg\" alt=\"\" width=\"300\" height=\"200\" srcset=\"https:\/\/anoticiaonline.com.br\/site\/wp-content\/uploads\/2017\/07\/DSC_0318-300x200.jpg 300w, https:\/\/anoticiaonline.com.br\/site\/wp-content\/uploads\/2017\/07\/DSC_0318.jpg 640w\" sizes=\"(max-width: 300px) 100vw, 300px\" \/><\/a> <a href=\"https:\/\/anoticiaonline.com.br\/site\/wp-content\/uploads\/2017\/07\/DSC_0443.jpg\"><img decoding=\"async\" class=\"alignleft size-medium wp-image-35888\" src=\"https:\/\/anoticiaonline.com.br\/site\/wp-content\/uploads\/2017\/07\/DSC_0443-300x200.jpg\" alt=\"\" width=\"300\" height=\"200\" srcset=\"https:\/\/anoticiaonline.com.br\/site\/wp-content\/uploads\/2017\/07\/DSC_0443-300x200.jpg 300w, https:\/\/anoticiaonline.com.br\/site\/wp-content\/uploads\/2017\/07\/DSC_0443.jpg 640w\" sizes=\"(max-width: 300px) 100vw, 300px\" \/><\/a> <a href=\"https:\/\/anoticiaonline.com.br\/site\/wp-content\/uploads\/2017\/07\/DSC_0467.jpg\"><img decoding=\"async\" class=\"alignleft size-medium wp-image-35890\" src=\"https:\/\/anoticiaonline.com.br\/site\/wp-content\/uploads\/2017\/07\/DSC_0467-300x200.jpg\" alt=\"\" width=\"300\" height=\"200\" srcset=\"https:\/\/anoticiaonline.com.br\/site\/wp-content\/uploads\/2017\/07\/DSC_0467-300x200.jpg 300w, https:\/\/anoticiaonline.com.br\/site\/wp-content\/uploads\/2017\/07\/DSC_0467.jpg 640w\" sizes=\"(max-width: 300px) 100vw, 300px\" \/><\/a><\/p>\n<p>O s\u00edtio Recanto Tricolor, de propriedade de Jos\u00e9 Geraldo Martins, reuniu,<img loading=\"lazy\" decoding=\"async\" class=\"alignleft size-medium wp-image-35889\" src=\"https:\/\/anoticiaonline.com.br\/site\/wp-content\/uploads\/2017\/07\/DSC_0465-300x200.jpg\" alt=\"\" width=\"300\" height=\"200\" srcset=\"https:\/\/anoticiaonline.com.br\/site\/wp-content\/uploads\/2017\/07\/DSC_0465-300x200.jpg 300w, https:\/\/anoticiaonline.com.br\/site\/wp-content\/uploads\/2017\/07\/DSC_0465.jpg 640w\" sizes=\"(max-width: 300px) 100vw, 300px\" \/>\u00a0em uma noite de muito entretenimento e m\u00fasica, convidados e amigos para a 3\u00aa edi\u00e7\u00e3o da Festa Julhina, que aconteceu na noite de sexta-feira (14).<\/p>\n<p>O clima familiar tomou conta do local e proporcionou ao p\u00fablico presente uma noite agrad\u00e1vel com comidas e bebidas t\u00edpicas, brincadeiras para as crian\u00e7as, al\u00e9m do som da banda F\u00e1bio Ohany.<\/p>\n<p>De acordo com um dos organizadores do evento, o jovem Wesley Alves Martins, cerca de 280 pessoas estiveram no s\u00edtio. \u201cEsta \u00e9 uma \u00f3tima oportunidade para reunir nossos amigos, principalmente fam\u00edlias inteiras, por isso n\u00e3o deixamos de pensar em atra\u00e7\u00f5es para os pequenos, como pula-pula e algod\u00e3o doce. Prezamos pelo bom atendimento para que todos possam sair daqui satisfeitos\u201d, conta.<\/p>\n<p>Wesley aproveita para agradecer a presen\u00e7a de todos. \u201cPrimeiramente agrade\u00e7o a Deus, \u00e0 minha fam\u00edlia, que est\u00e1 aqui ajudando, e a todos que vieram nos prestigiar nesta noite especial\u201d, diz.<\/p>\n<p>Vale ressaltar que toda a fam\u00edlia de Jos\u00e9 Geraldo Martins se envolve na festa e cuida minuciosamente para que ela aconte\u00e7a perfeitamente. Desde a prepara\u00e7\u00e3o e ornamenta\u00e7\u00e3o do ambiente, passando pelos caldos, doces e bolos servidos, indo at\u00e9 a escolha das atra\u00e7\u00f5es no dia do evento. \u00c9 evento que a cada ano ganha mais o respeito do p\u00fablico e que cresce a cada edi\u00e7\u00e3o.<\/p>\n<p><img decoding=\"async\" class=\"ngg_displayed_gallery mceItem\" src=\"https:\/\/anoticiaonline.com.br\/site\/nextgen-attach_to_post\/preview\/id--36021\" \/><\/p>\n","protected":false},"excerpt":{"rendered":"<p>O s\u00edtio Recanto Tricolor, de propriedade de Jos\u00e9 Geraldo Martins, reuniu,\u00a0em uma noite de muito entretenimento e m\u00fasica, convidados e amigos para a 3\u00aa edi\u00e7\u00e3o da Festa Julhina, que aconteceu na noite de sexta-feira (14). O clima familiar tomou conta do local e proporcionou ao p\u00fablico presente uma noite agrad\u00e1vel com comidas e bebidas t\u00edpicas, &#8230; <a title=\"Recanto Tricolor realiza sua tradicional Festa Julhina\" class=\"read-more\" href=\"https:\/\/anoticiaonline.com.br\/site\/recanto-tricolor-realiza-sua-tradicional-festa-julhina\/\" aria-label=\"Read more about Recanto Tricolor realiza sua tradicional Festa Julhina\">Ler mais<\/a><\/p>\n","protected":false},"author":2,"featured_media":36204,"comment_status":"open","ping_status":"open","sticky":false,"template":"","format":"standard","meta":{"_acf_changed":false,"_monsterinsights_skip_tracking":false,"footnotes":""},"categories":[24],"tags":[666,626,669,667,3,668],"class_list":["post-35885","post","type-post","status-publish","format-standard","has-post-thumbnail","hentry","category-eventos","tag-fabio-ohany","tag-festa-julhina","tag-jose-geraldo-martins","tag-sitio-recanto-tricolor","tag-slide","tag-wesley-alves-martins"],"acf":[],"aioseo_notices":[],"aioseo_head":"\n\t\t<!-- All in One SEO 5.0.0.1 - aioseo.com -->\n\t<meta name=\"description\" content=\"O s\u00edtio Recanto Tricolor, de propriedade de Jos\u00e9 Geraldo Martins, reuniu, em uma noite de muito entretenimento e m\u00fasica, convidados e amigos para a 3\u00aa edi\u00e7\u00e3o da Festa Julhina, que aconteceu na noite de sexta-feira (14). O clima familiar tomou conta do local e proporcionou ao p\u00fablico presente uma noite agrad\u00e1vel com comidas e bebidas t\u00edpicas,\" \/>\n\t<meta name=\"robots\" content=\"max-image-preview:large\" \/>\n\t<meta name=\"author\" content=\"Juliana Laviola\"\/>\n\t<link rel=\"canonical\" href=\"https:\/\/anoticiaonline.com.br\/site\/recanto-tricolor-realiza-sua-tradicional-festa-julhina\/\" \/>\n\t<meta name=\"generator\" content=\"All in One SEO (AIOSEO) 5.0.0.1\" \/>\n\t\t<meta property=\"og:locale\" content=\"pt_BR\" \/>\n\t\t<meta property=\"og:site_name\" content=\"A Not\u00edcia Online - Noticias de Muria\u00e9 e regi\u00e3o\" \/>\n\t\t<meta property=\"og:type\" content=\"article\" \/>\n\t\t<meta property=\"og:title\" content=\"Recanto Tricolor realiza sua tradicional Festa Julhina - A Not\u00edcia Online\" \/>\n\t\t<meta property=\"og:description\" content=\"O s\u00edtio Recanto Tricolor, de propriedade de Jos\u00e9 Geraldo Martins, reuniu, em uma noite de muito entretenimento e m\u00fasica, convidados e amigos para a 3\u00aa edi\u00e7\u00e3o da Festa Julhina, que aconteceu na noite de sexta-feira (14). O clima familiar tomou conta do local e proporcionou ao p\u00fablico presente uma noite agrad\u00e1vel com comidas e bebidas t\u00edpicas,\" \/>\n\t\t<meta property=\"og:url\" content=\"https:\/\/anoticiaonline.com.br\/site\/recanto-tricolor-realiza-sua-tradicional-festa-julhina\/\" \/>\n\t\t<meta property=\"og:image\" content=\"https:\/\/scontent-gig4-1.xx.fbcdn.net\/v\/t39.30808-1\/270437624_4564083193639691_6907940295614233970_n.jpg?stp=dst-jpg_s200x200_tt6&#038;_nc_cat=111&#038;ccb=1-7&#038;_nc_sid=f907e8&#038;_nc_ohc=SM1wRlP3lJwQ7kNvwEPuBYA&#038;_nc_oc=AdnqrjDN_BNjSSHWO-GbkIWH6fkGMLw4bqvL_NH6e2wMveX7G-rP2dAqsDSq1mJMOaY&#038;_nc_zt=24&#038;_nc_ht=scontent-gig4-1.xx&#038;_nc_gid=AoBFJeGrT1hVaew_6rchkQ&#038;oh=00_AfX7QmFGhQhG2jAllVgXCiM1ZrWgvtp80-Bfppyexh1QEg&#038;oe=689E923C\" \/>\n\t\t<meta property=\"og:image:secure_url\" content=\"https:\/\/scontent-gig4-1.xx.fbcdn.net\/v\/t39.30808-1\/270437624_4564083193639691_6907940295614233970_n.jpg?stp=dst-jpg_s200x200_tt6&#038;_nc_cat=111&#038;ccb=1-7&#038;_nc_sid=f907e8&#038;_nc_ohc=SM1wRlP3lJwQ7kNvwEPuBYA&#038;_nc_oc=AdnqrjDN_BNjSSHWO-GbkIWH6fkGMLw4bqvL_NH6e2wMveX7G-rP2dAqsDSq1mJMOaY&#038;_nc_zt=24&#038;_nc_ht=scontent-gig4-1.xx&#038;_nc_gid=AoBFJeGrT1hVaew_6rchkQ&#038;oh=00_AfX7QmFGhQhG2jAllVgXCiM1ZrWgvtp80-Bfppyexh1QEg&#038;oe=689E923C\" \/>\n\t\t<meta property=\"article:published_time\" content=\"2017-07-21T18:14:40+00:00\" \/>\n\t\t<meta property=\"article:modified_time\" content=\"2017-07-24T20:13:44+00:00\" \/>\n\t\t<meta name=\"twitter:card\" content=\"summary_large_image\" \/>\n\t\t<meta name=\"twitter:title\" content=\"Recanto Tricolor realiza sua tradicional Festa Julhina - A Not\u00edcia Online\" \/>\n\t\t<meta name=\"twitter:description\" content=\"O s\u00edtio Recanto Tricolor, de propriedade de Jos\u00e9 Geraldo Martins, reuniu, em uma noite de muito entretenimento e m\u00fasica, convidados e amigos para a 3\u00aa edi\u00e7\u00e3o da Festa Julhina, que aconteceu na noite de sexta-feira (14). O clima familiar tomou conta do local e proporcionou ao p\u00fablico presente uma noite agrad\u00e1vel com comidas e bebidas t\u00edpicas,\" \/>\n\t\t<meta name=\"twitter:image\" content=\"https:\/\/scontent-gig4-1.xx.fbcdn.net\/v\/t39.30808-1\/270437624_4564083193639691_6907940295614233970_n.jpg?stp=dst-jpg_s200x200_tt6&amp;_nc_cat=111&amp;ccb=1-7&amp;_nc_sid=f907e8&amp;_nc_ohc=SM1wRlP3lJwQ7kNvwEPuBYA&amp;_nc_oc=AdnqrjDN_BNjSSHWO-GbkIWH6fkGMLw4bqvL_NH6e2wMveX7G-rP2dAqsDSq1mJMOaY&amp;_nc_zt=24&amp;_nc_ht=scontent-gig4-1.xx&amp;_nc_gid=AoBFJeGrT1hVaew_6rchkQ&amp;oh=00_AfX7QmFGhQhG2jAllVgXCiM1ZrWgvtp80-Bfppyexh1QEg&amp;oe=689E923C\" \/>\n\t\t<script type=\"application\/ld+json\" class=\"aioseo-schema\">\n\t\t\t{\"@context\":\"https:\\\/\\\/schema.org\",\"@graph\":[{\"@type\":\"BlogPosting\",\"@id\":\"https:\\\/\\\/anoticiaonline.com.br\\\/site\\\/recanto-tricolor-realiza-sua-tradicional-festa-julhina\\\/#blogposting\",\"name\":\"Recanto Tricolor realiza sua tradicional Festa Julhina - A Not\\u00edcia Online\",\"headline\":\"Recanto Tricolor realiza sua tradicional Festa Julhina\",\"author\":{\"@id\":\"https:\\\/\\\/anoticiaonline.com.br\\\/site\\\/author\\\/juliana\\\/#author\"},\"publisher\":{\"@id\":\"https:\\\/\\\/anoticiaonline.com.br\\\/site\\\/#organization\"},\"image\":{\"@type\":\"ImageObject\",\"url\":\"https:\\\/\\\/anoticiaonline.com.br\\\/site\\\/wp-content\\\/uploads\\\/2017\\\/07\\\/capa.jpg\",\"width\":600,\"height\":400},\"datePublished\":\"2017-07-21T15:14:40-03:00\",\"dateModified\":\"2017-07-24T17:13:44-03:00\",\"inLanguage\":\"pt-BR\",\"mainEntityOfPage\":{\"@id\":\"https:\\\/\\\/anoticiaonline.com.br\\\/site\\\/recanto-tricolor-realiza-sua-tradicional-festa-julhina\\\/#webpage\"},\"isPartOf\":{\"@id\":\"https:\\\/\\\/anoticiaonline.com.br\\\/site\\\/recanto-tricolor-realiza-sua-tradicional-festa-julhina\\\/#webpage\"},\"articleSection\":\"Eventos, F\\u00e1bio Ohany, festa julhina, Jos\\u00e9 Geraldo Martins, s\\u00edtio Recanto Tricolor, slide, Wesley Alves Martins\"},{\"@type\":\"BreadcrumbList\",\"@id\":\"https:\\\/\\\/anoticiaonline.com.br\\\/site\\\/recanto-tricolor-realiza-sua-tradicional-festa-julhina\\\/#breadcrumblist\",\"itemListElement\":[{\"@type\":\"ListItem\",\"@id\":\"https:\\\/\\\/anoticiaonline.com.br\\\/site#listItem\",\"position\":1,\"name\":\"Home\",\"item\":\"https:\\\/\\\/anoticiaonline.com.br\\\/site\",\"nextItem\":{\"@type\":\"ListItem\",\"@id\":\"https:\\\/\\\/anoticiaonline.com.br\\\/site\\\/categoria\\\/eventos\\\/#listItem\",\"name\":\"Eventos\"}},{\"@type\":\"ListItem\",\"@id\":\"https:\\\/\\\/anoticiaonline.com.br\\\/site\\\/categoria\\\/eventos\\\/#listItem\",\"position\":2,\"name\":\"Eventos\",\"item\":\"https:\\\/\\\/anoticiaonline.com.br\\\/site\\\/categoria\\\/eventos\\\/\",\"nextItem\":{\"@type\":\"ListItem\",\"@id\":\"https:\\\/\\\/anoticiaonline.com.br\\\/site\\\/recanto-tricolor-realiza-sua-tradicional-festa-julhina\\\/#listItem\",\"name\":\"Recanto Tricolor realiza sua tradicional Festa Julhina\"},\"previousItem\":{\"@type\":\"ListItem\",\"@id\":\"https:\\\/\\\/anoticiaonline.com.br\\\/site#listItem\",\"name\":\"Home\"}},{\"@type\":\"ListItem\",\"@id\":\"https:\\\/\\\/anoticiaonline.com.br\\\/site\\\/recanto-tricolor-realiza-sua-tradicional-festa-julhina\\\/#listItem\",\"position\":3,\"name\":\"Recanto Tricolor realiza sua tradicional Festa Julhina\",\"previousItem\":{\"@type\":\"ListItem\",\"@id\":\"https:\\\/\\\/anoticiaonline.com.br\\\/site\\\/categoria\\\/eventos\\\/#listItem\",\"name\":\"Eventos\"}}]},{\"@type\":\"Organization\",\"@id\":\"https:\\\/\\\/anoticiaonline.com.br\\\/site\\\/#organization\",\"name\":\"A Not\\u00edcia Online\",\"description\":\"Noticias de Muria\\u00e9 e regi\\u00e3o\",\"url\":\"https:\\\/\\\/anoticiaonline.com.br\\\/site\\\/\",\"logo\":{\"@type\":\"ImageObject\",\"url\":\"https:\\\/\\\/scontent-gig4-1.xx.fbcdn.net\\\/v\\\/t39.30808-1\\\/270437624_4564083193639691_6907940295614233970_n.jpg?stp=dst-jpg_s200x200_tt6&_nc_cat=111&ccb=1-7&_nc_sid=f907e8&_nc_ohc=SM1wRlP3lJwQ7kNvwEPuBYA&_nc_oc=AdnqrjDN_BNjSSHWO-GbkIWH6fkGMLw4bqvL_NH6e2wMveX7G-rP2dAqsDSq1mJMOaY&_nc_zt=24&_nc_ht=scontent-gig4-1.xx&_nc_gid=AoBFJeGrT1hVaew_6rchkQ&oh=00_AfX7QmFGhQhG2jAllVgXCiM1ZrWgvtp80-Bfppyexh1QEg&oe=689E923C\",\"@id\":\"https:\\\/\\\/anoticiaonline.com.br\\\/site\\\/recanto-tricolor-realiza-sua-tradicional-festa-julhina\\\/#organizationLogo\"},\"image\":{\"@id\":\"https:\\\/\\\/anoticiaonline.com.br\\\/site\\\/recanto-tricolor-realiza-sua-tradicional-festa-julhina\\\/#organizationLogo\"}},{\"@type\":\"Person\",\"@id\":\"https:\\\/\\\/anoticiaonline.com.br\\\/site\\\/author\\\/juliana\\\/#author\",\"url\":\"https:\\\/\\\/anoticiaonline.com.br\\\/site\\\/author\\\/juliana\\\/\",\"name\":\"Juliana Laviola\",\"image\":{\"@type\":\"ImageObject\",\"@id\":\"https:\\\/\\\/anoticiaonline.com.br\\\/site\\\/recanto-tricolor-realiza-sua-tradicional-festa-julhina\\\/#authorImage\",\"url\":\"https:\\\/\\\/secure.gravatar.com\\\/avatar\\\/b8d45f5c699b100dfaf0e543582f38f38bf94cb7ae3a5e9abf8d891a34773335?s=96&d=mm&r=g\",\"width\":96,\"height\":96,\"caption\":\"Juliana Laviola\"}},{\"@type\":\"WebPage\",\"@id\":\"https:\\\/\\\/anoticiaonline.com.br\\\/site\\\/recanto-tricolor-realiza-sua-tradicional-festa-julhina\\\/#webpage\",\"url\":\"https:\\\/\\\/anoticiaonline.com.br\\\/site\\\/recanto-tricolor-realiza-sua-tradicional-festa-julhina\\\/\",\"name\":\"Recanto Tricolor realiza sua tradicional Festa Julhina - A Not\\u00edcia Online\",\"description\":\"O s\\u00edtio Recanto Tricolor, de propriedade de Jos\\u00e9 Geraldo Martins, reuniu, em uma noite de muito entretenimento e m\\u00fasica, convidados e amigos para a 3\\u00aa edi\\u00e7\\u00e3o da Festa Julhina, que aconteceu na noite de sexta-feira (14). O clima familiar tomou conta do local e proporcionou ao p\\u00fablico presente uma noite agrad\\u00e1vel com comidas e bebidas t\\u00edpicas,\",\"inLanguage\":\"pt-BR\",\"isPartOf\":{\"@id\":\"https:\\\/\\\/anoticiaonline.com.br\\\/site\\\/#website\"},\"breadcrumb\":{\"@id\":\"https:\\\/\\\/anoticiaonline.com.br\\\/site\\\/recanto-tricolor-realiza-sua-tradicional-festa-julhina\\\/#breadcrumblist\"},\"author\":{\"@id\":\"https:\\\/\\\/anoticiaonline.com.br\\\/site\\\/author\\\/juliana\\\/#author\"},\"creator\":{\"@id\":\"https:\\\/\\\/anoticiaonline.com.br\\\/site\\\/author\\\/juliana\\\/#author\"},\"image\":{\"@type\":\"ImageObject\",\"url\":\"https:\\\/\\\/anoticiaonline.com.br\\\/site\\\/wp-content\\\/uploads\\\/2017\\\/07\\\/capa.jpg\",\"@id\":\"https:\\\/\\\/anoticiaonline.com.br\\\/site\\\/recanto-tricolor-realiza-sua-tradicional-festa-julhina\\\/#mainImage\",\"width\":600,\"height\":400},\"primaryImageOfPage\":{\"@id\":\"https:\\\/\\\/anoticiaonline.com.br\\\/site\\\/recanto-tricolor-realiza-sua-tradicional-festa-julhina\\\/#mainImage\"},\"datePublished\":\"2017-07-21T15:14:40-03:00\",\"dateModified\":\"2017-07-24T17:13:44-03:00\"},{\"@type\":\"WebSite\",\"@id\":\"https:\\\/\\\/anoticiaonline.com.br\\\/site\\\/#website\",\"url\":\"https:\\\/\\\/anoticiaonline.com.br\\\/site\\\/\",\"name\":\"A Not\\u00edcia Online\",\"description\":\"Noticias de Muria\\u00e9 e regi\\u00e3o\",\"inLanguage\":\"pt-BR\",\"publisher\":{\"@id\":\"https:\\\/\\\/anoticiaonline.com.br\\\/site\\\/#organization\"}}]}\n\t\t<\/script>\n\t\t<!-- All in One SEO -->\n\n","aioseo_head_json":{"title":"Recanto Tricolor realiza sua tradicional Festa Julhina - A Not\u00edcia Online","description":"O s\u00edtio Recanto Tricolor, de propriedade de Jos\u00e9 Geraldo Martins, reuniu, em uma noite de muito entretenimento e m\u00fasica, convidados e amigos para a 3\u00aa edi\u00e7\u00e3o da Festa Julhina, que aconteceu na noite de sexta-feira (14). O clima familiar tomou conta do local e proporcionou ao p\u00fablico presente uma noite agrad\u00e1vel com comidas e bebidas t\u00edpicas,","canonical_url":"https:\/\/anoticiaonline.com.br\/site\/recanto-tricolor-realiza-sua-tradicional-festa-julhina\/","robots":"max-image-preview:large","keywords":"","webmasterTools":{"miscellaneous":""},"schema":{"@context":"https:\/\/schema.org","@graph":[{"@type":"BlogPosting","@id":"https:\/\/anoticiaonline.com.br\/site\/recanto-tricolor-realiza-sua-tradicional-festa-julhina\/#blogposting","name":"Recanto Tricolor realiza sua tradicional Festa Julhina - A Not\u00edcia Online","headline":"Recanto Tricolor realiza sua tradicional Festa Julhina","author":{"@id":"https:\/\/anoticiaonline.com.br\/site\/author\/juliana\/#author"},"publisher":{"@id":"https:\/\/anoticiaonline.com.br\/site\/#organization"},"image":{"@type":"ImageObject","url":"https:\/\/anoticiaonline.com.br\/site\/wp-content\/uploads\/2017\/07\/capa.jpg","width":600,"height":400},"datePublished":"2017-07-21T15:14:40-03:00","dateModified":"2017-07-24T17:13:44-03:00","inLanguage":"pt-BR","mainEntityOfPage":{"@id":"https:\/\/anoticiaonline.com.br\/site\/recanto-tricolor-realiza-sua-tradicional-festa-julhina\/#webpage"},"isPartOf":{"@id":"https:\/\/anoticiaonline.com.br\/site\/recanto-tricolor-realiza-sua-tradicional-festa-julhina\/#webpage"},"articleSection":"Eventos, F\u00e1bio Ohany, festa julhina, Jos\u00e9 Geraldo Martins, s\u00edtio Recanto Tricolor, slide, Wesley Alves Martins"},{"@type":"BreadcrumbList","@id":"https:\/\/anoticiaonline.com.br\/site\/recanto-tricolor-realiza-sua-tradicional-festa-julhina\/#breadcrumblist","itemListElement":[{"@type":"ListItem","@id":"https:\/\/anoticiaonline.com.br\/site#listItem","position":1,"name":"Home","item":"https:\/\/anoticiaonline.com.br\/site","nextItem":{"@type":"ListItem","@id":"https:\/\/anoticiaonline.com.br\/site\/categoria\/eventos\/#listItem","name":"Eventos"}},{"@type":"ListItem","@id":"https:\/\/anoticiaonline.com.br\/site\/categoria\/eventos\/#listItem","position":2,"name":"Eventos","item":"https:\/\/anoticiaonline.com.br\/site\/categoria\/eventos\/","nextItem":{"@type":"ListItem","@id":"https:\/\/anoticiaonline.com.br\/site\/recanto-tricolor-realiza-sua-tradicional-festa-julhina\/#listItem","name":"Recanto Tricolor realiza sua tradicional Festa Julhina"},"previousItem":{"@type":"ListItem","@id":"https:\/\/anoticiaonline.com.br\/site#listItem","name":"Home"}},{"@type":"ListItem","@id":"https:\/\/anoticiaonline.com.br\/site\/recanto-tricolor-realiza-sua-tradicional-festa-julhina\/#listItem","position":3,"name":"Recanto Tricolor realiza sua tradicional Festa Julhina","previousItem":{"@type":"ListItem","@id":"https:\/\/anoticiaonline.com.br\/site\/categoria\/eventos\/#listItem","name":"Eventos"}}]},{"@type":"Organization","@id":"https:\/\/anoticiaonline.com.br\/site\/#organization","name":"A Not\u00edcia Online","description":"Noticias de Muria\u00e9 e regi\u00e3o","url":"https:\/\/anoticiaonline.com.br\/site\/","logo":{"@type":"ImageObject","url":"https:\/\/scontent-gig4-1.xx.fbcdn.net\/v\/t39.30808-1\/270437624_4564083193639691_6907940295614233970_n.jpg?stp=dst-jpg_s200x200_tt6&_nc_cat=111&ccb=1-7&_nc_sid=f907e8&_nc_ohc=SM1wRlP3lJwQ7kNvwEPuBYA&_nc_oc=AdnqrjDN_BNjSSHWO-GbkIWH6fkGMLw4bqvL_NH6e2wMveX7G-rP2dAqsDSq1mJMOaY&_nc_zt=24&_nc_ht=scontent-gig4-1.xx&_nc_gid=AoBFJeGrT1hVaew_6rchkQ&oh=00_AfX7QmFGhQhG2jAllVgXCiM1ZrWgvtp80-Bfppyexh1QEg&oe=689E923C","@id":"https:\/\/anoticiaonline.com.br\/site\/recanto-tricolor-realiza-sua-tradicional-festa-julhina\/#organizationLogo"},"image":{"@id":"https:\/\/anoticiaonline.com.br\/site\/recanto-tricolor-realiza-sua-tradicional-festa-julhina\/#organizationLogo"}},{"@type":"Person","@id":"https:\/\/anoticiaonline.com.br\/site\/author\/juliana\/#author","url":"https:\/\/anoticiaonline.com.br\/site\/author\/juliana\/","name":"Juliana Laviola","image":{"@type":"ImageObject","@id":"https:\/\/anoticiaonline.com.br\/site\/recanto-tricolor-realiza-sua-tradicional-festa-julhina\/#authorImage","url":"https:\/\/secure.gravatar.com\/avatar\/b8d45f5c699b100dfaf0e543582f38f38bf94cb7ae3a5e9abf8d891a34773335?s=96&d=mm&r=g","width":96,"height":96,"caption":"Juliana Laviola"}},{"@type":"WebPage","@id":"https:\/\/anoticiaonline.com.br\/site\/recanto-tricolor-realiza-sua-tradicional-festa-julhina\/#webpage","url":"https:\/\/anoticiaonline.com.br\/site\/recanto-tricolor-realiza-sua-tradicional-festa-julhina\/","name":"Recanto Tricolor realiza sua tradicional Festa Julhina - A Not\u00edcia Online","description":"O s\u00edtio Recanto Tricolor, de propriedade de Jos\u00e9 Geraldo Martins, reuniu, em uma noite de muito entretenimento e m\u00fasica, convidados e amigos para a 3\u00aa edi\u00e7\u00e3o da Festa Julhina, que aconteceu na noite de sexta-feira (14). O clima familiar tomou conta do local e proporcionou ao p\u00fablico presente uma noite agrad\u00e1vel com comidas e bebidas t\u00edpicas,","inLanguage":"pt-BR","isPartOf":{"@id":"https:\/\/anoticiaonline.com.br\/site\/#website"},"breadcrumb":{"@id":"https:\/\/anoticiaonline.com.br\/site\/recanto-tricolor-realiza-sua-tradicional-festa-julhina\/#breadcrumblist"},"author":{"@id":"https:\/\/anoticiaonline.com.br\/site\/author\/juliana\/#author"},"creator":{"@id":"https:\/\/anoticiaonline.com.br\/site\/author\/juliana\/#author"},"image":{"@type":"ImageObject","url":"https:\/\/anoticiaonline.com.br\/site\/wp-content\/uploads\/2017\/07\/capa.jpg","@id":"https:\/\/anoticiaonline.com.br\/site\/recanto-tricolor-realiza-sua-tradicional-festa-julhina\/#mainImage","width":600,"height":400},"primaryImageOfPage":{"@id":"https:\/\/anoticiaonline.com.br\/site\/recanto-tricolor-realiza-sua-tradicional-festa-julhina\/#mainImage"},"datePublished":"2017-07-21T15:14:40-03:00","dateModified":"2017-07-24T17:13:44-03:00"},{"@type":"WebSite","@id":"https:\/\/anoticiaonline.com.br\/site\/#website","url":"https:\/\/anoticiaonline.com.br\/site\/","name":"A Not\u00edcia Online","description":"Noticias de Muria\u00e9 e regi\u00e3o","inLanguage":"pt-BR","publisher":{"@id":"https:\/\/anoticiaonline.com.br\/site\/#organization"}}]},"og:locale":"pt_BR","og:site_name":"A Not\u00edcia Online - Noticias de Muria\u00e9 e regi\u00e3o","og:type":"article","og:title":"Recanto Tricolor realiza sua tradicional Festa Julhina - A Not\u00edcia Online","og:description":"O s\u00edtio Recanto Tricolor, de propriedade de Jos\u00e9 Geraldo Martins, reuniu, em uma noite de muito entretenimento e m\u00fasica, convidados e amigos para a 3\u00aa edi\u00e7\u00e3o da Festa Julhina, que aconteceu na noite de sexta-feira (14). O clima familiar tomou conta do local e proporcionou ao p\u00fablico presente uma noite agrad\u00e1vel com comidas e bebidas t\u00edpicas,","og:url":"https:\/\/anoticiaonline.com.br\/site\/recanto-tricolor-realiza-sua-tradicional-festa-julhina\/","og:image":"https:\/\/scontent-gig4-1.xx.fbcdn.net\/v\/t39.30808-1\/270437624_4564083193639691_6907940295614233970_n.jpg?stp=dst-jpg_s200x200_tt6&#038;_nc_cat=111&#038;ccb=1-7&#038;_nc_sid=f907e8&#038;_nc_ohc=SM1wRlP3lJwQ7kNvwEPuBYA&#038;_nc_oc=AdnqrjDN_BNjSSHWO-GbkIWH6fkGMLw4bqvL_NH6e2wMveX7G-rP2dAqsDSq1mJMOaY&#038;_nc_zt=24&#038;_nc_ht=scontent-gig4-1.xx&#038;_nc_gid=AoBFJeGrT1hVaew_6rchkQ&#038;oh=00_AfX7QmFGhQhG2jAllVgXCiM1ZrWgvtp80-Bfppyexh1QEg&#038;oe=689E923C","og:image:secure_url":"https:\/\/scontent-gig4-1.xx.fbcdn.net\/v\/t39.30808-1\/270437624_4564083193639691_6907940295614233970_n.jpg?stp=dst-jpg_s200x200_tt6&#038;_nc_cat=111&#038;ccb=1-7&#038;_nc_sid=f907e8&#038;_nc_ohc=SM1wRlP3lJwQ7kNvwEPuBYA&#038;_nc_oc=AdnqrjDN_BNjSSHWO-GbkIWH6fkGMLw4bqvL_NH6e2wMveX7G-rP2dAqsDSq1mJMOaY&#038;_nc_zt=24&#038;_nc_ht=scontent-gig4-1.xx&#038;_nc_gid=AoBFJeGrT1hVaew_6rchkQ&#038;oh=00_AfX7QmFGhQhG2jAllVgXCiM1ZrWgvtp80-Bfppyexh1QEg&#038;oe=689E923C","article:published_time":"2017-07-21T18:14:40+00:00","article:modified_time":"2017-07-24T20:13:44+00:00","twitter:card":"summary_large_image","twitter:title":"Recanto Tricolor realiza sua tradicional Festa Julhina - A Not\u00edcia Online","twitter:description":"O s\u00edtio Recanto Tricolor, de propriedade de Jos\u00e9 Geraldo Martins, reuniu, em uma noite de muito entretenimento e m\u00fasica, convidados e amigos para a 3\u00aa edi\u00e7\u00e3o da Festa Julhina, que aconteceu na noite de sexta-feira (14). O clima familiar tomou conta do local e proporcionou ao p\u00fablico presente uma noite agrad\u00e1vel com comidas e bebidas t\u00edpicas,","twitter:image":"https:\/\/scontent-gig4-1.xx.fbcdn.net\/v\/t39.30808-1\/270437624_4564083193639691_6907940295614233970_n.jpg?stp=dst-jpg_s200x200_tt6&_nc_cat=111&ccb=1-7&_nc_sid=f907e8&_nc_ohc=SM1wRlP3lJwQ7kNvwEPuBYA&_nc_oc=AdnqrjDN_BNjSSHWO-GbkIWH6fkGMLw4bqvL_NH6e2wMveX7G-rP2dAqsDSq1mJMOaY&_nc_zt=24&_nc_ht=scontent-gig4-1.xx&_nc_gid=AoBFJeGrT1hVaew_6rchkQ&oh=00_AfX7QmFGhQhG2jAllVgXCiM1ZrWgvtp80-Bfppyexh1QEg&oe=689E923C"},"aioseo_meta_data":{"post_id":"35885","title":null,"description":null,"keywords":null,"keyphrases":null,"primary_term":null,"canonical_url":null,"og_title":null,"og_description":null,"og_object_type":"default","og_image_type":"default","og_image_url":null,"og_image_width":null,"og_image_height":null,"og_image_custom_url":null,"og_image_custom_fields":null,"og_video":null,"og_custom_url":null,"og_article_section":null,"og_article_tags":null,"twitter_use_og":false,"twitter_card":"default","twitter_image_type":"default","twitter_image_url":null,"twitter_image_custom_url":null,"twitter_image_custom_fields":null,"twitter_title":null,"twitter_description":null,"schema":{"blockGraphs":[],"customGraphs":[],"default":{"data":{"Article":[],"Course":[],"Dataset":[],"FAQPage":[],"Movie":[],"Person":[],"Product":[],"ProductReview":[],"Car":[],"Recipe":[],"Service":[],"SoftwareApplication":[],"WebPage":[]},"graphName":"","isEnabled":true},"graphs":[]},"schema_type":"default","schema_type_options":null,"pillar_content":false,"robots_default":true,"robots_noindex":false,"robots_noarchive":false,"robots_nosnippet":false,"robots_nofollow":false,"robots_noimageindex":false,"robots_noodp":false,"robots_notranslate":false,"robots_max_snippet":null,"robots_max_videopreview":null,"robots_max_imagepreview":"large","priority":null,"frequency":null,"local_seo":null,"breadcrumb_settings":null,"limit_modified_date":false,"ai":null,"created":"2025-08-16 18:56:29","updated":"2025-08-16 18:56:29","focus_keyword":null,"additional_keywords":null,"truseo_locale":null,"seo_analyzer_scan_date":null},"aioseo_breadcrumb":"<div class=\"aioseo-breadcrumbs\"><span class=\"aioseo-breadcrumb\">\n\t\t\t<a href=\"https:\/\/anoticiaonline.com.br\/site\" title=\"Home\">Home<\/a>\n\t\t<\/span><span class=\"aioseo-breadcrumb-separator\">&raquo;<\/span><span class=\"aioseo-breadcrumb\">\n\t\t\t<a href=\"https:\/\/anoticiaonline.com.br\/site\/categoria\/eventos\/\" title=\"Eventos\">Eventos<\/a>\n\t\t<\/span><span class=\"aioseo-breadcrumb-separator\">&raquo;<\/span><span class=\"aioseo-breadcrumb\">\n\t\t\tRecanto Tricolor realiza sua tradicional Festa Julhina\n\t\t<\/span><\/div>","aioseo_breadcrumb_json":[{"label":"Home","link":"https:\/\/anoticiaonline.com.br\/site"},{"label":"Eventos","link":"https:\/\/anoticiaonline.com.br\/site\/categoria\/eventos\/"},{"label":"Recanto Tricolor realiza sua tradicional Festa Julhina","link":"https:\/\/anoticiaonline.com.br\/site\/recanto-tricolor-realiza-sua-tradicional-festa-julhina\/"}],"views":159,"_links":{"self":[{"href":"https:\/\/anoticiaonline.com.br\/site\/wp-json\/wp\/v2\/posts\/35885","targetHints":{"allow":["GET"]}}],"collection":[{"href":"https:\/\/anoticiaonline.com.br\/site\/wp-json\/wp\/v2\/posts"}],"about":[{"href":"https:\/\/anoticiaonline.com.br\/site\/wp-json\/wp\/v2\/types\/post"}],"author":[{"embeddable":true,"href":"https:\/\/anoticiaonline.com.br\/site\/wp-json\/wp\/v2\/users\/2"}],"replies":[{"embeddable":true,"href":"https:\/\/anoticiaonline.com.br\/site\/wp-json\/wp\/v2\/comments?post=35885"}],"version-history":[{"count":0,"href":"https:\/\/anoticiaonline.com.br\/site\/wp-json\/wp\/v2\/posts\/35885\/revisions"}],"wp:featuredmedia":[{"embeddable":true,"href":"https:\/\/anoticiaonline.com.br\/site\/wp-json\/wp\/v2\/media\/36204"}],"wp:attachment":[{"href":"https:\/\/anoticiaonline.com.br\/site\/wp-json\/wp\/v2\/media?parent=35885"}],"wp:term":[{"taxonomy":"category","embeddable":true,"href":"https:\/\/anoticiaonline.com.br\/site\/wp-json\/wp\/v2\/categories?post=35885"},{"taxonomy":"post_tag","embeddable":true,"href":"https:\/\/anoticiaonline.com.br\/site\/wp-json\/wp\/v2\/tags?post=35885"}],"curies":[{"name":"wp","href":"https:\/\/api.w.org\/{rel}","templated":true}]}}