{"id":35880,"date":"2017-07-20T21:12:40","date_gmt":"2017-07-21T00:12:40","guid":{"rendered":"http:\/\/anoticiaonline.com.br\/site\/?p=35880"},"modified":"2017-07-20T21:43:58","modified_gmt":"2017-07-21T00:43:58","slug":"reuniao-em-bh-alinha-unidade-da-fcv-para-servicos-de-oncologia-em-cataguases","status":"publish","type":"post","link":"https:\/\/anoticiaonline.com.br\/site\/reuniao-em-bh-alinha-unidade-da-fcv-para-servicos-de-oncologia-em-cataguases\/","title":{"rendered":"Reuni\u00e3o em BH alinha unidade da FCV para servi\u00e7os de oncologia em Cataguases"},"content":{"rendered":"<p><img fetchpriority=\"high\" decoding=\"async\" class=\"alignleft size-medium wp-image-35881\" src=\"https:\/\/anoticiaonline.com.br\/site\/wp-content\/uploads\/2017\/07\/1-300x209.jpg\" alt=\"\" width=\"300\" height=\"209\" srcset=\"https:\/\/anoticiaonline.com.br\/site\/wp-content\/uploads\/2017\/07\/1-300x209.jpg 300w, https:\/\/anoticiaonline.com.br\/site\/wp-content\/uploads\/2017\/07\/1.jpg 640w\" sizes=\"(max-width: 300px) 100vw, 300px\" \/><\/p>\n<p><img decoding=\"async\" class=\"alignleft size-medium wp-image-35882\" src=\"https:\/\/anoticiaonline.com.br\/site\/wp-content\/uploads\/2017\/07\/3-300x225.jpg\" alt=\"\" width=\"300\" height=\"225\" srcset=\"https:\/\/anoticiaonline.com.br\/site\/wp-content\/uploads\/2017\/07\/3-300x225.jpg 300w, https:\/\/anoticiaonline.com.br\/site\/wp-content\/uploads\/2017\/07\/3.jpg 640w\" sizes=\"(max-width: 300px) 100vw, 300px\" \/><\/p>\n<p>Uma reuni\u00e3o realizada na segunda-feira, dia 17, na Secretaria de Estado da Sa\u00fade de Minas Gerais (SES\/MG), em Belo Horizonte, iniciou o alinhamento para a manuten\u00e7\u00e3o do servi\u00e7o de oncologia em Cataguases. Conforme explicou o secret\u00e1rio municipal de Sa\u00fade, Eliermes Teixeira, com o aval da SES, mesmo com o descredenciamento do Hospital de Cataguases para o servi\u00e7o, provocada pela sa\u00edda do Instituto Oncol\u00f3gico da cidade, o munic\u00edpio passar\u00e1 a contar com uma unidade de atendimento da Funda\u00e7\u00e3o Cristiano Varella.<\/p>\n<p>&#8220;O munic\u00edpio intermediou v\u00e1rias sa\u00eddas para o impasse entre o Hospital de Cataguases e o Instituto Oncol\u00f3gico. Infelizmente, n\u00e3o houve acordo entre as partes. Sendo assim, a Secretaria de Sa\u00fade buscou nova alternativa, atrav\u00e9s da Funda\u00e7\u00e3o Cristiano Varella de Muria\u00e9, onde j\u00e1 est\u00e1 habilitada para o servi\u00e7o. Nesta reuni\u00e3o, inclusive, ficou alinhado que o credenciamento do servi\u00e7o de\u00a0oncologia de Muria\u00e9 acontecer\u00e1 com a instala\u00e7\u00e3o desta unidade de atendimento em Cataguases, visto que nosso munic\u00edpio atende tamb\u00e9m diversos outras cidades vizinhas&#8221;, afirmou o secret\u00e1rio Eliermes Teixeira.<\/p>\n<p>A reuni\u00e3o em Belo Horizonte contou com a presen\u00e7a do Prefeito Willian, do vereador Vin\u00edcius Machado, de representantes da Ger\u00eancia Regional de Sa\u00fade de Leopoldina e de Ub\u00e1, de representantes da coordena\u00e7\u00e3o estadual de oncologia da SES, al\u00e9m de S\u00e9rgio Henriques, Diretor Administrativo da Funda\u00e7\u00e3o Cristiano Varella, que demonstrou o interesse da institui\u00e7\u00e3o em estar presente em Cataguases. &#8220;De nossa parte, estamos dispostos e temos todo o interesse em manter uma base nossa em Cataguases. Precisamos, primeiramente, levantar as informa\u00e7\u00f5es necess\u00e1rias sobre o servi\u00e7o de oncologia que \u00e9 oferecido hoje, para podermos manter o servi\u00e7o com toda a qualidade que caracteriza nossa funda\u00e7\u00e3o&#8221;, disse na reuni\u00e3o o diretor da FCV.<\/p>\n<p>O secret\u00e1rio de Sa\u00fade se disse bastante confiante e satisfeito com a reuni\u00e3o, reiterando o alto n\u00edvel do atendimento da Funda\u00e7\u00e3o Cristiano Varella. &#8220;Nossa expectativa \u00e9 a melhor poss\u00edvel, pois sabemos que estaremos dando o melhor aos nossos pacientes. Talvez, num primeiro momento, seja necess\u00e1rio lev\u00e1-los para o tratamento em Muria\u00e9, at\u00e9 que a unidade de atendimento da Funda\u00e7\u00e3o Cristiano Varella esteja funcionando plenamente na cidade. Esperamos que entre trinta e sessenta dias, sejam levantados todos os dados necess\u00e1rios, como a quantidade de pacientes, e sejam instalados equipamentos e designado o corpo m\u00e9dico&#8221;, explicou Eliermes. Ele informou ainda que o munic\u00edpio passar\u00e1 a atuar como porta de entrada dos pacientes, atrav\u00e9s de suas unidades de sa\u00fade, o que n\u00e3o vinha acontecendo nos anos anteriores.<\/p>\n<p>O prefeito Willian saiu satisfeito da reuni\u00e3o, ressaltando o passo importante que Cataguases est\u00e1 dando no atendimento oncol\u00f3gico. &#8220;Nossa preocupa\u00e7\u00e3o \u00e9, principalmente, com as pessoas e, por isso, buscamos oferecer um servi\u00e7o de qualidade, como o da Funda\u00e7\u00e3o Cristiano Varella. Acima de tudo, estamos solid\u00e1rios com aqueles que lutam contra esta doen\u00e7a, e queremos que nossa cidade proporcione um tratamento humanizado e de excel\u00eancia. O importante \u00e9 deixar claro que n\u00e3o haver\u00e1 qualquer interrup\u00e7\u00e3o no tratamento de oncologia para os pacientes de Cataguases, quanto a isso, quero tranquilizar a todos&#8221;, afirmou o prefeito.<\/p>\n<p>No \u00faltimo dia 19 pela manh\u00e3, S\u00e9rgio Henriques, Diretor Administrativo da Funda\u00e7\u00e3o Cristiano Varella, compareceu a cidade de Cataguases para conhecer o atual local onde funciona o servi\u00e7o de oncologia cl\u00ednica. S\u00e9rgio afirmou que agora \u00e9 o momento de aguardarmos os tr\u00e2mites burocr\u00e1ticos da Secretaria de Estado de Sa\u00fade de Minas Gerais para que a Funda\u00e7\u00e3o Cristiano Varella possa receber os pacientes na institui\u00e7\u00e3o. \u201cNum primeiro momento estaremos absorvendo a demanda aqui em Muria\u00e9 e continuaremos fazendo os estudos necess\u00e1rios em conjunto com a Secretaria Municipal de Sa\u00fade de Cataguases para a implanta\u00e7\u00e3o do servi\u00e7o adicional na cidade\u201d, concluiu S\u00e9rgio.<\/p>\n<p>FONTE: Assessoria de Comunica\u00e7\u00e3o da Prefeitura de Cataguases e Funda\u00e7\u00e3o Cristiano Varella<\/p>\n<p>&nbsp;<\/p>\n","protected":false},"excerpt":{"rendered":"<p>Uma reuni\u00e3o realizada na segunda-feira, dia 17, na Secretaria de Estado da Sa\u00fade de Minas Gerais (SES\/MG), em Belo Horizonte, iniciou o alinhamento para a manuten\u00e7\u00e3o do servi\u00e7o de oncologia em Cataguases. Conforme explicou o secret\u00e1rio municipal de Sa\u00fade, Eliermes Teixeira, com o aval da SES, mesmo com o descredenciamento do Hospital de Cataguases para &#8230; <a title=\"Reuni\u00e3o em BH alinha unidade da FCV para servi\u00e7os de oncologia em Cataguases\" class=\"read-more\" href=\"https:\/\/anoticiaonline.com.br\/site\/reuniao-em-bh-alinha-unidade-da-fcv-para-servicos-de-oncologia-em-cataguases\/\" aria-label=\"Read more about Reuni\u00e3o em BH alinha unidade da FCV para servi\u00e7os de oncologia em Cataguases\">Ler mais<\/a><\/p>\n","protected":false},"author":2,"featured_media":35881,"comment_status":"open","ping_status":"open","sticky":false,"template":"","format":"standard","meta":{"_acf_changed":false,"_monsterinsights_skip_tracking":false,"footnotes":""},"categories":[6],"tags":[147,142,443,84,664,665,3,663,662],"class_list":["post-35880","post","type-post","status-publish","format-standard","has-post-thumbnail","hentry","category-regiao","tag-cancer","tag-cataguases","tag-fcv","tag-fundacao-cristiano-varella","tag-medico","tag-oncologia","tag-slide","tag-unidade","tag-willian-lobo"],"acf":[],"aioseo_notices":[],"aioseo_head":"\n\t\t<!-- All in One SEO 5.0.0.1 - aioseo.com -->\n\t<meta name=\"description\" content=\"Uma reuni\u00e3o realizada na segunda-feira, dia 17, na Secretaria de Estado da Sa\u00fade de Minas Gerais (SES\/MG), em Belo Horizonte, iniciou o alinhamento para a manuten\u00e7\u00e3o do servi\u00e7o de oncologia em Cataguases. Conforme explicou o secret\u00e1rio municipal de Sa\u00fade, Eliermes Teixeira, com o aval da SES, mesmo com o descredenciamento do Hospital de Cataguases para\" \/>\n\t<meta name=\"robots\" content=\"max-image-preview:large\" \/>\n\t<meta name=\"author\" content=\"Juliana Laviola\"\/>\n\t<link rel=\"canonical\" href=\"https:\/\/anoticiaonline.com.br\/site\/reuniao-em-bh-alinha-unidade-da-fcv-para-servicos-de-oncologia-em-cataguases\/\" \/>\n\t<meta name=\"generator\" content=\"All in One SEO (AIOSEO) 5.0.0.1\" \/>\n\t\t<meta property=\"og:locale\" content=\"pt_BR\" \/>\n\t\t<meta property=\"og:site_name\" content=\"A Not\u00edcia Online - Noticias de Muria\u00e9 e regi\u00e3o\" \/>\n\t\t<meta property=\"og:type\" content=\"article\" \/>\n\t\t<meta property=\"og:title\" content=\"Reuni\u00e3o em BH alinha unidade da FCV para servi\u00e7os de oncologia em Cataguases - A Not\u00edcia Online\" \/>\n\t\t<meta property=\"og:description\" content=\"Uma reuni\u00e3o realizada na segunda-feira, dia 17, na Secretaria de Estado da Sa\u00fade de Minas Gerais (SES\/MG), em Belo Horizonte, iniciou o alinhamento para a manuten\u00e7\u00e3o do servi\u00e7o de oncologia em Cataguases. Conforme explicou o secret\u00e1rio municipal de Sa\u00fade, Eliermes Teixeira, com o aval da SES, mesmo com o descredenciamento do Hospital de Cataguases para\" \/>\n\t\t<meta property=\"og:url\" content=\"https:\/\/anoticiaonline.com.br\/site\/reuniao-em-bh-alinha-unidade-da-fcv-para-servicos-de-oncologia-em-cataguases\/\" \/>\n\t\t<meta property=\"og:image\" content=\"https:\/\/scontent-gig4-1.xx.fbcdn.net\/v\/t39.30808-1\/270437624_4564083193639691_6907940295614233970_n.jpg?stp=dst-jpg_s200x200_tt6&#038;_nc_cat=111&#038;ccb=1-7&#038;_nc_sid=f907e8&#038;_nc_ohc=SM1wRlP3lJwQ7kNvwEPuBYA&#038;_nc_oc=AdnqrjDN_BNjSSHWO-GbkIWH6fkGMLw4bqvL_NH6e2wMveX7G-rP2dAqsDSq1mJMOaY&#038;_nc_zt=24&#038;_nc_ht=scontent-gig4-1.xx&#038;_nc_gid=AoBFJeGrT1hVaew_6rchkQ&#038;oh=00_AfX7QmFGhQhG2jAllVgXCiM1ZrWgvtp80-Bfppyexh1QEg&#038;oe=689E923C\" \/>\n\t\t<meta property=\"og:image:secure_url\" content=\"https:\/\/scontent-gig4-1.xx.fbcdn.net\/v\/t39.30808-1\/270437624_4564083193639691_6907940295614233970_n.jpg?stp=dst-jpg_s200x200_tt6&#038;_nc_cat=111&#038;ccb=1-7&#038;_nc_sid=f907e8&#038;_nc_ohc=SM1wRlP3lJwQ7kNvwEPuBYA&#038;_nc_oc=AdnqrjDN_BNjSSHWO-GbkIWH6fkGMLw4bqvL_NH6e2wMveX7G-rP2dAqsDSq1mJMOaY&#038;_nc_zt=24&#038;_nc_ht=scontent-gig4-1.xx&#038;_nc_gid=AoBFJeGrT1hVaew_6rchkQ&#038;oh=00_AfX7QmFGhQhG2jAllVgXCiM1ZrWgvtp80-Bfppyexh1QEg&#038;oe=689E923C\" \/>\n\t\t<meta property=\"article:published_time\" content=\"2017-07-21T00:12:40+00:00\" \/>\n\t\t<meta property=\"article:modified_time\" content=\"2017-07-21T00:43:58+00:00\" \/>\n\t\t<meta name=\"twitter:card\" content=\"summary_large_image\" \/>\n\t\t<meta name=\"twitter:title\" content=\"Reuni\u00e3o em BH alinha unidade da FCV para servi\u00e7os de oncologia em Cataguases - A Not\u00edcia Online\" \/>\n\t\t<meta name=\"twitter:description\" content=\"Uma reuni\u00e3o realizada na segunda-feira, dia 17, na Secretaria de Estado da Sa\u00fade de Minas Gerais (SES\/MG), em Belo Horizonte, iniciou o alinhamento para a manuten\u00e7\u00e3o do servi\u00e7o de oncologia em Cataguases. Conforme explicou o secret\u00e1rio municipal de Sa\u00fade, Eliermes Teixeira, com o aval da SES, mesmo com o descredenciamento do Hospital de Cataguases para\" \/>\n\t\t<meta name=\"twitter:image\" content=\"https:\/\/scontent-gig4-1.xx.fbcdn.net\/v\/t39.30808-1\/270437624_4564083193639691_6907940295614233970_n.jpg?stp=dst-jpg_s200x200_tt6&amp;_nc_cat=111&amp;ccb=1-7&amp;_nc_sid=f907e8&amp;_nc_ohc=SM1wRlP3lJwQ7kNvwEPuBYA&amp;_nc_oc=AdnqrjDN_BNjSSHWO-GbkIWH6fkGMLw4bqvL_NH6e2wMveX7G-rP2dAqsDSq1mJMOaY&amp;_nc_zt=24&amp;_nc_ht=scontent-gig4-1.xx&amp;_nc_gid=AoBFJeGrT1hVaew_6rchkQ&amp;oh=00_AfX7QmFGhQhG2jAllVgXCiM1ZrWgvtp80-Bfppyexh1QEg&amp;oe=689E923C\" \/>\n\t\t<script type=\"application\/ld+json\" class=\"aioseo-schema\">\n\t\t\t{\"@context\":\"https:\\\/\\\/schema.org\",\"@graph\":[{\"@type\":\"BlogPosting\",\"@id\":\"https:\\\/\\\/anoticiaonline.com.br\\\/site\\\/reuniao-em-bh-alinha-unidade-da-fcv-para-servicos-de-oncologia-em-cataguases\\\/#blogposting\",\"name\":\"Reuni\\u00e3o em BH alinha unidade da FCV para servi\\u00e7os de oncologia em Cataguases - A Not\\u00edcia Online\",\"headline\":\"Reuni\\u00e3o em BH alinha unidade da FCV para servi\\u00e7os de oncologia em Cataguases\",\"author\":{\"@id\":\"https:\\\/\\\/anoticiaonline.com.br\\\/site\\\/author\\\/juliana\\\/#author\"},\"publisher\":{\"@id\":\"https:\\\/\\\/anoticiaonline.com.br\\\/site\\\/#organization\"},\"image\":{\"@type\":\"ImageObject\",\"url\":\"https:\\\/\\\/anoticiaonline.com.br\\\/site\\\/wp-content\\\/uploads\\\/2017\\\/07\\\/1.jpg\",\"width\":640,\"height\":446},\"datePublished\":\"2017-07-20T21:12:40-03:00\",\"dateModified\":\"2017-07-20T21:43:58-03:00\",\"inLanguage\":\"pt-BR\",\"mainEntityOfPage\":{\"@id\":\"https:\\\/\\\/anoticiaonline.com.br\\\/site\\\/reuniao-em-bh-alinha-unidade-da-fcv-para-servicos-de-oncologia-em-cataguases\\\/#webpage\"},\"isPartOf\":{\"@id\":\"https:\\\/\\\/anoticiaonline.com.br\\\/site\\\/reuniao-em-bh-alinha-unidade-da-fcv-para-servicos-de-oncologia-em-cataguases\\\/#webpage\"},\"articleSection\":\"Regi\\u00e3o, c\\u00e2ncer, cataguases, fcv, funda\\u00e7\\u00e3o cristiano varella, m\\u00e9dico, oncologia, slide, unidade, Willian Lobo\"},{\"@type\":\"BreadcrumbList\",\"@id\":\"https:\\\/\\\/anoticiaonline.com.br\\\/site\\\/reuniao-em-bh-alinha-unidade-da-fcv-para-servicos-de-oncologia-em-cataguases\\\/#breadcrumblist\",\"itemListElement\":[{\"@type\":\"ListItem\",\"@id\":\"https:\\\/\\\/anoticiaonline.com.br\\\/site#listItem\",\"position\":1,\"name\":\"Home\",\"item\":\"https:\\\/\\\/anoticiaonline.com.br\\\/site\",\"nextItem\":{\"@type\":\"ListItem\",\"@id\":\"https:\\\/\\\/anoticiaonline.com.br\\\/site\\\/categoria\\\/regiao\\\/#listItem\",\"name\":\"Regi\\u00e3o\"}},{\"@type\":\"ListItem\",\"@id\":\"https:\\\/\\\/anoticiaonline.com.br\\\/site\\\/categoria\\\/regiao\\\/#listItem\",\"position\":2,\"name\":\"Regi\\u00e3o\",\"item\":\"https:\\\/\\\/anoticiaonline.com.br\\\/site\\\/categoria\\\/regiao\\\/\",\"nextItem\":{\"@type\":\"ListItem\",\"@id\":\"https:\\\/\\\/anoticiaonline.com.br\\\/site\\\/reuniao-em-bh-alinha-unidade-da-fcv-para-servicos-de-oncologia-em-cataguases\\\/#listItem\",\"name\":\"Reuni\\u00e3o em BH alinha unidade da FCV para servi\\u00e7os de oncologia em Cataguases\"},\"previousItem\":{\"@type\":\"ListItem\",\"@id\":\"https:\\\/\\\/anoticiaonline.com.br\\\/site#listItem\",\"name\":\"Home\"}},{\"@type\":\"ListItem\",\"@id\":\"https:\\\/\\\/anoticiaonline.com.br\\\/site\\\/reuniao-em-bh-alinha-unidade-da-fcv-para-servicos-de-oncologia-em-cataguases\\\/#listItem\",\"position\":3,\"name\":\"Reuni\\u00e3o em BH alinha unidade da FCV para servi\\u00e7os de oncologia em Cataguases\",\"previousItem\":{\"@type\":\"ListItem\",\"@id\":\"https:\\\/\\\/anoticiaonline.com.br\\\/site\\\/categoria\\\/regiao\\\/#listItem\",\"name\":\"Regi\\u00e3o\"}}]},{\"@type\":\"Organization\",\"@id\":\"https:\\\/\\\/anoticiaonline.com.br\\\/site\\\/#organization\",\"name\":\"A Not\\u00edcia Online\",\"description\":\"Noticias de Muria\\u00e9 e regi\\u00e3o\",\"url\":\"https:\\\/\\\/anoticiaonline.com.br\\\/site\\\/\",\"logo\":{\"@type\":\"ImageObject\",\"url\":\"https:\\\/\\\/scontent-gig4-1.xx.fbcdn.net\\\/v\\\/t39.30808-1\\\/270437624_4564083193639691_6907940295614233970_n.jpg?stp=dst-jpg_s200x200_tt6&_nc_cat=111&ccb=1-7&_nc_sid=f907e8&_nc_ohc=SM1wRlP3lJwQ7kNvwEPuBYA&_nc_oc=AdnqrjDN_BNjSSHWO-GbkIWH6fkGMLw4bqvL_NH6e2wMveX7G-rP2dAqsDSq1mJMOaY&_nc_zt=24&_nc_ht=scontent-gig4-1.xx&_nc_gid=AoBFJeGrT1hVaew_6rchkQ&oh=00_AfX7QmFGhQhG2jAllVgXCiM1ZrWgvtp80-Bfppyexh1QEg&oe=689E923C\",\"@id\":\"https:\\\/\\\/anoticiaonline.com.br\\\/site\\\/reuniao-em-bh-alinha-unidade-da-fcv-para-servicos-de-oncologia-em-cataguases\\\/#organizationLogo\"},\"image\":{\"@id\":\"https:\\\/\\\/anoticiaonline.com.br\\\/site\\\/reuniao-em-bh-alinha-unidade-da-fcv-para-servicos-de-oncologia-em-cataguases\\\/#organizationLogo\"}},{\"@type\":\"Person\",\"@id\":\"https:\\\/\\\/anoticiaonline.com.br\\\/site\\\/author\\\/juliana\\\/#author\",\"url\":\"https:\\\/\\\/anoticiaonline.com.br\\\/site\\\/author\\\/juliana\\\/\",\"name\":\"Juliana Laviola\",\"image\":{\"@type\":\"ImageObject\",\"@id\":\"https:\\\/\\\/anoticiaonline.com.br\\\/site\\\/reuniao-em-bh-alinha-unidade-da-fcv-para-servicos-de-oncologia-em-cataguases\\\/#authorImage\",\"url\":\"https:\\\/\\\/secure.gravatar.com\\\/avatar\\\/b8d45f5c699b100dfaf0e543582f38f38bf94cb7ae3a5e9abf8d891a34773335?s=96&d=mm&r=g\",\"width\":96,\"height\":96,\"caption\":\"Juliana Laviola\"}},{\"@type\":\"WebPage\",\"@id\":\"https:\\\/\\\/anoticiaonline.com.br\\\/site\\\/reuniao-em-bh-alinha-unidade-da-fcv-para-servicos-de-oncologia-em-cataguases\\\/#webpage\",\"url\":\"https:\\\/\\\/anoticiaonline.com.br\\\/site\\\/reuniao-em-bh-alinha-unidade-da-fcv-para-servicos-de-oncologia-em-cataguases\\\/\",\"name\":\"Reuni\\u00e3o em BH alinha unidade da FCV para servi\\u00e7os de oncologia em Cataguases - A Not\\u00edcia Online\",\"description\":\"Uma reuni\\u00e3o realizada na segunda-feira, dia 17, na Secretaria de Estado da Sa\\u00fade de Minas Gerais (SES\\\/MG), em Belo Horizonte, iniciou o alinhamento para a manuten\\u00e7\\u00e3o do servi\\u00e7o de oncologia em Cataguases. Conforme explicou o secret\\u00e1rio municipal de Sa\\u00fade, Eliermes Teixeira, com o aval da SES, mesmo com o descredenciamento do Hospital de Cataguases para\",\"inLanguage\":\"pt-BR\",\"isPartOf\":{\"@id\":\"https:\\\/\\\/anoticiaonline.com.br\\\/site\\\/#website\"},\"breadcrumb\":{\"@id\":\"https:\\\/\\\/anoticiaonline.com.br\\\/site\\\/reuniao-em-bh-alinha-unidade-da-fcv-para-servicos-de-oncologia-em-cataguases\\\/#breadcrumblist\"},\"author\":{\"@id\":\"https:\\\/\\\/anoticiaonline.com.br\\\/site\\\/author\\\/juliana\\\/#author\"},\"creator\":{\"@id\":\"https:\\\/\\\/anoticiaonline.com.br\\\/site\\\/author\\\/juliana\\\/#author\"},\"image\":{\"@type\":\"ImageObject\",\"url\":\"https:\\\/\\\/anoticiaonline.com.br\\\/site\\\/wp-content\\\/uploads\\\/2017\\\/07\\\/1.jpg\",\"@id\":\"https:\\\/\\\/anoticiaonline.com.br\\\/site\\\/reuniao-em-bh-alinha-unidade-da-fcv-para-servicos-de-oncologia-em-cataguases\\\/#mainImage\",\"width\":640,\"height\":446},\"primaryImageOfPage\":{\"@id\":\"https:\\\/\\\/anoticiaonline.com.br\\\/site\\\/reuniao-em-bh-alinha-unidade-da-fcv-para-servicos-de-oncologia-em-cataguases\\\/#mainImage\"},\"datePublished\":\"2017-07-20T21:12:40-03:00\",\"dateModified\":\"2017-07-20T21:43:58-03:00\"},{\"@type\":\"WebSite\",\"@id\":\"https:\\\/\\\/anoticiaonline.com.br\\\/site\\\/#website\",\"url\":\"https:\\\/\\\/anoticiaonline.com.br\\\/site\\\/\",\"name\":\"A Not\\u00edcia Online\",\"description\":\"Noticias de Muria\\u00e9 e regi\\u00e3o\",\"inLanguage\":\"pt-BR\",\"publisher\":{\"@id\":\"https:\\\/\\\/anoticiaonline.com.br\\\/site\\\/#organization\"}}]}\n\t\t<\/script>\n\t\t<!-- All in One SEO -->\n\n","aioseo_head_json":{"title":"Reuni\u00e3o em BH alinha unidade da FCV para servi\u00e7os de oncologia em Cataguases - A Not\u00edcia Online","description":"Uma reuni\u00e3o realizada na segunda-feira, dia 17, na Secretaria de Estado da Sa\u00fade de Minas Gerais (SES\/MG), em Belo Horizonte, iniciou o alinhamento para a manuten\u00e7\u00e3o do servi\u00e7o de oncologia em Cataguases. Conforme explicou o secret\u00e1rio municipal de Sa\u00fade, Eliermes Teixeira, com o aval da SES, mesmo com o descredenciamento do Hospital de Cataguases para","canonical_url":"https:\/\/anoticiaonline.com.br\/site\/reuniao-em-bh-alinha-unidade-da-fcv-para-servicos-de-oncologia-em-cataguases\/","robots":"max-image-preview:large","keywords":"","webmasterTools":{"miscellaneous":""},"schema":{"@context":"https:\/\/schema.org","@graph":[{"@type":"BlogPosting","@id":"https:\/\/anoticiaonline.com.br\/site\/reuniao-em-bh-alinha-unidade-da-fcv-para-servicos-de-oncologia-em-cataguases\/#blogposting","name":"Reuni\u00e3o em BH alinha unidade da FCV para servi\u00e7os de oncologia em Cataguases - A Not\u00edcia Online","headline":"Reuni\u00e3o em BH alinha unidade da FCV para servi\u00e7os de oncologia em Cataguases","author":{"@id":"https:\/\/anoticiaonline.com.br\/site\/author\/juliana\/#author"},"publisher":{"@id":"https:\/\/anoticiaonline.com.br\/site\/#organization"},"image":{"@type":"ImageObject","url":"https:\/\/anoticiaonline.com.br\/site\/wp-content\/uploads\/2017\/07\/1.jpg","width":640,"height":446},"datePublished":"2017-07-20T21:12:40-03:00","dateModified":"2017-07-20T21:43:58-03:00","inLanguage":"pt-BR","mainEntityOfPage":{"@id":"https:\/\/anoticiaonline.com.br\/site\/reuniao-em-bh-alinha-unidade-da-fcv-para-servicos-de-oncologia-em-cataguases\/#webpage"},"isPartOf":{"@id":"https:\/\/anoticiaonline.com.br\/site\/reuniao-em-bh-alinha-unidade-da-fcv-para-servicos-de-oncologia-em-cataguases\/#webpage"},"articleSection":"Regi\u00e3o, c\u00e2ncer, cataguases, fcv, funda\u00e7\u00e3o cristiano varella, m\u00e9dico, oncologia, slide, unidade, Willian Lobo"},{"@type":"BreadcrumbList","@id":"https:\/\/anoticiaonline.com.br\/site\/reuniao-em-bh-alinha-unidade-da-fcv-para-servicos-de-oncologia-em-cataguases\/#breadcrumblist","itemListElement":[{"@type":"ListItem","@id":"https:\/\/anoticiaonline.com.br\/site#listItem","position":1,"name":"Home","item":"https:\/\/anoticiaonline.com.br\/site","nextItem":{"@type":"ListItem","@id":"https:\/\/anoticiaonline.com.br\/site\/categoria\/regiao\/#listItem","name":"Regi\u00e3o"}},{"@type":"ListItem","@id":"https:\/\/anoticiaonline.com.br\/site\/categoria\/regiao\/#listItem","position":2,"name":"Regi\u00e3o","item":"https:\/\/anoticiaonline.com.br\/site\/categoria\/regiao\/","nextItem":{"@type":"ListItem","@id":"https:\/\/anoticiaonline.com.br\/site\/reuniao-em-bh-alinha-unidade-da-fcv-para-servicos-de-oncologia-em-cataguases\/#listItem","name":"Reuni\u00e3o em BH alinha unidade da FCV para servi\u00e7os de oncologia em Cataguases"},"previousItem":{"@type":"ListItem","@id":"https:\/\/anoticiaonline.com.br\/site#listItem","name":"Home"}},{"@type":"ListItem","@id":"https:\/\/anoticiaonline.com.br\/site\/reuniao-em-bh-alinha-unidade-da-fcv-para-servicos-de-oncologia-em-cataguases\/#listItem","position":3,"name":"Reuni\u00e3o em BH alinha unidade da FCV para servi\u00e7os de oncologia em Cataguases","previousItem":{"@type":"ListItem","@id":"https:\/\/anoticiaonline.com.br\/site\/categoria\/regiao\/#listItem","name":"Regi\u00e3o"}}]},{"@type":"Organization","@id":"https:\/\/anoticiaonline.com.br\/site\/#organization","name":"A Not\u00edcia Online","description":"Noticias de Muria\u00e9 e regi\u00e3o","url":"https:\/\/anoticiaonline.com.br\/site\/","logo":{"@type":"ImageObject","url":"https:\/\/scontent-gig4-1.xx.fbcdn.net\/v\/t39.30808-1\/270437624_4564083193639691_6907940295614233970_n.jpg?stp=dst-jpg_s200x200_tt6&_nc_cat=111&ccb=1-7&_nc_sid=f907e8&_nc_ohc=SM1wRlP3lJwQ7kNvwEPuBYA&_nc_oc=AdnqrjDN_BNjSSHWO-GbkIWH6fkGMLw4bqvL_NH6e2wMveX7G-rP2dAqsDSq1mJMOaY&_nc_zt=24&_nc_ht=scontent-gig4-1.xx&_nc_gid=AoBFJeGrT1hVaew_6rchkQ&oh=00_AfX7QmFGhQhG2jAllVgXCiM1ZrWgvtp80-Bfppyexh1QEg&oe=689E923C","@id":"https:\/\/anoticiaonline.com.br\/site\/reuniao-em-bh-alinha-unidade-da-fcv-para-servicos-de-oncologia-em-cataguases\/#organizationLogo"},"image":{"@id":"https:\/\/anoticiaonline.com.br\/site\/reuniao-em-bh-alinha-unidade-da-fcv-para-servicos-de-oncologia-em-cataguases\/#organizationLogo"}},{"@type":"Person","@id":"https:\/\/anoticiaonline.com.br\/site\/author\/juliana\/#author","url":"https:\/\/anoticiaonline.com.br\/site\/author\/juliana\/","name":"Juliana Laviola","image":{"@type":"ImageObject","@id":"https:\/\/anoticiaonline.com.br\/site\/reuniao-em-bh-alinha-unidade-da-fcv-para-servicos-de-oncologia-em-cataguases\/#authorImage","url":"https:\/\/secure.gravatar.com\/avatar\/b8d45f5c699b100dfaf0e543582f38f38bf94cb7ae3a5e9abf8d891a34773335?s=96&d=mm&r=g","width":96,"height":96,"caption":"Juliana Laviola"}},{"@type":"WebPage","@id":"https:\/\/anoticiaonline.com.br\/site\/reuniao-em-bh-alinha-unidade-da-fcv-para-servicos-de-oncologia-em-cataguases\/#webpage","url":"https:\/\/anoticiaonline.com.br\/site\/reuniao-em-bh-alinha-unidade-da-fcv-para-servicos-de-oncologia-em-cataguases\/","name":"Reuni\u00e3o em BH alinha unidade da FCV para servi\u00e7os de oncologia em Cataguases - A Not\u00edcia Online","description":"Uma reuni\u00e3o realizada na segunda-feira, dia 17, na Secretaria de Estado da Sa\u00fade de Minas Gerais (SES\/MG), em Belo Horizonte, iniciou o alinhamento para a manuten\u00e7\u00e3o do servi\u00e7o de oncologia em Cataguases. Conforme explicou o secret\u00e1rio municipal de Sa\u00fade, Eliermes Teixeira, com o aval da SES, mesmo com o descredenciamento do Hospital de Cataguases para","inLanguage":"pt-BR","isPartOf":{"@id":"https:\/\/anoticiaonline.com.br\/site\/#website"},"breadcrumb":{"@id":"https:\/\/anoticiaonline.com.br\/site\/reuniao-em-bh-alinha-unidade-da-fcv-para-servicos-de-oncologia-em-cataguases\/#breadcrumblist"},"author":{"@id":"https:\/\/anoticiaonline.com.br\/site\/author\/juliana\/#author"},"creator":{"@id":"https:\/\/anoticiaonline.com.br\/site\/author\/juliana\/#author"},"image":{"@type":"ImageObject","url":"https:\/\/anoticiaonline.com.br\/site\/wp-content\/uploads\/2017\/07\/1.jpg","@id":"https:\/\/anoticiaonline.com.br\/site\/reuniao-em-bh-alinha-unidade-da-fcv-para-servicos-de-oncologia-em-cataguases\/#mainImage","width":640,"height":446},"primaryImageOfPage":{"@id":"https:\/\/anoticiaonline.com.br\/site\/reuniao-em-bh-alinha-unidade-da-fcv-para-servicos-de-oncologia-em-cataguases\/#mainImage"},"datePublished":"2017-07-20T21:12:40-03:00","dateModified":"2017-07-20T21:43:58-03:00"},{"@type":"WebSite","@id":"https:\/\/anoticiaonline.com.br\/site\/#website","url":"https:\/\/anoticiaonline.com.br\/site\/","name":"A Not\u00edcia Online","description":"Noticias de Muria\u00e9 e regi\u00e3o","inLanguage":"pt-BR","publisher":{"@id":"https:\/\/anoticiaonline.com.br\/site\/#organization"}}]},"og:locale":"pt_BR","og:site_name":"A Not\u00edcia Online - Noticias de Muria\u00e9 e regi\u00e3o","og:type":"article","og:title":"Reuni\u00e3o em BH alinha unidade da FCV para servi\u00e7os de oncologia em Cataguases - A Not\u00edcia Online","og:description":"Uma reuni\u00e3o realizada na segunda-feira, dia 17, na Secretaria de Estado da Sa\u00fade de Minas Gerais (SES\/MG), em Belo Horizonte, iniciou o alinhamento para a manuten\u00e7\u00e3o do servi\u00e7o de oncologia em Cataguases. Conforme explicou o secret\u00e1rio municipal de Sa\u00fade, Eliermes Teixeira, com o aval da SES, mesmo com o descredenciamento do Hospital de Cataguases para","og:url":"https:\/\/anoticiaonline.com.br\/site\/reuniao-em-bh-alinha-unidade-da-fcv-para-servicos-de-oncologia-em-cataguases\/","og:image":"https:\/\/scontent-gig4-1.xx.fbcdn.net\/v\/t39.30808-1\/270437624_4564083193639691_6907940295614233970_n.jpg?stp=dst-jpg_s200x200_tt6&#038;_nc_cat=111&#038;ccb=1-7&#038;_nc_sid=f907e8&#038;_nc_ohc=SM1wRlP3lJwQ7kNvwEPuBYA&#038;_nc_oc=AdnqrjDN_BNjSSHWO-GbkIWH6fkGMLw4bqvL_NH6e2wMveX7G-rP2dAqsDSq1mJMOaY&#038;_nc_zt=24&#038;_nc_ht=scontent-gig4-1.xx&#038;_nc_gid=AoBFJeGrT1hVaew_6rchkQ&#038;oh=00_AfX7QmFGhQhG2jAllVgXCiM1ZrWgvtp80-Bfppyexh1QEg&#038;oe=689E923C","og:image:secure_url":"https:\/\/scontent-gig4-1.xx.fbcdn.net\/v\/t39.30808-1\/270437624_4564083193639691_6907940295614233970_n.jpg?stp=dst-jpg_s200x200_tt6&#038;_nc_cat=111&#038;ccb=1-7&#038;_nc_sid=f907e8&#038;_nc_ohc=SM1wRlP3lJwQ7kNvwEPuBYA&#038;_nc_oc=AdnqrjDN_BNjSSHWO-GbkIWH6fkGMLw4bqvL_NH6e2wMveX7G-rP2dAqsDSq1mJMOaY&#038;_nc_zt=24&#038;_nc_ht=scontent-gig4-1.xx&#038;_nc_gid=AoBFJeGrT1hVaew_6rchkQ&#038;oh=00_AfX7QmFGhQhG2jAllVgXCiM1ZrWgvtp80-Bfppyexh1QEg&#038;oe=689E923C","article:published_time":"2017-07-21T00:12:40+00:00","article:modified_time":"2017-07-21T00:43:58+00:00","twitter:card":"summary_large_image","twitter:title":"Reuni\u00e3o em BH alinha unidade da FCV para servi\u00e7os de oncologia em Cataguases - A Not\u00edcia Online","twitter:description":"Uma reuni\u00e3o realizada na segunda-feira, dia 17, na Secretaria de Estado da Sa\u00fade de Minas Gerais (SES\/MG), em Belo Horizonte, iniciou o alinhamento para a manuten\u00e7\u00e3o do servi\u00e7o de oncologia em Cataguases. Conforme explicou o secret\u00e1rio municipal de Sa\u00fade, Eliermes Teixeira, com o aval da SES, mesmo com o descredenciamento do Hospital de Cataguases para","twitter:image":"https:\/\/scontent-gig4-1.xx.fbcdn.net\/v\/t39.30808-1\/270437624_4564083193639691_6907940295614233970_n.jpg?stp=dst-jpg_s200x200_tt6&_nc_cat=111&ccb=1-7&_nc_sid=f907e8&_nc_ohc=SM1wRlP3lJwQ7kNvwEPuBYA&_nc_oc=AdnqrjDN_BNjSSHWO-GbkIWH6fkGMLw4bqvL_NH6e2wMveX7G-rP2dAqsDSq1mJMOaY&_nc_zt=24&_nc_ht=scontent-gig4-1.xx&_nc_gid=AoBFJeGrT1hVaew_6rchkQ&oh=00_AfX7QmFGhQhG2jAllVgXCiM1ZrWgvtp80-Bfppyexh1QEg&oe=689E923C"},"aioseo_meta_data":{"post_id":"35880","title":null,"description":null,"keywords":null,"keyphrases":null,"primary_term":null,"canonical_url":null,"og_title":null,"og_description":null,"og_object_type":"default","og_image_type":"default","og_image_url":null,"og_image_width":null,"og_image_height":null,"og_image_custom_url":null,"og_image_custom_fields":null,"og_video":null,"og_custom_url":null,"og_article_section":null,"og_article_tags":null,"twitter_use_og":false,"twitter_card":"default","twitter_image_type":"default","twitter_image_url":null,"twitter_image_custom_url":null,"twitter_image_custom_fields":null,"twitter_title":null,"twitter_description":null,"schema":{"blockGraphs":[],"customGraphs":[],"default":{"data":{"Article":[],"Course":[],"Dataset":[],"FAQPage":[],"Movie":[],"Person":[],"Product":[],"ProductReview":[],"Car":[],"Recipe":[],"Service":[],"SoftwareApplication":[],"WebPage":[]},"graphName":"","isEnabled":true},"graphs":[]},"schema_type":"default","schema_type_options":null,"pillar_content":false,"robots_default":true,"robots_noindex":false,"robots_noarchive":false,"robots_nosnippet":false,"robots_nofollow":false,"robots_noimageindex":false,"robots_noodp":false,"robots_notranslate":false,"robots_max_snippet":null,"robots_max_videopreview":null,"robots_max_imagepreview":"large","priority":null,"frequency":null,"local_seo":null,"breadcrumb_settings":null,"limit_modified_date":false,"ai":null,"created":"2025-08-16 18:56:29","updated":"2025-08-16 18:56:29","focus_keyword":null,"additional_keywords":null,"truseo_locale":null,"seo_analyzer_scan_date":null},"aioseo_breadcrumb":"<div class=\"aioseo-breadcrumbs\"><span class=\"aioseo-breadcrumb\">\n\t\t\t<a href=\"https:\/\/anoticiaonline.com.br\/site\" title=\"Home\">Home<\/a>\n\t\t<\/span><span class=\"aioseo-breadcrumb-separator\">&raquo;<\/span><span class=\"aioseo-breadcrumb\">\n\t\t\t<a href=\"https:\/\/anoticiaonline.com.br\/site\/categoria\/regiao\/\" title=\"Regi\u00e3o\">Regi\u00e3o<\/a>\n\t\t<\/span><span class=\"aioseo-breadcrumb-separator\">&raquo;<\/span><span class=\"aioseo-breadcrumb\">\n\t\t\tReuni\u00e3o em BH alinha unidade da FCV para servi\u00e7os de oncologia em Cataguases\n\t\t<\/span><\/div>","aioseo_breadcrumb_json":[{"label":"Home","link":"https:\/\/anoticiaonline.com.br\/site"},{"label":"Regi\u00e3o","link":"https:\/\/anoticiaonline.com.br\/site\/categoria\/regiao\/"},{"label":"Reuni\u00e3o em BH alinha unidade da FCV para servi\u00e7os de oncologia em Cataguases","link":"https:\/\/anoticiaonline.com.br\/site\/reuniao-em-bh-alinha-unidade-da-fcv-para-servicos-de-oncologia-em-cataguases\/"}],"views":150,"_links":{"self":[{"href":"https:\/\/anoticiaonline.com.br\/site\/wp-json\/wp\/v2\/posts\/35880","targetHints":{"allow":["GET"]}}],"collection":[{"href":"https:\/\/anoticiaonline.com.br\/site\/wp-json\/wp\/v2\/posts"}],"about":[{"href":"https:\/\/anoticiaonline.com.br\/site\/wp-json\/wp\/v2\/types\/post"}],"author":[{"embeddable":true,"href":"https:\/\/anoticiaonline.com.br\/site\/wp-json\/wp\/v2\/users\/2"}],"replies":[{"embeddable":true,"href":"https:\/\/anoticiaonline.com.br\/site\/wp-json\/wp\/v2\/comments?post=35880"}],"version-history":[{"count":0,"href":"https:\/\/anoticiaonline.com.br\/site\/wp-json\/wp\/v2\/posts\/35880\/revisions"}],"wp:featuredmedia":[{"embeddable":true,"href":"https:\/\/anoticiaonline.com.br\/site\/wp-json\/wp\/v2\/media\/35881"}],"wp:attachment":[{"href":"https:\/\/anoticiaonline.com.br\/site\/wp-json\/wp\/v2\/media?parent=35880"}],"wp:term":[{"taxonomy":"category","embeddable":true,"href":"https:\/\/anoticiaonline.com.br\/site\/wp-json\/wp\/v2\/categories?post=35880"},{"taxonomy":"post_tag","embeddable":true,"href":"https:\/\/anoticiaonline.com.br\/site\/wp-json\/wp\/v2\/tags?post=35880"}],"curies":[{"name":"wp","href":"https:\/\/api.w.org\/{rel}","templated":true}]}}