{"id":35794,"date":"2017-07-20T10:19:10","date_gmt":"2017-07-20T13:19:10","guid":{"rendered":"http:\/\/anoticiaonline.com.br\/site\/?p=35794"},"modified":"2017-07-20T10:59:12","modified_gmt":"2017-07-20T13:59:12","slug":"festa-de-julho-de-antonio-prado-de-minas-agita-a-regiao-com-shows-nacionais","status":"publish","type":"post","link":"https:\/\/anoticiaonline.com.br\/site\/festa-de-julho-de-antonio-prado-de-minas-agita-a-regiao-com-shows-nacionais\/","title":{"rendered":"Festa de Julho de Ant\u00f4nio Prado de Minas agita a regi\u00e3o com shows nacionais"},"content":{"rendered":"<p><img fetchpriority=\"high\" decoding=\"async\" class=\"alignleft size-medium wp-image-35795\" src=\"https:\/\/anoticiaonline.com.br\/site\/wp-content\/uploads\/2017\/07\/DSC_0882-300x200.jpg\" alt=\"\" width=\"300\" height=\"200\" srcset=\"https:\/\/anoticiaonline.com.br\/site\/wp-content\/uploads\/2017\/07\/DSC_0882-300x200.jpg 300w, https:\/\/anoticiaonline.com.br\/site\/wp-content\/uploads\/2017\/07\/DSC_0882.jpg 640w\" sizes=\"(max-width: 300px) 100vw, 300px\" \/>Queima de fogos, show e coquetel para convidados marcaram a abertura da Tradicional Festa de Julho de Ant\u00f4nio Prado de Minas, que teve in\u00edcio na noite de sexta-feira (14), atraindo moradores e visitantes para um final de semana repleto de divers\u00e3o com variadas apresenta\u00e7\u00f5es. Para 2017, a prefeitura municipal reservou grandes shows nacionais gratuitos, que atra\u00edram milhares de pessoas para Ant\u00f4nio Prado de Minas durante os tr\u00eas dias de festa.<\/p>\n<p>H\u00e1 sete meses no comando da cidade, o prefeito Welison Sima da Fonseca, o Sans\u00e3o, conta que a festa \u00e9 de extrema import\u00e2ncia para a popula\u00e7\u00e3o, pois resgata os valores da cultura local. Atualmente, as festas de Ant\u00f4nio Prado de Minas est\u00e3o no ranking das melhores da regi\u00e3o.<\/p>\n<p>\u201cEstamos resgatando as festas tradicionais para nosso povo, que sempre foi muito animado. Como morador, nascido e criado na cidade, me sinto na obriga\u00e7\u00e3o de devolver essa maravilhosa tradi\u00e7\u00e3o, que foi esquecida por um tempo. Fizemos quest\u00e3o de reaver o tempo perdido\u201d, salienta.<\/p>\n<p>Vale ressaltar que os pradenses e visitantes tiveram uma grande festa, com entrada franca proporcionada pela Prefeitura Municipal. Durante os tr\u00eas dias se apresentaram na cidade grande nomes como Jo\u00e3o Lucas &amp; Marcelo, a banda Cidade Negra, al\u00e9m dos \u00f3timos shows de Glauco Zulo, Lex Luthor e Samba \u00c0 La Carte<\/p>\n<p>De acordo com o prefeito, esta \u00e9 a terceira festa, do calend\u00e1rio de Ant\u00f4nio Prado de Minas, realizada pela atual administra\u00e7\u00e3o, que conta com a atua\u00e7\u00e3o de seu vice, Zez\u00e9 do Zeca. Anteriormente, ocorreu o carnaval e a Expoleite. \u201cGostaria de agradecer ao povo e \u00e0 nossa equipe de trabalho pelo prest\u00edgio. Se n\u00e3o tiv\u00e9ssemos o apoio de todos, a realiza\u00e7\u00e3o dessa festa n\u00e3o seria poss\u00edvel. O sucesso deve-se ao trabalho de todos voc\u00eas\u201d, agradece o prefeito Sans\u00e3o.<\/p>\n<p>A programa\u00e7\u00e3o da Festa de Julho teve in\u00edcio na sexta (14) com shows do grupo Samba \u00c0 La Carte e da dupla Jo\u00e3o Lucas &amp; Marcelo. No s\u00e1bado (15), as atra\u00e7\u00f5es come\u00e7aram \u00e0s nove da manh\u00e3 com passeio cicl\u00edstico, show infantil, na parte da tarde ocorreu missa seguida de prociss\u00e3o em homenagem a Nossa Senhora Aparecida, e, \u00e0 noite, shows de Glauco Zulo e da banda Cidade Negra. No \u00faltimo dia, no domingo (16), aconteceu a apresenta\u00e7\u00e3o de motocross e shows com banda Zem e Lex Luthor.<\/p>\n<p>O evento foi uma realiza\u00e7\u00e3o da Prefeitura Municipal de Ant\u00f4nio Prado de Minas e Secretaria de Esportes, Lazer e Turismo, com o apoio da C\u00e2mara Municipal e da Secretaria de Cultura. Sans\u00e3o e Zez\u00e9 do Zeca: Um Novo Tempo! Administra\u00e7\u00e3o -2017\/2020<\/p>\n<p><strong>Confira a galeria de fotos abaixo:<\/strong><\/p>\n<p><img decoding=\"async\" class=\"ngg_displayed_gallery mceItem\" src=\"https:\/\/anoticiaonline.com.br\/site\/nextgen-attach_to_post\/preview\/id--35868\" \/><\/p>\n","protected":false},"excerpt":{"rendered":"<p>Queima de fogos, show e coquetel para convidados marcaram a abertura da Tradicional Festa de Julho de Ant\u00f4nio Prado de Minas, que teve in\u00edcio na noite de sexta-feira (14), atraindo moradores e visitantes para um final de semana repleto de divers\u00e3o com variadas apresenta\u00e7\u00f5es. Para 2017, a prefeitura municipal reservou grandes shows nacionais gratuitos, que &#8230; <a title=\"Festa de Julho de Ant\u00f4nio Prado de Minas agita a regi\u00e3o com shows nacionais\" class=\"read-more\" href=\"https:\/\/anoticiaonline.com.br\/site\/festa-de-julho-de-antonio-prado-de-minas-agita-a-regiao-com-shows-nacionais\/\" aria-label=\"Read more about Festa de Julho de Ant\u00f4nio Prado de Minas agita a regi\u00e3o com shows nacionais\">Ler mais<\/a><\/p>\n","protected":false},"author":2,"featured_media":35796,"comment_status":"open","ping_status":"open","sticky":false,"template":"","format":"standard","meta":{"_acf_changed":false,"_monsterinsights_skip_tracking":false,"footnotes":""},"categories":[24,6],"tags":[658,308,659,3],"class_list":["post-35794","post","type-post","status-publish","format-standard","has-post-thumbnail","hentry","category-eventos","category-regiao","tag-antonio-prado","tag-festa","tag-julho","tag-slide"],"acf":[],"aioseo_notices":[],"aioseo_head":"\n\t\t<!-- All in One SEO 5.0.0.1 - aioseo.com -->\n\t<meta name=\"description\" content=\"Queima de fogos, show e coquetel para convidados marcaram a abertura da Tradicional Festa de Julho de Ant\u00f4nio Prado de Minas, que teve in\u00edcio na noite de sexta-feira (14), atraindo moradores e visitantes para um final de semana repleto de divers\u00e3o com variadas apresenta\u00e7\u00f5es. Para 2017, a prefeitura municipal reservou grandes shows nacionais gratuitos, que\" \/>\n\t<meta name=\"robots\" content=\"max-image-preview:large\" \/>\n\t<meta name=\"author\" content=\"Juliana Laviola\"\/>\n\t<link rel=\"canonical\" href=\"https:\/\/anoticiaonline.com.br\/site\/festa-de-julho-de-antonio-prado-de-minas-agita-a-regiao-com-shows-nacionais\/\" \/>\n\t<meta name=\"generator\" content=\"All in One SEO (AIOSEO) 5.0.0.1\" \/>\n\t\t<meta property=\"og:locale\" content=\"pt_BR\" \/>\n\t\t<meta property=\"og:site_name\" content=\"A Not\u00edcia Online - Noticias de Muria\u00e9 e regi\u00e3o\" \/>\n\t\t<meta property=\"og:type\" content=\"article\" \/>\n\t\t<meta property=\"og:title\" content=\"Festa de Julho de Ant\u00f4nio Prado de Minas agita a regi\u00e3o com shows nacionais - A Not\u00edcia Online\" \/>\n\t\t<meta property=\"og:description\" content=\"Queima de fogos, show e coquetel para convidados marcaram a abertura da Tradicional Festa de Julho de Ant\u00f4nio Prado de Minas, que teve in\u00edcio na noite de sexta-feira (14), atraindo moradores e visitantes para um final de semana repleto de divers\u00e3o com variadas apresenta\u00e7\u00f5es. Para 2017, a prefeitura municipal reservou grandes shows nacionais gratuitos, que\" \/>\n\t\t<meta property=\"og:url\" content=\"https:\/\/anoticiaonline.com.br\/site\/festa-de-julho-de-antonio-prado-de-minas-agita-a-regiao-com-shows-nacionais\/\" \/>\n\t\t<meta property=\"og:image\" content=\"https:\/\/scontent-gig4-1.xx.fbcdn.net\/v\/t39.30808-1\/270437624_4564083193639691_6907940295614233970_n.jpg?stp=dst-jpg_s200x200_tt6&#038;_nc_cat=111&#038;ccb=1-7&#038;_nc_sid=f907e8&#038;_nc_ohc=SM1wRlP3lJwQ7kNvwEPuBYA&#038;_nc_oc=AdnqrjDN_BNjSSHWO-GbkIWH6fkGMLw4bqvL_NH6e2wMveX7G-rP2dAqsDSq1mJMOaY&#038;_nc_zt=24&#038;_nc_ht=scontent-gig4-1.xx&#038;_nc_gid=AoBFJeGrT1hVaew_6rchkQ&#038;oh=00_AfX7QmFGhQhG2jAllVgXCiM1ZrWgvtp80-Bfppyexh1QEg&#038;oe=689E923C\" \/>\n\t\t<meta property=\"og:image:secure_url\" content=\"https:\/\/scontent-gig4-1.xx.fbcdn.net\/v\/t39.30808-1\/270437624_4564083193639691_6907940295614233970_n.jpg?stp=dst-jpg_s200x200_tt6&#038;_nc_cat=111&#038;ccb=1-7&#038;_nc_sid=f907e8&#038;_nc_ohc=SM1wRlP3lJwQ7kNvwEPuBYA&#038;_nc_oc=AdnqrjDN_BNjSSHWO-GbkIWH6fkGMLw4bqvL_NH6e2wMveX7G-rP2dAqsDSq1mJMOaY&#038;_nc_zt=24&#038;_nc_ht=scontent-gig4-1.xx&#038;_nc_gid=AoBFJeGrT1hVaew_6rchkQ&#038;oh=00_AfX7QmFGhQhG2jAllVgXCiM1ZrWgvtp80-Bfppyexh1QEg&#038;oe=689E923C\" \/>\n\t\t<meta property=\"article:published_time\" content=\"2017-07-20T13:19:10+00:00\" \/>\n\t\t<meta property=\"article:modified_time\" content=\"2017-07-20T13:59:12+00:00\" \/>\n\t\t<meta name=\"twitter:card\" content=\"summary_large_image\" \/>\n\t\t<meta name=\"twitter:title\" content=\"Festa de Julho de Ant\u00f4nio Prado de Minas agita a regi\u00e3o com shows nacionais - A Not\u00edcia Online\" \/>\n\t\t<meta name=\"twitter:description\" content=\"Queima de fogos, show e coquetel para convidados marcaram a abertura da Tradicional Festa de Julho de Ant\u00f4nio Prado de Minas, que teve in\u00edcio na noite de sexta-feira (14), atraindo moradores e visitantes para um final de semana repleto de divers\u00e3o com variadas apresenta\u00e7\u00f5es. Para 2017, a prefeitura municipal reservou grandes shows nacionais gratuitos, que\" \/>\n\t\t<meta name=\"twitter:image\" content=\"https:\/\/scontent-gig4-1.xx.fbcdn.net\/v\/t39.30808-1\/270437624_4564083193639691_6907940295614233970_n.jpg?stp=dst-jpg_s200x200_tt6&amp;_nc_cat=111&amp;ccb=1-7&amp;_nc_sid=f907e8&amp;_nc_ohc=SM1wRlP3lJwQ7kNvwEPuBYA&amp;_nc_oc=AdnqrjDN_BNjSSHWO-GbkIWH6fkGMLw4bqvL_NH6e2wMveX7G-rP2dAqsDSq1mJMOaY&amp;_nc_zt=24&amp;_nc_ht=scontent-gig4-1.xx&amp;_nc_gid=AoBFJeGrT1hVaew_6rchkQ&amp;oh=00_AfX7QmFGhQhG2jAllVgXCiM1ZrWgvtp80-Bfppyexh1QEg&amp;oe=689E923C\" \/>\n\t\t<script type=\"application\/ld+json\" class=\"aioseo-schema\">\n\t\t\t{\"@context\":\"https:\\\/\\\/schema.org\",\"@graph\":[{\"@type\":\"BlogPosting\",\"@id\":\"https:\\\/\\\/anoticiaonline.com.br\\\/site\\\/festa-de-julho-de-antonio-prado-de-minas-agita-a-regiao-com-shows-nacionais\\\/#blogposting\",\"name\":\"Festa de Julho de Ant\\u00f4nio Prado de Minas agita a regi\\u00e3o com shows nacionais - A Not\\u00edcia Online\",\"headline\":\"Festa de Julho de Ant\\u00f4nio Prado de Minas agita a regi\\u00e3o com shows nacionais\",\"author\":{\"@id\":\"https:\\\/\\\/anoticiaonline.com.br\\\/site\\\/author\\\/juliana\\\/#author\"},\"publisher\":{\"@id\":\"https:\\\/\\\/anoticiaonline.com.br\\\/site\\\/#organization\"},\"image\":{\"@type\":\"ImageObject\",\"url\":\"https:\\\/\\\/anoticiaonline.com.br\\\/site\\\/wp-content\\\/uploads\\\/2017\\\/07\\\/CAP-SITE.jpg\",\"width\":600,\"height\":300},\"datePublished\":\"2017-07-20T10:19:10-03:00\",\"dateModified\":\"2017-07-20T10:59:12-03:00\",\"inLanguage\":\"pt-BR\",\"mainEntityOfPage\":{\"@id\":\"https:\\\/\\\/anoticiaonline.com.br\\\/site\\\/festa-de-julho-de-antonio-prado-de-minas-agita-a-regiao-com-shows-nacionais\\\/#webpage\"},\"isPartOf\":{\"@id\":\"https:\\\/\\\/anoticiaonline.com.br\\\/site\\\/festa-de-julho-de-antonio-prado-de-minas-agita-a-regiao-com-shows-nacionais\\\/#webpage\"},\"articleSection\":\"Eventos, Regi\\u00e3o, Ant\\u00f4nio Prado, festa, Julho, slide\"},{\"@type\":\"BreadcrumbList\",\"@id\":\"https:\\\/\\\/anoticiaonline.com.br\\\/site\\\/festa-de-julho-de-antonio-prado-de-minas-agita-a-regiao-com-shows-nacionais\\\/#breadcrumblist\",\"itemListElement\":[{\"@type\":\"ListItem\",\"@id\":\"https:\\\/\\\/anoticiaonline.com.br\\\/site#listItem\",\"position\":1,\"name\":\"Home\",\"item\":\"https:\\\/\\\/anoticiaonline.com.br\\\/site\",\"nextItem\":{\"@type\":\"ListItem\",\"@id\":\"https:\\\/\\\/anoticiaonline.com.br\\\/site\\\/categoria\\\/regiao\\\/#listItem\",\"name\":\"Regi\\u00e3o\"}},{\"@type\":\"ListItem\",\"@id\":\"https:\\\/\\\/anoticiaonline.com.br\\\/site\\\/categoria\\\/regiao\\\/#listItem\",\"position\":2,\"name\":\"Regi\\u00e3o\",\"item\":\"https:\\\/\\\/anoticiaonline.com.br\\\/site\\\/categoria\\\/regiao\\\/\",\"nextItem\":{\"@type\":\"ListItem\",\"@id\":\"https:\\\/\\\/anoticiaonline.com.br\\\/site\\\/festa-de-julho-de-antonio-prado-de-minas-agita-a-regiao-com-shows-nacionais\\\/#listItem\",\"name\":\"Festa de Julho de Ant\\u00f4nio Prado de Minas agita a regi\\u00e3o com shows nacionais\"},\"previousItem\":{\"@type\":\"ListItem\",\"@id\":\"https:\\\/\\\/anoticiaonline.com.br\\\/site#listItem\",\"name\":\"Home\"}},{\"@type\":\"ListItem\",\"@id\":\"https:\\\/\\\/anoticiaonline.com.br\\\/site\\\/festa-de-julho-de-antonio-prado-de-minas-agita-a-regiao-com-shows-nacionais\\\/#listItem\",\"position\":3,\"name\":\"Festa de Julho de Ant\\u00f4nio Prado de Minas agita a regi\\u00e3o com shows nacionais\",\"previousItem\":{\"@type\":\"ListItem\",\"@id\":\"https:\\\/\\\/anoticiaonline.com.br\\\/site\\\/categoria\\\/regiao\\\/#listItem\",\"name\":\"Regi\\u00e3o\"}}]},{\"@type\":\"Organization\",\"@id\":\"https:\\\/\\\/anoticiaonline.com.br\\\/site\\\/#organization\",\"name\":\"A Not\\u00edcia Online\",\"description\":\"Noticias de Muria\\u00e9 e regi\\u00e3o\",\"url\":\"https:\\\/\\\/anoticiaonline.com.br\\\/site\\\/\",\"logo\":{\"@type\":\"ImageObject\",\"url\":\"https:\\\/\\\/scontent-gig4-1.xx.fbcdn.net\\\/v\\\/t39.30808-1\\\/270437624_4564083193639691_6907940295614233970_n.jpg?stp=dst-jpg_s200x200_tt6&_nc_cat=111&ccb=1-7&_nc_sid=f907e8&_nc_ohc=SM1wRlP3lJwQ7kNvwEPuBYA&_nc_oc=AdnqrjDN_BNjSSHWO-GbkIWH6fkGMLw4bqvL_NH6e2wMveX7G-rP2dAqsDSq1mJMOaY&_nc_zt=24&_nc_ht=scontent-gig4-1.xx&_nc_gid=AoBFJeGrT1hVaew_6rchkQ&oh=00_AfX7QmFGhQhG2jAllVgXCiM1ZrWgvtp80-Bfppyexh1QEg&oe=689E923C\",\"@id\":\"https:\\\/\\\/anoticiaonline.com.br\\\/site\\\/festa-de-julho-de-antonio-prado-de-minas-agita-a-regiao-com-shows-nacionais\\\/#organizationLogo\"},\"image\":{\"@id\":\"https:\\\/\\\/anoticiaonline.com.br\\\/site\\\/festa-de-julho-de-antonio-prado-de-minas-agita-a-regiao-com-shows-nacionais\\\/#organizationLogo\"}},{\"@type\":\"Person\",\"@id\":\"https:\\\/\\\/anoticiaonline.com.br\\\/site\\\/author\\\/juliana\\\/#author\",\"url\":\"https:\\\/\\\/anoticiaonline.com.br\\\/site\\\/author\\\/juliana\\\/\",\"name\":\"Juliana Laviola\",\"image\":{\"@type\":\"ImageObject\",\"@id\":\"https:\\\/\\\/anoticiaonline.com.br\\\/site\\\/festa-de-julho-de-antonio-prado-de-minas-agita-a-regiao-com-shows-nacionais\\\/#authorImage\",\"url\":\"https:\\\/\\\/secure.gravatar.com\\\/avatar\\\/b8d45f5c699b100dfaf0e543582f38f38bf94cb7ae3a5e9abf8d891a34773335?s=96&d=mm&r=g\",\"width\":96,\"height\":96,\"caption\":\"Juliana Laviola\"}},{\"@type\":\"WebPage\",\"@id\":\"https:\\\/\\\/anoticiaonline.com.br\\\/site\\\/festa-de-julho-de-antonio-prado-de-minas-agita-a-regiao-com-shows-nacionais\\\/#webpage\",\"url\":\"https:\\\/\\\/anoticiaonline.com.br\\\/site\\\/festa-de-julho-de-antonio-prado-de-minas-agita-a-regiao-com-shows-nacionais\\\/\",\"name\":\"Festa de Julho de Ant\\u00f4nio Prado de Minas agita a regi\\u00e3o com shows nacionais - A Not\\u00edcia Online\",\"description\":\"Queima de fogos, show e coquetel para convidados marcaram a abertura da Tradicional Festa de Julho de Ant\\u00f4nio Prado de Minas, que teve in\\u00edcio na noite de sexta-feira (14), atraindo moradores e visitantes para um final de semana repleto de divers\\u00e3o com variadas apresenta\\u00e7\\u00f5es. Para 2017, a prefeitura municipal reservou grandes shows nacionais gratuitos, que\",\"inLanguage\":\"pt-BR\",\"isPartOf\":{\"@id\":\"https:\\\/\\\/anoticiaonline.com.br\\\/site\\\/#website\"},\"breadcrumb\":{\"@id\":\"https:\\\/\\\/anoticiaonline.com.br\\\/site\\\/festa-de-julho-de-antonio-prado-de-minas-agita-a-regiao-com-shows-nacionais\\\/#breadcrumblist\"},\"author\":{\"@id\":\"https:\\\/\\\/anoticiaonline.com.br\\\/site\\\/author\\\/juliana\\\/#author\"},\"creator\":{\"@id\":\"https:\\\/\\\/anoticiaonline.com.br\\\/site\\\/author\\\/juliana\\\/#author\"},\"image\":{\"@type\":\"ImageObject\",\"url\":\"https:\\\/\\\/anoticiaonline.com.br\\\/site\\\/wp-content\\\/uploads\\\/2017\\\/07\\\/CAP-SITE.jpg\",\"@id\":\"https:\\\/\\\/anoticiaonline.com.br\\\/site\\\/festa-de-julho-de-antonio-prado-de-minas-agita-a-regiao-com-shows-nacionais\\\/#mainImage\",\"width\":600,\"height\":300},\"primaryImageOfPage\":{\"@id\":\"https:\\\/\\\/anoticiaonline.com.br\\\/site\\\/festa-de-julho-de-antonio-prado-de-minas-agita-a-regiao-com-shows-nacionais\\\/#mainImage\"},\"datePublished\":\"2017-07-20T10:19:10-03:00\",\"dateModified\":\"2017-07-20T10:59:12-03:00\"},{\"@type\":\"WebSite\",\"@id\":\"https:\\\/\\\/anoticiaonline.com.br\\\/site\\\/#website\",\"url\":\"https:\\\/\\\/anoticiaonline.com.br\\\/site\\\/\",\"name\":\"A Not\\u00edcia Online\",\"description\":\"Noticias de Muria\\u00e9 e regi\\u00e3o\",\"inLanguage\":\"pt-BR\",\"publisher\":{\"@id\":\"https:\\\/\\\/anoticiaonline.com.br\\\/site\\\/#organization\"}}]}\n\t\t<\/script>\n\t\t<!-- All in One SEO -->\n\n","aioseo_head_json":{"title":"Festa de Julho de Ant\u00f4nio Prado de Minas agita a regi\u00e3o com shows nacionais - A Not\u00edcia Online","description":"Queima de fogos, show e coquetel para convidados marcaram a abertura da Tradicional Festa de Julho de Ant\u00f4nio Prado de Minas, que teve in\u00edcio na noite de sexta-feira (14), atraindo moradores e visitantes para um final de semana repleto de divers\u00e3o com variadas apresenta\u00e7\u00f5es. Para 2017, a prefeitura municipal reservou grandes shows nacionais gratuitos, que","canonical_url":"https:\/\/anoticiaonline.com.br\/site\/festa-de-julho-de-antonio-prado-de-minas-agita-a-regiao-com-shows-nacionais\/","robots":"max-image-preview:large","keywords":"","webmasterTools":{"miscellaneous":""},"schema":{"@context":"https:\/\/schema.org","@graph":[{"@type":"BlogPosting","@id":"https:\/\/anoticiaonline.com.br\/site\/festa-de-julho-de-antonio-prado-de-minas-agita-a-regiao-com-shows-nacionais\/#blogposting","name":"Festa de Julho de Ant\u00f4nio Prado de Minas agita a regi\u00e3o com shows nacionais - A Not\u00edcia Online","headline":"Festa de Julho de Ant\u00f4nio Prado de Minas agita a regi\u00e3o com shows nacionais","author":{"@id":"https:\/\/anoticiaonline.com.br\/site\/author\/juliana\/#author"},"publisher":{"@id":"https:\/\/anoticiaonline.com.br\/site\/#organization"},"image":{"@type":"ImageObject","url":"https:\/\/anoticiaonline.com.br\/site\/wp-content\/uploads\/2017\/07\/CAP-SITE.jpg","width":600,"height":300},"datePublished":"2017-07-20T10:19:10-03:00","dateModified":"2017-07-20T10:59:12-03:00","inLanguage":"pt-BR","mainEntityOfPage":{"@id":"https:\/\/anoticiaonline.com.br\/site\/festa-de-julho-de-antonio-prado-de-minas-agita-a-regiao-com-shows-nacionais\/#webpage"},"isPartOf":{"@id":"https:\/\/anoticiaonline.com.br\/site\/festa-de-julho-de-antonio-prado-de-minas-agita-a-regiao-com-shows-nacionais\/#webpage"},"articleSection":"Eventos, Regi\u00e3o, Ant\u00f4nio Prado, festa, Julho, slide"},{"@type":"BreadcrumbList","@id":"https:\/\/anoticiaonline.com.br\/site\/festa-de-julho-de-antonio-prado-de-minas-agita-a-regiao-com-shows-nacionais\/#breadcrumblist","itemListElement":[{"@type":"ListItem","@id":"https:\/\/anoticiaonline.com.br\/site#listItem","position":1,"name":"Home","item":"https:\/\/anoticiaonline.com.br\/site","nextItem":{"@type":"ListItem","@id":"https:\/\/anoticiaonline.com.br\/site\/categoria\/regiao\/#listItem","name":"Regi\u00e3o"}},{"@type":"ListItem","@id":"https:\/\/anoticiaonline.com.br\/site\/categoria\/regiao\/#listItem","position":2,"name":"Regi\u00e3o","item":"https:\/\/anoticiaonline.com.br\/site\/categoria\/regiao\/","nextItem":{"@type":"ListItem","@id":"https:\/\/anoticiaonline.com.br\/site\/festa-de-julho-de-antonio-prado-de-minas-agita-a-regiao-com-shows-nacionais\/#listItem","name":"Festa de Julho de Ant\u00f4nio Prado de Minas agita a regi\u00e3o com shows nacionais"},"previousItem":{"@type":"ListItem","@id":"https:\/\/anoticiaonline.com.br\/site#listItem","name":"Home"}},{"@type":"ListItem","@id":"https:\/\/anoticiaonline.com.br\/site\/festa-de-julho-de-antonio-prado-de-minas-agita-a-regiao-com-shows-nacionais\/#listItem","position":3,"name":"Festa de Julho de Ant\u00f4nio Prado de Minas agita a regi\u00e3o com shows nacionais","previousItem":{"@type":"ListItem","@id":"https:\/\/anoticiaonline.com.br\/site\/categoria\/regiao\/#listItem","name":"Regi\u00e3o"}}]},{"@type":"Organization","@id":"https:\/\/anoticiaonline.com.br\/site\/#organization","name":"A Not\u00edcia Online","description":"Noticias de Muria\u00e9 e regi\u00e3o","url":"https:\/\/anoticiaonline.com.br\/site\/","logo":{"@type":"ImageObject","url":"https:\/\/scontent-gig4-1.xx.fbcdn.net\/v\/t39.30808-1\/270437624_4564083193639691_6907940295614233970_n.jpg?stp=dst-jpg_s200x200_tt6&_nc_cat=111&ccb=1-7&_nc_sid=f907e8&_nc_ohc=SM1wRlP3lJwQ7kNvwEPuBYA&_nc_oc=AdnqrjDN_BNjSSHWO-GbkIWH6fkGMLw4bqvL_NH6e2wMveX7G-rP2dAqsDSq1mJMOaY&_nc_zt=24&_nc_ht=scontent-gig4-1.xx&_nc_gid=AoBFJeGrT1hVaew_6rchkQ&oh=00_AfX7QmFGhQhG2jAllVgXCiM1ZrWgvtp80-Bfppyexh1QEg&oe=689E923C","@id":"https:\/\/anoticiaonline.com.br\/site\/festa-de-julho-de-antonio-prado-de-minas-agita-a-regiao-com-shows-nacionais\/#organizationLogo"},"image":{"@id":"https:\/\/anoticiaonline.com.br\/site\/festa-de-julho-de-antonio-prado-de-minas-agita-a-regiao-com-shows-nacionais\/#organizationLogo"}},{"@type":"Person","@id":"https:\/\/anoticiaonline.com.br\/site\/author\/juliana\/#author","url":"https:\/\/anoticiaonline.com.br\/site\/author\/juliana\/","name":"Juliana Laviola","image":{"@type":"ImageObject","@id":"https:\/\/anoticiaonline.com.br\/site\/festa-de-julho-de-antonio-prado-de-minas-agita-a-regiao-com-shows-nacionais\/#authorImage","url":"https:\/\/secure.gravatar.com\/avatar\/b8d45f5c699b100dfaf0e543582f38f38bf94cb7ae3a5e9abf8d891a34773335?s=96&d=mm&r=g","width":96,"height":96,"caption":"Juliana Laviola"}},{"@type":"WebPage","@id":"https:\/\/anoticiaonline.com.br\/site\/festa-de-julho-de-antonio-prado-de-minas-agita-a-regiao-com-shows-nacionais\/#webpage","url":"https:\/\/anoticiaonline.com.br\/site\/festa-de-julho-de-antonio-prado-de-minas-agita-a-regiao-com-shows-nacionais\/","name":"Festa de Julho de Ant\u00f4nio Prado de Minas agita a regi\u00e3o com shows nacionais - A Not\u00edcia Online","description":"Queima de fogos, show e coquetel para convidados marcaram a abertura da Tradicional Festa de Julho de Ant\u00f4nio Prado de Minas, que teve in\u00edcio na noite de sexta-feira (14), atraindo moradores e visitantes para um final de semana repleto de divers\u00e3o com variadas apresenta\u00e7\u00f5es. Para 2017, a prefeitura municipal reservou grandes shows nacionais gratuitos, que","inLanguage":"pt-BR","isPartOf":{"@id":"https:\/\/anoticiaonline.com.br\/site\/#website"},"breadcrumb":{"@id":"https:\/\/anoticiaonline.com.br\/site\/festa-de-julho-de-antonio-prado-de-minas-agita-a-regiao-com-shows-nacionais\/#breadcrumblist"},"author":{"@id":"https:\/\/anoticiaonline.com.br\/site\/author\/juliana\/#author"},"creator":{"@id":"https:\/\/anoticiaonline.com.br\/site\/author\/juliana\/#author"},"image":{"@type":"ImageObject","url":"https:\/\/anoticiaonline.com.br\/site\/wp-content\/uploads\/2017\/07\/CAP-SITE.jpg","@id":"https:\/\/anoticiaonline.com.br\/site\/festa-de-julho-de-antonio-prado-de-minas-agita-a-regiao-com-shows-nacionais\/#mainImage","width":600,"height":300},"primaryImageOfPage":{"@id":"https:\/\/anoticiaonline.com.br\/site\/festa-de-julho-de-antonio-prado-de-minas-agita-a-regiao-com-shows-nacionais\/#mainImage"},"datePublished":"2017-07-20T10:19:10-03:00","dateModified":"2017-07-20T10:59:12-03:00"},{"@type":"WebSite","@id":"https:\/\/anoticiaonline.com.br\/site\/#website","url":"https:\/\/anoticiaonline.com.br\/site\/","name":"A Not\u00edcia Online","description":"Noticias de Muria\u00e9 e regi\u00e3o","inLanguage":"pt-BR","publisher":{"@id":"https:\/\/anoticiaonline.com.br\/site\/#organization"}}]},"og:locale":"pt_BR","og:site_name":"A Not\u00edcia Online - Noticias de Muria\u00e9 e regi\u00e3o","og:type":"article","og:title":"Festa de Julho de Ant\u00f4nio Prado de Minas agita a regi\u00e3o com shows nacionais - A Not\u00edcia Online","og:description":"Queima de fogos, show e coquetel para convidados marcaram a abertura da Tradicional Festa de Julho de Ant\u00f4nio Prado de Minas, que teve in\u00edcio na noite de sexta-feira (14), atraindo moradores e visitantes para um final de semana repleto de divers\u00e3o com variadas apresenta\u00e7\u00f5es. Para 2017, a prefeitura municipal reservou grandes shows nacionais gratuitos, que","og:url":"https:\/\/anoticiaonline.com.br\/site\/festa-de-julho-de-antonio-prado-de-minas-agita-a-regiao-com-shows-nacionais\/","og:image":"https:\/\/scontent-gig4-1.xx.fbcdn.net\/v\/t39.30808-1\/270437624_4564083193639691_6907940295614233970_n.jpg?stp=dst-jpg_s200x200_tt6&#038;_nc_cat=111&#038;ccb=1-7&#038;_nc_sid=f907e8&#038;_nc_ohc=SM1wRlP3lJwQ7kNvwEPuBYA&#038;_nc_oc=AdnqrjDN_BNjSSHWO-GbkIWH6fkGMLw4bqvL_NH6e2wMveX7G-rP2dAqsDSq1mJMOaY&#038;_nc_zt=24&#038;_nc_ht=scontent-gig4-1.xx&#038;_nc_gid=AoBFJeGrT1hVaew_6rchkQ&#038;oh=00_AfX7QmFGhQhG2jAllVgXCiM1ZrWgvtp80-Bfppyexh1QEg&#038;oe=689E923C","og:image:secure_url":"https:\/\/scontent-gig4-1.xx.fbcdn.net\/v\/t39.30808-1\/270437624_4564083193639691_6907940295614233970_n.jpg?stp=dst-jpg_s200x200_tt6&#038;_nc_cat=111&#038;ccb=1-7&#038;_nc_sid=f907e8&#038;_nc_ohc=SM1wRlP3lJwQ7kNvwEPuBYA&#038;_nc_oc=AdnqrjDN_BNjSSHWO-GbkIWH6fkGMLw4bqvL_NH6e2wMveX7G-rP2dAqsDSq1mJMOaY&#038;_nc_zt=24&#038;_nc_ht=scontent-gig4-1.xx&#038;_nc_gid=AoBFJeGrT1hVaew_6rchkQ&#038;oh=00_AfX7QmFGhQhG2jAllVgXCiM1ZrWgvtp80-Bfppyexh1QEg&#038;oe=689E923C","article:published_time":"2017-07-20T13:19:10+00:00","article:modified_time":"2017-07-20T13:59:12+00:00","twitter:card":"summary_large_image","twitter:title":"Festa de Julho de Ant\u00f4nio Prado de Minas agita a regi\u00e3o com shows nacionais - A Not\u00edcia Online","twitter:description":"Queima de fogos, show e coquetel para convidados marcaram a abertura da Tradicional Festa de Julho de Ant\u00f4nio Prado de Minas, que teve in\u00edcio na noite de sexta-feira (14), atraindo moradores e visitantes para um final de semana repleto de divers\u00e3o com variadas apresenta\u00e7\u00f5es. Para 2017, a prefeitura municipal reservou grandes shows nacionais gratuitos, que","twitter:image":"https:\/\/scontent-gig4-1.xx.fbcdn.net\/v\/t39.30808-1\/270437624_4564083193639691_6907940295614233970_n.jpg?stp=dst-jpg_s200x200_tt6&_nc_cat=111&ccb=1-7&_nc_sid=f907e8&_nc_ohc=SM1wRlP3lJwQ7kNvwEPuBYA&_nc_oc=AdnqrjDN_BNjSSHWO-GbkIWH6fkGMLw4bqvL_NH6e2wMveX7G-rP2dAqsDSq1mJMOaY&_nc_zt=24&_nc_ht=scontent-gig4-1.xx&_nc_gid=AoBFJeGrT1hVaew_6rchkQ&oh=00_AfX7QmFGhQhG2jAllVgXCiM1ZrWgvtp80-Bfppyexh1QEg&oe=689E923C"},"aioseo_meta_data":{"post_id":"35794","title":null,"description":null,"keywords":null,"keyphrases":null,"primary_term":null,"canonical_url":null,"og_title":null,"og_description":null,"og_object_type":"default","og_image_type":"default","og_image_url":null,"og_image_width":null,"og_image_height":null,"og_image_custom_url":null,"og_image_custom_fields":null,"og_video":null,"og_custom_url":null,"og_article_section":null,"og_article_tags":null,"twitter_use_og":false,"twitter_card":"default","twitter_image_type":"default","twitter_image_url":null,"twitter_image_custom_url":null,"twitter_image_custom_fields":null,"twitter_title":null,"twitter_description":null,"schema":{"blockGraphs":[],"customGraphs":[],"default":{"data":{"Article":[],"Course":[],"Dataset":[],"FAQPage":[],"Movie":[],"Person":[],"Product":[],"ProductReview":[],"Car":[],"Recipe":[],"Service":[],"SoftwareApplication":[],"WebPage":[]},"graphName":"","isEnabled":true},"graphs":[]},"schema_type":"default","schema_type_options":null,"pillar_content":false,"robots_default":true,"robots_noindex":false,"robots_noarchive":false,"robots_nosnippet":false,"robots_nofollow":false,"robots_noimageindex":false,"robots_noodp":false,"robots_notranslate":false,"robots_max_snippet":null,"robots_max_videopreview":null,"robots_max_imagepreview":"large","priority":null,"frequency":null,"local_seo":null,"breadcrumb_settings":null,"limit_modified_date":false,"ai":null,"created":"2025-08-16 18:56:29","updated":"2025-08-16 18:56:29","focus_keyword":null,"additional_keywords":null,"truseo_locale":null,"seo_analyzer_scan_date":null},"aioseo_breadcrumb":"<div class=\"aioseo-breadcrumbs\"><span class=\"aioseo-breadcrumb\">\n\t\t\t<a href=\"https:\/\/anoticiaonline.com.br\/site\" title=\"Home\">Home<\/a>\n\t\t<\/span><span class=\"aioseo-breadcrumb-separator\">&raquo;<\/span><span class=\"aioseo-breadcrumb\">\n\t\t\t<a href=\"https:\/\/anoticiaonline.com.br\/site\/categoria\/regiao\/\" title=\"Regi\u00e3o\">Regi\u00e3o<\/a>\n\t\t<\/span><span class=\"aioseo-breadcrumb-separator\">&raquo;<\/span><span class=\"aioseo-breadcrumb\">\n\t\t\tFesta de Julho de Ant\u00f4nio Prado de Minas agita a regi\u00e3o com shows nacionais\n\t\t<\/span><\/div>","aioseo_breadcrumb_json":[{"label":"Home","link":"https:\/\/anoticiaonline.com.br\/site"},{"label":"Regi\u00e3o","link":"https:\/\/anoticiaonline.com.br\/site\/categoria\/regiao\/"},{"label":"Festa de Julho de Ant\u00f4nio Prado de Minas agita a regi\u00e3o com shows nacionais","link":"https:\/\/anoticiaonline.com.br\/site\/festa-de-julho-de-antonio-prado-de-minas-agita-a-regiao-com-shows-nacionais\/"}],"views":168,"_links":{"self":[{"href":"https:\/\/anoticiaonline.com.br\/site\/wp-json\/wp\/v2\/posts\/35794","targetHints":{"allow":["GET"]}}],"collection":[{"href":"https:\/\/anoticiaonline.com.br\/site\/wp-json\/wp\/v2\/posts"}],"about":[{"href":"https:\/\/anoticiaonline.com.br\/site\/wp-json\/wp\/v2\/types\/post"}],"author":[{"embeddable":true,"href":"https:\/\/anoticiaonline.com.br\/site\/wp-json\/wp\/v2\/users\/2"}],"replies":[{"embeddable":true,"href":"https:\/\/anoticiaonline.com.br\/site\/wp-json\/wp\/v2\/comments?post=35794"}],"version-history":[{"count":0,"href":"https:\/\/anoticiaonline.com.br\/site\/wp-json\/wp\/v2\/posts\/35794\/revisions"}],"wp:featuredmedia":[{"embeddable":true,"href":"https:\/\/anoticiaonline.com.br\/site\/wp-json\/wp\/v2\/media\/35796"}],"wp:attachment":[{"href":"https:\/\/anoticiaonline.com.br\/site\/wp-json\/wp\/v2\/media?parent=35794"}],"wp:term":[{"taxonomy":"category","embeddable":true,"href":"https:\/\/anoticiaonline.com.br\/site\/wp-json\/wp\/v2\/categories?post=35794"},{"taxonomy":"post_tag","embeddable":true,"href":"https:\/\/anoticiaonline.com.br\/site\/wp-json\/wp\/v2\/tags?post=35794"}],"curies":[{"name":"wp","href":"https:\/\/api.w.org\/{rel}","templated":true}]}}