{"id":35740,"date":"2017-07-14T09:36:26","date_gmt":"2017-07-14T12:36:26","guid":{"rendered":"http:\/\/anoticiaonline.com.br\/site\/?p=35740"},"modified":"2017-07-17T12:07:16","modified_gmt":"2017-07-17T15:07:16","slug":"sociarte-edicao-549-de-14-julho-de-2017","status":"publish","type":"post","link":"https:\/\/anoticiaonline.com.br\/site\/sociarte-edicao-549-de-14-julho-de-2017\/","title":{"rendered":"SOCIARTE: Edi\u00e7\u00e3o 549, de 14 julho de 2017"},"content":{"rendered":"<p style=\"text-align: left;\"><a href=\"https:\/\/anoticiaonline.com.br\/site\/wp-content\/uploads\/2017\/07\/Anivers\u00e1rio-de-Maria-Luisa.jpg\"><img fetchpriority=\"high\" decoding=\"async\" class=\"size-medium wp-image-35742 aligncenter\" src=\"https:\/\/anoticiaonline.com.br\/site\/wp-content\/uploads\/2017\/07\/Anivers\u00e1rio-de-Maria-Luisa-300x200.jpg\" alt=\"\" width=\"300\" height=\"200\" srcset=\"https:\/\/anoticiaonline.com.br\/site\/wp-content\/uploads\/2017\/07\/Anivers\u00e1rio-de-Maria-Luisa-300x200.jpg 300w, https:\/\/anoticiaonline.com.br\/site\/wp-content\/uploads\/2017\/07\/Anivers\u00e1rio-de-Maria-Luisa-290x192.jpg 290w, https:\/\/anoticiaonline.com.br\/site\/wp-content\/uploads\/2017\/07\/Anivers\u00e1rio-de-Maria-Luisa.jpg 640w\" sizes=\"(max-width: 300px) 100vw, 300px\" \/><\/a><\/p>\n<p style=\"text-align: center;\"><strong>Anivers\u00e1rio de Maria Luisa<\/strong><\/p>\n<p>\u2018Marsha e o Urso\u2019 foi o tema escolhido para festejar os 2 anos da pequena Maria Luisa, filha de Pedro Fernandes e Stefannie Fernandes. A linda festa aconteceu no domingo (9), na resid\u00eancia do casal, e reuniu amigos e familiares da pequena aniversariante. Para Maria Luisa votos de muitas felicidades!<\/p>\n<p><a href=\"https:\/\/anoticiaonline.com.br\/site\/wp-content\/uploads\/2017\/07\/Casamento-de-Let\u00edcia-e-Vin\u00edcius.jpg\"><img decoding=\"async\" class=\"size-medium wp-image-35743 aligncenter\" src=\"https:\/\/anoticiaonline.com.br\/site\/wp-content\/uploads\/2017\/07\/Casamento-de-Let\u00edcia-e-Vin\u00edcius-200x300.jpg\" alt=\"\" width=\"200\" height=\"300\" srcset=\"https:\/\/anoticiaonline.com.br\/site\/wp-content\/uploads\/2017\/07\/Casamento-de-Let\u00edcia-e-Vin\u00edcius-200x300.jpg 200w, https:\/\/anoticiaonline.com.br\/site\/wp-content\/uploads\/2017\/07\/Casamento-de-Let\u00edcia-e-Vin\u00edcius.jpg 427w\" sizes=\"(max-width: 200px) 100vw, 200px\" \/><\/a><\/p>\n<p style=\"text-align: center;\"><strong>Casamento de Let\u00edcia e Vin\u00edcius<\/strong><\/p>\n<p>O simp\u00e1tico casal Let\u00edcia e Vin\u00edcius Nunes casou no s\u00e1bado (8), durante cerim\u00f4nia realizada na Igreja Nossa Senhora da Concei\u00e7\u00e3o, no bairro da Barra. Ele \u00e9 filho de Milene Freitas de Castro Nunes e Tarc\u00edsio Nunes, e ela \u00e9 filha de Marlene Maria Carneiro de Souza e de Carlos Alberto de Souza. Ap\u00f3s o casamento, os amigos e familiares foram recebidos em uma recep\u00e7\u00e3o ocorrida no S\u00edtio do Adelmo. Parab\u00e9ns aos noivos!<\/p>\n<p><a href=\"https:\/\/anoticiaonline.com.br\/site\/wp-content\/uploads\/2017\/07\/Enlace-de-Pedro-e-Franciane.jpg\"><img decoding=\"async\" class=\"size-medium wp-image-35744 aligncenter\" src=\"https:\/\/anoticiaonline.com.br\/site\/wp-content\/uploads\/2017\/07\/Enlace-de-Pedro-e-Franciane-199x300.jpg\" alt=\"\" width=\"199\" height=\"300\" srcset=\"https:\/\/anoticiaonline.com.br\/site\/wp-content\/uploads\/2017\/07\/Enlace-de-Pedro-e-Franciane-199x300.jpg 199w, https:\/\/anoticiaonline.com.br\/site\/wp-content\/uploads\/2017\/07\/Enlace-de-Pedro-e-Franciane.jpg 424w\" sizes=\"(max-width: 199px) 100vw, 199px\" \/><\/a><\/p>\n<p style=\"text-align: center;\"><strong>Enlace de Pedro e Franciane<\/strong><\/p>\n<p>A Casa de Ora\u00e7\u00e3o do bairro Santana foi palco do casamento do casal Franciane e Pedro. Ela, filha de Francisco de Assis Saiol e Izodete Demarque Texeira, e ele, filho de Pedro Luiz Saiol e Marli de Souza Saiol. O casamento aconteceu no s\u00e1bado (8), e os padrinhos e familiares de fora foram recebidos em uma recep\u00e7\u00e3o \u00edntima ocorrida nos sal\u00f5es do Sesc Muria\u00e9. Da reda\u00e7\u00e3o enviamos votos de muitas felicidades!<\/p>\n<p><a href=\"https:\/\/anoticiaonline.com.br\/site\/wp-content\/uploads\/2017\/07\/Batizado-de-Ana-Laura.jpg\"><img loading=\"lazy\" decoding=\"async\" class=\"size-medium wp-image-35746 aligncenter\" src=\"https:\/\/anoticiaonline.com.br\/site\/wp-content\/uploads\/2017\/07\/Batizado-de-Ana-Laura-202x300.jpg\" alt=\"\" width=\"202\" height=\"300\" srcset=\"https:\/\/anoticiaonline.com.br\/site\/wp-content\/uploads\/2017\/07\/Batizado-de-Ana-Laura-202x300.jpg 202w, https:\/\/anoticiaonline.com.br\/site\/wp-content\/uploads\/2017\/07\/Batizado-de-Ana-Laura.jpg 430w\" sizes=\"(max-width: 202px) 100vw, 202px\" \/><\/a><\/p>\n<p style=\"text-align: center;\"><strong>Batizado de Ana Laura<\/strong><\/p>\n<p>A fofa Ana Laura recebeu o sacramento do Batismo , no domingo (9), durante cerim\u00f4nia realizada na Igreja Nossa Senhora Aparecida, no bairro do Porto. Por l\u00e1 estiveram os papais Maria Madalena da Silva e Sebasti\u00e3o da Silva Sime\u00e3o, al\u00e9m da irm\u00e3 e tamb\u00e9m madrinha de consagra\u00e7\u00e3o Larissa Cristina da Silva, os padrinhos de batismo Maria Jos\u00e9 Fernandes e Vantuil Fernandes, e a madrinha de toalha Marlene de Lourdes. Deus aben\u00e7oe a caminhada da pequena Ana Laura!<\/p>\n<p><a href=\"https:\/\/anoticiaonline.com.br\/site\/wp-content\/uploads\/2017\/07\/2-aninhos-de-Maria-Cec\u00edlia.jpg\"><img loading=\"lazy\" decoding=\"async\" class=\"size-medium wp-image-35747 aligncenter\" src=\"https:\/\/anoticiaonline.com.br\/site\/wp-content\/uploads\/2017\/07\/2-aninhos-de-Maria-Cec\u00edlia-300x211.jpg\" alt=\"\" width=\"300\" height=\"211\" srcset=\"https:\/\/anoticiaonline.com.br\/site\/wp-content\/uploads\/2017\/07\/2-aninhos-de-Maria-Cec\u00edlia-300x211.jpg 300w, https:\/\/anoticiaonline.com.br\/site\/wp-content\/uploads\/2017\/07\/2-aninhos-de-Maria-Cec\u00edlia.jpg 640w\" sizes=\"(max-width: 300px) 100vw, 300px\" \/><\/a><\/p>\n<p style=\"text-align: center;\"><strong>2 aninhos de Maria Cec\u00edlia<\/strong><\/p>\n<p>A pequena Maria Cec\u00edlia, junto com os seus pais Renata Aparecida Mac\u00eado e Bruno da Cunha Bittencourt, recebeu os amiguinhos e familiares para comemorarem os seus 2 aninhos na sexta (7). O tema escolhido foi \u2018Marsha e o Urso\u2019 e festa aconteceu com muita descontra\u00e7\u00e3o no Torre Fest. Parab\u00e9ns para a lindinha Maria Cec\u00edlia!<\/p>\n<p><a href=\"https:\/\/anoticiaonline.com.br\/site\/wp-content\/uploads\/2017\/07\/Casamento-de-Z\u00e9lia-e-Ot\u00e1vio.jpeg\"><img loading=\"lazy\" decoding=\"async\" class=\"size-medium wp-image-35748 aligncenter\" src=\"https:\/\/anoticiaonline.com.br\/site\/wp-content\/uploads\/2017\/07\/Casamento-de-Z\u00e9lia-e-Ot\u00e1vio-225x300.jpeg\" alt=\"\" width=\"225\" height=\"300\" srcset=\"https:\/\/anoticiaonline.com.br\/site\/wp-content\/uploads\/2017\/07\/Casamento-de-Z\u00e9lia-e-Ot\u00e1vio-225x300.jpeg 225w, https:\/\/anoticiaonline.com.br\/site\/wp-content\/uploads\/2017\/07\/Casamento-de-Z\u00e9lia-e-Ot\u00e1vio.jpeg 480w\" sizes=\"(max-width: 225px) 100vw, 225px\" \/><\/a><\/p>\n<p style=\"text-align: center;\"><strong>Casamento de Z\u00e9lia e Ot\u00e1vio<\/strong><\/p>\n<p>A amiga e advogada Z\u00e9lia se uniu em matrim\u00f4nio com Ot\u00e1vio no \u00faltimo s\u00e1bado (8) em uma cerim\u00f4nia \u00edntima, restrita a poucos amigos e familiares. O casamento aconteceu na Igreja Nossa Senhora do Divino Pranto (Funda\u00e7\u00e3o Cristiano Varella) e os convidados foram recepcionados nos sal\u00f5es do Hotel Arrat\u00e3o. Ao novo casal os nossos votos de felicidade e amor eterno!<\/p>\n<p><a href=\"https:\/\/anoticiaonline.com.br\/site\/wp-content\/uploads\/2017\/07\/3-aninhos-de-Mariana.jpg\"><img loading=\"lazy\" decoding=\"async\" class=\"size-medium wp-image-35749 aligncenter\" src=\"https:\/\/anoticiaonline.com.br\/site\/wp-content\/uploads\/2017\/07\/3-aninhos-de-Mariana-300x202.jpg\" alt=\"\" width=\"300\" height=\"202\" srcset=\"https:\/\/anoticiaonline.com.br\/site\/wp-content\/uploads\/2017\/07\/3-aninhos-de-Mariana-300x202.jpg 300w, https:\/\/anoticiaonline.com.br\/site\/wp-content\/uploads\/2017\/07\/3-aninhos-de-Mariana.jpg 640w\" sizes=\"(max-width: 300px) 100vw, 300px\" \/><\/a><\/p>\n<p style=\"text-align: center;\"><strong>3 aninhos de Mariana<\/strong><\/p>\n<p>A fofa Mariana escolheu o tema \u2018Peppa Pig\u2019 para comemorar o seu 3\u00ba aninho de vida. Ela, seus pais Mariana Fideles Carrizo e Leonardo Carizzo, e sua irm\u00e3 Ana Luisa, receberam com muita alegria os seus convidados no s\u00e1bado (8) para uma linda festa. A comemora\u00e7\u00e3o aconteceu no sal\u00e3o de festa Eventu\u2019se foi repleta de muita divers\u00e3o e alegria. Parab\u00e9ns para a aniversariante!<\/p>\n<p><a href=\"https:\/\/anoticiaonline.com.br\/site\/wp-content\/uploads\/2017\/07\/Anivers\u00e1rio-de-Ana-Beatriz.jpg\"><img loading=\"lazy\" decoding=\"async\" class=\"size-medium wp-image-35750 aligncenter\" src=\"https:\/\/anoticiaonline.com.br\/site\/wp-content\/uploads\/2017\/07\/Anivers\u00e1rio-de-Ana-Beatriz-300x198.jpg\" alt=\"\" width=\"300\" height=\"198\" srcset=\"https:\/\/anoticiaonline.com.br\/site\/wp-content\/uploads\/2017\/07\/Anivers\u00e1rio-de-Ana-Beatriz-300x198.jpg 300w, https:\/\/anoticiaonline.com.br\/site\/wp-content\/uploads\/2017\/07\/Anivers\u00e1rio-de-Ana-Beatriz-290x192.jpg 290w, https:\/\/anoticiaonline.com.br\/site\/wp-content\/uploads\/2017\/07\/Anivers\u00e1rio-de-Ana-Beatriz.jpg 640w\" sizes=\"(max-width: 300px) 100vw, 300px\" \/><\/a><\/p>\n<p style=\"text-align: center;\"><strong>Anivers\u00e1rio de Ana Beatriz<\/strong><\/p>\n<p>A fof\u00edssima Ana Beatriz comemorou seus 4 aninhos no s\u00e1bado (8) com o tema \u2018Patrulha Canina Rosa\u2019. A festa aconteceu nos sal\u00f5es da Igreja Cat\u00f3lica do bairro S\u00e3o Crist\u00f3v\u00e3o, renuiu amigos e familiares, al\u00e9m \u00e9 claro dos \u2018papais coruja\u2019 Henrique dos Santos Teixeira e Fernanda do Carmo Fernandes.<\/p>\n<p><a href=\"https:\/\/anoticiaonline.com.br\/site\/wp-content\/uploads\/2017\/07\/DSC_0940.jpg\"><img loading=\"lazy\" decoding=\"async\" class=\"size-medium wp-image-35751 aligncenter\" src=\"https:\/\/anoticiaonline.com.br\/site\/wp-content\/uploads\/2017\/07\/DSC_0940-300x200.jpg\" alt=\"\" width=\"300\" height=\"200\" srcset=\"https:\/\/anoticiaonline.com.br\/site\/wp-content\/uploads\/2017\/07\/DSC_0940-300x200.jpg 300w, https:\/\/anoticiaonline.com.br\/site\/wp-content\/uploads\/2017\/07\/DSC_0940.jpg 640w\" sizes=\"(max-width: 300px) 100vw, 300px\" \/><\/a><\/p>\n<p style=\"text-align: center;\"><strong>Festa Junina do Restaurante da Charretinha<\/strong><\/p>\n<p>O casal de empres\u00e1rios Cristina Calderano e Wesley Rodrigues (Minas Sat) estiveram junto com os amigos Alcione e Arderson Faria, prestigiando a j\u00e1 Tradicional Festa Junina do Restaurante da Charretinha. A festividade aconteceu no s\u00e1bado (8) e reuniu muita gente bonita da cidade e regi\u00e3o.<\/p>\n<p>&nbsp;<\/p>\n","protected":false},"excerpt":{"rendered":"<p>Anivers\u00e1rio de Maria Luisa \u2018Marsha e o Urso\u2019 foi o tema escolhido para festejar os 2 anos da pequena Maria Luisa, filha de Pedro Fernandes e Stefannie Fernandes. A linda festa aconteceu no domingo (9), na resid\u00eancia do casal, e reuniu amigos e familiares da pequena aniversariante. Para Maria Luisa votos de muitas felicidades! Casamento &#8230; <a title=\"SOCIARTE: Edi\u00e7\u00e3o 549, de 14 julho de 2017\" class=\"read-more\" href=\"https:\/\/anoticiaonline.com.br\/site\/sociarte-edicao-549-de-14-julho-de-2017\/\" aria-label=\"Read more about SOCIARTE: Edi\u00e7\u00e3o 549, de 14 julho de 2017\">Ler mais<\/a><\/p>\n","protected":false},"author":2,"featured_media":0,"comment_status":"open","ping_status":"open","sticky":false,"template":"","format":"standard","meta":{"_acf_changed":false,"_monsterinsights_skip_tracking":false,"footnotes":""},"categories":[31,38],"tags":[],"class_list":["post-35740","post","type-post","status-publish","format-standard","hentry","category-colunistas","category-sociarte"],"acf":[],"aioseo_notices":[],"aioseo_head":"\n\t\t<!-- All in One SEO 5.0.0.1 - aioseo.com -->\n\t<meta name=\"description\" content=\"Anivers\u00e1rio de Maria Luisa \u2018Marsha e o Urso\u2019 foi o tema escolhido para festejar os 2 anos da pequena Maria Luisa, filha de Pedro Fernandes e Stefannie Fernandes. A linda festa aconteceu no domingo (9), na resid\u00eancia do casal, e reuniu amigos e familiares da pequena aniversariante. Para Maria Luisa votos de muitas felicidades! Casamento\" \/>\n\t<meta name=\"robots\" content=\"max-image-preview:large\" \/>\n\t<meta name=\"author\" content=\"Juliana Laviola\"\/>\n\t<link rel=\"canonical\" href=\"https:\/\/anoticiaonline.com.br\/site\/sociarte-edicao-549-de-14-julho-de-2017\/\" \/>\n\t<meta name=\"generator\" content=\"All in One SEO (AIOSEO) 5.0.0.1\" \/>\n\t\t<meta property=\"og:locale\" content=\"pt_BR\" \/>\n\t\t<meta property=\"og:site_name\" content=\"A Not\u00edcia Online - Noticias de Muria\u00e9 e regi\u00e3o\" \/>\n\t\t<meta property=\"og:type\" content=\"article\" \/>\n\t\t<meta property=\"og:title\" content=\"SOCIARTE: Edi\u00e7\u00e3o 549, de 14 julho de 2017 - A Not\u00edcia Online\" \/>\n\t\t<meta property=\"og:description\" content=\"Anivers\u00e1rio de Maria Luisa \u2018Marsha e o Urso\u2019 foi o tema escolhido para festejar os 2 anos da pequena Maria Luisa, filha de Pedro Fernandes e Stefannie Fernandes. A linda festa aconteceu no domingo (9), na resid\u00eancia do casal, e reuniu amigos e familiares da pequena aniversariante. Para Maria Luisa votos de muitas felicidades! Casamento\" \/>\n\t\t<meta property=\"og:url\" content=\"https:\/\/anoticiaonline.com.br\/site\/sociarte-edicao-549-de-14-julho-de-2017\/\" \/>\n\t\t<meta property=\"og:image\" content=\"https:\/\/scontent-gig4-1.xx.fbcdn.net\/v\/t39.30808-1\/270437624_4564083193639691_6907940295614233970_n.jpg?stp=dst-jpg_s200x200_tt6&#038;_nc_cat=111&#038;ccb=1-7&#038;_nc_sid=f907e8&#038;_nc_ohc=SM1wRlP3lJwQ7kNvwEPuBYA&#038;_nc_oc=AdnqrjDN_BNjSSHWO-GbkIWH6fkGMLw4bqvL_NH6e2wMveX7G-rP2dAqsDSq1mJMOaY&#038;_nc_zt=24&#038;_nc_ht=scontent-gig4-1.xx&#038;_nc_gid=AoBFJeGrT1hVaew_6rchkQ&#038;oh=00_AfX7QmFGhQhG2jAllVgXCiM1ZrWgvtp80-Bfppyexh1QEg&#038;oe=689E923C\" \/>\n\t\t<meta property=\"og:image:secure_url\" content=\"https:\/\/scontent-gig4-1.xx.fbcdn.net\/v\/t39.30808-1\/270437624_4564083193639691_6907940295614233970_n.jpg?stp=dst-jpg_s200x200_tt6&#038;_nc_cat=111&#038;ccb=1-7&#038;_nc_sid=f907e8&#038;_nc_ohc=SM1wRlP3lJwQ7kNvwEPuBYA&#038;_nc_oc=AdnqrjDN_BNjSSHWO-GbkIWH6fkGMLw4bqvL_NH6e2wMveX7G-rP2dAqsDSq1mJMOaY&#038;_nc_zt=24&#038;_nc_ht=scontent-gig4-1.xx&#038;_nc_gid=AoBFJeGrT1hVaew_6rchkQ&#038;oh=00_AfX7QmFGhQhG2jAllVgXCiM1ZrWgvtp80-Bfppyexh1QEg&#038;oe=689E923C\" \/>\n\t\t<meta property=\"article:published_time\" content=\"2017-07-14T12:36:26+00:00\" \/>\n\t\t<meta property=\"article:modified_time\" content=\"2017-07-17T15:07:16+00:00\" \/>\n\t\t<meta name=\"twitter:card\" content=\"summary_large_image\" \/>\n\t\t<meta name=\"twitter:title\" content=\"SOCIARTE: Edi\u00e7\u00e3o 549, de 14 julho de 2017 - A Not\u00edcia Online\" \/>\n\t\t<meta name=\"twitter:description\" content=\"Anivers\u00e1rio de Maria Luisa \u2018Marsha e o Urso\u2019 foi o tema escolhido para festejar os 2 anos da pequena Maria Luisa, filha de Pedro Fernandes e Stefannie Fernandes. A linda festa aconteceu no domingo (9), na resid\u00eancia do casal, e reuniu amigos e familiares da pequena aniversariante. Para Maria Luisa votos de muitas felicidades! Casamento\" \/>\n\t\t<meta name=\"twitter:image\" content=\"https:\/\/scontent-gig4-1.xx.fbcdn.net\/v\/t39.30808-1\/270437624_4564083193639691_6907940295614233970_n.jpg?stp=dst-jpg_s200x200_tt6&amp;_nc_cat=111&amp;ccb=1-7&amp;_nc_sid=f907e8&amp;_nc_ohc=SM1wRlP3lJwQ7kNvwEPuBYA&amp;_nc_oc=AdnqrjDN_BNjSSHWO-GbkIWH6fkGMLw4bqvL_NH6e2wMveX7G-rP2dAqsDSq1mJMOaY&amp;_nc_zt=24&amp;_nc_ht=scontent-gig4-1.xx&amp;_nc_gid=AoBFJeGrT1hVaew_6rchkQ&amp;oh=00_AfX7QmFGhQhG2jAllVgXCiM1ZrWgvtp80-Bfppyexh1QEg&amp;oe=689E923C\" \/>\n\t\t<script type=\"application\/ld+json\" class=\"aioseo-schema\">\n\t\t\t{\"@context\":\"https:\\\/\\\/schema.org\",\"@graph\":[{\"@type\":\"BlogPosting\",\"@id\":\"https:\\\/\\\/anoticiaonline.com.br\\\/site\\\/sociarte-edicao-549-de-14-julho-de-2017\\\/#blogposting\",\"name\":\"SOCIARTE: Edi\\u00e7\\u00e3o 549, de 14 julho de 2017 - A Not\\u00edcia Online\",\"headline\":\"SOCIARTE: Edi\\u00e7\\u00e3o 549, de 14 julho de 2017\",\"author\":{\"@id\":\"https:\\\/\\\/anoticiaonline.com.br\\\/site\\\/author\\\/juliana\\\/#author\"},\"publisher\":{\"@id\":\"https:\\\/\\\/anoticiaonline.com.br\\\/site\\\/#organization\"},\"image\":{\"@type\":\"ImageObject\",\"url\":\"http:\\\/\\\/anoticiaonline.com.br\\\/site\\\/wp-content\\\/uploads\\\/2017\\\/07\\\/Anivers\\u00e1rio-de-Maria-Luisa-300x200.jpg\",\"@id\":\"https:\\\/\\\/anoticiaonline.com.br\\\/site\\\/sociarte-edicao-549-de-14-julho-de-2017\\\/#articleImage\"},\"datePublished\":\"2017-07-14T09:36:26-03:00\",\"dateModified\":\"2017-07-17T12:07:16-03:00\",\"inLanguage\":\"pt-BR\",\"mainEntityOfPage\":{\"@id\":\"https:\\\/\\\/anoticiaonline.com.br\\\/site\\\/sociarte-edicao-549-de-14-julho-de-2017\\\/#webpage\"},\"isPartOf\":{\"@id\":\"https:\\\/\\\/anoticiaonline.com.br\\\/site\\\/sociarte-edicao-549-de-14-julho-de-2017\\\/#webpage\"},\"articleSection\":\"Colunistas, Sociarte\"},{\"@type\":\"BreadcrumbList\",\"@id\":\"https:\\\/\\\/anoticiaonline.com.br\\\/site\\\/sociarte-edicao-549-de-14-julho-de-2017\\\/#breadcrumblist\",\"itemListElement\":[{\"@type\":\"ListItem\",\"@id\":\"https:\\\/\\\/anoticiaonline.com.br\\\/site#listItem\",\"position\":1,\"name\":\"Home\",\"item\":\"https:\\\/\\\/anoticiaonline.com.br\\\/site\",\"nextItem\":{\"@type\":\"ListItem\",\"@id\":\"https:\\\/\\\/anoticiaonline.com.br\\\/site\\\/categoria\\\/colunistas\\\/#listItem\",\"name\":\"Colunistas\"}},{\"@type\":\"ListItem\",\"@id\":\"https:\\\/\\\/anoticiaonline.com.br\\\/site\\\/categoria\\\/colunistas\\\/#listItem\",\"position\":2,\"name\":\"Colunistas\",\"item\":\"https:\\\/\\\/anoticiaonline.com.br\\\/site\\\/categoria\\\/colunistas\\\/\",\"nextItem\":{\"@type\":\"ListItem\",\"@id\":\"https:\\\/\\\/anoticiaonline.com.br\\\/site\\\/categoria\\\/colunistas\\\/sociarte\\\/#listItem\",\"name\":\"Sociarte\"},\"previousItem\":{\"@type\":\"ListItem\",\"@id\":\"https:\\\/\\\/anoticiaonline.com.br\\\/site#listItem\",\"name\":\"Home\"}},{\"@type\":\"ListItem\",\"@id\":\"https:\\\/\\\/anoticiaonline.com.br\\\/site\\\/categoria\\\/colunistas\\\/sociarte\\\/#listItem\",\"position\":3,\"name\":\"Sociarte\",\"item\":\"https:\\\/\\\/anoticiaonline.com.br\\\/site\\\/categoria\\\/colunistas\\\/sociarte\\\/\",\"nextItem\":{\"@type\":\"ListItem\",\"@id\":\"https:\\\/\\\/anoticiaonline.com.br\\\/site\\\/sociarte-edicao-549-de-14-julho-de-2017\\\/#listItem\",\"name\":\"SOCIARTE: Edi\\u00e7\\u00e3o 549, de 14 julho de 2017\"},\"previousItem\":{\"@type\":\"ListItem\",\"@id\":\"https:\\\/\\\/anoticiaonline.com.br\\\/site\\\/categoria\\\/colunistas\\\/#listItem\",\"name\":\"Colunistas\"}},{\"@type\":\"ListItem\",\"@id\":\"https:\\\/\\\/anoticiaonline.com.br\\\/site\\\/sociarte-edicao-549-de-14-julho-de-2017\\\/#listItem\",\"position\":4,\"name\":\"SOCIARTE: Edi\\u00e7\\u00e3o 549, de 14 julho de 2017\",\"previousItem\":{\"@type\":\"ListItem\",\"@id\":\"https:\\\/\\\/anoticiaonline.com.br\\\/site\\\/categoria\\\/colunistas\\\/sociarte\\\/#listItem\",\"name\":\"Sociarte\"}}]},{\"@type\":\"Organization\",\"@id\":\"https:\\\/\\\/anoticiaonline.com.br\\\/site\\\/#organization\",\"name\":\"A Not\\u00edcia Online\",\"description\":\"Noticias de Muria\\u00e9 e regi\\u00e3o\",\"url\":\"https:\\\/\\\/anoticiaonline.com.br\\\/site\\\/\",\"logo\":{\"@type\":\"ImageObject\",\"url\":\"https:\\\/\\\/scontent-gig4-1.xx.fbcdn.net\\\/v\\\/t39.30808-1\\\/270437624_4564083193639691_6907940295614233970_n.jpg?stp=dst-jpg_s200x200_tt6&_nc_cat=111&ccb=1-7&_nc_sid=f907e8&_nc_ohc=SM1wRlP3lJwQ7kNvwEPuBYA&_nc_oc=AdnqrjDN_BNjSSHWO-GbkIWH6fkGMLw4bqvL_NH6e2wMveX7G-rP2dAqsDSq1mJMOaY&_nc_zt=24&_nc_ht=scontent-gig4-1.xx&_nc_gid=AoBFJeGrT1hVaew_6rchkQ&oh=00_AfX7QmFGhQhG2jAllVgXCiM1ZrWgvtp80-Bfppyexh1QEg&oe=689E923C\",\"@id\":\"https:\\\/\\\/anoticiaonline.com.br\\\/site\\\/sociarte-edicao-549-de-14-julho-de-2017\\\/#organizationLogo\"},\"image\":{\"@id\":\"https:\\\/\\\/anoticiaonline.com.br\\\/site\\\/sociarte-edicao-549-de-14-julho-de-2017\\\/#organizationLogo\"}},{\"@type\":\"Person\",\"@id\":\"https:\\\/\\\/anoticiaonline.com.br\\\/site\\\/author\\\/juliana\\\/#author\",\"url\":\"https:\\\/\\\/anoticiaonline.com.br\\\/site\\\/author\\\/juliana\\\/\",\"name\":\"Juliana Laviola\",\"image\":{\"@type\":\"ImageObject\",\"@id\":\"https:\\\/\\\/anoticiaonline.com.br\\\/site\\\/sociarte-edicao-549-de-14-julho-de-2017\\\/#authorImage\",\"url\":\"https:\\\/\\\/secure.gravatar.com\\\/avatar\\\/b8d45f5c699b100dfaf0e543582f38f38bf94cb7ae3a5e9abf8d891a34773335?s=96&d=mm&r=g\",\"width\":96,\"height\":96,\"caption\":\"Juliana Laviola\"}},{\"@type\":\"WebPage\",\"@id\":\"https:\\\/\\\/anoticiaonline.com.br\\\/site\\\/sociarte-edicao-549-de-14-julho-de-2017\\\/#webpage\",\"url\":\"https:\\\/\\\/anoticiaonline.com.br\\\/site\\\/sociarte-edicao-549-de-14-julho-de-2017\\\/\",\"name\":\"SOCIARTE: Edi\\u00e7\\u00e3o 549, de 14 julho de 2017 - A Not\\u00edcia Online\",\"description\":\"Anivers\\u00e1rio de Maria Luisa \\u2018Marsha e o Urso\\u2019 foi o tema escolhido para festejar os 2 anos da pequena Maria Luisa, filha de Pedro Fernandes e Stefannie Fernandes. A linda festa aconteceu no domingo (9), na resid\\u00eancia do casal, e reuniu amigos e familiares da pequena aniversariante. Para Maria Luisa votos de muitas felicidades! Casamento\",\"inLanguage\":\"pt-BR\",\"isPartOf\":{\"@id\":\"https:\\\/\\\/anoticiaonline.com.br\\\/site\\\/#website\"},\"breadcrumb\":{\"@id\":\"https:\\\/\\\/anoticiaonline.com.br\\\/site\\\/sociarte-edicao-549-de-14-julho-de-2017\\\/#breadcrumblist\"},\"author\":{\"@id\":\"https:\\\/\\\/anoticiaonline.com.br\\\/site\\\/author\\\/juliana\\\/#author\"},\"creator\":{\"@id\":\"https:\\\/\\\/anoticiaonline.com.br\\\/site\\\/author\\\/juliana\\\/#author\"},\"datePublished\":\"2017-07-14T09:36:26-03:00\",\"dateModified\":\"2017-07-17T12:07:16-03:00\"},{\"@type\":\"WebSite\",\"@id\":\"https:\\\/\\\/anoticiaonline.com.br\\\/site\\\/#website\",\"url\":\"https:\\\/\\\/anoticiaonline.com.br\\\/site\\\/\",\"name\":\"A Not\\u00edcia Online\",\"description\":\"Noticias de Muria\\u00e9 e regi\\u00e3o\",\"inLanguage\":\"pt-BR\",\"publisher\":{\"@id\":\"https:\\\/\\\/anoticiaonline.com.br\\\/site\\\/#organization\"}}]}\n\t\t<\/script>\n\t\t<!-- All in One SEO -->\n\n","aioseo_head_json":{"title":"SOCIARTE: Edi\u00e7\u00e3o 549, de 14 julho de 2017 - A Not\u00edcia Online","description":"Anivers\u00e1rio de Maria Luisa \u2018Marsha e o Urso\u2019 foi o tema escolhido para festejar os 2 anos da pequena Maria Luisa, filha de Pedro Fernandes e Stefannie Fernandes. A linda festa aconteceu no domingo (9), na resid\u00eancia do casal, e reuniu amigos e familiares da pequena aniversariante. Para Maria Luisa votos de muitas felicidades! Casamento","canonical_url":"https:\/\/anoticiaonline.com.br\/site\/sociarte-edicao-549-de-14-julho-de-2017\/","robots":"max-image-preview:large","keywords":"","webmasterTools":{"miscellaneous":""},"schema":{"@context":"https:\/\/schema.org","@graph":[{"@type":"BlogPosting","@id":"https:\/\/anoticiaonline.com.br\/site\/sociarte-edicao-549-de-14-julho-de-2017\/#blogposting","name":"SOCIARTE: Edi\u00e7\u00e3o 549, de 14 julho de 2017 - A Not\u00edcia Online","headline":"SOCIARTE: Edi\u00e7\u00e3o 549, de 14 julho de 2017","author":{"@id":"https:\/\/anoticiaonline.com.br\/site\/author\/juliana\/#author"},"publisher":{"@id":"https:\/\/anoticiaonline.com.br\/site\/#organization"},"image":{"@type":"ImageObject","url":"http:\/\/anoticiaonline.com.br\/site\/wp-content\/uploads\/2017\/07\/Anivers\u00e1rio-de-Maria-Luisa-300x200.jpg","@id":"https:\/\/anoticiaonline.com.br\/site\/sociarte-edicao-549-de-14-julho-de-2017\/#articleImage"},"datePublished":"2017-07-14T09:36:26-03:00","dateModified":"2017-07-17T12:07:16-03:00","inLanguage":"pt-BR","mainEntityOfPage":{"@id":"https:\/\/anoticiaonline.com.br\/site\/sociarte-edicao-549-de-14-julho-de-2017\/#webpage"},"isPartOf":{"@id":"https:\/\/anoticiaonline.com.br\/site\/sociarte-edicao-549-de-14-julho-de-2017\/#webpage"},"articleSection":"Colunistas, Sociarte"},{"@type":"BreadcrumbList","@id":"https:\/\/anoticiaonline.com.br\/site\/sociarte-edicao-549-de-14-julho-de-2017\/#breadcrumblist","itemListElement":[{"@type":"ListItem","@id":"https:\/\/anoticiaonline.com.br\/site#listItem","position":1,"name":"Home","item":"https:\/\/anoticiaonline.com.br\/site","nextItem":{"@type":"ListItem","@id":"https:\/\/anoticiaonline.com.br\/site\/categoria\/colunistas\/#listItem","name":"Colunistas"}},{"@type":"ListItem","@id":"https:\/\/anoticiaonline.com.br\/site\/categoria\/colunistas\/#listItem","position":2,"name":"Colunistas","item":"https:\/\/anoticiaonline.com.br\/site\/categoria\/colunistas\/","nextItem":{"@type":"ListItem","@id":"https:\/\/anoticiaonline.com.br\/site\/categoria\/colunistas\/sociarte\/#listItem","name":"Sociarte"},"previousItem":{"@type":"ListItem","@id":"https:\/\/anoticiaonline.com.br\/site#listItem","name":"Home"}},{"@type":"ListItem","@id":"https:\/\/anoticiaonline.com.br\/site\/categoria\/colunistas\/sociarte\/#listItem","position":3,"name":"Sociarte","item":"https:\/\/anoticiaonline.com.br\/site\/categoria\/colunistas\/sociarte\/","nextItem":{"@type":"ListItem","@id":"https:\/\/anoticiaonline.com.br\/site\/sociarte-edicao-549-de-14-julho-de-2017\/#listItem","name":"SOCIARTE: Edi\u00e7\u00e3o 549, de 14 julho de 2017"},"previousItem":{"@type":"ListItem","@id":"https:\/\/anoticiaonline.com.br\/site\/categoria\/colunistas\/#listItem","name":"Colunistas"}},{"@type":"ListItem","@id":"https:\/\/anoticiaonline.com.br\/site\/sociarte-edicao-549-de-14-julho-de-2017\/#listItem","position":4,"name":"SOCIARTE: Edi\u00e7\u00e3o 549, de 14 julho de 2017","previousItem":{"@type":"ListItem","@id":"https:\/\/anoticiaonline.com.br\/site\/categoria\/colunistas\/sociarte\/#listItem","name":"Sociarte"}}]},{"@type":"Organization","@id":"https:\/\/anoticiaonline.com.br\/site\/#organization","name":"A Not\u00edcia Online","description":"Noticias de Muria\u00e9 e regi\u00e3o","url":"https:\/\/anoticiaonline.com.br\/site\/","logo":{"@type":"ImageObject","url":"https:\/\/scontent-gig4-1.xx.fbcdn.net\/v\/t39.30808-1\/270437624_4564083193639691_6907940295614233970_n.jpg?stp=dst-jpg_s200x200_tt6&_nc_cat=111&ccb=1-7&_nc_sid=f907e8&_nc_ohc=SM1wRlP3lJwQ7kNvwEPuBYA&_nc_oc=AdnqrjDN_BNjSSHWO-GbkIWH6fkGMLw4bqvL_NH6e2wMveX7G-rP2dAqsDSq1mJMOaY&_nc_zt=24&_nc_ht=scontent-gig4-1.xx&_nc_gid=AoBFJeGrT1hVaew_6rchkQ&oh=00_AfX7QmFGhQhG2jAllVgXCiM1ZrWgvtp80-Bfppyexh1QEg&oe=689E923C","@id":"https:\/\/anoticiaonline.com.br\/site\/sociarte-edicao-549-de-14-julho-de-2017\/#organizationLogo"},"image":{"@id":"https:\/\/anoticiaonline.com.br\/site\/sociarte-edicao-549-de-14-julho-de-2017\/#organizationLogo"}},{"@type":"Person","@id":"https:\/\/anoticiaonline.com.br\/site\/author\/juliana\/#author","url":"https:\/\/anoticiaonline.com.br\/site\/author\/juliana\/","name":"Juliana Laviola","image":{"@type":"ImageObject","@id":"https:\/\/anoticiaonline.com.br\/site\/sociarte-edicao-549-de-14-julho-de-2017\/#authorImage","url":"https:\/\/secure.gravatar.com\/avatar\/b8d45f5c699b100dfaf0e543582f38f38bf94cb7ae3a5e9abf8d891a34773335?s=96&d=mm&r=g","width":96,"height":96,"caption":"Juliana Laviola"}},{"@type":"WebPage","@id":"https:\/\/anoticiaonline.com.br\/site\/sociarte-edicao-549-de-14-julho-de-2017\/#webpage","url":"https:\/\/anoticiaonline.com.br\/site\/sociarte-edicao-549-de-14-julho-de-2017\/","name":"SOCIARTE: Edi\u00e7\u00e3o 549, de 14 julho de 2017 - A Not\u00edcia Online","description":"Anivers\u00e1rio de Maria Luisa \u2018Marsha e o Urso\u2019 foi o tema escolhido para festejar os 2 anos da pequena Maria Luisa, filha de Pedro Fernandes e Stefannie Fernandes. A linda festa aconteceu no domingo (9), na resid\u00eancia do casal, e reuniu amigos e familiares da pequena aniversariante. Para Maria Luisa votos de muitas felicidades! Casamento","inLanguage":"pt-BR","isPartOf":{"@id":"https:\/\/anoticiaonline.com.br\/site\/#website"},"breadcrumb":{"@id":"https:\/\/anoticiaonline.com.br\/site\/sociarte-edicao-549-de-14-julho-de-2017\/#breadcrumblist"},"author":{"@id":"https:\/\/anoticiaonline.com.br\/site\/author\/juliana\/#author"},"creator":{"@id":"https:\/\/anoticiaonline.com.br\/site\/author\/juliana\/#author"},"datePublished":"2017-07-14T09:36:26-03:00","dateModified":"2017-07-17T12:07:16-03:00"},{"@type":"WebSite","@id":"https:\/\/anoticiaonline.com.br\/site\/#website","url":"https:\/\/anoticiaonline.com.br\/site\/","name":"A Not\u00edcia Online","description":"Noticias de Muria\u00e9 e regi\u00e3o","inLanguage":"pt-BR","publisher":{"@id":"https:\/\/anoticiaonline.com.br\/site\/#organization"}}]},"og:locale":"pt_BR","og:site_name":"A Not\u00edcia Online - Noticias de Muria\u00e9 e regi\u00e3o","og:type":"article","og:title":"SOCIARTE: Edi\u00e7\u00e3o 549, de 14 julho de 2017 - A Not\u00edcia Online","og:description":"Anivers\u00e1rio de Maria Luisa \u2018Marsha e o Urso\u2019 foi o tema escolhido para festejar os 2 anos da pequena Maria Luisa, filha de Pedro Fernandes e Stefannie Fernandes. A linda festa aconteceu no domingo (9), na resid\u00eancia do casal, e reuniu amigos e familiares da pequena aniversariante. Para Maria Luisa votos de muitas felicidades! Casamento","og:url":"https:\/\/anoticiaonline.com.br\/site\/sociarte-edicao-549-de-14-julho-de-2017\/","og:image":"https:\/\/scontent-gig4-1.xx.fbcdn.net\/v\/t39.30808-1\/270437624_4564083193639691_6907940295614233970_n.jpg?stp=dst-jpg_s200x200_tt6&#038;_nc_cat=111&#038;ccb=1-7&#038;_nc_sid=f907e8&#038;_nc_ohc=SM1wRlP3lJwQ7kNvwEPuBYA&#038;_nc_oc=AdnqrjDN_BNjSSHWO-GbkIWH6fkGMLw4bqvL_NH6e2wMveX7G-rP2dAqsDSq1mJMOaY&#038;_nc_zt=24&#038;_nc_ht=scontent-gig4-1.xx&#038;_nc_gid=AoBFJeGrT1hVaew_6rchkQ&#038;oh=00_AfX7QmFGhQhG2jAllVgXCiM1ZrWgvtp80-Bfppyexh1QEg&#038;oe=689E923C","og:image:secure_url":"https:\/\/scontent-gig4-1.xx.fbcdn.net\/v\/t39.30808-1\/270437624_4564083193639691_6907940295614233970_n.jpg?stp=dst-jpg_s200x200_tt6&#038;_nc_cat=111&#038;ccb=1-7&#038;_nc_sid=f907e8&#038;_nc_ohc=SM1wRlP3lJwQ7kNvwEPuBYA&#038;_nc_oc=AdnqrjDN_BNjSSHWO-GbkIWH6fkGMLw4bqvL_NH6e2wMveX7G-rP2dAqsDSq1mJMOaY&#038;_nc_zt=24&#038;_nc_ht=scontent-gig4-1.xx&#038;_nc_gid=AoBFJeGrT1hVaew_6rchkQ&#038;oh=00_AfX7QmFGhQhG2jAllVgXCiM1ZrWgvtp80-Bfppyexh1QEg&#038;oe=689E923C","article:published_time":"2017-07-14T12:36:26+00:00","article:modified_time":"2017-07-17T15:07:16+00:00","twitter:card":"summary_large_image","twitter:title":"SOCIARTE: Edi\u00e7\u00e3o 549, de 14 julho de 2017 - A Not\u00edcia Online","twitter:description":"Anivers\u00e1rio de Maria Luisa \u2018Marsha e o Urso\u2019 foi o tema escolhido para festejar os 2 anos da pequena Maria Luisa, filha de Pedro Fernandes e Stefannie Fernandes. A linda festa aconteceu no domingo (9), na resid\u00eancia do casal, e reuniu amigos e familiares da pequena aniversariante. Para Maria Luisa votos de muitas felicidades! Casamento","twitter:image":"https:\/\/scontent-gig4-1.xx.fbcdn.net\/v\/t39.30808-1\/270437624_4564083193639691_6907940295614233970_n.jpg?stp=dst-jpg_s200x200_tt6&_nc_cat=111&ccb=1-7&_nc_sid=f907e8&_nc_ohc=SM1wRlP3lJwQ7kNvwEPuBYA&_nc_oc=AdnqrjDN_BNjSSHWO-GbkIWH6fkGMLw4bqvL_NH6e2wMveX7G-rP2dAqsDSq1mJMOaY&_nc_zt=24&_nc_ht=scontent-gig4-1.xx&_nc_gid=AoBFJeGrT1hVaew_6rchkQ&oh=00_AfX7QmFGhQhG2jAllVgXCiM1ZrWgvtp80-Bfppyexh1QEg&oe=689E923C"},"aioseo_meta_data":{"post_id":"35740","title":null,"description":null,"keywords":null,"keyphrases":null,"primary_term":null,"canonical_url":null,"og_title":null,"og_description":null,"og_object_type":"default","og_image_type":"default","og_image_url":null,"og_image_width":null,"og_image_height":null,"og_image_custom_url":null,"og_image_custom_fields":null,"og_video":null,"og_custom_url":null,"og_article_section":null,"og_article_tags":null,"twitter_use_og":false,"twitter_card":"default","twitter_image_type":"default","twitter_image_url":null,"twitter_image_custom_url":null,"twitter_image_custom_fields":null,"twitter_title":null,"twitter_description":null,"schema":{"blockGraphs":[],"customGraphs":[],"default":{"data":{"Article":[],"Course":[],"Dataset":[],"FAQPage":[],"Movie":[],"Person":[],"Product":[],"ProductReview":[],"Car":[],"Recipe":[],"Service":[],"SoftwareApplication":[],"WebPage":[]},"graphName":"","isEnabled":true},"graphs":[]},"schema_type":"default","schema_type_options":null,"pillar_content":false,"robots_default":true,"robots_noindex":false,"robots_noarchive":false,"robots_nosnippet":false,"robots_nofollow":false,"robots_noimageindex":false,"robots_noodp":false,"robots_notranslate":false,"robots_max_snippet":null,"robots_max_videopreview":null,"robots_max_imagepreview":"large","priority":null,"frequency":null,"local_seo":null,"breadcrumb_settings":null,"limit_modified_date":false,"ai":null,"created":"2025-08-16 18:55:37","updated":"2025-08-16 18:55:37","focus_keyword":null,"additional_keywords":null,"truseo_locale":null,"seo_analyzer_scan_date":null},"aioseo_breadcrumb":"<div class=\"aioseo-breadcrumbs\"><span class=\"aioseo-breadcrumb\">\n\t\t\t<a href=\"https:\/\/anoticiaonline.com.br\/site\" title=\"Home\">Home<\/a>\n\t\t<\/span><span class=\"aioseo-breadcrumb-separator\">&raquo;<\/span><span class=\"aioseo-breadcrumb\">\n\t\t\t<a href=\"https:\/\/anoticiaonline.com.br\/site\/categoria\/colunistas\/\" title=\"Colunistas\">Colunistas<\/a>\n\t\t<\/span><span class=\"aioseo-breadcrumb-separator\">&raquo;<\/span><span class=\"aioseo-breadcrumb\">\n\t\t\t<a href=\"https:\/\/anoticiaonline.com.br\/site\/categoria\/colunistas\/sociarte\/\" title=\"Sociarte\">Sociarte<\/a>\n\t\t<\/span><span class=\"aioseo-breadcrumb-separator\">&raquo;<\/span><span class=\"aioseo-breadcrumb\">\n\t\t\tSOCIARTE: Edi\u00e7\u00e3o 549, de 14 julho de 2017\n\t\t<\/span><\/div>","aioseo_breadcrumb_json":[{"label":"Home","link":"https:\/\/anoticiaonline.com.br\/site"},{"label":"Colunistas","link":"https:\/\/anoticiaonline.com.br\/site\/categoria\/colunistas\/"},{"label":"Sociarte","link":"https:\/\/anoticiaonline.com.br\/site\/categoria\/colunistas\/sociarte\/"},{"label":"SOCIARTE: Edi\u00e7\u00e3o 549, de 14 julho de 2017","link":"https:\/\/anoticiaonline.com.br\/site\/sociarte-edicao-549-de-14-julho-de-2017\/"}],"views":157,"_links":{"self":[{"href":"https:\/\/anoticiaonline.com.br\/site\/wp-json\/wp\/v2\/posts\/35740","targetHints":{"allow":["GET"]}}],"collection":[{"href":"https:\/\/anoticiaonline.com.br\/site\/wp-json\/wp\/v2\/posts"}],"about":[{"href":"https:\/\/anoticiaonline.com.br\/site\/wp-json\/wp\/v2\/types\/post"}],"author":[{"embeddable":true,"href":"https:\/\/anoticiaonline.com.br\/site\/wp-json\/wp\/v2\/users\/2"}],"replies":[{"embeddable":true,"href":"https:\/\/anoticiaonline.com.br\/site\/wp-json\/wp\/v2\/comments?post=35740"}],"version-history":[{"count":0,"href":"https:\/\/anoticiaonline.com.br\/site\/wp-json\/wp\/v2\/posts\/35740\/revisions"}],"wp:attachment":[{"href":"https:\/\/anoticiaonline.com.br\/site\/wp-json\/wp\/v2\/media?parent=35740"}],"wp:term":[{"taxonomy":"category","embeddable":true,"href":"https:\/\/anoticiaonline.com.br\/site\/wp-json\/wp\/v2\/categories?post=35740"},{"taxonomy":"post_tag","embeddable":true,"href":"https:\/\/anoticiaonline.com.br\/site\/wp-json\/wp\/v2\/tags?post=35740"}],"curies":[{"name":"wp","href":"https:\/\/api.w.org\/{rel}","templated":true}]}}