{"id":35736,"date":"2017-07-07T11:33:16","date_gmt":"2017-07-07T14:33:16","guid":{"rendered":"http:\/\/anoticiaonline.com.br\/site\/?p=35736"},"modified":"2017-07-17T11:34:33","modified_gmt":"2017-07-17T14:34:33","slug":"respeito-e-bom-e-eu-gosto","status":"publish","type":"post","link":"https:\/\/anoticiaonline.com.br\/site\/respeito-e-bom-e-eu-gosto\/","title":{"rendered":"Respeito \u00e9 bom e eu gosto"},"content":{"rendered":"<p style=\"text-align: left;\">Depois de deflagrado o Golpe Militar de 1964, que culminou com a deposi\u00e7\u00e3o do ent\u00e3o presidente da Rep\u00fablica, Jo\u00e3o Goulart, o Brasil viveu mais de 20 anos de sua Hist\u00f3ria sob o comando de marechais e generais, que s\u00f3 permitiram ao povo ir \u00e0s ruas a partir do ano de 1984, quando a sociedade criou coragem e come\u00e7ou a exigir a redemocratiza\u00e7\u00e3o do pa\u00eds, com as memor\u00e1veis campanhas das \u201cDiretas j\u00e1\u201d.<\/p>\n<p style=\"text-align: left;\">A partir da\u00ed, embora tenha avan\u00e7ado na sua redemocratiza\u00e7\u00e3o, o pa\u00eds viveu dez anos de uma intensa turbul\u00eancia econ\u00f4mica, entre Planos e mais Planos, at\u00e9 chegar \u00e0 estabiliza\u00e7\u00e3o, com a cria\u00e7\u00e3o do Plano Real, em 1994, durante o governo de Fernando Henrique Cardoso.<\/p>\n<p style=\"text-align: left;\">Na pol\u00edtica contempor\u00e2nea, o marco hist\u00f3rico mais importante foi a consolida\u00e7\u00e3o da democracia, atrav\u00e9s da promulga\u00e7\u00e3o da atual Constitui\u00e7\u00e3o que ocorreu em 05 de outubro de 1988.\u00a0 Com a nova constitui\u00e7\u00e3o, foram resgatados os direitos e as garantias dos cidad\u00e3os, o respeito \u00e0s institui\u00e7\u00f5es, a liberdade de express\u00e3o e o direito \u00e0 informa\u00e7\u00e3o, que s\u00e3o os princ\u00edpios b\u00e1sicos do t\u00e3o propalado Estado Democr\u00e1tico de Direito.<\/p>\n<p style=\"text-align: left;\">Pois bem, passados mais de 29 anos desde a promulga\u00e7\u00e3o da Carta Magna, chamada por Ulisses Guimar\u00e3es, ent\u00e3o presidente da C\u00e2mara dos Deputados, de \u201cConstitui\u00e7\u00e3o Cidad\u00e3\u201d, temos hoje um pa\u00eds novamente sacudido por s\u00e9rias turbul\u00eancias causadas pelas crises pol\u00edtica e econ\u00f4mica; temos um governo desastrado, sem credibilidade, onde a corrup\u00e7\u00e3o campeia livre, leve e solta; temos um Congresso desmoralizado, que se deixou levar pelas falcatruas, resultado de uma degrada\u00e7\u00e3o sem precedentes dos princ\u00edpios da honestidade e da probidade. O famoso \u201cjeitinho brasileiro\u201d se tornou um gigante e colaborou decisivamente com a pavimenta\u00e7\u00e3o das principais vias de acesso usadas para o roubo do dinheiro p\u00fablico, patrim\u00f4nio dos brasileiros que trabalham e pagam os seus impostos.<\/p>\n<p style=\"text-align: left;\">A turbul\u00eancia pela qual passa a aeronave brasileira n\u00e3o se concentra s\u00f3 na economia. Ela est\u00e1 principalmente na pol\u00edtica, onde os comandantes representados pelo trio Lula, Dilma e Temer, conseguiram a proeza de fundir o seu principal motor. Hoje, essa aeronave desgovernada, chamada Brasil, com os seus mais 210 milh\u00f5es de passageiros, busca desesperadamente alguma pista para pousar com um m\u00ednimo de seguran\u00e7a.<\/p>\n<p style=\"text-align: left;\">O Brasil passou os \u00faltimos anos sob a \u00e9gide do conluio, do tr\u00e1fico de influ\u00eancia, do corporativismo entre os pol\u00edticos especialmente montado para blindar os desvios de conduta de seus apaniguados, sem contar a degrada\u00e7\u00e3o de suas institui\u00e7\u00f5es.<\/p>\n<p style=\"text-align: left;\">Com os tr\u00eas \u00faltimos presidentes e mais uma legi\u00e3o de ministros e colaboradores sendo investigados pela Policia Federal, resta-nos torcer para que apare\u00e7a algum salvador da p\u00e1tria, literalmente, pois o desprezo com o qual eles trataram o pa\u00eds, nos \u00faltimos anos, mostra que o tal jeitinho brasileiro j\u00e1 foi para o espa\u00e7o. O povo n\u00e3o aceita mais esse jogo de vale tudo, e, certamente, vai exigir, seja nas ruas ou atrav\u00e9s das redes sociais o respeito para com o pa\u00eds.<\/p>\n<p style=\"text-align: left;\">Se cada brasileiro se mobilizar e criar coragem para dizer aos pol\u00edticos que \u201crespeito \u00e9 bom e eu gosto\u201d, certamente poderemos ter dias melhores no futuro.<\/p>\n","protected":false},"excerpt":{"rendered":"<p>Depois de deflagrado o Golpe Militar de 1964, que culminou com a deposi\u00e7\u00e3o do ent\u00e3o presidente da Rep\u00fablica, Jo\u00e3o Goulart, o Brasil viveu mais de 20 anos de sua Hist\u00f3ria sob o comando de marechais e generais, que s\u00f3 permitiram ao povo ir \u00e0s ruas a partir do ano de 1984, quando a sociedade criou &#8230; <a title=\"Respeito \u00e9 bom e eu gosto\" class=\"read-more\" href=\"https:\/\/anoticiaonline.com.br\/site\/respeito-e-bom-e-eu-gosto\/\" aria-label=\"Read more about Respeito \u00e9 bom e eu gosto\">Ler mais<\/a><\/p>\n","protected":false},"author":2,"featured_media":0,"comment_status":"open","ping_status":"open","sticky":false,"template":"","format":"standard","meta":{"_acf_changed":false,"_monsterinsights_skip_tracking":false,"footnotes":""},"categories":[31,33],"tags":[],"class_list":["post-35736","post","type-post","status-publish","format-standard","hentry","category-colunistas","category-politica-e-atualidades-francisco-laviola"],"acf":[],"aioseo_notices":[],"aioseo_head":"\n\t\t<!-- All in One SEO 5.0.0.1 - aioseo.com -->\n\t<meta name=\"description\" content=\"Depois de deflagrado o Golpe Militar de 1964, que culminou com a deposi\u00e7\u00e3o do ent\u00e3o presidente da Rep\u00fablica, Jo\u00e3o Goulart, o Brasil viveu mais de 20 anos de sua Hist\u00f3ria sob o comando de marechais e generais, que s\u00f3 permitiram ao povo ir \u00e0s ruas a partir do ano de 1984, quando a sociedade criou\" \/>\n\t<meta name=\"robots\" content=\"max-image-preview:large\" \/>\n\t<meta name=\"author\" content=\"Juliana Laviola\"\/>\n\t<link rel=\"canonical\" href=\"https:\/\/anoticiaonline.com.br\/site\/respeito-e-bom-e-eu-gosto\/\" \/>\n\t<meta name=\"generator\" content=\"All in One SEO (AIOSEO) 5.0.0.1\" \/>\n\t\t<meta property=\"og:locale\" content=\"pt_BR\" \/>\n\t\t<meta property=\"og:site_name\" content=\"A Not\u00edcia Online - Noticias de Muria\u00e9 e regi\u00e3o\" \/>\n\t\t<meta property=\"og:type\" content=\"article\" \/>\n\t\t<meta property=\"og:title\" content=\"Respeito \u00e9 bom e eu gosto - A Not\u00edcia Online\" \/>\n\t\t<meta property=\"og:description\" content=\"Depois de deflagrado o Golpe Militar de 1964, que culminou com a deposi\u00e7\u00e3o do ent\u00e3o presidente da Rep\u00fablica, Jo\u00e3o Goulart, o Brasil viveu mais de 20 anos de sua Hist\u00f3ria sob o comando de marechais e generais, que s\u00f3 permitiram ao povo ir \u00e0s ruas a partir do ano de 1984, quando a sociedade criou\" \/>\n\t\t<meta property=\"og:url\" content=\"https:\/\/anoticiaonline.com.br\/site\/respeito-e-bom-e-eu-gosto\/\" \/>\n\t\t<meta property=\"og:image\" content=\"https:\/\/scontent-gig4-1.xx.fbcdn.net\/v\/t39.30808-1\/270437624_4564083193639691_6907940295614233970_n.jpg?stp=dst-jpg_s200x200_tt6&#038;_nc_cat=111&#038;ccb=1-7&#038;_nc_sid=f907e8&#038;_nc_ohc=SM1wRlP3lJwQ7kNvwEPuBYA&#038;_nc_oc=AdnqrjDN_BNjSSHWO-GbkIWH6fkGMLw4bqvL_NH6e2wMveX7G-rP2dAqsDSq1mJMOaY&#038;_nc_zt=24&#038;_nc_ht=scontent-gig4-1.xx&#038;_nc_gid=AoBFJeGrT1hVaew_6rchkQ&#038;oh=00_AfX7QmFGhQhG2jAllVgXCiM1ZrWgvtp80-Bfppyexh1QEg&#038;oe=689E923C\" \/>\n\t\t<meta property=\"og:image:secure_url\" content=\"https:\/\/scontent-gig4-1.xx.fbcdn.net\/v\/t39.30808-1\/270437624_4564083193639691_6907940295614233970_n.jpg?stp=dst-jpg_s200x200_tt6&#038;_nc_cat=111&#038;ccb=1-7&#038;_nc_sid=f907e8&#038;_nc_ohc=SM1wRlP3lJwQ7kNvwEPuBYA&#038;_nc_oc=AdnqrjDN_BNjSSHWO-GbkIWH6fkGMLw4bqvL_NH6e2wMveX7G-rP2dAqsDSq1mJMOaY&#038;_nc_zt=24&#038;_nc_ht=scontent-gig4-1.xx&#038;_nc_gid=AoBFJeGrT1hVaew_6rchkQ&#038;oh=00_AfX7QmFGhQhG2jAllVgXCiM1ZrWgvtp80-Bfppyexh1QEg&#038;oe=689E923C\" \/>\n\t\t<meta property=\"article:published_time\" content=\"2017-07-07T14:33:16+00:00\" \/>\n\t\t<meta property=\"article:modified_time\" content=\"2017-07-17T14:34:33+00:00\" \/>\n\t\t<meta name=\"twitter:card\" content=\"summary_large_image\" \/>\n\t\t<meta name=\"twitter:title\" content=\"Respeito \u00e9 bom e eu gosto - A Not\u00edcia Online\" \/>\n\t\t<meta name=\"twitter:description\" content=\"Depois de deflagrado o Golpe Militar de 1964, que culminou com a deposi\u00e7\u00e3o do ent\u00e3o presidente da Rep\u00fablica, Jo\u00e3o Goulart, o Brasil viveu mais de 20 anos de sua Hist\u00f3ria sob o comando de marechais e generais, que s\u00f3 permitiram ao povo ir \u00e0s ruas a partir do ano de 1984, quando a sociedade criou\" \/>\n\t\t<meta name=\"twitter:image\" content=\"https:\/\/scontent-gig4-1.xx.fbcdn.net\/v\/t39.30808-1\/270437624_4564083193639691_6907940295614233970_n.jpg?stp=dst-jpg_s200x200_tt6&amp;_nc_cat=111&amp;ccb=1-7&amp;_nc_sid=f907e8&amp;_nc_ohc=SM1wRlP3lJwQ7kNvwEPuBYA&amp;_nc_oc=AdnqrjDN_BNjSSHWO-GbkIWH6fkGMLw4bqvL_NH6e2wMveX7G-rP2dAqsDSq1mJMOaY&amp;_nc_zt=24&amp;_nc_ht=scontent-gig4-1.xx&amp;_nc_gid=AoBFJeGrT1hVaew_6rchkQ&amp;oh=00_AfX7QmFGhQhG2jAllVgXCiM1ZrWgvtp80-Bfppyexh1QEg&amp;oe=689E923C\" \/>\n\t\t<script type=\"application\/ld+json\" class=\"aioseo-schema\">\n\t\t\t{\"@context\":\"https:\\\/\\\/schema.org\",\"@graph\":[{\"@type\":\"BlogPosting\",\"@id\":\"https:\\\/\\\/anoticiaonline.com.br\\\/site\\\/respeito-e-bom-e-eu-gosto\\\/#blogposting\",\"name\":\"Respeito \\u00e9 bom e eu gosto - A Not\\u00edcia Online\",\"headline\":\"Respeito \\u00e9 bom e eu gosto\",\"author\":{\"@id\":\"https:\\\/\\\/anoticiaonline.com.br\\\/site\\\/author\\\/juliana\\\/#author\"},\"publisher\":{\"@id\":\"https:\\\/\\\/anoticiaonline.com.br\\\/site\\\/#organization\"},\"image\":{\"@type\":\"ImageObject\",\"url\":\"https:\\\/\\\/scontent-gig4-1.xx.fbcdn.net\\\/v\\\/t39.30808-1\\\/270437624_4564083193639691_6907940295614233970_n.jpg?stp=dst-jpg_s200x200_tt6&_nc_cat=111&ccb=1-7&_nc_sid=f907e8&_nc_ohc=SM1wRlP3lJwQ7kNvwEPuBYA&_nc_oc=AdnqrjDN_BNjSSHWO-GbkIWH6fkGMLw4bqvL_NH6e2wMveX7G-rP2dAqsDSq1mJMOaY&_nc_zt=24&_nc_ht=scontent-gig4-1.xx&_nc_gid=AoBFJeGrT1hVaew_6rchkQ&oh=00_AfX7QmFGhQhG2jAllVgXCiM1ZrWgvtp80-Bfppyexh1QEg&oe=689E923C\",\"@id\":\"https:\\\/\\\/anoticiaonline.com.br\\\/site\\\/#articleImage\"},\"datePublished\":\"2017-07-07T11:33:16-03:00\",\"dateModified\":\"2017-07-17T11:34:33-03:00\",\"inLanguage\":\"pt-BR\",\"mainEntityOfPage\":{\"@id\":\"https:\\\/\\\/anoticiaonline.com.br\\\/site\\\/respeito-e-bom-e-eu-gosto\\\/#webpage\"},\"isPartOf\":{\"@id\":\"https:\\\/\\\/anoticiaonline.com.br\\\/site\\\/respeito-e-bom-e-eu-gosto\\\/#webpage\"},\"articleSection\":\"Colunistas, Pol\\u00edtica e Atualidades - Francisco Laviola\"},{\"@type\":\"BreadcrumbList\",\"@id\":\"https:\\\/\\\/anoticiaonline.com.br\\\/site\\\/respeito-e-bom-e-eu-gosto\\\/#breadcrumblist\",\"itemListElement\":[{\"@type\":\"ListItem\",\"@id\":\"https:\\\/\\\/anoticiaonline.com.br\\\/site#listItem\",\"position\":1,\"name\":\"Home\",\"item\":\"https:\\\/\\\/anoticiaonline.com.br\\\/site\",\"nextItem\":{\"@type\":\"ListItem\",\"@id\":\"https:\\\/\\\/anoticiaonline.com.br\\\/site\\\/categoria\\\/colunistas\\\/#listItem\",\"name\":\"Colunistas\"}},{\"@type\":\"ListItem\",\"@id\":\"https:\\\/\\\/anoticiaonline.com.br\\\/site\\\/categoria\\\/colunistas\\\/#listItem\",\"position\":2,\"name\":\"Colunistas\",\"item\":\"https:\\\/\\\/anoticiaonline.com.br\\\/site\\\/categoria\\\/colunistas\\\/\",\"nextItem\":{\"@type\":\"ListItem\",\"@id\":\"https:\\\/\\\/anoticiaonline.com.br\\\/site\\\/categoria\\\/colunistas\\\/politica-e-atualidades-francisco-laviola\\\/#listItem\",\"name\":\"Pol\\u00edtica e Atualidades - Francisco Laviola\"},\"previousItem\":{\"@type\":\"ListItem\",\"@id\":\"https:\\\/\\\/anoticiaonline.com.br\\\/site#listItem\",\"name\":\"Home\"}},{\"@type\":\"ListItem\",\"@id\":\"https:\\\/\\\/anoticiaonline.com.br\\\/site\\\/categoria\\\/colunistas\\\/politica-e-atualidades-francisco-laviola\\\/#listItem\",\"position\":3,\"name\":\"Pol\\u00edtica e Atualidades - Francisco Laviola\",\"item\":\"https:\\\/\\\/anoticiaonline.com.br\\\/site\\\/categoria\\\/colunistas\\\/politica-e-atualidades-francisco-laviola\\\/\",\"nextItem\":{\"@type\":\"ListItem\",\"@id\":\"https:\\\/\\\/anoticiaonline.com.br\\\/site\\\/respeito-e-bom-e-eu-gosto\\\/#listItem\",\"name\":\"Respeito \\u00e9 bom e eu gosto\"},\"previousItem\":{\"@type\":\"ListItem\",\"@id\":\"https:\\\/\\\/anoticiaonline.com.br\\\/site\\\/categoria\\\/colunistas\\\/#listItem\",\"name\":\"Colunistas\"}},{\"@type\":\"ListItem\",\"@id\":\"https:\\\/\\\/anoticiaonline.com.br\\\/site\\\/respeito-e-bom-e-eu-gosto\\\/#listItem\",\"position\":4,\"name\":\"Respeito \\u00e9 bom e eu gosto\",\"previousItem\":{\"@type\":\"ListItem\",\"@id\":\"https:\\\/\\\/anoticiaonline.com.br\\\/site\\\/categoria\\\/colunistas\\\/politica-e-atualidades-francisco-laviola\\\/#listItem\",\"name\":\"Pol\\u00edtica e Atualidades - Francisco Laviola\"}}]},{\"@type\":\"Organization\",\"@id\":\"https:\\\/\\\/anoticiaonline.com.br\\\/site\\\/#organization\",\"name\":\"A Not\\u00edcia Online\",\"description\":\"Noticias de Muria\\u00e9 e regi\\u00e3o\",\"url\":\"https:\\\/\\\/anoticiaonline.com.br\\\/site\\\/\",\"logo\":{\"@type\":\"ImageObject\",\"url\":\"https:\\\/\\\/scontent-gig4-1.xx.fbcdn.net\\\/v\\\/t39.30808-1\\\/270437624_4564083193639691_6907940295614233970_n.jpg?stp=dst-jpg_s200x200_tt6&_nc_cat=111&ccb=1-7&_nc_sid=f907e8&_nc_ohc=SM1wRlP3lJwQ7kNvwEPuBYA&_nc_oc=AdnqrjDN_BNjSSHWO-GbkIWH6fkGMLw4bqvL_NH6e2wMveX7G-rP2dAqsDSq1mJMOaY&_nc_zt=24&_nc_ht=scontent-gig4-1.xx&_nc_gid=AoBFJeGrT1hVaew_6rchkQ&oh=00_AfX7QmFGhQhG2jAllVgXCiM1ZrWgvtp80-Bfppyexh1QEg&oe=689E923C\",\"@id\":\"https:\\\/\\\/anoticiaonline.com.br\\\/site\\\/respeito-e-bom-e-eu-gosto\\\/#organizationLogo\"},\"image\":{\"@id\":\"https:\\\/\\\/anoticiaonline.com.br\\\/site\\\/respeito-e-bom-e-eu-gosto\\\/#organizationLogo\"}},{\"@type\":\"Person\",\"@id\":\"https:\\\/\\\/anoticiaonline.com.br\\\/site\\\/author\\\/juliana\\\/#author\",\"url\":\"https:\\\/\\\/anoticiaonline.com.br\\\/site\\\/author\\\/juliana\\\/\",\"name\":\"Juliana Laviola\",\"image\":{\"@type\":\"ImageObject\",\"@id\":\"https:\\\/\\\/anoticiaonline.com.br\\\/site\\\/respeito-e-bom-e-eu-gosto\\\/#authorImage\",\"url\":\"https:\\\/\\\/secure.gravatar.com\\\/avatar\\\/b8d45f5c699b100dfaf0e543582f38f38bf94cb7ae3a5e9abf8d891a34773335?s=96&d=mm&r=g\",\"width\":96,\"height\":96,\"caption\":\"Juliana Laviola\"}},{\"@type\":\"WebPage\",\"@id\":\"https:\\\/\\\/anoticiaonline.com.br\\\/site\\\/respeito-e-bom-e-eu-gosto\\\/#webpage\",\"url\":\"https:\\\/\\\/anoticiaonline.com.br\\\/site\\\/respeito-e-bom-e-eu-gosto\\\/\",\"name\":\"Respeito \\u00e9 bom e eu gosto - A Not\\u00edcia Online\",\"description\":\"Depois de deflagrado o Golpe Militar de 1964, que culminou com a deposi\\u00e7\\u00e3o do ent\\u00e3o presidente da Rep\\u00fablica, Jo\\u00e3o Goulart, o Brasil viveu mais de 20 anos de sua Hist\\u00f3ria sob o comando de marechais e generais, que s\\u00f3 permitiram ao povo ir \\u00e0s ruas a partir do ano de 1984, quando a sociedade criou\",\"inLanguage\":\"pt-BR\",\"isPartOf\":{\"@id\":\"https:\\\/\\\/anoticiaonline.com.br\\\/site\\\/#website\"},\"breadcrumb\":{\"@id\":\"https:\\\/\\\/anoticiaonline.com.br\\\/site\\\/respeito-e-bom-e-eu-gosto\\\/#breadcrumblist\"},\"author\":{\"@id\":\"https:\\\/\\\/anoticiaonline.com.br\\\/site\\\/author\\\/juliana\\\/#author\"},\"creator\":{\"@id\":\"https:\\\/\\\/anoticiaonline.com.br\\\/site\\\/author\\\/juliana\\\/#author\"},\"datePublished\":\"2017-07-07T11:33:16-03:00\",\"dateModified\":\"2017-07-17T11:34:33-03:00\"},{\"@type\":\"WebSite\",\"@id\":\"https:\\\/\\\/anoticiaonline.com.br\\\/site\\\/#website\",\"url\":\"https:\\\/\\\/anoticiaonline.com.br\\\/site\\\/\",\"name\":\"A Not\\u00edcia Online\",\"description\":\"Noticias de Muria\\u00e9 e regi\\u00e3o\",\"inLanguage\":\"pt-BR\",\"publisher\":{\"@id\":\"https:\\\/\\\/anoticiaonline.com.br\\\/site\\\/#organization\"}}]}\n\t\t<\/script>\n\t\t<!-- All in One SEO -->\n\n","aioseo_head_json":{"title":"Respeito \u00e9 bom e eu gosto - A Not\u00edcia Online","description":"Depois de deflagrado o Golpe Militar de 1964, que culminou com a deposi\u00e7\u00e3o do ent\u00e3o presidente da Rep\u00fablica, Jo\u00e3o Goulart, o Brasil viveu mais de 20 anos de sua Hist\u00f3ria sob o comando de marechais e generais, que s\u00f3 permitiram ao povo ir \u00e0s ruas a partir do ano de 1984, quando a sociedade criou","canonical_url":"https:\/\/anoticiaonline.com.br\/site\/respeito-e-bom-e-eu-gosto\/","robots":"max-image-preview:large","keywords":"","webmasterTools":{"miscellaneous":""},"schema":{"@context":"https:\/\/schema.org","@graph":[{"@type":"BlogPosting","@id":"https:\/\/anoticiaonline.com.br\/site\/respeito-e-bom-e-eu-gosto\/#blogposting","name":"Respeito \u00e9 bom e eu gosto - A Not\u00edcia Online","headline":"Respeito \u00e9 bom e eu gosto","author":{"@id":"https:\/\/anoticiaonline.com.br\/site\/author\/juliana\/#author"},"publisher":{"@id":"https:\/\/anoticiaonline.com.br\/site\/#organization"},"image":{"@type":"ImageObject","url":"https:\/\/scontent-gig4-1.xx.fbcdn.net\/v\/t39.30808-1\/270437624_4564083193639691_6907940295614233970_n.jpg?stp=dst-jpg_s200x200_tt6&_nc_cat=111&ccb=1-7&_nc_sid=f907e8&_nc_ohc=SM1wRlP3lJwQ7kNvwEPuBYA&_nc_oc=AdnqrjDN_BNjSSHWO-GbkIWH6fkGMLw4bqvL_NH6e2wMveX7G-rP2dAqsDSq1mJMOaY&_nc_zt=24&_nc_ht=scontent-gig4-1.xx&_nc_gid=AoBFJeGrT1hVaew_6rchkQ&oh=00_AfX7QmFGhQhG2jAllVgXCiM1ZrWgvtp80-Bfppyexh1QEg&oe=689E923C","@id":"https:\/\/anoticiaonline.com.br\/site\/#articleImage"},"datePublished":"2017-07-07T11:33:16-03:00","dateModified":"2017-07-17T11:34:33-03:00","inLanguage":"pt-BR","mainEntityOfPage":{"@id":"https:\/\/anoticiaonline.com.br\/site\/respeito-e-bom-e-eu-gosto\/#webpage"},"isPartOf":{"@id":"https:\/\/anoticiaonline.com.br\/site\/respeito-e-bom-e-eu-gosto\/#webpage"},"articleSection":"Colunistas, Pol\u00edtica e Atualidades - Francisco Laviola"},{"@type":"BreadcrumbList","@id":"https:\/\/anoticiaonline.com.br\/site\/respeito-e-bom-e-eu-gosto\/#breadcrumblist","itemListElement":[{"@type":"ListItem","@id":"https:\/\/anoticiaonline.com.br\/site#listItem","position":1,"name":"Home","item":"https:\/\/anoticiaonline.com.br\/site","nextItem":{"@type":"ListItem","@id":"https:\/\/anoticiaonline.com.br\/site\/categoria\/colunistas\/#listItem","name":"Colunistas"}},{"@type":"ListItem","@id":"https:\/\/anoticiaonline.com.br\/site\/categoria\/colunistas\/#listItem","position":2,"name":"Colunistas","item":"https:\/\/anoticiaonline.com.br\/site\/categoria\/colunistas\/","nextItem":{"@type":"ListItem","@id":"https:\/\/anoticiaonline.com.br\/site\/categoria\/colunistas\/politica-e-atualidades-francisco-laviola\/#listItem","name":"Pol\u00edtica e Atualidades - Francisco Laviola"},"previousItem":{"@type":"ListItem","@id":"https:\/\/anoticiaonline.com.br\/site#listItem","name":"Home"}},{"@type":"ListItem","@id":"https:\/\/anoticiaonline.com.br\/site\/categoria\/colunistas\/politica-e-atualidades-francisco-laviola\/#listItem","position":3,"name":"Pol\u00edtica e Atualidades - Francisco Laviola","item":"https:\/\/anoticiaonline.com.br\/site\/categoria\/colunistas\/politica-e-atualidades-francisco-laviola\/","nextItem":{"@type":"ListItem","@id":"https:\/\/anoticiaonline.com.br\/site\/respeito-e-bom-e-eu-gosto\/#listItem","name":"Respeito \u00e9 bom e eu gosto"},"previousItem":{"@type":"ListItem","@id":"https:\/\/anoticiaonline.com.br\/site\/categoria\/colunistas\/#listItem","name":"Colunistas"}},{"@type":"ListItem","@id":"https:\/\/anoticiaonline.com.br\/site\/respeito-e-bom-e-eu-gosto\/#listItem","position":4,"name":"Respeito \u00e9 bom e eu gosto","previousItem":{"@type":"ListItem","@id":"https:\/\/anoticiaonline.com.br\/site\/categoria\/colunistas\/politica-e-atualidades-francisco-laviola\/#listItem","name":"Pol\u00edtica e Atualidades - Francisco Laviola"}}]},{"@type":"Organization","@id":"https:\/\/anoticiaonline.com.br\/site\/#organization","name":"A Not\u00edcia Online","description":"Noticias de Muria\u00e9 e regi\u00e3o","url":"https:\/\/anoticiaonline.com.br\/site\/","logo":{"@type":"ImageObject","url":"https:\/\/scontent-gig4-1.xx.fbcdn.net\/v\/t39.30808-1\/270437624_4564083193639691_6907940295614233970_n.jpg?stp=dst-jpg_s200x200_tt6&_nc_cat=111&ccb=1-7&_nc_sid=f907e8&_nc_ohc=SM1wRlP3lJwQ7kNvwEPuBYA&_nc_oc=AdnqrjDN_BNjSSHWO-GbkIWH6fkGMLw4bqvL_NH6e2wMveX7G-rP2dAqsDSq1mJMOaY&_nc_zt=24&_nc_ht=scontent-gig4-1.xx&_nc_gid=AoBFJeGrT1hVaew_6rchkQ&oh=00_AfX7QmFGhQhG2jAllVgXCiM1ZrWgvtp80-Bfppyexh1QEg&oe=689E923C","@id":"https:\/\/anoticiaonline.com.br\/site\/respeito-e-bom-e-eu-gosto\/#organizationLogo"},"image":{"@id":"https:\/\/anoticiaonline.com.br\/site\/respeito-e-bom-e-eu-gosto\/#organizationLogo"}},{"@type":"Person","@id":"https:\/\/anoticiaonline.com.br\/site\/author\/juliana\/#author","url":"https:\/\/anoticiaonline.com.br\/site\/author\/juliana\/","name":"Juliana Laviola","image":{"@type":"ImageObject","@id":"https:\/\/anoticiaonline.com.br\/site\/respeito-e-bom-e-eu-gosto\/#authorImage","url":"https:\/\/secure.gravatar.com\/avatar\/b8d45f5c699b100dfaf0e543582f38f38bf94cb7ae3a5e9abf8d891a34773335?s=96&d=mm&r=g","width":96,"height":96,"caption":"Juliana Laviola"}},{"@type":"WebPage","@id":"https:\/\/anoticiaonline.com.br\/site\/respeito-e-bom-e-eu-gosto\/#webpage","url":"https:\/\/anoticiaonline.com.br\/site\/respeito-e-bom-e-eu-gosto\/","name":"Respeito \u00e9 bom e eu gosto - A Not\u00edcia Online","description":"Depois de deflagrado o Golpe Militar de 1964, que culminou com a deposi\u00e7\u00e3o do ent\u00e3o presidente da Rep\u00fablica, Jo\u00e3o Goulart, o Brasil viveu mais de 20 anos de sua Hist\u00f3ria sob o comando de marechais e generais, que s\u00f3 permitiram ao povo ir \u00e0s ruas a partir do ano de 1984, quando a sociedade criou","inLanguage":"pt-BR","isPartOf":{"@id":"https:\/\/anoticiaonline.com.br\/site\/#website"},"breadcrumb":{"@id":"https:\/\/anoticiaonline.com.br\/site\/respeito-e-bom-e-eu-gosto\/#breadcrumblist"},"author":{"@id":"https:\/\/anoticiaonline.com.br\/site\/author\/juliana\/#author"},"creator":{"@id":"https:\/\/anoticiaonline.com.br\/site\/author\/juliana\/#author"},"datePublished":"2017-07-07T11:33:16-03:00","dateModified":"2017-07-17T11:34:33-03:00"},{"@type":"WebSite","@id":"https:\/\/anoticiaonline.com.br\/site\/#website","url":"https:\/\/anoticiaonline.com.br\/site\/","name":"A Not\u00edcia Online","description":"Noticias de Muria\u00e9 e regi\u00e3o","inLanguage":"pt-BR","publisher":{"@id":"https:\/\/anoticiaonline.com.br\/site\/#organization"}}]},"og:locale":"pt_BR","og:site_name":"A Not\u00edcia Online - Noticias de Muria\u00e9 e regi\u00e3o","og:type":"article","og:title":"Respeito \u00e9 bom e eu gosto - A Not\u00edcia Online","og:description":"Depois de deflagrado o Golpe Militar de 1964, que culminou com a deposi\u00e7\u00e3o do ent\u00e3o presidente da Rep\u00fablica, Jo\u00e3o Goulart, o Brasil viveu mais de 20 anos de sua Hist\u00f3ria sob o comando de marechais e generais, que s\u00f3 permitiram ao povo ir \u00e0s ruas a partir do ano de 1984, quando a sociedade criou","og:url":"https:\/\/anoticiaonline.com.br\/site\/respeito-e-bom-e-eu-gosto\/","og:image":"https:\/\/scontent-gig4-1.xx.fbcdn.net\/v\/t39.30808-1\/270437624_4564083193639691_6907940295614233970_n.jpg?stp=dst-jpg_s200x200_tt6&#038;_nc_cat=111&#038;ccb=1-7&#038;_nc_sid=f907e8&#038;_nc_ohc=SM1wRlP3lJwQ7kNvwEPuBYA&#038;_nc_oc=AdnqrjDN_BNjSSHWO-GbkIWH6fkGMLw4bqvL_NH6e2wMveX7G-rP2dAqsDSq1mJMOaY&#038;_nc_zt=24&#038;_nc_ht=scontent-gig4-1.xx&#038;_nc_gid=AoBFJeGrT1hVaew_6rchkQ&#038;oh=00_AfX7QmFGhQhG2jAllVgXCiM1ZrWgvtp80-Bfppyexh1QEg&#038;oe=689E923C","og:image:secure_url":"https:\/\/scontent-gig4-1.xx.fbcdn.net\/v\/t39.30808-1\/270437624_4564083193639691_6907940295614233970_n.jpg?stp=dst-jpg_s200x200_tt6&#038;_nc_cat=111&#038;ccb=1-7&#038;_nc_sid=f907e8&#038;_nc_ohc=SM1wRlP3lJwQ7kNvwEPuBYA&#038;_nc_oc=AdnqrjDN_BNjSSHWO-GbkIWH6fkGMLw4bqvL_NH6e2wMveX7G-rP2dAqsDSq1mJMOaY&#038;_nc_zt=24&#038;_nc_ht=scontent-gig4-1.xx&#038;_nc_gid=AoBFJeGrT1hVaew_6rchkQ&#038;oh=00_AfX7QmFGhQhG2jAllVgXCiM1ZrWgvtp80-Bfppyexh1QEg&#038;oe=689E923C","article:published_time":"2017-07-07T14:33:16+00:00","article:modified_time":"2017-07-17T14:34:33+00:00","twitter:card":"summary_large_image","twitter:title":"Respeito \u00e9 bom e eu gosto - A Not\u00edcia Online","twitter:description":"Depois de deflagrado o Golpe Militar de 1964, que culminou com a deposi\u00e7\u00e3o do ent\u00e3o presidente da Rep\u00fablica, Jo\u00e3o Goulart, o Brasil viveu mais de 20 anos de sua Hist\u00f3ria sob o comando de marechais e generais, que s\u00f3 permitiram ao povo ir \u00e0s ruas a partir do ano de 1984, quando a sociedade criou","twitter:image":"https:\/\/scontent-gig4-1.xx.fbcdn.net\/v\/t39.30808-1\/270437624_4564083193639691_6907940295614233970_n.jpg?stp=dst-jpg_s200x200_tt6&_nc_cat=111&ccb=1-7&_nc_sid=f907e8&_nc_ohc=SM1wRlP3lJwQ7kNvwEPuBYA&_nc_oc=AdnqrjDN_BNjSSHWO-GbkIWH6fkGMLw4bqvL_NH6e2wMveX7G-rP2dAqsDSq1mJMOaY&_nc_zt=24&_nc_ht=scontent-gig4-1.xx&_nc_gid=AoBFJeGrT1hVaew_6rchkQ&oh=00_AfX7QmFGhQhG2jAllVgXCiM1ZrWgvtp80-Bfppyexh1QEg&oe=689E923C"},"aioseo_meta_data":{"post_id":"35736","title":null,"description":null,"keywords":null,"keyphrases":null,"primary_term":null,"canonical_url":null,"og_title":null,"og_description":null,"og_object_type":"default","og_image_type":"default","og_image_url":null,"og_image_width":null,"og_image_height":null,"og_image_custom_url":null,"og_image_custom_fields":null,"og_video":null,"og_custom_url":null,"og_article_section":null,"og_article_tags":null,"twitter_use_og":false,"twitter_card":"default","twitter_image_type":"default","twitter_image_url":null,"twitter_image_custom_url":null,"twitter_image_custom_fields":null,"twitter_title":null,"twitter_description":null,"schema":{"blockGraphs":[],"customGraphs":[],"default":{"data":{"Article":[],"Course":[],"Dataset":[],"FAQPage":[],"Movie":[],"Person":[],"Product":[],"ProductReview":[],"Car":[],"Recipe":[],"Service":[],"SoftwareApplication":[],"WebPage":[]},"graphName":"","isEnabled":true},"graphs":[]},"schema_type":"default","schema_type_options":null,"pillar_content":false,"robots_default":true,"robots_noindex":false,"robots_noarchive":false,"robots_nosnippet":false,"robots_nofollow":false,"robots_noimageindex":false,"robots_noodp":false,"robots_notranslate":false,"robots_max_snippet":null,"robots_max_videopreview":null,"robots_max_imagepreview":"large","priority":null,"frequency":null,"local_seo":null,"breadcrumb_settings":null,"limit_modified_date":false,"ai":null,"created":"2025-08-16 18:55:37","updated":"2025-08-16 18:55:37","focus_keyword":null,"additional_keywords":null,"truseo_locale":null,"seo_analyzer_scan_date":null},"aioseo_breadcrumb":"<div class=\"aioseo-breadcrumbs\"><span class=\"aioseo-breadcrumb\">\n\t\t\t<a href=\"https:\/\/anoticiaonline.com.br\/site\" title=\"Home\">Home<\/a>\n\t\t<\/span><span class=\"aioseo-breadcrumb-separator\">&raquo;<\/span><span class=\"aioseo-breadcrumb\">\n\t\t\t<a href=\"https:\/\/anoticiaonline.com.br\/site\/categoria\/colunistas\/\" title=\"Colunistas\">Colunistas<\/a>\n\t\t<\/span><span class=\"aioseo-breadcrumb-separator\">&raquo;<\/span><span class=\"aioseo-breadcrumb\">\n\t\t\t<a href=\"https:\/\/anoticiaonline.com.br\/site\/categoria\/colunistas\/politica-e-atualidades-francisco-laviola\/\" title=\"Pol\u00edtica e Atualidades - Francisco Laviola\">Pol\u00edtica e Atualidades - Francisco Laviola<\/a>\n\t\t<\/span><span class=\"aioseo-breadcrumb-separator\">&raquo;<\/span><span class=\"aioseo-breadcrumb\">\n\t\t\tRespeito \u00e9 bom e eu gosto\n\t\t<\/span><\/div>","aioseo_breadcrumb_json":[{"label":"Home","link":"https:\/\/anoticiaonline.com.br\/site"},{"label":"Colunistas","link":"https:\/\/anoticiaonline.com.br\/site\/categoria\/colunistas\/"},{"label":"Pol\u00edtica e Atualidades - Francisco Laviola","link":"https:\/\/anoticiaonline.com.br\/site\/categoria\/colunistas\/politica-e-atualidades-francisco-laviola\/"},{"label":"Respeito \u00e9 bom e eu gosto","link":"https:\/\/anoticiaonline.com.br\/site\/respeito-e-bom-e-eu-gosto\/"}],"views":133,"_links":{"self":[{"href":"https:\/\/anoticiaonline.com.br\/site\/wp-json\/wp\/v2\/posts\/35736","targetHints":{"allow":["GET"]}}],"collection":[{"href":"https:\/\/anoticiaonline.com.br\/site\/wp-json\/wp\/v2\/posts"}],"about":[{"href":"https:\/\/anoticiaonline.com.br\/site\/wp-json\/wp\/v2\/types\/post"}],"author":[{"embeddable":true,"href":"https:\/\/anoticiaonline.com.br\/site\/wp-json\/wp\/v2\/users\/2"}],"replies":[{"embeddable":true,"href":"https:\/\/anoticiaonline.com.br\/site\/wp-json\/wp\/v2\/comments?post=35736"}],"version-history":[{"count":0,"href":"https:\/\/anoticiaonline.com.br\/site\/wp-json\/wp\/v2\/posts\/35736\/revisions"}],"wp:attachment":[{"href":"https:\/\/anoticiaonline.com.br\/site\/wp-json\/wp\/v2\/media?parent=35736"}],"wp:term":[{"taxonomy":"category","embeddable":true,"href":"https:\/\/anoticiaonline.com.br\/site\/wp-json\/wp\/v2\/categories?post=35736"},{"taxonomy":"post_tag","embeddable":true,"href":"https:\/\/anoticiaonline.com.br\/site\/wp-json\/wp\/v2\/tags?post=35736"}],"curies":[{"name":"wp","href":"https:\/\/api.w.org\/{rel}","templated":true}]}}