{"id":35698,"date":"2017-07-14T10:22:47","date_gmt":"2017-07-14T13:22:47","guid":{"rendered":"http:\/\/anoticiaonline.com.br\/site\/?p=35698"},"modified":"2017-07-14T10:22:47","modified_gmt":"2017-07-14T13:22:47","slug":"jovem-e-investigada-por-adentrar-com-drogas-em-penitenciaria","status":"publish","type":"post","link":"https:\/\/anoticiaonline.com.br\/site\/jovem-e-investigada-por-adentrar-com-drogas-em-penitenciaria\/","title":{"rendered":"Jovem \u00e9 investigada por adentrar com drogas em penitenci\u00e1ria"},"content":{"rendered":"<p><a href=\"https:\/\/anoticiaonline.com.br\/site\/wp-content\/uploads\/2017\/07\/Jovem-\u00e9-investigada-por-adentrar-com-drogas-em-penitenci\u00e1ria.jpeg\"><img fetchpriority=\"high\" decoding=\"async\" class=\"size-medium wp-image-35699 alignleft\" src=\"https:\/\/anoticiaonline.com.br\/site\/wp-content\/uploads\/2017\/07\/Jovem-\u00e9-investigada-por-adentrar-com-drogas-em-penitenci\u00e1ria-300x169.jpeg\" alt=\"\" width=\"300\" height=\"169\" srcset=\"https:\/\/anoticiaonline.com.br\/site\/wp-content\/uploads\/2017\/07\/Jovem-\u00e9-investigada-por-adentrar-com-drogas-em-penitenci\u00e1ria-300x169.jpeg 300w, https:\/\/anoticiaonline.com.br\/site\/wp-content\/uploads\/2017\/07\/Jovem-\u00e9-investigada-por-adentrar-com-drogas-em-penitenci\u00e1ria.jpeg 640w\" sizes=\"(max-width: 300px) 100vw, 300px\" \/><\/a>A Pol\u00edcia Civil de Muria\u00e9, atrav\u00e9s da 31\u00aa Delegacia de Pol\u00edcia e o setor de intelig\u00eancia da Penitenci\u00e1ria Dr. Manoel Martins Lisboa Jr, realizaram um trabalho em conjunto, na manh\u00e3 de quarta-feira (12). Durante a opera\u00e7\u00e3o, os agentes e investigadores cumpriram o mandado de pris\u00e3o preventiva contra T. F. A., de 22 anos. A jovem foi presa, acusada de tr\u00e1fico de drogas.<\/p>\n<p>De acordo com a Pol\u00edcia Civil, ela entrava na Penitenci\u00e1ria Doutor Manoel Martins Lisboa J\u00fanior com drogas e entregava as subst\u00e2ncias para seu companheiro, que est\u00e1 preso acusado de roubo e homic\u00eddio. A jovem foi localizada em uma casa na Rua Tombos, no Bairro Santa Terezinha. Na resid\u00eancia ainda foram localizados uma por\u00e7\u00e3o de maconha e quatro r\u00e1dios comunicadores.<\/p>\n<p>Segundo o delegado respons\u00e1vel pelo caso, Junio Cesar Pereira de Oliveira, a investigada teria, em duas oportunidades, entrado com drogas nas unidades prisionais de Muria\u00e9, visando repass\u00e1-las para seu companheiro. Nas duas ocasi\u00f5es, os agentes conseguiram recolher a droga com o preso. Por\u00e9m, a investigada n\u00e3o foi localizada. No interior da penitenci\u00e1ria a droga tem valor elevado, tendo em vista a dificuldade para driblar a seguran\u00e7a.<\/p>\n<p>Na quarta-feira (12), ela foi encaminhada ao pres\u00eddio de Eugen\u00f3polis.<\/p>\n","protected":false},"excerpt":{"rendered":"<p>A Pol\u00edcia Civil de Muria\u00e9, atrav\u00e9s da 31\u00aa Delegacia de Pol\u00edcia e o setor de intelig\u00eancia da Penitenci\u00e1ria Dr. Manoel Martins Lisboa Jr, realizaram um trabalho em conjunto, na manh\u00e3 de quarta-feira (12). Durante a opera\u00e7\u00e3o, os agentes e investigadores cumpriram o mandado de pris\u00e3o preventiva contra T. F. A., de 22 anos. A jovem &#8230; <a title=\"Jovem \u00e9 investigada por adentrar com drogas em penitenci\u00e1ria\" class=\"read-more\" href=\"https:\/\/anoticiaonline.com.br\/site\/jovem-e-investigada-por-adentrar-com-drogas-em-penitenciaria\/\" aria-label=\"Read more about Jovem \u00e9 investigada por adentrar com drogas em penitenci\u00e1ria\">Ler mais<\/a><\/p>\n","protected":false},"author":2,"featured_media":35699,"comment_status":"open","ping_status":"open","sticky":false,"template":"","format":"standard","meta":{"_acf_changed":false,"_monsterinsights_skip_tracking":false,"footnotes":""},"categories":[30],"tags":[74,647,648],"class_list":["post-35698","post","type-post","status-publish","format-standard","has-post-thumbnail","hentry","category-muriae","tag-muriae","tag-penitenciaria","tag-prisao"],"acf":[],"aioseo_notices":[],"aioseo_head":"\n\t\t<!-- All in One SEO 5.0.0.1 - aioseo.com -->\n\t<meta name=\"description\" content=\"A Pol\u00edcia Civil de Muria\u00e9, atrav\u00e9s da 31\u00aa Delegacia de Pol\u00edcia e o setor de intelig\u00eancia da Penitenci\u00e1ria Dr. Manoel Martins Lisboa Jr, realizaram um trabalho em conjunto, na manh\u00e3 de quarta-feira (12). Durante a opera\u00e7\u00e3o, os agentes e investigadores cumpriram o mandado de pris\u00e3o preventiva contra T. F. A., de 22 anos. A jovem\" \/>\n\t<meta name=\"robots\" content=\"max-image-preview:large\" \/>\n\t<meta name=\"author\" content=\"Juliana Laviola\"\/>\n\t<link rel=\"canonical\" href=\"https:\/\/anoticiaonline.com.br\/site\/jovem-e-investigada-por-adentrar-com-drogas-em-penitenciaria\/\" \/>\n\t<meta name=\"generator\" content=\"All in One SEO (AIOSEO) 5.0.0.1\" \/>\n\t\t<meta property=\"og:locale\" content=\"pt_BR\" \/>\n\t\t<meta property=\"og:site_name\" content=\"A Not\u00edcia Online - Noticias de Muria\u00e9 e regi\u00e3o\" \/>\n\t\t<meta property=\"og:type\" content=\"article\" \/>\n\t\t<meta property=\"og:title\" content=\"Jovem \u00e9 investigada por adentrar com drogas em penitenci\u00e1ria - A Not\u00edcia Online\" \/>\n\t\t<meta property=\"og:description\" content=\"A Pol\u00edcia Civil de Muria\u00e9, atrav\u00e9s da 31\u00aa Delegacia de Pol\u00edcia e o setor de intelig\u00eancia da Penitenci\u00e1ria Dr. Manoel Martins Lisboa Jr, realizaram um trabalho em conjunto, na manh\u00e3 de quarta-feira (12). Durante a opera\u00e7\u00e3o, os agentes e investigadores cumpriram o mandado de pris\u00e3o preventiva contra T. F. A., de 22 anos. A jovem\" \/>\n\t\t<meta property=\"og:url\" content=\"https:\/\/anoticiaonline.com.br\/site\/jovem-e-investigada-por-adentrar-com-drogas-em-penitenciaria\/\" \/>\n\t\t<meta property=\"og:image\" content=\"https:\/\/scontent-gig4-1.xx.fbcdn.net\/v\/t39.30808-1\/270437624_4564083193639691_6907940295614233970_n.jpg?stp=dst-jpg_s200x200_tt6&#038;_nc_cat=111&#038;ccb=1-7&#038;_nc_sid=f907e8&#038;_nc_ohc=SM1wRlP3lJwQ7kNvwEPuBYA&#038;_nc_oc=AdnqrjDN_BNjSSHWO-GbkIWH6fkGMLw4bqvL_NH6e2wMveX7G-rP2dAqsDSq1mJMOaY&#038;_nc_zt=24&#038;_nc_ht=scontent-gig4-1.xx&#038;_nc_gid=AoBFJeGrT1hVaew_6rchkQ&#038;oh=00_AfX7QmFGhQhG2jAllVgXCiM1ZrWgvtp80-Bfppyexh1QEg&#038;oe=689E923C\" \/>\n\t\t<meta property=\"og:image:secure_url\" content=\"https:\/\/scontent-gig4-1.xx.fbcdn.net\/v\/t39.30808-1\/270437624_4564083193639691_6907940295614233970_n.jpg?stp=dst-jpg_s200x200_tt6&#038;_nc_cat=111&#038;ccb=1-7&#038;_nc_sid=f907e8&#038;_nc_ohc=SM1wRlP3lJwQ7kNvwEPuBYA&#038;_nc_oc=AdnqrjDN_BNjSSHWO-GbkIWH6fkGMLw4bqvL_NH6e2wMveX7G-rP2dAqsDSq1mJMOaY&#038;_nc_zt=24&#038;_nc_ht=scontent-gig4-1.xx&#038;_nc_gid=AoBFJeGrT1hVaew_6rchkQ&#038;oh=00_AfX7QmFGhQhG2jAllVgXCiM1ZrWgvtp80-Bfppyexh1QEg&#038;oe=689E923C\" \/>\n\t\t<meta property=\"article:published_time\" content=\"2017-07-14T13:22:47+00:00\" \/>\n\t\t<meta property=\"article:modified_time\" content=\"2017-07-14T13:22:47+00:00\" \/>\n\t\t<meta name=\"twitter:card\" content=\"summary_large_image\" \/>\n\t\t<meta name=\"twitter:title\" content=\"Jovem \u00e9 investigada por adentrar com drogas em penitenci\u00e1ria - A Not\u00edcia Online\" \/>\n\t\t<meta name=\"twitter:description\" content=\"A Pol\u00edcia Civil de Muria\u00e9, atrav\u00e9s da 31\u00aa Delegacia de Pol\u00edcia e o setor de intelig\u00eancia da Penitenci\u00e1ria Dr. Manoel Martins Lisboa Jr, realizaram um trabalho em conjunto, na manh\u00e3 de quarta-feira (12). Durante a opera\u00e7\u00e3o, os agentes e investigadores cumpriram o mandado de pris\u00e3o preventiva contra T. F. A., de 22 anos. A jovem\" \/>\n\t\t<meta name=\"twitter:image\" content=\"https:\/\/scontent-gig4-1.xx.fbcdn.net\/v\/t39.30808-1\/270437624_4564083193639691_6907940295614233970_n.jpg?stp=dst-jpg_s200x200_tt6&amp;_nc_cat=111&amp;ccb=1-7&amp;_nc_sid=f907e8&amp;_nc_ohc=SM1wRlP3lJwQ7kNvwEPuBYA&amp;_nc_oc=AdnqrjDN_BNjSSHWO-GbkIWH6fkGMLw4bqvL_NH6e2wMveX7G-rP2dAqsDSq1mJMOaY&amp;_nc_zt=24&amp;_nc_ht=scontent-gig4-1.xx&amp;_nc_gid=AoBFJeGrT1hVaew_6rchkQ&amp;oh=00_AfX7QmFGhQhG2jAllVgXCiM1ZrWgvtp80-Bfppyexh1QEg&amp;oe=689E923C\" \/>\n\t\t<script type=\"application\/ld+json\" class=\"aioseo-schema\">\n\t\t\t{\"@context\":\"https:\\\/\\\/schema.org\",\"@graph\":[{\"@type\":\"BlogPosting\",\"@id\":\"https:\\\/\\\/anoticiaonline.com.br\\\/site\\\/jovem-e-investigada-por-adentrar-com-drogas-em-penitenciaria\\\/#blogposting\",\"name\":\"Jovem \\u00e9 investigada por adentrar com drogas em penitenci\\u00e1ria - A Not\\u00edcia Online\",\"headline\":\"Jovem \\u00e9 investigada por adentrar com drogas em penitenci\\u00e1ria\",\"author\":{\"@id\":\"https:\\\/\\\/anoticiaonline.com.br\\\/site\\\/author\\\/juliana\\\/#author\"},\"publisher\":{\"@id\":\"https:\\\/\\\/anoticiaonline.com.br\\\/site\\\/#organization\"},\"image\":{\"@type\":\"ImageObject\",\"url\":\"https:\\\/\\\/anoticiaonline.com.br\\\/site\\\/wp-content\\\/uploads\\\/2017\\\/07\\\/Jovem-\\u00e9-investigada-por-adentrar-com-drogas-em-penitenci\\u00e1ria.jpeg\",\"width\":640,\"height\":360},\"datePublished\":\"2017-07-14T10:22:47-03:00\",\"dateModified\":\"2017-07-14T10:22:47-03:00\",\"inLanguage\":\"pt-BR\",\"mainEntityOfPage\":{\"@id\":\"https:\\\/\\\/anoticiaonline.com.br\\\/site\\\/jovem-e-investigada-por-adentrar-com-drogas-em-penitenciaria\\\/#webpage\"},\"isPartOf\":{\"@id\":\"https:\\\/\\\/anoticiaonline.com.br\\\/site\\\/jovem-e-investigada-por-adentrar-com-drogas-em-penitenciaria\\\/#webpage\"},\"articleSection\":\"Blog, Muria\\u00e9, penitenci\\u00e1ria, pris\\u00e3o\"},{\"@type\":\"BreadcrumbList\",\"@id\":\"https:\\\/\\\/anoticiaonline.com.br\\\/site\\\/jovem-e-investigada-por-adentrar-com-drogas-em-penitenciaria\\\/#breadcrumblist\",\"itemListElement\":[{\"@type\":\"ListItem\",\"@id\":\"https:\\\/\\\/anoticiaonline.com.br\\\/site#listItem\",\"position\":1,\"name\":\"Home\",\"item\":\"https:\\\/\\\/anoticiaonline.com.br\\\/site\",\"nextItem\":{\"@type\":\"ListItem\",\"@id\":\"https:\\\/\\\/anoticiaonline.com.br\\\/site\\\/categoria\\\/muriae\\\/#listItem\",\"name\":\"Blog\"}},{\"@type\":\"ListItem\",\"@id\":\"https:\\\/\\\/anoticiaonline.com.br\\\/site\\\/categoria\\\/muriae\\\/#listItem\",\"position\":2,\"name\":\"Blog\",\"item\":\"https:\\\/\\\/anoticiaonline.com.br\\\/site\\\/categoria\\\/muriae\\\/\",\"nextItem\":{\"@type\":\"ListItem\",\"@id\":\"https:\\\/\\\/anoticiaonline.com.br\\\/site\\\/jovem-e-investigada-por-adentrar-com-drogas-em-penitenciaria\\\/#listItem\",\"name\":\"Jovem \\u00e9 investigada por adentrar com drogas em penitenci\\u00e1ria\"},\"previousItem\":{\"@type\":\"ListItem\",\"@id\":\"https:\\\/\\\/anoticiaonline.com.br\\\/site#listItem\",\"name\":\"Home\"}},{\"@type\":\"ListItem\",\"@id\":\"https:\\\/\\\/anoticiaonline.com.br\\\/site\\\/jovem-e-investigada-por-adentrar-com-drogas-em-penitenciaria\\\/#listItem\",\"position\":3,\"name\":\"Jovem \\u00e9 investigada por adentrar com drogas em penitenci\\u00e1ria\",\"previousItem\":{\"@type\":\"ListItem\",\"@id\":\"https:\\\/\\\/anoticiaonline.com.br\\\/site\\\/categoria\\\/muriae\\\/#listItem\",\"name\":\"Blog\"}}]},{\"@type\":\"Organization\",\"@id\":\"https:\\\/\\\/anoticiaonline.com.br\\\/site\\\/#organization\",\"name\":\"A Not\\u00edcia Online\",\"description\":\"Noticias de Muria\\u00e9 e regi\\u00e3o\",\"url\":\"https:\\\/\\\/anoticiaonline.com.br\\\/site\\\/\",\"logo\":{\"@type\":\"ImageObject\",\"url\":\"https:\\\/\\\/scontent-gig4-1.xx.fbcdn.net\\\/v\\\/t39.30808-1\\\/270437624_4564083193639691_6907940295614233970_n.jpg?stp=dst-jpg_s200x200_tt6&_nc_cat=111&ccb=1-7&_nc_sid=f907e8&_nc_ohc=SM1wRlP3lJwQ7kNvwEPuBYA&_nc_oc=AdnqrjDN_BNjSSHWO-GbkIWH6fkGMLw4bqvL_NH6e2wMveX7G-rP2dAqsDSq1mJMOaY&_nc_zt=24&_nc_ht=scontent-gig4-1.xx&_nc_gid=AoBFJeGrT1hVaew_6rchkQ&oh=00_AfX7QmFGhQhG2jAllVgXCiM1ZrWgvtp80-Bfppyexh1QEg&oe=689E923C\",\"@id\":\"https:\\\/\\\/anoticiaonline.com.br\\\/site\\\/jovem-e-investigada-por-adentrar-com-drogas-em-penitenciaria\\\/#organizationLogo\"},\"image\":{\"@id\":\"https:\\\/\\\/anoticiaonline.com.br\\\/site\\\/jovem-e-investigada-por-adentrar-com-drogas-em-penitenciaria\\\/#organizationLogo\"}},{\"@type\":\"Person\",\"@id\":\"https:\\\/\\\/anoticiaonline.com.br\\\/site\\\/author\\\/juliana\\\/#author\",\"url\":\"https:\\\/\\\/anoticiaonline.com.br\\\/site\\\/author\\\/juliana\\\/\",\"name\":\"Juliana Laviola\",\"image\":{\"@type\":\"ImageObject\",\"@id\":\"https:\\\/\\\/anoticiaonline.com.br\\\/site\\\/jovem-e-investigada-por-adentrar-com-drogas-em-penitenciaria\\\/#authorImage\",\"url\":\"https:\\\/\\\/secure.gravatar.com\\\/avatar\\\/b8d45f5c699b100dfaf0e543582f38f38bf94cb7ae3a5e9abf8d891a34773335?s=96&d=mm&r=g\",\"width\":96,\"height\":96,\"caption\":\"Juliana Laviola\"}},{\"@type\":\"WebPage\",\"@id\":\"https:\\\/\\\/anoticiaonline.com.br\\\/site\\\/jovem-e-investigada-por-adentrar-com-drogas-em-penitenciaria\\\/#webpage\",\"url\":\"https:\\\/\\\/anoticiaonline.com.br\\\/site\\\/jovem-e-investigada-por-adentrar-com-drogas-em-penitenciaria\\\/\",\"name\":\"Jovem \\u00e9 investigada por adentrar com drogas em penitenci\\u00e1ria - A Not\\u00edcia Online\",\"description\":\"A Pol\\u00edcia Civil de Muria\\u00e9, atrav\\u00e9s da 31\\u00aa Delegacia de Pol\\u00edcia e o setor de intelig\\u00eancia da Penitenci\\u00e1ria Dr. Manoel Martins Lisboa Jr, realizaram um trabalho em conjunto, na manh\\u00e3 de quarta-feira (12). Durante a opera\\u00e7\\u00e3o, os agentes e investigadores cumpriram o mandado de pris\\u00e3o preventiva contra T. F. A., de 22 anos. A jovem\",\"inLanguage\":\"pt-BR\",\"isPartOf\":{\"@id\":\"https:\\\/\\\/anoticiaonline.com.br\\\/site\\\/#website\"},\"breadcrumb\":{\"@id\":\"https:\\\/\\\/anoticiaonline.com.br\\\/site\\\/jovem-e-investigada-por-adentrar-com-drogas-em-penitenciaria\\\/#breadcrumblist\"},\"author\":{\"@id\":\"https:\\\/\\\/anoticiaonline.com.br\\\/site\\\/author\\\/juliana\\\/#author\"},\"creator\":{\"@id\":\"https:\\\/\\\/anoticiaonline.com.br\\\/site\\\/author\\\/juliana\\\/#author\"},\"image\":{\"@type\":\"ImageObject\",\"url\":\"https:\\\/\\\/anoticiaonline.com.br\\\/site\\\/wp-content\\\/uploads\\\/2017\\\/07\\\/Jovem-\\u00e9-investigada-por-adentrar-com-drogas-em-penitenci\\u00e1ria.jpeg\",\"@id\":\"https:\\\/\\\/anoticiaonline.com.br\\\/site\\\/jovem-e-investigada-por-adentrar-com-drogas-em-penitenciaria\\\/#mainImage\",\"width\":640,\"height\":360},\"primaryImageOfPage\":{\"@id\":\"https:\\\/\\\/anoticiaonline.com.br\\\/site\\\/jovem-e-investigada-por-adentrar-com-drogas-em-penitenciaria\\\/#mainImage\"},\"datePublished\":\"2017-07-14T10:22:47-03:00\",\"dateModified\":\"2017-07-14T10:22:47-03:00\"},{\"@type\":\"WebSite\",\"@id\":\"https:\\\/\\\/anoticiaonline.com.br\\\/site\\\/#website\",\"url\":\"https:\\\/\\\/anoticiaonline.com.br\\\/site\\\/\",\"name\":\"A Not\\u00edcia Online\",\"description\":\"Noticias de Muria\\u00e9 e regi\\u00e3o\",\"inLanguage\":\"pt-BR\",\"publisher\":{\"@id\":\"https:\\\/\\\/anoticiaonline.com.br\\\/site\\\/#organization\"}}]}\n\t\t<\/script>\n\t\t<!-- All in One SEO -->\n\n","aioseo_head_json":{"title":"Jovem \u00e9 investigada por adentrar com drogas em penitenci\u00e1ria - A Not\u00edcia Online","description":"A Pol\u00edcia Civil de Muria\u00e9, atrav\u00e9s da 31\u00aa Delegacia de Pol\u00edcia e o setor de intelig\u00eancia da Penitenci\u00e1ria Dr. Manoel Martins Lisboa Jr, realizaram um trabalho em conjunto, na manh\u00e3 de quarta-feira (12). Durante a opera\u00e7\u00e3o, os agentes e investigadores cumpriram o mandado de pris\u00e3o preventiva contra T. F. A., de 22 anos. A jovem","canonical_url":"https:\/\/anoticiaonline.com.br\/site\/jovem-e-investigada-por-adentrar-com-drogas-em-penitenciaria\/","robots":"max-image-preview:large","keywords":"","webmasterTools":{"miscellaneous":""},"schema":{"@context":"https:\/\/schema.org","@graph":[{"@type":"BlogPosting","@id":"https:\/\/anoticiaonline.com.br\/site\/jovem-e-investigada-por-adentrar-com-drogas-em-penitenciaria\/#blogposting","name":"Jovem \u00e9 investigada por adentrar com drogas em penitenci\u00e1ria - A Not\u00edcia Online","headline":"Jovem \u00e9 investigada por adentrar com drogas em penitenci\u00e1ria","author":{"@id":"https:\/\/anoticiaonline.com.br\/site\/author\/juliana\/#author"},"publisher":{"@id":"https:\/\/anoticiaonline.com.br\/site\/#organization"},"image":{"@type":"ImageObject","url":"https:\/\/anoticiaonline.com.br\/site\/wp-content\/uploads\/2017\/07\/Jovem-\u00e9-investigada-por-adentrar-com-drogas-em-penitenci\u00e1ria.jpeg","width":640,"height":360},"datePublished":"2017-07-14T10:22:47-03:00","dateModified":"2017-07-14T10:22:47-03:00","inLanguage":"pt-BR","mainEntityOfPage":{"@id":"https:\/\/anoticiaonline.com.br\/site\/jovem-e-investigada-por-adentrar-com-drogas-em-penitenciaria\/#webpage"},"isPartOf":{"@id":"https:\/\/anoticiaonline.com.br\/site\/jovem-e-investigada-por-adentrar-com-drogas-em-penitenciaria\/#webpage"},"articleSection":"Blog, Muria\u00e9, penitenci\u00e1ria, pris\u00e3o"},{"@type":"BreadcrumbList","@id":"https:\/\/anoticiaonline.com.br\/site\/jovem-e-investigada-por-adentrar-com-drogas-em-penitenciaria\/#breadcrumblist","itemListElement":[{"@type":"ListItem","@id":"https:\/\/anoticiaonline.com.br\/site#listItem","position":1,"name":"Home","item":"https:\/\/anoticiaonline.com.br\/site","nextItem":{"@type":"ListItem","@id":"https:\/\/anoticiaonline.com.br\/site\/categoria\/muriae\/#listItem","name":"Blog"}},{"@type":"ListItem","@id":"https:\/\/anoticiaonline.com.br\/site\/categoria\/muriae\/#listItem","position":2,"name":"Blog","item":"https:\/\/anoticiaonline.com.br\/site\/categoria\/muriae\/","nextItem":{"@type":"ListItem","@id":"https:\/\/anoticiaonline.com.br\/site\/jovem-e-investigada-por-adentrar-com-drogas-em-penitenciaria\/#listItem","name":"Jovem \u00e9 investigada por adentrar com drogas em penitenci\u00e1ria"},"previousItem":{"@type":"ListItem","@id":"https:\/\/anoticiaonline.com.br\/site#listItem","name":"Home"}},{"@type":"ListItem","@id":"https:\/\/anoticiaonline.com.br\/site\/jovem-e-investigada-por-adentrar-com-drogas-em-penitenciaria\/#listItem","position":3,"name":"Jovem \u00e9 investigada por adentrar com drogas em penitenci\u00e1ria","previousItem":{"@type":"ListItem","@id":"https:\/\/anoticiaonline.com.br\/site\/categoria\/muriae\/#listItem","name":"Blog"}}]},{"@type":"Organization","@id":"https:\/\/anoticiaonline.com.br\/site\/#organization","name":"A Not\u00edcia Online","description":"Noticias de Muria\u00e9 e regi\u00e3o","url":"https:\/\/anoticiaonline.com.br\/site\/","logo":{"@type":"ImageObject","url":"https:\/\/scontent-gig4-1.xx.fbcdn.net\/v\/t39.30808-1\/270437624_4564083193639691_6907940295614233970_n.jpg?stp=dst-jpg_s200x200_tt6&_nc_cat=111&ccb=1-7&_nc_sid=f907e8&_nc_ohc=SM1wRlP3lJwQ7kNvwEPuBYA&_nc_oc=AdnqrjDN_BNjSSHWO-GbkIWH6fkGMLw4bqvL_NH6e2wMveX7G-rP2dAqsDSq1mJMOaY&_nc_zt=24&_nc_ht=scontent-gig4-1.xx&_nc_gid=AoBFJeGrT1hVaew_6rchkQ&oh=00_AfX7QmFGhQhG2jAllVgXCiM1ZrWgvtp80-Bfppyexh1QEg&oe=689E923C","@id":"https:\/\/anoticiaonline.com.br\/site\/jovem-e-investigada-por-adentrar-com-drogas-em-penitenciaria\/#organizationLogo"},"image":{"@id":"https:\/\/anoticiaonline.com.br\/site\/jovem-e-investigada-por-adentrar-com-drogas-em-penitenciaria\/#organizationLogo"}},{"@type":"Person","@id":"https:\/\/anoticiaonline.com.br\/site\/author\/juliana\/#author","url":"https:\/\/anoticiaonline.com.br\/site\/author\/juliana\/","name":"Juliana Laviola","image":{"@type":"ImageObject","@id":"https:\/\/anoticiaonline.com.br\/site\/jovem-e-investigada-por-adentrar-com-drogas-em-penitenciaria\/#authorImage","url":"https:\/\/secure.gravatar.com\/avatar\/b8d45f5c699b100dfaf0e543582f38f38bf94cb7ae3a5e9abf8d891a34773335?s=96&d=mm&r=g","width":96,"height":96,"caption":"Juliana Laviola"}},{"@type":"WebPage","@id":"https:\/\/anoticiaonline.com.br\/site\/jovem-e-investigada-por-adentrar-com-drogas-em-penitenciaria\/#webpage","url":"https:\/\/anoticiaonline.com.br\/site\/jovem-e-investigada-por-adentrar-com-drogas-em-penitenciaria\/","name":"Jovem \u00e9 investigada por adentrar com drogas em penitenci\u00e1ria - A Not\u00edcia Online","description":"A Pol\u00edcia Civil de Muria\u00e9, atrav\u00e9s da 31\u00aa Delegacia de Pol\u00edcia e o setor de intelig\u00eancia da Penitenci\u00e1ria Dr. Manoel Martins Lisboa Jr, realizaram um trabalho em conjunto, na manh\u00e3 de quarta-feira (12). Durante a opera\u00e7\u00e3o, os agentes e investigadores cumpriram o mandado de pris\u00e3o preventiva contra T. F. A., de 22 anos. A jovem","inLanguage":"pt-BR","isPartOf":{"@id":"https:\/\/anoticiaonline.com.br\/site\/#website"},"breadcrumb":{"@id":"https:\/\/anoticiaonline.com.br\/site\/jovem-e-investigada-por-adentrar-com-drogas-em-penitenciaria\/#breadcrumblist"},"author":{"@id":"https:\/\/anoticiaonline.com.br\/site\/author\/juliana\/#author"},"creator":{"@id":"https:\/\/anoticiaonline.com.br\/site\/author\/juliana\/#author"},"image":{"@type":"ImageObject","url":"https:\/\/anoticiaonline.com.br\/site\/wp-content\/uploads\/2017\/07\/Jovem-\u00e9-investigada-por-adentrar-com-drogas-em-penitenci\u00e1ria.jpeg","@id":"https:\/\/anoticiaonline.com.br\/site\/jovem-e-investigada-por-adentrar-com-drogas-em-penitenciaria\/#mainImage","width":640,"height":360},"primaryImageOfPage":{"@id":"https:\/\/anoticiaonline.com.br\/site\/jovem-e-investigada-por-adentrar-com-drogas-em-penitenciaria\/#mainImage"},"datePublished":"2017-07-14T10:22:47-03:00","dateModified":"2017-07-14T10:22:47-03:00"},{"@type":"WebSite","@id":"https:\/\/anoticiaonline.com.br\/site\/#website","url":"https:\/\/anoticiaonline.com.br\/site\/","name":"A Not\u00edcia Online","description":"Noticias de Muria\u00e9 e regi\u00e3o","inLanguage":"pt-BR","publisher":{"@id":"https:\/\/anoticiaonline.com.br\/site\/#organization"}}]},"og:locale":"pt_BR","og:site_name":"A Not\u00edcia Online - Noticias de Muria\u00e9 e regi\u00e3o","og:type":"article","og:title":"Jovem \u00e9 investigada por adentrar com drogas em penitenci\u00e1ria - A Not\u00edcia Online","og:description":"A Pol\u00edcia Civil de Muria\u00e9, atrav\u00e9s da 31\u00aa Delegacia de Pol\u00edcia e o setor de intelig\u00eancia da Penitenci\u00e1ria Dr. Manoel Martins Lisboa Jr, realizaram um trabalho em conjunto, na manh\u00e3 de quarta-feira (12). Durante a opera\u00e7\u00e3o, os agentes e investigadores cumpriram o mandado de pris\u00e3o preventiva contra T. F. A., de 22 anos. A jovem","og:url":"https:\/\/anoticiaonline.com.br\/site\/jovem-e-investigada-por-adentrar-com-drogas-em-penitenciaria\/","og:image":"https:\/\/scontent-gig4-1.xx.fbcdn.net\/v\/t39.30808-1\/270437624_4564083193639691_6907940295614233970_n.jpg?stp=dst-jpg_s200x200_tt6&#038;_nc_cat=111&#038;ccb=1-7&#038;_nc_sid=f907e8&#038;_nc_ohc=SM1wRlP3lJwQ7kNvwEPuBYA&#038;_nc_oc=AdnqrjDN_BNjSSHWO-GbkIWH6fkGMLw4bqvL_NH6e2wMveX7G-rP2dAqsDSq1mJMOaY&#038;_nc_zt=24&#038;_nc_ht=scontent-gig4-1.xx&#038;_nc_gid=AoBFJeGrT1hVaew_6rchkQ&#038;oh=00_AfX7QmFGhQhG2jAllVgXCiM1ZrWgvtp80-Bfppyexh1QEg&#038;oe=689E923C","og:image:secure_url":"https:\/\/scontent-gig4-1.xx.fbcdn.net\/v\/t39.30808-1\/270437624_4564083193639691_6907940295614233970_n.jpg?stp=dst-jpg_s200x200_tt6&#038;_nc_cat=111&#038;ccb=1-7&#038;_nc_sid=f907e8&#038;_nc_ohc=SM1wRlP3lJwQ7kNvwEPuBYA&#038;_nc_oc=AdnqrjDN_BNjSSHWO-GbkIWH6fkGMLw4bqvL_NH6e2wMveX7G-rP2dAqsDSq1mJMOaY&#038;_nc_zt=24&#038;_nc_ht=scontent-gig4-1.xx&#038;_nc_gid=AoBFJeGrT1hVaew_6rchkQ&#038;oh=00_AfX7QmFGhQhG2jAllVgXCiM1ZrWgvtp80-Bfppyexh1QEg&#038;oe=689E923C","article:published_time":"2017-07-14T13:22:47+00:00","article:modified_time":"2017-07-14T13:22:47+00:00","twitter:card":"summary_large_image","twitter:title":"Jovem \u00e9 investigada por adentrar com drogas em penitenci\u00e1ria - A Not\u00edcia Online","twitter:description":"A Pol\u00edcia Civil de Muria\u00e9, atrav\u00e9s da 31\u00aa Delegacia de Pol\u00edcia e o setor de intelig\u00eancia da Penitenci\u00e1ria Dr. Manoel Martins Lisboa Jr, realizaram um trabalho em conjunto, na manh\u00e3 de quarta-feira (12). Durante a opera\u00e7\u00e3o, os agentes e investigadores cumpriram o mandado de pris\u00e3o preventiva contra T. F. A., de 22 anos. A jovem","twitter:image":"https:\/\/scontent-gig4-1.xx.fbcdn.net\/v\/t39.30808-1\/270437624_4564083193639691_6907940295614233970_n.jpg?stp=dst-jpg_s200x200_tt6&_nc_cat=111&ccb=1-7&_nc_sid=f907e8&_nc_ohc=SM1wRlP3lJwQ7kNvwEPuBYA&_nc_oc=AdnqrjDN_BNjSSHWO-GbkIWH6fkGMLw4bqvL_NH6e2wMveX7G-rP2dAqsDSq1mJMOaY&_nc_zt=24&_nc_ht=scontent-gig4-1.xx&_nc_gid=AoBFJeGrT1hVaew_6rchkQ&oh=00_AfX7QmFGhQhG2jAllVgXCiM1ZrWgvtp80-Bfppyexh1QEg&oe=689E923C"},"aioseo_meta_data":{"post_id":"35698","title":null,"description":null,"keywords":null,"keyphrases":null,"primary_term":null,"canonical_url":null,"og_title":null,"og_description":null,"og_object_type":"default","og_image_type":"default","og_image_url":null,"og_image_width":null,"og_image_height":null,"og_image_custom_url":null,"og_image_custom_fields":null,"og_video":null,"og_custom_url":null,"og_article_section":null,"og_article_tags":null,"twitter_use_og":false,"twitter_card":"default","twitter_image_type":"default","twitter_image_url":null,"twitter_image_custom_url":null,"twitter_image_custom_fields":null,"twitter_title":null,"twitter_description":null,"schema":{"blockGraphs":[],"customGraphs":[],"default":{"data":{"Article":[],"Course":[],"Dataset":[],"FAQPage":[],"Movie":[],"Person":[],"Product":[],"ProductReview":[],"Car":[],"Recipe":[],"Service":[],"SoftwareApplication":[],"WebPage":[]},"graphName":"","isEnabled":true},"graphs":[]},"schema_type":"default","schema_type_options":null,"pillar_content":false,"robots_default":true,"robots_noindex":false,"robots_noarchive":false,"robots_nosnippet":false,"robots_nofollow":false,"robots_noimageindex":false,"robots_noodp":false,"robots_notranslate":false,"robots_max_snippet":null,"robots_max_videopreview":null,"robots_max_imagepreview":"large","priority":null,"frequency":null,"local_seo":null,"breadcrumb_settings":null,"limit_modified_date":false,"ai":null,"created":"2025-08-16 18:53:48","updated":"2025-08-16 18:53:48","focus_keyword":null,"additional_keywords":null,"truseo_locale":null,"seo_analyzer_scan_date":null},"aioseo_breadcrumb":"<div class=\"aioseo-breadcrumbs\"><span class=\"aioseo-breadcrumb\">\n\t\t\t<a href=\"https:\/\/anoticiaonline.com.br\/site\" title=\"Home\">Home<\/a>\n\t\t<\/span><span class=\"aioseo-breadcrumb-separator\">&raquo;<\/span><span class=\"aioseo-breadcrumb\">\n\t\t\t<a href=\"https:\/\/anoticiaonline.com.br\/site\/categoria\/muriae\/\" title=\"Blog\">Blog<\/a>\n\t\t<\/span><span class=\"aioseo-breadcrumb-separator\">&raquo;<\/span><span class=\"aioseo-breadcrumb\">\n\t\t\tJovem \u00e9 investigada por adentrar com drogas em penitenci\u00e1ria\n\t\t<\/span><\/div>","aioseo_breadcrumb_json":[{"label":"Home","link":"https:\/\/anoticiaonline.com.br\/site"},{"label":"Blog","link":"https:\/\/anoticiaonline.com.br\/site\/categoria\/muriae\/"},{"label":"Jovem \u00e9 investigada por adentrar com drogas em penitenci\u00e1ria","link":"https:\/\/anoticiaonline.com.br\/site\/jovem-e-investigada-por-adentrar-com-drogas-em-penitenciaria\/"}],"views":149,"_links":{"self":[{"href":"https:\/\/anoticiaonline.com.br\/site\/wp-json\/wp\/v2\/posts\/35698","targetHints":{"allow":["GET"]}}],"collection":[{"href":"https:\/\/anoticiaonline.com.br\/site\/wp-json\/wp\/v2\/posts"}],"about":[{"href":"https:\/\/anoticiaonline.com.br\/site\/wp-json\/wp\/v2\/types\/post"}],"author":[{"embeddable":true,"href":"https:\/\/anoticiaonline.com.br\/site\/wp-json\/wp\/v2\/users\/2"}],"replies":[{"embeddable":true,"href":"https:\/\/anoticiaonline.com.br\/site\/wp-json\/wp\/v2\/comments?post=35698"}],"version-history":[{"count":0,"href":"https:\/\/anoticiaonline.com.br\/site\/wp-json\/wp\/v2\/posts\/35698\/revisions"}],"wp:featuredmedia":[{"embeddable":true,"href":"https:\/\/anoticiaonline.com.br\/site\/wp-json\/wp\/v2\/media\/35699"}],"wp:attachment":[{"href":"https:\/\/anoticiaonline.com.br\/site\/wp-json\/wp\/v2\/media?parent=35698"}],"wp:term":[{"taxonomy":"category","embeddable":true,"href":"https:\/\/anoticiaonline.com.br\/site\/wp-json\/wp\/v2\/categories?post=35698"},{"taxonomy":"post_tag","embeddable":true,"href":"https:\/\/anoticiaonline.com.br\/site\/wp-json\/wp\/v2\/tags?post=35698"}],"curies":[{"name":"wp","href":"https:\/\/api.w.org\/{rel}","templated":true}]}}