{"id":35635,"date":"2017-07-15T12:38:40","date_gmt":"2017-07-15T15:38:40","guid":{"rendered":"http:\/\/anoticiaonline.com.br\/site\/?p=35635"},"modified":"2017-07-13T22:03:56","modified_gmt":"2017-07-14T01:03:56","slug":"8a-edicao-da-cavalgada-de-macuco","status":"publish","type":"post","link":"https:\/\/anoticiaonline.com.br\/site\/8a-edicao-da-cavalgada-de-macuco\/","title":{"rendered":"8\u00aa edi\u00e7\u00e3o da Cavalgada de Macuco"},"content":{"rendered":"<p><a href=\"https:\/\/anoticiaonline.com.br\/site\/wp-content\/uploads\/2017\/07\/DSC_0020.jpg\"><img fetchpriority=\"high\" decoding=\"async\" class=\"alignleft size-medium wp-image-35637\" src=\"https:\/\/anoticiaonline.com.br\/site\/wp-content\/uploads\/2017\/07\/DSC_0020-300x200.jpg\" alt=\"\" width=\"300\" height=\"200\" srcset=\"https:\/\/anoticiaonline.com.br\/site\/wp-content\/uploads\/2017\/07\/DSC_0020-300x200.jpg 300w, https:\/\/anoticiaonline.com.br\/site\/wp-content\/uploads\/2017\/07\/DSC_0020.jpg 640w\" sizes=\"(max-width: 300px) 100vw, 300px\" \/><\/a><a href=\"https:\/\/anoticiaonline.com.br\/site\/wp-content\/uploads\/2017\/07\/DSC_0004.jpg\"><img decoding=\"async\" class=\"alignleft size-medium wp-image-35639\" src=\"https:\/\/anoticiaonline.com.br\/site\/wp-content\/uploads\/2017\/07\/GeraldoOlavo-e-Pedro-300x200.jpg\" alt=\"\" width=\"300\" height=\"200\" srcset=\"https:\/\/anoticiaonline.com.br\/site\/wp-content\/uploads\/2017\/07\/GeraldoOlavo-e-Pedro-300x200.jpg 300w, https:\/\/anoticiaonline.com.br\/site\/wp-content\/uploads\/2017\/07\/GeraldoOlavo-e-Pedro.jpg 640w\" sizes=\"(max-width: 300px) 100vw, 300px\" \/><img decoding=\"async\" class=\"alignleft size-medium wp-image-35636\" src=\"https:\/\/anoticiaonline.com.br\/site\/wp-content\/uploads\/2017\/07\/DSC_0004-300x200.jpg\" alt=\"\" width=\"300\" height=\"200\" srcset=\"https:\/\/anoticiaonline.com.br\/site\/wp-content\/uploads\/2017\/07\/DSC_0004-300x200.jpg 300w, https:\/\/anoticiaonline.com.br\/site\/wp-content\/uploads\/2017\/07\/DSC_0004.jpg 640w\" sizes=\"(max-width: 300px) 100vw, 300px\" \/><\/a> <a href=\"https:\/\/anoticiaonline.com.br\/site\/wp-content\/uploads\/2017\/07\/DSC_0056.jpg\"><img loading=\"lazy\" decoding=\"async\" class=\"alignleft size-medium wp-image-35638\" src=\"https:\/\/anoticiaonline.com.br\/site\/wp-content\/uploads\/2017\/07\/DSC_0056-300x200.jpg\" alt=\"\" width=\"300\" height=\"200\" srcset=\"https:\/\/anoticiaonline.com.br\/site\/wp-content\/uploads\/2017\/07\/DSC_0056-300x200.jpg 300w, https:\/\/anoticiaonline.com.br\/site\/wp-content\/uploads\/2017\/07\/DSC_0056.jpg 640w\" sizes=\"(max-width: 300px) 100vw, 300px\" \/><\/a> Sucesso em sua 8\u00aa edi\u00e7\u00e3o, a tradicional Cavalgada de Macuco reuniu centenas de pessoas da regi\u00e3o no \u00faltimo fim de semana. No primeiro dia, s\u00e1bado (8), o evento contou com um animado forr\u00f3 com Pedro Sabino e banda e, no domingo (9), foi o dia de acordar cedo para ben\u00e7\u00e3o dos cavaleiros e a tradicional cavalgada, que segundo os organizadores foi de 6km.<\/p>\n<p>Os visitantes e cavaleiros foram recebidos na chegada da cavalgada com um almo\u00e7o em um verdadeiro clima de descontra\u00e7\u00e3o, ao som de Lauro Santiago e Banda.<\/p>\n<p>Geraldo Pereira Fontes, ex-presidente e atual diretor social do Conselho Comunit\u00e1rio de Macuco, que participa h\u00e1 tr\u00eas anos de maneira mais ativa na coordena\u00e7\u00e3o, contou um pouco sobre a cavalgada \u201cA cada ano temos percebido o crescimento do n\u00famero de participantes de todas as idades, dos mais idosos at\u00e9 crian\u00e7as pequenas. O almo\u00e7o \u00e9 pago pelos participantes e, parte do dinheiro arrecadado \u00e9 doado para a Igreja e para a comunidade, de forma que tentamos ajudar as fam\u00edlias mais necessitadas. Aproveitamos este momento de lazer para ajudar os que precisam. \u00c9 o nosso objetivo principal\u201d, diz.<\/p>\n<p>Em nome do Conselho da Cavalgada de Macuco, Geraldo Pereira agradece ao Cresol, a vereadora Helena Carvalho, Manoel Carvalho, Davi Lacerda e o patroc\u00ednio da F\u00e1brica de \u00f3culos, que ajudaram na realiza\u00e7\u00e3o de mais uma edi\u00e7\u00e3o.<\/p>\n<p>O atual presidente do Conselho, Pedro Jos\u00e9 Santana tamb\u00e9m faz seu agradecimento aos participantes. \u201cDeixo aqui o meu muito obrigado \u00e0 comunidade, \u00e0s cozinheiras, aos cavaleiros e, em especial, aos que fizeram doa\u00e7\u00f5es para que pud\u00e9ssemos realizar mais uma Cavalgada de Macuco em clima de solidariedade\u201d, finaliza.<\/p>\n<p><img decoding=\"async\" class=\"ngg_displayed_gallery mceItem\" src=\"https:\/\/anoticiaonline.com.br\/site\/nextgen-attach_to_post\/preview\/id--35688\" \/><\/p>\n","protected":false},"excerpt":{"rendered":"<p>Sucesso em sua 8\u00aa edi\u00e7\u00e3o, a tradicional Cavalgada de Macuco reuniu centenas de pessoas da regi\u00e3o no \u00faltimo fim de semana. No primeiro dia, s\u00e1bado (8), o evento contou com um animado forr\u00f3 com Pedro Sabino e banda e, no domingo (9), foi o dia de acordar cedo para ben\u00e7\u00e3o dos cavaleiros e a tradicional &#8230; <a title=\"8\u00aa edi\u00e7\u00e3o da Cavalgada de Macuco\" class=\"read-more\" href=\"https:\/\/anoticiaonline.com.br\/site\/8a-edicao-da-cavalgada-de-macuco\/\" aria-label=\"Read more about 8\u00aa edi\u00e7\u00e3o da Cavalgada de Macuco\">Ler mais<\/a><\/p>\n","protected":false},"author":2,"featured_media":35637,"comment_status":"open","ping_status":"open","sticky":false,"template":"","format":"standard","meta":{"_acf_changed":false,"_monsterinsights_skip_tracking":false,"footnotes":""},"categories":[6],"tags":[642,644,643,645,506,3],"class_list":["post-35635","post","type-post","status-publish","format-standard","has-post-thumbnail","hentry","category-regiao","tag-cavalgada","tag-conselho-comunitario-de-macuco","tag-cresol","tag-geraldo-pereira-fontes","tag-macuco","tag-slide"],"acf":[],"aioseo_notices":[],"aioseo_head":"\n\t\t<!-- All in One SEO 5.0.0.1 - aioseo.com -->\n\t<meta name=\"description\" content=\"Sucesso em sua 8\u00aa edi\u00e7\u00e3o, a tradicional Cavalgada de Macuco reuniu centenas de pessoas da regi\u00e3o no \u00faltimo fim de semana. No primeiro dia, s\u00e1bado (8), o evento contou com um animado forr\u00f3 com Pedro Sabino e banda e, no domingo (9), foi o dia de acordar cedo para ben\u00e7\u00e3o dos cavaleiros e a tradicional\" \/>\n\t<meta name=\"robots\" content=\"max-image-preview:large\" \/>\n\t<meta name=\"author\" content=\"Juliana Laviola\"\/>\n\t<link rel=\"canonical\" href=\"https:\/\/anoticiaonline.com.br\/site\/8a-edicao-da-cavalgada-de-macuco\/\" \/>\n\t<meta name=\"generator\" content=\"All in One SEO (AIOSEO) 5.0.0.1\" \/>\n\t\t<meta property=\"og:locale\" content=\"pt_BR\" \/>\n\t\t<meta property=\"og:site_name\" content=\"A Not\u00edcia Online - Noticias de Muria\u00e9 e regi\u00e3o\" \/>\n\t\t<meta property=\"og:type\" content=\"article\" \/>\n\t\t<meta property=\"og:title\" content=\"8\u00aa edi\u00e7\u00e3o da Cavalgada de Macuco - A Not\u00edcia Online\" \/>\n\t\t<meta property=\"og:description\" content=\"Sucesso em sua 8\u00aa edi\u00e7\u00e3o, a tradicional Cavalgada de Macuco reuniu centenas de pessoas da regi\u00e3o no \u00faltimo fim de semana. No primeiro dia, s\u00e1bado (8), o evento contou com um animado forr\u00f3 com Pedro Sabino e banda e, no domingo (9), foi o dia de acordar cedo para ben\u00e7\u00e3o dos cavaleiros e a tradicional\" \/>\n\t\t<meta property=\"og:url\" content=\"https:\/\/anoticiaonline.com.br\/site\/8a-edicao-da-cavalgada-de-macuco\/\" \/>\n\t\t<meta property=\"og:image\" content=\"https:\/\/scontent-gig4-1.xx.fbcdn.net\/v\/t39.30808-1\/270437624_4564083193639691_6907940295614233970_n.jpg?stp=dst-jpg_s200x200_tt6&#038;_nc_cat=111&#038;ccb=1-7&#038;_nc_sid=f907e8&#038;_nc_ohc=SM1wRlP3lJwQ7kNvwEPuBYA&#038;_nc_oc=AdnqrjDN_BNjSSHWO-GbkIWH6fkGMLw4bqvL_NH6e2wMveX7G-rP2dAqsDSq1mJMOaY&#038;_nc_zt=24&#038;_nc_ht=scontent-gig4-1.xx&#038;_nc_gid=AoBFJeGrT1hVaew_6rchkQ&#038;oh=00_AfX7QmFGhQhG2jAllVgXCiM1ZrWgvtp80-Bfppyexh1QEg&#038;oe=689E923C\" \/>\n\t\t<meta property=\"og:image:secure_url\" content=\"https:\/\/scontent-gig4-1.xx.fbcdn.net\/v\/t39.30808-1\/270437624_4564083193639691_6907940295614233970_n.jpg?stp=dst-jpg_s200x200_tt6&#038;_nc_cat=111&#038;ccb=1-7&#038;_nc_sid=f907e8&#038;_nc_ohc=SM1wRlP3lJwQ7kNvwEPuBYA&#038;_nc_oc=AdnqrjDN_BNjSSHWO-GbkIWH6fkGMLw4bqvL_NH6e2wMveX7G-rP2dAqsDSq1mJMOaY&#038;_nc_zt=24&#038;_nc_ht=scontent-gig4-1.xx&#038;_nc_gid=AoBFJeGrT1hVaew_6rchkQ&#038;oh=00_AfX7QmFGhQhG2jAllVgXCiM1ZrWgvtp80-Bfppyexh1QEg&#038;oe=689E923C\" \/>\n\t\t<meta property=\"article:published_time\" content=\"2017-07-15T15:38:40+00:00\" \/>\n\t\t<meta property=\"article:modified_time\" content=\"2017-07-14T01:03:56+00:00\" \/>\n\t\t<meta name=\"twitter:card\" content=\"summary_large_image\" \/>\n\t\t<meta name=\"twitter:title\" content=\"8\u00aa edi\u00e7\u00e3o da Cavalgada de Macuco - A Not\u00edcia Online\" \/>\n\t\t<meta name=\"twitter:description\" content=\"Sucesso em sua 8\u00aa edi\u00e7\u00e3o, a tradicional Cavalgada de Macuco reuniu centenas de pessoas da regi\u00e3o no \u00faltimo fim de semana. No primeiro dia, s\u00e1bado (8), o evento contou com um animado forr\u00f3 com Pedro Sabino e banda e, no domingo (9), foi o dia de acordar cedo para ben\u00e7\u00e3o dos cavaleiros e a tradicional\" \/>\n\t\t<meta name=\"twitter:image\" content=\"https:\/\/scontent-gig4-1.xx.fbcdn.net\/v\/t39.30808-1\/270437624_4564083193639691_6907940295614233970_n.jpg?stp=dst-jpg_s200x200_tt6&amp;_nc_cat=111&amp;ccb=1-7&amp;_nc_sid=f907e8&amp;_nc_ohc=SM1wRlP3lJwQ7kNvwEPuBYA&amp;_nc_oc=AdnqrjDN_BNjSSHWO-GbkIWH6fkGMLw4bqvL_NH6e2wMveX7G-rP2dAqsDSq1mJMOaY&amp;_nc_zt=24&amp;_nc_ht=scontent-gig4-1.xx&amp;_nc_gid=AoBFJeGrT1hVaew_6rchkQ&amp;oh=00_AfX7QmFGhQhG2jAllVgXCiM1ZrWgvtp80-Bfppyexh1QEg&amp;oe=689E923C\" \/>\n\t\t<script type=\"application\/ld+json\" class=\"aioseo-schema\">\n\t\t\t{\"@context\":\"https:\\\/\\\/schema.org\",\"@graph\":[{\"@type\":\"BlogPosting\",\"@id\":\"https:\\\/\\\/anoticiaonline.com.br\\\/site\\\/8a-edicao-da-cavalgada-de-macuco\\\/#blogposting\",\"name\":\"8\\u00aa edi\\u00e7\\u00e3o da Cavalgada de Macuco - A Not\\u00edcia Online\",\"headline\":\"8\\u00aa edi\\u00e7\\u00e3o da Cavalgada de Macuco\",\"author\":{\"@id\":\"https:\\\/\\\/anoticiaonline.com.br\\\/site\\\/author\\\/juliana\\\/#author\"},\"publisher\":{\"@id\":\"https:\\\/\\\/anoticiaonline.com.br\\\/site\\\/#organization\"},\"image\":{\"@type\":\"ImageObject\",\"url\":\"https:\\\/\\\/anoticiaonline.com.br\\\/site\\\/wp-content\\\/uploads\\\/2017\\\/07\\\/DSC_0020.jpg\",\"width\":640,\"height\":427},\"datePublished\":\"2017-07-15T12:38:40-03:00\",\"dateModified\":\"2017-07-13T22:03:56-03:00\",\"inLanguage\":\"pt-BR\",\"mainEntityOfPage\":{\"@id\":\"https:\\\/\\\/anoticiaonline.com.br\\\/site\\\/8a-edicao-da-cavalgada-de-macuco\\\/#webpage\"},\"isPartOf\":{\"@id\":\"https:\\\/\\\/anoticiaonline.com.br\\\/site\\\/8a-edicao-da-cavalgada-de-macuco\\\/#webpage\"},\"articleSection\":\"Regi\\u00e3o, cavalgada, Conselho Comunit\\u00e1rio de Macuco, Cresol, Geraldo Pereira Fontes, Macuco, slide\"},{\"@type\":\"BreadcrumbList\",\"@id\":\"https:\\\/\\\/anoticiaonline.com.br\\\/site\\\/8a-edicao-da-cavalgada-de-macuco\\\/#breadcrumblist\",\"itemListElement\":[{\"@type\":\"ListItem\",\"@id\":\"https:\\\/\\\/anoticiaonline.com.br\\\/site#listItem\",\"position\":1,\"name\":\"Home\",\"item\":\"https:\\\/\\\/anoticiaonline.com.br\\\/site\",\"nextItem\":{\"@type\":\"ListItem\",\"@id\":\"https:\\\/\\\/anoticiaonline.com.br\\\/site\\\/categoria\\\/regiao\\\/#listItem\",\"name\":\"Regi\\u00e3o\"}},{\"@type\":\"ListItem\",\"@id\":\"https:\\\/\\\/anoticiaonline.com.br\\\/site\\\/categoria\\\/regiao\\\/#listItem\",\"position\":2,\"name\":\"Regi\\u00e3o\",\"item\":\"https:\\\/\\\/anoticiaonline.com.br\\\/site\\\/categoria\\\/regiao\\\/\",\"nextItem\":{\"@type\":\"ListItem\",\"@id\":\"https:\\\/\\\/anoticiaonline.com.br\\\/site\\\/8a-edicao-da-cavalgada-de-macuco\\\/#listItem\",\"name\":\"8\\u00aa edi\\u00e7\\u00e3o da Cavalgada de Macuco\"},\"previousItem\":{\"@type\":\"ListItem\",\"@id\":\"https:\\\/\\\/anoticiaonline.com.br\\\/site#listItem\",\"name\":\"Home\"}},{\"@type\":\"ListItem\",\"@id\":\"https:\\\/\\\/anoticiaonline.com.br\\\/site\\\/8a-edicao-da-cavalgada-de-macuco\\\/#listItem\",\"position\":3,\"name\":\"8\\u00aa edi\\u00e7\\u00e3o da Cavalgada de Macuco\",\"previousItem\":{\"@type\":\"ListItem\",\"@id\":\"https:\\\/\\\/anoticiaonline.com.br\\\/site\\\/categoria\\\/regiao\\\/#listItem\",\"name\":\"Regi\\u00e3o\"}}]},{\"@type\":\"Organization\",\"@id\":\"https:\\\/\\\/anoticiaonline.com.br\\\/site\\\/#organization\",\"name\":\"A Not\\u00edcia Online\",\"description\":\"Noticias de Muria\\u00e9 e regi\\u00e3o\",\"url\":\"https:\\\/\\\/anoticiaonline.com.br\\\/site\\\/\",\"logo\":{\"@type\":\"ImageObject\",\"url\":\"https:\\\/\\\/scontent-gig4-1.xx.fbcdn.net\\\/v\\\/t39.30808-1\\\/270437624_4564083193639691_6907940295614233970_n.jpg?stp=dst-jpg_s200x200_tt6&_nc_cat=111&ccb=1-7&_nc_sid=f907e8&_nc_ohc=SM1wRlP3lJwQ7kNvwEPuBYA&_nc_oc=AdnqrjDN_BNjSSHWO-GbkIWH6fkGMLw4bqvL_NH6e2wMveX7G-rP2dAqsDSq1mJMOaY&_nc_zt=24&_nc_ht=scontent-gig4-1.xx&_nc_gid=AoBFJeGrT1hVaew_6rchkQ&oh=00_AfX7QmFGhQhG2jAllVgXCiM1ZrWgvtp80-Bfppyexh1QEg&oe=689E923C\",\"@id\":\"https:\\\/\\\/anoticiaonline.com.br\\\/site\\\/8a-edicao-da-cavalgada-de-macuco\\\/#organizationLogo\"},\"image\":{\"@id\":\"https:\\\/\\\/anoticiaonline.com.br\\\/site\\\/8a-edicao-da-cavalgada-de-macuco\\\/#organizationLogo\"}},{\"@type\":\"Person\",\"@id\":\"https:\\\/\\\/anoticiaonline.com.br\\\/site\\\/author\\\/juliana\\\/#author\",\"url\":\"https:\\\/\\\/anoticiaonline.com.br\\\/site\\\/author\\\/juliana\\\/\",\"name\":\"Juliana Laviola\",\"image\":{\"@type\":\"ImageObject\",\"@id\":\"https:\\\/\\\/anoticiaonline.com.br\\\/site\\\/8a-edicao-da-cavalgada-de-macuco\\\/#authorImage\",\"url\":\"https:\\\/\\\/secure.gravatar.com\\\/avatar\\\/b8d45f5c699b100dfaf0e543582f38f38bf94cb7ae3a5e9abf8d891a34773335?s=96&d=mm&r=g\",\"width\":96,\"height\":96,\"caption\":\"Juliana Laviola\"}},{\"@type\":\"WebPage\",\"@id\":\"https:\\\/\\\/anoticiaonline.com.br\\\/site\\\/8a-edicao-da-cavalgada-de-macuco\\\/#webpage\",\"url\":\"https:\\\/\\\/anoticiaonline.com.br\\\/site\\\/8a-edicao-da-cavalgada-de-macuco\\\/\",\"name\":\"8\\u00aa edi\\u00e7\\u00e3o da Cavalgada de Macuco - A Not\\u00edcia Online\",\"description\":\"Sucesso em sua 8\\u00aa edi\\u00e7\\u00e3o, a tradicional Cavalgada de Macuco reuniu centenas de pessoas da regi\\u00e3o no \\u00faltimo fim de semana. No primeiro dia, s\\u00e1bado (8), o evento contou com um animado forr\\u00f3 com Pedro Sabino e banda e, no domingo (9), foi o dia de acordar cedo para ben\\u00e7\\u00e3o dos cavaleiros e a tradicional\",\"inLanguage\":\"pt-BR\",\"isPartOf\":{\"@id\":\"https:\\\/\\\/anoticiaonline.com.br\\\/site\\\/#website\"},\"breadcrumb\":{\"@id\":\"https:\\\/\\\/anoticiaonline.com.br\\\/site\\\/8a-edicao-da-cavalgada-de-macuco\\\/#breadcrumblist\"},\"author\":{\"@id\":\"https:\\\/\\\/anoticiaonline.com.br\\\/site\\\/author\\\/juliana\\\/#author\"},\"creator\":{\"@id\":\"https:\\\/\\\/anoticiaonline.com.br\\\/site\\\/author\\\/juliana\\\/#author\"},\"image\":{\"@type\":\"ImageObject\",\"url\":\"https:\\\/\\\/anoticiaonline.com.br\\\/site\\\/wp-content\\\/uploads\\\/2017\\\/07\\\/DSC_0020.jpg\",\"@id\":\"https:\\\/\\\/anoticiaonline.com.br\\\/site\\\/8a-edicao-da-cavalgada-de-macuco\\\/#mainImage\",\"width\":640,\"height\":427},\"primaryImageOfPage\":{\"@id\":\"https:\\\/\\\/anoticiaonline.com.br\\\/site\\\/8a-edicao-da-cavalgada-de-macuco\\\/#mainImage\"},\"datePublished\":\"2017-07-15T12:38:40-03:00\",\"dateModified\":\"2017-07-13T22:03:56-03:00\"},{\"@type\":\"WebSite\",\"@id\":\"https:\\\/\\\/anoticiaonline.com.br\\\/site\\\/#website\",\"url\":\"https:\\\/\\\/anoticiaonline.com.br\\\/site\\\/\",\"name\":\"A Not\\u00edcia Online\",\"description\":\"Noticias de Muria\\u00e9 e regi\\u00e3o\",\"inLanguage\":\"pt-BR\",\"publisher\":{\"@id\":\"https:\\\/\\\/anoticiaonline.com.br\\\/site\\\/#organization\"}}]}\n\t\t<\/script>\n\t\t<!-- All in One SEO -->\n\n","aioseo_head_json":{"title":"8\u00aa edi\u00e7\u00e3o da Cavalgada de Macuco - A Not\u00edcia Online","description":"Sucesso em sua 8\u00aa edi\u00e7\u00e3o, a tradicional Cavalgada de Macuco reuniu centenas de pessoas da regi\u00e3o no \u00faltimo fim de semana. No primeiro dia, s\u00e1bado (8), o evento contou com um animado forr\u00f3 com Pedro Sabino e banda e, no domingo (9), foi o dia de acordar cedo para ben\u00e7\u00e3o dos cavaleiros e a tradicional","canonical_url":"https:\/\/anoticiaonline.com.br\/site\/8a-edicao-da-cavalgada-de-macuco\/","robots":"max-image-preview:large","keywords":"","webmasterTools":{"miscellaneous":""},"schema":{"@context":"https:\/\/schema.org","@graph":[{"@type":"BlogPosting","@id":"https:\/\/anoticiaonline.com.br\/site\/8a-edicao-da-cavalgada-de-macuco\/#blogposting","name":"8\u00aa edi\u00e7\u00e3o da Cavalgada de Macuco - A Not\u00edcia Online","headline":"8\u00aa edi\u00e7\u00e3o da Cavalgada de Macuco","author":{"@id":"https:\/\/anoticiaonline.com.br\/site\/author\/juliana\/#author"},"publisher":{"@id":"https:\/\/anoticiaonline.com.br\/site\/#organization"},"image":{"@type":"ImageObject","url":"https:\/\/anoticiaonline.com.br\/site\/wp-content\/uploads\/2017\/07\/DSC_0020.jpg","width":640,"height":427},"datePublished":"2017-07-15T12:38:40-03:00","dateModified":"2017-07-13T22:03:56-03:00","inLanguage":"pt-BR","mainEntityOfPage":{"@id":"https:\/\/anoticiaonline.com.br\/site\/8a-edicao-da-cavalgada-de-macuco\/#webpage"},"isPartOf":{"@id":"https:\/\/anoticiaonline.com.br\/site\/8a-edicao-da-cavalgada-de-macuco\/#webpage"},"articleSection":"Regi\u00e3o, cavalgada, Conselho Comunit\u00e1rio de Macuco, Cresol, Geraldo Pereira Fontes, Macuco, slide"},{"@type":"BreadcrumbList","@id":"https:\/\/anoticiaonline.com.br\/site\/8a-edicao-da-cavalgada-de-macuco\/#breadcrumblist","itemListElement":[{"@type":"ListItem","@id":"https:\/\/anoticiaonline.com.br\/site#listItem","position":1,"name":"Home","item":"https:\/\/anoticiaonline.com.br\/site","nextItem":{"@type":"ListItem","@id":"https:\/\/anoticiaonline.com.br\/site\/categoria\/regiao\/#listItem","name":"Regi\u00e3o"}},{"@type":"ListItem","@id":"https:\/\/anoticiaonline.com.br\/site\/categoria\/regiao\/#listItem","position":2,"name":"Regi\u00e3o","item":"https:\/\/anoticiaonline.com.br\/site\/categoria\/regiao\/","nextItem":{"@type":"ListItem","@id":"https:\/\/anoticiaonline.com.br\/site\/8a-edicao-da-cavalgada-de-macuco\/#listItem","name":"8\u00aa edi\u00e7\u00e3o da Cavalgada de Macuco"},"previousItem":{"@type":"ListItem","@id":"https:\/\/anoticiaonline.com.br\/site#listItem","name":"Home"}},{"@type":"ListItem","@id":"https:\/\/anoticiaonline.com.br\/site\/8a-edicao-da-cavalgada-de-macuco\/#listItem","position":3,"name":"8\u00aa edi\u00e7\u00e3o da Cavalgada de Macuco","previousItem":{"@type":"ListItem","@id":"https:\/\/anoticiaonline.com.br\/site\/categoria\/regiao\/#listItem","name":"Regi\u00e3o"}}]},{"@type":"Organization","@id":"https:\/\/anoticiaonline.com.br\/site\/#organization","name":"A Not\u00edcia Online","description":"Noticias de Muria\u00e9 e regi\u00e3o","url":"https:\/\/anoticiaonline.com.br\/site\/","logo":{"@type":"ImageObject","url":"https:\/\/scontent-gig4-1.xx.fbcdn.net\/v\/t39.30808-1\/270437624_4564083193639691_6907940295614233970_n.jpg?stp=dst-jpg_s200x200_tt6&_nc_cat=111&ccb=1-7&_nc_sid=f907e8&_nc_ohc=SM1wRlP3lJwQ7kNvwEPuBYA&_nc_oc=AdnqrjDN_BNjSSHWO-GbkIWH6fkGMLw4bqvL_NH6e2wMveX7G-rP2dAqsDSq1mJMOaY&_nc_zt=24&_nc_ht=scontent-gig4-1.xx&_nc_gid=AoBFJeGrT1hVaew_6rchkQ&oh=00_AfX7QmFGhQhG2jAllVgXCiM1ZrWgvtp80-Bfppyexh1QEg&oe=689E923C","@id":"https:\/\/anoticiaonline.com.br\/site\/8a-edicao-da-cavalgada-de-macuco\/#organizationLogo"},"image":{"@id":"https:\/\/anoticiaonline.com.br\/site\/8a-edicao-da-cavalgada-de-macuco\/#organizationLogo"}},{"@type":"Person","@id":"https:\/\/anoticiaonline.com.br\/site\/author\/juliana\/#author","url":"https:\/\/anoticiaonline.com.br\/site\/author\/juliana\/","name":"Juliana Laviola","image":{"@type":"ImageObject","@id":"https:\/\/anoticiaonline.com.br\/site\/8a-edicao-da-cavalgada-de-macuco\/#authorImage","url":"https:\/\/secure.gravatar.com\/avatar\/b8d45f5c699b100dfaf0e543582f38f38bf94cb7ae3a5e9abf8d891a34773335?s=96&d=mm&r=g","width":96,"height":96,"caption":"Juliana Laviola"}},{"@type":"WebPage","@id":"https:\/\/anoticiaonline.com.br\/site\/8a-edicao-da-cavalgada-de-macuco\/#webpage","url":"https:\/\/anoticiaonline.com.br\/site\/8a-edicao-da-cavalgada-de-macuco\/","name":"8\u00aa edi\u00e7\u00e3o da Cavalgada de Macuco - A Not\u00edcia Online","description":"Sucesso em sua 8\u00aa edi\u00e7\u00e3o, a tradicional Cavalgada de Macuco reuniu centenas de pessoas da regi\u00e3o no \u00faltimo fim de semana. No primeiro dia, s\u00e1bado (8), o evento contou com um animado forr\u00f3 com Pedro Sabino e banda e, no domingo (9), foi o dia de acordar cedo para ben\u00e7\u00e3o dos cavaleiros e a tradicional","inLanguage":"pt-BR","isPartOf":{"@id":"https:\/\/anoticiaonline.com.br\/site\/#website"},"breadcrumb":{"@id":"https:\/\/anoticiaonline.com.br\/site\/8a-edicao-da-cavalgada-de-macuco\/#breadcrumblist"},"author":{"@id":"https:\/\/anoticiaonline.com.br\/site\/author\/juliana\/#author"},"creator":{"@id":"https:\/\/anoticiaonline.com.br\/site\/author\/juliana\/#author"},"image":{"@type":"ImageObject","url":"https:\/\/anoticiaonline.com.br\/site\/wp-content\/uploads\/2017\/07\/DSC_0020.jpg","@id":"https:\/\/anoticiaonline.com.br\/site\/8a-edicao-da-cavalgada-de-macuco\/#mainImage","width":640,"height":427},"primaryImageOfPage":{"@id":"https:\/\/anoticiaonline.com.br\/site\/8a-edicao-da-cavalgada-de-macuco\/#mainImage"},"datePublished":"2017-07-15T12:38:40-03:00","dateModified":"2017-07-13T22:03:56-03:00"},{"@type":"WebSite","@id":"https:\/\/anoticiaonline.com.br\/site\/#website","url":"https:\/\/anoticiaonline.com.br\/site\/","name":"A Not\u00edcia Online","description":"Noticias de Muria\u00e9 e regi\u00e3o","inLanguage":"pt-BR","publisher":{"@id":"https:\/\/anoticiaonline.com.br\/site\/#organization"}}]},"og:locale":"pt_BR","og:site_name":"A Not\u00edcia Online - Noticias de Muria\u00e9 e regi\u00e3o","og:type":"article","og:title":"8\u00aa edi\u00e7\u00e3o da Cavalgada de Macuco - A Not\u00edcia Online","og:description":"Sucesso em sua 8\u00aa edi\u00e7\u00e3o, a tradicional Cavalgada de Macuco reuniu centenas de pessoas da regi\u00e3o no \u00faltimo fim de semana. No primeiro dia, s\u00e1bado (8), o evento contou com um animado forr\u00f3 com Pedro Sabino e banda e, no domingo (9), foi o dia de acordar cedo para ben\u00e7\u00e3o dos cavaleiros e a tradicional","og:url":"https:\/\/anoticiaonline.com.br\/site\/8a-edicao-da-cavalgada-de-macuco\/","og:image":"https:\/\/scontent-gig4-1.xx.fbcdn.net\/v\/t39.30808-1\/270437624_4564083193639691_6907940295614233970_n.jpg?stp=dst-jpg_s200x200_tt6&#038;_nc_cat=111&#038;ccb=1-7&#038;_nc_sid=f907e8&#038;_nc_ohc=SM1wRlP3lJwQ7kNvwEPuBYA&#038;_nc_oc=AdnqrjDN_BNjSSHWO-GbkIWH6fkGMLw4bqvL_NH6e2wMveX7G-rP2dAqsDSq1mJMOaY&#038;_nc_zt=24&#038;_nc_ht=scontent-gig4-1.xx&#038;_nc_gid=AoBFJeGrT1hVaew_6rchkQ&#038;oh=00_AfX7QmFGhQhG2jAllVgXCiM1ZrWgvtp80-Bfppyexh1QEg&#038;oe=689E923C","og:image:secure_url":"https:\/\/scontent-gig4-1.xx.fbcdn.net\/v\/t39.30808-1\/270437624_4564083193639691_6907940295614233970_n.jpg?stp=dst-jpg_s200x200_tt6&#038;_nc_cat=111&#038;ccb=1-7&#038;_nc_sid=f907e8&#038;_nc_ohc=SM1wRlP3lJwQ7kNvwEPuBYA&#038;_nc_oc=AdnqrjDN_BNjSSHWO-GbkIWH6fkGMLw4bqvL_NH6e2wMveX7G-rP2dAqsDSq1mJMOaY&#038;_nc_zt=24&#038;_nc_ht=scontent-gig4-1.xx&#038;_nc_gid=AoBFJeGrT1hVaew_6rchkQ&#038;oh=00_AfX7QmFGhQhG2jAllVgXCiM1ZrWgvtp80-Bfppyexh1QEg&#038;oe=689E923C","article:published_time":"2017-07-15T15:38:40+00:00","article:modified_time":"2017-07-14T01:03:56+00:00","twitter:card":"summary_large_image","twitter:title":"8\u00aa edi\u00e7\u00e3o da Cavalgada de Macuco - A Not\u00edcia Online","twitter:description":"Sucesso em sua 8\u00aa edi\u00e7\u00e3o, a tradicional Cavalgada de Macuco reuniu centenas de pessoas da regi\u00e3o no \u00faltimo fim de semana. No primeiro dia, s\u00e1bado (8), o evento contou com um animado forr\u00f3 com Pedro Sabino e banda e, no domingo (9), foi o dia de acordar cedo para ben\u00e7\u00e3o dos cavaleiros e a tradicional","twitter:image":"https:\/\/scontent-gig4-1.xx.fbcdn.net\/v\/t39.30808-1\/270437624_4564083193639691_6907940295614233970_n.jpg?stp=dst-jpg_s200x200_tt6&_nc_cat=111&ccb=1-7&_nc_sid=f907e8&_nc_ohc=SM1wRlP3lJwQ7kNvwEPuBYA&_nc_oc=AdnqrjDN_BNjSSHWO-GbkIWH6fkGMLw4bqvL_NH6e2wMveX7G-rP2dAqsDSq1mJMOaY&_nc_zt=24&_nc_ht=scontent-gig4-1.xx&_nc_gid=AoBFJeGrT1hVaew_6rchkQ&oh=00_AfX7QmFGhQhG2jAllVgXCiM1ZrWgvtp80-Bfppyexh1QEg&oe=689E923C"},"aioseo_meta_data":{"post_id":"35635","title":null,"description":null,"keywords":null,"keyphrases":null,"primary_term":null,"canonical_url":null,"og_title":null,"og_description":null,"og_object_type":"default","og_image_type":"default","og_image_url":null,"og_image_width":null,"og_image_height":null,"og_image_custom_url":null,"og_image_custom_fields":null,"og_video":null,"og_custom_url":null,"og_article_section":null,"og_article_tags":null,"twitter_use_og":false,"twitter_card":"default","twitter_image_type":"default","twitter_image_url":null,"twitter_image_custom_url":null,"twitter_image_custom_fields":null,"twitter_title":null,"twitter_description":null,"schema":{"blockGraphs":[],"customGraphs":[],"default":{"data":{"Article":[],"Course":[],"Dataset":[],"FAQPage":[],"Movie":[],"Person":[],"Product":[],"ProductReview":[],"Car":[],"Recipe":[],"Service":[],"SoftwareApplication":[],"WebPage":[]},"graphName":"","isEnabled":true},"graphs":[]},"schema_type":"default","schema_type_options":null,"pillar_content":false,"robots_default":true,"robots_noindex":false,"robots_noarchive":false,"robots_nosnippet":false,"robots_nofollow":false,"robots_noimageindex":false,"robots_noodp":false,"robots_notranslate":false,"robots_max_snippet":null,"robots_max_videopreview":null,"robots_max_imagepreview":"large","priority":null,"frequency":null,"local_seo":null,"breadcrumb_settings":null,"limit_modified_date":false,"ai":null,"created":"2025-08-16 18:53:47","updated":"2025-08-16 18:53:47","focus_keyword":null,"additional_keywords":null,"truseo_locale":null,"seo_analyzer_scan_date":null},"aioseo_breadcrumb":"<div class=\"aioseo-breadcrumbs\"><span class=\"aioseo-breadcrumb\">\n\t\t\t<a href=\"https:\/\/anoticiaonline.com.br\/site\" title=\"Home\">Home<\/a>\n\t\t<\/span><span class=\"aioseo-breadcrumb-separator\">&raquo;<\/span><span class=\"aioseo-breadcrumb\">\n\t\t\t<a href=\"https:\/\/anoticiaonline.com.br\/site\/categoria\/regiao\/\" title=\"Regi\u00e3o\">Regi\u00e3o<\/a>\n\t\t<\/span><span class=\"aioseo-breadcrumb-separator\">&raquo;<\/span><span class=\"aioseo-breadcrumb\">\n\t\t\t8\u00aa edi\u00e7\u00e3o da Cavalgada de Macuco\n\t\t<\/span><\/div>","aioseo_breadcrumb_json":[{"label":"Home","link":"https:\/\/anoticiaonline.com.br\/site"},{"label":"Regi\u00e3o","link":"https:\/\/anoticiaonline.com.br\/site\/categoria\/regiao\/"},{"label":"8\u00aa edi\u00e7\u00e3o da Cavalgada de Macuco","link":"https:\/\/anoticiaonline.com.br\/site\/8a-edicao-da-cavalgada-de-macuco\/"}],"views":187,"_links":{"self":[{"href":"https:\/\/anoticiaonline.com.br\/site\/wp-json\/wp\/v2\/posts\/35635","targetHints":{"allow":["GET"]}}],"collection":[{"href":"https:\/\/anoticiaonline.com.br\/site\/wp-json\/wp\/v2\/posts"}],"about":[{"href":"https:\/\/anoticiaonline.com.br\/site\/wp-json\/wp\/v2\/types\/post"}],"author":[{"embeddable":true,"href":"https:\/\/anoticiaonline.com.br\/site\/wp-json\/wp\/v2\/users\/2"}],"replies":[{"embeddable":true,"href":"https:\/\/anoticiaonline.com.br\/site\/wp-json\/wp\/v2\/comments?post=35635"}],"version-history":[{"count":0,"href":"https:\/\/anoticiaonline.com.br\/site\/wp-json\/wp\/v2\/posts\/35635\/revisions"}],"wp:featuredmedia":[{"embeddable":true,"href":"https:\/\/anoticiaonline.com.br\/site\/wp-json\/wp\/v2\/media\/35637"}],"wp:attachment":[{"href":"https:\/\/anoticiaonline.com.br\/site\/wp-json\/wp\/v2\/media?parent=35635"}],"wp:term":[{"taxonomy":"category","embeddable":true,"href":"https:\/\/anoticiaonline.com.br\/site\/wp-json\/wp\/v2\/categories?post=35635"},{"taxonomy":"post_tag","embeddable":true,"href":"https:\/\/anoticiaonline.com.br\/site\/wp-json\/wp\/v2\/tags?post=35635"}],"curies":[{"name":"wp","href":"https:\/\/api.w.org\/{rel}","templated":true}]}}