{"id":35109,"date":"2017-07-14T14:52:24","date_gmt":"2017-07-14T17:52:24","guid":{"rendered":"http:\/\/anoticiaonline.com.br\/site\/?p=35109"},"modified":"2017-07-13T19:26:53","modified_gmt":"2017-07-13T22:26:53","slug":"festa-julhina-do-restaurante-charretinha-e-sucesso-em-mais-uma-edicao","status":"publish","type":"post","link":"https:\/\/anoticiaonline.com.br\/site\/festa-julhina-do-restaurante-charretinha-e-sucesso-em-mais-uma-edicao\/","title":{"rendered":"Festa julhina do Restaurante Charretinha \u00e9 sucesso em mais uma edi\u00e7\u00e3o"},"content":{"rendered":"<p><img fetchpriority=\"high\" decoding=\"async\" class=\"alignleft size-medium wp-image-35272\" src=\"https:\/\/anoticiaonline.com.br\/site\/wp-content\/uploads\/2017\/07\/DSC_0977-300x200.jpg\" alt=\"\" width=\"300\" height=\"200\" srcset=\"https:\/\/anoticiaonline.com.br\/site\/wp-content\/uploads\/2017\/07\/DSC_0977-300x200.jpg 300w, https:\/\/anoticiaonline.com.br\/site\/wp-content\/uploads\/2017\/07\/DSC_0977.jpg 640w\" sizes=\"(max-width: 300px) 100vw, 300px\" \/><a href=\"https:\/\/anoticiaonline.com.br\/site\/wp-content\/uploads\/2017\/07\/DSC_0722.jpg\"><img decoding=\"async\" class=\"alignleft size-medium wp-image-35268\" src=\"https:\/\/anoticiaonline.com.br\/site\/wp-content\/uploads\/2017\/07\/DSC_0722-300x200.jpg\" alt=\"\" width=\"300\" height=\"200\" srcset=\"https:\/\/anoticiaonline.com.br\/site\/wp-content\/uploads\/2017\/07\/DSC_0722-300x200.jpg 300w, https:\/\/anoticiaonline.com.br\/site\/wp-content\/uploads\/2017\/07\/DSC_0722.jpg 640w\" sizes=\"(max-width: 300px) 100vw, 300px\" \/><\/a><\/p>\n<p><img decoding=\"async\" class=\"alignleft size-medium wp-image-35270\" src=\"https:\/\/anoticiaonline.com.br\/site\/wp-content\/uploads\/2017\/07\/DSC_0898-300x200.jpg\" alt=\"\" width=\"300\" height=\"200\" srcset=\"https:\/\/anoticiaonline.com.br\/site\/wp-content\/uploads\/2017\/07\/DSC_0898-300x200.jpg 300w, https:\/\/anoticiaonline.com.br\/site\/wp-content\/uploads\/2017\/07\/DSC_0898.jpg 640w\" sizes=\"(max-width: 300px) 100vw, 300px\" \/><\/p>\n<p><a href=\"https:\/\/anoticiaonline.com.br\/site\/wp-content\/uploads\/2017\/07\/DSC_0890.jpg\"><img loading=\"lazy\" decoding=\"async\" class=\"alignleft size-medium wp-image-35269\" src=\"https:\/\/anoticiaonline.com.br\/site\/wp-content\/uploads\/2017\/07\/DSC_0890-300x200.jpg\" alt=\"\" width=\"300\" height=\"200\" srcset=\"https:\/\/anoticiaonline.com.br\/site\/wp-content\/uploads\/2017\/07\/DSC_0890-300x200.jpg 300w, https:\/\/anoticiaonline.com.br\/site\/wp-content\/uploads\/2017\/07\/DSC_0890.jpg 640w\" sizes=\"(max-width: 300px) 100vw, 300px\" \/><\/a> <a href=\"https:\/\/anoticiaonline.com.br\/site\/wp-content\/uploads\/2017\/07\/DSC_0916.jpg\"><img loading=\"lazy\" decoding=\"async\" class=\"alignleft size-medium wp-image-35271\" src=\"https:\/\/anoticiaonline.com.br\/site\/wp-content\/uploads\/2017\/07\/DSC_0916-300x200.jpg\" alt=\"\" width=\"300\" height=\"200\" srcset=\"https:\/\/anoticiaonline.com.br\/site\/wp-content\/uploads\/2017\/07\/DSC_0916-300x200.jpg 300w, https:\/\/anoticiaonline.com.br\/site\/wp-content\/uploads\/2017\/07\/DSC_0916.jpg 640w\" sizes=\"(max-width: 300px) 100vw, 300px\" \/><\/a> O restaurante da Charretinha, localizado no Bairro Sofoc\u00f3, foi palco de mais uma tradicional festa julhina. O ambiente recebeu decora\u00e7\u00e3o especial, onde foi montada uma excelente estrutura para receber o p\u00fablico na noite fria de s\u00e1bado (8).<\/p>\n<p>A festa contou com a apresenta\u00e7\u00e3o da animada banda Sintaliga, com participa\u00e7\u00e3o de Jo\u00e3ozinho da Sanfona, que colocou centenas de pessoas para dan\u00e7ar com um animado forr\u00f3. Todos os presentes puderam se deliciar com variados caldos, comidas t\u00edpicas, doces deliciosos, bolos, broas e diversas bebidas.<\/p>\n<p>O casal propriet\u00e1rio do Restaurante da Charretinha, Marco Ant\u00f4nio e Roseane, juntamente com seu pai, Toninho da Charretinha, salientam que a festa s\u00f3 acontece devido \u00e0 participa\u00e7\u00e3o maci\u00e7a da comunidade. \u201cAgradecemos a todos a participa\u00e7\u00e3o de sempre. Nossas festas s\u00e3o, gra\u00e7as a Deus, com ambiente familiar e com muita descontra\u00e7\u00e3o. Obrigado pela confian\u00e7a e parceria de sempre\u201d.<\/p>\n<p>O restaurante fica localizado na S\u00edtio da Charretinha (Sofoc\u00f3), oferecendo diariamente o melhor da comida mineira, com ambiente agrad\u00e1vel e \u00f3tima localiza\u00e7\u00e3o.<\/p>\n<p><img decoding=\"async\" class=\"ngg_displayed_gallery mceItem\" src=\"https:\/\/anoticiaonline.com.br\/site\/nextgen-attach_to_post\/preview\/id--35515\" \/><\/p>\n","protected":false},"excerpt":{"rendered":"<p>O restaurante da Charretinha, localizado no Bairro Sofoc\u00f3, foi palco de mais uma tradicional festa julhina. O ambiente recebeu decora\u00e7\u00e3o especial, onde foi montada uma excelente estrutura para receber o p\u00fablico na noite fria de s\u00e1bado (8). A festa contou com a apresenta\u00e7\u00e3o da animada banda Sintaliga, com participa\u00e7\u00e3o de Jo\u00e3ozinho da Sanfona, que colocou &#8230; <a title=\"Festa julhina do Restaurante Charretinha \u00e9 sucesso em mais uma edi\u00e7\u00e3o\" class=\"read-more\" href=\"https:\/\/anoticiaonline.com.br\/site\/festa-julhina-do-restaurante-charretinha-e-sucesso-em-mais-uma-edicao\/\" aria-label=\"Read more about Festa julhina do Restaurante Charretinha \u00e9 sucesso em mais uma edi\u00e7\u00e3o\">Ler mais<\/a><\/p>\n","protected":false},"author":2,"featured_media":35272,"comment_status":"open","ping_status":"open","sticky":false,"template":"","format":"standard","meta":{"_acf_changed":false,"_monsterinsights_skip_tracking":false,"footnotes":""},"categories":[1],"tags":[618,626,623,621,622,624,619,3,620,625],"class_list":["post-35109","post","type-post","status-publish","format-standard","has-post-thumbnail","hentry","category-gerais","tag-charretinha","tag-festa-julhina","tag-joaozinho-da-sanfona","tag-marco-antonio","tag-roseane","tag-sintaliga","tag-sitio-da-charretinha","tag-slide","tag-sofoco","tag-toninho-da-charretinha"],"acf":[],"aioseo_notices":[],"aioseo_head":"\n\t\t<!-- All in One SEO 5.0.0.1 - aioseo.com -->\n\t<meta name=\"description\" content=\"O restaurante da Charretinha, localizado no Bairro Sofoc\u00f3, foi palco de mais uma tradicional festa julhina. O ambiente recebeu decora\u00e7\u00e3o especial, onde foi montada uma excelente estrutura para receber o p\u00fablico na noite fria de s\u00e1bado (8). A festa contou com a apresenta\u00e7\u00e3o da animada banda Sintaliga, com participa\u00e7\u00e3o de Jo\u00e3ozinho da Sanfona, que colocou\" \/>\n\t<meta name=\"robots\" content=\"max-image-preview:large\" \/>\n\t<meta name=\"author\" content=\"Juliana Laviola\"\/>\n\t<link rel=\"canonical\" href=\"https:\/\/anoticiaonline.com.br\/site\/festa-julhina-do-restaurante-charretinha-e-sucesso-em-mais-uma-edicao\/\" \/>\n\t<meta name=\"generator\" content=\"All in One SEO (AIOSEO) 5.0.0.1\" \/>\n\t\t<meta property=\"og:locale\" content=\"pt_BR\" \/>\n\t\t<meta property=\"og:site_name\" content=\"A Not\u00edcia Online - Noticias de Muria\u00e9 e regi\u00e3o\" \/>\n\t\t<meta property=\"og:type\" content=\"article\" \/>\n\t\t<meta property=\"og:title\" content=\"Festa julhina do Restaurante Charretinha \u00e9 sucesso em mais uma edi\u00e7\u00e3o - A Not\u00edcia Online\" \/>\n\t\t<meta property=\"og:description\" content=\"O restaurante da Charretinha, localizado no Bairro Sofoc\u00f3, foi palco de mais uma tradicional festa julhina. O ambiente recebeu decora\u00e7\u00e3o especial, onde foi montada uma excelente estrutura para receber o p\u00fablico na noite fria de s\u00e1bado (8). A festa contou com a apresenta\u00e7\u00e3o da animada banda Sintaliga, com participa\u00e7\u00e3o de Jo\u00e3ozinho da Sanfona, que colocou\" \/>\n\t\t<meta property=\"og:url\" content=\"https:\/\/anoticiaonline.com.br\/site\/festa-julhina-do-restaurante-charretinha-e-sucesso-em-mais-uma-edicao\/\" \/>\n\t\t<meta property=\"og:image\" content=\"https:\/\/scontent-gig4-1.xx.fbcdn.net\/v\/t39.30808-1\/270437624_4564083193639691_6907940295614233970_n.jpg?stp=dst-jpg_s200x200_tt6&#038;_nc_cat=111&#038;ccb=1-7&#038;_nc_sid=f907e8&#038;_nc_ohc=SM1wRlP3lJwQ7kNvwEPuBYA&#038;_nc_oc=AdnqrjDN_BNjSSHWO-GbkIWH6fkGMLw4bqvL_NH6e2wMveX7G-rP2dAqsDSq1mJMOaY&#038;_nc_zt=24&#038;_nc_ht=scontent-gig4-1.xx&#038;_nc_gid=AoBFJeGrT1hVaew_6rchkQ&#038;oh=00_AfX7QmFGhQhG2jAllVgXCiM1ZrWgvtp80-Bfppyexh1QEg&#038;oe=689E923C\" \/>\n\t\t<meta property=\"og:image:secure_url\" content=\"https:\/\/scontent-gig4-1.xx.fbcdn.net\/v\/t39.30808-1\/270437624_4564083193639691_6907940295614233970_n.jpg?stp=dst-jpg_s200x200_tt6&#038;_nc_cat=111&#038;ccb=1-7&#038;_nc_sid=f907e8&#038;_nc_ohc=SM1wRlP3lJwQ7kNvwEPuBYA&#038;_nc_oc=AdnqrjDN_BNjSSHWO-GbkIWH6fkGMLw4bqvL_NH6e2wMveX7G-rP2dAqsDSq1mJMOaY&#038;_nc_zt=24&#038;_nc_ht=scontent-gig4-1.xx&#038;_nc_gid=AoBFJeGrT1hVaew_6rchkQ&#038;oh=00_AfX7QmFGhQhG2jAllVgXCiM1ZrWgvtp80-Bfppyexh1QEg&#038;oe=689E923C\" \/>\n\t\t<meta property=\"article:published_time\" content=\"2017-07-14T17:52:24+00:00\" \/>\n\t\t<meta property=\"article:modified_time\" content=\"2017-07-13T22:26:53+00:00\" \/>\n\t\t<meta name=\"twitter:card\" content=\"summary_large_image\" \/>\n\t\t<meta name=\"twitter:title\" content=\"Festa julhina do Restaurante Charretinha \u00e9 sucesso em mais uma edi\u00e7\u00e3o - A Not\u00edcia Online\" \/>\n\t\t<meta name=\"twitter:description\" content=\"O restaurante da Charretinha, localizado no Bairro Sofoc\u00f3, foi palco de mais uma tradicional festa julhina. O ambiente recebeu decora\u00e7\u00e3o especial, onde foi montada uma excelente estrutura para receber o p\u00fablico na noite fria de s\u00e1bado (8). A festa contou com a apresenta\u00e7\u00e3o da animada banda Sintaliga, com participa\u00e7\u00e3o de Jo\u00e3ozinho da Sanfona, que colocou\" \/>\n\t\t<meta name=\"twitter:image\" content=\"https:\/\/scontent-gig4-1.xx.fbcdn.net\/v\/t39.30808-1\/270437624_4564083193639691_6907940295614233970_n.jpg?stp=dst-jpg_s200x200_tt6&amp;_nc_cat=111&amp;ccb=1-7&amp;_nc_sid=f907e8&amp;_nc_ohc=SM1wRlP3lJwQ7kNvwEPuBYA&amp;_nc_oc=AdnqrjDN_BNjSSHWO-GbkIWH6fkGMLw4bqvL_NH6e2wMveX7G-rP2dAqsDSq1mJMOaY&amp;_nc_zt=24&amp;_nc_ht=scontent-gig4-1.xx&amp;_nc_gid=AoBFJeGrT1hVaew_6rchkQ&amp;oh=00_AfX7QmFGhQhG2jAllVgXCiM1ZrWgvtp80-Bfppyexh1QEg&amp;oe=689E923C\" \/>\n\t\t<script type=\"application\/ld+json\" class=\"aioseo-schema\">\n\t\t\t{\"@context\":\"https:\\\/\\\/schema.org\",\"@graph\":[{\"@type\":\"BlogPosting\",\"@id\":\"https:\\\/\\\/anoticiaonline.com.br\\\/site\\\/festa-julhina-do-restaurante-charretinha-e-sucesso-em-mais-uma-edicao\\\/#blogposting\",\"name\":\"Festa julhina do Restaurante Charretinha \\u00e9 sucesso em mais uma edi\\u00e7\\u00e3o - A Not\\u00edcia Online\",\"headline\":\"Festa julhina do Restaurante Charretinha \\u00e9 sucesso em mais uma edi\\u00e7\\u00e3o\",\"author\":{\"@id\":\"https:\\\/\\\/anoticiaonline.com.br\\\/site\\\/author\\\/juliana\\\/#author\"},\"publisher\":{\"@id\":\"https:\\\/\\\/anoticiaonline.com.br\\\/site\\\/#organization\"},\"image\":{\"@type\":\"ImageObject\",\"url\":\"https:\\\/\\\/anoticiaonline.com.br\\\/site\\\/wp-content\\\/uploads\\\/2017\\\/07\\\/DSC_0977.jpg\",\"width\":640,\"height\":427},\"datePublished\":\"2017-07-14T14:52:24-03:00\",\"dateModified\":\"2017-07-13T19:26:53-03:00\",\"inLanguage\":\"pt-BR\",\"mainEntityOfPage\":{\"@id\":\"https:\\\/\\\/anoticiaonline.com.br\\\/site\\\/festa-julhina-do-restaurante-charretinha-e-sucesso-em-mais-uma-edicao\\\/#webpage\"},\"isPartOf\":{\"@id\":\"https:\\\/\\\/anoticiaonline.com.br\\\/site\\\/festa-julhina-do-restaurante-charretinha-e-sucesso-em-mais-uma-edicao\\\/#webpage\"},\"articleSection\":\"Gerais, charretinha, festa julhina, Jo\\u00e3ozinho da Sanfona, Marco Ant\\u00f4nio, Roseane, Sintaliga, S\\u00edtio da Charretinha, slide, Sofoc\\u00f3, Toninho da Charretinha\"},{\"@type\":\"BreadcrumbList\",\"@id\":\"https:\\\/\\\/anoticiaonline.com.br\\\/site\\\/festa-julhina-do-restaurante-charretinha-e-sucesso-em-mais-uma-edicao\\\/#breadcrumblist\",\"itemListElement\":[{\"@type\":\"ListItem\",\"@id\":\"https:\\\/\\\/anoticiaonline.com.br\\\/site#listItem\",\"position\":1,\"name\":\"Home\",\"item\":\"https:\\\/\\\/anoticiaonline.com.br\\\/site\",\"nextItem\":{\"@type\":\"ListItem\",\"@id\":\"https:\\\/\\\/anoticiaonline.com.br\\\/site\\\/categoria\\\/gerais\\\/#listItem\",\"name\":\"Gerais\"}},{\"@type\":\"ListItem\",\"@id\":\"https:\\\/\\\/anoticiaonline.com.br\\\/site\\\/categoria\\\/gerais\\\/#listItem\",\"position\":2,\"name\":\"Gerais\",\"item\":\"https:\\\/\\\/anoticiaonline.com.br\\\/site\\\/categoria\\\/gerais\\\/\",\"nextItem\":{\"@type\":\"ListItem\",\"@id\":\"https:\\\/\\\/anoticiaonline.com.br\\\/site\\\/festa-julhina-do-restaurante-charretinha-e-sucesso-em-mais-uma-edicao\\\/#listItem\",\"name\":\"Festa julhina do Restaurante Charretinha \\u00e9 sucesso em mais uma edi\\u00e7\\u00e3o\"},\"previousItem\":{\"@type\":\"ListItem\",\"@id\":\"https:\\\/\\\/anoticiaonline.com.br\\\/site#listItem\",\"name\":\"Home\"}},{\"@type\":\"ListItem\",\"@id\":\"https:\\\/\\\/anoticiaonline.com.br\\\/site\\\/festa-julhina-do-restaurante-charretinha-e-sucesso-em-mais-uma-edicao\\\/#listItem\",\"position\":3,\"name\":\"Festa julhina do Restaurante Charretinha \\u00e9 sucesso em mais uma edi\\u00e7\\u00e3o\",\"previousItem\":{\"@type\":\"ListItem\",\"@id\":\"https:\\\/\\\/anoticiaonline.com.br\\\/site\\\/categoria\\\/gerais\\\/#listItem\",\"name\":\"Gerais\"}}]},{\"@type\":\"Organization\",\"@id\":\"https:\\\/\\\/anoticiaonline.com.br\\\/site\\\/#organization\",\"name\":\"A Not\\u00edcia Online\",\"description\":\"Noticias de Muria\\u00e9 e regi\\u00e3o\",\"url\":\"https:\\\/\\\/anoticiaonline.com.br\\\/site\\\/\",\"logo\":{\"@type\":\"ImageObject\",\"url\":\"https:\\\/\\\/scontent-gig4-1.xx.fbcdn.net\\\/v\\\/t39.30808-1\\\/270437624_4564083193639691_6907940295614233970_n.jpg?stp=dst-jpg_s200x200_tt6&_nc_cat=111&ccb=1-7&_nc_sid=f907e8&_nc_ohc=SM1wRlP3lJwQ7kNvwEPuBYA&_nc_oc=AdnqrjDN_BNjSSHWO-GbkIWH6fkGMLw4bqvL_NH6e2wMveX7G-rP2dAqsDSq1mJMOaY&_nc_zt=24&_nc_ht=scontent-gig4-1.xx&_nc_gid=AoBFJeGrT1hVaew_6rchkQ&oh=00_AfX7QmFGhQhG2jAllVgXCiM1ZrWgvtp80-Bfppyexh1QEg&oe=689E923C\",\"@id\":\"https:\\\/\\\/anoticiaonline.com.br\\\/site\\\/festa-julhina-do-restaurante-charretinha-e-sucesso-em-mais-uma-edicao\\\/#organizationLogo\"},\"image\":{\"@id\":\"https:\\\/\\\/anoticiaonline.com.br\\\/site\\\/festa-julhina-do-restaurante-charretinha-e-sucesso-em-mais-uma-edicao\\\/#organizationLogo\"}},{\"@type\":\"Person\",\"@id\":\"https:\\\/\\\/anoticiaonline.com.br\\\/site\\\/author\\\/juliana\\\/#author\",\"url\":\"https:\\\/\\\/anoticiaonline.com.br\\\/site\\\/author\\\/juliana\\\/\",\"name\":\"Juliana Laviola\",\"image\":{\"@type\":\"ImageObject\",\"@id\":\"https:\\\/\\\/anoticiaonline.com.br\\\/site\\\/festa-julhina-do-restaurante-charretinha-e-sucesso-em-mais-uma-edicao\\\/#authorImage\",\"url\":\"https:\\\/\\\/secure.gravatar.com\\\/avatar\\\/b8d45f5c699b100dfaf0e543582f38f38bf94cb7ae3a5e9abf8d891a34773335?s=96&d=mm&r=g\",\"width\":96,\"height\":96,\"caption\":\"Juliana Laviola\"}},{\"@type\":\"WebPage\",\"@id\":\"https:\\\/\\\/anoticiaonline.com.br\\\/site\\\/festa-julhina-do-restaurante-charretinha-e-sucesso-em-mais-uma-edicao\\\/#webpage\",\"url\":\"https:\\\/\\\/anoticiaonline.com.br\\\/site\\\/festa-julhina-do-restaurante-charretinha-e-sucesso-em-mais-uma-edicao\\\/\",\"name\":\"Festa julhina do Restaurante Charretinha \\u00e9 sucesso em mais uma edi\\u00e7\\u00e3o - A Not\\u00edcia Online\",\"description\":\"O restaurante da Charretinha, localizado no Bairro Sofoc\\u00f3, foi palco de mais uma tradicional festa julhina. O ambiente recebeu decora\\u00e7\\u00e3o especial, onde foi montada uma excelente estrutura para receber o p\\u00fablico na noite fria de s\\u00e1bado (8). A festa contou com a apresenta\\u00e7\\u00e3o da animada banda Sintaliga, com participa\\u00e7\\u00e3o de Jo\\u00e3ozinho da Sanfona, que colocou\",\"inLanguage\":\"pt-BR\",\"isPartOf\":{\"@id\":\"https:\\\/\\\/anoticiaonline.com.br\\\/site\\\/#website\"},\"breadcrumb\":{\"@id\":\"https:\\\/\\\/anoticiaonline.com.br\\\/site\\\/festa-julhina-do-restaurante-charretinha-e-sucesso-em-mais-uma-edicao\\\/#breadcrumblist\"},\"author\":{\"@id\":\"https:\\\/\\\/anoticiaonline.com.br\\\/site\\\/author\\\/juliana\\\/#author\"},\"creator\":{\"@id\":\"https:\\\/\\\/anoticiaonline.com.br\\\/site\\\/author\\\/juliana\\\/#author\"},\"image\":{\"@type\":\"ImageObject\",\"url\":\"https:\\\/\\\/anoticiaonline.com.br\\\/site\\\/wp-content\\\/uploads\\\/2017\\\/07\\\/DSC_0977.jpg\",\"@id\":\"https:\\\/\\\/anoticiaonline.com.br\\\/site\\\/festa-julhina-do-restaurante-charretinha-e-sucesso-em-mais-uma-edicao\\\/#mainImage\",\"width\":640,\"height\":427},\"primaryImageOfPage\":{\"@id\":\"https:\\\/\\\/anoticiaonline.com.br\\\/site\\\/festa-julhina-do-restaurante-charretinha-e-sucesso-em-mais-uma-edicao\\\/#mainImage\"},\"datePublished\":\"2017-07-14T14:52:24-03:00\",\"dateModified\":\"2017-07-13T19:26:53-03:00\"},{\"@type\":\"WebSite\",\"@id\":\"https:\\\/\\\/anoticiaonline.com.br\\\/site\\\/#website\",\"url\":\"https:\\\/\\\/anoticiaonline.com.br\\\/site\\\/\",\"name\":\"A Not\\u00edcia Online\",\"description\":\"Noticias de Muria\\u00e9 e regi\\u00e3o\",\"inLanguage\":\"pt-BR\",\"publisher\":{\"@id\":\"https:\\\/\\\/anoticiaonline.com.br\\\/site\\\/#organization\"}}]}\n\t\t<\/script>\n\t\t<!-- All in One SEO -->\n\n","aioseo_head_json":{"title":"Festa julhina do Restaurante Charretinha \u00e9 sucesso em mais uma edi\u00e7\u00e3o - A Not\u00edcia Online","description":"O restaurante da Charretinha, localizado no Bairro Sofoc\u00f3, foi palco de mais uma tradicional festa julhina. O ambiente recebeu decora\u00e7\u00e3o especial, onde foi montada uma excelente estrutura para receber o p\u00fablico na noite fria de s\u00e1bado (8). A festa contou com a apresenta\u00e7\u00e3o da animada banda Sintaliga, com participa\u00e7\u00e3o de Jo\u00e3ozinho da Sanfona, que colocou","canonical_url":"https:\/\/anoticiaonline.com.br\/site\/festa-julhina-do-restaurante-charretinha-e-sucesso-em-mais-uma-edicao\/","robots":"max-image-preview:large","keywords":"","webmasterTools":{"miscellaneous":""},"schema":{"@context":"https:\/\/schema.org","@graph":[{"@type":"BlogPosting","@id":"https:\/\/anoticiaonline.com.br\/site\/festa-julhina-do-restaurante-charretinha-e-sucesso-em-mais-uma-edicao\/#blogposting","name":"Festa julhina do Restaurante Charretinha \u00e9 sucesso em mais uma edi\u00e7\u00e3o - A Not\u00edcia Online","headline":"Festa julhina do Restaurante Charretinha \u00e9 sucesso em mais uma edi\u00e7\u00e3o","author":{"@id":"https:\/\/anoticiaonline.com.br\/site\/author\/juliana\/#author"},"publisher":{"@id":"https:\/\/anoticiaonline.com.br\/site\/#organization"},"image":{"@type":"ImageObject","url":"https:\/\/anoticiaonline.com.br\/site\/wp-content\/uploads\/2017\/07\/DSC_0977.jpg","width":640,"height":427},"datePublished":"2017-07-14T14:52:24-03:00","dateModified":"2017-07-13T19:26:53-03:00","inLanguage":"pt-BR","mainEntityOfPage":{"@id":"https:\/\/anoticiaonline.com.br\/site\/festa-julhina-do-restaurante-charretinha-e-sucesso-em-mais-uma-edicao\/#webpage"},"isPartOf":{"@id":"https:\/\/anoticiaonline.com.br\/site\/festa-julhina-do-restaurante-charretinha-e-sucesso-em-mais-uma-edicao\/#webpage"},"articleSection":"Gerais, charretinha, festa julhina, Jo\u00e3ozinho da Sanfona, Marco Ant\u00f4nio, Roseane, Sintaliga, S\u00edtio da Charretinha, slide, Sofoc\u00f3, Toninho da Charretinha"},{"@type":"BreadcrumbList","@id":"https:\/\/anoticiaonline.com.br\/site\/festa-julhina-do-restaurante-charretinha-e-sucesso-em-mais-uma-edicao\/#breadcrumblist","itemListElement":[{"@type":"ListItem","@id":"https:\/\/anoticiaonline.com.br\/site#listItem","position":1,"name":"Home","item":"https:\/\/anoticiaonline.com.br\/site","nextItem":{"@type":"ListItem","@id":"https:\/\/anoticiaonline.com.br\/site\/categoria\/gerais\/#listItem","name":"Gerais"}},{"@type":"ListItem","@id":"https:\/\/anoticiaonline.com.br\/site\/categoria\/gerais\/#listItem","position":2,"name":"Gerais","item":"https:\/\/anoticiaonline.com.br\/site\/categoria\/gerais\/","nextItem":{"@type":"ListItem","@id":"https:\/\/anoticiaonline.com.br\/site\/festa-julhina-do-restaurante-charretinha-e-sucesso-em-mais-uma-edicao\/#listItem","name":"Festa julhina do Restaurante Charretinha \u00e9 sucesso em mais uma edi\u00e7\u00e3o"},"previousItem":{"@type":"ListItem","@id":"https:\/\/anoticiaonline.com.br\/site#listItem","name":"Home"}},{"@type":"ListItem","@id":"https:\/\/anoticiaonline.com.br\/site\/festa-julhina-do-restaurante-charretinha-e-sucesso-em-mais-uma-edicao\/#listItem","position":3,"name":"Festa julhina do Restaurante Charretinha \u00e9 sucesso em mais uma edi\u00e7\u00e3o","previousItem":{"@type":"ListItem","@id":"https:\/\/anoticiaonline.com.br\/site\/categoria\/gerais\/#listItem","name":"Gerais"}}]},{"@type":"Organization","@id":"https:\/\/anoticiaonline.com.br\/site\/#organization","name":"A Not\u00edcia Online","description":"Noticias de Muria\u00e9 e regi\u00e3o","url":"https:\/\/anoticiaonline.com.br\/site\/","logo":{"@type":"ImageObject","url":"https:\/\/scontent-gig4-1.xx.fbcdn.net\/v\/t39.30808-1\/270437624_4564083193639691_6907940295614233970_n.jpg?stp=dst-jpg_s200x200_tt6&_nc_cat=111&ccb=1-7&_nc_sid=f907e8&_nc_ohc=SM1wRlP3lJwQ7kNvwEPuBYA&_nc_oc=AdnqrjDN_BNjSSHWO-GbkIWH6fkGMLw4bqvL_NH6e2wMveX7G-rP2dAqsDSq1mJMOaY&_nc_zt=24&_nc_ht=scontent-gig4-1.xx&_nc_gid=AoBFJeGrT1hVaew_6rchkQ&oh=00_AfX7QmFGhQhG2jAllVgXCiM1ZrWgvtp80-Bfppyexh1QEg&oe=689E923C","@id":"https:\/\/anoticiaonline.com.br\/site\/festa-julhina-do-restaurante-charretinha-e-sucesso-em-mais-uma-edicao\/#organizationLogo"},"image":{"@id":"https:\/\/anoticiaonline.com.br\/site\/festa-julhina-do-restaurante-charretinha-e-sucesso-em-mais-uma-edicao\/#organizationLogo"}},{"@type":"Person","@id":"https:\/\/anoticiaonline.com.br\/site\/author\/juliana\/#author","url":"https:\/\/anoticiaonline.com.br\/site\/author\/juliana\/","name":"Juliana Laviola","image":{"@type":"ImageObject","@id":"https:\/\/anoticiaonline.com.br\/site\/festa-julhina-do-restaurante-charretinha-e-sucesso-em-mais-uma-edicao\/#authorImage","url":"https:\/\/secure.gravatar.com\/avatar\/b8d45f5c699b100dfaf0e543582f38f38bf94cb7ae3a5e9abf8d891a34773335?s=96&d=mm&r=g","width":96,"height":96,"caption":"Juliana Laviola"}},{"@type":"WebPage","@id":"https:\/\/anoticiaonline.com.br\/site\/festa-julhina-do-restaurante-charretinha-e-sucesso-em-mais-uma-edicao\/#webpage","url":"https:\/\/anoticiaonline.com.br\/site\/festa-julhina-do-restaurante-charretinha-e-sucesso-em-mais-uma-edicao\/","name":"Festa julhina do Restaurante Charretinha \u00e9 sucesso em mais uma edi\u00e7\u00e3o - A Not\u00edcia Online","description":"O restaurante da Charretinha, localizado no Bairro Sofoc\u00f3, foi palco de mais uma tradicional festa julhina. O ambiente recebeu decora\u00e7\u00e3o especial, onde foi montada uma excelente estrutura para receber o p\u00fablico na noite fria de s\u00e1bado (8). A festa contou com a apresenta\u00e7\u00e3o da animada banda Sintaliga, com participa\u00e7\u00e3o de Jo\u00e3ozinho da Sanfona, que colocou","inLanguage":"pt-BR","isPartOf":{"@id":"https:\/\/anoticiaonline.com.br\/site\/#website"},"breadcrumb":{"@id":"https:\/\/anoticiaonline.com.br\/site\/festa-julhina-do-restaurante-charretinha-e-sucesso-em-mais-uma-edicao\/#breadcrumblist"},"author":{"@id":"https:\/\/anoticiaonline.com.br\/site\/author\/juliana\/#author"},"creator":{"@id":"https:\/\/anoticiaonline.com.br\/site\/author\/juliana\/#author"},"image":{"@type":"ImageObject","url":"https:\/\/anoticiaonline.com.br\/site\/wp-content\/uploads\/2017\/07\/DSC_0977.jpg","@id":"https:\/\/anoticiaonline.com.br\/site\/festa-julhina-do-restaurante-charretinha-e-sucesso-em-mais-uma-edicao\/#mainImage","width":640,"height":427},"primaryImageOfPage":{"@id":"https:\/\/anoticiaonline.com.br\/site\/festa-julhina-do-restaurante-charretinha-e-sucesso-em-mais-uma-edicao\/#mainImage"},"datePublished":"2017-07-14T14:52:24-03:00","dateModified":"2017-07-13T19:26:53-03:00"},{"@type":"WebSite","@id":"https:\/\/anoticiaonline.com.br\/site\/#website","url":"https:\/\/anoticiaonline.com.br\/site\/","name":"A Not\u00edcia Online","description":"Noticias de Muria\u00e9 e regi\u00e3o","inLanguage":"pt-BR","publisher":{"@id":"https:\/\/anoticiaonline.com.br\/site\/#organization"}}]},"og:locale":"pt_BR","og:site_name":"A Not\u00edcia Online - Noticias de Muria\u00e9 e regi\u00e3o","og:type":"article","og:title":"Festa julhina do Restaurante Charretinha \u00e9 sucesso em mais uma edi\u00e7\u00e3o - A Not\u00edcia Online","og:description":"O restaurante da Charretinha, localizado no Bairro Sofoc\u00f3, foi palco de mais uma tradicional festa julhina. O ambiente recebeu decora\u00e7\u00e3o especial, onde foi montada uma excelente estrutura para receber o p\u00fablico na noite fria de s\u00e1bado (8). A festa contou com a apresenta\u00e7\u00e3o da animada banda Sintaliga, com participa\u00e7\u00e3o de Jo\u00e3ozinho da Sanfona, que colocou","og:url":"https:\/\/anoticiaonline.com.br\/site\/festa-julhina-do-restaurante-charretinha-e-sucesso-em-mais-uma-edicao\/","og:image":"https:\/\/scontent-gig4-1.xx.fbcdn.net\/v\/t39.30808-1\/270437624_4564083193639691_6907940295614233970_n.jpg?stp=dst-jpg_s200x200_tt6&#038;_nc_cat=111&#038;ccb=1-7&#038;_nc_sid=f907e8&#038;_nc_ohc=SM1wRlP3lJwQ7kNvwEPuBYA&#038;_nc_oc=AdnqrjDN_BNjSSHWO-GbkIWH6fkGMLw4bqvL_NH6e2wMveX7G-rP2dAqsDSq1mJMOaY&#038;_nc_zt=24&#038;_nc_ht=scontent-gig4-1.xx&#038;_nc_gid=AoBFJeGrT1hVaew_6rchkQ&#038;oh=00_AfX7QmFGhQhG2jAllVgXCiM1ZrWgvtp80-Bfppyexh1QEg&#038;oe=689E923C","og:image:secure_url":"https:\/\/scontent-gig4-1.xx.fbcdn.net\/v\/t39.30808-1\/270437624_4564083193639691_6907940295614233970_n.jpg?stp=dst-jpg_s200x200_tt6&#038;_nc_cat=111&#038;ccb=1-7&#038;_nc_sid=f907e8&#038;_nc_ohc=SM1wRlP3lJwQ7kNvwEPuBYA&#038;_nc_oc=AdnqrjDN_BNjSSHWO-GbkIWH6fkGMLw4bqvL_NH6e2wMveX7G-rP2dAqsDSq1mJMOaY&#038;_nc_zt=24&#038;_nc_ht=scontent-gig4-1.xx&#038;_nc_gid=AoBFJeGrT1hVaew_6rchkQ&#038;oh=00_AfX7QmFGhQhG2jAllVgXCiM1ZrWgvtp80-Bfppyexh1QEg&#038;oe=689E923C","article:published_time":"2017-07-14T17:52:24+00:00","article:modified_time":"2017-07-13T22:26:53+00:00","twitter:card":"summary_large_image","twitter:title":"Festa julhina do Restaurante Charretinha \u00e9 sucesso em mais uma edi\u00e7\u00e3o - A Not\u00edcia Online","twitter:description":"O restaurante da Charretinha, localizado no Bairro Sofoc\u00f3, foi palco de mais uma tradicional festa julhina. O ambiente recebeu decora\u00e7\u00e3o especial, onde foi montada uma excelente estrutura para receber o p\u00fablico na noite fria de s\u00e1bado (8). A festa contou com a apresenta\u00e7\u00e3o da animada banda Sintaliga, com participa\u00e7\u00e3o de Jo\u00e3ozinho da Sanfona, que colocou","twitter:image":"https:\/\/scontent-gig4-1.xx.fbcdn.net\/v\/t39.30808-1\/270437624_4564083193639691_6907940295614233970_n.jpg?stp=dst-jpg_s200x200_tt6&_nc_cat=111&ccb=1-7&_nc_sid=f907e8&_nc_ohc=SM1wRlP3lJwQ7kNvwEPuBYA&_nc_oc=AdnqrjDN_BNjSSHWO-GbkIWH6fkGMLw4bqvL_NH6e2wMveX7G-rP2dAqsDSq1mJMOaY&_nc_zt=24&_nc_ht=scontent-gig4-1.xx&_nc_gid=AoBFJeGrT1hVaew_6rchkQ&oh=00_AfX7QmFGhQhG2jAllVgXCiM1ZrWgvtp80-Bfppyexh1QEg&oe=689E923C"},"aioseo_meta_data":{"post_id":"35109","title":null,"description":null,"keywords":null,"keyphrases":null,"primary_term":null,"canonical_url":null,"og_title":null,"og_description":null,"og_object_type":"default","og_image_type":"default","og_image_url":null,"og_image_width":null,"og_image_height":null,"og_image_custom_url":null,"og_image_custom_fields":null,"og_video":null,"og_custom_url":null,"og_article_section":null,"og_article_tags":null,"twitter_use_og":false,"twitter_card":"default","twitter_image_type":"default","twitter_image_url":null,"twitter_image_custom_url":null,"twitter_image_custom_fields":null,"twitter_title":null,"twitter_description":null,"schema":{"blockGraphs":[],"customGraphs":[],"default":{"data":{"Article":[],"Course":[],"Dataset":[],"FAQPage":[],"Movie":[],"Person":[],"Product":[],"ProductReview":[],"Car":[],"Recipe":[],"Service":[],"SoftwareApplication":[],"WebPage":[]},"graphName":"","isEnabled":true},"graphs":[]},"schema_type":"default","schema_type_options":null,"pillar_content":false,"robots_default":true,"robots_noindex":false,"robots_noarchive":false,"robots_nosnippet":false,"robots_nofollow":false,"robots_noimageindex":false,"robots_noodp":false,"robots_notranslate":false,"robots_max_snippet":null,"robots_max_videopreview":null,"robots_max_imagepreview":"large","priority":null,"frequency":null,"local_seo":null,"breadcrumb_settings":null,"limit_modified_date":false,"ai":null,"created":"2025-08-16 18:53:47","updated":"2025-08-16 18:53:47","focus_keyword":null,"additional_keywords":null,"truseo_locale":null,"seo_analyzer_scan_date":null},"aioseo_breadcrumb":"<div class=\"aioseo-breadcrumbs\"><span class=\"aioseo-breadcrumb\">\n\t\t\t<a href=\"https:\/\/anoticiaonline.com.br\/site\" title=\"Home\">Home<\/a>\n\t\t<\/span><span class=\"aioseo-breadcrumb-separator\">&raquo;<\/span><span class=\"aioseo-breadcrumb\">\n\t\t\t<a href=\"https:\/\/anoticiaonline.com.br\/site\/categoria\/gerais\/\" title=\"Gerais\">Gerais<\/a>\n\t\t<\/span><span class=\"aioseo-breadcrumb-separator\">&raquo;<\/span><span class=\"aioseo-breadcrumb\">\n\t\t\tFesta julhina do Restaurante Charretinha \u00e9 sucesso em mais uma edi\u00e7\u00e3o\n\t\t<\/span><\/div>","aioseo_breadcrumb_json":[{"label":"Home","link":"https:\/\/anoticiaonline.com.br\/site"},{"label":"Gerais","link":"https:\/\/anoticiaonline.com.br\/site\/categoria\/gerais\/"},{"label":"Festa julhina do Restaurante Charretinha \u00e9 sucesso em mais uma edi\u00e7\u00e3o","link":"https:\/\/anoticiaonline.com.br\/site\/festa-julhina-do-restaurante-charretinha-e-sucesso-em-mais-uma-edicao\/"}],"views":150,"_links":{"self":[{"href":"https:\/\/anoticiaonline.com.br\/site\/wp-json\/wp\/v2\/posts\/35109","targetHints":{"allow":["GET"]}}],"collection":[{"href":"https:\/\/anoticiaonline.com.br\/site\/wp-json\/wp\/v2\/posts"}],"about":[{"href":"https:\/\/anoticiaonline.com.br\/site\/wp-json\/wp\/v2\/types\/post"}],"author":[{"embeddable":true,"href":"https:\/\/anoticiaonline.com.br\/site\/wp-json\/wp\/v2\/users\/2"}],"replies":[{"embeddable":true,"href":"https:\/\/anoticiaonline.com.br\/site\/wp-json\/wp\/v2\/comments?post=35109"}],"version-history":[{"count":0,"href":"https:\/\/anoticiaonline.com.br\/site\/wp-json\/wp\/v2\/posts\/35109\/revisions"}],"wp:featuredmedia":[{"embeddable":true,"href":"https:\/\/anoticiaonline.com.br\/site\/wp-json\/wp\/v2\/media\/35272"}],"wp:attachment":[{"href":"https:\/\/anoticiaonline.com.br\/site\/wp-json\/wp\/v2\/media?parent=35109"}],"wp:term":[{"taxonomy":"category","embeddable":true,"href":"https:\/\/anoticiaonline.com.br\/site\/wp-json\/wp\/v2\/categories?post=35109"},{"taxonomy":"post_tag","embeddable":true,"href":"https:\/\/anoticiaonline.com.br\/site\/wp-json\/wp\/v2\/tags?post=35109"}],"curies":[{"name":"wp","href":"https:\/\/api.w.org\/{rel}","templated":true}]}}