{"id":35100,"date":"2017-07-13T17:34:12","date_gmt":"2017-07-13T20:34:12","guid":{"rendered":"http:\/\/anoticiaonline.com.br\/site\/?p=35100"},"modified":"2017-07-13T17:35:08","modified_gmt":"2017-07-13T20:35:08","slug":"muriaeense-recebe-premio-de-destaque-em-nova-iorque","status":"publish","type":"post","link":"https:\/\/anoticiaonline.com.br\/site\/muriaeense-recebe-premio-de-destaque-em-nova-iorque\/","title":{"rendered":"Muriaeense recebe pr\u00eamio de destaque em Nova Iorque"},"content":{"rendered":"<p><a href=\"https:\/\/anoticiaonline.com.br\/site\/wp-content\/uploads\/2017\/07\/C\u00edntia-Ligeiro-recebendo-o-pr\u00eamio-de-Ricky-Terezi.jpg\"><img fetchpriority=\"high\" decoding=\"async\" class=\"alignleft size-medium wp-image-35103\" src=\"https:\/\/anoticiaonline.com.br\/site\/wp-content\/uploads\/2017\/07\/C\u00edntia-Ligeiro-recebendo-o-pr\u00eamio-de-Ricky-Terezi-226x300.jpg\" alt=\"\" width=\"226\" height=\"300\" srcset=\"https:\/\/anoticiaonline.com.br\/site\/wp-content\/uploads\/2017\/07\/C\u00edntia-Ligeiro-recebendo-o-pr\u00eamio-de-Ricky-Terezi-226x300.jpg 226w, https:\/\/anoticiaonline.com.br\/site\/wp-content\/uploads\/2017\/07\/C\u00edntia-Ligeiro-recebendo-o-pr\u00eamio-de-Ricky-Terezi.jpg 483w\" sizes=\"(max-width: 226px) 100vw, 226px\" \/><\/a> <a href=\"https:\/\/anoticiaonline.com.br\/site\/wp-content\/uploads\/2017\/07\/Foto-no-red-carpet-no-Lincoln-Center-em-NY.jpg\"><img decoding=\"async\" class=\"alignleft size-medium wp-image-35104\" src=\"https:\/\/anoticiaonline.com.br\/site\/wp-content\/uploads\/2017\/07\/Foto-no-red-carpet-no-Lincoln-Center-em-NY-233x300.jpg\" alt=\"\" width=\"233\" height=\"300\" srcset=\"https:\/\/anoticiaonline.com.br\/site\/wp-content\/uploads\/2017\/07\/Foto-no-red-carpet-no-Lincoln-Center-em-NY-233x300.jpg 233w, https:\/\/anoticiaonline.com.br\/site\/wp-content\/uploads\/2017\/07\/Foto-no-red-carpet-no-Lincoln-Center-em-NY.jpg 498w\" sizes=\"(max-width: 233px) 100vw, 233px\" \/><\/a> <a href=\"https:\/\/anoticiaonline.com.br\/site\/wp-content\/uploads\/2017\/07\/146d9e50-32aa-46e0-9ef8-aeb673b56270.jpg\"><img decoding=\"async\" class=\"alignleft size-medium wp-image-35101\" src=\"https:\/\/anoticiaonline.com.br\/site\/wp-content\/uploads\/2017\/07\/146d9e50-32aa-46e0-9ef8-aeb673b56270-300x225.jpg\" alt=\"\" width=\"300\" height=\"225\" srcset=\"https:\/\/anoticiaonline.com.br\/site\/wp-content\/uploads\/2017\/07\/146d9e50-32aa-46e0-9ef8-aeb673b56270-300x225.jpg 300w, https:\/\/anoticiaonline.com.br\/site\/wp-content\/uploads\/2017\/07\/146d9e50-32aa-46e0-9ef8-aeb673b56270.jpg 640w\" sizes=\"(max-width: 300px) 100vw, 300px\" \/><\/a>\u00a0A muriaeense e corretora de im\u00f3veis, C\u00edntia Ligeiro recebeu, em Nova Iorque, o Portuguese Brazilian Awards, por ser uma das pessoas homenageadas que se destacaram pelos seus trabalhos. O pr\u00eamio, que est\u00e1 em sua quarta edi\u00e7\u00e3o, reconhece personalidades brasileiras\u00a0e portuguesas, n\u00e3o s\u00f3 nos EUA, mas tamb\u00e9m ao redor do mundo. C\u00edntia foi uma, de apenas duas, das laureadas do setor imobili\u00e1rio.<\/p>\n<p>Este ano, os grandes destaques foram K\u00e1tia Aveiro (irm\u00e3 do craque portugu\u00eas\u00a0Cristiano Ronaldo), o ator portugu\u00eas\u00a0Rodrigo Paganelli, um dos maiores nomes de jovens atores portugueses, bem como a atriz e apresentadora global Fernanda Pontes com o marido, Diogo Boni, a atriz Nana Gouveia, a modelo Fabiana Saba Sutton, o cantor Hudson da dupla Edson &amp; Hudson, jornalistas de v\u00e1rias m\u00eddias, como Jessica Formoso da Fox News, o jornalista da TV Bandeirantes, Gilberto Smaniotto, a jornalista Selma Fonseca, da revista americana Billboard.<\/p>\n<p>Em uma noite de muita alegria e celebra\u00e7\u00e3o, todos desfrutaram, depois da cerim\u00f4nia de entrega,\u00a0um After Party a bordo de um barco que circulou pelo Rio Hudson.<\/p>\n<p>Este evento \u00e9 realizado pelo produtor brasileiro Ricky Terezi, que j\u00e1 reuniu v\u00e1rias celebridades americanas, portuguesas e brasileiras,\u00a0como os cantores Billy Paul e Gloria Gaynor, Hugo de Sousa, diretor de TV e cinema portugu\u00eas, escritor de novelas Rui Vilhena, dentre outros.<\/p>\n<p>O evento teve patroc\u00ednio especial da TAP Portugal, que levou a Nova Iorque as personalidades portuguesas.<\/p>\n<p>Para os que desejam receber assessoria imobili\u00e1ria ou adquirir im\u00f3veis na Fl\u00f3rida, basta entrar em contato com C\u00edntia pelo e-mail: cintiazingoni@gmail.com.<\/p>\n","protected":false},"excerpt":{"rendered":"<p>\u00a0A muriaeense e corretora de im\u00f3veis, C\u00edntia Ligeiro recebeu, em Nova Iorque, o Portuguese Brazilian Awards, por ser uma das pessoas homenageadas que se destacaram pelos seus trabalhos. O pr\u00eamio, que est\u00e1 em sua quarta edi\u00e7\u00e3o, reconhece personalidades brasileiras\u00a0e portuguesas, n\u00e3o s\u00f3 nos EUA, mas tamb\u00e9m ao redor do mundo. C\u00edntia foi uma, de apenas &#8230; <a title=\"Muriaeense recebe pr\u00eamio de destaque em Nova Iorque\" class=\"read-more\" href=\"https:\/\/anoticiaonline.com.br\/site\/muriaeense-recebe-premio-de-destaque-em-nova-iorque\/\" aria-label=\"Read more about Muriaeense recebe pr\u00eamio de destaque em Nova Iorque\">Ler mais<\/a><\/p>\n","protected":false},"author":2,"featured_media":35101,"comment_status":"open","ping_status":"open","sticky":false,"template":"","format":"standard","meta":{"_acf_changed":false,"_monsterinsights_skip_tracking":false,"footnotes":""},"categories":[30],"tags":[161,614,369,617,363,615,616,3],"class_list":["post-35100","post","type-post","status-publish","format-standard","has-post-thumbnail","hentry","category-muriae","tag-cinema","tag-cintia-ligeiro","tag-destaque","tag-florida","tag-muriaeense","tag-nova-iorque","tag-portuguese-brazilian-awards","tag-slide"],"acf":[],"aioseo_notices":[],"aioseo_head":"\n\t\t<!-- All in One SEO 5.0.0.1 - aioseo.com -->\n\t<meta name=\"description\" content=\"A muriaeense e corretora de im\u00f3veis, C\u00edntia Ligeiro recebeu, em Nova Iorque, o Portuguese Brazilian Awards, por ser uma das pessoas homenageadas que se destacaram pelos seus trabalhos. O pr\u00eamio, que est\u00e1 em sua quarta edi\u00e7\u00e3o, reconhece personalidades brasileiras e portuguesas, n\u00e3o s\u00f3 nos EUA, mas tamb\u00e9m ao redor do mundo. C\u00edntia foi uma, de apenas\" \/>\n\t<meta name=\"robots\" content=\"max-image-preview:large\" \/>\n\t<meta name=\"author\" content=\"Juliana Laviola\"\/>\n\t<link rel=\"canonical\" href=\"https:\/\/anoticiaonline.com.br\/site\/muriaeense-recebe-premio-de-destaque-em-nova-iorque\/\" \/>\n\t<meta name=\"generator\" content=\"All in One SEO (AIOSEO) 5.0.0.1\" \/>\n\t\t<meta property=\"og:locale\" content=\"pt_BR\" \/>\n\t\t<meta property=\"og:site_name\" content=\"A Not\u00edcia Online - Noticias de Muria\u00e9 e regi\u00e3o\" \/>\n\t\t<meta property=\"og:type\" content=\"article\" \/>\n\t\t<meta property=\"og:title\" content=\"Muriaeense recebe pr\u00eamio de destaque em Nova Iorque - A Not\u00edcia Online\" \/>\n\t\t<meta property=\"og:description\" content=\"A muriaeense e corretora de im\u00f3veis, C\u00edntia Ligeiro recebeu, em Nova Iorque, o Portuguese Brazilian Awards, por ser uma das pessoas homenageadas que se destacaram pelos seus trabalhos. O pr\u00eamio, que est\u00e1 em sua quarta edi\u00e7\u00e3o, reconhece personalidades brasileiras e portuguesas, n\u00e3o s\u00f3 nos EUA, mas tamb\u00e9m ao redor do mundo. C\u00edntia foi uma, de apenas\" \/>\n\t\t<meta property=\"og:url\" content=\"https:\/\/anoticiaonline.com.br\/site\/muriaeense-recebe-premio-de-destaque-em-nova-iorque\/\" \/>\n\t\t<meta property=\"og:image\" content=\"https:\/\/scontent-gig4-1.xx.fbcdn.net\/v\/t39.30808-1\/270437624_4564083193639691_6907940295614233970_n.jpg?stp=dst-jpg_s200x200_tt6&#038;_nc_cat=111&#038;ccb=1-7&#038;_nc_sid=f907e8&#038;_nc_ohc=SM1wRlP3lJwQ7kNvwEPuBYA&#038;_nc_oc=AdnqrjDN_BNjSSHWO-GbkIWH6fkGMLw4bqvL_NH6e2wMveX7G-rP2dAqsDSq1mJMOaY&#038;_nc_zt=24&#038;_nc_ht=scontent-gig4-1.xx&#038;_nc_gid=AoBFJeGrT1hVaew_6rchkQ&#038;oh=00_AfX7QmFGhQhG2jAllVgXCiM1ZrWgvtp80-Bfppyexh1QEg&#038;oe=689E923C\" \/>\n\t\t<meta property=\"og:image:secure_url\" content=\"https:\/\/scontent-gig4-1.xx.fbcdn.net\/v\/t39.30808-1\/270437624_4564083193639691_6907940295614233970_n.jpg?stp=dst-jpg_s200x200_tt6&#038;_nc_cat=111&#038;ccb=1-7&#038;_nc_sid=f907e8&#038;_nc_ohc=SM1wRlP3lJwQ7kNvwEPuBYA&#038;_nc_oc=AdnqrjDN_BNjSSHWO-GbkIWH6fkGMLw4bqvL_NH6e2wMveX7G-rP2dAqsDSq1mJMOaY&#038;_nc_zt=24&#038;_nc_ht=scontent-gig4-1.xx&#038;_nc_gid=AoBFJeGrT1hVaew_6rchkQ&#038;oh=00_AfX7QmFGhQhG2jAllVgXCiM1ZrWgvtp80-Bfppyexh1QEg&#038;oe=689E923C\" \/>\n\t\t<meta property=\"article:published_time\" content=\"2017-07-13T20:34:12+00:00\" \/>\n\t\t<meta property=\"article:modified_time\" content=\"2017-07-13T20:35:08+00:00\" \/>\n\t\t<meta name=\"twitter:card\" content=\"summary_large_image\" \/>\n\t\t<meta name=\"twitter:title\" content=\"Muriaeense recebe pr\u00eamio de destaque em Nova Iorque - A Not\u00edcia Online\" \/>\n\t\t<meta name=\"twitter:description\" content=\"A muriaeense e corretora de im\u00f3veis, C\u00edntia Ligeiro recebeu, em Nova Iorque, o Portuguese Brazilian Awards, por ser uma das pessoas homenageadas que se destacaram pelos seus trabalhos. O pr\u00eamio, que est\u00e1 em sua quarta edi\u00e7\u00e3o, reconhece personalidades brasileiras e portuguesas, n\u00e3o s\u00f3 nos EUA, mas tamb\u00e9m ao redor do mundo. C\u00edntia foi uma, de apenas\" \/>\n\t\t<meta name=\"twitter:image\" content=\"https:\/\/scontent-gig4-1.xx.fbcdn.net\/v\/t39.30808-1\/270437624_4564083193639691_6907940295614233970_n.jpg?stp=dst-jpg_s200x200_tt6&amp;_nc_cat=111&amp;ccb=1-7&amp;_nc_sid=f907e8&amp;_nc_ohc=SM1wRlP3lJwQ7kNvwEPuBYA&amp;_nc_oc=AdnqrjDN_BNjSSHWO-GbkIWH6fkGMLw4bqvL_NH6e2wMveX7G-rP2dAqsDSq1mJMOaY&amp;_nc_zt=24&amp;_nc_ht=scontent-gig4-1.xx&amp;_nc_gid=AoBFJeGrT1hVaew_6rchkQ&amp;oh=00_AfX7QmFGhQhG2jAllVgXCiM1ZrWgvtp80-Bfppyexh1QEg&amp;oe=689E923C\" \/>\n\t\t<script type=\"application\/ld+json\" class=\"aioseo-schema\">\n\t\t\t{\"@context\":\"https:\\\/\\\/schema.org\",\"@graph\":[{\"@type\":\"BlogPosting\",\"@id\":\"https:\\\/\\\/anoticiaonline.com.br\\\/site\\\/muriaeense-recebe-premio-de-destaque-em-nova-iorque\\\/#blogposting\",\"name\":\"Muriaeense recebe pr\\u00eamio de destaque em Nova Iorque - A Not\\u00edcia Online\",\"headline\":\"Muriaeense recebe pr\\u00eamio de destaque em Nova Iorque\",\"author\":{\"@id\":\"https:\\\/\\\/anoticiaonline.com.br\\\/site\\\/author\\\/juliana\\\/#author\"},\"publisher\":{\"@id\":\"https:\\\/\\\/anoticiaonline.com.br\\\/site\\\/#organization\"},\"image\":{\"@type\":\"ImageObject\",\"url\":\"https:\\\/\\\/anoticiaonline.com.br\\\/site\\\/wp-content\\\/uploads\\\/2017\\\/07\\\/146d9e50-32aa-46e0-9ef8-aeb673b56270.jpg\",\"width\":640,\"height\":480},\"datePublished\":\"2017-07-13T17:34:12-03:00\",\"dateModified\":\"2017-07-13T17:35:08-03:00\",\"inLanguage\":\"pt-BR\",\"mainEntityOfPage\":{\"@id\":\"https:\\\/\\\/anoticiaonline.com.br\\\/site\\\/muriaeense-recebe-premio-de-destaque-em-nova-iorque\\\/#webpage\"},\"isPartOf\":{\"@id\":\"https:\\\/\\\/anoticiaonline.com.br\\\/site\\\/muriaeense-recebe-premio-de-destaque-em-nova-iorque\\\/#webpage\"},\"articleSection\":\"Blog, cinema, C\\u00edntia Ligeiro, destaque, Fl\\u00f3rida, muriaeense, Nova Iorque, Portuguese Brazilian Awards, slide\"},{\"@type\":\"BreadcrumbList\",\"@id\":\"https:\\\/\\\/anoticiaonline.com.br\\\/site\\\/muriaeense-recebe-premio-de-destaque-em-nova-iorque\\\/#breadcrumblist\",\"itemListElement\":[{\"@type\":\"ListItem\",\"@id\":\"https:\\\/\\\/anoticiaonline.com.br\\\/site#listItem\",\"position\":1,\"name\":\"Home\",\"item\":\"https:\\\/\\\/anoticiaonline.com.br\\\/site\",\"nextItem\":{\"@type\":\"ListItem\",\"@id\":\"https:\\\/\\\/anoticiaonline.com.br\\\/site\\\/categoria\\\/muriae\\\/#listItem\",\"name\":\"Blog\"}},{\"@type\":\"ListItem\",\"@id\":\"https:\\\/\\\/anoticiaonline.com.br\\\/site\\\/categoria\\\/muriae\\\/#listItem\",\"position\":2,\"name\":\"Blog\",\"item\":\"https:\\\/\\\/anoticiaonline.com.br\\\/site\\\/categoria\\\/muriae\\\/\",\"nextItem\":{\"@type\":\"ListItem\",\"@id\":\"https:\\\/\\\/anoticiaonline.com.br\\\/site\\\/muriaeense-recebe-premio-de-destaque-em-nova-iorque\\\/#listItem\",\"name\":\"Muriaeense recebe pr\\u00eamio de destaque em Nova Iorque\"},\"previousItem\":{\"@type\":\"ListItem\",\"@id\":\"https:\\\/\\\/anoticiaonline.com.br\\\/site#listItem\",\"name\":\"Home\"}},{\"@type\":\"ListItem\",\"@id\":\"https:\\\/\\\/anoticiaonline.com.br\\\/site\\\/muriaeense-recebe-premio-de-destaque-em-nova-iorque\\\/#listItem\",\"position\":3,\"name\":\"Muriaeense recebe pr\\u00eamio de destaque em Nova Iorque\",\"previousItem\":{\"@type\":\"ListItem\",\"@id\":\"https:\\\/\\\/anoticiaonline.com.br\\\/site\\\/categoria\\\/muriae\\\/#listItem\",\"name\":\"Blog\"}}]},{\"@type\":\"Organization\",\"@id\":\"https:\\\/\\\/anoticiaonline.com.br\\\/site\\\/#organization\",\"name\":\"A Not\\u00edcia Online\",\"description\":\"Noticias de Muria\\u00e9 e regi\\u00e3o\",\"url\":\"https:\\\/\\\/anoticiaonline.com.br\\\/site\\\/\",\"logo\":{\"@type\":\"ImageObject\",\"url\":\"https:\\\/\\\/scontent-gig4-1.xx.fbcdn.net\\\/v\\\/t39.30808-1\\\/270437624_4564083193639691_6907940295614233970_n.jpg?stp=dst-jpg_s200x200_tt6&_nc_cat=111&ccb=1-7&_nc_sid=f907e8&_nc_ohc=SM1wRlP3lJwQ7kNvwEPuBYA&_nc_oc=AdnqrjDN_BNjSSHWO-GbkIWH6fkGMLw4bqvL_NH6e2wMveX7G-rP2dAqsDSq1mJMOaY&_nc_zt=24&_nc_ht=scontent-gig4-1.xx&_nc_gid=AoBFJeGrT1hVaew_6rchkQ&oh=00_AfX7QmFGhQhG2jAllVgXCiM1ZrWgvtp80-Bfppyexh1QEg&oe=689E923C\",\"@id\":\"https:\\\/\\\/anoticiaonline.com.br\\\/site\\\/muriaeense-recebe-premio-de-destaque-em-nova-iorque\\\/#organizationLogo\"},\"image\":{\"@id\":\"https:\\\/\\\/anoticiaonline.com.br\\\/site\\\/muriaeense-recebe-premio-de-destaque-em-nova-iorque\\\/#organizationLogo\"}},{\"@type\":\"Person\",\"@id\":\"https:\\\/\\\/anoticiaonline.com.br\\\/site\\\/author\\\/juliana\\\/#author\",\"url\":\"https:\\\/\\\/anoticiaonline.com.br\\\/site\\\/author\\\/juliana\\\/\",\"name\":\"Juliana Laviola\",\"image\":{\"@type\":\"ImageObject\",\"@id\":\"https:\\\/\\\/anoticiaonline.com.br\\\/site\\\/muriaeense-recebe-premio-de-destaque-em-nova-iorque\\\/#authorImage\",\"url\":\"https:\\\/\\\/secure.gravatar.com\\\/avatar\\\/b8d45f5c699b100dfaf0e543582f38f38bf94cb7ae3a5e9abf8d891a34773335?s=96&d=mm&r=g\",\"width\":96,\"height\":96,\"caption\":\"Juliana Laviola\"}},{\"@type\":\"WebPage\",\"@id\":\"https:\\\/\\\/anoticiaonline.com.br\\\/site\\\/muriaeense-recebe-premio-de-destaque-em-nova-iorque\\\/#webpage\",\"url\":\"https:\\\/\\\/anoticiaonline.com.br\\\/site\\\/muriaeense-recebe-premio-de-destaque-em-nova-iorque\\\/\",\"name\":\"Muriaeense recebe pr\\u00eamio de destaque em Nova Iorque - A Not\\u00edcia Online\",\"description\":\"A muriaeense e corretora de im\\u00f3veis, C\\u00edntia Ligeiro recebeu, em Nova Iorque, o Portuguese Brazilian Awards, por ser uma das pessoas homenageadas que se destacaram pelos seus trabalhos. O pr\\u00eamio, que est\\u00e1 em sua quarta edi\\u00e7\\u00e3o, reconhece personalidades brasileiras e portuguesas, n\\u00e3o s\\u00f3 nos EUA, mas tamb\\u00e9m ao redor do mundo. C\\u00edntia foi uma, de apenas\",\"inLanguage\":\"pt-BR\",\"isPartOf\":{\"@id\":\"https:\\\/\\\/anoticiaonline.com.br\\\/site\\\/#website\"},\"breadcrumb\":{\"@id\":\"https:\\\/\\\/anoticiaonline.com.br\\\/site\\\/muriaeense-recebe-premio-de-destaque-em-nova-iorque\\\/#breadcrumblist\"},\"author\":{\"@id\":\"https:\\\/\\\/anoticiaonline.com.br\\\/site\\\/author\\\/juliana\\\/#author\"},\"creator\":{\"@id\":\"https:\\\/\\\/anoticiaonline.com.br\\\/site\\\/author\\\/juliana\\\/#author\"},\"image\":{\"@type\":\"ImageObject\",\"url\":\"https:\\\/\\\/anoticiaonline.com.br\\\/site\\\/wp-content\\\/uploads\\\/2017\\\/07\\\/146d9e50-32aa-46e0-9ef8-aeb673b56270.jpg\",\"@id\":\"https:\\\/\\\/anoticiaonline.com.br\\\/site\\\/muriaeense-recebe-premio-de-destaque-em-nova-iorque\\\/#mainImage\",\"width\":640,\"height\":480},\"primaryImageOfPage\":{\"@id\":\"https:\\\/\\\/anoticiaonline.com.br\\\/site\\\/muriaeense-recebe-premio-de-destaque-em-nova-iorque\\\/#mainImage\"},\"datePublished\":\"2017-07-13T17:34:12-03:00\",\"dateModified\":\"2017-07-13T17:35:08-03:00\"},{\"@type\":\"WebSite\",\"@id\":\"https:\\\/\\\/anoticiaonline.com.br\\\/site\\\/#website\",\"url\":\"https:\\\/\\\/anoticiaonline.com.br\\\/site\\\/\",\"name\":\"A Not\\u00edcia Online\",\"description\":\"Noticias de Muria\\u00e9 e regi\\u00e3o\",\"inLanguage\":\"pt-BR\",\"publisher\":{\"@id\":\"https:\\\/\\\/anoticiaonline.com.br\\\/site\\\/#organization\"}}]}\n\t\t<\/script>\n\t\t<!-- All in One SEO -->\n\n","aioseo_head_json":{"title":"Muriaeense recebe pr\u00eamio de destaque em Nova Iorque - A Not\u00edcia Online","description":"A muriaeense e corretora de im\u00f3veis, C\u00edntia Ligeiro recebeu, em Nova Iorque, o Portuguese Brazilian Awards, por ser uma das pessoas homenageadas que se destacaram pelos seus trabalhos. O pr\u00eamio, que est\u00e1 em sua quarta edi\u00e7\u00e3o, reconhece personalidades brasileiras e portuguesas, n\u00e3o s\u00f3 nos EUA, mas tamb\u00e9m ao redor do mundo. C\u00edntia foi uma, de apenas","canonical_url":"https:\/\/anoticiaonline.com.br\/site\/muriaeense-recebe-premio-de-destaque-em-nova-iorque\/","robots":"max-image-preview:large","keywords":"","webmasterTools":{"miscellaneous":""},"schema":{"@context":"https:\/\/schema.org","@graph":[{"@type":"BlogPosting","@id":"https:\/\/anoticiaonline.com.br\/site\/muriaeense-recebe-premio-de-destaque-em-nova-iorque\/#blogposting","name":"Muriaeense recebe pr\u00eamio de destaque em Nova Iorque - A Not\u00edcia Online","headline":"Muriaeense recebe pr\u00eamio de destaque em Nova Iorque","author":{"@id":"https:\/\/anoticiaonline.com.br\/site\/author\/juliana\/#author"},"publisher":{"@id":"https:\/\/anoticiaonline.com.br\/site\/#organization"},"image":{"@type":"ImageObject","url":"https:\/\/anoticiaonline.com.br\/site\/wp-content\/uploads\/2017\/07\/146d9e50-32aa-46e0-9ef8-aeb673b56270.jpg","width":640,"height":480},"datePublished":"2017-07-13T17:34:12-03:00","dateModified":"2017-07-13T17:35:08-03:00","inLanguage":"pt-BR","mainEntityOfPage":{"@id":"https:\/\/anoticiaonline.com.br\/site\/muriaeense-recebe-premio-de-destaque-em-nova-iorque\/#webpage"},"isPartOf":{"@id":"https:\/\/anoticiaonline.com.br\/site\/muriaeense-recebe-premio-de-destaque-em-nova-iorque\/#webpage"},"articleSection":"Blog, cinema, C\u00edntia Ligeiro, destaque, Fl\u00f3rida, muriaeense, Nova Iorque, Portuguese Brazilian Awards, slide"},{"@type":"BreadcrumbList","@id":"https:\/\/anoticiaonline.com.br\/site\/muriaeense-recebe-premio-de-destaque-em-nova-iorque\/#breadcrumblist","itemListElement":[{"@type":"ListItem","@id":"https:\/\/anoticiaonline.com.br\/site#listItem","position":1,"name":"Home","item":"https:\/\/anoticiaonline.com.br\/site","nextItem":{"@type":"ListItem","@id":"https:\/\/anoticiaonline.com.br\/site\/categoria\/muriae\/#listItem","name":"Blog"}},{"@type":"ListItem","@id":"https:\/\/anoticiaonline.com.br\/site\/categoria\/muriae\/#listItem","position":2,"name":"Blog","item":"https:\/\/anoticiaonline.com.br\/site\/categoria\/muriae\/","nextItem":{"@type":"ListItem","@id":"https:\/\/anoticiaonline.com.br\/site\/muriaeense-recebe-premio-de-destaque-em-nova-iorque\/#listItem","name":"Muriaeense recebe pr\u00eamio de destaque em Nova Iorque"},"previousItem":{"@type":"ListItem","@id":"https:\/\/anoticiaonline.com.br\/site#listItem","name":"Home"}},{"@type":"ListItem","@id":"https:\/\/anoticiaonline.com.br\/site\/muriaeense-recebe-premio-de-destaque-em-nova-iorque\/#listItem","position":3,"name":"Muriaeense recebe pr\u00eamio de destaque em Nova Iorque","previousItem":{"@type":"ListItem","@id":"https:\/\/anoticiaonline.com.br\/site\/categoria\/muriae\/#listItem","name":"Blog"}}]},{"@type":"Organization","@id":"https:\/\/anoticiaonline.com.br\/site\/#organization","name":"A Not\u00edcia Online","description":"Noticias de Muria\u00e9 e regi\u00e3o","url":"https:\/\/anoticiaonline.com.br\/site\/","logo":{"@type":"ImageObject","url":"https:\/\/scontent-gig4-1.xx.fbcdn.net\/v\/t39.30808-1\/270437624_4564083193639691_6907940295614233970_n.jpg?stp=dst-jpg_s200x200_tt6&_nc_cat=111&ccb=1-7&_nc_sid=f907e8&_nc_ohc=SM1wRlP3lJwQ7kNvwEPuBYA&_nc_oc=AdnqrjDN_BNjSSHWO-GbkIWH6fkGMLw4bqvL_NH6e2wMveX7G-rP2dAqsDSq1mJMOaY&_nc_zt=24&_nc_ht=scontent-gig4-1.xx&_nc_gid=AoBFJeGrT1hVaew_6rchkQ&oh=00_AfX7QmFGhQhG2jAllVgXCiM1ZrWgvtp80-Bfppyexh1QEg&oe=689E923C","@id":"https:\/\/anoticiaonline.com.br\/site\/muriaeense-recebe-premio-de-destaque-em-nova-iorque\/#organizationLogo"},"image":{"@id":"https:\/\/anoticiaonline.com.br\/site\/muriaeense-recebe-premio-de-destaque-em-nova-iorque\/#organizationLogo"}},{"@type":"Person","@id":"https:\/\/anoticiaonline.com.br\/site\/author\/juliana\/#author","url":"https:\/\/anoticiaonline.com.br\/site\/author\/juliana\/","name":"Juliana Laviola","image":{"@type":"ImageObject","@id":"https:\/\/anoticiaonline.com.br\/site\/muriaeense-recebe-premio-de-destaque-em-nova-iorque\/#authorImage","url":"https:\/\/secure.gravatar.com\/avatar\/b8d45f5c699b100dfaf0e543582f38f38bf94cb7ae3a5e9abf8d891a34773335?s=96&d=mm&r=g","width":96,"height":96,"caption":"Juliana Laviola"}},{"@type":"WebPage","@id":"https:\/\/anoticiaonline.com.br\/site\/muriaeense-recebe-premio-de-destaque-em-nova-iorque\/#webpage","url":"https:\/\/anoticiaonline.com.br\/site\/muriaeense-recebe-premio-de-destaque-em-nova-iorque\/","name":"Muriaeense recebe pr\u00eamio de destaque em Nova Iorque - A Not\u00edcia Online","description":"A muriaeense e corretora de im\u00f3veis, C\u00edntia Ligeiro recebeu, em Nova Iorque, o Portuguese Brazilian Awards, por ser uma das pessoas homenageadas que se destacaram pelos seus trabalhos. O pr\u00eamio, que est\u00e1 em sua quarta edi\u00e7\u00e3o, reconhece personalidades brasileiras e portuguesas, n\u00e3o s\u00f3 nos EUA, mas tamb\u00e9m ao redor do mundo. C\u00edntia foi uma, de apenas","inLanguage":"pt-BR","isPartOf":{"@id":"https:\/\/anoticiaonline.com.br\/site\/#website"},"breadcrumb":{"@id":"https:\/\/anoticiaonline.com.br\/site\/muriaeense-recebe-premio-de-destaque-em-nova-iorque\/#breadcrumblist"},"author":{"@id":"https:\/\/anoticiaonline.com.br\/site\/author\/juliana\/#author"},"creator":{"@id":"https:\/\/anoticiaonline.com.br\/site\/author\/juliana\/#author"},"image":{"@type":"ImageObject","url":"https:\/\/anoticiaonline.com.br\/site\/wp-content\/uploads\/2017\/07\/146d9e50-32aa-46e0-9ef8-aeb673b56270.jpg","@id":"https:\/\/anoticiaonline.com.br\/site\/muriaeense-recebe-premio-de-destaque-em-nova-iorque\/#mainImage","width":640,"height":480},"primaryImageOfPage":{"@id":"https:\/\/anoticiaonline.com.br\/site\/muriaeense-recebe-premio-de-destaque-em-nova-iorque\/#mainImage"},"datePublished":"2017-07-13T17:34:12-03:00","dateModified":"2017-07-13T17:35:08-03:00"},{"@type":"WebSite","@id":"https:\/\/anoticiaonline.com.br\/site\/#website","url":"https:\/\/anoticiaonline.com.br\/site\/","name":"A Not\u00edcia Online","description":"Noticias de Muria\u00e9 e regi\u00e3o","inLanguage":"pt-BR","publisher":{"@id":"https:\/\/anoticiaonline.com.br\/site\/#organization"}}]},"og:locale":"pt_BR","og:site_name":"A Not\u00edcia Online - Noticias de Muria\u00e9 e regi\u00e3o","og:type":"article","og:title":"Muriaeense recebe pr\u00eamio de destaque em Nova Iorque - A Not\u00edcia Online","og:description":"A muriaeense e corretora de im\u00f3veis, C\u00edntia Ligeiro recebeu, em Nova Iorque, o Portuguese Brazilian Awards, por ser uma das pessoas homenageadas que se destacaram pelos seus trabalhos. O pr\u00eamio, que est\u00e1 em sua quarta edi\u00e7\u00e3o, reconhece personalidades brasileiras e portuguesas, n\u00e3o s\u00f3 nos EUA, mas tamb\u00e9m ao redor do mundo. C\u00edntia foi uma, de apenas","og:url":"https:\/\/anoticiaonline.com.br\/site\/muriaeense-recebe-premio-de-destaque-em-nova-iorque\/","og:image":"https:\/\/scontent-gig4-1.xx.fbcdn.net\/v\/t39.30808-1\/270437624_4564083193639691_6907940295614233970_n.jpg?stp=dst-jpg_s200x200_tt6&#038;_nc_cat=111&#038;ccb=1-7&#038;_nc_sid=f907e8&#038;_nc_ohc=SM1wRlP3lJwQ7kNvwEPuBYA&#038;_nc_oc=AdnqrjDN_BNjSSHWO-GbkIWH6fkGMLw4bqvL_NH6e2wMveX7G-rP2dAqsDSq1mJMOaY&#038;_nc_zt=24&#038;_nc_ht=scontent-gig4-1.xx&#038;_nc_gid=AoBFJeGrT1hVaew_6rchkQ&#038;oh=00_AfX7QmFGhQhG2jAllVgXCiM1ZrWgvtp80-Bfppyexh1QEg&#038;oe=689E923C","og:image:secure_url":"https:\/\/scontent-gig4-1.xx.fbcdn.net\/v\/t39.30808-1\/270437624_4564083193639691_6907940295614233970_n.jpg?stp=dst-jpg_s200x200_tt6&#038;_nc_cat=111&#038;ccb=1-7&#038;_nc_sid=f907e8&#038;_nc_ohc=SM1wRlP3lJwQ7kNvwEPuBYA&#038;_nc_oc=AdnqrjDN_BNjSSHWO-GbkIWH6fkGMLw4bqvL_NH6e2wMveX7G-rP2dAqsDSq1mJMOaY&#038;_nc_zt=24&#038;_nc_ht=scontent-gig4-1.xx&#038;_nc_gid=AoBFJeGrT1hVaew_6rchkQ&#038;oh=00_AfX7QmFGhQhG2jAllVgXCiM1ZrWgvtp80-Bfppyexh1QEg&#038;oe=689E923C","article:published_time":"2017-07-13T20:34:12+00:00","article:modified_time":"2017-07-13T20:35:08+00:00","twitter:card":"summary_large_image","twitter:title":"Muriaeense recebe pr\u00eamio de destaque em Nova Iorque - A Not\u00edcia Online","twitter:description":"A muriaeense e corretora de im\u00f3veis, C\u00edntia Ligeiro recebeu, em Nova Iorque, o Portuguese Brazilian Awards, por ser uma das pessoas homenageadas que se destacaram pelos seus trabalhos. O pr\u00eamio, que est\u00e1 em sua quarta edi\u00e7\u00e3o, reconhece personalidades brasileiras e portuguesas, n\u00e3o s\u00f3 nos EUA, mas tamb\u00e9m ao redor do mundo. C\u00edntia foi uma, de apenas","twitter:image":"https:\/\/scontent-gig4-1.xx.fbcdn.net\/v\/t39.30808-1\/270437624_4564083193639691_6907940295614233970_n.jpg?stp=dst-jpg_s200x200_tt6&_nc_cat=111&ccb=1-7&_nc_sid=f907e8&_nc_ohc=SM1wRlP3lJwQ7kNvwEPuBYA&_nc_oc=AdnqrjDN_BNjSSHWO-GbkIWH6fkGMLw4bqvL_NH6e2wMveX7G-rP2dAqsDSq1mJMOaY&_nc_zt=24&_nc_ht=scontent-gig4-1.xx&_nc_gid=AoBFJeGrT1hVaew_6rchkQ&oh=00_AfX7QmFGhQhG2jAllVgXCiM1ZrWgvtp80-Bfppyexh1QEg&oe=689E923C"},"aioseo_meta_data":{"post_id":"35100","title":null,"description":null,"keywords":null,"keyphrases":null,"primary_term":null,"canonical_url":null,"og_title":null,"og_description":null,"og_object_type":"default","og_image_type":"default","og_image_url":null,"og_image_width":null,"og_image_height":null,"og_image_custom_url":null,"og_image_custom_fields":null,"og_video":null,"og_custom_url":null,"og_article_section":null,"og_article_tags":null,"twitter_use_og":false,"twitter_card":"default","twitter_image_type":"default","twitter_image_url":null,"twitter_image_custom_url":null,"twitter_image_custom_fields":null,"twitter_title":null,"twitter_description":null,"schema":{"blockGraphs":[],"customGraphs":[],"default":{"data":{"Article":[],"Course":[],"Dataset":[],"FAQPage":[],"Movie":[],"Person":[],"Product":[],"ProductReview":[],"Car":[],"Recipe":[],"Service":[],"SoftwareApplication":[],"WebPage":[]},"graphName":"","isEnabled":true},"graphs":[]},"schema_type":"default","schema_type_options":null,"pillar_content":false,"robots_default":true,"robots_noindex":false,"robots_noarchive":false,"robots_nosnippet":false,"robots_nofollow":false,"robots_noimageindex":false,"robots_noodp":false,"robots_notranslate":false,"robots_max_snippet":null,"robots_max_videopreview":null,"robots_max_imagepreview":"large","priority":null,"frequency":null,"local_seo":null,"breadcrumb_settings":null,"limit_modified_date":false,"ai":null,"created":"2025-08-16 18:53:47","updated":"2025-08-16 18:53:47","focus_keyword":null,"additional_keywords":null,"truseo_locale":null,"seo_analyzer_scan_date":null},"aioseo_breadcrumb":"<div class=\"aioseo-breadcrumbs\"><span class=\"aioseo-breadcrumb\">\n\t\t\t<a href=\"https:\/\/anoticiaonline.com.br\/site\" title=\"Home\">Home<\/a>\n\t\t<\/span><span class=\"aioseo-breadcrumb-separator\">&raquo;<\/span><span class=\"aioseo-breadcrumb\">\n\t\t\t<a href=\"https:\/\/anoticiaonline.com.br\/site\/categoria\/muriae\/\" title=\"Blog\">Blog<\/a>\n\t\t<\/span><span class=\"aioseo-breadcrumb-separator\">&raquo;<\/span><span class=\"aioseo-breadcrumb\">\n\t\t\tMuriaeense recebe pr\u00eamio de destaque em Nova Iorque\n\t\t<\/span><\/div>","aioseo_breadcrumb_json":[{"label":"Home","link":"https:\/\/anoticiaonline.com.br\/site"},{"label":"Blog","link":"https:\/\/anoticiaonline.com.br\/site\/categoria\/muriae\/"},{"label":"Muriaeense recebe pr\u00eamio de destaque em Nova Iorque","link":"https:\/\/anoticiaonline.com.br\/site\/muriaeense-recebe-premio-de-destaque-em-nova-iorque\/"}],"views":185,"_links":{"self":[{"href":"https:\/\/anoticiaonline.com.br\/site\/wp-json\/wp\/v2\/posts\/35100","targetHints":{"allow":["GET"]}}],"collection":[{"href":"https:\/\/anoticiaonline.com.br\/site\/wp-json\/wp\/v2\/posts"}],"about":[{"href":"https:\/\/anoticiaonline.com.br\/site\/wp-json\/wp\/v2\/types\/post"}],"author":[{"embeddable":true,"href":"https:\/\/anoticiaonline.com.br\/site\/wp-json\/wp\/v2\/users\/2"}],"replies":[{"embeddable":true,"href":"https:\/\/anoticiaonline.com.br\/site\/wp-json\/wp\/v2\/comments?post=35100"}],"version-history":[{"count":0,"href":"https:\/\/anoticiaonline.com.br\/site\/wp-json\/wp\/v2\/posts\/35100\/revisions"}],"wp:featuredmedia":[{"embeddable":true,"href":"https:\/\/anoticiaonline.com.br\/site\/wp-json\/wp\/v2\/media\/35101"}],"wp:attachment":[{"href":"https:\/\/anoticiaonline.com.br\/site\/wp-json\/wp\/v2\/media?parent=35100"}],"wp:term":[{"taxonomy":"category","embeddable":true,"href":"https:\/\/anoticiaonline.com.br\/site\/wp-json\/wp\/v2\/categories?post=35100"},{"taxonomy":"post_tag","embeddable":true,"href":"https:\/\/anoticiaonline.com.br\/site\/wp-json\/wp\/v2\/tags?post=35100"}],"curies":[{"name":"wp","href":"https:\/\/api.w.org\/{rel}","templated":true}]}}