{"id":35000,"date":"2017-07-07T10:15:22","date_gmt":"2017-07-07T13:15:22","guid":{"rendered":"http:\/\/anoticiaonline.com.br\/site\/?p=35000"},"modified":"2017-07-07T10:17:51","modified_gmt":"2017-07-07T13:17:51","slug":"atropelamento-na-br-356-deixa-tres-feridos-e-uma-vitima-fatal","status":"publish","type":"post","link":"https:\/\/anoticiaonline.com.br\/site\/atropelamento-na-br-356-deixa-tres-feridos-e-uma-vitima-fatal\/","title":{"rendered":"Atropelamento na BR-356 deixa tr\u00eas feridos e uma v\u00edtima fatal"},"content":{"rendered":"<p><a href=\"https:\/\/anoticiaonline.com.br\/site\/wp-content\/uploads\/2017\/06\/DSC00514-Copy.jpg\"><img fetchpriority=\"high\" decoding=\"async\" class=\"size-medium wp-image-34425 alignleft\" src=\"https:\/\/anoticiaonline.com.br\/site\/wp-content\/uploads\/2017\/06\/DSC00514-Copy-300x225.jpg\" alt=\"\" width=\"300\" height=\"225\" srcset=\"https:\/\/anoticiaonline.com.br\/site\/wp-content\/uploads\/2017\/06\/DSC00514-Copy-300x225.jpg 300w, https:\/\/anoticiaonline.com.br\/site\/wp-content\/uploads\/2017\/06\/DSC00514-Copy.jpg 640w\" sizes=\"(max-width: 300px) 100vw, 300px\" \/><\/a>Uma trag\u00e9dia aconteceu em Muria\u00e9, no \u00faltimo domingo (02), na rodovia federal BR-356, mais precisamente na regi\u00e3o do SESC. Quatro jovens foram atropelados por um ve\u00edculo Ford Ka, com placa de Bom Jesus do Norte, Esp\u00edrito Santo, que viajava em dire\u00e7\u00e3o a Muria\u00e9.<\/p>\n<p>Segundo informa\u00e7\u00f5es o motorista perdeu o controle do carro e, em seguida, atropelou os pedestres que saiam de um jogo de v\u00f4lei e andavam at\u00e9 um ponto de \u00f4nibus pr\u00f3ximo.<\/p>\n<p>As v\u00edtimas foram lan\u00e7adas a uma dist\u00e2ncia de 80 metros do local do acidente, ficando na pista at\u00e9 a chegada de socorro, por\u00e9m uma delas morreu na hora. O motorista parou pr\u00f3ximo ao local e aguardou at\u00e9 que todo o procedimento fosse realizado.<\/p>\n<p>Segundo a Pol\u00edcia Rodovi\u00e1ria Federal as v\u00edtimas eram: Adriel Ar\u00eades, de 28 anos, que morreu no local; R.M. de F, de 26 anos, que teve ferimentos graves, apresentou melhora em seu quadro cl\u00ednico e deve realizar uma cirurgia no cr\u00e2nio em breve; al\u00e9m de F.A. da S. J\u00fanior, de 27 anos, e W.F.R., de 21 anos, que sofreram ferimentos leves e segundo amigos j\u00e1 est\u00e3o em casa.<\/p>\n","protected":false},"excerpt":{"rendered":"<p>Uma trag\u00e9dia aconteceu em Muria\u00e9, no \u00faltimo domingo (02), na rodovia federal BR-356, mais precisamente na regi\u00e3o do SESC. Quatro jovens foram atropelados por um ve\u00edculo Ford Ka, com placa de Bom Jesus do Norte, Esp\u00edrito Santo, que viajava em dire\u00e7\u00e3o a Muria\u00e9. Segundo informa\u00e7\u00f5es o motorista perdeu o controle do carro e, em seguida, &#8230; <a title=\"Atropelamento na BR-356 deixa tr\u00eas feridos e uma v\u00edtima fatal\" class=\"read-more\" href=\"https:\/\/anoticiaonline.com.br\/site\/atropelamento-na-br-356-deixa-tres-feridos-e-uma-vitima-fatal\/\" aria-label=\"Read more about Atropelamento na BR-356 deixa tr\u00eas feridos e uma v\u00edtima fatal\">Ler mais<\/a><\/p>\n","protected":false},"author":2,"featured_media":34425,"comment_status":"open","ping_status":"open","sticky":false,"template":"","format":"standard","meta":{"_acf_changed":false,"_monsterinsights_skip_tracking":false,"footnotes":""},"categories":[30,45],"tags":[433,74,414],"class_list":["post-35000","post","type-post","status-publish","format-standard","has-post-thumbnail","hentry","category-muriae","category-transito","tag-acidente","tag-muriae","tag-transito"],"acf":[],"aioseo_notices":[],"aioseo_head":"\n\t\t<!-- All in One SEO 5.0.0.1 - aioseo.com -->\n\t<meta name=\"description\" content=\"Uma trag\u00e9dia aconteceu em Muria\u00e9, no \u00faltimo domingo (02), na rodovia federal BR-356, mais precisamente na regi\u00e3o do SESC. Quatro jovens foram atropelados por um ve\u00edculo Ford Ka, com placa de Bom Jesus do Norte, Esp\u00edrito Santo, que viajava em dire\u00e7\u00e3o a Muria\u00e9. Segundo informa\u00e7\u00f5es o motorista perdeu o controle do carro e, em seguida,\" \/>\n\t<meta name=\"robots\" content=\"max-image-preview:large\" \/>\n\t<meta name=\"author\" content=\"Juliana Laviola\"\/>\n\t<link rel=\"canonical\" href=\"https:\/\/anoticiaonline.com.br\/site\/atropelamento-na-br-356-deixa-tres-feridos-e-uma-vitima-fatal\/\" \/>\n\t<meta name=\"generator\" content=\"All in One SEO (AIOSEO) 5.0.0.1\" \/>\n\t\t<meta property=\"og:locale\" content=\"pt_BR\" \/>\n\t\t<meta property=\"og:site_name\" content=\"A Not\u00edcia Online - Noticias de Muria\u00e9 e regi\u00e3o\" \/>\n\t\t<meta property=\"og:type\" content=\"article\" \/>\n\t\t<meta property=\"og:title\" content=\"Atropelamento na BR-356 deixa tr\u00eas feridos e uma v\u00edtima fatal - A Not\u00edcia Online\" \/>\n\t\t<meta property=\"og:description\" content=\"Uma trag\u00e9dia aconteceu em Muria\u00e9, no \u00faltimo domingo (02), na rodovia federal BR-356, mais precisamente na regi\u00e3o do SESC. Quatro jovens foram atropelados por um ve\u00edculo Ford Ka, com placa de Bom Jesus do Norte, Esp\u00edrito Santo, que viajava em dire\u00e7\u00e3o a Muria\u00e9. Segundo informa\u00e7\u00f5es o motorista perdeu o controle do carro e, em seguida,\" \/>\n\t\t<meta property=\"og:url\" content=\"https:\/\/anoticiaonline.com.br\/site\/atropelamento-na-br-356-deixa-tres-feridos-e-uma-vitima-fatal\/\" \/>\n\t\t<meta property=\"og:image\" content=\"https:\/\/scontent-gig4-1.xx.fbcdn.net\/v\/t39.30808-1\/270437624_4564083193639691_6907940295614233970_n.jpg?stp=dst-jpg_s200x200_tt6&#038;_nc_cat=111&#038;ccb=1-7&#038;_nc_sid=f907e8&#038;_nc_ohc=SM1wRlP3lJwQ7kNvwEPuBYA&#038;_nc_oc=AdnqrjDN_BNjSSHWO-GbkIWH6fkGMLw4bqvL_NH6e2wMveX7G-rP2dAqsDSq1mJMOaY&#038;_nc_zt=24&#038;_nc_ht=scontent-gig4-1.xx&#038;_nc_gid=AoBFJeGrT1hVaew_6rchkQ&#038;oh=00_AfX7QmFGhQhG2jAllVgXCiM1ZrWgvtp80-Bfppyexh1QEg&#038;oe=689E923C\" \/>\n\t\t<meta property=\"og:image:secure_url\" content=\"https:\/\/scontent-gig4-1.xx.fbcdn.net\/v\/t39.30808-1\/270437624_4564083193639691_6907940295614233970_n.jpg?stp=dst-jpg_s200x200_tt6&#038;_nc_cat=111&#038;ccb=1-7&#038;_nc_sid=f907e8&#038;_nc_ohc=SM1wRlP3lJwQ7kNvwEPuBYA&#038;_nc_oc=AdnqrjDN_BNjSSHWO-GbkIWH6fkGMLw4bqvL_NH6e2wMveX7G-rP2dAqsDSq1mJMOaY&#038;_nc_zt=24&#038;_nc_ht=scontent-gig4-1.xx&#038;_nc_gid=AoBFJeGrT1hVaew_6rchkQ&#038;oh=00_AfX7QmFGhQhG2jAllVgXCiM1ZrWgvtp80-Bfppyexh1QEg&#038;oe=689E923C\" \/>\n\t\t<meta property=\"article:published_time\" content=\"2017-07-07T13:15:22+00:00\" \/>\n\t\t<meta property=\"article:modified_time\" content=\"2017-07-07T13:17:51+00:00\" \/>\n\t\t<meta name=\"twitter:card\" content=\"summary_large_image\" \/>\n\t\t<meta name=\"twitter:title\" content=\"Atropelamento na BR-356 deixa tr\u00eas feridos e uma v\u00edtima fatal - A Not\u00edcia Online\" \/>\n\t\t<meta name=\"twitter:description\" content=\"Uma trag\u00e9dia aconteceu em Muria\u00e9, no \u00faltimo domingo (02), na rodovia federal BR-356, mais precisamente na regi\u00e3o do SESC. Quatro jovens foram atropelados por um ve\u00edculo Ford Ka, com placa de Bom Jesus do Norte, Esp\u00edrito Santo, que viajava em dire\u00e7\u00e3o a Muria\u00e9. Segundo informa\u00e7\u00f5es o motorista perdeu o controle do carro e, em seguida,\" \/>\n\t\t<meta name=\"twitter:image\" content=\"https:\/\/scontent-gig4-1.xx.fbcdn.net\/v\/t39.30808-1\/270437624_4564083193639691_6907940295614233970_n.jpg?stp=dst-jpg_s200x200_tt6&amp;_nc_cat=111&amp;ccb=1-7&amp;_nc_sid=f907e8&amp;_nc_ohc=SM1wRlP3lJwQ7kNvwEPuBYA&amp;_nc_oc=AdnqrjDN_BNjSSHWO-GbkIWH6fkGMLw4bqvL_NH6e2wMveX7G-rP2dAqsDSq1mJMOaY&amp;_nc_zt=24&amp;_nc_ht=scontent-gig4-1.xx&amp;_nc_gid=AoBFJeGrT1hVaew_6rchkQ&amp;oh=00_AfX7QmFGhQhG2jAllVgXCiM1ZrWgvtp80-Bfppyexh1QEg&amp;oe=689E923C\" \/>\n\t\t<script type=\"application\/ld+json\" class=\"aioseo-schema\">\n\t\t\t{\"@context\":\"https:\\\/\\\/schema.org\",\"@graph\":[{\"@type\":\"BlogPosting\",\"@id\":\"https:\\\/\\\/anoticiaonline.com.br\\\/site\\\/atropelamento-na-br-356-deixa-tres-feridos-e-uma-vitima-fatal\\\/#blogposting\",\"name\":\"Atropelamento na BR-356 deixa tr\\u00eas feridos e uma v\\u00edtima fatal - A Not\\u00edcia Online\",\"headline\":\"Atropelamento na BR-356 deixa tr\\u00eas feridos e uma v\\u00edtima fatal\",\"author\":{\"@id\":\"https:\\\/\\\/anoticiaonline.com.br\\\/site\\\/author\\\/juliana\\\/#author\"},\"publisher\":{\"@id\":\"https:\\\/\\\/anoticiaonline.com.br\\\/site\\\/#organization\"},\"image\":{\"@type\":\"ImageObject\",\"url\":\"https:\\\/\\\/anoticiaonline.com.br\\\/site\\\/wp-content\\\/uploads\\\/2017\\\/06\\\/DSC00514-Copy.jpg\",\"width\":640,\"height\":480},\"datePublished\":\"2017-07-07T10:15:22-03:00\",\"dateModified\":\"2017-07-07T10:17:51-03:00\",\"inLanguage\":\"pt-BR\",\"mainEntityOfPage\":{\"@id\":\"https:\\\/\\\/anoticiaonline.com.br\\\/site\\\/atropelamento-na-br-356-deixa-tres-feridos-e-uma-vitima-fatal\\\/#webpage\"},\"isPartOf\":{\"@id\":\"https:\\\/\\\/anoticiaonline.com.br\\\/site\\\/atropelamento-na-br-356-deixa-tres-feridos-e-uma-vitima-fatal\\\/#webpage\"},\"articleSection\":\"Blog, Tr\\u00e2nsito, acidente, Muria\\u00e9, tr\\u00e2nsito\"},{\"@type\":\"BreadcrumbList\",\"@id\":\"https:\\\/\\\/anoticiaonline.com.br\\\/site\\\/atropelamento-na-br-356-deixa-tres-feridos-e-uma-vitima-fatal\\\/#breadcrumblist\",\"itemListElement\":[{\"@type\":\"ListItem\",\"@id\":\"https:\\\/\\\/anoticiaonline.com.br\\\/site#listItem\",\"position\":1,\"name\":\"Home\",\"item\":\"https:\\\/\\\/anoticiaonline.com.br\\\/site\",\"nextItem\":{\"@type\":\"ListItem\",\"@id\":\"https:\\\/\\\/anoticiaonline.com.br\\\/site\\\/categoria\\\/muriae\\\/#listItem\",\"name\":\"Blog\"}},{\"@type\":\"ListItem\",\"@id\":\"https:\\\/\\\/anoticiaonline.com.br\\\/site\\\/categoria\\\/muriae\\\/#listItem\",\"position\":2,\"name\":\"Blog\",\"item\":\"https:\\\/\\\/anoticiaonline.com.br\\\/site\\\/categoria\\\/muriae\\\/\",\"nextItem\":{\"@type\":\"ListItem\",\"@id\":\"https:\\\/\\\/anoticiaonline.com.br\\\/site\\\/categoria\\\/muriae\\\/transito\\\/#listItem\",\"name\":\"Tr\\u00e2nsito\"},\"previousItem\":{\"@type\":\"ListItem\",\"@id\":\"https:\\\/\\\/anoticiaonline.com.br\\\/site#listItem\",\"name\":\"Home\"}},{\"@type\":\"ListItem\",\"@id\":\"https:\\\/\\\/anoticiaonline.com.br\\\/site\\\/categoria\\\/muriae\\\/transito\\\/#listItem\",\"position\":3,\"name\":\"Tr\\u00e2nsito\",\"item\":\"https:\\\/\\\/anoticiaonline.com.br\\\/site\\\/categoria\\\/muriae\\\/transito\\\/\",\"nextItem\":{\"@type\":\"ListItem\",\"@id\":\"https:\\\/\\\/anoticiaonline.com.br\\\/site\\\/atropelamento-na-br-356-deixa-tres-feridos-e-uma-vitima-fatal\\\/#listItem\",\"name\":\"Atropelamento na BR-356 deixa tr\\u00eas feridos e uma v\\u00edtima fatal\"},\"previousItem\":{\"@type\":\"ListItem\",\"@id\":\"https:\\\/\\\/anoticiaonline.com.br\\\/site\\\/categoria\\\/muriae\\\/#listItem\",\"name\":\"Blog\"}},{\"@type\":\"ListItem\",\"@id\":\"https:\\\/\\\/anoticiaonline.com.br\\\/site\\\/atropelamento-na-br-356-deixa-tres-feridos-e-uma-vitima-fatal\\\/#listItem\",\"position\":4,\"name\":\"Atropelamento na BR-356 deixa tr\\u00eas feridos e uma v\\u00edtima fatal\",\"previousItem\":{\"@type\":\"ListItem\",\"@id\":\"https:\\\/\\\/anoticiaonline.com.br\\\/site\\\/categoria\\\/muriae\\\/transito\\\/#listItem\",\"name\":\"Tr\\u00e2nsito\"}}]},{\"@type\":\"Organization\",\"@id\":\"https:\\\/\\\/anoticiaonline.com.br\\\/site\\\/#organization\",\"name\":\"A Not\\u00edcia Online\",\"description\":\"Noticias de Muria\\u00e9 e regi\\u00e3o\",\"url\":\"https:\\\/\\\/anoticiaonline.com.br\\\/site\\\/\",\"logo\":{\"@type\":\"ImageObject\",\"url\":\"https:\\\/\\\/scontent-gig4-1.xx.fbcdn.net\\\/v\\\/t39.30808-1\\\/270437624_4564083193639691_6907940295614233970_n.jpg?stp=dst-jpg_s200x200_tt6&_nc_cat=111&ccb=1-7&_nc_sid=f907e8&_nc_ohc=SM1wRlP3lJwQ7kNvwEPuBYA&_nc_oc=AdnqrjDN_BNjSSHWO-GbkIWH6fkGMLw4bqvL_NH6e2wMveX7G-rP2dAqsDSq1mJMOaY&_nc_zt=24&_nc_ht=scontent-gig4-1.xx&_nc_gid=AoBFJeGrT1hVaew_6rchkQ&oh=00_AfX7QmFGhQhG2jAllVgXCiM1ZrWgvtp80-Bfppyexh1QEg&oe=689E923C\",\"@id\":\"https:\\\/\\\/anoticiaonline.com.br\\\/site\\\/atropelamento-na-br-356-deixa-tres-feridos-e-uma-vitima-fatal\\\/#organizationLogo\"},\"image\":{\"@id\":\"https:\\\/\\\/anoticiaonline.com.br\\\/site\\\/atropelamento-na-br-356-deixa-tres-feridos-e-uma-vitima-fatal\\\/#organizationLogo\"}},{\"@type\":\"Person\",\"@id\":\"https:\\\/\\\/anoticiaonline.com.br\\\/site\\\/author\\\/juliana\\\/#author\",\"url\":\"https:\\\/\\\/anoticiaonline.com.br\\\/site\\\/author\\\/juliana\\\/\",\"name\":\"Juliana Laviola\",\"image\":{\"@type\":\"ImageObject\",\"@id\":\"https:\\\/\\\/anoticiaonline.com.br\\\/site\\\/atropelamento-na-br-356-deixa-tres-feridos-e-uma-vitima-fatal\\\/#authorImage\",\"url\":\"https:\\\/\\\/secure.gravatar.com\\\/avatar\\\/b8d45f5c699b100dfaf0e543582f38f38bf94cb7ae3a5e9abf8d891a34773335?s=96&d=mm&r=g\",\"width\":96,\"height\":96,\"caption\":\"Juliana Laviola\"}},{\"@type\":\"WebPage\",\"@id\":\"https:\\\/\\\/anoticiaonline.com.br\\\/site\\\/atropelamento-na-br-356-deixa-tres-feridos-e-uma-vitima-fatal\\\/#webpage\",\"url\":\"https:\\\/\\\/anoticiaonline.com.br\\\/site\\\/atropelamento-na-br-356-deixa-tres-feridos-e-uma-vitima-fatal\\\/\",\"name\":\"Atropelamento na BR-356 deixa tr\\u00eas feridos e uma v\\u00edtima fatal - A Not\\u00edcia Online\",\"description\":\"Uma trag\\u00e9dia aconteceu em Muria\\u00e9, no \\u00faltimo domingo (02), na rodovia federal BR-356, mais precisamente na regi\\u00e3o do SESC. Quatro jovens foram atropelados por um ve\\u00edculo Ford Ka, com placa de Bom Jesus do Norte, Esp\\u00edrito Santo, que viajava em dire\\u00e7\\u00e3o a Muria\\u00e9. Segundo informa\\u00e7\\u00f5es o motorista perdeu o controle do carro e, em seguida,\",\"inLanguage\":\"pt-BR\",\"isPartOf\":{\"@id\":\"https:\\\/\\\/anoticiaonline.com.br\\\/site\\\/#website\"},\"breadcrumb\":{\"@id\":\"https:\\\/\\\/anoticiaonline.com.br\\\/site\\\/atropelamento-na-br-356-deixa-tres-feridos-e-uma-vitima-fatal\\\/#breadcrumblist\"},\"author\":{\"@id\":\"https:\\\/\\\/anoticiaonline.com.br\\\/site\\\/author\\\/juliana\\\/#author\"},\"creator\":{\"@id\":\"https:\\\/\\\/anoticiaonline.com.br\\\/site\\\/author\\\/juliana\\\/#author\"},\"image\":{\"@type\":\"ImageObject\",\"url\":\"https:\\\/\\\/anoticiaonline.com.br\\\/site\\\/wp-content\\\/uploads\\\/2017\\\/06\\\/DSC00514-Copy.jpg\",\"@id\":\"https:\\\/\\\/anoticiaonline.com.br\\\/site\\\/atropelamento-na-br-356-deixa-tres-feridos-e-uma-vitima-fatal\\\/#mainImage\",\"width\":640,\"height\":480},\"primaryImageOfPage\":{\"@id\":\"https:\\\/\\\/anoticiaonline.com.br\\\/site\\\/atropelamento-na-br-356-deixa-tres-feridos-e-uma-vitima-fatal\\\/#mainImage\"},\"datePublished\":\"2017-07-07T10:15:22-03:00\",\"dateModified\":\"2017-07-07T10:17:51-03:00\"},{\"@type\":\"WebSite\",\"@id\":\"https:\\\/\\\/anoticiaonline.com.br\\\/site\\\/#website\",\"url\":\"https:\\\/\\\/anoticiaonline.com.br\\\/site\\\/\",\"name\":\"A Not\\u00edcia Online\",\"description\":\"Noticias de Muria\\u00e9 e regi\\u00e3o\",\"inLanguage\":\"pt-BR\",\"publisher\":{\"@id\":\"https:\\\/\\\/anoticiaonline.com.br\\\/site\\\/#organization\"}}]}\n\t\t<\/script>\n\t\t<!-- All in One SEO -->\n\n","aioseo_head_json":{"title":"Atropelamento na BR-356 deixa tr\u00eas feridos e uma v\u00edtima fatal - A Not\u00edcia Online","description":"Uma trag\u00e9dia aconteceu em Muria\u00e9, no \u00faltimo domingo (02), na rodovia federal BR-356, mais precisamente na regi\u00e3o do SESC. Quatro jovens foram atropelados por um ve\u00edculo Ford Ka, com placa de Bom Jesus do Norte, Esp\u00edrito Santo, que viajava em dire\u00e7\u00e3o a Muria\u00e9. Segundo informa\u00e7\u00f5es o motorista perdeu o controle do carro e, em seguida,","canonical_url":"https:\/\/anoticiaonline.com.br\/site\/atropelamento-na-br-356-deixa-tres-feridos-e-uma-vitima-fatal\/","robots":"max-image-preview:large","keywords":"","webmasterTools":{"miscellaneous":""},"schema":{"@context":"https:\/\/schema.org","@graph":[{"@type":"BlogPosting","@id":"https:\/\/anoticiaonline.com.br\/site\/atropelamento-na-br-356-deixa-tres-feridos-e-uma-vitima-fatal\/#blogposting","name":"Atropelamento na BR-356 deixa tr\u00eas feridos e uma v\u00edtima fatal - A Not\u00edcia Online","headline":"Atropelamento na BR-356 deixa tr\u00eas feridos e uma v\u00edtima fatal","author":{"@id":"https:\/\/anoticiaonline.com.br\/site\/author\/juliana\/#author"},"publisher":{"@id":"https:\/\/anoticiaonline.com.br\/site\/#organization"},"image":{"@type":"ImageObject","url":"https:\/\/anoticiaonline.com.br\/site\/wp-content\/uploads\/2017\/06\/DSC00514-Copy.jpg","width":640,"height":480},"datePublished":"2017-07-07T10:15:22-03:00","dateModified":"2017-07-07T10:17:51-03:00","inLanguage":"pt-BR","mainEntityOfPage":{"@id":"https:\/\/anoticiaonline.com.br\/site\/atropelamento-na-br-356-deixa-tres-feridos-e-uma-vitima-fatal\/#webpage"},"isPartOf":{"@id":"https:\/\/anoticiaonline.com.br\/site\/atropelamento-na-br-356-deixa-tres-feridos-e-uma-vitima-fatal\/#webpage"},"articleSection":"Blog, Tr\u00e2nsito, acidente, Muria\u00e9, tr\u00e2nsito"},{"@type":"BreadcrumbList","@id":"https:\/\/anoticiaonline.com.br\/site\/atropelamento-na-br-356-deixa-tres-feridos-e-uma-vitima-fatal\/#breadcrumblist","itemListElement":[{"@type":"ListItem","@id":"https:\/\/anoticiaonline.com.br\/site#listItem","position":1,"name":"Home","item":"https:\/\/anoticiaonline.com.br\/site","nextItem":{"@type":"ListItem","@id":"https:\/\/anoticiaonline.com.br\/site\/categoria\/muriae\/#listItem","name":"Blog"}},{"@type":"ListItem","@id":"https:\/\/anoticiaonline.com.br\/site\/categoria\/muriae\/#listItem","position":2,"name":"Blog","item":"https:\/\/anoticiaonline.com.br\/site\/categoria\/muriae\/","nextItem":{"@type":"ListItem","@id":"https:\/\/anoticiaonline.com.br\/site\/categoria\/muriae\/transito\/#listItem","name":"Tr\u00e2nsito"},"previousItem":{"@type":"ListItem","@id":"https:\/\/anoticiaonline.com.br\/site#listItem","name":"Home"}},{"@type":"ListItem","@id":"https:\/\/anoticiaonline.com.br\/site\/categoria\/muriae\/transito\/#listItem","position":3,"name":"Tr\u00e2nsito","item":"https:\/\/anoticiaonline.com.br\/site\/categoria\/muriae\/transito\/","nextItem":{"@type":"ListItem","@id":"https:\/\/anoticiaonline.com.br\/site\/atropelamento-na-br-356-deixa-tres-feridos-e-uma-vitima-fatal\/#listItem","name":"Atropelamento na BR-356 deixa tr\u00eas feridos e uma v\u00edtima fatal"},"previousItem":{"@type":"ListItem","@id":"https:\/\/anoticiaonline.com.br\/site\/categoria\/muriae\/#listItem","name":"Blog"}},{"@type":"ListItem","@id":"https:\/\/anoticiaonline.com.br\/site\/atropelamento-na-br-356-deixa-tres-feridos-e-uma-vitima-fatal\/#listItem","position":4,"name":"Atropelamento na BR-356 deixa tr\u00eas feridos e uma v\u00edtima fatal","previousItem":{"@type":"ListItem","@id":"https:\/\/anoticiaonline.com.br\/site\/categoria\/muriae\/transito\/#listItem","name":"Tr\u00e2nsito"}}]},{"@type":"Organization","@id":"https:\/\/anoticiaonline.com.br\/site\/#organization","name":"A Not\u00edcia Online","description":"Noticias de Muria\u00e9 e regi\u00e3o","url":"https:\/\/anoticiaonline.com.br\/site\/","logo":{"@type":"ImageObject","url":"https:\/\/scontent-gig4-1.xx.fbcdn.net\/v\/t39.30808-1\/270437624_4564083193639691_6907940295614233970_n.jpg?stp=dst-jpg_s200x200_tt6&_nc_cat=111&ccb=1-7&_nc_sid=f907e8&_nc_ohc=SM1wRlP3lJwQ7kNvwEPuBYA&_nc_oc=AdnqrjDN_BNjSSHWO-GbkIWH6fkGMLw4bqvL_NH6e2wMveX7G-rP2dAqsDSq1mJMOaY&_nc_zt=24&_nc_ht=scontent-gig4-1.xx&_nc_gid=AoBFJeGrT1hVaew_6rchkQ&oh=00_AfX7QmFGhQhG2jAllVgXCiM1ZrWgvtp80-Bfppyexh1QEg&oe=689E923C","@id":"https:\/\/anoticiaonline.com.br\/site\/atropelamento-na-br-356-deixa-tres-feridos-e-uma-vitima-fatal\/#organizationLogo"},"image":{"@id":"https:\/\/anoticiaonline.com.br\/site\/atropelamento-na-br-356-deixa-tres-feridos-e-uma-vitima-fatal\/#organizationLogo"}},{"@type":"Person","@id":"https:\/\/anoticiaonline.com.br\/site\/author\/juliana\/#author","url":"https:\/\/anoticiaonline.com.br\/site\/author\/juliana\/","name":"Juliana Laviola","image":{"@type":"ImageObject","@id":"https:\/\/anoticiaonline.com.br\/site\/atropelamento-na-br-356-deixa-tres-feridos-e-uma-vitima-fatal\/#authorImage","url":"https:\/\/secure.gravatar.com\/avatar\/b8d45f5c699b100dfaf0e543582f38f38bf94cb7ae3a5e9abf8d891a34773335?s=96&d=mm&r=g","width":96,"height":96,"caption":"Juliana Laviola"}},{"@type":"WebPage","@id":"https:\/\/anoticiaonline.com.br\/site\/atropelamento-na-br-356-deixa-tres-feridos-e-uma-vitima-fatal\/#webpage","url":"https:\/\/anoticiaonline.com.br\/site\/atropelamento-na-br-356-deixa-tres-feridos-e-uma-vitima-fatal\/","name":"Atropelamento na BR-356 deixa tr\u00eas feridos e uma v\u00edtima fatal - A Not\u00edcia Online","description":"Uma trag\u00e9dia aconteceu em Muria\u00e9, no \u00faltimo domingo (02), na rodovia federal BR-356, mais precisamente na regi\u00e3o do SESC. Quatro jovens foram atropelados por um ve\u00edculo Ford Ka, com placa de Bom Jesus do Norte, Esp\u00edrito Santo, que viajava em dire\u00e7\u00e3o a Muria\u00e9. Segundo informa\u00e7\u00f5es o motorista perdeu o controle do carro e, em seguida,","inLanguage":"pt-BR","isPartOf":{"@id":"https:\/\/anoticiaonline.com.br\/site\/#website"},"breadcrumb":{"@id":"https:\/\/anoticiaonline.com.br\/site\/atropelamento-na-br-356-deixa-tres-feridos-e-uma-vitima-fatal\/#breadcrumblist"},"author":{"@id":"https:\/\/anoticiaonline.com.br\/site\/author\/juliana\/#author"},"creator":{"@id":"https:\/\/anoticiaonline.com.br\/site\/author\/juliana\/#author"},"image":{"@type":"ImageObject","url":"https:\/\/anoticiaonline.com.br\/site\/wp-content\/uploads\/2017\/06\/DSC00514-Copy.jpg","@id":"https:\/\/anoticiaonline.com.br\/site\/atropelamento-na-br-356-deixa-tres-feridos-e-uma-vitima-fatal\/#mainImage","width":640,"height":480},"primaryImageOfPage":{"@id":"https:\/\/anoticiaonline.com.br\/site\/atropelamento-na-br-356-deixa-tres-feridos-e-uma-vitima-fatal\/#mainImage"},"datePublished":"2017-07-07T10:15:22-03:00","dateModified":"2017-07-07T10:17:51-03:00"},{"@type":"WebSite","@id":"https:\/\/anoticiaonline.com.br\/site\/#website","url":"https:\/\/anoticiaonline.com.br\/site\/","name":"A Not\u00edcia Online","description":"Noticias de Muria\u00e9 e regi\u00e3o","inLanguage":"pt-BR","publisher":{"@id":"https:\/\/anoticiaonline.com.br\/site\/#organization"}}]},"og:locale":"pt_BR","og:site_name":"A Not\u00edcia Online - Noticias de Muria\u00e9 e regi\u00e3o","og:type":"article","og:title":"Atropelamento na BR-356 deixa tr\u00eas feridos e uma v\u00edtima fatal - A Not\u00edcia Online","og:description":"Uma trag\u00e9dia aconteceu em Muria\u00e9, no \u00faltimo domingo (02), na rodovia federal BR-356, mais precisamente na regi\u00e3o do SESC. Quatro jovens foram atropelados por um ve\u00edculo Ford Ka, com placa de Bom Jesus do Norte, Esp\u00edrito Santo, que viajava em dire\u00e7\u00e3o a Muria\u00e9. Segundo informa\u00e7\u00f5es o motorista perdeu o controle do carro e, em seguida,","og:url":"https:\/\/anoticiaonline.com.br\/site\/atropelamento-na-br-356-deixa-tres-feridos-e-uma-vitima-fatal\/","og:image":"https:\/\/scontent-gig4-1.xx.fbcdn.net\/v\/t39.30808-1\/270437624_4564083193639691_6907940295614233970_n.jpg?stp=dst-jpg_s200x200_tt6&#038;_nc_cat=111&#038;ccb=1-7&#038;_nc_sid=f907e8&#038;_nc_ohc=SM1wRlP3lJwQ7kNvwEPuBYA&#038;_nc_oc=AdnqrjDN_BNjSSHWO-GbkIWH6fkGMLw4bqvL_NH6e2wMveX7G-rP2dAqsDSq1mJMOaY&#038;_nc_zt=24&#038;_nc_ht=scontent-gig4-1.xx&#038;_nc_gid=AoBFJeGrT1hVaew_6rchkQ&#038;oh=00_AfX7QmFGhQhG2jAllVgXCiM1ZrWgvtp80-Bfppyexh1QEg&#038;oe=689E923C","og:image:secure_url":"https:\/\/scontent-gig4-1.xx.fbcdn.net\/v\/t39.30808-1\/270437624_4564083193639691_6907940295614233970_n.jpg?stp=dst-jpg_s200x200_tt6&#038;_nc_cat=111&#038;ccb=1-7&#038;_nc_sid=f907e8&#038;_nc_ohc=SM1wRlP3lJwQ7kNvwEPuBYA&#038;_nc_oc=AdnqrjDN_BNjSSHWO-GbkIWH6fkGMLw4bqvL_NH6e2wMveX7G-rP2dAqsDSq1mJMOaY&#038;_nc_zt=24&#038;_nc_ht=scontent-gig4-1.xx&#038;_nc_gid=AoBFJeGrT1hVaew_6rchkQ&#038;oh=00_AfX7QmFGhQhG2jAllVgXCiM1ZrWgvtp80-Bfppyexh1QEg&#038;oe=689E923C","article:published_time":"2017-07-07T13:15:22+00:00","article:modified_time":"2017-07-07T13:17:51+00:00","twitter:card":"summary_large_image","twitter:title":"Atropelamento na BR-356 deixa tr\u00eas feridos e uma v\u00edtima fatal - A Not\u00edcia Online","twitter:description":"Uma trag\u00e9dia aconteceu em Muria\u00e9, no \u00faltimo domingo (02), na rodovia federal BR-356, mais precisamente na regi\u00e3o do SESC. Quatro jovens foram atropelados por um ve\u00edculo Ford Ka, com placa de Bom Jesus do Norte, Esp\u00edrito Santo, que viajava em dire\u00e7\u00e3o a Muria\u00e9. Segundo informa\u00e7\u00f5es o motorista perdeu o controle do carro e, em seguida,","twitter:image":"https:\/\/scontent-gig4-1.xx.fbcdn.net\/v\/t39.30808-1\/270437624_4564083193639691_6907940295614233970_n.jpg?stp=dst-jpg_s200x200_tt6&_nc_cat=111&ccb=1-7&_nc_sid=f907e8&_nc_ohc=SM1wRlP3lJwQ7kNvwEPuBYA&_nc_oc=AdnqrjDN_BNjSSHWO-GbkIWH6fkGMLw4bqvL_NH6e2wMveX7G-rP2dAqsDSq1mJMOaY&_nc_zt=24&_nc_ht=scontent-gig4-1.xx&_nc_gid=AoBFJeGrT1hVaew_6rchkQ&oh=00_AfX7QmFGhQhG2jAllVgXCiM1ZrWgvtp80-Bfppyexh1QEg&oe=689E923C"},"aioseo_meta_data":{"post_id":"35000","title":null,"description":null,"keywords":null,"keyphrases":null,"primary_term":null,"canonical_url":null,"og_title":null,"og_description":null,"og_object_type":"default","og_image_type":"default","og_image_url":null,"og_image_width":null,"og_image_height":null,"og_image_custom_url":null,"og_image_custom_fields":null,"og_video":null,"og_custom_url":null,"og_article_section":null,"og_article_tags":null,"twitter_use_og":false,"twitter_card":"default","twitter_image_type":"default","twitter_image_url":null,"twitter_image_custom_url":null,"twitter_image_custom_fields":null,"twitter_title":null,"twitter_description":null,"schema":{"blockGraphs":[],"customGraphs":[],"default":{"data":{"Article":[],"Course":[],"Dataset":[],"FAQPage":[],"Movie":[],"Person":[],"Product":[],"ProductReview":[],"Car":[],"Recipe":[],"Service":[],"SoftwareApplication":[],"WebPage":[]},"graphName":"","isEnabled":true},"graphs":[]},"schema_type":"default","schema_type_options":null,"pillar_content":false,"robots_default":true,"robots_noindex":false,"robots_noarchive":false,"robots_nosnippet":false,"robots_nofollow":false,"robots_noimageindex":false,"robots_noodp":false,"robots_notranslate":false,"robots_max_snippet":null,"robots_max_videopreview":null,"robots_max_imagepreview":"large","priority":null,"frequency":null,"local_seo":null,"breadcrumb_settings":null,"limit_modified_date":false,"ai":null,"created":"2025-08-16 18:52:50","updated":"2025-08-16 18:52:50","focus_keyword":null,"additional_keywords":null,"truseo_locale":null,"seo_analyzer_scan_date":null},"aioseo_breadcrumb":"<div class=\"aioseo-breadcrumbs\"><span class=\"aioseo-breadcrumb\">\n\t\t\t<a href=\"https:\/\/anoticiaonline.com.br\/site\" title=\"Home\">Home<\/a>\n\t\t<\/span><span class=\"aioseo-breadcrumb-separator\">&raquo;<\/span><span class=\"aioseo-breadcrumb\">\n\t\t\t<a href=\"https:\/\/anoticiaonline.com.br\/site\/categoria\/muriae\/\" title=\"Blog\">Blog<\/a>\n\t\t<\/span><span class=\"aioseo-breadcrumb-separator\">&raquo;<\/span><span class=\"aioseo-breadcrumb\">\n\t\t\t<a href=\"https:\/\/anoticiaonline.com.br\/site\/categoria\/muriae\/transito\/\" title=\"Tr\u00e2nsito\">Tr\u00e2nsito<\/a>\n\t\t<\/span><span class=\"aioseo-breadcrumb-separator\">&raquo;<\/span><span class=\"aioseo-breadcrumb\">\n\t\t\tAtropelamento na BR-356 deixa tr\u00eas feridos e uma v\u00edtima fatal\n\t\t<\/span><\/div>","aioseo_breadcrumb_json":[{"label":"Home","link":"https:\/\/anoticiaonline.com.br\/site"},{"label":"Blog","link":"https:\/\/anoticiaonline.com.br\/site\/categoria\/muriae\/"},{"label":"Tr\u00e2nsito","link":"https:\/\/anoticiaonline.com.br\/site\/categoria\/muriae\/transito\/"},{"label":"Atropelamento na BR-356 deixa tr\u00eas feridos e uma v\u00edtima fatal","link":"https:\/\/anoticiaonline.com.br\/site\/atropelamento-na-br-356-deixa-tres-feridos-e-uma-vitima-fatal\/"}],"views":148,"_links":{"self":[{"href":"https:\/\/anoticiaonline.com.br\/site\/wp-json\/wp\/v2\/posts\/35000","targetHints":{"allow":["GET"]}}],"collection":[{"href":"https:\/\/anoticiaonline.com.br\/site\/wp-json\/wp\/v2\/posts"}],"about":[{"href":"https:\/\/anoticiaonline.com.br\/site\/wp-json\/wp\/v2\/types\/post"}],"author":[{"embeddable":true,"href":"https:\/\/anoticiaonline.com.br\/site\/wp-json\/wp\/v2\/users\/2"}],"replies":[{"embeddable":true,"href":"https:\/\/anoticiaonline.com.br\/site\/wp-json\/wp\/v2\/comments?post=35000"}],"version-history":[{"count":0,"href":"https:\/\/anoticiaonline.com.br\/site\/wp-json\/wp\/v2\/posts\/35000\/revisions"}],"wp:featuredmedia":[{"embeddable":true,"href":"https:\/\/anoticiaonline.com.br\/site\/wp-json\/wp\/v2\/media\/34425"}],"wp:attachment":[{"href":"https:\/\/anoticiaonline.com.br\/site\/wp-json\/wp\/v2\/media?parent=35000"}],"wp:term":[{"taxonomy":"category","embeddable":true,"href":"https:\/\/anoticiaonline.com.br\/site\/wp-json\/wp\/v2\/categories?post=35000"},{"taxonomy":"post_tag","embeddable":true,"href":"https:\/\/anoticiaonline.com.br\/site\/wp-json\/wp\/v2\/tags?post=35000"}],"curies":[{"name":"wp","href":"https:\/\/api.w.org\/{rel}","templated":true}]}}