{"id":34825,"date":"2017-07-06T19:56:19","date_gmt":"2017-07-06T22:56:19","guid":{"rendered":"http:\/\/anoticiaonline.com.br\/site\/?p=34825"},"modified":"2017-07-06T19:56:19","modified_gmt":"2017-07-06T22:56:19","slug":"colaboradores-e-associados-do-sicoob-credisudeste-promovem-o-dia-c","status":"publish","type":"post","link":"https:\/\/anoticiaonline.com.br\/site\/colaboradores-e-associados-do-sicoob-credisudeste-promovem-o-dia-c\/","title":{"rendered":"Colaboradores e associados do SICOOB CREDISUDESTE promovem o Dia C"},"content":{"rendered":"<p><a href=\"https:\/\/anoticiaonline.com.br\/site\/wp-content\/uploads\/2017\/07\/DSC07949_620x331.jpg\"><img decoding=\"async\" class=\"alignleft size-medium wp-image-34828\" src=\"https:\/\/anoticiaonline.com.br\/site\/wp-content\/uploads\/2017\/07\/DSC07949_620x331-300x160.jpg\" alt=\"\" width=\"300\" height=\"160\" srcset=\"https:\/\/anoticiaonline.com.br\/site\/wp-content\/uploads\/2017\/07\/DSC07949_620x331-300x160.jpg 300w, https:\/\/anoticiaonline.com.br\/site\/wp-content\/uploads\/2017\/07\/DSC07949_620x331.jpg 640w\" sizes=\"(max-width: 300px) 100vw, 300px\" \/><\/a><a href=\"https:\/\/anoticiaonline.com.br\/site\/wp-content\/uploads\/2017\/07\/DSC07972_620x304.jpg\"><img decoding=\"async\" class=\"alignleft size-medium wp-image-34829\" src=\"https:\/\/anoticiaonline.com.br\/site\/wp-content\/uploads\/2017\/07\/DSC07972_620x304-300x147.jpg\" alt=\"\" width=\"300\" height=\"147\" srcset=\"https:\/\/anoticiaonline.com.br\/site\/wp-content\/uploads\/2017\/07\/DSC07972_620x304-300x147.jpg 300w, https:\/\/anoticiaonline.com.br\/site\/wp-content\/uploads\/2017\/07\/DSC07972_620x304.jpg 640w\" sizes=\"(max-width: 300px) 100vw, 300px\" \/><\/a><img fetchpriority=\"high\" decoding=\"async\" class=\"alignleft size-medium wp-image-34826\" src=\"https:\/\/anoticiaonline.com.br\/site\/wp-content\/uploads\/2017\/07\/DSC07940_620x465-300x225.jpg\" alt=\"\" width=\"300\" height=\"225\" srcset=\"https:\/\/anoticiaonline.com.br\/site\/wp-content\/uploads\/2017\/07\/DSC07940_620x465-300x225.jpg 300w, https:\/\/anoticiaonline.com.br\/site\/wp-content\/uploads\/2017\/07\/DSC07940_620x465.jpg 640w\" sizes=\"(max-width: 300px) 100vw, 300px\" \/> O Dia C &#8211; Dia de Cooperar, promovido pelos colaboradores e associados do SICOOB CREDISUDESTE, de iniciativa do Sistema Ocemg (Organiza\u00e7\u00e3o das Cooperativas do Estado de Minas Gerais), aconteceu em benef\u00edcio da Apae (Associa\u00e7\u00e3o de Pais e Amigos dos Excepcionais)<\/p>\n<p><img loading=\"lazy\" decoding=\"async\" class=\"alignleft size-medium wp-image-34827\" src=\"https:\/\/anoticiaonline.com.br\/site\/wp-content\/uploads\/2017\/07\/DSC07944_620x465-300x225.jpg\" alt=\"\" width=\"300\" height=\"225\" srcset=\"https:\/\/anoticiaonline.com.br\/site\/wp-content\/uploads\/2017\/07\/DSC07944_620x465-300x225.jpg 300w, https:\/\/anoticiaonline.com.br\/site\/wp-content\/uploads\/2017\/07\/DSC07944_620x465.jpg 640w\" sizes=\"(max-width: 300px) 100vw, 300px\" \/><\/p>\n<p>de Muria\u00e9 com diversas atividades para as crian\u00e7as da associa\u00e7\u00e3o.<\/p>\n<p>Em comemora\u00e7\u00e3o ao Dia Internacional do Cooperativismo, o evento, que ocorreu na manh\u00e3 de s\u00e1bado (01), teve como prop\u00f3sito despertar e estimular o lado altru\u00edsta dos colaboradores e associados da cooperativa proporcionando, aos garotos e garotas, da Apae uma manh\u00e3 diferente, alegre e divertida.<\/p>\n<p>Soninha Abreu, diretora da Apae, conta a sobre a quebra da rotina proporcionada pela presen\u00e7a dos colaboradores do SICOOB\u00a0 CREDISUDESTE na sede da institui\u00e7\u00e3o. \u201cA grande import\u00e2ncia do Dia de Cooperar para nossos usu\u00e1rios \u00e9 a possibilidade deles vivenciarem algo at\u00edpico, fora de suas atividades do dia a dia\u201d explica.<\/p>\n<p>Soninha tamb\u00e9m agradeceu aos colaboradores e associados da cooperativa pelo sucesso de mais uma edi\u00e7\u00e3o do Dia C. \u201cOs colaboradores trouxeram para as crian\u00e7as anima\u00e7\u00e3o, pipoca, algod\u00e3o doce, brincadeiras e brindes. Essa parceria, que existe h\u00e1 dois anos, \u00e9 muito gratificante para n\u00f3s. Por isso, este ano, estendemos o convite aos alunos da Escola Estadual Walter Vasconcelos, atrav\u00e9s da diretora Ros\u00e2ngela Dutra\u201d, acrescenta.<\/p>\n<p>Um dos organizadores do evento, o assessor da diretoria, Dedier Cabral, refor\u00e7a que as doa\u00e7\u00f5es para Apae ir\u00e3o prosseguir durante todo o ano. \u201cEste dia n\u00e3o seria poss\u00edvel se n\u00e3o fossem os esfor\u00e7os dos nossos colegas. Aqueles associados que n\u00e3o puderam participar, podem colaborar com a institui\u00e7\u00e3o o ano inteiro. Nossa parceria com a Apae permanece\u201d, diz.<\/p>\n<p>Dedier explica que, para ajudar a Apae, podem ser feitas, por clientes e associados de Muria\u00e9, doa\u00e7\u00f5es mensais atrav\u00e9s de valores angariados na conta do Departamento Municipal de Saneamento Urbano (Demsur). \u201cS\u00e3o valores de R$1,00; R$2,00; R$5,00; R$10,00 ou R$50,00; que n\u00e3o pesam no bolso daqueles que querem realmente ajudar\u201d, conta.<\/p>\n<p>Al\u00e9m das tr\u00eas ag\u00eancias de Muria\u00e9, participaram do Dia C as de S\u00e3o Sebasti\u00e3o da Vargem Alegre, Espera Feliz, Eugen\u00f3polis, Erv\u00e1lia, Capara\u00f3 e Alto Jequitib\u00e1.<\/p>\n<p><strong>O Dia C \u00a0&#8211; <\/strong>Idealizado pelo Sistema Ocemg em 2009, ganhou abrang\u00eancia nacional e \u00e9, atualmente, realizado em todo o pa\u00eds. No primeiro s\u00e1bado de julho, quando tamb\u00e9m \u00e9 celebra o Dia Internacional do Cooperativismo, as cooperativas promovem a\u00e7\u00f5es sociais simult\u00e2neas, como doa\u00e7\u00e3o de roupas e alimentos, plantio de mudas, palestras educativas, visitas e reformas de entidades filantr\u00f3picas, entre outras. Mais de 250 cooperativas mineiras confirmaram participa\u00e7\u00e3o em 2017.<\/p>\n<p>Este ano a iniciativa teve como tema \u201cAtitudes simples movem o mundo\u201d. O objetivo \u00e9 promover e estimular a integra\u00e7\u00e3o das a\u00e7\u00f5es volunt\u00e1rias de todas as cooperativas de Minas e do Brasil. O projeto ser\u00e1 celebrado em 26 Estados e no Distrito Federal.<\/p>\n<p><img decoding=\"async\" class=\"ngg_displayed_gallery mceItem\" src=\"https:\/\/anoticiaonline.com.br\/site\/nextgen-attach_to_post\/preview\/id--34857\" \/><\/p>\n","protected":false},"excerpt":{"rendered":"<p>O Dia C &#8211; Dia de Cooperar, promovido pelos colaboradores e associados do SICOOB CREDISUDESTE, de iniciativa do Sistema Ocemg (Organiza\u00e7\u00e3o das Cooperativas do Estado de Minas Gerais), aconteceu em benef\u00edcio da Apae (Associa\u00e7\u00e3o de Pais e Amigos dos Excepcionais) de Muria\u00e9 com diversas atividades para as crian\u00e7as da associa\u00e7\u00e3o. Em comemora\u00e7\u00e3o ao Dia Internacional &#8230; <a title=\"Colaboradores e associados do SICOOB CREDISUDESTE promovem o Dia C\" class=\"read-more\" href=\"https:\/\/anoticiaonline.com.br\/site\/colaboradores-e-associados-do-sicoob-credisudeste-promovem-o-dia-c\/\" aria-label=\"Read more about Colaboradores e associados do SICOOB CREDISUDESTE promovem o Dia C\">Ler mais<\/a><\/p>\n","protected":false},"author":2,"featured_media":34828,"comment_status":"open","ping_status":"open","sticky":false,"template":"","format":"standard","meta":{"_acf_changed":false,"_monsterinsights_skip_tracking":false,"footnotes":""},"categories":[1],"tags":[25,597,598,596,3],"class_list":["post-34825","post","type-post","status-publish","format-standard","has-post-thumbnail","hentry","category-gerais","tag-apae","tag-associacao-de-pais-e-amigos-dos-excepcionais","tag-dia-c-dia-de-cooperar","tag-sicoob-credisudeste","tag-slide"],"acf":[],"aioseo_notices":[],"aioseo_head":"\n\t\t<!-- All in One SEO 5.0.0.1 - aioseo.com -->\n\t<meta name=\"description\" content=\"O Dia C - Dia de Cooperar, promovido pelos colaboradores e associados do SICOOB CREDISUDESTE, de iniciativa do Sistema Ocemg (Organiza\u00e7\u00e3o das Cooperativas do Estado de Minas Gerais), aconteceu em benef\u00edcio da Apae (Associa\u00e7\u00e3o de Pais e Amigos dos Excepcionais) de Muria\u00e9 com diversas atividades para as crian\u00e7as da associa\u00e7\u00e3o. Em comemora\u00e7\u00e3o ao Dia Internacional\" \/>\n\t<meta name=\"robots\" content=\"max-image-preview:large\" \/>\n\t<meta name=\"author\" content=\"Juliana Laviola\"\/>\n\t<link rel=\"canonical\" href=\"https:\/\/anoticiaonline.com.br\/site\/colaboradores-e-associados-do-sicoob-credisudeste-promovem-o-dia-c\/\" \/>\n\t<meta name=\"generator\" content=\"All in One SEO (AIOSEO) 5.0.0.1\" \/>\n\t\t<meta property=\"og:locale\" content=\"pt_BR\" \/>\n\t\t<meta property=\"og:site_name\" content=\"A Not\u00edcia Online - Noticias de Muria\u00e9 e regi\u00e3o\" \/>\n\t\t<meta property=\"og:type\" content=\"article\" \/>\n\t\t<meta property=\"og:title\" content=\"Colaboradores e associados do SICOOB CREDISUDESTE promovem o Dia C - A Not\u00edcia Online\" \/>\n\t\t<meta property=\"og:description\" content=\"O Dia C - Dia de Cooperar, promovido pelos colaboradores e associados do SICOOB CREDISUDESTE, de iniciativa do Sistema Ocemg (Organiza\u00e7\u00e3o das Cooperativas do Estado de Minas Gerais), aconteceu em benef\u00edcio da Apae (Associa\u00e7\u00e3o de Pais e Amigos dos Excepcionais) de Muria\u00e9 com diversas atividades para as crian\u00e7as da associa\u00e7\u00e3o. Em comemora\u00e7\u00e3o ao Dia Internacional\" \/>\n\t\t<meta property=\"og:url\" content=\"https:\/\/anoticiaonline.com.br\/site\/colaboradores-e-associados-do-sicoob-credisudeste-promovem-o-dia-c\/\" \/>\n\t\t<meta property=\"og:image\" content=\"https:\/\/scontent-gig4-1.xx.fbcdn.net\/v\/t39.30808-1\/270437624_4564083193639691_6907940295614233970_n.jpg?stp=dst-jpg_s200x200_tt6&#038;_nc_cat=111&#038;ccb=1-7&#038;_nc_sid=f907e8&#038;_nc_ohc=SM1wRlP3lJwQ7kNvwEPuBYA&#038;_nc_oc=AdnqrjDN_BNjSSHWO-GbkIWH6fkGMLw4bqvL_NH6e2wMveX7G-rP2dAqsDSq1mJMOaY&#038;_nc_zt=24&#038;_nc_ht=scontent-gig4-1.xx&#038;_nc_gid=AoBFJeGrT1hVaew_6rchkQ&#038;oh=00_AfX7QmFGhQhG2jAllVgXCiM1ZrWgvtp80-Bfppyexh1QEg&#038;oe=689E923C\" \/>\n\t\t<meta property=\"og:image:secure_url\" content=\"https:\/\/scontent-gig4-1.xx.fbcdn.net\/v\/t39.30808-1\/270437624_4564083193639691_6907940295614233970_n.jpg?stp=dst-jpg_s200x200_tt6&#038;_nc_cat=111&#038;ccb=1-7&#038;_nc_sid=f907e8&#038;_nc_ohc=SM1wRlP3lJwQ7kNvwEPuBYA&#038;_nc_oc=AdnqrjDN_BNjSSHWO-GbkIWH6fkGMLw4bqvL_NH6e2wMveX7G-rP2dAqsDSq1mJMOaY&#038;_nc_zt=24&#038;_nc_ht=scontent-gig4-1.xx&#038;_nc_gid=AoBFJeGrT1hVaew_6rchkQ&#038;oh=00_AfX7QmFGhQhG2jAllVgXCiM1ZrWgvtp80-Bfppyexh1QEg&#038;oe=689E923C\" \/>\n\t\t<meta property=\"article:published_time\" content=\"2017-07-06T22:56:19+00:00\" \/>\n\t\t<meta property=\"article:modified_time\" content=\"2017-07-06T22:56:19+00:00\" \/>\n\t\t<meta name=\"twitter:card\" content=\"summary_large_image\" \/>\n\t\t<meta name=\"twitter:title\" content=\"Colaboradores e associados do SICOOB CREDISUDESTE promovem o Dia C - A Not\u00edcia Online\" \/>\n\t\t<meta name=\"twitter:description\" content=\"O Dia C - Dia de Cooperar, promovido pelos colaboradores e associados do SICOOB CREDISUDESTE, de iniciativa do Sistema Ocemg (Organiza\u00e7\u00e3o das Cooperativas do Estado de Minas Gerais), aconteceu em benef\u00edcio da Apae (Associa\u00e7\u00e3o de Pais e Amigos dos Excepcionais) de Muria\u00e9 com diversas atividades para as crian\u00e7as da associa\u00e7\u00e3o. Em comemora\u00e7\u00e3o ao Dia Internacional\" \/>\n\t\t<meta name=\"twitter:image\" content=\"https:\/\/scontent-gig4-1.xx.fbcdn.net\/v\/t39.30808-1\/270437624_4564083193639691_6907940295614233970_n.jpg?stp=dst-jpg_s200x200_tt6&amp;_nc_cat=111&amp;ccb=1-7&amp;_nc_sid=f907e8&amp;_nc_ohc=SM1wRlP3lJwQ7kNvwEPuBYA&amp;_nc_oc=AdnqrjDN_BNjSSHWO-GbkIWH6fkGMLw4bqvL_NH6e2wMveX7G-rP2dAqsDSq1mJMOaY&amp;_nc_zt=24&amp;_nc_ht=scontent-gig4-1.xx&amp;_nc_gid=AoBFJeGrT1hVaew_6rchkQ&amp;oh=00_AfX7QmFGhQhG2jAllVgXCiM1ZrWgvtp80-Bfppyexh1QEg&amp;oe=689E923C\" \/>\n\t\t<script type=\"application\/ld+json\" class=\"aioseo-schema\">\n\t\t\t{\"@context\":\"https:\\\/\\\/schema.org\",\"@graph\":[{\"@type\":\"BlogPosting\",\"@id\":\"https:\\\/\\\/anoticiaonline.com.br\\\/site\\\/colaboradores-e-associados-do-sicoob-credisudeste-promovem-o-dia-c\\\/#blogposting\",\"name\":\"Colaboradores e associados do SICOOB CREDISUDESTE promovem o Dia C - A Not\\u00edcia Online\",\"headline\":\"Colaboradores e associados do SICOOB CREDISUDESTE promovem o Dia C\",\"author\":{\"@id\":\"https:\\\/\\\/anoticiaonline.com.br\\\/site\\\/author\\\/juliana\\\/#author\"},\"publisher\":{\"@id\":\"https:\\\/\\\/anoticiaonline.com.br\\\/site\\\/#organization\"},\"image\":{\"@type\":\"ImageObject\",\"url\":\"https:\\\/\\\/anoticiaonline.com.br\\\/site\\\/wp-content\\\/uploads\\\/2017\\\/07\\\/DSC07949_620x331.jpg\",\"width\":640,\"height\":342},\"datePublished\":\"2017-07-06T19:56:19-03:00\",\"dateModified\":\"2017-07-06T19:56:19-03:00\",\"inLanguage\":\"pt-BR\",\"mainEntityOfPage\":{\"@id\":\"https:\\\/\\\/anoticiaonline.com.br\\\/site\\\/colaboradores-e-associados-do-sicoob-credisudeste-promovem-o-dia-c\\\/#webpage\"},\"isPartOf\":{\"@id\":\"https:\\\/\\\/anoticiaonline.com.br\\\/site\\\/colaboradores-e-associados-do-sicoob-credisudeste-promovem-o-dia-c\\\/#webpage\"},\"articleSection\":\"Gerais, Apae, Associa\\u00e7\\u00e3o de Pais e Amigos dos Excepcionais, Dia C - Dia de Cooperar, SICOOB\\u00a0 CREDISUDESTE, slide\"},{\"@type\":\"BreadcrumbList\",\"@id\":\"https:\\\/\\\/anoticiaonline.com.br\\\/site\\\/colaboradores-e-associados-do-sicoob-credisudeste-promovem-o-dia-c\\\/#breadcrumblist\",\"itemListElement\":[{\"@type\":\"ListItem\",\"@id\":\"https:\\\/\\\/anoticiaonline.com.br\\\/site#listItem\",\"position\":1,\"name\":\"Home\",\"item\":\"https:\\\/\\\/anoticiaonline.com.br\\\/site\",\"nextItem\":{\"@type\":\"ListItem\",\"@id\":\"https:\\\/\\\/anoticiaonline.com.br\\\/site\\\/categoria\\\/gerais\\\/#listItem\",\"name\":\"Gerais\"}},{\"@type\":\"ListItem\",\"@id\":\"https:\\\/\\\/anoticiaonline.com.br\\\/site\\\/categoria\\\/gerais\\\/#listItem\",\"position\":2,\"name\":\"Gerais\",\"item\":\"https:\\\/\\\/anoticiaonline.com.br\\\/site\\\/categoria\\\/gerais\\\/\",\"nextItem\":{\"@type\":\"ListItem\",\"@id\":\"https:\\\/\\\/anoticiaonline.com.br\\\/site\\\/colaboradores-e-associados-do-sicoob-credisudeste-promovem-o-dia-c\\\/#listItem\",\"name\":\"Colaboradores e associados do SICOOB CREDISUDESTE promovem o Dia C\"},\"previousItem\":{\"@type\":\"ListItem\",\"@id\":\"https:\\\/\\\/anoticiaonline.com.br\\\/site#listItem\",\"name\":\"Home\"}},{\"@type\":\"ListItem\",\"@id\":\"https:\\\/\\\/anoticiaonline.com.br\\\/site\\\/colaboradores-e-associados-do-sicoob-credisudeste-promovem-o-dia-c\\\/#listItem\",\"position\":3,\"name\":\"Colaboradores e associados do SICOOB CREDISUDESTE promovem o Dia C\",\"previousItem\":{\"@type\":\"ListItem\",\"@id\":\"https:\\\/\\\/anoticiaonline.com.br\\\/site\\\/categoria\\\/gerais\\\/#listItem\",\"name\":\"Gerais\"}}]},{\"@type\":\"Organization\",\"@id\":\"https:\\\/\\\/anoticiaonline.com.br\\\/site\\\/#organization\",\"name\":\"A Not\\u00edcia Online\",\"description\":\"Noticias de Muria\\u00e9 e regi\\u00e3o\",\"url\":\"https:\\\/\\\/anoticiaonline.com.br\\\/site\\\/\",\"logo\":{\"@type\":\"ImageObject\",\"url\":\"https:\\\/\\\/scontent-gig4-1.xx.fbcdn.net\\\/v\\\/t39.30808-1\\\/270437624_4564083193639691_6907940295614233970_n.jpg?stp=dst-jpg_s200x200_tt6&_nc_cat=111&ccb=1-7&_nc_sid=f907e8&_nc_ohc=SM1wRlP3lJwQ7kNvwEPuBYA&_nc_oc=AdnqrjDN_BNjSSHWO-GbkIWH6fkGMLw4bqvL_NH6e2wMveX7G-rP2dAqsDSq1mJMOaY&_nc_zt=24&_nc_ht=scontent-gig4-1.xx&_nc_gid=AoBFJeGrT1hVaew_6rchkQ&oh=00_AfX7QmFGhQhG2jAllVgXCiM1ZrWgvtp80-Bfppyexh1QEg&oe=689E923C\",\"@id\":\"https:\\\/\\\/anoticiaonline.com.br\\\/site\\\/colaboradores-e-associados-do-sicoob-credisudeste-promovem-o-dia-c\\\/#organizationLogo\"},\"image\":{\"@id\":\"https:\\\/\\\/anoticiaonline.com.br\\\/site\\\/colaboradores-e-associados-do-sicoob-credisudeste-promovem-o-dia-c\\\/#organizationLogo\"}},{\"@type\":\"Person\",\"@id\":\"https:\\\/\\\/anoticiaonline.com.br\\\/site\\\/author\\\/juliana\\\/#author\",\"url\":\"https:\\\/\\\/anoticiaonline.com.br\\\/site\\\/author\\\/juliana\\\/\",\"name\":\"Juliana Laviola\",\"image\":{\"@type\":\"ImageObject\",\"@id\":\"https:\\\/\\\/anoticiaonline.com.br\\\/site\\\/colaboradores-e-associados-do-sicoob-credisudeste-promovem-o-dia-c\\\/#authorImage\",\"url\":\"https:\\\/\\\/secure.gravatar.com\\\/avatar\\\/b8d45f5c699b100dfaf0e543582f38f38bf94cb7ae3a5e9abf8d891a34773335?s=96&d=mm&r=g\",\"width\":96,\"height\":96,\"caption\":\"Juliana Laviola\"}},{\"@type\":\"WebPage\",\"@id\":\"https:\\\/\\\/anoticiaonline.com.br\\\/site\\\/colaboradores-e-associados-do-sicoob-credisudeste-promovem-o-dia-c\\\/#webpage\",\"url\":\"https:\\\/\\\/anoticiaonline.com.br\\\/site\\\/colaboradores-e-associados-do-sicoob-credisudeste-promovem-o-dia-c\\\/\",\"name\":\"Colaboradores e associados do SICOOB CREDISUDESTE promovem o Dia C - A Not\\u00edcia Online\",\"description\":\"O Dia C - Dia de Cooperar, promovido pelos colaboradores e associados do SICOOB CREDISUDESTE, de iniciativa do Sistema Ocemg (Organiza\\u00e7\\u00e3o das Cooperativas do Estado de Minas Gerais), aconteceu em benef\\u00edcio da Apae (Associa\\u00e7\\u00e3o de Pais e Amigos dos Excepcionais) de Muria\\u00e9 com diversas atividades para as crian\\u00e7as da associa\\u00e7\\u00e3o. Em comemora\\u00e7\\u00e3o ao Dia Internacional\",\"inLanguage\":\"pt-BR\",\"isPartOf\":{\"@id\":\"https:\\\/\\\/anoticiaonline.com.br\\\/site\\\/#website\"},\"breadcrumb\":{\"@id\":\"https:\\\/\\\/anoticiaonline.com.br\\\/site\\\/colaboradores-e-associados-do-sicoob-credisudeste-promovem-o-dia-c\\\/#breadcrumblist\"},\"author\":{\"@id\":\"https:\\\/\\\/anoticiaonline.com.br\\\/site\\\/author\\\/juliana\\\/#author\"},\"creator\":{\"@id\":\"https:\\\/\\\/anoticiaonline.com.br\\\/site\\\/author\\\/juliana\\\/#author\"},\"image\":{\"@type\":\"ImageObject\",\"url\":\"https:\\\/\\\/anoticiaonline.com.br\\\/site\\\/wp-content\\\/uploads\\\/2017\\\/07\\\/DSC07949_620x331.jpg\",\"@id\":\"https:\\\/\\\/anoticiaonline.com.br\\\/site\\\/colaboradores-e-associados-do-sicoob-credisudeste-promovem-o-dia-c\\\/#mainImage\",\"width\":640,\"height\":342},\"primaryImageOfPage\":{\"@id\":\"https:\\\/\\\/anoticiaonline.com.br\\\/site\\\/colaboradores-e-associados-do-sicoob-credisudeste-promovem-o-dia-c\\\/#mainImage\"},\"datePublished\":\"2017-07-06T19:56:19-03:00\",\"dateModified\":\"2017-07-06T19:56:19-03:00\"},{\"@type\":\"WebSite\",\"@id\":\"https:\\\/\\\/anoticiaonline.com.br\\\/site\\\/#website\",\"url\":\"https:\\\/\\\/anoticiaonline.com.br\\\/site\\\/\",\"name\":\"A Not\\u00edcia Online\",\"description\":\"Noticias de Muria\\u00e9 e regi\\u00e3o\",\"inLanguage\":\"pt-BR\",\"publisher\":{\"@id\":\"https:\\\/\\\/anoticiaonline.com.br\\\/site\\\/#organization\"}}]}\n\t\t<\/script>\n\t\t<!-- All in One SEO -->\n\n","aioseo_head_json":{"title":"Colaboradores e associados do SICOOB CREDISUDESTE promovem o Dia C - A Not\u00edcia Online","description":"O Dia C - Dia de Cooperar, promovido pelos colaboradores e associados do SICOOB CREDISUDESTE, de iniciativa do Sistema Ocemg (Organiza\u00e7\u00e3o das Cooperativas do Estado de Minas Gerais), aconteceu em benef\u00edcio da Apae (Associa\u00e7\u00e3o de Pais e Amigos dos Excepcionais) de Muria\u00e9 com diversas atividades para as crian\u00e7as da associa\u00e7\u00e3o. Em comemora\u00e7\u00e3o ao Dia Internacional","canonical_url":"https:\/\/anoticiaonline.com.br\/site\/colaboradores-e-associados-do-sicoob-credisudeste-promovem-o-dia-c\/","robots":"max-image-preview:large","keywords":"","webmasterTools":{"miscellaneous":""},"schema":{"@context":"https:\/\/schema.org","@graph":[{"@type":"BlogPosting","@id":"https:\/\/anoticiaonline.com.br\/site\/colaboradores-e-associados-do-sicoob-credisudeste-promovem-o-dia-c\/#blogposting","name":"Colaboradores e associados do SICOOB CREDISUDESTE promovem o Dia C - A Not\u00edcia Online","headline":"Colaboradores e associados do SICOOB CREDISUDESTE promovem o Dia C","author":{"@id":"https:\/\/anoticiaonline.com.br\/site\/author\/juliana\/#author"},"publisher":{"@id":"https:\/\/anoticiaonline.com.br\/site\/#organization"},"image":{"@type":"ImageObject","url":"https:\/\/anoticiaonline.com.br\/site\/wp-content\/uploads\/2017\/07\/DSC07949_620x331.jpg","width":640,"height":342},"datePublished":"2017-07-06T19:56:19-03:00","dateModified":"2017-07-06T19:56:19-03:00","inLanguage":"pt-BR","mainEntityOfPage":{"@id":"https:\/\/anoticiaonline.com.br\/site\/colaboradores-e-associados-do-sicoob-credisudeste-promovem-o-dia-c\/#webpage"},"isPartOf":{"@id":"https:\/\/anoticiaonline.com.br\/site\/colaboradores-e-associados-do-sicoob-credisudeste-promovem-o-dia-c\/#webpage"},"articleSection":"Gerais, Apae, Associa\u00e7\u00e3o de Pais e Amigos dos Excepcionais, Dia C - Dia de Cooperar, SICOOB\u00a0 CREDISUDESTE, slide"},{"@type":"BreadcrumbList","@id":"https:\/\/anoticiaonline.com.br\/site\/colaboradores-e-associados-do-sicoob-credisudeste-promovem-o-dia-c\/#breadcrumblist","itemListElement":[{"@type":"ListItem","@id":"https:\/\/anoticiaonline.com.br\/site#listItem","position":1,"name":"Home","item":"https:\/\/anoticiaonline.com.br\/site","nextItem":{"@type":"ListItem","@id":"https:\/\/anoticiaonline.com.br\/site\/categoria\/gerais\/#listItem","name":"Gerais"}},{"@type":"ListItem","@id":"https:\/\/anoticiaonline.com.br\/site\/categoria\/gerais\/#listItem","position":2,"name":"Gerais","item":"https:\/\/anoticiaonline.com.br\/site\/categoria\/gerais\/","nextItem":{"@type":"ListItem","@id":"https:\/\/anoticiaonline.com.br\/site\/colaboradores-e-associados-do-sicoob-credisudeste-promovem-o-dia-c\/#listItem","name":"Colaboradores e associados do SICOOB CREDISUDESTE promovem o Dia C"},"previousItem":{"@type":"ListItem","@id":"https:\/\/anoticiaonline.com.br\/site#listItem","name":"Home"}},{"@type":"ListItem","@id":"https:\/\/anoticiaonline.com.br\/site\/colaboradores-e-associados-do-sicoob-credisudeste-promovem-o-dia-c\/#listItem","position":3,"name":"Colaboradores e associados do SICOOB CREDISUDESTE promovem o Dia C","previousItem":{"@type":"ListItem","@id":"https:\/\/anoticiaonline.com.br\/site\/categoria\/gerais\/#listItem","name":"Gerais"}}]},{"@type":"Organization","@id":"https:\/\/anoticiaonline.com.br\/site\/#organization","name":"A Not\u00edcia Online","description":"Noticias de Muria\u00e9 e regi\u00e3o","url":"https:\/\/anoticiaonline.com.br\/site\/","logo":{"@type":"ImageObject","url":"https:\/\/scontent-gig4-1.xx.fbcdn.net\/v\/t39.30808-1\/270437624_4564083193639691_6907940295614233970_n.jpg?stp=dst-jpg_s200x200_tt6&_nc_cat=111&ccb=1-7&_nc_sid=f907e8&_nc_ohc=SM1wRlP3lJwQ7kNvwEPuBYA&_nc_oc=AdnqrjDN_BNjSSHWO-GbkIWH6fkGMLw4bqvL_NH6e2wMveX7G-rP2dAqsDSq1mJMOaY&_nc_zt=24&_nc_ht=scontent-gig4-1.xx&_nc_gid=AoBFJeGrT1hVaew_6rchkQ&oh=00_AfX7QmFGhQhG2jAllVgXCiM1ZrWgvtp80-Bfppyexh1QEg&oe=689E923C","@id":"https:\/\/anoticiaonline.com.br\/site\/colaboradores-e-associados-do-sicoob-credisudeste-promovem-o-dia-c\/#organizationLogo"},"image":{"@id":"https:\/\/anoticiaonline.com.br\/site\/colaboradores-e-associados-do-sicoob-credisudeste-promovem-o-dia-c\/#organizationLogo"}},{"@type":"Person","@id":"https:\/\/anoticiaonline.com.br\/site\/author\/juliana\/#author","url":"https:\/\/anoticiaonline.com.br\/site\/author\/juliana\/","name":"Juliana Laviola","image":{"@type":"ImageObject","@id":"https:\/\/anoticiaonline.com.br\/site\/colaboradores-e-associados-do-sicoob-credisudeste-promovem-o-dia-c\/#authorImage","url":"https:\/\/secure.gravatar.com\/avatar\/b8d45f5c699b100dfaf0e543582f38f38bf94cb7ae3a5e9abf8d891a34773335?s=96&d=mm&r=g","width":96,"height":96,"caption":"Juliana Laviola"}},{"@type":"WebPage","@id":"https:\/\/anoticiaonline.com.br\/site\/colaboradores-e-associados-do-sicoob-credisudeste-promovem-o-dia-c\/#webpage","url":"https:\/\/anoticiaonline.com.br\/site\/colaboradores-e-associados-do-sicoob-credisudeste-promovem-o-dia-c\/","name":"Colaboradores e associados do SICOOB CREDISUDESTE promovem o Dia C - A Not\u00edcia Online","description":"O Dia C - Dia de Cooperar, promovido pelos colaboradores e associados do SICOOB CREDISUDESTE, de iniciativa do Sistema Ocemg (Organiza\u00e7\u00e3o das Cooperativas do Estado de Minas Gerais), aconteceu em benef\u00edcio da Apae (Associa\u00e7\u00e3o de Pais e Amigos dos Excepcionais) de Muria\u00e9 com diversas atividades para as crian\u00e7as da associa\u00e7\u00e3o. Em comemora\u00e7\u00e3o ao Dia Internacional","inLanguage":"pt-BR","isPartOf":{"@id":"https:\/\/anoticiaonline.com.br\/site\/#website"},"breadcrumb":{"@id":"https:\/\/anoticiaonline.com.br\/site\/colaboradores-e-associados-do-sicoob-credisudeste-promovem-o-dia-c\/#breadcrumblist"},"author":{"@id":"https:\/\/anoticiaonline.com.br\/site\/author\/juliana\/#author"},"creator":{"@id":"https:\/\/anoticiaonline.com.br\/site\/author\/juliana\/#author"},"image":{"@type":"ImageObject","url":"https:\/\/anoticiaonline.com.br\/site\/wp-content\/uploads\/2017\/07\/DSC07949_620x331.jpg","@id":"https:\/\/anoticiaonline.com.br\/site\/colaboradores-e-associados-do-sicoob-credisudeste-promovem-o-dia-c\/#mainImage","width":640,"height":342},"primaryImageOfPage":{"@id":"https:\/\/anoticiaonline.com.br\/site\/colaboradores-e-associados-do-sicoob-credisudeste-promovem-o-dia-c\/#mainImage"},"datePublished":"2017-07-06T19:56:19-03:00","dateModified":"2017-07-06T19:56:19-03:00"},{"@type":"WebSite","@id":"https:\/\/anoticiaonline.com.br\/site\/#website","url":"https:\/\/anoticiaonline.com.br\/site\/","name":"A Not\u00edcia Online","description":"Noticias de Muria\u00e9 e regi\u00e3o","inLanguage":"pt-BR","publisher":{"@id":"https:\/\/anoticiaonline.com.br\/site\/#organization"}}]},"og:locale":"pt_BR","og:site_name":"A Not\u00edcia Online - Noticias de Muria\u00e9 e regi\u00e3o","og:type":"article","og:title":"Colaboradores e associados do SICOOB CREDISUDESTE promovem o Dia C - A Not\u00edcia Online","og:description":"O Dia C - Dia de Cooperar, promovido pelos colaboradores e associados do SICOOB CREDISUDESTE, de iniciativa do Sistema Ocemg (Organiza\u00e7\u00e3o das Cooperativas do Estado de Minas Gerais), aconteceu em benef\u00edcio da Apae (Associa\u00e7\u00e3o de Pais e Amigos dos Excepcionais) de Muria\u00e9 com diversas atividades para as crian\u00e7as da associa\u00e7\u00e3o. Em comemora\u00e7\u00e3o ao Dia Internacional","og:url":"https:\/\/anoticiaonline.com.br\/site\/colaboradores-e-associados-do-sicoob-credisudeste-promovem-o-dia-c\/","og:image":"https:\/\/scontent-gig4-1.xx.fbcdn.net\/v\/t39.30808-1\/270437624_4564083193639691_6907940295614233970_n.jpg?stp=dst-jpg_s200x200_tt6&#038;_nc_cat=111&#038;ccb=1-7&#038;_nc_sid=f907e8&#038;_nc_ohc=SM1wRlP3lJwQ7kNvwEPuBYA&#038;_nc_oc=AdnqrjDN_BNjSSHWO-GbkIWH6fkGMLw4bqvL_NH6e2wMveX7G-rP2dAqsDSq1mJMOaY&#038;_nc_zt=24&#038;_nc_ht=scontent-gig4-1.xx&#038;_nc_gid=AoBFJeGrT1hVaew_6rchkQ&#038;oh=00_AfX7QmFGhQhG2jAllVgXCiM1ZrWgvtp80-Bfppyexh1QEg&#038;oe=689E923C","og:image:secure_url":"https:\/\/scontent-gig4-1.xx.fbcdn.net\/v\/t39.30808-1\/270437624_4564083193639691_6907940295614233970_n.jpg?stp=dst-jpg_s200x200_tt6&#038;_nc_cat=111&#038;ccb=1-7&#038;_nc_sid=f907e8&#038;_nc_ohc=SM1wRlP3lJwQ7kNvwEPuBYA&#038;_nc_oc=AdnqrjDN_BNjSSHWO-GbkIWH6fkGMLw4bqvL_NH6e2wMveX7G-rP2dAqsDSq1mJMOaY&#038;_nc_zt=24&#038;_nc_ht=scontent-gig4-1.xx&#038;_nc_gid=AoBFJeGrT1hVaew_6rchkQ&#038;oh=00_AfX7QmFGhQhG2jAllVgXCiM1ZrWgvtp80-Bfppyexh1QEg&#038;oe=689E923C","article:published_time":"2017-07-06T22:56:19+00:00","article:modified_time":"2017-07-06T22:56:19+00:00","twitter:card":"summary_large_image","twitter:title":"Colaboradores e associados do SICOOB CREDISUDESTE promovem o Dia C - A Not\u00edcia Online","twitter:description":"O Dia C - Dia de Cooperar, promovido pelos colaboradores e associados do SICOOB CREDISUDESTE, de iniciativa do Sistema Ocemg (Organiza\u00e7\u00e3o das Cooperativas do Estado de Minas Gerais), aconteceu em benef\u00edcio da Apae (Associa\u00e7\u00e3o de Pais e Amigos dos Excepcionais) de Muria\u00e9 com diversas atividades para as crian\u00e7as da associa\u00e7\u00e3o. Em comemora\u00e7\u00e3o ao Dia Internacional","twitter:image":"https:\/\/scontent-gig4-1.xx.fbcdn.net\/v\/t39.30808-1\/270437624_4564083193639691_6907940295614233970_n.jpg?stp=dst-jpg_s200x200_tt6&_nc_cat=111&ccb=1-7&_nc_sid=f907e8&_nc_ohc=SM1wRlP3lJwQ7kNvwEPuBYA&_nc_oc=AdnqrjDN_BNjSSHWO-GbkIWH6fkGMLw4bqvL_NH6e2wMveX7G-rP2dAqsDSq1mJMOaY&_nc_zt=24&_nc_ht=scontent-gig4-1.xx&_nc_gid=AoBFJeGrT1hVaew_6rchkQ&oh=00_AfX7QmFGhQhG2jAllVgXCiM1ZrWgvtp80-Bfppyexh1QEg&oe=689E923C"},"aioseo_meta_data":{"post_id":"34825","title":null,"description":null,"keywords":null,"keyphrases":null,"primary_term":null,"canonical_url":null,"og_title":null,"og_description":null,"og_object_type":"default","og_image_type":"default","og_image_url":null,"og_image_width":null,"og_image_height":null,"og_image_custom_url":null,"og_image_custom_fields":null,"og_video":null,"og_custom_url":null,"og_article_section":null,"og_article_tags":null,"twitter_use_og":false,"twitter_card":"default","twitter_image_type":"default","twitter_image_url":null,"twitter_image_custom_url":null,"twitter_image_custom_fields":null,"twitter_title":null,"twitter_description":null,"schema":{"blockGraphs":[],"customGraphs":[],"default":{"data":{"Article":[],"Course":[],"Dataset":[],"FAQPage":[],"Movie":[],"Person":[],"Product":[],"ProductReview":[],"Car":[],"Recipe":[],"Service":[],"SoftwareApplication":[],"WebPage":[]},"graphName":"","isEnabled":true},"graphs":[]},"schema_type":"default","schema_type_options":null,"pillar_content":false,"robots_default":true,"robots_noindex":false,"robots_noarchive":false,"robots_nosnippet":false,"robots_nofollow":false,"robots_noimageindex":false,"robots_noodp":false,"robots_notranslate":false,"robots_max_snippet":null,"robots_max_videopreview":null,"robots_max_imagepreview":"large","priority":null,"frequency":null,"local_seo":null,"breadcrumb_settings":null,"limit_modified_date":false,"ai":null,"created":"2025-08-16 18:52:09","updated":"2025-08-16 18:52:09","focus_keyword":null,"additional_keywords":null,"truseo_locale":null,"seo_analyzer_scan_date":null},"aioseo_breadcrumb":"<div class=\"aioseo-breadcrumbs\"><span class=\"aioseo-breadcrumb\">\n\t\t\t<a href=\"https:\/\/anoticiaonline.com.br\/site\" title=\"Home\">Home<\/a>\n\t\t<\/span><span class=\"aioseo-breadcrumb-separator\">&raquo;<\/span><span class=\"aioseo-breadcrumb\">\n\t\t\t<a href=\"https:\/\/anoticiaonline.com.br\/site\/categoria\/gerais\/\" title=\"Gerais\">Gerais<\/a>\n\t\t<\/span><span class=\"aioseo-breadcrumb-separator\">&raquo;<\/span><span class=\"aioseo-breadcrumb\">\n\t\t\tColaboradores e associados do SICOOB CREDISUDESTE promovem o Dia C\n\t\t<\/span><\/div>","aioseo_breadcrumb_json":[{"label":"Home","link":"https:\/\/anoticiaonline.com.br\/site"},{"label":"Gerais","link":"https:\/\/anoticiaonline.com.br\/site\/categoria\/gerais\/"},{"label":"Colaboradores e associados do SICOOB CREDISUDESTE promovem o Dia C","link":"https:\/\/anoticiaonline.com.br\/site\/colaboradores-e-associados-do-sicoob-credisudeste-promovem-o-dia-c\/"}],"views":145,"_links":{"self":[{"href":"https:\/\/anoticiaonline.com.br\/site\/wp-json\/wp\/v2\/posts\/34825","targetHints":{"allow":["GET"]}}],"collection":[{"href":"https:\/\/anoticiaonline.com.br\/site\/wp-json\/wp\/v2\/posts"}],"about":[{"href":"https:\/\/anoticiaonline.com.br\/site\/wp-json\/wp\/v2\/types\/post"}],"author":[{"embeddable":true,"href":"https:\/\/anoticiaonline.com.br\/site\/wp-json\/wp\/v2\/users\/2"}],"replies":[{"embeddable":true,"href":"https:\/\/anoticiaonline.com.br\/site\/wp-json\/wp\/v2\/comments?post=34825"}],"version-history":[{"count":0,"href":"https:\/\/anoticiaonline.com.br\/site\/wp-json\/wp\/v2\/posts\/34825\/revisions"}],"wp:featuredmedia":[{"embeddable":true,"href":"https:\/\/anoticiaonline.com.br\/site\/wp-json\/wp\/v2\/media\/34828"}],"wp:attachment":[{"href":"https:\/\/anoticiaonline.com.br\/site\/wp-json\/wp\/v2\/media?parent=34825"}],"wp:term":[{"taxonomy":"category","embeddable":true,"href":"https:\/\/anoticiaonline.com.br\/site\/wp-json\/wp\/v2\/categories?post=34825"},{"taxonomy":"post_tag","embeddable":true,"href":"https:\/\/anoticiaonline.com.br\/site\/wp-json\/wp\/v2\/tags?post=34825"}],"curies":[{"name":"wp","href":"https:\/\/api.w.org\/{rel}","templated":true}]}}