{"id":34516,"date":"2017-07-06T14:33:13","date_gmt":"2017-07-06T17:33:13","guid":{"rendered":"http:\/\/anoticiaonline.com.br\/site\/?p=34516"},"modified":"2017-07-06T14:33:45","modified_gmt":"2017-07-06T17:33:45","slug":"sindicato-dos-servidores-publicos-realiza-formatura-do-curso-basico-de-informatica","status":"publish","type":"post","link":"https:\/\/anoticiaonline.com.br\/site\/sindicato-dos-servidores-publicos-realiza-formatura-do-curso-basico-de-informatica\/","title":{"rendered":"Sindicato dos Servidores P\u00fablicos realiza formatura"},"content":{"rendered":"<p><a href=\"https:\/\/anoticiaonline.com.br\/site\/wp-content\/uploads\/2017\/07\/DSC_0990.jpg\"><img fetchpriority=\"high\" decoding=\"async\" class=\"alignleft size-medium wp-image-34517\" src=\"https:\/\/anoticiaonline.com.br\/site\/wp-content\/uploads\/2017\/07\/DSC_0990-300x200.jpg\" alt=\"\" width=\"300\" height=\"200\" srcset=\"https:\/\/anoticiaonline.com.br\/site\/wp-content\/uploads\/2017\/07\/DSC_0990-300x200.jpg 300w, https:\/\/anoticiaonline.com.br\/site\/wp-content\/uploads\/2017\/07\/DSC_0990.jpg 640w\" sizes=\"(max-width: 300px) 100vw, 300px\" \/><\/a> <a href=\"https:\/\/anoticiaonline.com.br\/site\/wp-content\/uploads\/2017\/07\/DSC_0998.jpg\"><img decoding=\"async\" class=\"alignleft size-medium wp-image-34518\" src=\"https:\/\/anoticiaonline.com.br\/site\/wp-content\/uploads\/2017\/07\/DSC_0998-300x200.jpg\" alt=\"\" width=\"300\" height=\"200\" srcset=\"https:\/\/anoticiaonline.com.br\/site\/wp-content\/uploads\/2017\/07\/DSC_0998-300x200.jpg 300w, https:\/\/anoticiaonline.com.br\/site\/wp-content\/uploads\/2017\/07\/DSC_0998.jpg 640w\" sizes=\"(max-width: 300px) 100vw, 300px\" \/><\/a>No dia 1\u00ba de julho funcion\u00e1rios e familiares receberam os certificados de conclus\u00e3o do curso b\u00e1sico de inform\u00e1tica oferecido pelo Sindicato dos Servidores P\u00fablicos. O presidente, Sr. Ronaldo Alvarenga, declarou que o objetivo do curso \u00e9 capacitar os filhos dos servidores para o primeiro emprego e dar oportunidades, aos sindicalizados, de crescimento na \u00e1rea e melhoras na execu\u00e7\u00e3o de suas fun\u00e7\u00f5es, al\u00e9m de se integrarem ao universo das redes sociais e da tecnologia.<\/p>\n<p>Esta \u00e9 uma oportunidade extremamente v\u00e1lida para os dias atuais, de forma que a informa\u00e7\u00e3o e a qualifica\u00e7\u00e3o contribuem para o desenvolvimento de nossa sociedade, consequentemente de o nosso pa\u00eds.<\/p>\n<p>Segundo o presidente Ronaldo Alvarenga: \u201cA ideia \u00e9 ampliar e diversificar os cursos para atender \u00e0s demandas dos servidores e familiares, para que eles tenham cada vez mais cultura e possam buscar melhores coloca\u00e7\u00f5es no mercado de trabalho\u201d.<\/p>\n<p>Na ocasi\u00e3o, a produtora de eventos do Sindicato, Elisabete Taveira Alves contou que foram 4 meses de aulas para cada turma dos cursos gratuitos de inform\u00e1tica b\u00e1sica, todas direcionadas aos servidores e seus dependentes. O curso ofereceu no\u00e7\u00f5es b\u00e1sicas de Windows, Word, Excel, PowerPoint e internet.<\/p>\n<p>Elisabete ressaltou ainda que o que mais a surpreendeu foi a atua\u00e7\u00e3o e a preocupa\u00e7\u00e3o do presidente desta entidade com o crescimento social e cultural dos servidores e seus respectivos familiares. \u201cCom a minha longa carreira profissional em outro estado, nunca havia visto um sindicato t\u00e3o comprometido com seus filiados\u201d. Declarou tamb\u00e9m que ainda n\u00e3o havia presenciado tamanha seriedade no aproveitamento do imposto sindical anual, arrecada\u00e7\u00e3o voltada integramente para o crescimento e fortalecimento do Sindicato.<\/p>\n<p>Por fim, vale ressaltar que as inscri\u00e7\u00f5es para novas turmas j\u00e1 est\u00e3o abertas e podem ser feitas na pr\u00f3pria sede do Sindicato dos Servidores Municipais de Muria\u00e9.<\/p>\n<p><img decoding=\"async\" class=\"ngg_displayed_gallery mceItem\" src=\"https:\/\/anoticiaonline.com.br\/site\/nextgen-attach_to_post\/preview\/id--34572\" \/><\/p>\n","protected":false},"excerpt":{"rendered":"<p>No dia 1\u00ba de julho funcion\u00e1rios e familiares receberam os certificados de conclus\u00e3o do curso b\u00e1sico de inform\u00e1tica oferecido pelo Sindicato dos Servidores P\u00fablicos. O presidente, Sr. Ronaldo Alvarenga, declarou que o objetivo do curso \u00e9 capacitar os filhos dos servidores para o primeiro emprego e dar oportunidades, aos sindicalizados, de crescimento na \u00e1rea e &#8230; <a title=\"Sindicato dos Servidores P\u00fablicos realiza formatura\" class=\"read-more\" href=\"https:\/\/anoticiaonline.com.br\/site\/sindicato-dos-servidores-publicos-realiza-formatura-do-curso-basico-de-informatica\/\" aria-label=\"Read more about Sindicato dos Servidores P\u00fablicos realiza formatura\">Ler mais<\/a><\/p>\n","protected":false},"author":2,"featured_media":34517,"comment_status":"open","ping_status":"open","sticky":false,"template":"","format":"standard","meta":{"_acf_changed":false,"_monsterinsights_skip_tracking":false,"footnotes":""},"categories":[1],"tags":[575,11,574,572,573,3],"class_list":["post-34516","post","type-post","status-publish","format-standard","has-post-thumbnail","hentry","category-gerais","tag-elisabete-taveira-alves","tag-formatura","tag-ronaldo-alvarenga","tag-sindicato","tag-sindicato-dos-servidores-publicos","tag-slide"],"acf":[],"aioseo_notices":[],"aioseo_head":"\n\t\t<!-- All in One SEO 5.0.0.1 - aioseo.com -->\n\t<meta name=\"description\" content=\"No dia 1\u00ba de julho funcion\u00e1rios e familiares receberam os certificados de conclus\u00e3o do curso b\u00e1sico de inform\u00e1tica oferecido pelo Sindicato dos Servidores P\u00fablicos. O presidente, Sr. Ronaldo Alvarenga, declarou que o objetivo do curso \u00e9 capacitar os filhos dos servidores para o primeiro emprego e dar oportunidades, aos sindicalizados, de crescimento na \u00e1rea e\" \/>\n\t<meta name=\"robots\" content=\"max-image-preview:large\" \/>\n\t<meta name=\"author\" content=\"Juliana Laviola\"\/>\n\t<link rel=\"canonical\" href=\"https:\/\/anoticiaonline.com.br\/site\/sindicato-dos-servidores-publicos-realiza-formatura-do-curso-basico-de-informatica\/\" \/>\n\t<meta name=\"generator\" content=\"All in One SEO (AIOSEO) 5.0.0.1\" \/>\n\t\t<meta property=\"og:locale\" content=\"pt_BR\" \/>\n\t\t<meta property=\"og:site_name\" content=\"A Not\u00edcia Online - Noticias de Muria\u00e9 e regi\u00e3o\" \/>\n\t\t<meta property=\"og:type\" content=\"article\" \/>\n\t\t<meta property=\"og:title\" content=\"Sindicato dos Servidores P\u00fablicos realiza formatura - A Not\u00edcia Online\" \/>\n\t\t<meta property=\"og:description\" content=\"No dia 1\u00ba de julho funcion\u00e1rios e familiares receberam os certificados de conclus\u00e3o do curso b\u00e1sico de inform\u00e1tica oferecido pelo Sindicato dos Servidores P\u00fablicos. O presidente, Sr. Ronaldo Alvarenga, declarou que o objetivo do curso \u00e9 capacitar os filhos dos servidores para o primeiro emprego e dar oportunidades, aos sindicalizados, de crescimento na \u00e1rea e\" \/>\n\t\t<meta property=\"og:url\" content=\"https:\/\/anoticiaonline.com.br\/site\/sindicato-dos-servidores-publicos-realiza-formatura-do-curso-basico-de-informatica\/\" \/>\n\t\t<meta property=\"og:image\" content=\"https:\/\/scontent-gig4-1.xx.fbcdn.net\/v\/t39.30808-1\/270437624_4564083193639691_6907940295614233970_n.jpg?stp=dst-jpg_s200x200_tt6&#038;_nc_cat=111&#038;ccb=1-7&#038;_nc_sid=f907e8&#038;_nc_ohc=SM1wRlP3lJwQ7kNvwEPuBYA&#038;_nc_oc=AdnqrjDN_BNjSSHWO-GbkIWH6fkGMLw4bqvL_NH6e2wMveX7G-rP2dAqsDSq1mJMOaY&#038;_nc_zt=24&#038;_nc_ht=scontent-gig4-1.xx&#038;_nc_gid=AoBFJeGrT1hVaew_6rchkQ&#038;oh=00_AfX7QmFGhQhG2jAllVgXCiM1ZrWgvtp80-Bfppyexh1QEg&#038;oe=689E923C\" \/>\n\t\t<meta property=\"og:image:secure_url\" content=\"https:\/\/scontent-gig4-1.xx.fbcdn.net\/v\/t39.30808-1\/270437624_4564083193639691_6907940295614233970_n.jpg?stp=dst-jpg_s200x200_tt6&#038;_nc_cat=111&#038;ccb=1-7&#038;_nc_sid=f907e8&#038;_nc_ohc=SM1wRlP3lJwQ7kNvwEPuBYA&#038;_nc_oc=AdnqrjDN_BNjSSHWO-GbkIWH6fkGMLw4bqvL_NH6e2wMveX7G-rP2dAqsDSq1mJMOaY&#038;_nc_zt=24&#038;_nc_ht=scontent-gig4-1.xx&#038;_nc_gid=AoBFJeGrT1hVaew_6rchkQ&#038;oh=00_AfX7QmFGhQhG2jAllVgXCiM1ZrWgvtp80-Bfppyexh1QEg&#038;oe=689E923C\" \/>\n\t\t<meta property=\"article:published_time\" content=\"2017-07-06T17:33:13+00:00\" \/>\n\t\t<meta property=\"article:modified_time\" content=\"2017-07-06T17:33:45+00:00\" \/>\n\t\t<meta name=\"twitter:card\" content=\"summary_large_image\" \/>\n\t\t<meta name=\"twitter:title\" content=\"Sindicato dos Servidores P\u00fablicos realiza formatura - A Not\u00edcia Online\" \/>\n\t\t<meta name=\"twitter:description\" content=\"No dia 1\u00ba de julho funcion\u00e1rios e familiares receberam os certificados de conclus\u00e3o do curso b\u00e1sico de inform\u00e1tica oferecido pelo Sindicato dos Servidores P\u00fablicos. O presidente, Sr. Ronaldo Alvarenga, declarou que o objetivo do curso \u00e9 capacitar os filhos dos servidores para o primeiro emprego e dar oportunidades, aos sindicalizados, de crescimento na \u00e1rea e\" \/>\n\t\t<meta name=\"twitter:image\" content=\"https:\/\/scontent-gig4-1.xx.fbcdn.net\/v\/t39.30808-1\/270437624_4564083193639691_6907940295614233970_n.jpg?stp=dst-jpg_s200x200_tt6&amp;_nc_cat=111&amp;ccb=1-7&amp;_nc_sid=f907e8&amp;_nc_ohc=SM1wRlP3lJwQ7kNvwEPuBYA&amp;_nc_oc=AdnqrjDN_BNjSSHWO-GbkIWH6fkGMLw4bqvL_NH6e2wMveX7G-rP2dAqsDSq1mJMOaY&amp;_nc_zt=24&amp;_nc_ht=scontent-gig4-1.xx&amp;_nc_gid=AoBFJeGrT1hVaew_6rchkQ&amp;oh=00_AfX7QmFGhQhG2jAllVgXCiM1ZrWgvtp80-Bfppyexh1QEg&amp;oe=689E923C\" \/>\n\t\t<script type=\"application\/ld+json\" class=\"aioseo-schema\">\n\t\t\t{\"@context\":\"https:\\\/\\\/schema.org\",\"@graph\":[{\"@type\":\"BlogPosting\",\"@id\":\"https:\\\/\\\/anoticiaonline.com.br\\\/site\\\/sindicato-dos-servidores-publicos-realiza-formatura-do-curso-basico-de-informatica\\\/#blogposting\",\"name\":\"Sindicato dos Servidores P\\u00fablicos realiza formatura - A Not\\u00edcia Online\",\"headline\":\"Sindicato dos Servidores P\\u00fablicos realiza formatura\",\"author\":{\"@id\":\"https:\\\/\\\/anoticiaonline.com.br\\\/site\\\/author\\\/juliana\\\/#author\"},\"publisher\":{\"@id\":\"https:\\\/\\\/anoticiaonline.com.br\\\/site\\\/#organization\"},\"image\":{\"@type\":\"ImageObject\",\"url\":\"https:\\\/\\\/anoticiaonline.com.br\\\/site\\\/wp-content\\\/uploads\\\/2017\\\/07\\\/DSC_0990.jpg\",\"width\":640,\"height\":427},\"datePublished\":\"2017-07-06T14:33:13-03:00\",\"dateModified\":\"2017-07-06T14:33:45-03:00\",\"inLanguage\":\"pt-BR\",\"mainEntityOfPage\":{\"@id\":\"https:\\\/\\\/anoticiaonline.com.br\\\/site\\\/sindicato-dos-servidores-publicos-realiza-formatura-do-curso-basico-de-informatica\\\/#webpage\"},\"isPartOf\":{\"@id\":\"https:\\\/\\\/anoticiaonline.com.br\\\/site\\\/sindicato-dos-servidores-publicos-realiza-formatura-do-curso-basico-de-informatica\\\/#webpage\"},\"articleSection\":\"Gerais, Elisabete Taveira Alves, formatura, Ronaldo Alvarenga, sindicato, Sindicato dos Servidores P\\u00fablicos, slide\"},{\"@type\":\"BreadcrumbList\",\"@id\":\"https:\\\/\\\/anoticiaonline.com.br\\\/site\\\/sindicato-dos-servidores-publicos-realiza-formatura-do-curso-basico-de-informatica\\\/#breadcrumblist\",\"itemListElement\":[{\"@type\":\"ListItem\",\"@id\":\"https:\\\/\\\/anoticiaonline.com.br\\\/site#listItem\",\"position\":1,\"name\":\"Home\",\"item\":\"https:\\\/\\\/anoticiaonline.com.br\\\/site\",\"nextItem\":{\"@type\":\"ListItem\",\"@id\":\"https:\\\/\\\/anoticiaonline.com.br\\\/site\\\/categoria\\\/gerais\\\/#listItem\",\"name\":\"Gerais\"}},{\"@type\":\"ListItem\",\"@id\":\"https:\\\/\\\/anoticiaonline.com.br\\\/site\\\/categoria\\\/gerais\\\/#listItem\",\"position\":2,\"name\":\"Gerais\",\"item\":\"https:\\\/\\\/anoticiaonline.com.br\\\/site\\\/categoria\\\/gerais\\\/\",\"nextItem\":{\"@type\":\"ListItem\",\"@id\":\"https:\\\/\\\/anoticiaonline.com.br\\\/site\\\/sindicato-dos-servidores-publicos-realiza-formatura-do-curso-basico-de-informatica\\\/#listItem\",\"name\":\"Sindicato dos Servidores P\\u00fablicos realiza formatura\"},\"previousItem\":{\"@type\":\"ListItem\",\"@id\":\"https:\\\/\\\/anoticiaonline.com.br\\\/site#listItem\",\"name\":\"Home\"}},{\"@type\":\"ListItem\",\"@id\":\"https:\\\/\\\/anoticiaonline.com.br\\\/site\\\/sindicato-dos-servidores-publicos-realiza-formatura-do-curso-basico-de-informatica\\\/#listItem\",\"position\":3,\"name\":\"Sindicato dos Servidores P\\u00fablicos realiza formatura\",\"previousItem\":{\"@type\":\"ListItem\",\"@id\":\"https:\\\/\\\/anoticiaonline.com.br\\\/site\\\/categoria\\\/gerais\\\/#listItem\",\"name\":\"Gerais\"}}]},{\"@type\":\"Organization\",\"@id\":\"https:\\\/\\\/anoticiaonline.com.br\\\/site\\\/#organization\",\"name\":\"A Not\\u00edcia Online\",\"description\":\"Noticias de Muria\\u00e9 e regi\\u00e3o\",\"url\":\"https:\\\/\\\/anoticiaonline.com.br\\\/site\\\/\",\"logo\":{\"@type\":\"ImageObject\",\"url\":\"https:\\\/\\\/scontent-gig4-1.xx.fbcdn.net\\\/v\\\/t39.30808-1\\\/270437624_4564083193639691_6907940295614233970_n.jpg?stp=dst-jpg_s200x200_tt6&_nc_cat=111&ccb=1-7&_nc_sid=f907e8&_nc_ohc=SM1wRlP3lJwQ7kNvwEPuBYA&_nc_oc=AdnqrjDN_BNjSSHWO-GbkIWH6fkGMLw4bqvL_NH6e2wMveX7G-rP2dAqsDSq1mJMOaY&_nc_zt=24&_nc_ht=scontent-gig4-1.xx&_nc_gid=AoBFJeGrT1hVaew_6rchkQ&oh=00_AfX7QmFGhQhG2jAllVgXCiM1ZrWgvtp80-Bfppyexh1QEg&oe=689E923C\",\"@id\":\"https:\\\/\\\/anoticiaonline.com.br\\\/site\\\/sindicato-dos-servidores-publicos-realiza-formatura-do-curso-basico-de-informatica\\\/#organizationLogo\"},\"image\":{\"@id\":\"https:\\\/\\\/anoticiaonline.com.br\\\/site\\\/sindicato-dos-servidores-publicos-realiza-formatura-do-curso-basico-de-informatica\\\/#organizationLogo\"}},{\"@type\":\"Person\",\"@id\":\"https:\\\/\\\/anoticiaonline.com.br\\\/site\\\/author\\\/juliana\\\/#author\",\"url\":\"https:\\\/\\\/anoticiaonline.com.br\\\/site\\\/author\\\/juliana\\\/\",\"name\":\"Juliana Laviola\",\"image\":{\"@type\":\"ImageObject\",\"@id\":\"https:\\\/\\\/anoticiaonline.com.br\\\/site\\\/sindicato-dos-servidores-publicos-realiza-formatura-do-curso-basico-de-informatica\\\/#authorImage\",\"url\":\"https:\\\/\\\/secure.gravatar.com\\\/avatar\\\/b8d45f5c699b100dfaf0e543582f38f38bf94cb7ae3a5e9abf8d891a34773335?s=96&d=mm&r=g\",\"width\":96,\"height\":96,\"caption\":\"Juliana Laviola\"}},{\"@type\":\"WebPage\",\"@id\":\"https:\\\/\\\/anoticiaonline.com.br\\\/site\\\/sindicato-dos-servidores-publicos-realiza-formatura-do-curso-basico-de-informatica\\\/#webpage\",\"url\":\"https:\\\/\\\/anoticiaonline.com.br\\\/site\\\/sindicato-dos-servidores-publicos-realiza-formatura-do-curso-basico-de-informatica\\\/\",\"name\":\"Sindicato dos Servidores P\\u00fablicos realiza formatura - A Not\\u00edcia Online\",\"description\":\"No dia 1\\u00ba de julho funcion\\u00e1rios e familiares receberam os certificados de conclus\\u00e3o do curso b\\u00e1sico de inform\\u00e1tica oferecido pelo Sindicato dos Servidores P\\u00fablicos. O presidente, Sr. Ronaldo Alvarenga, declarou que o objetivo do curso \\u00e9 capacitar os filhos dos servidores para o primeiro emprego e dar oportunidades, aos sindicalizados, de crescimento na \\u00e1rea e\",\"inLanguage\":\"pt-BR\",\"isPartOf\":{\"@id\":\"https:\\\/\\\/anoticiaonline.com.br\\\/site\\\/#website\"},\"breadcrumb\":{\"@id\":\"https:\\\/\\\/anoticiaonline.com.br\\\/site\\\/sindicato-dos-servidores-publicos-realiza-formatura-do-curso-basico-de-informatica\\\/#breadcrumblist\"},\"author\":{\"@id\":\"https:\\\/\\\/anoticiaonline.com.br\\\/site\\\/author\\\/juliana\\\/#author\"},\"creator\":{\"@id\":\"https:\\\/\\\/anoticiaonline.com.br\\\/site\\\/author\\\/juliana\\\/#author\"},\"image\":{\"@type\":\"ImageObject\",\"url\":\"https:\\\/\\\/anoticiaonline.com.br\\\/site\\\/wp-content\\\/uploads\\\/2017\\\/07\\\/DSC_0990.jpg\",\"@id\":\"https:\\\/\\\/anoticiaonline.com.br\\\/site\\\/sindicato-dos-servidores-publicos-realiza-formatura-do-curso-basico-de-informatica\\\/#mainImage\",\"width\":640,\"height\":427},\"primaryImageOfPage\":{\"@id\":\"https:\\\/\\\/anoticiaonline.com.br\\\/site\\\/sindicato-dos-servidores-publicos-realiza-formatura-do-curso-basico-de-informatica\\\/#mainImage\"},\"datePublished\":\"2017-07-06T14:33:13-03:00\",\"dateModified\":\"2017-07-06T14:33:45-03:00\"},{\"@type\":\"WebSite\",\"@id\":\"https:\\\/\\\/anoticiaonline.com.br\\\/site\\\/#website\",\"url\":\"https:\\\/\\\/anoticiaonline.com.br\\\/site\\\/\",\"name\":\"A Not\\u00edcia Online\",\"description\":\"Noticias de Muria\\u00e9 e regi\\u00e3o\",\"inLanguage\":\"pt-BR\",\"publisher\":{\"@id\":\"https:\\\/\\\/anoticiaonline.com.br\\\/site\\\/#organization\"}}]}\n\t\t<\/script>\n\t\t<!-- All in One SEO -->\n\n","aioseo_head_json":{"title":"Sindicato dos Servidores P\u00fablicos realiza formatura - A Not\u00edcia Online","description":"No dia 1\u00ba de julho funcion\u00e1rios e familiares receberam os certificados de conclus\u00e3o do curso b\u00e1sico de inform\u00e1tica oferecido pelo Sindicato dos Servidores P\u00fablicos. O presidente, Sr. Ronaldo Alvarenga, declarou que o objetivo do curso \u00e9 capacitar os filhos dos servidores para o primeiro emprego e dar oportunidades, aos sindicalizados, de crescimento na \u00e1rea e","canonical_url":"https:\/\/anoticiaonline.com.br\/site\/sindicato-dos-servidores-publicos-realiza-formatura-do-curso-basico-de-informatica\/","robots":"max-image-preview:large","keywords":"","webmasterTools":{"miscellaneous":""},"schema":{"@context":"https:\/\/schema.org","@graph":[{"@type":"BlogPosting","@id":"https:\/\/anoticiaonline.com.br\/site\/sindicato-dos-servidores-publicos-realiza-formatura-do-curso-basico-de-informatica\/#blogposting","name":"Sindicato dos Servidores P\u00fablicos realiza formatura - A Not\u00edcia Online","headline":"Sindicato dos Servidores P\u00fablicos realiza formatura","author":{"@id":"https:\/\/anoticiaonline.com.br\/site\/author\/juliana\/#author"},"publisher":{"@id":"https:\/\/anoticiaonline.com.br\/site\/#organization"},"image":{"@type":"ImageObject","url":"https:\/\/anoticiaonline.com.br\/site\/wp-content\/uploads\/2017\/07\/DSC_0990.jpg","width":640,"height":427},"datePublished":"2017-07-06T14:33:13-03:00","dateModified":"2017-07-06T14:33:45-03:00","inLanguage":"pt-BR","mainEntityOfPage":{"@id":"https:\/\/anoticiaonline.com.br\/site\/sindicato-dos-servidores-publicos-realiza-formatura-do-curso-basico-de-informatica\/#webpage"},"isPartOf":{"@id":"https:\/\/anoticiaonline.com.br\/site\/sindicato-dos-servidores-publicos-realiza-formatura-do-curso-basico-de-informatica\/#webpage"},"articleSection":"Gerais, Elisabete Taveira Alves, formatura, Ronaldo Alvarenga, sindicato, Sindicato dos Servidores P\u00fablicos, slide"},{"@type":"BreadcrumbList","@id":"https:\/\/anoticiaonline.com.br\/site\/sindicato-dos-servidores-publicos-realiza-formatura-do-curso-basico-de-informatica\/#breadcrumblist","itemListElement":[{"@type":"ListItem","@id":"https:\/\/anoticiaonline.com.br\/site#listItem","position":1,"name":"Home","item":"https:\/\/anoticiaonline.com.br\/site","nextItem":{"@type":"ListItem","@id":"https:\/\/anoticiaonline.com.br\/site\/categoria\/gerais\/#listItem","name":"Gerais"}},{"@type":"ListItem","@id":"https:\/\/anoticiaonline.com.br\/site\/categoria\/gerais\/#listItem","position":2,"name":"Gerais","item":"https:\/\/anoticiaonline.com.br\/site\/categoria\/gerais\/","nextItem":{"@type":"ListItem","@id":"https:\/\/anoticiaonline.com.br\/site\/sindicato-dos-servidores-publicos-realiza-formatura-do-curso-basico-de-informatica\/#listItem","name":"Sindicato dos Servidores P\u00fablicos realiza formatura"},"previousItem":{"@type":"ListItem","@id":"https:\/\/anoticiaonline.com.br\/site#listItem","name":"Home"}},{"@type":"ListItem","@id":"https:\/\/anoticiaonline.com.br\/site\/sindicato-dos-servidores-publicos-realiza-formatura-do-curso-basico-de-informatica\/#listItem","position":3,"name":"Sindicato dos Servidores P\u00fablicos realiza formatura","previousItem":{"@type":"ListItem","@id":"https:\/\/anoticiaonline.com.br\/site\/categoria\/gerais\/#listItem","name":"Gerais"}}]},{"@type":"Organization","@id":"https:\/\/anoticiaonline.com.br\/site\/#organization","name":"A Not\u00edcia Online","description":"Noticias de Muria\u00e9 e regi\u00e3o","url":"https:\/\/anoticiaonline.com.br\/site\/","logo":{"@type":"ImageObject","url":"https:\/\/scontent-gig4-1.xx.fbcdn.net\/v\/t39.30808-1\/270437624_4564083193639691_6907940295614233970_n.jpg?stp=dst-jpg_s200x200_tt6&_nc_cat=111&ccb=1-7&_nc_sid=f907e8&_nc_ohc=SM1wRlP3lJwQ7kNvwEPuBYA&_nc_oc=AdnqrjDN_BNjSSHWO-GbkIWH6fkGMLw4bqvL_NH6e2wMveX7G-rP2dAqsDSq1mJMOaY&_nc_zt=24&_nc_ht=scontent-gig4-1.xx&_nc_gid=AoBFJeGrT1hVaew_6rchkQ&oh=00_AfX7QmFGhQhG2jAllVgXCiM1ZrWgvtp80-Bfppyexh1QEg&oe=689E923C","@id":"https:\/\/anoticiaonline.com.br\/site\/sindicato-dos-servidores-publicos-realiza-formatura-do-curso-basico-de-informatica\/#organizationLogo"},"image":{"@id":"https:\/\/anoticiaonline.com.br\/site\/sindicato-dos-servidores-publicos-realiza-formatura-do-curso-basico-de-informatica\/#organizationLogo"}},{"@type":"Person","@id":"https:\/\/anoticiaonline.com.br\/site\/author\/juliana\/#author","url":"https:\/\/anoticiaonline.com.br\/site\/author\/juliana\/","name":"Juliana Laviola","image":{"@type":"ImageObject","@id":"https:\/\/anoticiaonline.com.br\/site\/sindicato-dos-servidores-publicos-realiza-formatura-do-curso-basico-de-informatica\/#authorImage","url":"https:\/\/secure.gravatar.com\/avatar\/b8d45f5c699b100dfaf0e543582f38f38bf94cb7ae3a5e9abf8d891a34773335?s=96&d=mm&r=g","width":96,"height":96,"caption":"Juliana Laviola"}},{"@type":"WebPage","@id":"https:\/\/anoticiaonline.com.br\/site\/sindicato-dos-servidores-publicos-realiza-formatura-do-curso-basico-de-informatica\/#webpage","url":"https:\/\/anoticiaonline.com.br\/site\/sindicato-dos-servidores-publicos-realiza-formatura-do-curso-basico-de-informatica\/","name":"Sindicato dos Servidores P\u00fablicos realiza formatura - A Not\u00edcia Online","description":"No dia 1\u00ba de julho funcion\u00e1rios e familiares receberam os certificados de conclus\u00e3o do curso b\u00e1sico de inform\u00e1tica oferecido pelo Sindicato dos Servidores P\u00fablicos. O presidente, Sr. Ronaldo Alvarenga, declarou que o objetivo do curso \u00e9 capacitar os filhos dos servidores para o primeiro emprego e dar oportunidades, aos sindicalizados, de crescimento na \u00e1rea e","inLanguage":"pt-BR","isPartOf":{"@id":"https:\/\/anoticiaonline.com.br\/site\/#website"},"breadcrumb":{"@id":"https:\/\/anoticiaonline.com.br\/site\/sindicato-dos-servidores-publicos-realiza-formatura-do-curso-basico-de-informatica\/#breadcrumblist"},"author":{"@id":"https:\/\/anoticiaonline.com.br\/site\/author\/juliana\/#author"},"creator":{"@id":"https:\/\/anoticiaonline.com.br\/site\/author\/juliana\/#author"},"image":{"@type":"ImageObject","url":"https:\/\/anoticiaonline.com.br\/site\/wp-content\/uploads\/2017\/07\/DSC_0990.jpg","@id":"https:\/\/anoticiaonline.com.br\/site\/sindicato-dos-servidores-publicos-realiza-formatura-do-curso-basico-de-informatica\/#mainImage","width":640,"height":427},"primaryImageOfPage":{"@id":"https:\/\/anoticiaonline.com.br\/site\/sindicato-dos-servidores-publicos-realiza-formatura-do-curso-basico-de-informatica\/#mainImage"},"datePublished":"2017-07-06T14:33:13-03:00","dateModified":"2017-07-06T14:33:45-03:00"},{"@type":"WebSite","@id":"https:\/\/anoticiaonline.com.br\/site\/#website","url":"https:\/\/anoticiaonline.com.br\/site\/","name":"A Not\u00edcia Online","description":"Noticias de Muria\u00e9 e regi\u00e3o","inLanguage":"pt-BR","publisher":{"@id":"https:\/\/anoticiaonline.com.br\/site\/#organization"}}]},"og:locale":"pt_BR","og:site_name":"A Not\u00edcia Online - Noticias de Muria\u00e9 e regi\u00e3o","og:type":"article","og:title":"Sindicato dos Servidores P\u00fablicos realiza formatura - A Not\u00edcia Online","og:description":"No dia 1\u00ba de julho funcion\u00e1rios e familiares receberam os certificados de conclus\u00e3o do curso b\u00e1sico de inform\u00e1tica oferecido pelo Sindicato dos Servidores P\u00fablicos. O presidente, Sr. Ronaldo Alvarenga, declarou que o objetivo do curso \u00e9 capacitar os filhos dos servidores para o primeiro emprego e dar oportunidades, aos sindicalizados, de crescimento na \u00e1rea e","og:url":"https:\/\/anoticiaonline.com.br\/site\/sindicato-dos-servidores-publicos-realiza-formatura-do-curso-basico-de-informatica\/","og:image":"https:\/\/scontent-gig4-1.xx.fbcdn.net\/v\/t39.30808-1\/270437624_4564083193639691_6907940295614233970_n.jpg?stp=dst-jpg_s200x200_tt6&#038;_nc_cat=111&#038;ccb=1-7&#038;_nc_sid=f907e8&#038;_nc_ohc=SM1wRlP3lJwQ7kNvwEPuBYA&#038;_nc_oc=AdnqrjDN_BNjSSHWO-GbkIWH6fkGMLw4bqvL_NH6e2wMveX7G-rP2dAqsDSq1mJMOaY&#038;_nc_zt=24&#038;_nc_ht=scontent-gig4-1.xx&#038;_nc_gid=AoBFJeGrT1hVaew_6rchkQ&#038;oh=00_AfX7QmFGhQhG2jAllVgXCiM1ZrWgvtp80-Bfppyexh1QEg&#038;oe=689E923C","og:image:secure_url":"https:\/\/scontent-gig4-1.xx.fbcdn.net\/v\/t39.30808-1\/270437624_4564083193639691_6907940295614233970_n.jpg?stp=dst-jpg_s200x200_tt6&#038;_nc_cat=111&#038;ccb=1-7&#038;_nc_sid=f907e8&#038;_nc_ohc=SM1wRlP3lJwQ7kNvwEPuBYA&#038;_nc_oc=AdnqrjDN_BNjSSHWO-GbkIWH6fkGMLw4bqvL_NH6e2wMveX7G-rP2dAqsDSq1mJMOaY&#038;_nc_zt=24&#038;_nc_ht=scontent-gig4-1.xx&#038;_nc_gid=AoBFJeGrT1hVaew_6rchkQ&#038;oh=00_AfX7QmFGhQhG2jAllVgXCiM1ZrWgvtp80-Bfppyexh1QEg&#038;oe=689E923C","article:published_time":"2017-07-06T17:33:13+00:00","article:modified_time":"2017-07-06T17:33:45+00:00","twitter:card":"summary_large_image","twitter:title":"Sindicato dos Servidores P\u00fablicos realiza formatura - A Not\u00edcia Online","twitter:description":"No dia 1\u00ba de julho funcion\u00e1rios e familiares receberam os certificados de conclus\u00e3o do curso b\u00e1sico de inform\u00e1tica oferecido pelo Sindicato dos Servidores P\u00fablicos. O presidente, Sr. Ronaldo Alvarenga, declarou que o objetivo do curso \u00e9 capacitar os filhos dos servidores para o primeiro emprego e dar oportunidades, aos sindicalizados, de crescimento na \u00e1rea e","twitter:image":"https:\/\/scontent-gig4-1.xx.fbcdn.net\/v\/t39.30808-1\/270437624_4564083193639691_6907940295614233970_n.jpg?stp=dst-jpg_s200x200_tt6&_nc_cat=111&ccb=1-7&_nc_sid=f907e8&_nc_ohc=SM1wRlP3lJwQ7kNvwEPuBYA&_nc_oc=AdnqrjDN_BNjSSHWO-GbkIWH6fkGMLw4bqvL_NH6e2wMveX7G-rP2dAqsDSq1mJMOaY&_nc_zt=24&_nc_ht=scontent-gig4-1.xx&_nc_gid=AoBFJeGrT1hVaew_6rchkQ&oh=00_AfX7QmFGhQhG2jAllVgXCiM1ZrWgvtp80-Bfppyexh1QEg&oe=689E923C"},"aioseo_meta_data":{"post_id":"34516","title":null,"description":null,"keywords":null,"keyphrases":null,"primary_term":null,"canonical_url":null,"og_title":null,"og_description":null,"og_object_type":"default","og_image_type":"default","og_image_url":null,"og_image_width":null,"og_image_height":null,"og_image_custom_url":null,"og_image_custom_fields":null,"og_video":null,"og_custom_url":null,"og_article_section":null,"og_article_tags":null,"twitter_use_og":false,"twitter_card":"default","twitter_image_type":"default","twitter_image_url":null,"twitter_image_custom_url":null,"twitter_image_custom_fields":null,"twitter_title":null,"twitter_description":null,"schema":{"blockGraphs":[],"customGraphs":[],"default":{"data":{"Article":[],"Course":[],"Dataset":[],"FAQPage":[],"Movie":[],"Person":[],"Product":[],"ProductReview":[],"Car":[],"Recipe":[],"Service":[],"SoftwareApplication":[],"WebPage":[]},"graphName":"","isEnabled":true},"graphs":[]},"schema_type":"default","schema_type_options":null,"pillar_content":false,"robots_default":true,"robots_noindex":false,"robots_noarchive":false,"robots_nosnippet":false,"robots_nofollow":false,"robots_noimageindex":false,"robots_noodp":false,"robots_notranslate":false,"robots_max_snippet":null,"robots_max_videopreview":null,"robots_max_imagepreview":"large","priority":null,"frequency":null,"local_seo":null,"breadcrumb_settings":null,"limit_modified_date":false,"ai":null,"created":"2025-08-16 18:52:09","updated":"2025-08-16 18:52:09","focus_keyword":null,"additional_keywords":null,"truseo_locale":null,"seo_analyzer_scan_date":null},"aioseo_breadcrumb":"<div class=\"aioseo-breadcrumbs\"><span class=\"aioseo-breadcrumb\">\n\t\t\t<a href=\"https:\/\/anoticiaonline.com.br\/site\" title=\"Home\">Home<\/a>\n\t\t<\/span><span class=\"aioseo-breadcrumb-separator\">&raquo;<\/span><span class=\"aioseo-breadcrumb\">\n\t\t\t<a href=\"https:\/\/anoticiaonline.com.br\/site\/categoria\/gerais\/\" title=\"Gerais\">Gerais<\/a>\n\t\t<\/span><span class=\"aioseo-breadcrumb-separator\">&raquo;<\/span><span class=\"aioseo-breadcrumb\">\n\t\t\tSindicato dos Servidores P\u00fablicos realiza formatura\n\t\t<\/span><\/div>","aioseo_breadcrumb_json":[{"label":"Home","link":"https:\/\/anoticiaonline.com.br\/site"},{"label":"Gerais","link":"https:\/\/anoticiaonline.com.br\/site\/categoria\/gerais\/"},{"label":"Sindicato dos Servidores P\u00fablicos realiza formatura","link":"https:\/\/anoticiaonline.com.br\/site\/sindicato-dos-servidores-publicos-realiza-formatura-do-curso-basico-de-informatica\/"}],"views":156,"_links":{"self":[{"href":"https:\/\/anoticiaonline.com.br\/site\/wp-json\/wp\/v2\/posts\/34516","targetHints":{"allow":["GET"]}}],"collection":[{"href":"https:\/\/anoticiaonline.com.br\/site\/wp-json\/wp\/v2\/posts"}],"about":[{"href":"https:\/\/anoticiaonline.com.br\/site\/wp-json\/wp\/v2\/types\/post"}],"author":[{"embeddable":true,"href":"https:\/\/anoticiaonline.com.br\/site\/wp-json\/wp\/v2\/users\/2"}],"replies":[{"embeddable":true,"href":"https:\/\/anoticiaonline.com.br\/site\/wp-json\/wp\/v2\/comments?post=34516"}],"version-history":[{"count":0,"href":"https:\/\/anoticiaonline.com.br\/site\/wp-json\/wp\/v2\/posts\/34516\/revisions"}],"wp:featuredmedia":[{"embeddable":true,"href":"https:\/\/anoticiaonline.com.br\/site\/wp-json\/wp\/v2\/media\/34517"}],"wp:attachment":[{"href":"https:\/\/anoticiaonline.com.br\/site\/wp-json\/wp\/v2\/media?parent=34516"}],"wp:term":[{"taxonomy":"category","embeddable":true,"href":"https:\/\/anoticiaonline.com.br\/site\/wp-json\/wp\/v2\/categories?post=34516"},{"taxonomy":"post_tag","embeddable":true,"href":"https:\/\/anoticiaonline.com.br\/site\/wp-json\/wp\/v2\/tags?post=34516"}],"curies":[{"name":"wp","href":"https:\/\/api.w.org\/{rel}","templated":true}]}}