{"id":34467,"date":"2017-07-04T11:12:27","date_gmt":"2017-07-04T14:12:27","guid":{"rendered":"http:\/\/anoticiaonline.com.br\/site\/?p=34467"},"modified":"2017-07-04T11:13:46","modified_gmt":"2017-07-04T14:13:46","slug":"procon-adverte-sobre-armadilhas-do-cartao-de-credito","status":"publish","type":"post","link":"https:\/\/anoticiaonline.com.br\/site\/procon-adverte-sobre-armadilhas-do-cartao-de-credito\/","title":{"rendered":"Procon adverte sobre \u201cArmadilhas\u201d do Cart\u00e3o de Cr\u00e9dito"},"content":{"rendered":"<p><a href=\"https:\/\/anoticiaonline.com.br\/site\/wp-content\/uploads\/2017\/07\/Cart\u00f5es.jpg\"><img fetchpriority=\"high\" decoding=\"async\" class=\"alignleft size-medium wp-image-34469\" src=\"https:\/\/anoticiaonline.com.br\/site\/wp-content\/uploads\/2017\/07\/Cart\u00f5es-300x240.jpg\" alt=\"\" width=\"300\" height=\"240\" srcset=\"https:\/\/anoticiaonline.com.br\/site\/wp-content\/uploads\/2017\/07\/Cart\u00f5es-300x240.jpg 300w, https:\/\/anoticiaonline.com.br\/site\/wp-content\/uploads\/2017\/07\/Cart\u00f5es.jpg 429w\" sizes=\"(max-width: 300px) 100vw, 300px\" \/><\/a>O Procon, \u00f3rg\u00e3o da Prefeitura de Muria\u00e9, adverte \u00e0 popula\u00e7\u00e3o sobre as \u201carmadilhas\u201d que o consumidor pode encontrar ao usar o cart\u00e3o de cr\u00e9dito de forma descontrolada. O objetivo \u00e9 chamar a aten\u00e7\u00e3o das pessoas para gastos abusivos e tamb\u00e9m proteger o consumidor dos juros sobre juros, que s\u00e3o gerados quando acontecem parcelamentos dos pagamentos.<\/p>\n<p>Segundo o \u00f3rg\u00e3o, \u00e9 importante que o consumidor pague a fatura total, al\u00e9m de n\u00e3o gastar mais do que 30% de sua renda mensal com o cart\u00e3o e evitar empr\u00e9stimos e pagamentos de conta por este meio. Tamb\u00e9m \u00e9 necess\u00e1ria aten\u00e7\u00e3o sobre o parcelamento de faturas, que ocasiona juros altos. \u201cO cart\u00e3o at\u00e9 permite que voc\u00ea fa\u00e7a uma viagem de avi\u00e3o, dividindo a passagem em presta\u00e7\u00f5es, mas tem \u2018armadilhas\u2019, caso n\u00e3o pague o valor total do m\u00eas. \u00c9 um \u2018amigo\u2019, por\u00e9m se mal usado, pagando os valores m\u00ednimos e realizando despesas maiores do que os ganhos mensais, passa a ser um \u2018inimigo\u2019 cruel\u201d, informa o chefe de atendimento do Procon, Jacy Oliveira.<\/p>\n<p>As novas regras impostas pelo Banco Central determinam que os bancos parcelem o boleto do m\u00eas seguinte, caso o cliente n\u00e3o pague o total da fatura. O Procon adverte que nos parcelamentos est\u00e3o embutidos o saldo devedor da fatura anterior, acrescido de juros, multas e encargos, al\u00e9m de despesas gerais do m\u00eas, gerando gastos ainda maiores. \u201cCaso a pessoa n\u00e3o tenha dinheiro para acertar o valor total da fatura, a melhor sa\u00edda \u00e9 fazer um empr\u00e9stimo, como o consignado que tem juros de 40% ao ano, ou at\u00e9 vender algo que possua para quitar divida. Do contr\u00e1rio, os juros do cart\u00e3o chegam a 500% ao ano\u201d, explicou a coordenadora do Procon, Mar\u00edlia da Fonseca.<\/p>\n","protected":false},"excerpt":{"rendered":"<p>O Procon, \u00f3rg\u00e3o da Prefeitura de Muria\u00e9, adverte \u00e0 popula\u00e7\u00e3o sobre as \u201carmadilhas\u201d que o consumidor pode encontrar ao usar o cart\u00e3o de cr\u00e9dito de forma descontrolada. O objetivo \u00e9 chamar a aten\u00e7\u00e3o das pessoas para gastos abusivos e tamb\u00e9m proteger o consumidor dos juros sobre juros, que s\u00e3o gerados quando acontecem parcelamentos dos pagamentos. &#8230; <a title=\"Procon adverte sobre \u201cArmadilhas\u201d do Cart\u00e3o de Cr\u00e9dito\" class=\"read-more\" href=\"https:\/\/anoticiaonline.com.br\/site\/procon-adverte-sobre-armadilhas-do-cartao-de-credito\/\" aria-label=\"Read more about Procon adverte sobre \u201cArmadilhas\u201d do Cart\u00e3o de Cr\u00e9dito\">Ler mais<\/a><\/p>\n","protected":false},"author":2,"featured_media":34469,"comment_status":"open","ping_status":"open","sticky":false,"template":"","format":"standard","meta":{"_acf_changed":false,"_monsterinsights_skip_tracking":false,"footnotes":""},"categories":[30],"tags":[561,113],"class_list":["post-34467","post","type-post","status-publish","format-standard","has-post-thumbnail","hentry","category-muriae","tag-cartao-de-credito","tag-procon"],"acf":[],"aioseo_notices":[],"aioseo_head":"\n\t\t<!-- All in One SEO 5.0.0.1 - aioseo.com -->\n\t<meta name=\"description\" content=\"O Procon, \u00f3rg\u00e3o da Prefeitura de Muria\u00e9, adverte \u00e0 popula\u00e7\u00e3o sobre as \u201carmadilhas\u201d que o consumidor pode encontrar ao usar o cart\u00e3o de cr\u00e9dito de forma descontrolada. O objetivo \u00e9 chamar a aten\u00e7\u00e3o das pessoas para gastos abusivos e tamb\u00e9m proteger o consumidor dos juros sobre juros, que s\u00e3o gerados quando acontecem parcelamentos dos pagamentos.\" \/>\n\t<meta name=\"robots\" content=\"max-image-preview:large\" \/>\n\t<meta name=\"author\" content=\"Juliana Laviola\"\/>\n\t<link rel=\"canonical\" href=\"https:\/\/anoticiaonline.com.br\/site\/procon-adverte-sobre-armadilhas-do-cartao-de-credito\/\" \/>\n\t<meta name=\"generator\" content=\"All in One SEO (AIOSEO) 5.0.0.1\" \/>\n\t\t<meta property=\"og:locale\" content=\"pt_BR\" \/>\n\t\t<meta property=\"og:site_name\" content=\"A Not\u00edcia Online - Noticias de Muria\u00e9 e regi\u00e3o\" \/>\n\t\t<meta property=\"og:type\" content=\"article\" \/>\n\t\t<meta property=\"og:title\" content=\"Procon adverte sobre \u201cArmadilhas\u201d do Cart\u00e3o de Cr\u00e9dito - A Not\u00edcia Online\" \/>\n\t\t<meta property=\"og:description\" content=\"O Procon, \u00f3rg\u00e3o da Prefeitura de Muria\u00e9, adverte \u00e0 popula\u00e7\u00e3o sobre as \u201carmadilhas\u201d que o consumidor pode encontrar ao usar o cart\u00e3o de cr\u00e9dito de forma descontrolada. O objetivo \u00e9 chamar a aten\u00e7\u00e3o das pessoas para gastos abusivos e tamb\u00e9m proteger o consumidor dos juros sobre juros, que s\u00e3o gerados quando acontecem parcelamentos dos pagamentos.\" \/>\n\t\t<meta property=\"og:url\" content=\"https:\/\/anoticiaonline.com.br\/site\/procon-adverte-sobre-armadilhas-do-cartao-de-credito\/\" \/>\n\t\t<meta property=\"og:image\" content=\"https:\/\/scontent-gig4-1.xx.fbcdn.net\/v\/t39.30808-1\/270437624_4564083193639691_6907940295614233970_n.jpg?stp=dst-jpg_s200x200_tt6&#038;_nc_cat=111&#038;ccb=1-7&#038;_nc_sid=f907e8&#038;_nc_ohc=SM1wRlP3lJwQ7kNvwEPuBYA&#038;_nc_oc=AdnqrjDN_BNjSSHWO-GbkIWH6fkGMLw4bqvL_NH6e2wMveX7G-rP2dAqsDSq1mJMOaY&#038;_nc_zt=24&#038;_nc_ht=scontent-gig4-1.xx&#038;_nc_gid=AoBFJeGrT1hVaew_6rchkQ&#038;oh=00_AfX7QmFGhQhG2jAllVgXCiM1ZrWgvtp80-Bfppyexh1QEg&#038;oe=689E923C\" \/>\n\t\t<meta property=\"og:image:secure_url\" content=\"https:\/\/scontent-gig4-1.xx.fbcdn.net\/v\/t39.30808-1\/270437624_4564083193639691_6907940295614233970_n.jpg?stp=dst-jpg_s200x200_tt6&#038;_nc_cat=111&#038;ccb=1-7&#038;_nc_sid=f907e8&#038;_nc_ohc=SM1wRlP3lJwQ7kNvwEPuBYA&#038;_nc_oc=AdnqrjDN_BNjSSHWO-GbkIWH6fkGMLw4bqvL_NH6e2wMveX7G-rP2dAqsDSq1mJMOaY&#038;_nc_zt=24&#038;_nc_ht=scontent-gig4-1.xx&#038;_nc_gid=AoBFJeGrT1hVaew_6rchkQ&#038;oh=00_AfX7QmFGhQhG2jAllVgXCiM1ZrWgvtp80-Bfppyexh1QEg&#038;oe=689E923C\" \/>\n\t\t<meta property=\"article:published_time\" content=\"2017-07-04T14:12:27+00:00\" \/>\n\t\t<meta property=\"article:modified_time\" content=\"2017-07-04T14:13:46+00:00\" \/>\n\t\t<meta name=\"twitter:card\" content=\"summary_large_image\" \/>\n\t\t<meta name=\"twitter:title\" content=\"Procon adverte sobre \u201cArmadilhas\u201d do Cart\u00e3o de Cr\u00e9dito - A Not\u00edcia Online\" \/>\n\t\t<meta name=\"twitter:description\" content=\"O Procon, \u00f3rg\u00e3o da Prefeitura de Muria\u00e9, adverte \u00e0 popula\u00e7\u00e3o sobre as \u201carmadilhas\u201d que o consumidor pode encontrar ao usar o cart\u00e3o de cr\u00e9dito de forma descontrolada. O objetivo \u00e9 chamar a aten\u00e7\u00e3o das pessoas para gastos abusivos e tamb\u00e9m proteger o consumidor dos juros sobre juros, que s\u00e3o gerados quando acontecem parcelamentos dos pagamentos.\" \/>\n\t\t<meta name=\"twitter:image\" content=\"https:\/\/scontent-gig4-1.xx.fbcdn.net\/v\/t39.30808-1\/270437624_4564083193639691_6907940295614233970_n.jpg?stp=dst-jpg_s200x200_tt6&amp;_nc_cat=111&amp;ccb=1-7&amp;_nc_sid=f907e8&amp;_nc_ohc=SM1wRlP3lJwQ7kNvwEPuBYA&amp;_nc_oc=AdnqrjDN_BNjSSHWO-GbkIWH6fkGMLw4bqvL_NH6e2wMveX7G-rP2dAqsDSq1mJMOaY&amp;_nc_zt=24&amp;_nc_ht=scontent-gig4-1.xx&amp;_nc_gid=AoBFJeGrT1hVaew_6rchkQ&amp;oh=00_AfX7QmFGhQhG2jAllVgXCiM1ZrWgvtp80-Bfppyexh1QEg&amp;oe=689E923C\" \/>\n\t\t<script type=\"application\/ld+json\" class=\"aioseo-schema\">\n\t\t\t{\"@context\":\"https:\\\/\\\/schema.org\",\"@graph\":[{\"@type\":\"BlogPosting\",\"@id\":\"https:\\\/\\\/anoticiaonline.com.br\\\/site\\\/procon-adverte-sobre-armadilhas-do-cartao-de-credito\\\/#blogposting\",\"name\":\"Procon adverte sobre \\u201cArmadilhas\\u201d do Cart\\u00e3o de Cr\\u00e9dito - A Not\\u00edcia Online\",\"headline\":\"Procon adverte sobre \\u201cArmadilhas\\u201d do Cart\\u00e3o de Cr\\u00e9dito\",\"author\":{\"@id\":\"https:\\\/\\\/anoticiaonline.com.br\\\/site\\\/author\\\/juliana\\\/#author\"},\"publisher\":{\"@id\":\"https:\\\/\\\/anoticiaonline.com.br\\\/site\\\/#organization\"},\"image\":{\"@type\":\"ImageObject\",\"url\":\"https:\\\/\\\/anoticiaonline.com.br\\\/site\\\/wp-content\\\/uploads\\\/2017\\\/07\\\/Cart\\u00f5es.jpg\",\"width\":429,\"height\":343},\"datePublished\":\"2017-07-04T11:12:27-03:00\",\"dateModified\":\"2017-07-04T11:13:46-03:00\",\"inLanguage\":\"pt-BR\",\"mainEntityOfPage\":{\"@id\":\"https:\\\/\\\/anoticiaonline.com.br\\\/site\\\/procon-adverte-sobre-armadilhas-do-cartao-de-credito\\\/#webpage\"},\"isPartOf\":{\"@id\":\"https:\\\/\\\/anoticiaonline.com.br\\\/site\\\/procon-adverte-sobre-armadilhas-do-cartao-de-credito\\\/#webpage\"},\"articleSection\":\"Blog, cart\\u00e3o de cr\\u00e9dito, procon\"},{\"@type\":\"BreadcrumbList\",\"@id\":\"https:\\\/\\\/anoticiaonline.com.br\\\/site\\\/procon-adverte-sobre-armadilhas-do-cartao-de-credito\\\/#breadcrumblist\",\"itemListElement\":[{\"@type\":\"ListItem\",\"@id\":\"https:\\\/\\\/anoticiaonline.com.br\\\/site#listItem\",\"position\":1,\"name\":\"Home\",\"item\":\"https:\\\/\\\/anoticiaonline.com.br\\\/site\",\"nextItem\":{\"@type\":\"ListItem\",\"@id\":\"https:\\\/\\\/anoticiaonline.com.br\\\/site\\\/categoria\\\/muriae\\\/#listItem\",\"name\":\"Blog\"}},{\"@type\":\"ListItem\",\"@id\":\"https:\\\/\\\/anoticiaonline.com.br\\\/site\\\/categoria\\\/muriae\\\/#listItem\",\"position\":2,\"name\":\"Blog\",\"item\":\"https:\\\/\\\/anoticiaonline.com.br\\\/site\\\/categoria\\\/muriae\\\/\",\"nextItem\":{\"@type\":\"ListItem\",\"@id\":\"https:\\\/\\\/anoticiaonline.com.br\\\/site\\\/procon-adverte-sobre-armadilhas-do-cartao-de-credito\\\/#listItem\",\"name\":\"Procon adverte sobre \\u201cArmadilhas\\u201d do Cart\\u00e3o de Cr\\u00e9dito\"},\"previousItem\":{\"@type\":\"ListItem\",\"@id\":\"https:\\\/\\\/anoticiaonline.com.br\\\/site#listItem\",\"name\":\"Home\"}},{\"@type\":\"ListItem\",\"@id\":\"https:\\\/\\\/anoticiaonline.com.br\\\/site\\\/procon-adverte-sobre-armadilhas-do-cartao-de-credito\\\/#listItem\",\"position\":3,\"name\":\"Procon adverte sobre \\u201cArmadilhas\\u201d do Cart\\u00e3o de Cr\\u00e9dito\",\"previousItem\":{\"@type\":\"ListItem\",\"@id\":\"https:\\\/\\\/anoticiaonline.com.br\\\/site\\\/categoria\\\/muriae\\\/#listItem\",\"name\":\"Blog\"}}]},{\"@type\":\"Organization\",\"@id\":\"https:\\\/\\\/anoticiaonline.com.br\\\/site\\\/#organization\",\"name\":\"A Not\\u00edcia Online\",\"description\":\"Noticias de Muria\\u00e9 e regi\\u00e3o\",\"url\":\"https:\\\/\\\/anoticiaonline.com.br\\\/site\\\/\",\"logo\":{\"@type\":\"ImageObject\",\"url\":\"https:\\\/\\\/scontent-gig4-1.xx.fbcdn.net\\\/v\\\/t39.30808-1\\\/270437624_4564083193639691_6907940295614233970_n.jpg?stp=dst-jpg_s200x200_tt6&_nc_cat=111&ccb=1-7&_nc_sid=f907e8&_nc_ohc=SM1wRlP3lJwQ7kNvwEPuBYA&_nc_oc=AdnqrjDN_BNjSSHWO-GbkIWH6fkGMLw4bqvL_NH6e2wMveX7G-rP2dAqsDSq1mJMOaY&_nc_zt=24&_nc_ht=scontent-gig4-1.xx&_nc_gid=AoBFJeGrT1hVaew_6rchkQ&oh=00_AfX7QmFGhQhG2jAllVgXCiM1ZrWgvtp80-Bfppyexh1QEg&oe=689E923C\",\"@id\":\"https:\\\/\\\/anoticiaonline.com.br\\\/site\\\/procon-adverte-sobre-armadilhas-do-cartao-de-credito\\\/#organizationLogo\"},\"image\":{\"@id\":\"https:\\\/\\\/anoticiaonline.com.br\\\/site\\\/procon-adverte-sobre-armadilhas-do-cartao-de-credito\\\/#organizationLogo\"}},{\"@type\":\"Person\",\"@id\":\"https:\\\/\\\/anoticiaonline.com.br\\\/site\\\/author\\\/juliana\\\/#author\",\"url\":\"https:\\\/\\\/anoticiaonline.com.br\\\/site\\\/author\\\/juliana\\\/\",\"name\":\"Juliana Laviola\",\"image\":{\"@type\":\"ImageObject\",\"@id\":\"https:\\\/\\\/anoticiaonline.com.br\\\/site\\\/procon-adverte-sobre-armadilhas-do-cartao-de-credito\\\/#authorImage\",\"url\":\"https:\\\/\\\/secure.gravatar.com\\\/avatar\\\/b8d45f5c699b100dfaf0e543582f38f38bf94cb7ae3a5e9abf8d891a34773335?s=96&d=mm&r=g\",\"width\":96,\"height\":96,\"caption\":\"Juliana Laviola\"}},{\"@type\":\"WebPage\",\"@id\":\"https:\\\/\\\/anoticiaonline.com.br\\\/site\\\/procon-adverte-sobre-armadilhas-do-cartao-de-credito\\\/#webpage\",\"url\":\"https:\\\/\\\/anoticiaonline.com.br\\\/site\\\/procon-adverte-sobre-armadilhas-do-cartao-de-credito\\\/\",\"name\":\"Procon adverte sobre \\u201cArmadilhas\\u201d do Cart\\u00e3o de Cr\\u00e9dito - A Not\\u00edcia Online\",\"description\":\"O Procon, \\u00f3rg\\u00e3o da Prefeitura de Muria\\u00e9, adverte \\u00e0 popula\\u00e7\\u00e3o sobre as \\u201carmadilhas\\u201d que o consumidor pode encontrar ao usar o cart\\u00e3o de cr\\u00e9dito de forma descontrolada. O objetivo \\u00e9 chamar a aten\\u00e7\\u00e3o das pessoas para gastos abusivos e tamb\\u00e9m proteger o consumidor dos juros sobre juros, que s\\u00e3o gerados quando acontecem parcelamentos dos pagamentos.\",\"inLanguage\":\"pt-BR\",\"isPartOf\":{\"@id\":\"https:\\\/\\\/anoticiaonline.com.br\\\/site\\\/#website\"},\"breadcrumb\":{\"@id\":\"https:\\\/\\\/anoticiaonline.com.br\\\/site\\\/procon-adverte-sobre-armadilhas-do-cartao-de-credito\\\/#breadcrumblist\"},\"author\":{\"@id\":\"https:\\\/\\\/anoticiaonline.com.br\\\/site\\\/author\\\/juliana\\\/#author\"},\"creator\":{\"@id\":\"https:\\\/\\\/anoticiaonline.com.br\\\/site\\\/author\\\/juliana\\\/#author\"},\"image\":{\"@type\":\"ImageObject\",\"url\":\"https:\\\/\\\/anoticiaonline.com.br\\\/site\\\/wp-content\\\/uploads\\\/2017\\\/07\\\/Cart\\u00f5es.jpg\",\"@id\":\"https:\\\/\\\/anoticiaonline.com.br\\\/site\\\/procon-adverte-sobre-armadilhas-do-cartao-de-credito\\\/#mainImage\",\"width\":429,\"height\":343},\"primaryImageOfPage\":{\"@id\":\"https:\\\/\\\/anoticiaonline.com.br\\\/site\\\/procon-adverte-sobre-armadilhas-do-cartao-de-credito\\\/#mainImage\"},\"datePublished\":\"2017-07-04T11:12:27-03:00\",\"dateModified\":\"2017-07-04T11:13:46-03:00\"},{\"@type\":\"WebSite\",\"@id\":\"https:\\\/\\\/anoticiaonline.com.br\\\/site\\\/#website\",\"url\":\"https:\\\/\\\/anoticiaonline.com.br\\\/site\\\/\",\"name\":\"A Not\\u00edcia Online\",\"description\":\"Noticias de Muria\\u00e9 e regi\\u00e3o\",\"inLanguage\":\"pt-BR\",\"publisher\":{\"@id\":\"https:\\\/\\\/anoticiaonline.com.br\\\/site\\\/#organization\"}}]}\n\t\t<\/script>\n\t\t<!-- All in One SEO -->\n\n","aioseo_head_json":{"title":"Procon adverte sobre \u201cArmadilhas\u201d do Cart\u00e3o de Cr\u00e9dito - A Not\u00edcia Online","description":"O Procon, \u00f3rg\u00e3o da Prefeitura de Muria\u00e9, adverte \u00e0 popula\u00e7\u00e3o sobre as \u201carmadilhas\u201d que o consumidor pode encontrar ao usar o cart\u00e3o de cr\u00e9dito de forma descontrolada. O objetivo \u00e9 chamar a aten\u00e7\u00e3o das pessoas para gastos abusivos e tamb\u00e9m proteger o consumidor dos juros sobre juros, que s\u00e3o gerados quando acontecem parcelamentos dos pagamentos.","canonical_url":"https:\/\/anoticiaonline.com.br\/site\/procon-adverte-sobre-armadilhas-do-cartao-de-credito\/","robots":"max-image-preview:large","keywords":"","webmasterTools":{"miscellaneous":""},"schema":{"@context":"https:\/\/schema.org","@graph":[{"@type":"BlogPosting","@id":"https:\/\/anoticiaonline.com.br\/site\/procon-adverte-sobre-armadilhas-do-cartao-de-credito\/#blogposting","name":"Procon adverte sobre \u201cArmadilhas\u201d do Cart\u00e3o de Cr\u00e9dito - A Not\u00edcia Online","headline":"Procon adverte sobre \u201cArmadilhas\u201d do Cart\u00e3o de Cr\u00e9dito","author":{"@id":"https:\/\/anoticiaonline.com.br\/site\/author\/juliana\/#author"},"publisher":{"@id":"https:\/\/anoticiaonline.com.br\/site\/#organization"},"image":{"@type":"ImageObject","url":"https:\/\/anoticiaonline.com.br\/site\/wp-content\/uploads\/2017\/07\/Cart\u00f5es.jpg","width":429,"height":343},"datePublished":"2017-07-04T11:12:27-03:00","dateModified":"2017-07-04T11:13:46-03:00","inLanguage":"pt-BR","mainEntityOfPage":{"@id":"https:\/\/anoticiaonline.com.br\/site\/procon-adverte-sobre-armadilhas-do-cartao-de-credito\/#webpage"},"isPartOf":{"@id":"https:\/\/anoticiaonline.com.br\/site\/procon-adverte-sobre-armadilhas-do-cartao-de-credito\/#webpage"},"articleSection":"Blog, cart\u00e3o de cr\u00e9dito, procon"},{"@type":"BreadcrumbList","@id":"https:\/\/anoticiaonline.com.br\/site\/procon-adverte-sobre-armadilhas-do-cartao-de-credito\/#breadcrumblist","itemListElement":[{"@type":"ListItem","@id":"https:\/\/anoticiaonline.com.br\/site#listItem","position":1,"name":"Home","item":"https:\/\/anoticiaonline.com.br\/site","nextItem":{"@type":"ListItem","@id":"https:\/\/anoticiaonline.com.br\/site\/categoria\/muriae\/#listItem","name":"Blog"}},{"@type":"ListItem","@id":"https:\/\/anoticiaonline.com.br\/site\/categoria\/muriae\/#listItem","position":2,"name":"Blog","item":"https:\/\/anoticiaonline.com.br\/site\/categoria\/muriae\/","nextItem":{"@type":"ListItem","@id":"https:\/\/anoticiaonline.com.br\/site\/procon-adverte-sobre-armadilhas-do-cartao-de-credito\/#listItem","name":"Procon adverte sobre \u201cArmadilhas\u201d do Cart\u00e3o de Cr\u00e9dito"},"previousItem":{"@type":"ListItem","@id":"https:\/\/anoticiaonline.com.br\/site#listItem","name":"Home"}},{"@type":"ListItem","@id":"https:\/\/anoticiaonline.com.br\/site\/procon-adverte-sobre-armadilhas-do-cartao-de-credito\/#listItem","position":3,"name":"Procon adverte sobre \u201cArmadilhas\u201d do Cart\u00e3o de Cr\u00e9dito","previousItem":{"@type":"ListItem","@id":"https:\/\/anoticiaonline.com.br\/site\/categoria\/muriae\/#listItem","name":"Blog"}}]},{"@type":"Organization","@id":"https:\/\/anoticiaonline.com.br\/site\/#organization","name":"A Not\u00edcia Online","description":"Noticias de Muria\u00e9 e regi\u00e3o","url":"https:\/\/anoticiaonline.com.br\/site\/","logo":{"@type":"ImageObject","url":"https:\/\/scontent-gig4-1.xx.fbcdn.net\/v\/t39.30808-1\/270437624_4564083193639691_6907940295614233970_n.jpg?stp=dst-jpg_s200x200_tt6&_nc_cat=111&ccb=1-7&_nc_sid=f907e8&_nc_ohc=SM1wRlP3lJwQ7kNvwEPuBYA&_nc_oc=AdnqrjDN_BNjSSHWO-GbkIWH6fkGMLw4bqvL_NH6e2wMveX7G-rP2dAqsDSq1mJMOaY&_nc_zt=24&_nc_ht=scontent-gig4-1.xx&_nc_gid=AoBFJeGrT1hVaew_6rchkQ&oh=00_AfX7QmFGhQhG2jAllVgXCiM1ZrWgvtp80-Bfppyexh1QEg&oe=689E923C","@id":"https:\/\/anoticiaonline.com.br\/site\/procon-adverte-sobre-armadilhas-do-cartao-de-credito\/#organizationLogo"},"image":{"@id":"https:\/\/anoticiaonline.com.br\/site\/procon-adverte-sobre-armadilhas-do-cartao-de-credito\/#organizationLogo"}},{"@type":"Person","@id":"https:\/\/anoticiaonline.com.br\/site\/author\/juliana\/#author","url":"https:\/\/anoticiaonline.com.br\/site\/author\/juliana\/","name":"Juliana Laviola","image":{"@type":"ImageObject","@id":"https:\/\/anoticiaonline.com.br\/site\/procon-adverte-sobre-armadilhas-do-cartao-de-credito\/#authorImage","url":"https:\/\/secure.gravatar.com\/avatar\/b8d45f5c699b100dfaf0e543582f38f38bf94cb7ae3a5e9abf8d891a34773335?s=96&d=mm&r=g","width":96,"height":96,"caption":"Juliana Laviola"}},{"@type":"WebPage","@id":"https:\/\/anoticiaonline.com.br\/site\/procon-adverte-sobre-armadilhas-do-cartao-de-credito\/#webpage","url":"https:\/\/anoticiaonline.com.br\/site\/procon-adverte-sobre-armadilhas-do-cartao-de-credito\/","name":"Procon adverte sobre \u201cArmadilhas\u201d do Cart\u00e3o de Cr\u00e9dito - A Not\u00edcia Online","description":"O Procon, \u00f3rg\u00e3o da Prefeitura de Muria\u00e9, adverte \u00e0 popula\u00e7\u00e3o sobre as \u201carmadilhas\u201d que o consumidor pode encontrar ao usar o cart\u00e3o de cr\u00e9dito de forma descontrolada. O objetivo \u00e9 chamar a aten\u00e7\u00e3o das pessoas para gastos abusivos e tamb\u00e9m proteger o consumidor dos juros sobre juros, que s\u00e3o gerados quando acontecem parcelamentos dos pagamentos.","inLanguage":"pt-BR","isPartOf":{"@id":"https:\/\/anoticiaonline.com.br\/site\/#website"},"breadcrumb":{"@id":"https:\/\/anoticiaonline.com.br\/site\/procon-adverte-sobre-armadilhas-do-cartao-de-credito\/#breadcrumblist"},"author":{"@id":"https:\/\/anoticiaonline.com.br\/site\/author\/juliana\/#author"},"creator":{"@id":"https:\/\/anoticiaonline.com.br\/site\/author\/juliana\/#author"},"image":{"@type":"ImageObject","url":"https:\/\/anoticiaonline.com.br\/site\/wp-content\/uploads\/2017\/07\/Cart\u00f5es.jpg","@id":"https:\/\/anoticiaonline.com.br\/site\/procon-adverte-sobre-armadilhas-do-cartao-de-credito\/#mainImage","width":429,"height":343},"primaryImageOfPage":{"@id":"https:\/\/anoticiaonline.com.br\/site\/procon-adverte-sobre-armadilhas-do-cartao-de-credito\/#mainImage"},"datePublished":"2017-07-04T11:12:27-03:00","dateModified":"2017-07-04T11:13:46-03:00"},{"@type":"WebSite","@id":"https:\/\/anoticiaonline.com.br\/site\/#website","url":"https:\/\/anoticiaonline.com.br\/site\/","name":"A Not\u00edcia Online","description":"Noticias de Muria\u00e9 e regi\u00e3o","inLanguage":"pt-BR","publisher":{"@id":"https:\/\/anoticiaonline.com.br\/site\/#organization"}}]},"og:locale":"pt_BR","og:site_name":"A Not\u00edcia Online - Noticias de Muria\u00e9 e regi\u00e3o","og:type":"article","og:title":"Procon adverte sobre \u201cArmadilhas\u201d do Cart\u00e3o de Cr\u00e9dito - A Not\u00edcia Online","og:description":"O Procon, \u00f3rg\u00e3o da Prefeitura de Muria\u00e9, adverte \u00e0 popula\u00e7\u00e3o sobre as \u201carmadilhas\u201d que o consumidor pode encontrar ao usar o cart\u00e3o de cr\u00e9dito de forma descontrolada. O objetivo \u00e9 chamar a aten\u00e7\u00e3o das pessoas para gastos abusivos e tamb\u00e9m proteger o consumidor dos juros sobre juros, que s\u00e3o gerados quando acontecem parcelamentos dos pagamentos.","og:url":"https:\/\/anoticiaonline.com.br\/site\/procon-adverte-sobre-armadilhas-do-cartao-de-credito\/","og:image":"https:\/\/scontent-gig4-1.xx.fbcdn.net\/v\/t39.30808-1\/270437624_4564083193639691_6907940295614233970_n.jpg?stp=dst-jpg_s200x200_tt6&#038;_nc_cat=111&#038;ccb=1-7&#038;_nc_sid=f907e8&#038;_nc_ohc=SM1wRlP3lJwQ7kNvwEPuBYA&#038;_nc_oc=AdnqrjDN_BNjSSHWO-GbkIWH6fkGMLw4bqvL_NH6e2wMveX7G-rP2dAqsDSq1mJMOaY&#038;_nc_zt=24&#038;_nc_ht=scontent-gig4-1.xx&#038;_nc_gid=AoBFJeGrT1hVaew_6rchkQ&#038;oh=00_AfX7QmFGhQhG2jAllVgXCiM1ZrWgvtp80-Bfppyexh1QEg&#038;oe=689E923C","og:image:secure_url":"https:\/\/scontent-gig4-1.xx.fbcdn.net\/v\/t39.30808-1\/270437624_4564083193639691_6907940295614233970_n.jpg?stp=dst-jpg_s200x200_tt6&#038;_nc_cat=111&#038;ccb=1-7&#038;_nc_sid=f907e8&#038;_nc_ohc=SM1wRlP3lJwQ7kNvwEPuBYA&#038;_nc_oc=AdnqrjDN_BNjSSHWO-GbkIWH6fkGMLw4bqvL_NH6e2wMveX7G-rP2dAqsDSq1mJMOaY&#038;_nc_zt=24&#038;_nc_ht=scontent-gig4-1.xx&#038;_nc_gid=AoBFJeGrT1hVaew_6rchkQ&#038;oh=00_AfX7QmFGhQhG2jAllVgXCiM1ZrWgvtp80-Bfppyexh1QEg&#038;oe=689E923C","article:published_time":"2017-07-04T14:12:27+00:00","article:modified_time":"2017-07-04T14:13:46+00:00","twitter:card":"summary_large_image","twitter:title":"Procon adverte sobre \u201cArmadilhas\u201d do Cart\u00e3o de Cr\u00e9dito - A Not\u00edcia Online","twitter:description":"O Procon, \u00f3rg\u00e3o da Prefeitura de Muria\u00e9, adverte \u00e0 popula\u00e7\u00e3o sobre as \u201carmadilhas\u201d que o consumidor pode encontrar ao usar o cart\u00e3o de cr\u00e9dito de forma descontrolada. O objetivo \u00e9 chamar a aten\u00e7\u00e3o das pessoas para gastos abusivos e tamb\u00e9m proteger o consumidor dos juros sobre juros, que s\u00e3o gerados quando acontecem parcelamentos dos pagamentos.","twitter:image":"https:\/\/scontent-gig4-1.xx.fbcdn.net\/v\/t39.30808-1\/270437624_4564083193639691_6907940295614233970_n.jpg?stp=dst-jpg_s200x200_tt6&_nc_cat=111&ccb=1-7&_nc_sid=f907e8&_nc_ohc=SM1wRlP3lJwQ7kNvwEPuBYA&_nc_oc=AdnqrjDN_BNjSSHWO-GbkIWH6fkGMLw4bqvL_NH6e2wMveX7G-rP2dAqsDSq1mJMOaY&_nc_zt=24&_nc_ht=scontent-gig4-1.xx&_nc_gid=AoBFJeGrT1hVaew_6rchkQ&oh=00_AfX7QmFGhQhG2jAllVgXCiM1ZrWgvtp80-Bfppyexh1QEg&oe=689E923C"},"aioseo_meta_data":{"post_id":"34467","title":null,"description":null,"keywords":null,"keyphrases":null,"primary_term":null,"canonical_url":null,"og_title":null,"og_description":null,"og_object_type":"default","og_image_type":"default","og_image_url":null,"og_image_width":null,"og_image_height":null,"og_image_custom_url":null,"og_image_custom_fields":null,"og_video":null,"og_custom_url":null,"og_article_section":null,"og_article_tags":null,"twitter_use_og":false,"twitter_card":"default","twitter_image_type":"default","twitter_image_url":null,"twitter_image_custom_url":null,"twitter_image_custom_fields":null,"twitter_title":null,"twitter_description":null,"schema":{"blockGraphs":[],"customGraphs":[],"default":{"data":{"Article":[],"Course":[],"Dataset":[],"FAQPage":[],"Movie":[],"Person":[],"Product":[],"ProductReview":[],"Car":[],"Recipe":[],"Service":[],"SoftwareApplication":[],"WebPage":[]},"graphName":"","isEnabled":true},"graphs":[]},"schema_type":"default","schema_type_options":null,"pillar_content":false,"robots_default":true,"robots_noindex":false,"robots_noarchive":false,"robots_nosnippet":false,"robots_nofollow":false,"robots_noimageindex":false,"robots_noodp":false,"robots_notranslate":false,"robots_max_snippet":null,"robots_max_videopreview":null,"robots_max_imagepreview":"large","priority":null,"frequency":null,"local_seo":null,"breadcrumb_settings":null,"limit_modified_date":false,"ai":null,"created":"2025-08-16 18:50:35","updated":"2025-08-16 18:50:35","focus_keyword":null,"additional_keywords":null,"truseo_locale":null,"seo_analyzer_scan_date":null},"aioseo_breadcrumb":"<div class=\"aioseo-breadcrumbs\"><span class=\"aioseo-breadcrumb\">\n\t\t\t<a href=\"https:\/\/anoticiaonline.com.br\/site\" title=\"Home\">Home<\/a>\n\t\t<\/span><span class=\"aioseo-breadcrumb-separator\">&raquo;<\/span><span class=\"aioseo-breadcrumb\">\n\t\t\t<a href=\"https:\/\/anoticiaonline.com.br\/site\/categoria\/muriae\/\" title=\"Blog\">Blog<\/a>\n\t\t<\/span><span class=\"aioseo-breadcrumb-separator\">&raquo;<\/span><span class=\"aioseo-breadcrumb\">\n\t\t\tProcon adverte sobre \u201cArmadilhas\u201d do Cart\u00e3o de Cr\u00e9dito\n\t\t<\/span><\/div>","aioseo_breadcrumb_json":[{"label":"Home","link":"https:\/\/anoticiaonline.com.br\/site"},{"label":"Blog","link":"https:\/\/anoticiaonline.com.br\/site\/categoria\/muriae\/"},{"label":"Procon adverte sobre \u201cArmadilhas\u201d do Cart\u00e3o de Cr\u00e9dito","link":"https:\/\/anoticiaonline.com.br\/site\/procon-adverte-sobre-armadilhas-do-cartao-de-credito\/"}],"views":102,"_links":{"self":[{"href":"https:\/\/anoticiaonline.com.br\/site\/wp-json\/wp\/v2\/posts\/34467","targetHints":{"allow":["GET"]}}],"collection":[{"href":"https:\/\/anoticiaonline.com.br\/site\/wp-json\/wp\/v2\/posts"}],"about":[{"href":"https:\/\/anoticiaonline.com.br\/site\/wp-json\/wp\/v2\/types\/post"}],"author":[{"embeddable":true,"href":"https:\/\/anoticiaonline.com.br\/site\/wp-json\/wp\/v2\/users\/2"}],"replies":[{"embeddable":true,"href":"https:\/\/anoticiaonline.com.br\/site\/wp-json\/wp\/v2\/comments?post=34467"}],"version-history":[{"count":0,"href":"https:\/\/anoticiaonline.com.br\/site\/wp-json\/wp\/v2\/posts\/34467\/revisions"}],"wp:featuredmedia":[{"embeddable":true,"href":"https:\/\/anoticiaonline.com.br\/site\/wp-json\/wp\/v2\/media\/34469"}],"wp:attachment":[{"href":"https:\/\/anoticiaonline.com.br\/site\/wp-json\/wp\/v2\/media?parent=34467"}],"wp:term":[{"taxonomy":"category","embeddable":true,"href":"https:\/\/anoticiaonline.com.br\/site\/wp-json\/wp\/v2\/categories?post=34467"},{"taxonomy":"post_tag","embeddable":true,"href":"https:\/\/anoticiaonline.com.br\/site\/wp-json\/wp\/v2\/tags?post=34467"}],"curies":[{"name":"wp","href":"https:\/\/api.w.org\/{rel}","templated":true}]}}