{"id":34349,"date":"2017-07-02T12:28:11","date_gmt":"2017-07-02T15:28:11","guid":{"rendered":"http:\/\/anoticiaonline.com.br\/site\/?p=34349"},"modified":"2017-06-28T23:36:08","modified_gmt":"2017-06-29T02:36:08","slug":"escola-sao-paulo-realiza-mostra-sobre-sustentabilidade-e-saude","status":"publish","type":"post","link":"https:\/\/anoticiaonline.com.br\/site\/escola-sao-paulo-realiza-mostra-sobre-sustentabilidade-e-saude\/","title":{"rendered":"Escola S\u00e3o Paulo realiza mostra sobre sustentabilidade e sa\u00fade"},"content":{"rendered":"<p><a href=\"https:\/\/anoticiaonline.com.br\/site\/wp-content\/uploads\/2017\/06\/DSC_0810.jpg\"><img fetchpriority=\"high\" decoding=\"async\" class=\"alignleft size-medium wp-image-34352\" src=\"https:\/\/anoticiaonline.com.br\/site\/wp-content\/uploads\/2017\/06\/DSC_0810-300x199.jpg\" alt=\"\" width=\"300\" height=\"199\" srcset=\"https:\/\/anoticiaonline.com.br\/site\/wp-content\/uploads\/2017\/06\/DSC_0810-300x199.jpg 300w, https:\/\/anoticiaonline.com.br\/site\/wp-content\/uploads\/2017\/06\/DSC_0810.jpg 640w\" sizes=\"(max-width: 300px) 100vw, 300px\" \/><\/a> <a href=\"https:\/\/anoticiaonline.com.br\/site\/wp-content\/uploads\/2017\/06\/DSC_0806.jpg\"><img decoding=\"async\" class=\"alignleft size-medium wp-image-34351\" src=\"https:\/\/anoticiaonline.com.br\/site\/wp-content\/uploads\/2017\/06\/DSC_0806-300x199.jpg\" alt=\"\" width=\"300\" height=\"199\" srcset=\"https:\/\/anoticiaonline.com.br\/site\/wp-content\/uploads\/2017\/06\/DSC_0806-300x199.jpg 300w, https:\/\/anoticiaonline.com.br\/site\/wp-content\/uploads\/2017\/06\/DSC_0806.jpg 640w\" sizes=\"(max-width: 300px) 100vw, 300px\" \/><\/a> <a href=\"https:\/\/anoticiaonline.com.br\/site\/wp-content\/uploads\/2017\/06\/DSC_0799-1.jpg\"><img decoding=\"async\" class=\"alignleft size-medium wp-image-34350\" src=\"https:\/\/anoticiaonline.com.br\/site\/wp-content\/uploads\/2017\/06\/DSC_0799-1-300x199.jpg\" alt=\"\" width=\"300\" height=\"199\" srcset=\"https:\/\/anoticiaonline.com.br\/site\/wp-content\/uploads\/2017\/06\/DSC_0799-1-300x199.jpg 300w, https:\/\/anoticiaonline.com.br\/site\/wp-content\/uploads\/2017\/06\/DSC_0799-1.jpg 640w\" sizes=\"(max-width: 300px) 100vw, 300px\" \/><\/a>Alunos da Escola S\u00e3o Paulo apresentaram uma feira de ci\u00eancias abordando assuntos de interesse para toda a sociedade. A feira, chamada de Mostra de Conhecimento, teve como objetivo a conscientiza\u00e7\u00e3o dos estudantes e do p\u00fablico presente sobre a import\u00e2ncia da sustentabilidade em benef\u00edcio \u00e0 sa\u00fade e \u00e0 sobreviv\u00eancia do planeta.<br \/>\nO diretor, Jos\u00e9 Nicodemos Couto fez a abertura e deu as boas-vindas aos visitantes da Mostra, que contou com a presen\u00e7a de militares do Corpo de Bombeiros de Muria\u00e9, os quais exibiram materiais sobre preven\u00e7\u00e3o de inc\u00eandios, salvamento e resgate.<br \/>\nDurante as apresenta\u00e7\u00f5es, que aconteceram no s\u00e1bado (24), os estudantes fizeram demonstra\u00e7\u00f5es de pesquisas e estudos, feitos no m\u00eas anterior, para as fam\u00edlias e para os professores das v\u00e1rias disciplinas ministradas, entre elas Qu\u00edmica, F\u00edsica e Ci\u00eancias. Foram trabalhos sobre preven\u00e7\u00e3o de doen\u00e7as, bem-estar, cuidados com o corpo e o equil\u00edbrio do ambiente modificado pelo homem.<br \/>\nDe acordo com a professora de Ci\u00eancias, Maria de F\u00e1tima Sanches Abreu Miranda, todos os alunos foram avaliados nos crit\u00e9rios de apresenta\u00e7\u00e3o e de abordagem do conte\u00fado. \u201cGostaria tamb\u00e9m de agradecer aos pais pelo acompanhamento nos trabalhos. Foi um empenho em conjunto que gerou grande resultado no conhecimento e na vis\u00e3o futura dos alunos sobre a responsabilidade em rela\u00e7\u00e3o ao meio ambiente \u00e0 qualidade de vida\u201d, diz.<br \/>\n\u201cA Escola S\u00e3o Paulo se sente honrada em divulgar essa Mostra de Conhecimento. \u00c9 um trabalho feito com muita dedica\u00e7\u00e3o pelos alunos com apoio da fam\u00edlia e da comunidade. Atrav\u00e9s desses trabalhos apresentados, muitos deles descobrem sobre profiss\u00f5es e fazem planos para o futuro\u201d, relata professora de Hist\u00f3ria e Sociologia, L\u00eddia Amaro.<br \/>\nCI\u00caNCIA NO DIA A DIA &#8211; Um dos temas abordados pelos alunos foi o tipo de alimenta\u00e7\u00e3o do homem nos grandes centros urbanos.<br \/>\nDurante o evento, os estudantes demonstraram solu\u00e7\u00f5es saud\u00e1veis atrav\u00e9s da degusta\u00e7\u00e3o de sucos de frutas, fizeram um levantamento de como est\u00e1 a dieta de seus colegas, frisando que o consumo exagerado de gorduras trans e saturada que trazem riscos para a sa\u00fade do homem.<br \/>\nTamb\u00e9m relacionado \u00e0 disciplina de Qu\u00edmica, a professora Isabela Cristina de Matos explica que, com a mostra, \u00e9 poss\u00edvel que os alunos tenham uma vis\u00e3o mais pr\u00e1tica das mat\u00e9rias ministradas em sala de aula. \u201cO aprendizado vai al\u00e9m e se estende para os laborat\u00f3rios com o nosso apoio e supervis\u00e3o\u201d, diz.<\/p>\n<p><img decoding=\"async\" class=\"ngg_displayed_gallery mceItem\" src=\"https:\/\/anoticiaonline.com.br\/site\/nextgen-attach_to_post\/preview\/id--34413\" \/><\/p>\n<p>&nbsp;<\/p>\n","protected":false},"excerpt":{"rendered":"<p>Alunos da Escola S\u00e3o Paulo apresentaram uma feira de ci\u00eancias abordando assuntos de interesse para toda a sociedade. A feira, chamada de Mostra de Conhecimento, teve como objetivo a conscientiza\u00e7\u00e3o dos estudantes e do p\u00fablico presente sobre a import\u00e2ncia da sustentabilidade em benef\u00edcio \u00e0 sa\u00fade e \u00e0 sobreviv\u00eancia do planeta. O diretor, Jos\u00e9 Nicodemos Couto &#8230; <a title=\"Escola S\u00e3o Paulo realiza mostra sobre sustentabilidade e sa\u00fade\" class=\"read-more\" href=\"https:\/\/anoticiaonline.com.br\/site\/escola-sao-paulo-realiza-mostra-sobre-sustentabilidade-e-saude\/\" aria-label=\"Read more about Escola S\u00e3o Paulo realiza mostra sobre sustentabilidade e sa\u00fade\">Ler mais<\/a><\/p>\n","protected":false},"author":2,"featured_media":34352,"comment_status":"open","ping_status":"open","sticky":false,"template":"","format":"standard","meta":{"_acf_changed":false,"_monsterinsights_skip_tracking":false,"footnotes":""},"categories":[1],"tags":[249,547,550,551,548,549,74],"class_list":["post-34349","post","type-post","status-publish","format-standard","has-post-thumbnail","hentry","category-gerais","tag-escola-sao-paulo","tag-esp","tag-estudante","tag-estudantes","tag-jose-nicodemos-couto","tag-mostra-de-conhecimento","tag-muriae"],"acf":[],"aioseo_notices":[],"aioseo_head":"\n\t\t<!-- All in One SEO 5.0.0.1 - aioseo.com -->\n\t<meta name=\"description\" content=\"Alunos da Escola S\u00e3o Paulo apresentaram uma feira de ci\u00eancias abordando assuntos de interesse para toda a sociedade. A feira, chamada de Mostra de Conhecimento, teve como objetivo a conscientiza\u00e7\u00e3o dos estudantes e do p\u00fablico presente sobre a import\u00e2ncia da sustentabilidade em benef\u00edcio \u00e0 sa\u00fade e \u00e0 sobreviv\u00eancia do planeta. O diretor, Jos\u00e9 Nicodemos Couto\" \/>\n\t<meta name=\"robots\" content=\"max-image-preview:large\" \/>\n\t<meta name=\"author\" content=\"Juliana Laviola\"\/>\n\t<link rel=\"canonical\" href=\"https:\/\/anoticiaonline.com.br\/site\/escola-sao-paulo-realiza-mostra-sobre-sustentabilidade-e-saude\/\" \/>\n\t<meta name=\"generator\" content=\"All in One SEO (AIOSEO) 5.0.0.1\" \/>\n\t\t<meta property=\"og:locale\" content=\"pt_BR\" \/>\n\t\t<meta property=\"og:site_name\" content=\"A Not\u00edcia Online - Noticias de Muria\u00e9 e regi\u00e3o\" \/>\n\t\t<meta property=\"og:type\" content=\"article\" \/>\n\t\t<meta property=\"og:title\" content=\"Escola S\u00e3o Paulo realiza mostra sobre sustentabilidade e sa\u00fade - A Not\u00edcia Online\" \/>\n\t\t<meta property=\"og:description\" content=\"Alunos da Escola S\u00e3o Paulo apresentaram uma feira de ci\u00eancias abordando assuntos de interesse para toda a sociedade. A feira, chamada de Mostra de Conhecimento, teve como objetivo a conscientiza\u00e7\u00e3o dos estudantes e do p\u00fablico presente sobre a import\u00e2ncia da sustentabilidade em benef\u00edcio \u00e0 sa\u00fade e \u00e0 sobreviv\u00eancia do planeta. O diretor, Jos\u00e9 Nicodemos Couto\" \/>\n\t\t<meta property=\"og:url\" content=\"https:\/\/anoticiaonline.com.br\/site\/escola-sao-paulo-realiza-mostra-sobre-sustentabilidade-e-saude\/\" \/>\n\t\t<meta property=\"og:image\" content=\"https:\/\/scontent-gig4-1.xx.fbcdn.net\/v\/t39.30808-1\/270437624_4564083193639691_6907940295614233970_n.jpg?stp=dst-jpg_s200x200_tt6&#038;_nc_cat=111&#038;ccb=1-7&#038;_nc_sid=f907e8&#038;_nc_ohc=SM1wRlP3lJwQ7kNvwEPuBYA&#038;_nc_oc=AdnqrjDN_BNjSSHWO-GbkIWH6fkGMLw4bqvL_NH6e2wMveX7G-rP2dAqsDSq1mJMOaY&#038;_nc_zt=24&#038;_nc_ht=scontent-gig4-1.xx&#038;_nc_gid=AoBFJeGrT1hVaew_6rchkQ&#038;oh=00_AfX7QmFGhQhG2jAllVgXCiM1ZrWgvtp80-Bfppyexh1QEg&#038;oe=689E923C\" \/>\n\t\t<meta property=\"og:image:secure_url\" content=\"https:\/\/scontent-gig4-1.xx.fbcdn.net\/v\/t39.30808-1\/270437624_4564083193639691_6907940295614233970_n.jpg?stp=dst-jpg_s200x200_tt6&#038;_nc_cat=111&#038;ccb=1-7&#038;_nc_sid=f907e8&#038;_nc_ohc=SM1wRlP3lJwQ7kNvwEPuBYA&#038;_nc_oc=AdnqrjDN_BNjSSHWO-GbkIWH6fkGMLw4bqvL_NH6e2wMveX7G-rP2dAqsDSq1mJMOaY&#038;_nc_zt=24&#038;_nc_ht=scontent-gig4-1.xx&#038;_nc_gid=AoBFJeGrT1hVaew_6rchkQ&#038;oh=00_AfX7QmFGhQhG2jAllVgXCiM1ZrWgvtp80-Bfppyexh1QEg&#038;oe=689E923C\" \/>\n\t\t<meta property=\"article:published_time\" content=\"2017-07-02T15:28:11+00:00\" \/>\n\t\t<meta property=\"article:modified_time\" content=\"2017-06-29T02:36:08+00:00\" \/>\n\t\t<meta name=\"twitter:card\" content=\"summary_large_image\" \/>\n\t\t<meta name=\"twitter:title\" content=\"Escola S\u00e3o Paulo realiza mostra sobre sustentabilidade e sa\u00fade - A Not\u00edcia Online\" \/>\n\t\t<meta name=\"twitter:description\" content=\"Alunos da Escola S\u00e3o Paulo apresentaram uma feira de ci\u00eancias abordando assuntos de interesse para toda a sociedade. A feira, chamada de Mostra de Conhecimento, teve como objetivo a conscientiza\u00e7\u00e3o dos estudantes e do p\u00fablico presente sobre a import\u00e2ncia da sustentabilidade em benef\u00edcio \u00e0 sa\u00fade e \u00e0 sobreviv\u00eancia do planeta. O diretor, Jos\u00e9 Nicodemos Couto\" \/>\n\t\t<meta name=\"twitter:image\" content=\"https:\/\/scontent-gig4-1.xx.fbcdn.net\/v\/t39.30808-1\/270437624_4564083193639691_6907940295614233970_n.jpg?stp=dst-jpg_s200x200_tt6&amp;_nc_cat=111&amp;ccb=1-7&amp;_nc_sid=f907e8&amp;_nc_ohc=SM1wRlP3lJwQ7kNvwEPuBYA&amp;_nc_oc=AdnqrjDN_BNjSSHWO-GbkIWH6fkGMLw4bqvL_NH6e2wMveX7G-rP2dAqsDSq1mJMOaY&amp;_nc_zt=24&amp;_nc_ht=scontent-gig4-1.xx&amp;_nc_gid=AoBFJeGrT1hVaew_6rchkQ&amp;oh=00_AfX7QmFGhQhG2jAllVgXCiM1ZrWgvtp80-Bfppyexh1QEg&amp;oe=689E923C\" \/>\n\t\t<script type=\"application\/ld+json\" class=\"aioseo-schema\">\n\t\t\t{\"@context\":\"https:\\\/\\\/schema.org\",\"@graph\":[{\"@type\":\"BlogPosting\",\"@id\":\"https:\\\/\\\/anoticiaonline.com.br\\\/site\\\/escola-sao-paulo-realiza-mostra-sobre-sustentabilidade-e-saude\\\/#blogposting\",\"name\":\"Escola S\\u00e3o Paulo realiza mostra sobre sustentabilidade e sa\\u00fade - A Not\\u00edcia Online\",\"headline\":\"Escola S\\u00e3o Paulo realiza mostra sobre sustentabilidade e sa\\u00fade\",\"author\":{\"@id\":\"https:\\\/\\\/anoticiaonline.com.br\\\/site\\\/author\\\/juliana\\\/#author\"},\"publisher\":{\"@id\":\"https:\\\/\\\/anoticiaonline.com.br\\\/site\\\/#organization\"},\"image\":{\"@type\":\"ImageObject\",\"url\":\"https:\\\/\\\/anoticiaonline.com.br\\\/site\\\/wp-content\\\/uploads\\\/2017\\\/06\\\/DSC_0810.jpg\",\"width\":640,\"height\":424},\"datePublished\":\"2017-07-02T12:28:11-03:00\",\"dateModified\":\"2017-06-28T23:36:08-03:00\",\"inLanguage\":\"pt-BR\",\"mainEntityOfPage\":{\"@id\":\"https:\\\/\\\/anoticiaonline.com.br\\\/site\\\/escola-sao-paulo-realiza-mostra-sobre-sustentabilidade-e-saude\\\/#webpage\"},\"isPartOf\":{\"@id\":\"https:\\\/\\\/anoticiaonline.com.br\\\/site\\\/escola-sao-paulo-realiza-mostra-sobre-sustentabilidade-e-saude\\\/#webpage\"},\"articleSection\":\"Gerais, escola s\\u00e3o paulo, ESP, estudante, estudantes, Jos\\u00e9 Nicodemos Couto, Mostra de Conhecimento, Muria\\u00e9\"},{\"@type\":\"BreadcrumbList\",\"@id\":\"https:\\\/\\\/anoticiaonline.com.br\\\/site\\\/escola-sao-paulo-realiza-mostra-sobre-sustentabilidade-e-saude\\\/#breadcrumblist\",\"itemListElement\":[{\"@type\":\"ListItem\",\"@id\":\"https:\\\/\\\/anoticiaonline.com.br\\\/site#listItem\",\"position\":1,\"name\":\"Home\",\"item\":\"https:\\\/\\\/anoticiaonline.com.br\\\/site\",\"nextItem\":{\"@type\":\"ListItem\",\"@id\":\"https:\\\/\\\/anoticiaonline.com.br\\\/site\\\/categoria\\\/gerais\\\/#listItem\",\"name\":\"Gerais\"}},{\"@type\":\"ListItem\",\"@id\":\"https:\\\/\\\/anoticiaonline.com.br\\\/site\\\/categoria\\\/gerais\\\/#listItem\",\"position\":2,\"name\":\"Gerais\",\"item\":\"https:\\\/\\\/anoticiaonline.com.br\\\/site\\\/categoria\\\/gerais\\\/\",\"nextItem\":{\"@type\":\"ListItem\",\"@id\":\"https:\\\/\\\/anoticiaonline.com.br\\\/site\\\/escola-sao-paulo-realiza-mostra-sobre-sustentabilidade-e-saude\\\/#listItem\",\"name\":\"Escola S\\u00e3o Paulo realiza mostra sobre sustentabilidade e sa\\u00fade\"},\"previousItem\":{\"@type\":\"ListItem\",\"@id\":\"https:\\\/\\\/anoticiaonline.com.br\\\/site#listItem\",\"name\":\"Home\"}},{\"@type\":\"ListItem\",\"@id\":\"https:\\\/\\\/anoticiaonline.com.br\\\/site\\\/escola-sao-paulo-realiza-mostra-sobre-sustentabilidade-e-saude\\\/#listItem\",\"position\":3,\"name\":\"Escola S\\u00e3o Paulo realiza mostra sobre sustentabilidade e sa\\u00fade\",\"previousItem\":{\"@type\":\"ListItem\",\"@id\":\"https:\\\/\\\/anoticiaonline.com.br\\\/site\\\/categoria\\\/gerais\\\/#listItem\",\"name\":\"Gerais\"}}]},{\"@type\":\"Organization\",\"@id\":\"https:\\\/\\\/anoticiaonline.com.br\\\/site\\\/#organization\",\"name\":\"A Not\\u00edcia Online\",\"description\":\"Noticias de Muria\\u00e9 e regi\\u00e3o\",\"url\":\"https:\\\/\\\/anoticiaonline.com.br\\\/site\\\/\",\"logo\":{\"@type\":\"ImageObject\",\"url\":\"https:\\\/\\\/scontent-gig4-1.xx.fbcdn.net\\\/v\\\/t39.30808-1\\\/270437624_4564083193639691_6907940295614233970_n.jpg?stp=dst-jpg_s200x200_tt6&_nc_cat=111&ccb=1-7&_nc_sid=f907e8&_nc_ohc=SM1wRlP3lJwQ7kNvwEPuBYA&_nc_oc=AdnqrjDN_BNjSSHWO-GbkIWH6fkGMLw4bqvL_NH6e2wMveX7G-rP2dAqsDSq1mJMOaY&_nc_zt=24&_nc_ht=scontent-gig4-1.xx&_nc_gid=AoBFJeGrT1hVaew_6rchkQ&oh=00_AfX7QmFGhQhG2jAllVgXCiM1ZrWgvtp80-Bfppyexh1QEg&oe=689E923C\",\"@id\":\"https:\\\/\\\/anoticiaonline.com.br\\\/site\\\/escola-sao-paulo-realiza-mostra-sobre-sustentabilidade-e-saude\\\/#organizationLogo\"},\"image\":{\"@id\":\"https:\\\/\\\/anoticiaonline.com.br\\\/site\\\/escola-sao-paulo-realiza-mostra-sobre-sustentabilidade-e-saude\\\/#organizationLogo\"}},{\"@type\":\"Person\",\"@id\":\"https:\\\/\\\/anoticiaonline.com.br\\\/site\\\/author\\\/juliana\\\/#author\",\"url\":\"https:\\\/\\\/anoticiaonline.com.br\\\/site\\\/author\\\/juliana\\\/\",\"name\":\"Juliana Laviola\",\"image\":{\"@type\":\"ImageObject\",\"@id\":\"https:\\\/\\\/anoticiaonline.com.br\\\/site\\\/escola-sao-paulo-realiza-mostra-sobre-sustentabilidade-e-saude\\\/#authorImage\",\"url\":\"https:\\\/\\\/secure.gravatar.com\\\/avatar\\\/b8d45f5c699b100dfaf0e543582f38f38bf94cb7ae3a5e9abf8d891a34773335?s=96&d=mm&r=g\",\"width\":96,\"height\":96,\"caption\":\"Juliana Laviola\"}},{\"@type\":\"WebPage\",\"@id\":\"https:\\\/\\\/anoticiaonline.com.br\\\/site\\\/escola-sao-paulo-realiza-mostra-sobre-sustentabilidade-e-saude\\\/#webpage\",\"url\":\"https:\\\/\\\/anoticiaonline.com.br\\\/site\\\/escola-sao-paulo-realiza-mostra-sobre-sustentabilidade-e-saude\\\/\",\"name\":\"Escola S\\u00e3o Paulo realiza mostra sobre sustentabilidade e sa\\u00fade - A Not\\u00edcia Online\",\"description\":\"Alunos da Escola S\\u00e3o Paulo apresentaram uma feira de ci\\u00eancias abordando assuntos de interesse para toda a sociedade. A feira, chamada de Mostra de Conhecimento, teve como objetivo a conscientiza\\u00e7\\u00e3o dos estudantes e do p\\u00fablico presente sobre a import\\u00e2ncia da sustentabilidade em benef\\u00edcio \\u00e0 sa\\u00fade e \\u00e0 sobreviv\\u00eancia do planeta. O diretor, Jos\\u00e9 Nicodemos Couto\",\"inLanguage\":\"pt-BR\",\"isPartOf\":{\"@id\":\"https:\\\/\\\/anoticiaonline.com.br\\\/site\\\/#website\"},\"breadcrumb\":{\"@id\":\"https:\\\/\\\/anoticiaonline.com.br\\\/site\\\/escola-sao-paulo-realiza-mostra-sobre-sustentabilidade-e-saude\\\/#breadcrumblist\"},\"author\":{\"@id\":\"https:\\\/\\\/anoticiaonline.com.br\\\/site\\\/author\\\/juliana\\\/#author\"},\"creator\":{\"@id\":\"https:\\\/\\\/anoticiaonline.com.br\\\/site\\\/author\\\/juliana\\\/#author\"},\"image\":{\"@type\":\"ImageObject\",\"url\":\"https:\\\/\\\/anoticiaonline.com.br\\\/site\\\/wp-content\\\/uploads\\\/2017\\\/06\\\/DSC_0810.jpg\",\"@id\":\"https:\\\/\\\/anoticiaonline.com.br\\\/site\\\/escola-sao-paulo-realiza-mostra-sobre-sustentabilidade-e-saude\\\/#mainImage\",\"width\":640,\"height\":424},\"primaryImageOfPage\":{\"@id\":\"https:\\\/\\\/anoticiaonline.com.br\\\/site\\\/escola-sao-paulo-realiza-mostra-sobre-sustentabilidade-e-saude\\\/#mainImage\"},\"datePublished\":\"2017-07-02T12:28:11-03:00\",\"dateModified\":\"2017-06-28T23:36:08-03:00\"},{\"@type\":\"WebSite\",\"@id\":\"https:\\\/\\\/anoticiaonline.com.br\\\/site\\\/#website\",\"url\":\"https:\\\/\\\/anoticiaonline.com.br\\\/site\\\/\",\"name\":\"A Not\\u00edcia Online\",\"description\":\"Noticias de Muria\\u00e9 e regi\\u00e3o\",\"inLanguage\":\"pt-BR\",\"publisher\":{\"@id\":\"https:\\\/\\\/anoticiaonline.com.br\\\/site\\\/#organization\"}}]}\n\t\t<\/script>\n\t\t<!-- All in One SEO -->\n\n","aioseo_head_json":{"title":"Escola S\u00e3o Paulo realiza mostra sobre sustentabilidade e sa\u00fade - A Not\u00edcia Online","description":"Alunos da Escola S\u00e3o Paulo apresentaram uma feira de ci\u00eancias abordando assuntos de interesse para toda a sociedade. A feira, chamada de Mostra de Conhecimento, teve como objetivo a conscientiza\u00e7\u00e3o dos estudantes e do p\u00fablico presente sobre a import\u00e2ncia da sustentabilidade em benef\u00edcio \u00e0 sa\u00fade e \u00e0 sobreviv\u00eancia do planeta. O diretor, Jos\u00e9 Nicodemos Couto","canonical_url":"https:\/\/anoticiaonline.com.br\/site\/escola-sao-paulo-realiza-mostra-sobre-sustentabilidade-e-saude\/","robots":"max-image-preview:large","keywords":"","webmasterTools":{"miscellaneous":""},"schema":{"@context":"https:\/\/schema.org","@graph":[{"@type":"BlogPosting","@id":"https:\/\/anoticiaonline.com.br\/site\/escola-sao-paulo-realiza-mostra-sobre-sustentabilidade-e-saude\/#blogposting","name":"Escola S\u00e3o Paulo realiza mostra sobre sustentabilidade e sa\u00fade - A Not\u00edcia Online","headline":"Escola S\u00e3o Paulo realiza mostra sobre sustentabilidade e sa\u00fade","author":{"@id":"https:\/\/anoticiaonline.com.br\/site\/author\/juliana\/#author"},"publisher":{"@id":"https:\/\/anoticiaonline.com.br\/site\/#organization"},"image":{"@type":"ImageObject","url":"https:\/\/anoticiaonline.com.br\/site\/wp-content\/uploads\/2017\/06\/DSC_0810.jpg","width":640,"height":424},"datePublished":"2017-07-02T12:28:11-03:00","dateModified":"2017-06-28T23:36:08-03:00","inLanguage":"pt-BR","mainEntityOfPage":{"@id":"https:\/\/anoticiaonline.com.br\/site\/escola-sao-paulo-realiza-mostra-sobre-sustentabilidade-e-saude\/#webpage"},"isPartOf":{"@id":"https:\/\/anoticiaonline.com.br\/site\/escola-sao-paulo-realiza-mostra-sobre-sustentabilidade-e-saude\/#webpage"},"articleSection":"Gerais, escola s\u00e3o paulo, ESP, estudante, estudantes, Jos\u00e9 Nicodemos Couto, Mostra de Conhecimento, Muria\u00e9"},{"@type":"BreadcrumbList","@id":"https:\/\/anoticiaonline.com.br\/site\/escola-sao-paulo-realiza-mostra-sobre-sustentabilidade-e-saude\/#breadcrumblist","itemListElement":[{"@type":"ListItem","@id":"https:\/\/anoticiaonline.com.br\/site#listItem","position":1,"name":"Home","item":"https:\/\/anoticiaonline.com.br\/site","nextItem":{"@type":"ListItem","@id":"https:\/\/anoticiaonline.com.br\/site\/categoria\/gerais\/#listItem","name":"Gerais"}},{"@type":"ListItem","@id":"https:\/\/anoticiaonline.com.br\/site\/categoria\/gerais\/#listItem","position":2,"name":"Gerais","item":"https:\/\/anoticiaonline.com.br\/site\/categoria\/gerais\/","nextItem":{"@type":"ListItem","@id":"https:\/\/anoticiaonline.com.br\/site\/escola-sao-paulo-realiza-mostra-sobre-sustentabilidade-e-saude\/#listItem","name":"Escola S\u00e3o Paulo realiza mostra sobre sustentabilidade e sa\u00fade"},"previousItem":{"@type":"ListItem","@id":"https:\/\/anoticiaonline.com.br\/site#listItem","name":"Home"}},{"@type":"ListItem","@id":"https:\/\/anoticiaonline.com.br\/site\/escola-sao-paulo-realiza-mostra-sobre-sustentabilidade-e-saude\/#listItem","position":3,"name":"Escola S\u00e3o Paulo realiza mostra sobre sustentabilidade e sa\u00fade","previousItem":{"@type":"ListItem","@id":"https:\/\/anoticiaonline.com.br\/site\/categoria\/gerais\/#listItem","name":"Gerais"}}]},{"@type":"Organization","@id":"https:\/\/anoticiaonline.com.br\/site\/#organization","name":"A Not\u00edcia Online","description":"Noticias de Muria\u00e9 e regi\u00e3o","url":"https:\/\/anoticiaonline.com.br\/site\/","logo":{"@type":"ImageObject","url":"https:\/\/scontent-gig4-1.xx.fbcdn.net\/v\/t39.30808-1\/270437624_4564083193639691_6907940295614233970_n.jpg?stp=dst-jpg_s200x200_tt6&_nc_cat=111&ccb=1-7&_nc_sid=f907e8&_nc_ohc=SM1wRlP3lJwQ7kNvwEPuBYA&_nc_oc=AdnqrjDN_BNjSSHWO-GbkIWH6fkGMLw4bqvL_NH6e2wMveX7G-rP2dAqsDSq1mJMOaY&_nc_zt=24&_nc_ht=scontent-gig4-1.xx&_nc_gid=AoBFJeGrT1hVaew_6rchkQ&oh=00_AfX7QmFGhQhG2jAllVgXCiM1ZrWgvtp80-Bfppyexh1QEg&oe=689E923C","@id":"https:\/\/anoticiaonline.com.br\/site\/escola-sao-paulo-realiza-mostra-sobre-sustentabilidade-e-saude\/#organizationLogo"},"image":{"@id":"https:\/\/anoticiaonline.com.br\/site\/escola-sao-paulo-realiza-mostra-sobre-sustentabilidade-e-saude\/#organizationLogo"}},{"@type":"Person","@id":"https:\/\/anoticiaonline.com.br\/site\/author\/juliana\/#author","url":"https:\/\/anoticiaonline.com.br\/site\/author\/juliana\/","name":"Juliana Laviola","image":{"@type":"ImageObject","@id":"https:\/\/anoticiaonline.com.br\/site\/escola-sao-paulo-realiza-mostra-sobre-sustentabilidade-e-saude\/#authorImage","url":"https:\/\/secure.gravatar.com\/avatar\/b8d45f5c699b100dfaf0e543582f38f38bf94cb7ae3a5e9abf8d891a34773335?s=96&d=mm&r=g","width":96,"height":96,"caption":"Juliana Laviola"}},{"@type":"WebPage","@id":"https:\/\/anoticiaonline.com.br\/site\/escola-sao-paulo-realiza-mostra-sobre-sustentabilidade-e-saude\/#webpage","url":"https:\/\/anoticiaonline.com.br\/site\/escola-sao-paulo-realiza-mostra-sobre-sustentabilidade-e-saude\/","name":"Escola S\u00e3o Paulo realiza mostra sobre sustentabilidade e sa\u00fade - A Not\u00edcia Online","description":"Alunos da Escola S\u00e3o Paulo apresentaram uma feira de ci\u00eancias abordando assuntos de interesse para toda a sociedade. A feira, chamada de Mostra de Conhecimento, teve como objetivo a conscientiza\u00e7\u00e3o dos estudantes e do p\u00fablico presente sobre a import\u00e2ncia da sustentabilidade em benef\u00edcio \u00e0 sa\u00fade e \u00e0 sobreviv\u00eancia do planeta. O diretor, Jos\u00e9 Nicodemos Couto","inLanguage":"pt-BR","isPartOf":{"@id":"https:\/\/anoticiaonline.com.br\/site\/#website"},"breadcrumb":{"@id":"https:\/\/anoticiaonline.com.br\/site\/escola-sao-paulo-realiza-mostra-sobre-sustentabilidade-e-saude\/#breadcrumblist"},"author":{"@id":"https:\/\/anoticiaonline.com.br\/site\/author\/juliana\/#author"},"creator":{"@id":"https:\/\/anoticiaonline.com.br\/site\/author\/juliana\/#author"},"image":{"@type":"ImageObject","url":"https:\/\/anoticiaonline.com.br\/site\/wp-content\/uploads\/2017\/06\/DSC_0810.jpg","@id":"https:\/\/anoticiaonline.com.br\/site\/escola-sao-paulo-realiza-mostra-sobre-sustentabilidade-e-saude\/#mainImage","width":640,"height":424},"primaryImageOfPage":{"@id":"https:\/\/anoticiaonline.com.br\/site\/escola-sao-paulo-realiza-mostra-sobre-sustentabilidade-e-saude\/#mainImage"},"datePublished":"2017-07-02T12:28:11-03:00","dateModified":"2017-06-28T23:36:08-03:00"},{"@type":"WebSite","@id":"https:\/\/anoticiaonline.com.br\/site\/#website","url":"https:\/\/anoticiaonline.com.br\/site\/","name":"A Not\u00edcia Online","description":"Noticias de Muria\u00e9 e regi\u00e3o","inLanguage":"pt-BR","publisher":{"@id":"https:\/\/anoticiaonline.com.br\/site\/#organization"}}]},"og:locale":"pt_BR","og:site_name":"A Not\u00edcia Online - Noticias de Muria\u00e9 e regi\u00e3o","og:type":"article","og:title":"Escola S\u00e3o Paulo realiza mostra sobre sustentabilidade e sa\u00fade - A Not\u00edcia Online","og:description":"Alunos da Escola S\u00e3o Paulo apresentaram uma feira de ci\u00eancias abordando assuntos de interesse para toda a sociedade. A feira, chamada de Mostra de Conhecimento, teve como objetivo a conscientiza\u00e7\u00e3o dos estudantes e do p\u00fablico presente sobre a import\u00e2ncia da sustentabilidade em benef\u00edcio \u00e0 sa\u00fade e \u00e0 sobreviv\u00eancia do planeta. O diretor, Jos\u00e9 Nicodemos Couto","og:url":"https:\/\/anoticiaonline.com.br\/site\/escola-sao-paulo-realiza-mostra-sobre-sustentabilidade-e-saude\/","og:image":"https:\/\/scontent-gig4-1.xx.fbcdn.net\/v\/t39.30808-1\/270437624_4564083193639691_6907940295614233970_n.jpg?stp=dst-jpg_s200x200_tt6&#038;_nc_cat=111&#038;ccb=1-7&#038;_nc_sid=f907e8&#038;_nc_ohc=SM1wRlP3lJwQ7kNvwEPuBYA&#038;_nc_oc=AdnqrjDN_BNjSSHWO-GbkIWH6fkGMLw4bqvL_NH6e2wMveX7G-rP2dAqsDSq1mJMOaY&#038;_nc_zt=24&#038;_nc_ht=scontent-gig4-1.xx&#038;_nc_gid=AoBFJeGrT1hVaew_6rchkQ&#038;oh=00_AfX7QmFGhQhG2jAllVgXCiM1ZrWgvtp80-Bfppyexh1QEg&#038;oe=689E923C","og:image:secure_url":"https:\/\/scontent-gig4-1.xx.fbcdn.net\/v\/t39.30808-1\/270437624_4564083193639691_6907940295614233970_n.jpg?stp=dst-jpg_s200x200_tt6&#038;_nc_cat=111&#038;ccb=1-7&#038;_nc_sid=f907e8&#038;_nc_ohc=SM1wRlP3lJwQ7kNvwEPuBYA&#038;_nc_oc=AdnqrjDN_BNjSSHWO-GbkIWH6fkGMLw4bqvL_NH6e2wMveX7G-rP2dAqsDSq1mJMOaY&#038;_nc_zt=24&#038;_nc_ht=scontent-gig4-1.xx&#038;_nc_gid=AoBFJeGrT1hVaew_6rchkQ&#038;oh=00_AfX7QmFGhQhG2jAllVgXCiM1ZrWgvtp80-Bfppyexh1QEg&#038;oe=689E923C","article:published_time":"2017-07-02T15:28:11+00:00","article:modified_time":"2017-06-29T02:36:08+00:00","twitter:card":"summary_large_image","twitter:title":"Escola S\u00e3o Paulo realiza mostra sobre sustentabilidade e sa\u00fade - A Not\u00edcia Online","twitter:description":"Alunos da Escola S\u00e3o Paulo apresentaram uma feira de ci\u00eancias abordando assuntos de interesse para toda a sociedade. A feira, chamada de Mostra de Conhecimento, teve como objetivo a conscientiza\u00e7\u00e3o dos estudantes e do p\u00fablico presente sobre a import\u00e2ncia da sustentabilidade em benef\u00edcio \u00e0 sa\u00fade e \u00e0 sobreviv\u00eancia do planeta. O diretor, Jos\u00e9 Nicodemos Couto","twitter:image":"https:\/\/scontent-gig4-1.xx.fbcdn.net\/v\/t39.30808-1\/270437624_4564083193639691_6907940295614233970_n.jpg?stp=dst-jpg_s200x200_tt6&_nc_cat=111&ccb=1-7&_nc_sid=f907e8&_nc_ohc=SM1wRlP3lJwQ7kNvwEPuBYA&_nc_oc=AdnqrjDN_BNjSSHWO-GbkIWH6fkGMLw4bqvL_NH6e2wMveX7G-rP2dAqsDSq1mJMOaY&_nc_zt=24&_nc_ht=scontent-gig4-1.xx&_nc_gid=AoBFJeGrT1hVaew_6rchkQ&oh=00_AfX7QmFGhQhG2jAllVgXCiM1ZrWgvtp80-Bfppyexh1QEg&oe=689E923C"},"aioseo_meta_data":{"post_id":"34349","title":null,"description":null,"keywords":null,"keyphrases":null,"primary_term":null,"canonical_url":null,"og_title":null,"og_description":null,"og_object_type":"default","og_image_type":"default","og_image_url":null,"og_image_width":null,"og_image_height":null,"og_image_custom_url":null,"og_image_custom_fields":null,"og_video":null,"og_custom_url":null,"og_article_section":null,"og_article_tags":null,"twitter_use_og":false,"twitter_card":"default","twitter_image_type":"default","twitter_image_url":null,"twitter_image_custom_url":null,"twitter_image_custom_fields":null,"twitter_title":null,"twitter_description":null,"schema":{"blockGraphs":[],"customGraphs":[],"default":{"data":{"Article":[],"Course":[],"Dataset":[],"FAQPage":[],"Movie":[],"Person":[],"Product":[],"ProductReview":[],"Car":[],"Recipe":[],"Service":[],"SoftwareApplication":[],"WebPage":[]},"graphName":"","isEnabled":true},"graphs":[]},"schema_type":"default","schema_type_options":null,"pillar_content":false,"robots_default":true,"robots_noindex":false,"robots_noarchive":false,"robots_nosnippet":false,"robots_nofollow":false,"robots_noimageindex":false,"robots_noodp":false,"robots_notranslate":false,"robots_max_snippet":null,"robots_max_videopreview":null,"robots_max_imagepreview":"large","priority":null,"frequency":null,"local_seo":null,"breadcrumb_settings":null,"limit_modified_date":false,"ai":null,"created":"2025-08-16 18:50:35","updated":"2025-08-16 18:50:35","focus_keyword":null,"additional_keywords":null,"truseo_locale":null,"seo_analyzer_scan_date":null},"aioseo_breadcrumb":"<div class=\"aioseo-breadcrumbs\"><span class=\"aioseo-breadcrumb\">\n\t\t\t<a href=\"https:\/\/anoticiaonline.com.br\/site\" title=\"Home\">Home<\/a>\n\t\t<\/span><span class=\"aioseo-breadcrumb-separator\">&raquo;<\/span><span class=\"aioseo-breadcrumb\">\n\t\t\t<a href=\"https:\/\/anoticiaonline.com.br\/site\/categoria\/gerais\/\" title=\"Gerais\">Gerais<\/a>\n\t\t<\/span><span class=\"aioseo-breadcrumb-separator\">&raquo;<\/span><span class=\"aioseo-breadcrumb\">\n\t\t\tEscola S\u00e3o Paulo realiza mostra sobre sustentabilidade e sa\u00fade\n\t\t<\/span><\/div>","aioseo_breadcrumb_json":[{"label":"Home","link":"https:\/\/anoticiaonline.com.br\/site"},{"label":"Gerais","link":"https:\/\/anoticiaonline.com.br\/site\/categoria\/gerais\/"},{"label":"Escola S\u00e3o Paulo realiza mostra sobre sustentabilidade e sa\u00fade","link":"https:\/\/anoticiaonline.com.br\/site\/escola-sao-paulo-realiza-mostra-sobre-sustentabilidade-e-saude\/"}],"views":127,"_links":{"self":[{"href":"https:\/\/anoticiaonline.com.br\/site\/wp-json\/wp\/v2\/posts\/34349","targetHints":{"allow":["GET"]}}],"collection":[{"href":"https:\/\/anoticiaonline.com.br\/site\/wp-json\/wp\/v2\/posts"}],"about":[{"href":"https:\/\/anoticiaonline.com.br\/site\/wp-json\/wp\/v2\/types\/post"}],"author":[{"embeddable":true,"href":"https:\/\/anoticiaonline.com.br\/site\/wp-json\/wp\/v2\/users\/2"}],"replies":[{"embeddable":true,"href":"https:\/\/anoticiaonline.com.br\/site\/wp-json\/wp\/v2\/comments?post=34349"}],"version-history":[{"count":0,"href":"https:\/\/anoticiaonline.com.br\/site\/wp-json\/wp\/v2\/posts\/34349\/revisions"}],"wp:featuredmedia":[{"embeddable":true,"href":"https:\/\/anoticiaonline.com.br\/site\/wp-json\/wp\/v2\/media\/34352"}],"wp:attachment":[{"href":"https:\/\/anoticiaonline.com.br\/site\/wp-json\/wp\/v2\/media?parent=34349"}],"wp:term":[{"taxonomy":"category","embeddable":true,"href":"https:\/\/anoticiaonline.com.br\/site\/wp-json\/wp\/v2\/categories?post=34349"},{"taxonomy":"post_tag","embeddable":true,"href":"https:\/\/anoticiaonline.com.br\/site\/wp-json\/wp\/v2\/tags?post=34349"}],"curies":[{"name":"wp","href":"https:\/\/api.w.org\/{rel}","templated":true}]}}