{"id":34342,"date":"2017-06-30T15:57:49","date_gmt":"2017-06-30T18:57:49","guid":{"rendered":"http:\/\/anoticiaonline.com.br\/site\/?p=34342"},"modified":"2017-06-28T23:18:33","modified_gmt":"2017-06-29T02:18:33","slug":"igreja-presbiteriana-de-muriae-comemora-61-anos","status":"publish","type":"post","link":"https:\/\/anoticiaonline.com.br\/site\/igreja-presbiteriana-de-muriae-comemora-61-anos\/","title":{"rendered":"Igreja Presbiteriana de Muria\u00e9 comemora 61 anos"},"content":{"rendered":"<p><a href=\"https:\/\/anoticiaonline.com.br\/site\/wp-content\/uploads\/2017\/06\/DSC03780.jpg\"><img fetchpriority=\"high\" decoding=\"async\" class=\"alignleft size-medium wp-image-34345\" src=\"https:\/\/anoticiaonline.com.br\/site\/wp-content\/uploads\/2017\/06\/DSC03780-300x225.jpg\" alt=\"\" width=\"300\" height=\"225\" srcset=\"https:\/\/anoticiaonline.com.br\/site\/wp-content\/uploads\/2017\/06\/DSC03780-300x225.jpg 300w, https:\/\/anoticiaonline.com.br\/site\/wp-content\/uploads\/2017\/06\/DSC03780.jpg 640w\" sizes=\"(max-width: 300px) 100vw, 300px\" \/><\/a><a href=\"https:\/\/anoticiaonline.com.br\/site\/wp-content\/uploads\/2017\/06\/DSC03717.jpg\"><img decoding=\"async\" class=\"alignleft size-medium wp-image-34343\" src=\"https:\/\/anoticiaonline.com.br\/site\/wp-content\/uploads\/2017\/06\/DSC03717-300x225.jpg\" alt=\"\" width=\"300\" height=\"225\" srcset=\"https:\/\/anoticiaonline.com.br\/site\/wp-content\/uploads\/2017\/06\/DSC03717-300x225.jpg 300w, https:\/\/anoticiaonline.com.br\/site\/wp-content\/uploads\/2017\/06\/DSC03717.jpg 640w\" sizes=\"(max-width: 300px) 100vw, 300px\" \/><\/a> <a href=\"https:\/\/anoticiaonline.com.br\/site\/wp-content\/uploads\/2017\/06\/DSC03726.jpg\"><img decoding=\"async\" class=\"alignleft size-medium wp-image-34344\" src=\"https:\/\/anoticiaonline.com.br\/site\/wp-content\/uploads\/2017\/06\/DSC03726-300x225.jpg\" alt=\"\" width=\"300\" height=\"225\" srcset=\"https:\/\/anoticiaonline.com.br\/site\/wp-content\/uploads\/2017\/06\/DSC03726-300x225.jpg 300w, https:\/\/anoticiaonline.com.br\/site\/wp-content\/uploads\/2017\/06\/DSC03726.jpg 640w\" sizes=\"(max-width: 300px) 100vw, 300px\" \/><\/a> Pertencente ao grupo da mais antiga denomina\u00e7\u00e3o da Reforma Protestante presente no Brasil, a Igreja Presbiteriana de Muria\u00e9 completou 61 anos de hist\u00f3ria de prega\u00e7\u00e3o e evangeliza\u00e7\u00e3o da palavra de Deus. Para comemorar o jubileu, uma cerim\u00f4nia especial foi realizada com a presen\u00e7a de fi\u00e9is e pastores de outras cidades.<br \/>\nA celebra\u00e7\u00e3o de anivers\u00e1rio aconteceu na noite de s\u00e1bado (24), com um culto em a\u00e7\u00e3o de gra\u00e7as. \u201cEstou \u00e0 frente da Igreja Presbiteriana de Muria\u00e9 em um trabalho de revitaliza\u00e7\u00e3o, na proclama\u00e7\u00e3o da palavra, atrav\u00e9s das escrituras, de acordo com a pr\u00f3pria Reforma Protestante que aconteceu no s\u00e9culo XVI\u201d, conta o pastor Ant\u00f4nio C\u00e9sar Alves do Carmo, que est\u00e1 h\u00e1 um ano e seis meses em miss\u00e3o em Muria\u00e9.<br \/>\nA convite de Ant\u00f4nio C\u00e9sar, estiveram presentes Jo\u00e3o Roberto, pastor de jovens da Igreja Presbiteriana da Cidade Nova, em Itaperuna, e Luiz Fernando, da cidade de Divino, que j\u00e1 foi pastor da Igreja Presbiteriana de Muria\u00e9 por um longo per\u00edodo.<br \/>\nPara os que desejam conhecer e participar da Igreja Presbiteriana, os cultos e celebra\u00e7\u00f5es acontecem todos os domingos, \u00e0s 9h e 19h; o estudo b\u00edblico nas quartas-feiras, \u00e0s 19h30min; e o grande diferencial, tamb\u00e9m nas manh\u00e3s de domingo, \u00e0s 8h, o estudo da Confiss\u00e3o de F\u00e9 de Westminster, s\u00edmbolo de f\u00e9 das Igrejas Presbiterianas em todo o mundo, dispon\u00edvel para todas as pessoas interessadas da cidade.<\/p>\n<p>&nbsp;<\/p>\n","protected":false},"excerpt":{"rendered":"<p>Pertencente ao grupo da mais antiga denomina\u00e7\u00e3o da Reforma Protestante presente no Brasil, a Igreja Presbiteriana de Muria\u00e9 completou 61 anos de hist\u00f3ria de prega\u00e7\u00e3o e evangeliza\u00e7\u00e3o da palavra de Deus. Para comemorar o jubileu, uma cerim\u00f4nia especial foi realizada com a presen\u00e7a de fi\u00e9is e pastores de outras cidades. A celebra\u00e7\u00e3o de anivers\u00e1rio aconteceu &#8230; <a title=\"Igreja Presbiteriana de Muria\u00e9 comemora 61 anos\" class=\"read-more\" href=\"https:\/\/anoticiaonline.com.br\/site\/igreja-presbiteriana-de-muriae-comemora-61-anos\/\" aria-label=\"Read more about Igreja Presbiteriana de Muria\u00e9 comemora 61 anos\">Ler mais<\/a><\/p>\n","protected":false},"author":2,"featured_media":34345,"comment_status":"open","ping_status":"open","sticky":false,"template":"","format":"standard","meta":{"_acf_changed":false,"_monsterinsights_skip_tracking":false,"footnotes":""},"categories":[30],"tags":[366,543,545,546,74,544],"class_list":["post-34342","post","type-post","status-publish","format-standard","has-post-thumbnail","hentry","category-muriae","tag-aniversario","tag-igreja","tag-igreja-presbiteriana-de-muriae","tag-jubileu","tag-muriae","tag-reforma-protestante-presente-no-brasil"],"acf":[],"aioseo_notices":[],"aioseo_head":"\n\t\t<!-- All in One SEO 5.0.0.1 - aioseo.com -->\n\t<meta name=\"description\" content=\"Pertencente ao grupo da mais antiga denomina\u00e7\u00e3o da Reforma Protestante presente no Brasil, a Igreja Presbiteriana de Muria\u00e9 completou 61 anos de hist\u00f3ria de prega\u00e7\u00e3o e evangeliza\u00e7\u00e3o da palavra de Deus. Para comemorar o jubileu, uma cerim\u00f4nia especial foi realizada com a presen\u00e7a de fi\u00e9is e pastores de outras cidades. A celebra\u00e7\u00e3o de anivers\u00e1rio aconteceu\" \/>\n\t<meta name=\"robots\" content=\"max-image-preview:large\" \/>\n\t<meta name=\"author\" content=\"Juliana Laviola\"\/>\n\t<link rel=\"canonical\" href=\"https:\/\/anoticiaonline.com.br\/site\/igreja-presbiteriana-de-muriae-comemora-61-anos\/\" \/>\n\t<meta name=\"generator\" content=\"All in One SEO (AIOSEO) 5.0.0.1\" \/>\n\t\t<meta property=\"og:locale\" content=\"pt_BR\" \/>\n\t\t<meta property=\"og:site_name\" content=\"A Not\u00edcia Online - Noticias de Muria\u00e9 e regi\u00e3o\" \/>\n\t\t<meta property=\"og:type\" content=\"article\" \/>\n\t\t<meta property=\"og:title\" content=\"Igreja Presbiteriana de Muria\u00e9 comemora 61 anos - A Not\u00edcia Online\" \/>\n\t\t<meta property=\"og:description\" content=\"Pertencente ao grupo da mais antiga denomina\u00e7\u00e3o da Reforma Protestante presente no Brasil, a Igreja Presbiteriana de Muria\u00e9 completou 61 anos de hist\u00f3ria de prega\u00e7\u00e3o e evangeliza\u00e7\u00e3o da palavra de Deus. Para comemorar o jubileu, uma cerim\u00f4nia especial foi realizada com a presen\u00e7a de fi\u00e9is e pastores de outras cidades. A celebra\u00e7\u00e3o de anivers\u00e1rio aconteceu\" \/>\n\t\t<meta property=\"og:url\" content=\"https:\/\/anoticiaonline.com.br\/site\/igreja-presbiteriana-de-muriae-comemora-61-anos\/\" \/>\n\t\t<meta property=\"og:image\" content=\"https:\/\/scontent-gig4-1.xx.fbcdn.net\/v\/t39.30808-1\/270437624_4564083193639691_6907940295614233970_n.jpg?stp=dst-jpg_s200x200_tt6&#038;_nc_cat=111&#038;ccb=1-7&#038;_nc_sid=f907e8&#038;_nc_ohc=SM1wRlP3lJwQ7kNvwEPuBYA&#038;_nc_oc=AdnqrjDN_BNjSSHWO-GbkIWH6fkGMLw4bqvL_NH6e2wMveX7G-rP2dAqsDSq1mJMOaY&#038;_nc_zt=24&#038;_nc_ht=scontent-gig4-1.xx&#038;_nc_gid=AoBFJeGrT1hVaew_6rchkQ&#038;oh=00_AfX7QmFGhQhG2jAllVgXCiM1ZrWgvtp80-Bfppyexh1QEg&#038;oe=689E923C\" \/>\n\t\t<meta property=\"og:image:secure_url\" content=\"https:\/\/scontent-gig4-1.xx.fbcdn.net\/v\/t39.30808-1\/270437624_4564083193639691_6907940295614233970_n.jpg?stp=dst-jpg_s200x200_tt6&#038;_nc_cat=111&#038;ccb=1-7&#038;_nc_sid=f907e8&#038;_nc_ohc=SM1wRlP3lJwQ7kNvwEPuBYA&#038;_nc_oc=AdnqrjDN_BNjSSHWO-GbkIWH6fkGMLw4bqvL_NH6e2wMveX7G-rP2dAqsDSq1mJMOaY&#038;_nc_zt=24&#038;_nc_ht=scontent-gig4-1.xx&#038;_nc_gid=AoBFJeGrT1hVaew_6rchkQ&#038;oh=00_AfX7QmFGhQhG2jAllVgXCiM1ZrWgvtp80-Bfppyexh1QEg&#038;oe=689E923C\" \/>\n\t\t<meta property=\"article:published_time\" content=\"2017-06-30T18:57:49+00:00\" \/>\n\t\t<meta property=\"article:modified_time\" content=\"2017-06-29T02:18:33+00:00\" \/>\n\t\t<meta name=\"twitter:card\" content=\"summary_large_image\" \/>\n\t\t<meta name=\"twitter:title\" content=\"Igreja Presbiteriana de Muria\u00e9 comemora 61 anos - A Not\u00edcia Online\" \/>\n\t\t<meta name=\"twitter:description\" content=\"Pertencente ao grupo da mais antiga denomina\u00e7\u00e3o da Reforma Protestante presente no Brasil, a Igreja Presbiteriana de Muria\u00e9 completou 61 anos de hist\u00f3ria de prega\u00e7\u00e3o e evangeliza\u00e7\u00e3o da palavra de Deus. Para comemorar o jubileu, uma cerim\u00f4nia especial foi realizada com a presen\u00e7a de fi\u00e9is e pastores de outras cidades. A celebra\u00e7\u00e3o de anivers\u00e1rio aconteceu\" \/>\n\t\t<meta name=\"twitter:image\" content=\"https:\/\/scontent-gig4-1.xx.fbcdn.net\/v\/t39.30808-1\/270437624_4564083193639691_6907940295614233970_n.jpg?stp=dst-jpg_s200x200_tt6&amp;_nc_cat=111&amp;ccb=1-7&amp;_nc_sid=f907e8&amp;_nc_ohc=SM1wRlP3lJwQ7kNvwEPuBYA&amp;_nc_oc=AdnqrjDN_BNjSSHWO-GbkIWH6fkGMLw4bqvL_NH6e2wMveX7G-rP2dAqsDSq1mJMOaY&amp;_nc_zt=24&amp;_nc_ht=scontent-gig4-1.xx&amp;_nc_gid=AoBFJeGrT1hVaew_6rchkQ&amp;oh=00_AfX7QmFGhQhG2jAllVgXCiM1ZrWgvtp80-Bfppyexh1QEg&amp;oe=689E923C\" \/>\n\t\t<script type=\"application\/ld+json\" class=\"aioseo-schema\">\n\t\t\t{\"@context\":\"https:\\\/\\\/schema.org\",\"@graph\":[{\"@type\":\"BlogPosting\",\"@id\":\"https:\\\/\\\/anoticiaonline.com.br\\\/site\\\/igreja-presbiteriana-de-muriae-comemora-61-anos\\\/#blogposting\",\"name\":\"Igreja Presbiteriana de Muria\\u00e9 comemora 61 anos - A Not\\u00edcia Online\",\"headline\":\"Igreja Presbiteriana de Muria\\u00e9 comemora 61 anos\",\"author\":{\"@id\":\"https:\\\/\\\/anoticiaonline.com.br\\\/site\\\/author\\\/juliana\\\/#author\"},\"publisher\":{\"@id\":\"https:\\\/\\\/anoticiaonline.com.br\\\/site\\\/#organization\"},\"image\":{\"@type\":\"ImageObject\",\"url\":\"https:\\\/\\\/anoticiaonline.com.br\\\/site\\\/wp-content\\\/uploads\\\/2017\\\/06\\\/DSC03780.jpg\",\"width\":640,\"height\":480},\"datePublished\":\"2017-06-30T15:57:49-03:00\",\"dateModified\":\"2017-06-28T23:18:33-03:00\",\"inLanguage\":\"pt-BR\",\"mainEntityOfPage\":{\"@id\":\"https:\\\/\\\/anoticiaonline.com.br\\\/site\\\/igreja-presbiteriana-de-muriae-comemora-61-anos\\\/#webpage\"},\"isPartOf\":{\"@id\":\"https:\\\/\\\/anoticiaonline.com.br\\\/site\\\/igreja-presbiteriana-de-muriae-comemora-61-anos\\\/#webpage\"},\"articleSection\":\"Blog, anivers\\u00e1rio, igreja, Igreja Presbiteriana de Muria\\u00e9, jubileu, Muria\\u00e9, Reforma Protestante presente no Brasil\"},{\"@type\":\"BreadcrumbList\",\"@id\":\"https:\\\/\\\/anoticiaonline.com.br\\\/site\\\/igreja-presbiteriana-de-muriae-comemora-61-anos\\\/#breadcrumblist\",\"itemListElement\":[{\"@type\":\"ListItem\",\"@id\":\"https:\\\/\\\/anoticiaonline.com.br\\\/site#listItem\",\"position\":1,\"name\":\"Home\",\"item\":\"https:\\\/\\\/anoticiaonline.com.br\\\/site\",\"nextItem\":{\"@type\":\"ListItem\",\"@id\":\"https:\\\/\\\/anoticiaonline.com.br\\\/site\\\/categoria\\\/muriae\\\/#listItem\",\"name\":\"Blog\"}},{\"@type\":\"ListItem\",\"@id\":\"https:\\\/\\\/anoticiaonline.com.br\\\/site\\\/categoria\\\/muriae\\\/#listItem\",\"position\":2,\"name\":\"Blog\",\"item\":\"https:\\\/\\\/anoticiaonline.com.br\\\/site\\\/categoria\\\/muriae\\\/\",\"nextItem\":{\"@type\":\"ListItem\",\"@id\":\"https:\\\/\\\/anoticiaonline.com.br\\\/site\\\/igreja-presbiteriana-de-muriae-comemora-61-anos\\\/#listItem\",\"name\":\"Igreja Presbiteriana de Muria\\u00e9 comemora 61 anos\"},\"previousItem\":{\"@type\":\"ListItem\",\"@id\":\"https:\\\/\\\/anoticiaonline.com.br\\\/site#listItem\",\"name\":\"Home\"}},{\"@type\":\"ListItem\",\"@id\":\"https:\\\/\\\/anoticiaonline.com.br\\\/site\\\/igreja-presbiteriana-de-muriae-comemora-61-anos\\\/#listItem\",\"position\":3,\"name\":\"Igreja Presbiteriana de Muria\\u00e9 comemora 61 anos\",\"previousItem\":{\"@type\":\"ListItem\",\"@id\":\"https:\\\/\\\/anoticiaonline.com.br\\\/site\\\/categoria\\\/muriae\\\/#listItem\",\"name\":\"Blog\"}}]},{\"@type\":\"Organization\",\"@id\":\"https:\\\/\\\/anoticiaonline.com.br\\\/site\\\/#organization\",\"name\":\"A Not\\u00edcia Online\",\"description\":\"Noticias de Muria\\u00e9 e regi\\u00e3o\",\"url\":\"https:\\\/\\\/anoticiaonline.com.br\\\/site\\\/\",\"logo\":{\"@type\":\"ImageObject\",\"url\":\"https:\\\/\\\/scontent-gig4-1.xx.fbcdn.net\\\/v\\\/t39.30808-1\\\/270437624_4564083193639691_6907940295614233970_n.jpg?stp=dst-jpg_s200x200_tt6&_nc_cat=111&ccb=1-7&_nc_sid=f907e8&_nc_ohc=SM1wRlP3lJwQ7kNvwEPuBYA&_nc_oc=AdnqrjDN_BNjSSHWO-GbkIWH6fkGMLw4bqvL_NH6e2wMveX7G-rP2dAqsDSq1mJMOaY&_nc_zt=24&_nc_ht=scontent-gig4-1.xx&_nc_gid=AoBFJeGrT1hVaew_6rchkQ&oh=00_AfX7QmFGhQhG2jAllVgXCiM1ZrWgvtp80-Bfppyexh1QEg&oe=689E923C\",\"@id\":\"https:\\\/\\\/anoticiaonline.com.br\\\/site\\\/igreja-presbiteriana-de-muriae-comemora-61-anos\\\/#organizationLogo\"},\"image\":{\"@id\":\"https:\\\/\\\/anoticiaonline.com.br\\\/site\\\/igreja-presbiteriana-de-muriae-comemora-61-anos\\\/#organizationLogo\"}},{\"@type\":\"Person\",\"@id\":\"https:\\\/\\\/anoticiaonline.com.br\\\/site\\\/author\\\/juliana\\\/#author\",\"url\":\"https:\\\/\\\/anoticiaonline.com.br\\\/site\\\/author\\\/juliana\\\/\",\"name\":\"Juliana Laviola\",\"image\":{\"@type\":\"ImageObject\",\"@id\":\"https:\\\/\\\/anoticiaonline.com.br\\\/site\\\/igreja-presbiteriana-de-muriae-comemora-61-anos\\\/#authorImage\",\"url\":\"https:\\\/\\\/secure.gravatar.com\\\/avatar\\\/b8d45f5c699b100dfaf0e543582f38f38bf94cb7ae3a5e9abf8d891a34773335?s=96&d=mm&r=g\",\"width\":96,\"height\":96,\"caption\":\"Juliana Laviola\"}},{\"@type\":\"WebPage\",\"@id\":\"https:\\\/\\\/anoticiaonline.com.br\\\/site\\\/igreja-presbiteriana-de-muriae-comemora-61-anos\\\/#webpage\",\"url\":\"https:\\\/\\\/anoticiaonline.com.br\\\/site\\\/igreja-presbiteriana-de-muriae-comemora-61-anos\\\/\",\"name\":\"Igreja Presbiteriana de Muria\\u00e9 comemora 61 anos - A Not\\u00edcia Online\",\"description\":\"Pertencente ao grupo da mais antiga denomina\\u00e7\\u00e3o da Reforma Protestante presente no Brasil, a Igreja Presbiteriana de Muria\\u00e9 completou 61 anos de hist\\u00f3ria de prega\\u00e7\\u00e3o e evangeliza\\u00e7\\u00e3o da palavra de Deus. Para comemorar o jubileu, uma cerim\\u00f4nia especial foi realizada com a presen\\u00e7a de fi\\u00e9is e pastores de outras cidades. A celebra\\u00e7\\u00e3o de anivers\\u00e1rio aconteceu\",\"inLanguage\":\"pt-BR\",\"isPartOf\":{\"@id\":\"https:\\\/\\\/anoticiaonline.com.br\\\/site\\\/#website\"},\"breadcrumb\":{\"@id\":\"https:\\\/\\\/anoticiaonline.com.br\\\/site\\\/igreja-presbiteriana-de-muriae-comemora-61-anos\\\/#breadcrumblist\"},\"author\":{\"@id\":\"https:\\\/\\\/anoticiaonline.com.br\\\/site\\\/author\\\/juliana\\\/#author\"},\"creator\":{\"@id\":\"https:\\\/\\\/anoticiaonline.com.br\\\/site\\\/author\\\/juliana\\\/#author\"},\"image\":{\"@type\":\"ImageObject\",\"url\":\"https:\\\/\\\/anoticiaonline.com.br\\\/site\\\/wp-content\\\/uploads\\\/2017\\\/06\\\/DSC03780.jpg\",\"@id\":\"https:\\\/\\\/anoticiaonline.com.br\\\/site\\\/igreja-presbiteriana-de-muriae-comemora-61-anos\\\/#mainImage\",\"width\":640,\"height\":480},\"primaryImageOfPage\":{\"@id\":\"https:\\\/\\\/anoticiaonline.com.br\\\/site\\\/igreja-presbiteriana-de-muriae-comemora-61-anos\\\/#mainImage\"},\"datePublished\":\"2017-06-30T15:57:49-03:00\",\"dateModified\":\"2017-06-28T23:18:33-03:00\"},{\"@type\":\"WebSite\",\"@id\":\"https:\\\/\\\/anoticiaonline.com.br\\\/site\\\/#website\",\"url\":\"https:\\\/\\\/anoticiaonline.com.br\\\/site\\\/\",\"name\":\"A Not\\u00edcia Online\",\"description\":\"Noticias de Muria\\u00e9 e regi\\u00e3o\",\"inLanguage\":\"pt-BR\",\"publisher\":{\"@id\":\"https:\\\/\\\/anoticiaonline.com.br\\\/site\\\/#organization\"}}]}\n\t\t<\/script>\n\t\t<!-- All in One SEO -->\n\n","aioseo_head_json":{"title":"Igreja Presbiteriana de Muria\u00e9 comemora 61 anos - A Not\u00edcia Online","description":"Pertencente ao grupo da mais antiga denomina\u00e7\u00e3o da Reforma Protestante presente no Brasil, a Igreja Presbiteriana de Muria\u00e9 completou 61 anos de hist\u00f3ria de prega\u00e7\u00e3o e evangeliza\u00e7\u00e3o da palavra de Deus. Para comemorar o jubileu, uma cerim\u00f4nia especial foi realizada com a presen\u00e7a de fi\u00e9is e pastores de outras cidades. A celebra\u00e7\u00e3o de anivers\u00e1rio aconteceu","canonical_url":"https:\/\/anoticiaonline.com.br\/site\/igreja-presbiteriana-de-muriae-comemora-61-anos\/","robots":"max-image-preview:large","keywords":"","webmasterTools":{"miscellaneous":""},"schema":{"@context":"https:\/\/schema.org","@graph":[{"@type":"BlogPosting","@id":"https:\/\/anoticiaonline.com.br\/site\/igreja-presbiteriana-de-muriae-comemora-61-anos\/#blogposting","name":"Igreja Presbiteriana de Muria\u00e9 comemora 61 anos - A Not\u00edcia Online","headline":"Igreja Presbiteriana de Muria\u00e9 comemora 61 anos","author":{"@id":"https:\/\/anoticiaonline.com.br\/site\/author\/juliana\/#author"},"publisher":{"@id":"https:\/\/anoticiaonline.com.br\/site\/#organization"},"image":{"@type":"ImageObject","url":"https:\/\/anoticiaonline.com.br\/site\/wp-content\/uploads\/2017\/06\/DSC03780.jpg","width":640,"height":480},"datePublished":"2017-06-30T15:57:49-03:00","dateModified":"2017-06-28T23:18:33-03:00","inLanguage":"pt-BR","mainEntityOfPage":{"@id":"https:\/\/anoticiaonline.com.br\/site\/igreja-presbiteriana-de-muriae-comemora-61-anos\/#webpage"},"isPartOf":{"@id":"https:\/\/anoticiaonline.com.br\/site\/igreja-presbiteriana-de-muriae-comemora-61-anos\/#webpage"},"articleSection":"Blog, anivers\u00e1rio, igreja, Igreja Presbiteriana de Muria\u00e9, jubileu, Muria\u00e9, Reforma Protestante presente no Brasil"},{"@type":"BreadcrumbList","@id":"https:\/\/anoticiaonline.com.br\/site\/igreja-presbiteriana-de-muriae-comemora-61-anos\/#breadcrumblist","itemListElement":[{"@type":"ListItem","@id":"https:\/\/anoticiaonline.com.br\/site#listItem","position":1,"name":"Home","item":"https:\/\/anoticiaonline.com.br\/site","nextItem":{"@type":"ListItem","@id":"https:\/\/anoticiaonline.com.br\/site\/categoria\/muriae\/#listItem","name":"Blog"}},{"@type":"ListItem","@id":"https:\/\/anoticiaonline.com.br\/site\/categoria\/muriae\/#listItem","position":2,"name":"Blog","item":"https:\/\/anoticiaonline.com.br\/site\/categoria\/muriae\/","nextItem":{"@type":"ListItem","@id":"https:\/\/anoticiaonline.com.br\/site\/igreja-presbiteriana-de-muriae-comemora-61-anos\/#listItem","name":"Igreja Presbiteriana de Muria\u00e9 comemora 61 anos"},"previousItem":{"@type":"ListItem","@id":"https:\/\/anoticiaonline.com.br\/site#listItem","name":"Home"}},{"@type":"ListItem","@id":"https:\/\/anoticiaonline.com.br\/site\/igreja-presbiteriana-de-muriae-comemora-61-anos\/#listItem","position":3,"name":"Igreja Presbiteriana de Muria\u00e9 comemora 61 anos","previousItem":{"@type":"ListItem","@id":"https:\/\/anoticiaonline.com.br\/site\/categoria\/muriae\/#listItem","name":"Blog"}}]},{"@type":"Organization","@id":"https:\/\/anoticiaonline.com.br\/site\/#organization","name":"A Not\u00edcia Online","description":"Noticias de Muria\u00e9 e regi\u00e3o","url":"https:\/\/anoticiaonline.com.br\/site\/","logo":{"@type":"ImageObject","url":"https:\/\/scontent-gig4-1.xx.fbcdn.net\/v\/t39.30808-1\/270437624_4564083193639691_6907940295614233970_n.jpg?stp=dst-jpg_s200x200_tt6&_nc_cat=111&ccb=1-7&_nc_sid=f907e8&_nc_ohc=SM1wRlP3lJwQ7kNvwEPuBYA&_nc_oc=AdnqrjDN_BNjSSHWO-GbkIWH6fkGMLw4bqvL_NH6e2wMveX7G-rP2dAqsDSq1mJMOaY&_nc_zt=24&_nc_ht=scontent-gig4-1.xx&_nc_gid=AoBFJeGrT1hVaew_6rchkQ&oh=00_AfX7QmFGhQhG2jAllVgXCiM1ZrWgvtp80-Bfppyexh1QEg&oe=689E923C","@id":"https:\/\/anoticiaonline.com.br\/site\/igreja-presbiteriana-de-muriae-comemora-61-anos\/#organizationLogo"},"image":{"@id":"https:\/\/anoticiaonline.com.br\/site\/igreja-presbiteriana-de-muriae-comemora-61-anos\/#organizationLogo"}},{"@type":"Person","@id":"https:\/\/anoticiaonline.com.br\/site\/author\/juliana\/#author","url":"https:\/\/anoticiaonline.com.br\/site\/author\/juliana\/","name":"Juliana Laviola","image":{"@type":"ImageObject","@id":"https:\/\/anoticiaonline.com.br\/site\/igreja-presbiteriana-de-muriae-comemora-61-anos\/#authorImage","url":"https:\/\/secure.gravatar.com\/avatar\/b8d45f5c699b100dfaf0e543582f38f38bf94cb7ae3a5e9abf8d891a34773335?s=96&d=mm&r=g","width":96,"height":96,"caption":"Juliana Laviola"}},{"@type":"WebPage","@id":"https:\/\/anoticiaonline.com.br\/site\/igreja-presbiteriana-de-muriae-comemora-61-anos\/#webpage","url":"https:\/\/anoticiaonline.com.br\/site\/igreja-presbiteriana-de-muriae-comemora-61-anos\/","name":"Igreja Presbiteriana de Muria\u00e9 comemora 61 anos - A Not\u00edcia Online","description":"Pertencente ao grupo da mais antiga denomina\u00e7\u00e3o da Reforma Protestante presente no Brasil, a Igreja Presbiteriana de Muria\u00e9 completou 61 anos de hist\u00f3ria de prega\u00e7\u00e3o e evangeliza\u00e7\u00e3o da palavra de Deus. Para comemorar o jubileu, uma cerim\u00f4nia especial foi realizada com a presen\u00e7a de fi\u00e9is e pastores de outras cidades. A celebra\u00e7\u00e3o de anivers\u00e1rio aconteceu","inLanguage":"pt-BR","isPartOf":{"@id":"https:\/\/anoticiaonline.com.br\/site\/#website"},"breadcrumb":{"@id":"https:\/\/anoticiaonline.com.br\/site\/igreja-presbiteriana-de-muriae-comemora-61-anos\/#breadcrumblist"},"author":{"@id":"https:\/\/anoticiaonline.com.br\/site\/author\/juliana\/#author"},"creator":{"@id":"https:\/\/anoticiaonline.com.br\/site\/author\/juliana\/#author"},"image":{"@type":"ImageObject","url":"https:\/\/anoticiaonline.com.br\/site\/wp-content\/uploads\/2017\/06\/DSC03780.jpg","@id":"https:\/\/anoticiaonline.com.br\/site\/igreja-presbiteriana-de-muriae-comemora-61-anos\/#mainImage","width":640,"height":480},"primaryImageOfPage":{"@id":"https:\/\/anoticiaonline.com.br\/site\/igreja-presbiteriana-de-muriae-comemora-61-anos\/#mainImage"},"datePublished":"2017-06-30T15:57:49-03:00","dateModified":"2017-06-28T23:18:33-03:00"},{"@type":"WebSite","@id":"https:\/\/anoticiaonline.com.br\/site\/#website","url":"https:\/\/anoticiaonline.com.br\/site\/","name":"A Not\u00edcia Online","description":"Noticias de Muria\u00e9 e regi\u00e3o","inLanguage":"pt-BR","publisher":{"@id":"https:\/\/anoticiaonline.com.br\/site\/#organization"}}]},"og:locale":"pt_BR","og:site_name":"A Not\u00edcia Online - Noticias de Muria\u00e9 e regi\u00e3o","og:type":"article","og:title":"Igreja Presbiteriana de Muria\u00e9 comemora 61 anos - A Not\u00edcia Online","og:description":"Pertencente ao grupo da mais antiga denomina\u00e7\u00e3o da Reforma Protestante presente no Brasil, a Igreja Presbiteriana de Muria\u00e9 completou 61 anos de hist\u00f3ria de prega\u00e7\u00e3o e evangeliza\u00e7\u00e3o da palavra de Deus. Para comemorar o jubileu, uma cerim\u00f4nia especial foi realizada com a presen\u00e7a de fi\u00e9is e pastores de outras cidades. A celebra\u00e7\u00e3o de anivers\u00e1rio aconteceu","og:url":"https:\/\/anoticiaonline.com.br\/site\/igreja-presbiteriana-de-muriae-comemora-61-anos\/","og:image":"https:\/\/scontent-gig4-1.xx.fbcdn.net\/v\/t39.30808-1\/270437624_4564083193639691_6907940295614233970_n.jpg?stp=dst-jpg_s200x200_tt6&#038;_nc_cat=111&#038;ccb=1-7&#038;_nc_sid=f907e8&#038;_nc_ohc=SM1wRlP3lJwQ7kNvwEPuBYA&#038;_nc_oc=AdnqrjDN_BNjSSHWO-GbkIWH6fkGMLw4bqvL_NH6e2wMveX7G-rP2dAqsDSq1mJMOaY&#038;_nc_zt=24&#038;_nc_ht=scontent-gig4-1.xx&#038;_nc_gid=AoBFJeGrT1hVaew_6rchkQ&#038;oh=00_AfX7QmFGhQhG2jAllVgXCiM1ZrWgvtp80-Bfppyexh1QEg&#038;oe=689E923C","og:image:secure_url":"https:\/\/scontent-gig4-1.xx.fbcdn.net\/v\/t39.30808-1\/270437624_4564083193639691_6907940295614233970_n.jpg?stp=dst-jpg_s200x200_tt6&#038;_nc_cat=111&#038;ccb=1-7&#038;_nc_sid=f907e8&#038;_nc_ohc=SM1wRlP3lJwQ7kNvwEPuBYA&#038;_nc_oc=AdnqrjDN_BNjSSHWO-GbkIWH6fkGMLw4bqvL_NH6e2wMveX7G-rP2dAqsDSq1mJMOaY&#038;_nc_zt=24&#038;_nc_ht=scontent-gig4-1.xx&#038;_nc_gid=AoBFJeGrT1hVaew_6rchkQ&#038;oh=00_AfX7QmFGhQhG2jAllVgXCiM1ZrWgvtp80-Bfppyexh1QEg&#038;oe=689E923C","article:published_time":"2017-06-30T18:57:49+00:00","article:modified_time":"2017-06-29T02:18:33+00:00","twitter:card":"summary_large_image","twitter:title":"Igreja Presbiteriana de Muria\u00e9 comemora 61 anos - A Not\u00edcia Online","twitter:description":"Pertencente ao grupo da mais antiga denomina\u00e7\u00e3o da Reforma Protestante presente no Brasil, a Igreja Presbiteriana de Muria\u00e9 completou 61 anos de hist\u00f3ria de prega\u00e7\u00e3o e evangeliza\u00e7\u00e3o da palavra de Deus. Para comemorar o jubileu, uma cerim\u00f4nia especial foi realizada com a presen\u00e7a de fi\u00e9is e pastores de outras cidades. A celebra\u00e7\u00e3o de anivers\u00e1rio aconteceu","twitter:image":"https:\/\/scontent-gig4-1.xx.fbcdn.net\/v\/t39.30808-1\/270437624_4564083193639691_6907940295614233970_n.jpg?stp=dst-jpg_s200x200_tt6&_nc_cat=111&ccb=1-7&_nc_sid=f907e8&_nc_ohc=SM1wRlP3lJwQ7kNvwEPuBYA&_nc_oc=AdnqrjDN_BNjSSHWO-GbkIWH6fkGMLw4bqvL_NH6e2wMveX7G-rP2dAqsDSq1mJMOaY&_nc_zt=24&_nc_ht=scontent-gig4-1.xx&_nc_gid=AoBFJeGrT1hVaew_6rchkQ&oh=00_AfX7QmFGhQhG2jAllVgXCiM1ZrWgvtp80-Bfppyexh1QEg&oe=689E923C"},"aioseo_meta_data":{"post_id":"34342","title":null,"description":null,"keywords":null,"keyphrases":null,"primary_term":null,"canonical_url":null,"og_title":null,"og_description":null,"og_object_type":"default","og_image_type":"default","og_image_url":null,"og_image_width":null,"og_image_height":null,"og_image_custom_url":null,"og_image_custom_fields":null,"og_video":null,"og_custom_url":null,"og_article_section":null,"og_article_tags":null,"twitter_use_og":false,"twitter_card":"default","twitter_image_type":"default","twitter_image_url":null,"twitter_image_custom_url":null,"twitter_image_custom_fields":null,"twitter_title":null,"twitter_description":null,"schema":{"blockGraphs":[],"customGraphs":[],"default":{"data":{"Article":[],"Course":[],"Dataset":[],"FAQPage":[],"Movie":[],"Person":[],"Product":[],"ProductReview":[],"Car":[],"Recipe":[],"Service":[],"SoftwareApplication":[],"WebPage":[]},"graphName":"","isEnabled":true},"graphs":[]},"schema_type":"default","schema_type_options":null,"pillar_content":false,"robots_default":true,"robots_noindex":false,"robots_noarchive":false,"robots_nosnippet":false,"robots_nofollow":false,"robots_noimageindex":false,"robots_noodp":false,"robots_notranslate":false,"robots_max_snippet":null,"robots_max_videopreview":null,"robots_max_imagepreview":"large","priority":null,"frequency":null,"local_seo":null,"breadcrumb_settings":null,"limit_modified_date":false,"ai":null,"created":"2025-08-16 18:50:35","updated":"2025-08-16 18:50:35","focus_keyword":null,"additional_keywords":null,"truseo_locale":null,"seo_analyzer_scan_date":null},"aioseo_breadcrumb":"<div class=\"aioseo-breadcrumbs\"><span class=\"aioseo-breadcrumb\">\n\t\t\t<a href=\"https:\/\/anoticiaonline.com.br\/site\" title=\"Home\">Home<\/a>\n\t\t<\/span><span class=\"aioseo-breadcrumb-separator\">&raquo;<\/span><span class=\"aioseo-breadcrumb\">\n\t\t\t<a href=\"https:\/\/anoticiaonline.com.br\/site\/categoria\/muriae\/\" title=\"Blog\">Blog<\/a>\n\t\t<\/span><span class=\"aioseo-breadcrumb-separator\">&raquo;<\/span><span class=\"aioseo-breadcrumb\">\n\t\t\tIgreja Presbiteriana de Muria\u00e9 comemora 61 anos\n\t\t<\/span><\/div>","aioseo_breadcrumb_json":[{"label":"Home","link":"https:\/\/anoticiaonline.com.br\/site"},{"label":"Blog","link":"https:\/\/anoticiaonline.com.br\/site\/categoria\/muriae\/"},{"label":"Igreja Presbiteriana de Muria\u00e9 comemora 61 anos","link":"https:\/\/anoticiaonline.com.br\/site\/igreja-presbiteriana-de-muriae-comemora-61-anos\/"}],"views":179,"_links":{"self":[{"href":"https:\/\/anoticiaonline.com.br\/site\/wp-json\/wp\/v2\/posts\/34342","targetHints":{"allow":["GET"]}}],"collection":[{"href":"https:\/\/anoticiaonline.com.br\/site\/wp-json\/wp\/v2\/posts"}],"about":[{"href":"https:\/\/anoticiaonline.com.br\/site\/wp-json\/wp\/v2\/types\/post"}],"author":[{"embeddable":true,"href":"https:\/\/anoticiaonline.com.br\/site\/wp-json\/wp\/v2\/users\/2"}],"replies":[{"embeddable":true,"href":"https:\/\/anoticiaonline.com.br\/site\/wp-json\/wp\/v2\/comments?post=34342"}],"version-history":[{"count":0,"href":"https:\/\/anoticiaonline.com.br\/site\/wp-json\/wp\/v2\/posts\/34342\/revisions"}],"wp:featuredmedia":[{"embeddable":true,"href":"https:\/\/anoticiaonline.com.br\/site\/wp-json\/wp\/v2\/media\/34345"}],"wp:attachment":[{"href":"https:\/\/anoticiaonline.com.br\/site\/wp-json\/wp\/v2\/media?parent=34342"}],"wp:term":[{"taxonomy":"category","embeddable":true,"href":"https:\/\/anoticiaonline.com.br\/site\/wp-json\/wp\/v2\/categories?post=34342"},{"taxonomy":"post_tag","embeddable":true,"href":"https:\/\/anoticiaonline.com.br\/site\/wp-json\/wp\/v2\/tags?post=34342"}],"curies":[{"name":"wp","href":"https:\/\/api.w.org\/{rel}","templated":true}]}}