{"id":34185,"date":"2017-06-28T21:27:25","date_gmt":"2017-06-29T00:27:25","guid":{"rendered":"http:\/\/anoticiaonline.com.br\/site\/?p=34185"},"modified":"2017-06-28T21:27:25","modified_gmt":"2017-06-29T00:27:25","slug":"1a-feira-de-negocios-de-muriae-fomenta-o-comercio-local","status":"publish","type":"post","link":"https:\/\/anoticiaonline.com.br\/site\/1a-feira-de-negocios-de-muriae-fomenta-o-comercio-local\/","title":{"rendered":"1\u00aa Feira de Neg\u00f3cios de Muria\u00e9 fomenta o com\u00e9rcio local"},"content":{"rendered":"<p><em>Evento reuniu mais de 20 expositores de diversos segmentos<\/em><\/p>\n<p><a href=\"https:\/\/anoticiaonline.com.br\/site\/wp-content\/uploads\/2017\/06\/DSC_0266.jpg\"><img fetchpriority=\"high\" decoding=\"async\" class=\"alignleft size-medium wp-image-34186\" src=\"https:\/\/anoticiaonline.com.br\/site\/wp-content\/uploads\/2017\/06\/DSC_0266-300x199.jpg\" alt=\"\" width=\"300\" height=\"199\" srcset=\"https:\/\/anoticiaonline.com.br\/site\/wp-content\/uploads\/2017\/06\/DSC_0266-300x199.jpg 300w, https:\/\/anoticiaonline.com.br\/site\/wp-content\/uploads\/2017\/06\/DSC_0266.jpg 640w\" sizes=\"(max-width: 300px) 100vw, 300px\" \/><\/a>Fomentar o com\u00e9rcio local e proporcionar a empres\u00e1rios da cidade a oportunidade de se aproximar de potenciais consumidores. Estes foram os objetivos da 1\u00aa Feira de Neg\u00f3cios e Desenvolvimento Empresarial de Muria\u00e9.<br \/>\nRealizada na sexta-feira e s\u00e1bado (23 e 24), na Pra\u00e7a Jo\u00e3o Pinheiro, Centro, o evento \u00e9 uma realiza\u00e7\u00e3o da C\u00e2mara de Dirigentes Lojistas (CDL) de Muria\u00e9, com patroc\u00ednio da Companhia de Desenvolvimento Econ\u00f4mico de Minas Gerais (Codemig).<br \/>\nA feira contou com 22 expositores muriaeenses, de diversos segmentos, que puderam apresentar seus produtos e servi\u00e7os, al\u00e9m de espa\u00e7o para palestrasgratuitas.A programa\u00e7\u00e3o incluiu tamb\u00e9m momentos culturais, com m\u00fasica ao vivo.<br \/>\nO presidente da CDL, Leandro Latini, conta que a ideia de realizar a feira surgiu de um associado, que havia participado de um evento com o mesmo formato em outra cidade. \u201cO intuito deste evento \u00e9 movimentar o com\u00e9rcio de Muria\u00e9, gerar neg\u00f3cios e oportunizar que as empresas da nossa cidade mostrem seus produtos e servi\u00e7os\u201d, conta. \u201cEsperamos que esta feira seja a primeira de muitas outras. Quem sabe este evento sejarealizadoem um espa\u00e7o maior e com mais expositores, e at\u00e9 se torne uma grande feira em nossa cidade\u201d, completa.<br \/>\nO diretor de Produtos e Servi\u00e7os da CDL, Gustavo Ferreira de Oliveira, ressalta que a iniciativa procurou levar aos muriaeenses e visitantes o potencial do com\u00e9rcio do munic\u00edpio. \u201cO evento surgiu com o objetivo de desenvolver os neg\u00f3cios, n\u00e3o s\u00f3 no momento da feira, mas neg\u00f3cios futuros\u201d, frisa.<\/p>\n<p><img decoding=\"async\" class=\"ngg_displayed_gallery mceItem\" src=\"https:\/\/anoticiaonline.com.br\/site\/nextgen-attach_to_post\/preview\/id--34253\" \/><\/p>\n<p>&nbsp;<\/p>\n<p>&nbsp;<\/p>\n","protected":false},"excerpt":{"rendered":"<p>Evento reuniu mais de 20 expositores de diversos segmentos Fomentar o com\u00e9rcio local e proporcionar a empres\u00e1rios da cidade a oportunidade de se aproximar de potenciais consumidores. Estes foram os objetivos da 1\u00aa Feira de Neg\u00f3cios e Desenvolvimento Empresarial de Muria\u00e9. Realizada na sexta-feira e s\u00e1bado (23 e 24), na Pra\u00e7a Jo\u00e3o Pinheiro, Centro, o &#8230; <a title=\"1\u00aa Feira de Neg\u00f3cios de Muria\u00e9 fomenta o com\u00e9rcio local\" class=\"read-more\" href=\"https:\/\/anoticiaonline.com.br\/site\/1a-feira-de-negocios-de-muriae-fomenta-o-comercio-local\/\" aria-label=\"Read more about 1\u00aa Feira de Neg\u00f3cios de Muria\u00e9 fomenta o com\u00e9rcio local\">Ler mais<\/a><\/p>\n","protected":false},"author":2,"featured_media":34187,"comment_status":"open","ping_status":"open","sticky":false,"template":"","format":"standard","meta":{"_acf_changed":false,"_monsterinsights_skip_tracking":false,"footnotes":""},"categories":[30],"tags":[532,121,530,531,74,533,3],"class_list":["post-34185","post","type-post","status-publish","format-standard","has-post-thumbnail","hentry","category-muriae","tag-camara-de-dirigentes-lojistas","tag-cdl","tag-feira-de-negocios","tag-leandro-latini","tag-muriae","tag-praca-joao-pinheiro","tag-slide"],"acf":[],"aioseo_notices":[],"aioseo_head":"\n\t\t<!-- All in One SEO 5.0.0.1 - aioseo.com -->\n\t<meta name=\"description\" content=\"Evento reuniu mais de 20 expositores de diversos segmentos Fomentar o com\u00e9rcio local e proporcionar a empres\u00e1rios da cidade a oportunidade de se aproximar de potenciais consumidores. Estes foram os objetivos da 1\u00aa Feira de Neg\u00f3cios e Desenvolvimento Empresarial de Muria\u00e9. Realizada na sexta-feira e s\u00e1bado (23 e 24), na Pra\u00e7a Jo\u00e3o Pinheiro, Centro, o\" \/>\n\t<meta name=\"robots\" content=\"max-image-preview:large\" \/>\n\t<meta name=\"author\" content=\"Juliana Laviola\"\/>\n\t<link rel=\"canonical\" href=\"https:\/\/anoticiaonline.com.br\/site\/1a-feira-de-negocios-de-muriae-fomenta-o-comercio-local\/\" \/>\n\t<meta name=\"generator\" content=\"All in One SEO (AIOSEO) 5.0.0.1\" \/>\n\t\t<meta property=\"og:locale\" content=\"pt_BR\" \/>\n\t\t<meta property=\"og:site_name\" content=\"A Not\u00edcia Online - Noticias de Muria\u00e9 e regi\u00e3o\" \/>\n\t\t<meta property=\"og:type\" content=\"article\" \/>\n\t\t<meta property=\"og:title\" content=\"1\u00aa Feira de Neg\u00f3cios de Muria\u00e9 fomenta o com\u00e9rcio local - A Not\u00edcia Online\" \/>\n\t\t<meta property=\"og:description\" content=\"Evento reuniu mais de 20 expositores de diversos segmentos Fomentar o com\u00e9rcio local e proporcionar a empres\u00e1rios da cidade a oportunidade de se aproximar de potenciais consumidores. Estes foram os objetivos da 1\u00aa Feira de Neg\u00f3cios e Desenvolvimento Empresarial de Muria\u00e9. Realizada na sexta-feira e s\u00e1bado (23 e 24), na Pra\u00e7a Jo\u00e3o Pinheiro, Centro, o\" \/>\n\t\t<meta property=\"og:url\" content=\"https:\/\/anoticiaonline.com.br\/site\/1a-feira-de-negocios-de-muriae-fomenta-o-comercio-local\/\" \/>\n\t\t<meta property=\"og:image\" content=\"https:\/\/scontent-gig4-1.xx.fbcdn.net\/v\/t39.30808-1\/270437624_4564083193639691_6907940295614233970_n.jpg?stp=dst-jpg_s200x200_tt6&#038;_nc_cat=111&#038;ccb=1-7&#038;_nc_sid=f907e8&#038;_nc_ohc=SM1wRlP3lJwQ7kNvwEPuBYA&#038;_nc_oc=AdnqrjDN_BNjSSHWO-GbkIWH6fkGMLw4bqvL_NH6e2wMveX7G-rP2dAqsDSq1mJMOaY&#038;_nc_zt=24&#038;_nc_ht=scontent-gig4-1.xx&#038;_nc_gid=AoBFJeGrT1hVaew_6rchkQ&#038;oh=00_AfX7QmFGhQhG2jAllVgXCiM1ZrWgvtp80-Bfppyexh1QEg&#038;oe=689E923C\" \/>\n\t\t<meta property=\"og:image:secure_url\" content=\"https:\/\/scontent-gig4-1.xx.fbcdn.net\/v\/t39.30808-1\/270437624_4564083193639691_6907940295614233970_n.jpg?stp=dst-jpg_s200x200_tt6&#038;_nc_cat=111&#038;ccb=1-7&#038;_nc_sid=f907e8&#038;_nc_ohc=SM1wRlP3lJwQ7kNvwEPuBYA&#038;_nc_oc=AdnqrjDN_BNjSSHWO-GbkIWH6fkGMLw4bqvL_NH6e2wMveX7G-rP2dAqsDSq1mJMOaY&#038;_nc_zt=24&#038;_nc_ht=scontent-gig4-1.xx&#038;_nc_gid=AoBFJeGrT1hVaew_6rchkQ&#038;oh=00_AfX7QmFGhQhG2jAllVgXCiM1ZrWgvtp80-Bfppyexh1QEg&#038;oe=689E923C\" \/>\n\t\t<meta property=\"article:published_time\" content=\"2017-06-29T00:27:25+00:00\" \/>\n\t\t<meta property=\"article:modified_time\" content=\"2017-06-29T00:27:25+00:00\" \/>\n\t\t<meta name=\"twitter:card\" content=\"summary_large_image\" \/>\n\t\t<meta name=\"twitter:title\" content=\"1\u00aa Feira de Neg\u00f3cios de Muria\u00e9 fomenta o com\u00e9rcio local - A Not\u00edcia Online\" \/>\n\t\t<meta name=\"twitter:description\" content=\"Evento reuniu mais de 20 expositores de diversos segmentos Fomentar o com\u00e9rcio local e proporcionar a empres\u00e1rios da cidade a oportunidade de se aproximar de potenciais consumidores. Estes foram os objetivos da 1\u00aa Feira de Neg\u00f3cios e Desenvolvimento Empresarial de Muria\u00e9. Realizada na sexta-feira e s\u00e1bado (23 e 24), na Pra\u00e7a Jo\u00e3o Pinheiro, Centro, o\" \/>\n\t\t<meta name=\"twitter:image\" content=\"https:\/\/scontent-gig4-1.xx.fbcdn.net\/v\/t39.30808-1\/270437624_4564083193639691_6907940295614233970_n.jpg?stp=dst-jpg_s200x200_tt6&amp;_nc_cat=111&amp;ccb=1-7&amp;_nc_sid=f907e8&amp;_nc_ohc=SM1wRlP3lJwQ7kNvwEPuBYA&amp;_nc_oc=AdnqrjDN_BNjSSHWO-GbkIWH6fkGMLw4bqvL_NH6e2wMveX7G-rP2dAqsDSq1mJMOaY&amp;_nc_zt=24&amp;_nc_ht=scontent-gig4-1.xx&amp;_nc_gid=AoBFJeGrT1hVaew_6rchkQ&amp;oh=00_AfX7QmFGhQhG2jAllVgXCiM1ZrWgvtp80-Bfppyexh1QEg&amp;oe=689E923C\" \/>\n\t\t<script type=\"application\/ld+json\" class=\"aioseo-schema\">\n\t\t\t{\"@context\":\"https:\\\/\\\/schema.org\",\"@graph\":[{\"@type\":\"BlogPosting\",\"@id\":\"https:\\\/\\\/anoticiaonline.com.br\\\/site\\\/1a-feira-de-negocios-de-muriae-fomenta-o-comercio-local\\\/#blogposting\",\"name\":\"1\\u00aa Feira de Neg\\u00f3cios de Muria\\u00e9 fomenta o com\\u00e9rcio local - A Not\\u00edcia Online\",\"headline\":\"1\\u00aa Feira de Neg\\u00f3cios de Muria\\u00e9 fomenta o com\\u00e9rcio local\",\"author\":{\"@id\":\"https:\\\/\\\/anoticiaonline.com.br\\\/site\\\/author\\\/juliana\\\/#author\"},\"publisher\":{\"@id\":\"https:\\\/\\\/anoticiaonline.com.br\\\/site\\\/#organization\"},\"image\":{\"@type\":\"ImageObject\",\"url\":\"https:\\\/\\\/anoticiaonline.com.br\\\/site\\\/wp-content\\\/uploads\\\/2017\\\/06\\\/DSC_0293.jpg\",\"width\":556,\"height\":369},\"datePublished\":\"2017-06-28T21:27:25-03:00\",\"dateModified\":\"2017-06-28T21:27:25-03:00\",\"inLanguage\":\"pt-BR\",\"mainEntityOfPage\":{\"@id\":\"https:\\\/\\\/anoticiaonline.com.br\\\/site\\\/1a-feira-de-negocios-de-muriae-fomenta-o-comercio-local\\\/#webpage\"},\"isPartOf\":{\"@id\":\"https:\\\/\\\/anoticiaonline.com.br\\\/site\\\/1a-feira-de-negocios-de-muriae-fomenta-o-comercio-local\\\/#webpage\"},\"articleSection\":\"Blog, C\\u00e2mara de Dirigentes Lojistas, cdl, Feira de neg\\u00f3cios, Leandro Latini, Muria\\u00e9, Pra\\u00e7a Jo\\u00e3o Pinheiro, slide\"},{\"@type\":\"BreadcrumbList\",\"@id\":\"https:\\\/\\\/anoticiaonline.com.br\\\/site\\\/1a-feira-de-negocios-de-muriae-fomenta-o-comercio-local\\\/#breadcrumblist\",\"itemListElement\":[{\"@type\":\"ListItem\",\"@id\":\"https:\\\/\\\/anoticiaonline.com.br\\\/site#listItem\",\"position\":1,\"name\":\"Home\",\"item\":\"https:\\\/\\\/anoticiaonline.com.br\\\/site\",\"nextItem\":{\"@type\":\"ListItem\",\"@id\":\"https:\\\/\\\/anoticiaonline.com.br\\\/site\\\/categoria\\\/muriae\\\/#listItem\",\"name\":\"Blog\"}},{\"@type\":\"ListItem\",\"@id\":\"https:\\\/\\\/anoticiaonline.com.br\\\/site\\\/categoria\\\/muriae\\\/#listItem\",\"position\":2,\"name\":\"Blog\",\"item\":\"https:\\\/\\\/anoticiaonline.com.br\\\/site\\\/categoria\\\/muriae\\\/\",\"nextItem\":{\"@type\":\"ListItem\",\"@id\":\"https:\\\/\\\/anoticiaonline.com.br\\\/site\\\/1a-feira-de-negocios-de-muriae-fomenta-o-comercio-local\\\/#listItem\",\"name\":\"1\\u00aa Feira de Neg\\u00f3cios de Muria\\u00e9 fomenta o com\\u00e9rcio local\"},\"previousItem\":{\"@type\":\"ListItem\",\"@id\":\"https:\\\/\\\/anoticiaonline.com.br\\\/site#listItem\",\"name\":\"Home\"}},{\"@type\":\"ListItem\",\"@id\":\"https:\\\/\\\/anoticiaonline.com.br\\\/site\\\/1a-feira-de-negocios-de-muriae-fomenta-o-comercio-local\\\/#listItem\",\"position\":3,\"name\":\"1\\u00aa Feira de Neg\\u00f3cios de Muria\\u00e9 fomenta o com\\u00e9rcio local\",\"previousItem\":{\"@type\":\"ListItem\",\"@id\":\"https:\\\/\\\/anoticiaonline.com.br\\\/site\\\/categoria\\\/muriae\\\/#listItem\",\"name\":\"Blog\"}}]},{\"@type\":\"Organization\",\"@id\":\"https:\\\/\\\/anoticiaonline.com.br\\\/site\\\/#organization\",\"name\":\"A Not\\u00edcia Online\",\"description\":\"Noticias de Muria\\u00e9 e regi\\u00e3o\",\"url\":\"https:\\\/\\\/anoticiaonline.com.br\\\/site\\\/\",\"logo\":{\"@type\":\"ImageObject\",\"url\":\"https:\\\/\\\/scontent-gig4-1.xx.fbcdn.net\\\/v\\\/t39.30808-1\\\/270437624_4564083193639691_6907940295614233970_n.jpg?stp=dst-jpg_s200x200_tt6&_nc_cat=111&ccb=1-7&_nc_sid=f907e8&_nc_ohc=SM1wRlP3lJwQ7kNvwEPuBYA&_nc_oc=AdnqrjDN_BNjSSHWO-GbkIWH6fkGMLw4bqvL_NH6e2wMveX7G-rP2dAqsDSq1mJMOaY&_nc_zt=24&_nc_ht=scontent-gig4-1.xx&_nc_gid=AoBFJeGrT1hVaew_6rchkQ&oh=00_AfX7QmFGhQhG2jAllVgXCiM1ZrWgvtp80-Bfppyexh1QEg&oe=689E923C\",\"@id\":\"https:\\\/\\\/anoticiaonline.com.br\\\/site\\\/1a-feira-de-negocios-de-muriae-fomenta-o-comercio-local\\\/#organizationLogo\"},\"image\":{\"@id\":\"https:\\\/\\\/anoticiaonline.com.br\\\/site\\\/1a-feira-de-negocios-de-muriae-fomenta-o-comercio-local\\\/#organizationLogo\"}},{\"@type\":\"Person\",\"@id\":\"https:\\\/\\\/anoticiaonline.com.br\\\/site\\\/author\\\/juliana\\\/#author\",\"url\":\"https:\\\/\\\/anoticiaonline.com.br\\\/site\\\/author\\\/juliana\\\/\",\"name\":\"Juliana Laviola\",\"image\":{\"@type\":\"ImageObject\",\"@id\":\"https:\\\/\\\/anoticiaonline.com.br\\\/site\\\/1a-feira-de-negocios-de-muriae-fomenta-o-comercio-local\\\/#authorImage\",\"url\":\"https:\\\/\\\/secure.gravatar.com\\\/avatar\\\/b8d45f5c699b100dfaf0e543582f38f38bf94cb7ae3a5e9abf8d891a34773335?s=96&d=mm&r=g\",\"width\":96,\"height\":96,\"caption\":\"Juliana Laviola\"}},{\"@type\":\"WebPage\",\"@id\":\"https:\\\/\\\/anoticiaonline.com.br\\\/site\\\/1a-feira-de-negocios-de-muriae-fomenta-o-comercio-local\\\/#webpage\",\"url\":\"https:\\\/\\\/anoticiaonline.com.br\\\/site\\\/1a-feira-de-negocios-de-muriae-fomenta-o-comercio-local\\\/\",\"name\":\"1\\u00aa Feira de Neg\\u00f3cios de Muria\\u00e9 fomenta o com\\u00e9rcio local - A Not\\u00edcia Online\",\"description\":\"Evento reuniu mais de 20 expositores de diversos segmentos Fomentar o com\\u00e9rcio local e proporcionar a empres\\u00e1rios da cidade a oportunidade de se aproximar de potenciais consumidores. Estes foram os objetivos da 1\\u00aa Feira de Neg\\u00f3cios e Desenvolvimento Empresarial de Muria\\u00e9. Realizada na sexta-feira e s\\u00e1bado (23 e 24), na Pra\\u00e7a Jo\\u00e3o Pinheiro, Centro, o\",\"inLanguage\":\"pt-BR\",\"isPartOf\":{\"@id\":\"https:\\\/\\\/anoticiaonline.com.br\\\/site\\\/#website\"},\"breadcrumb\":{\"@id\":\"https:\\\/\\\/anoticiaonline.com.br\\\/site\\\/1a-feira-de-negocios-de-muriae-fomenta-o-comercio-local\\\/#breadcrumblist\"},\"author\":{\"@id\":\"https:\\\/\\\/anoticiaonline.com.br\\\/site\\\/author\\\/juliana\\\/#author\"},\"creator\":{\"@id\":\"https:\\\/\\\/anoticiaonline.com.br\\\/site\\\/author\\\/juliana\\\/#author\"},\"image\":{\"@type\":\"ImageObject\",\"url\":\"https:\\\/\\\/anoticiaonline.com.br\\\/site\\\/wp-content\\\/uploads\\\/2017\\\/06\\\/DSC_0293.jpg\",\"@id\":\"https:\\\/\\\/anoticiaonline.com.br\\\/site\\\/1a-feira-de-negocios-de-muriae-fomenta-o-comercio-local\\\/#mainImage\",\"width\":556,\"height\":369},\"primaryImageOfPage\":{\"@id\":\"https:\\\/\\\/anoticiaonline.com.br\\\/site\\\/1a-feira-de-negocios-de-muriae-fomenta-o-comercio-local\\\/#mainImage\"},\"datePublished\":\"2017-06-28T21:27:25-03:00\",\"dateModified\":\"2017-06-28T21:27:25-03:00\"},{\"@type\":\"WebSite\",\"@id\":\"https:\\\/\\\/anoticiaonline.com.br\\\/site\\\/#website\",\"url\":\"https:\\\/\\\/anoticiaonline.com.br\\\/site\\\/\",\"name\":\"A Not\\u00edcia Online\",\"description\":\"Noticias de Muria\\u00e9 e regi\\u00e3o\",\"inLanguage\":\"pt-BR\",\"publisher\":{\"@id\":\"https:\\\/\\\/anoticiaonline.com.br\\\/site\\\/#organization\"}}]}\n\t\t<\/script>\n\t\t<!-- All in One SEO -->\n\n","aioseo_head_json":{"title":"1\u00aa Feira de Neg\u00f3cios de Muria\u00e9 fomenta o com\u00e9rcio local - A Not\u00edcia Online","description":"Evento reuniu mais de 20 expositores de diversos segmentos Fomentar o com\u00e9rcio local e proporcionar a empres\u00e1rios da cidade a oportunidade de se aproximar de potenciais consumidores. Estes foram os objetivos da 1\u00aa Feira de Neg\u00f3cios e Desenvolvimento Empresarial de Muria\u00e9. Realizada na sexta-feira e s\u00e1bado (23 e 24), na Pra\u00e7a Jo\u00e3o Pinheiro, Centro, o","canonical_url":"https:\/\/anoticiaonline.com.br\/site\/1a-feira-de-negocios-de-muriae-fomenta-o-comercio-local\/","robots":"max-image-preview:large","keywords":"","webmasterTools":{"miscellaneous":""},"schema":{"@context":"https:\/\/schema.org","@graph":[{"@type":"BlogPosting","@id":"https:\/\/anoticiaonline.com.br\/site\/1a-feira-de-negocios-de-muriae-fomenta-o-comercio-local\/#blogposting","name":"1\u00aa Feira de Neg\u00f3cios de Muria\u00e9 fomenta o com\u00e9rcio local - A Not\u00edcia Online","headline":"1\u00aa Feira de Neg\u00f3cios de Muria\u00e9 fomenta o com\u00e9rcio local","author":{"@id":"https:\/\/anoticiaonline.com.br\/site\/author\/juliana\/#author"},"publisher":{"@id":"https:\/\/anoticiaonline.com.br\/site\/#organization"},"image":{"@type":"ImageObject","url":"https:\/\/anoticiaonline.com.br\/site\/wp-content\/uploads\/2017\/06\/DSC_0293.jpg","width":556,"height":369},"datePublished":"2017-06-28T21:27:25-03:00","dateModified":"2017-06-28T21:27:25-03:00","inLanguage":"pt-BR","mainEntityOfPage":{"@id":"https:\/\/anoticiaonline.com.br\/site\/1a-feira-de-negocios-de-muriae-fomenta-o-comercio-local\/#webpage"},"isPartOf":{"@id":"https:\/\/anoticiaonline.com.br\/site\/1a-feira-de-negocios-de-muriae-fomenta-o-comercio-local\/#webpage"},"articleSection":"Blog, C\u00e2mara de Dirigentes Lojistas, cdl, Feira de neg\u00f3cios, Leandro Latini, Muria\u00e9, Pra\u00e7a Jo\u00e3o Pinheiro, slide"},{"@type":"BreadcrumbList","@id":"https:\/\/anoticiaonline.com.br\/site\/1a-feira-de-negocios-de-muriae-fomenta-o-comercio-local\/#breadcrumblist","itemListElement":[{"@type":"ListItem","@id":"https:\/\/anoticiaonline.com.br\/site#listItem","position":1,"name":"Home","item":"https:\/\/anoticiaonline.com.br\/site","nextItem":{"@type":"ListItem","@id":"https:\/\/anoticiaonline.com.br\/site\/categoria\/muriae\/#listItem","name":"Blog"}},{"@type":"ListItem","@id":"https:\/\/anoticiaonline.com.br\/site\/categoria\/muriae\/#listItem","position":2,"name":"Blog","item":"https:\/\/anoticiaonline.com.br\/site\/categoria\/muriae\/","nextItem":{"@type":"ListItem","@id":"https:\/\/anoticiaonline.com.br\/site\/1a-feira-de-negocios-de-muriae-fomenta-o-comercio-local\/#listItem","name":"1\u00aa Feira de Neg\u00f3cios de Muria\u00e9 fomenta o com\u00e9rcio local"},"previousItem":{"@type":"ListItem","@id":"https:\/\/anoticiaonline.com.br\/site#listItem","name":"Home"}},{"@type":"ListItem","@id":"https:\/\/anoticiaonline.com.br\/site\/1a-feira-de-negocios-de-muriae-fomenta-o-comercio-local\/#listItem","position":3,"name":"1\u00aa Feira de Neg\u00f3cios de Muria\u00e9 fomenta o com\u00e9rcio local","previousItem":{"@type":"ListItem","@id":"https:\/\/anoticiaonline.com.br\/site\/categoria\/muriae\/#listItem","name":"Blog"}}]},{"@type":"Organization","@id":"https:\/\/anoticiaonline.com.br\/site\/#organization","name":"A Not\u00edcia Online","description":"Noticias de Muria\u00e9 e regi\u00e3o","url":"https:\/\/anoticiaonline.com.br\/site\/","logo":{"@type":"ImageObject","url":"https:\/\/scontent-gig4-1.xx.fbcdn.net\/v\/t39.30808-1\/270437624_4564083193639691_6907940295614233970_n.jpg?stp=dst-jpg_s200x200_tt6&_nc_cat=111&ccb=1-7&_nc_sid=f907e8&_nc_ohc=SM1wRlP3lJwQ7kNvwEPuBYA&_nc_oc=AdnqrjDN_BNjSSHWO-GbkIWH6fkGMLw4bqvL_NH6e2wMveX7G-rP2dAqsDSq1mJMOaY&_nc_zt=24&_nc_ht=scontent-gig4-1.xx&_nc_gid=AoBFJeGrT1hVaew_6rchkQ&oh=00_AfX7QmFGhQhG2jAllVgXCiM1ZrWgvtp80-Bfppyexh1QEg&oe=689E923C","@id":"https:\/\/anoticiaonline.com.br\/site\/1a-feira-de-negocios-de-muriae-fomenta-o-comercio-local\/#organizationLogo"},"image":{"@id":"https:\/\/anoticiaonline.com.br\/site\/1a-feira-de-negocios-de-muriae-fomenta-o-comercio-local\/#organizationLogo"}},{"@type":"Person","@id":"https:\/\/anoticiaonline.com.br\/site\/author\/juliana\/#author","url":"https:\/\/anoticiaonline.com.br\/site\/author\/juliana\/","name":"Juliana Laviola","image":{"@type":"ImageObject","@id":"https:\/\/anoticiaonline.com.br\/site\/1a-feira-de-negocios-de-muriae-fomenta-o-comercio-local\/#authorImage","url":"https:\/\/secure.gravatar.com\/avatar\/b8d45f5c699b100dfaf0e543582f38f38bf94cb7ae3a5e9abf8d891a34773335?s=96&d=mm&r=g","width":96,"height":96,"caption":"Juliana Laviola"}},{"@type":"WebPage","@id":"https:\/\/anoticiaonline.com.br\/site\/1a-feira-de-negocios-de-muriae-fomenta-o-comercio-local\/#webpage","url":"https:\/\/anoticiaonline.com.br\/site\/1a-feira-de-negocios-de-muriae-fomenta-o-comercio-local\/","name":"1\u00aa Feira de Neg\u00f3cios de Muria\u00e9 fomenta o com\u00e9rcio local - A Not\u00edcia Online","description":"Evento reuniu mais de 20 expositores de diversos segmentos Fomentar o com\u00e9rcio local e proporcionar a empres\u00e1rios da cidade a oportunidade de se aproximar de potenciais consumidores. Estes foram os objetivos da 1\u00aa Feira de Neg\u00f3cios e Desenvolvimento Empresarial de Muria\u00e9. Realizada na sexta-feira e s\u00e1bado (23 e 24), na Pra\u00e7a Jo\u00e3o Pinheiro, Centro, o","inLanguage":"pt-BR","isPartOf":{"@id":"https:\/\/anoticiaonline.com.br\/site\/#website"},"breadcrumb":{"@id":"https:\/\/anoticiaonline.com.br\/site\/1a-feira-de-negocios-de-muriae-fomenta-o-comercio-local\/#breadcrumblist"},"author":{"@id":"https:\/\/anoticiaonline.com.br\/site\/author\/juliana\/#author"},"creator":{"@id":"https:\/\/anoticiaonline.com.br\/site\/author\/juliana\/#author"},"image":{"@type":"ImageObject","url":"https:\/\/anoticiaonline.com.br\/site\/wp-content\/uploads\/2017\/06\/DSC_0293.jpg","@id":"https:\/\/anoticiaonline.com.br\/site\/1a-feira-de-negocios-de-muriae-fomenta-o-comercio-local\/#mainImage","width":556,"height":369},"primaryImageOfPage":{"@id":"https:\/\/anoticiaonline.com.br\/site\/1a-feira-de-negocios-de-muriae-fomenta-o-comercio-local\/#mainImage"},"datePublished":"2017-06-28T21:27:25-03:00","dateModified":"2017-06-28T21:27:25-03:00"},{"@type":"WebSite","@id":"https:\/\/anoticiaonline.com.br\/site\/#website","url":"https:\/\/anoticiaonline.com.br\/site\/","name":"A Not\u00edcia Online","description":"Noticias de Muria\u00e9 e regi\u00e3o","inLanguage":"pt-BR","publisher":{"@id":"https:\/\/anoticiaonline.com.br\/site\/#organization"}}]},"og:locale":"pt_BR","og:site_name":"A Not\u00edcia Online - Noticias de Muria\u00e9 e regi\u00e3o","og:type":"article","og:title":"1\u00aa Feira de Neg\u00f3cios de Muria\u00e9 fomenta o com\u00e9rcio local - A Not\u00edcia Online","og:description":"Evento reuniu mais de 20 expositores de diversos segmentos Fomentar o com\u00e9rcio local e proporcionar a empres\u00e1rios da cidade a oportunidade de se aproximar de potenciais consumidores. Estes foram os objetivos da 1\u00aa Feira de Neg\u00f3cios e Desenvolvimento Empresarial de Muria\u00e9. Realizada na sexta-feira e s\u00e1bado (23 e 24), na Pra\u00e7a Jo\u00e3o Pinheiro, Centro, o","og:url":"https:\/\/anoticiaonline.com.br\/site\/1a-feira-de-negocios-de-muriae-fomenta-o-comercio-local\/","og:image":"https:\/\/scontent-gig4-1.xx.fbcdn.net\/v\/t39.30808-1\/270437624_4564083193639691_6907940295614233970_n.jpg?stp=dst-jpg_s200x200_tt6&#038;_nc_cat=111&#038;ccb=1-7&#038;_nc_sid=f907e8&#038;_nc_ohc=SM1wRlP3lJwQ7kNvwEPuBYA&#038;_nc_oc=AdnqrjDN_BNjSSHWO-GbkIWH6fkGMLw4bqvL_NH6e2wMveX7G-rP2dAqsDSq1mJMOaY&#038;_nc_zt=24&#038;_nc_ht=scontent-gig4-1.xx&#038;_nc_gid=AoBFJeGrT1hVaew_6rchkQ&#038;oh=00_AfX7QmFGhQhG2jAllVgXCiM1ZrWgvtp80-Bfppyexh1QEg&#038;oe=689E923C","og:image:secure_url":"https:\/\/scontent-gig4-1.xx.fbcdn.net\/v\/t39.30808-1\/270437624_4564083193639691_6907940295614233970_n.jpg?stp=dst-jpg_s200x200_tt6&#038;_nc_cat=111&#038;ccb=1-7&#038;_nc_sid=f907e8&#038;_nc_ohc=SM1wRlP3lJwQ7kNvwEPuBYA&#038;_nc_oc=AdnqrjDN_BNjSSHWO-GbkIWH6fkGMLw4bqvL_NH6e2wMveX7G-rP2dAqsDSq1mJMOaY&#038;_nc_zt=24&#038;_nc_ht=scontent-gig4-1.xx&#038;_nc_gid=AoBFJeGrT1hVaew_6rchkQ&#038;oh=00_AfX7QmFGhQhG2jAllVgXCiM1ZrWgvtp80-Bfppyexh1QEg&#038;oe=689E923C","article:published_time":"2017-06-29T00:27:25+00:00","article:modified_time":"2017-06-29T00:27:25+00:00","twitter:card":"summary_large_image","twitter:title":"1\u00aa Feira de Neg\u00f3cios de Muria\u00e9 fomenta o com\u00e9rcio local - A Not\u00edcia Online","twitter:description":"Evento reuniu mais de 20 expositores de diversos segmentos Fomentar o com\u00e9rcio local e proporcionar a empres\u00e1rios da cidade a oportunidade de se aproximar de potenciais consumidores. Estes foram os objetivos da 1\u00aa Feira de Neg\u00f3cios e Desenvolvimento Empresarial de Muria\u00e9. Realizada na sexta-feira e s\u00e1bado (23 e 24), na Pra\u00e7a Jo\u00e3o Pinheiro, Centro, o","twitter:image":"https:\/\/scontent-gig4-1.xx.fbcdn.net\/v\/t39.30808-1\/270437624_4564083193639691_6907940295614233970_n.jpg?stp=dst-jpg_s200x200_tt6&_nc_cat=111&ccb=1-7&_nc_sid=f907e8&_nc_ohc=SM1wRlP3lJwQ7kNvwEPuBYA&_nc_oc=AdnqrjDN_BNjSSHWO-GbkIWH6fkGMLw4bqvL_NH6e2wMveX7G-rP2dAqsDSq1mJMOaY&_nc_zt=24&_nc_ht=scontent-gig4-1.xx&_nc_gid=AoBFJeGrT1hVaew_6rchkQ&oh=00_AfX7QmFGhQhG2jAllVgXCiM1ZrWgvtp80-Bfppyexh1QEg&oe=689E923C"},"aioseo_meta_data":{"post_id":"34185","title":null,"description":null,"keywords":null,"keyphrases":null,"primary_term":null,"canonical_url":null,"og_title":null,"og_description":null,"og_object_type":"default","og_image_type":"default","og_image_url":null,"og_image_width":null,"og_image_height":null,"og_image_custom_url":null,"og_image_custom_fields":null,"og_video":null,"og_custom_url":null,"og_article_section":null,"og_article_tags":null,"twitter_use_og":false,"twitter_card":"default","twitter_image_type":"default","twitter_image_url":null,"twitter_image_custom_url":null,"twitter_image_custom_fields":null,"twitter_title":null,"twitter_description":null,"schema":{"blockGraphs":[],"customGraphs":[],"default":{"data":{"Article":[],"Course":[],"Dataset":[],"FAQPage":[],"Movie":[],"Person":[],"Product":[],"ProductReview":[],"Car":[],"Recipe":[],"Service":[],"SoftwareApplication":[],"WebPage":[]},"graphName":"","isEnabled":true},"graphs":[]},"schema_type":"default","schema_type_options":null,"pillar_content":false,"robots_default":true,"robots_noindex":false,"robots_noarchive":false,"robots_nosnippet":false,"robots_nofollow":false,"robots_noimageindex":false,"robots_noodp":false,"robots_notranslate":false,"robots_max_snippet":null,"robots_max_videopreview":null,"robots_max_imagepreview":"large","priority":null,"frequency":null,"local_seo":null,"breadcrumb_settings":null,"limit_modified_date":false,"ai":null,"created":"2025-08-16 18:46:39","updated":"2025-08-16 18:46:39","focus_keyword":null,"additional_keywords":null,"truseo_locale":null,"seo_analyzer_scan_date":null},"aioseo_breadcrumb":"<div class=\"aioseo-breadcrumbs\"><span class=\"aioseo-breadcrumb\">\n\t\t\t<a href=\"https:\/\/anoticiaonline.com.br\/site\" title=\"Home\">Home<\/a>\n\t\t<\/span><span class=\"aioseo-breadcrumb-separator\">&raquo;<\/span><span class=\"aioseo-breadcrumb\">\n\t\t\t<a href=\"https:\/\/anoticiaonline.com.br\/site\/categoria\/muriae\/\" title=\"Blog\">Blog<\/a>\n\t\t<\/span><span class=\"aioseo-breadcrumb-separator\">&raquo;<\/span><span class=\"aioseo-breadcrumb\">\n\t\t\t1\u00aa Feira de Neg\u00f3cios de Muria\u00e9 fomenta o com\u00e9rcio local\n\t\t<\/span><\/div>","aioseo_breadcrumb_json":[{"label":"Home","link":"https:\/\/anoticiaonline.com.br\/site"},{"label":"Blog","link":"https:\/\/anoticiaonline.com.br\/site\/categoria\/muriae\/"},{"label":"1\u00aa Feira de Neg\u00f3cios de Muria\u00e9 fomenta o com\u00e9rcio local","link":"https:\/\/anoticiaonline.com.br\/site\/1a-feira-de-negocios-de-muriae-fomenta-o-comercio-local\/"}],"views":151,"_links":{"self":[{"href":"https:\/\/anoticiaonline.com.br\/site\/wp-json\/wp\/v2\/posts\/34185","targetHints":{"allow":["GET"]}}],"collection":[{"href":"https:\/\/anoticiaonline.com.br\/site\/wp-json\/wp\/v2\/posts"}],"about":[{"href":"https:\/\/anoticiaonline.com.br\/site\/wp-json\/wp\/v2\/types\/post"}],"author":[{"embeddable":true,"href":"https:\/\/anoticiaonline.com.br\/site\/wp-json\/wp\/v2\/users\/2"}],"replies":[{"embeddable":true,"href":"https:\/\/anoticiaonline.com.br\/site\/wp-json\/wp\/v2\/comments?post=34185"}],"version-history":[{"count":0,"href":"https:\/\/anoticiaonline.com.br\/site\/wp-json\/wp\/v2\/posts\/34185\/revisions"}],"wp:featuredmedia":[{"embeddable":true,"href":"https:\/\/anoticiaonline.com.br\/site\/wp-json\/wp\/v2\/media\/34187"}],"wp:attachment":[{"href":"https:\/\/anoticiaonline.com.br\/site\/wp-json\/wp\/v2\/media?parent=34185"}],"wp:term":[{"taxonomy":"category","embeddable":true,"href":"https:\/\/anoticiaonline.com.br\/site\/wp-json\/wp\/v2\/categories?post=34185"},{"taxonomy":"post_tag","embeddable":true,"href":"https:\/\/anoticiaonline.com.br\/site\/wp-json\/wp\/v2\/tags?post=34185"}],"curies":[{"name":"wp","href":"https:\/\/api.w.org\/{rel}","templated":true}]}}