{"id":34093,"date":"2017-06-29T14:24:56","date_gmt":"2017-06-29T17:24:56","guid":{"rendered":"http:\/\/anoticiaonline.com.br\/site\/?p=34093"},"modified":"2017-06-28T20:39:59","modified_gmt":"2017-06-28T23:39:59","slug":"crc-realiza-circuito-orientativo-de-fiscalizacao-em-muriae","status":"publish","type":"post","link":"https:\/\/anoticiaonline.com.br\/site\/crc-realiza-circuito-orientativo-de-fiscalizacao-em-muriae\/","title":{"rendered":"CRC realiza Circuito Orientativo de Fiscaliza\u00e7\u00e3o em Muria\u00e9"},"content":{"rendered":"<p><img fetchpriority=\"high\" decoding=\"async\" class=\"alignleft size-medium wp-image-34095\" src=\"https:\/\/anoticiaonline.com.br\/site\/wp-content\/uploads\/2017\/06\/DSC_0263-300x199.jpg\" alt=\"\" width=\"300\" height=\"199\" srcset=\"https:\/\/anoticiaonline.com.br\/site\/wp-content\/uploads\/2017\/06\/DSC_0263-300x199.jpg 300w, https:\/\/anoticiaonline.com.br\/site\/wp-content\/uploads\/2017\/06\/DSC_0263.jpg 618w\" sizes=\"(max-width: 300px) 100vw, 300px\" \/><a href=\"https:\/\/anoticiaonline.com.br\/site\/wp-content\/uploads\/2017\/06\/DSC_0219.jpg\"><img decoding=\"async\" class=\"alignleft size-medium wp-image-34094\" src=\"https:\/\/anoticiaonline.com.br\/site\/wp-content\/uploads\/2017\/06\/DSC_0219-300x199.jpg\" alt=\"\" width=\"300\" height=\"199\" srcset=\"https:\/\/anoticiaonline.com.br\/site\/wp-content\/uploads\/2017\/06\/DSC_0219-300x199.jpg 300w, https:\/\/anoticiaonline.com.br\/site\/wp-content\/uploads\/2017\/06\/DSC_0219.jpg 640w\" sizes=\"(max-width: 300px) 100vw, 300px\" \/><\/a> Com o objetivo de orientar os profissionais de Contabilidade de Muria\u00e9, a Delegacia Seccional do Conselho Regional de Contabilidade (CRC) recebeu uma palestra orientativa sobre fiscaliza\u00e7\u00e3o.<br \/>\nO encontro, que aconteceu na noite de ter\u00e7a-feira (27), no audit\u00f3rio do Senai\/Fiemg, esclareceu d\u00favidas sobre auditoria, cadastro das organiza\u00e7\u00f5es cont\u00e1beis, contrato de presta\u00e7\u00e3o de servi\u00e7os, Decore, elabora\u00e7\u00e3o de escritura\u00e7\u00e3o cont\u00e1bil, estrutura\u00e7\u00e3o das demonstra\u00e7\u00f5es cont\u00e1beis, per\u00edcia e demais informa\u00e7\u00f5es sobre a legisla\u00e7\u00e3o da profiss\u00e3o cont\u00e1bil. \u201cA finalidade \u00e9 buscar aproxima\u00e7\u00e3o com o profissional da Contabilidade e prepar\u00e1-los para receber a fiscaliza\u00e7\u00e3o do CRC\u201d, afirma o Fiscal do CRC, Robson Barbosa Miranda, que veio de Belo Horizonte especialmente para a ocasi\u00e3o.<br \/>\nO Circuito Orientativo de Fiscaliza\u00e7\u00e3o acontece em todo o Estado. Em Muria\u00e9, foi organizado pela Delegacia Seccional do CRC de Muria\u00e9. \u201cO CRC \u00e9 preocupado com a forma\u00e7\u00e3o profissional, com o conhecimento e com a \u00e9tica do Contador ao executar suas tarefas, o que resulta na satisfa\u00e7\u00e3o e no respeito ao cliente. Este Circuito est\u00e1 sendo promovido em todo o Estado de Minas Gerais a fim de preparar o profissional da Contabilidade, para que ele n\u00e3o cometa nenhum erro e, consequentemente, n\u00e3o seja penalizado durante sua atividade. \u00c9 uma forma de garantir a qualidade no trabalho do Contador\u201d, completa o Contador e Delegado da Seccional de Muria\u00e9, Luis Dagnoni.<br \/>\nPara participar do evento, os Contadores e interessados doaram latas de leite em p\u00f3, as quais ser\u00e3o entregues pelo Conselho para uma institui\u00e7\u00e3o de caridade de Muria\u00e9.<br \/>\nNo evento, quatro novos Contadores receberam suas carteiras profissionais: Danusa Pereira Firmo Silva (CRC-MG 118.701\/O-0), Rafaela de Freitas C\u00e2ndido Assis (CRC-MG 118.872\/O-7), Marcilene Pe\u00e7anha Vieira Navarro (CRC-MG 118.976\/O-1) e Alcilene Maria Ribeiro Pogianele (CRC-MG 118.945\/O-5). O registro no CRC \u00e9 a legaliza\u00e7\u00e3o para o exerc\u00edcio da profiss\u00e3o, comprovando que aquele profissional est\u00e1 qualificado e apto para exercer de forma \u00e9tica e competente a Contabilidade. Sem o registro, um t\u00e9cnico ou Contador n\u00e3o se diferencia no mercado e dentro da pr\u00f3pria classe.<\/p>\n<p><img decoding=\"async\" class=\"ngg_displayed_gallery mceItem\" src=\"https:\/\/anoticiaonline.com.br\/site\/nextgen-attach_to_post\/preview\/id--34114\" \/><\/p>\n","protected":false},"excerpt":{"rendered":"<p>Com o objetivo de orientar os profissionais de Contabilidade de Muria\u00e9, a Delegacia Seccional do Conselho Regional de Contabilidade (CRC) recebeu uma palestra orientativa sobre fiscaliza\u00e7\u00e3o. O encontro, que aconteceu na noite de ter\u00e7a-feira (27), no audit\u00f3rio do Senai\/Fiemg, esclareceu d\u00favidas sobre auditoria, cadastro das organiza\u00e7\u00f5es cont\u00e1beis, contrato de presta\u00e7\u00e3o de servi\u00e7os, Decore, elabora\u00e7\u00e3o de &#8230; <a title=\"CRC realiza Circuito Orientativo de Fiscaliza\u00e7\u00e3o em Muria\u00e9\" class=\"read-more\" href=\"https:\/\/anoticiaonline.com.br\/site\/crc-realiza-circuito-orientativo-de-fiscalizacao-em-muriae\/\" aria-label=\"Read more about CRC realiza Circuito Orientativo de Fiscaliza\u00e7\u00e3o em Muria\u00e9\">Ler mais<\/a><\/p>\n","protected":false},"author":2,"featured_media":34095,"comment_status":"open","ping_status":"open","sticky":false,"template":"","format":"standard","meta":{"_acf_changed":false,"_monsterinsights_skip_tracking":false,"footnotes":""},"categories":[30],"tags":[518,519,520,3],"class_list":["post-34093","post","type-post","status-publish","format-standard","has-post-thumbnail","hentry","category-muriae","tag-crc","tag-delegacia-seccional-do-crc-de-muriae","tag-luis-dagnoni","tag-slide"],"acf":[],"aioseo_notices":[],"aioseo_head":"\n\t\t<!-- All in One SEO 5.0.0.1 - aioseo.com -->\n\t<meta name=\"description\" content=\"Com o objetivo de orientar os profissionais de Contabilidade de Muria\u00e9, a Delegacia Seccional do Conselho Regional de Contabilidade (CRC) recebeu uma palestra orientativa sobre fiscaliza\u00e7\u00e3o. O encontro, que aconteceu na noite de ter\u00e7a-feira (27), no audit\u00f3rio do Senai\/Fiemg, esclareceu d\u00favidas sobre auditoria, cadastro das organiza\u00e7\u00f5es cont\u00e1beis, contrato de presta\u00e7\u00e3o de servi\u00e7os, Decore, elabora\u00e7\u00e3o de\" \/>\n\t<meta name=\"robots\" content=\"max-image-preview:large\" \/>\n\t<meta name=\"author\" content=\"Juliana Laviola\"\/>\n\t<link rel=\"canonical\" href=\"https:\/\/anoticiaonline.com.br\/site\/crc-realiza-circuito-orientativo-de-fiscalizacao-em-muriae\/\" \/>\n\t<meta name=\"generator\" content=\"All in One SEO (AIOSEO) 5.0.0.1\" \/>\n\t\t<meta property=\"og:locale\" content=\"pt_BR\" \/>\n\t\t<meta property=\"og:site_name\" content=\"A Not\u00edcia Online - Noticias de Muria\u00e9 e regi\u00e3o\" \/>\n\t\t<meta property=\"og:type\" content=\"article\" \/>\n\t\t<meta property=\"og:title\" content=\"CRC realiza Circuito Orientativo de Fiscaliza\u00e7\u00e3o em Muria\u00e9 - A Not\u00edcia Online\" \/>\n\t\t<meta property=\"og:description\" content=\"Com o objetivo de orientar os profissionais de Contabilidade de Muria\u00e9, a Delegacia Seccional do Conselho Regional de Contabilidade (CRC) recebeu uma palestra orientativa sobre fiscaliza\u00e7\u00e3o. O encontro, que aconteceu na noite de ter\u00e7a-feira (27), no audit\u00f3rio do Senai\/Fiemg, esclareceu d\u00favidas sobre auditoria, cadastro das organiza\u00e7\u00f5es cont\u00e1beis, contrato de presta\u00e7\u00e3o de servi\u00e7os, Decore, elabora\u00e7\u00e3o de\" \/>\n\t\t<meta property=\"og:url\" content=\"https:\/\/anoticiaonline.com.br\/site\/crc-realiza-circuito-orientativo-de-fiscalizacao-em-muriae\/\" \/>\n\t\t<meta property=\"og:image\" content=\"https:\/\/scontent-gig4-1.xx.fbcdn.net\/v\/t39.30808-1\/270437624_4564083193639691_6907940295614233970_n.jpg?stp=dst-jpg_s200x200_tt6&#038;_nc_cat=111&#038;ccb=1-7&#038;_nc_sid=f907e8&#038;_nc_ohc=SM1wRlP3lJwQ7kNvwEPuBYA&#038;_nc_oc=AdnqrjDN_BNjSSHWO-GbkIWH6fkGMLw4bqvL_NH6e2wMveX7G-rP2dAqsDSq1mJMOaY&#038;_nc_zt=24&#038;_nc_ht=scontent-gig4-1.xx&#038;_nc_gid=AoBFJeGrT1hVaew_6rchkQ&#038;oh=00_AfX7QmFGhQhG2jAllVgXCiM1ZrWgvtp80-Bfppyexh1QEg&#038;oe=689E923C\" \/>\n\t\t<meta property=\"og:image:secure_url\" content=\"https:\/\/scontent-gig4-1.xx.fbcdn.net\/v\/t39.30808-1\/270437624_4564083193639691_6907940295614233970_n.jpg?stp=dst-jpg_s200x200_tt6&#038;_nc_cat=111&#038;ccb=1-7&#038;_nc_sid=f907e8&#038;_nc_ohc=SM1wRlP3lJwQ7kNvwEPuBYA&#038;_nc_oc=AdnqrjDN_BNjSSHWO-GbkIWH6fkGMLw4bqvL_NH6e2wMveX7G-rP2dAqsDSq1mJMOaY&#038;_nc_zt=24&#038;_nc_ht=scontent-gig4-1.xx&#038;_nc_gid=AoBFJeGrT1hVaew_6rchkQ&#038;oh=00_AfX7QmFGhQhG2jAllVgXCiM1ZrWgvtp80-Bfppyexh1QEg&#038;oe=689E923C\" \/>\n\t\t<meta property=\"article:published_time\" content=\"2017-06-29T17:24:56+00:00\" \/>\n\t\t<meta property=\"article:modified_time\" content=\"2017-06-28T23:39:59+00:00\" \/>\n\t\t<meta name=\"twitter:card\" content=\"summary_large_image\" \/>\n\t\t<meta name=\"twitter:title\" content=\"CRC realiza Circuito Orientativo de Fiscaliza\u00e7\u00e3o em Muria\u00e9 - A Not\u00edcia Online\" \/>\n\t\t<meta name=\"twitter:description\" content=\"Com o objetivo de orientar os profissionais de Contabilidade de Muria\u00e9, a Delegacia Seccional do Conselho Regional de Contabilidade (CRC) recebeu uma palestra orientativa sobre fiscaliza\u00e7\u00e3o. O encontro, que aconteceu na noite de ter\u00e7a-feira (27), no audit\u00f3rio do Senai\/Fiemg, esclareceu d\u00favidas sobre auditoria, cadastro das organiza\u00e7\u00f5es cont\u00e1beis, contrato de presta\u00e7\u00e3o de servi\u00e7os, Decore, elabora\u00e7\u00e3o de\" \/>\n\t\t<meta name=\"twitter:image\" content=\"https:\/\/scontent-gig4-1.xx.fbcdn.net\/v\/t39.30808-1\/270437624_4564083193639691_6907940295614233970_n.jpg?stp=dst-jpg_s200x200_tt6&amp;_nc_cat=111&amp;ccb=1-7&amp;_nc_sid=f907e8&amp;_nc_ohc=SM1wRlP3lJwQ7kNvwEPuBYA&amp;_nc_oc=AdnqrjDN_BNjSSHWO-GbkIWH6fkGMLw4bqvL_NH6e2wMveX7G-rP2dAqsDSq1mJMOaY&amp;_nc_zt=24&amp;_nc_ht=scontent-gig4-1.xx&amp;_nc_gid=AoBFJeGrT1hVaew_6rchkQ&amp;oh=00_AfX7QmFGhQhG2jAllVgXCiM1ZrWgvtp80-Bfppyexh1QEg&amp;oe=689E923C\" \/>\n\t\t<script type=\"application\/ld+json\" class=\"aioseo-schema\">\n\t\t\t{\"@context\":\"https:\\\/\\\/schema.org\",\"@graph\":[{\"@type\":\"BlogPosting\",\"@id\":\"https:\\\/\\\/anoticiaonline.com.br\\\/site\\\/crc-realiza-circuito-orientativo-de-fiscalizacao-em-muriae\\\/#blogposting\",\"name\":\"CRC realiza Circuito Orientativo de Fiscaliza\\u00e7\\u00e3o em Muria\\u00e9 - A Not\\u00edcia Online\",\"headline\":\"CRC realiza Circuito Orientativo de Fiscaliza\\u00e7\\u00e3o em Muria\\u00e9\",\"author\":{\"@id\":\"https:\\\/\\\/anoticiaonline.com.br\\\/site\\\/author\\\/juliana\\\/#author\"},\"publisher\":{\"@id\":\"https:\\\/\\\/anoticiaonline.com.br\\\/site\\\/#organization\"},\"image\":{\"@type\":\"ImageObject\",\"url\":\"https:\\\/\\\/anoticiaonline.com.br\\\/site\\\/wp-content\\\/uploads\\\/2017\\\/06\\\/DSC_0263.jpg\",\"width\":618,\"height\":409},\"datePublished\":\"2017-06-29T14:24:56-03:00\",\"dateModified\":\"2017-06-28T20:39:59-03:00\",\"inLanguage\":\"pt-BR\",\"mainEntityOfPage\":{\"@id\":\"https:\\\/\\\/anoticiaonline.com.br\\\/site\\\/crc-realiza-circuito-orientativo-de-fiscalizacao-em-muriae\\\/#webpage\"},\"isPartOf\":{\"@id\":\"https:\\\/\\\/anoticiaonline.com.br\\\/site\\\/crc-realiza-circuito-orientativo-de-fiscalizacao-em-muriae\\\/#webpage\"},\"articleSection\":\"Blog, CRC, Delegacia Seccional do CRC de Muria\\u00e9, Luis Dagnoni, slide\"},{\"@type\":\"BreadcrumbList\",\"@id\":\"https:\\\/\\\/anoticiaonline.com.br\\\/site\\\/crc-realiza-circuito-orientativo-de-fiscalizacao-em-muriae\\\/#breadcrumblist\",\"itemListElement\":[{\"@type\":\"ListItem\",\"@id\":\"https:\\\/\\\/anoticiaonline.com.br\\\/site#listItem\",\"position\":1,\"name\":\"Home\",\"item\":\"https:\\\/\\\/anoticiaonline.com.br\\\/site\",\"nextItem\":{\"@type\":\"ListItem\",\"@id\":\"https:\\\/\\\/anoticiaonline.com.br\\\/site\\\/categoria\\\/muriae\\\/#listItem\",\"name\":\"Blog\"}},{\"@type\":\"ListItem\",\"@id\":\"https:\\\/\\\/anoticiaonline.com.br\\\/site\\\/categoria\\\/muriae\\\/#listItem\",\"position\":2,\"name\":\"Blog\",\"item\":\"https:\\\/\\\/anoticiaonline.com.br\\\/site\\\/categoria\\\/muriae\\\/\",\"nextItem\":{\"@type\":\"ListItem\",\"@id\":\"https:\\\/\\\/anoticiaonline.com.br\\\/site\\\/crc-realiza-circuito-orientativo-de-fiscalizacao-em-muriae\\\/#listItem\",\"name\":\"CRC realiza Circuito Orientativo de Fiscaliza\\u00e7\\u00e3o em Muria\\u00e9\"},\"previousItem\":{\"@type\":\"ListItem\",\"@id\":\"https:\\\/\\\/anoticiaonline.com.br\\\/site#listItem\",\"name\":\"Home\"}},{\"@type\":\"ListItem\",\"@id\":\"https:\\\/\\\/anoticiaonline.com.br\\\/site\\\/crc-realiza-circuito-orientativo-de-fiscalizacao-em-muriae\\\/#listItem\",\"position\":3,\"name\":\"CRC realiza Circuito Orientativo de Fiscaliza\\u00e7\\u00e3o em Muria\\u00e9\",\"previousItem\":{\"@type\":\"ListItem\",\"@id\":\"https:\\\/\\\/anoticiaonline.com.br\\\/site\\\/categoria\\\/muriae\\\/#listItem\",\"name\":\"Blog\"}}]},{\"@type\":\"Organization\",\"@id\":\"https:\\\/\\\/anoticiaonline.com.br\\\/site\\\/#organization\",\"name\":\"A Not\\u00edcia Online\",\"description\":\"Noticias de Muria\\u00e9 e regi\\u00e3o\",\"url\":\"https:\\\/\\\/anoticiaonline.com.br\\\/site\\\/\",\"logo\":{\"@type\":\"ImageObject\",\"url\":\"https:\\\/\\\/scontent-gig4-1.xx.fbcdn.net\\\/v\\\/t39.30808-1\\\/270437624_4564083193639691_6907940295614233970_n.jpg?stp=dst-jpg_s200x200_tt6&_nc_cat=111&ccb=1-7&_nc_sid=f907e8&_nc_ohc=SM1wRlP3lJwQ7kNvwEPuBYA&_nc_oc=AdnqrjDN_BNjSSHWO-GbkIWH6fkGMLw4bqvL_NH6e2wMveX7G-rP2dAqsDSq1mJMOaY&_nc_zt=24&_nc_ht=scontent-gig4-1.xx&_nc_gid=AoBFJeGrT1hVaew_6rchkQ&oh=00_AfX7QmFGhQhG2jAllVgXCiM1ZrWgvtp80-Bfppyexh1QEg&oe=689E923C\",\"@id\":\"https:\\\/\\\/anoticiaonline.com.br\\\/site\\\/crc-realiza-circuito-orientativo-de-fiscalizacao-em-muriae\\\/#organizationLogo\"},\"image\":{\"@id\":\"https:\\\/\\\/anoticiaonline.com.br\\\/site\\\/crc-realiza-circuito-orientativo-de-fiscalizacao-em-muriae\\\/#organizationLogo\"}},{\"@type\":\"Person\",\"@id\":\"https:\\\/\\\/anoticiaonline.com.br\\\/site\\\/author\\\/juliana\\\/#author\",\"url\":\"https:\\\/\\\/anoticiaonline.com.br\\\/site\\\/author\\\/juliana\\\/\",\"name\":\"Juliana Laviola\",\"image\":{\"@type\":\"ImageObject\",\"@id\":\"https:\\\/\\\/anoticiaonline.com.br\\\/site\\\/crc-realiza-circuito-orientativo-de-fiscalizacao-em-muriae\\\/#authorImage\",\"url\":\"https:\\\/\\\/secure.gravatar.com\\\/avatar\\\/b8d45f5c699b100dfaf0e543582f38f38bf94cb7ae3a5e9abf8d891a34773335?s=96&d=mm&r=g\",\"width\":96,\"height\":96,\"caption\":\"Juliana Laviola\"}},{\"@type\":\"WebPage\",\"@id\":\"https:\\\/\\\/anoticiaonline.com.br\\\/site\\\/crc-realiza-circuito-orientativo-de-fiscalizacao-em-muriae\\\/#webpage\",\"url\":\"https:\\\/\\\/anoticiaonline.com.br\\\/site\\\/crc-realiza-circuito-orientativo-de-fiscalizacao-em-muriae\\\/\",\"name\":\"CRC realiza Circuito Orientativo de Fiscaliza\\u00e7\\u00e3o em Muria\\u00e9 - A Not\\u00edcia Online\",\"description\":\"Com o objetivo de orientar os profissionais de Contabilidade de Muria\\u00e9, a Delegacia Seccional do Conselho Regional de Contabilidade (CRC) recebeu uma palestra orientativa sobre fiscaliza\\u00e7\\u00e3o. O encontro, que aconteceu na noite de ter\\u00e7a-feira (27), no audit\\u00f3rio do Senai\\\/Fiemg, esclareceu d\\u00favidas sobre auditoria, cadastro das organiza\\u00e7\\u00f5es cont\\u00e1beis, contrato de presta\\u00e7\\u00e3o de servi\\u00e7os, Decore, elabora\\u00e7\\u00e3o de\",\"inLanguage\":\"pt-BR\",\"isPartOf\":{\"@id\":\"https:\\\/\\\/anoticiaonline.com.br\\\/site\\\/#website\"},\"breadcrumb\":{\"@id\":\"https:\\\/\\\/anoticiaonline.com.br\\\/site\\\/crc-realiza-circuito-orientativo-de-fiscalizacao-em-muriae\\\/#breadcrumblist\"},\"author\":{\"@id\":\"https:\\\/\\\/anoticiaonline.com.br\\\/site\\\/author\\\/juliana\\\/#author\"},\"creator\":{\"@id\":\"https:\\\/\\\/anoticiaonline.com.br\\\/site\\\/author\\\/juliana\\\/#author\"},\"image\":{\"@type\":\"ImageObject\",\"url\":\"https:\\\/\\\/anoticiaonline.com.br\\\/site\\\/wp-content\\\/uploads\\\/2017\\\/06\\\/DSC_0263.jpg\",\"@id\":\"https:\\\/\\\/anoticiaonline.com.br\\\/site\\\/crc-realiza-circuito-orientativo-de-fiscalizacao-em-muriae\\\/#mainImage\",\"width\":618,\"height\":409},\"primaryImageOfPage\":{\"@id\":\"https:\\\/\\\/anoticiaonline.com.br\\\/site\\\/crc-realiza-circuito-orientativo-de-fiscalizacao-em-muriae\\\/#mainImage\"},\"datePublished\":\"2017-06-29T14:24:56-03:00\",\"dateModified\":\"2017-06-28T20:39:59-03:00\"},{\"@type\":\"WebSite\",\"@id\":\"https:\\\/\\\/anoticiaonline.com.br\\\/site\\\/#website\",\"url\":\"https:\\\/\\\/anoticiaonline.com.br\\\/site\\\/\",\"name\":\"A Not\\u00edcia Online\",\"description\":\"Noticias de Muria\\u00e9 e regi\\u00e3o\",\"inLanguage\":\"pt-BR\",\"publisher\":{\"@id\":\"https:\\\/\\\/anoticiaonline.com.br\\\/site\\\/#organization\"}}]}\n\t\t<\/script>\n\t\t<!-- All in One SEO -->\n\n","aioseo_head_json":{"title":"CRC realiza Circuito Orientativo de Fiscaliza\u00e7\u00e3o em Muria\u00e9 - A Not\u00edcia Online","description":"Com o objetivo de orientar os profissionais de Contabilidade de Muria\u00e9, a Delegacia Seccional do Conselho Regional de Contabilidade (CRC) recebeu uma palestra orientativa sobre fiscaliza\u00e7\u00e3o. O encontro, que aconteceu na noite de ter\u00e7a-feira (27), no audit\u00f3rio do Senai\/Fiemg, esclareceu d\u00favidas sobre auditoria, cadastro das organiza\u00e7\u00f5es cont\u00e1beis, contrato de presta\u00e7\u00e3o de servi\u00e7os, Decore, elabora\u00e7\u00e3o de","canonical_url":"https:\/\/anoticiaonline.com.br\/site\/crc-realiza-circuito-orientativo-de-fiscalizacao-em-muriae\/","robots":"max-image-preview:large","keywords":"","webmasterTools":{"miscellaneous":""},"schema":{"@context":"https:\/\/schema.org","@graph":[{"@type":"BlogPosting","@id":"https:\/\/anoticiaonline.com.br\/site\/crc-realiza-circuito-orientativo-de-fiscalizacao-em-muriae\/#blogposting","name":"CRC realiza Circuito Orientativo de Fiscaliza\u00e7\u00e3o em Muria\u00e9 - A Not\u00edcia Online","headline":"CRC realiza Circuito Orientativo de Fiscaliza\u00e7\u00e3o em Muria\u00e9","author":{"@id":"https:\/\/anoticiaonline.com.br\/site\/author\/juliana\/#author"},"publisher":{"@id":"https:\/\/anoticiaonline.com.br\/site\/#organization"},"image":{"@type":"ImageObject","url":"https:\/\/anoticiaonline.com.br\/site\/wp-content\/uploads\/2017\/06\/DSC_0263.jpg","width":618,"height":409},"datePublished":"2017-06-29T14:24:56-03:00","dateModified":"2017-06-28T20:39:59-03:00","inLanguage":"pt-BR","mainEntityOfPage":{"@id":"https:\/\/anoticiaonline.com.br\/site\/crc-realiza-circuito-orientativo-de-fiscalizacao-em-muriae\/#webpage"},"isPartOf":{"@id":"https:\/\/anoticiaonline.com.br\/site\/crc-realiza-circuito-orientativo-de-fiscalizacao-em-muriae\/#webpage"},"articleSection":"Blog, CRC, Delegacia Seccional do CRC de Muria\u00e9, Luis Dagnoni, slide"},{"@type":"BreadcrumbList","@id":"https:\/\/anoticiaonline.com.br\/site\/crc-realiza-circuito-orientativo-de-fiscalizacao-em-muriae\/#breadcrumblist","itemListElement":[{"@type":"ListItem","@id":"https:\/\/anoticiaonline.com.br\/site#listItem","position":1,"name":"Home","item":"https:\/\/anoticiaonline.com.br\/site","nextItem":{"@type":"ListItem","@id":"https:\/\/anoticiaonline.com.br\/site\/categoria\/muriae\/#listItem","name":"Blog"}},{"@type":"ListItem","@id":"https:\/\/anoticiaonline.com.br\/site\/categoria\/muriae\/#listItem","position":2,"name":"Blog","item":"https:\/\/anoticiaonline.com.br\/site\/categoria\/muriae\/","nextItem":{"@type":"ListItem","@id":"https:\/\/anoticiaonline.com.br\/site\/crc-realiza-circuito-orientativo-de-fiscalizacao-em-muriae\/#listItem","name":"CRC realiza Circuito Orientativo de Fiscaliza\u00e7\u00e3o em Muria\u00e9"},"previousItem":{"@type":"ListItem","@id":"https:\/\/anoticiaonline.com.br\/site#listItem","name":"Home"}},{"@type":"ListItem","@id":"https:\/\/anoticiaonline.com.br\/site\/crc-realiza-circuito-orientativo-de-fiscalizacao-em-muriae\/#listItem","position":3,"name":"CRC realiza Circuito Orientativo de Fiscaliza\u00e7\u00e3o em Muria\u00e9","previousItem":{"@type":"ListItem","@id":"https:\/\/anoticiaonline.com.br\/site\/categoria\/muriae\/#listItem","name":"Blog"}}]},{"@type":"Organization","@id":"https:\/\/anoticiaonline.com.br\/site\/#organization","name":"A Not\u00edcia Online","description":"Noticias de Muria\u00e9 e regi\u00e3o","url":"https:\/\/anoticiaonline.com.br\/site\/","logo":{"@type":"ImageObject","url":"https:\/\/scontent-gig4-1.xx.fbcdn.net\/v\/t39.30808-1\/270437624_4564083193639691_6907940295614233970_n.jpg?stp=dst-jpg_s200x200_tt6&_nc_cat=111&ccb=1-7&_nc_sid=f907e8&_nc_ohc=SM1wRlP3lJwQ7kNvwEPuBYA&_nc_oc=AdnqrjDN_BNjSSHWO-GbkIWH6fkGMLw4bqvL_NH6e2wMveX7G-rP2dAqsDSq1mJMOaY&_nc_zt=24&_nc_ht=scontent-gig4-1.xx&_nc_gid=AoBFJeGrT1hVaew_6rchkQ&oh=00_AfX7QmFGhQhG2jAllVgXCiM1ZrWgvtp80-Bfppyexh1QEg&oe=689E923C","@id":"https:\/\/anoticiaonline.com.br\/site\/crc-realiza-circuito-orientativo-de-fiscalizacao-em-muriae\/#organizationLogo"},"image":{"@id":"https:\/\/anoticiaonline.com.br\/site\/crc-realiza-circuito-orientativo-de-fiscalizacao-em-muriae\/#organizationLogo"}},{"@type":"Person","@id":"https:\/\/anoticiaonline.com.br\/site\/author\/juliana\/#author","url":"https:\/\/anoticiaonline.com.br\/site\/author\/juliana\/","name":"Juliana Laviola","image":{"@type":"ImageObject","@id":"https:\/\/anoticiaonline.com.br\/site\/crc-realiza-circuito-orientativo-de-fiscalizacao-em-muriae\/#authorImage","url":"https:\/\/secure.gravatar.com\/avatar\/b8d45f5c699b100dfaf0e543582f38f38bf94cb7ae3a5e9abf8d891a34773335?s=96&d=mm&r=g","width":96,"height":96,"caption":"Juliana Laviola"}},{"@type":"WebPage","@id":"https:\/\/anoticiaonline.com.br\/site\/crc-realiza-circuito-orientativo-de-fiscalizacao-em-muriae\/#webpage","url":"https:\/\/anoticiaonline.com.br\/site\/crc-realiza-circuito-orientativo-de-fiscalizacao-em-muriae\/","name":"CRC realiza Circuito Orientativo de Fiscaliza\u00e7\u00e3o em Muria\u00e9 - A Not\u00edcia Online","description":"Com o objetivo de orientar os profissionais de Contabilidade de Muria\u00e9, a Delegacia Seccional do Conselho Regional de Contabilidade (CRC) recebeu uma palestra orientativa sobre fiscaliza\u00e7\u00e3o. O encontro, que aconteceu na noite de ter\u00e7a-feira (27), no audit\u00f3rio do Senai\/Fiemg, esclareceu d\u00favidas sobre auditoria, cadastro das organiza\u00e7\u00f5es cont\u00e1beis, contrato de presta\u00e7\u00e3o de servi\u00e7os, Decore, elabora\u00e7\u00e3o de","inLanguage":"pt-BR","isPartOf":{"@id":"https:\/\/anoticiaonline.com.br\/site\/#website"},"breadcrumb":{"@id":"https:\/\/anoticiaonline.com.br\/site\/crc-realiza-circuito-orientativo-de-fiscalizacao-em-muriae\/#breadcrumblist"},"author":{"@id":"https:\/\/anoticiaonline.com.br\/site\/author\/juliana\/#author"},"creator":{"@id":"https:\/\/anoticiaonline.com.br\/site\/author\/juliana\/#author"},"image":{"@type":"ImageObject","url":"https:\/\/anoticiaonline.com.br\/site\/wp-content\/uploads\/2017\/06\/DSC_0263.jpg","@id":"https:\/\/anoticiaonline.com.br\/site\/crc-realiza-circuito-orientativo-de-fiscalizacao-em-muriae\/#mainImage","width":618,"height":409},"primaryImageOfPage":{"@id":"https:\/\/anoticiaonline.com.br\/site\/crc-realiza-circuito-orientativo-de-fiscalizacao-em-muriae\/#mainImage"},"datePublished":"2017-06-29T14:24:56-03:00","dateModified":"2017-06-28T20:39:59-03:00"},{"@type":"WebSite","@id":"https:\/\/anoticiaonline.com.br\/site\/#website","url":"https:\/\/anoticiaonline.com.br\/site\/","name":"A Not\u00edcia Online","description":"Noticias de Muria\u00e9 e regi\u00e3o","inLanguage":"pt-BR","publisher":{"@id":"https:\/\/anoticiaonline.com.br\/site\/#organization"}}]},"og:locale":"pt_BR","og:site_name":"A Not\u00edcia Online - Noticias de Muria\u00e9 e regi\u00e3o","og:type":"article","og:title":"CRC realiza Circuito Orientativo de Fiscaliza\u00e7\u00e3o em Muria\u00e9 - A Not\u00edcia Online","og:description":"Com o objetivo de orientar os profissionais de Contabilidade de Muria\u00e9, a Delegacia Seccional do Conselho Regional de Contabilidade (CRC) recebeu uma palestra orientativa sobre fiscaliza\u00e7\u00e3o. O encontro, que aconteceu na noite de ter\u00e7a-feira (27), no audit\u00f3rio do Senai\/Fiemg, esclareceu d\u00favidas sobre auditoria, cadastro das organiza\u00e7\u00f5es cont\u00e1beis, contrato de presta\u00e7\u00e3o de servi\u00e7os, Decore, elabora\u00e7\u00e3o de","og:url":"https:\/\/anoticiaonline.com.br\/site\/crc-realiza-circuito-orientativo-de-fiscalizacao-em-muriae\/","og:image":"https:\/\/scontent-gig4-1.xx.fbcdn.net\/v\/t39.30808-1\/270437624_4564083193639691_6907940295614233970_n.jpg?stp=dst-jpg_s200x200_tt6&#038;_nc_cat=111&#038;ccb=1-7&#038;_nc_sid=f907e8&#038;_nc_ohc=SM1wRlP3lJwQ7kNvwEPuBYA&#038;_nc_oc=AdnqrjDN_BNjSSHWO-GbkIWH6fkGMLw4bqvL_NH6e2wMveX7G-rP2dAqsDSq1mJMOaY&#038;_nc_zt=24&#038;_nc_ht=scontent-gig4-1.xx&#038;_nc_gid=AoBFJeGrT1hVaew_6rchkQ&#038;oh=00_AfX7QmFGhQhG2jAllVgXCiM1ZrWgvtp80-Bfppyexh1QEg&#038;oe=689E923C","og:image:secure_url":"https:\/\/scontent-gig4-1.xx.fbcdn.net\/v\/t39.30808-1\/270437624_4564083193639691_6907940295614233970_n.jpg?stp=dst-jpg_s200x200_tt6&#038;_nc_cat=111&#038;ccb=1-7&#038;_nc_sid=f907e8&#038;_nc_ohc=SM1wRlP3lJwQ7kNvwEPuBYA&#038;_nc_oc=AdnqrjDN_BNjSSHWO-GbkIWH6fkGMLw4bqvL_NH6e2wMveX7G-rP2dAqsDSq1mJMOaY&#038;_nc_zt=24&#038;_nc_ht=scontent-gig4-1.xx&#038;_nc_gid=AoBFJeGrT1hVaew_6rchkQ&#038;oh=00_AfX7QmFGhQhG2jAllVgXCiM1ZrWgvtp80-Bfppyexh1QEg&#038;oe=689E923C","article:published_time":"2017-06-29T17:24:56+00:00","article:modified_time":"2017-06-28T23:39:59+00:00","twitter:card":"summary_large_image","twitter:title":"CRC realiza Circuito Orientativo de Fiscaliza\u00e7\u00e3o em Muria\u00e9 - A Not\u00edcia Online","twitter:description":"Com o objetivo de orientar os profissionais de Contabilidade de Muria\u00e9, a Delegacia Seccional do Conselho Regional de Contabilidade (CRC) recebeu uma palestra orientativa sobre fiscaliza\u00e7\u00e3o. O encontro, que aconteceu na noite de ter\u00e7a-feira (27), no audit\u00f3rio do Senai\/Fiemg, esclareceu d\u00favidas sobre auditoria, cadastro das organiza\u00e7\u00f5es cont\u00e1beis, contrato de presta\u00e7\u00e3o de servi\u00e7os, Decore, elabora\u00e7\u00e3o de","twitter:image":"https:\/\/scontent-gig4-1.xx.fbcdn.net\/v\/t39.30808-1\/270437624_4564083193639691_6907940295614233970_n.jpg?stp=dst-jpg_s200x200_tt6&_nc_cat=111&ccb=1-7&_nc_sid=f907e8&_nc_ohc=SM1wRlP3lJwQ7kNvwEPuBYA&_nc_oc=AdnqrjDN_BNjSSHWO-GbkIWH6fkGMLw4bqvL_NH6e2wMveX7G-rP2dAqsDSq1mJMOaY&_nc_zt=24&_nc_ht=scontent-gig4-1.xx&_nc_gid=AoBFJeGrT1hVaew_6rchkQ&oh=00_AfX7QmFGhQhG2jAllVgXCiM1ZrWgvtp80-Bfppyexh1QEg&oe=689E923C"},"aioseo_meta_data":{"post_id":"34093","title":null,"description":null,"keywords":null,"keyphrases":null,"primary_term":null,"canonical_url":null,"og_title":null,"og_description":null,"og_object_type":"default","og_image_type":"default","og_image_url":null,"og_image_width":null,"og_image_height":null,"og_image_custom_url":null,"og_image_custom_fields":null,"og_video":null,"og_custom_url":null,"og_article_section":null,"og_article_tags":null,"twitter_use_og":false,"twitter_card":"default","twitter_image_type":"default","twitter_image_url":null,"twitter_image_custom_url":null,"twitter_image_custom_fields":null,"twitter_title":null,"twitter_description":null,"schema":{"blockGraphs":[],"customGraphs":[],"default":{"data":{"Article":[],"Course":[],"Dataset":[],"FAQPage":[],"Movie":[],"Person":[],"Product":[],"ProductReview":[],"Car":[],"Recipe":[],"Service":[],"SoftwareApplication":[],"WebPage":[]},"graphName":"","isEnabled":true},"graphs":[]},"schema_type":"default","schema_type_options":null,"pillar_content":false,"robots_default":true,"robots_noindex":false,"robots_noarchive":false,"robots_nosnippet":false,"robots_nofollow":false,"robots_noimageindex":false,"robots_noodp":false,"robots_notranslate":false,"robots_max_snippet":null,"robots_max_videopreview":null,"robots_max_imagepreview":"large","priority":null,"frequency":null,"local_seo":null,"breadcrumb_settings":null,"limit_modified_date":false,"ai":null,"created":"2025-08-16 18:46:39","updated":"2025-08-16 18:46:39","focus_keyword":null,"additional_keywords":null,"truseo_locale":null,"seo_analyzer_scan_date":null},"aioseo_breadcrumb":"<div class=\"aioseo-breadcrumbs\"><span class=\"aioseo-breadcrumb\">\n\t\t\t<a href=\"https:\/\/anoticiaonline.com.br\/site\" title=\"Home\">Home<\/a>\n\t\t<\/span><span class=\"aioseo-breadcrumb-separator\">&raquo;<\/span><span class=\"aioseo-breadcrumb\">\n\t\t\t<a href=\"https:\/\/anoticiaonline.com.br\/site\/categoria\/muriae\/\" title=\"Blog\">Blog<\/a>\n\t\t<\/span><span class=\"aioseo-breadcrumb-separator\">&raquo;<\/span><span class=\"aioseo-breadcrumb\">\n\t\t\tCRC realiza Circuito Orientativo de Fiscaliza\u00e7\u00e3o em Muria\u00e9\n\t\t<\/span><\/div>","aioseo_breadcrumb_json":[{"label":"Home","link":"https:\/\/anoticiaonline.com.br\/site"},{"label":"Blog","link":"https:\/\/anoticiaonline.com.br\/site\/categoria\/muriae\/"},{"label":"CRC realiza Circuito Orientativo de Fiscaliza\u00e7\u00e3o em Muria\u00e9","link":"https:\/\/anoticiaonline.com.br\/site\/crc-realiza-circuito-orientativo-de-fiscalizacao-em-muriae\/"}],"views":137,"_links":{"self":[{"href":"https:\/\/anoticiaonline.com.br\/site\/wp-json\/wp\/v2\/posts\/34093","targetHints":{"allow":["GET"]}}],"collection":[{"href":"https:\/\/anoticiaonline.com.br\/site\/wp-json\/wp\/v2\/posts"}],"about":[{"href":"https:\/\/anoticiaonline.com.br\/site\/wp-json\/wp\/v2\/types\/post"}],"author":[{"embeddable":true,"href":"https:\/\/anoticiaonline.com.br\/site\/wp-json\/wp\/v2\/users\/2"}],"replies":[{"embeddable":true,"href":"https:\/\/anoticiaonline.com.br\/site\/wp-json\/wp\/v2\/comments?post=34093"}],"version-history":[{"count":0,"href":"https:\/\/anoticiaonline.com.br\/site\/wp-json\/wp\/v2\/posts\/34093\/revisions"}],"wp:featuredmedia":[{"embeddable":true,"href":"https:\/\/anoticiaonline.com.br\/site\/wp-json\/wp\/v2\/media\/34095"}],"wp:attachment":[{"href":"https:\/\/anoticiaonline.com.br\/site\/wp-json\/wp\/v2\/media?parent=34093"}],"wp:term":[{"taxonomy":"category","embeddable":true,"href":"https:\/\/anoticiaonline.com.br\/site\/wp-json\/wp\/v2\/categories?post=34093"},{"taxonomy":"post_tag","embeddable":true,"href":"https:\/\/anoticiaonline.com.br\/site\/wp-json\/wp\/v2\/tags?post=34093"}],"curies":[{"name":"wp","href":"https:\/\/api.w.org\/{rel}","templated":true}]}}