{"id":33993,"date":"2017-06-28T20:07:35","date_gmt":"2017-06-28T23:07:35","guid":{"rendered":"http:\/\/anoticiaonline.com.br\/site\/?p=33993"},"modified":"2017-06-29T09:47:57","modified_gmt":"2017-06-29T12:47:57","slug":"um-brasil-surreal","status":"publish","type":"post","link":"https:\/\/anoticiaonline.com.br\/site\/um-brasil-surreal\/","title":{"rendered":"Um Brasil surreal"},"content":{"rendered":"<p>O surrealismo foi um movimento art\u00edstico e liter\u00e1rio de origem francesa, caracterizado pela express\u00e3o do pensamento de maneira espont\u00e2nea e autom\u00e1tica, regrada apenas pelos impulsos do subconsciente, desprezando a l\u00f3gica e renegando os padr\u00f5es de ordem moral e social. Este movimento definia a import\u00e2ncia do inconsciente na criatividade do ser humano que se mostrava vulner\u00e1vel diante da realidade.<\/p>\n<p>\u00c9 claro que fui buscar no conte\u00fado da hist\u00f3ria as informa\u00e7\u00f5es necess\u00e1rias para melhor definir o surrealismo do qual tanto se ouve falar e que nos parece que o pa\u00eds est\u00e1 vivendo.<\/p>\n<p>Considerando tudo o que vem acontecendo na Hist\u00f3ria contempor\u00e2nea e a vulnerabilidade em que se encontra o pa\u00eds nos dias atuais, pode-se afirmar, com absoluta convic\u00e7\u00e3o, que o Brasil de hoje \u00e9 um pa\u00eds surreal, devido \u00e0 forma fantasiosa, os devaneios, as inconsist\u00eancias e, principalmente, a falta de l\u00f3gica dos governantes e da maioria das nossas institui\u00e7\u00f5es no trato dos principais problemas que nos afligem. Al\u00e9m disso, a subvers\u00e3o da ordem e a invers\u00e3o de valores t\u00eam sido constantes no nosso meio.<\/p>\n<p>Depois de ouvir o discurso desesperado do presidente Temer, tentando subverter a ordem dos fatos e atirar para todos os lados como se fosse uma metralhadora girat\u00f3ria, principalmente nos integrantes da Procuradoria-Geral da Rep\u00fablica, constatei que no bojo de sua fala continha tudo aquilo que pode ser considerado surreal. Um discurso de sonhos, fantasias, devaneios e aus\u00eancia de l\u00f3gica, em que a falta de consci\u00eancia falou mais alto. Ele saiu da posi\u00e7\u00e3o defensiva e passou a atacar os membros da Procuradoria, como se esse fosse o seu \u00fanico meio de defesa. Depois da constata\u00e7\u00e3o dos fortes ind\u00edcios de provas contr\u00e1rias, pouqu\u00edssimas lideran\u00e7as se dispuseram a acompanh\u00e1-lo em sua fala, mostrando o quanto ele est\u00e1 perdido no meio dos seus devaneios, das inconsist\u00eancias e da falta de l\u00f3gica. \u00c9 dessa forma que o presidente Temer pretende permanecer no cargo de presidente da Rep\u00fablica at\u00e9 2018.<\/p>\n<p>Ali\u00e1s, a falta de l\u00f3gica \u00e9 a t\u00f4nica de tudo que tem acontecido no pa\u00eds. H\u00e1 poucos dias, em julgamento da chapa Dilma\/Temer, feito pelo Tribunal Superior Eleitoral (TSE), ambos foram absolvidos, apesar das contundentes provas de abuso de poder econ\u00f4mico, do uso de recursos de propinas e do famoso caixa dois, utilizados em suas campanhas; no impeachment da ex-presidente Dilma, o Senado cassou-lhe o mandado, mas deixou intactos os seus direitos pol\u00edticos, numa flagrante desobedi\u00eancia \u00e0 Constitui\u00e7\u00e3o; tamb\u00e9m o Supremo Tribunal Federal, a mesma institui\u00e7\u00e3o que considerou como v\u00e1lidas as grava\u00e7\u00f5es do presidente Temer, feitas de forma clandestina pelo dono da JBS, Joesley Batista, foi a Corte de Justi\u00e7a que proibiu anteriormente a veicula\u00e7\u00e3o das grava\u00e7\u00f5es de Dilma e Lula, quando a ex-presidente, ainda no exerc\u00edcio do cargo, tentou obstruir a Justi\u00e7a, nomeando Lula para o seu minist\u00e9rio, em busca de prote\u00e7\u00e3o para o seu \u201cinventor\u201d atrav\u00e9s do foro privilegiado; de outro lado, empresas flagradas em crimes de corrup\u00e7\u00e3o ativa s\u00e3o as mesmas que continuam a contratar obras com o governo, por causa dos chamados acordos de leni\u00eancia; nas elei\u00e7\u00f5es proporcionais, vota-se em um candidato e elege-se outro, devido \u00e0s coliga\u00e7\u00f5es partid\u00e1rias; e, por fim, temos a\u00ed um exemplo mais contundente ainda: Lula, que enquanto presidente, fomentou o maior esquema de corrup\u00e7\u00e3o dentro das estatais brasileiras e que atualmente \u00e9 r\u00e9u em v\u00e1rios processos no STF, \u00e9 o candidato melhor posicionado nas pesquisas eleitorais para a presid\u00eancia da Rep\u00fablica em 2018. Vai entender!<\/p>\n<p>Este \u00e9 o retrato do Brasil que se comporta de forma contradit\u00f3ria no meio de devaneios, de inconsist\u00eancias e da falta de l\u00f3gica; um pa\u00eds que tem se mostrado absolutamente vulner\u00e1vel diante da realidade; um pa\u00eds surreal.<\/p>\n","protected":false},"excerpt":{"rendered":"<p>O surrealismo foi um movimento art\u00edstico e liter\u00e1rio de origem francesa, caracterizado pela express\u00e3o do pensamento de maneira espont\u00e2nea e autom\u00e1tica, regrada apenas pelos impulsos do subconsciente, desprezando a l\u00f3gica e renegando os padr\u00f5es de ordem moral e social. Este movimento definia a import\u00e2ncia do inconsciente na criatividade do ser humano que se mostrava vulner\u00e1vel &#8230; <a title=\"Um Brasil surreal\" class=\"read-more\" href=\"https:\/\/anoticiaonline.com.br\/site\/um-brasil-surreal\/\" aria-label=\"Read more about Um Brasil surreal\">Ler mais<\/a><\/p>\n","protected":false},"author":2,"featured_media":0,"comment_status":"open","ping_status":"open","sticky":false,"template":"","format":"standard","meta":{"_acf_changed":false,"_monsterinsights_skip_tracking":false,"footnotes":""},"categories":[33],"tags":[362,74,352],"class_list":["post-33993","post","type-post","status-publish","format-standard","hentry","category-politica-e-atualidades-francisco-laviola","tag-brasil","tag-muriae","tag-politica"],"acf":[],"aioseo_notices":[],"aioseo_head":"\n\t\t<!-- All in One SEO 5.0.0.1 - aioseo.com -->\n\t<meta name=\"description\" content=\"O surrealismo foi um movimento art\u00edstico e liter\u00e1rio de origem francesa, caracterizado pela express\u00e3o do pensamento de maneira espont\u00e2nea e autom\u00e1tica, regrada apenas pelos impulsos do subconsciente, desprezando a l\u00f3gica e renegando os padr\u00f5es de ordem moral e social. Este movimento definia a import\u00e2ncia do inconsciente na criatividade do ser humano que se mostrava vulner\u00e1vel\" \/>\n\t<meta name=\"robots\" content=\"max-image-preview:large\" \/>\n\t<meta name=\"author\" content=\"Juliana Laviola\"\/>\n\t<link rel=\"canonical\" href=\"https:\/\/anoticiaonline.com.br\/site\/um-brasil-surreal\/\" \/>\n\t<meta name=\"generator\" content=\"All in One SEO (AIOSEO) 5.0.0.1\" \/>\n\t\t<meta property=\"og:locale\" content=\"pt_BR\" \/>\n\t\t<meta property=\"og:site_name\" content=\"A Not\u00edcia Online - Noticias de Muria\u00e9 e regi\u00e3o\" \/>\n\t\t<meta property=\"og:type\" content=\"article\" \/>\n\t\t<meta property=\"og:title\" content=\"Um Brasil surreal - A Not\u00edcia Online\" \/>\n\t\t<meta property=\"og:description\" content=\"O surrealismo foi um movimento art\u00edstico e liter\u00e1rio de origem francesa, caracterizado pela express\u00e3o do pensamento de maneira espont\u00e2nea e autom\u00e1tica, regrada apenas pelos impulsos do subconsciente, desprezando a l\u00f3gica e renegando os padr\u00f5es de ordem moral e social. Este movimento definia a import\u00e2ncia do inconsciente na criatividade do ser humano que se mostrava vulner\u00e1vel\" \/>\n\t\t<meta property=\"og:url\" content=\"https:\/\/anoticiaonline.com.br\/site\/um-brasil-surreal\/\" \/>\n\t\t<meta property=\"og:image\" content=\"https:\/\/scontent-gig4-1.xx.fbcdn.net\/v\/t39.30808-1\/270437624_4564083193639691_6907940295614233970_n.jpg?stp=dst-jpg_s200x200_tt6&#038;_nc_cat=111&#038;ccb=1-7&#038;_nc_sid=f907e8&#038;_nc_ohc=SM1wRlP3lJwQ7kNvwEPuBYA&#038;_nc_oc=AdnqrjDN_BNjSSHWO-GbkIWH6fkGMLw4bqvL_NH6e2wMveX7G-rP2dAqsDSq1mJMOaY&#038;_nc_zt=24&#038;_nc_ht=scontent-gig4-1.xx&#038;_nc_gid=AoBFJeGrT1hVaew_6rchkQ&#038;oh=00_AfX7QmFGhQhG2jAllVgXCiM1ZrWgvtp80-Bfppyexh1QEg&#038;oe=689E923C\" \/>\n\t\t<meta property=\"og:image:secure_url\" content=\"https:\/\/scontent-gig4-1.xx.fbcdn.net\/v\/t39.30808-1\/270437624_4564083193639691_6907940295614233970_n.jpg?stp=dst-jpg_s200x200_tt6&#038;_nc_cat=111&#038;ccb=1-7&#038;_nc_sid=f907e8&#038;_nc_ohc=SM1wRlP3lJwQ7kNvwEPuBYA&#038;_nc_oc=AdnqrjDN_BNjSSHWO-GbkIWH6fkGMLw4bqvL_NH6e2wMveX7G-rP2dAqsDSq1mJMOaY&#038;_nc_zt=24&#038;_nc_ht=scontent-gig4-1.xx&#038;_nc_gid=AoBFJeGrT1hVaew_6rchkQ&#038;oh=00_AfX7QmFGhQhG2jAllVgXCiM1ZrWgvtp80-Bfppyexh1QEg&#038;oe=689E923C\" \/>\n\t\t<meta property=\"article:published_time\" content=\"2017-06-28T23:07:35+00:00\" \/>\n\t\t<meta property=\"article:modified_time\" content=\"2017-06-29T12:47:57+00:00\" \/>\n\t\t<meta name=\"twitter:card\" content=\"summary_large_image\" \/>\n\t\t<meta name=\"twitter:title\" content=\"Um Brasil surreal - A Not\u00edcia Online\" \/>\n\t\t<meta name=\"twitter:description\" content=\"O surrealismo foi um movimento art\u00edstico e liter\u00e1rio de origem francesa, caracterizado pela express\u00e3o do pensamento de maneira espont\u00e2nea e autom\u00e1tica, regrada apenas pelos impulsos do subconsciente, desprezando a l\u00f3gica e renegando os padr\u00f5es de ordem moral e social. Este movimento definia a import\u00e2ncia do inconsciente na criatividade do ser humano que se mostrava vulner\u00e1vel\" \/>\n\t\t<meta name=\"twitter:image\" content=\"https:\/\/scontent-gig4-1.xx.fbcdn.net\/v\/t39.30808-1\/270437624_4564083193639691_6907940295614233970_n.jpg?stp=dst-jpg_s200x200_tt6&amp;_nc_cat=111&amp;ccb=1-7&amp;_nc_sid=f907e8&amp;_nc_ohc=SM1wRlP3lJwQ7kNvwEPuBYA&amp;_nc_oc=AdnqrjDN_BNjSSHWO-GbkIWH6fkGMLw4bqvL_NH6e2wMveX7G-rP2dAqsDSq1mJMOaY&amp;_nc_zt=24&amp;_nc_ht=scontent-gig4-1.xx&amp;_nc_gid=AoBFJeGrT1hVaew_6rchkQ&amp;oh=00_AfX7QmFGhQhG2jAllVgXCiM1ZrWgvtp80-Bfppyexh1QEg&amp;oe=689E923C\" \/>\n\t\t<script type=\"application\/ld+json\" class=\"aioseo-schema\">\n\t\t\t{\"@context\":\"https:\\\/\\\/schema.org\",\"@graph\":[{\"@type\":\"BlogPosting\",\"@id\":\"https:\\\/\\\/anoticiaonline.com.br\\\/site\\\/um-brasil-surreal\\\/#blogposting\",\"name\":\"Um Brasil surreal - A Not\\u00edcia Online\",\"headline\":\"Um Brasil surreal\",\"author\":{\"@id\":\"https:\\\/\\\/anoticiaonline.com.br\\\/site\\\/author\\\/juliana\\\/#author\"},\"publisher\":{\"@id\":\"https:\\\/\\\/anoticiaonline.com.br\\\/site\\\/#organization\"},\"image\":{\"@type\":\"ImageObject\",\"url\":\"https:\\\/\\\/scontent-gig4-1.xx.fbcdn.net\\\/v\\\/t39.30808-1\\\/270437624_4564083193639691_6907940295614233970_n.jpg?stp=dst-jpg_s200x200_tt6&_nc_cat=111&ccb=1-7&_nc_sid=f907e8&_nc_ohc=SM1wRlP3lJwQ7kNvwEPuBYA&_nc_oc=AdnqrjDN_BNjSSHWO-GbkIWH6fkGMLw4bqvL_NH6e2wMveX7G-rP2dAqsDSq1mJMOaY&_nc_zt=24&_nc_ht=scontent-gig4-1.xx&_nc_gid=AoBFJeGrT1hVaew_6rchkQ&oh=00_AfX7QmFGhQhG2jAllVgXCiM1ZrWgvtp80-Bfppyexh1QEg&oe=689E923C\",\"@id\":\"https:\\\/\\\/anoticiaonline.com.br\\\/site\\\/#articleImage\"},\"datePublished\":\"2017-06-28T20:07:35-03:00\",\"dateModified\":\"2017-06-29T09:47:57-03:00\",\"inLanguage\":\"pt-BR\",\"mainEntityOfPage\":{\"@id\":\"https:\\\/\\\/anoticiaonline.com.br\\\/site\\\/um-brasil-surreal\\\/#webpage\"},\"isPartOf\":{\"@id\":\"https:\\\/\\\/anoticiaonline.com.br\\\/site\\\/um-brasil-surreal\\\/#webpage\"},\"articleSection\":\"Pol\\u00edtica e Atualidades - Francisco Laviola, brasil, Muria\\u00e9, pol\\u00edtica\"},{\"@type\":\"BreadcrumbList\",\"@id\":\"https:\\\/\\\/anoticiaonline.com.br\\\/site\\\/um-brasil-surreal\\\/#breadcrumblist\",\"itemListElement\":[{\"@type\":\"ListItem\",\"@id\":\"https:\\\/\\\/anoticiaonline.com.br\\\/site#listItem\",\"position\":1,\"name\":\"Home\",\"item\":\"https:\\\/\\\/anoticiaonline.com.br\\\/site\",\"nextItem\":{\"@type\":\"ListItem\",\"@id\":\"https:\\\/\\\/anoticiaonline.com.br\\\/site\\\/categoria\\\/colunistas\\\/#listItem\",\"name\":\"Colunistas\"}},{\"@type\":\"ListItem\",\"@id\":\"https:\\\/\\\/anoticiaonline.com.br\\\/site\\\/categoria\\\/colunistas\\\/#listItem\",\"position\":2,\"name\":\"Colunistas\",\"item\":\"https:\\\/\\\/anoticiaonline.com.br\\\/site\\\/categoria\\\/colunistas\\\/\",\"nextItem\":{\"@type\":\"ListItem\",\"@id\":\"https:\\\/\\\/anoticiaonline.com.br\\\/site\\\/categoria\\\/colunistas\\\/politica-e-atualidades-francisco-laviola\\\/#listItem\",\"name\":\"Pol\\u00edtica e Atualidades - Francisco Laviola\"},\"previousItem\":{\"@type\":\"ListItem\",\"@id\":\"https:\\\/\\\/anoticiaonline.com.br\\\/site#listItem\",\"name\":\"Home\"}},{\"@type\":\"ListItem\",\"@id\":\"https:\\\/\\\/anoticiaonline.com.br\\\/site\\\/categoria\\\/colunistas\\\/politica-e-atualidades-francisco-laviola\\\/#listItem\",\"position\":3,\"name\":\"Pol\\u00edtica e Atualidades - Francisco Laviola\",\"item\":\"https:\\\/\\\/anoticiaonline.com.br\\\/site\\\/categoria\\\/colunistas\\\/politica-e-atualidades-francisco-laviola\\\/\",\"nextItem\":{\"@type\":\"ListItem\",\"@id\":\"https:\\\/\\\/anoticiaonline.com.br\\\/site\\\/um-brasil-surreal\\\/#listItem\",\"name\":\"Um Brasil surreal\"},\"previousItem\":{\"@type\":\"ListItem\",\"@id\":\"https:\\\/\\\/anoticiaonline.com.br\\\/site\\\/categoria\\\/colunistas\\\/#listItem\",\"name\":\"Colunistas\"}},{\"@type\":\"ListItem\",\"@id\":\"https:\\\/\\\/anoticiaonline.com.br\\\/site\\\/um-brasil-surreal\\\/#listItem\",\"position\":4,\"name\":\"Um Brasil surreal\",\"previousItem\":{\"@type\":\"ListItem\",\"@id\":\"https:\\\/\\\/anoticiaonline.com.br\\\/site\\\/categoria\\\/colunistas\\\/politica-e-atualidades-francisco-laviola\\\/#listItem\",\"name\":\"Pol\\u00edtica e Atualidades - Francisco Laviola\"}}]},{\"@type\":\"Organization\",\"@id\":\"https:\\\/\\\/anoticiaonline.com.br\\\/site\\\/#organization\",\"name\":\"A Not\\u00edcia Online\",\"description\":\"Noticias de Muria\\u00e9 e regi\\u00e3o\",\"url\":\"https:\\\/\\\/anoticiaonline.com.br\\\/site\\\/\",\"logo\":{\"@type\":\"ImageObject\",\"url\":\"https:\\\/\\\/scontent-gig4-1.xx.fbcdn.net\\\/v\\\/t39.30808-1\\\/270437624_4564083193639691_6907940295614233970_n.jpg?stp=dst-jpg_s200x200_tt6&_nc_cat=111&ccb=1-7&_nc_sid=f907e8&_nc_ohc=SM1wRlP3lJwQ7kNvwEPuBYA&_nc_oc=AdnqrjDN_BNjSSHWO-GbkIWH6fkGMLw4bqvL_NH6e2wMveX7G-rP2dAqsDSq1mJMOaY&_nc_zt=24&_nc_ht=scontent-gig4-1.xx&_nc_gid=AoBFJeGrT1hVaew_6rchkQ&oh=00_AfX7QmFGhQhG2jAllVgXCiM1ZrWgvtp80-Bfppyexh1QEg&oe=689E923C\",\"@id\":\"https:\\\/\\\/anoticiaonline.com.br\\\/site\\\/um-brasil-surreal\\\/#organizationLogo\"},\"image\":{\"@id\":\"https:\\\/\\\/anoticiaonline.com.br\\\/site\\\/um-brasil-surreal\\\/#organizationLogo\"}},{\"@type\":\"Person\",\"@id\":\"https:\\\/\\\/anoticiaonline.com.br\\\/site\\\/author\\\/juliana\\\/#author\",\"url\":\"https:\\\/\\\/anoticiaonline.com.br\\\/site\\\/author\\\/juliana\\\/\",\"name\":\"Juliana Laviola\",\"image\":{\"@type\":\"ImageObject\",\"@id\":\"https:\\\/\\\/anoticiaonline.com.br\\\/site\\\/um-brasil-surreal\\\/#authorImage\",\"url\":\"https:\\\/\\\/secure.gravatar.com\\\/avatar\\\/b8d45f5c699b100dfaf0e543582f38f38bf94cb7ae3a5e9abf8d891a34773335?s=96&d=mm&r=g\",\"width\":96,\"height\":96,\"caption\":\"Juliana Laviola\"}},{\"@type\":\"WebPage\",\"@id\":\"https:\\\/\\\/anoticiaonline.com.br\\\/site\\\/um-brasil-surreal\\\/#webpage\",\"url\":\"https:\\\/\\\/anoticiaonline.com.br\\\/site\\\/um-brasil-surreal\\\/\",\"name\":\"Um Brasil surreal - A Not\\u00edcia Online\",\"description\":\"O surrealismo foi um movimento art\\u00edstico e liter\\u00e1rio de origem francesa, caracterizado pela express\\u00e3o do pensamento de maneira espont\\u00e2nea e autom\\u00e1tica, regrada apenas pelos impulsos do subconsciente, desprezando a l\\u00f3gica e renegando os padr\\u00f5es de ordem moral e social. Este movimento definia a import\\u00e2ncia do inconsciente na criatividade do ser humano que se mostrava vulner\\u00e1vel\",\"inLanguage\":\"pt-BR\",\"isPartOf\":{\"@id\":\"https:\\\/\\\/anoticiaonline.com.br\\\/site\\\/#website\"},\"breadcrumb\":{\"@id\":\"https:\\\/\\\/anoticiaonline.com.br\\\/site\\\/um-brasil-surreal\\\/#breadcrumblist\"},\"author\":{\"@id\":\"https:\\\/\\\/anoticiaonline.com.br\\\/site\\\/author\\\/juliana\\\/#author\"},\"creator\":{\"@id\":\"https:\\\/\\\/anoticiaonline.com.br\\\/site\\\/author\\\/juliana\\\/#author\"},\"datePublished\":\"2017-06-28T20:07:35-03:00\",\"dateModified\":\"2017-06-29T09:47:57-03:00\"},{\"@type\":\"WebSite\",\"@id\":\"https:\\\/\\\/anoticiaonline.com.br\\\/site\\\/#website\",\"url\":\"https:\\\/\\\/anoticiaonline.com.br\\\/site\\\/\",\"name\":\"A Not\\u00edcia Online\",\"description\":\"Noticias de Muria\\u00e9 e regi\\u00e3o\",\"inLanguage\":\"pt-BR\",\"publisher\":{\"@id\":\"https:\\\/\\\/anoticiaonline.com.br\\\/site\\\/#organization\"}}]}\n\t\t<\/script>\n\t\t<!-- All in One SEO -->\n\n","aioseo_head_json":{"title":"Um Brasil surreal - A Not\u00edcia Online","description":"O surrealismo foi um movimento art\u00edstico e liter\u00e1rio de origem francesa, caracterizado pela express\u00e3o do pensamento de maneira espont\u00e2nea e autom\u00e1tica, regrada apenas pelos impulsos do subconsciente, desprezando a l\u00f3gica e renegando os padr\u00f5es de ordem moral e social. Este movimento definia a import\u00e2ncia do inconsciente na criatividade do ser humano que se mostrava vulner\u00e1vel","canonical_url":"https:\/\/anoticiaonline.com.br\/site\/um-brasil-surreal\/","robots":"max-image-preview:large","keywords":"","webmasterTools":{"miscellaneous":""},"schema":{"@context":"https:\/\/schema.org","@graph":[{"@type":"BlogPosting","@id":"https:\/\/anoticiaonline.com.br\/site\/um-brasil-surreal\/#blogposting","name":"Um Brasil surreal - A Not\u00edcia Online","headline":"Um Brasil surreal","author":{"@id":"https:\/\/anoticiaonline.com.br\/site\/author\/juliana\/#author"},"publisher":{"@id":"https:\/\/anoticiaonline.com.br\/site\/#organization"},"image":{"@type":"ImageObject","url":"https:\/\/scontent-gig4-1.xx.fbcdn.net\/v\/t39.30808-1\/270437624_4564083193639691_6907940295614233970_n.jpg?stp=dst-jpg_s200x200_tt6&_nc_cat=111&ccb=1-7&_nc_sid=f907e8&_nc_ohc=SM1wRlP3lJwQ7kNvwEPuBYA&_nc_oc=AdnqrjDN_BNjSSHWO-GbkIWH6fkGMLw4bqvL_NH6e2wMveX7G-rP2dAqsDSq1mJMOaY&_nc_zt=24&_nc_ht=scontent-gig4-1.xx&_nc_gid=AoBFJeGrT1hVaew_6rchkQ&oh=00_AfX7QmFGhQhG2jAllVgXCiM1ZrWgvtp80-Bfppyexh1QEg&oe=689E923C","@id":"https:\/\/anoticiaonline.com.br\/site\/#articleImage"},"datePublished":"2017-06-28T20:07:35-03:00","dateModified":"2017-06-29T09:47:57-03:00","inLanguage":"pt-BR","mainEntityOfPage":{"@id":"https:\/\/anoticiaonline.com.br\/site\/um-brasil-surreal\/#webpage"},"isPartOf":{"@id":"https:\/\/anoticiaonline.com.br\/site\/um-brasil-surreal\/#webpage"},"articleSection":"Pol\u00edtica e Atualidades - Francisco Laviola, brasil, Muria\u00e9, pol\u00edtica"},{"@type":"BreadcrumbList","@id":"https:\/\/anoticiaonline.com.br\/site\/um-brasil-surreal\/#breadcrumblist","itemListElement":[{"@type":"ListItem","@id":"https:\/\/anoticiaonline.com.br\/site#listItem","position":1,"name":"Home","item":"https:\/\/anoticiaonline.com.br\/site","nextItem":{"@type":"ListItem","@id":"https:\/\/anoticiaonline.com.br\/site\/categoria\/colunistas\/#listItem","name":"Colunistas"}},{"@type":"ListItem","@id":"https:\/\/anoticiaonline.com.br\/site\/categoria\/colunistas\/#listItem","position":2,"name":"Colunistas","item":"https:\/\/anoticiaonline.com.br\/site\/categoria\/colunistas\/","nextItem":{"@type":"ListItem","@id":"https:\/\/anoticiaonline.com.br\/site\/categoria\/colunistas\/politica-e-atualidades-francisco-laviola\/#listItem","name":"Pol\u00edtica e Atualidades - Francisco Laviola"},"previousItem":{"@type":"ListItem","@id":"https:\/\/anoticiaonline.com.br\/site#listItem","name":"Home"}},{"@type":"ListItem","@id":"https:\/\/anoticiaonline.com.br\/site\/categoria\/colunistas\/politica-e-atualidades-francisco-laviola\/#listItem","position":3,"name":"Pol\u00edtica e Atualidades - Francisco Laviola","item":"https:\/\/anoticiaonline.com.br\/site\/categoria\/colunistas\/politica-e-atualidades-francisco-laviola\/","nextItem":{"@type":"ListItem","@id":"https:\/\/anoticiaonline.com.br\/site\/um-brasil-surreal\/#listItem","name":"Um Brasil surreal"},"previousItem":{"@type":"ListItem","@id":"https:\/\/anoticiaonline.com.br\/site\/categoria\/colunistas\/#listItem","name":"Colunistas"}},{"@type":"ListItem","@id":"https:\/\/anoticiaonline.com.br\/site\/um-brasil-surreal\/#listItem","position":4,"name":"Um Brasil surreal","previousItem":{"@type":"ListItem","@id":"https:\/\/anoticiaonline.com.br\/site\/categoria\/colunistas\/politica-e-atualidades-francisco-laviola\/#listItem","name":"Pol\u00edtica e Atualidades - Francisco Laviola"}}]},{"@type":"Organization","@id":"https:\/\/anoticiaonline.com.br\/site\/#organization","name":"A Not\u00edcia Online","description":"Noticias de Muria\u00e9 e regi\u00e3o","url":"https:\/\/anoticiaonline.com.br\/site\/","logo":{"@type":"ImageObject","url":"https:\/\/scontent-gig4-1.xx.fbcdn.net\/v\/t39.30808-1\/270437624_4564083193639691_6907940295614233970_n.jpg?stp=dst-jpg_s200x200_tt6&_nc_cat=111&ccb=1-7&_nc_sid=f907e8&_nc_ohc=SM1wRlP3lJwQ7kNvwEPuBYA&_nc_oc=AdnqrjDN_BNjSSHWO-GbkIWH6fkGMLw4bqvL_NH6e2wMveX7G-rP2dAqsDSq1mJMOaY&_nc_zt=24&_nc_ht=scontent-gig4-1.xx&_nc_gid=AoBFJeGrT1hVaew_6rchkQ&oh=00_AfX7QmFGhQhG2jAllVgXCiM1ZrWgvtp80-Bfppyexh1QEg&oe=689E923C","@id":"https:\/\/anoticiaonline.com.br\/site\/um-brasil-surreal\/#organizationLogo"},"image":{"@id":"https:\/\/anoticiaonline.com.br\/site\/um-brasil-surreal\/#organizationLogo"}},{"@type":"Person","@id":"https:\/\/anoticiaonline.com.br\/site\/author\/juliana\/#author","url":"https:\/\/anoticiaonline.com.br\/site\/author\/juliana\/","name":"Juliana Laviola","image":{"@type":"ImageObject","@id":"https:\/\/anoticiaonline.com.br\/site\/um-brasil-surreal\/#authorImage","url":"https:\/\/secure.gravatar.com\/avatar\/b8d45f5c699b100dfaf0e543582f38f38bf94cb7ae3a5e9abf8d891a34773335?s=96&d=mm&r=g","width":96,"height":96,"caption":"Juliana Laviola"}},{"@type":"WebPage","@id":"https:\/\/anoticiaonline.com.br\/site\/um-brasil-surreal\/#webpage","url":"https:\/\/anoticiaonline.com.br\/site\/um-brasil-surreal\/","name":"Um Brasil surreal - A Not\u00edcia Online","description":"O surrealismo foi um movimento art\u00edstico e liter\u00e1rio de origem francesa, caracterizado pela express\u00e3o do pensamento de maneira espont\u00e2nea e autom\u00e1tica, regrada apenas pelos impulsos do subconsciente, desprezando a l\u00f3gica e renegando os padr\u00f5es de ordem moral e social. Este movimento definia a import\u00e2ncia do inconsciente na criatividade do ser humano que se mostrava vulner\u00e1vel","inLanguage":"pt-BR","isPartOf":{"@id":"https:\/\/anoticiaonline.com.br\/site\/#website"},"breadcrumb":{"@id":"https:\/\/anoticiaonline.com.br\/site\/um-brasil-surreal\/#breadcrumblist"},"author":{"@id":"https:\/\/anoticiaonline.com.br\/site\/author\/juliana\/#author"},"creator":{"@id":"https:\/\/anoticiaonline.com.br\/site\/author\/juliana\/#author"},"datePublished":"2017-06-28T20:07:35-03:00","dateModified":"2017-06-29T09:47:57-03:00"},{"@type":"WebSite","@id":"https:\/\/anoticiaonline.com.br\/site\/#website","url":"https:\/\/anoticiaonline.com.br\/site\/","name":"A Not\u00edcia Online","description":"Noticias de Muria\u00e9 e regi\u00e3o","inLanguage":"pt-BR","publisher":{"@id":"https:\/\/anoticiaonline.com.br\/site\/#organization"}}]},"og:locale":"pt_BR","og:site_name":"A Not\u00edcia Online - Noticias de Muria\u00e9 e regi\u00e3o","og:type":"article","og:title":"Um Brasil surreal - A Not\u00edcia Online","og:description":"O surrealismo foi um movimento art\u00edstico e liter\u00e1rio de origem francesa, caracterizado pela express\u00e3o do pensamento de maneira espont\u00e2nea e autom\u00e1tica, regrada apenas pelos impulsos do subconsciente, desprezando a l\u00f3gica e renegando os padr\u00f5es de ordem moral e social. Este movimento definia a import\u00e2ncia do inconsciente na criatividade do ser humano que se mostrava vulner\u00e1vel","og:url":"https:\/\/anoticiaonline.com.br\/site\/um-brasil-surreal\/","og:image":"https:\/\/scontent-gig4-1.xx.fbcdn.net\/v\/t39.30808-1\/270437624_4564083193639691_6907940295614233970_n.jpg?stp=dst-jpg_s200x200_tt6&#038;_nc_cat=111&#038;ccb=1-7&#038;_nc_sid=f907e8&#038;_nc_ohc=SM1wRlP3lJwQ7kNvwEPuBYA&#038;_nc_oc=AdnqrjDN_BNjSSHWO-GbkIWH6fkGMLw4bqvL_NH6e2wMveX7G-rP2dAqsDSq1mJMOaY&#038;_nc_zt=24&#038;_nc_ht=scontent-gig4-1.xx&#038;_nc_gid=AoBFJeGrT1hVaew_6rchkQ&#038;oh=00_AfX7QmFGhQhG2jAllVgXCiM1ZrWgvtp80-Bfppyexh1QEg&#038;oe=689E923C","og:image:secure_url":"https:\/\/scontent-gig4-1.xx.fbcdn.net\/v\/t39.30808-1\/270437624_4564083193639691_6907940295614233970_n.jpg?stp=dst-jpg_s200x200_tt6&#038;_nc_cat=111&#038;ccb=1-7&#038;_nc_sid=f907e8&#038;_nc_ohc=SM1wRlP3lJwQ7kNvwEPuBYA&#038;_nc_oc=AdnqrjDN_BNjSSHWO-GbkIWH6fkGMLw4bqvL_NH6e2wMveX7G-rP2dAqsDSq1mJMOaY&#038;_nc_zt=24&#038;_nc_ht=scontent-gig4-1.xx&#038;_nc_gid=AoBFJeGrT1hVaew_6rchkQ&#038;oh=00_AfX7QmFGhQhG2jAllVgXCiM1ZrWgvtp80-Bfppyexh1QEg&#038;oe=689E923C","article:published_time":"2017-06-28T23:07:35+00:00","article:modified_time":"2017-06-29T12:47:57+00:00","twitter:card":"summary_large_image","twitter:title":"Um Brasil surreal - A Not\u00edcia Online","twitter:description":"O surrealismo foi um movimento art\u00edstico e liter\u00e1rio de origem francesa, caracterizado pela express\u00e3o do pensamento de maneira espont\u00e2nea e autom\u00e1tica, regrada apenas pelos impulsos do subconsciente, desprezando a l\u00f3gica e renegando os padr\u00f5es de ordem moral e social. Este movimento definia a import\u00e2ncia do inconsciente na criatividade do ser humano que se mostrava vulner\u00e1vel","twitter:image":"https:\/\/scontent-gig4-1.xx.fbcdn.net\/v\/t39.30808-1\/270437624_4564083193639691_6907940295614233970_n.jpg?stp=dst-jpg_s200x200_tt6&_nc_cat=111&ccb=1-7&_nc_sid=f907e8&_nc_ohc=SM1wRlP3lJwQ7kNvwEPuBYA&_nc_oc=AdnqrjDN_BNjSSHWO-GbkIWH6fkGMLw4bqvL_NH6e2wMveX7G-rP2dAqsDSq1mJMOaY&_nc_zt=24&_nc_ht=scontent-gig4-1.xx&_nc_gid=AoBFJeGrT1hVaew_6rchkQ&oh=00_AfX7QmFGhQhG2jAllVgXCiM1ZrWgvtp80-Bfppyexh1QEg&oe=689E923C"},"aioseo_meta_data":{"post_id":"33993","title":null,"description":null,"keywords":null,"keyphrases":null,"primary_term":null,"canonical_url":null,"og_title":null,"og_description":null,"og_object_type":"default","og_image_type":"default","og_image_url":null,"og_image_width":null,"og_image_height":null,"og_image_custom_url":null,"og_image_custom_fields":null,"og_video":null,"og_custom_url":null,"og_article_section":null,"og_article_tags":null,"twitter_use_og":false,"twitter_card":"default","twitter_image_type":"default","twitter_image_url":null,"twitter_image_custom_url":null,"twitter_image_custom_fields":null,"twitter_title":null,"twitter_description":null,"schema":{"blockGraphs":[],"customGraphs":[],"default":{"data":{"Article":[],"Course":[],"Dataset":[],"FAQPage":[],"Movie":[],"Person":[],"Product":[],"ProductReview":[],"Car":[],"Recipe":[],"Service":[],"SoftwareApplication":[],"WebPage":[]},"graphName":"","isEnabled":true},"graphs":[]},"schema_type":"default","schema_type_options":null,"pillar_content":false,"robots_default":true,"robots_noindex":false,"robots_noarchive":false,"robots_nosnippet":false,"robots_nofollow":false,"robots_noimageindex":false,"robots_noodp":false,"robots_notranslate":false,"robots_max_snippet":null,"robots_max_videopreview":null,"robots_max_imagepreview":"large","priority":null,"frequency":null,"local_seo":null,"breadcrumb_settings":null,"limit_modified_date":false,"ai":null,"created":"2025-08-16 18:46:39","updated":"2025-08-16 18:46:39","focus_keyword":null,"additional_keywords":null,"truseo_locale":null,"seo_analyzer_scan_date":null},"aioseo_breadcrumb":"<div class=\"aioseo-breadcrumbs\"><span class=\"aioseo-breadcrumb\">\n\t\t\t<a href=\"https:\/\/anoticiaonline.com.br\/site\" title=\"Home\">Home<\/a>\n\t\t<\/span><span class=\"aioseo-breadcrumb-separator\">&raquo;<\/span><span class=\"aioseo-breadcrumb\">\n\t\t\t<a href=\"https:\/\/anoticiaonline.com.br\/site\/categoria\/colunistas\/\" title=\"Colunistas\">Colunistas<\/a>\n\t\t<\/span><span class=\"aioseo-breadcrumb-separator\">&raquo;<\/span><span class=\"aioseo-breadcrumb\">\n\t\t\t<a href=\"https:\/\/anoticiaonline.com.br\/site\/categoria\/colunistas\/politica-e-atualidades-francisco-laviola\/\" title=\"Pol\u00edtica e Atualidades - Francisco Laviola\">Pol\u00edtica e Atualidades - Francisco Laviola<\/a>\n\t\t<\/span><span class=\"aioseo-breadcrumb-separator\">&raquo;<\/span><span class=\"aioseo-breadcrumb\">\n\t\t\tUm Brasil surreal\n\t\t<\/span><\/div>","aioseo_breadcrumb_json":[{"label":"Home","link":"https:\/\/anoticiaonline.com.br\/site"},{"label":"Colunistas","link":"https:\/\/anoticiaonline.com.br\/site\/categoria\/colunistas\/"},{"label":"Pol\u00edtica e Atualidades - Francisco Laviola","link":"https:\/\/anoticiaonline.com.br\/site\/categoria\/colunistas\/politica-e-atualidades-francisco-laviola\/"},{"label":"Um Brasil surreal","link":"https:\/\/anoticiaonline.com.br\/site\/um-brasil-surreal\/"}],"views":128,"_links":{"self":[{"href":"https:\/\/anoticiaonline.com.br\/site\/wp-json\/wp\/v2\/posts\/33993","targetHints":{"allow":["GET"]}}],"collection":[{"href":"https:\/\/anoticiaonline.com.br\/site\/wp-json\/wp\/v2\/posts"}],"about":[{"href":"https:\/\/anoticiaonline.com.br\/site\/wp-json\/wp\/v2\/types\/post"}],"author":[{"embeddable":true,"href":"https:\/\/anoticiaonline.com.br\/site\/wp-json\/wp\/v2\/users\/2"}],"replies":[{"embeddable":true,"href":"https:\/\/anoticiaonline.com.br\/site\/wp-json\/wp\/v2\/comments?post=33993"}],"version-history":[{"count":0,"href":"https:\/\/anoticiaonline.com.br\/site\/wp-json\/wp\/v2\/posts\/33993\/revisions"}],"wp:attachment":[{"href":"https:\/\/anoticiaonline.com.br\/site\/wp-json\/wp\/v2\/media?parent=33993"}],"wp:term":[{"taxonomy":"category","embeddable":true,"href":"https:\/\/anoticiaonline.com.br\/site\/wp-json\/wp\/v2\/categories?post=33993"},{"taxonomy":"post_tag","embeddable":true,"href":"https:\/\/anoticiaonline.com.br\/site\/wp-json\/wp\/v2\/tags?post=33993"}],"curies":[{"name":"wp","href":"https:\/\/api.w.org\/{rel}","templated":true}]}}