{"id":33533,"date":"2017-06-25T23:58:43","date_gmt":"2017-06-26T02:58:43","guid":{"rendered":"http:\/\/anoticiaonline.com.br\/site\/?p=33533"},"modified":"2017-07-05T14:04:38","modified_gmt":"2017-07-05T17:04:38","slug":"acidente-na-estrada-de-vermelho-deixa-tres-feridos-na-noite-deste-sabado","status":"publish","type":"post","link":"https:\/\/anoticiaonline.com.br\/site\/acidente-na-estrada-de-vermelho-deixa-tres-feridos-na-noite-deste-sabado\/","title":{"rendered":"Acidente na estrada de Vermelho deixa tr\u00eas feridos na noite deste s\u00e1bado"},"content":{"rendered":"<p><img fetchpriority=\"high\" decoding=\"async\" class=\"alignleft size-medium wp-image-33536\" src=\"https:\/\/anoticiaonline.com.br\/site\/wp-content\/uploads\/2017\/06\/DSC00322-Copy-300x225.jpg\" alt=\"\" width=\"300\" height=\"225\" srcset=\"https:\/\/anoticiaonline.com.br\/site\/wp-content\/uploads\/2017\/06\/DSC00322-Copy-300x225.jpg 300w, https:\/\/anoticiaonline.com.br\/site\/wp-content\/uploads\/2017\/06\/DSC00322-Copy.jpg 640w\" sizes=\"(max-width: 300px) 100vw, 300px\" \/><\/p>\n<p style=\"text-align: left;\"><a href=\"https:\/\/anoticiaonline.com.br\/site\/wp-content\/uploads\/2017\/06\/DSC00300-Copy.jpg\"><img decoding=\"async\" class=\"alignleft size-medium wp-image-33534\" src=\"https:\/\/anoticiaonline.com.br\/site\/wp-content\/uploads\/2017\/06\/DSC00300-Copy-300x225.jpg\" alt=\"\" width=\"300\" height=\"225\" srcset=\"https:\/\/anoticiaonline.com.br\/site\/wp-content\/uploads\/2017\/06\/DSC00300-Copy-300x225.jpg 300w, https:\/\/anoticiaonline.com.br\/site\/wp-content\/uploads\/2017\/06\/DSC00300-Copy.jpg 640w\" sizes=\"(max-width: 300px) 100vw, 300px\" \/><\/a><img decoding=\"async\" class=\"alignleft size-medium wp-image-33537\" src=\"https:\/\/anoticiaonline.com.br\/site\/wp-content\/uploads\/2017\/06\/DSC00333-Copy-300x225.jpg\" alt=\"\" width=\"300\" height=\"225\" srcset=\"https:\/\/anoticiaonline.com.br\/site\/wp-content\/uploads\/2017\/06\/DSC00333-Copy-300x225.jpg 300w, https:\/\/anoticiaonline.com.br\/site\/wp-content\/uploads\/2017\/06\/DSC00333-Copy.jpg 640w\" sizes=\"(max-width: 300px) 100vw, 300px\" \/>U<a href=\"https:\/\/anoticiaonline.com.br\/site\/wp-content\/uploads\/2017\/06\/DSC00309-Copy.jpg\"><img loading=\"lazy\" decoding=\"async\" class=\"alignleft size-medium wp-image-33535\" src=\"https:\/\/anoticiaonline.com.br\/site\/wp-content\/uploads\/2017\/06\/DSC00309-Copy-300x225.jpg\" alt=\"\" width=\"300\" height=\"225\" srcset=\"https:\/\/anoticiaonline.com.br\/site\/wp-content\/uploads\/2017\/06\/DSC00309-Copy-300x225.jpg 300w, https:\/\/anoticiaonline.com.br\/site\/wp-content\/uploads\/2017\/06\/DSC00309-Copy.jpg 640w\" sizes=\"(max-width: 300px) 100vw, 300px\" \/><\/a>m acidente na estrada de Vermelho, em frente ao Condom\u00ednio Nova Muria\u00e9 entre dois ve\u00edculos, deixou tr\u00eas pessoas feridas na noite deste s\u00e1bado, por volta das 20h10. Segundo informa\u00e7\u00f5es obtidas pela nossa reportagem no local, o motorista do ve\u00edculo Monza, placa de Muria\u00e9 que seguia sentido a Muria\u00e9, perdeu o controle do ve\u00edculo, invadiu a contram\u00e3o e colidiu de frente com uma Ambul\u00e2ncia da cidade de Ros\u00e1rio da Limeira.<\/p>\n<p style=\"text-align: left;\">O acidente aconteceu por volta das 20h na Estrada de Vermelho, em frente ao Condom\u00ednio Nova Muria\u00e9. Um paciente que estava na ambul\u00e2ncia, juntamente com o seu filho sofreram escoria\u00e7\u00f5es pelo corpo e foram socorridos pelo Corpo de Bombeiros e pelo SAMU.<\/p>\n<p style=\"text-align: left;\">O motorista do Monza ficou preso entre as ferragens e foi socorrido pelos Bombeiros e encaminhado para o HSP. A per\u00edcia T\u00e9cnica foi acionada para os trabalhos de praxes.<\/p>\n<p>&nbsp;<\/p>\n<p>&nbsp;<\/p>\n<p>&nbsp;<\/p>\n","protected":false},"excerpt":{"rendered":"<p>Um acidente na estrada de Vermelho, em frente ao Condom\u00ednio Nova Muria\u00e9 entre dois ve\u00edculos, deixou tr\u00eas pessoas feridas na noite deste s\u00e1bado, por volta das 20h10. Segundo informa\u00e7\u00f5es obtidas pela nossa reportagem no local, o motorista do ve\u00edculo Monza, placa de Muria\u00e9 que seguia sentido a Muria\u00e9, perdeu o controle do ve\u00edculo, invadiu a contram\u00e3o e colidiu de frente com uma Ambul\u00e2ncia da cidade de Ros\u00e1rio da Limeira. O acidente aconteceu por volta das 20h na Estrada de Vermelho, em frente ao Condom\u00ednio Nova Muria\u00e9. Um paciente que estava na ambul\u00e2ncia, juntamente com o seu filho sofreu escoria\u00e7\u00f5es pelo corpo e foram socorridos pelo Corpo de Bombeiros e pelo SAMU. O motorista do Monza ficou preso entre as ferragens e foi socorrido pelos Bombeiros e encaminhado para o HSP. A per\u00edcia T\u00e9cnica foi acionada para os trabalhos de praxes.  <\/p>\n","protected":false},"author":2,"featured_media":33535,"comment_status":"open","ping_status":"open","sticky":false,"template":"","format":"standard","meta":{"_acf_changed":false,"_monsterinsights_skip_tracking":false,"footnotes":""},"categories":[30,1],"tags":[433,509,510],"class_list":["post-33533","post","type-post","status-publish","format-standard","has-post-thumbnail","hentry","category-muriae","category-gerais","tag-acidente","tag-monza","tag-vermehl"],"acf":[],"aioseo_notices":[],"aioseo_head":"\n\t\t<!-- All in One SEO 5.0.0.1 - aioseo.com -->\n\t<meta name=\"description\" content=\"Um acidente na estrada de Vermelho, em frente ao Condom\u00ednio Nova Muria\u00e9 entre dois ve\u00edculos, deixou tr\u00eas pessoas feridas na noite deste s\u00e1bado, por volta das 20h10. Segundo informa\u00e7\u00f5es obtidas pela nossa reportagem no local, o motorista do ve\u00edculo Monza, placa de Muria\u00e9 que seguia sentido a Muria\u00e9, perdeu o controle do ve\u00edculo, invadiu a contram\u00e3o e colidiu de frente com uma Ambul\u00e2ncia da cidade de Ros\u00e1rio da Limeira. O acidente aconteceu por volta das 20h na Estrada de Vermelho, em frente ao Condom\u00ednio Nova Muria\u00e9. Um paciente que estava na ambul\u00e2ncia, juntamente com o seu filho sofreu escoria\u00e7\u00f5es pelo corpo e foram socorridos pelo Corpo de Bombeiros e pelo SAMU. O motorista do Monza ficou preso entre as ferragens e foi socorrido pelos Bombeiros e encaminhado para o HSP. A per\u00edcia T\u00e9cnica foi acionada para os trabalhos de praxes.\" \/>\n\t<meta name=\"robots\" content=\"max-image-preview:large\" \/>\n\t<meta name=\"author\" content=\"Juliana Laviola\"\/>\n\t<link rel=\"canonical\" href=\"https:\/\/anoticiaonline.com.br\/site\/acidente-na-estrada-de-vermelho-deixa-tres-feridos-na-noite-deste-sabado\/\" \/>\n\t<meta name=\"generator\" content=\"All in One SEO (AIOSEO) 5.0.0.1\" \/>\n\t\t<meta property=\"og:locale\" content=\"pt_BR\" \/>\n\t\t<meta property=\"og:site_name\" content=\"A Not\u00edcia Online - Noticias de Muria\u00e9 e regi\u00e3o\" \/>\n\t\t<meta property=\"og:type\" content=\"article\" \/>\n\t\t<meta property=\"og:title\" content=\"Acidente na estrada de Vermelho deixa tr\u00eas feridos na noite deste s\u00e1bado - A Not\u00edcia Online\" \/>\n\t\t<meta property=\"og:description\" content=\"Um acidente na estrada de Vermelho, em frente ao Condom\u00ednio Nova Muria\u00e9 entre dois ve\u00edculos, deixou tr\u00eas pessoas feridas na noite deste s\u00e1bado, por volta das 20h10. Segundo informa\u00e7\u00f5es obtidas pela nossa reportagem no local, o motorista do ve\u00edculo Monza, placa de Muria\u00e9 que seguia sentido a Muria\u00e9, perdeu o controle do ve\u00edculo, invadiu a contram\u00e3o e colidiu de frente com uma Ambul\u00e2ncia da cidade de Ros\u00e1rio da Limeira. O acidente aconteceu por volta das 20h na Estrada de Vermelho, em frente ao Condom\u00ednio Nova Muria\u00e9. Um paciente que estava na ambul\u00e2ncia, juntamente com o seu filho sofreu escoria\u00e7\u00f5es pelo corpo e foram socorridos pelo Corpo de Bombeiros e pelo SAMU. O motorista do Monza ficou preso entre as ferragens e foi socorrido pelos Bombeiros e encaminhado para o HSP. A per\u00edcia T\u00e9cnica foi acionada para os trabalhos de praxes.\" \/>\n\t\t<meta property=\"og:url\" content=\"https:\/\/anoticiaonline.com.br\/site\/acidente-na-estrada-de-vermelho-deixa-tres-feridos-na-noite-deste-sabado\/\" \/>\n\t\t<meta property=\"og:image\" content=\"https:\/\/scontent-gig4-1.xx.fbcdn.net\/v\/t39.30808-1\/270437624_4564083193639691_6907940295614233970_n.jpg?stp=dst-jpg_s200x200_tt6&#038;_nc_cat=111&#038;ccb=1-7&#038;_nc_sid=f907e8&#038;_nc_ohc=SM1wRlP3lJwQ7kNvwEPuBYA&#038;_nc_oc=AdnqrjDN_BNjSSHWO-GbkIWH6fkGMLw4bqvL_NH6e2wMveX7G-rP2dAqsDSq1mJMOaY&#038;_nc_zt=24&#038;_nc_ht=scontent-gig4-1.xx&#038;_nc_gid=AoBFJeGrT1hVaew_6rchkQ&#038;oh=00_AfX7QmFGhQhG2jAllVgXCiM1ZrWgvtp80-Bfppyexh1QEg&#038;oe=689E923C\" \/>\n\t\t<meta property=\"og:image:secure_url\" content=\"https:\/\/scontent-gig4-1.xx.fbcdn.net\/v\/t39.30808-1\/270437624_4564083193639691_6907940295614233970_n.jpg?stp=dst-jpg_s200x200_tt6&#038;_nc_cat=111&#038;ccb=1-7&#038;_nc_sid=f907e8&#038;_nc_ohc=SM1wRlP3lJwQ7kNvwEPuBYA&#038;_nc_oc=AdnqrjDN_BNjSSHWO-GbkIWH6fkGMLw4bqvL_NH6e2wMveX7G-rP2dAqsDSq1mJMOaY&#038;_nc_zt=24&#038;_nc_ht=scontent-gig4-1.xx&#038;_nc_gid=AoBFJeGrT1hVaew_6rchkQ&#038;oh=00_AfX7QmFGhQhG2jAllVgXCiM1ZrWgvtp80-Bfppyexh1QEg&#038;oe=689E923C\" \/>\n\t\t<meta property=\"article:published_time\" content=\"2017-06-26T02:58:43+00:00\" \/>\n\t\t<meta property=\"article:modified_time\" content=\"2017-07-05T17:04:38+00:00\" \/>\n\t\t<meta name=\"twitter:card\" content=\"summary_large_image\" \/>\n\t\t<meta name=\"twitter:title\" content=\"Acidente na estrada de Vermelho deixa tr\u00eas feridos na noite deste s\u00e1bado - A Not\u00edcia Online\" \/>\n\t\t<meta name=\"twitter:description\" content=\"Um acidente na estrada de Vermelho, em frente ao Condom\u00ednio Nova Muria\u00e9 entre dois ve\u00edculos, deixou tr\u00eas pessoas feridas na noite deste s\u00e1bado, por volta das 20h10. Segundo informa\u00e7\u00f5es obtidas pela nossa reportagem no local, o motorista do ve\u00edculo Monza, placa de Muria\u00e9 que seguia sentido a Muria\u00e9, perdeu o controle do ve\u00edculo, invadiu a contram\u00e3o e colidiu de frente com uma Ambul\u00e2ncia da cidade de Ros\u00e1rio da Limeira. O acidente aconteceu por volta das 20h na Estrada de Vermelho, em frente ao Condom\u00ednio Nova Muria\u00e9. Um paciente que estava na ambul\u00e2ncia, juntamente com o seu filho sofreu escoria\u00e7\u00f5es pelo corpo e foram socorridos pelo Corpo de Bombeiros e pelo SAMU. O motorista do Monza ficou preso entre as ferragens e foi socorrido pelos Bombeiros e encaminhado para o HSP. A per\u00edcia T\u00e9cnica foi acionada para os trabalhos de praxes.\" \/>\n\t\t<meta name=\"twitter:image\" content=\"https:\/\/scontent-gig4-1.xx.fbcdn.net\/v\/t39.30808-1\/270437624_4564083193639691_6907940295614233970_n.jpg?stp=dst-jpg_s200x200_tt6&amp;_nc_cat=111&amp;ccb=1-7&amp;_nc_sid=f907e8&amp;_nc_ohc=SM1wRlP3lJwQ7kNvwEPuBYA&amp;_nc_oc=AdnqrjDN_BNjSSHWO-GbkIWH6fkGMLw4bqvL_NH6e2wMveX7G-rP2dAqsDSq1mJMOaY&amp;_nc_zt=24&amp;_nc_ht=scontent-gig4-1.xx&amp;_nc_gid=AoBFJeGrT1hVaew_6rchkQ&amp;oh=00_AfX7QmFGhQhG2jAllVgXCiM1ZrWgvtp80-Bfppyexh1QEg&amp;oe=689E923C\" \/>\n\t\t<script type=\"application\/ld+json\" class=\"aioseo-schema\">\n\t\t\t{\"@context\":\"https:\\\/\\\/schema.org\",\"@graph\":[{\"@type\":\"BlogPosting\",\"@id\":\"https:\\\/\\\/anoticiaonline.com.br\\\/site\\\/acidente-na-estrada-de-vermelho-deixa-tres-feridos-na-noite-deste-sabado\\\/#blogposting\",\"name\":\"Acidente na estrada de Vermelho deixa tr\\u00eas feridos na noite deste s\\u00e1bado - A Not\\u00edcia Online\",\"headline\":\"Acidente na estrada de Vermelho deixa tr\\u00eas feridos na noite deste s\\u00e1bado\",\"author\":{\"@id\":\"https:\\\/\\\/anoticiaonline.com.br\\\/site\\\/author\\\/juliana\\\/#author\"},\"publisher\":{\"@id\":\"https:\\\/\\\/anoticiaonline.com.br\\\/site\\\/#organization\"},\"image\":{\"@type\":\"ImageObject\",\"url\":\"https:\\\/\\\/anoticiaonline.com.br\\\/site\\\/wp-content\\\/uploads\\\/2017\\\/06\\\/DSC00309-Copy.jpg\",\"width\":640,\"height\":480},\"datePublished\":\"2017-06-25T23:58:43-03:00\",\"dateModified\":\"2017-07-05T14:04:38-03:00\",\"inLanguage\":\"pt-BR\",\"mainEntityOfPage\":{\"@id\":\"https:\\\/\\\/anoticiaonline.com.br\\\/site\\\/acidente-na-estrada-de-vermelho-deixa-tres-feridos-na-noite-deste-sabado\\\/#webpage\"},\"isPartOf\":{\"@id\":\"https:\\\/\\\/anoticiaonline.com.br\\\/site\\\/acidente-na-estrada-de-vermelho-deixa-tres-feridos-na-noite-deste-sabado\\\/#webpage\"},\"articleSection\":\"Blog, Gerais, acidente, Monza, Vermehl\"},{\"@type\":\"BreadcrumbList\",\"@id\":\"https:\\\/\\\/anoticiaonline.com.br\\\/site\\\/acidente-na-estrada-de-vermelho-deixa-tres-feridos-na-noite-deste-sabado\\\/#breadcrumblist\",\"itemListElement\":[{\"@type\":\"ListItem\",\"@id\":\"https:\\\/\\\/anoticiaonline.com.br\\\/site#listItem\",\"position\":1,\"name\":\"Home\",\"item\":\"https:\\\/\\\/anoticiaonline.com.br\\\/site\",\"nextItem\":{\"@type\":\"ListItem\",\"@id\":\"https:\\\/\\\/anoticiaonline.com.br\\\/site\\\/categoria\\\/gerais\\\/#listItem\",\"name\":\"Gerais\"}},{\"@type\":\"ListItem\",\"@id\":\"https:\\\/\\\/anoticiaonline.com.br\\\/site\\\/categoria\\\/gerais\\\/#listItem\",\"position\":2,\"name\":\"Gerais\",\"item\":\"https:\\\/\\\/anoticiaonline.com.br\\\/site\\\/categoria\\\/gerais\\\/\",\"nextItem\":{\"@type\":\"ListItem\",\"@id\":\"https:\\\/\\\/anoticiaonline.com.br\\\/site\\\/acidente-na-estrada-de-vermelho-deixa-tres-feridos-na-noite-deste-sabado\\\/#listItem\",\"name\":\"Acidente na estrada de Vermelho deixa tr\\u00eas feridos na noite deste s\\u00e1bado\"},\"previousItem\":{\"@type\":\"ListItem\",\"@id\":\"https:\\\/\\\/anoticiaonline.com.br\\\/site#listItem\",\"name\":\"Home\"}},{\"@type\":\"ListItem\",\"@id\":\"https:\\\/\\\/anoticiaonline.com.br\\\/site\\\/acidente-na-estrada-de-vermelho-deixa-tres-feridos-na-noite-deste-sabado\\\/#listItem\",\"position\":3,\"name\":\"Acidente na estrada de Vermelho deixa tr\\u00eas feridos na noite deste s\\u00e1bado\",\"previousItem\":{\"@type\":\"ListItem\",\"@id\":\"https:\\\/\\\/anoticiaonline.com.br\\\/site\\\/categoria\\\/gerais\\\/#listItem\",\"name\":\"Gerais\"}}]},{\"@type\":\"Organization\",\"@id\":\"https:\\\/\\\/anoticiaonline.com.br\\\/site\\\/#organization\",\"name\":\"A Not\\u00edcia Online\",\"description\":\"Noticias de Muria\\u00e9 e regi\\u00e3o\",\"url\":\"https:\\\/\\\/anoticiaonline.com.br\\\/site\\\/\",\"logo\":{\"@type\":\"ImageObject\",\"url\":\"https:\\\/\\\/scontent-gig4-1.xx.fbcdn.net\\\/v\\\/t39.30808-1\\\/270437624_4564083193639691_6907940295614233970_n.jpg?stp=dst-jpg_s200x200_tt6&_nc_cat=111&ccb=1-7&_nc_sid=f907e8&_nc_ohc=SM1wRlP3lJwQ7kNvwEPuBYA&_nc_oc=AdnqrjDN_BNjSSHWO-GbkIWH6fkGMLw4bqvL_NH6e2wMveX7G-rP2dAqsDSq1mJMOaY&_nc_zt=24&_nc_ht=scontent-gig4-1.xx&_nc_gid=AoBFJeGrT1hVaew_6rchkQ&oh=00_AfX7QmFGhQhG2jAllVgXCiM1ZrWgvtp80-Bfppyexh1QEg&oe=689E923C\",\"@id\":\"https:\\\/\\\/anoticiaonline.com.br\\\/site\\\/acidente-na-estrada-de-vermelho-deixa-tres-feridos-na-noite-deste-sabado\\\/#organizationLogo\"},\"image\":{\"@id\":\"https:\\\/\\\/anoticiaonline.com.br\\\/site\\\/acidente-na-estrada-de-vermelho-deixa-tres-feridos-na-noite-deste-sabado\\\/#organizationLogo\"}},{\"@type\":\"Person\",\"@id\":\"https:\\\/\\\/anoticiaonline.com.br\\\/site\\\/author\\\/juliana\\\/#author\",\"url\":\"https:\\\/\\\/anoticiaonline.com.br\\\/site\\\/author\\\/juliana\\\/\",\"name\":\"Juliana Laviola\",\"image\":{\"@type\":\"ImageObject\",\"@id\":\"https:\\\/\\\/anoticiaonline.com.br\\\/site\\\/acidente-na-estrada-de-vermelho-deixa-tres-feridos-na-noite-deste-sabado\\\/#authorImage\",\"url\":\"https:\\\/\\\/secure.gravatar.com\\\/avatar\\\/b8d45f5c699b100dfaf0e543582f38f38bf94cb7ae3a5e9abf8d891a34773335?s=96&d=mm&r=g\",\"width\":96,\"height\":96,\"caption\":\"Juliana Laviola\"}},{\"@type\":\"WebPage\",\"@id\":\"https:\\\/\\\/anoticiaonline.com.br\\\/site\\\/acidente-na-estrada-de-vermelho-deixa-tres-feridos-na-noite-deste-sabado\\\/#webpage\",\"url\":\"https:\\\/\\\/anoticiaonline.com.br\\\/site\\\/acidente-na-estrada-de-vermelho-deixa-tres-feridos-na-noite-deste-sabado\\\/\",\"name\":\"Acidente na estrada de Vermelho deixa tr\\u00eas feridos na noite deste s\\u00e1bado - A Not\\u00edcia Online\",\"description\":\"Um acidente na estrada de Vermelho, em frente ao Condom\\u00ednio Nova Muria\\u00e9 entre dois ve\\u00edculos, deixou tr\\u00eas pessoas feridas na noite deste s\\u00e1bado, por volta das 20h10. Segundo informa\\u00e7\\u00f5es obtidas pela nossa reportagem no local, o motorista do ve\\u00edculo Monza, placa de Muria\\u00e9 que seguia sentido a Muria\\u00e9, perdeu o controle do ve\\u00edculo, invadiu a contram\\u00e3o e colidiu de frente com uma Ambul\\u00e2ncia da cidade de Ros\\u00e1rio da Limeira. O acidente aconteceu por volta das 20h na Estrada de Vermelho, em frente ao Condom\\u00ednio Nova Muria\\u00e9. Um paciente que estava na ambul\\u00e2ncia, juntamente com o seu filho sofreu escoria\\u00e7\\u00f5es pelo corpo e foram socorridos pelo Corpo de Bombeiros e pelo SAMU. O motorista do Monza ficou preso entre as ferragens e foi socorrido pelos Bombeiros e encaminhado para o HSP. A per\\u00edcia T\\u00e9cnica foi acionada para os trabalhos de praxes.\",\"inLanguage\":\"pt-BR\",\"isPartOf\":{\"@id\":\"https:\\\/\\\/anoticiaonline.com.br\\\/site\\\/#website\"},\"breadcrumb\":{\"@id\":\"https:\\\/\\\/anoticiaonline.com.br\\\/site\\\/acidente-na-estrada-de-vermelho-deixa-tres-feridos-na-noite-deste-sabado\\\/#breadcrumblist\"},\"author\":{\"@id\":\"https:\\\/\\\/anoticiaonline.com.br\\\/site\\\/author\\\/juliana\\\/#author\"},\"creator\":{\"@id\":\"https:\\\/\\\/anoticiaonline.com.br\\\/site\\\/author\\\/juliana\\\/#author\"},\"image\":{\"@type\":\"ImageObject\",\"url\":\"https:\\\/\\\/anoticiaonline.com.br\\\/site\\\/wp-content\\\/uploads\\\/2017\\\/06\\\/DSC00309-Copy.jpg\",\"@id\":\"https:\\\/\\\/anoticiaonline.com.br\\\/site\\\/acidente-na-estrada-de-vermelho-deixa-tres-feridos-na-noite-deste-sabado\\\/#mainImage\",\"width\":640,\"height\":480},\"primaryImageOfPage\":{\"@id\":\"https:\\\/\\\/anoticiaonline.com.br\\\/site\\\/acidente-na-estrada-de-vermelho-deixa-tres-feridos-na-noite-deste-sabado\\\/#mainImage\"},\"datePublished\":\"2017-06-25T23:58:43-03:00\",\"dateModified\":\"2017-07-05T14:04:38-03:00\"},{\"@type\":\"WebSite\",\"@id\":\"https:\\\/\\\/anoticiaonline.com.br\\\/site\\\/#website\",\"url\":\"https:\\\/\\\/anoticiaonline.com.br\\\/site\\\/\",\"name\":\"A Not\\u00edcia Online\",\"description\":\"Noticias de Muria\\u00e9 e regi\\u00e3o\",\"inLanguage\":\"pt-BR\",\"publisher\":{\"@id\":\"https:\\\/\\\/anoticiaonline.com.br\\\/site\\\/#organization\"}}]}\n\t\t<\/script>\n\t\t<!-- All in One SEO -->\n\n","aioseo_head_json":{"title":"Acidente na estrada de Vermelho deixa tr\u00eas feridos na noite deste s\u00e1bado - A Not\u00edcia Online","description":"Um acidente na estrada de Vermelho, em frente ao Condom\u00ednio Nova Muria\u00e9 entre dois ve\u00edculos, deixou tr\u00eas pessoas feridas na noite deste s\u00e1bado, por volta das 20h10. Segundo informa\u00e7\u00f5es obtidas pela nossa reportagem no local, o motorista do ve\u00edculo Monza, placa de Muria\u00e9 que seguia sentido a Muria\u00e9, perdeu o controle do ve\u00edculo, invadiu a contram\u00e3o e colidiu de frente com uma Ambul\u00e2ncia da cidade de Ros\u00e1rio da Limeira. O acidente aconteceu por volta das 20h na Estrada de Vermelho, em frente ao Condom\u00ednio Nova Muria\u00e9. Um paciente que estava na ambul\u00e2ncia, juntamente com o seu filho sofreu escoria\u00e7\u00f5es pelo corpo e foram socorridos pelo Corpo de Bombeiros e pelo SAMU. O motorista do Monza ficou preso entre as ferragens e foi socorrido pelos Bombeiros e encaminhado para o HSP. A per\u00edcia T\u00e9cnica foi acionada para os trabalhos de praxes.","canonical_url":"https:\/\/anoticiaonline.com.br\/site\/acidente-na-estrada-de-vermelho-deixa-tres-feridos-na-noite-deste-sabado\/","robots":"max-image-preview:large","keywords":"","webmasterTools":{"miscellaneous":""},"schema":{"@context":"https:\/\/schema.org","@graph":[{"@type":"BlogPosting","@id":"https:\/\/anoticiaonline.com.br\/site\/acidente-na-estrada-de-vermelho-deixa-tres-feridos-na-noite-deste-sabado\/#blogposting","name":"Acidente na estrada de Vermelho deixa tr\u00eas feridos na noite deste s\u00e1bado - A Not\u00edcia Online","headline":"Acidente na estrada de Vermelho deixa tr\u00eas feridos na noite deste s\u00e1bado","author":{"@id":"https:\/\/anoticiaonline.com.br\/site\/author\/juliana\/#author"},"publisher":{"@id":"https:\/\/anoticiaonline.com.br\/site\/#organization"},"image":{"@type":"ImageObject","url":"https:\/\/anoticiaonline.com.br\/site\/wp-content\/uploads\/2017\/06\/DSC00309-Copy.jpg","width":640,"height":480},"datePublished":"2017-06-25T23:58:43-03:00","dateModified":"2017-07-05T14:04:38-03:00","inLanguage":"pt-BR","mainEntityOfPage":{"@id":"https:\/\/anoticiaonline.com.br\/site\/acidente-na-estrada-de-vermelho-deixa-tres-feridos-na-noite-deste-sabado\/#webpage"},"isPartOf":{"@id":"https:\/\/anoticiaonline.com.br\/site\/acidente-na-estrada-de-vermelho-deixa-tres-feridos-na-noite-deste-sabado\/#webpage"},"articleSection":"Blog, Gerais, acidente, Monza, Vermehl"},{"@type":"BreadcrumbList","@id":"https:\/\/anoticiaonline.com.br\/site\/acidente-na-estrada-de-vermelho-deixa-tres-feridos-na-noite-deste-sabado\/#breadcrumblist","itemListElement":[{"@type":"ListItem","@id":"https:\/\/anoticiaonline.com.br\/site#listItem","position":1,"name":"Home","item":"https:\/\/anoticiaonline.com.br\/site","nextItem":{"@type":"ListItem","@id":"https:\/\/anoticiaonline.com.br\/site\/categoria\/gerais\/#listItem","name":"Gerais"}},{"@type":"ListItem","@id":"https:\/\/anoticiaonline.com.br\/site\/categoria\/gerais\/#listItem","position":2,"name":"Gerais","item":"https:\/\/anoticiaonline.com.br\/site\/categoria\/gerais\/","nextItem":{"@type":"ListItem","@id":"https:\/\/anoticiaonline.com.br\/site\/acidente-na-estrada-de-vermelho-deixa-tres-feridos-na-noite-deste-sabado\/#listItem","name":"Acidente na estrada de Vermelho deixa tr\u00eas feridos na noite deste s\u00e1bado"},"previousItem":{"@type":"ListItem","@id":"https:\/\/anoticiaonline.com.br\/site#listItem","name":"Home"}},{"@type":"ListItem","@id":"https:\/\/anoticiaonline.com.br\/site\/acidente-na-estrada-de-vermelho-deixa-tres-feridos-na-noite-deste-sabado\/#listItem","position":3,"name":"Acidente na estrada de Vermelho deixa tr\u00eas feridos na noite deste s\u00e1bado","previousItem":{"@type":"ListItem","@id":"https:\/\/anoticiaonline.com.br\/site\/categoria\/gerais\/#listItem","name":"Gerais"}}]},{"@type":"Organization","@id":"https:\/\/anoticiaonline.com.br\/site\/#organization","name":"A Not\u00edcia Online","description":"Noticias de Muria\u00e9 e regi\u00e3o","url":"https:\/\/anoticiaonline.com.br\/site\/","logo":{"@type":"ImageObject","url":"https:\/\/scontent-gig4-1.xx.fbcdn.net\/v\/t39.30808-1\/270437624_4564083193639691_6907940295614233970_n.jpg?stp=dst-jpg_s200x200_tt6&_nc_cat=111&ccb=1-7&_nc_sid=f907e8&_nc_ohc=SM1wRlP3lJwQ7kNvwEPuBYA&_nc_oc=AdnqrjDN_BNjSSHWO-GbkIWH6fkGMLw4bqvL_NH6e2wMveX7G-rP2dAqsDSq1mJMOaY&_nc_zt=24&_nc_ht=scontent-gig4-1.xx&_nc_gid=AoBFJeGrT1hVaew_6rchkQ&oh=00_AfX7QmFGhQhG2jAllVgXCiM1ZrWgvtp80-Bfppyexh1QEg&oe=689E923C","@id":"https:\/\/anoticiaonline.com.br\/site\/acidente-na-estrada-de-vermelho-deixa-tres-feridos-na-noite-deste-sabado\/#organizationLogo"},"image":{"@id":"https:\/\/anoticiaonline.com.br\/site\/acidente-na-estrada-de-vermelho-deixa-tres-feridos-na-noite-deste-sabado\/#organizationLogo"}},{"@type":"Person","@id":"https:\/\/anoticiaonline.com.br\/site\/author\/juliana\/#author","url":"https:\/\/anoticiaonline.com.br\/site\/author\/juliana\/","name":"Juliana Laviola","image":{"@type":"ImageObject","@id":"https:\/\/anoticiaonline.com.br\/site\/acidente-na-estrada-de-vermelho-deixa-tres-feridos-na-noite-deste-sabado\/#authorImage","url":"https:\/\/secure.gravatar.com\/avatar\/b8d45f5c699b100dfaf0e543582f38f38bf94cb7ae3a5e9abf8d891a34773335?s=96&d=mm&r=g","width":96,"height":96,"caption":"Juliana Laviola"}},{"@type":"WebPage","@id":"https:\/\/anoticiaonline.com.br\/site\/acidente-na-estrada-de-vermelho-deixa-tres-feridos-na-noite-deste-sabado\/#webpage","url":"https:\/\/anoticiaonline.com.br\/site\/acidente-na-estrada-de-vermelho-deixa-tres-feridos-na-noite-deste-sabado\/","name":"Acidente na estrada de Vermelho deixa tr\u00eas feridos na noite deste s\u00e1bado - A Not\u00edcia Online","description":"Um acidente na estrada de Vermelho, em frente ao Condom\u00ednio Nova Muria\u00e9 entre dois ve\u00edculos, deixou tr\u00eas pessoas feridas na noite deste s\u00e1bado, por volta das 20h10. Segundo informa\u00e7\u00f5es obtidas pela nossa reportagem no local, o motorista do ve\u00edculo Monza, placa de Muria\u00e9 que seguia sentido a Muria\u00e9, perdeu o controle do ve\u00edculo, invadiu a contram\u00e3o e colidiu de frente com uma Ambul\u00e2ncia da cidade de Ros\u00e1rio da Limeira. O acidente aconteceu por volta das 20h na Estrada de Vermelho, em frente ao Condom\u00ednio Nova Muria\u00e9. Um paciente que estava na ambul\u00e2ncia, juntamente com o seu filho sofreu escoria\u00e7\u00f5es pelo corpo e foram socorridos pelo Corpo de Bombeiros e pelo SAMU. O motorista do Monza ficou preso entre as ferragens e foi socorrido pelos Bombeiros e encaminhado para o HSP. A per\u00edcia T\u00e9cnica foi acionada para os trabalhos de praxes.","inLanguage":"pt-BR","isPartOf":{"@id":"https:\/\/anoticiaonline.com.br\/site\/#website"},"breadcrumb":{"@id":"https:\/\/anoticiaonline.com.br\/site\/acidente-na-estrada-de-vermelho-deixa-tres-feridos-na-noite-deste-sabado\/#breadcrumblist"},"author":{"@id":"https:\/\/anoticiaonline.com.br\/site\/author\/juliana\/#author"},"creator":{"@id":"https:\/\/anoticiaonline.com.br\/site\/author\/juliana\/#author"},"image":{"@type":"ImageObject","url":"https:\/\/anoticiaonline.com.br\/site\/wp-content\/uploads\/2017\/06\/DSC00309-Copy.jpg","@id":"https:\/\/anoticiaonline.com.br\/site\/acidente-na-estrada-de-vermelho-deixa-tres-feridos-na-noite-deste-sabado\/#mainImage","width":640,"height":480},"primaryImageOfPage":{"@id":"https:\/\/anoticiaonline.com.br\/site\/acidente-na-estrada-de-vermelho-deixa-tres-feridos-na-noite-deste-sabado\/#mainImage"},"datePublished":"2017-06-25T23:58:43-03:00","dateModified":"2017-07-05T14:04:38-03:00"},{"@type":"WebSite","@id":"https:\/\/anoticiaonline.com.br\/site\/#website","url":"https:\/\/anoticiaonline.com.br\/site\/","name":"A Not\u00edcia Online","description":"Noticias de Muria\u00e9 e regi\u00e3o","inLanguage":"pt-BR","publisher":{"@id":"https:\/\/anoticiaonline.com.br\/site\/#organization"}}]},"og:locale":"pt_BR","og:site_name":"A Not\u00edcia Online - Noticias de Muria\u00e9 e regi\u00e3o","og:type":"article","og:title":"Acidente na estrada de Vermelho deixa tr\u00eas feridos na noite deste s\u00e1bado - A Not\u00edcia Online","og:description":"Um acidente na estrada de Vermelho, em frente ao Condom\u00ednio Nova Muria\u00e9 entre dois ve\u00edculos, deixou tr\u00eas pessoas feridas na noite deste s\u00e1bado, por volta das 20h10. Segundo informa\u00e7\u00f5es obtidas pela nossa reportagem no local, o motorista do ve\u00edculo Monza, placa de Muria\u00e9 que seguia sentido a Muria\u00e9, perdeu o controle do ve\u00edculo, invadiu a contram\u00e3o e colidiu de frente com uma Ambul\u00e2ncia da cidade de Ros\u00e1rio da Limeira. O acidente aconteceu por volta das 20h na Estrada de Vermelho, em frente ao Condom\u00ednio Nova Muria\u00e9. Um paciente que estava na ambul\u00e2ncia, juntamente com o seu filho sofreu escoria\u00e7\u00f5es pelo corpo e foram socorridos pelo Corpo de Bombeiros e pelo SAMU. O motorista do Monza ficou preso entre as ferragens e foi socorrido pelos Bombeiros e encaminhado para o HSP. A per\u00edcia T\u00e9cnica foi acionada para os trabalhos de praxes.","og:url":"https:\/\/anoticiaonline.com.br\/site\/acidente-na-estrada-de-vermelho-deixa-tres-feridos-na-noite-deste-sabado\/","og:image":"https:\/\/scontent-gig4-1.xx.fbcdn.net\/v\/t39.30808-1\/270437624_4564083193639691_6907940295614233970_n.jpg?stp=dst-jpg_s200x200_tt6&#038;_nc_cat=111&#038;ccb=1-7&#038;_nc_sid=f907e8&#038;_nc_ohc=SM1wRlP3lJwQ7kNvwEPuBYA&#038;_nc_oc=AdnqrjDN_BNjSSHWO-GbkIWH6fkGMLw4bqvL_NH6e2wMveX7G-rP2dAqsDSq1mJMOaY&#038;_nc_zt=24&#038;_nc_ht=scontent-gig4-1.xx&#038;_nc_gid=AoBFJeGrT1hVaew_6rchkQ&#038;oh=00_AfX7QmFGhQhG2jAllVgXCiM1ZrWgvtp80-Bfppyexh1QEg&#038;oe=689E923C","og:image:secure_url":"https:\/\/scontent-gig4-1.xx.fbcdn.net\/v\/t39.30808-1\/270437624_4564083193639691_6907940295614233970_n.jpg?stp=dst-jpg_s200x200_tt6&#038;_nc_cat=111&#038;ccb=1-7&#038;_nc_sid=f907e8&#038;_nc_ohc=SM1wRlP3lJwQ7kNvwEPuBYA&#038;_nc_oc=AdnqrjDN_BNjSSHWO-GbkIWH6fkGMLw4bqvL_NH6e2wMveX7G-rP2dAqsDSq1mJMOaY&#038;_nc_zt=24&#038;_nc_ht=scontent-gig4-1.xx&#038;_nc_gid=AoBFJeGrT1hVaew_6rchkQ&#038;oh=00_AfX7QmFGhQhG2jAllVgXCiM1ZrWgvtp80-Bfppyexh1QEg&#038;oe=689E923C","article:published_time":"2017-06-26T02:58:43+00:00","article:modified_time":"2017-07-05T17:04:38+00:00","twitter:card":"summary_large_image","twitter:title":"Acidente na estrada de Vermelho deixa tr\u00eas feridos na noite deste s\u00e1bado - A Not\u00edcia Online","twitter:description":"Um acidente na estrada de Vermelho, em frente ao Condom\u00ednio Nova Muria\u00e9 entre dois ve\u00edculos, deixou tr\u00eas pessoas feridas na noite deste s\u00e1bado, por volta das 20h10. Segundo informa\u00e7\u00f5es obtidas pela nossa reportagem no local, o motorista do ve\u00edculo Monza, placa de Muria\u00e9 que seguia sentido a Muria\u00e9, perdeu o controle do ve\u00edculo, invadiu a contram\u00e3o e colidiu de frente com uma Ambul\u00e2ncia da cidade de Ros\u00e1rio da Limeira. O acidente aconteceu por volta das 20h na Estrada de Vermelho, em frente ao Condom\u00ednio Nova Muria\u00e9. Um paciente que estava na ambul\u00e2ncia, juntamente com o seu filho sofreu escoria\u00e7\u00f5es pelo corpo e foram socorridos pelo Corpo de Bombeiros e pelo SAMU. O motorista do Monza ficou preso entre as ferragens e foi socorrido pelos Bombeiros e encaminhado para o HSP. A per\u00edcia T\u00e9cnica foi acionada para os trabalhos de praxes.","twitter:image":"https:\/\/scontent-gig4-1.xx.fbcdn.net\/v\/t39.30808-1\/270437624_4564083193639691_6907940295614233970_n.jpg?stp=dst-jpg_s200x200_tt6&_nc_cat=111&ccb=1-7&_nc_sid=f907e8&_nc_ohc=SM1wRlP3lJwQ7kNvwEPuBYA&_nc_oc=AdnqrjDN_BNjSSHWO-GbkIWH6fkGMLw4bqvL_NH6e2wMveX7G-rP2dAqsDSq1mJMOaY&_nc_zt=24&_nc_ht=scontent-gig4-1.xx&_nc_gid=AoBFJeGrT1hVaew_6rchkQ&oh=00_AfX7QmFGhQhG2jAllVgXCiM1ZrWgvtp80-Bfppyexh1QEg&oe=689E923C"},"aioseo_meta_data":{"post_id":"33533","title":null,"description":null,"keywords":null,"keyphrases":null,"primary_term":null,"canonical_url":null,"og_title":null,"og_description":null,"og_object_type":"default","og_image_type":"default","og_image_url":null,"og_image_width":null,"og_image_height":null,"og_image_custom_url":null,"og_image_custom_fields":null,"og_video":null,"og_custom_url":null,"og_article_section":null,"og_article_tags":null,"twitter_use_og":false,"twitter_card":"default","twitter_image_type":"default","twitter_image_url":null,"twitter_image_custom_url":null,"twitter_image_custom_fields":null,"twitter_title":null,"twitter_description":null,"schema":{"blockGraphs":[],"customGraphs":[],"default":{"data":{"Article":[],"Course":[],"Dataset":[],"FAQPage":[],"Movie":[],"Person":[],"Product":[],"ProductReview":[],"Car":[],"Recipe":[],"Service":[],"SoftwareApplication":[],"WebPage":[]},"graphName":"","isEnabled":true},"graphs":[]},"schema_type":"default","schema_type_options":null,"pillar_content":false,"robots_default":true,"robots_noindex":false,"robots_noarchive":false,"robots_nosnippet":false,"robots_nofollow":false,"robots_noimageindex":false,"robots_noodp":false,"robots_notranslate":false,"robots_max_snippet":null,"robots_max_videopreview":null,"robots_max_imagepreview":"large","priority":null,"frequency":null,"local_seo":null,"breadcrumb_settings":null,"limit_modified_date":false,"ai":null,"created":"2025-08-16 18:43:57","updated":"2025-08-16 18:43:57","focus_keyword":null,"additional_keywords":null,"truseo_locale":null,"seo_analyzer_scan_date":null},"aioseo_breadcrumb":"<div class=\"aioseo-breadcrumbs\"><span class=\"aioseo-breadcrumb\">\n\t\t\t<a href=\"https:\/\/anoticiaonline.com.br\/site\" title=\"Home\">Home<\/a>\n\t\t<\/span><span class=\"aioseo-breadcrumb-separator\">&raquo;<\/span><span class=\"aioseo-breadcrumb\">\n\t\t\t<a href=\"https:\/\/anoticiaonline.com.br\/site\/categoria\/gerais\/\" title=\"Gerais\">Gerais<\/a>\n\t\t<\/span><span class=\"aioseo-breadcrumb-separator\">&raquo;<\/span><span class=\"aioseo-breadcrumb\">\n\t\t\tAcidente na estrada de Vermelho deixa tr\u00eas feridos na noite deste s\u00e1bado\n\t\t<\/span><\/div>","aioseo_breadcrumb_json":[{"label":"Home","link":"https:\/\/anoticiaonline.com.br\/site"},{"label":"Gerais","link":"https:\/\/anoticiaonline.com.br\/site\/categoria\/gerais\/"},{"label":"Acidente na estrada de Vermelho deixa tr\u00eas feridos na noite deste s\u00e1bado","link":"https:\/\/anoticiaonline.com.br\/site\/acidente-na-estrada-de-vermelho-deixa-tres-feridos-na-noite-deste-sabado\/"}],"views":168,"_links":{"self":[{"href":"https:\/\/anoticiaonline.com.br\/site\/wp-json\/wp\/v2\/posts\/33533","targetHints":{"allow":["GET"]}}],"collection":[{"href":"https:\/\/anoticiaonline.com.br\/site\/wp-json\/wp\/v2\/posts"}],"about":[{"href":"https:\/\/anoticiaonline.com.br\/site\/wp-json\/wp\/v2\/types\/post"}],"author":[{"embeddable":true,"href":"https:\/\/anoticiaonline.com.br\/site\/wp-json\/wp\/v2\/users\/2"}],"replies":[{"embeddable":true,"href":"https:\/\/anoticiaonline.com.br\/site\/wp-json\/wp\/v2\/comments?post=33533"}],"version-history":[{"count":0,"href":"https:\/\/anoticiaonline.com.br\/site\/wp-json\/wp\/v2\/posts\/33533\/revisions"}],"wp:featuredmedia":[{"embeddable":true,"href":"https:\/\/anoticiaonline.com.br\/site\/wp-json\/wp\/v2\/media\/33535"}],"wp:attachment":[{"href":"https:\/\/anoticiaonline.com.br\/site\/wp-json\/wp\/v2\/media?parent=33533"}],"wp:term":[{"taxonomy":"category","embeddable":true,"href":"https:\/\/anoticiaonline.com.br\/site\/wp-json\/wp\/v2\/categories?post=33533"},{"taxonomy":"post_tag","embeddable":true,"href":"https:\/\/anoticiaonline.com.br\/site\/wp-json\/wp\/v2\/tags?post=33533"}],"curies":[{"name":"wp","href":"https:\/\/api.w.org\/{rel}","templated":true}]}}