{"id":33246,"date":"2017-06-22T22:41:58","date_gmt":"2017-06-23T01:41:58","guid":{"rendered":"http:\/\/anoticiaonline.com.br\/site\/?p=33246"},"modified":"2017-06-22T22:46:15","modified_gmt":"2017-06-23T01:46:15","slug":"feira-de-casamentos-apresenta-novas-tendencias-do-mercado","status":"publish","type":"post","link":"https:\/\/anoticiaonline.com.br\/site\/feira-de-casamentos-apresenta-novas-tendencias-do-mercado\/","title":{"rendered":"Feira de casamentos apresenta novas tend\u00eancias do mercado"},"content":{"rendered":"<p><img fetchpriority=\"high\" decoding=\"async\" class=\"alignleft size-medium wp-image-33250\" src=\"https:\/\/anoticiaonline.com.br\/site\/wp-content\/uploads\/2017\/06\/DSC_0625-300x200.jpg\" alt=\"\" width=\"300\" height=\"200\" srcset=\"https:\/\/anoticiaonline.com.br\/site\/wp-content\/uploads\/2017\/06\/DSC_0625-300x200.jpg 300w, https:\/\/anoticiaonline.com.br\/site\/wp-content\/uploads\/2017\/06\/DSC_0625.jpg 640w\" sizes=\"(max-width: 300px) 100vw, 300px\" \/><a href=\"https:\/\/anoticiaonline.com.br\/site\/wp-content\/uploads\/2017\/06\/DSC_0581.jpg\"><img decoding=\"async\" class=\"alignleft size-medium wp-image-33249\" src=\"https:\/\/anoticiaonline.com.br\/site\/wp-content\/uploads\/2017\/06\/DSC_0581-300x200.jpg\" alt=\"\" width=\"300\" height=\"200\" srcset=\"https:\/\/anoticiaonline.com.br\/site\/wp-content\/uploads\/2017\/06\/DSC_0581-300x200.jpg 300w, https:\/\/anoticiaonline.com.br\/site\/wp-content\/uploads\/2017\/06\/DSC_0581.jpg 640w\" sizes=\"(max-width: 300px) 100vw, 300px\" \/><\/a> <a href=\"https:\/\/anoticiaonline.com.br\/site\/wp-content\/uploads\/2017\/06\/DSC03160.jpg\"><img decoding=\"async\" class=\"alignleft size-medium wp-image-33251\" src=\"https:\/\/anoticiaonline.com.br\/site\/wp-content\/uploads\/2017\/06\/DSC03160-300x225.jpg\" alt=\"\" width=\"300\" height=\"225\" srcset=\"https:\/\/anoticiaonline.com.br\/site\/wp-content\/uploads\/2017\/06\/DSC03160-300x225.jpg 300w, https:\/\/anoticiaonline.com.br\/site\/wp-content\/uploads\/2017\/06\/DSC03160.jpg 640w\" sizes=\"(max-width: 300px) 100vw, 300px\" \/><\/a> <a href=\"https:\/\/anoticiaonline.com.br\/site\/wp-content\/uploads\/2017\/06\/DSC03181.jpg\"><img loading=\"lazy\" decoding=\"async\" class=\"alignleft size-medium wp-image-33252\" src=\"https:\/\/anoticiaonline.com.br\/site\/wp-content\/uploads\/2017\/06\/DSC03181-300x225.jpg\" alt=\"\" width=\"300\" height=\"225\" srcset=\"https:\/\/anoticiaonline.com.br\/site\/wp-content\/uploads\/2017\/06\/DSC03181-300x225.jpg 300w, https:\/\/anoticiaonline.com.br\/site\/wp-content\/uploads\/2017\/06\/DSC03181.jpg 640w\" sizes=\"(max-width: 300px) 100vw, 300px\" \/><\/a><\/p>\n<p><img loading=\"lazy\" decoding=\"async\" class=\"alignleft size-medium wp-image-33477\" src=\"https:\/\/anoticiaonline.com.br\/site\/wp-content\/uploads\/2017\/06\/DSC_0607-300x200.jpg\" alt=\"\" width=\"300\" height=\"200\" srcset=\"https:\/\/anoticiaonline.com.br\/site\/wp-content\/uploads\/2017\/06\/DSC_0607-300x200.jpg 300w, https:\/\/anoticiaonline.com.br\/site\/wp-content\/uploads\/2017\/06\/DSC_0607.jpg 640w\" sizes=\"(max-width: 300px) 100vw, 300px\" \/><\/p>\n<p>O evento \u201cMeu Casamento\u201d, organizado pela equipe do Cerimonialy \u2013 Assessoria e Cerimonial,<\/p>\n<p>de propriedade de Nayara Rodrigues e Aline Ventura, apresentou aos noivos, aniversariantes, clientes e interessados, novidades do<\/p>\n<p>&nbsp;<\/p>\n<p>setor de festas de casamentos, bodas, 15 anos e festividades em geral &#8211; segmento que se encontra em grande expans\u00e3o no pa\u00eds.<br \/>\nA exposi\u00e7\u00e3o, realizada na \u00faltima quarta-feira (21), na Casa da Amizade, contou com desfiles de vestidos de noivas, degusta\u00e7\u00e3o de alimentos e bebidas, demonstra\u00e7\u00e3o de materiais decorativos, som, v\u00eddeo, fotografia e demais novidades oferecidas pelos profissionais. Uma oportunidade para facilitar todo o planejamento, que vai do convite at\u00e9 a festa, passando pela qualidade do cerimonialista que, ao final de todo o trabalho, transmitir\u00e1 seguran\u00e7a, conforto e satisfa\u00e7\u00e3o para o cliente e seus convidados.<br \/>\nUma das respons\u00e1veis pela organiza\u00e7\u00e3o, Aline Leandro Ventura, conta que foram, no total, 20 parceiros de empresas variadas, inclusive de outras cidades. \u201cVisitamos feiras em cidades maiores e acreditamos que seria interessante realizar a mesma ideia em Muria\u00e9. Gostaria de agradecer a todos que acreditaram neste trabalho e pelo resultado alcan\u00e7ado nesta primeira edi\u00e7\u00e3o. Hoje j\u00e1 possu\u00edmos uma lista de espera de mais empresas para participar de futuras edi\u00e7\u00f5es que, com certeza, concretizaremos, possibilitando, assim, realizar o sonho de muitos casais\u201d, diz.<br \/>\nEmpresas renomadas estiveram presentes expondo seus trabalhos. Entre elas, os servi\u00e7os de imagem e som de JR Oliveira, Entre Dois, Prime Music, Santtorini Eventos, DJ Filipi Massa e Ok Cabine com o servi\u00e7o de cabine de fotos; vestidos e acess\u00f3rios da Europa Noivas e Rosinha Noivas; no setor de decora\u00e7\u00e3o, Andrea Amaro Buffet e Decora\u00e7\u00e3o e Lara Guedes Buffet e Decora\u00e7\u00e3o; espa\u00e7o para festas, La Castro; enxovais e presentes da Louren\u00e7o Lar; doces da Dona Do\u00e7ura; servi\u00e7o de barman, drinks e bebidas, da Absoluto\u2019s Barman; lembran\u00e7as e brindes da Gr\u00e1fica Top; Salgadinhos da T\u00e9ia; artesanatos de L\u00facia Biscuit e Ateli\u00ea da Clau; e Espa\u00e7o Vip, com servi\u00e7os de beleza.<\/p>\n<p><img decoding=\"async\" class=\"ngg_displayed_gallery mceItem\" src=\"https:\/\/anoticiaonline.com.br\/site\/nextgen-attach_to_post\/preview\/id--33474\" \/><\/p>\n","protected":false},"excerpt":{"rendered":"<p>O evento \u201cMeu Casamento\u201d, organizado pela equipe do Cerimonialy \u2013 Assessoria e Cerimonial, de propriedade de Nayara Rodrigues e Aline Ventura, apresentou aos noivos, aniversariantes, clientes e interessados, novidades do &nbsp; setor de festas de casamentos, bodas, 15 anos e festividades em geral &#8211; segmento que se encontra em grande expans\u00e3o no pa\u00eds. A exposi\u00e7\u00e3o, &#8230; <a title=\"Feira de casamentos apresenta novas tend\u00eancias do mercado\" class=\"read-more\" href=\"https:\/\/anoticiaonline.com.br\/site\/feira-de-casamentos-apresenta-novas-tendencias-do-mercado\/\" aria-label=\"Read more about Feira de casamentos apresenta novas tend\u00eancias do mercado\">Ler mais<\/a><\/p>\n","protected":false},"author":2,"featured_media":33250,"comment_status":"open","ping_status":"open","sticky":false,"template":"","format":"standard","meta":{"_acf_changed":false,"_monsterinsights_skip_tracking":false,"footnotes":""},"categories":[24,1],"tags":[394,393,395,397,398,218,396,308,74,3],"class_list":["post-33246","post","type-post","status-publish","format-standard","has-post-thumbnail","hentry","category-eventos","category-gerais","tag-assessoria","tag-casamento","tag-cerimonial","tag-cerimonialy","tag-espaco-vip","tag-evento","tag-feira","tag-festa","tag-muriae","tag-slide"],"acf":[],"aioseo_notices":[],"aioseo_head":"\n\t\t<!-- All in One SEO 5.0.0.1 - aioseo.com -->\n\t<meta name=\"description\" content=\"O evento \u201cMeu Casamento\u201d, organizado pela equipe do Cerimonialy \u2013 Assessoria e Cerimonial, de propriedade de Nayara Rodrigues e Aline Ventura, apresentou aos noivos, aniversariantes, clientes e interessados, novidades do setor de festas de casamentos, bodas, 15 anos e festividades em geral - segmento que se encontra em grande expans\u00e3o no pa\u00eds. A exposi\u00e7\u00e3o,\" \/>\n\t<meta name=\"robots\" content=\"max-image-preview:large\" \/>\n\t<meta name=\"author\" content=\"Juliana Laviola\"\/>\n\t<link rel=\"canonical\" href=\"https:\/\/anoticiaonline.com.br\/site\/feira-de-casamentos-apresenta-novas-tendencias-do-mercado\/\" \/>\n\t<meta name=\"generator\" content=\"All in One SEO (AIOSEO) 5.0.0.1\" \/>\n\t\t<meta property=\"og:locale\" content=\"pt_BR\" \/>\n\t\t<meta property=\"og:site_name\" content=\"A Not\u00edcia Online - Noticias de Muria\u00e9 e regi\u00e3o\" \/>\n\t\t<meta property=\"og:type\" content=\"article\" \/>\n\t\t<meta property=\"og:title\" content=\"Feira de casamentos apresenta novas tend\u00eancias do mercado - A Not\u00edcia Online\" \/>\n\t\t<meta property=\"og:description\" content=\"O evento \u201cMeu Casamento\u201d, organizado pela equipe do Cerimonialy \u2013 Assessoria e Cerimonial, de propriedade de Nayara Rodrigues e Aline Ventura, apresentou aos noivos, aniversariantes, clientes e interessados, novidades do setor de festas de casamentos, bodas, 15 anos e festividades em geral - segmento que se encontra em grande expans\u00e3o no pa\u00eds. A exposi\u00e7\u00e3o,\" \/>\n\t\t<meta property=\"og:url\" content=\"https:\/\/anoticiaonline.com.br\/site\/feira-de-casamentos-apresenta-novas-tendencias-do-mercado\/\" \/>\n\t\t<meta property=\"og:image\" content=\"https:\/\/scontent-gig4-1.xx.fbcdn.net\/v\/t39.30808-1\/270437624_4564083193639691_6907940295614233970_n.jpg?stp=dst-jpg_s200x200_tt6&#038;_nc_cat=111&#038;ccb=1-7&#038;_nc_sid=f907e8&#038;_nc_ohc=SM1wRlP3lJwQ7kNvwEPuBYA&#038;_nc_oc=AdnqrjDN_BNjSSHWO-GbkIWH6fkGMLw4bqvL_NH6e2wMveX7G-rP2dAqsDSq1mJMOaY&#038;_nc_zt=24&#038;_nc_ht=scontent-gig4-1.xx&#038;_nc_gid=AoBFJeGrT1hVaew_6rchkQ&#038;oh=00_AfX7QmFGhQhG2jAllVgXCiM1ZrWgvtp80-Bfppyexh1QEg&#038;oe=689E923C\" \/>\n\t\t<meta property=\"og:image:secure_url\" content=\"https:\/\/scontent-gig4-1.xx.fbcdn.net\/v\/t39.30808-1\/270437624_4564083193639691_6907940295614233970_n.jpg?stp=dst-jpg_s200x200_tt6&#038;_nc_cat=111&#038;ccb=1-7&#038;_nc_sid=f907e8&#038;_nc_ohc=SM1wRlP3lJwQ7kNvwEPuBYA&#038;_nc_oc=AdnqrjDN_BNjSSHWO-GbkIWH6fkGMLw4bqvL_NH6e2wMveX7G-rP2dAqsDSq1mJMOaY&#038;_nc_zt=24&#038;_nc_ht=scontent-gig4-1.xx&#038;_nc_gid=AoBFJeGrT1hVaew_6rchkQ&#038;oh=00_AfX7QmFGhQhG2jAllVgXCiM1ZrWgvtp80-Bfppyexh1QEg&#038;oe=689E923C\" \/>\n\t\t<meta property=\"article:published_time\" content=\"2017-06-23T01:41:58+00:00\" \/>\n\t\t<meta property=\"article:modified_time\" content=\"2017-06-23T01:46:15+00:00\" \/>\n\t\t<meta name=\"twitter:card\" content=\"summary_large_image\" \/>\n\t\t<meta name=\"twitter:title\" content=\"Feira de casamentos apresenta novas tend\u00eancias do mercado - A Not\u00edcia Online\" \/>\n\t\t<meta name=\"twitter:description\" content=\"O evento \u201cMeu Casamento\u201d, organizado pela equipe do Cerimonialy \u2013 Assessoria e Cerimonial, de propriedade de Nayara Rodrigues e Aline Ventura, apresentou aos noivos, aniversariantes, clientes e interessados, novidades do setor de festas de casamentos, bodas, 15 anos e festividades em geral - segmento que se encontra em grande expans\u00e3o no pa\u00eds. A exposi\u00e7\u00e3o,\" \/>\n\t\t<meta name=\"twitter:image\" content=\"https:\/\/scontent-gig4-1.xx.fbcdn.net\/v\/t39.30808-1\/270437624_4564083193639691_6907940295614233970_n.jpg?stp=dst-jpg_s200x200_tt6&amp;_nc_cat=111&amp;ccb=1-7&amp;_nc_sid=f907e8&amp;_nc_ohc=SM1wRlP3lJwQ7kNvwEPuBYA&amp;_nc_oc=AdnqrjDN_BNjSSHWO-GbkIWH6fkGMLw4bqvL_NH6e2wMveX7G-rP2dAqsDSq1mJMOaY&amp;_nc_zt=24&amp;_nc_ht=scontent-gig4-1.xx&amp;_nc_gid=AoBFJeGrT1hVaew_6rchkQ&amp;oh=00_AfX7QmFGhQhG2jAllVgXCiM1ZrWgvtp80-Bfppyexh1QEg&amp;oe=689E923C\" \/>\n\t\t<script type=\"application\/ld+json\" class=\"aioseo-schema\">\n\t\t\t{\"@context\":\"https:\\\/\\\/schema.org\",\"@graph\":[{\"@type\":\"BlogPosting\",\"@id\":\"https:\\\/\\\/anoticiaonline.com.br\\\/site\\\/feira-de-casamentos-apresenta-novas-tendencias-do-mercado\\\/#blogposting\",\"name\":\"Feira de casamentos apresenta novas tend\\u00eancias do mercado - A Not\\u00edcia Online\",\"headline\":\"Feira de casamentos apresenta novas tend\\u00eancias do mercado\",\"author\":{\"@id\":\"https:\\\/\\\/anoticiaonline.com.br\\\/site\\\/author\\\/juliana\\\/#author\"},\"publisher\":{\"@id\":\"https:\\\/\\\/anoticiaonline.com.br\\\/site\\\/#organization\"},\"image\":{\"@type\":\"ImageObject\",\"url\":\"https:\\\/\\\/anoticiaonline.com.br\\\/site\\\/wp-content\\\/uploads\\\/2017\\\/06\\\/DSC_0625.jpg\",\"width\":640,\"height\":427},\"datePublished\":\"2017-06-22T22:41:58-03:00\",\"dateModified\":\"2017-06-22T22:46:15-03:00\",\"inLanguage\":\"pt-BR\",\"mainEntityOfPage\":{\"@id\":\"https:\\\/\\\/anoticiaonline.com.br\\\/site\\\/feira-de-casamentos-apresenta-novas-tendencias-do-mercado\\\/#webpage\"},\"isPartOf\":{\"@id\":\"https:\\\/\\\/anoticiaonline.com.br\\\/site\\\/feira-de-casamentos-apresenta-novas-tendencias-do-mercado\\\/#webpage\"},\"articleSection\":\"Eventos, Gerais, assessoria, casamento, cerimonial, Cerimonialy, Espa\\u00e7o Vip, evento, feira, festa, Muria\\u00e9, slide\"},{\"@type\":\"BreadcrumbList\",\"@id\":\"https:\\\/\\\/anoticiaonline.com.br\\\/site\\\/feira-de-casamentos-apresenta-novas-tendencias-do-mercado\\\/#breadcrumblist\",\"itemListElement\":[{\"@type\":\"ListItem\",\"@id\":\"https:\\\/\\\/anoticiaonline.com.br\\\/site#listItem\",\"position\":1,\"name\":\"Home\",\"item\":\"https:\\\/\\\/anoticiaonline.com.br\\\/site\",\"nextItem\":{\"@type\":\"ListItem\",\"@id\":\"https:\\\/\\\/anoticiaonline.com.br\\\/site\\\/categoria\\\/gerais\\\/#listItem\",\"name\":\"Gerais\"}},{\"@type\":\"ListItem\",\"@id\":\"https:\\\/\\\/anoticiaonline.com.br\\\/site\\\/categoria\\\/gerais\\\/#listItem\",\"position\":2,\"name\":\"Gerais\",\"item\":\"https:\\\/\\\/anoticiaonline.com.br\\\/site\\\/categoria\\\/gerais\\\/\",\"nextItem\":{\"@type\":\"ListItem\",\"@id\":\"https:\\\/\\\/anoticiaonline.com.br\\\/site\\\/feira-de-casamentos-apresenta-novas-tendencias-do-mercado\\\/#listItem\",\"name\":\"Feira de casamentos apresenta novas tend\\u00eancias do mercado\"},\"previousItem\":{\"@type\":\"ListItem\",\"@id\":\"https:\\\/\\\/anoticiaonline.com.br\\\/site#listItem\",\"name\":\"Home\"}},{\"@type\":\"ListItem\",\"@id\":\"https:\\\/\\\/anoticiaonline.com.br\\\/site\\\/feira-de-casamentos-apresenta-novas-tendencias-do-mercado\\\/#listItem\",\"position\":3,\"name\":\"Feira de casamentos apresenta novas tend\\u00eancias do mercado\",\"previousItem\":{\"@type\":\"ListItem\",\"@id\":\"https:\\\/\\\/anoticiaonline.com.br\\\/site\\\/categoria\\\/gerais\\\/#listItem\",\"name\":\"Gerais\"}}]},{\"@type\":\"Organization\",\"@id\":\"https:\\\/\\\/anoticiaonline.com.br\\\/site\\\/#organization\",\"name\":\"A Not\\u00edcia Online\",\"description\":\"Noticias de Muria\\u00e9 e regi\\u00e3o\",\"url\":\"https:\\\/\\\/anoticiaonline.com.br\\\/site\\\/\",\"logo\":{\"@type\":\"ImageObject\",\"url\":\"https:\\\/\\\/scontent-gig4-1.xx.fbcdn.net\\\/v\\\/t39.30808-1\\\/270437624_4564083193639691_6907940295614233970_n.jpg?stp=dst-jpg_s200x200_tt6&_nc_cat=111&ccb=1-7&_nc_sid=f907e8&_nc_ohc=SM1wRlP3lJwQ7kNvwEPuBYA&_nc_oc=AdnqrjDN_BNjSSHWO-GbkIWH6fkGMLw4bqvL_NH6e2wMveX7G-rP2dAqsDSq1mJMOaY&_nc_zt=24&_nc_ht=scontent-gig4-1.xx&_nc_gid=AoBFJeGrT1hVaew_6rchkQ&oh=00_AfX7QmFGhQhG2jAllVgXCiM1ZrWgvtp80-Bfppyexh1QEg&oe=689E923C\",\"@id\":\"https:\\\/\\\/anoticiaonline.com.br\\\/site\\\/feira-de-casamentos-apresenta-novas-tendencias-do-mercado\\\/#organizationLogo\"},\"image\":{\"@id\":\"https:\\\/\\\/anoticiaonline.com.br\\\/site\\\/feira-de-casamentos-apresenta-novas-tendencias-do-mercado\\\/#organizationLogo\"}},{\"@type\":\"Person\",\"@id\":\"https:\\\/\\\/anoticiaonline.com.br\\\/site\\\/author\\\/juliana\\\/#author\",\"url\":\"https:\\\/\\\/anoticiaonline.com.br\\\/site\\\/author\\\/juliana\\\/\",\"name\":\"Juliana Laviola\",\"image\":{\"@type\":\"ImageObject\",\"@id\":\"https:\\\/\\\/anoticiaonline.com.br\\\/site\\\/feira-de-casamentos-apresenta-novas-tendencias-do-mercado\\\/#authorImage\",\"url\":\"https:\\\/\\\/secure.gravatar.com\\\/avatar\\\/b8d45f5c699b100dfaf0e543582f38f38bf94cb7ae3a5e9abf8d891a34773335?s=96&d=mm&r=g\",\"width\":96,\"height\":96,\"caption\":\"Juliana Laviola\"}},{\"@type\":\"WebPage\",\"@id\":\"https:\\\/\\\/anoticiaonline.com.br\\\/site\\\/feira-de-casamentos-apresenta-novas-tendencias-do-mercado\\\/#webpage\",\"url\":\"https:\\\/\\\/anoticiaonline.com.br\\\/site\\\/feira-de-casamentos-apresenta-novas-tendencias-do-mercado\\\/\",\"name\":\"Feira de casamentos apresenta novas tend\\u00eancias do mercado - A Not\\u00edcia Online\",\"description\":\"O evento \\u201cMeu Casamento\\u201d, organizado pela equipe do Cerimonialy \\u2013 Assessoria e Cerimonial, de propriedade de Nayara Rodrigues e Aline Ventura, apresentou aos noivos, aniversariantes, clientes e interessados, novidades do setor de festas de casamentos, bodas, 15 anos e festividades em geral - segmento que se encontra em grande expans\\u00e3o no pa\\u00eds. A exposi\\u00e7\\u00e3o,\",\"inLanguage\":\"pt-BR\",\"isPartOf\":{\"@id\":\"https:\\\/\\\/anoticiaonline.com.br\\\/site\\\/#website\"},\"breadcrumb\":{\"@id\":\"https:\\\/\\\/anoticiaonline.com.br\\\/site\\\/feira-de-casamentos-apresenta-novas-tendencias-do-mercado\\\/#breadcrumblist\"},\"author\":{\"@id\":\"https:\\\/\\\/anoticiaonline.com.br\\\/site\\\/author\\\/juliana\\\/#author\"},\"creator\":{\"@id\":\"https:\\\/\\\/anoticiaonline.com.br\\\/site\\\/author\\\/juliana\\\/#author\"},\"image\":{\"@type\":\"ImageObject\",\"url\":\"https:\\\/\\\/anoticiaonline.com.br\\\/site\\\/wp-content\\\/uploads\\\/2017\\\/06\\\/DSC_0625.jpg\",\"@id\":\"https:\\\/\\\/anoticiaonline.com.br\\\/site\\\/feira-de-casamentos-apresenta-novas-tendencias-do-mercado\\\/#mainImage\",\"width\":640,\"height\":427},\"primaryImageOfPage\":{\"@id\":\"https:\\\/\\\/anoticiaonline.com.br\\\/site\\\/feira-de-casamentos-apresenta-novas-tendencias-do-mercado\\\/#mainImage\"},\"datePublished\":\"2017-06-22T22:41:58-03:00\",\"dateModified\":\"2017-06-22T22:46:15-03:00\"},{\"@type\":\"WebSite\",\"@id\":\"https:\\\/\\\/anoticiaonline.com.br\\\/site\\\/#website\",\"url\":\"https:\\\/\\\/anoticiaonline.com.br\\\/site\\\/\",\"name\":\"A Not\\u00edcia Online\",\"description\":\"Noticias de Muria\\u00e9 e regi\\u00e3o\",\"inLanguage\":\"pt-BR\",\"publisher\":{\"@id\":\"https:\\\/\\\/anoticiaonline.com.br\\\/site\\\/#organization\"}}]}\n\t\t<\/script>\n\t\t<!-- All in One SEO -->\n\n","aioseo_head_json":{"title":"Feira de casamentos apresenta novas tend\u00eancias do mercado - A Not\u00edcia Online","description":"O evento \u201cMeu Casamento\u201d, organizado pela equipe do Cerimonialy \u2013 Assessoria e Cerimonial, de propriedade de Nayara Rodrigues e Aline Ventura, apresentou aos noivos, aniversariantes, clientes e interessados, novidades do setor de festas de casamentos, bodas, 15 anos e festividades em geral - segmento que se encontra em grande expans\u00e3o no pa\u00eds. A exposi\u00e7\u00e3o,","canonical_url":"https:\/\/anoticiaonline.com.br\/site\/feira-de-casamentos-apresenta-novas-tendencias-do-mercado\/","robots":"max-image-preview:large","keywords":"","webmasterTools":{"miscellaneous":""},"schema":{"@context":"https:\/\/schema.org","@graph":[{"@type":"BlogPosting","@id":"https:\/\/anoticiaonline.com.br\/site\/feira-de-casamentos-apresenta-novas-tendencias-do-mercado\/#blogposting","name":"Feira de casamentos apresenta novas tend\u00eancias do mercado - A Not\u00edcia Online","headline":"Feira de casamentos apresenta novas tend\u00eancias do mercado","author":{"@id":"https:\/\/anoticiaonline.com.br\/site\/author\/juliana\/#author"},"publisher":{"@id":"https:\/\/anoticiaonline.com.br\/site\/#organization"},"image":{"@type":"ImageObject","url":"https:\/\/anoticiaonline.com.br\/site\/wp-content\/uploads\/2017\/06\/DSC_0625.jpg","width":640,"height":427},"datePublished":"2017-06-22T22:41:58-03:00","dateModified":"2017-06-22T22:46:15-03:00","inLanguage":"pt-BR","mainEntityOfPage":{"@id":"https:\/\/anoticiaonline.com.br\/site\/feira-de-casamentos-apresenta-novas-tendencias-do-mercado\/#webpage"},"isPartOf":{"@id":"https:\/\/anoticiaonline.com.br\/site\/feira-de-casamentos-apresenta-novas-tendencias-do-mercado\/#webpage"},"articleSection":"Eventos, Gerais, assessoria, casamento, cerimonial, Cerimonialy, Espa\u00e7o Vip, evento, feira, festa, Muria\u00e9, slide"},{"@type":"BreadcrumbList","@id":"https:\/\/anoticiaonline.com.br\/site\/feira-de-casamentos-apresenta-novas-tendencias-do-mercado\/#breadcrumblist","itemListElement":[{"@type":"ListItem","@id":"https:\/\/anoticiaonline.com.br\/site#listItem","position":1,"name":"Home","item":"https:\/\/anoticiaonline.com.br\/site","nextItem":{"@type":"ListItem","@id":"https:\/\/anoticiaonline.com.br\/site\/categoria\/gerais\/#listItem","name":"Gerais"}},{"@type":"ListItem","@id":"https:\/\/anoticiaonline.com.br\/site\/categoria\/gerais\/#listItem","position":2,"name":"Gerais","item":"https:\/\/anoticiaonline.com.br\/site\/categoria\/gerais\/","nextItem":{"@type":"ListItem","@id":"https:\/\/anoticiaonline.com.br\/site\/feira-de-casamentos-apresenta-novas-tendencias-do-mercado\/#listItem","name":"Feira de casamentos apresenta novas tend\u00eancias do mercado"},"previousItem":{"@type":"ListItem","@id":"https:\/\/anoticiaonline.com.br\/site#listItem","name":"Home"}},{"@type":"ListItem","@id":"https:\/\/anoticiaonline.com.br\/site\/feira-de-casamentos-apresenta-novas-tendencias-do-mercado\/#listItem","position":3,"name":"Feira de casamentos apresenta novas tend\u00eancias do mercado","previousItem":{"@type":"ListItem","@id":"https:\/\/anoticiaonline.com.br\/site\/categoria\/gerais\/#listItem","name":"Gerais"}}]},{"@type":"Organization","@id":"https:\/\/anoticiaonline.com.br\/site\/#organization","name":"A Not\u00edcia Online","description":"Noticias de Muria\u00e9 e regi\u00e3o","url":"https:\/\/anoticiaonline.com.br\/site\/","logo":{"@type":"ImageObject","url":"https:\/\/scontent-gig4-1.xx.fbcdn.net\/v\/t39.30808-1\/270437624_4564083193639691_6907940295614233970_n.jpg?stp=dst-jpg_s200x200_tt6&_nc_cat=111&ccb=1-7&_nc_sid=f907e8&_nc_ohc=SM1wRlP3lJwQ7kNvwEPuBYA&_nc_oc=AdnqrjDN_BNjSSHWO-GbkIWH6fkGMLw4bqvL_NH6e2wMveX7G-rP2dAqsDSq1mJMOaY&_nc_zt=24&_nc_ht=scontent-gig4-1.xx&_nc_gid=AoBFJeGrT1hVaew_6rchkQ&oh=00_AfX7QmFGhQhG2jAllVgXCiM1ZrWgvtp80-Bfppyexh1QEg&oe=689E923C","@id":"https:\/\/anoticiaonline.com.br\/site\/feira-de-casamentos-apresenta-novas-tendencias-do-mercado\/#organizationLogo"},"image":{"@id":"https:\/\/anoticiaonline.com.br\/site\/feira-de-casamentos-apresenta-novas-tendencias-do-mercado\/#organizationLogo"}},{"@type":"Person","@id":"https:\/\/anoticiaonline.com.br\/site\/author\/juliana\/#author","url":"https:\/\/anoticiaonline.com.br\/site\/author\/juliana\/","name":"Juliana Laviola","image":{"@type":"ImageObject","@id":"https:\/\/anoticiaonline.com.br\/site\/feira-de-casamentos-apresenta-novas-tendencias-do-mercado\/#authorImage","url":"https:\/\/secure.gravatar.com\/avatar\/b8d45f5c699b100dfaf0e543582f38f38bf94cb7ae3a5e9abf8d891a34773335?s=96&d=mm&r=g","width":96,"height":96,"caption":"Juliana Laviola"}},{"@type":"WebPage","@id":"https:\/\/anoticiaonline.com.br\/site\/feira-de-casamentos-apresenta-novas-tendencias-do-mercado\/#webpage","url":"https:\/\/anoticiaonline.com.br\/site\/feira-de-casamentos-apresenta-novas-tendencias-do-mercado\/","name":"Feira de casamentos apresenta novas tend\u00eancias do mercado - A Not\u00edcia Online","description":"O evento \u201cMeu Casamento\u201d, organizado pela equipe do Cerimonialy \u2013 Assessoria e Cerimonial, de propriedade de Nayara Rodrigues e Aline Ventura, apresentou aos noivos, aniversariantes, clientes e interessados, novidades do setor de festas de casamentos, bodas, 15 anos e festividades em geral - segmento que se encontra em grande expans\u00e3o no pa\u00eds. A exposi\u00e7\u00e3o,","inLanguage":"pt-BR","isPartOf":{"@id":"https:\/\/anoticiaonline.com.br\/site\/#website"},"breadcrumb":{"@id":"https:\/\/anoticiaonline.com.br\/site\/feira-de-casamentos-apresenta-novas-tendencias-do-mercado\/#breadcrumblist"},"author":{"@id":"https:\/\/anoticiaonline.com.br\/site\/author\/juliana\/#author"},"creator":{"@id":"https:\/\/anoticiaonline.com.br\/site\/author\/juliana\/#author"},"image":{"@type":"ImageObject","url":"https:\/\/anoticiaonline.com.br\/site\/wp-content\/uploads\/2017\/06\/DSC_0625.jpg","@id":"https:\/\/anoticiaonline.com.br\/site\/feira-de-casamentos-apresenta-novas-tendencias-do-mercado\/#mainImage","width":640,"height":427},"primaryImageOfPage":{"@id":"https:\/\/anoticiaonline.com.br\/site\/feira-de-casamentos-apresenta-novas-tendencias-do-mercado\/#mainImage"},"datePublished":"2017-06-22T22:41:58-03:00","dateModified":"2017-06-22T22:46:15-03:00"},{"@type":"WebSite","@id":"https:\/\/anoticiaonline.com.br\/site\/#website","url":"https:\/\/anoticiaonline.com.br\/site\/","name":"A Not\u00edcia Online","description":"Noticias de Muria\u00e9 e regi\u00e3o","inLanguage":"pt-BR","publisher":{"@id":"https:\/\/anoticiaonline.com.br\/site\/#organization"}}]},"og:locale":"pt_BR","og:site_name":"A Not\u00edcia Online - Noticias de Muria\u00e9 e regi\u00e3o","og:type":"article","og:title":"Feira de casamentos apresenta novas tend\u00eancias do mercado - A Not\u00edcia Online","og:description":"O evento \u201cMeu Casamento\u201d, organizado pela equipe do Cerimonialy \u2013 Assessoria e Cerimonial, de propriedade de Nayara Rodrigues e Aline Ventura, apresentou aos noivos, aniversariantes, clientes e interessados, novidades do setor de festas de casamentos, bodas, 15 anos e festividades em geral - segmento que se encontra em grande expans\u00e3o no pa\u00eds. A exposi\u00e7\u00e3o,","og:url":"https:\/\/anoticiaonline.com.br\/site\/feira-de-casamentos-apresenta-novas-tendencias-do-mercado\/","og:image":"https:\/\/scontent-gig4-1.xx.fbcdn.net\/v\/t39.30808-1\/270437624_4564083193639691_6907940295614233970_n.jpg?stp=dst-jpg_s200x200_tt6&#038;_nc_cat=111&#038;ccb=1-7&#038;_nc_sid=f907e8&#038;_nc_ohc=SM1wRlP3lJwQ7kNvwEPuBYA&#038;_nc_oc=AdnqrjDN_BNjSSHWO-GbkIWH6fkGMLw4bqvL_NH6e2wMveX7G-rP2dAqsDSq1mJMOaY&#038;_nc_zt=24&#038;_nc_ht=scontent-gig4-1.xx&#038;_nc_gid=AoBFJeGrT1hVaew_6rchkQ&#038;oh=00_AfX7QmFGhQhG2jAllVgXCiM1ZrWgvtp80-Bfppyexh1QEg&#038;oe=689E923C","og:image:secure_url":"https:\/\/scontent-gig4-1.xx.fbcdn.net\/v\/t39.30808-1\/270437624_4564083193639691_6907940295614233970_n.jpg?stp=dst-jpg_s200x200_tt6&#038;_nc_cat=111&#038;ccb=1-7&#038;_nc_sid=f907e8&#038;_nc_ohc=SM1wRlP3lJwQ7kNvwEPuBYA&#038;_nc_oc=AdnqrjDN_BNjSSHWO-GbkIWH6fkGMLw4bqvL_NH6e2wMveX7G-rP2dAqsDSq1mJMOaY&#038;_nc_zt=24&#038;_nc_ht=scontent-gig4-1.xx&#038;_nc_gid=AoBFJeGrT1hVaew_6rchkQ&#038;oh=00_AfX7QmFGhQhG2jAllVgXCiM1ZrWgvtp80-Bfppyexh1QEg&#038;oe=689E923C","article:published_time":"2017-06-23T01:41:58+00:00","article:modified_time":"2017-06-23T01:46:15+00:00","twitter:card":"summary_large_image","twitter:title":"Feira de casamentos apresenta novas tend\u00eancias do mercado - A Not\u00edcia Online","twitter:description":"O evento \u201cMeu Casamento\u201d, organizado pela equipe do Cerimonialy \u2013 Assessoria e Cerimonial, de propriedade de Nayara Rodrigues e Aline Ventura, apresentou aos noivos, aniversariantes, clientes e interessados, novidades do setor de festas de casamentos, bodas, 15 anos e festividades em geral - segmento que se encontra em grande expans\u00e3o no pa\u00eds. A exposi\u00e7\u00e3o,","twitter:image":"https:\/\/scontent-gig4-1.xx.fbcdn.net\/v\/t39.30808-1\/270437624_4564083193639691_6907940295614233970_n.jpg?stp=dst-jpg_s200x200_tt6&_nc_cat=111&ccb=1-7&_nc_sid=f907e8&_nc_ohc=SM1wRlP3lJwQ7kNvwEPuBYA&_nc_oc=AdnqrjDN_BNjSSHWO-GbkIWH6fkGMLw4bqvL_NH6e2wMveX7G-rP2dAqsDSq1mJMOaY&_nc_zt=24&_nc_ht=scontent-gig4-1.xx&_nc_gid=AoBFJeGrT1hVaew_6rchkQ&oh=00_AfX7QmFGhQhG2jAllVgXCiM1ZrWgvtp80-Bfppyexh1QEg&oe=689E923C"},"aioseo_meta_data":{"post_id":"33246","title":null,"description":null,"keywords":null,"keyphrases":null,"primary_term":null,"canonical_url":null,"og_title":null,"og_description":null,"og_object_type":"default","og_image_type":"default","og_image_url":null,"og_image_width":null,"og_image_height":null,"og_image_custom_url":null,"og_image_custom_fields":null,"og_video":null,"og_custom_url":null,"og_article_section":null,"og_article_tags":null,"twitter_use_og":false,"twitter_card":"default","twitter_image_type":"default","twitter_image_url":null,"twitter_image_custom_url":null,"twitter_image_custom_fields":null,"twitter_title":null,"twitter_description":null,"schema":{"blockGraphs":[],"customGraphs":[],"default":{"data":{"Article":[],"Course":[],"Dataset":[],"FAQPage":[],"Movie":[],"Person":[],"Product":[],"ProductReview":[],"Car":[],"Recipe":[],"Service":[],"SoftwareApplication":[],"WebPage":[]},"graphName":"","isEnabled":true},"graphs":[]},"schema_type":"default","schema_type_options":null,"pillar_content":false,"robots_default":true,"robots_noindex":false,"robots_noarchive":false,"robots_nosnippet":false,"robots_nofollow":false,"robots_noimageindex":false,"robots_noodp":false,"robots_notranslate":false,"robots_max_snippet":null,"robots_max_videopreview":null,"robots_max_imagepreview":"large","priority":null,"frequency":null,"local_seo":null,"breadcrumb_settings":null,"limit_modified_date":false,"ai":null,"created":"2025-08-16 18:42:48","updated":"2025-08-16 18:42:48","focus_keyword":null,"additional_keywords":null,"truseo_locale":null,"seo_analyzer_scan_date":null},"aioseo_breadcrumb":"<div class=\"aioseo-breadcrumbs\"><span class=\"aioseo-breadcrumb\">\n\t\t\t<a href=\"https:\/\/anoticiaonline.com.br\/site\" title=\"Home\">Home<\/a>\n\t\t<\/span><span class=\"aioseo-breadcrumb-separator\">&raquo;<\/span><span class=\"aioseo-breadcrumb\">\n\t\t\t<a href=\"https:\/\/anoticiaonline.com.br\/site\/categoria\/gerais\/\" title=\"Gerais\">Gerais<\/a>\n\t\t<\/span><span class=\"aioseo-breadcrumb-separator\">&raquo;<\/span><span class=\"aioseo-breadcrumb\">\n\t\t\tFeira de casamentos apresenta novas tend\u00eancias do mercado\n\t\t<\/span><\/div>","aioseo_breadcrumb_json":[{"label":"Home","link":"https:\/\/anoticiaonline.com.br\/site"},{"label":"Gerais","link":"https:\/\/anoticiaonline.com.br\/site\/categoria\/gerais\/"},{"label":"Feira de casamentos apresenta novas tend\u00eancias do mercado","link":"https:\/\/anoticiaonline.com.br\/site\/feira-de-casamentos-apresenta-novas-tendencias-do-mercado\/"}],"views":107,"_links":{"self":[{"href":"https:\/\/anoticiaonline.com.br\/site\/wp-json\/wp\/v2\/posts\/33246","targetHints":{"allow":["GET"]}}],"collection":[{"href":"https:\/\/anoticiaonline.com.br\/site\/wp-json\/wp\/v2\/posts"}],"about":[{"href":"https:\/\/anoticiaonline.com.br\/site\/wp-json\/wp\/v2\/types\/post"}],"author":[{"embeddable":true,"href":"https:\/\/anoticiaonline.com.br\/site\/wp-json\/wp\/v2\/users\/2"}],"replies":[{"embeddable":true,"href":"https:\/\/anoticiaonline.com.br\/site\/wp-json\/wp\/v2\/comments?post=33246"}],"version-history":[{"count":0,"href":"https:\/\/anoticiaonline.com.br\/site\/wp-json\/wp\/v2\/posts\/33246\/revisions"}],"wp:featuredmedia":[{"embeddable":true,"href":"https:\/\/anoticiaonline.com.br\/site\/wp-json\/wp\/v2\/media\/33250"}],"wp:attachment":[{"href":"https:\/\/anoticiaonline.com.br\/site\/wp-json\/wp\/v2\/media?parent=33246"}],"wp:term":[{"taxonomy":"category","embeddable":true,"href":"https:\/\/anoticiaonline.com.br\/site\/wp-json\/wp\/v2\/categories?post=33246"},{"taxonomy":"post_tag","embeddable":true,"href":"https:\/\/anoticiaonline.com.br\/site\/wp-json\/wp\/v2\/tags?post=33246"}],"curies":[{"name":"wp","href":"https:\/\/api.w.org\/{rel}","templated":true}]}}