{"id":33022,"date":"2017-06-22T21:13:29","date_gmt":"2017-06-23T00:13:29","guid":{"rendered":"http:\/\/anoticiaonline.com.br\/site\/?p=33022"},"modified":"2017-06-22T21:15:43","modified_gmt":"2017-06-23T00:15:43","slug":"festa-de-ervalia-e-sucesso","status":"publish","type":"post","link":"https:\/\/anoticiaonline.com.br\/site\/festa-de-ervalia-e-sucesso\/","title":{"rendered":"Festa de Erv\u00e1lia \u00e9 sucesso"},"content":{"rendered":"<p><img fetchpriority=\"high\" decoding=\"async\" class=\"alignleft size-medium wp-image-33016\" src=\"https:\/\/anoticiaonline.com.br\/site\/wp-content\/uploads\/2017\/06\/DSC_1098-300x199.jpg\" alt=\"\" width=\"300\" height=\"199\" srcset=\"https:\/\/anoticiaonline.com.br\/site\/wp-content\/uploads\/2017\/06\/DSC_1098-300x199.jpg 300w, https:\/\/anoticiaonline.com.br\/site\/wp-content\/uploads\/2017\/06\/DSC_1098.jpg 640w\" sizes=\"(max-width: 300px) 100vw, 300px\" \/><a href=\"https:\/\/anoticiaonline.com.br\/site\/wp-content\/uploads\/2017\/06\/DSC_1071.jpg\"><img decoding=\"async\" class=\"alignleft size-medium wp-image-33014\" src=\"https:\/\/anoticiaonline.com.br\/site\/wp-content\/uploads\/2017\/06\/DSC_1071-300x199.jpg\" alt=\"\" width=\"300\" height=\"199\" srcset=\"https:\/\/anoticiaonline.com.br\/site\/wp-content\/uploads\/2017\/06\/DSC_1071-300x199.jpg 300w, https:\/\/anoticiaonline.com.br\/site\/wp-content\/uploads\/2017\/06\/DSC_1071.jpg 640w\" sizes=\"(max-width: 300px) 100vw, 300px\" \/><\/a> <a href=\"https:\/\/anoticiaonline.com.br\/site\/wp-content\/uploads\/2017\/06\/DSC_1079.jpg\"><img decoding=\"async\" class=\"alignleft size-medium wp-image-33015\" src=\"https:\/\/anoticiaonline.com.br\/site\/wp-content\/uploads\/2017\/06\/DSC_1079-300x199.jpg\" alt=\"\" width=\"300\" height=\"199\" srcset=\"https:\/\/anoticiaonline.com.br\/site\/wp-content\/uploads\/2017\/06\/DSC_1079-300x199.jpg 300w, https:\/\/anoticiaonline.com.br\/site\/wp-content\/uploads\/2017\/06\/DSC_1079.jpg 640w\" sizes=\"(max-width: 300px) 100vw, 300px\" \/><\/a> <a href=\"https:\/\/anoticiaonline.com.br\/site\/wp-content\/uploads\/2017\/06\/WhatsApp-Image-2017-06-19-at-15.03.30.jpeg\"><img loading=\"lazy\" decoding=\"async\" class=\"alignleft size-medium wp-image-33017\" src=\"https:\/\/anoticiaonline.com.br\/site\/wp-content\/uploads\/2017\/06\/WhatsApp-Image-2017-06-19-at-15.03.30-300x225.jpeg\" alt=\"\" width=\"300\" height=\"225\" srcset=\"https:\/\/anoticiaonline.com.br\/site\/wp-content\/uploads\/2017\/06\/WhatsApp-Image-2017-06-19-at-15.03.30-300x225.jpeg 300w, https:\/\/anoticiaonline.com.br\/site\/wp-content\/uploads\/2017\/06\/WhatsApp-Image-2017-06-19-at-15.03.30.jpeg 640w\" sizes=\"(max-width: 300px) 100vw, 300px\" \/><\/a>A tradicional Festa de Erv\u00e1lia aconteceu nos dias 16, 17 e 18 de junho e reuniu grandes nomes da m\u00fasica nacional e regional, como a dupla Gino &amp; Geno. A programa\u00e7\u00e3o incluiu ainda motocross e shows de Beto Kau\u00ea, Lex Luthor, MCs Nandinho &amp; Nego Bam, Renan &amp; Rafael e Free Farra.<br \/>\nO evento, que tamb\u00e9m comemorou os 78 anos de emancipa\u00e7\u00e3o pol\u00edtico-administrativa do munic\u00edpio, aconteceu no \u00faltimo final de semana, no Parque de Exposi\u00e7\u00f5es \u201cTatic\u00e3o\u201d.<br \/>\nA festa come\u00e7ou na sexta-feira (16), com os shows de Beto Kau\u00ea e Lex Luthor. No s\u00e1bado (17) aconteceu a abertura oficial, com a presen\u00e7a do prefeito Eloisio Cunha, do vice, Mauro Godinho, dos secret\u00e1rios municipais, vereadores e autoridades. Neste dia, subiram ao palco MCs Nandinho &amp; Nego Bam, a dupla Renan &amp; Rafael e a Banda Chapahalls.<br \/>\nO prefeito de Erv\u00e1lia, Elo\u00edsio Cunha, afirma que esta \u00e9 uma festa tradicional e, por isso, deve ser realizada todos os anos. Ainda segundo o prefeito, o povo do munic\u00edpio j\u00e1 espera pelo evento. \u201cDurante a festa, tamb\u00e9m comemoramos mais um ano de emancipa\u00e7\u00e3o pol\u00edtico-administrativa de nossa querida cidade. Estamos muito orgulhosos em poder fazer esta festa para comemorar os 78 anos de Erv\u00e1lia. Vamos fazer o melhor pela nossa cidade e pelo nosso povo, pois os ervalenses merecem\u201d, diz.<br \/>\nO vice-prefeito, Mauro Godinho, conta que esta &#8211; a do anivers\u00e1rio &#8211; \u00e9 uma data importante para o munic\u00edpio, por isso deve ser comemorada. \u201cTudo isso \u00e9 investimento em Erv\u00e1lia. Al\u00e9m do povo j\u00e1 esperar este evento, \u00e9 uma forma tamb\u00e9m de proporcionar lazer e divers\u00e3o e movimentar a economia da nossa cidade\u201d, afirma.<br \/>\nDomingo (18) foi dia do Campeonato GaiaMX, da Liga de Motociclismo de Minas Gerais. Com organiza\u00e7\u00e3o de Fabinho e locu\u00e7\u00e3o de Montanha, as manobras radicais feitas pelos pilotos atra\u00edram a aten\u00e7\u00e3o do p\u00fablico durante a tarde. \u00c0 noite, a dupla Gino &amp; Geno esquentou o frio do p\u00fablico, colocando todos para dan\u00e7ar os maiores sucessos de sua carreira. O show de Free Farra finalizou a programa\u00e7\u00e3o da festa. Neste dia, a festa contou tamb\u00e9m com as presen\u00e7as do deputado Estadual Durval \u00c2ngelo e do ex-prefeito de Erv\u00e1lia, \u00c9dson Rezende, os quais parabenizaram o prefeito Eloisio Cunha pelo sucesso do evento.<\/p>\n<p>&nbsp;<\/p>\n<p><img decoding=\"async\" class=\"ngg_displayed_gallery mceItem\" src=\"https:\/\/anoticiaonline.com.br\/site\/nextgen-attach_to_post\/preview\/id--33076\" \/><\/p>\n<p>&nbsp;<\/p>\n","protected":false},"excerpt":{"rendered":"<p>A tradicional Festa de Erv\u00e1lia aconteceu nos dias 16, 17 e 18 de junho e reuniu grandes nomes da m\u00fasica nacional e regional, como a dupla Gino &amp; Geno. A programa\u00e7\u00e3o incluiu ainda motocross e shows de Beto Kau\u00ea, Lex Luthor, MCs Nandinho &amp; Nego Bam, Renan &amp; Rafael e Free Farra. O evento, que &#8230; <a title=\"Festa de Erv\u00e1lia \u00e9 sucesso\" class=\"read-more\" href=\"https:\/\/anoticiaonline.com.br\/site\/festa-de-ervalia-e-sucesso\/\" aria-label=\"Read more about Festa de Erv\u00e1lia \u00e9 sucesso\">Ler mais<\/a><\/p>\n","protected":false},"author":2,"featured_media":33016,"comment_status":"open","ping_status":"open","sticky":false,"template":"","format":"standard","meta":{"_acf_changed":false,"_monsterinsights_skip_tracking":false,"footnotes":""},"categories":[1],"tags":[310,169,40,308,309,311,261,3],"class_list":["post-33022","post","type-post","status-publish","format-standard","has-post-thumbnail","hentry","category-gerais","tag-eloisio-cunha","tag-ervalia","tag-exposicao","tag-festa","tag-gino-geno","tag-mauro-godinho","tag-motocross","tag-slide"],"acf":[],"aioseo_notices":[],"aioseo_head":"\n\t\t<!-- All in One SEO 5.0.0.1 - aioseo.com -->\n\t<meta name=\"description\" content=\"A tradicional Festa de Erv\u00e1lia aconteceu nos dias 16, 17 e 18 de junho e reuniu grandes nomes da m\u00fasica nacional e regional, como a dupla Gino &amp; Geno. A programa\u00e7\u00e3o incluiu ainda motocross e shows de Beto Kau\u00ea, Lex Luthor, MCs Nandinho &amp; Nego Bam, Renan &amp; Rafael e Free Farra. O evento, que\" \/>\n\t<meta name=\"robots\" content=\"max-image-preview:large\" \/>\n\t<meta name=\"author\" content=\"Juliana Laviola\"\/>\n\t<link rel=\"canonical\" href=\"https:\/\/anoticiaonline.com.br\/site\/festa-de-ervalia-e-sucesso\/\" \/>\n\t<meta name=\"generator\" content=\"All in One SEO (AIOSEO) 5.0.0.1\" \/>\n\t\t<meta property=\"og:locale\" content=\"pt_BR\" \/>\n\t\t<meta property=\"og:site_name\" content=\"A Not\u00edcia Online - Noticias de Muria\u00e9 e regi\u00e3o\" \/>\n\t\t<meta property=\"og:type\" content=\"article\" \/>\n\t\t<meta property=\"og:title\" content=\"Festa de Erv\u00e1lia \u00e9 sucesso - A Not\u00edcia Online\" \/>\n\t\t<meta property=\"og:description\" content=\"A tradicional Festa de Erv\u00e1lia aconteceu nos dias 16, 17 e 18 de junho e reuniu grandes nomes da m\u00fasica nacional e regional, como a dupla Gino &amp; Geno. A programa\u00e7\u00e3o incluiu ainda motocross e shows de Beto Kau\u00ea, Lex Luthor, MCs Nandinho &amp; Nego Bam, Renan &amp; Rafael e Free Farra. O evento, que\" \/>\n\t\t<meta property=\"og:url\" content=\"https:\/\/anoticiaonline.com.br\/site\/festa-de-ervalia-e-sucesso\/\" \/>\n\t\t<meta property=\"og:image\" content=\"https:\/\/scontent-gig4-1.xx.fbcdn.net\/v\/t39.30808-1\/270437624_4564083193639691_6907940295614233970_n.jpg?stp=dst-jpg_s200x200_tt6&#038;_nc_cat=111&#038;ccb=1-7&#038;_nc_sid=f907e8&#038;_nc_ohc=SM1wRlP3lJwQ7kNvwEPuBYA&#038;_nc_oc=AdnqrjDN_BNjSSHWO-GbkIWH6fkGMLw4bqvL_NH6e2wMveX7G-rP2dAqsDSq1mJMOaY&#038;_nc_zt=24&#038;_nc_ht=scontent-gig4-1.xx&#038;_nc_gid=AoBFJeGrT1hVaew_6rchkQ&#038;oh=00_AfX7QmFGhQhG2jAllVgXCiM1ZrWgvtp80-Bfppyexh1QEg&#038;oe=689E923C\" \/>\n\t\t<meta property=\"og:image:secure_url\" content=\"https:\/\/scontent-gig4-1.xx.fbcdn.net\/v\/t39.30808-1\/270437624_4564083193639691_6907940295614233970_n.jpg?stp=dst-jpg_s200x200_tt6&#038;_nc_cat=111&#038;ccb=1-7&#038;_nc_sid=f907e8&#038;_nc_ohc=SM1wRlP3lJwQ7kNvwEPuBYA&#038;_nc_oc=AdnqrjDN_BNjSSHWO-GbkIWH6fkGMLw4bqvL_NH6e2wMveX7G-rP2dAqsDSq1mJMOaY&#038;_nc_zt=24&#038;_nc_ht=scontent-gig4-1.xx&#038;_nc_gid=AoBFJeGrT1hVaew_6rchkQ&#038;oh=00_AfX7QmFGhQhG2jAllVgXCiM1ZrWgvtp80-Bfppyexh1QEg&#038;oe=689E923C\" \/>\n\t\t<meta property=\"article:published_time\" content=\"2017-06-23T00:13:29+00:00\" \/>\n\t\t<meta property=\"article:modified_time\" content=\"2017-06-23T00:15:43+00:00\" \/>\n\t\t<meta name=\"twitter:card\" content=\"summary_large_image\" \/>\n\t\t<meta name=\"twitter:title\" content=\"Festa de Erv\u00e1lia \u00e9 sucesso - A Not\u00edcia Online\" \/>\n\t\t<meta name=\"twitter:description\" content=\"A tradicional Festa de Erv\u00e1lia aconteceu nos dias 16, 17 e 18 de junho e reuniu grandes nomes da m\u00fasica nacional e regional, como a dupla Gino &amp; Geno. A programa\u00e7\u00e3o incluiu ainda motocross e shows de Beto Kau\u00ea, Lex Luthor, MCs Nandinho &amp; Nego Bam, Renan &amp; Rafael e Free Farra. O evento, que\" \/>\n\t\t<meta name=\"twitter:image\" content=\"https:\/\/scontent-gig4-1.xx.fbcdn.net\/v\/t39.30808-1\/270437624_4564083193639691_6907940295614233970_n.jpg?stp=dst-jpg_s200x200_tt6&amp;_nc_cat=111&amp;ccb=1-7&amp;_nc_sid=f907e8&amp;_nc_ohc=SM1wRlP3lJwQ7kNvwEPuBYA&amp;_nc_oc=AdnqrjDN_BNjSSHWO-GbkIWH6fkGMLw4bqvL_NH6e2wMveX7G-rP2dAqsDSq1mJMOaY&amp;_nc_zt=24&amp;_nc_ht=scontent-gig4-1.xx&amp;_nc_gid=AoBFJeGrT1hVaew_6rchkQ&amp;oh=00_AfX7QmFGhQhG2jAllVgXCiM1ZrWgvtp80-Bfppyexh1QEg&amp;oe=689E923C\" \/>\n\t\t<script type=\"application\/ld+json\" class=\"aioseo-schema\">\n\t\t\t{\"@context\":\"https:\\\/\\\/schema.org\",\"@graph\":[{\"@type\":\"BlogPosting\",\"@id\":\"https:\\\/\\\/anoticiaonline.com.br\\\/site\\\/festa-de-ervalia-e-sucesso\\\/#blogposting\",\"name\":\"Festa de Erv\\u00e1lia \\u00e9 sucesso - A Not\\u00edcia Online\",\"headline\":\"Festa de Erv\\u00e1lia \\u00e9 sucesso\",\"author\":{\"@id\":\"https:\\\/\\\/anoticiaonline.com.br\\\/site\\\/author\\\/juliana\\\/#author\"},\"publisher\":{\"@id\":\"https:\\\/\\\/anoticiaonline.com.br\\\/site\\\/#organization\"},\"image\":{\"@type\":\"ImageObject\",\"url\":\"https:\\\/\\\/anoticiaonline.com.br\\\/site\\\/wp-content\\\/uploads\\\/2017\\\/06\\\/DSC_1098.jpg\",\"width\":640,\"height\":424},\"datePublished\":\"2017-06-22T21:13:29-03:00\",\"dateModified\":\"2017-06-22T21:15:43-03:00\",\"inLanguage\":\"pt-BR\",\"mainEntityOfPage\":{\"@id\":\"https:\\\/\\\/anoticiaonline.com.br\\\/site\\\/festa-de-ervalia-e-sucesso\\\/#webpage\"},\"isPartOf\":{\"@id\":\"https:\\\/\\\/anoticiaonline.com.br\\\/site\\\/festa-de-ervalia-e-sucesso\\\/#webpage\"},\"articleSection\":\"Gerais, Eloisio Cunha, erv\\u00e1lia, exposi\\u00e7\\u00e3o, festa, Gino &amp; Geno, Mauro Godinho, motocross, slide\"},{\"@type\":\"BreadcrumbList\",\"@id\":\"https:\\\/\\\/anoticiaonline.com.br\\\/site\\\/festa-de-ervalia-e-sucesso\\\/#breadcrumblist\",\"itemListElement\":[{\"@type\":\"ListItem\",\"@id\":\"https:\\\/\\\/anoticiaonline.com.br\\\/site#listItem\",\"position\":1,\"name\":\"Home\",\"item\":\"https:\\\/\\\/anoticiaonline.com.br\\\/site\",\"nextItem\":{\"@type\":\"ListItem\",\"@id\":\"https:\\\/\\\/anoticiaonline.com.br\\\/site\\\/categoria\\\/gerais\\\/#listItem\",\"name\":\"Gerais\"}},{\"@type\":\"ListItem\",\"@id\":\"https:\\\/\\\/anoticiaonline.com.br\\\/site\\\/categoria\\\/gerais\\\/#listItem\",\"position\":2,\"name\":\"Gerais\",\"item\":\"https:\\\/\\\/anoticiaonline.com.br\\\/site\\\/categoria\\\/gerais\\\/\",\"nextItem\":{\"@type\":\"ListItem\",\"@id\":\"https:\\\/\\\/anoticiaonline.com.br\\\/site\\\/festa-de-ervalia-e-sucesso\\\/#listItem\",\"name\":\"Festa de Erv\\u00e1lia \\u00e9 sucesso\"},\"previousItem\":{\"@type\":\"ListItem\",\"@id\":\"https:\\\/\\\/anoticiaonline.com.br\\\/site#listItem\",\"name\":\"Home\"}},{\"@type\":\"ListItem\",\"@id\":\"https:\\\/\\\/anoticiaonline.com.br\\\/site\\\/festa-de-ervalia-e-sucesso\\\/#listItem\",\"position\":3,\"name\":\"Festa de Erv\\u00e1lia \\u00e9 sucesso\",\"previousItem\":{\"@type\":\"ListItem\",\"@id\":\"https:\\\/\\\/anoticiaonline.com.br\\\/site\\\/categoria\\\/gerais\\\/#listItem\",\"name\":\"Gerais\"}}]},{\"@type\":\"Organization\",\"@id\":\"https:\\\/\\\/anoticiaonline.com.br\\\/site\\\/#organization\",\"name\":\"A Not\\u00edcia Online\",\"description\":\"Noticias de Muria\\u00e9 e regi\\u00e3o\",\"url\":\"https:\\\/\\\/anoticiaonline.com.br\\\/site\\\/\",\"logo\":{\"@type\":\"ImageObject\",\"url\":\"https:\\\/\\\/scontent-gig4-1.xx.fbcdn.net\\\/v\\\/t39.30808-1\\\/270437624_4564083193639691_6907940295614233970_n.jpg?stp=dst-jpg_s200x200_tt6&_nc_cat=111&ccb=1-7&_nc_sid=f907e8&_nc_ohc=SM1wRlP3lJwQ7kNvwEPuBYA&_nc_oc=AdnqrjDN_BNjSSHWO-GbkIWH6fkGMLw4bqvL_NH6e2wMveX7G-rP2dAqsDSq1mJMOaY&_nc_zt=24&_nc_ht=scontent-gig4-1.xx&_nc_gid=AoBFJeGrT1hVaew_6rchkQ&oh=00_AfX7QmFGhQhG2jAllVgXCiM1ZrWgvtp80-Bfppyexh1QEg&oe=689E923C\",\"@id\":\"https:\\\/\\\/anoticiaonline.com.br\\\/site\\\/festa-de-ervalia-e-sucesso\\\/#organizationLogo\"},\"image\":{\"@id\":\"https:\\\/\\\/anoticiaonline.com.br\\\/site\\\/festa-de-ervalia-e-sucesso\\\/#organizationLogo\"}},{\"@type\":\"Person\",\"@id\":\"https:\\\/\\\/anoticiaonline.com.br\\\/site\\\/author\\\/juliana\\\/#author\",\"url\":\"https:\\\/\\\/anoticiaonline.com.br\\\/site\\\/author\\\/juliana\\\/\",\"name\":\"Juliana Laviola\",\"image\":{\"@type\":\"ImageObject\",\"@id\":\"https:\\\/\\\/anoticiaonline.com.br\\\/site\\\/festa-de-ervalia-e-sucesso\\\/#authorImage\",\"url\":\"https:\\\/\\\/secure.gravatar.com\\\/avatar\\\/b8d45f5c699b100dfaf0e543582f38f38bf94cb7ae3a5e9abf8d891a34773335?s=96&d=mm&r=g\",\"width\":96,\"height\":96,\"caption\":\"Juliana Laviola\"}},{\"@type\":\"WebPage\",\"@id\":\"https:\\\/\\\/anoticiaonline.com.br\\\/site\\\/festa-de-ervalia-e-sucesso\\\/#webpage\",\"url\":\"https:\\\/\\\/anoticiaonline.com.br\\\/site\\\/festa-de-ervalia-e-sucesso\\\/\",\"name\":\"Festa de Erv\\u00e1lia \\u00e9 sucesso - A Not\\u00edcia Online\",\"description\":\"A tradicional Festa de Erv\\u00e1lia aconteceu nos dias 16, 17 e 18 de junho e reuniu grandes nomes da m\\u00fasica nacional e regional, como a dupla Gino & Geno. A programa\\u00e7\\u00e3o incluiu ainda motocross e shows de Beto Kau\\u00ea, Lex Luthor, MCs Nandinho & Nego Bam, Renan & Rafael e Free Farra. O evento, que\",\"inLanguage\":\"pt-BR\",\"isPartOf\":{\"@id\":\"https:\\\/\\\/anoticiaonline.com.br\\\/site\\\/#website\"},\"breadcrumb\":{\"@id\":\"https:\\\/\\\/anoticiaonline.com.br\\\/site\\\/festa-de-ervalia-e-sucesso\\\/#breadcrumblist\"},\"author\":{\"@id\":\"https:\\\/\\\/anoticiaonline.com.br\\\/site\\\/author\\\/juliana\\\/#author\"},\"creator\":{\"@id\":\"https:\\\/\\\/anoticiaonline.com.br\\\/site\\\/author\\\/juliana\\\/#author\"},\"image\":{\"@type\":\"ImageObject\",\"url\":\"https:\\\/\\\/anoticiaonline.com.br\\\/site\\\/wp-content\\\/uploads\\\/2017\\\/06\\\/DSC_1098.jpg\",\"@id\":\"https:\\\/\\\/anoticiaonline.com.br\\\/site\\\/festa-de-ervalia-e-sucesso\\\/#mainImage\",\"width\":640,\"height\":424},\"primaryImageOfPage\":{\"@id\":\"https:\\\/\\\/anoticiaonline.com.br\\\/site\\\/festa-de-ervalia-e-sucesso\\\/#mainImage\"},\"datePublished\":\"2017-06-22T21:13:29-03:00\",\"dateModified\":\"2017-06-22T21:15:43-03:00\"},{\"@type\":\"WebSite\",\"@id\":\"https:\\\/\\\/anoticiaonline.com.br\\\/site\\\/#website\",\"url\":\"https:\\\/\\\/anoticiaonline.com.br\\\/site\\\/\",\"name\":\"A Not\\u00edcia Online\",\"description\":\"Noticias de Muria\\u00e9 e regi\\u00e3o\",\"inLanguage\":\"pt-BR\",\"publisher\":{\"@id\":\"https:\\\/\\\/anoticiaonline.com.br\\\/site\\\/#organization\"}}]}\n\t\t<\/script>\n\t\t<!-- All in One SEO -->\n\n","aioseo_head_json":{"title":"Festa de Erv\u00e1lia \u00e9 sucesso - A Not\u00edcia Online","description":"A tradicional Festa de Erv\u00e1lia aconteceu nos dias 16, 17 e 18 de junho e reuniu grandes nomes da m\u00fasica nacional e regional, como a dupla Gino & Geno. A programa\u00e7\u00e3o incluiu ainda motocross e shows de Beto Kau\u00ea, Lex Luthor, MCs Nandinho & Nego Bam, Renan & Rafael e Free Farra. O evento, que","canonical_url":"https:\/\/anoticiaonline.com.br\/site\/festa-de-ervalia-e-sucesso\/","robots":"max-image-preview:large","keywords":"","webmasterTools":{"miscellaneous":""},"schema":{"@context":"https:\/\/schema.org","@graph":[{"@type":"BlogPosting","@id":"https:\/\/anoticiaonline.com.br\/site\/festa-de-ervalia-e-sucesso\/#blogposting","name":"Festa de Erv\u00e1lia \u00e9 sucesso - A Not\u00edcia Online","headline":"Festa de Erv\u00e1lia \u00e9 sucesso","author":{"@id":"https:\/\/anoticiaonline.com.br\/site\/author\/juliana\/#author"},"publisher":{"@id":"https:\/\/anoticiaonline.com.br\/site\/#organization"},"image":{"@type":"ImageObject","url":"https:\/\/anoticiaonline.com.br\/site\/wp-content\/uploads\/2017\/06\/DSC_1098.jpg","width":640,"height":424},"datePublished":"2017-06-22T21:13:29-03:00","dateModified":"2017-06-22T21:15:43-03:00","inLanguage":"pt-BR","mainEntityOfPage":{"@id":"https:\/\/anoticiaonline.com.br\/site\/festa-de-ervalia-e-sucesso\/#webpage"},"isPartOf":{"@id":"https:\/\/anoticiaonline.com.br\/site\/festa-de-ervalia-e-sucesso\/#webpage"},"articleSection":"Gerais, Eloisio Cunha, erv\u00e1lia, exposi\u00e7\u00e3o, festa, Gino &amp; Geno, Mauro Godinho, motocross, slide"},{"@type":"BreadcrumbList","@id":"https:\/\/anoticiaonline.com.br\/site\/festa-de-ervalia-e-sucesso\/#breadcrumblist","itemListElement":[{"@type":"ListItem","@id":"https:\/\/anoticiaonline.com.br\/site#listItem","position":1,"name":"Home","item":"https:\/\/anoticiaonline.com.br\/site","nextItem":{"@type":"ListItem","@id":"https:\/\/anoticiaonline.com.br\/site\/categoria\/gerais\/#listItem","name":"Gerais"}},{"@type":"ListItem","@id":"https:\/\/anoticiaonline.com.br\/site\/categoria\/gerais\/#listItem","position":2,"name":"Gerais","item":"https:\/\/anoticiaonline.com.br\/site\/categoria\/gerais\/","nextItem":{"@type":"ListItem","@id":"https:\/\/anoticiaonline.com.br\/site\/festa-de-ervalia-e-sucesso\/#listItem","name":"Festa de Erv\u00e1lia \u00e9 sucesso"},"previousItem":{"@type":"ListItem","@id":"https:\/\/anoticiaonline.com.br\/site#listItem","name":"Home"}},{"@type":"ListItem","@id":"https:\/\/anoticiaonline.com.br\/site\/festa-de-ervalia-e-sucesso\/#listItem","position":3,"name":"Festa de Erv\u00e1lia \u00e9 sucesso","previousItem":{"@type":"ListItem","@id":"https:\/\/anoticiaonline.com.br\/site\/categoria\/gerais\/#listItem","name":"Gerais"}}]},{"@type":"Organization","@id":"https:\/\/anoticiaonline.com.br\/site\/#organization","name":"A Not\u00edcia Online","description":"Noticias de Muria\u00e9 e regi\u00e3o","url":"https:\/\/anoticiaonline.com.br\/site\/","logo":{"@type":"ImageObject","url":"https:\/\/scontent-gig4-1.xx.fbcdn.net\/v\/t39.30808-1\/270437624_4564083193639691_6907940295614233970_n.jpg?stp=dst-jpg_s200x200_tt6&_nc_cat=111&ccb=1-7&_nc_sid=f907e8&_nc_ohc=SM1wRlP3lJwQ7kNvwEPuBYA&_nc_oc=AdnqrjDN_BNjSSHWO-GbkIWH6fkGMLw4bqvL_NH6e2wMveX7G-rP2dAqsDSq1mJMOaY&_nc_zt=24&_nc_ht=scontent-gig4-1.xx&_nc_gid=AoBFJeGrT1hVaew_6rchkQ&oh=00_AfX7QmFGhQhG2jAllVgXCiM1ZrWgvtp80-Bfppyexh1QEg&oe=689E923C","@id":"https:\/\/anoticiaonline.com.br\/site\/festa-de-ervalia-e-sucesso\/#organizationLogo"},"image":{"@id":"https:\/\/anoticiaonline.com.br\/site\/festa-de-ervalia-e-sucesso\/#organizationLogo"}},{"@type":"Person","@id":"https:\/\/anoticiaonline.com.br\/site\/author\/juliana\/#author","url":"https:\/\/anoticiaonline.com.br\/site\/author\/juliana\/","name":"Juliana Laviola","image":{"@type":"ImageObject","@id":"https:\/\/anoticiaonline.com.br\/site\/festa-de-ervalia-e-sucesso\/#authorImage","url":"https:\/\/secure.gravatar.com\/avatar\/b8d45f5c699b100dfaf0e543582f38f38bf94cb7ae3a5e9abf8d891a34773335?s=96&d=mm&r=g","width":96,"height":96,"caption":"Juliana Laviola"}},{"@type":"WebPage","@id":"https:\/\/anoticiaonline.com.br\/site\/festa-de-ervalia-e-sucesso\/#webpage","url":"https:\/\/anoticiaonline.com.br\/site\/festa-de-ervalia-e-sucesso\/","name":"Festa de Erv\u00e1lia \u00e9 sucesso - A Not\u00edcia Online","description":"A tradicional Festa de Erv\u00e1lia aconteceu nos dias 16, 17 e 18 de junho e reuniu grandes nomes da m\u00fasica nacional e regional, como a dupla Gino & Geno. A programa\u00e7\u00e3o incluiu ainda motocross e shows de Beto Kau\u00ea, Lex Luthor, MCs Nandinho & Nego Bam, Renan & Rafael e Free Farra. O evento, que","inLanguage":"pt-BR","isPartOf":{"@id":"https:\/\/anoticiaonline.com.br\/site\/#website"},"breadcrumb":{"@id":"https:\/\/anoticiaonline.com.br\/site\/festa-de-ervalia-e-sucesso\/#breadcrumblist"},"author":{"@id":"https:\/\/anoticiaonline.com.br\/site\/author\/juliana\/#author"},"creator":{"@id":"https:\/\/anoticiaonline.com.br\/site\/author\/juliana\/#author"},"image":{"@type":"ImageObject","url":"https:\/\/anoticiaonline.com.br\/site\/wp-content\/uploads\/2017\/06\/DSC_1098.jpg","@id":"https:\/\/anoticiaonline.com.br\/site\/festa-de-ervalia-e-sucesso\/#mainImage","width":640,"height":424},"primaryImageOfPage":{"@id":"https:\/\/anoticiaonline.com.br\/site\/festa-de-ervalia-e-sucesso\/#mainImage"},"datePublished":"2017-06-22T21:13:29-03:00","dateModified":"2017-06-22T21:15:43-03:00"},{"@type":"WebSite","@id":"https:\/\/anoticiaonline.com.br\/site\/#website","url":"https:\/\/anoticiaonline.com.br\/site\/","name":"A Not\u00edcia Online","description":"Noticias de Muria\u00e9 e regi\u00e3o","inLanguage":"pt-BR","publisher":{"@id":"https:\/\/anoticiaonline.com.br\/site\/#organization"}}]},"og:locale":"pt_BR","og:site_name":"A Not\u00edcia Online - Noticias de Muria\u00e9 e regi\u00e3o","og:type":"article","og:title":"Festa de Erv\u00e1lia \u00e9 sucesso - A Not\u00edcia Online","og:description":"A tradicional Festa de Erv\u00e1lia aconteceu nos dias 16, 17 e 18 de junho e reuniu grandes nomes da m\u00fasica nacional e regional, como a dupla Gino &amp; Geno. A programa\u00e7\u00e3o incluiu ainda motocross e shows de Beto Kau\u00ea, Lex Luthor, MCs Nandinho &amp; Nego Bam, Renan &amp; Rafael e Free Farra. O evento, que","og:url":"https:\/\/anoticiaonline.com.br\/site\/festa-de-ervalia-e-sucesso\/","og:image":"https:\/\/scontent-gig4-1.xx.fbcdn.net\/v\/t39.30808-1\/270437624_4564083193639691_6907940295614233970_n.jpg?stp=dst-jpg_s200x200_tt6&#038;_nc_cat=111&#038;ccb=1-7&#038;_nc_sid=f907e8&#038;_nc_ohc=SM1wRlP3lJwQ7kNvwEPuBYA&#038;_nc_oc=AdnqrjDN_BNjSSHWO-GbkIWH6fkGMLw4bqvL_NH6e2wMveX7G-rP2dAqsDSq1mJMOaY&#038;_nc_zt=24&#038;_nc_ht=scontent-gig4-1.xx&#038;_nc_gid=AoBFJeGrT1hVaew_6rchkQ&#038;oh=00_AfX7QmFGhQhG2jAllVgXCiM1ZrWgvtp80-Bfppyexh1QEg&#038;oe=689E923C","og:image:secure_url":"https:\/\/scontent-gig4-1.xx.fbcdn.net\/v\/t39.30808-1\/270437624_4564083193639691_6907940295614233970_n.jpg?stp=dst-jpg_s200x200_tt6&#038;_nc_cat=111&#038;ccb=1-7&#038;_nc_sid=f907e8&#038;_nc_ohc=SM1wRlP3lJwQ7kNvwEPuBYA&#038;_nc_oc=AdnqrjDN_BNjSSHWO-GbkIWH6fkGMLw4bqvL_NH6e2wMveX7G-rP2dAqsDSq1mJMOaY&#038;_nc_zt=24&#038;_nc_ht=scontent-gig4-1.xx&#038;_nc_gid=AoBFJeGrT1hVaew_6rchkQ&#038;oh=00_AfX7QmFGhQhG2jAllVgXCiM1ZrWgvtp80-Bfppyexh1QEg&#038;oe=689E923C","article:published_time":"2017-06-23T00:13:29+00:00","article:modified_time":"2017-06-23T00:15:43+00:00","twitter:card":"summary_large_image","twitter:title":"Festa de Erv\u00e1lia \u00e9 sucesso - A Not\u00edcia Online","twitter:description":"A tradicional Festa de Erv\u00e1lia aconteceu nos dias 16, 17 e 18 de junho e reuniu grandes nomes da m\u00fasica nacional e regional, como a dupla Gino &amp; Geno. A programa\u00e7\u00e3o incluiu ainda motocross e shows de Beto Kau\u00ea, Lex Luthor, MCs Nandinho &amp; Nego Bam, Renan &amp; Rafael e Free Farra. O evento, que","twitter:image":"https:\/\/scontent-gig4-1.xx.fbcdn.net\/v\/t39.30808-1\/270437624_4564083193639691_6907940295614233970_n.jpg?stp=dst-jpg_s200x200_tt6&_nc_cat=111&ccb=1-7&_nc_sid=f907e8&_nc_ohc=SM1wRlP3lJwQ7kNvwEPuBYA&_nc_oc=AdnqrjDN_BNjSSHWO-GbkIWH6fkGMLw4bqvL_NH6e2wMveX7G-rP2dAqsDSq1mJMOaY&_nc_zt=24&_nc_ht=scontent-gig4-1.xx&_nc_gid=AoBFJeGrT1hVaew_6rchkQ&oh=00_AfX7QmFGhQhG2jAllVgXCiM1ZrWgvtp80-Bfppyexh1QEg&oe=689E923C"},"aioseo_meta_data":{"post_id":"33022","title":null,"description":null,"keywords":null,"keyphrases":null,"primary_term":null,"canonical_url":null,"og_title":null,"og_description":null,"og_object_type":"default","og_image_type":"default","og_image_url":null,"og_image_width":null,"og_image_height":null,"og_image_custom_url":null,"og_image_custom_fields":null,"og_video":null,"og_custom_url":null,"og_article_section":null,"og_article_tags":null,"twitter_use_og":false,"twitter_card":"default","twitter_image_type":"default","twitter_image_url":null,"twitter_image_custom_url":null,"twitter_image_custom_fields":null,"twitter_title":null,"twitter_description":null,"schema":{"blockGraphs":[],"customGraphs":[],"default":{"data":{"Article":[],"Course":[],"Dataset":[],"FAQPage":[],"Movie":[],"Person":[],"Product":[],"ProductReview":[],"Car":[],"Recipe":[],"Service":[],"SoftwareApplication":[],"WebPage":[]},"graphName":"","isEnabled":true},"graphs":[]},"schema_type":"default","schema_type_options":null,"pillar_content":false,"robots_default":true,"robots_noindex":false,"robots_noarchive":false,"robots_nosnippet":false,"robots_nofollow":false,"robots_noimageindex":false,"robots_noodp":false,"robots_notranslate":false,"robots_max_snippet":null,"robots_max_videopreview":null,"robots_max_imagepreview":"large","priority":null,"frequency":null,"local_seo":null,"breadcrumb_settings":null,"limit_modified_date":false,"ai":null,"created":"2025-08-16 18:42:48","updated":"2025-08-16 18:42:48","focus_keyword":null,"additional_keywords":null,"truseo_locale":null,"seo_analyzer_scan_date":null},"aioseo_breadcrumb":"<div class=\"aioseo-breadcrumbs\"><span class=\"aioseo-breadcrumb\">\n\t\t\t<a href=\"https:\/\/anoticiaonline.com.br\/site\" title=\"Home\">Home<\/a>\n\t\t<\/span><span class=\"aioseo-breadcrumb-separator\">&raquo;<\/span><span class=\"aioseo-breadcrumb\">\n\t\t\t<a href=\"https:\/\/anoticiaonline.com.br\/site\/categoria\/gerais\/\" title=\"Gerais\">Gerais<\/a>\n\t\t<\/span><span class=\"aioseo-breadcrumb-separator\">&raquo;<\/span><span class=\"aioseo-breadcrumb\">\n\t\t\tFesta de Erv\u00e1lia \u00e9 sucesso\n\t\t<\/span><\/div>","aioseo_breadcrumb_json":[{"label":"Home","link":"https:\/\/anoticiaonline.com.br\/site"},{"label":"Gerais","link":"https:\/\/anoticiaonline.com.br\/site\/categoria\/gerais\/"},{"label":"Festa de Erv\u00e1lia \u00e9 sucesso","link":"https:\/\/anoticiaonline.com.br\/site\/festa-de-ervalia-e-sucesso\/"}],"views":174,"_links":{"self":[{"href":"https:\/\/anoticiaonline.com.br\/site\/wp-json\/wp\/v2\/posts\/33022","targetHints":{"allow":["GET"]}}],"collection":[{"href":"https:\/\/anoticiaonline.com.br\/site\/wp-json\/wp\/v2\/posts"}],"about":[{"href":"https:\/\/anoticiaonline.com.br\/site\/wp-json\/wp\/v2\/types\/post"}],"author":[{"embeddable":true,"href":"https:\/\/anoticiaonline.com.br\/site\/wp-json\/wp\/v2\/users\/2"}],"replies":[{"embeddable":true,"href":"https:\/\/anoticiaonline.com.br\/site\/wp-json\/wp\/v2\/comments?post=33022"}],"version-history":[{"count":0,"href":"https:\/\/anoticiaonline.com.br\/site\/wp-json\/wp\/v2\/posts\/33022\/revisions"}],"wp:attachment":[{"href":"https:\/\/anoticiaonline.com.br\/site\/wp-json\/wp\/v2\/media?parent=33022"}],"wp:term":[{"taxonomy":"category","embeddable":true,"href":"https:\/\/anoticiaonline.com.br\/site\/wp-json\/wp\/v2\/categories?post=33022"},{"taxonomy":"post_tag","embeddable":true,"href":"https:\/\/anoticiaonline.com.br\/site\/wp-json\/wp\/v2\/tags?post=33022"}],"curies":[{"name":"wp","href":"https:\/\/api.w.org\/{rel}","templated":true}]}}