{"id":32941,"date":"2017-06-22T08:00:03","date_gmt":"2017-06-22T11:00:03","guid":{"rendered":"http:\/\/anoticiaonline.com.br\/site\/?p=32941"},"modified":"2017-06-22T19:13:57","modified_gmt":"2017-06-22T22:13:57","slug":"paroquia-sao-paulo-organiza-programacao-diversificada-para-comemorar-o-dia-do-padroeiro","status":"publish","type":"post","link":"https:\/\/anoticiaonline.com.br\/site\/paroquia-sao-paulo-organiza-programacao-diversificada-para-comemorar-o-dia-do-padroeiro\/","title":{"rendered":"Par\u00f3quia S\u00e3o Paulo organiza programa\u00e7\u00e3o diversificada para comemorar o Dia do Padroeiro"},"content":{"rendered":"<p><a href=\"https:\/\/anoticiaonline.com.br\/site\/wp-content\/uploads\/2017\/06\/Festa-do-Padroeiro.jpg\"><img fetchpriority=\"high\" decoding=\"async\" class=\"size-medium wp-image-32942 alignleft\" src=\"https:\/\/anoticiaonline.com.br\/site\/wp-content\/uploads\/2017\/06\/Festa-do-Padroeiro-300x211.jpg\" alt=\"\" width=\"300\" height=\"211\" srcset=\"https:\/\/anoticiaonline.com.br\/site\/wp-content\/uploads\/2017\/06\/Festa-do-Padroeiro-300x211.jpg 300w, https:\/\/anoticiaonline.com.br\/site\/wp-content\/uploads\/2017\/06\/Festa-do-Padroeiro.jpg 640w\" sizes=\"(max-width: 300px) 100vw, 300px\" \/><\/a>Para comemorar o Dia do Padroeiro de Muria\u00e9, a Par\u00f3quia S\u00e3o Paulo prepara uma semana especial para homenagear o santo, que d\u00e1 nome \u00e0 igreja. Neste per\u00edodo, est\u00e3o programadas missas, carreatas, quadrilhas, bingo, show com a Banda Marofagy e sorteio de casas do Projeto Pr\u00f3-Moradia. As comemora\u00e7\u00f5es se estender\u00e3o at\u00e9 o dia 2 de julho.<\/p>\n<p>Na quinta-feira (29), feriado municipal em honra ao santo padroeiro, haver\u00e1 carreata at\u00e9 a Par\u00f3quia S\u00e3o Paulo e, em seguida, a tradicional Feijoada em Fam\u00edlia.<\/p>\n<p><strong>O SANTO \u2013<\/strong> No dia 29 de junho, a Igreja Cat\u00f3lica dedica o dia a S\u00e3o Pedro e S\u00e3o Paulo. S\u00e3o Pedro \u00e9 o ap\u00f3stolo que Jesus escolheu para ser o primeiro papa da Igreja Cat\u00f3lica. J\u00e1 S\u00e3o Paulo, que foi arrebatado para o col\u00e9gio apost\u00f3lico de Cristo na estrada de Damasco, como o instrumento para levar o seu nome diante dos povos, \u00e9 considerado o maior mission\u00e1rio de todos os tempos, o \u201cAdvogado dos Pag\u00e3os\u201d e o \u201cAp\u00f3stolo dos Gentios&#8221;.<\/p>\n<p><strong>PROGRAMA\u00c7\u00c3O:<\/strong><br \/>\n<strong>Dia 24\/6 \u2013 S\u00e1bado<\/strong><br \/>\n19h30min \u2013 Missa<br \/>\nCarreata saindo da Comunidade Sagrado Cora\u00e7\u00e3o de Jesus para a Comunidade S\u00e3o Crist\u00f3v\u00e3o, onde haver\u00e1 missa.<\/p>\n<p><strong>Dia 25\/6 \u2013 Domingo<\/strong><br \/>\n19h30min \u2013 Missa<br \/>\nCarreata saindo da Comunidade S\u00e3o Crist\u00f3v\u00e3o para a Comunidade S\u00e3o Vicente de Paulo no Bico Doce, onde haver\u00e1 missa \u00e0s 9h30min.<\/p>\n<p><strong>Dia 26\/6 \u2013 Segunda-feira<\/strong><br \/>\n19h \u2013 Missa<br \/>\nCarreata saindo da Comunidade S\u00e3o Vicente de Paulo para a Comunidade S\u00e3o Pedro da Gameleira, onde haver\u00e1 missa.<\/p>\n<p><strong>Dia 27\/6 \u2013 Ter\u00e7a-feira<\/strong><br \/>\n19h \u2013 Missa<br \/>\nCarreata saindo da Comunidade S\u00e3o Pedro da Gameleira para a Comunidade Nossa Senhora das Gra\u00e7as, no Vale do Castelo, onde haver\u00e1 missa.<\/p>\n<p><strong>Dia 28\/6 \u2013 Quarta-feira<\/strong><br \/>\n19h \u2013 Missa<br \/>\n21h \u2013 Show da Banda Marofagy<\/p>\n<p><strong>Dia 29\/6 \u2013 Quinta-feira<\/strong><br \/>\n9h \u2013 Carreata saindo da Comunidade Nossa Senhora das Gra\u00e7as para a Par\u00f3quia S\u00e3o Paulo, onde haver\u00e1 missa. Em seguida, ser\u00e1 servida a feijoada (ingressos na Secretaria). N\u00e3o haver\u00e1 missa \u00e0s 19h.<\/p>\n<p><strong>Dia 30\/6 \u2013 Sexta-feira<\/strong><br \/>\n20h \u2013 Quadrilha da catequese<br \/>\n21h \u2013 Quadrilha do Grupo Folcl\u00f3rico Santa Terezinha<\/p>\n<p><strong>Dia 1\/7 \u2013 S\u00e1bado<\/strong><br \/>\n20h \u2013 Sorteio Pr\u00f3-Moradia<\/p>\n<p><strong>Dia 2\/7 \u2013 Domingo<\/strong><br \/>\n20h &#8211; Noite de Caldos<\/p>\n","protected":false},"excerpt":{"rendered":"<p>Para comemorar o Dia do Padroeiro de Muria\u00e9, a Par\u00f3quia S\u00e3o Paulo prepara uma semana especial para homenagear o santo, que d\u00e1 nome \u00e0 igreja. Neste per\u00edodo, est\u00e3o programadas missas, carreatas, quadrilhas, bingo, show com a Banda Marofagy e sorteio de casas do Projeto Pr\u00f3-Moradia. As comemora\u00e7\u00f5es se estender\u00e3o at\u00e9 o dia 2 de julho. &#8230; <a title=\"Par\u00f3quia S\u00e3o Paulo organiza programa\u00e7\u00e3o diversificada para comemorar o Dia do Padroeiro\" class=\"read-more\" href=\"https:\/\/anoticiaonline.com.br\/site\/paroquia-sao-paulo-organiza-programacao-diversificada-para-comemorar-o-dia-do-padroeiro\/\" aria-label=\"Read more about Par\u00f3quia S\u00e3o Paulo organiza programa\u00e7\u00e3o diversificada para comemorar o Dia do Padroeiro\">Ler mais<\/a><\/p>\n","protected":false},"author":2,"featured_media":32942,"comment_status":"open","ping_status":"open","sticky":false,"template":"","format":"standard","meta":{"_acf_changed":false,"_monsterinsights_skip_tracking":false,"footnotes":""},"categories":[30],"tags":[86,74,85,3],"class_list":["post-32941","post","type-post","status-publish","format-standard","has-post-thumbnail","hentry","category-muriae","tag-festa-do-padroeiro","tag-muriae","tag-paroquia-sao-paulo","tag-slide"],"acf":[],"aioseo_notices":[],"aioseo_head":"\n\t\t<!-- All in One SEO 5.0.0.1 - aioseo.com -->\n\t<meta name=\"description\" content=\"Para comemorar o Dia do Padroeiro de Muria\u00e9, a Par\u00f3quia S\u00e3o Paulo prepara uma semana especial para homenagear o santo, que d\u00e1 nome \u00e0 igreja. Neste per\u00edodo, est\u00e3o programadas missas, carreatas, quadrilhas, bingo, show com a Banda Marofagy e sorteio de casas do Projeto Pr\u00f3-Moradia. As comemora\u00e7\u00f5es se estender\u00e3o at\u00e9 o dia 2 de julho.\" \/>\n\t<meta name=\"robots\" content=\"max-image-preview:large\" \/>\n\t<meta name=\"author\" content=\"Juliana Laviola\"\/>\n\t<link rel=\"canonical\" href=\"https:\/\/anoticiaonline.com.br\/site\/paroquia-sao-paulo-organiza-programacao-diversificada-para-comemorar-o-dia-do-padroeiro\/\" \/>\n\t<meta name=\"generator\" content=\"All in One SEO (AIOSEO) 5.0.0.1\" \/>\n\t\t<meta property=\"og:locale\" content=\"pt_BR\" \/>\n\t\t<meta property=\"og:site_name\" content=\"A Not\u00edcia Online - Noticias de Muria\u00e9 e regi\u00e3o\" \/>\n\t\t<meta property=\"og:type\" content=\"article\" \/>\n\t\t<meta property=\"og:title\" content=\"Par\u00f3quia S\u00e3o Paulo organiza programa\u00e7\u00e3o diversificada para comemorar o Dia do Padroeiro - A Not\u00edcia Online\" \/>\n\t\t<meta property=\"og:description\" content=\"Para comemorar o Dia do Padroeiro de Muria\u00e9, a Par\u00f3quia S\u00e3o Paulo prepara uma semana especial para homenagear o santo, que d\u00e1 nome \u00e0 igreja. Neste per\u00edodo, est\u00e3o programadas missas, carreatas, quadrilhas, bingo, show com a Banda Marofagy e sorteio de casas do Projeto Pr\u00f3-Moradia. As comemora\u00e7\u00f5es se estender\u00e3o at\u00e9 o dia 2 de julho.\" \/>\n\t\t<meta property=\"og:url\" content=\"https:\/\/anoticiaonline.com.br\/site\/paroquia-sao-paulo-organiza-programacao-diversificada-para-comemorar-o-dia-do-padroeiro\/\" \/>\n\t\t<meta property=\"og:image\" content=\"https:\/\/scontent-gig4-1.xx.fbcdn.net\/v\/t39.30808-1\/270437624_4564083193639691_6907940295614233970_n.jpg?stp=dst-jpg_s200x200_tt6&#038;_nc_cat=111&#038;ccb=1-7&#038;_nc_sid=f907e8&#038;_nc_ohc=SM1wRlP3lJwQ7kNvwEPuBYA&#038;_nc_oc=AdnqrjDN_BNjSSHWO-GbkIWH6fkGMLw4bqvL_NH6e2wMveX7G-rP2dAqsDSq1mJMOaY&#038;_nc_zt=24&#038;_nc_ht=scontent-gig4-1.xx&#038;_nc_gid=AoBFJeGrT1hVaew_6rchkQ&#038;oh=00_AfX7QmFGhQhG2jAllVgXCiM1ZrWgvtp80-Bfppyexh1QEg&#038;oe=689E923C\" \/>\n\t\t<meta property=\"og:image:secure_url\" content=\"https:\/\/scontent-gig4-1.xx.fbcdn.net\/v\/t39.30808-1\/270437624_4564083193639691_6907940295614233970_n.jpg?stp=dst-jpg_s200x200_tt6&#038;_nc_cat=111&#038;ccb=1-7&#038;_nc_sid=f907e8&#038;_nc_ohc=SM1wRlP3lJwQ7kNvwEPuBYA&#038;_nc_oc=AdnqrjDN_BNjSSHWO-GbkIWH6fkGMLw4bqvL_NH6e2wMveX7G-rP2dAqsDSq1mJMOaY&#038;_nc_zt=24&#038;_nc_ht=scontent-gig4-1.xx&#038;_nc_gid=AoBFJeGrT1hVaew_6rchkQ&#038;oh=00_AfX7QmFGhQhG2jAllVgXCiM1ZrWgvtp80-Bfppyexh1QEg&#038;oe=689E923C\" \/>\n\t\t<meta property=\"article:published_time\" content=\"2017-06-22T11:00:03+00:00\" \/>\n\t\t<meta property=\"article:modified_time\" content=\"2017-06-22T22:13:57+00:00\" \/>\n\t\t<meta name=\"twitter:card\" content=\"summary_large_image\" \/>\n\t\t<meta name=\"twitter:title\" content=\"Par\u00f3quia S\u00e3o Paulo organiza programa\u00e7\u00e3o diversificada para comemorar o Dia do Padroeiro - A Not\u00edcia Online\" \/>\n\t\t<meta name=\"twitter:description\" content=\"Para comemorar o Dia do Padroeiro de Muria\u00e9, a Par\u00f3quia S\u00e3o Paulo prepara uma semana especial para homenagear o santo, que d\u00e1 nome \u00e0 igreja. Neste per\u00edodo, est\u00e3o programadas missas, carreatas, quadrilhas, bingo, show com a Banda Marofagy e sorteio de casas do Projeto Pr\u00f3-Moradia. As comemora\u00e7\u00f5es se estender\u00e3o at\u00e9 o dia 2 de julho.\" \/>\n\t\t<meta name=\"twitter:image\" content=\"https:\/\/scontent-gig4-1.xx.fbcdn.net\/v\/t39.30808-1\/270437624_4564083193639691_6907940295614233970_n.jpg?stp=dst-jpg_s200x200_tt6&amp;_nc_cat=111&amp;ccb=1-7&amp;_nc_sid=f907e8&amp;_nc_ohc=SM1wRlP3lJwQ7kNvwEPuBYA&amp;_nc_oc=AdnqrjDN_BNjSSHWO-GbkIWH6fkGMLw4bqvL_NH6e2wMveX7G-rP2dAqsDSq1mJMOaY&amp;_nc_zt=24&amp;_nc_ht=scontent-gig4-1.xx&amp;_nc_gid=AoBFJeGrT1hVaew_6rchkQ&amp;oh=00_AfX7QmFGhQhG2jAllVgXCiM1ZrWgvtp80-Bfppyexh1QEg&amp;oe=689E923C\" \/>\n\t\t<script type=\"application\/ld+json\" class=\"aioseo-schema\">\n\t\t\t{\"@context\":\"https:\\\/\\\/schema.org\",\"@graph\":[{\"@type\":\"BlogPosting\",\"@id\":\"https:\\\/\\\/anoticiaonline.com.br\\\/site\\\/paroquia-sao-paulo-organiza-programacao-diversificada-para-comemorar-o-dia-do-padroeiro\\\/#blogposting\",\"name\":\"Par\\u00f3quia S\\u00e3o Paulo organiza programa\\u00e7\\u00e3o diversificada para comemorar o Dia do Padroeiro - A Not\\u00edcia Online\",\"headline\":\"Par\\u00f3quia S\\u00e3o Paulo organiza programa\\u00e7\\u00e3o diversificada para comemorar o Dia do Padroeiro\",\"author\":{\"@id\":\"https:\\\/\\\/anoticiaonline.com.br\\\/site\\\/author\\\/juliana\\\/#author\"},\"publisher\":{\"@id\":\"https:\\\/\\\/anoticiaonline.com.br\\\/site\\\/#organization\"},\"image\":{\"@type\":\"ImageObject\",\"url\":\"https:\\\/\\\/anoticiaonline.com.br\\\/site\\\/wp-content\\\/uploads\\\/2017\\\/06\\\/Festa-do-Padroeiro.jpg\",\"width\":640,\"height\":450},\"datePublished\":\"2017-06-22T08:00:03-03:00\",\"dateModified\":\"2017-06-22T19:13:57-03:00\",\"inLanguage\":\"pt-BR\",\"mainEntityOfPage\":{\"@id\":\"https:\\\/\\\/anoticiaonline.com.br\\\/site\\\/paroquia-sao-paulo-organiza-programacao-diversificada-para-comemorar-o-dia-do-padroeiro\\\/#webpage\"},\"isPartOf\":{\"@id\":\"https:\\\/\\\/anoticiaonline.com.br\\\/site\\\/paroquia-sao-paulo-organiza-programacao-diversificada-para-comemorar-o-dia-do-padroeiro\\\/#webpage\"},\"articleSection\":\"Blog, festa do padroeiro, Muria\\u00e9, par\\u00f3quia s\\u00e3o paulo, slide\"},{\"@type\":\"BreadcrumbList\",\"@id\":\"https:\\\/\\\/anoticiaonline.com.br\\\/site\\\/paroquia-sao-paulo-organiza-programacao-diversificada-para-comemorar-o-dia-do-padroeiro\\\/#breadcrumblist\",\"itemListElement\":[{\"@type\":\"ListItem\",\"@id\":\"https:\\\/\\\/anoticiaonline.com.br\\\/site#listItem\",\"position\":1,\"name\":\"Home\",\"item\":\"https:\\\/\\\/anoticiaonline.com.br\\\/site\",\"nextItem\":{\"@type\":\"ListItem\",\"@id\":\"https:\\\/\\\/anoticiaonline.com.br\\\/site\\\/categoria\\\/muriae\\\/#listItem\",\"name\":\"Blog\"}},{\"@type\":\"ListItem\",\"@id\":\"https:\\\/\\\/anoticiaonline.com.br\\\/site\\\/categoria\\\/muriae\\\/#listItem\",\"position\":2,\"name\":\"Blog\",\"item\":\"https:\\\/\\\/anoticiaonline.com.br\\\/site\\\/categoria\\\/muriae\\\/\",\"nextItem\":{\"@type\":\"ListItem\",\"@id\":\"https:\\\/\\\/anoticiaonline.com.br\\\/site\\\/paroquia-sao-paulo-organiza-programacao-diversificada-para-comemorar-o-dia-do-padroeiro\\\/#listItem\",\"name\":\"Par\\u00f3quia S\\u00e3o Paulo organiza programa\\u00e7\\u00e3o diversificada para comemorar o Dia do Padroeiro\"},\"previousItem\":{\"@type\":\"ListItem\",\"@id\":\"https:\\\/\\\/anoticiaonline.com.br\\\/site#listItem\",\"name\":\"Home\"}},{\"@type\":\"ListItem\",\"@id\":\"https:\\\/\\\/anoticiaonline.com.br\\\/site\\\/paroquia-sao-paulo-organiza-programacao-diversificada-para-comemorar-o-dia-do-padroeiro\\\/#listItem\",\"position\":3,\"name\":\"Par\\u00f3quia S\\u00e3o Paulo organiza programa\\u00e7\\u00e3o diversificada para comemorar o Dia do Padroeiro\",\"previousItem\":{\"@type\":\"ListItem\",\"@id\":\"https:\\\/\\\/anoticiaonline.com.br\\\/site\\\/categoria\\\/muriae\\\/#listItem\",\"name\":\"Blog\"}}]},{\"@type\":\"Organization\",\"@id\":\"https:\\\/\\\/anoticiaonline.com.br\\\/site\\\/#organization\",\"name\":\"A Not\\u00edcia Online\",\"description\":\"Noticias de Muria\\u00e9 e regi\\u00e3o\",\"url\":\"https:\\\/\\\/anoticiaonline.com.br\\\/site\\\/\",\"logo\":{\"@type\":\"ImageObject\",\"url\":\"https:\\\/\\\/scontent-gig4-1.xx.fbcdn.net\\\/v\\\/t39.30808-1\\\/270437624_4564083193639691_6907940295614233970_n.jpg?stp=dst-jpg_s200x200_tt6&_nc_cat=111&ccb=1-7&_nc_sid=f907e8&_nc_ohc=SM1wRlP3lJwQ7kNvwEPuBYA&_nc_oc=AdnqrjDN_BNjSSHWO-GbkIWH6fkGMLw4bqvL_NH6e2wMveX7G-rP2dAqsDSq1mJMOaY&_nc_zt=24&_nc_ht=scontent-gig4-1.xx&_nc_gid=AoBFJeGrT1hVaew_6rchkQ&oh=00_AfX7QmFGhQhG2jAllVgXCiM1ZrWgvtp80-Bfppyexh1QEg&oe=689E923C\",\"@id\":\"https:\\\/\\\/anoticiaonline.com.br\\\/site\\\/paroquia-sao-paulo-organiza-programacao-diversificada-para-comemorar-o-dia-do-padroeiro\\\/#organizationLogo\"},\"image\":{\"@id\":\"https:\\\/\\\/anoticiaonline.com.br\\\/site\\\/paroquia-sao-paulo-organiza-programacao-diversificada-para-comemorar-o-dia-do-padroeiro\\\/#organizationLogo\"}},{\"@type\":\"Person\",\"@id\":\"https:\\\/\\\/anoticiaonline.com.br\\\/site\\\/author\\\/juliana\\\/#author\",\"url\":\"https:\\\/\\\/anoticiaonline.com.br\\\/site\\\/author\\\/juliana\\\/\",\"name\":\"Juliana Laviola\",\"image\":{\"@type\":\"ImageObject\",\"@id\":\"https:\\\/\\\/anoticiaonline.com.br\\\/site\\\/paroquia-sao-paulo-organiza-programacao-diversificada-para-comemorar-o-dia-do-padroeiro\\\/#authorImage\",\"url\":\"https:\\\/\\\/secure.gravatar.com\\\/avatar\\\/b8d45f5c699b100dfaf0e543582f38f38bf94cb7ae3a5e9abf8d891a34773335?s=96&d=mm&r=g\",\"width\":96,\"height\":96,\"caption\":\"Juliana Laviola\"}},{\"@type\":\"WebPage\",\"@id\":\"https:\\\/\\\/anoticiaonline.com.br\\\/site\\\/paroquia-sao-paulo-organiza-programacao-diversificada-para-comemorar-o-dia-do-padroeiro\\\/#webpage\",\"url\":\"https:\\\/\\\/anoticiaonline.com.br\\\/site\\\/paroquia-sao-paulo-organiza-programacao-diversificada-para-comemorar-o-dia-do-padroeiro\\\/\",\"name\":\"Par\\u00f3quia S\\u00e3o Paulo organiza programa\\u00e7\\u00e3o diversificada para comemorar o Dia do Padroeiro - A Not\\u00edcia Online\",\"description\":\"Para comemorar o Dia do Padroeiro de Muria\\u00e9, a Par\\u00f3quia S\\u00e3o Paulo prepara uma semana especial para homenagear o santo, que d\\u00e1 nome \\u00e0 igreja. Neste per\\u00edodo, est\\u00e3o programadas missas, carreatas, quadrilhas, bingo, show com a Banda Marofagy e sorteio de casas do Projeto Pr\\u00f3-Moradia. As comemora\\u00e7\\u00f5es se estender\\u00e3o at\\u00e9 o dia 2 de julho.\",\"inLanguage\":\"pt-BR\",\"isPartOf\":{\"@id\":\"https:\\\/\\\/anoticiaonline.com.br\\\/site\\\/#website\"},\"breadcrumb\":{\"@id\":\"https:\\\/\\\/anoticiaonline.com.br\\\/site\\\/paroquia-sao-paulo-organiza-programacao-diversificada-para-comemorar-o-dia-do-padroeiro\\\/#breadcrumblist\"},\"author\":{\"@id\":\"https:\\\/\\\/anoticiaonline.com.br\\\/site\\\/author\\\/juliana\\\/#author\"},\"creator\":{\"@id\":\"https:\\\/\\\/anoticiaonline.com.br\\\/site\\\/author\\\/juliana\\\/#author\"},\"image\":{\"@type\":\"ImageObject\",\"url\":\"https:\\\/\\\/anoticiaonline.com.br\\\/site\\\/wp-content\\\/uploads\\\/2017\\\/06\\\/Festa-do-Padroeiro.jpg\",\"@id\":\"https:\\\/\\\/anoticiaonline.com.br\\\/site\\\/paroquia-sao-paulo-organiza-programacao-diversificada-para-comemorar-o-dia-do-padroeiro\\\/#mainImage\",\"width\":640,\"height\":450},\"primaryImageOfPage\":{\"@id\":\"https:\\\/\\\/anoticiaonline.com.br\\\/site\\\/paroquia-sao-paulo-organiza-programacao-diversificada-para-comemorar-o-dia-do-padroeiro\\\/#mainImage\"},\"datePublished\":\"2017-06-22T08:00:03-03:00\",\"dateModified\":\"2017-06-22T19:13:57-03:00\"},{\"@type\":\"WebSite\",\"@id\":\"https:\\\/\\\/anoticiaonline.com.br\\\/site\\\/#website\",\"url\":\"https:\\\/\\\/anoticiaonline.com.br\\\/site\\\/\",\"name\":\"A Not\\u00edcia Online\",\"description\":\"Noticias de Muria\\u00e9 e regi\\u00e3o\",\"inLanguage\":\"pt-BR\",\"publisher\":{\"@id\":\"https:\\\/\\\/anoticiaonline.com.br\\\/site\\\/#organization\"}}]}\n\t\t<\/script>\n\t\t<!-- All in One SEO -->\n\n","aioseo_head_json":{"title":"Par\u00f3quia S\u00e3o Paulo organiza programa\u00e7\u00e3o diversificada para comemorar o Dia do Padroeiro - A Not\u00edcia Online","description":"Para comemorar o Dia do Padroeiro de Muria\u00e9, a Par\u00f3quia S\u00e3o Paulo prepara uma semana especial para homenagear o santo, que d\u00e1 nome \u00e0 igreja. Neste per\u00edodo, est\u00e3o programadas missas, carreatas, quadrilhas, bingo, show com a Banda Marofagy e sorteio de casas do Projeto Pr\u00f3-Moradia. As comemora\u00e7\u00f5es se estender\u00e3o at\u00e9 o dia 2 de julho.","canonical_url":"https:\/\/anoticiaonline.com.br\/site\/paroquia-sao-paulo-organiza-programacao-diversificada-para-comemorar-o-dia-do-padroeiro\/","robots":"max-image-preview:large","keywords":"","webmasterTools":{"miscellaneous":""},"schema":{"@context":"https:\/\/schema.org","@graph":[{"@type":"BlogPosting","@id":"https:\/\/anoticiaonline.com.br\/site\/paroquia-sao-paulo-organiza-programacao-diversificada-para-comemorar-o-dia-do-padroeiro\/#blogposting","name":"Par\u00f3quia S\u00e3o Paulo organiza programa\u00e7\u00e3o diversificada para comemorar o Dia do Padroeiro - A Not\u00edcia Online","headline":"Par\u00f3quia S\u00e3o Paulo organiza programa\u00e7\u00e3o diversificada para comemorar o Dia do Padroeiro","author":{"@id":"https:\/\/anoticiaonline.com.br\/site\/author\/juliana\/#author"},"publisher":{"@id":"https:\/\/anoticiaonline.com.br\/site\/#organization"},"image":{"@type":"ImageObject","url":"https:\/\/anoticiaonline.com.br\/site\/wp-content\/uploads\/2017\/06\/Festa-do-Padroeiro.jpg","width":640,"height":450},"datePublished":"2017-06-22T08:00:03-03:00","dateModified":"2017-06-22T19:13:57-03:00","inLanguage":"pt-BR","mainEntityOfPage":{"@id":"https:\/\/anoticiaonline.com.br\/site\/paroquia-sao-paulo-organiza-programacao-diversificada-para-comemorar-o-dia-do-padroeiro\/#webpage"},"isPartOf":{"@id":"https:\/\/anoticiaonline.com.br\/site\/paroquia-sao-paulo-organiza-programacao-diversificada-para-comemorar-o-dia-do-padroeiro\/#webpage"},"articleSection":"Blog, festa do padroeiro, Muria\u00e9, par\u00f3quia s\u00e3o paulo, slide"},{"@type":"BreadcrumbList","@id":"https:\/\/anoticiaonline.com.br\/site\/paroquia-sao-paulo-organiza-programacao-diversificada-para-comemorar-o-dia-do-padroeiro\/#breadcrumblist","itemListElement":[{"@type":"ListItem","@id":"https:\/\/anoticiaonline.com.br\/site#listItem","position":1,"name":"Home","item":"https:\/\/anoticiaonline.com.br\/site","nextItem":{"@type":"ListItem","@id":"https:\/\/anoticiaonline.com.br\/site\/categoria\/muriae\/#listItem","name":"Blog"}},{"@type":"ListItem","@id":"https:\/\/anoticiaonline.com.br\/site\/categoria\/muriae\/#listItem","position":2,"name":"Blog","item":"https:\/\/anoticiaonline.com.br\/site\/categoria\/muriae\/","nextItem":{"@type":"ListItem","@id":"https:\/\/anoticiaonline.com.br\/site\/paroquia-sao-paulo-organiza-programacao-diversificada-para-comemorar-o-dia-do-padroeiro\/#listItem","name":"Par\u00f3quia S\u00e3o Paulo organiza programa\u00e7\u00e3o diversificada para comemorar o Dia do Padroeiro"},"previousItem":{"@type":"ListItem","@id":"https:\/\/anoticiaonline.com.br\/site#listItem","name":"Home"}},{"@type":"ListItem","@id":"https:\/\/anoticiaonline.com.br\/site\/paroquia-sao-paulo-organiza-programacao-diversificada-para-comemorar-o-dia-do-padroeiro\/#listItem","position":3,"name":"Par\u00f3quia S\u00e3o Paulo organiza programa\u00e7\u00e3o diversificada para comemorar o Dia do Padroeiro","previousItem":{"@type":"ListItem","@id":"https:\/\/anoticiaonline.com.br\/site\/categoria\/muriae\/#listItem","name":"Blog"}}]},{"@type":"Organization","@id":"https:\/\/anoticiaonline.com.br\/site\/#organization","name":"A Not\u00edcia Online","description":"Noticias de Muria\u00e9 e regi\u00e3o","url":"https:\/\/anoticiaonline.com.br\/site\/","logo":{"@type":"ImageObject","url":"https:\/\/scontent-gig4-1.xx.fbcdn.net\/v\/t39.30808-1\/270437624_4564083193639691_6907940295614233970_n.jpg?stp=dst-jpg_s200x200_tt6&_nc_cat=111&ccb=1-7&_nc_sid=f907e8&_nc_ohc=SM1wRlP3lJwQ7kNvwEPuBYA&_nc_oc=AdnqrjDN_BNjSSHWO-GbkIWH6fkGMLw4bqvL_NH6e2wMveX7G-rP2dAqsDSq1mJMOaY&_nc_zt=24&_nc_ht=scontent-gig4-1.xx&_nc_gid=AoBFJeGrT1hVaew_6rchkQ&oh=00_AfX7QmFGhQhG2jAllVgXCiM1ZrWgvtp80-Bfppyexh1QEg&oe=689E923C","@id":"https:\/\/anoticiaonline.com.br\/site\/paroquia-sao-paulo-organiza-programacao-diversificada-para-comemorar-o-dia-do-padroeiro\/#organizationLogo"},"image":{"@id":"https:\/\/anoticiaonline.com.br\/site\/paroquia-sao-paulo-organiza-programacao-diversificada-para-comemorar-o-dia-do-padroeiro\/#organizationLogo"}},{"@type":"Person","@id":"https:\/\/anoticiaonline.com.br\/site\/author\/juliana\/#author","url":"https:\/\/anoticiaonline.com.br\/site\/author\/juliana\/","name":"Juliana Laviola","image":{"@type":"ImageObject","@id":"https:\/\/anoticiaonline.com.br\/site\/paroquia-sao-paulo-organiza-programacao-diversificada-para-comemorar-o-dia-do-padroeiro\/#authorImage","url":"https:\/\/secure.gravatar.com\/avatar\/b8d45f5c699b100dfaf0e543582f38f38bf94cb7ae3a5e9abf8d891a34773335?s=96&d=mm&r=g","width":96,"height":96,"caption":"Juliana Laviola"}},{"@type":"WebPage","@id":"https:\/\/anoticiaonline.com.br\/site\/paroquia-sao-paulo-organiza-programacao-diversificada-para-comemorar-o-dia-do-padroeiro\/#webpage","url":"https:\/\/anoticiaonline.com.br\/site\/paroquia-sao-paulo-organiza-programacao-diversificada-para-comemorar-o-dia-do-padroeiro\/","name":"Par\u00f3quia S\u00e3o Paulo organiza programa\u00e7\u00e3o diversificada para comemorar o Dia do Padroeiro - A Not\u00edcia Online","description":"Para comemorar o Dia do Padroeiro de Muria\u00e9, a Par\u00f3quia S\u00e3o Paulo prepara uma semana especial para homenagear o santo, que d\u00e1 nome \u00e0 igreja. Neste per\u00edodo, est\u00e3o programadas missas, carreatas, quadrilhas, bingo, show com a Banda Marofagy e sorteio de casas do Projeto Pr\u00f3-Moradia. As comemora\u00e7\u00f5es se estender\u00e3o at\u00e9 o dia 2 de julho.","inLanguage":"pt-BR","isPartOf":{"@id":"https:\/\/anoticiaonline.com.br\/site\/#website"},"breadcrumb":{"@id":"https:\/\/anoticiaonline.com.br\/site\/paroquia-sao-paulo-organiza-programacao-diversificada-para-comemorar-o-dia-do-padroeiro\/#breadcrumblist"},"author":{"@id":"https:\/\/anoticiaonline.com.br\/site\/author\/juliana\/#author"},"creator":{"@id":"https:\/\/anoticiaonline.com.br\/site\/author\/juliana\/#author"},"image":{"@type":"ImageObject","url":"https:\/\/anoticiaonline.com.br\/site\/wp-content\/uploads\/2017\/06\/Festa-do-Padroeiro.jpg","@id":"https:\/\/anoticiaonline.com.br\/site\/paroquia-sao-paulo-organiza-programacao-diversificada-para-comemorar-o-dia-do-padroeiro\/#mainImage","width":640,"height":450},"primaryImageOfPage":{"@id":"https:\/\/anoticiaonline.com.br\/site\/paroquia-sao-paulo-organiza-programacao-diversificada-para-comemorar-o-dia-do-padroeiro\/#mainImage"},"datePublished":"2017-06-22T08:00:03-03:00","dateModified":"2017-06-22T19:13:57-03:00"},{"@type":"WebSite","@id":"https:\/\/anoticiaonline.com.br\/site\/#website","url":"https:\/\/anoticiaonline.com.br\/site\/","name":"A Not\u00edcia Online","description":"Noticias de Muria\u00e9 e regi\u00e3o","inLanguage":"pt-BR","publisher":{"@id":"https:\/\/anoticiaonline.com.br\/site\/#organization"}}]},"og:locale":"pt_BR","og:site_name":"A Not\u00edcia Online - Noticias de Muria\u00e9 e regi\u00e3o","og:type":"article","og:title":"Par\u00f3quia S\u00e3o Paulo organiza programa\u00e7\u00e3o diversificada para comemorar o Dia do Padroeiro - A Not\u00edcia Online","og:description":"Para comemorar o Dia do Padroeiro de Muria\u00e9, a Par\u00f3quia S\u00e3o Paulo prepara uma semana especial para homenagear o santo, que d\u00e1 nome \u00e0 igreja. Neste per\u00edodo, est\u00e3o programadas missas, carreatas, quadrilhas, bingo, show com a Banda Marofagy e sorteio de casas do Projeto Pr\u00f3-Moradia. As comemora\u00e7\u00f5es se estender\u00e3o at\u00e9 o dia 2 de julho.","og:url":"https:\/\/anoticiaonline.com.br\/site\/paroquia-sao-paulo-organiza-programacao-diversificada-para-comemorar-o-dia-do-padroeiro\/","og:image":"https:\/\/scontent-gig4-1.xx.fbcdn.net\/v\/t39.30808-1\/270437624_4564083193639691_6907940295614233970_n.jpg?stp=dst-jpg_s200x200_tt6&#038;_nc_cat=111&#038;ccb=1-7&#038;_nc_sid=f907e8&#038;_nc_ohc=SM1wRlP3lJwQ7kNvwEPuBYA&#038;_nc_oc=AdnqrjDN_BNjSSHWO-GbkIWH6fkGMLw4bqvL_NH6e2wMveX7G-rP2dAqsDSq1mJMOaY&#038;_nc_zt=24&#038;_nc_ht=scontent-gig4-1.xx&#038;_nc_gid=AoBFJeGrT1hVaew_6rchkQ&#038;oh=00_AfX7QmFGhQhG2jAllVgXCiM1ZrWgvtp80-Bfppyexh1QEg&#038;oe=689E923C","og:image:secure_url":"https:\/\/scontent-gig4-1.xx.fbcdn.net\/v\/t39.30808-1\/270437624_4564083193639691_6907940295614233970_n.jpg?stp=dst-jpg_s200x200_tt6&#038;_nc_cat=111&#038;ccb=1-7&#038;_nc_sid=f907e8&#038;_nc_ohc=SM1wRlP3lJwQ7kNvwEPuBYA&#038;_nc_oc=AdnqrjDN_BNjSSHWO-GbkIWH6fkGMLw4bqvL_NH6e2wMveX7G-rP2dAqsDSq1mJMOaY&#038;_nc_zt=24&#038;_nc_ht=scontent-gig4-1.xx&#038;_nc_gid=AoBFJeGrT1hVaew_6rchkQ&#038;oh=00_AfX7QmFGhQhG2jAllVgXCiM1ZrWgvtp80-Bfppyexh1QEg&#038;oe=689E923C","article:published_time":"2017-06-22T11:00:03+00:00","article:modified_time":"2017-06-22T22:13:57+00:00","twitter:card":"summary_large_image","twitter:title":"Par\u00f3quia S\u00e3o Paulo organiza programa\u00e7\u00e3o diversificada para comemorar o Dia do Padroeiro - A Not\u00edcia Online","twitter:description":"Para comemorar o Dia do Padroeiro de Muria\u00e9, a Par\u00f3quia S\u00e3o Paulo prepara uma semana especial para homenagear o santo, que d\u00e1 nome \u00e0 igreja. Neste per\u00edodo, est\u00e3o programadas missas, carreatas, quadrilhas, bingo, show com a Banda Marofagy e sorteio de casas do Projeto Pr\u00f3-Moradia. As comemora\u00e7\u00f5es se estender\u00e3o at\u00e9 o dia 2 de julho.","twitter:image":"https:\/\/scontent-gig4-1.xx.fbcdn.net\/v\/t39.30808-1\/270437624_4564083193639691_6907940295614233970_n.jpg?stp=dst-jpg_s200x200_tt6&_nc_cat=111&ccb=1-7&_nc_sid=f907e8&_nc_ohc=SM1wRlP3lJwQ7kNvwEPuBYA&_nc_oc=AdnqrjDN_BNjSSHWO-GbkIWH6fkGMLw4bqvL_NH6e2wMveX7G-rP2dAqsDSq1mJMOaY&_nc_zt=24&_nc_ht=scontent-gig4-1.xx&_nc_gid=AoBFJeGrT1hVaew_6rchkQ&oh=00_AfX7QmFGhQhG2jAllVgXCiM1ZrWgvtp80-Bfppyexh1QEg&oe=689E923C"},"aioseo_meta_data":{"post_id":"32941","title":null,"description":null,"keywords":null,"keyphrases":null,"primary_term":null,"canonical_url":null,"og_title":null,"og_description":null,"og_object_type":"default","og_image_type":"default","og_image_url":null,"og_image_width":null,"og_image_height":null,"og_image_custom_url":null,"og_image_custom_fields":null,"og_video":null,"og_custom_url":null,"og_article_section":null,"og_article_tags":null,"twitter_use_og":false,"twitter_card":"default","twitter_image_type":"default","twitter_image_url":null,"twitter_image_custom_url":null,"twitter_image_custom_fields":null,"twitter_title":null,"twitter_description":null,"schema":{"blockGraphs":[],"customGraphs":[],"default":{"data":{"Article":[],"Course":[],"Dataset":[],"FAQPage":[],"Movie":[],"Person":[],"Product":[],"ProductReview":[],"Car":[],"Recipe":[],"Service":[],"SoftwareApplication":[],"WebPage":[]},"graphName":"","isEnabled":true},"graphs":[]},"schema_type":"default","schema_type_options":null,"pillar_content":false,"robots_default":true,"robots_noindex":false,"robots_noarchive":false,"robots_nosnippet":false,"robots_nofollow":false,"robots_noimageindex":false,"robots_noodp":false,"robots_notranslate":false,"robots_max_snippet":null,"robots_max_videopreview":null,"robots_max_imagepreview":"large","priority":null,"frequency":null,"local_seo":null,"breadcrumb_settings":null,"limit_modified_date":false,"ai":null,"created":"2025-08-16 18:41:19","updated":"2025-08-16 18:41:19","focus_keyword":null,"additional_keywords":null,"truseo_locale":null,"seo_analyzer_scan_date":null},"aioseo_breadcrumb":"<div class=\"aioseo-breadcrumbs\"><span class=\"aioseo-breadcrumb\">\n\t\t\t<a href=\"https:\/\/anoticiaonline.com.br\/site\" title=\"Home\">Home<\/a>\n\t\t<\/span><span class=\"aioseo-breadcrumb-separator\">&raquo;<\/span><span class=\"aioseo-breadcrumb\">\n\t\t\t<a href=\"https:\/\/anoticiaonline.com.br\/site\/categoria\/muriae\/\" title=\"Blog\">Blog<\/a>\n\t\t<\/span><span class=\"aioseo-breadcrumb-separator\">&raquo;<\/span><span class=\"aioseo-breadcrumb\">\n\t\t\tPar\u00f3quia S\u00e3o Paulo organiza programa\u00e7\u00e3o diversificada para comemorar o Dia do Padroeiro\n\t\t<\/span><\/div>","aioseo_breadcrumb_json":[{"label":"Home","link":"https:\/\/anoticiaonline.com.br\/site"},{"label":"Blog","link":"https:\/\/anoticiaonline.com.br\/site\/categoria\/muriae\/"},{"label":"Par\u00f3quia S\u00e3o Paulo organiza programa\u00e7\u00e3o diversificada para comemorar o Dia do Padroeiro","link":"https:\/\/anoticiaonline.com.br\/site\/paroquia-sao-paulo-organiza-programacao-diversificada-para-comemorar-o-dia-do-padroeiro\/"}],"views":147,"_links":{"self":[{"href":"https:\/\/anoticiaonline.com.br\/site\/wp-json\/wp\/v2\/posts\/32941","targetHints":{"allow":["GET"]}}],"collection":[{"href":"https:\/\/anoticiaonline.com.br\/site\/wp-json\/wp\/v2\/posts"}],"about":[{"href":"https:\/\/anoticiaonline.com.br\/site\/wp-json\/wp\/v2\/types\/post"}],"author":[{"embeddable":true,"href":"https:\/\/anoticiaonline.com.br\/site\/wp-json\/wp\/v2\/users\/2"}],"replies":[{"embeddable":true,"href":"https:\/\/anoticiaonline.com.br\/site\/wp-json\/wp\/v2\/comments?post=32941"}],"version-history":[{"count":0,"href":"https:\/\/anoticiaonline.com.br\/site\/wp-json\/wp\/v2\/posts\/32941\/revisions"}],"wp:featuredmedia":[{"embeddable":true,"href":"https:\/\/anoticiaonline.com.br\/site\/wp-json\/wp\/v2\/media\/32942"}],"wp:attachment":[{"href":"https:\/\/anoticiaonline.com.br\/site\/wp-json\/wp\/v2\/media?parent=32941"}],"wp:term":[{"taxonomy":"category","embeddable":true,"href":"https:\/\/anoticiaonline.com.br\/site\/wp-json\/wp\/v2\/categories?post=32941"},{"taxonomy":"post_tag","embeddable":true,"href":"https:\/\/anoticiaonline.com.br\/site\/wp-json\/wp\/v2\/tags?post=32941"}],"curies":[{"name":"wp","href":"https:\/\/api.w.org\/{rel}","templated":true}]}}