{"id":32938,"date":"2017-06-21T17:00:20","date_gmt":"2017-06-21T20:00:20","guid":{"rendered":"http:\/\/anoticiaonline.com.br\/site\/?p=32938"},"modified":"2017-06-22T19:14:36","modified_gmt":"2017-06-22T22:14:36","slug":"abastecimento-de-agua-em-belisario-sera-ampliado-em-25","status":"publish","type":"post","link":"https:\/\/anoticiaonline.com.br\/site\/abastecimento-de-agua-em-belisario-sera-ampliado-em-25\/","title":{"rendered":"Abastecimento de \u00e1gua em Belis\u00e1rio ser\u00e1 ampliado em 25%"},"content":{"rendered":"<p><a href=\"https:\/\/anoticiaonline.com.br\/site\/wp-content\/uploads\/2017\/06\/Abastecimento-de-\u00e1gua-em-Belis\u00e1rio-ser\u00e1-ampliado-em-25.jpg\"><img fetchpriority=\"high\" decoding=\"async\" class=\"size-medium wp-image-32939 alignleft\" src=\"https:\/\/anoticiaonline.com.br\/site\/wp-content\/uploads\/2017\/06\/Abastecimento-de-\u00e1gua-em-Belis\u00e1rio-ser\u00e1-ampliado-em-25-300x225.jpg\" alt=\"\" width=\"300\" height=\"225\" srcset=\"https:\/\/anoticiaonline.com.br\/site\/wp-content\/uploads\/2017\/06\/Abastecimento-de-\u00e1gua-em-Belis\u00e1rio-ser\u00e1-ampliado-em-25-300x225.jpg 300w, https:\/\/anoticiaonline.com.br\/site\/wp-content\/uploads\/2017\/06\/Abastecimento-de-\u00e1gua-em-Belis\u00e1rio-ser\u00e1-ampliado-em-25.jpg 640w\" sizes=\"(max-width: 300px) 100vw, 300px\" \/><\/a>Um aumento de 25% no abastecimento de \u00e1gua do distrito de Belis\u00e1rio. Este \u00e9 o objetivo do Demsur para atender a uma antiga reivindica\u00e7\u00e3o daquela comunidade. Por isso, no in\u00edcio desta semana, os profissionais iniciaram os trabalhos de refor\u00e7o na base do reservat\u00f3rio que fica localizado na entrada do distrito, no local conhecido como lavoura, para receber uma nova estrutura capaz de suportar 50 mil litros de \u00e1gua.<\/p>\n<p>O antigo reservat\u00f3rio, ainda no local, tinha capacidade de 30 mil litros, mas estava danificado, o que provocava constantes cortes no abastecimento e prejudicava parte da popula\u00e7\u00e3o. De acordo com o coordenador dos Distritos, Jos\u00e9 Paulo da Silva, a obra deve ficar pronta at\u00e9 a pr\u00f3xima sexta-feira (23), mas antes que o novo reservat\u00f3rio seja instalado, \u00e9 necess\u00e1rio um tempo de cura, ou seja, a secagem completa da estrutura, o que deve levar entre 20 e 25 dias, dependendo da umidade do ar.<\/p>\n<p>Belis\u00e1rio j\u00e1 possui outro reservat\u00f3rio com capacidade para 50 mil litros, que ser\u00e1 mantido. O abastecimento, ent\u00e3o, vai passar de 80 mil para 100 mil litros.<\/p>\n","protected":false},"excerpt":{"rendered":"<p>Um aumento de 25% no abastecimento de \u00e1gua do distrito de Belis\u00e1rio. Este \u00e9 o objetivo do Demsur para atender a uma antiga reivindica\u00e7\u00e3o daquela comunidade. Por isso, no in\u00edcio desta semana, os profissionais iniciaram os trabalhos de refor\u00e7o na base do reservat\u00f3rio que fica localizado na entrada do distrito, no local conhecido como lavoura, &#8230; <a title=\"Abastecimento de \u00e1gua em Belis\u00e1rio ser\u00e1 ampliado em 25%\" class=\"read-more\" href=\"https:\/\/anoticiaonline.com.br\/site\/abastecimento-de-agua-em-belisario-sera-ampliado-em-25\/\" aria-label=\"Read more about Abastecimento de \u00e1gua em Belis\u00e1rio ser\u00e1 ampliado em 25%\">Ler mais<\/a><\/p>\n","protected":false},"author":2,"featured_media":32939,"comment_status":"open","ping_status":"open","sticky":false,"template":"","format":"standard","meta":{"_acf_changed":false,"_monsterinsights_skip_tracking":false,"footnotes":""},"categories":[30],"tags":[88,87,74,3],"class_list":["post-32938","post","type-post","status-publish","format-standard","has-post-thumbnail","hentry","category-muriae","tag-abastecimento-de-agua","tag-belisario","tag-muriae","tag-slide"],"acf":[],"aioseo_notices":[],"aioseo_head":"\n\t\t<!-- All in One SEO 5.0.0.1 - aioseo.com -->\n\t<meta name=\"description\" content=\"Um aumento de 25% no abastecimento de \u00e1gua do distrito de Belis\u00e1rio. Este \u00e9 o objetivo do Demsur para atender a uma antiga reivindica\u00e7\u00e3o daquela comunidade. Por isso, no in\u00edcio desta semana, os profissionais iniciaram os trabalhos de refor\u00e7o na base do reservat\u00f3rio que fica localizado na entrada do distrito, no local conhecido como lavoura,\" \/>\n\t<meta name=\"robots\" content=\"max-image-preview:large\" \/>\n\t<meta name=\"author\" content=\"Juliana Laviola\"\/>\n\t<link rel=\"canonical\" href=\"https:\/\/anoticiaonline.com.br\/site\/abastecimento-de-agua-em-belisario-sera-ampliado-em-25\/\" \/>\n\t<meta name=\"generator\" content=\"All in One SEO (AIOSEO) 5.0.0.1\" \/>\n\t\t<meta property=\"og:locale\" content=\"pt_BR\" \/>\n\t\t<meta property=\"og:site_name\" content=\"A Not\u00edcia Online - Noticias de Muria\u00e9 e regi\u00e3o\" \/>\n\t\t<meta property=\"og:type\" content=\"article\" \/>\n\t\t<meta property=\"og:title\" content=\"Abastecimento de \u00e1gua em Belis\u00e1rio ser\u00e1 ampliado em 25% - A Not\u00edcia Online\" \/>\n\t\t<meta property=\"og:description\" content=\"Um aumento de 25% no abastecimento de \u00e1gua do distrito de Belis\u00e1rio. Este \u00e9 o objetivo do Demsur para atender a uma antiga reivindica\u00e7\u00e3o daquela comunidade. Por isso, no in\u00edcio desta semana, os profissionais iniciaram os trabalhos de refor\u00e7o na base do reservat\u00f3rio que fica localizado na entrada do distrito, no local conhecido como lavoura,\" \/>\n\t\t<meta property=\"og:url\" content=\"https:\/\/anoticiaonline.com.br\/site\/abastecimento-de-agua-em-belisario-sera-ampliado-em-25\/\" \/>\n\t\t<meta property=\"og:image\" content=\"https:\/\/scontent-gig4-1.xx.fbcdn.net\/v\/t39.30808-1\/270437624_4564083193639691_6907940295614233970_n.jpg?stp=dst-jpg_s200x200_tt6&#038;_nc_cat=111&#038;ccb=1-7&#038;_nc_sid=f907e8&#038;_nc_ohc=SM1wRlP3lJwQ7kNvwEPuBYA&#038;_nc_oc=AdnqrjDN_BNjSSHWO-GbkIWH6fkGMLw4bqvL_NH6e2wMveX7G-rP2dAqsDSq1mJMOaY&#038;_nc_zt=24&#038;_nc_ht=scontent-gig4-1.xx&#038;_nc_gid=AoBFJeGrT1hVaew_6rchkQ&#038;oh=00_AfX7QmFGhQhG2jAllVgXCiM1ZrWgvtp80-Bfppyexh1QEg&#038;oe=689E923C\" \/>\n\t\t<meta property=\"og:image:secure_url\" content=\"https:\/\/scontent-gig4-1.xx.fbcdn.net\/v\/t39.30808-1\/270437624_4564083193639691_6907940295614233970_n.jpg?stp=dst-jpg_s200x200_tt6&#038;_nc_cat=111&#038;ccb=1-7&#038;_nc_sid=f907e8&#038;_nc_ohc=SM1wRlP3lJwQ7kNvwEPuBYA&#038;_nc_oc=AdnqrjDN_BNjSSHWO-GbkIWH6fkGMLw4bqvL_NH6e2wMveX7G-rP2dAqsDSq1mJMOaY&#038;_nc_zt=24&#038;_nc_ht=scontent-gig4-1.xx&#038;_nc_gid=AoBFJeGrT1hVaew_6rchkQ&#038;oh=00_AfX7QmFGhQhG2jAllVgXCiM1ZrWgvtp80-Bfppyexh1QEg&#038;oe=689E923C\" \/>\n\t\t<meta property=\"article:published_time\" content=\"2017-06-21T20:00:20+00:00\" \/>\n\t\t<meta property=\"article:modified_time\" content=\"2017-06-22T22:14:36+00:00\" \/>\n\t\t<meta name=\"twitter:card\" content=\"summary_large_image\" \/>\n\t\t<meta name=\"twitter:title\" content=\"Abastecimento de \u00e1gua em Belis\u00e1rio ser\u00e1 ampliado em 25% - A Not\u00edcia Online\" \/>\n\t\t<meta name=\"twitter:description\" content=\"Um aumento de 25% no abastecimento de \u00e1gua do distrito de Belis\u00e1rio. Este \u00e9 o objetivo do Demsur para atender a uma antiga reivindica\u00e7\u00e3o daquela comunidade. Por isso, no in\u00edcio desta semana, os profissionais iniciaram os trabalhos de refor\u00e7o na base do reservat\u00f3rio que fica localizado na entrada do distrito, no local conhecido como lavoura,\" \/>\n\t\t<meta name=\"twitter:image\" content=\"https:\/\/scontent-gig4-1.xx.fbcdn.net\/v\/t39.30808-1\/270437624_4564083193639691_6907940295614233970_n.jpg?stp=dst-jpg_s200x200_tt6&amp;_nc_cat=111&amp;ccb=1-7&amp;_nc_sid=f907e8&amp;_nc_ohc=SM1wRlP3lJwQ7kNvwEPuBYA&amp;_nc_oc=AdnqrjDN_BNjSSHWO-GbkIWH6fkGMLw4bqvL_NH6e2wMveX7G-rP2dAqsDSq1mJMOaY&amp;_nc_zt=24&amp;_nc_ht=scontent-gig4-1.xx&amp;_nc_gid=AoBFJeGrT1hVaew_6rchkQ&amp;oh=00_AfX7QmFGhQhG2jAllVgXCiM1ZrWgvtp80-Bfppyexh1QEg&amp;oe=689E923C\" \/>\n\t\t<script type=\"application\/ld+json\" class=\"aioseo-schema\">\n\t\t\t{\"@context\":\"https:\\\/\\\/schema.org\",\"@graph\":[{\"@type\":\"BlogPosting\",\"@id\":\"https:\\\/\\\/anoticiaonline.com.br\\\/site\\\/abastecimento-de-agua-em-belisario-sera-ampliado-em-25\\\/#blogposting\",\"name\":\"Abastecimento de \\u00e1gua em Belis\\u00e1rio ser\\u00e1 ampliado em 25% - A Not\\u00edcia Online\",\"headline\":\"Abastecimento de \\u00e1gua em Belis\\u00e1rio ser\\u00e1 ampliado em 25%\",\"author\":{\"@id\":\"https:\\\/\\\/anoticiaonline.com.br\\\/site\\\/author\\\/juliana\\\/#author\"},\"publisher\":{\"@id\":\"https:\\\/\\\/anoticiaonline.com.br\\\/site\\\/#organization\"},\"image\":{\"@type\":\"ImageObject\",\"url\":\"https:\\\/\\\/anoticiaonline.com.br\\\/site\\\/wp-content\\\/uploads\\\/2017\\\/06\\\/Abastecimento-de-\\u00e1gua-em-Belis\\u00e1rio-ser\\u00e1-ampliado-em-25.jpg\",\"width\":640,\"height\":480},\"datePublished\":\"2017-06-21T17:00:20-03:00\",\"dateModified\":\"2017-06-22T19:14:36-03:00\",\"inLanguage\":\"pt-BR\",\"mainEntityOfPage\":{\"@id\":\"https:\\\/\\\/anoticiaonline.com.br\\\/site\\\/abastecimento-de-agua-em-belisario-sera-ampliado-em-25\\\/#webpage\"},\"isPartOf\":{\"@id\":\"https:\\\/\\\/anoticiaonline.com.br\\\/site\\\/abastecimento-de-agua-em-belisario-sera-ampliado-em-25\\\/#webpage\"},\"articleSection\":\"Blog, abastecimento de \\u00e1gua, belis\\u00e1rio, Muria\\u00e9, slide\"},{\"@type\":\"BreadcrumbList\",\"@id\":\"https:\\\/\\\/anoticiaonline.com.br\\\/site\\\/abastecimento-de-agua-em-belisario-sera-ampliado-em-25\\\/#breadcrumblist\",\"itemListElement\":[{\"@type\":\"ListItem\",\"@id\":\"https:\\\/\\\/anoticiaonline.com.br\\\/site#listItem\",\"position\":1,\"name\":\"Home\",\"item\":\"https:\\\/\\\/anoticiaonline.com.br\\\/site\",\"nextItem\":{\"@type\":\"ListItem\",\"@id\":\"https:\\\/\\\/anoticiaonline.com.br\\\/site\\\/categoria\\\/muriae\\\/#listItem\",\"name\":\"Blog\"}},{\"@type\":\"ListItem\",\"@id\":\"https:\\\/\\\/anoticiaonline.com.br\\\/site\\\/categoria\\\/muriae\\\/#listItem\",\"position\":2,\"name\":\"Blog\",\"item\":\"https:\\\/\\\/anoticiaonline.com.br\\\/site\\\/categoria\\\/muriae\\\/\",\"nextItem\":{\"@type\":\"ListItem\",\"@id\":\"https:\\\/\\\/anoticiaonline.com.br\\\/site\\\/abastecimento-de-agua-em-belisario-sera-ampliado-em-25\\\/#listItem\",\"name\":\"Abastecimento de \\u00e1gua em Belis\\u00e1rio ser\\u00e1 ampliado em 25%\"},\"previousItem\":{\"@type\":\"ListItem\",\"@id\":\"https:\\\/\\\/anoticiaonline.com.br\\\/site#listItem\",\"name\":\"Home\"}},{\"@type\":\"ListItem\",\"@id\":\"https:\\\/\\\/anoticiaonline.com.br\\\/site\\\/abastecimento-de-agua-em-belisario-sera-ampliado-em-25\\\/#listItem\",\"position\":3,\"name\":\"Abastecimento de \\u00e1gua em Belis\\u00e1rio ser\\u00e1 ampliado em 25%\",\"previousItem\":{\"@type\":\"ListItem\",\"@id\":\"https:\\\/\\\/anoticiaonline.com.br\\\/site\\\/categoria\\\/muriae\\\/#listItem\",\"name\":\"Blog\"}}]},{\"@type\":\"Organization\",\"@id\":\"https:\\\/\\\/anoticiaonline.com.br\\\/site\\\/#organization\",\"name\":\"A Not\\u00edcia Online\",\"description\":\"Noticias de Muria\\u00e9 e regi\\u00e3o\",\"url\":\"https:\\\/\\\/anoticiaonline.com.br\\\/site\\\/\",\"logo\":{\"@type\":\"ImageObject\",\"url\":\"https:\\\/\\\/scontent-gig4-1.xx.fbcdn.net\\\/v\\\/t39.30808-1\\\/270437624_4564083193639691_6907940295614233970_n.jpg?stp=dst-jpg_s200x200_tt6&_nc_cat=111&ccb=1-7&_nc_sid=f907e8&_nc_ohc=SM1wRlP3lJwQ7kNvwEPuBYA&_nc_oc=AdnqrjDN_BNjSSHWO-GbkIWH6fkGMLw4bqvL_NH6e2wMveX7G-rP2dAqsDSq1mJMOaY&_nc_zt=24&_nc_ht=scontent-gig4-1.xx&_nc_gid=AoBFJeGrT1hVaew_6rchkQ&oh=00_AfX7QmFGhQhG2jAllVgXCiM1ZrWgvtp80-Bfppyexh1QEg&oe=689E923C\",\"@id\":\"https:\\\/\\\/anoticiaonline.com.br\\\/site\\\/abastecimento-de-agua-em-belisario-sera-ampliado-em-25\\\/#organizationLogo\"},\"image\":{\"@id\":\"https:\\\/\\\/anoticiaonline.com.br\\\/site\\\/abastecimento-de-agua-em-belisario-sera-ampliado-em-25\\\/#organizationLogo\"}},{\"@type\":\"Person\",\"@id\":\"https:\\\/\\\/anoticiaonline.com.br\\\/site\\\/author\\\/juliana\\\/#author\",\"url\":\"https:\\\/\\\/anoticiaonline.com.br\\\/site\\\/author\\\/juliana\\\/\",\"name\":\"Juliana Laviola\",\"image\":{\"@type\":\"ImageObject\",\"@id\":\"https:\\\/\\\/anoticiaonline.com.br\\\/site\\\/abastecimento-de-agua-em-belisario-sera-ampliado-em-25\\\/#authorImage\",\"url\":\"https:\\\/\\\/secure.gravatar.com\\\/avatar\\\/b8d45f5c699b100dfaf0e543582f38f38bf94cb7ae3a5e9abf8d891a34773335?s=96&d=mm&r=g\",\"width\":96,\"height\":96,\"caption\":\"Juliana Laviola\"}},{\"@type\":\"WebPage\",\"@id\":\"https:\\\/\\\/anoticiaonline.com.br\\\/site\\\/abastecimento-de-agua-em-belisario-sera-ampliado-em-25\\\/#webpage\",\"url\":\"https:\\\/\\\/anoticiaonline.com.br\\\/site\\\/abastecimento-de-agua-em-belisario-sera-ampliado-em-25\\\/\",\"name\":\"Abastecimento de \\u00e1gua em Belis\\u00e1rio ser\\u00e1 ampliado em 25% - A Not\\u00edcia Online\",\"description\":\"Um aumento de 25% no abastecimento de \\u00e1gua do distrito de Belis\\u00e1rio. Este \\u00e9 o objetivo do Demsur para atender a uma antiga reivindica\\u00e7\\u00e3o daquela comunidade. Por isso, no in\\u00edcio desta semana, os profissionais iniciaram os trabalhos de refor\\u00e7o na base do reservat\\u00f3rio que fica localizado na entrada do distrito, no local conhecido como lavoura,\",\"inLanguage\":\"pt-BR\",\"isPartOf\":{\"@id\":\"https:\\\/\\\/anoticiaonline.com.br\\\/site\\\/#website\"},\"breadcrumb\":{\"@id\":\"https:\\\/\\\/anoticiaonline.com.br\\\/site\\\/abastecimento-de-agua-em-belisario-sera-ampliado-em-25\\\/#breadcrumblist\"},\"author\":{\"@id\":\"https:\\\/\\\/anoticiaonline.com.br\\\/site\\\/author\\\/juliana\\\/#author\"},\"creator\":{\"@id\":\"https:\\\/\\\/anoticiaonline.com.br\\\/site\\\/author\\\/juliana\\\/#author\"},\"image\":{\"@type\":\"ImageObject\",\"url\":\"https:\\\/\\\/anoticiaonline.com.br\\\/site\\\/wp-content\\\/uploads\\\/2017\\\/06\\\/Abastecimento-de-\\u00e1gua-em-Belis\\u00e1rio-ser\\u00e1-ampliado-em-25.jpg\",\"@id\":\"https:\\\/\\\/anoticiaonline.com.br\\\/site\\\/abastecimento-de-agua-em-belisario-sera-ampliado-em-25\\\/#mainImage\",\"width\":640,\"height\":480},\"primaryImageOfPage\":{\"@id\":\"https:\\\/\\\/anoticiaonline.com.br\\\/site\\\/abastecimento-de-agua-em-belisario-sera-ampliado-em-25\\\/#mainImage\"},\"datePublished\":\"2017-06-21T17:00:20-03:00\",\"dateModified\":\"2017-06-22T19:14:36-03:00\"},{\"@type\":\"WebSite\",\"@id\":\"https:\\\/\\\/anoticiaonline.com.br\\\/site\\\/#website\",\"url\":\"https:\\\/\\\/anoticiaonline.com.br\\\/site\\\/\",\"name\":\"A Not\\u00edcia Online\",\"description\":\"Noticias de Muria\\u00e9 e regi\\u00e3o\",\"inLanguage\":\"pt-BR\",\"publisher\":{\"@id\":\"https:\\\/\\\/anoticiaonline.com.br\\\/site\\\/#organization\"}}]}\n\t\t<\/script>\n\t\t<!-- All in One SEO -->\n\n","aioseo_head_json":{"title":"Abastecimento de \u00e1gua em Belis\u00e1rio ser\u00e1 ampliado em 25% - A Not\u00edcia Online","description":"Um aumento de 25% no abastecimento de \u00e1gua do distrito de Belis\u00e1rio. Este \u00e9 o objetivo do Demsur para atender a uma antiga reivindica\u00e7\u00e3o daquela comunidade. Por isso, no in\u00edcio desta semana, os profissionais iniciaram os trabalhos de refor\u00e7o na base do reservat\u00f3rio que fica localizado na entrada do distrito, no local conhecido como lavoura,","canonical_url":"https:\/\/anoticiaonline.com.br\/site\/abastecimento-de-agua-em-belisario-sera-ampliado-em-25\/","robots":"max-image-preview:large","keywords":"","webmasterTools":{"miscellaneous":""},"schema":{"@context":"https:\/\/schema.org","@graph":[{"@type":"BlogPosting","@id":"https:\/\/anoticiaonline.com.br\/site\/abastecimento-de-agua-em-belisario-sera-ampliado-em-25\/#blogposting","name":"Abastecimento de \u00e1gua em Belis\u00e1rio ser\u00e1 ampliado em 25% - A Not\u00edcia Online","headline":"Abastecimento de \u00e1gua em Belis\u00e1rio ser\u00e1 ampliado em 25%","author":{"@id":"https:\/\/anoticiaonline.com.br\/site\/author\/juliana\/#author"},"publisher":{"@id":"https:\/\/anoticiaonline.com.br\/site\/#organization"},"image":{"@type":"ImageObject","url":"https:\/\/anoticiaonline.com.br\/site\/wp-content\/uploads\/2017\/06\/Abastecimento-de-\u00e1gua-em-Belis\u00e1rio-ser\u00e1-ampliado-em-25.jpg","width":640,"height":480},"datePublished":"2017-06-21T17:00:20-03:00","dateModified":"2017-06-22T19:14:36-03:00","inLanguage":"pt-BR","mainEntityOfPage":{"@id":"https:\/\/anoticiaonline.com.br\/site\/abastecimento-de-agua-em-belisario-sera-ampliado-em-25\/#webpage"},"isPartOf":{"@id":"https:\/\/anoticiaonline.com.br\/site\/abastecimento-de-agua-em-belisario-sera-ampliado-em-25\/#webpage"},"articleSection":"Blog, abastecimento de \u00e1gua, belis\u00e1rio, Muria\u00e9, slide"},{"@type":"BreadcrumbList","@id":"https:\/\/anoticiaonline.com.br\/site\/abastecimento-de-agua-em-belisario-sera-ampliado-em-25\/#breadcrumblist","itemListElement":[{"@type":"ListItem","@id":"https:\/\/anoticiaonline.com.br\/site#listItem","position":1,"name":"Home","item":"https:\/\/anoticiaonline.com.br\/site","nextItem":{"@type":"ListItem","@id":"https:\/\/anoticiaonline.com.br\/site\/categoria\/muriae\/#listItem","name":"Blog"}},{"@type":"ListItem","@id":"https:\/\/anoticiaonline.com.br\/site\/categoria\/muriae\/#listItem","position":2,"name":"Blog","item":"https:\/\/anoticiaonline.com.br\/site\/categoria\/muriae\/","nextItem":{"@type":"ListItem","@id":"https:\/\/anoticiaonline.com.br\/site\/abastecimento-de-agua-em-belisario-sera-ampliado-em-25\/#listItem","name":"Abastecimento de \u00e1gua em Belis\u00e1rio ser\u00e1 ampliado em 25%"},"previousItem":{"@type":"ListItem","@id":"https:\/\/anoticiaonline.com.br\/site#listItem","name":"Home"}},{"@type":"ListItem","@id":"https:\/\/anoticiaonline.com.br\/site\/abastecimento-de-agua-em-belisario-sera-ampliado-em-25\/#listItem","position":3,"name":"Abastecimento de \u00e1gua em Belis\u00e1rio ser\u00e1 ampliado em 25%","previousItem":{"@type":"ListItem","@id":"https:\/\/anoticiaonline.com.br\/site\/categoria\/muriae\/#listItem","name":"Blog"}}]},{"@type":"Organization","@id":"https:\/\/anoticiaonline.com.br\/site\/#organization","name":"A Not\u00edcia Online","description":"Noticias de Muria\u00e9 e regi\u00e3o","url":"https:\/\/anoticiaonline.com.br\/site\/","logo":{"@type":"ImageObject","url":"https:\/\/scontent-gig4-1.xx.fbcdn.net\/v\/t39.30808-1\/270437624_4564083193639691_6907940295614233970_n.jpg?stp=dst-jpg_s200x200_tt6&_nc_cat=111&ccb=1-7&_nc_sid=f907e8&_nc_ohc=SM1wRlP3lJwQ7kNvwEPuBYA&_nc_oc=AdnqrjDN_BNjSSHWO-GbkIWH6fkGMLw4bqvL_NH6e2wMveX7G-rP2dAqsDSq1mJMOaY&_nc_zt=24&_nc_ht=scontent-gig4-1.xx&_nc_gid=AoBFJeGrT1hVaew_6rchkQ&oh=00_AfX7QmFGhQhG2jAllVgXCiM1ZrWgvtp80-Bfppyexh1QEg&oe=689E923C","@id":"https:\/\/anoticiaonline.com.br\/site\/abastecimento-de-agua-em-belisario-sera-ampliado-em-25\/#organizationLogo"},"image":{"@id":"https:\/\/anoticiaonline.com.br\/site\/abastecimento-de-agua-em-belisario-sera-ampliado-em-25\/#organizationLogo"}},{"@type":"Person","@id":"https:\/\/anoticiaonline.com.br\/site\/author\/juliana\/#author","url":"https:\/\/anoticiaonline.com.br\/site\/author\/juliana\/","name":"Juliana Laviola","image":{"@type":"ImageObject","@id":"https:\/\/anoticiaonline.com.br\/site\/abastecimento-de-agua-em-belisario-sera-ampliado-em-25\/#authorImage","url":"https:\/\/secure.gravatar.com\/avatar\/b8d45f5c699b100dfaf0e543582f38f38bf94cb7ae3a5e9abf8d891a34773335?s=96&d=mm&r=g","width":96,"height":96,"caption":"Juliana Laviola"}},{"@type":"WebPage","@id":"https:\/\/anoticiaonline.com.br\/site\/abastecimento-de-agua-em-belisario-sera-ampliado-em-25\/#webpage","url":"https:\/\/anoticiaonline.com.br\/site\/abastecimento-de-agua-em-belisario-sera-ampliado-em-25\/","name":"Abastecimento de \u00e1gua em Belis\u00e1rio ser\u00e1 ampliado em 25% - A Not\u00edcia Online","description":"Um aumento de 25% no abastecimento de \u00e1gua do distrito de Belis\u00e1rio. Este \u00e9 o objetivo do Demsur para atender a uma antiga reivindica\u00e7\u00e3o daquela comunidade. Por isso, no in\u00edcio desta semana, os profissionais iniciaram os trabalhos de refor\u00e7o na base do reservat\u00f3rio que fica localizado na entrada do distrito, no local conhecido como lavoura,","inLanguage":"pt-BR","isPartOf":{"@id":"https:\/\/anoticiaonline.com.br\/site\/#website"},"breadcrumb":{"@id":"https:\/\/anoticiaonline.com.br\/site\/abastecimento-de-agua-em-belisario-sera-ampliado-em-25\/#breadcrumblist"},"author":{"@id":"https:\/\/anoticiaonline.com.br\/site\/author\/juliana\/#author"},"creator":{"@id":"https:\/\/anoticiaonline.com.br\/site\/author\/juliana\/#author"},"image":{"@type":"ImageObject","url":"https:\/\/anoticiaonline.com.br\/site\/wp-content\/uploads\/2017\/06\/Abastecimento-de-\u00e1gua-em-Belis\u00e1rio-ser\u00e1-ampliado-em-25.jpg","@id":"https:\/\/anoticiaonline.com.br\/site\/abastecimento-de-agua-em-belisario-sera-ampliado-em-25\/#mainImage","width":640,"height":480},"primaryImageOfPage":{"@id":"https:\/\/anoticiaonline.com.br\/site\/abastecimento-de-agua-em-belisario-sera-ampliado-em-25\/#mainImage"},"datePublished":"2017-06-21T17:00:20-03:00","dateModified":"2017-06-22T19:14:36-03:00"},{"@type":"WebSite","@id":"https:\/\/anoticiaonline.com.br\/site\/#website","url":"https:\/\/anoticiaonline.com.br\/site\/","name":"A Not\u00edcia Online","description":"Noticias de Muria\u00e9 e regi\u00e3o","inLanguage":"pt-BR","publisher":{"@id":"https:\/\/anoticiaonline.com.br\/site\/#organization"}}]},"og:locale":"pt_BR","og:site_name":"A Not\u00edcia Online - Noticias de Muria\u00e9 e regi\u00e3o","og:type":"article","og:title":"Abastecimento de \u00e1gua em Belis\u00e1rio ser\u00e1 ampliado em 25% - A Not\u00edcia Online","og:description":"Um aumento de 25% no abastecimento de \u00e1gua do distrito de Belis\u00e1rio. Este \u00e9 o objetivo do Demsur para atender a uma antiga reivindica\u00e7\u00e3o daquela comunidade. Por isso, no in\u00edcio desta semana, os profissionais iniciaram os trabalhos de refor\u00e7o na base do reservat\u00f3rio que fica localizado na entrada do distrito, no local conhecido como lavoura,","og:url":"https:\/\/anoticiaonline.com.br\/site\/abastecimento-de-agua-em-belisario-sera-ampliado-em-25\/","og:image":"https:\/\/scontent-gig4-1.xx.fbcdn.net\/v\/t39.30808-1\/270437624_4564083193639691_6907940295614233970_n.jpg?stp=dst-jpg_s200x200_tt6&#038;_nc_cat=111&#038;ccb=1-7&#038;_nc_sid=f907e8&#038;_nc_ohc=SM1wRlP3lJwQ7kNvwEPuBYA&#038;_nc_oc=AdnqrjDN_BNjSSHWO-GbkIWH6fkGMLw4bqvL_NH6e2wMveX7G-rP2dAqsDSq1mJMOaY&#038;_nc_zt=24&#038;_nc_ht=scontent-gig4-1.xx&#038;_nc_gid=AoBFJeGrT1hVaew_6rchkQ&#038;oh=00_AfX7QmFGhQhG2jAllVgXCiM1ZrWgvtp80-Bfppyexh1QEg&#038;oe=689E923C","og:image:secure_url":"https:\/\/scontent-gig4-1.xx.fbcdn.net\/v\/t39.30808-1\/270437624_4564083193639691_6907940295614233970_n.jpg?stp=dst-jpg_s200x200_tt6&#038;_nc_cat=111&#038;ccb=1-7&#038;_nc_sid=f907e8&#038;_nc_ohc=SM1wRlP3lJwQ7kNvwEPuBYA&#038;_nc_oc=AdnqrjDN_BNjSSHWO-GbkIWH6fkGMLw4bqvL_NH6e2wMveX7G-rP2dAqsDSq1mJMOaY&#038;_nc_zt=24&#038;_nc_ht=scontent-gig4-1.xx&#038;_nc_gid=AoBFJeGrT1hVaew_6rchkQ&#038;oh=00_AfX7QmFGhQhG2jAllVgXCiM1ZrWgvtp80-Bfppyexh1QEg&#038;oe=689E923C","article:published_time":"2017-06-21T20:00:20+00:00","article:modified_time":"2017-06-22T22:14:36+00:00","twitter:card":"summary_large_image","twitter:title":"Abastecimento de \u00e1gua em Belis\u00e1rio ser\u00e1 ampliado em 25% - A Not\u00edcia Online","twitter:description":"Um aumento de 25% no abastecimento de \u00e1gua do distrito de Belis\u00e1rio. Este \u00e9 o objetivo do Demsur para atender a uma antiga reivindica\u00e7\u00e3o daquela comunidade. Por isso, no in\u00edcio desta semana, os profissionais iniciaram os trabalhos de refor\u00e7o na base do reservat\u00f3rio que fica localizado na entrada do distrito, no local conhecido como lavoura,","twitter:image":"https:\/\/scontent-gig4-1.xx.fbcdn.net\/v\/t39.30808-1\/270437624_4564083193639691_6907940295614233970_n.jpg?stp=dst-jpg_s200x200_tt6&_nc_cat=111&ccb=1-7&_nc_sid=f907e8&_nc_ohc=SM1wRlP3lJwQ7kNvwEPuBYA&_nc_oc=AdnqrjDN_BNjSSHWO-GbkIWH6fkGMLw4bqvL_NH6e2wMveX7G-rP2dAqsDSq1mJMOaY&_nc_zt=24&_nc_ht=scontent-gig4-1.xx&_nc_gid=AoBFJeGrT1hVaew_6rchkQ&oh=00_AfX7QmFGhQhG2jAllVgXCiM1ZrWgvtp80-Bfppyexh1QEg&oe=689E923C"},"aioseo_meta_data":{"post_id":"32938","title":null,"description":null,"keywords":null,"keyphrases":null,"primary_term":null,"canonical_url":null,"og_title":null,"og_description":null,"og_object_type":"default","og_image_type":"default","og_image_url":null,"og_image_width":null,"og_image_height":null,"og_image_custom_url":null,"og_image_custom_fields":null,"og_video":null,"og_custom_url":null,"og_article_section":null,"og_article_tags":null,"twitter_use_og":false,"twitter_card":"default","twitter_image_type":"default","twitter_image_url":null,"twitter_image_custom_url":null,"twitter_image_custom_fields":null,"twitter_title":null,"twitter_description":null,"schema":{"blockGraphs":[],"customGraphs":[],"default":{"data":{"Article":[],"Course":[],"Dataset":[],"FAQPage":[],"Movie":[],"Person":[],"Product":[],"ProductReview":[],"Car":[],"Recipe":[],"Service":[],"SoftwareApplication":[],"WebPage":[]},"graphName":"","isEnabled":true},"graphs":[]},"schema_type":"default","schema_type_options":null,"pillar_content":false,"robots_default":true,"robots_noindex":false,"robots_noarchive":false,"robots_nosnippet":false,"robots_nofollow":false,"robots_noimageindex":false,"robots_noodp":false,"robots_notranslate":false,"robots_max_snippet":null,"robots_max_videopreview":null,"robots_max_imagepreview":"large","priority":null,"frequency":null,"local_seo":null,"breadcrumb_settings":null,"limit_modified_date":false,"ai":null,"created":"2025-08-16 18:41:19","updated":"2025-08-16 18:41:19","focus_keyword":null,"additional_keywords":null,"truseo_locale":null,"seo_analyzer_scan_date":null},"aioseo_breadcrumb":"<div class=\"aioseo-breadcrumbs\"><span class=\"aioseo-breadcrumb\">\n\t\t\t<a href=\"https:\/\/anoticiaonline.com.br\/site\" title=\"Home\">Home<\/a>\n\t\t<\/span><span class=\"aioseo-breadcrumb-separator\">&raquo;<\/span><span class=\"aioseo-breadcrumb\">\n\t\t\t<a href=\"https:\/\/anoticiaonline.com.br\/site\/categoria\/muriae\/\" title=\"Blog\">Blog<\/a>\n\t\t<\/span><span class=\"aioseo-breadcrumb-separator\">&raquo;<\/span><span class=\"aioseo-breadcrumb\">\n\t\t\tAbastecimento de \u00e1gua em Belis\u00e1rio ser\u00e1 ampliado em 25%\n\t\t<\/span><\/div>","aioseo_breadcrumb_json":[{"label":"Home","link":"https:\/\/anoticiaonline.com.br\/site"},{"label":"Blog","link":"https:\/\/anoticiaonline.com.br\/site\/categoria\/muriae\/"},{"label":"Abastecimento de \u00e1gua em Belis\u00e1rio ser\u00e1 ampliado em 25%","link":"https:\/\/anoticiaonline.com.br\/site\/abastecimento-de-agua-em-belisario-sera-ampliado-em-25\/"}],"views":94,"_links":{"self":[{"href":"https:\/\/anoticiaonline.com.br\/site\/wp-json\/wp\/v2\/posts\/32938","targetHints":{"allow":["GET"]}}],"collection":[{"href":"https:\/\/anoticiaonline.com.br\/site\/wp-json\/wp\/v2\/posts"}],"about":[{"href":"https:\/\/anoticiaonline.com.br\/site\/wp-json\/wp\/v2\/types\/post"}],"author":[{"embeddable":true,"href":"https:\/\/anoticiaonline.com.br\/site\/wp-json\/wp\/v2\/users\/2"}],"replies":[{"embeddable":true,"href":"https:\/\/anoticiaonline.com.br\/site\/wp-json\/wp\/v2\/comments?post=32938"}],"version-history":[{"count":0,"href":"https:\/\/anoticiaonline.com.br\/site\/wp-json\/wp\/v2\/posts\/32938\/revisions"}],"wp:featuredmedia":[{"embeddable":true,"href":"https:\/\/anoticiaonline.com.br\/site\/wp-json\/wp\/v2\/media\/32939"}],"wp:attachment":[{"href":"https:\/\/anoticiaonline.com.br\/site\/wp-json\/wp\/v2\/media?parent=32938"}],"wp:term":[{"taxonomy":"category","embeddable":true,"href":"https:\/\/anoticiaonline.com.br\/site\/wp-json\/wp\/v2\/categories?post=32938"},{"taxonomy":"post_tag","embeddable":true,"href":"https:\/\/anoticiaonline.com.br\/site\/wp-json\/wp\/v2\/tags?post=32938"}],"curies":[{"name":"wp","href":"https:\/\/api.w.org\/{rel}","templated":true}]}}