{"id":32850,"date":"2017-06-21T11:59:03","date_gmt":"2017-06-21T14:59:03","guid":{"rendered":"http:\/\/anoticiaonline.com.br\/site\/?p=32850"},"modified":"2017-06-22T20:49:25","modified_gmt":"2017-06-22T23:49:25","slug":"47o-bpm-comemora-dez-anos-com-solenidade-no-complexo-cristo-redentor","status":"publish","type":"post","link":"https:\/\/anoticiaonline.com.br\/site\/47o-bpm-comemora-dez-anos-com-solenidade-no-complexo-cristo-redentor\/","title":{"rendered":"47\u00ba BPM comemora dez anos com solenidade no Complexo Cristo Redentor"},"content":{"rendered":"<figure id=\"attachment_32852\" aria-describedby=\"caption-attachment-32852\" style=\"width: 290px\" class=\"wp-caption alignleft\"><a href=\"https:\/\/anoticiaonline.com.br\/site\/wp-content\/uploads\/2017\/06\/foto-capa-1.jpg\"><img fetchpriority=\"high\" decoding=\"async\" class=\"size-medium wp-image-32852\" src=\"https:\/\/anoticiaonline.com.br\/site\/wp-content\/uploads\/2017\/06\/foto-capa-1-300x169.jpg\" alt=\"\" width=\"300\" height=\"169\" srcset=\"https:\/\/anoticiaonline.com.br\/site\/wp-content\/uploads\/2017\/06\/foto-capa-1-300x169.jpg 300w, https:\/\/anoticiaonline.com.br\/site\/wp-content\/uploads\/2017\/06\/foto-capa-1.jpg 620w\" sizes=\"(max-width: 300px) 100vw, 300px\" \/><\/a><figcaption id=\"caption-attachment-32852\" class=\"wp-caption-text\">Foto: Lucas Louren Imagens A\u00e9reas<\/figcaption><\/figure>\n<p>O 47\u00ba Batalh\u00e3o de Pol\u00edcia Militar, implantado em Muria\u00e9 desde 27 de abril de 2007, comemorou seus primeiros dez anos com uma solenidade no Complexo Cristo Redentor, na noite de ter\u00e7a-feira (20). Considerado o \u201cGuardi\u00e3o da Divisa\u201d, o 47\u00ba BPM atua na cidade e mais 17 munic\u00edpios da regi\u00e3o. <em>(Confira a galeria de fotos no final da p\u00e1gina)<\/em><\/div>\n<p>A cerim\u00f4nia, que tamb\u00e9m celebrou os 242 anos da PMMG, foi marcada por homenagens a militares da ativa e da reforma, prefeitos da regi\u00e3o e personalidades parceiras da unidade, e contou com a presen\u00e7a de autoridades militares e civis, como o comandante da 4\u00aa Regi\u00e3o da PM, sediada em Juiz de Fora, coronel Alexandre Nocelli, o comandante do 47\u00ba BPM, tenente-coronel Joedson, do subcomandante, major Vitor, bem como diversas autoridades da \u00e1rea de seguran\u00e7a p\u00fablica, defesa social, pol\u00edticos de munic\u00edpios da regi\u00e3o e representantes de institui\u00e7\u00f5es e entidades de variados segmentos.<\/p>\n<p>O coronel Nocelli parabeniza o Batalh\u00e3o pelos seus 10 anos. \u201cS\u00e3o dez anos de execu\u00e7\u00e3o de uma unidade operacional da Pol\u00edcia Militar de Minas Gerais em Muria\u00e9. O objetivo \u00e9 elevar a melhoria de qualidade de vida da popula\u00e7\u00e3o, trabalhar em prol do muriaeense e de pessoas de toda a regi\u00e3o. Que venham mais e mais anos, e que possamos aumentar cada vez mais o nosso portf\u00f3lio de servi\u00e7os para a sociedade, diminuindo a cifra de viol\u00eancia junto com a comunidade, pois viol\u00eancia n\u00e3o se reduz s\u00f3 com pol\u00edcia. \u00c9 preciso que a comunidade participe desse processo\u201d, afirma. \u201cParab\u00e9ns para a unidade, parab\u00e9ns para Muria\u00e9\u201d, completa.<\/p>\n<p>O comandante do 47\u00ba BPM, tenente-coronel Joedson, destaca que esse momento \u00e9 \u00edmpar para o Batalh\u00e3o. \u201c\u00c9 um privil\u00e9gio poder participar desse momento. \u00c9 um momento \u00edmpar. A solenidade foi prestigiada por autoridades militares e civis de toda a regi\u00e3o. Para n\u00f3s, isso \u00e9 motivo de reconhecimento\u201d, diz.<\/p>\n<p>Personalidades e prefeitos das cidades que comp\u00f5em a \u00e1rea de atua\u00e7\u00e3o do Batalh\u00e3o foram agraciados com o t\u00edtulo \u201cGuardi\u00e3o da Divisa\u201d. J\u00e1 os militares que entraram para o quadro da reserva da PM foram homenageados com o certificado de \u201cDever Cumprido\u201d.<\/p>\n<p>A solenidade foi finalizada com um desfile da tropa e das viaturas, e contou tamb\u00e9m com a participa\u00e7\u00e3o de crian\u00e7as participantes de programas sociais da PM realizados em Muria\u00e9.<\/p>\n<p><strong>AGRACIADOS:<\/strong><\/p>\n<p><strong>MILITARES QUE CONSTRU\u00cdRAM O BATALH\u00c3O<\/strong><br \/>\nSargento Geraldo de Souza Ferreira \u201cin memorian\u201d<br \/>\nSargento Olavo Lopes de Souza<br \/>\nSargento Octac\u00edlio Jorge da Silva<br \/>\nSargento J\u00e1como Jose Arqueth Faraco<br \/>\nSargento \u00c2ngelo Roberto de Oliveira<br \/>\nSargento Francisco Nelson Faria<br \/>\nSargento Jose Vieira da Fonseca<br \/>\nSargento Jose Candido de Morais Sobrinho<\/p>\n<p><strong>AGRACIADOS MILITARES<\/strong><br \/>\nTenente-coronel Paulo Cascardo Soares<br \/>\nMajor Dian Carlo Pimentel Miranda<br \/>\nCapit\u00e3o Sandro Josefino da Silva<br \/>\nCapit\u00e3o Miqu\u00e9ias Oliveira do Prado<br \/>\nCapit\u00e3o S\u00edlvio Cesar Benedito<br \/>\nSubtenente Gerson Rocha de Souza<br \/>\nSargento PM Luciano de Matos Sampaio<br \/>\nSargento Luciano Jorge de Souza Marins<br \/>\nSargento Jo\u00e3o Carlos Benedito J\u00fanior<br \/>\nSargento Marcos Rubi Gravel de Oliveira<br \/>\nSargento Jos\u00e9 Gomes<br \/>\nCabo Jos\u00e9 Gilton Domingos<\/p>\n<p><strong>PREFEITOS COLABORADORES<\/strong><br \/>\nPrefeito de Muria\u00e9, Ioannis Konstantinos Grammatikopoulos (Grego)<br \/>\nPrefeito de Laranjal, Sud\u00e1rio Amorim Carneiro<br \/>\nPrefeito de S\u00e3o Francisco do Gl\u00f3ria, Walace Ferreira Pedrosa<br \/>\nPrefeito de Oriz\u00e2nia, Ebio Jos\u00e9 Vitor<br \/>\nPrefeito de Eugen\u00f3polis, Vasco Navarro Rodrigues Caldas<br \/>\nPrefeito de Bar\u00e3o do Monte Alto, Alexandre Pereira Moreira N\u00e9res<br \/>\nPrefeito de Divino, Gilvan Pinheiro de Faria<br \/>\nPrefeito de Carangola, Paulo Cesar de Carvalho Pettersen<br \/>\nPrefeito de Fervedouro, Ab\u00edlio Peixoto Franchini<br \/>\nPrefeito de Patroc\u00ednio do Muria\u00e9, Paulo Aziz Daher<br \/>\nPrefeito de Ros\u00e1rio da Limeira, Jos\u00e9 Maria Pinto da Silva<br \/>\nPrefeito de Pedra Dourada, Silvanir Simpl\u00edcio de Andrade<br \/>\nPrefeito de Palma, Hiran Vin\u00edcios Menduna Finamore<br \/>\nPrefeita de Tombos, Luciene Teixeira de Moraes<br \/>\nPrefeito de Miradouro, Almiro Marques de Lacerda Filho<br \/>\nPrefeito de Ant\u00f4nio Prado de Minas, Welison Sima da Fonseca<br \/>\nPrefeito de Vieiras, Adriano dos Santos<br \/>\nPresidente da C\u00e2mara de Vereadores de Faria Lemos, Walter L\u00facio Ventura<\/p>\n<p><strong>COLABORADORES CIVIS\/MILITARES<\/strong><br \/>\nMichelle Felipe Camarinha de Almeida, Ju\u00edza da Vara Criminal da Comarca de Muria\u00e9<br \/>\nS\u00edlvio Jos\u00e9 Marques Landin, Promotor da \u00c1rea Criminal de Muria\u00e9<br \/>\nDiego Candian Alves, delegado da Pol\u00edcia Civil de Tombos<br \/>\nJos\u00e9 Braz, presidente e fundador do Grupo L\u00edder<br \/>\nPadre Paulo Roberto Gomes, p\u00e1roco da Par\u00f3quia Santa Cruz<br \/>\nPastor N\u00e9lio Monteiro, da Igreja Batista Parque Safira<br \/>\nSargento BM Sebasti\u00e3o Ferreira Filho<br \/>\nPolicial Rodovi\u00e1rio Federal J\u00falio Cesar Simbra Soares<br \/>\nLoja Ma\u00e7\u00f4nica \u201cAd Gloriam et Sapientiam\u201d<br \/>\nLoja Ma\u00e7\u00f4nica \u201cLabor, For\u00e7a e Virtude\u201d<br \/>\nLoja Ma\u00e7\u00f4nica \u201cMission\u00e1rios da Luz\u201d<br \/>\nLoja Ma\u00e7\u00f4nica \u201cSeareiros da Paz\u201d<\/p>\n<p><strong>GALERIA DE FOTOS:<\/strong><\/p>\n<p><img decoding=\"async\" class=\"ngg_displayed_gallery mceItem\" src=\"https:\/\/anoticiaonline.com.br\/site\/nextgen-attach_to_post\/preview\/id--32931\" \/><\/p>\n","protected":false},"excerpt":{"rendered":"<p>O 47\u00ba Batalh\u00e3o de Pol\u00edcia Militar, implantado em Muria\u00e9 desde 27 de abril de 2007, comemorou seus primeiros dez anos com uma solenidade no Complexo Cristo Redentor, na noite de ter\u00e7a-feira (20). Considerado o \u201cGuardi\u00e3o da Divisa\u201d, o 47\u00ba BPM atua na cidade e mais 17 munic\u00edpios da regi\u00e3o. (Confira a galeria de fotos no &#8230; <a title=\"47\u00ba BPM comemora dez anos com solenidade no Complexo Cristo Redentor\" class=\"read-more\" href=\"https:\/\/anoticiaonline.com.br\/site\/47o-bpm-comemora-dez-anos-com-solenidade-no-complexo-cristo-redentor\/\" aria-label=\"Read more about 47\u00ba BPM comemora dez anos com solenidade no Complexo Cristo Redentor\">Ler mais<\/a><\/p>\n","protected":false},"author":2,"featured_media":32852,"comment_status":"open","ping_status":"open","sticky":false,"template":"","format":"standard","meta":{"_acf_changed":false,"_monsterinsights_skip_tracking":false,"footnotes":""},"categories":[30],"tags":[92,74,93,94,3],"class_list":["post-32850","post","type-post","status-publish","format-standard","has-post-thumbnail","hentry","category-muriae","tag-dez-anos-47-batalhao","tag-muriae","tag-policia-militar","tag-polilica-militar-de-muriae","tag-slide"],"acf":[],"aioseo_notices":[],"aioseo_head":"\n\t\t<!-- All in One SEO 5.0.0.1 - aioseo.com -->\n\t<meta name=\"description\" content=\"O 47\u00ba Batalh\u00e3o de Pol\u00edcia Militar, implantado em Muria\u00e9 desde 27 de abril de 2007, comemorou seus primeiros dez anos com uma solenidade no Complexo Cristo Redentor, na noite de ter\u00e7a-feira (20). Considerado o \u201cGuardi\u00e3o da Divisa\u201d, o 47\u00ba BPM atua na cidade e mais 17 munic\u00edpios da regi\u00e3o. (Confira a galeria de fotos no\" \/>\n\t<meta name=\"robots\" content=\"max-image-preview:large\" \/>\n\t<meta name=\"author\" content=\"Juliana Laviola\"\/>\n\t<link rel=\"canonical\" href=\"https:\/\/anoticiaonline.com.br\/site\/47o-bpm-comemora-dez-anos-com-solenidade-no-complexo-cristo-redentor\/\" \/>\n\t<meta name=\"generator\" content=\"All in One SEO (AIOSEO) 5.0.0.1\" \/>\n\t\t<meta property=\"og:locale\" content=\"pt_BR\" \/>\n\t\t<meta property=\"og:site_name\" content=\"A Not\u00edcia Online - Noticias de Muria\u00e9 e regi\u00e3o\" \/>\n\t\t<meta property=\"og:type\" content=\"article\" \/>\n\t\t<meta property=\"og:title\" content=\"47\u00ba BPM comemora dez anos com solenidade no Complexo Cristo Redentor - A Not\u00edcia Online\" \/>\n\t\t<meta property=\"og:description\" content=\"O 47\u00ba Batalh\u00e3o de Pol\u00edcia Militar, implantado em Muria\u00e9 desde 27 de abril de 2007, comemorou seus primeiros dez anos com uma solenidade no Complexo Cristo Redentor, na noite de ter\u00e7a-feira (20). Considerado o \u201cGuardi\u00e3o da Divisa\u201d, o 47\u00ba BPM atua na cidade e mais 17 munic\u00edpios da regi\u00e3o. (Confira a galeria de fotos no\" \/>\n\t\t<meta property=\"og:url\" content=\"https:\/\/anoticiaonline.com.br\/site\/47o-bpm-comemora-dez-anos-com-solenidade-no-complexo-cristo-redentor\/\" \/>\n\t\t<meta property=\"og:image\" content=\"https:\/\/scontent-gig4-1.xx.fbcdn.net\/v\/t39.30808-1\/270437624_4564083193639691_6907940295614233970_n.jpg?stp=dst-jpg_s200x200_tt6&#038;_nc_cat=111&#038;ccb=1-7&#038;_nc_sid=f907e8&#038;_nc_ohc=SM1wRlP3lJwQ7kNvwEPuBYA&#038;_nc_oc=AdnqrjDN_BNjSSHWO-GbkIWH6fkGMLw4bqvL_NH6e2wMveX7G-rP2dAqsDSq1mJMOaY&#038;_nc_zt=24&#038;_nc_ht=scontent-gig4-1.xx&#038;_nc_gid=AoBFJeGrT1hVaew_6rchkQ&#038;oh=00_AfX7QmFGhQhG2jAllVgXCiM1ZrWgvtp80-Bfppyexh1QEg&#038;oe=689E923C\" \/>\n\t\t<meta property=\"og:image:secure_url\" content=\"https:\/\/scontent-gig4-1.xx.fbcdn.net\/v\/t39.30808-1\/270437624_4564083193639691_6907940295614233970_n.jpg?stp=dst-jpg_s200x200_tt6&#038;_nc_cat=111&#038;ccb=1-7&#038;_nc_sid=f907e8&#038;_nc_ohc=SM1wRlP3lJwQ7kNvwEPuBYA&#038;_nc_oc=AdnqrjDN_BNjSSHWO-GbkIWH6fkGMLw4bqvL_NH6e2wMveX7G-rP2dAqsDSq1mJMOaY&#038;_nc_zt=24&#038;_nc_ht=scontent-gig4-1.xx&#038;_nc_gid=AoBFJeGrT1hVaew_6rchkQ&#038;oh=00_AfX7QmFGhQhG2jAllVgXCiM1ZrWgvtp80-Bfppyexh1QEg&#038;oe=689E923C\" \/>\n\t\t<meta property=\"article:published_time\" content=\"2017-06-21T14:59:03+00:00\" \/>\n\t\t<meta property=\"article:modified_time\" content=\"2017-06-22T23:49:25+00:00\" \/>\n\t\t<meta name=\"twitter:card\" content=\"summary_large_image\" \/>\n\t\t<meta name=\"twitter:title\" content=\"47\u00ba BPM comemora dez anos com solenidade no Complexo Cristo Redentor - A Not\u00edcia Online\" \/>\n\t\t<meta name=\"twitter:description\" content=\"O 47\u00ba Batalh\u00e3o de Pol\u00edcia Militar, implantado em Muria\u00e9 desde 27 de abril de 2007, comemorou seus primeiros dez anos com uma solenidade no Complexo Cristo Redentor, na noite de ter\u00e7a-feira (20). Considerado o \u201cGuardi\u00e3o da Divisa\u201d, o 47\u00ba BPM atua na cidade e mais 17 munic\u00edpios da regi\u00e3o. (Confira a galeria de fotos no\" \/>\n\t\t<meta name=\"twitter:image\" content=\"https:\/\/scontent-gig4-1.xx.fbcdn.net\/v\/t39.30808-1\/270437624_4564083193639691_6907940295614233970_n.jpg?stp=dst-jpg_s200x200_tt6&amp;_nc_cat=111&amp;ccb=1-7&amp;_nc_sid=f907e8&amp;_nc_ohc=SM1wRlP3lJwQ7kNvwEPuBYA&amp;_nc_oc=AdnqrjDN_BNjSSHWO-GbkIWH6fkGMLw4bqvL_NH6e2wMveX7G-rP2dAqsDSq1mJMOaY&amp;_nc_zt=24&amp;_nc_ht=scontent-gig4-1.xx&amp;_nc_gid=AoBFJeGrT1hVaew_6rchkQ&amp;oh=00_AfX7QmFGhQhG2jAllVgXCiM1ZrWgvtp80-Bfppyexh1QEg&amp;oe=689E923C\" \/>\n\t\t<script type=\"application\/ld+json\" class=\"aioseo-schema\">\n\t\t\t{\"@context\":\"https:\\\/\\\/schema.org\",\"@graph\":[{\"@type\":\"BlogPosting\",\"@id\":\"https:\\\/\\\/anoticiaonline.com.br\\\/site\\\/47o-bpm-comemora-dez-anos-com-solenidade-no-complexo-cristo-redentor\\\/#blogposting\",\"name\":\"47\\u00ba BPM comemora dez anos com solenidade no Complexo Cristo Redentor - A Not\\u00edcia Online\",\"headline\":\"47\\u00ba BPM comemora dez anos com solenidade no Complexo Cristo Redentor\",\"author\":{\"@id\":\"https:\\\/\\\/anoticiaonline.com.br\\\/site\\\/author\\\/juliana\\\/#author\"},\"publisher\":{\"@id\":\"https:\\\/\\\/anoticiaonline.com.br\\\/site\\\/#organization\"},\"image\":{\"@type\":\"ImageObject\",\"url\":\"https:\\\/\\\/anoticiaonline.com.br\\\/site\\\/wp-content\\\/uploads\\\/2017\\\/06\\\/foto-capa-1.jpg\",\"width\":620,\"height\":349,\"caption\":\"Foto: Lucas Louren Imagens A\\u00e9reas\"},\"datePublished\":\"2017-06-21T11:59:03-03:00\",\"dateModified\":\"2017-06-22T20:49:25-03:00\",\"inLanguage\":\"pt-BR\",\"mainEntityOfPage\":{\"@id\":\"https:\\\/\\\/anoticiaonline.com.br\\\/site\\\/47o-bpm-comemora-dez-anos-com-solenidade-no-complexo-cristo-redentor\\\/#webpage\"},\"isPartOf\":{\"@id\":\"https:\\\/\\\/anoticiaonline.com.br\\\/site\\\/47o-bpm-comemora-dez-anos-com-solenidade-no-complexo-cristo-redentor\\\/#webpage\"},\"articleSection\":\"Blog, dez anos 47 batalh\\u00e3o, Muria\\u00e9, pol\\u00edcia militar, pol\\u00edlica militar de muria\\u00e9, slide\"},{\"@type\":\"BreadcrumbList\",\"@id\":\"https:\\\/\\\/anoticiaonline.com.br\\\/site\\\/47o-bpm-comemora-dez-anos-com-solenidade-no-complexo-cristo-redentor\\\/#breadcrumblist\",\"itemListElement\":[{\"@type\":\"ListItem\",\"@id\":\"https:\\\/\\\/anoticiaonline.com.br\\\/site#listItem\",\"position\":1,\"name\":\"Home\",\"item\":\"https:\\\/\\\/anoticiaonline.com.br\\\/site\",\"nextItem\":{\"@type\":\"ListItem\",\"@id\":\"https:\\\/\\\/anoticiaonline.com.br\\\/site\\\/categoria\\\/muriae\\\/#listItem\",\"name\":\"Blog\"}},{\"@type\":\"ListItem\",\"@id\":\"https:\\\/\\\/anoticiaonline.com.br\\\/site\\\/categoria\\\/muriae\\\/#listItem\",\"position\":2,\"name\":\"Blog\",\"item\":\"https:\\\/\\\/anoticiaonline.com.br\\\/site\\\/categoria\\\/muriae\\\/\",\"nextItem\":{\"@type\":\"ListItem\",\"@id\":\"https:\\\/\\\/anoticiaonline.com.br\\\/site\\\/47o-bpm-comemora-dez-anos-com-solenidade-no-complexo-cristo-redentor\\\/#listItem\",\"name\":\"47\\u00ba BPM comemora dez anos com solenidade no Complexo Cristo Redentor\"},\"previousItem\":{\"@type\":\"ListItem\",\"@id\":\"https:\\\/\\\/anoticiaonline.com.br\\\/site#listItem\",\"name\":\"Home\"}},{\"@type\":\"ListItem\",\"@id\":\"https:\\\/\\\/anoticiaonline.com.br\\\/site\\\/47o-bpm-comemora-dez-anos-com-solenidade-no-complexo-cristo-redentor\\\/#listItem\",\"position\":3,\"name\":\"47\\u00ba BPM comemora dez anos com solenidade no Complexo Cristo Redentor\",\"previousItem\":{\"@type\":\"ListItem\",\"@id\":\"https:\\\/\\\/anoticiaonline.com.br\\\/site\\\/categoria\\\/muriae\\\/#listItem\",\"name\":\"Blog\"}}]},{\"@type\":\"Organization\",\"@id\":\"https:\\\/\\\/anoticiaonline.com.br\\\/site\\\/#organization\",\"name\":\"A Not\\u00edcia Online\",\"description\":\"Noticias de Muria\\u00e9 e regi\\u00e3o\",\"url\":\"https:\\\/\\\/anoticiaonline.com.br\\\/site\\\/\",\"logo\":{\"@type\":\"ImageObject\",\"url\":\"https:\\\/\\\/scontent-gig4-1.xx.fbcdn.net\\\/v\\\/t39.30808-1\\\/270437624_4564083193639691_6907940295614233970_n.jpg?stp=dst-jpg_s200x200_tt6&_nc_cat=111&ccb=1-7&_nc_sid=f907e8&_nc_ohc=SM1wRlP3lJwQ7kNvwEPuBYA&_nc_oc=AdnqrjDN_BNjSSHWO-GbkIWH6fkGMLw4bqvL_NH6e2wMveX7G-rP2dAqsDSq1mJMOaY&_nc_zt=24&_nc_ht=scontent-gig4-1.xx&_nc_gid=AoBFJeGrT1hVaew_6rchkQ&oh=00_AfX7QmFGhQhG2jAllVgXCiM1ZrWgvtp80-Bfppyexh1QEg&oe=689E923C\",\"@id\":\"https:\\\/\\\/anoticiaonline.com.br\\\/site\\\/47o-bpm-comemora-dez-anos-com-solenidade-no-complexo-cristo-redentor\\\/#organizationLogo\"},\"image\":{\"@id\":\"https:\\\/\\\/anoticiaonline.com.br\\\/site\\\/47o-bpm-comemora-dez-anos-com-solenidade-no-complexo-cristo-redentor\\\/#organizationLogo\"}},{\"@type\":\"Person\",\"@id\":\"https:\\\/\\\/anoticiaonline.com.br\\\/site\\\/author\\\/juliana\\\/#author\",\"url\":\"https:\\\/\\\/anoticiaonline.com.br\\\/site\\\/author\\\/juliana\\\/\",\"name\":\"Juliana Laviola\",\"image\":{\"@type\":\"ImageObject\",\"@id\":\"https:\\\/\\\/anoticiaonline.com.br\\\/site\\\/47o-bpm-comemora-dez-anos-com-solenidade-no-complexo-cristo-redentor\\\/#authorImage\",\"url\":\"https:\\\/\\\/secure.gravatar.com\\\/avatar\\\/b8d45f5c699b100dfaf0e543582f38f38bf94cb7ae3a5e9abf8d891a34773335?s=96&d=mm&r=g\",\"width\":96,\"height\":96,\"caption\":\"Juliana Laviola\"}},{\"@type\":\"WebPage\",\"@id\":\"https:\\\/\\\/anoticiaonline.com.br\\\/site\\\/47o-bpm-comemora-dez-anos-com-solenidade-no-complexo-cristo-redentor\\\/#webpage\",\"url\":\"https:\\\/\\\/anoticiaonline.com.br\\\/site\\\/47o-bpm-comemora-dez-anos-com-solenidade-no-complexo-cristo-redentor\\\/\",\"name\":\"47\\u00ba BPM comemora dez anos com solenidade no Complexo Cristo Redentor - A Not\\u00edcia Online\",\"description\":\"O 47\\u00ba Batalh\\u00e3o de Pol\\u00edcia Militar, implantado em Muria\\u00e9 desde 27 de abril de 2007, comemorou seus primeiros dez anos com uma solenidade no Complexo Cristo Redentor, na noite de ter\\u00e7a-feira (20). Considerado o \\u201cGuardi\\u00e3o da Divisa\\u201d, o 47\\u00ba BPM atua na cidade e mais 17 munic\\u00edpios da regi\\u00e3o. (Confira a galeria de fotos no\",\"inLanguage\":\"pt-BR\",\"isPartOf\":{\"@id\":\"https:\\\/\\\/anoticiaonline.com.br\\\/site\\\/#website\"},\"breadcrumb\":{\"@id\":\"https:\\\/\\\/anoticiaonline.com.br\\\/site\\\/47o-bpm-comemora-dez-anos-com-solenidade-no-complexo-cristo-redentor\\\/#breadcrumblist\"},\"author\":{\"@id\":\"https:\\\/\\\/anoticiaonline.com.br\\\/site\\\/author\\\/juliana\\\/#author\"},\"creator\":{\"@id\":\"https:\\\/\\\/anoticiaonline.com.br\\\/site\\\/author\\\/juliana\\\/#author\"},\"image\":{\"@type\":\"ImageObject\",\"url\":\"https:\\\/\\\/anoticiaonline.com.br\\\/site\\\/wp-content\\\/uploads\\\/2017\\\/06\\\/foto-capa-1.jpg\",\"@id\":\"https:\\\/\\\/anoticiaonline.com.br\\\/site\\\/47o-bpm-comemora-dez-anos-com-solenidade-no-complexo-cristo-redentor\\\/#mainImage\",\"width\":620,\"height\":349,\"caption\":\"Foto: Lucas Louren Imagens A\\u00e9reas\"},\"primaryImageOfPage\":{\"@id\":\"https:\\\/\\\/anoticiaonline.com.br\\\/site\\\/47o-bpm-comemora-dez-anos-com-solenidade-no-complexo-cristo-redentor\\\/#mainImage\"},\"datePublished\":\"2017-06-21T11:59:03-03:00\",\"dateModified\":\"2017-06-22T20:49:25-03:00\"},{\"@type\":\"WebSite\",\"@id\":\"https:\\\/\\\/anoticiaonline.com.br\\\/site\\\/#website\",\"url\":\"https:\\\/\\\/anoticiaonline.com.br\\\/site\\\/\",\"name\":\"A Not\\u00edcia Online\",\"description\":\"Noticias de Muria\\u00e9 e regi\\u00e3o\",\"inLanguage\":\"pt-BR\",\"publisher\":{\"@id\":\"https:\\\/\\\/anoticiaonline.com.br\\\/site\\\/#organization\"}}]}\n\t\t<\/script>\n\t\t<!-- All in One SEO -->\n\n","aioseo_head_json":{"title":"47\u00ba BPM comemora dez anos com solenidade no Complexo Cristo Redentor - A Not\u00edcia Online","description":"O 47\u00ba Batalh\u00e3o de Pol\u00edcia Militar, implantado em Muria\u00e9 desde 27 de abril de 2007, comemorou seus primeiros dez anos com uma solenidade no Complexo Cristo Redentor, na noite de ter\u00e7a-feira (20). Considerado o \u201cGuardi\u00e3o da Divisa\u201d, o 47\u00ba BPM atua na cidade e mais 17 munic\u00edpios da regi\u00e3o. (Confira a galeria de fotos no","canonical_url":"https:\/\/anoticiaonline.com.br\/site\/47o-bpm-comemora-dez-anos-com-solenidade-no-complexo-cristo-redentor\/","robots":"max-image-preview:large","keywords":"","webmasterTools":{"miscellaneous":""},"schema":{"@context":"https:\/\/schema.org","@graph":[{"@type":"BlogPosting","@id":"https:\/\/anoticiaonline.com.br\/site\/47o-bpm-comemora-dez-anos-com-solenidade-no-complexo-cristo-redentor\/#blogposting","name":"47\u00ba BPM comemora dez anos com solenidade no Complexo Cristo Redentor - A Not\u00edcia Online","headline":"47\u00ba BPM comemora dez anos com solenidade no Complexo Cristo Redentor","author":{"@id":"https:\/\/anoticiaonline.com.br\/site\/author\/juliana\/#author"},"publisher":{"@id":"https:\/\/anoticiaonline.com.br\/site\/#organization"},"image":{"@type":"ImageObject","url":"https:\/\/anoticiaonline.com.br\/site\/wp-content\/uploads\/2017\/06\/foto-capa-1.jpg","width":620,"height":349,"caption":"Foto: Lucas Louren Imagens A\u00e9reas"},"datePublished":"2017-06-21T11:59:03-03:00","dateModified":"2017-06-22T20:49:25-03:00","inLanguage":"pt-BR","mainEntityOfPage":{"@id":"https:\/\/anoticiaonline.com.br\/site\/47o-bpm-comemora-dez-anos-com-solenidade-no-complexo-cristo-redentor\/#webpage"},"isPartOf":{"@id":"https:\/\/anoticiaonline.com.br\/site\/47o-bpm-comemora-dez-anos-com-solenidade-no-complexo-cristo-redentor\/#webpage"},"articleSection":"Blog, dez anos 47 batalh\u00e3o, Muria\u00e9, pol\u00edcia militar, pol\u00edlica militar de muria\u00e9, slide"},{"@type":"BreadcrumbList","@id":"https:\/\/anoticiaonline.com.br\/site\/47o-bpm-comemora-dez-anos-com-solenidade-no-complexo-cristo-redentor\/#breadcrumblist","itemListElement":[{"@type":"ListItem","@id":"https:\/\/anoticiaonline.com.br\/site#listItem","position":1,"name":"Home","item":"https:\/\/anoticiaonline.com.br\/site","nextItem":{"@type":"ListItem","@id":"https:\/\/anoticiaonline.com.br\/site\/categoria\/muriae\/#listItem","name":"Blog"}},{"@type":"ListItem","@id":"https:\/\/anoticiaonline.com.br\/site\/categoria\/muriae\/#listItem","position":2,"name":"Blog","item":"https:\/\/anoticiaonline.com.br\/site\/categoria\/muriae\/","nextItem":{"@type":"ListItem","@id":"https:\/\/anoticiaonline.com.br\/site\/47o-bpm-comemora-dez-anos-com-solenidade-no-complexo-cristo-redentor\/#listItem","name":"47\u00ba BPM comemora dez anos com solenidade no Complexo Cristo Redentor"},"previousItem":{"@type":"ListItem","@id":"https:\/\/anoticiaonline.com.br\/site#listItem","name":"Home"}},{"@type":"ListItem","@id":"https:\/\/anoticiaonline.com.br\/site\/47o-bpm-comemora-dez-anos-com-solenidade-no-complexo-cristo-redentor\/#listItem","position":3,"name":"47\u00ba BPM comemora dez anos com solenidade no Complexo Cristo Redentor","previousItem":{"@type":"ListItem","@id":"https:\/\/anoticiaonline.com.br\/site\/categoria\/muriae\/#listItem","name":"Blog"}}]},{"@type":"Organization","@id":"https:\/\/anoticiaonline.com.br\/site\/#organization","name":"A Not\u00edcia Online","description":"Noticias de Muria\u00e9 e regi\u00e3o","url":"https:\/\/anoticiaonline.com.br\/site\/","logo":{"@type":"ImageObject","url":"https:\/\/scontent-gig4-1.xx.fbcdn.net\/v\/t39.30808-1\/270437624_4564083193639691_6907940295614233970_n.jpg?stp=dst-jpg_s200x200_tt6&_nc_cat=111&ccb=1-7&_nc_sid=f907e8&_nc_ohc=SM1wRlP3lJwQ7kNvwEPuBYA&_nc_oc=AdnqrjDN_BNjSSHWO-GbkIWH6fkGMLw4bqvL_NH6e2wMveX7G-rP2dAqsDSq1mJMOaY&_nc_zt=24&_nc_ht=scontent-gig4-1.xx&_nc_gid=AoBFJeGrT1hVaew_6rchkQ&oh=00_AfX7QmFGhQhG2jAllVgXCiM1ZrWgvtp80-Bfppyexh1QEg&oe=689E923C","@id":"https:\/\/anoticiaonline.com.br\/site\/47o-bpm-comemora-dez-anos-com-solenidade-no-complexo-cristo-redentor\/#organizationLogo"},"image":{"@id":"https:\/\/anoticiaonline.com.br\/site\/47o-bpm-comemora-dez-anos-com-solenidade-no-complexo-cristo-redentor\/#organizationLogo"}},{"@type":"Person","@id":"https:\/\/anoticiaonline.com.br\/site\/author\/juliana\/#author","url":"https:\/\/anoticiaonline.com.br\/site\/author\/juliana\/","name":"Juliana Laviola","image":{"@type":"ImageObject","@id":"https:\/\/anoticiaonline.com.br\/site\/47o-bpm-comemora-dez-anos-com-solenidade-no-complexo-cristo-redentor\/#authorImage","url":"https:\/\/secure.gravatar.com\/avatar\/b8d45f5c699b100dfaf0e543582f38f38bf94cb7ae3a5e9abf8d891a34773335?s=96&d=mm&r=g","width":96,"height":96,"caption":"Juliana Laviola"}},{"@type":"WebPage","@id":"https:\/\/anoticiaonline.com.br\/site\/47o-bpm-comemora-dez-anos-com-solenidade-no-complexo-cristo-redentor\/#webpage","url":"https:\/\/anoticiaonline.com.br\/site\/47o-bpm-comemora-dez-anos-com-solenidade-no-complexo-cristo-redentor\/","name":"47\u00ba BPM comemora dez anos com solenidade no Complexo Cristo Redentor - A Not\u00edcia Online","description":"O 47\u00ba Batalh\u00e3o de Pol\u00edcia Militar, implantado em Muria\u00e9 desde 27 de abril de 2007, comemorou seus primeiros dez anos com uma solenidade no Complexo Cristo Redentor, na noite de ter\u00e7a-feira (20). Considerado o \u201cGuardi\u00e3o da Divisa\u201d, o 47\u00ba BPM atua na cidade e mais 17 munic\u00edpios da regi\u00e3o. (Confira a galeria de fotos no","inLanguage":"pt-BR","isPartOf":{"@id":"https:\/\/anoticiaonline.com.br\/site\/#website"},"breadcrumb":{"@id":"https:\/\/anoticiaonline.com.br\/site\/47o-bpm-comemora-dez-anos-com-solenidade-no-complexo-cristo-redentor\/#breadcrumblist"},"author":{"@id":"https:\/\/anoticiaonline.com.br\/site\/author\/juliana\/#author"},"creator":{"@id":"https:\/\/anoticiaonline.com.br\/site\/author\/juliana\/#author"},"image":{"@type":"ImageObject","url":"https:\/\/anoticiaonline.com.br\/site\/wp-content\/uploads\/2017\/06\/foto-capa-1.jpg","@id":"https:\/\/anoticiaonline.com.br\/site\/47o-bpm-comemora-dez-anos-com-solenidade-no-complexo-cristo-redentor\/#mainImage","width":620,"height":349,"caption":"Foto: Lucas Louren Imagens A\u00e9reas"},"primaryImageOfPage":{"@id":"https:\/\/anoticiaonline.com.br\/site\/47o-bpm-comemora-dez-anos-com-solenidade-no-complexo-cristo-redentor\/#mainImage"},"datePublished":"2017-06-21T11:59:03-03:00","dateModified":"2017-06-22T20:49:25-03:00"},{"@type":"WebSite","@id":"https:\/\/anoticiaonline.com.br\/site\/#website","url":"https:\/\/anoticiaonline.com.br\/site\/","name":"A Not\u00edcia Online","description":"Noticias de Muria\u00e9 e regi\u00e3o","inLanguage":"pt-BR","publisher":{"@id":"https:\/\/anoticiaonline.com.br\/site\/#organization"}}]},"og:locale":"pt_BR","og:site_name":"A Not\u00edcia Online - Noticias de Muria\u00e9 e regi\u00e3o","og:type":"article","og:title":"47\u00ba BPM comemora dez anos com solenidade no Complexo Cristo Redentor - A Not\u00edcia Online","og:description":"O 47\u00ba Batalh\u00e3o de Pol\u00edcia Militar, implantado em Muria\u00e9 desde 27 de abril de 2007, comemorou seus primeiros dez anos com uma solenidade no Complexo Cristo Redentor, na noite de ter\u00e7a-feira (20). Considerado o \u201cGuardi\u00e3o da Divisa\u201d, o 47\u00ba BPM atua na cidade e mais 17 munic\u00edpios da regi\u00e3o. (Confira a galeria de fotos no","og:url":"https:\/\/anoticiaonline.com.br\/site\/47o-bpm-comemora-dez-anos-com-solenidade-no-complexo-cristo-redentor\/","og:image":"https:\/\/scontent-gig4-1.xx.fbcdn.net\/v\/t39.30808-1\/270437624_4564083193639691_6907940295614233970_n.jpg?stp=dst-jpg_s200x200_tt6&#038;_nc_cat=111&#038;ccb=1-7&#038;_nc_sid=f907e8&#038;_nc_ohc=SM1wRlP3lJwQ7kNvwEPuBYA&#038;_nc_oc=AdnqrjDN_BNjSSHWO-GbkIWH6fkGMLw4bqvL_NH6e2wMveX7G-rP2dAqsDSq1mJMOaY&#038;_nc_zt=24&#038;_nc_ht=scontent-gig4-1.xx&#038;_nc_gid=AoBFJeGrT1hVaew_6rchkQ&#038;oh=00_AfX7QmFGhQhG2jAllVgXCiM1ZrWgvtp80-Bfppyexh1QEg&#038;oe=689E923C","og:image:secure_url":"https:\/\/scontent-gig4-1.xx.fbcdn.net\/v\/t39.30808-1\/270437624_4564083193639691_6907940295614233970_n.jpg?stp=dst-jpg_s200x200_tt6&#038;_nc_cat=111&#038;ccb=1-7&#038;_nc_sid=f907e8&#038;_nc_ohc=SM1wRlP3lJwQ7kNvwEPuBYA&#038;_nc_oc=AdnqrjDN_BNjSSHWO-GbkIWH6fkGMLw4bqvL_NH6e2wMveX7G-rP2dAqsDSq1mJMOaY&#038;_nc_zt=24&#038;_nc_ht=scontent-gig4-1.xx&#038;_nc_gid=AoBFJeGrT1hVaew_6rchkQ&#038;oh=00_AfX7QmFGhQhG2jAllVgXCiM1ZrWgvtp80-Bfppyexh1QEg&#038;oe=689E923C","article:published_time":"2017-06-21T14:59:03+00:00","article:modified_time":"2017-06-22T23:49:25+00:00","twitter:card":"summary_large_image","twitter:title":"47\u00ba BPM comemora dez anos com solenidade no Complexo Cristo Redentor - A Not\u00edcia Online","twitter:description":"O 47\u00ba Batalh\u00e3o de Pol\u00edcia Militar, implantado em Muria\u00e9 desde 27 de abril de 2007, comemorou seus primeiros dez anos com uma solenidade no Complexo Cristo Redentor, na noite de ter\u00e7a-feira (20). Considerado o \u201cGuardi\u00e3o da Divisa\u201d, o 47\u00ba BPM atua na cidade e mais 17 munic\u00edpios da regi\u00e3o. (Confira a galeria de fotos no","twitter:image":"https:\/\/scontent-gig4-1.xx.fbcdn.net\/v\/t39.30808-1\/270437624_4564083193639691_6907940295614233970_n.jpg?stp=dst-jpg_s200x200_tt6&_nc_cat=111&ccb=1-7&_nc_sid=f907e8&_nc_ohc=SM1wRlP3lJwQ7kNvwEPuBYA&_nc_oc=AdnqrjDN_BNjSSHWO-GbkIWH6fkGMLw4bqvL_NH6e2wMveX7G-rP2dAqsDSq1mJMOaY&_nc_zt=24&_nc_ht=scontent-gig4-1.xx&_nc_gid=AoBFJeGrT1hVaew_6rchkQ&oh=00_AfX7QmFGhQhG2jAllVgXCiM1ZrWgvtp80-Bfppyexh1QEg&oe=689E923C"},"aioseo_meta_data":{"post_id":"32850","title":null,"description":null,"keywords":null,"keyphrases":null,"primary_term":null,"canonical_url":null,"og_title":null,"og_description":null,"og_object_type":"default","og_image_type":"default","og_image_url":null,"og_image_width":null,"og_image_height":null,"og_image_custom_url":null,"og_image_custom_fields":null,"og_video":null,"og_custom_url":null,"og_article_section":null,"og_article_tags":null,"twitter_use_og":false,"twitter_card":"default","twitter_image_type":"default","twitter_image_url":null,"twitter_image_custom_url":null,"twitter_image_custom_fields":null,"twitter_title":null,"twitter_description":null,"schema":{"blockGraphs":[],"customGraphs":[],"default":{"data":{"Article":[],"Course":[],"Dataset":[],"FAQPage":[],"Movie":[],"Person":[],"Product":[],"ProductReview":[],"Car":[],"Recipe":[],"Service":[],"SoftwareApplication":[],"WebPage":[]},"graphName":"","isEnabled":true},"graphs":[]},"schema_type":"default","schema_type_options":null,"pillar_content":false,"robots_default":true,"robots_noindex":false,"robots_noarchive":false,"robots_nosnippet":false,"robots_nofollow":false,"robots_noimageindex":false,"robots_noodp":false,"robots_notranslate":false,"robots_max_snippet":null,"robots_max_videopreview":null,"robots_max_imagepreview":"large","priority":null,"frequency":null,"local_seo":null,"breadcrumb_settings":null,"limit_modified_date":false,"ai":null,"created":"2025-08-16 18:41:19","updated":"2025-08-16 18:41:19","focus_keyword":null,"additional_keywords":null,"truseo_locale":null,"seo_analyzer_scan_date":null},"aioseo_breadcrumb":"<div class=\"aioseo-breadcrumbs\"><span class=\"aioseo-breadcrumb\">\n\t\t\t<a href=\"https:\/\/anoticiaonline.com.br\/site\" title=\"Home\">Home<\/a>\n\t\t<\/span><span class=\"aioseo-breadcrumb-separator\">&raquo;<\/span><span class=\"aioseo-breadcrumb\">\n\t\t\t<a href=\"https:\/\/anoticiaonline.com.br\/site\/categoria\/muriae\/\" title=\"Blog\">Blog<\/a>\n\t\t<\/span><span class=\"aioseo-breadcrumb-separator\">&raquo;<\/span><span class=\"aioseo-breadcrumb\">\n\t\t\t47\u00ba BPM comemora dez anos com solenidade no Complexo Cristo Redentor\n\t\t<\/span><\/div>","aioseo_breadcrumb_json":[{"label":"Home","link":"https:\/\/anoticiaonline.com.br\/site"},{"label":"Blog","link":"https:\/\/anoticiaonline.com.br\/site\/categoria\/muriae\/"},{"label":"47\u00ba BPM comemora dez anos com solenidade no Complexo Cristo Redentor","link":"https:\/\/anoticiaonline.com.br\/site\/47o-bpm-comemora-dez-anos-com-solenidade-no-complexo-cristo-redentor\/"}],"views":128,"_links":{"self":[{"href":"https:\/\/anoticiaonline.com.br\/site\/wp-json\/wp\/v2\/posts\/32850","targetHints":{"allow":["GET"]}}],"collection":[{"href":"https:\/\/anoticiaonline.com.br\/site\/wp-json\/wp\/v2\/posts"}],"about":[{"href":"https:\/\/anoticiaonline.com.br\/site\/wp-json\/wp\/v2\/types\/post"}],"author":[{"embeddable":true,"href":"https:\/\/anoticiaonline.com.br\/site\/wp-json\/wp\/v2\/users\/2"}],"replies":[{"embeddable":true,"href":"https:\/\/anoticiaonline.com.br\/site\/wp-json\/wp\/v2\/comments?post=32850"}],"version-history":[{"count":0,"href":"https:\/\/anoticiaonline.com.br\/site\/wp-json\/wp\/v2\/posts\/32850\/revisions"}],"wp:featuredmedia":[{"embeddable":true,"href":"https:\/\/anoticiaonline.com.br\/site\/wp-json\/wp\/v2\/media\/32852"}],"wp:attachment":[{"href":"https:\/\/anoticiaonline.com.br\/site\/wp-json\/wp\/v2\/media?parent=32850"}],"wp:term":[{"taxonomy":"category","embeddable":true,"href":"https:\/\/anoticiaonline.com.br\/site\/wp-json\/wp\/v2\/categories?post=32850"},{"taxonomy":"post_tag","embeddable":true,"href":"https:\/\/anoticiaonline.com.br\/site\/wp-json\/wp\/v2\/tags?post=32850"}],"curies":[{"name":"wp","href":"https:\/\/api.w.org\/{rel}","templated":true}]}}