{"id":32847,"date":"2017-06-20T17:44:26","date_gmt":"2017-06-20T20:44:26","guid":{"rendered":"http:\/\/anoticiaonline.com.br\/site\/?p=32847"},"modified":"2017-06-22T19:16:57","modified_gmt":"2017-06-22T22:16:57","slug":"operacao-conjunta-prende-dois-por-assalto-a-posto-de-gasolina","status":"publish","type":"post","link":"https:\/\/anoticiaonline.com.br\/site\/operacao-conjunta-prende-dois-por-assalto-a-posto-de-gasolina\/","title":{"rendered":"Opera\u00e7\u00e3o conjunta prende dois por assalto a posto de gasolina"},"content":{"rendered":"<p><a href=\"https:\/\/anoticiaonline.com.br\/site\/wp-content\/uploads\/2017\/06\/Montagem.jpg\"><img fetchpriority=\"high\" decoding=\"async\" class=\"size-medium wp-image-32848 alignleft\" src=\"https:\/\/anoticiaonline.com.br\/site\/wp-content\/uploads\/2017\/06\/Montagem-300x226.jpg\" alt=\"\" width=\"300\" height=\"226\" srcset=\"https:\/\/anoticiaonline.com.br\/site\/wp-content\/uploads\/2017\/06\/Montagem-300x226.jpg 300w, https:\/\/anoticiaonline.com.br\/site\/wp-content\/uploads\/2017\/06\/Montagem.jpg 640w\" sizes=\"(max-width: 300px) 100vw, 300px\" \/><\/a>Dois homens foram presos durante opera\u00e7\u00e3o conjunta deflagrada pelas pol\u00edcias Civil e Militar em Muria\u00e9 e em Carangola, ap\u00f3s apura\u00e7\u00f5es do assalto ao posto de gasolina, ocorrido no in\u00edcio de junho, em Pedra Dourada. Na ocasi\u00e3o, minutos ap\u00f3s o crime, os policiais conseguiram apreender a motocicleta, os capacetes e as blusas que teriam sido utilizadas pelos autores.<\/p>\n<p>De acordo com informa\u00e7\u00f5es do delegado Di\u00eago Candian Alves, foram cumpridos tr\u00eas mandados de busca e apreens\u00e3o e dois mandados de pris\u00e3o tempor\u00e1ria, expedidos pela Comarca de Tombos. Na manh\u00e3 desta ter\u00e7a-feira (20), um homem de 23 anos foi preso em Carangola e outro jovem de 22 anos foi localizado em Muria\u00e9. Durante as dilig\u00eancias, tamb\u00e9m foram apreendidos um casaco, uma faca e uma balan\u00e7a de precis\u00e3o em Carangola. J\u00e1 em Muria\u00e9, foram arrecadados aparelhos celulares e algumas roupas.<\/p>\n","protected":false},"excerpt":{"rendered":"<p>Dois homens foram presos durante opera\u00e7\u00e3o conjunta deflagrada pelas pol\u00edcias Civil e Militar em Muria\u00e9 e em Carangola, ap\u00f3s apura\u00e7\u00f5es do assalto ao posto de gasolina, ocorrido no in\u00edcio de junho, em Pedra Dourada. Na ocasi\u00e3o, minutos ap\u00f3s o crime, os policiais conseguiram apreender a motocicleta, os capacetes e as blusas que teriam sido utilizadas &#8230; <a title=\"Opera\u00e7\u00e3o conjunta prende dois por assalto a posto de gasolina\" class=\"read-more\" href=\"https:\/\/anoticiaonline.com.br\/site\/operacao-conjunta-prende-dois-por-assalto-a-posto-de-gasolina\/\" aria-label=\"Read more about Opera\u00e7\u00e3o conjunta prende dois por assalto a posto de gasolina\">Ler mais<\/a><\/p>\n","protected":false},"author":2,"featured_media":32848,"comment_status":"open","ping_status":"open","sticky":false,"template":"","format":"standard","meta":{"_acf_changed":false,"_monsterinsights_skip_tracking":false,"footnotes":""},"categories":[6],"tags":[74,96,95,93,3],"class_list":["post-32847","post","type-post","status-publish","format-standard","has-post-thumbnail","hentry","category-regiao","tag-muriae","tag-operacao-policial","tag-policia-civil","tag-policia-militar","tag-slide"],"acf":[],"aioseo_notices":[],"aioseo_head":"\n\t\t<!-- All in One SEO 5.0.0.1 - aioseo.com -->\n\t<meta name=\"description\" content=\"Dois homens foram presos durante opera\u00e7\u00e3o conjunta deflagrada pelas pol\u00edcias Civil e Militar em Muria\u00e9 e em Carangola, ap\u00f3s apura\u00e7\u00f5es do assalto ao posto de gasolina, ocorrido no in\u00edcio de junho, em Pedra Dourada. Na ocasi\u00e3o, minutos ap\u00f3s o crime, os policiais conseguiram apreender a motocicleta, os capacetes e as blusas que teriam sido utilizadas\" \/>\n\t<meta name=\"robots\" content=\"max-image-preview:large\" \/>\n\t<meta name=\"author\" content=\"Juliana Laviola\"\/>\n\t<link rel=\"canonical\" href=\"https:\/\/anoticiaonline.com.br\/site\/operacao-conjunta-prende-dois-por-assalto-a-posto-de-gasolina\/\" \/>\n\t<meta name=\"generator\" content=\"All in One SEO (AIOSEO) 5.0.0.1\" \/>\n\t\t<meta property=\"og:locale\" content=\"pt_BR\" \/>\n\t\t<meta property=\"og:site_name\" content=\"A Not\u00edcia Online - Noticias de Muria\u00e9 e regi\u00e3o\" \/>\n\t\t<meta property=\"og:type\" content=\"article\" \/>\n\t\t<meta property=\"og:title\" content=\"Opera\u00e7\u00e3o conjunta prende dois por assalto a posto de gasolina - A Not\u00edcia Online\" \/>\n\t\t<meta property=\"og:description\" content=\"Dois homens foram presos durante opera\u00e7\u00e3o conjunta deflagrada pelas pol\u00edcias Civil e Militar em Muria\u00e9 e em Carangola, ap\u00f3s apura\u00e7\u00f5es do assalto ao posto de gasolina, ocorrido no in\u00edcio de junho, em Pedra Dourada. Na ocasi\u00e3o, minutos ap\u00f3s o crime, os policiais conseguiram apreender a motocicleta, os capacetes e as blusas que teriam sido utilizadas\" \/>\n\t\t<meta property=\"og:url\" content=\"https:\/\/anoticiaonline.com.br\/site\/operacao-conjunta-prende-dois-por-assalto-a-posto-de-gasolina\/\" \/>\n\t\t<meta property=\"og:image\" content=\"https:\/\/scontent-gig4-1.xx.fbcdn.net\/v\/t39.30808-1\/270437624_4564083193639691_6907940295614233970_n.jpg?stp=dst-jpg_s200x200_tt6&#038;_nc_cat=111&#038;ccb=1-7&#038;_nc_sid=f907e8&#038;_nc_ohc=SM1wRlP3lJwQ7kNvwEPuBYA&#038;_nc_oc=AdnqrjDN_BNjSSHWO-GbkIWH6fkGMLw4bqvL_NH6e2wMveX7G-rP2dAqsDSq1mJMOaY&#038;_nc_zt=24&#038;_nc_ht=scontent-gig4-1.xx&#038;_nc_gid=AoBFJeGrT1hVaew_6rchkQ&#038;oh=00_AfX7QmFGhQhG2jAllVgXCiM1ZrWgvtp80-Bfppyexh1QEg&#038;oe=689E923C\" \/>\n\t\t<meta property=\"og:image:secure_url\" content=\"https:\/\/scontent-gig4-1.xx.fbcdn.net\/v\/t39.30808-1\/270437624_4564083193639691_6907940295614233970_n.jpg?stp=dst-jpg_s200x200_tt6&#038;_nc_cat=111&#038;ccb=1-7&#038;_nc_sid=f907e8&#038;_nc_ohc=SM1wRlP3lJwQ7kNvwEPuBYA&#038;_nc_oc=AdnqrjDN_BNjSSHWO-GbkIWH6fkGMLw4bqvL_NH6e2wMveX7G-rP2dAqsDSq1mJMOaY&#038;_nc_zt=24&#038;_nc_ht=scontent-gig4-1.xx&#038;_nc_gid=AoBFJeGrT1hVaew_6rchkQ&#038;oh=00_AfX7QmFGhQhG2jAllVgXCiM1ZrWgvtp80-Bfppyexh1QEg&#038;oe=689E923C\" \/>\n\t\t<meta property=\"article:published_time\" content=\"2017-06-20T20:44:26+00:00\" \/>\n\t\t<meta property=\"article:modified_time\" content=\"2017-06-22T22:16:57+00:00\" \/>\n\t\t<meta name=\"twitter:card\" content=\"summary_large_image\" \/>\n\t\t<meta name=\"twitter:title\" content=\"Opera\u00e7\u00e3o conjunta prende dois por assalto a posto de gasolina - A Not\u00edcia Online\" \/>\n\t\t<meta name=\"twitter:description\" content=\"Dois homens foram presos durante opera\u00e7\u00e3o conjunta deflagrada pelas pol\u00edcias Civil e Militar em Muria\u00e9 e em Carangola, ap\u00f3s apura\u00e7\u00f5es do assalto ao posto de gasolina, ocorrido no in\u00edcio de junho, em Pedra Dourada. Na ocasi\u00e3o, minutos ap\u00f3s o crime, os policiais conseguiram apreender a motocicleta, os capacetes e as blusas que teriam sido utilizadas\" \/>\n\t\t<meta name=\"twitter:image\" content=\"https:\/\/scontent-gig4-1.xx.fbcdn.net\/v\/t39.30808-1\/270437624_4564083193639691_6907940295614233970_n.jpg?stp=dst-jpg_s200x200_tt6&amp;_nc_cat=111&amp;ccb=1-7&amp;_nc_sid=f907e8&amp;_nc_ohc=SM1wRlP3lJwQ7kNvwEPuBYA&amp;_nc_oc=AdnqrjDN_BNjSSHWO-GbkIWH6fkGMLw4bqvL_NH6e2wMveX7G-rP2dAqsDSq1mJMOaY&amp;_nc_zt=24&amp;_nc_ht=scontent-gig4-1.xx&amp;_nc_gid=AoBFJeGrT1hVaew_6rchkQ&amp;oh=00_AfX7QmFGhQhG2jAllVgXCiM1ZrWgvtp80-Bfppyexh1QEg&amp;oe=689E923C\" \/>\n\t\t<script type=\"application\/ld+json\" class=\"aioseo-schema\">\n\t\t\t{\"@context\":\"https:\\\/\\\/schema.org\",\"@graph\":[{\"@type\":\"BlogPosting\",\"@id\":\"https:\\\/\\\/anoticiaonline.com.br\\\/site\\\/operacao-conjunta-prende-dois-por-assalto-a-posto-de-gasolina\\\/#blogposting\",\"name\":\"Opera\\u00e7\\u00e3o conjunta prende dois por assalto a posto de gasolina - A Not\\u00edcia Online\",\"headline\":\"Opera\\u00e7\\u00e3o conjunta prende dois por assalto a posto de gasolina\",\"author\":{\"@id\":\"https:\\\/\\\/anoticiaonline.com.br\\\/site\\\/author\\\/juliana\\\/#author\"},\"publisher\":{\"@id\":\"https:\\\/\\\/anoticiaonline.com.br\\\/site\\\/#organization\"},\"image\":{\"@type\":\"ImageObject\",\"url\":\"https:\\\/\\\/anoticiaonline.com.br\\\/site\\\/wp-content\\\/uploads\\\/2017\\\/06\\\/Montagem.jpg\",\"width\":640,\"height\":483},\"datePublished\":\"2017-06-20T17:44:26-03:00\",\"dateModified\":\"2017-06-22T19:16:57-03:00\",\"inLanguage\":\"pt-BR\",\"mainEntityOfPage\":{\"@id\":\"https:\\\/\\\/anoticiaonline.com.br\\\/site\\\/operacao-conjunta-prende-dois-por-assalto-a-posto-de-gasolina\\\/#webpage\"},\"isPartOf\":{\"@id\":\"https:\\\/\\\/anoticiaonline.com.br\\\/site\\\/operacao-conjunta-prende-dois-por-assalto-a-posto-de-gasolina\\\/#webpage\"},\"articleSection\":\"Regi\\u00e3o, Muria\\u00e9, opera\\u00e7\\u00e3o policial, pol\\u00edcia civil, pol\\u00edcia militar, slide\"},{\"@type\":\"BreadcrumbList\",\"@id\":\"https:\\\/\\\/anoticiaonline.com.br\\\/site\\\/operacao-conjunta-prende-dois-por-assalto-a-posto-de-gasolina\\\/#breadcrumblist\",\"itemListElement\":[{\"@type\":\"ListItem\",\"@id\":\"https:\\\/\\\/anoticiaonline.com.br\\\/site#listItem\",\"position\":1,\"name\":\"Home\",\"item\":\"https:\\\/\\\/anoticiaonline.com.br\\\/site\",\"nextItem\":{\"@type\":\"ListItem\",\"@id\":\"https:\\\/\\\/anoticiaonline.com.br\\\/site\\\/categoria\\\/regiao\\\/#listItem\",\"name\":\"Regi\\u00e3o\"}},{\"@type\":\"ListItem\",\"@id\":\"https:\\\/\\\/anoticiaonline.com.br\\\/site\\\/categoria\\\/regiao\\\/#listItem\",\"position\":2,\"name\":\"Regi\\u00e3o\",\"item\":\"https:\\\/\\\/anoticiaonline.com.br\\\/site\\\/categoria\\\/regiao\\\/\",\"nextItem\":{\"@type\":\"ListItem\",\"@id\":\"https:\\\/\\\/anoticiaonline.com.br\\\/site\\\/operacao-conjunta-prende-dois-por-assalto-a-posto-de-gasolina\\\/#listItem\",\"name\":\"Opera\\u00e7\\u00e3o conjunta prende dois por assalto a posto de gasolina\"},\"previousItem\":{\"@type\":\"ListItem\",\"@id\":\"https:\\\/\\\/anoticiaonline.com.br\\\/site#listItem\",\"name\":\"Home\"}},{\"@type\":\"ListItem\",\"@id\":\"https:\\\/\\\/anoticiaonline.com.br\\\/site\\\/operacao-conjunta-prende-dois-por-assalto-a-posto-de-gasolina\\\/#listItem\",\"position\":3,\"name\":\"Opera\\u00e7\\u00e3o conjunta prende dois por assalto a posto de gasolina\",\"previousItem\":{\"@type\":\"ListItem\",\"@id\":\"https:\\\/\\\/anoticiaonline.com.br\\\/site\\\/categoria\\\/regiao\\\/#listItem\",\"name\":\"Regi\\u00e3o\"}}]},{\"@type\":\"Organization\",\"@id\":\"https:\\\/\\\/anoticiaonline.com.br\\\/site\\\/#organization\",\"name\":\"A Not\\u00edcia Online\",\"description\":\"Noticias de Muria\\u00e9 e regi\\u00e3o\",\"url\":\"https:\\\/\\\/anoticiaonline.com.br\\\/site\\\/\",\"logo\":{\"@type\":\"ImageObject\",\"url\":\"https:\\\/\\\/scontent-gig4-1.xx.fbcdn.net\\\/v\\\/t39.30808-1\\\/270437624_4564083193639691_6907940295614233970_n.jpg?stp=dst-jpg_s200x200_tt6&_nc_cat=111&ccb=1-7&_nc_sid=f907e8&_nc_ohc=SM1wRlP3lJwQ7kNvwEPuBYA&_nc_oc=AdnqrjDN_BNjSSHWO-GbkIWH6fkGMLw4bqvL_NH6e2wMveX7G-rP2dAqsDSq1mJMOaY&_nc_zt=24&_nc_ht=scontent-gig4-1.xx&_nc_gid=AoBFJeGrT1hVaew_6rchkQ&oh=00_AfX7QmFGhQhG2jAllVgXCiM1ZrWgvtp80-Bfppyexh1QEg&oe=689E923C\",\"@id\":\"https:\\\/\\\/anoticiaonline.com.br\\\/site\\\/operacao-conjunta-prende-dois-por-assalto-a-posto-de-gasolina\\\/#organizationLogo\"},\"image\":{\"@id\":\"https:\\\/\\\/anoticiaonline.com.br\\\/site\\\/operacao-conjunta-prende-dois-por-assalto-a-posto-de-gasolina\\\/#organizationLogo\"}},{\"@type\":\"Person\",\"@id\":\"https:\\\/\\\/anoticiaonline.com.br\\\/site\\\/author\\\/juliana\\\/#author\",\"url\":\"https:\\\/\\\/anoticiaonline.com.br\\\/site\\\/author\\\/juliana\\\/\",\"name\":\"Juliana Laviola\",\"image\":{\"@type\":\"ImageObject\",\"@id\":\"https:\\\/\\\/anoticiaonline.com.br\\\/site\\\/operacao-conjunta-prende-dois-por-assalto-a-posto-de-gasolina\\\/#authorImage\",\"url\":\"https:\\\/\\\/secure.gravatar.com\\\/avatar\\\/b8d45f5c699b100dfaf0e543582f38f38bf94cb7ae3a5e9abf8d891a34773335?s=96&d=mm&r=g\",\"width\":96,\"height\":96,\"caption\":\"Juliana Laviola\"}},{\"@type\":\"WebPage\",\"@id\":\"https:\\\/\\\/anoticiaonline.com.br\\\/site\\\/operacao-conjunta-prende-dois-por-assalto-a-posto-de-gasolina\\\/#webpage\",\"url\":\"https:\\\/\\\/anoticiaonline.com.br\\\/site\\\/operacao-conjunta-prende-dois-por-assalto-a-posto-de-gasolina\\\/\",\"name\":\"Opera\\u00e7\\u00e3o conjunta prende dois por assalto a posto de gasolina - A Not\\u00edcia Online\",\"description\":\"Dois homens foram presos durante opera\\u00e7\\u00e3o conjunta deflagrada pelas pol\\u00edcias Civil e Militar em Muria\\u00e9 e em Carangola, ap\\u00f3s apura\\u00e7\\u00f5es do assalto ao posto de gasolina, ocorrido no in\\u00edcio de junho, em Pedra Dourada. Na ocasi\\u00e3o, minutos ap\\u00f3s o crime, os policiais conseguiram apreender a motocicleta, os capacetes e as blusas que teriam sido utilizadas\",\"inLanguage\":\"pt-BR\",\"isPartOf\":{\"@id\":\"https:\\\/\\\/anoticiaonline.com.br\\\/site\\\/#website\"},\"breadcrumb\":{\"@id\":\"https:\\\/\\\/anoticiaonline.com.br\\\/site\\\/operacao-conjunta-prende-dois-por-assalto-a-posto-de-gasolina\\\/#breadcrumblist\"},\"author\":{\"@id\":\"https:\\\/\\\/anoticiaonline.com.br\\\/site\\\/author\\\/juliana\\\/#author\"},\"creator\":{\"@id\":\"https:\\\/\\\/anoticiaonline.com.br\\\/site\\\/author\\\/juliana\\\/#author\"},\"image\":{\"@type\":\"ImageObject\",\"url\":\"https:\\\/\\\/anoticiaonline.com.br\\\/site\\\/wp-content\\\/uploads\\\/2017\\\/06\\\/Montagem.jpg\",\"@id\":\"https:\\\/\\\/anoticiaonline.com.br\\\/site\\\/operacao-conjunta-prende-dois-por-assalto-a-posto-de-gasolina\\\/#mainImage\",\"width\":640,\"height\":483},\"primaryImageOfPage\":{\"@id\":\"https:\\\/\\\/anoticiaonline.com.br\\\/site\\\/operacao-conjunta-prende-dois-por-assalto-a-posto-de-gasolina\\\/#mainImage\"},\"datePublished\":\"2017-06-20T17:44:26-03:00\",\"dateModified\":\"2017-06-22T19:16:57-03:00\"},{\"@type\":\"WebSite\",\"@id\":\"https:\\\/\\\/anoticiaonline.com.br\\\/site\\\/#website\",\"url\":\"https:\\\/\\\/anoticiaonline.com.br\\\/site\\\/\",\"name\":\"A Not\\u00edcia Online\",\"description\":\"Noticias de Muria\\u00e9 e regi\\u00e3o\",\"inLanguage\":\"pt-BR\",\"publisher\":{\"@id\":\"https:\\\/\\\/anoticiaonline.com.br\\\/site\\\/#organization\"}}]}\n\t\t<\/script>\n\t\t<!-- All in One SEO -->\n\n","aioseo_head_json":{"title":"Opera\u00e7\u00e3o conjunta prende dois por assalto a posto de gasolina - A Not\u00edcia Online","description":"Dois homens foram presos durante opera\u00e7\u00e3o conjunta deflagrada pelas pol\u00edcias Civil e Militar em Muria\u00e9 e em Carangola, ap\u00f3s apura\u00e7\u00f5es do assalto ao posto de gasolina, ocorrido no in\u00edcio de junho, em Pedra Dourada. Na ocasi\u00e3o, minutos ap\u00f3s o crime, os policiais conseguiram apreender a motocicleta, os capacetes e as blusas que teriam sido utilizadas","canonical_url":"https:\/\/anoticiaonline.com.br\/site\/operacao-conjunta-prende-dois-por-assalto-a-posto-de-gasolina\/","robots":"max-image-preview:large","keywords":"","webmasterTools":{"miscellaneous":""},"schema":{"@context":"https:\/\/schema.org","@graph":[{"@type":"BlogPosting","@id":"https:\/\/anoticiaonline.com.br\/site\/operacao-conjunta-prende-dois-por-assalto-a-posto-de-gasolina\/#blogposting","name":"Opera\u00e7\u00e3o conjunta prende dois por assalto a posto de gasolina - A Not\u00edcia Online","headline":"Opera\u00e7\u00e3o conjunta prende dois por assalto a posto de gasolina","author":{"@id":"https:\/\/anoticiaonline.com.br\/site\/author\/juliana\/#author"},"publisher":{"@id":"https:\/\/anoticiaonline.com.br\/site\/#organization"},"image":{"@type":"ImageObject","url":"https:\/\/anoticiaonline.com.br\/site\/wp-content\/uploads\/2017\/06\/Montagem.jpg","width":640,"height":483},"datePublished":"2017-06-20T17:44:26-03:00","dateModified":"2017-06-22T19:16:57-03:00","inLanguage":"pt-BR","mainEntityOfPage":{"@id":"https:\/\/anoticiaonline.com.br\/site\/operacao-conjunta-prende-dois-por-assalto-a-posto-de-gasolina\/#webpage"},"isPartOf":{"@id":"https:\/\/anoticiaonline.com.br\/site\/operacao-conjunta-prende-dois-por-assalto-a-posto-de-gasolina\/#webpage"},"articleSection":"Regi\u00e3o, Muria\u00e9, opera\u00e7\u00e3o policial, pol\u00edcia civil, pol\u00edcia militar, slide"},{"@type":"BreadcrumbList","@id":"https:\/\/anoticiaonline.com.br\/site\/operacao-conjunta-prende-dois-por-assalto-a-posto-de-gasolina\/#breadcrumblist","itemListElement":[{"@type":"ListItem","@id":"https:\/\/anoticiaonline.com.br\/site#listItem","position":1,"name":"Home","item":"https:\/\/anoticiaonline.com.br\/site","nextItem":{"@type":"ListItem","@id":"https:\/\/anoticiaonline.com.br\/site\/categoria\/regiao\/#listItem","name":"Regi\u00e3o"}},{"@type":"ListItem","@id":"https:\/\/anoticiaonline.com.br\/site\/categoria\/regiao\/#listItem","position":2,"name":"Regi\u00e3o","item":"https:\/\/anoticiaonline.com.br\/site\/categoria\/regiao\/","nextItem":{"@type":"ListItem","@id":"https:\/\/anoticiaonline.com.br\/site\/operacao-conjunta-prende-dois-por-assalto-a-posto-de-gasolina\/#listItem","name":"Opera\u00e7\u00e3o conjunta prende dois por assalto a posto de gasolina"},"previousItem":{"@type":"ListItem","@id":"https:\/\/anoticiaonline.com.br\/site#listItem","name":"Home"}},{"@type":"ListItem","@id":"https:\/\/anoticiaonline.com.br\/site\/operacao-conjunta-prende-dois-por-assalto-a-posto-de-gasolina\/#listItem","position":3,"name":"Opera\u00e7\u00e3o conjunta prende dois por assalto a posto de gasolina","previousItem":{"@type":"ListItem","@id":"https:\/\/anoticiaonline.com.br\/site\/categoria\/regiao\/#listItem","name":"Regi\u00e3o"}}]},{"@type":"Organization","@id":"https:\/\/anoticiaonline.com.br\/site\/#organization","name":"A Not\u00edcia Online","description":"Noticias de Muria\u00e9 e regi\u00e3o","url":"https:\/\/anoticiaonline.com.br\/site\/","logo":{"@type":"ImageObject","url":"https:\/\/scontent-gig4-1.xx.fbcdn.net\/v\/t39.30808-1\/270437624_4564083193639691_6907940295614233970_n.jpg?stp=dst-jpg_s200x200_tt6&_nc_cat=111&ccb=1-7&_nc_sid=f907e8&_nc_ohc=SM1wRlP3lJwQ7kNvwEPuBYA&_nc_oc=AdnqrjDN_BNjSSHWO-GbkIWH6fkGMLw4bqvL_NH6e2wMveX7G-rP2dAqsDSq1mJMOaY&_nc_zt=24&_nc_ht=scontent-gig4-1.xx&_nc_gid=AoBFJeGrT1hVaew_6rchkQ&oh=00_AfX7QmFGhQhG2jAllVgXCiM1ZrWgvtp80-Bfppyexh1QEg&oe=689E923C","@id":"https:\/\/anoticiaonline.com.br\/site\/operacao-conjunta-prende-dois-por-assalto-a-posto-de-gasolina\/#organizationLogo"},"image":{"@id":"https:\/\/anoticiaonline.com.br\/site\/operacao-conjunta-prende-dois-por-assalto-a-posto-de-gasolina\/#organizationLogo"}},{"@type":"Person","@id":"https:\/\/anoticiaonline.com.br\/site\/author\/juliana\/#author","url":"https:\/\/anoticiaonline.com.br\/site\/author\/juliana\/","name":"Juliana Laviola","image":{"@type":"ImageObject","@id":"https:\/\/anoticiaonline.com.br\/site\/operacao-conjunta-prende-dois-por-assalto-a-posto-de-gasolina\/#authorImage","url":"https:\/\/secure.gravatar.com\/avatar\/b8d45f5c699b100dfaf0e543582f38f38bf94cb7ae3a5e9abf8d891a34773335?s=96&d=mm&r=g","width":96,"height":96,"caption":"Juliana Laviola"}},{"@type":"WebPage","@id":"https:\/\/anoticiaonline.com.br\/site\/operacao-conjunta-prende-dois-por-assalto-a-posto-de-gasolina\/#webpage","url":"https:\/\/anoticiaonline.com.br\/site\/operacao-conjunta-prende-dois-por-assalto-a-posto-de-gasolina\/","name":"Opera\u00e7\u00e3o conjunta prende dois por assalto a posto de gasolina - A Not\u00edcia Online","description":"Dois homens foram presos durante opera\u00e7\u00e3o conjunta deflagrada pelas pol\u00edcias Civil e Militar em Muria\u00e9 e em Carangola, ap\u00f3s apura\u00e7\u00f5es do assalto ao posto de gasolina, ocorrido no in\u00edcio de junho, em Pedra Dourada. Na ocasi\u00e3o, minutos ap\u00f3s o crime, os policiais conseguiram apreender a motocicleta, os capacetes e as blusas que teriam sido utilizadas","inLanguage":"pt-BR","isPartOf":{"@id":"https:\/\/anoticiaonline.com.br\/site\/#website"},"breadcrumb":{"@id":"https:\/\/anoticiaonline.com.br\/site\/operacao-conjunta-prende-dois-por-assalto-a-posto-de-gasolina\/#breadcrumblist"},"author":{"@id":"https:\/\/anoticiaonline.com.br\/site\/author\/juliana\/#author"},"creator":{"@id":"https:\/\/anoticiaonline.com.br\/site\/author\/juliana\/#author"},"image":{"@type":"ImageObject","url":"https:\/\/anoticiaonline.com.br\/site\/wp-content\/uploads\/2017\/06\/Montagem.jpg","@id":"https:\/\/anoticiaonline.com.br\/site\/operacao-conjunta-prende-dois-por-assalto-a-posto-de-gasolina\/#mainImage","width":640,"height":483},"primaryImageOfPage":{"@id":"https:\/\/anoticiaonline.com.br\/site\/operacao-conjunta-prende-dois-por-assalto-a-posto-de-gasolina\/#mainImage"},"datePublished":"2017-06-20T17:44:26-03:00","dateModified":"2017-06-22T19:16:57-03:00"},{"@type":"WebSite","@id":"https:\/\/anoticiaonline.com.br\/site\/#website","url":"https:\/\/anoticiaonline.com.br\/site\/","name":"A Not\u00edcia Online","description":"Noticias de Muria\u00e9 e regi\u00e3o","inLanguage":"pt-BR","publisher":{"@id":"https:\/\/anoticiaonline.com.br\/site\/#organization"}}]},"og:locale":"pt_BR","og:site_name":"A Not\u00edcia Online - Noticias de Muria\u00e9 e regi\u00e3o","og:type":"article","og:title":"Opera\u00e7\u00e3o conjunta prende dois por assalto a posto de gasolina - A Not\u00edcia Online","og:description":"Dois homens foram presos durante opera\u00e7\u00e3o conjunta deflagrada pelas pol\u00edcias Civil e Militar em Muria\u00e9 e em Carangola, ap\u00f3s apura\u00e7\u00f5es do assalto ao posto de gasolina, ocorrido no in\u00edcio de junho, em Pedra Dourada. Na ocasi\u00e3o, minutos ap\u00f3s o crime, os policiais conseguiram apreender a motocicleta, os capacetes e as blusas que teriam sido utilizadas","og:url":"https:\/\/anoticiaonline.com.br\/site\/operacao-conjunta-prende-dois-por-assalto-a-posto-de-gasolina\/","og:image":"https:\/\/scontent-gig4-1.xx.fbcdn.net\/v\/t39.30808-1\/270437624_4564083193639691_6907940295614233970_n.jpg?stp=dst-jpg_s200x200_tt6&#038;_nc_cat=111&#038;ccb=1-7&#038;_nc_sid=f907e8&#038;_nc_ohc=SM1wRlP3lJwQ7kNvwEPuBYA&#038;_nc_oc=AdnqrjDN_BNjSSHWO-GbkIWH6fkGMLw4bqvL_NH6e2wMveX7G-rP2dAqsDSq1mJMOaY&#038;_nc_zt=24&#038;_nc_ht=scontent-gig4-1.xx&#038;_nc_gid=AoBFJeGrT1hVaew_6rchkQ&#038;oh=00_AfX7QmFGhQhG2jAllVgXCiM1ZrWgvtp80-Bfppyexh1QEg&#038;oe=689E923C","og:image:secure_url":"https:\/\/scontent-gig4-1.xx.fbcdn.net\/v\/t39.30808-1\/270437624_4564083193639691_6907940295614233970_n.jpg?stp=dst-jpg_s200x200_tt6&#038;_nc_cat=111&#038;ccb=1-7&#038;_nc_sid=f907e8&#038;_nc_ohc=SM1wRlP3lJwQ7kNvwEPuBYA&#038;_nc_oc=AdnqrjDN_BNjSSHWO-GbkIWH6fkGMLw4bqvL_NH6e2wMveX7G-rP2dAqsDSq1mJMOaY&#038;_nc_zt=24&#038;_nc_ht=scontent-gig4-1.xx&#038;_nc_gid=AoBFJeGrT1hVaew_6rchkQ&#038;oh=00_AfX7QmFGhQhG2jAllVgXCiM1ZrWgvtp80-Bfppyexh1QEg&#038;oe=689E923C","article:published_time":"2017-06-20T20:44:26+00:00","article:modified_time":"2017-06-22T22:16:57+00:00","twitter:card":"summary_large_image","twitter:title":"Opera\u00e7\u00e3o conjunta prende dois por assalto a posto de gasolina - A Not\u00edcia Online","twitter:description":"Dois homens foram presos durante opera\u00e7\u00e3o conjunta deflagrada pelas pol\u00edcias Civil e Militar em Muria\u00e9 e em Carangola, ap\u00f3s apura\u00e7\u00f5es do assalto ao posto de gasolina, ocorrido no in\u00edcio de junho, em Pedra Dourada. Na ocasi\u00e3o, minutos ap\u00f3s o crime, os policiais conseguiram apreender a motocicleta, os capacetes e as blusas que teriam sido utilizadas","twitter:image":"https:\/\/scontent-gig4-1.xx.fbcdn.net\/v\/t39.30808-1\/270437624_4564083193639691_6907940295614233970_n.jpg?stp=dst-jpg_s200x200_tt6&_nc_cat=111&ccb=1-7&_nc_sid=f907e8&_nc_ohc=SM1wRlP3lJwQ7kNvwEPuBYA&_nc_oc=AdnqrjDN_BNjSSHWO-GbkIWH6fkGMLw4bqvL_NH6e2wMveX7G-rP2dAqsDSq1mJMOaY&_nc_zt=24&_nc_ht=scontent-gig4-1.xx&_nc_gid=AoBFJeGrT1hVaew_6rchkQ&oh=00_AfX7QmFGhQhG2jAllVgXCiM1ZrWgvtp80-Bfppyexh1QEg&oe=689E923C"},"aioseo_meta_data":{"post_id":"32847","title":null,"description":null,"keywords":null,"keyphrases":null,"primary_term":null,"canonical_url":null,"og_title":null,"og_description":null,"og_object_type":"default","og_image_type":"default","og_image_url":null,"og_image_width":null,"og_image_height":null,"og_image_custom_url":null,"og_image_custom_fields":null,"og_video":null,"og_custom_url":null,"og_article_section":null,"og_article_tags":null,"twitter_use_og":false,"twitter_card":"default","twitter_image_type":"default","twitter_image_url":null,"twitter_image_custom_url":null,"twitter_image_custom_fields":null,"twitter_title":null,"twitter_description":null,"schema":{"blockGraphs":[],"customGraphs":[],"default":{"data":{"Article":[],"Course":[],"Dataset":[],"FAQPage":[],"Movie":[],"Person":[],"Product":[],"ProductReview":[],"Car":[],"Recipe":[],"Service":[],"SoftwareApplication":[],"WebPage":[]},"graphName":"","isEnabled":true},"graphs":[]},"schema_type":"default","schema_type_options":null,"pillar_content":false,"robots_default":true,"robots_noindex":false,"robots_noarchive":false,"robots_nosnippet":false,"robots_nofollow":false,"robots_noimageindex":false,"robots_noodp":false,"robots_notranslate":false,"robots_max_snippet":null,"robots_max_videopreview":null,"robots_max_imagepreview":"large","priority":null,"frequency":null,"local_seo":null,"breadcrumb_settings":null,"limit_modified_date":false,"ai":null,"created":"2025-08-16 18:41:19","updated":"2025-08-16 18:41:19","focus_keyword":null,"additional_keywords":null,"truseo_locale":null,"seo_analyzer_scan_date":null},"aioseo_breadcrumb":"<div class=\"aioseo-breadcrumbs\"><span class=\"aioseo-breadcrumb\">\n\t\t\t<a href=\"https:\/\/anoticiaonline.com.br\/site\" title=\"Home\">Home<\/a>\n\t\t<\/span><span class=\"aioseo-breadcrumb-separator\">&raquo;<\/span><span class=\"aioseo-breadcrumb\">\n\t\t\t<a href=\"https:\/\/anoticiaonline.com.br\/site\/categoria\/regiao\/\" title=\"Regi\u00e3o\">Regi\u00e3o<\/a>\n\t\t<\/span><span class=\"aioseo-breadcrumb-separator\">&raquo;<\/span><span class=\"aioseo-breadcrumb\">\n\t\t\tOpera\u00e7\u00e3o conjunta prende dois por assalto a posto de gasolina\n\t\t<\/span><\/div>","aioseo_breadcrumb_json":[{"label":"Home","link":"https:\/\/anoticiaonline.com.br\/site"},{"label":"Regi\u00e3o","link":"https:\/\/anoticiaonline.com.br\/site\/categoria\/regiao\/"},{"label":"Opera\u00e7\u00e3o conjunta prende dois por assalto a posto de gasolina","link":"https:\/\/anoticiaonline.com.br\/site\/operacao-conjunta-prende-dois-por-assalto-a-posto-de-gasolina\/"}],"views":150,"_links":{"self":[{"href":"https:\/\/anoticiaonline.com.br\/site\/wp-json\/wp\/v2\/posts\/32847","targetHints":{"allow":["GET"]}}],"collection":[{"href":"https:\/\/anoticiaonline.com.br\/site\/wp-json\/wp\/v2\/posts"}],"about":[{"href":"https:\/\/anoticiaonline.com.br\/site\/wp-json\/wp\/v2\/types\/post"}],"author":[{"embeddable":true,"href":"https:\/\/anoticiaonline.com.br\/site\/wp-json\/wp\/v2\/users\/2"}],"replies":[{"embeddable":true,"href":"https:\/\/anoticiaonline.com.br\/site\/wp-json\/wp\/v2\/comments?post=32847"}],"version-history":[{"count":0,"href":"https:\/\/anoticiaonline.com.br\/site\/wp-json\/wp\/v2\/posts\/32847\/revisions"}],"wp:featuredmedia":[{"embeddable":true,"href":"https:\/\/anoticiaonline.com.br\/site\/wp-json\/wp\/v2\/media\/32848"}],"wp:attachment":[{"href":"https:\/\/anoticiaonline.com.br\/site\/wp-json\/wp\/v2\/media?parent=32847"}],"wp:term":[{"taxonomy":"category","embeddable":true,"href":"https:\/\/anoticiaonline.com.br\/site\/wp-json\/wp\/v2\/categories?post=32847"},{"taxonomy":"post_tag","embeddable":true,"href":"https:\/\/anoticiaonline.com.br\/site\/wp-json\/wp\/v2\/tags?post=32847"}],"curies":[{"name":"wp","href":"https:\/\/api.w.org\/{rel}","templated":true}]}}