{"id":32840,"date":"2017-06-20T09:52:57","date_gmt":"2017-06-20T12:52:57","guid":{"rendered":"http:\/\/anoticiaonline.com.br\/site\/?p=32840"},"modified":"2017-06-22T19:17:21","modified_gmt":"2017-06-22T22:17:21","slug":"muriae-recebe-2a-edicao-do-food-truck-em-julho","status":"publish","type":"post","link":"https:\/\/anoticiaonline.com.br\/site\/muriae-recebe-2a-edicao-do-food-truck-em-julho\/","title":{"rendered":"Muria\u00e9 recebe 2\u00aa edi\u00e7\u00e3o do Food Truck em julho"},"content":{"rendered":"<figure id=\"attachment_32841\" aria-describedby=\"caption-attachment-32841\" style=\"width: 290px\" class=\"wp-caption alignleft\"><a href=\"https:\/\/anoticiaonline.com.br\/site\/wp-content\/uploads\/2017\/06\/02-Food-Trucks.jpg\"><img fetchpriority=\"high\" decoding=\"async\" class=\"size-medium wp-image-32841\" src=\"https:\/\/anoticiaonline.com.br\/site\/wp-content\/uploads\/2017\/06\/02-Food-Trucks-300x200.jpg\" alt=\"\" width=\"300\" height=\"200\" srcset=\"https:\/\/anoticiaonline.com.br\/site\/wp-content\/uploads\/2017\/06\/02-Food-Trucks-300x200.jpg 300w, https:\/\/anoticiaonline.com.br\/site\/wp-content\/uploads\/2017\/06\/02-Food-Trucks.jpg 640w\" sizes=\"(max-width: 300px) 100vw, 300px\" \/><\/a><figcaption id=\"caption-attachment-32841\" class=\"wp-caption-text\">Primeira edi\u00e7\u00e3o aconteceu em mar\u00e7o, na Pra\u00e7a Coronel Pacheco de Medeiros, Centro<\/figcaption><\/figure>\n<p>O melhor do food truck est\u00e1 de volta a Muria\u00e9. Nos dias 7, 8 e 9 de julho, o Food Truck Itinerante desembarca pela segunda vez na cidade \u2013 desta vez, na Rua Rodrigo de Castro, no bairro S\u00e3o Francisco.<\/p>\n<p>O evento contar\u00e1 com a participa\u00e7\u00e3o de novos trucks e bikes de todo pa\u00eds, representando o melhor da gastronomia de rua. A m\u00fasica fica por conta do Rock Binha.<\/p>\n<p>&nbsp;<\/p>\n<p>&nbsp;<\/p>\n<p>&nbsp;<\/p>\n<p><strong>HOR\u00c1RIO:<\/strong><\/p>\n<p><strong>Sexta-feira:<\/strong> de 17h \u00e0s 22h;<br \/>\n<strong>S\u00e1bado e domingo:<\/strong> de 12h \u00e0s 22h.<br \/>\nA venda de fichas ser\u00e1 feita at\u00e9 \u00e0s 21h.<\/p>\n<p>&nbsp;<\/p>\n","protected":false},"excerpt":{"rendered":"<p>O melhor do food truck est\u00e1 de volta a Muria\u00e9. Nos dias 7, 8 e 9 de julho, o Food Truck Itinerante desembarca pela segunda vez na cidade \u2013 desta vez, na Rua Rodrigo de Castro, no bairro S\u00e3o Francisco. O evento contar\u00e1 com a participa\u00e7\u00e3o de novos trucks e bikes de todo pa\u00eds, representando &#8230; <a title=\"Muria\u00e9 recebe 2\u00aa edi\u00e7\u00e3o do Food Truck em julho\" class=\"read-more\" href=\"https:\/\/anoticiaonline.com.br\/site\/muriae-recebe-2a-edicao-do-food-truck-em-julho\/\" aria-label=\"Read more about Muria\u00e9 recebe 2\u00aa edi\u00e7\u00e3o do Food Truck em julho\">Ler mais<\/a><\/p>\n","protected":false},"author":2,"featured_media":32841,"comment_status":"open","ping_status":"open","sticky":false,"template":"","format":"standard","meta":{"_acf_changed":false,"_monsterinsights_skip_tracking":false,"footnotes":""},"categories":[24],"tags":[97,66,74,3],"class_list":["post-32840","post","type-post","status-publish","format-standard","has-post-thumbnail","hentry","category-eventos","tag-food-truck","tag-fundarte","tag-muriae","tag-slide"],"acf":[],"aioseo_notices":[],"aioseo_head":"\n\t\t<!-- All in One SEO 5.0.0.1 - aioseo.com -->\n\t<meta name=\"description\" content=\"O melhor do food truck est\u00e1 de volta a Muria\u00e9. Nos dias 7, 8 e 9 de julho, o Food Truck Itinerante desembarca pela segunda vez na cidade \u2013 desta vez, na Rua Rodrigo de Castro, no bairro S\u00e3o Francisco. O evento contar\u00e1 com a participa\u00e7\u00e3o de novos trucks e bikes de todo pa\u00eds, representando\" \/>\n\t<meta name=\"robots\" content=\"max-image-preview:large\" \/>\n\t<meta name=\"author\" content=\"Juliana Laviola\"\/>\n\t<link rel=\"canonical\" href=\"https:\/\/anoticiaonline.com.br\/site\/muriae-recebe-2a-edicao-do-food-truck-em-julho\/\" \/>\n\t<meta name=\"generator\" content=\"All in One SEO (AIOSEO) 5.0.0.1\" \/>\n\t\t<meta property=\"og:locale\" content=\"pt_BR\" \/>\n\t\t<meta property=\"og:site_name\" content=\"A Not\u00edcia Online - Noticias de Muria\u00e9 e regi\u00e3o\" \/>\n\t\t<meta property=\"og:type\" content=\"article\" \/>\n\t\t<meta property=\"og:title\" content=\"Muria\u00e9 recebe 2\u00aa edi\u00e7\u00e3o do Food Truck em julho - A Not\u00edcia Online\" \/>\n\t\t<meta property=\"og:description\" content=\"O melhor do food truck est\u00e1 de volta a Muria\u00e9. Nos dias 7, 8 e 9 de julho, o Food Truck Itinerante desembarca pela segunda vez na cidade \u2013 desta vez, na Rua Rodrigo de Castro, no bairro S\u00e3o Francisco. O evento contar\u00e1 com a participa\u00e7\u00e3o de novos trucks e bikes de todo pa\u00eds, representando\" \/>\n\t\t<meta property=\"og:url\" content=\"https:\/\/anoticiaonline.com.br\/site\/muriae-recebe-2a-edicao-do-food-truck-em-julho\/\" \/>\n\t\t<meta property=\"og:image\" content=\"https:\/\/scontent-gig4-1.xx.fbcdn.net\/v\/t39.30808-1\/270437624_4564083193639691_6907940295614233970_n.jpg?stp=dst-jpg_s200x200_tt6&#038;_nc_cat=111&#038;ccb=1-7&#038;_nc_sid=f907e8&#038;_nc_ohc=SM1wRlP3lJwQ7kNvwEPuBYA&#038;_nc_oc=AdnqrjDN_BNjSSHWO-GbkIWH6fkGMLw4bqvL_NH6e2wMveX7G-rP2dAqsDSq1mJMOaY&#038;_nc_zt=24&#038;_nc_ht=scontent-gig4-1.xx&#038;_nc_gid=AoBFJeGrT1hVaew_6rchkQ&#038;oh=00_AfX7QmFGhQhG2jAllVgXCiM1ZrWgvtp80-Bfppyexh1QEg&#038;oe=689E923C\" \/>\n\t\t<meta property=\"og:image:secure_url\" content=\"https:\/\/scontent-gig4-1.xx.fbcdn.net\/v\/t39.30808-1\/270437624_4564083193639691_6907940295614233970_n.jpg?stp=dst-jpg_s200x200_tt6&#038;_nc_cat=111&#038;ccb=1-7&#038;_nc_sid=f907e8&#038;_nc_ohc=SM1wRlP3lJwQ7kNvwEPuBYA&#038;_nc_oc=AdnqrjDN_BNjSSHWO-GbkIWH6fkGMLw4bqvL_NH6e2wMveX7G-rP2dAqsDSq1mJMOaY&#038;_nc_zt=24&#038;_nc_ht=scontent-gig4-1.xx&#038;_nc_gid=AoBFJeGrT1hVaew_6rchkQ&#038;oh=00_AfX7QmFGhQhG2jAllVgXCiM1ZrWgvtp80-Bfppyexh1QEg&#038;oe=689E923C\" \/>\n\t\t<meta property=\"article:published_time\" content=\"2017-06-20T12:52:57+00:00\" \/>\n\t\t<meta property=\"article:modified_time\" content=\"2017-06-22T22:17:21+00:00\" \/>\n\t\t<meta name=\"twitter:card\" content=\"summary_large_image\" \/>\n\t\t<meta name=\"twitter:title\" content=\"Muria\u00e9 recebe 2\u00aa edi\u00e7\u00e3o do Food Truck em julho - A Not\u00edcia Online\" \/>\n\t\t<meta name=\"twitter:description\" content=\"O melhor do food truck est\u00e1 de volta a Muria\u00e9. Nos dias 7, 8 e 9 de julho, o Food Truck Itinerante desembarca pela segunda vez na cidade \u2013 desta vez, na Rua Rodrigo de Castro, no bairro S\u00e3o Francisco. O evento contar\u00e1 com a participa\u00e7\u00e3o de novos trucks e bikes de todo pa\u00eds, representando\" \/>\n\t\t<meta name=\"twitter:image\" content=\"https:\/\/scontent-gig4-1.xx.fbcdn.net\/v\/t39.30808-1\/270437624_4564083193639691_6907940295614233970_n.jpg?stp=dst-jpg_s200x200_tt6&amp;_nc_cat=111&amp;ccb=1-7&amp;_nc_sid=f907e8&amp;_nc_ohc=SM1wRlP3lJwQ7kNvwEPuBYA&amp;_nc_oc=AdnqrjDN_BNjSSHWO-GbkIWH6fkGMLw4bqvL_NH6e2wMveX7G-rP2dAqsDSq1mJMOaY&amp;_nc_zt=24&amp;_nc_ht=scontent-gig4-1.xx&amp;_nc_gid=AoBFJeGrT1hVaew_6rchkQ&amp;oh=00_AfX7QmFGhQhG2jAllVgXCiM1ZrWgvtp80-Bfppyexh1QEg&amp;oe=689E923C\" \/>\n\t\t<script type=\"application\/ld+json\" class=\"aioseo-schema\">\n\t\t\t{\"@context\":\"https:\\\/\\\/schema.org\",\"@graph\":[{\"@type\":\"BlogPosting\",\"@id\":\"https:\\\/\\\/anoticiaonline.com.br\\\/site\\\/muriae-recebe-2a-edicao-do-food-truck-em-julho\\\/#blogposting\",\"name\":\"Muria\\u00e9 recebe 2\\u00aa edi\\u00e7\\u00e3o do Food Truck em julho - A Not\\u00edcia Online\",\"headline\":\"Muria\\u00e9 recebe 2\\u00aa edi\\u00e7\\u00e3o do Food Truck em julho\",\"author\":{\"@id\":\"https:\\\/\\\/anoticiaonline.com.br\\\/site\\\/author\\\/juliana\\\/#author\"},\"publisher\":{\"@id\":\"https:\\\/\\\/anoticiaonline.com.br\\\/site\\\/#organization\"},\"image\":{\"@type\":\"ImageObject\",\"url\":\"https:\\\/\\\/anoticiaonline.com.br\\\/site\\\/wp-content\\\/uploads\\\/2017\\\/06\\\/02-Food-Trucks.jpg\",\"width\":640,\"height\":426,\"caption\":\"Primeira edi\\u00e7\\u00e3o aconteceu em mar\\u00e7o, na Pra\\u00e7a Coronel Pacheco de Medeiros, Centro\"},\"datePublished\":\"2017-06-20T09:52:57-03:00\",\"dateModified\":\"2017-06-22T19:17:21-03:00\",\"inLanguage\":\"pt-BR\",\"mainEntityOfPage\":{\"@id\":\"https:\\\/\\\/anoticiaonline.com.br\\\/site\\\/muriae-recebe-2a-edicao-do-food-truck-em-julho\\\/#webpage\"},\"isPartOf\":{\"@id\":\"https:\\\/\\\/anoticiaonline.com.br\\\/site\\\/muriae-recebe-2a-edicao-do-food-truck-em-julho\\\/#webpage\"},\"articleSection\":\"Eventos, food truck, Fundarte, Muria\\u00e9, slide\"},{\"@type\":\"BreadcrumbList\",\"@id\":\"https:\\\/\\\/anoticiaonline.com.br\\\/site\\\/muriae-recebe-2a-edicao-do-food-truck-em-julho\\\/#breadcrumblist\",\"itemListElement\":[{\"@type\":\"ListItem\",\"@id\":\"https:\\\/\\\/anoticiaonline.com.br\\\/site#listItem\",\"position\":1,\"name\":\"Home\",\"item\":\"https:\\\/\\\/anoticiaonline.com.br\\\/site\",\"nextItem\":{\"@type\":\"ListItem\",\"@id\":\"https:\\\/\\\/anoticiaonline.com.br\\\/site\\\/categoria\\\/eventos\\\/#listItem\",\"name\":\"Eventos\"}},{\"@type\":\"ListItem\",\"@id\":\"https:\\\/\\\/anoticiaonline.com.br\\\/site\\\/categoria\\\/eventos\\\/#listItem\",\"position\":2,\"name\":\"Eventos\",\"item\":\"https:\\\/\\\/anoticiaonline.com.br\\\/site\\\/categoria\\\/eventos\\\/\",\"nextItem\":{\"@type\":\"ListItem\",\"@id\":\"https:\\\/\\\/anoticiaonline.com.br\\\/site\\\/muriae-recebe-2a-edicao-do-food-truck-em-julho\\\/#listItem\",\"name\":\"Muria\\u00e9 recebe 2\\u00aa edi\\u00e7\\u00e3o do Food Truck em julho\"},\"previousItem\":{\"@type\":\"ListItem\",\"@id\":\"https:\\\/\\\/anoticiaonline.com.br\\\/site#listItem\",\"name\":\"Home\"}},{\"@type\":\"ListItem\",\"@id\":\"https:\\\/\\\/anoticiaonline.com.br\\\/site\\\/muriae-recebe-2a-edicao-do-food-truck-em-julho\\\/#listItem\",\"position\":3,\"name\":\"Muria\\u00e9 recebe 2\\u00aa edi\\u00e7\\u00e3o do Food Truck em julho\",\"previousItem\":{\"@type\":\"ListItem\",\"@id\":\"https:\\\/\\\/anoticiaonline.com.br\\\/site\\\/categoria\\\/eventos\\\/#listItem\",\"name\":\"Eventos\"}}]},{\"@type\":\"Organization\",\"@id\":\"https:\\\/\\\/anoticiaonline.com.br\\\/site\\\/#organization\",\"name\":\"A Not\\u00edcia Online\",\"description\":\"Noticias de Muria\\u00e9 e regi\\u00e3o\",\"url\":\"https:\\\/\\\/anoticiaonline.com.br\\\/site\\\/\",\"logo\":{\"@type\":\"ImageObject\",\"url\":\"https:\\\/\\\/scontent-gig4-1.xx.fbcdn.net\\\/v\\\/t39.30808-1\\\/270437624_4564083193639691_6907940295614233970_n.jpg?stp=dst-jpg_s200x200_tt6&_nc_cat=111&ccb=1-7&_nc_sid=f907e8&_nc_ohc=SM1wRlP3lJwQ7kNvwEPuBYA&_nc_oc=AdnqrjDN_BNjSSHWO-GbkIWH6fkGMLw4bqvL_NH6e2wMveX7G-rP2dAqsDSq1mJMOaY&_nc_zt=24&_nc_ht=scontent-gig4-1.xx&_nc_gid=AoBFJeGrT1hVaew_6rchkQ&oh=00_AfX7QmFGhQhG2jAllVgXCiM1ZrWgvtp80-Bfppyexh1QEg&oe=689E923C\",\"@id\":\"https:\\\/\\\/anoticiaonline.com.br\\\/site\\\/muriae-recebe-2a-edicao-do-food-truck-em-julho\\\/#organizationLogo\"},\"image\":{\"@id\":\"https:\\\/\\\/anoticiaonline.com.br\\\/site\\\/muriae-recebe-2a-edicao-do-food-truck-em-julho\\\/#organizationLogo\"}},{\"@type\":\"Person\",\"@id\":\"https:\\\/\\\/anoticiaonline.com.br\\\/site\\\/author\\\/juliana\\\/#author\",\"url\":\"https:\\\/\\\/anoticiaonline.com.br\\\/site\\\/author\\\/juliana\\\/\",\"name\":\"Juliana Laviola\",\"image\":{\"@type\":\"ImageObject\",\"@id\":\"https:\\\/\\\/anoticiaonline.com.br\\\/site\\\/muriae-recebe-2a-edicao-do-food-truck-em-julho\\\/#authorImage\",\"url\":\"https:\\\/\\\/secure.gravatar.com\\\/avatar\\\/b8d45f5c699b100dfaf0e543582f38f38bf94cb7ae3a5e9abf8d891a34773335?s=96&d=mm&r=g\",\"width\":96,\"height\":96,\"caption\":\"Juliana Laviola\"}},{\"@type\":\"WebPage\",\"@id\":\"https:\\\/\\\/anoticiaonline.com.br\\\/site\\\/muriae-recebe-2a-edicao-do-food-truck-em-julho\\\/#webpage\",\"url\":\"https:\\\/\\\/anoticiaonline.com.br\\\/site\\\/muriae-recebe-2a-edicao-do-food-truck-em-julho\\\/\",\"name\":\"Muria\\u00e9 recebe 2\\u00aa edi\\u00e7\\u00e3o do Food Truck em julho - A Not\\u00edcia Online\",\"description\":\"O melhor do food truck est\\u00e1 de volta a Muria\\u00e9. Nos dias 7, 8 e 9 de julho, o Food Truck Itinerante desembarca pela segunda vez na cidade \\u2013 desta vez, na Rua Rodrigo de Castro, no bairro S\\u00e3o Francisco. O evento contar\\u00e1 com a participa\\u00e7\\u00e3o de novos trucks e bikes de todo pa\\u00eds, representando\",\"inLanguage\":\"pt-BR\",\"isPartOf\":{\"@id\":\"https:\\\/\\\/anoticiaonline.com.br\\\/site\\\/#website\"},\"breadcrumb\":{\"@id\":\"https:\\\/\\\/anoticiaonline.com.br\\\/site\\\/muriae-recebe-2a-edicao-do-food-truck-em-julho\\\/#breadcrumblist\"},\"author\":{\"@id\":\"https:\\\/\\\/anoticiaonline.com.br\\\/site\\\/author\\\/juliana\\\/#author\"},\"creator\":{\"@id\":\"https:\\\/\\\/anoticiaonline.com.br\\\/site\\\/author\\\/juliana\\\/#author\"},\"image\":{\"@type\":\"ImageObject\",\"url\":\"https:\\\/\\\/anoticiaonline.com.br\\\/site\\\/wp-content\\\/uploads\\\/2017\\\/06\\\/02-Food-Trucks.jpg\",\"@id\":\"https:\\\/\\\/anoticiaonline.com.br\\\/site\\\/muriae-recebe-2a-edicao-do-food-truck-em-julho\\\/#mainImage\",\"width\":640,\"height\":426,\"caption\":\"Primeira edi\\u00e7\\u00e3o aconteceu em mar\\u00e7o, na Pra\\u00e7a Coronel Pacheco de Medeiros, Centro\"},\"primaryImageOfPage\":{\"@id\":\"https:\\\/\\\/anoticiaonline.com.br\\\/site\\\/muriae-recebe-2a-edicao-do-food-truck-em-julho\\\/#mainImage\"},\"datePublished\":\"2017-06-20T09:52:57-03:00\",\"dateModified\":\"2017-06-22T19:17:21-03:00\"},{\"@type\":\"WebSite\",\"@id\":\"https:\\\/\\\/anoticiaonline.com.br\\\/site\\\/#website\",\"url\":\"https:\\\/\\\/anoticiaonline.com.br\\\/site\\\/\",\"name\":\"A Not\\u00edcia Online\",\"description\":\"Noticias de Muria\\u00e9 e regi\\u00e3o\",\"inLanguage\":\"pt-BR\",\"publisher\":{\"@id\":\"https:\\\/\\\/anoticiaonline.com.br\\\/site\\\/#organization\"}}]}\n\t\t<\/script>\n\t\t<!-- All in One SEO -->\n\n","aioseo_head_json":{"title":"Muria\u00e9 recebe 2\u00aa edi\u00e7\u00e3o do Food Truck em julho - A Not\u00edcia Online","description":"O melhor do food truck est\u00e1 de volta a Muria\u00e9. Nos dias 7, 8 e 9 de julho, o Food Truck Itinerante desembarca pela segunda vez na cidade \u2013 desta vez, na Rua Rodrigo de Castro, no bairro S\u00e3o Francisco. O evento contar\u00e1 com a participa\u00e7\u00e3o de novos trucks e bikes de todo pa\u00eds, representando","canonical_url":"https:\/\/anoticiaonline.com.br\/site\/muriae-recebe-2a-edicao-do-food-truck-em-julho\/","robots":"max-image-preview:large","keywords":"","webmasterTools":{"miscellaneous":""},"schema":{"@context":"https:\/\/schema.org","@graph":[{"@type":"BlogPosting","@id":"https:\/\/anoticiaonline.com.br\/site\/muriae-recebe-2a-edicao-do-food-truck-em-julho\/#blogposting","name":"Muria\u00e9 recebe 2\u00aa edi\u00e7\u00e3o do Food Truck em julho - A Not\u00edcia Online","headline":"Muria\u00e9 recebe 2\u00aa edi\u00e7\u00e3o do Food Truck em julho","author":{"@id":"https:\/\/anoticiaonline.com.br\/site\/author\/juliana\/#author"},"publisher":{"@id":"https:\/\/anoticiaonline.com.br\/site\/#organization"},"image":{"@type":"ImageObject","url":"https:\/\/anoticiaonline.com.br\/site\/wp-content\/uploads\/2017\/06\/02-Food-Trucks.jpg","width":640,"height":426,"caption":"Primeira edi\u00e7\u00e3o aconteceu em mar\u00e7o, na Pra\u00e7a Coronel Pacheco de Medeiros, Centro"},"datePublished":"2017-06-20T09:52:57-03:00","dateModified":"2017-06-22T19:17:21-03:00","inLanguage":"pt-BR","mainEntityOfPage":{"@id":"https:\/\/anoticiaonline.com.br\/site\/muriae-recebe-2a-edicao-do-food-truck-em-julho\/#webpage"},"isPartOf":{"@id":"https:\/\/anoticiaonline.com.br\/site\/muriae-recebe-2a-edicao-do-food-truck-em-julho\/#webpage"},"articleSection":"Eventos, food truck, Fundarte, Muria\u00e9, slide"},{"@type":"BreadcrumbList","@id":"https:\/\/anoticiaonline.com.br\/site\/muriae-recebe-2a-edicao-do-food-truck-em-julho\/#breadcrumblist","itemListElement":[{"@type":"ListItem","@id":"https:\/\/anoticiaonline.com.br\/site#listItem","position":1,"name":"Home","item":"https:\/\/anoticiaonline.com.br\/site","nextItem":{"@type":"ListItem","@id":"https:\/\/anoticiaonline.com.br\/site\/categoria\/eventos\/#listItem","name":"Eventos"}},{"@type":"ListItem","@id":"https:\/\/anoticiaonline.com.br\/site\/categoria\/eventos\/#listItem","position":2,"name":"Eventos","item":"https:\/\/anoticiaonline.com.br\/site\/categoria\/eventos\/","nextItem":{"@type":"ListItem","@id":"https:\/\/anoticiaonline.com.br\/site\/muriae-recebe-2a-edicao-do-food-truck-em-julho\/#listItem","name":"Muria\u00e9 recebe 2\u00aa edi\u00e7\u00e3o do Food Truck em julho"},"previousItem":{"@type":"ListItem","@id":"https:\/\/anoticiaonline.com.br\/site#listItem","name":"Home"}},{"@type":"ListItem","@id":"https:\/\/anoticiaonline.com.br\/site\/muriae-recebe-2a-edicao-do-food-truck-em-julho\/#listItem","position":3,"name":"Muria\u00e9 recebe 2\u00aa edi\u00e7\u00e3o do Food Truck em julho","previousItem":{"@type":"ListItem","@id":"https:\/\/anoticiaonline.com.br\/site\/categoria\/eventos\/#listItem","name":"Eventos"}}]},{"@type":"Organization","@id":"https:\/\/anoticiaonline.com.br\/site\/#organization","name":"A Not\u00edcia Online","description":"Noticias de Muria\u00e9 e regi\u00e3o","url":"https:\/\/anoticiaonline.com.br\/site\/","logo":{"@type":"ImageObject","url":"https:\/\/scontent-gig4-1.xx.fbcdn.net\/v\/t39.30808-1\/270437624_4564083193639691_6907940295614233970_n.jpg?stp=dst-jpg_s200x200_tt6&_nc_cat=111&ccb=1-7&_nc_sid=f907e8&_nc_ohc=SM1wRlP3lJwQ7kNvwEPuBYA&_nc_oc=AdnqrjDN_BNjSSHWO-GbkIWH6fkGMLw4bqvL_NH6e2wMveX7G-rP2dAqsDSq1mJMOaY&_nc_zt=24&_nc_ht=scontent-gig4-1.xx&_nc_gid=AoBFJeGrT1hVaew_6rchkQ&oh=00_AfX7QmFGhQhG2jAllVgXCiM1ZrWgvtp80-Bfppyexh1QEg&oe=689E923C","@id":"https:\/\/anoticiaonline.com.br\/site\/muriae-recebe-2a-edicao-do-food-truck-em-julho\/#organizationLogo"},"image":{"@id":"https:\/\/anoticiaonline.com.br\/site\/muriae-recebe-2a-edicao-do-food-truck-em-julho\/#organizationLogo"}},{"@type":"Person","@id":"https:\/\/anoticiaonline.com.br\/site\/author\/juliana\/#author","url":"https:\/\/anoticiaonline.com.br\/site\/author\/juliana\/","name":"Juliana Laviola","image":{"@type":"ImageObject","@id":"https:\/\/anoticiaonline.com.br\/site\/muriae-recebe-2a-edicao-do-food-truck-em-julho\/#authorImage","url":"https:\/\/secure.gravatar.com\/avatar\/b8d45f5c699b100dfaf0e543582f38f38bf94cb7ae3a5e9abf8d891a34773335?s=96&d=mm&r=g","width":96,"height":96,"caption":"Juliana Laviola"}},{"@type":"WebPage","@id":"https:\/\/anoticiaonline.com.br\/site\/muriae-recebe-2a-edicao-do-food-truck-em-julho\/#webpage","url":"https:\/\/anoticiaonline.com.br\/site\/muriae-recebe-2a-edicao-do-food-truck-em-julho\/","name":"Muria\u00e9 recebe 2\u00aa edi\u00e7\u00e3o do Food Truck em julho - A Not\u00edcia Online","description":"O melhor do food truck est\u00e1 de volta a Muria\u00e9. Nos dias 7, 8 e 9 de julho, o Food Truck Itinerante desembarca pela segunda vez na cidade \u2013 desta vez, na Rua Rodrigo de Castro, no bairro S\u00e3o Francisco. O evento contar\u00e1 com a participa\u00e7\u00e3o de novos trucks e bikes de todo pa\u00eds, representando","inLanguage":"pt-BR","isPartOf":{"@id":"https:\/\/anoticiaonline.com.br\/site\/#website"},"breadcrumb":{"@id":"https:\/\/anoticiaonline.com.br\/site\/muriae-recebe-2a-edicao-do-food-truck-em-julho\/#breadcrumblist"},"author":{"@id":"https:\/\/anoticiaonline.com.br\/site\/author\/juliana\/#author"},"creator":{"@id":"https:\/\/anoticiaonline.com.br\/site\/author\/juliana\/#author"},"image":{"@type":"ImageObject","url":"https:\/\/anoticiaonline.com.br\/site\/wp-content\/uploads\/2017\/06\/02-Food-Trucks.jpg","@id":"https:\/\/anoticiaonline.com.br\/site\/muriae-recebe-2a-edicao-do-food-truck-em-julho\/#mainImage","width":640,"height":426,"caption":"Primeira edi\u00e7\u00e3o aconteceu em mar\u00e7o, na Pra\u00e7a Coronel Pacheco de Medeiros, Centro"},"primaryImageOfPage":{"@id":"https:\/\/anoticiaonline.com.br\/site\/muriae-recebe-2a-edicao-do-food-truck-em-julho\/#mainImage"},"datePublished":"2017-06-20T09:52:57-03:00","dateModified":"2017-06-22T19:17:21-03:00"},{"@type":"WebSite","@id":"https:\/\/anoticiaonline.com.br\/site\/#website","url":"https:\/\/anoticiaonline.com.br\/site\/","name":"A Not\u00edcia Online","description":"Noticias de Muria\u00e9 e regi\u00e3o","inLanguage":"pt-BR","publisher":{"@id":"https:\/\/anoticiaonline.com.br\/site\/#organization"}}]},"og:locale":"pt_BR","og:site_name":"A Not\u00edcia Online - Noticias de Muria\u00e9 e regi\u00e3o","og:type":"article","og:title":"Muria\u00e9 recebe 2\u00aa edi\u00e7\u00e3o do Food Truck em julho - A Not\u00edcia Online","og:description":"O melhor do food truck est\u00e1 de volta a Muria\u00e9. Nos dias 7, 8 e 9 de julho, o Food Truck Itinerante desembarca pela segunda vez na cidade \u2013 desta vez, na Rua Rodrigo de Castro, no bairro S\u00e3o Francisco. O evento contar\u00e1 com a participa\u00e7\u00e3o de novos trucks e bikes de todo pa\u00eds, representando","og:url":"https:\/\/anoticiaonline.com.br\/site\/muriae-recebe-2a-edicao-do-food-truck-em-julho\/","og:image":"https:\/\/scontent-gig4-1.xx.fbcdn.net\/v\/t39.30808-1\/270437624_4564083193639691_6907940295614233970_n.jpg?stp=dst-jpg_s200x200_tt6&#038;_nc_cat=111&#038;ccb=1-7&#038;_nc_sid=f907e8&#038;_nc_ohc=SM1wRlP3lJwQ7kNvwEPuBYA&#038;_nc_oc=AdnqrjDN_BNjSSHWO-GbkIWH6fkGMLw4bqvL_NH6e2wMveX7G-rP2dAqsDSq1mJMOaY&#038;_nc_zt=24&#038;_nc_ht=scontent-gig4-1.xx&#038;_nc_gid=AoBFJeGrT1hVaew_6rchkQ&#038;oh=00_AfX7QmFGhQhG2jAllVgXCiM1ZrWgvtp80-Bfppyexh1QEg&#038;oe=689E923C","og:image:secure_url":"https:\/\/scontent-gig4-1.xx.fbcdn.net\/v\/t39.30808-1\/270437624_4564083193639691_6907940295614233970_n.jpg?stp=dst-jpg_s200x200_tt6&#038;_nc_cat=111&#038;ccb=1-7&#038;_nc_sid=f907e8&#038;_nc_ohc=SM1wRlP3lJwQ7kNvwEPuBYA&#038;_nc_oc=AdnqrjDN_BNjSSHWO-GbkIWH6fkGMLw4bqvL_NH6e2wMveX7G-rP2dAqsDSq1mJMOaY&#038;_nc_zt=24&#038;_nc_ht=scontent-gig4-1.xx&#038;_nc_gid=AoBFJeGrT1hVaew_6rchkQ&#038;oh=00_AfX7QmFGhQhG2jAllVgXCiM1ZrWgvtp80-Bfppyexh1QEg&#038;oe=689E923C","article:published_time":"2017-06-20T12:52:57+00:00","article:modified_time":"2017-06-22T22:17:21+00:00","twitter:card":"summary_large_image","twitter:title":"Muria\u00e9 recebe 2\u00aa edi\u00e7\u00e3o do Food Truck em julho - A Not\u00edcia Online","twitter:description":"O melhor do food truck est\u00e1 de volta a Muria\u00e9. Nos dias 7, 8 e 9 de julho, o Food Truck Itinerante desembarca pela segunda vez na cidade \u2013 desta vez, na Rua Rodrigo de Castro, no bairro S\u00e3o Francisco. O evento contar\u00e1 com a participa\u00e7\u00e3o de novos trucks e bikes de todo pa\u00eds, representando","twitter:image":"https:\/\/scontent-gig4-1.xx.fbcdn.net\/v\/t39.30808-1\/270437624_4564083193639691_6907940295614233970_n.jpg?stp=dst-jpg_s200x200_tt6&_nc_cat=111&ccb=1-7&_nc_sid=f907e8&_nc_ohc=SM1wRlP3lJwQ7kNvwEPuBYA&_nc_oc=AdnqrjDN_BNjSSHWO-GbkIWH6fkGMLw4bqvL_NH6e2wMveX7G-rP2dAqsDSq1mJMOaY&_nc_zt=24&_nc_ht=scontent-gig4-1.xx&_nc_gid=AoBFJeGrT1hVaew_6rchkQ&oh=00_AfX7QmFGhQhG2jAllVgXCiM1ZrWgvtp80-Bfppyexh1QEg&oe=689E923C"},"aioseo_meta_data":{"post_id":"32840","title":null,"description":null,"keywords":null,"keyphrases":null,"primary_term":null,"canonical_url":null,"og_title":null,"og_description":null,"og_object_type":"default","og_image_type":"default","og_image_url":null,"og_image_width":null,"og_image_height":null,"og_image_custom_url":null,"og_image_custom_fields":null,"og_video":null,"og_custom_url":null,"og_article_section":null,"og_article_tags":null,"twitter_use_og":false,"twitter_card":"default","twitter_image_type":"default","twitter_image_url":null,"twitter_image_custom_url":null,"twitter_image_custom_fields":null,"twitter_title":null,"twitter_description":null,"schema":{"blockGraphs":[],"customGraphs":[],"default":{"data":{"Article":[],"Course":[],"Dataset":[],"FAQPage":[],"Movie":[],"Person":[],"Product":[],"ProductReview":[],"Car":[],"Recipe":[],"Service":[],"SoftwareApplication":[],"WebPage":[]},"graphName":"","isEnabled":true},"graphs":[]},"schema_type":"default","schema_type_options":null,"pillar_content":false,"robots_default":true,"robots_noindex":false,"robots_noarchive":false,"robots_nosnippet":false,"robots_nofollow":false,"robots_noimageindex":false,"robots_noodp":false,"robots_notranslate":false,"robots_max_snippet":null,"robots_max_videopreview":null,"robots_max_imagepreview":"large","priority":null,"frequency":null,"local_seo":null,"breadcrumb_settings":null,"limit_modified_date":false,"ai":null,"created":"2025-08-16 18:41:19","updated":"2025-08-16 18:41:19","focus_keyword":null,"additional_keywords":null,"truseo_locale":null,"seo_analyzer_scan_date":null},"aioseo_breadcrumb":"<div class=\"aioseo-breadcrumbs\"><span class=\"aioseo-breadcrumb\">\n\t\t\t<a href=\"https:\/\/anoticiaonline.com.br\/site\" title=\"Home\">Home<\/a>\n\t\t<\/span><span class=\"aioseo-breadcrumb-separator\">&raquo;<\/span><span class=\"aioseo-breadcrumb\">\n\t\t\t<a href=\"https:\/\/anoticiaonline.com.br\/site\/categoria\/eventos\/\" title=\"Eventos\">Eventos<\/a>\n\t\t<\/span><span class=\"aioseo-breadcrumb-separator\">&raquo;<\/span><span class=\"aioseo-breadcrumb\">\n\t\t\tMuria\u00e9 recebe 2\u00aa edi\u00e7\u00e3o do Food Truck em julho\n\t\t<\/span><\/div>","aioseo_breadcrumb_json":[{"label":"Home","link":"https:\/\/anoticiaonline.com.br\/site"},{"label":"Eventos","link":"https:\/\/anoticiaonline.com.br\/site\/categoria\/eventos\/"},{"label":"Muria\u00e9 recebe 2\u00aa edi\u00e7\u00e3o do Food Truck em julho","link":"https:\/\/anoticiaonline.com.br\/site\/muriae-recebe-2a-edicao-do-food-truck-em-julho\/"}],"views":135,"_links":{"self":[{"href":"https:\/\/anoticiaonline.com.br\/site\/wp-json\/wp\/v2\/posts\/32840","targetHints":{"allow":["GET"]}}],"collection":[{"href":"https:\/\/anoticiaonline.com.br\/site\/wp-json\/wp\/v2\/posts"}],"about":[{"href":"https:\/\/anoticiaonline.com.br\/site\/wp-json\/wp\/v2\/types\/post"}],"author":[{"embeddable":true,"href":"https:\/\/anoticiaonline.com.br\/site\/wp-json\/wp\/v2\/users\/2"}],"replies":[{"embeddable":true,"href":"https:\/\/anoticiaonline.com.br\/site\/wp-json\/wp\/v2\/comments?post=32840"}],"version-history":[{"count":0,"href":"https:\/\/anoticiaonline.com.br\/site\/wp-json\/wp\/v2\/posts\/32840\/revisions"}],"wp:featuredmedia":[{"embeddable":true,"href":"https:\/\/anoticiaonline.com.br\/site\/wp-json\/wp\/v2\/media\/32841"}],"wp:attachment":[{"href":"https:\/\/anoticiaonline.com.br\/site\/wp-json\/wp\/v2\/media?parent=32840"}],"wp:term":[{"taxonomy":"category","embeddable":true,"href":"https:\/\/anoticiaonline.com.br\/site\/wp-json\/wp\/v2\/categories?post=32840"},{"taxonomy":"post_tag","embeddable":true,"href":"https:\/\/anoticiaonline.com.br\/site\/wp-json\/wp\/v2\/tags?post=32840"}],"curies":[{"name":"wp","href":"https:\/\/api.w.org\/{rel}","templated":true}]}}