{"id":32546,"date":"2017-06-14T21:55:24","date_gmt":"2017-06-15T00:55:24","guid":{"rendered":"http:\/\/anoticiaonline.com.br\/site\/?p=32546"},"modified":"2017-06-22T20:58:12","modified_gmt":"2017-06-22T23:58:12","slug":"os-homens-da-capa-preta","status":"publish","type":"post","link":"https:\/\/anoticiaonline.com.br\/site\/os-homens-da-capa-preta\/","title":{"rendered":"Os homens da capa preta"},"content":{"rendered":"<p>Um julgamento, al\u00e9m, \u00e9 claro, da elevada import\u00e2ncia e seriedade de que se reveste, pode ser tamb\u00e9m um espet\u00e1culo de primor est\u00e9tico se os defensores e acusadores tiverem o dom\u00ednio da palavra para expor o seu pensamento. Pertenci ao corpo de jurados, os chamados \u201cju\u00edzes sem toga ou sem aquela capa preta\u201d por cerca de 30 anos e aprendi muito naquelas salas circunspectas de um Tribunal de J\u00fari. Hoje, como todos os brasileiros, assisto pela TV aos julgamentos das nossas Cortes Supremas. Como todos os telespectadores, n\u00e3o tenho nem voz e nem voto nos julgamentos, mas em meu foro \u00edntimo, continuo julgando.<\/p>\n<p>No final, os brasileiros depositam as suas \u00faltimas esperan\u00e7as nos \u201chomens da capa preta\u201d, como se pudessem ser a reden\u00e7\u00e3o de uma consci\u00eancia coletiva.<\/p>\n<p>O resultado do \u00faltimo julgamento ficou muito longe do que a popula\u00e7\u00e3o esperava. O povo esperava, e espera, uma puni\u00e7\u00e3o exemplar, n\u00e3o s\u00f3 para a chapa Dilma e Temer, mas para todos os membros de uma quadrilha que se instalou no Brasil corrompendo todos os n\u00edveis de poder, tanto poder pol\u00edtico quanto poder econ\u00f4mico, principalmente nessas quase duas d\u00e9cadas.<\/p>\n<p>Transmitido ao vivo pela m\u00eddia televisiva, o julgamento da chapa Dilma\/Temer ficar\u00e1 perenizado na mem\u00f3ria popular como verdadeiras aulas de desempenho histri\u00f4nico, em que cada um dos julgadores, munidos de ineg\u00e1veis recursos de orat\u00f3ria e de ret\u00f3rica, expunham figuras de linguagem jur\u00eddica e liter\u00e1ria, numa compet\u00eancia digna de um Caio T\u00falio C\u00edcero nos idos da Roma antiga.<\/p>\n<p>As cr\u00edticas que cada um fazia ao colega de capa eram verdadeiras pe\u00e7as de linguagem jur\u00eddica e t\u00e3o interessantes de serem saboreadas pelos ouvidos, que at\u00e9 esquec\u00edamos o julgamento em si.<\/p>\n<p>A linguagem falada tem dessas maravilhas capazes de excitarem o nosso \u201cpaladar auditivo\u201d, ainda mais se acompanhada da linguagem gestual, da express\u00e3o do olhar e&#8230; da pausa. Principalmente da pausa, que instaura e instala a d\u00favida e a ansiedade curiosa pela continua\u00e7\u00e3o do discurso. Eu gostei muito dos dias do julgamento e o assistiria de novo como o fiz dezenas de vezes com \u201cE o vento levou\u201d, \u201cCasablanca\u201d, \u201cO Auto da Compadecida\u201d e, principalmente, \u201cO Poderoso Chef\u00e3o\u201d.<\/p>\n<p>Arist\u00f3teles, no long\u00ednquo s\u00e9c. IV a.C., naquela Gr\u00e9cia de excelentes oradores ou \u201cr\u00e9toras\u201d, como eram chamados, j\u00e1 descobrira que as representa\u00e7\u00f5es, tanto das trag\u00e9dias quanto das com\u00e9dias, produziam no expectador o que ele chamava de \u201ccatarse\u201d, que pode ser entendida como \u201cpurifica\u00e7\u00e3o do esp\u00edrito do expectador atrav\u00e9s da purga\u00e7\u00e3o de suas paix\u00f5es, especialmente dos sentimentos de terror ou de piedade vivenciados na contempla\u00e7\u00e3o do espet\u00e1culo tr\u00e1gico\u201d. Em Medicina, catarse tem outro significado, mas n\u00e3o \u00e9 esse o caso.<\/p>\n<p>Outros julgamentos vir\u00e3o, pois o nosso pa\u00eds possui um estoque inesgot\u00e1vel de crimes pol\u00edticos e empresariais sendo apurados, e eu terei todo o meu tempo para assistir a todos eles com a m\u00e1xima aten\u00e7\u00e3o como instrumento de aprendizagem de palavras e figuras de linguagem, de termos jur\u00eddicos, de linguagem gestual e daquele \u201cpauseamento\u201d, recursos lingu\u00edsticos que tanto valorizam a exposi\u00e7\u00e3o de um pensamento. Teve um que eu escutei, mas n\u00e3o fiz quest\u00e3o de aprender, que \u00e9 a \u201cmod\u00e9stia \u00e0s favas\u201d, um tanto arrogante para o meu gosto. Mas, e o veredicto?\u00a0 Ah&#8230; tem o veredicto&#8230;! Estava at\u00e9 me esquecendo&#8230; \u00c9, como diz o velho ditado: \u201cFica tudo como d\u2019antes&#8230; no quartel de Abrantes\u201d.<\/p>\n","protected":false},"excerpt":{"rendered":"<p>Um julgamento, al\u00e9m, \u00e9 claro, da elevada import\u00e2ncia e seriedade de que se reveste, pode ser tamb\u00e9m um espet\u00e1culo de primor est\u00e9tico se os defensores e acusadores tiverem o dom\u00ednio da palavra para expor o seu pensamento. Pertenci ao corpo de jurados, os chamados \u201cju\u00edzes sem toga ou sem aquela capa preta\u201d por cerca de &#8230; <a title=\"Os homens da capa preta\" class=\"read-more\" href=\"https:\/\/anoticiaonline.com.br\/site\/os-homens-da-capa-preta\/\" aria-label=\"Read more about Os homens da capa preta\">Ler mais<\/a><\/p>\n","protected":false},"author":2,"featured_media":0,"comment_status":"open","ping_status":"open","sticky":false,"template":"","format":"standard","meta":{"_acf_changed":false,"_monsterinsights_skip_tracking":false,"footnotes":""},"categories":[36],"tags":[211,329,330,210,328],"class_list":["post-32546","post","type-post","status-publish","format-standard","hentry","category-logos-adellunar-marge","tag-a-noticia","tag-adellunar-marge","tag-coluna","tag-jornal","tag-logos"],"acf":[],"aioseo_notices":[],"aioseo_head":"\n\t\t<!-- All in One SEO 5.0.0.1 - aioseo.com -->\n\t<meta name=\"description\" content=\"Um julgamento, al\u00e9m, \u00e9 claro, da elevada import\u00e2ncia e seriedade de que se reveste, pode ser tamb\u00e9m um espet\u00e1culo de primor est\u00e9tico se os defensores e acusadores tiverem o dom\u00ednio da palavra para expor o seu pensamento. Pertenci ao corpo de jurados, os chamados \u201cju\u00edzes sem toga ou sem aquela capa preta\u201d por cerca de\" \/>\n\t<meta name=\"robots\" content=\"max-image-preview:large\" \/>\n\t<meta name=\"author\" content=\"Juliana Laviola\"\/>\n\t<link rel=\"canonical\" href=\"https:\/\/anoticiaonline.com.br\/site\/os-homens-da-capa-preta\/\" \/>\n\t<meta name=\"generator\" content=\"All in One SEO (AIOSEO) 5.0.0.1\" \/>\n\t\t<meta property=\"og:locale\" content=\"pt_BR\" \/>\n\t\t<meta property=\"og:site_name\" content=\"A Not\u00edcia Online - Noticias de Muria\u00e9 e regi\u00e3o\" \/>\n\t\t<meta property=\"og:type\" content=\"article\" \/>\n\t\t<meta property=\"og:title\" content=\"Os homens da capa preta - A Not\u00edcia Online\" \/>\n\t\t<meta property=\"og:description\" content=\"Um julgamento, al\u00e9m, \u00e9 claro, da elevada import\u00e2ncia e seriedade de que se reveste, pode ser tamb\u00e9m um espet\u00e1culo de primor est\u00e9tico se os defensores e acusadores tiverem o dom\u00ednio da palavra para expor o seu pensamento. Pertenci ao corpo de jurados, os chamados \u201cju\u00edzes sem toga ou sem aquela capa preta\u201d por cerca de\" \/>\n\t\t<meta property=\"og:url\" content=\"https:\/\/anoticiaonline.com.br\/site\/os-homens-da-capa-preta\/\" \/>\n\t\t<meta property=\"og:image\" content=\"https:\/\/scontent-gig4-1.xx.fbcdn.net\/v\/t39.30808-1\/270437624_4564083193639691_6907940295614233970_n.jpg?stp=dst-jpg_s200x200_tt6&#038;_nc_cat=111&#038;ccb=1-7&#038;_nc_sid=f907e8&#038;_nc_ohc=SM1wRlP3lJwQ7kNvwEPuBYA&#038;_nc_oc=AdnqrjDN_BNjSSHWO-GbkIWH6fkGMLw4bqvL_NH6e2wMveX7G-rP2dAqsDSq1mJMOaY&#038;_nc_zt=24&#038;_nc_ht=scontent-gig4-1.xx&#038;_nc_gid=AoBFJeGrT1hVaew_6rchkQ&#038;oh=00_AfX7QmFGhQhG2jAllVgXCiM1ZrWgvtp80-Bfppyexh1QEg&#038;oe=689E923C\" \/>\n\t\t<meta property=\"og:image:secure_url\" content=\"https:\/\/scontent-gig4-1.xx.fbcdn.net\/v\/t39.30808-1\/270437624_4564083193639691_6907940295614233970_n.jpg?stp=dst-jpg_s200x200_tt6&#038;_nc_cat=111&#038;ccb=1-7&#038;_nc_sid=f907e8&#038;_nc_ohc=SM1wRlP3lJwQ7kNvwEPuBYA&#038;_nc_oc=AdnqrjDN_BNjSSHWO-GbkIWH6fkGMLw4bqvL_NH6e2wMveX7G-rP2dAqsDSq1mJMOaY&#038;_nc_zt=24&#038;_nc_ht=scontent-gig4-1.xx&#038;_nc_gid=AoBFJeGrT1hVaew_6rchkQ&#038;oh=00_AfX7QmFGhQhG2jAllVgXCiM1ZrWgvtp80-Bfppyexh1QEg&#038;oe=689E923C\" \/>\n\t\t<meta property=\"article:published_time\" content=\"2017-06-15T00:55:24+00:00\" \/>\n\t\t<meta property=\"article:modified_time\" content=\"2017-06-22T23:58:12+00:00\" \/>\n\t\t<meta name=\"twitter:card\" content=\"summary_large_image\" \/>\n\t\t<meta name=\"twitter:title\" content=\"Os homens da capa preta - A Not\u00edcia Online\" \/>\n\t\t<meta name=\"twitter:description\" content=\"Um julgamento, al\u00e9m, \u00e9 claro, da elevada import\u00e2ncia e seriedade de que se reveste, pode ser tamb\u00e9m um espet\u00e1culo de primor est\u00e9tico se os defensores e acusadores tiverem o dom\u00ednio da palavra para expor o seu pensamento. Pertenci ao corpo de jurados, os chamados \u201cju\u00edzes sem toga ou sem aquela capa preta\u201d por cerca de\" \/>\n\t\t<meta name=\"twitter:image\" content=\"https:\/\/scontent-gig4-1.xx.fbcdn.net\/v\/t39.30808-1\/270437624_4564083193639691_6907940295614233970_n.jpg?stp=dst-jpg_s200x200_tt6&amp;_nc_cat=111&amp;ccb=1-7&amp;_nc_sid=f907e8&amp;_nc_ohc=SM1wRlP3lJwQ7kNvwEPuBYA&amp;_nc_oc=AdnqrjDN_BNjSSHWO-GbkIWH6fkGMLw4bqvL_NH6e2wMveX7G-rP2dAqsDSq1mJMOaY&amp;_nc_zt=24&amp;_nc_ht=scontent-gig4-1.xx&amp;_nc_gid=AoBFJeGrT1hVaew_6rchkQ&amp;oh=00_AfX7QmFGhQhG2jAllVgXCiM1ZrWgvtp80-Bfppyexh1QEg&amp;oe=689E923C\" \/>\n\t\t<script type=\"application\/ld+json\" class=\"aioseo-schema\">\n\t\t\t{\"@context\":\"https:\\\/\\\/schema.org\",\"@graph\":[{\"@type\":\"BlogPosting\",\"@id\":\"https:\\\/\\\/anoticiaonline.com.br\\\/site\\\/os-homens-da-capa-preta\\\/#blogposting\",\"name\":\"Os homens da capa preta - A Not\\u00edcia Online\",\"headline\":\"Os homens da capa preta\",\"author\":{\"@id\":\"https:\\\/\\\/anoticiaonline.com.br\\\/site\\\/author\\\/juliana\\\/#author\"},\"publisher\":{\"@id\":\"https:\\\/\\\/anoticiaonline.com.br\\\/site\\\/#organization\"},\"image\":{\"@type\":\"ImageObject\",\"url\":\"https:\\\/\\\/scontent-gig4-1.xx.fbcdn.net\\\/v\\\/t39.30808-1\\\/270437624_4564083193639691_6907940295614233970_n.jpg?stp=dst-jpg_s200x200_tt6&_nc_cat=111&ccb=1-7&_nc_sid=f907e8&_nc_ohc=SM1wRlP3lJwQ7kNvwEPuBYA&_nc_oc=AdnqrjDN_BNjSSHWO-GbkIWH6fkGMLw4bqvL_NH6e2wMveX7G-rP2dAqsDSq1mJMOaY&_nc_zt=24&_nc_ht=scontent-gig4-1.xx&_nc_gid=AoBFJeGrT1hVaew_6rchkQ&oh=00_AfX7QmFGhQhG2jAllVgXCiM1ZrWgvtp80-Bfppyexh1QEg&oe=689E923C\",\"@id\":\"https:\\\/\\\/anoticiaonline.com.br\\\/site\\\/#articleImage\"},\"datePublished\":\"2017-06-14T21:55:24-03:00\",\"dateModified\":\"2017-06-22T20:58:12-03:00\",\"inLanguage\":\"pt-BR\",\"mainEntityOfPage\":{\"@id\":\"https:\\\/\\\/anoticiaonline.com.br\\\/site\\\/os-homens-da-capa-preta\\\/#webpage\"},\"isPartOf\":{\"@id\":\"https:\\\/\\\/anoticiaonline.com.br\\\/site\\\/os-homens-da-capa-preta\\\/#webpage\"},\"articleSection\":\"Logos - Adellunar Marge, a not\\u00edcia, adellunar marge, coluna, jornal, logos\"},{\"@type\":\"BreadcrumbList\",\"@id\":\"https:\\\/\\\/anoticiaonline.com.br\\\/site\\\/os-homens-da-capa-preta\\\/#breadcrumblist\",\"itemListElement\":[{\"@type\":\"ListItem\",\"@id\":\"https:\\\/\\\/anoticiaonline.com.br\\\/site#listItem\",\"position\":1,\"name\":\"Home\",\"item\":\"https:\\\/\\\/anoticiaonline.com.br\\\/site\",\"nextItem\":{\"@type\":\"ListItem\",\"@id\":\"https:\\\/\\\/anoticiaonline.com.br\\\/site\\\/categoria\\\/colunistas\\\/#listItem\",\"name\":\"Colunistas\"}},{\"@type\":\"ListItem\",\"@id\":\"https:\\\/\\\/anoticiaonline.com.br\\\/site\\\/categoria\\\/colunistas\\\/#listItem\",\"position\":2,\"name\":\"Colunistas\",\"item\":\"https:\\\/\\\/anoticiaonline.com.br\\\/site\\\/categoria\\\/colunistas\\\/\",\"nextItem\":{\"@type\":\"ListItem\",\"@id\":\"https:\\\/\\\/anoticiaonline.com.br\\\/site\\\/categoria\\\/colunistas\\\/logos-adellunar-marge\\\/#listItem\",\"name\":\"Logos - Adellunar Marge\"},\"previousItem\":{\"@type\":\"ListItem\",\"@id\":\"https:\\\/\\\/anoticiaonline.com.br\\\/site#listItem\",\"name\":\"Home\"}},{\"@type\":\"ListItem\",\"@id\":\"https:\\\/\\\/anoticiaonline.com.br\\\/site\\\/categoria\\\/colunistas\\\/logos-adellunar-marge\\\/#listItem\",\"position\":3,\"name\":\"Logos - Adellunar Marge\",\"item\":\"https:\\\/\\\/anoticiaonline.com.br\\\/site\\\/categoria\\\/colunistas\\\/logos-adellunar-marge\\\/\",\"nextItem\":{\"@type\":\"ListItem\",\"@id\":\"https:\\\/\\\/anoticiaonline.com.br\\\/site\\\/os-homens-da-capa-preta\\\/#listItem\",\"name\":\"Os homens da capa preta\"},\"previousItem\":{\"@type\":\"ListItem\",\"@id\":\"https:\\\/\\\/anoticiaonline.com.br\\\/site\\\/categoria\\\/colunistas\\\/#listItem\",\"name\":\"Colunistas\"}},{\"@type\":\"ListItem\",\"@id\":\"https:\\\/\\\/anoticiaonline.com.br\\\/site\\\/os-homens-da-capa-preta\\\/#listItem\",\"position\":4,\"name\":\"Os homens da capa preta\",\"previousItem\":{\"@type\":\"ListItem\",\"@id\":\"https:\\\/\\\/anoticiaonline.com.br\\\/site\\\/categoria\\\/colunistas\\\/logos-adellunar-marge\\\/#listItem\",\"name\":\"Logos - Adellunar Marge\"}}]},{\"@type\":\"Organization\",\"@id\":\"https:\\\/\\\/anoticiaonline.com.br\\\/site\\\/#organization\",\"name\":\"A Not\\u00edcia Online\",\"description\":\"Noticias de Muria\\u00e9 e regi\\u00e3o\",\"url\":\"https:\\\/\\\/anoticiaonline.com.br\\\/site\\\/\",\"logo\":{\"@type\":\"ImageObject\",\"url\":\"https:\\\/\\\/scontent-gig4-1.xx.fbcdn.net\\\/v\\\/t39.30808-1\\\/270437624_4564083193639691_6907940295614233970_n.jpg?stp=dst-jpg_s200x200_tt6&_nc_cat=111&ccb=1-7&_nc_sid=f907e8&_nc_ohc=SM1wRlP3lJwQ7kNvwEPuBYA&_nc_oc=AdnqrjDN_BNjSSHWO-GbkIWH6fkGMLw4bqvL_NH6e2wMveX7G-rP2dAqsDSq1mJMOaY&_nc_zt=24&_nc_ht=scontent-gig4-1.xx&_nc_gid=AoBFJeGrT1hVaew_6rchkQ&oh=00_AfX7QmFGhQhG2jAllVgXCiM1ZrWgvtp80-Bfppyexh1QEg&oe=689E923C\",\"@id\":\"https:\\\/\\\/anoticiaonline.com.br\\\/site\\\/os-homens-da-capa-preta\\\/#organizationLogo\"},\"image\":{\"@id\":\"https:\\\/\\\/anoticiaonline.com.br\\\/site\\\/os-homens-da-capa-preta\\\/#organizationLogo\"}},{\"@type\":\"Person\",\"@id\":\"https:\\\/\\\/anoticiaonline.com.br\\\/site\\\/author\\\/juliana\\\/#author\",\"url\":\"https:\\\/\\\/anoticiaonline.com.br\\\/site\\\/author\\\/juliana\\\/\",\"name\":\"Juliana Laviola\",\"image\":{\"@type\":\"ImageObject\",\"@id\":\"https:\\\/\\\/anoticiaonline.com.br\\\/site\\\/os-homens-da-capa-preta\\\/#authorImage\",\"url\":\"https:\\\/\\\/secure.gravatar.com\\\/avatar\\\/b8d45f5c699b100dfaf0e543582f38f38bf94cb7ae3a5e9abf8d891a34773335?s=96&d=mm&r=g\",\"width\":96,\"height\":96,\"caption\":\"Juliana Laviola\"}},{\"@type\":\"WebPage\",\"@id\":\"https:\\\/\\\/anoticiaonline.com.br\\\/site\\\/os-homens-da-capa-preta\\\/#webpage\",\"url\":\"https:\\\/\\\/anoticiaonline.com.br\\\/site\\\/os-homens-da-capa-preta\\\/\",\"name\":\"Os homens da capa preta - A Not\\u00edcia Online\",\"description\":\"Um julgamento, al\\u00e9m, \\u00e9 claro, da elevada import\\u00e2ncia e seriedade de que se reveste, pode ser tamb\\u00e9m um espet\\u00e1culo de primor est\\u00e9tico se os defensores e acusadores tiverem o dom\\u00ednio da palavra para expor o seu pensamento. Pertenci ao corpo de jurados, os chamados \\u201cju\\u00edzes sem toga ou sem aquela capa preta\\u201d por cerca de\",\"inLanguage\":\"pt-BR\",\"isPartOf\":{\"@id\":\"https:\\\/\\\/anoticiaonline.com.br\\\/site\\\/#website\"},\"breadcrumb\":{\"@id\":\"https:\\\/\\\/anoticiaonline.com.br\\\/site\\\/os-homens-da-capa-preta\\\/#breadcrumblist\"},\"author\":{\"@id\":\"https:\\\/\\\/anoticiaonline.com.br\\\/site\\\/author\\\/juliana\\\/#author\"},\"creator\":{\"@id\":\"https:\\\/\\\/anoticiaonline.com.br\\\/site\\\/author\\\/juliana\\\/#author\"},\"datePublished\":\"2017-06-14T21:55:24-03:00\",\"dateModified\":\"2017-06-22T20:58:12-03:00\"},{\"@type\":\"WebSite\",\"@id\":\"https:\\\/\\\/anoticiaonline.com.br\\\/site\\\/#website\",\"url\":\"https:\\\/\\\/anoticiaonline.com.br\\\/site\\\/\",\"name\":\"A Not\\u00edcia Online\",\"description\":\"Noticias de Muria\\u00e9 e regi\\u00e3o\",\"inLanguage\":\"pt-BR\",\"publisher\":{\"@id\":\"https:\\\/\\\/anoticiaonline.com.br\\\/site\\\/#organization\"}}]}\n\t\t<\/script>\n\t\t<!-- All in One SEO -->\n\n","aioseo_head_json":{"title":"Os homens da capa preta - A Not\u00edcia Online","description":"Um julgamento, al\u00e9m, \u00e9 claro, da elevada import\u00e2ncia e seriedade de que se reveste, pode ser tamb\u00e9m um espet\u00e1culo de primor est\u00e9tico se os defensores e acusadores tiverem o dom\u00ednio da palavra para expor o seu pensamento. Pertenci ao corpo de jurados, os chamados \u201cju\u00edzes sem toga ou sem aquela capa preta\u201d por cerca de","canonical_url":"https:\/\/anoticiaonline.com.br\/site\/os-homens-da-capa-preta\/","robots":"max-image-preview:large","keywords":"","webmasterTools":{"miscellaneous":""},"schema":{"@context":"https:\/\/schema.org","@graph":[{"@type":"BlogPosting","@id":"https:\/\/anoticiaonline.com.br\/site\/os-homens-da-capa-preta\/#blogposting","name":"Os homens da capa preta - A Not\u00edcia Online","headline":"Os homens da capa preta","author":{"@id":"https:\/\/anoticiaonline.com.br\/site\/author\/juliana\/#author"},"publisher":{"@id":"https:\/\/anoticiaonline.com.br\/site\/#organization"},"image":{"@type":"ImageObject","url":"https:\/\/scontent-gig4-1.xx.fbcdn.net\/v\/t39.30808-1\/270437624_4564083193639691_6907940295614233970_n.jpg?stp=dst-jpg_s200x200_tt6&_nc_cat=111&ccb=1-7&_nc_sid=f907e8&_nc_ohc=SM1wRlP3lJwQ7kNvwEPuBYA&_nc_oc=AdnqrjDN_BNjSSHWO-GbkIWH6fkGMLw4bqvL_NH6e2wMveX7G-rP2dAqsDSq1mJMOaY&_nc_zt=24&_nc_ht=scontent-gig4-1.xx&_nc_gid=AoBFJeGrT1hVaew_6rchkQ&oh=00_AfX7QmFGhQhG2jAllVgXCiM1ZrWgvtp80-Bfppyexh1QEg&oe=689E923C","@id":"https:\/\/anoticiaonline.com.br\/site\/#articleImage"},"datePublished":"2017-06-14T21:55:24-03:00","dateModified":"2017-06-22T20:58:12-03:00","inLanguage":"pt-BR","mainEntityOfPage":{"@id":"https:\/\/anoticiaonline.com.br\/site\/os-homens-da-capa-preta\/#webpage"},"isPartOf":{"@id":"https:\/\/anoticiaonline.com.br\/site\/os-homens-da-capa-preta\/#webpage"},"articleSection":"Logos - Adellunar Marge, a not\u00edcia, adellunar marge, coluna, jornal, logos"},{"@type":"BreadcrumbList","@id":"https:\/\/anoticiaonline.com.br\/site\/os-homens-da-capa-preta\/#breadcrumblist","itemListElement":[{"@type":"ListItem","@id":"https:\/\/anoticiaonline.com.br\/site#listItem","position":1,"name":"Home","item":"https:\/\/anoticiaonline.com.br\/site","nextItem":{"@type":"ListItem","@id":"https:\/\/anoticiaonline.com.br\/site\/categoria\/colunistas\/#listItem","name":"Colunistas"}},{"@type":"ListItem","@id":"https:\/\/anoticiaonline.com.br\/site\/categoria\/colunistas\/#listItem","position":2,"name":"Colunistas","item":"https:\/\/anoticiaonline.com.br\/site\/categoria\/colunistas\/","nextItem":{"@type":"ListItem","@id":"https:\/\/anoticiaonline.com.br\/site\/categoria\/colunistas\/logos-adellunar-marge\/#listItem","name":"Logos - Adellunar Marge"},"previousItem":{"@type":"ListItem","@id":"https:\/\/anoticiaonline.com.br\/site#listItem","name":"Home"}},{"@type":"ListItem","@id":"https:\/\/anoticiaonline.com.br\/site\/categoria\/colunistas\/logos-adellunar-marge\/#listItem","position":3,"name":"Logos - Adellunar Marge","item":"https:\/\/anoticiaonline.com.br\/site\/categoria\/colunistas\/logos-adellunar-marge\/","nextItem":{"@type":"ListItem","@id":"https:\/\/anoticiaonline.com.br\/site\/os-homens-da-capa-preta\/#listItem","name":"Os homens da capa preta"},"previousItem":{"@type":"ListItem","@id":"https:\/\/anoticiaonline.com.br\/site\/categoria\/colunistas\/#listItem","name":"Colunistas"}},{"@type":"ListItem","@id":"https:\/\/anoticiaonline.com.br\/site\/os-homens-da-capa-preta\/#listItem","position":4,"name":"Os homens da capa preta","previousItem":{"@type":"ListItem","@id":"https:\/\/anoticiaonline.com.br\/site\/categoria\/colunistas\/logos-adellunar-marge\/#listItem","name":"Logos - Adellunar Marge"}}]},{"@type":"Organization","@id":"https:\/\/anoticiaonline.com.br\/site\/#organization","name":"A Not\u00edcia Online","description":"Noticias de Muria\u00e9 e regi\u00e3o","url":"https:\/\/anoticiaonline.com.br\/site\/","logo":{"@type":"ImageObject","url":"https:\/\/scontent-gig4-1.xx.fbcdn.net\/v\/t39.30808-1\/270437624_4564083193639691_6907940295614233970_n.jpg?stp=dst-jpg_s200x200_tt6&_nc_cat=111&ccb=1-7&_nc_sid=f907e8&_nc_ohc=SM1wRlP3lJwQ7kNvwEPuBYA&_nc_oc=AdnqrjDN_BNjSSHWO-GbkIWH6fkGMLw4bqvL_NH6e2wMveX7G-rP2dAqsDSq1mJMOaY&_nc_zt=24&_nc_ht=scontent-gig4-1.xx&_nc_gid=AoBFJeGrT1hVaew_6rchkQ&oh=00_AfX7QmFGhQhG2jAllVgXCiM1ZrWgvtp80-Bfppyexh1QEg&oe=689E923C","@id":"https:\/\/anoticiaonline.com.br\/site\/os-homens-da-capa-preta\/#organizationLogo"},"image":{"@id":"https:\/\/anoticiaonline.com.br\/site\/os-homens-da-capa-preta\/#organizationLogo"}},{"@type":"Person","@id":"https:\/\/anoticiaonline.com.br\/site\/author\/juliana\/#author","url":"https:\/\/anoticiaonline.com.br\/site\/author\/juliana\/","name":"Juliana Laviola","image":{"@type":"ImageObject","@id":"https:\/\/anoticiaonline.com.br\/site\/os-homens-da-capa-preta\/#authorImage","url":"https:\/\/secure.gravatar.com\/avatar\/b8d45f5c699b100dfaf0e543582f38f38bf94cb7ae3a5e9abf8d891a34773335?s=96&d=mm&r=g","width":96,"height":96,"caption":"Juliana Laviola"}},{"@type":"WebPage","@id":"https:\/\/anoticiaonline.com.br\/site\/os-homens-da-capa-preta\/#webpage","url":"https:\/\/anoticiaonline.com.br\/site\/os-homens-da-capa-preta\/","name":"Os homens da capa preta - A Not\u00edcia Online","description":"Um julgamento, al\u00e9m, \u00e9 claro, da elevada import\u00e2ncia e seriedade de que se reveste, pode ser tamb\u00e9m um espet\u00e1culo de primor est\u00e9tico se os defensores e acusadores tiverem o dom\u00ednio da palavra para expor o seu pensamento. Pertenci ao corpo de jurados, os chamados \u201cju\u00edzes sem toga ou sem aquela capa preta\u201d por cerca de","inLanguage":"pt-BR","isPartOf":{"@id":"https:\/\/anoticiaonline.com.br\/site\/#website"},"breadcrumb":{"@id":"https:\/\/anoticiaonline.com.br\/site\/os-homens-da-capa-preta\/#breadcrumblist"},"author":{"@id":"https:\/\/anoticiaonline.com.br\/site\/author\/juliana\/#author"},"creator":{"@id":"https:\/\/anoticiaonline.com.br\/site\/author\/juliana\/#author"},"datePublished":"2017-06-14T21:55:24-03:00","dateModified":"2017-06-22T20:58:12-03:00"},{"@type":"WebSite","@id":"https:\/\/anoticiaonline.com.br\/site\/#website","url":"https:\/\/anoticiaonline.com.br\/site\/","name":"A Not\u00edcia Online","description":"Noticias de Muria\u00e9 e regi\u00e3o","inLanguage":"pt-BR","publisher":{"@id":"https:\/\/anoticiaonline.com.br\/site\/#organization"}}]},"og:locale":"pt_BR","og:site_name":"A Not\u00edcia Online - Noticias de Muria\u00e9 e regi\u00e3o","og:type":"article","og:title":"Os homens da capa preta - A Not\u00edcia Online","og:description":"Um julgamento, al\u00e9m, \u00e9 claro, da elevada import\u00e2ncia e seriedade de que se reveste, pode ser tamb\u00e9m um espet\u00e1culo de primor est\u00e9tico se os defensores e acusadores tiverem o dom\u00ednio da palavra para expor o seu pensamento. Pertenci ao corpo de jurados, os chamados \u201cju\u00edzes sem toga ou sem aquela capa preta\u201d por cerca de","og:url":"https:\/\/anoticiaonline.com.br\/site\/os-homens-da-capa-preta\/","og:image":"https:\/\/scontent-gig4-1.xx.fbcdn.net\/v\/t39.30808-1\/270437624_4564083193639691_6907940295614233970_n.jpg?stp=dst-jpg_s200x200_tt6&#038;_nc_cat=111&#038;ccb=1-7&#038;_nc_sid=f907e8&#038;_nc_ohc=SM1wRlP3lJwQ7kNvwEPuBYA&#038;_nc_oc=AdnqrjDN_BNjSSHWO-GbkIWH6fkGMLw4bqvL_NH6e2wMveX7G-rP2dAqsDSq1mJMOaY&#038;_nc_zt=24&#038;_nc_ht=scontent-gig4-1.xx&#038;_nc_gid=AoBFJeGrT1hVaew_6rchkQ&#038;oh=00_AfX7QmFGhQhG2jAllVgXCiM1ZrWgvtp80-Bfppyexh1QEg&#038;oe=689E923C","og:image:secure_url":"https:\/\/scontent-gig4-1.xx.fbcdn.net\/v\/t39.30808-1\/270437624_4564083193639691_6907940295614233970_n.jpg?stp=dst-jpg_s200x200_tt6&#038;_nc_cat=111&#038;ccb=1-7&#038;_nc_sid=f907e8&#038;_nc_ohc=SM1wRlP3lJwQ7kNvwEPuBYA&#038;_nc_oc=AdnqrjDN_BNjSSHWO-GbkIWH6fkGMLw4bqvL_NH6e2wMveX7G-rP2dAqsDSq1mJMOaY&#038;_nc_zt=24&#038;_nc_ht=scontent-gig4-1.xx&#038;_nc_gid=AoBFJeGrT1hVaew_6rchkQ&#038;oh=00_AfX7QmFGhQhG2jAllVgXCiM1ZrWgvtp80-Bfppyexh1QEg&#038;oe=689E923C","article:published_time":"2017-06-15T00:55:24+00:00","article:modified_time":"2017-06-22T23:58:12+00:00","twitter:card":"summary_large_image","twitter:title":"Os homens da capa preta - A Not\u00edcia Online","twitter:description":"Um julgamento, al\u00e9m, \u00e9 claro, da elevada import\u00e2ncia e seriedade de que se reveste, pode ser tamb\u00e9m um espet\u00e1culo de primor est\u00e9tico se os defensores e acusadores tiverem o dom\u00ednio da palavra para expor o seu pensamento. Pertenci ao corpo de jurados, os chamados \u201cju\u00edzes sem toga ou sem aquela capa preta\u201d por cerca de","twitter:image":"https:\/\/scontent-gig4-1.xx.fbcdn.net\/v\/t39.30808-1\/270437624_4564083193639691_6907940295614233970_n.jpg?stp=dst-jpg_s200x200_tt6&_nc_cat=111&ccb=1-7&_nc_sid=f907e8&_nc_ohc=SM1wRlP3lJwQ7kNvwEPuBYA&_nc_oc=AdnqrjDN_BNjSSHWO-GbkIWH6fkGMLw4bqvL_NH6e2wMveX7G-rP2dAqsDSq1mJMOaY&_nc_zt=24&_nc_ht=scontent-gig4-1.xx&_nc_gid=AoBFJeGrT1hVaew_6rchkQ&oh=00_AfX7QmFGhQhG2jAllVgXCiM1ZrWgvtp80-Bfppyexh1QEg&oe=689E923C"},"aioseo_meta_data":{"post_id":"32546","title":null,"description":null,"keywords":null,"keyphrases":null,"primary_term":null,"canonical_url":null,"og_title":null,"og_description":null,"og_object_type":"default","og_image_type":"default","og_image_url":null,"og_image_width":null,"og_image_height":null,"og_image_custom_url":null,"og_image_custom_fields":null,"og_video":null,"og_custom_url":null,"og_article_section":null,"og_article_tags":null,"twitter_use_og":false,"twitter_card":"default","twitter_image_type":"default","twitter_image_url":null,"twitter_image_custom_url":null,"twitter_image_custom_fields":null,"twitter_title":null,"twitter_description":null,"schema":{"blockGraphs":[],"customGraphs":[],"default":{"data":{"Article":[],"Course":[],"Dataset":[],"FAQPage":[],"Movie":[],"Person":[],"Product":[],"ProductReview":[],"Car":[],"Recipe":[],"Service":[],"SoftwareApplication":[],"WebPage":[]},"graphName":"","isEnabled":true},"graphs":[]},"schema_type":"default","schema_type_options":null,"pillar_content":false,"robots_default":true,"robots_noindex":false,"robots_noarchive":false,"robots_nosnippet":false,"robots_nofollow":false,"robots_noimageindex":false,"robots_noodp":false,"robots_notranslate":false,"robots_max_snippet":null,"robots_max_videopreview":null,"robots_max_imagepreview":"large","priority":null,"frequency":null,"local_seo":null,"breadcrumb_settings":null,"limit_modified_date":false,"ai":null,"created":"2025-08-16 18:39:29","updated":"2025-08-16 18:39:29","focus_keyword":null,"additional_keywords":null,"truseo_locale":null,"seo_analyzer_scan_date":null},"aioseo_breadcrumb":"<div class=\"aioseo-breadcrumbs\"><span class=\"aioseo-breadcrumb\">\n\t\t\t<a href=\"https:\/\/anoticiaonline.com.br\/site\" title=\"Home\">Home<\/a>\n\t\t<\/span><span class=\"aioseo-breadcrumb-separator\">&raquo;<\/span><span class=\"aioseo-breadcrumb\">\n\t\t\t<a href=\"https:\/\/anoticiaonline.com.br\/site\/categoria\/colunistas\/\" title=\"Colunistas\">Colunistas<\/a>\n\t\t<\/span><span class=\"aioseo-breadcrumb-separator\">&raquo;<\/span><span class=\"aioseo-breadcrumb\">\n\t\t\t<a href=\"https:\/\/anoticiaonline.com.br\/site\/categoria\/colunistas\/logos-adellunar-marge\/\" title=\"Logos - Adellunar Marge\">Logos - Adellunar Marge<\/a>\n\t\t<\/span><span class=\"aioseo-breadcrumb-separator\">&raquo;<\/span><span class=\"aioseo-breadcrumb\">\n\t\t\tOs homens da capa preta\n\t\t<\/span><\/div>","aioseo_breadcrumb_json":[{"label":"Home","link":"https:\/\/anoticiaonline.com.br\/site"},{"label":"Colunistas","link":"https:\/\/anoticiaonline.com.br\/site\/categoria\/colunistas\/"},{"label":"Logos - Adellunar Marge","link":"https:\/\/anoticiaonline.com.br\/site\/categoria\/colunistas\/logos-adellunar-marge\/"},{"label":"Os homens da capa preta","link":"https:\/\/anoticiaonline.com.br\/site\/os-homens-da-capa-preta\/"}],"views":117,"_links":{"self":[{"href":"https:\/\/anoticiaonline.com.br\/site\/wp-json\/wp\/v2\/posts\/32546","targetHints":{"allow":["GET"]}}],"collection":[{"href":"https:\/\/anoticiaonline.com.br\/site\/wp-json\/wp\/v2\/posts"}],"about":[{"href":"https:\/\/anoticiaonline.com.br\/site\/wp-json\/wp\/v2\/types\/post"}],"author":[{"embeddable":true,"href":"https:\/\/anoticiaonline.com.br\/site\/wp-json\/wp\/v2\/users\/2"}],"replies":[{"embeddable":true,"href":"https:\/\/anoticiaonline.com.br\/site\/wp-json\/wp\/v2\/comments?post=32546"}],"version-history":[{"count":0,"href":"https:\/\/anoticiaonline.com.br\/site\/wp-json\/wp\/v2\/posts\/32546\/revisions"}],"wp:attachment":[{"href":"https:\/\/anoticiaonline.com.br\/site\/wp-json\/wp\/v2\/media?parent=32546"}],"wp:term":[{"taxonomy":"category","embeddable":true,"href":"https:\/\/anoticiaonline.com.br\/site\/wp-json\/wp\/v2\/categories?post=32546"},{"taxonomy":"post_tag","embeddable":true,"href":"https:\/\/anoticiaonline.com.br\/site\/wp-json\/wp\/v2\/tags?post=32546"}],"curies":[{"name":"wp","href":"https:\/\/api.w.org\/{rel}","templated":true}]}}