{"id":32458,"date":"2017-06-15T08:00:05","date_gmt":"2017-06-15T11:00:05","guid":{"rendered":"http:\/\/anoticiaonline.com.br\/site\/?p=32458"},"modified":"2017-06-14T22:58:33","modified_gmt":"2017-06-15T01:58:33","slug":"festa-junina-do-hospital-sao-paulo-veja-galeria-de-fotos","status":"publish","type":"post","link":"https:\/\/anoticiaonline.com.br\/site\/festa-junina-do-hospital-sao-paulo-veja-galeria-de-fotos\/","title":{"rendered":"Festa Junina do Hospital S\u00e3o Paulo; veja galeria de fotos"},"content":{"rendered":"<p><a href=\"https:\/\/anoticiaonline.com.br\/site\/wp-content\/uploads\/2017\/06\/DSC_0539.jpg\"><img fetchpriority=\"high\" decoding=\"async\" class=\" size-medium wp-image-32459 alignleft\" src=\"https:\/\/anoticiaonline.com.br\/site\/wp-content\/uploads\/2017\/06\/DSC_0539-300x200.jpg\" alt=\"DSC_0539\" width=\"300\" height=\"200\" srcset=\"https:\/\/anoticiaonline.com.br\/site\/wp-content\/uploads\/2017\/06\/DSC_0539-300x200.jpg 300w, https:\/\/anoticiaonline.com.br\/site\/wp-content\/uploads\/2017\/06\/DSC_0539.jpg 640w\" sizes=\"(max-width: 300px) 100vw, 300px\" \/><\/a>A tradicional Festa Junina do Hospital S\u00e3o Paulo foi sucesso. O evento reuniu centenas de pessoas em uma noite solid\u00e1ria, de lazer e divers\u00e3o. O \u201carrai\u00e1\u201d contou com a presen\u00e7a de v\u00e1rias autoridades, diretoria, corpo cl\u00ednico e funcion\u00e1rios do hospital. De cunho beneficente, toda a renda arrecadada ser\u00e1 destinada para a pr\u00f3pria institui\u00e7\u00e3o. <em>(Confira a galeria de fotos no final da p\u00e1gina)<\/em><\/p>\n<p>O evento aconteceu na \u00faltima sexta (9), e assim como nos anos anteriores, foi realizado no Gr\u00eamio Recreativo do HSP, localizado no bairro Alterosa. Mais uma vez, o espa\u00e7o foi ambientado a car\u00e1ter, com barraquinhas, comidas e bebidas t\u00edpicas. Leil\u00f5es e bingos tamb\u00e9m animaram a festa. O som ficou por conta do DJ Filipi Massa.<\/p>\n<p>O provedor do HSP, Messias Vardiero, agradece a todos que compareceram e a todos os que colaboraram para o sucesso do evento. \u201cA cada ano, a festa conta com um p\u00fablico maior de pessoas. Al\u00e9m de ser um momento de confraterniza\u00e7\u00e3o, \u00e9 uma oportunidade de arrecadar recursos, para continuarmos prestando servi\u00e7os de qualidade na \u00e1rea da sa\u00fade. No pr\u00f3ximo ano, estaremos aqui novamente realizando este evento\u201d, afirma.<\/p>\n<p><strong>GALERIA DE FOTOS:<\/strong><\/p>\n<p><img decoding=\"async\" class=\"ngg_displayed_gallery mceItem\" src=\"https:\/\/anoticiaonline.com.br\/site\/nextgen-attach_to_post\/preview\/id--32540\" alt=\"\" \/><\/p>\n","protected":false},"excerpt":{"rendered":"<p>A tradicional Festa Junina do Hospital S\u00e3o Paulo foi sucesso. O evento reuniu centenas de pessoas em uma noite solid\u00e1ria, de lazer e divers\u00e3o. O \u201carrai\u00e1\u201d contou com a presen\u00e7a de v\u00e1rias autoridades, diretoria, corpo cl\u00ednico e funcion\u00e1rios do hospital. De cunho beneficente, toda a renda arrecadada ser\u00e1 destinada para a pr\u00f3pria institui\u00e7\u00e3o. (Confira a &#8230; <a title=\"Festa Junina do Hospital S\u00e3o Paulo; veja galeria de fotos\" class=\"read-more\" href=\"https:\/\/anoticiaonline.com.br\/site\/festa-junina-do-hospital-sao-paulo-veja-galeria-de-fotos\/\" aria-label=\"Read more about Festa Junina do Hospital S\u00e3o Paulo; veja galeria de fotos\">Ler mais<\/a><\/p>\n","protected":false},"author":2,"featured_media":32459,"comment_status":"open","ping_status":"open","sticky":false,"template":"","format":"standard","meta":{"_acf_changed":false,"_monsterinsights_skip_tracking":false,"footnotes":""},"categories":[24],"tags":[54,56,55,3],"class_list":["post-32458","post","type-post","status-publish","format-standard","has-post-thumbnail","hentry","category-eventos","tag-festa-junina","tag-hospital-sao-paulo","tag-hsp","tag-slide"],"acf":[],"aioseo_notices":[],"aioseo_head":"\n\t\t<!-- All in One SEO 5.0.0.1 - aioseo.com -->\n\t<meta name=\"description\" content=\"A tradicional Festa Junina do Hospital S\u00e3o Paulo foi sucesso. O evento reuniu centenas de pessoas em uma noite solid\u00e1ria, de lazer e divers\u00e3o. O \u201carrai\u00e1\u201d contou com a presen\u00e7a de v\u00e1rias autoridades, diretoria, corpo cl\u00ednico e funcion\u00e1rios do hospital. De cunho beneficente, toda a renda arrecadada ser\u00e1 destinada para a pr\u00f3pria institui\u00e7\u00e3o. (Confira a\" \/>\n\t<meta name=\"robots\" content=\"max-image-preview:large\" \/>\n\t<meta name=\"author\" content=\"Juliana Laviola\"\/>\n\t<link rel=\"canonical\" href=\"https:\/\/anoticiaonline.com.br\/site\/festa-junina-do-hospital-sao-paulo-veja-galeria-de-fotos\/\" \/>\n\t<meta name=\"generator\" content=\"All in One SEO (AIOSEO) 5.0.0.1\" \/>\n\t\t<meta property=\"og:locale\" content=\"pt_BR\" \/>\n\t\t<meta property=\"og:site_name\" content=\"A Not\u00edcia Online - Noticias de Muria\u00e9 e regi\u00e3o\" \/>\n\t\t<meta property=\"og:type\" content=\"article\" \/>\n\t\t<meta property=\"og:title\" content=\"Festa Junina do Hospital S\u00e3o Paulo; veja galeria de fotos - A Not\u00edcia Online\" \/>\n\t\t<meta property=\"og:description\" content=\"A tradicional Festa Junina do Hospital S\u00e3o Paulo foi sucesso. O evento reuniu centenas de pessoas em uma noite solid\u00e1ria, de lazer e divers\u00e3o. O \u201carrai\u00e1\u201d contou com a presen\u00e7a de v\u00e1rias autoridades, diretoria, corpo cl\u00ednico e funcion\u00e1rios do hospital. De cunho beneficente, toda a renda arrecadada ser\u00e1 destinada para a pr\u00f3pria institui\u00e7\u00e3o. (Confira a\" \/>\n\t\t<meta property=\"og:url\" content=\"https:\/\/anoticiaonline.com.br\/site\/festa-junina-do-hospital-sao-paulo-veja-galeria-de-fotos\/\" \/>\n\t\t<meta property=\"og:image\" content=\"https:\/\/scontent-gig4-1.xx.fbcdn.net\/v\/t39.30808-1\/270437624_4564083193639691_6907940295614233970_n.jpg?stp=dst-jpg_s200x200_tt6&#038;_nc_cat=111&#038;ccb=1-7&#038;_nc_sid=f907e8&#038;_nc_ohc=SM1wRlP3lJwQ7kNvwEPuBYA&#038;_nc_oc=AdnqrjDN_BNjSSHWO-GbkIWH6fkGMLw4bqvL_NH6e2wMveX7G-rP2dAqsDSq1mJMOaY&#038;_nc_zt=24&#038;_nc_ht=scontent-gig4-1.xx&#038;_nc_gid=AoBFJeGrT1hVaew_6rchkQ&#038;oh=00_AfX7QmFGhQhG2jAllVgXCiM1ZrWgvtp80-Bfppyexh1QEg&#038;oe=689E923C\" \/>\n\t\t<meta property=\"og:image:secure_url\" content=\"https:\/\/scontent-gig4-1.xx.fbcdn.net\/v\/t39.30808-1\/270437624_4564083193639691_6907940295614233970_n.jpg?stp=dst-jpg_s200x200_tt6&#038;_nc_cat=111&#038;ccb=1-7&#038;_nc_sid=f907e8&#038;_nc_ohc=SM1wRlP3lJwQ7kNvwEPuBYA&#038;_nc_oc=AdnqrjDN_BNjSSHWO-GbkIWH6fkGMLw4bqvL_NH6e2wMveX7G-rP2dAqsDSq1mJMOaY&#038;_nc_zt=24&#038;_nc_ht=scontent-gig4-1.xx&#038;_nc_gid=AoBFJeGrT1hVaew_6rchkQ&#038;oh=00_AfX7QmFGhQhG2jAllVgXCiM1ZrWgvtp80-Bfppyexh1QEg&#038;oe=689E923C\" \/>\n\t\t<meta property=\"article:published_time\" content=\"2017-06-15T11:00:05+00:00\" \/>\n\t\t<meta property=\"article:modified_time\" content=\"2017-06-15T01:58:33+00:00\" \/>\n\t\t<meta name=\"twitter:card\" content=\"summary_large_image\" \/>\n\t\t<meta name=\"twitter:title\" content=\"Festa Junina do Hospital S\u00e3o Paulo; veja galeria de fotos - A Not\u00edcia Online\" \/>\n\t\t<meta name=\"twitter:description\" content=\"A tradicional Festa Junina do Hospital S\u00e3o Paulo foi sucesso. O evento reuniu centenas de pessoas em uma noite solid\u00e1ria, de lazer e divers\u00e3o. O \u201carrai\u00e1\u201d contou com a presen\u00e7a de v\u00e1rias autoridades, diretoria, corpo cl\u00ednico e funcion\u00e1rios do hospital. De cunho beneficente, toda a renda arrecadada ser\u00e1 destinada para a pr\u00f3pria institui\u00e7\u00e3o. (Confira a\" \/>\n\t\t<meta name=\"twitter:image\" content=\"https:\/\/scontent-gig4-1.xx.fbcdn.net\/v\/t39.30808-1\/270437624_4564083193639691_6907940295614233970_n.jpg?stp=dst-jpg_s200x200_tt6&amp;_nc_cat=111&amp;ccb=1-7&amp;_nc_sid=f907e8&amp;_nc_ohc=SM1wRlP3lJwQ7kNvwEPuBYA&amp;_nc_oc=AdnqrjDN_BNjSSHWO-GbkIWH6fkGMLw4bqvL_NH6e2wMveX7G-rP2dAqsDSq1mJMOaY&amp;_nc_zt=24&amp;_nc_ht=scontent-gig4-1.xx&amp;_nc_gid=AoBFJeGrT1hVaew_6rchkQ&amp;oh=00_AfX7QmFGhQhG2jAllVgXCiM1ZrWgvtp80-Bfppyexh1QEg&amp;oe=689E923C\" \/>\n\t\t<script type=\"application\/ld+json\" class=\"aioseo-schema\">\n\t\t\t{\"@context\":\"https:\\\/\\\/schema.org\",\"@graph\":[{\"@type\":\"BlogPosting\",\"@id\":\"https:\\\/\\\/anoticiaonline.com.br\\\/site\\\/festa-junina-do-hospital-sao-paulo-veja-galeria-de-fotos\\\/#blogposting\",\"name\":\"Festa Junina do Hospital S\\u00e3o Paulo; veja galeria de fotos - A Not\\u00edcia Online\",\"headline\":\"Festa Junina do Hospital S\\u00e3o Paulo; veja galeria de fotos\",\"author\":{\"@id\":\"https:\\\/\\\/anoticiaonline.com.br\\\/site\\\/author\\\/juliana\\\/#author\"},\"publisher\":{\"@id\":\"https:\\\/\\\/anoticiaonline.com.br\\\/site\\\/#organization\"},\"image\":{\"@type\":\"ImageObject\",\"url\":\"https:\\\/\\\/anoticiaonline.com.br\\\/site\\\/wp-content\\\/uploads\\\/2017\\\/06\\\/DSC_0539.jpg\",\"width\":640,\"height\":427},\"datePublished\":\"2017-06-15T08:00:05-03:00\",\"dateModified\":\"2017-06-14T22:58:33-03:00\",\"inLanguage\":\"pt-BR\",\"mainEntityOfPage\":{\"@id\":\"https:\\\/\\\/anoticiaonline.com.br\\\/site\\\/festa-junina-do-hospital-sao-paulo-veja-galeria-de-fotos\\\/#webpage\"},\"isPartOf\":{\"@id\":\"https:\\\/\\\/anoticiaonline.com.br\\\/site\\\/festa-junina-do-hospital-sao-paulo-veja-galeria-de-fotos\\\/#webpage\"},\"articleSection\":\"Eventos, Festa Junina, Hospital S\\u00e3o Paulo, HSP, slide\"},{\"@type\":\"BreadcrumbList\",\"@id\":\"https:\\\/\\\/anoticiaonline.com.br\\\/site\\\/festa-junina-do-hospital-sao-paulo-veja-galeria-de-fotos\\\/#breadcrumblist\",\"itemListElement\":[{\"@type\":\"ListItem\",\"@id\":\"https:\\\/\\\/anoticiaonline.com.br\\\/site#listItem\",\"position\":1,\"name\":\"Home\",\"item\":\"https:\\\/\\\/anoticiaonline.com.br\\\/site\",\"nextItem\":{\"@type\":\"ListItem\",\"@id\":\"https:\\\/\\\/anoticiaonline.com.br\\\/site\\\/categoria\\\/eventos\\\/#listItem\",\"name\":\"Eventos\"}},{\"@type\":\"ListItem\",\"@id\":\"https:\\\/\\\/anoticiaonline.com.br\\\/site\\\/categoria\\\/eventos\\\/#listItem\",\"position\":2,\"name\":\"Eventos\",\"item\":\"https:\\\/\\\/anoticiaonline.com.br\\\/site\\\/categoria\\\/eventos\\\/\",\"nextItem\":{\"@type\":\"ListItem\",\"@id\":\"https:\\\/\\\/anoticiaonline.com.br\\\/site\\\/festa-junina-do-hospital-sao-paulo-veja-galeria-de-fotos\\\/#listItem\",\"name\":\"Festa Junina do Hospital S\\u00e3o Paulo; veja galeria de fotos\"},\"previousItem\":{\"@type\":\"ListItem\",\"@id\":\"https:\\\/\\\/anoticiaonline.com.br\\\/site#listItem\",\"name\":\"Home\"}},{\"@type\":\"ListItem\",\"@id\":\"https:\\\/\\\/anoticiaonline.com.br\\\/site\\\/festa-junina-do-hospital-sao-paulo-veja-galeria-de-fotos\\\/#listItem\",\"position\":3,\"name\":\"Festa Junina do Hospital S\\u00e3o Paulo; veja galeria de fotos\",\"previousItem\":{\"@type\":\"ListItem\",\"@id\":\"https:\\\/\\\/anoticiaonline.com.br\\\/site\\\/categoria\\\/eventos\\\/#listItem\",\"name\":\"Eventos\"}}]},{\"@type\":\"Organization\",\"@id\":\"https:\\\/\\\/anoticiaonline.com.br\\\/site\\\/#organization\",\"name\":\"A Not\\u00edcia Online\",\"description\":\"Noticias de Muria\\u00e9 e regi\\u00e3o\",\"url\":\"https:\\\/\\\/anoticiaonline.com.br\\\/site\\\/\",\"logo\":{\"@type\":\"ImageObject\",\"url\":\"https:\\\/\\\/scontent-gig4-1.xx.fbcdn.net\\\/v\\\/t39.30808-1\\\/270437624_4564083193639691_6907940295614233970_n.jpg?stp=dst-jpg_s200x200_tt6&_nc_cat=111&ccb=1-7&_nc_sid=f907e8&_nc_ohc=SM1wRlP3lJwQ7kNvwEPuBYA&_nc_oc=AdnqrjDN_BNjSSHWO-GbkIWH6fkGMLw4bqvL_NH6e2wMveX7G-rP2dAqsDSq1mJMOaY&_nc_zt=24&_nc_ht=scontent-gig4-1.xx&_nc_gid=AoBFJeGrT1hVaew_6rchkQ&oh=00_AfX7QmFGhQhG2jAllVgXCiM1ZrWgvtp80-Bfppyexh1QEg&oe=689E923C\",\"@id\":\"https:\\\/\\\/anoticiaonline.com.br\\\/site\\\/festa-junina-do-hospital-sao-paulo-veja-galeria-de-fotos\\\/#organizationLogo\"},\"image\":{\"@id\":\"https:\\\/\\\/anoticiaonline.com.br\\\/site\\\/festa-junina-do-hospital-sao-paulo-veja-galeria-de-fotos\\\/#organizationLogo\"}},{\"@type\":\"Person\",\"@id\":\"https:\\\/\\\/anoticiaonline.com.br\\\/site\\\/author\\\/juliana\\\/#author\",\"url\":\"https:\\\/\\\/anoticiaonline.com.br\\\/site\\\/author\\\/juliana\\\/\",\"name\":\"Juliana Laviola\",\"image\":{\"@type\":\"ImageObject\",\"@id\":\"https:\\\/\\\/anoticiaonline.com.br\\\/site\\\/festa-junina-do-hospital-sao-paulo-veja-galeria-de-fotos\\\/#authorImage\",\"url\":\"https:\\\/\\\/secure.gravatar.com\\\/avatar\\\/b8d45f5c699b100dfaf0e543582f38f38bf94cb7ae3a5e9abf8d891a34773335?s=96&d=mm&r=g\",\"width\":96,\"height\":96,\"caption\":\"Juliana Laviola\"}},{\"@type\":\"WebPage\",\"@id\":\"https:\\\/\\\/anoticiaonline.com.br\\\/site\\\/festa-junina-do-hospital-sao-paulo-veja-galeria-de-fotos\\\/#webpage\",\"url\":\"https:\\\/\\\/anoticiaonline.com.br\\\/site\\\/festa-junina-do-hospital-sao-paulo-veja-galeria-de-fotos\\\/\",\"name\":\"Festa Junina do Hospital S\\u00e3o Paulo; veja galeria de fotos - A Not\\u00edcia Online\",\"description\":\"A tradicional Festa Junina do Hospital S\\u00e3o Paulo foi sucesso. O evento reuniu centenas de pessoas em uma noite solid\\u00e1ria, de lazer e divers\\u00e3o. O \\u201carrai\\u00e1\\u201d contou com a presen\\u00e7a de v\\u00e1rias autoridades, diretoria, corpo cl\\u00ednico e funcion\\u00e1rios do hospital. De cunho beneficente, toda a renda arrecadada ser\\u00e1 destinada para a pr\\u00f3pria institui\\u00e7\\u00e3o. (Confira a\",\"inLanguage\":\"pt-BR\",\"isPartOf\":{\"@id\":\"https:\\\/\\\/anoticiaonline.com.br\\\/site\\\/#website\"},\"breadcrumb\":{\"@id\":\"https:\\\/\\\/anoticiaonline.com.br\\\/site\\\/festa-junina-do-hospital-sao-paulo-veja-galeria-de-fotos\\\/#breadcrumblist\"},\"author\":{\"@id\":\"https:\\\/\\\/anoticiaonline.com.br\\\/site\\\/author\\\/juliana\\\/#author\"},\"creator\":{\"@id\":\"https:\\\/\\\/anoticiaonline.com.br\\\/site\\\/author\\\/juliana\\\/#author\"},\"image\":{\"@type\":\"ImageObject\",\"url\":\"https:\\\/\\\/anoticiaonline.com.br\\\/site\\\/wp-content\\\/uploads\\\/2017\\\/06\\\/DSC_0539.jpg\",\"@id\":\"https:\\\/\\\/anoticiaonline.com.br\\\/site\\\/festa-junina-do-hospital-sao-paulo-veja-galeria-de-fotos\\\/#mainImage\",\"width\":640,\"height\":427},\"primaryImageOfPage\":{\"@id\":\"https:\\\/\\\/anoticiaonline.com.br\\\/site\\\/festa-junina-do-hospital-sao-paulo-veja-galeria-de-fotos\\\/#mainImage\"},\"datePublished\":\"2017-06-15T08:00:05-03:00\",\"dateModified\":\"2017-06-14T22:58:33-03:00\"},{\"@type\":\"WebSite\",\"@id\":\"https:\\\/\\\/anoticiaonline.com.br\\\/site\\\/#website\",\"url\":\"https:\\\/\\\/anoticiaonline.com.br\\\/site\\\/\",\"name\":\"A Not\\u00edcia Online\",\"description\":\"Noticias de Muria\\u00e9 e regi\\u00e3o\",\"inLanguage\":\"pt-BR\",\"publisher\":{\"@id\":\"https:\\\/\\\/anoticiaonline.com.br\\\/site\\\/#organization\"}}]}\n\t\t<\/script>\n\t\t<!-- All in One SEO -->\n\n","aioseo_head_json":{"title":"Festa Junina do Hospital S\u00e3o Paulo; veja galeria de fotos - A Not\u00edcia Online","description":"A tradicional Festa Junina do Hospital S\u00e3o Paulo foi sucesso. O evento reuniu centenas de pessoas em uma noite solid\u00e1ria, de lazer e divers\u00e3o. O \u201carrai\u00e1\u201d contou com a presen\u00e7a de v\u00e1rias autoridades, diretoria, corpo cl\u00ednico e funcion\u00e1rios do hospital. De cunho beneficente, toda a renda arrecadada ser\u00e1 destinada para a pr\u00f3pria institui\u00e7\u00e3o. (Confira a","canonical_url":"https:\/\/anoticiaonline.com.br\/site\/festa-junina-do-hospital-sao-paulo-veja-galeria-de-fotos\/","robots":"max-image-preview:large","keywords":"","webmasterTools":{"miscellaneous":""},"schema":{"@context":"https:\/\/schema.org","@graph":[{"@type":"BlogPosting","@id":"https:\/\/anoticiaonline.com.br\/site\/festa-junina-do-hospital-sao-paulo-veja-galeria-de-fotos\/#blogposting","name":"Festa Junina do Hospital S\u00e3o Paulo; veja galeria de fotos - A Not\u00edcia Online","headline":"Festa Junina do Hospital S\u00e3o Paulo; veja galeria de fotos","author":{"@id":"https:\/\/anoticiaonline.com.br\/site\/author\/juliana\/#author"},"publisher":{"@id":"https:\/\/anoticiaonline.com.br\/site\/#organization"},"image":{"@type":"ImageObject","url":"https:\/\/anoticiaonline.com.br\/site\/wp-content\/uploads\/2017\/06\/DSC_0539.jpg","width":640,"height":427},"datePublished":"2017-06-15T08:00:05-03:00","dateModified":"2017-06-14T22:58:33-03:00","inLanguage":"pt-BR","mainEntityOfPage":{"@id":"https:\/\/anoticiaonline.com.br\/site\/festa-junina-do-hospital-sao-paulo-veja-galeria-de-fotos\/#webpage"},"isPartOf":{"@id":"https:\/\/anoticiaonline.com.br\/site\/festa-junina-do-hospital-sao-paulo-veja-galeria-de-fotos\/#webpage"},"articleSection":"Eventos, Festa Junina, Hospital S\u00e3o Paulo, HSP, slide"},{"@type":"BreadcrumbList","@id":"https:\/\/anoticiaonline.com.br\/site\/festa-junina-do-hospital-sao-paulo-veja-galeria-de-fotos\/#breadcrumblist","itemListElement":[{"@type":"ListItem","@id":"https:\/\/anoticiaonline.com.br\/site#listItem","position":1,"name":"Home","item":"https:\/\/anoticiaonline.com.br\/site","nextItem":{"@type":"ListItem","@id":"https:\/\/anoticiaonline.com.br\/site\/categoria\/eventos\/#listItem","name":"Eventos"}},{"@type":"ListItem","@id":"https:\/\/anoticiaonline.com.br\/site\/categoria\/eventos\/#listItem","position":2,"name":"Eventos","item":"https:\/\/anoticiaonline.com.br\/site\/categoria\/eventos\/","nextItem":{"@type":"ListItem","@id":"https:\/\/anoticiaonline.com.br\/site\/festa-junina-do-hospital-sao-paulo-veja-galeria-de-fotos\/#listItem","name":"Festa Junina do Hospital S\u00e3o Paulo; veja galeria de fotos"},"previousItem":{"@type":"ListItem","@id":"https:\/\/anoticiaonline.com.br\/site#listItem","name":"Home"}},{"@type":"ListItem","@id":"https:\/\/anoticiaonline.com.br\/site\/festa-junina-do-hospital-sao-paulo-veja-galeria-de-fotos\/#listItem","position":3,"name":"Festa Junina do Hospital S\u00e3o Paulo; veja galeria de fotos","previousItem":{"@type":"ListItem","@id":"https:\/\/anoticiaonline.com.br\/site\/categoria\/eventos\/#listItem","name":"Eventos"}}]},{"@type":"Organization","@id":"https:\/\/anoticiaonline.com.br\/site\/#organization","name":"A Not\u00edcia Online","description":"Noticias de Muria\u00e9 e regi\u00e3o","url":"https:\/\/anoticiaonline.com.br\/site\/","logo":{"@type":"ImageObject","url":"https:\/\/scontent-gig4-1.xx.fbcdn.net\/v\/t39.30808-1\/270437624_4564083193639691_6907940295614233970_n.jpg?stp=dst-jpg_s200x200_tt6&_nc_cat=111&ccb=1-7&_nc_sid=f907e8&_nc_ohc=SM1wRlP3lJwQ7kNvwEPuBYA&_nc_oc=AdnqrjDN_BNjSSHWO-GbkIWH6fkGMLw4bqvL_NH6e2wMveX7G-rP2dAqsDSq1mJMOaY&_nc_zt=24&_nc_ht=scontent-gig4-1.xx&_nc_gid=AoBFJeGrT1hVaew_6rchkQ&oh=00_AfX7QmFGhQhG2jAllVgXCiM1ZrWgvtp80-Bfppyexh1QEg&oe=689E923C","@id":"https:\/\/anoticiaonline.com.br\/site\/festa-junina-do-hospital-sao-paulo-veja-galeria-de-fotos\/#organizationLogo"},"image":{"@id":"https:\/\/anoticiaonline.com.br\/site\/festa-junina-do-hospital-sao-paulo-veja-galeria-de-fotos\/#organizationLogo"}},{"@type":"Person","@id":"https:\/\/anoticiaonline.com.br\/site\/author\/juliana\/#author","url":"https:\/\/anoticiaonline.com.br\/site\/author\/juliana\/","name":"Juliana Laviola","image":{"@type":"ImageObject","@id":"https:\/\/anoticiaonline.com.br\/site\/festa-junina-do-hospital-sao-paulo-veja-galeria-de-fotos\/#authorImage","url":"https:\/\/secure.gravatar.com\/avatar\/b8d45f5c699b100dfaf0e543582f38f38bf94cb7ae3a5e9abf8d891a34773335?s=96&d=mm&r=g","width":96,"height":96,"caption":"Juliana Laviola"}},{"@type":"WebPage","@id":"https:\/\/anoticiaonline.com.br\/site\/festa-junina-do-hospital-sao-paulo-veja-galeria-de-fotos\/#webpage","url":"https:\/\/anoticiaonline.com.br\/site\/festa-junina-do-hospital-sao-paulo-veja-galeria-de-fotos\/","name":"Festa Junina do Hospital S\u00e3o Paulo; veja galeria de fotos - A Not\u00edcia Online","description":"A tradicional Festa Junina do Hospital S\u00e3o Paulo foi sucesso. O evento reuniu centenas de pessoas em uma noite solid\u00e1ria, de lazer e divers\u00e3o. O \u201carrai\u00e1\u201d contou com a presen\u00e7a de v\u00e1rias autoridades, diretoria, corpo cl\u00ednico e funcion\u00e1rios do hospital. De cunho beneficente, toda a renda arrecadada ser\u00e1 destinada para a pr\u00f3pria institui\u00e7\u00e3o. (Confira a","inLanguage":"pt-BR","isPartOf":{"@id":"https:\/\/anoticiaonline.com.br\/site\/#website"},"breadcrumb":{"@id":"https:\/\/anoticiaonline.com.br\/site\/festa-junina-do-hospital-sao-paulo-veja-galeria-de-fotos\/#breadcrumblist"},"author":{"@id":"https:\/\/anoticiaonline.com.br\/site\/author\/juliana\/#author"},"creator":{"@id":"https:\/\/anoticiaonline.com.br\/site\/author\/juliana\/#author"},"image":{"@type":"ImageObject","url":"https:\/\/anoticiaonline.com.br\/site\/wp-content\/uploads\/2017\/06\/DSC_0539.jpg","@id":"https:\/\/anoticiaonline.com.br\/site\/festa-junina-do-hospital-sao-paulo-veja-galeria-de-fotos\/#mainImage","width":640,"height":427},"primaryImageOfPage":{"@id":"https:\/\/anoticiaonline.com.br\/site\/festa-junina-do-hospital-sao-paulo-veja-galeria-de-fotos\/#mainImage"},"datePublished":"2017-06-15T08:00:05-03:00","dateModified":"2017-06-14T22:58:33-03:00"},{"@type":"WebSite","@id":"https:\/\/anoticiaonline.com.br\/site\/#website","url":"https:\/\/anoticiaonline.com.br\/site\/","name":"A Not\u00edcia Online","description":"Noticias de Muria\u00e9 e regi\u00e3o","inLanguage":"pt-BR","publisher":{"@id":"https:\/\/anoticiaonline.com.br\/site\/#organization"}}]},"og:locale":"pt_BR","og:site_name":"A Not\u00edcia Online - Noticias de Muria\u00e9 e regi\u00e3o","og:type":"article","og:title":"Festa Junina do Hospital S\u00e3o Paulo; veja galeria de fotos - A Not\u00edcia Online","og:description":"A tradicional Festa Junina do Hospital S\u00e3o Paulo foi sucesso. O evento reuniu centenas de pessoas em uma noite solid\u00e1ria, de lazer e divers\u00e3o. O \u201carrai\u00e1\u201d contou com a presen\u00e7a de v\u00e1rias autoridades, diretoria, corpo cl\u00ednico e funcion\u00e1rios do hospital. De cunho beneficente, toda a renda arrecadada ser\u00e1 destinada para a pr\u00f3pria institui\u00e7\u00e3o. (Confira a","og:url":"https:\/\/anoticiaonline.com.br\/site\/festa-junina-do-hospital-sao-paulo-veja-galeria-de-fotos\/","og:image":"https:\/\/scontent-gig4-1.xx.fbcdn.net\/v\/t39.30808-1\/270437624_4564083193639691_6907940295614233970_n.jpg?stp=dst-jpg_s200x200_tt6&#038;_nc_cat=111&#038;ccb=1-7&#038;_nc_sid=f907e8&#038;_nc_ohc=SM1wRlP3lJwQ7kNvwEPuBYA&#038;_nc_oc=AdnqrjDN_BNjSSHWO-GbkIWH6fkGMLw4bqvL_NH6e2wMveX7G-rP2dAqsDSq1mJMOaY&#038;_nc_zt=24&#038;_nc_ht=scontent-gig4-1.xx&#038;_nc_gid=AoBFJeGrT1hVaew_6rchkQ&#038;oh=00_AfX7QmFGhQhG2jAllVgXCiM1ZrWgvtp80-Bfppyexh1QEg&#038;oe=689E923C","og:image:secure_url":"https:\/\/scontent-gig4-1.xx.fbcdn.net\/v\/t39.30808-1\/270437624_4564083193639691_6907940295614233970_n.jpg?stp=dst-jpg_s200x200_tt6&#038;_nc_cat=111&#038;ccb=1-7&#038;_nc_sid=f907e8&#038;_nc_ohc=SM1wRlP3lJwQ7kNvwEPuBYA&#038;_nc_oc=AdnqrjDN_BNjSSHWO-GbkIWH6fkGMLw4bqvL_NH6e2wMveX7G-rP2dAqsDSq1mJMOaY&#038;_nc_zt=24&#038;_nc_ht=scontent-gig4-1.xx&#038;_nc_gid=AoBFJeGrT1hVaew_6rchkQ&#038;oh=00_AfX7QmFGhQhG2jAllVgXCiM1ZrWgvtp80-Bfppyexh1QEg&#038;oe=689E923C","article:published_time":"2017-06-15T11:00:05+00:00","article:modified_time":"2017-06-15T01:58:33+00:00","twitter:card":"summary_large_image","twitter:title":"Festa Junina do Hospital S\u00e3o Paulo; veja galeria de fotos - A Not\u00edcia Online","twitter:description":"A tradicional Festa Junina do Hospital S\u00e3o Paulo foi sucesso. O evento reuniu centenas de pessoas em uma noite solid\u00e1ria, de lazer e divers\u00e3o. O \u201carrai\u00e1\u201d contou com a presen\u00e7a de v\u00e1rias autoridades, diretoria, corpo cl\u00ednico e funcion\u00e1rios do hospital. De cunho beneficente, toda a renda arrecadada ser\u00e1 destinada para a pr\u00f3pria institui\u00e7\u00e3o. (Confira a","twitter:image":"https:\/\/scontent-gig4-1.xx.fbcdn.net\/v\/t39.30808-1\/270437624_4564083193639691_6907940295614233970_n.jpg?stp=dst-jpg_s200x200_tt6&_nc_cat=111&ccb=1-7&_nc_sid=f907e8&_nc_ohc=SM1wRlP3lJwQ7kNvwEPuBYA&_nc_oc=AdnqrjDN_BNjSSHWO-GbkIWH6fkGMLw4bqvL_NH6e2wMveX7G-rP2dAqsDSq1mJMOaY&_nc_zt=24&_nc_ht=scontent-gig4-1.xx&_nc_gid=AoBFJeGrT1hVaew_6rchkQ&oh=00_AfX7QmFGhQhG2jAllVgXCiM1ZrWgvtp80-Bfppyexh1QEg&oe=689E923C"},"aioseo_meta_data":{"post_id":"32458","title":null,"description":null,"keywords":null,"keyphrases":null,"primary_term":null,"canonical_url":null,"og_title":null,"og_description":null,"og_object_type":"default","og_image_type":"default","og_image_url":null,"og_image_width":null,"og_image_height":null,"og_image_custom_url":null,"og_image_custom_fields":null,"og_video":null,"og_custom_url":null,"og_article_section":null,"og_article_tags":null,"twitter_use_og":false,"twitter_card":"default","twitter_image_type":"default","twitter_image_url":null,"twitter_image_custom_url":null,"twitter_image_custom_fields":null,"twitter_title":null,"twitter_description":null,"schema":{"blockGraphs":[],"customGraphs":[],"default":{"data":{"Article":[],"Course":[],"Dataset":[],"FAQPage":[],"Movie":[],"Person":[],"Product":[],"ProductReview":[],"Car":[],"Recipe":[],"Service":[],"SoftwareApplication":[],"WebPage":[]},"graphName":"","isEnabled":true},"graphs":[]},"schema_type":"default","schema_type_options":null,"pillar_content":false,"robots_default":true,"robots_noindex":false,"robots_noarchive":false,"robots_nosnippet":false,"robots_nofollow":false,"robots_noimageindex":false,"robots_noodp":false,"robots_notranslate":false,"robots_max_snippet":null,"robots_max_videopreview":null,"robots_max_imagepreview":"large","priority":null,"frequency":null,"local_seo":null,"breadcrumb_settings":null,"limit_modified_date":false,"ai":null,"created":"2025-08-16 18:39:29","updated":"2025-08-16 18:39:29","focus_keyword":null,"additional_keywords":null,"truseo_locale":null,"seo_analyzer_scan_date":null},"aioseo_breadcrumb":"<div class=\"aioseo-breadcrumbs\"><span class=\"aioseo-breadcrumb\">\n\t\t\t<a href=\"https:\/\/anoticiaonline.com.br\/site\" title=\"Home\">Home<\/a>\n\t\t<\/span><span class=\"aioseo-breadcrumb-separator\">&raquo;<\/span><span class=\"aioseo-breadcrumb\">\n\t\t\t<a href=\"https:\/\/anoticiaonline.com.br\/site\/categoria\/eventos\/\" title=\"Eventos\">Eventos<\/a>\n\t\t<\/span><span class=\"aioseo-breadcrumb-separator\">&raquo;<\/span><span class=\"aioseo-breadcrumb\">\n\t\t\tFesta Junina do Hospital S\u00e3o Paulo; veja galeria de fotos\n\t\t<\/span><\/div>","aioseo_breadcrumb_json":[{"label":"Home","link":"https:\/\/anoticiaonline.com.br\/site"},{"label":"Eventos","link":"https:\/\/anoticiaonline.com.br\/site\/categoria\/eventos\/"},{"label":"Festa Junina do Hospital S\u00e3o Paulo; veja galeria de fotos","link":"https:\/\/anoticiaonline.com.br\/site\/festa-junina-do-hospital-sao-paulo-veja-galeria-de-fotos\/"}],"views":110,"_links":{"self":[{"href":"https:\/\/anoticiaonline.com.br\/site\/wp-json\/wp\/v2\/posts\/32458","targetHints":{"allow":["GET"]}}],"collection":[{"href":"https:\/\/anoticiaonline.com.br\/site\/wp-json\/wp\/v2\/posts"}],"about":[{"href":"https:\/\/anoticiaonline.com.br\/site\/wp-json\/wp\/v2\/types\/post"}],"author":[{"embeddable":true,"href":"https:\/\/anoticiaonline.com.br\/site\/wp-json\/wp\/v2\/users\/2"}],"replies":[{"embeddable":true,"href":"https:\/\/anoticiaonline.com.br\/site\/wp-json\/wp\/v2\/comments?post=32458"}],"version-history":[{"count":0,"href":"https:\/\/anoticiaonline.com.br\/site\/wp-json\/wp\/v2\/posts\/32458\/revisions"}],"wp:featuredmedia":[{"embeddable":true,"href":"https:\/\/anoticiaonline.com.br\/site\/wp-json\/wp\/v2\/media\/32459"}],"wp:attachment":[{"href":"https:\/\/anoticiaonline.com.br\/site\/wp-json\/wp\/v2\/media?parent=32458"}],"wp:term":[{"taxonomy":"category","embeddable":true,"href":"https:\/\/anoticiaonline.com.br\/site\/wp-json\/wp\/v2\/categories?post=32458"},{"taxonomy":"post_tag","embeddable":true,"href":"https:\/\/anoticiaonline.com.br\/site\/wp-json\/wp\/v2\/tags?post=32458"}],"curies":[{"name":"wp","href":"https:\/\/api.w.org\/{rel}","templated":true}]}}