{"id":32392,"date":"2017-06-14T16:32:24","date_gmt":"2017-06-14T19:32:24","guid":{"rendered":"http:\/\/anoticiaonline.com.br\/site\/?p=32392"},"modified":"2017-06-14T23:30:59","modified_gmt":"2017-06-15T02:30:59","slug":"camara-aprova-varios-projetos-na-reuniao-desta-semana","status":"publish","type":"post","link":"https:\/\/anoticiaonline.com.br\/site\/camara-aprova-varios-projetos-na-reuniao-desta-semana\/","title":{"rendered":"C\u00e2mara aprova v\u00e1rios projetos na reuni\u00e3o desta semana"},"content":{"rendered":"<p><a href=\"https:\/\/anoticiaonline.com.br\/site\/wp-content\/uploads\/2017\/06\/C\u00e2mara-aprova-v\u00e1rios-projetos-na-reuni\u00e3o-desta-semana.jpg\"><img fetchpriority=\"high\" decoding=\"async\" class=\" size-medium wp-image-32393 alignleft\" src=\"https:\/\/anoticiaonline.com.br\/site\/wp-content\/uploads\/2017\/06\/C\u00e2mara-aprova-v\u00e1rios-projetos-na-reuni\u00e3o-desta-semana-300x225.jpg\" alt=\"C\u00e2mara aprova v\u00e1rios projetos na reuni\u00e3o desta semana\" width=\"300\" height=\"225\" srcset=\"https:\/\/anoticiaonline.com.br\/site\/wp-content\/uploads\/2017\/06\/C\u00e2mara-aprova-v\u00e1rios-projetos-na-reuni\u00e3o-desta-semana-300x225.jpg 300w, https:\/\/anoticiaonline.com.br\/site\/wp-content\/uploads\/2017\/06\/C\u00e2mara-aprova-v\u00e1rios-projetos-na-reuni\u00e3o-desta-semana.jpg 640w\" sizes=\"(max-width: 300px) 100vw, 300px\" \/><\/a>A reuni\u00e3o da C\u00e2mara Municipal desta ter\u00e7a-feira (13) teve a discuss\u00e3o e a aprova\u00e7\u00e3o de v\u00e1rios projetos, alguns significativos para o munic\u00edpio, como o de incentivo \u00e0 cria\u00e7\u00e3o de hortas comunit\u00e1rias e familiares, da maior visibilidade \u00e0s ouvidorias de Muria\u00e9, da realiza\u00e7\u00e3o de exames r\u00e1pidos de DST\u2019s para gestantes, da semana de preven\u00e7\u00e3o \u00e0 viol\u00eancia contra a mulher e o que cria o servi\u00e7o de prote\u00e7\u00e3o especial de alta complexidade, denominada Servi\u00e7o de Acompanhamento Institucional para Crian\u00e7a e Adolescente.<\/p>\n<p><strong>INCENTIVO \u00c0 CRIA\u00c7\u00c3O DE HORTAS COMUNIT\u00c1RIAS E FAMILIARES &#8211;<\/strong> O projeto que institui o Programa de Incentivo \u00e0 Implanta\u00e7\u00e3o de Hortas Comunit\u00e1rias e Familiares em Muria\u00e9, de autoria do vereador Evandro Cheroso (PR), objetiva aproveitar m\u00e3o de obra de pessoas desempregadas, oportunizar o empreendimento familiar, proporcionar terapia ocupacional para as pessoas da terceira idade, aproveitar \u00e1reas devolutas, manter terrenos limpos e ocupados, evitar a invas\u00e3o de terrenos desocupados e zelar pelo uso seguro, sustent\u00e1vel, tempor\u00e1rio e respons\u00e1vel de bens m\u00f3veis subutilizados.<\/p>\n<p>As hortas devem ser desenvolvidas em \u00e1reas p\u00fablicas municipais, declaradas de utilidade p\u00fablica e desocupadas, terrenos de associa\u00e7\u00f5es de moradores que possuem espa\u00e7o para plantio e terrenos ou glebas particulares. Segundo o vereador Evandro Cheroso, o programa, a ser implantado em momento de crise econ\u00f4mica nacional, deve fomentar uma oportunidade de gera\u00e7\u00e3o de renda, principalmente \u00e0s pessoas que est\u00e3o desempregadas, com o aproveitamento de \u00e1reas que estavam ociosas e improdutivas. Seus resultados poder\u00e3o ser sentidos na melhoria de qualidade da alimenta\u00e7\u00e3o na cidade, na elimina\u00e7\u00e3o dos terrenos baldios e no fortalecimento da produ\u00e7\u00e3o agr\u00edcola local.<\/p>\n<p><strong>MAIOR VISIBILIDADE \u00c0S OUVIDORIAS DE MURIA\u00c9 &#8211;<\/strong> O vereador Evandro Cheroso (PR) teve aprovado tamb\u00e9m o projeto que disp\u00f5e sobre a obrigatoriedade de exposi\u00e7\u00e3o de placa de identifica\u00e7\u00e3o com n\u00famero de telefone e email de acesso das ouvidorias dos \u00f3rg\u00e3os p\u00fablicos municipais. Desta forma, todos os usu\u00e1rios dos servi\u00e7os p\u00fablicos municipais ter\u00e3o facilidade de registrar seus elogios pelos servi\u00e7os prestados ou a seguran\u00e7a para poder denunciar abusos eventualmente sofridos.<\/p>\n<p><strong>EXAMES R\u00c1PIDOS DE DST\u2019S PARA GESTANTES &#8211;<\/strong> De autoria do vereador Dr Jos\u00e9 Carlos (PSB), foi aprovado o projeto que prev\u00ea a implanta\u00e7\u00e3o do teste r\u00e1pido de HIV, Hepatite B e C e VDRL (generalizar) a todas as gestantes hospitalizadas para terem o seu beb\u00ea, independente do v\u00ednculo ou conv\u00eanio, incluindo as interna\u00e7\u00f5es particulares. Esse trabalho ser\u00e1 monitorado pela Secretaria Municipal de Sa\u00fade de Muria\u00e9.<\/p>\n<p>Segundo o vereador, esse servi\u00e7o, hoje, \u00e9 somente oferecido \u00e0s gestantes do SUS, tornando-se discriminat\u00f3rio para com as demais gestantes. Para ele, essa situa\u00e7\u00e3o gera preocupa\u00e7\u00e3o, pois as gestantes n\u00e3o assistidas e seus beb\u00eas n\u00e3o est\u00e3o isentos do risco, j\u00e1 que as doen\u00e7as em quest\u00e3o s\u00e3o assintom\u00e1ticas e a n\u00e3o realiza\u00e7\u00e3o desses exames p\u00f5e esse grupo espec\u00edfico em risco de consequ\u00eancias que s\u00f3 se revelar\u00e3o posteriormente. O vereador ainda esclarece que esta a\u00e7\u00e3o n\u00e3o vai gerar \u00f4nus ao er\u00e1rio p\u00fablico municipal, j\u00e1 que estes testes e exames j\u00e1 s\u00e3o custeados pelo Minist\u00e9rio da Sa\u00fade no que tange \u00e0 Pol\u00edtica de Medicina Preventiva no Brasil.<\/p>\n<p><strong>SEMANA DE PREVEN\u00c7\u00c3O \u00c0 VIOL\u00caNCIA CONTRA A MULHER &#8211;<\/strong> Outro projeto do vereador Dr Jos\u00e9 Carlos (PSB), que institui a Semana Municipal de Preven\u00e7\u00e3o \u00e0 Viol\u00eancia contra a Mulher, tamb\u00e9m foi aprovado na C\u00e2mara para ocorrer na semana que inserir o dia 25 de novembro. Esta semana ser\u00e1 marcada por campanhas informativas, f\u00f3runs, festividades, palestras, etc, envolvendo fundamentalmente a Delegacia de Aten\u00e7\u00e3o \u00e0 Mulher, a Comiss\u00e3o de Defesa dos Direitos da Mulher e \u00f3rg\u00e3os n\u00e3o governamentais como, por exemplo, os clubes de servi\u00e7os. Para o vereador, a viol\u00eancia contra a mulher vem atingindo \u00edndices \u201cinsuport\u00e1veis e incompat\u00edveis com os ditames de um pa\u00eds civilizado, mesmo diante dos esfor\u00e7os j\u00e1 empregados pelo governo federal para combater este problema\u201d.<\/p>\n<p><strong>CASA LAR PASSA A SE CHAMAR ACOLHIMENTO INSTITUCIONAL &#8211;<\/strong> O Executivo municipal teve aprovado o projeto que cria o servi\u00e7o de prote\u00e7\u00e3o especial de alta complexidade, denominado Servi\u00e7o de Acompanhamento Institucional para Crian\u00e7a e Adolescente. O objeto deste projeto \u00e9 readequar a legisla\u00e7\u00e3o municipal nesta \u00e1rea ao Estatuto da Crian\u00e7a e do Adolescente (ECA). Pelo projeto, a Casa Lar passa a ser denominada Acolhimento Institucional, com um projeto regulamentado de forma mais coerente \u00e0 pol\u00edtica nacional de atendimento ao menor.<\/p>\n","protected":false},"excerpt":{"rendered":"<p>A reuni\u00e3o da C\u00e2mara Municipal desta ter\u00e7a-feira (13) teve a discuss\u00e3o e a aprova\u00e7\u00e3o de v\u00e1rios projetos, alguns significativos para o munic\u00edpio, como o de incentivo \u00e0 cria\u00e7\u00e3o de hortas comunit\u00e1rias e familiares, da maior visibilidade \u00e0s ouvidorias de Muria\u00e9, da realiza\u00e7\u00e3o de exames r\u00e1pidos de DST\u2019s para gestantes, da semana de preven\u00e7\u00e3o \u00e0 viol\u00eancia &#8230; <a title=\"C\u00e2mara aprova v\u00e1rios projetos na reuni\u00e3o desta semana\" class=\"read-more\" href=\"https:\/\/anoticiaonline.com.br\/site\/camara-aprova-varios-projetos-na-reuniao-desta-semana\/\" aria-label=\"Read more about C\u00e2mara aprova v\u00e1rios projetos na reuni\u00e3o desta semana\">Ler mais<\/a><\/p>\n","protected":false},"author":2,"featured_media":32393,"comment_status":"open","ping_status":"open","sticky":false,"template":"","format":"standard","meta":{"_acf_changed":false,"_monsterinsights_skip_tracking":false,"footnotes":""},"categories":[30],"tags":[61,3,63,62],"class_list":["post-32392","post","type-post","status-publish","format-standard","has-post-thumbnail","hentry","category-muriae","tag-camara-muriae","tag-slide","tag-vereador","tag-vereadores"],"acf":[],"aioseo_notices":[],"aioseo_head":"\n\t\t<!-- All in One SEO 5.0.0.1 - aioseo.com -->\n\t<meta name=\"description\" content=\"A reuni\u00e3o da C\u00e2mara Municipal desta ter\u00e7a-feira (13) teve a discuss\u00e3o e a aprova\u00e7\u00e3o de v\u00e1rios projetos, alguns significativos para o munic\u00edpio, como o de incentivo \u00e0 cria\u00e7\u00e3o de hortas comunit\u00e1rias e familiares, da maior visibilidade \u00e0s ouvidorias de Muria\u00e9, da realiza\u00e7\u00e3o de exames r\u00e1pidos de DST\u2019s para gestantes, da semana de preven\u00e7\u00e3o \u00e0 viol\u00eancia\" \/>\n\t<meta name=\"robots\" content=\"max-image-preview:large\" \/>\n\t<meta name=\"author\" content=\"Juliana Laviola\"\/>\n\t<link rel=\"canonical\" href=\"https:\/\/anoticiaonline.com.br\/site\/camara-aprova-varios-projetos-na-reuniao-desta-semana\/\" \/>\n\t<meta name=\"generator\" content=\"All in One SEO (AIOSEO) 5.0.0.1\" \/>\n\t\t<meta property=\"og:locale\" content=\"pt_BR\" \/>\n\t\t<meta property=\"og:site_name\" content=\"A Not\u00edcia Online - Noticias de Muria\u00e9 e regi\u00e3o\" \/>\n\t\t<meta property=\"og:type\" content=\"article\" \/>\n\t\t<meta property=\"og:title\" content=\"C\u00e2mara aprova v\u00e1rios projetos na reuni\u00e3o desta semana - A Not\u00edcia Online\" \/>\n\t\t<meta property=\"og:description\" content=\"A reuni\u00e3o da C\u00e2mara Municipal desta ter\u00e7a-feira (13) teve a discuss\u00e3o e a aprova\u00e7\u00e3o de v\u00e1rios projetos, alguns significativos para o munic\u00edpio, como o de incentivo \u00e0 cria\u00e7\u00e3o de hortas comunit\u00e1rias e familiares, da maior visibilidade \u00e0s ouvidorias de Muria\u00e9, da realiza\u00e7\u00e3o de exames r\u00e1pidos de DST\u2019s para gestantes, da semana de preven\u00e7\u00e3o \u00e0 viol\u00eancia\" \/>\n\t\t<meta property=\"og:url\" content=\"https:\/\/anoticiaonline.com.br\/site\/camara-aprova-varios-projetos-na-reuniao-desta-semana\/\" \/>\n\t\t<meta property=\"og:image\" content=\"https:\/\/scontent-gig4-1.xx.fbcdn.net\/v\/t39.30808-1\/270437624_4564083193639691_6907940295614233970_n.jpg?stp=dst-jpg_s200x200_tt6&#038;_nc_cat=111&#038;ccb=1-7&#038;_nc_sid=f907e8&#038;_nc_ohc=SM1wRlP3lJwQ7kNvwEPuBYA&#038;_nc_oc=AdnqrjDN_BNjSSHWO-GbkIWH6fkGMLw4bqvL_NH6e2wMveX7G-rP2dAqsDSq1mJMOaY&#038;_nc_zt=24&#038;_nc_ht=scontent-gig4-1.xx&#038;_nc_gid=AoBFJeGrT1hVaew_6rchkQ&#038;oh=00_AfX7QmFGhQhG2jAllVgXCiM1ZrWgvtp80-Bfppyexh1QEg&#038;oe=689E923C\" \/>\n\t\t<meta property=\"og:image:secure_url\" content=\"https:\/\/scontent-gig4-1.xx.fbcdn.net\/v\/t39.30808-1\/270437624_4564083193639691_6907940295614233970_n.jpg?stp=dst-jpg_s200x200_tt6&#038;_nc_cat=111&#038;ccb=1-7&#038;_nc_sid=f907e8&#038;_nc_ohc=SM1wRlP3lJwQ7kNvwEPuBYA&#038;_nc_oc=AdnqrjDN_BNjSSHWO-GbkIWH6fkGMLw4bqvL_NH6e2wMveX7G-rP2dAqsDSq1mJMOaY&#038;_nc_zt=24&#038;_nc_ht=scontent-gig4-1.xx&#038;_nc_gid=AoBFJeGrT1hVaew_6rchkQ&#038;oh=00_AfX7QmFGhQhG2jAllVgXCiM1ZrWgvtp80-Bfppyexh1QEg&#038;oe=689E923C\" \/>\n\t\t<meta property=\"article:published_time\" content=\"2017-06-14T19:32:24+00:00\" \/>\n\t\t<meta property=\"article:modified_time\" content=\"2017-06-15T02:30:59+00:00\" \/>\n\t\t<meta name=\"twitter:card\" content=\"summary_large_image\" \/>\n\t\t<meta name=\"twitter:title\" content=\"C\u00e2mara aprova v\u00e1rios projetos na reuni\u00e3o desta semana - A Not\u00edcia Online\" \/>\n\t\t<meta name=\"twitter:description\" content=\"A reuni\u00e3o da C\u00e2mara Municipal desta ter\u00e7a-feira (13) teve a discuss\u00e3o e a aprova\u00e7\u00e3o de v\u00e1rios projetos, alguns significativos para o munic\u00edpio, como o de incentivo \u00e0 cria\u00e7\u00e3o de hortas comunit\u00e1rias e familiares, da maior visibilidade \u00e0s ouvidorias de Muria\u00e9, da realiza\u00e7\u00e3o de exames r\u00e1pidos de DST\u2019s para gestantes, da semana de preven\u00e7\u00e3o \u00e0 viol\u00eancia\" \/>\n\t\t<meta name=\"twitter:image\" content=\"https:\/\/scontent-gig4-1.xx.fbcdn.net\/v\/t39.30808-1\/270437624_4564083193639691_6907940295614233970_n.jpg?stp=dst-jpg_s200x200_tt6&amp;_nc_cat=111&amp;ccb=1-7&amp;_nc_sid=f907e8&amp;_nc_ohc=SM1wRlP3lJwQ7kNvwEPuBYA&amp;_nc_oc=AdnqrjDN_BNjSSHWO-GbkIWH6fkGMLw4bqvL_NH6e2wMveX7G-rP2dAqsDSq1mJMOaY&amp;_nc_zt=24&amp;_nc_ht=scontent-gig4-1.xx&amp;_nc_gid=AoBFJeGrT1hVaew_6rchkQ&amp;oh=00_AfX7QmFGhQhG2jAllVgXCiM1ZrWgvtp80-Bfppyexh1QEg&amp;oe=689E923C\" \/>\n\t\t<script type=\"application\/ld+json\" class=\"aioseo-schema\">\n\t\t\t{\"@context\":\"https:\\\/\\\/schema.org\",\"@graph\":[{\"@type\":\"BlogPosting\",\"@id\":\"https:\\\/\\\/anoticiaonline.com.br\\\/site\\\/camara-aprova-varios-projetos-na-reuniao-desta-semana\\\/#blogposting\",\"name\":\"C\\u00e2mara aprova v\\u00e1rios projetos na reuni\\u00e3o desta semana - A Not\\u00edcia Online\",\"headline\":\"C\\u00e2mara aprova v\\u00e1rios projetos na reuni\\u00e3o desta semana\",\"author\":{\"@id\":\"https:\\\/\\\/anoticiaonline.com.br\\\/site\\\/author\\\/juliana\\\/#author\"},\"publisher\":{\"@id\":\"https:\\\/\\\/anoticiaonline.com.br\\\/site\\\/#organization\"},\"image\":{\"@type\":\"ImageObject\",\"url\":\"https:\\\/\\\/anoticiaonline.com.br\\\/site\\\/wp-content\\\/uploads\\\/2017\\\/06\\\/C\\u00e2mara-aprova-v\\u00e1rios-projetos-na-reuni\\u00e3o-desta-semana.jpg\",\"width\":640,\"height\":480},\"datePublished\":\"2017-06-14T16:32:24-03:00\",\"dateModified\":\"2017-06-14T23:30:59-03:00\",\"inLanguage\":\"pt-BR\",\"mainEntityOfPage\":{\"@id\":\"https:\\\/\\\/anoticiaonline.com.br\\\/site\\\/camara-aprova-varios-projetos-na-reuniao-desta-semana\\\/#webpage\"},\"isPartOf\":{\"@id\":\"https:\\\/\\\/anoticiaonline.com.br\\\/site\\\/camara-aprova-varios-projetos-na-reuniao-desta-semana\\\/#webpage\"},\"articleSection\":\"Blog, C\\u00e2mara Muria\\u00e9, slide, vereador, vereadores\"},{\"@type\":\"BreadcrumbList\",\"@id\":\"https:\\\/\\\/anoticiaonline.com.br\\\/site\\\/camara-aprova-varios-projetos-na-reuniao-desta-semana\\\/#breadcrumblist\",\"itemListElement\":[{\"@type\":\"ListItem\",\"@id\":\"https:\\\/\\\/anoticiaonline.com.br\\\/site#listItem\",\"position\":1,\"name\":\"Home\",\"item\":\"https:\\\/\\\/anoticiaonline.com.br\\\/site\",\"nextItem\":{\"@type\":\"ListItem\",\"@id\":\"https:\\\/\\\/anoticiaonline.com.br\\\/site\\\/categoria\\\/muriae\\\/#listItem\",\"name\":\"Blog\"}},{\"@type\":\"ListItem\",\"@id\":\"https:\\\/\\\/anoticiaonline.com.br\\\/site\\\/categoria\\\/muriae\\\/#listItem\",\"position\":2,\"name\":\"Blog\",\"item\":\"https:\\\/\\\/anoticiaonline.com.br\\\/site\\\/categoria\\\/muriae\\\/\",\"nextItem\":{\"@type\":\"ListItem\",\"@id\":\"https:\\\/\\\/anoticiaonline.com.br\\\/site\\\/camara-aprova-varios-projetos-na-reuniao-desta-semana\\\/#listItem\",\"name\":\"C\\u00e2mara aprova v\\u00e1rios projetos na reuni\\u00e3o desta semana\"},\"previousItem\":{\"@type\":\"ListItem\",\"@id\":\"https:\\\/\\\/anoticiaonline.com.br\\\/site#listItem\",\"name\":\"Home\"}},{\"@type\":\"ListItem\",\"@id\":\"https:\\\/\\\/anoticiaonline.com.br\\\/site\\\/camara-aprova-varios-projetos-na-reuniao-desta-semana\\\/#listItem\",\"position\":3,\"name\":\"C\\u00e2mara aprova v\\u00e1rios projetos na reuni\\u00e3o desta semana\",\"previousItem\":{\"@type\":\"ListItem\",\"@id\":\"https:\\\/\\\/anoticiaonline.com.br\\\/site\\\/categoria\\\/muriae\\\/#listItem\",\"name\":\"Blog\"}}]},{\"@type\":\"Organization\",\"@id\":\"https:\\\/\\\/anoticiaonline.com.br\\\/site\\\/#organization\",\"name\":\"A Not\\u00edcia Online\",\"description\":\"Noticias de Muria\\u00e9 e regi\\u00e3o\",\"url\":\"https:\\\/\\\/anoticiaonline.com.br\\\/site\\\/\",\"logo\":{\"@type\":\"ImageObject\",\"url\":\"https:\\\/\\\/scontent-gig4-1.xx.fbcdn.net\\\/v\\\/t39.30808-1\\\/270437624_4564083193639691_6907940295614233970_n.jpg?stp=dst-jpg_s200x200_tt6&_nc_cat=111&ccb=1-7&_nc_sid=f907e8&_nc_ohc=SM1wRlP3lJwQ7kNvwEPuBYA&_nc_oc=AdnqrjDN_BNjSSHWO-GbkIWH6fkGMLw4bqvL_NH6e2wMveX7G-rP2dAqsDSq1mJMOaY&_nc_zt=24&_nc_ht=scontent-gig4-1.xx&_nc_gid=AoBFJeGrT1hVaew_6rchkQ&oh=00_AfX7QmFGhQhG2jAllVgXCiM1ZrWgvtp80-Bfppyexh1QEg&oe=689E923C\",\"@id\":\"https:\\\/\\\/anoticiaonline.com.br\\\/site\\\/camara-aprova-varios-projetos-na-reuniao-desta-semana\\\/#organizationLogo\"},\"image\":{\"@id\":\"https:\\\/\\\/anoticiaonline.com.br\\\/site\\\/camara-aprova-varios-projetos-na-reuniao-desta-semana\\\/#organizationLogo\"}},{\"@type\":\"Person\",\"@id\":\"https:\\\/\\\/anoticiaonline.com.br\\\/site\\\/author\\\/juliana\\\/#author\",\"url\":\"https:\\\/\\\/anoticiaonline.com.br\\\/site\\\/author\\\/juliana\\\/\",\"name\":\"Juliana Laviola\",\"image\":{\"@type\":\"ImageObject\",\"@id\":\"https:\\\/\\\/anoticiaonline.com.br\\\/site\\\/camara-aprova-varios-projetos-na-reuniao-desta-semana\\\/#authorImage\",\"url\":\"https:\\\/\\\/secure.gravatar.com\\\/avatar\\\/b8d45f5c699b100dfaf0e543582f38f38bf94cb7ae3a5e9abf8d891a34773335?s=96&d=mm&r=g\",\"width\":96,\"height\":96,\"caption\":\"Juliana Laviola\"}},{\"@type\":\"WebPage\",\"@id\":\"https:\\\/\\\/anoticiaonline.com.br\\\/site\\\/camara-aprova-varios-projetos-na-reuniao-desta-semana\\\/#webpage\",\"url\":\"https:\\\/\\\/anoticiaonline.com.br\\\/site\\\/camara-aprova-varios-projetos-na-reuniao-desta-semana\\\/\",\"name\":\"C\\u00e2mara aprova v\\u00e1rios projetos na reuni\\u00e3o desta semana - A Not\\u00edcia Online\",\"description\":\"A reuni\\u00e3o da C\\u00e2mara Municipal desta ter\\u00e7a-feira (13) teve a discuss\\u00e3o e a aprova\\u00e7\\u00e3o de v\\u00e1rios projetos, alguns significativos para o munic\\u00edpio, como o de incentivo \\u00e0 cria\\u00e7\\u00e3o de hortas comunit\\u00e1rias e familiares, da maior visibilidade \\u00e0s ouvidorias de Muria\\u00e9, da realiza\\u00e7\\u00e3o de exames r\\u00e1pidos de DST\\u2019s para gestantes, da semana de preven\\u00e7\\u00e3o \\u00e0 viol\\u00eancia\",\"inLanguage\":\"pt-BR\",\"isPartOf\":{\"@id\":\"https:\\\/\\\/anoticiaonline.com.br\\\/site\\\/#website\"},\"breadcrumb\":{\"@id\":\"https:\\\/\\\/anoticiaonline.com.br\\\/site\\\/camara-aprova-varios-projetos-na-reuniao-desta-semana\\\/#breadcrumblist\"},\"author\":{\"@id\":\"https:\\\/\\\/anoticiaonline.com.br\\\/site\\\/author\\\/juliana\\\/#author\"},\"creator\":{\"@id\":\"https:\\\/\\\/anoticiaonline.com.br\\\/site\\\/author\\\/juliana\\\/#author\"},\"image\":{\"@type\":\"ImageObject\",\"url\":\"https:\\\/\\\/anoticiaonline.com.br\\\/site\\\/wp-content\\\/uploads\\\/2017\\\/06\\\/C\\u00e2mara-aprova-v\\u00e1rios-projetos-na-reuni\\u00e3o-desta-semana.jpg\",\"@id\":\"https:\\\/\\\/anoticiaonline.com.br\\\/site\\\/camara-aprova-varios-projetos-na-reuniao-desta-semana\\\/#mainImage\",\"width\":640,\"height\":480},\"primaryImageOfPage\":{\"@id\":\"https:\\\/\\\/anoticiaonline.com.br\\\/site\\\/camara-aprova-varios-projetos-na-reuniao-desta-semana\\\/#mainImage\"},\"datePublished\":\"2017-06-14T16:32:24-03:00\",\"dateModified\":\"2017-06-14T23:30:59-03:00\"},{\"@type\":\"WebSite\",\"@id\":\"https:\\\/\\\/anoticiaonline.com.br\\\/site\\\/#website\",\"url\":\"https:\\\/\\\/anoticiaonline.com.br\\\/site\\\/\",\"name\":\"A Not\\u00edcia Online\",\"description\":\"Noticias de Muria\\u00e9 e regi\\u00e3o\",\"inLanguage\":\"pt-BR\",\"publisher\":{\"@id\":\"https:\\\/\\\/anoticiaonline.com.br\\\/site\\\/#organization\"}}]}\n\t\t<\/script>\n\t\t<!-- All in One SEO -->\n\n","aioseo_head_json":{"title":"C\u00e2mara aprova v\u00e1rios projetos na reuni\u00e3o desta semana - A Not\u00edcia Online","description":"A reuni\u00e3o da C\u00e2mara Municipal desta ter\u00e7a-feira (13) teve a discuss\u00e3o e a aprova\u00e7\u00e3o de v\u00e1rios projetos, alguns significativos para o munic\u00edpio, como o de incentivo \u00e0 cria\u00e7\u00e3o de hortas comunit\u00e1rias e familiares, da maior visibilidade \u00e0s ouvidorias de Muria\u00e9, da realiza\u00e7\u00e3o de exames r\u00e1pidos de DST\u2019s para gestantes, da semana de preven\u00e7\u00e3o \u00e0 viol\u00eancia","canonical_url":"https:\/\/anoticiaonline.com.br\/site\/camara-aprova-varios-projetos-na-reuniao-desta-semana\/","robots":"max-image-preview:large","keywords":"","webmasterTools":{"miscellaneous":""},"schema":{"@context":"https:\/\/schema.org","@graph":[{"@type":"BlogPosting","@id":"https:\/\/anoticiaonline.com.br\/site\/camara-aprova-varios-projetos-na-reuniao-desta-semana\/#blogposting","name":"C\u00e2mara aprova v\u00e1rios projetos na reuni\u00e3o desta semana - A Not\u00edcia Online","headline":"C\u00e2mara aprova v\u00e1rios projetos na reuni\u00e3o desta semana","author":{"@id":"https:\/\/anoticiaonline.com.br\/site\/author\/juliana\/#author"},"publisher":{"@id":"https:\/\/anoticiaonline.com.br\/site\/#organization"},"image":{"@type":"ImageObject","url":"https:\/\/anoticiaonline.com.br\/site\/wp-content\/uploads\/2017\/06\/C\u00e2mara-aprova-v\u00e1rios-projetos-na-reuni\u00e3o-desta-semana.jpg","width":640,"height":480},"datePublished":"2017-06-14T16:32:24-03:00","dateModified":"2017-06-14T23:30:59-03:00","inLanguage":"pt-BR","mainEntityOfPage":{"@id":"https:\/\/anoticiaonline.com.br\/site\/camara-aprova-varios-projetos-na-reuniao-desta-semana\/#webpage"},"isPartOf":{"@id":"https:\/\/anoticiaonline.com.br\/site\/camara-aprova-varios-projetos-na-reuniao-desta-semana\/#webpage"},"articleSection":"Blog, C\u00e2mara Muria\u00e9, slide, vereador, vereadores"},{"@type":"BreadcrumbList","@id":"https:\/\/anoticiaonline.com.br\/site\/camara-aprova-varios-projetos-na-reuniao-desta-semana\/#breadcrumblist","itemListElement":[{"@type":"ListItem","@id":"https:\/\/anoticiaonline.com.br\/site#listItem","position":1,"name":"Home","item":"https:\/\/anoticiaonline.com.br\/site","nextItem":{"@type":"ListItem","@id":"https:\/\/anoticiaonline.com.br\/site\/categoria\/muriae\/#listItem","name":"Blog"}},{"@type":"ListItem","@id":"https:\/\/anoticiaonline.com.br\/site\/categoria\/muriae\/#listItem","position":2,"name":"Blog","item":"https:\/\/anoticiaonline.com.br\/site\/categoria\/muriae\/","nextItem":{"@type":"ListItem","@id":"https:\/\/anoticiaonline.com.br\/site\/camara-aprova-varios-projetos-na-reuniao-desta-semana\/#listItem","name":"C\u00e2mara aprova v\u00e1rios projetos na reuni\u00e3o desta semana"},"previousItem":{"@type":"ListItem","@id":"https:\/\/anoticiaonline.com.br\/site#listItem","name":"Home"}},{"@type":"ListItem","@id":"https:\/\/anoticiaonline.com.br\/site\/camara-aprova-varios-projetos-na-reuniao-desta-semana\/#listItem","position":3,"name":"C\u00e2mara aprova v\u00e1rios projetos na reuni\u00e3o desta semana","previousItem":{"@type":"ListItem","@id":"https:\/\/anoticiaonline.com.br\/site\/categoria\/muriae\/#listItem","name":"Blog"}}]},{"@type":"Organization","@id":"https:\/\/anoticiaonline.com.br\/site\/#organization","name":"A Not\u00edcia Online","description":"Noticias de Muria\u00e9 e regi\u00e3o","url":"https:\/\/anoticiaonline.com.br\/site\/","logo":{"@type":"ImageObject","url":"https:\/\/scontent-gig4-1.xx.fbcdn.net\/v\/t39.30808-1\/270437624_4564083193639691_6907940295614233970_n.jpg?stp=dst-jpg_s200x200_tt6&_nc_cat=111&ccb=1-7&_nc_sid=f907e8&_nc_ohc=SM1wRlP3lJwQ7kNvwEPuBYA&_nc_oc=AdnqrjDN_BNjSSHWO-GbkIWH6fkGMLw4bqvL_NH6e2wMveX7G-rP2dAqsDSq1mJMOaY&_nc_zt=24&_nc_ht=scontent-gig4-1.xx&_nc_gid=AoBFJeGrT1hVaew_6rchkQ&oh=00_AfX7QmFGhQhG2jAllVgXCiM1ZrWgvtp80-Bfppyexh1QEg&oe=689E923C","@id":"https:\/\/anoticiaonline.com.br\/site\/camara-aprova-varios-projetos-na-reuniao-desta-semana\/#organizationLogo"},"image":{"@id":"https:\/\/anoticiaonline.com.br\/site\/camara-aprova-varios-projetos-na-reuniao-desta-semana\/#organizationLogo"}},{"@type":"Person","@id":"https:\/\/anoticiaonline.com.br\/site\/author\/juliana\/#author","url":"https:\/\/anoticiaonline.com.br\/site\/author\/juliana\/","name":"Juliana Laviola","image":{"@type":"ImageObject","@id":"https:\/\/anoticiaonline.com.br\/site\/camara-aprova-varios-projetos-na-reuniao-desta-semana\/#authorImage","url":"https:\/\/secure.gravatar.com\/avatar\/b8d45f5c699b100dfaf0e543582f38f38bf94cb7ae3a5e9abf8d891a34773335?s=96&d=mm&r=g","width":96,"height":96,"caption":"Juliana Laviola"}},{"@type":"WebPage","@id":"https:\/\/anoticiaonline.com.br\/site\/camara-aprova-varios-projetos-na-reuniao-desta-semana\/#webpage","url":"https:\/\/anoticiaonline.com.br\/site\/camara-aprova-varios-projetos-na-reuniao-desta-semana\/","name":"C\u00e2mara aprova v\u00e1rios projetos na reuni\u00e3o desta semana - A Not\u00edcia Online","description":"A reuni\u00e3o da C\u00e2mara Municipal desta ter\u00e7a-feira (13) teve a discuss\u00e3o e a aprova\u00e7\u00e3o de v\u00e1rios projetos, alguns significativos para o munic\u00edpio, como o de incentivo \u00e0 cria\u00e7\u00e3o de hortas comunit\u00e1rias e familiares, da maior visibilidade \u00e0s ouvidorias de Muria\u00e9, da realiza\u00e7\u00e3o de exames r\u00e1pidos de DST\u2019s para gestantes, da semana de preven\u00e7\u00e3o \u00e0 viol\u00eancia","inLanguage":"pt-BR","isPartOf":{"@id":"https:\/\/anoticiaonline.com.br\/site\/#website"},"breadcrumb":{"@id":"https:\/\/anoticiaonline.com.br\/site\/camara-aprova-varios-projetos-na-reuniao-desta-semana\/#breadcrumblist"},"author":{"@id":"https:\/\/anoticiaonline.com.br\/site\/author\/juliana\/#author"},"creator":{"@id":"https:\/\/anoticiaonline.com.br\/site\/author\/juliana\/#author"},"image":{"@type":"ImageObject","url":"https:\/\/anoticiaonline.com.br\/site\/wp-content\/uploads\/2017\/06\/C\u00e2mara-aprova-v\u00e1rios-projetos-na-reuni\u00e3o-desta-semana.jpg","@id":"https:\/\/anoticiaonline.com.br\/site\/camara-aprova-varios-projetos-na-reuniao-desta-semana\/#mainImage","width":640,"height":480},"primaryImageOfPage":{"@id":"https:\/\/anoticiaonline.com.br\/site\/camara-aprova-varios-projetos-na-reuniao-desta-semana\/#mainImage"},"datePublished":"2017-06-14T16:32:24-03:00","dateModified":"2017-06-14T23:30:59-03:00"},{"@type":"WebSite","@id":"https:\/\/anoticiaonline.com.br\/site\/#website","url":"https:\/\/anoticiaonline.com.br\/site\/","name":"A Not\u00edcia Online","description":"Noticias de Muria\u00e9 e regi\u00e3o","inLanguage":"pt-BR","publisher":{"@id":"https:\/\/anoticiaonline.com.br\/site\/#organization"}}]},"og:locale":"pt_BR","og:site_name":"A Not\u00edcia Online - Noticias de Muria\u00e9 e regi\u00e3o","og:type":"article","og:title":"C\u00e2mara aprova v\u00e1rios projetos na reuni\u00e3o desta semana - A Not\u00edcia Online","og:description":"A reuni\u00e3o da C\u00e2mara Municipal desta ter\u00e7a-feira (13) teve a discuss\u00e3o e a aprova\u00e7\u00e3o de v\u00e1rios projetos, alguns significativos para o munic\u00edpio, como o de incentivo \u00e0 cria\u00e7\u00e3o de hortas comunit\u00e1rias e familiares, da maior visibilidade \u00e0s ouvidorias de Muria\u00e9, da realiza\u00e7\u00e3o de exames r\u00e1pidos de DST\u2019s para gestantes, da semana de preven\u00e7\u00e3o \u00e0 viol\u00eancia","og:url":"https:\/\/anoticiaonline.com.br\/site\/camara-aprova-varios-projetos-na-reuniao-desta-semana\/","og:image":"https:\/\/scontent-gig4-1.xx.fbcdn.net\/v\/t39.30808-1\/270437624_4564083193639691_6907940295614233970_n.jpg?stp=dst-jpg_s200x200_tt6&#038;_nc_cat=111&#038;ccb=1-7&#038;_nc_sid=f907e8&#038;_nc_ohc=SM1wRlP3lJwQ7kNvwEPuBYA&#038;_nc_oc=AdnqrjDN_BNjSSHWO-GbkIWH6fkGMLw4bqvL_NH6e2wMveX7G-rP2dAqsDSq1mJMOaY&#038;_nc_zt=24&#038;_nc_ht=scontent-gig4-1.xx&#038;_nc_gid=AoBFJeGrT1hVaew_6rchkQ&#038;oh=00_AfX7QmFGhQhG2jAllVgXCiM1ZrWgvtp80-Bfppyexh1QEg&#038;oe=689E923C","og:image:secure_url":"https:\/\/scontent-gig4-1.xx.fbcdn.net\/v\/t39.30808-1\/270437624_4564083193639691_6907940295614233970_n.jpg?stp=dst-jpg_s200x200_tt6&#038;_nc_cat=111&#038;ccb=1-7&#038;_nc_sid=f907e8&#038;_nc_ohc=SM1wRlP3lJwQ7kNvwEPuBYA&#038;_nc_oc=AdnqrjDN_BNjSSHWO-GbkIWH6fkGMLw4bqvL_NH6e2wMveX7G-rP2dAqsDSq1mJMOaY&#038;_nc_zt=24&#038;_nc_ht=scontent-gig4-1.xx&#038;_nc_gid=AoBFJeGrT1hVaew_6rchkQ&#038;oh=00_AfX7QmFGhQhG2jAllVgXCiM1ZrWgvtp80-Bfppyexh1QEg&#038;oe=689E923C","article:published_time":"2017-06-14T19:32:24+00:00","article:modified_time":"2017-06-15T02:30:59+00:00","twitter:card":"summary_large_image","twitter:title":"C\u00e2mara aprova v\u00e1rios projetos na reuni\u00e3o desta semana - A Not\u00edcia Online","twitter:description":"A reuni\u00e3o da C\u00e2mara Municipal desta ter\u00e7a-feira (13) teve a discuss\u00e3o e a aprova\u00e7\u00e3o de v\u00e1rios projetos, alguns significativos para o munic\u00edpio, como o de incentivo \u00e0 cria\u00e7\u00e3o de hortas comunit\u00e1rias e familiares, da maior visibilidade \u00e0s ouvidorias de Muria\u00e9, da realiza\u00e7\u00e3o de exames r\u00e1pidos de DST\u2019s para gestantes, da semana de preven\u00e7\u00e3o \u00e0 viol\u00eancia","twitter:image":"https:\/\/scontent-gig4-1.xx.fbcdn.net\/v\/t39.30808-1\/270437624_4564083193639691_6907940295614233970_n.jpg?stp=dst-jpg_s200x200_tt6&_nc_cat=111&ccb=1-7&_nc_sid=f907e8&_nc_ohc=SM1wRlP3lJwQ7kNvwEPuBYA&_nc_oc=AdnqrjDN_BNjSSHWO-GbkIWH6fkGMLw4bqvL_NH6e2wMveX7G-rP2dAqsDSq1mJMOaY&_nc_zt=24&_nc_ht=scontent-gig4-1.xx&_nc_gid=AoBFJeGrT1hVaew_6rchkQ&oh=00_AfX7QmFGhQhG2jAllVgXCiM1ZrWgvtp80-Bfppyexh1QEg&oe=689E923C"},"aioseo_meta_data":{"post_id":"32392","title":null,"description":null,"keywords":null,"keyphrases":null,"primary_term":null,"canonical_url":null,"og_title":null,"og_description":null,"og_object_type":"default","og_image_type":"default","og_image_url":null,"og_image_width":null,"og_image_height":null,"og_image_custom_url":null,"og_image_custom_fields":null,"og_video":null,"og_custom_url":null,"og_article_section":null,"og_article_tags":null,"twitter_use_og":false,"twitter_card":"default","twitter_image_type":"default","twitter_image_url":null,"twitter_image_custom_url":null,"twitter_image_custom_fields":null,"twitter_title":null,"twitter_description":null,"schema":{"blockGraphs":[],"customGraphs":[],"default":{"data":{"Article":[],"Course":[],"Dataset":[],"FAQPage":[],"Movie":[],"Person":[],"Product":[],"ProductReview":[],"Car":[],"Recipe":[],"Service":[],"SoftwareApplication":[],"WebPage":[]},"graphName":"","isEnabled":true},"graphs":[]},"schema_type":"default","schema_type_options":null,"pillar_content":false,"robots_default":true,"robots_noindex":false,"robots_noarchive":false,"robots_nosnippet":false,"robots_nofollow":false,"robots_noimageindex":false,"robots_noodp":false,"robots_notranslate":false,"robots_max_snippet":null,"robots_max_videopreview":null,"robots_max_imagepreview":"large","priority":null,"frequency":null,"local_seo":null,"breadcrumb_settings":null,"limit_modified_date":false,"ai":null,"created":"2025-08-16 18:39:29","updated":"2025-08-16 18:39:29","focus_keyword":null,"additional_keywords":null,"truseo_locale":null,"seo_analyzer_scan_date":null},"aioseo_breadcrumb":"<div class=\"aioseo-breadcrumbs\"><span class=\"aioseo-breadcrumb\">\n\t\t\t<a href=\"https:\/\/anoticiaonline.com.br\/site\" title=\"Home\">Home<\/a>\n\t\t<\/span><span class=\"aioseo-breadcrumb-separator\">&raquo;<\/span><span class=\"aioseo-breadcrumb\">\n\t\t\t<a href=\"https:\/\/anoticiaonline.com.br\/site\/categoria\/muriae\/\" title=\"Blog\">Blog<\/a>\n\t\t<\/span><span class=\"aioseo-breadcrumb-separator\">&raquo;<\/span><span class=\"aioseo-breadcrumb\">\n\t\t\tC\u00e2mara aprova v\u00e1rios projetos na reuni\u00e3o desta semana\n\t\t<\/span><\/div>","aioseo_breadcrumb_json":[{"label":"Home","link":"https:\/\/anoticiaonline.com.br\/site"},{"label":"Blog","link":"https:\/\/anoticiaonline.com.br\/site\/categoria\/muriae\/"},{"label":"C\u00e2mara aprova v\u00e1rios projetos na reuni\u00e3o desta semana","link":"https:\/\/anoticiaonline.com.br\/site\/camara-aprova-varios-projetos-na-reuniao-desta-semana\/"}],"views":150,"_links":{"self":[{"href":"https:\/\/anoticiaonline.com.br\/site\/wp-json\/wp\/v2\/posts\/32392","targetHints":{"allow":["GET"]}}],"collection":[{"href":"https:\/\/anoticiaonline.com.br\/site\/wp-json\/wp\/v2\/posts"}],"about":[{"href":"https:\/\/anoticiaonline.com.br\/site\/wp-json\/wp\/v2\/types\/post"}],"author":[{"embeddable":true,"href":"https:\/\/anoticiaonline.com.br\/site\/wp-json\/wp\/v2\/users\/2"}],"replies":[{"embeddable":true,"href":"https:\/\/anoticiaonline.com.br\/site\/wp-json\/wp\/v2\/comments?post=32392"}],"version-history":[{"count":0,"href":"https:\/\/anoticiaonline.com.br\/site\/wp-json\/wp\/v2\/posts\/32392\/revisions"}],"wp:featuredmedia":[{"embeddable":true,"href":"https:\/\/anoticiaonline.com.br\/site\/wp-json\/wp\/v2\/media\/32393"}],"wp:attachment":[{"href":"https:\/\/anoticiaonline.com.br\/site\/wp-json\/wp\/v2\/media?parent=32392"}],"wp:term":[{"taxonomy":"category","embeddable":true,"href":"https:\/\/anoticiaonline.com.br\/site\/wp-json\/wp\/v2\/categories?post=32392"},{"taxonomy":"post_tag","embeddable":true,"href":"https:\/\/anoticiaonline.com.br\/site\/wp-json\/wp\/v2\/tags?post=32392"}],"curies":[{"name":"wp","href":"https:\/\/api.w.org\/{rel}","templated":true}]}}