{"id":32328,"date":"2017-06-14T11:17:33","date_gmt":"2017-06-14T14:17:33","guid":{"rendered":"http:\/\/anoticiaonline.com.br\/site\/?p=32328"},"modified":"2017-06-14T23:00:33","modified_gmt":"2017-06-15T02:00:33","slug":"center-fruti-e-inaugurado-no-centro","status":"publish","type":"post","link":"https:\/\/anoticiaonline.com.br\/site\/center-fruti-e-inaugurado-no-centro\/","title":{"rendered":"Center Fruti \u00e9 inaugurado no Centro"},"content":{"rendered":"<p><a href=\"https:\/\/anoticiaonline.com.br\/site\/wp-content\/uploads\/2017\/06\/DSC_04561.jpg\"><img fetchpriority=\"high\" decoding=\"async\" class=\" size-medium wp-image-32372 alignleft\" src=\"https:\/\/anoticiaonline.com.br\/site\/wp-content\/uploads\/2017\/06\/DSC_04561-300x200.jpg\" alt=\"DSC_0456\" width=\"300\" height=\"200\" srcset=\"https:\/\/anoticiaonline.com.br\/site\/wp-content\/uploads\/2017\/06\/DSC_04561-300x200.jpg 300w, https:\/\/anoticiaonline.com.br\/site\/wp-content\/uploads\/2017\/06\/DSC_04561.jpg 640w\" sizes=\"(max-width: 300px) 100vw, 300px\" \/><\/a>O Centro conta com uma nova op\u00e7\u00e3o em hortifruti. Localizado na Rua Capit\u00e3o Jos\u00e9 Justino, 145, Centro (antiga Ag\u00eancia de Jornais e Revistas Mannarino), o Center Fruti possui uma ampla variedade de legumes, frutas e verduras, todos fresquinhos. Tamb\u00e9m oferece salgados, refrigerantes, biscoitos, balas e doces. \u00a0<em>(Confira a galeria de fotos no final da p\u00e1gina)<\/em><\/p>\n<p>A inaugura\u00e7\u00e3o aconteceu na ter\u00e7a-feira (13). Os propriet\u00e1rios, Isa\u00edas Paulino Loreti e Renan Lucas Loreti Vilela, contam que a ideia de montar um hortifruti em pleno centro da cidade surgiu para suprir uma necessidade local e tamb\u00e9m para facilitar a compra destes produtos pelos clientes. \u201c\u00c9 tamb\u00e9m um sonho antigo nosso. Temos uma barraca na feira, mas sempre tivemos o desejo de montar nosso pr\u00f3prio hortifruti\u201d, contam eles, que t\u00eam experi\u00eancia de cinco anos no segmento.<\/p>\n<p>O Center Fruti funciona de segunda a sexta-feira, de 6h30min \u00e0s 19h, aos s\u00e1bados, de 6h30min \u00e0s 17h, e aos domingos, de 6h30min ao meio-dia.<\/p>\n<p><strong>GALERIA DE FOTOS:<\/strong><\/p>\n<p><img decoding=\"async\" class=\"ngg_displayed_gallery mceItem\" src=\"https:\/\/anoticiaonline.com.br\/site\/nextgen-attach_to_post\/preview\/id--32369\" alt=\"\" \/><\/p>\n<p>&nbsp;<\/p>\n","protected":false},"excerpt":{"rendered":"<p>O Centro conta com uma nova op\u00e7\u00e3o em hortifruti. Localizado na Rua Capit\u00e3o Jos\u00e9 Justino, 145, Centro (antiga Ag\u00eancia de Jornais e Revistas Mannarino), o Center Fruti possui uma ampla variedade de legumes, frutas e verduras, todos fresquinhos. Tamb\u00e9m oferece salgados, refrigerantes, biscoitos, balas e doces. \u00a0(Confira a galeria de fotos no final da p\u00e1gina) &#8230; <a title=\"Center Fruti \u00e9 inaugurado no Centro\" class=\"read-more\" href=\"https:\/\/anoticiaonline.com.br\/site\/center-fruti-e-inaugurado-no-centro\/\" aria-label=\"Read more about Center Fruti \u00e9 inaugurado no Centro\">Ler mais<\/a><\/p>\n","protected":false},"author":2,"featured_media":32372,"comment_status":"open","ping_status":"open","sticky":false,"template":"","format":"standard","meta":{"_acf_changed":false,"_monsterinsights_skip_tracking":false,"footnotes":""},"categories":[24],"tags":[67,68,20,3],"class_list":["post-32328","post","type-post","status-publish","format-standard","has-post-thumbnail","hentry","category-eventos","tag-center-fruti","tag-fruta","tag-inauguracao","tag-slide"],"acf":[],"aioseo_notices":[],"aioseo_head":"\n\t\t<!-- All in One SEO 5.0.0.1 - aioseo.com -->\n\t<meta name=\"description\" content=\"O Centro conta com uma nova op\u00e7\u00e3o em hortifruti. Localizado na Rua Capit\u00e3o Jos\u00e9 Justino, 145, Centro (antiga Ag\u00eancia de Jornais e Revistas Mannarino), o Center Fruti possui uma ampla variedade de legumes, frutas e verduras, todos fresquinhos. Tamb\u00e9m oferece salgados, refrigerantes, biscoitos, balas e doces. (Confira a galeria de fotos no final da p\u00e1gina)\" \/>\n\t<meta name=\"robots\" content=\"max-image-preview:large\" \/>\n\t<meta name=\"author\" content=\"Juliana Laviola\"\/>\n\t<link rel=\"canonical\" href=\"https:\/\/anoticiaonline.com.br\/site\/center-fruti-e-inaugurado-no-centro\/\" \/>\n\t<meta name=\"generator\" content=\"All in One SEO (AIOSEO) 5.0.0.1\" \/>\n\t\t<meta property=\"og:locale\" content=\"pt_BR\" \/>\n\t\t<meta property=\"og:site_name\" content=\"A Not\u00edcia Online - Noticias de Muria\u00e9 e regi\u00e3o\" \/>\n\t\t<meta property=\"og:type\" content=\"article\" \/>\n\t\t<meta property=\"og:title\" content=\"Center Fruti \u00e9 inaugurado no Centro - A Not\u00edcia Online\" \/>\n\t\t<meta property=\"og:description\" content=\"O Centro conta com uma nova op\u00e7\u00e3o em hortifruti. Localizado na Rua Capit\u00e3o Jos\u00e9 Justino, 145, Centro (antiga Ag\u00eancia de Jornais e Revistas Mannarino), o Center Fruti possui uma ampla variedade de legumes, frutas e verduras, todos fresquinhos. Tamb\u00e9m oferece salgados, refrigerantes, biscoitos, balas e doces. (Confira a galeria de fotos no final da p\u00e1gina)\" \/>\n\t\t<meta property=\"og:url\" content=\"https:\/\/anoticiaonline.com.br\/site\/center-fruti-e-inaugurado-no-centro\/\" \/>\n\t\t<meta property=\"og:image\" content=\"https:\/\/scontent-gig4-1.xx.fbcdn.net\/v\/t39.30808-1\/270437624_4564083193639691_6907940295614233970_n.jpg?stp=dst-jpg_s200x200_tt6&#038;_nc_cat=111&#038;ccb=1-7&#038;_nc_sid=f907e8&#038;_nc_ohc=SM1wRlP3lJwQ7kNvwEPuBYA&#038;_nc_oc=AdnqrjDN_BNjSSHWO-GbkIWH6fkGMLw4bqvL_NH6e2wMveX7G-rP2dAqsDSq1mJMOaY&#038;_nc_zt=24&#038;_nc_ht=scontent-gig4-1.xx&#038;_nc_gid=AoBFJeGrT1hVaew_6rchkQ&#038;oh=00_AfX7QmFGhQhG2jAllVgXCiM1ZrWgvtp80-Bfppyexh1QEg&#038;oe=689E923C\" \/>\n\t\t<meta property=\"og:image:secure_url\" content=\"https:\/\/scontent-gig4-1.xx.fbcdn.net\/v\/t39.30808-1\/270437624_4564083193639691_6907940295614233970_n.jpg?stp=dst-jpg_s200x200_tt6&#038;_nc_cat=111&#038;ccb=1-7&#038;_nc_sid=f907e8&#038;_nc_ohc=SM1wRlP3lJwQ7kNvwEPuBYA&#038;_nc_oc=AdnqrjDN_BNjSSHWO-GbkIWH6fkGMLw4bqvL_NH6e2wMveX7G-rP2dAqsDSq1mJMOaY&#038;_nc_zt=24&#038;_nc_ht=scontent-gig4-1.xx&#038;_nc_gid=AoBFJeGrT1hVaew_6rchkQ&#038;oh=00_AfX7QmFGhQhG2jAllVgXCiM1ZrWgvtp80-Bfppyexh1QEg&#038;oe=689E923C\" \/>\n\t\t<meta property=\"article:published_time\" content=\"2017-06-14T14:17:33+00:00\" \/>\n\t\t<meta property=\"article:modified_time\" content=\"2017-06-15T02:00:33+00:00\" \/>\n\t\t<meta name=\"twitter:card\" content=\"summary_large_image\" \/>\n\t\t<meta name=\"twitter:title\" content=\"Center Fruti \u00e9 inaugurado no Centro - A Not\u00edcia Online\" \/>\n\t\t<meta name=\"twitter:description\" content=\"O Centro conta com uma nova op\u00e7\u00e3o em hortifruti. Localizado na Rua Capit\u00e3o Jos\u00e9 Justino, 145, Centro (antiga Ag\u00eancia de Jornais e Revistas Mannarino), o Center Fruti possui uma ampla variedade de legumes, frutas e verduras, todos fresquinhos. Tamb\u00e9m oferece salgados, refrigerantes, biscoitos, balas e doces. (Confira a galeria de fotos no final da p\u00e1gina)\" \/>\n\t\t<meta name=\"twitter:image\" content=\"https:\/\/scontent-gig4-1.xx.fbcdn.net\/v\/t39.30808-1\/270437624_4564083193639691_6907940295614233970_n.jpg?stp=dst-jpg_s200x200_tt6&amp;_nc_cat=111&amp;ccb=1-7&amp;_nc_sid=f907e8&amp;_nc_ohc=SM1wRlP3lJwQ7kNvwEPuBYA&amp;_nc_oc=AdnqrjDN_BNjSSHWO-GbkIWH6fkGMLw4bqvL_NH6e2wMveX7G-rP2dAqsDSq1mJMOaY&amp;_nc_zt=24&amp;_nc_ht=scontent-gig4-1.xx&amp;_nc_gid=AoBFJeGrT1hVaew_6rchkQ&amp;oh=00_AfX7QmFGhQhG2jAllVgXCiM1ZrWgvtp80-Bfppyexh1QEg&amp;oe=689E923C\" \/>\n\t\t<script type=\"application\/ld+json\" class=\"aioseo-schema\">\n\t\t\t{\"@context\":\"https:\\\/\\\/schema.org\",\"@graph\":[{\"@type\":\"BlogPosting\",\"@id\":\"https:\\\/\\\/anoticiaonline.com.br\\\/site\\\/center-fruti-e-inaugurado-no-centro\\\/#blogposting\",\"name\":\"Center Fruti \\u00e9 inaugurado no Centro - A Not\\u00edcia Online\",\"headline\":\"Center Fruti \\u00e9 inaugurado no Centro\",\"author\":{\"@id\":\"https:\\\/\\\/anoticiaonline.com.br\\\/site\\\/author\\\/juliana\\\/#author\"},\"publisher\":{\"@id\":\"https:\\\/\\\/anoticiaonline.com.br\\\/site\\\/#organization\"},\"image\":{\"@type\":\"ImageObject\",\"url\":\"https:\\\/\\\/anoticiaonline.com.br\\\/site\\\/wp-content\\\/uploads\\\/2017\\\/06\\\/DSC_04561.jpg\",\"width\":640,\"height\":427},\"datePublished\":\"2017-06-14T11:17:33-03:00\",\"dateModified\":\"2017-06-14T23:00:33-03:00\",\"inLanguage\":\"pt-BR\",\"mainEntityOfPage\":{\"@id\":\"https:\\\/\\\/anoticiaonline.com.br\\\/site\\\/center-fruti-e-inaugurado-no-centro\\\/#webpage\"},\"isPartOf\":{\"@id\":\"https:\\\/\\\/anoticiaonline.com.br\\\/site\\\/center-fruti-e-inaugurado-no-centro\\\/#webpage\"},\"articleSection\":\"Eventos, Center Fruti, fruta, inauguracao, slide\"},{\"@type\":\"BreadcrumbList\",\"@id\":\"https:\\\/\\\/anoticiaonline.com.br\\\/site\\\/center-fruti-e-inaugurado-no-centro\\\/#breadcrumblist\",\"itemListElement\":[{\"@type\":\"ListItem\",\"@id\":\"https:\\\/\\\/anoticiaonline.com.br\\\/site#listItem\",\"position\":1,\"name\":\"Home\",\"item\":\"https:\\\/\\\/anoticiaonline.com.br\\\/site\",\"nextItem\":{\"@type\":\"ListItem\",\"@id\":\"https:\\\/\\\/anoticiaonline.com.br\\\/site\\\/categoria\\\/eventos\\\/#listItem\",\"name\":\"Eventos\"}},{\"@type\":\"ListItem\",\"@id\":\"https:\\\/\\\/anoticiaonline.com.br\\\/site\\\/categoria\\\/eventos\\\/#listItem\",\"position\":2,\"name\":\"Eventos\",\"item\":\"https:\\\/\\\/anoticiaonline.com.br\\\/site\\\/categoria\\\/eventos\\\/\",\"nextItem\":{\"@type\":\"ListItem\",\"@id\":\"https:\\\/\\\/anoticiaonline.com.br\\\/site\\\/center-fruti-e-inaugurado-no-centro\\\/#listItem\",\"name\":\"Center Fruti \\u00e9 inaugurado no Centro\"},\"previousItem\":{\"@type\":\"ListItem\",\"@id\":\"https:\\\/\\\/anoticiaonline.com.br\\\/site#listItem\",\"name\":\"Home\"}},{\"@type\":\"ListItem\",\"@id\":\"https:\\\/\\\/anoticiaonline.com.br\\\/site\\\/center-fruti-e-inaugurado-no-centro\\\/#listItem\",\"position\":3,\"name\":\"Center Fruti \\u00e9 inaugurado no Centro\",\"previousItem\":{\"@type\":\"ListItem\",\"@id\":\"https:\\\/\\\/anoticiaonline.com.br\\\/site\\\/categoria\\\/eventos\\\/#listItem\",\"name\":\"Eventos\"}}]},{\"@type\":\"Organization\",\"@id\":\"https:\\\/\\\/anoticiaonline.com.br\\\/site\\\/#organization\",\"name\":\"A Not\\u00edcia Online\",\"description\":\"Noticias de Muria\\u00e9 e regi\\u00e3o\",\"url\":\"https:\\\/\\\/anoticiaonline.com.br\\\/site\\\/\",\"logo\":{\"@type\":\"ImageObject\",\"url\":\"https:\\\/\\\/scontent-gig4-1.xx.fbcdn.net\\\/v\\\/t39.30808-1\\\/270437624_4564083193639691_6907940295614233970_n.jpg?stp=dst-jpg_s200x200_tt6&_nc_cat=111&ccb=1-7&_nc_sid=f907e8&_nc_ohc=SM1wRlP3lJwQ7kNvwEPuBYA&_nc_oc=AdnqrjDN_BNjSSHWO-GbkIWH6fkGMLw4bqvL_NH6e2wMveX7G-rP2dAqsDSq1mJMOaY&_nc_zt=24&_nc_ht=scontent-gig4-1.xx&_nc_gid=AoBFJeGrT1hVaew_6rchkQ&oh=00_AfX7QmFGhQhG2jAllVgXCiM1ZrWgvtp80-Bfppyexh1QEg&oe=689E923C\",\"@id\":\"https:\\\/\\\/anoticiaonline.com.br\\\/site\\\/center-fruti-e-inaugurado-no-centro\\\/#organizationLogo\"},\"image\":{\"@id\":\"https:\\\/\\\/anoticiaonline.com.br\\\/site\\\/center-fruti-e-inaugurado-no-centro\\\/#organizationLogo\"}},{\"@type\":\"Person\",\"@id\":\"https:\\\/\\\/anoticiaonline.com.br\\\/site\\\/author\\\/juliana\\\/#author\",\"url\":\"https:\\\/\\\/anoticiaonline.com.br\\\/site\\\/author\\\/juliana\\\/\",\"name\":\"Juliana Laviola\",\"image\":{\"@type\":\"ImageObject\",\"@id\":\"https:\\\/\\\/anoticiaonline.com.br\\\/site\\\/center-fruti-e-inaugurado-no-centro\\\/#authorImage\",\"url\":\"https:\\\/\\\/secure.gravatar.com\\\/avatar\\\/b8d45f5c699b100dfaf0e543582f38f38bf94cb7ae3a5e9abf8d891a34773335?s=96&d=mm&r=g\",\"width\":96,\"height\":96,\"caption\":\"Juliana Laviola\"}},{\"@type\":\"WebPage\",\"@id\":\"https:\\\/\\\/anoticiaonline.com.br\\\/site\\\/center-fruti-e-inaugurado-no-centro\\\/#webpage\",\"url\":\"https:\\\/\\\/anoticiaonline.com.br\\\/site\\\/center-fruti-e-inaugurado-no-centro\\\/\",\"name\":\"Center Fruti \\u00e9 inaugurado no Centro - A Not\\u00edcia Online\",\"description\":\"O Centro conta com uma nova op\\u00e7\\u00e3o em hortifruti. Localizado na Rua Capit\\u00e3o Jos\\u00e9 Justino, 145, Centro (antiga Ag\\u00eancia de Jornais e Revistas Mannarino), o Center Fruti possui uma ampla variedade de legumes, frutas e verduras, todos fresquinhos. Tamb\\u00e9m oferece salgados, refrigerantes, biscoitos, balas e doces. (Confira a galeria de fotos no final da p\\u00e1gina)\",\"inLanguage\":\"pt-BR\",\"isPartOf\":{\"@id\":\"https:\\\/\\\/anoticiaonline.com.br\\\/site\\\/#website\"},\"breadcrumb\":{\"@id\":\"https:\\\/\\\/anoticiaonline.com.br\\\/site\\\/center-fruti-e-inaugurado-no-centro\\\/#breadcrumblist\"},\"author\":{\"@id\":\"https:\\\/\\\/anoticiaonline.com.br\\\/site\\\/author\\\/juliana\\\/#author\"},\"creator\":{\"@id\":\"https:\\\/\\\/anoticiaonline.com.br\\\/site\\\/author\\\/juliana\\\/#author\"},\"image\":{\"@type\":\"ImageObject\",\"url\":\"https:\\\/\\\/anoticiaonline.com.br\\\/site\\\/wp-content\\\/uploads\\\/2017\\\/06\\\/DSC_04561.jpg\",\"@id\":\"https:\\\/\\\/anoticiaonline.com.br\\\/site\\\/center-fruti-e-inaugurado-no-centro\\\/#mainImage\",\"width\":640,\"height\":427},\"primaryImageOfPage\":{\"@id\":\"https:\\\/\\\/anoticiaonline.com.br\\\/site\\\/center-fruti-e-inaugurado-no-centro\\\/#mainImage\"},\"datePublished\":\"2017-06-14T11:17:33-03:00\",\"dateModified\":\"2017-06-14T23:00:33-03:00\"},{\"@type\":\"WebSite\",\"@id\":\"https:\\\/\\\/anoticiaonline.com.br\\\/site\\\/#website\",\"url\":\"https:\\\/\\\/anoticiaonline.com.br\\\/site\\\/\",\"name\":\"A Not\\u00edcia Online\",\"description\":\"Noticias de Muria\\u00e9 e regi\\u00e3o\",\"inLanguage\":\"pt-BR\",\"publisher\":{\"@id\":\"https:\\\/\\\/anoticiaonline.com.br\\\/site\\\/#organization\"}}]}\n\t\t<\/script>\n\t\t<!-- All in One SEO -->\n\n","aioseo_head_json":{"title":"Center Fruti \u00e9 inaugurado no Centro - A Not\u00edcia Online","description":"O Centro conta com uma nova op\u00e7\u00e3o em hortifruti. Localizado na Rua Capit\u00e3o Jos\u00e9 Justino, 145, Centro (antiga Ag\u00eancia de Jornais e Revistas Mannarino), o Center Fruti possui uma ampla variedade de legumes, frutas e verduras, todos fresquinhos. Tamb\u00e9m oferece salgados, refrigerantes, biscoitos, balas e doces. (Confira a galeria de fotos no final da p\u00e1gina)","canonical_url":"https:\/\/anoticiaonline.com.br\/site\/center-fruti-e-inaugurado-no-centro\/","robots":"max-image-preview:large","keywords":"","webmasterTools":{"miscellaneous":""},"schema":{"@context":"https:\/\/schema.org","@graph":[{"@type":"BlogPosting","@id":"https:\/\/anoticiaonline.com.br\/site\/center-fruti-e-inaugurado-no-centro\/#blogposting","name":"Center Fruti \u00e9 inaugurado no Centro - A Not\u00edcia Online","headline":"Center Fruti \u00e9 inaugurado no Centro","author":{"@id":"https:\/\/anoticiaonline.com.br\/site\/author\/juliana\/#author"},"publisher":{"@id":"https:\/\/anoticiaonline.com.br\/site\/#organization"},"image":{"@type":"ImageObject","url":"https:\/\/anoticiaonline.com.br\/site\/wp-content\/uploads\/2017\/06\/DSC_04561.jpg","width":640,"height":427},"datePublished":"2017-06-14T11:17:33-03:00","dateModified":"2017-06-14T23:00:33-03:00","inLanguage":"pt-BR","mainEntityOfPage":{"@id":"https:\/\/anoticiaonline.com.br\/site\/center-fruti-e-inaugurado-no-centro\/#webpage"},"isPartOf":{"@id":"https:\/\/anoticiaonline.com.br\/site\/center-fruti-e-inaugurado-no-centro\/#webpage"},"articleSection":"Eventos, Center Fruti, fruta, inauguracao, slide"},{"@type":"BreadcrumbList","@id":"https:\/\/anoticiaonline.com.br\/site\/center-fruti-e-inaugurado-no-centro\/#breadcrumblist","itemListElement":[{"@type":"ListItem","@id":"https:\/\/anoticiaonline.com.br\/site#listItem","position":1,"name":"Home","item":"https:\/\/anoticiaonline.com.br\/site","nextItem":{"@type":"ListItem","@id":"https:\/\/anoticiaonline.com.br\/site\/categoria\/eventos\/#listItem","name":"Eventos"}},{"@type":"ListItem","@id":"https:\/\/anoticiaonline.com.br\/site\/categoria\/eventos\/#listItem","position":2,"name":"Eventos","item":"https:\/\/anoticiaonline.com.br\/site\/categoria\/eventos\/","nextItem":{"@type":"ListItem","@id":"https:\/\/anoticiaonline.com.br\/site\/center-fruti-e-inaugurado-no-centro\/#listItem","name":"Center Fruti \u00e9 inaugurado no Centro"},"previousItem":{"@type":"ListItem","@id":"https:\/\/anoticiaonline.com.br\/site#listItem","name":"Home"}},{"@type":"ListItem","@id":"https:\/\/anoticiaonline.com.br\/site\/center-fruti-e-inaugurado-no-centro\/#listItem","position":3,"name":"Center Fruti \u00e9 inaugurado no Centro","previousItem":{"@type":"ListItem","@id":"https:\/\/anoticiaonline.com.br\/site\/categoria\/eventos\/#listItem","name":"Eventos"}}]},{"@type":"Organization","@id":"https:\/\/anoticiaonline.com.br\/site\/#organization","name":"A Not\u00edcia Online","description":"Noticias de Muria\u00e9 e regi\u00e3o","url":"https:\/\/anoticiaonline.com.br\/site\/","logo":{"@type":"ImageObject","url":"https:\/\/scontent-gig4-1.xx.fbcdn.net\/v\/t39.30808-1\/270437624_4564083193639691_6907940295614233970_n.jpg?stp=dst-jpg_s200x200_tt6&_nc_cat=111&ccb=1-7&_nc_sid=f907e8&_nc_ohc=SM1wRlP3lJwQ7kNvwEPuBYA&_nc_oc=AdnqrjDN_BNjSSHWO-GbkIWH6fkGMLw4bqvL_NH6e2wMveX7G-rP2dAqsDSq1mJMOaY&_nc_zt=24&_nc_ht=scontent-gig4-1.xx&_nc_gid=AoBFJeGrT1hVaew_6rchkQ&oh=00_AfX7QmFGhQhG2jAllVgXCiM1ZrWgvtp80-Bfppyexh1QEg&oe=689E923C","@id":"https:\/\/anoticiaonline.com.br\/site\/center-fruti-e-inaugurado-no-centro\/#organizationLogo"},"image":{"@id":"https:\/\/anoticiaonline.com.br\/site\/center-fruti-e-inaugurado-no-centro\/#organizationLogo"}},{"@type":"Person","@id":"https:\/\/anoticiaonline.com.br\/site\/author\/juliana\/#author","url":"https:\/\/anoticiaonline.com.br\/site\/author\/juliana\/","name":"Juliana Laviola","image":{"@type":"ImageObject","@id":"https:\/\/anoticiaonline.com.br\/site\/center-fruti-e-inaugurado-no-centro\/#authorImage","url":"https:\/\/secure.gravatar.com\/avatar\/b8d45f5c699b100dfaf0e543582f38f38bf94cb7ae3a5e9abf8d891a34773335?s=96&d=mm&r=g","width":96,"height":96,"caption":"Juliana Laviola"}},{"@type":"WebPage","@id":"https:\/\/anoticiaonline.com.br\/site\/center-fruti-e-inaugurado-no-centro\/#webpage","url":"https:\/\/anoticiaonline.com.br\/site\/center-fruti-e-inaugurado-no-centro\/","name":"Center Fruti \u00e9 inaugurado no Centro - A Not\u00edcia Online","description":"O Centro conta com uma nova op\u00e7\u00e3o em hortifruti. Localizado na Rua Capit\u00e3o Jos\u00e9 Justino, 145, Centro (antiga Ag\u00eancia de Jornais e Revistas Mannarino), o Center Fruti possui uma ampla variedade de legumes, frutas e verduras, todos fresquinhos. Tamb\u00e9m oferece salgados, refrigerantes, biscoitos, balas e doces. (Confira a galeria de fotos no final da p\u00e1gina)","inLanguage":"pt-BR","isPartOf":{"@id":"https:\/\/anoticiaonline.com.br\/site\/#website"},"breadcrumb":{"@id":"https:\/\/anoticiaonline.com.br\/site\/center-fruti-e-inaugurado-no-centro\/#breadcrumblist"},"author":{"@id":"https:\/\/anoticiaonline.com.br\/site\/author\/juliana\/#author"},"creator":{"@id":"https:\/\/anoticiaonline.com.br\/site\/author\/juliana\/#author"},"image":{"@type":"ImageObject","url":"https:\/\/anoticiaonline.com.br\/site\/wp-content\/uploads\/2017\/06\/DSC_04561.jpg","@id":"https:\/\/anoticiaonline.com.br\/site\/center-fruti-e-inaugurado-no-centro\/#mainImage","width":640,"height":427},"primaryImageOfPage":{"@id":"https:\/\/anoticiaonline.com.br\/site\/center-fruti-e-inaugurado-no-centro\/#mainImage"},"datePublished":"2017-06-14T11:17:33-03:00","dateModified":"2017-06-14T23:00:33-03:00"},{"@type":"WebSite","@id":"https:\/\/anoticiaonline.com.br\/site\/#website","url":"https:\/\/anoticiaonline.com.br\/site\/","name":"A Not\u00edcia Online","description":"Noticias de Muria\u00e9 e regi\u00e3o","inLanguage":"pt-BR","publisher":{"@id":"https:\/\/anoticiaonline.com.br\/site\/#organization"}}]},"og:locale":"pt_BR","og:site_name":"A Not\u00edcia Online - Noticias de Muria\u00e9 e regi\u00e3o","og:type":"article","og:title":"Center Fruti \u00e9 inaugurado no Centro - A Not\u00edcia Online","og:description":"O Centro conta com uma nova op\u00e7\u00e3o em hortifruti. Localizado na Rua Capit\u00e3o Jos\u00e9 Justino, 145, Centro (antiga Ag\u00eancia de Jornais e Revistas Mannarino), o Center Fruti possui uma ampla variedade de legumes, frutas e verduras, todos fresquinhos. Tamb\u00e9m oferece salgados, refrigerantes, biscoitos, balas e doces. (Confira a galeria de fotos no final da p\u00e1gina)","og:url":"https:\/\/anoticiaonline.com.br\/site\/center-fruti-e-inaugurado-no-centro\/","og:image":"https:\/\/scontent-gig4-1.xx.fbcdn.net\/v\/t39.30808-1\/270437624_4564083193639691_6907940295614233970_n.jpg?stp=dst-jpg_s200x200_tt6&#038;_nc_cat=111&#038;ccb=1-7&#038;_nc_sid=f907e8&#038;_nc_ohc=SM1wRlP3lJwQ7kNvwEPuBYA&#038;_nc_oc=AdnqrjDN_BNjSSHWO-GbkIWH6fkGMLw4bqvL_NH6e2wMveX7G-rP2dAqsDSq1mJMOaY&#038;_nc_zt=24&#038;_nc_ht=scontent-gig4-1.xx&#038;_nc_gid=AoBFJeGrT1hVaew_6rchkQ&#038;oh=00_AfX7QmFGhQhG2jAllVgXCiM1ZrWgvtp80-Bfppyexh1QEg&#038;oe=689E923C","og:image:secure_url":"https:\/\/scontent-gig4-1.xx.fbcdn.net\/v\/t39.30808-1\/270437624_4564083193639691_6907940295614233970_n.jpg?stp=dst-jpg_s200x200_tt6&#038;_nc_cat=111&#038;ccb=1-7&#038;_nc_sid=f907e8&#038;_nc_ohc=SM1wRlP3lJwQ7kNvwEPuBYA&#038;_nc_oc=AdnqrjDN_BNjSSHWO-GbkIWH6fkGMLw4bqvL_NH6e2wMveX7G-rP2dAqsDSq1mJMOaY&#038;_nc_zt=24&#038;_nc_ht=scontent-gig4-1.xx&#038;_nc_gid=AoBFJeGrT1hVaew_6rchkQ&#038;oh=00_AfX7QmFGhQhG2jAllVgXCiM1ZrWgvtp80-Bfppyexh1QEg&#038;oe=689E923C","article:published_time":"2017-06-14T14:17:33+00:00","article:modified_time":"2017-06-15T02:00:33+00:00","twitter:card":"summary_large_image","twitter:title":"Center Fruti \u00e9 inaugurado no Centro - A Not\u00edcia Online","twitter:description":"O Centro conta com uma nova op\u00e7\u00e3o em hortifruti. Localizado na Rua Capit\u00e3o Jos\u00e9 Justino, 145, Centro (antiga Ag\u00eancia de Jornais e Revistas Mannarino), o Center Fruti possui uma ampla variedade de legumes, frutas e verduras, todos fresquinhos. Tamb\u00e9m oferece salgados, refrigerantes, biscoitos, balas e doces. (Confira a galeria de fotos no final da p\u00e1gina)","twitter:image":"https:\/\/scontent-gig4-1.xx.fbcdn.net\/v\/t39.30808-1\/270437624_4564083193639691_6907940295614233970_n.jpg?stp=dst-jpg_s200x200_tt6&_nc_cat=111&ccb=1-7&_nc_sid=f907e8&_nc_ohc=SM1wRlP3lJwQ7kNvwEPuBYA&_nc_oc=AdnqrjDN_BNjSSHWO-GbkIWH6fkGMLw4bqvL_NH6e2wMveX7G-rP2dAqsDSq1mJMOaY&_nc_zt=24&_nc_ht=scontent-gig4-1.xx&_nc_gid=AoBFJeGrT1hVaew_6rchkQ&oh=00_AfX7QmFGhQhG2jAllVgXCiM1ZrWgvtp80-Bfppyexh1QEg&oe=689E923C"},"aioseo_meta_data":{"post_id":"32328","title":null,"description":null,"keywords":null,"keyphrases":null,"primary_term":null,"canonical_url":null,"og_title":null,"og_description":null,"og_object_type":"default","og_image_type":"default","og_image_url":null,"og_image_width":null,"og_image_height":null,"og_image_custom_url":null,"og_image_custom_fields":null,"og_video":null,"og_custom_url":null,"og_article_section":null,"og_article_tags":null,"twitter_use_og":false,"twitter_card":"default","twitter_image_type":"default","twitter_image_url":null,"twitter_image_custom_url":null,"twitter_image_custom_fields":null,"twitter_title":null,"twitter_description":null,"schema":{"blockGraphs":[],"customGraphs":[],"default":{"data":{"Article":[],"Course":[],"Dataset":[],"FAQPage":[],"Movie":[],"Person":[],"Product":[],"ProductReview":[],"Car":[],"Recipe":[],"Service":[],"SoftwareApplication":[],"WebPage":[]},"graphName":"","isEnabled":true},"graphs":[]},"schema_type":"default","schema_type_options":null,"pillar_content":false,"robots_default":true,"robots_noindex":false,"robots_noarchive":false,"robots_nosnippet":false,"robots_nofollow":false,"robots_noimageindex":false,"robots_noodp":false,"robots_notranslate":false,"robots_max_snippet":null,"robots_max_videopreview":null,"robots_max_imagepreview":"large","priority":null,"frequency":null,"local_seo":null,"breadcrumb_settings":null,"limit_modified_date":false,"ai":null,"created":"2025-08-16 18:38:37","updated":"2025-08-16 18:38:37","focus_keyword":null,"additional_keywords":null,"truseo_locale":null,"seo_analyzer_scan_date":null},"aioseo_breadcrumb":"<div class=\"aioseo-breadcrumbs\"><span class=\"aioseo-breadcrumb\">\n\t\t\t<a href=\"https:\/\/anoticiaonline.com.br\/site\" title=\"Home\">Home<\/a>\n\t\t<\/span><span class=\"aioseo-breadcrumb-separator\">&raquo;<\/span><span class=\"aioseo-breadcrumb\">\n\t\t\t<a href=\"https:\/\/anoticiaonline.com.br\/site\/categoria\/eventos\/\" title=\"Eventos\">Eventos<\/a>\n\t\t<\/span><span class=\"aioseo-breadcrumb-separator\">&raquo;<\/span><span class=\"aioseo-breadcrumb\">\n\t\t\tCenter Fruti \u00e9 inaugurado no Centro\n\t\t<\/span><\/div>","aioseo_breadcrumb_json":[{"label":"Home","link":"https:\/\/anoticiaonline.com.br\/site"},{"label":"Eventos","link":"https:\/\/anoticiaonline.com.br\/site\/categoria\/eventos\/"},{"label":"Center Fruti \u00e9 inaugurado no Centro","link":"https:\/\/anoticiaonline.com.br\/site\/center-fruti-e-inaugurado-no-centro\/"}],"views":142,"_links":{"self":[{"href":"https:\/\/anoticiaonline.com.br\/site\/wp-json\/wp\/v2\/posts\/32328","targetHints":{"allow":["GET"]}}],"collection":[{"href":"https:\/\/anoticiaonline.com.br\/site\/wp-json\/wp\/v2\/posts"}],"about":[{"href":"https:\/\/anoticiaonline.com.br\/site\/wp-json\/wp\/v2\/types\/post"}],"author":[{"embeddable":true,"href":"https:\/\/anoticiaonline.com.br\/site\/wp-json\/wp\/v2\/users\/2"}],"replies":[{"embeddable":true,"href":"https:\/\/anoticiaonline.com.br\/site\/wp-json\/wp\/v2\/comments?post=32328"}],"version-history":[{"count":0,"href":"https:\/\/anoticiaonline.com.br\/site\/wp-json\/wp\/v2\/posts\/32328\/revisions"}],"wp:featuredmedia":[{"embeddable":true,"href":"https:\/\/anoticiaonline.com.br\/site\/wp-json\/wp\/v2\/media\/32372"}],"wp:attachment":[{"href":"https:\/\/anoticiaonline.com.br\/site\/wp-json\/wp\/v2\/media?parent=32328"}],"wp:term":[{"taxonomy":"category","embeddable":true,"href":"https:\/\/anoticiaonline.com.br\/site\/wp-json\/wp\/v2\/categories?post=32328"},{"taxonomy":"post_tag","embeddable":true,"href":"https:\/\/anoticiaonline.com.br\/site\/wp-json\/wp\/v2\/tags?post=32328"}],"curies":[{"name":"wp","href":"https:\/\/api.w.org\/{rel}","templated":true}]}}