{"id":32319,"date":"2017-06-13T17:12:38","date_gmt":"2017-06-13T20:12:38","guid":{"rendered":"http:\/\/anoticiaonline.com.br\/site\/?p=32319"},"modified":"2017-06-14T23:06:12","modified_gmt":"2017-06-15T02:06:12","slug":"delegados-da-regional-e-prefeitos-se-reunem-para-discutir-seguranca-publica","status":"publish","type":"post","link":"https:\/\/anoticiaonline.com.br\/site\/delegados-da-regional-e-prefeitos-se-reunem-para-discutir-seguranca-publica\/","title":{"rendered":"Delegados da Regional e prefeitos se re\u00fanem para discutir seguran\u00e7a p\u00fablica"},"content":{"rendered":"<p><a href=\"https:\/\/anoticiaonline.com.br\/site\/wp-content\/uploads\/2017\/06\/Delegados-da-Regional-e-prefeitos-se-re\u00fanem-para-discutir-seguran\u00e7a-p\u00fablica.jpeg\"><img fetchpriority=\"high\" decoding=\"async\" class=\" size-medium wp-image-32320 alignleft\" src=\"https:\/\/anoticiaonline.com.br\/site\/wp-content\/uploads\/2017\/06\/Delegados-da-Regional-e-prefeitos-se-re\u00fanem-para-discutir-seguran\u00e7a-p\u00fablica-300x184.jpeg\" alt=\"Delegados da Regional e prefeitos se re\u00fanem para discutir seguran\u00e7a p\u00fablica\" width=\"300\" height=\"184\" srcset=\"https:\/\/anoticiaonline.com.br\/site\/wp-content\/uploads\/2017\/06\/Delegados-da-Regional-e-prefeitos-se-re\u00fanem-para-discutir-seguran\u00e7a-p\u00fablica-300x184.jpeg 300w, https:\/\/anoticiaonline.com.br\/site\/wp-content\/uploads\/2017\/06\/Delegados-da-Regional-e-prefeitos-se-re\u00fanem-para-discutir-seguran\u00e7a-p\u00fablica.jpeg 640w\" sizes=\"(max-width: 300px) 100vw, 300px\" \/><\/a>O comando da 4\u00aa Delegacia Regional de Pol\u00edcia Civil reuniu-se com prefeitos da regi\u00e3o para apresentar propostas e sugest\u00f5es para o aprimoramento do sistema de seguran\u00e7a p\u00fablica. O encontro aconteceu na manh\u00e3 de ter\u00e7a-feira (13), no Hotel Premium Plaza.<\/p>\n<p>O evento contou com a presen\u00e7a do delegado regional da 4\u00aa DRPC, Alessandro Amaro da Matta, e do delegado coordenador da Ag\u00eancia de Intelig\u00eancia Policial, Tayrony Espindola Borges, e com a participa\u00e7\u00e3o dos prefeitos e representantes das cidades de Muria\u00e9, Carangola, Divino, Eugen\u00f3polis, Fervedouro, Miradouro, Patroc\u00ednio de Muria\u00e9, Tombos e Vieiras.<\/p>\n<p>Al\u00e9m de discutir sobre a seguran\u00e7a p\u00fablica, a reuni\u00e3o tamb\u00e9m foi uma oportunidade para estreitar a rela\u00e7\u00e3o das diversas prefeituras que comp\u00f5em a \u00e1rea da 4\u00aa DRPC com a Pol\u00edcia Civil, na busca de se obter mais efici\u00eancia nos trabalhos de pol\u00edcia judici\u00e1ria, sobretudo na \u00e1rea de intelig\u00eancia policial.<\/p>\n","protected":false},"excerpt":{"rendered":"<p>O comando da 4\u00aa Delegacia Regional de Pol\u00edcia Civil reuniu-se com prefeitos da regi\u00e3o para apresentar propostas e sugest\u00f5es para o aprimoramento do sistema de seguran\u00e7a p\u00fablica. O encontro aconteceu na manh\u00e3 de ter\u00e7a-feira (13), no Hotel Premium Plaza. O evento contou com a presen\u00e7a do delegado regional da 4\u00aa DRPC, Alessandro Amaro da Matta, &#8230; <a title=\"Delegados da Regional e prefeitos se re\u00fanem para discutir seguran\u00e7a p\u00fablica\" class=\"read-more\" href=\"https:\/\/anoticiaonline.com.br\/site\/delegados-da-regional-e-prefeitos-se-reunem-para-discutir-seguranca-publica\/\" aria-label=\"Read more about Delegados da Regional e prefeitos se re\u00fanem para discutir seguran\u00e7a p\u00fablica\">Ler mais<\/a><\/p>\n","protected":false},"author":2,"featured_media":32320,"comment_status":"open","ping_status":"open","sticky":false,"template":"","format":"standard","meta":{"_acf_changed":false,"_monsterinsights_skip_tracking":false,"footnotes":""},"categories":[30],"tags":[72,73,74,3],"class_list":["post-32319","post","type-post","status-publish","format-standard","has-post-thumbnail","hentry","category-muriae","tag-delegacia","tag-delegado","tag-muriae","tag-slide"],"acf":[],"aioseo_notices":[],"aioseo_head":"\n\t\t<!-- All in One SEO 5.0.0.1 - aioseo.com -->\n\t<meta name=\"description\" content=\"O comando da 4\u00aa Delegacia Regional de Pol\u00edcia Civil reuniu-se com prefeitos da regi\u00e3o para apresentar propostas e sugest\u00f5es para o aprimoramento do sistema de seguran\u00e7a p\u00fablica. O encontro aconteceu na manh\u00e3 de ter\u00e7a-feira (13), no Hotel Premium Plaza. O evento contou com a presen\u00e7a do delegado regional da 4\u00aa DRPC, Alessandro Amaro da Matta,\" \/>\n\t<meta name=\"robots\" content=\"max-image-preview:large\" \/>\n\t<meta name=\"author\" content=\"Juliana Laviola\"\/>\n\t<link rel=\"canonical\" href=\"https:\/\/anoticiaonline.com.br\/site\/delegados-da-regional-e-prefeitos-se-reunem-para-discutir-seguranca-publica\/\" \/>\n\t<meta name=\"generator\" content=\"All in One SEO (AIOSEO) 5.0.0.1\" \/>\n\t\t<meta property=\"og:locale\" content=\"pt_BR\" \/>\n\t\t<meta property=\"og:site_name\" content=\"A Not\u00edcia Online - Noticias de Muria\u00e9 e regi\u00e3o\" \/>\n\t\t<meta property=\"og:type\" content=\"article\" \/>\n\t\t<meta property=\"og:title\" content=\"Delegados da Regional e prefeitos se re\u00fanem para discutir seguran\u00e7a p\u00fablica - A Not\u00edcia Online\" \/>\n\t\t<meta property=\"og:description\" content=\"O comando da 4\u00aa Delegacia Regional de Pol\u00edcia Civil reuniu-se com prefeitos da regi\u00e3o para apresentar propostas e sugest\u00f5es para o aprimoramento do sistema de seguran\u00e7a p\u00fablica. O encontro aconteceu na manh\u00e3 de ter\u00e7a-feira (13), no Hotel Premium Plaza. O evento contou com a presen\u00e7a do delegado regional da 4\u00aa DRPC, Alessandro Amaro da Matta,\" \/>\n\t\t<meta property=\"og:url\" content=\"https:\/\/anoticiaonline.com.br\/site\/delegados-da-regional-e-prefeitos-se-reunem-para-discutir-seguranca-publica\/\" \/>\n\t\t<meta property=\"og:image\" content=\"https:\/\/scontent-gig4-1.xx.fbcdn.net\/v\/t39.30808-1\/270437624_4564083193639691_6907940295614233970_n.jpg?stp=dst-jpg_s200x200_tt6&#038;_nc_cat=111&#038;ccb=1-7&#038;_nc_sid=f907e8&#038;_nc_ohc=SM1wRlP3lJwQ7kNvwEPuBYA&#038;_nc_oc=AdnqrjDN_BNjSSHWO-GbkIWH6fkGMLw4bqvL_NH6e2wMveX7G-rP2dAqsDSq1mJMOaY&#038;_nc_zt=24&#038;_nc_ht=scontent-gig4-1.xx&#038;_nc_gid=AoBFJeGrT1hVaew_6rchkQ&#038;oh=00_AfX7QmFGhQhG2jAllVgXCiM1ZrWgvtp80-Bfppyexh1QEg&#038;oe=689E923C\" \/>\n\t\t<meta property=\"og:image:secure_url\" content=\"https:\/\/scontent-gig4-1.xx.fbcdn.net\/v\/t39.30808-1\/270437624_4564083193639691_6907940295614233970_n.jpg?stp=dst-jpg_s200x200_tt6&#038;_nc_cat=111&#038;ccb=1-7&#038;_nc_sid=f907e8&#038;_nc_ohc=SM1wRlP3lJwQ7kNvwEPuBYA&#038;_nc_oc=AdnqrjDN_BNjSSHWO-GbkIWH6fkGMLw4bqvL_NH6e2wMveX7G-rP2dAqsDSq1mJMOaY&#038;_nc_zt=24&#038;_nc_ht=scontent-gig4-1.xx&#038;_nc_gid=AoBFJeGrT1hVaew_6rchkQ&#038;oh=00_AfX7QmFGhQhG2jAllVgXCiM1ZrWgvtp80-Bfppyexh1QEg&#038;oe=689E923C\" \/>\n\t\t<meta property=\"article:published_time\" content=\"2017-06-13T20:12:38+00:00\" \/>\n\t\t<meta property=\"article:modified_time\" content=\"2017-06-15T02:06:12+00:00\" \/>\n\t\t<meta name=\"twitter:card\" content=\"summary_large_image\" \/>\n\t\t<meta name=\"twitter:title\" content=\"Delegados da Regional e prefeitos se re\u00fanem para discutir seguran\u00e7a p\u00fablica - A Not\u00edcia Online\" \/>\n\t\t<meta name=\"twitter:description\" content=\"O comando da 4\u00aa Delegacia Regional de Pol\u00edcia Civil reuniu-se com prefeitos da regi\u00e3o para apresentar propostas e sugest\u00f5es para o aprimoramento do sistema de seguran\u00e7a p\u00fablica. O encontro aconteceu na manh\u00e3 de ter\u00e7a-feira (13), no Hotel Premium Plaza. O evento contou com a presen\u00e7a do delegado regional da 4\u00aa DRPC, Alessandro Amaro da Matta,\" \/>\n\t\t<meta name=\"twitter:image\" content=\"https:\/\/scontent-gig4-1.xx.fbcdn.net\/v\/t39.30808-1\/270437624_4564083193639691_6907940295614233970_n.jpg?stp=dst-jpg_s200x200_tt6&amp;_nc_cat=111&amp;ccb=1-7&amp;_nc_sid=f907e8&amp;_nc_ohc=SM1wRlP3lJwQ7kNvwEPuBYA&amp;_nc_oc=AdnqrjDN_BNjSSHWO-GbkIWH6fkGMLw4bqvL_NH6e2wMveX7G-rP2dAqsDSq1mJMOaY&amp;_nc_zt=24&amp;_nc_ht=scontent-gig4-1.xx&amp;_nc_gid=AoBFJeGrT1hVaew_6rchkQ&amp;oh=00_AfX7QmFGhQhG2jAllVgXCiM1ZrWgvtp80-Bfppyexh1QEg&amp;oe=689E923C\" \/>\n\t\t<script type=\"application\/ld+json\" class=\"aioseo-schema\">\n\t\t\t{\"@context\":\"https:\\\/\\\/schema.org\",\"@graph\":[{\"@type\":\"BlogPosting\",\"@id\":\"https:\\\/\\\/anoticiaonline.com.br\\\/site\\\/delegados-da-regional-e-prefeitos-se-reunem-para-discutir-seguranca-publica\\\/#blogposting\",\"name\":\"Delegados da Regional e prefeitos se re\\u00fanem para discutir seguran\\u00e7a p\\u00fablica - A Not\\u00edcia Online\",\"headline\":\"Delegados da Regional e prefeitos se re\\u00fanem para discutir seguran\\u00e7a p\\u00fablica\",\"author\":{\"@id\":\"https:\\\/\\\/anoticiaonline.com.br\\\/site\\\/author\\\/juliana\\\/#author\"},\"publisher\":{\"@id\":\"https:\\\/\\\/anoticiaonline.com.br\\\/site\\\/#organization\"},\"image\":{\"@type\":\"ImageObject\",\"url\":\"https:\\\/\\\/anoticiaonline.com.br\\\/site\\\/wp-content\\\/uploads\\\/2017\\\/06\\\/Delegados-da-Regional-e-prefeitos-se-re\\u00fanem-para-discutir-seguran\\u00e7a-p\\u00fablica.jpeg\",\"width\":640,\"height\":392},\"datePublished\":\"2017-06-13T17:12:38-03:00\",\"dateModified\":\"2017-06-14T23:06:12-03:00\",\"inLanguage\":\"pt-BR\",\"mainEntityOfPage\":{\"@id\":\"https:\\\/\\\/anoticiaonline.com.br\\\/site\\\/delegados-da-regional-e-prefeitos-se-reunem-para-discutir-seguranca-publica\\\/#webpage\"},\"isPartOf\":{\"@id\":\"https:\\\/\\\/anoticiaonline.com.br\\\/site\\\/delegados-da-regional-e-prefeitos-se-reunem-para-discutir-seguranca-publica\\\/#webpage\"},\"articleSection\":\"Blog, delegacia, delegado, Muria\\u00e9, slide\"},{\"@type\":\"BreadcrumbList\",\"@id\":\"https:\\\/\\\/anoticiaonline.com.br\\\/site\\\/delegados-da-regional-e-prefeitos-se-reunem-para-discutir-seguranca-publica\\\/#breadcrumblist\",\"itemListElement\":[{\"@type\":\"ListItem\",\"@id\":\"https:\\\/\\\/anoticiaonline.com.br\\\/site#listItem\",\"position\":1,\"name\":\"Home\",\"item\":\"https:\\\/\\\/anoticiaonline.com.br\\\/site\",\"nextItem\":{\"@type\":\"ListItem\",\"@id\":\"https:\\\/\\\/anoticiaonline.com.br\\\/site\\\/categoria\\\/muriae\\\/#listItem\",\"name\":\"Blog\"}},{\"@type\":\"ListItem\",\"@id\":\"https:\\\/\\\/anoticiaonline.com.br\\\/site\\\/categoria\\\/muriae\\\/#listItem\",\"position\":2,\"name\":\"Blog\",\"item\":\"https:\\\/\\\/anoticiaonline.com.br\\\/site\\\/categoria\\\/muriae\\\/\",\"nextItem\":{\"@type\":\"ListItem\",\"@id\":\"https:\\\/\\\/anoticiaonline.com.br\\\/site\\\/delegados-da-regional-e-prefeitos-se-reunem-para-discutir-seguranca-publica\\\/#listItem\",\"name\":\"Delegados da Regional e prefeitos se re\\u00fanem para discutir seguran\\u00e7a p\\u00fablica\"},\"previousItem\":{\"@type\":\"ListItem\",\"@id\":\"https:\\\/\\\/anoticiaonline.com.br\\\/site#listItem\",\"name\":\"Home\"}},{\"@type\":\"ListItem\",\"@id\":\"https:\\\/\\\/anoticiaonline.com.br\\\/site\\\/delegados-da-regional-e-prefeitos-se-reunem-para-discutir-seguranca-publica\\\/#listItem\",\"position\":3,\"name\":\"Delegados da Regional e prefeitos se re\\u00fanem para discutir seguran\\u00e7a p\\u00fablica\",\"previousItem\":{\"@type\":\"ListItem\",\"@id\":\"https:\\\/\\\/anoticiaonline.com.br\\\/site\\\/categoria\\\/muriae\\\/#listItem\",\"name\":\"Blog\"}}]},{\"@type\":\"Organization\",\"@id\":\"https:\\\/\\\/anoticiaonline.com.br\\\/site\\\/#organization\",\"name\":\"A Not\\u00edcia Online\",\"description\":\"Noticias de Muria\\u00e9 e regi\\u00e3o\",\"url\":\"https:\\\/\\\/anoticiaonline.com.br\\\/site\\\/\",\"logo\":{\"@type\":\"ImageObject\",\"url\":\"https:\\\/\\\/scontent-gig4-1.xx.fbcdn.net\\\/v\\\/t39.30808-1\\\/270437624_4564083193639691_6907940295614233970_n.jpg?stp=dst-jpg_s200x200_tt6&_nc_cat=111&ccb=1-7&_nc_sid=f907e8&_nc_ohc=SM1wRlP3lJwQ7kNvwEPuBYA&_nc_oc=AdnqrjDN_BNjSSHWO-GbkIWH6fkGMLw4bqvL_NH6e2wMveX7G-rP2dAqsDSq1mJMOaY&_nc_zt=24&_nc_ht=scontent-gig4-1.xx&_nc_gid=AoBFJeGrT1hVaew_6rchkQ&oh=00_AfX7QmFGhQhG2jAllVgXCiM1ZrWgvtp80-Bfppyexh1QEg&oe=689E923C\",\"@id\":\"https:\\\/\\\/anoticiaonline.com.br\\\/site\\\/delegados-da-regional-e-prefeitos-se-reunem-para-discutir-seguranca-publica\\\/#organizationLogo\"},\"image\":{\"@id\":\"https:\\\/\\\/anoticiaonline.com.br\\\/site\\\/delegados-da-regional-e-prefeitos-se-reunem-para-discutir-seguranca-publica\\\/#organizationLogo\"}},{\"@type\":\"Person\",\"@id\":\"https:\\\/\\\/anoticiaonline.com.br\\\/site\\\/author\\\/juliana\\\/#author\",\"url\":\"https:\\\/\\\/anoticiaonline.com.br\\\/site\\\/author\\\/juliana\\\/\",\"name\":\"Juliana Laviola\",\"image\":{\"@type\":\"ImageObject\",\"@id\":\"https:\\\/\\\/anoticiaonline.com.br\\\/site\\\/delegados-da-regional-e-prefeitos-se-reunem-para-discutir-seguranca-publica\\\/#authorImage\",\"url\":\"https:\\\/\\\/secure.gravatar.com\\\/avatar\\\/b8d45f5c699b100dfaf0e543582f38f38bf94cb7ae3a5e9abf8d891a34773335?s=96&d=mm&r=g\",\"width\":96,\"height\":96,\"caption\":\"Juliana Laviola\"}},{\"@type\":\"WebPage\",\"@id\":\"https:\\\/\\\/anoticiaonline.com.br\\\/site\\\/delegados-da-regional-e-prefeitos-se-reunem-para-discutir-seguranca-publica\\\/#webpage\",\"url\":\"https:\\\/\\\/anoticiaonline.com.br\\\/site\\\/delegados-da-regional-e-prefeitos-se-reunem-para-discutir-seguranca-publica\\\/\",\"name\":\"Delegados da Regional e prefeitos se re\\u00fanem para discutir seguran\\u00e7a p\\u00fablica - A Not\\u00edcia Online\",\"description\":\"O comando da 4\\u00aa Delegacia Regional de Pol\\u00edcia Civil reuniu-se com prefeitos da regi\\u00e3o para apresentar propostas e sugest\\u00f5es para o aprimoramento do sistema de seguran\\u00e7a p\\u00fablica. O encontro aconteceu na manh\\u00e3 de ter\\u00e7a-feira (13), no Hotel Premium Plaza. O evento contou com a presen\\u00e7a do delegado regional da 4\\u00aa DRPC, Alessandro Amaro da Matta,\",\"inLanguage\":\"pt-BR\",\"isPartOf\":{\"@id\":\"https:\\\/\\\/anoticiaonline.com.br\\\/site\\\/#website\"},\"breadcrumb\":{\"@id\":\"https:\\\/\\\/anoticiaonline.com.br\\\/site\\\/delegados-da-regional-e-prefeitos-se-reunem-para-discutir-seguranca-publica\\\/#breadcrumblist\"},\"author\":{\"@id\":\"https:\\\/\\\/anoticiaonline.com.br\\\/site\\\/author\\\/juliana\\\/#author\"},\"creator\":{\"@id\":\"https:\\\/\\\/anoticiaonline.com.br\\\/site\\\/author\\\/juliana\\\/#author\"},\"image\":{\"@type\":\"ImageObject\",\"url\":\"https:\\\/\\\/anoticiaonline.com.br\\\/site\\\/wp-content\\\/uploads\\\/2017\\\/06\\\/Delegados-da-Regional-e-prefeitos-se-re\\u00fanem-para-discutir-seguran\\u00e7a-p\\u00fablica.jpeg\",\"@id\":\"https:\\\/\\\/anoticiaonline.com.br\\\/site\\\/delegados-da-regional-e-prefeitos-se-reunem-para-discutir-seguranca-publica\\\/#mainImage\",\"width\":640,\"height\":392},\"primaryImageOfPage\":{\"@id\":\"https:\\\/\\\/anoticiaonline.com.br\\\/site\\\/delegados-da-regional-e-prefeitos-se-reunem-para-discutir-seguranca-publica\\\/#mainImage\"},\"datePublished\":\"2017-06-13T17:12:38-03:00\",\"dateModified\":\"2017-06-14T23:06:12-03:00\"},{\"@type\":\"WebSite\",\"@id\":\"https:\\\/\\\/anoticiaonline.com.br\\\/site\\\/#website\",\"url\":\"https:\\\/\\\/anoticiaonline.com.br\\\/site\\\/\",\"name\":\"A Not\\u00edcia Online\",\"description\":\"Noticias de Muria\\u00e9 e regi\\u00e3o\",\"inLanguage\":\"pt-BR\",\"publisher\":{\"@id\":\"https:\\\/\\\/anoticiaonline.com.br\\\/site\\\/#organization\"}}]}\n\t\t<\/script>\n\t\t<!-- All in One SEO -->\n\n","aioseo_head_json":{"title":"Delegados da Regional e prefeitos se re\u00fanem para discutir seguran\u00e7a p\u00fablica - A Not\u00edcia Online","description":"O comando da 4\u00aa Delegacia Regional de Pol\u00edcia Civil reuniu-se com prefeitos da regi\u00e3o para apresentar propostas e sugest\u00f5es para o aprimoramento do sistema de seguran\u00e7a p\u00fablica. O encontro aconteceu na manh\u00e3 de ter\u00e7a-feira (13), no Hotel Premium Plaza. O evento contou com a presen\u00e7a do delegado regional da 4\u00aa DRPC, Alessandro Amaro da Matta,","canonical_url":"https:\/\/anoticiaonline.com.br\/site\/delegados-da-regional-e-prefeitos-se-reunem-para-discutir-seguranca-publica\/","robots":"max-image-preview:large","keywords":"","webmasterTools":{"miscellaneous":""},"schema":{"@context":"https:\/\/schema.org","@graph":[{"@type":"BlogPosting","@id":"https:\/\/anoticiaonline.com.br\/site\/delegados-da-regional-e-prefeitos-se-reunem-para-discutir-seguranca-publica\/#blogposting","name":"Delegados da Regional e prefeitos se re\u00fanem para discutir seguran\u00e7a p\u00fablica - A Not\u00edcia Online","headline":"Delegados da Regional e prefeitos se re\u00fanem para discutir seguran\u00e7a p\u00fablica","author":{"@id":"https:\/\/anoticiaonline.com.br\/site\/author\/juliana\/#author"},"publisher":{"@id":"https:\/\/anoticiaonline.com.br\/site\/#organization"},"image":{"@type":"ImageObject","url":"https:\/\/anoticiaonline.com.br\/site\/wp-content\/uploads\/2017\/06\/Delegados-da-Regional-e-prefeitos-se-re\u00fanem-para-discutir-seguran\u00e7a-p\u00fablica.jpeg","width":640,"height":392},"datePublished":"2017-06-13T17:12:38-03:00","dateModified":"2017-06-14T23:06:12-03:00","inLanguage":"pt-BR","mainEntityOfPage":{"@id":"https:\/\/anoticiaonline.com.br\/site\/delegados-da-regional-e-prefeitos-se-reunem-para-discutir-seguranca-publica\/#webpage"},"isPartOf":{"@id":"https:\/\/anoticiaonline.com.br\/site\/delegados-da-regional-e-prefeitos-se-reunem-para-discutir-seguranca-publica\/#webpage"},"articleSection":"Blog, delegacia, delegado, Muria\u00e9, slide"},{"@type":"BreadcrumbList","@id":"https:\/\/anoticiaonline.com.br\/site\/delegados-da-regional-e-prefeitos-se-reunem-para-discutir-seguranca-publica\/#breadcrumblist","itemListElement":[{"@type":"ListItem","@id":"https:\/\/anoticiaonline.com.br\/site#listItem","position":1,"name":"Home","item":"https:\/\/anoticiaonline.com.br\/site","nextItem":{"@type":"ListItem","@id":"https:\/\/anoticiaonline.com.br\/site\/categoria\/muriae\/#listItem","name":"Blog"}},{"@type":"ListItem","@id":"https:\/\/anoticiaonline.com.br\/site\/categoria\/muriae\/#listItem","position":2,"name":"Blog","item":"https:\/\/anoticiaonline.com.br\/site\/categoria\/muriae\/","nextItem":{"@type":"ListItem","@id":"https:\/\/anoticiaonline.com.br\/site\/delegados-da-regional-e-prefeitos-se-reunem-para-discutir-seguranca-publica\/#listItem","name":"Delegados da Regional e prefeitos se re\u00fanem para discutir seguran\u00e7a p\u00fablica"},"previousItem":{"@type":"ListItem","@id":"https:\/\/anoticiaonline.com.br\/site#listItem","name":"Home"}},{"@type":"ListItem","@id":"https:\/\/anoticiaonline.com.br\/site\/delegados-da-regional-e-prefeitos-se-reunem-para-discutir-seguranca-publica\/#listItem","position":3,"name":"Delegados da Regional e prefeitos se re\u00fanem para discutir seguran\u00e7a p\u00fablica","previousItem":{"@type":"ListItem","@id":"https:\/\/anoticiaonline.com.br\/site\/categoria\/muriae\/#listItem","name":"Blog"}}]},{"@type":"Organization","@id":"https:\/\/anoticiaonline.com.br\/site\/#organization","name":"A Not\u00edcia Online","description":"Noticias de Muria\u00e9 e regi\u00e3o","url":"https:\/\/anoticiaonline.com.br\/site\/","logo":{"@type":"ImageObject","url":"https:\/\/scontent-gig4-1.xx.fbcdn.net\/v\/t39.30808-1\/270437624_4564083193639691_6907940295614233970_n.jpg?stp=dst-jpg_s200x200_tt6&_nc_cat=111&ccb=1-7&_nc_sid=f907e8&_nc_ohc=SM1wRlP3lJwQ7kNvwEPuBYA&_nc_oc=AdnqrjDN_BNjSSHWO-GbkIWH6fkGMLw4bqvL_NH6e2wMveX7G-rP2dAqsDSq1mJMOaY&_nc_zt=24&_nc_ht=scontent-gig4-1.xx&_nc_gid=AoBFJeGrT1hVaew_6rchkQ&oh=00_AfX7QmFGhQhG2jAllVgXCiM1ZrWgvtp80-Bfppyexh1QEg&oe=689E923C","@id":"https:\/\/anoticiaonline.com.br\/site\/delegados-da-regional-e-prefeitos-se-reunem-para-discutir-seguranca-publica\/#organizationLogo"},"image":{"@id":"https:\/\/anoticiaonline.com.br\/site\/delegados-da-regional-e-prefeitos-se-reunem-para-discutir-seguranca-publica\/#organizationLogo"}},{"@type":"Person","@id":"https:\/\/anoticiaonline.com.br\/site\/author\/juliana\/#author","url":"https:\/\/anoticiaonline.com.br\/site\/author\/juliana\/","name":"Juliana Laviola","image":{"@type":"ImageObject","@id":"https:\/\/anoticiaonline.com.br\/site\/delegados-da-regional-e-prefeitos-se-reunem-para-discutir-seguranca-publica\/#authorImage","url":"https:\/\/secure.gravatar.com\/avatar\/b8d45f5c699b100dfaf0e543582f38f38bf94cb7ae3a5e9abf8d891a34773335?s=96&d=mm&r=g","width":96,"height":96,"caption":"Juliana Laviola"}},{"@type":"WebPage","@id":"https:\/\/anoticiaonline.com.br\/site\/delegados-da-regional-e-prefeitos-se-reunem-para-discutir-seguranca-publica\/#webpage","url":"https:\/\/anoticiaonline.com.br\/site\/delegados-da-regional-e-prefeitos-se-reunem-para-discutir-seguranca-publica\/","name":"Delegados da Regional e prefeitos se re\u00fanem para discutir seguran\u00e7a p\u00fablica - A Not\u00edcia Online","description":"O comando da 4\u00aa Delegacia Regional de Pol\u00edcia Civil reuniu-se com prefeitos da regi\u00e3o para apresentar propostas e sugest\u00f5es para o aprimoramento do sistema de seguran\u00e7a p\u00fablica. O encontro aconteceu na manh\u00e3 de ter\u00e7a-feira (13), no Hotel Premium Plaza. O evento contou com a presen\u00e7a do delegado regional da 4\u00aa DRPC, Alessandro Amaro da Matta,","inLanguage":"pt-BR","isPartOf":{"@id":"https:\/\/anoticiaonline.com.br\/site\/#website"},"breadcrumb":{"@id":"https:\/\/anoticiaonline.com.br\/site\/delegados-da-regional-e-prefeitos-se-reunem-para-discutir-seguranca-publica\/#breadcrumblist"},"author":{"@id":"https:\/\/anoticiaonline.com.br\/site\/author\/juliana\/#author"},"creator":{"@id":"https:\/\/anoticiaonline.com.br\/site\/author\/juliana\/#author"},"image":{"@type":"ImageObject","url":"https:\/\/anoticiaonline.com.br\/site\/wp-content\/uploads\/2017\/06\/Delegados-da-Regional-e-prefeitos-se-re\u00fanem-para-discutir-seguran\u00e7a-p\u00fablica.jpeg","@id":"https:\/\/anoticiaonline.com.br\/site\/delegados-da-regional-e-prefeitos-se-reunem-para-discutir-seguranca-publica\/#mainImage","width":640,"height":392},"primaryImageOfPage":{"@id":"https:\/\/anoticiaonline.com.br\/site\/delegados-da-regional-e-prefeitos-se-reunem-para-discutir-seguranca-publica\/#mainImage"},"datePublished":"2017-06-13T17:12:38-03:00","dateModified":"2017-06-14T23:06:12-03:00"},{"@type":"WebSite","@id":"https:\/\/anoticiaonline.com.br\/site\/#website","url":"https:\/\/anoticiaonline.com.br\/site\/","name":"A Not\u00edcia Online","description":"Noticias de Muria\u00e9 e regi\u00e3o","inLanguage":"pt-BR","publisher":{"@id":"https:\/\/anoticiaonline.com.br\/site\/#organization"}}]},"og:locale":"pt_BR","og:site_name":"A Not\u00edcia Online - Noticias de Muria\u00e9 e regi\u00e3o","og:type":"article","og:title":"Delegados da Regional e prefeitos se re\u00fanem para discutir seguran\u00e7a p\u00fablica - A Not\u00edcia Online","og:description":"O comando da 4\u00aa Delegacia Regional de Pol\u00edcia Civil reuniu-se com prefeitos da regi\u00e3o para apresentar propostas e sugest\u00f5es para o aprimoramento do sistema de seguran\u00e7a p\u00fablica. O encontro aconteceu na manh\u00e3 de ter\u00e7a-feira (13), no Hotel Premium Plaza. O evento contou com a presen\u00e7a do delegado regional da 4\u00aa DRPC, Alessandro Amaro da Matta,","og:url":"https:\/\/anoticiaonline.com.br\/site\/delegados-da-regional-e-prefeitos-se-reunem-para-discutir-seguranca-publica\/","og:image":"https:\/\/scontent-gig4-1.xx.fbcdn.net\/v\/t39.30808-1\/270437624_4564083193639691_6907940295614233970_n.jpg?stp=dst-jpg_s200x200_tt6&#038;_nc_cat=111&#038;ccb=1-7&#038;_nc_sid=f907e8&#038;_nc_ohc=SM1wRlP3lJwQ7kNvwEPuBYA&#038;_nc_oc=AdnqrjDN_BNjSSHWO-GbkIWH6fkGMLw4bqvL_NH6e2wMveX7G-rP2dAqsDSq1mJMOaY&#038;_nc_zt=24&#038;_nc_ht=scontent-gig4-1.xx&#038;_nc_gid=AoBFJeGrT1hVaew_6rchkQ&#038;oh=00_AfX7QmFGhQhG2jAllVgXCiM1ZrWgvtp80-Bfppyexh1QEg&#038;oe=689E923C","og:image:secure_url":"https:\/\/scontent-gig4-1.xx.fbcdn.net\/v\/t39.30808-1\/270437624_4564083193639691_6907940295614233970_n.jpg?stp=dst-jpg_s200x200_tt6&#038;_nc_cat=111&#038;ccb=1-7&#038;_nc_sid=f907e8&#038;_nc_ohc=SM1wRlP3lJwQ7kNvwEPuBYA&#038;_nc_oc=AdnqrjDN_BNjSSHWO-GbkIWH6fkGMLw4bqvL_NH6e2wMveX7G-rP2dAqsDSq1mJMOaY&#038;_nc_zt=24&#038;_nc_ht=scontent-gig4-1.xx&#038;_nc_gid=AoBFJeGrT1hVaew_6rchkQ&#038;oh=00_AfX7QmFGhQhG2jAllVgXCiM1ZrWgvtp80-Bfppyexh1QEg&#038;oe=689E923C","article:published_time":"2017-06-13T20:12:38+00:00","article:modified_time":"2017-06-15T02:06:12+00:00","twitter:card":"summary_large_image","twitter:title":"Delegados da Regional e prefeitos se re\u00fanem para discutir seguran\u00e7a p\u00fablica - A Not\u00edcia Online","twitter:description":"O comando da 4\u00aa Delegacia Regional de Pol\u00edcia Civil reuniu-se com prefeitos da regi\u00e3o para apresentar propostas e sugest\u00f5es para o aprimoramento do sistema de seguran\u00e7a p\u00fablica. O encontro aconteceu na manh\u00e3 de ter\u00e7a-feira (13), no Hotel Premium Plaza. O evento contou com a presen\u00e7a do delegado regional da 4\u00aa DRPC, Alessandro Amaro da Matta,","twitter:image":"https:\/\/scontent-gig4-1.xx.fbcdn.net\/v\/t39.30808-1\/270437624_4564083193639691_6907940295614233970_n.jpg?stp=dst-jpg_s200x200_tt6&_nc_cat=111&ccb=1-7&_nc_sid=f907e8&_nc_ohc=SM1wRlP3lJwQ7kNvwEPuBYA&_nc_oc=AdnqrjDN_BNjSSHWO-GbkIWH6fkGMLw4bqvL_NH6e2wMveX7G-rP2dAqsDSq1mJMOaY&_nc_zt=24&_nc_ht=scontent-gig4-1.xx&_nc_gid=AoBFJeGrT1hVaew_6rchkQ&oh=00_AfX7QmFGhQhG2jAllVgXCiM1ZrWgvtp80-Bfppyexh1QEg&oe=689E923C"},"aioseo_meta_data":{"post_id":"32319","title":null,"description":null,"keywords":null,"keyphrases":null,"primary_term":null,"canonical_url":null,"og_title":null,"og_description":null,"og_object_type":"default","og_image_type":"default","og_image_url":null,"og_image_width":null,"og_image_height":null,"og_image_custom_url":null,"og_image_custom_fields":null,"og_video":null,"og_custom_url":null,"og_article_section":null,"og_article_tags":null,"twitter_use_og":false,"twitter_card":"default","twitter_image_type":"default","twitter_image_url":null,"twitter_image_custom_url":null,"twitter_image_custom_fields":null,"twitter_title":null,"twitter_description":null,"schema":{"blockGraphs":[],"customGraphs":[],"default":{"data":{"Article":[],"Course":[],"Dataset":[],"FAQPage":[],"Movie":[],"Person":[],"Product":[],"ProductReview":[],"Car":[],"Recipe":[],"Service":[],"SoftwareApplication":[],"WebPage":[]},"graphName":"","isEnabled":true},"graphs":[]},"schema_type":"default","schema_type_options":null,"pillar_content":false,"robots_default":true,"robots_noindex":false,"robots_noarchive":false,"robots_nosnippet":false,"robots_nofollow":false,"robots_noimageindex":false,"robots_noodp":false,"robots_notranslate":false,"robots_max_snippet":null,"robots_max_videopreview":null,"robots_max_imagepreview":"large","priority":null,"frequency":null,"local_seo":null,"breadcrumb_settings":null,"limit_modified_date":false,"ai":null,"created":"2025-08-16 18:38:37","updated":"2025-08-16 18:38:37","focus_keyword":null,"additional_keywords":null,"truseo_locale":null,"seo_analyzer_scan_date":null},"aioseo_breadcrumb":"<div class=\"aioseo-breadcrumbs\"><span class=\"aioseo-breadcrumb\">\n\t\t\t<a href=\"https:\/\/anoticiaonline.com.br\/site\" title=\"Home\">Home<\/a>\n\t\t<\/span><span class=\"aioseo-breadcrumb-separator\">&raquo;<\/span><span class=\"aioseo-breadcrumb\">\n\t\t\t<a href=\"https:\/\/anoticiaonline.com.br\/site\/categoria\/muriae\/\" title=\"Blog\">Blog<\/a>\n\t\t<\/span><span class=\"aioseo-breadcrumb-separator\">&raquo;<\/span><span class=\"aioseo-breadcrumb\">\n\t\t\tDelegados da Regional e prefeitos se re\u00fanem para discutir seguran\u00e7a p\u00fablica\n\t\t<\/span><\/div>","aioseo_breadcrumb_json":[{"label":"Home","link":"https:\/\/anoticiaonline.com.br\/site"},{"label":"Blog","link":"https:\/\/anoticiaonline.com.br\/site\/categoria\/muriae\/"},{"label":"Delegados da Regional e prefeitos se re\u00fanem para discutir seguran\u00e7a p\u00fablica","link":"https:\/\/anoticiaonline.com.br\/site\/delegados-da-regional-e-prefeitos-se-reunem-para-discutir-seguranca-publica\/"}],"views":138,"_links":{"self":[{"href":"https:\/\/anoticiaonline.com.br\/site\/wp-json\/wp\/v2\/posts\/32319","targetHints":{"allow":["GET"]}}],"collection":[{"href":"https:\/\/anoticiaonline.com.br\/site\/wp-json\/wp\/v2\/posts"}],"about":[{"href":"https:\/\/anoticiaonline.com.br\/site\/wp-json\/wp\/v2\/types\/post"}],"author":[{"embeddable":true,"href":"https:\/\/anoticiaonline.com.br\/site\/wp-json\/wp\/v2\/users\/2"}],"replies":[{"embeddable":true,"href":"https:\/\/anoticiaonline.com.br\/site\/wp-json\/wp\/v2\/comments?post=32319"}],"version-history":[{"count":0,"href":"https:\/\/anoticiaonline.com.br\/site\/wp-json\/wp\/v2\/posts\/32319\/revisions"}],"wp:featuredmedia":[{"embeddable":true,"href":"https:\/\/anoticiaonline.com.br\/site\/wp-json\/wp\/v2\/media\/32320"}],"wp:attachment":[{"href":"https:\/\/anoticiaonline.com.br\/site\/wp-json\/wp\/v2\/media?parent=32319"}],"wp:term":[{"taxonomy":"category","embeddable":true,"href":"https:\/\/anoticiaonline.com.br\/site\/wp-json\/wp\/v2\/categories?post=32319"},{"taxonomy":"post_tag","embeddable":true,"href":"https:\/\/anoticiaonline.com.br\/site\/wp-json\/wp\/v2\/tags?post=32319"}],"curies":[{"name":"wp","href":"https:\/\/api.w.org\/{rel}","templated":true}]}}